{"id":3546,"date":"2009-11-19T00:00:00","date_gmt":"2009-11-18T23:00:00","guid":{"rendered":""},"modified":"2015-03-02T09:44:30","modified_gmt":"2015-03-02T08:44:30","slug":"in-difesa-del-crocifisso-litalia-s-desta","status":"publish","type":"post","link":"https:\/\/www.rassegnastampa-totustuus.it\/cattolica\/in-difesa-del-crocifisso-litalia-s-desta\/","title":{"rendered":"In difesa del crocifisso, l&#8217;Italia s&#8217;&egrave; desta!"},"content":{"rendered":"<div style=\"text-align: center;\"><strong>Ag Zenit<\/strong> marted\u00ec, 10 novembre 2009<\/div>\n<p style=\"text-align: center;\">di <strong>Antonio Gaspari<\/strong><\/p>\n<p style=\"text-align: justify;\">ROMA &#8211; Gli organi di informazione pi\u00f9 potenti non ne danno notizia, ma in Italia si sta assistendo ad una mobilitazione popolare in difesa del crocifisso che non ha precedenti nella storia moderna. Dopo la sentenza della Corte dei diritti dell&#8217;uomo di Strasburgo, che chiede la rimozione dei crocifissi da tutte le aule scolastiche, gli italiani si sono mobilitati in difesa di quello che \u00e8 riconosciuto come un simbolo di identit\u00e0 nazionale.<\/p>\n<p><!--more--><\/p>\n<div style=\"text-align: justify;\">In seguito alla decisione della Corte la quasi totalit\u00e0 dei consigli comunali in Italia ha discusso della presenza dei crocifissi nella aule scolastiche e nei luoghi pubblici. Nella stragrande maggioranza hanno votato ordini del giorno o delibere per portare il crocifisso in ogni aula, soprattutto nei luoghi da cui, per motivi diversi, era stato spostato.<\/div>\n<p style=\"text-align: justify;\">Solo in pochi casi le amministrazioni hanno deciso di non fare nulla.Alcuni sindaci hanno risposto con gesti clamorosi. A Montecchio Maggiore un comune in provincia di Vicenza, il sindaco Milena Cecchetto insieme alla giunta si \u00e8 autotassata ed ha acquistato e installato un crocefisso alto due metri all&#8217;entrata del municipio.<\/p>\n<p style=\"text-align: justify;\">Il sindaco Cecchetto ha spiegato che si tratta di &#8220;un gesto necessario per difendere ci\u00f2 che per noi e per il nostro paese \u00e8 simbolo di una tradizione, alla base dei nostri valori: chi vuole eliminarlo non lo fa per dare spazio alla laicit\u00e0, ma solo per aprire la strada ad altre forme di espressione religiosa&#8221;.<\/p>\n<p style=\"text-align: justify;\">Come ha riportato anche &#8220;Avvenire&#8221;, Massimo Bitonci, sindaco di Cittadella, in provincia di Padova, ha fatto collocare nell&#8217;atrio del Municipio un antico crocifisso ligneo.<\/p>\n<p style=\"text-align: justify;\">A Firenze, un consigliere comunale, Marco Cordone, si \u00e8 presentato in aula con una vistoso crocifisso appeso al collo, ed una camicia bianca in cui era scritto &#8220;il crocifisso non si tocca&#8221;.<\/p>\n<p style=\"text-align: justify;\">Massimo Poliedri, consigliere comunale di Piacenza, \u00e8 intervenuto in aula indossando una maglietta con stampato un crocifisso ed una scritta &#8220;Cosa ho fatto di male?&#8221;.<\/p>\n<p style=\"text-align: justify;\">Anche il consiglio comunale di Taranto ha approvato un ordine del giorno in risposta alla sentenza della Corte di Strasburgo. Giunta comunale e sindaco sostengono che &#8220;il crocifisso \u00e8 simbolo di pace e di amore tra gli uomini&#8221; e che &#8221; far prevalere un&#8217;Europa contro le tradizioni e le identit\u00e0 dei singoli paesi che la costituiscono significa venir meno al compito dell&#8217;unione, per la quale i padri fondatori l&#8217;hanno pensata e che oggi si identifica in Unione Europea&#8221;.<\/p>\n<p style=\"text-align: justify;\">Anche a Leonessa, in provincia di Rieti, il sindaco Paolo Trancassini ha firmato un&#8217;ordinanza comunale per imporre il crocifisso nelle aule scolastiche. Fabio Callori, sindaco di Caorso in provincia di Piacenza, ha firmato un&#8217;ordinanza in cui si dispone che tutti i &#8220;crocifissi posti nelle aule di tutte le scuole del territorio non vengano rimossi, a salvaguardia dei valori che appartengono al nostro Paese&#8221;.<\/p>\n<p style=\"text-align: justify;\">Il presidente della Provincia autonoma di Bolzano e governatore del Trentino Alto Adige, Luis Durnwalder, ha ribadito che &#8220;il crocifisso avr\u00e0 sempre un posto nelle nostre scuole&#8221; ed ha aggiunto: &#8220;La croce non offende nessuno e perci\u00f2 non accetteremo nessuna indicazione da Bruxelles&#8221;.<\/p>\n<p style=\"text-align: justify;\">Continua anche la mobilitazione spontanea degli studenti per portare il crocifisso nelle aule dove non c&#8217;era. Ad Agrigento alcune studentesse del liceo classico &#8220;Empedocle&#8221; il 7 novembre, al termine delle lezioni scolastiche, si sono recate in un negozio per acquistare un crocifisso e, dopo averlo fatto benedire da un sacerdote, sono ritornate in classe ad appenderlo. Le studentesse, anche le non credenti, hanno voluto cos\u00ec esprimere una protesta, hanno voluto far sentire la propria opinione contraria non solo alla Corte di Strasburgo, ma anche a tutti coloro che vedono nel crocifisso solo un simbolo religioso e non il simbolo di una cultura ormai radicata in tutti gli Italiani.<\/p>\n<p style=\"text-align: justify;\">Sempre in Sicilia i giovani dell&#8217;UDC hanno organizzato per il 14 novembre, a Palermo, una manifestazione in piazza dal titolo &#8220;Io credo!&#8221;. Nel volantino in cui viene presentata la manifestazione \u00e8 scritto: &#8220;Vogliamo salvaguardare la nostra identit\u00e0 cristiana, la nostra storia, le nostre radici. Vogliamo che i nostri figli possano conoscere la loro cultura e possano vivere il proprio &#8216;Credo&#8217; nella libert\u00e0 costituzionalmente garantita. Siamo dell&#8217;avviso che tutte le religioni debbano avere la possibilit\u00e0 di essere professate e un provvedimento del genere non difende i diritti di nessuno ma bens\u00ec nega quelli di tutti&#8221;.<\/p>\n<p style=\"text-align: justify;\">In Toscana l&#8217;associazione di studenti &#8220;Lotta studentesca&#8221; ha costruito cento crocifissi con il compensato e li ha apposti nelle aule di tutti gli istituti superiori di Massa. Con questa iniziativa hanno voluto ribadire il loro &#8220;no&#8221; alla sentenza del Tribunale europeo e riaffermare le radici cristiane dell&#8217;Italia e del continente europeo. Nel volantino in cui hanno annunciato la loro iniziativa i giovani di Lotta studentesca hanno scritto: &#8220;Gi\u00f9 le mani dal crocifisso: riportiamolo nelle aule, difendiamo le nostre radici&#8221;.<\/p>\n<p style=\"text-align: justify;\">Iniziative a favore del crocifisso sono venute anche da parte di alcuni imprenditori. A Gavirate, in provincia di Varese, l&#8217;imprenditore Giorgio Feraboli ha organizzato un&#8217;assemblea con tutti i dipendenti, poi ha investito 1200 euro per costruire e installare nel cortile della propria impresa un crocifisso alto sei metri e largo tre. Feraboli ha dotato il crocifisso anche di un impianto di illuminazione per renderlo visibile anche quando fa buio.<\/p>\n<p style=\"text-align: justify;\">Incessante anche la mobilitazione di parroci e Vescovi. Secondo quanto riportato da &#8220;Avvenire&#8221; il Cardinale Carlo Caffarra ha definito la sentenza della Corte di Strasburgo una &#8220;decisione improvvida che mortifica la nostra storia civile&#8221;. Togliere il crocifisso, ha precisato l&#8217;Arcivescovo di Bologna, significa togliere &#8220;la possibilit\u00e0 all&#8217;uomo di stupirsi di fronte alla sua dignit\u00e0 e q quel punto saprete che i barbari sono tornati&#8221;.<\/p>\n<p style=\"text-align: justify;\">Il parroco del santuario di Montenero in provincia di Livorno, don Luca Giustarini ha distribuito ai bambini che erano a messa domenica tanti piccolo crocifissi, invitandoli a portarli a scuola, &#8220;mostrandoli con orgoglio&#8221;.<\/p>\n","protected":false},"excerpt":{"rendered":"<p>Ag Zenit marted\u00ec, 10 novembre 2009 di Antonio Gaspari ROMA &#8211; Gli organi di informazione pi\u00f9 potenti non ne danno notizia, ma in Italia si sta assistendo ad una mobilitazione popolare in difesa del crocifisso che non ha precedenti nella storia moderna. Dopo la sentenza della Corte dei diritti dell&#8217;uomo di Strasburgo, che chiede la &hellip; <\/p>\n<p><a class=\"more-link btn\" href=\"https:\/\/www.rassegnastampa-totustuus.it\/cattolica\/in-difesa-del-crocifisso-litalia-s-desta\/\">Continua a leggere<\/a><\/p>\n","protected":false},"author":6,"featured_media":35141,"comment_status":"closed","ping_status":"open","sticky":false,"template":"","format":"standard","meta":{"footnotes":""},"categories":[103],"tags":[1031],"class_list":["post-3546","post","type-post","status-publish","format-standard","has-post-thumbnail","hentry","category-laicismo","tag-crocifisso","item-wrap"],"yoast_head":"<!-- This site is optimized with the Yoast SEO plugin v27.5 - https:\/\/yoast.com\/product\/yoast-seo-wordpress\/ -->\n<title>In difesa del crocifisso, l&#039;Italia s&#039;&egrave; desta! - Rassegna Stampa Cattolica<\/title>\n<meta name=\"description\" content=\"Rassegna Stampa Cattolica - Per una cultura che nasce dalla Rivelazione cristiana in conformit\u00e0 alla tradizione e al Magistero della Chiesa in opposizione ad ogni relativismo e totalitarismo\" \/>\n<meta name=\"robots\" content=\"index, follow, max-snippet:-1, max-image-preview:large, max-video-preview:-1\" \/>\n<link rel=\"canonical\" href=\"https:\/\/www.rassegnastampa-totustuus.it\/cattolica\/in-difesa-del-crocifisso-litalia-s-desta\/\" \/>\n<meta property=\"og:locale\" content=\"it_IT\" \/>\n<meta property=\"og:type\" content=\"article\" \/>\n<meta property=\"og:title\" content=\"In difesa del crocifisso, l&#039;Italia s&#039;&egrave; desta! - Rassegna Stampa Cattolica\" \/>\n<meta property=\"og:description\" content=\"Rassegna Stampa Cattolica - Per una cultura che nasce dalla Rivelazione cristiana in conformit\u00e0 alla tradizione e al Magistero della Chiesa in opposizione ad ogni relativismo e totalitarismo\" \/>\n<meta property=\"og:url\" content=\"https:\/\/www.rassegnastampa-totustuus.it\/cattolica\/in-difesa-del-crocifisso-litalia-s-desta\/\" \/>\n<meta property=\"og:site_name\" content=\"Rassegna Stampa Cattolica\" \/>\n<meta property=\"article:publisher\" content=\"https:\/\/www.facebook.com\/rassegnastampacattolica\" \/>\n<meta property=\"article:published_time\" content=\"2009-11-18T23:00:00+00:00\" \/>\n<meta property=\"article:modified_time\" content=\"2015-03-02T08:44:30+00:00\" \/>\n<meta property=\"og:image\" content=\"https:\/\/www.rassegnastampa-totustuus.it\/cattolica\/wp-content\/uploads\/2009\/11\/crocifisso_difesa.jpg\" \/>\n\t<meta property=\"og:image:width\" content=\"187\" \/>\n\t<meta property=\"og:image:height\" content=\"270\" \/>\n\t<meta property=\"og:image:type\" content=\"image\/jpeg\" \/>\n<meta name=\"author\" content=\"Redazione\" \/>\n<meta name=\"twitter:card\" content=\"summary_large_image\" \/>\n<meta name=\"twitter:creator\" content=\"@rassegnastampa9\" \/>\n<meta name=\"twitter:site\" content=\"@rassegnastampa9\" \/>\n<meta name=\"twitter:label1\" content=\"Scritto da\" \/>\n\t<meta name=\"twitter:data1\" content=\"Redazione\" \/>\n\t<meta name=\"twitter:label2\" content=\"Tempo di lettura stimato\" \/>\n\t<meta name=\"twitter:data2\" content=\"5 minuti\" \/>\n<script type=\"application\/ld+json\" class=\"yoast-schema-graph\">{\"@context\":\"https:\\\/\\\/schema.org\",\"@graph\":[{\"@type\":\"Article\",\"@id\":\"https:\\\/\\\/www.rassegnastampa-totustuus.it\\\/cattolica\\\/in-difesa-del-crocifisso-litalia-s-desta\\\/#article\",\"isPartOf\":{\"@id\":\"https:\\\/\\\/www.rassegnastampa-totustuus.it\\\/cattolica\\\/in-difesa-del-crocifisso-litalia-s-desta\\\/\"},\"author\":{\"name\":\"Redazione\",\"@id\":\"https:\\\/\\\/www.rassegnastampa-totustuus.it\\\/cattolica\\\/#\\\/schema\\\/person\\\/08f319d2bd1a0904ad9e2bfb7b15e5c3\"},\"headline\":\"In difesa del crocifisso, l&#8217;Italia s&#8217;&egrave; desta!\",\"datePublished\":\"2009-11-18T23:00:00+00:00\",\"dateModified\":\"2015-03-02T08:44:30+00:00\",\"mainEntityOfPage\":{\"@id\":\"https:\\\/\\\/www.rassegnastampa-totustuus.it\\\/cattolica\\\/in-difesa-del-crocifisso-litalia-s-desta\\\/\"},\"wordCount\":968,\"publisher\":{\"@id\":\"https:\\\/\\\/www.rassegnastampa-totustuus.it\\\/cattolica\\\/#organization\"},\"image\":{\"@id\":\"https:\\\/\\\/www.rassegnastampa-totustuus.it\\\/cattolica\\\/in-difesa-del-crocifisso-litalia-s-desta\\\/#primaryimage\"},\"thumbnailUrl\":\"https:\\\/\\\/www.rassegnastampa-totustuus.it\\\/cattolica\\\/wp-content\\\/uploads\\\/2009\\\/11\\\/crocifisso_difesa.jpg\",\"keywords\":[\"crocifisso\"],\"articleSection\":[\"Laicismo\"],\"inLanguage\":\"it-IT\"},{\"@type\":\"WebPage\",\"@id\":\"https:\\\/\\\/www.rassegnastampa-totustuus.it\\\/cattolica\\\/in-difesa-del-crocifisso-litalia-s-desta\\\/\",\"url\":\"https:\\\/\\\/www.rassegnastampa-totustuus.it\\\/cattolica\\\/in-difesa-del-crocifisso-litalia-s-desta\\\/\",\"name\":\"In difesa del crocifisso, l'Italia s'&egrave; desta! - Rassegna Stampa Cattolica\",\"isPartOf\":{\"@id\":\"https:\\\/\\\/www.rassegnastampa-totustuus.it\\\/cattolica\\\/#website\"},\"primaryImageOfPage\":{\"@id\":\"https:\\\/\\\/www.rassegnastampa-totustuus.it\\\/cattolica\\\/in-difesa-del-crocifisso-litalia-s-desta\\\/#primaryimage\"},\"image\":{\"@id\":\"https:\\\/\\\/www.rassegnastampa-totustuus.it\\\/cattolica\\\/in-difesa-del-crocifisso-litalia-s-desta\\\/#primaryimage\"},\"thumbnailUrl\":\"https:\\\/\\\/www.rassegnastampa-totustuus.it\\\/cattolica\\\/wp-content\\\/uploads\\\/2009\\\/11\\\/crocifisso_difesa.jpg\",\"datePublished\":\"2009-11-18T23:00:00+00:00\",\"dateModified\":\"2015-03-02T08:44:30+00:00\",\"description\":\"Rassegna Stampa Cattolica - Per una cultura che nasce dalla Rivelazione cristiana in conformit\u00e0 alla tradizione e al Magistero della Chiesa in opposizione ad ogni relativismo e totalitarismo\",\"breadcrumb\":{\"@id\":\"https:\\\/\\\/www.rassegnastampa-totustuus.it\\\/cattolica\\\/in-difesa-del-crocifisso-litalia-s-desta\\\/#breadcrumb\"},\"inLanguage\":\"it-IT\",\"potentialAction\":[{\"@type\":\"ReadAction\",\"target\":[\"https:\\\/\\\/www.rassegnastampa-totustuus.it\\\/cattolica\\\/in-difesa-del-crocifisso-litalia-s-desta\\\/\"]}]},{\"@type\":\"ImageObject\",\"inLanguage\":\"it-IT\",\"@id\":\"https:\\\/\\\/www.rassegnastampa-totustuus.it\\\/cattolica\\\/in-difesa-del-crocifisso-litalia-s-desta\\\/#primaryimage\",\"url\":\"https:\\\/\\\/www.rassegnastampa-totustuus.it\\\/cattolica\\\/wp-content\\\/uploads\\\/2009\\\/11\\\/crocifisso_difesa.jpg\",\"contentUrl\":\"https:\\\/\\\/www.rassegnastampa-totustuus.it\\\/cattolica\\\/wp-content\\\/uploads\\\/2009\\\/11\\\/crocifisso_difesa.jpg\",\"width\":187,\"height\":270},{\"@type\":\"BreadcrumbList\",\"@id\":\"https:\\\/\\\/www.rassegnastampa-totustuus.it\\\/cattolica\\\/in-difesa-del-crocifisso-litalia-s-desta\\\/#breadcrumb\",\"itemListElement\":[{\"@type\":\"ListItem\",\"position\":1,\"name\":\"Home\",\"item\":\"https:\\\/\\\/www.rassegnastampa-totustuus.it\\\/cattolica\\\/\"},{\"@type\":\"ListItem\",\"position\":2,\"name\":\"In difesa del crocifisso, l&#8217;Italia s&#8217;&egrave; desta!\"}]},{\"@type\":\"WebSite\",\"@id\":\"https:\\\/\\\/www.rassegnastampa-totustuus.it\\\/cattolica\\\/#website\",\"url\":\"https:\\\/\\\/www.rassegnastampa-totustuus.it\\\/cattolica\\\/\",\"name\":\"Rassegna Stampa Cattolica\",\"description\":\"Per una cultura che nasce dalla Rivelazione cristiana in conformit\u00e0 alla tradizione e al Magistero della Chiesa in opposizione ad ogni relativismo e totalitarismo\",\"publisher\":{\"@id\":\"https:\\\/\\\/www.rassegnastampa-totustuus.it\\\/cattolica\\\/#organization\"},\"alternateName\":\"Rass. Cattolica\",\"potentialAction\":[{\"@type\":\"SearchAction\",\"target\":{\"@type\":\"EntryPoint\",\"urlTemplate\":\"https:\\\/\\\/www.rassegnastampa-totustuus.it\\\/cattolica\\\/?s={search_term_string}\"},\"query-input\":{\"@type\":\"PropertyValueSpecification\",\"valueRequired\":true,\"valueName\":\"search_term_string\"}}],\"inLanguage\":\"it-IT\"},{\"@type\":\"Organization\",\"@id\":\"https:\\\/\\\/www.rassegnastampa-totustuus.it\\\/cattolica\\\/#organization\",\"name\":\"Rassegna Stampa Cattolica\",\"url\":\"https:\\\/\\\/www.rassegnastampa-totustuus.it\\\/cattolica\\\/\",\"logo\":{\"@type\":\"ImageObject\",\"inLanguage\":\"it-IT\",\"@id\":\"https:\\\/\\\/www.rassegnastampa-totustuus.it\\\/cattolica\\\/#\\\/schema\\\/logo\\\/image\\\/\",\"url\":\"https:\\\/\\\/www.rassegnastampa-totustuus.it\\\/cattolica\\\/wp-content\\\/uploads\\\/2014\\\/04\\\/logo-rassegna1.gif\",\"contentUrl\":\"https:\\\/\\\/www.rassegnastampa-totustuus.it\\\/cattolica\\\/wp-content\\\/uploads\\\/2014\\\/04\\\/logo-rassegna1.gif\",\"width\":600,\"height\":163,\"caption\":\"Rassegna Stampa Cattolica\"},\"image\":{\"@id\":\"https:\\\/\\\/www.rassegnastampa-totustuus.it\\\/cattolica\\\/#\\\/schema\\\/logo\\\/image\\\/\"},\"sameAs\":[\"https:\\\/\\\/www.facebook.com\\\/rassegnastampacattolica\",\"https:\\\/\\\/x.com\\\/rassegnastampa9\"]},{\"@type\":\"Person\",\"@id\":\"https:\\\/\\\/www.rassegnastampa-totustuus.it\\\/cattolica\\\/#\\\/schema\\\/person\\\/08f319d2bd1a0904ad9e2bfb7b15e5c3\",\"name\":\"Redazione\",\"image\":{\"@type\":\"ImageObject\",\"inLanguage\":\"it-IT\",\"@id\":\"https:\\\/\\\/secure.gravatar.com\\\/avatar\\\/2fcdf27c78ea025fbdb44e914cc63c72249ffec9dc8aafd5c82b26240ef3f346?s=96&d=mm&r=g\",\"url\":\"https:\\\/\\\/secure.gravatar.com\\\/avatar\\\/2fcdf27c78ea025fbdb44e914cc63c72249ffec9dc8aafd5c82b26240ef3f346?s=96&d=mm&r=g\",\"contentUrl\":\"https:\\\/\\\/secure.gravatar.com\\\/avatar\\\/2fcdf27c78ea025fbdb44e914cc63c72249ffec9dc8aafd5c82b26240ef3f346?s=96&d=mm&r=g\",\"caption\":\"Redazione\"},\"url\":\"https:\\\/\\\/www.rassegnastampa-totustuus.it\\\/cattolica\\\/author\\\/pietroelle\\\/\"}]}<\/script>\n<!-- \/ Yoast SEO plugin. -->","yoast_head_json":{"title":"In difesa del crocifisso, l'Italia s'&egrave; desta! - Rassegna Stampa Cattolica","description":"Rassegna Stampa Cattolica - Per una cultura che nasce dalla Rivelazione cristiana in conformit\u00e0 alla tradizione e al Magistero della Chiesa in opposizione ad ogni relativismo e totalitarismo","robots":{"index":"index","follow":"follow","max-snippet":"max-snippet:-1","max-image-preview":"max-image-preview:large","max-video-preview":"max-video-preview:-1"},"canonical":"https:\/\/www.rassegnastampa-totustuus.it\/cattolica\/in-difesa-del-crocifisso-litalia-s-desta\/","og_locale":"it_IT","og_type":"article","og_title":"In difesa del crocifisso, l'Italia s'&egrave; desta! - Rassegna Stampa Cattolica","og_description":"Rassegna Stampa Cattolica - Per una cultura che nasce dalla Rivelazione cristiana in conformit\u00e0 alla tradizione e al Magistero della Chiesa in opposizione ad ogni relativismo e totalitarismo","og_url":"https:\/\/www.rassegnastampa-totustuus.it\/cattolica\/in-difesa-del-crocifisso-litalia-s-desta\/","og_site_name":"Rassegna Stampa Cattolica","article_publisher":"https:\/\/www.facebook.com\/rassegnastampacattolica","article_published_time":"2009-11-18T23:00:00+00:00","article_modified_time":"2015-03-02T08:44:30+00:00","og_image":[{"width":187,"height":270,"url":"https:\/\/www.rassegnastampa-totustuus.it\/cattolica\/wp-content\/uploads\/2009\/11\/crocifisso_difesa.jpg","type":"image\/jpeg"}],"author":"Redazione","twitter_card":"summary_large_image","twitter_creator":"@rassegnastampa9","twitter_site":"@rassegnastampa9","twitter_misc":{"Scritto da":"Redazione","Tempo di lettura stimato":"5 minuti"},"schema":{"@context":"https:\/\/schema.org","@graph":[{"@type":"Article","@id":"https:\/\/www.rassegnastampa-totustuus.it\/cattolica\/in-difesa-del-crocifisso-litalia-s-desta\/#article","isPartOf":{"@id":"https:\/\/www.rassegnastampa-totustuus.it\/cattolica\/in-difesa-del-crocifisso-litalia-s-desta\/"},"author":{"name":"Redazione","@id":"https:\/\/www.rassegnastampa-totustuus.it\/cattolica\/#\/schema\/person\/08f319d2bd1a0904ad9e2bfb7b15e5c3"},"headline":"In difesa del crocifisso, l&#8217;Italia s&#8217;&egrave; desta!","datePublished":"2009-11-18T23:00:00+00:00","dateModified":"2015-03-02T08:44:30+00:00","mainEntityOfPage":{"@id":"https:\/\/www.rassegnastampa-totustuus.it\/cattolica\/in-difesa-del-crocifisso-litalia-s-desta\/"},"wordCount":968,"publisher":{"@id":"https:\/\/www.rassegnastampa-totustuus.it\/cattolica\/#organization"},"image":{"@id":"https:\/\/www.rassegnastampa-totustuus.it\/cattolica\/in-difesa-del-crocifisso-litalia-s-desta\/#primaryimage"},"thumbnailUrl":"https:\/\/www.rassegnastampa-totustuus.it\/cattolica\/wp-content\/uploads\/2009\/11\/crocifisso_difesa.jpg","keywords":["crocifisso"],"articleSection":["Laicismo"],"inLanguage":"it-IT"},{"@type":"WebPage","@id":"https:\/\/www.rassegnastampa-totustuus.it\/cattolica\/in-difesa-del-crocifisso-litalia-s-desta\/","url":"https:\/\/www.rassegnastampa-totustuus.it\/cattolica\/in-difesa-del-crocifisso-litalia-s-desta\/","name":"In difesa del crocifisso, l'Italia s'&egrave; desta! - Rassegna Stampa Cattolica","isPartOf":{"@id":"https:\/\/www.rassegnastampa-totustuus.it\/cattolica\/#website"},"primaryImageOfPage":{"@id":"https:\/\/www.rassegnastampa-totustuus.it\/cattolica\/in-difesa-del-crocifisso-litalia-s-desta\/#primaryimage"},"image":{"@id":"https:\/\/www.rassegnastampa-totustuus.it\/cattolica\/in-difesa-del-crocifisso-litalia-s-desta\/#primaryimage"},"thumbnailUrl":"https:\/\/www.rassegnastampa-totustuus.it\/cattolica\/wp-content\/uploads\/2009\/11\/crocifisso_difesa.jpg","datePublished":"2009-11-18T23:00:00+00:00","dateModified":"2015-03-02T08:44:30+00:00","description":"Rassegna Stampa Cattolica - Per una cultura che nasce dalla Rivelazione cristiana in conformit\u00e0 alla tradizione e al Magistero della Chiesa in opposizione ad ogni relativismo e totalitarismo","breadcrumb":{"@id":"https:\/\/www.rassegnastampa-totustuus.it\/cattolica\/in-difesa-del-crocifisso-litalia-s-desta\/#breadcrumb"},"inLanguage":"it-IT","potentialAction":[{"@type":"ReadAction","target":["https:\/\/www.rassegnastampa-totustuus.it\/cattolica\/in-difesa-del-crocifisso-litalia-s-desta\/"]}]},{"@type":"ImageObject","inLanguage":"it-IT","@id":"https:\/\/www.rassegnastampa-totustuus.it\/cattolica\/in-difesa-del-crocifisso-litalia-s-desta\/#primaryimage","url":"https:\/\/www.rassegnastampa-totustuus.it\/cattolica\/wp-content\/uploads\/2009\/11\/crocifisso_difesa.jpg","contentUrl":"https:\/\/www.rassegnastampa-totustuus.it\/cattolica\/wp-content\/uploads\/2009\/11\/crocifisso_difesa.jpg","width":187,"height":270},{"@type":"BreadcrumbList","@id":"https:\/\/www.rassegnastampa-totustuus.it\/cattolica\/in-difesa-del-crocifisso-litalia-s-desta\/#breadcrumb","itemListElement":[{"@type":"ListItem","position":1,"name":"Home","item":"https:\/\/www.rassegnastampa-totustuus.it\/cattolica\/"},{"@type":"ListItem","position":2,"name":"In difesa del crocifisso, l&#8217;Italia s&#8217;&egrave; desta!"}]},{"@type":"WebSite","@id":"https:\/\/www.rassegnastampa-totustuus.it\/cattolica\/#website","url":"https:\/\/www.rassegnastampa-totustuus.it\/cattolica\/","name":"Rassegna Stampa Cattolica","description":"Per una cultura che nasce dalla Rivelazione cristiana in conformit\u00e0 alla tradizione e al Magistero della Chiesa in opposizione ad ogni relativismo e totalitarismo","publisher":{"@id":"https:\/\/www.rassegnastampa-totustuus.it\/cattolica\/#organization"},"alternateName":"Rass. Cattolica","potentialAction":[{"@type":"SearchAction","target":{"@type":"EntryPoint","urlTemplate":"https:\/\/www.rassegnastampa-totustuus.it\/cattolica\/?s={search_term_string}"},"query-input":{"@type":"PropertyValueSpecification","valueRequired":true,"valueName":"search_term_string"}}],"inLanguage":"it-IT"},{"@type":"Organization","@id":"https:\/\/www.rassegnastampa-totustuus.it\/cattolica\/#organization","name":"Rassegna Stampa Cattolica","url":"https:\/\/www.rassegnastampa-totustuus.it\/cattolica\/","logo":{"@type":"ImageObject","inLanguage":"it-IT","@id":"https:\/\/www.rassegnastampa-totustuus.it\/cattolica\/#\/schema\/logo\/image\/","url":"https:\/\/www.rassegnastampa-totustuus.it\/cattolica\/wp-content\/uploads\/2014\/04\/logo-rassegna1.gif","contentUrl":"https:\/\/www.rassegnastampa-totustuus.it\/cattolica\/wp-content\/uploads\/2014\/04\/logo-rassegna1.gif","width":600,"height":163,"caption":"Rassegna Stampa Cattolica"},"image":{"@id":"https:\/\/www.rassegnastampa-totustuus.it\/cattolica\/#\/schema\/logo\/image\/"},"sameAs":["https:\/\/www.facebook.com\/rassegnastampacattolica","https:\/\/x.com\/rassegnastampa9"]},{"@type":"Person","@id":"https:\/\/www.rassegnastampa-totustuus.it\/cattolica\/#\/schema\/person\/08f319d2bd1a0904ad9e2bfb7b15e5c3","name":"Redazione","image":{"@type":"ImageObject","inLanguage":"it-IT","@id":"https:\/\/secure.gravatar.com\/avatar\/2fcdf27c78ea025fbdb44e914cc63c72249ffec9dc8aafd5c82b26240ef3f346?s=96&d=mm&r=g","url":"https:\/\/secure.gravatar.com\/avatar\/2fcdf27c78ea025fbdb44e914cc63c72249ffec9dc8aafd5c82b26240ef3f346?s=96&d=mm&r=g","contentUrl":"https:\/\/secure.gravatar.com\/avatar\/2fcdf27c78ea025fbdb44e914cc63c72249ffec9dc8aafd5c82b26240ef3f346?s=96&d=mm&r=g","caption":"Redazione"},"url":"https:\/\/www.rassegnastampa-totustuus.it\/cattolica\/author\/pietroelle\/"}]}},"_links":{"self":[{"href":"https:\/\/www.rassegnastampa-totustuus.it\/cattolica\/wp-json\/wp\/v2\/posts\/3546","targetHints":{"allow":["GET"]}}],"collection":[{"href":"https:\/\/www.rassegnastampa-totustuus.it\/cattolica\/wp-json\/wp\/v2\/posts"}],"about":[{"href":"https:\/\/www.rassegnastampa-totustuus.it\/cattolica\/wp-json\/wp\/v2\/types\/post"}],"author":[{"embeddable":true,"href":"https:\/\/www.rassegnastampa-totustuus.it\/cattolica\/wp-json\/wp\/v2\/users\/6"}],"replies":[{"embeddable":true,"href":"https:\/\/www.rassegnastampa-totustuus.it\/cattolica\/wp-json\/wp\/v2\/comments?post=3546"}],"version-history":[{"count":3,"href":"https:\/\/www.rassegnastampa-totustuus.it\/cattolica\/wp-json\/wp\/v2\/posts\/3546\/revisions"}],"predecessor-version":[{"id":20224,"href":"https:\/\/www.rassegnastampa-totustuus.it\/cattolica\/wp-json\/wp\/v2\/posts\/3546\/revisions\/20224"}],"wp:featuredmedia":[{"embeddable":true,"href":"https:\/\/www.rassegnastampa-totustuus.it\/cattolica\/wp-json\/wp\/v2\/media\/35141"}],"wp:attachment":[{"href":"https:\/\/www.rassegnastampa-totustuus.it\/cattolica\/wp-json\/wp\/v2\/media?parent=3546"}],"wp:term":[{"taxonomy":"category","embeddable":true,"href":"https:\/\/www.rassegnastampa-totustuus.it\/cattolica\/wp-json\/wp\/v2\/categories?post=3546"},{"taxonomy":"post_tag","embeddable":true,"href":"https:\/\/www.rassegnastampa-totustuus.it\/cattolica\/wp-json\/wp\/v2\/tags?post=3546"}],"curies":[{"name":"wp","href":"https:\/\/api.w.org\/{rel}","templated":true}]}}