{"id":3539,"date":"2009-11-12T00:00:00","date_gmt":"2009-11-11T23:00:00","guid":{"rendered":""},"modified":"2016-01-02T13:36:59","modified_gmt":"2016-01-02T12:36:59","slug":"lalbo-doro-del-nobel-per-la-pace-dimostra-che-il-premio-va-allideologia","status":"publish","type":"post","link":"https:\/\/www.rassegnastampa-totustuus.it\/cattolica\/lalbo-doro-del-nobel-per-la-pace-dimostra-che-il-premio-va-allideologia\/","title":{"rendered":"L\u2019albo d\u2019oro del Nobel per la pace dimostra che il premio va all\u2019ideologia"},"content":{"rendered":"<div style=\"text-align: center;\"><strong><a href=\"https:\/\/www.rassegnastampa-totustuus.it\/cattolica\/wp-content\/uploads\/2009\/11\/premio-nobel.jpg\"><img loading=\"lazy\" decoding=\"async\" class=\"alignright wp-image-29079\" src=\"https:\/\/www.rassegnastampa-totustuus.it\/cattolica\/wp-content\/uploads\/2009\/11\/premio-nobel.jpg\" alt=\"premio nobel\" width=\"250\" height=\"187\" \/><\/a>Tempi<\/strong> 22 ottobre 2009<\/div>\n<p style=\"text-align: justify;\"><em>Basta guardare ai riconoscimenti assegnati in area presidenziale americana. Oltre a Obama, c\u2019\u00e8 Carter, che ha accumulato solo catastrofi tranne Camp David, che per\u00f2 non fu merito suo. E poi Al Gore, gratificato per le sue tirate<\/em><\/p>\n<p style=\"text-align: center;\">di <strong>Giorgio Israel<\/strong><\/p>\n<p><!--more--><\/p>\n<div style=\"text-align: justify;\">Molti hanno osservato che il premio Nobel per la pace al presidente statunitense Obama \u00e8 alquanto imbarazzante.Non un solo soldato si \u00e8 ritirato dall\u2019Iraq, Guant\u00e1namo non \u00e8 stata chiusa, la guerra in Afghanistan \u00e8 stata intensificata.<\/div>\n<p style=\"text-align: justify;\">Dopo la scoperta di un laboratorio nucleare iraniano segreto il Pentagono ha accelerato la produzione di un supermissile antibunker (in sigla GBU-57A\/B) capace di arrivare a 60 metri di profondit\u00e0, il Congresso ha autorizzato un finanziamento extra per portare da 4 a 10 il numero dei missili da produrre entro dicembre e l\u2019aviazione lavora pancia a terra per adattare un bombardiere invisibile al trasporto della bomba.<\/p>\n<p style=\"text-align: justify;\">Non basta. Varie fonti indicano che ai primi di ottobre si sono incontrati in Normandia i capi di stato maggiore della difesa statunitense, israeliano e francese. E pochi giorni fa ha avuto luogo la pi\u00f9 grande esercitazione di difesa aerea congiunta tra Israele e Stati Uniti, denominata Juniper Cobra II. Lo scopo \u00e8 stato di simulare la reazione a un attacco missilistico su Israele proveniente dalla Siria, da Hezbollah o dall\u2019Iran. Pi\u00f9 di mille militari americani hanno partecipato all\u2019esercitazione, con la partecipazione di molte navi.<\/p>\n<p style=\"text-align: justify;\">Proviamo a metterci dalla parte dei cervelloni che hanno deciso l\u2019attribuzione del Nobel. O sono totalmente disinformati di quel che accade e di ci\u00f2 che Barack Obama potrebbe essere costretto a fare (magari a malincuore) oppure sono adepti della formula dell\u2019antica Roma: si vis pacem para bellum.<\/p>\n<p style=\"text-align: justify;\">Non sono credibili n\u00e9 l\u2019una n\u00e9 l\u2019altra ipotesi.<\/p>\n<p style=\"text-align: justify;\">D\u2019altra parte \u00e8 istruttivo guardare ai precedenti premi Nobel per la pace in area presidenziale americana. L\u2019unico \u201csuccesso\u201d di Jimmy Carter fu l\u2019accordo di pace di Camp David tra Egitto e Israele. Ma non fu merito suo, bens\u00ec del coraggio del presidente egiziano Sadat e dell\u2019intelligenza del primo ministro israeliano Begin.<\/p>\n<p style=\"text-align: justify;\">Per il resto, la sua presidenza \u00e8 stata una catastrofe: la rivoluzione iraniana, la cattura degli ostaggi americani nell\u2019ambasciata di Teheran e una serie di altre batoste. Malgrado questi pessimi risultati gli fu dato nel 2002 il premio Nobel per le campagne per i diritti umani e per la promozione della democrazia portate avanti dalla sua fondazione. Insomma un premio alla retorica.<\/p>\n<p style=\"text-align: justify;\">Al Gore, poi, il premio l\u2019ha avuto per gli \u00absforzi per costruire e diffondere una conoscenza maggiore sui cambiamenti climatici provocati dall\u2019uomo e per porre le basi per le misure necessarie a contrastare tali cambiamenti\u00bb, ovvero per le sue tirate ideologiche.<\/p>\n<p style=\"text-align: justify;\">\u00c8 chiaro che i cervelloni sono interessati solo a premiare l\u2019ideologia, non gli atti concreti. Non danno un premio per la pace, bens\u00ec un premio al pacifismo.<\/p>\n<p style=\"text-align: justify;\">Gli unici meriti di Obama in funzione del Nobel sono le cose peggiori che ha fatto: l\u2019insulso e umiliante discorso del Cairo in cui mancava solo che desse all\u2019islam il merito di aver scoperto l\u2019acqua calda, l\u2019inchino fino a terra al re dell\u2019Arabia Saudita, l\u2019abbraccio al tiranno Ch\u00e1vez, il rientro americano nell\u2019orrido Consiglio per i diritti umani dell\u2019Onu, il rifiuto di incontrare il Dalai Lama (beninteso per difendere la pace con la Cina), il silenzio assoluto sui massacri di dissidenti iraniani mentre sdottoreggiava su pace e diritti umani all\u2019Onu con il solito movimento della testa di qua e di l\u00e0.<\/p>\n<p style=\"text-align: justify;\">\u00c8 chiaro che chi gli ha dato il premio spera anche di legargli le mani sul piano militare, a tutto profitto di \u201cpacifisti\u201d come Ahmadinejad. Altrimenti, se le cose andranno diversamente, pazienza. L\u2019importante, come nel caso di Carter e Al Gore, \u00e8 aver premiato la retorica pacifista sotto il cui ombrello si compiono i peggiori misfatti.<\/p>\n","protected":false},"excerpt":{"rendered":"<p>Tempi 22 ottobre 2009 Basta guardare ai riconoscimenti assegnati in area presidenziale americana. Oltre a Obama, c\u2019\u00e8 Carter, che ha accumulato solo catastrofi tranne Camp David, che per\u00f2 non fu merito suo. E poi Al Gore, gratificato per le sue tirate di Giorgio Israel<\/p><p><a class=\"more-link btn\" href=\"https:\/\/www.rassegnastampa-totustuus.it\/cattolica\/lalbo-doro-del-nobel-per-la-pace-dimostra-che-il-premio-va-allideologia\/\">Continua a leggere<\/a><\/p>\n","protected":false},"author":6,"featured_media":29079,"comment_status":"closed","ping_status":"open","sticky":false,"template":"","format":"standard","meta":{"footnotes":""},"categories":[25],"tags":[1690],"class_list":["post-3539","post","type-post","status-publish","format-standard","has-post-thumbnail","hentry","category-sguardo-sul-nostro-tempo","tag-premio-nobel","item-wrap"],"yoast_head":"<!-- This site is optimized with the Yoast SEO plugin v27.5 - https:\/\/yoast.com\/product\/yoast-seo-wordpress\/ -->\n<title>L\u2019albo d\u2019oro del Nobel per la pace dimostra che il premio va all\u2019ideologia - Rassegna Stampa Cattolica<\/title>\n<meta name=\"description\" content=\"Rassegna Stampa Cattolica - Per una cultura che nasce dalla Rivelazione cristiana in conformit\u00e0 alla tradizione e al Magistero della Chiesa in opposizione ad ogni relativismo e totalitarismo\" \/>\n<meta name=\"robots\" content=\"index, follow, max-snippet:-1, max-image-preview:large, max-video-preview:-1\" \/>\n<link rel=\"canonical\" href=\"https:\/\/www.rassegnastampa-totustuus.it\/cattolica\/lalbo-doro-del-nobel-per-la-pace-dimostra-che-il-premio-va-allideologia\/\" \/>\n<meta property=\"og:locale\" content=\"it_IT\" \/>\n<meta property=\"og:type\" content=\"article\" \/>\n<meta property=\"og:title\" content=\"L\u2019albo d\u2019oro del Nobel per la pace dimostra che il premio va all\u2019ideologia - Rassegna Stampa Cattolica\" \/>\n<meta property=\"og:description\" content=\"Rassegna Stampa Cattolica - Per una cultura che nasce dalla Rivelazione cristiana in conformit\u00e0 alla tradizione e al Magistero della Chiesa in opposizione ad ogni relativismo e totalitarismo\" \/>\n<meta property=\"og:url\" content=\"https:\/\/www.rassegnastampa-totustuus.it\/cattolica\/lalbo-doro-del-nobel-per-la-pace-dimostra-che-il-premio-va-allideologia\/\" \/>\n<meta property=\"og:site_name\" content=\"Rassegna Stampa Cattolica\" \/>\n<meta property=\"article:publisher\" content=\"https:\/\/www.facebook.com\/rassegnastampacattolica\" \/>\n<meta property=\"article:published_time\" content=\"2009-11-11T23:00:00+00:00\" \/>\n<meta property=\"article:modified_time\" content=\"2016-01-02T12:36:59+00:00\" \/>\n<meta property=\"og:image\" content=\"https:\/\/www.rassegnastampa-totustuus.it\/cattolica\/wp-content\/uploads\/2009\/11\/premio-nobel.jpg\" \/>\n\t<meta property=\"og:image:width\" content=\"259\" \/>\n\t<meta property=\"og:image:height\" content=\"194\" \/>\n\t<meta property=\"og:image:type\" content=\"image\/jpeg\" \/>\n<meta name=\"author\" content=\"Redazione\" \/>\n<meta name=\"twitter:card\" content=\"summary_large_image\" \/>\n<meta name=\"twitter:creator\" content=\"@rassegnastampa9\" \/>\n<meta name=\"twitter:site\" content=\"@rassegnastampa9\" \/>\n<meta name=\"twitter:label1\" content=\"Scritto da\" \/>\n\t<meta name=\"twitter:data1\" content=\"Redazione\" \/>\n\t<meta name=\"twitter:label2\" content=\"Tempo di lettura stimato\" \/>\n\t<meta name=\"twitter:data2\" content=\"3 minuti\" \/>\n<script type=\"application\/ld+json\" class=\"yoast-schema-graph\">{\"@context\":\"https:\\\/\\\/schema.org\",\"@graph\":[{\"@type\":\"Article\",\"@id\":\"https:\\\/\\\/www.rassegnastampa-totustuus.it\\\/cattolica\\\/lalbo-doro-del-nobel-per-la-pace-dimostra-che-il-premio-va-allideologia\\\/#article\",\"isPartOf\":{\"@id\":\"https:\\\/\\\/www.rassegnastampa-totustuus.it\\\/cattolica\\\/lalbo-doro-del-nobel-per-la-pace-dimostra-che-il-premio-va-allideologia\\\/\"},\"author\":{\"name\":\"Redazione\",\"@id\":\"https:\\\/\\\/www.rassegnastampa-totustuus.it\\\/cattolica\\\/#\\\/schema\\\/person\\\/08f319d2bd1a0904ad9e2bfb7b15e5c3\"},\"headline\":\"L\u2019albo d\u2019oro del Nobel per la pace dimostra che il premio va all\u2019ideologia\",\"datePublished\":\"2009-11-11T23:00:00+00:00\",\"dateModified\":\"2016-01-02T12:36:59+00:00\",\"mainEntityOfPage\":{\"@id\":\"https:\\\/\\\/www.rassegnastampa-totustuus.it\\\/cattolica\\\/lalbo-doro-del-nobel-per-la-pace-dimostra-che-il-premio-va-allideologia\\\/\"},\"wordCount\":654,\"publisher\":{\"@id\":\"https:\\\/\\\/www.rassegnastampa-totustuus.it\\\/cattolica\\\/#organization\"},\"image\":{\"@id\":\"https:\\\/\\\/www.rassegnastampa-totustuus.it\\\/cattolica\\\/lalbo-doro-del-nobel-per-la-pace-dimostra-che-il-premio-va-allideologia\\\/#primaryimage\"},\"thumbnailUrl\":\"https:\\\/\\\/www.rassegnastampa-totustuus.it\\\/cattolica\\\/wp-content\\\/uploads\\\/2009\\\/11\\\/premio-nobel.jpg\",\"keywords\":[\"premio Nobel\"],\"articleSection\":[\"Sguardo sul nostro tempo\"],\"inLanguage\":\"it-IT\"},{\"@type\":\"WebPage\",\"@id\":\"https:\\\/\\\/www.rassegnastampa-totustuus.it\\\/cattolica\\\/lalbo-doro-del-nobel-per-la-pace-dimostra-che-il-premio-va-allideologia\\\/\",\"url\":\"https:\\\/\\\/www.rassegnastampa-totustuus.it\\\/cattolica\\\/lalbo-doro-del-nobel-per-la-pace-dimostra-che-il-premio-va-allideologia\\\/\",\"name\":\"L\u2019albo d\u2019oro del Nobel per la pace dimostra che il premio va all\u2019ideologia - Rassegna Stampa Cattolica\",\"isPartOf\":{\"@id\":\"https:\\\/\\\/www.rassegnastampa-totustuus.it\\\/cattolica\\\/#website\"},\"primaryImageOfPage\":{\"@id\":\"https:\\\/\\\/www.rassegnastampa-totustuus.it\\\/cattolica\\\/lalbo-doro-del-nobel-per-la-pace-dimostra-che-il-premio-va-allideologia\\\/#primaryimage\"},\"image\":{\"@id\":\"https:\\\/\\\/www.rassegnastampa-totustuus.it\\\/cattolica\\\/lalbo-doro-del-nobel-per-la-pace-dimostra-che-il-premio-va-allideologia\\\/#primaryimage\"},\"thumbnailUrl\":\"https:\\\/\\\/www.rassegnastampa-totustuus.it\\\/cattolica\\\/wp-content\\\/uploads\\\/2009\\\/11\\\/premio-nobel.jpg\",\"datePublished\":\"2009-11-11T23:00:00+00:00\",\"dateModified\":\"2016-01-02T12:36:59+00:00\",\"description\":\"Rassegna Stampa Cattolica - Per una cultura che nasce dalla Rivelazione cristiana in conformit\u00e0 alla tradizione e al Magistero della Chiesa in opposizione ad ogni relativismo e totalitarismo\",\"breadcrumb\":{\"@id\":\"https:\\\/\\\/www.rassegnastampa-totustuus.it\\\/cattolica\\\/lalbo-doro-del-nobel-per-la-pace-dimostra-che-il-premio-va-allideologia\\\/#breadcrumb\"},\"inLanguage\":\"it-IT\",\"potentialAction\":[{\"@type\":\"ReadAction\",\"target\":[\"https:\\\/\\\/www.rassegnastampa-totustuus.it\\\/cattolica\\\/lalbo-doro-del-nobel-per-la-pace-dimostra-che-il-premio-va-allideologia\\\/\"]}]},{\"@type\":\"ImageObject\",\"inLanguage\":\"it-IT\",\"@id\":\"https:\\\/\\\/www.rassegnastampa-totustuus.it\\\/cattolica\\\/lalbo-doro-del-nobel-per-la-pace-dimostra-che-il-premio-va-allideologia\\\/#primaryimage\",\"url\":\"https:\\\/\\\/www.rassegnastampa-totustuus.it\\\/cattolica\\\/wp-content\\\/uploads\\\/2009\\\/11\\\/premio-nobel.jpg\",\"contentUrl\":\"https:\\\/\\\/www.rassegnastampa-totustuus.it\\\/cattolica\\\/wp-content\\\/uploads\\\/2009\\\/11\\\/premio-nobel.jpg\",\"width\":259,\"height\":194},{\"@type\":\"BreadcrumbList\",\"@id\":\"https:\\\/\\\/www.rassegnastampa-totustuus.it\\\/cattolica\\\/lalbo-doro-del-nobel-per-la-pace-dimostra-che-il-premio-va-allideologia\\\/#breadcrumb\",\"itemListElement\":[{\"@type\":\"ListItem\",\"position\":1,\"name\":\"Home\",\"item\":\"https:\\\/\\\/www.rassegnastampa-totustuus.it\\\/cattolica\\\/\"},{\"@type\":\"ListItem\",\"position\":2,\"name\":\"L\u2019albo d\u2019oro del Nobel per la pace dimostra che il premio va all\u2019ideologia\"}]},{\"@type\":\"WebSite\",\"@id\":\"https:\\\/\\\/www.rassegnastampa-totustuus.it\\\/cattolica\\\/#website\",\"url\":\"https:\\\/\\\/www.rassegnastampa-totustuus.it\\\/cattolica\\\/\",\"name\":\"Rassegna Stampa Cattolica\",\"description\":\"Per una cultura che nasce dalla Rivelazione cristiana in conformit\u00e0 alla tradizione e al Magistero della Chiesa in opposizione ad ogni relativismo e totalitarismo\",\"publisher\":{\"@id\":\"https:\\\/\\\/www.rassegnastampa-totustuus.it\\\/cattolica\\\/#organization\"},\"alternateName\":\"Rass. Cattolica\",\"potentialAction\":[{\"@type\":\"SearchAction\",\"target\":{\"@type\":\"EntryPoint\",\"urlTemplate\":\"https:\\\/\\\/www.rassegnastampa-totustuus.it\\\/cattolica\\\/?s={search_term_string}\"},\"query-input\":{\"@type\":\"PropertyValueSpecification\",\"valueRequired\":true,\"valueName\":\"search_term_string\"}}],\"inLanguage\":\"it-IT\"},{\"@type\":\"Organization\",\"@id\":\"https:\\\/\\\/www.rassegnastampa-totustuus.it\\\/cattolica\\\/#organization\",\"name\":\"Rassegna Stampa Cattolica\",\"url\":\"https:\\\/\\\/www.rassegnastampa-totustuus.it\\\/cattolica\\\/\",\"logo\":{\"@type\":\"ImageObject\",\"inLanguage\":\"it-IT\",\"@id\":\"https:\\\/\\\/www.rassegnastampa-totustuus.it\\\/cattolica\\\/#\\\/schema\\\/logo\\\/image\\\/\",\"url\":\"https:\\\/\\\/www.rassegnastampa-totustuus.it\\\/cattolica\\\/wp-content\\\/uploads\\\/2014\\\/04\\\/logo-rassegna1.gif\",\"contentUrl\":\"https:\\\/\\\/www.rassegnastampa-totustuus.it\\\/cattolica\\\/wp-content\\\/uploads\\\/2014\\\/04\\\/logo-rassegna1.gif\",\"width\":600,\"height\":163,\"caption\":\"Rassegna Stampa Cattolica\"},\"image\":{\"@id\":\"https:\\\/\\\/www.rassegnastampa-totustuus.it\\\/cattolica\\\/#\\\/schema\\\/logo\\\/image\\\/\"},\"sameAs\":[\"https:\\\/\\\/www.facebook.com\\\/rassegnastampacattolica\",\"https:\\\/\\\/x.com\\\/rassegnastampa9\"]},{\"@type\":\"Person\",\"@id\":\"https:\\\/\\\/www.rassegnastampa-totustuus.it\\\/cattolica\\\/#\\\/schema\\\/person\\\/08f319d2bd1a0904ad9e2bfb7b15e5c3\",\"name\":\"Redazione\",\"image\":{\"@type\":\"ImageObject\",\"inLanguage\":\"it-IT\",\"@id\":\"https:\\\/\\\/secure.gravatar.com\\\/avatar\\\/2fcdf27c78ea025fbdb44e914cc63c72249ffec9dc8aafd5c82b26240ef3f346?s=96&d=mm&r=g\",\"url\":\"https:\\\/\\\/secure.gravatar.com\\\/avatar\\\/2fcdf27c78ea025fbdb44e914cc63c72249ffec9dc8aafd5c82b26240ef3f346?s=96&d=mm&r=g\",\"contentUrl\":\"https:\\\/\\\/secure.gravatar.com\\\/avatar\\\/2fcdf27c78ea025fbdb44e914cc63c72249ffec9dc8aafd5c82b26240ef3f346?s=96&d=mm&r=g\",\"caption\":\"Redazione\"},\"url\":\"https:\\\/\\\/www.rassegnastampa-totustuus.it\\\/cattolica\\\/author\\\/pietroelle\\\/\"}]}<\/script>\n<!-- \/ Yoast SEO plugin. -->","yoast_head_json":{"title":"L\u2019albo d\u2019oro del Nobel per la pace dimostra che il premio va all\u2019ideologia - Rassegna Stampa Cattolica","description":"Rassegna Stampa Cattolica - Per una cultura che nasce dalla Rivelazione cristiana in conformit\u00e0 alla tradizione e al Magistero della Chiesa in opposizione ad ogni relativismo e totalitarismo","robots":{"index":"index","follow":"follow","max-snippet":"max-snippet:-1","max-image-preview":"max-image-preview:large","max-video-preview":"max-video-preview:-1"},"canonical":"https:\/\/www.rassegnastampa-totustuus.it\/cattolica\/lalbo-doro-del-nobel-per-la-pace-dimostra-che-il-premio-va-allideologia\/","og_locale":"it_IT","og_type":"article","og_title":"L\u2019albo d\u2019oro del Nobel per la pace dimostra che il premio va all\u2019ideologia - Rassegna Stampa Cattolica","og_description":"Rassegna Stampa Cattolica - Per una cultura che nasce dalla Rivelazione cristiana in conformit\u00e0 alla tradizione e al Magistero della Chiesa in opposizione ad ogni relativismo e totalitarismo","og_url":"https:\/\/www.rassegnastampa-totustuus.it\/cattolica\/lalbo-doro-del-nobel-per-la-pace-dimostra-che-il-premio-va-allideologia\/","og_site_name":"Rassegna Stampa Cattolica","article_publisher":"https:\/\/www.facebook.com\/rassegnastampacattolica","article_published_time":"2009-11-11T23:00:00+00:00","article_modified_time":"2016-01-02T12:36:59+00:00","og_image":[{"width":259,"height":194,"url":"https:\/\/www.rassegnastampa-totustuus.it\/cattolica\/wp-content\/uploads\/2009\/11\/premio-nobel.jpg","type":"image\/jpeg"}],"author":"Redazione","twitter_card":"summary_large_image","twitter_creator":"@rassegnastampa9","twitter_site":"@rassegnastampa9","twitter_misc":{"Scritto da":"Redazione","Tempo di lettura stimato":"3 minuti"},"schema":{"@context":"https:\/\/schema.org","@graph":[{"@type":"Article","@id":"https:\/\/www.rassegnastampa-totustuus.it\/cattolica\/lalbo-doro-del-nobel-per-la-pace-dimostra-che-il-premio-va-allideologia\/#article","isPartOf":{"@id":"https:\/\/www.rassegnastampa-totustuus.it\/cattolica\/lalbo-doro-del-nobel-per-la-pace-dimostra-che-il-premio-va-allideologia\/"},"author":{"name":"Redazione","@id":"https:\/\/www.rassegnastampa-totustuus.it\/cattolica\/#\/schema\/person\/08f319d2bd1a0904ad9e2bfb7b15e5c3"},"headline":"L\u2019albo d\u2019oro del Nobel per la pace dimostra che il premio va all\u2019ideologia","datePublished":"2009-11-11T23:00:00+00:00","dateModified":"2016-01-02T12:36:59+00:00","mainEntityOfPage":{"@id":"https:\/\/www.rassegnastampa-totustuus.it\/cattolica\/lalbo-doro-del-nobel-per-la-pace-dimostra-che-il-premio-va-allideologia\/"},"wordCount":654,"publisher":{"@id":"https:\/\/www.rassegnastampa-totustuus.it\/cattolica\/#organization"},"image":{"@id":"https:\/\/www.rassegnastampa-totustuus.it\/cattolica\/lalbo-doro-del-nobel-per-la-pace-dimostra-che-il-premio-va-allideologia\/#primaryimage"},"thumbnailUrl":"https:\/\/www.rassegnastampa-totustuus.it\/cattolica\/wp-content\/uploads\/2009\/11\/premio-nobel.jpg","keywords":["premio Nobel"],"articleSection":["Sguardo sul nostro tempo"],"inLanguage":"it-IT"},{"@type":"WebPage","@id":"https:\/\/www.rassegnastampa-totustuus.it\/cattolica\/lalbo-doro-del-nobel-per-la-pace-dimostra-che-il-premio-va-allideologia\/","url":"https:\/\/www.rassegnastampa-totustuus.it\/cattolica\/lalbo-doro-del-nobel-per-la-pace-dimostra-che-il-premio-va-allideologia\/","name":"L\u2019albo d\u2019oro del Nobel per la pace dimostra che il premio va all\u2019ideologia - Rassegna Stampa Cattolica","isPartOf":{"@id":"https:\/\/www.rassegnastampa-totustuus.it\/cattolica\/#website"},"primaryImageOfPage":{"@id":"https:\/\/www.rassegnastampa-totustuus.it\/cattolica\/lalbo-doro-del-nobel-per-la-pace-dimostra-che-il-premio-va-allideologia\/#primaryimage"},"image":{"@id":"https:\/\/www.rassegnastampa-totustuus.it\/cattolica\/lalbo-doro-del-nobel-per-la-pace-dimostra-che-il-premio-va-allideologia\/#primaryimage"},"thumbnailUrl":"https:\/\/www.rassegnastampa-totustuus.it\/cattolica\/wp-content\/uploads\/2009\/11\/premio-nobel.jpg","datePublished":"2009-11-11T23:00:00+00:00","dateModified":"2016-01-02T12:36:59+00:00","description":"Rassegna Stampa Cattolica - Per una cultura che nasce dalla Rivelazione cristiana in conformit\u00e0 alla tradizione e al Magistero della Chiesa in opposizione ad ogni relativismo e totalitarismo","breadcrumb":{"@id":"https:\/\/www.rassegnastampa-totustuus.it\/cattolica\/lalbo-doro-del-nobel-per-la-pace-dimostra-che-il-premio-va-allideologia\/#breadcrumb"},"inLanguage":"it-IT","potentialAction":[{"@type":"ReadAction","target":["https:\/\/www.rassegnastampa-totustuus.it\/cattolica\/lalbo-doro-del-nobel-per-la-pace-dimostra-che-il-premio-va-allideologia\/"]}]},{"@type":"ImageObject","inLanguage":"it-IT","@id":"https:\/\/www.rassegnastampa-totustuus.it\/cattolica\/lalbo-doro-del-nobel-per-la-pace-dimostra-che-il-premio-va-allideologia\/#primaryimage","url":"https:\/\/www.rassegnastampa-totustuus.it\/cattolica\/wp-content\/uploads\/2009\/11\/premio-nobel.jpg","contentUrl":"https:\/\/www.rassegnastampa-totustuus.it\/cattolica\/wp-content\/uploads\/2009\/11\/premio-nobel.jpg","width":259,"height":194},{"@type":"BreadcrumbList","@id":"https:\/\/www.rassegnastampa-totustuus.it\/cattolica\/lalbo-doro-del-nobel-per-la-pace-dimostra-che-il-premio-va-allideologia\/#breadcrumb","itemListElement":[{"@type":"ListItem","position":1,"name":"Home","item":"https:\/\/www.rassegnastampa-totustuus.it\/cattolica\/"},{"@type":"ListItem","position":2,"name":"L\u2019albo d\u2019oro del Nobel per la pace dimostra che il premio va all\u2019ideologia"}]},{"@type":"WebSite","@id":"https:\/\/www.rassegnastampa-totustuus.it\/cattolica\/#website","url":"https:\/\/www.rassegnastampa-totustuus.it\/cattolica\/","name":"Rassegna Stampa Cattolica","description":"Per una cultura che nasce dalla Rivelazione cristiana in conformit\u00e0 alla tradizione e al Magistero della Chiesa in opposizione ad ogni relativismo e totalitarismo","publisher":{"@id":"https:\/\/www.rassegnastampa-totustuus.it\/cattolica\/#organization"},"alternateName":"Rass. Cattolica","potentialAction":[{"@type":"SearchAction","target":{"@type":"EntryPoint","urlTemplate":"https:\/\/www.rassegnastampa-totustuus.it\/cattolica\/?s={search_term_string}"},"query-input":{"@type":"PropertyValueSpecification","valueRequired":true,"valueName":"search_term_string"}}],"inLanguage":"it-IT"},{"@type":"Organization","@id":"https:\/\/www.rassegnastampa-totustuus.it\/cattolica\/#organization","name":"Rassegna Stampa Cattolica","url":"https:\/\/www.rassegnastampa-totustuus.it\/cattolica\/","logo":{"@type":"ImageObject","inLanguage":"it-IT","@id":"https:\/\/www.rassegnastampa-totustuus.it\/cattolica\/#\/schema\/logo\/image\/","url":"https:\/\/www.rassegnastampa-totustuus.it\/cattolica\/wp-content\/uploads\/2014\/04\/logo-rassegna1.gif","contentUrl":"https:\/\/www.rassegnastampa-totustuus.it\/cattolica\/wp-content\/uploads\/2014\/04\/logo-rassegna1.gif","width":600,"height":163,"caption":"Rassegna Stampa Cattolica"},"image":{"@id":"https:\/\/www.rassegnastampa-totustuus.it\/cattolica\/#\/schema\/logo\/image\/"},"sameAs":["https:\/\/www.facebook.com\/rassegnastampacattolica","https:\/\/x.com\/rassegnastampa9"]},{"@type":"Person","@id":"https:\/\/www.rassegnastampa-totustuus.it\/cattolica\/#\/schema\/person\/08f319d2bd1a0904ad9e2bfb7b15e5c3","name":"Redazione","image":{"@type":"ImageObject","inLanguage":"it-IT","@id":"https:\/\/secure.gravatar.com\/avatar\/2fcdf27c78ea025fbdb44e914cc63c72249ffec9dc8aafd5c82b26240ef3f346?s=96&d=mm&r=g","url":"https:\/\/secure.gravatar.com\/avatar\/2fcdf27c78ea025fbdb44e914cc63c72249ffec9dc8aafd5c82b26240ef3f346?s=96&d=mm&r=g","contentUrl":"https:\/\/secure.gravatar.com\/avatar\/2fcdf27c78ea025fbdb44e914cc63c72249ffec9dc8aafd5c82b26240ef3f346?s=96&d=mm&r=g","caption":"Redazione"},"url":"https:\/\/www.rassegnastampa-totustuus.it\/cattolica\/author\/pietroelle\/"}]}},"_links":{"self":[{"href":"https:\/\/www.rassegnastampa-totustuus.it\/cattolica\/wp-json\/wp\/v2\/posts\/3539","targetHints":{"allow":["GET"]}}],"collection":[{"href":"https:\/\/www.rassegnastampa-totustuus.it\/cattolica\/wp-json\/wp\/v2\/posts"}],"about":[{"href":"https:\/\/www.rassegnastampa-totustuus.it\/cattolica\/wp-json\/wp\/v2\/types\/post"}],"author":[{"embeddable":true,"href":"https:\/\/www.rassegnastampa-totustuus.it\/cattolica\/wp-json\/wp\/v2\/users\/6"}],"replies":[{"embeddable":true,"href":"https:\/\/www.rassegnastampa-totustuus.it\/cattolica\/wp-json\/wp\/v2\/comments?post=3539"}],"version-history":[{"count":4,"href":"https:\/\/www.rassegnastampa-totustuus.it\/cattolica\/wp-json\/wp\/v2\/posts\/3539\/revisions"}],"predecessor-version":[{"id":29080,"href":"https:\/\/www.rassegnastampa-totustuus.it\/cattolica\/wp-json\/wp\/v2\/posts\/3539\/revisions\/29080"}],"wp:featuredmedia":[{"embeddable":true,"href":"https:\/\/www.rassegnastampa-totustuus.it\/cattolica\/wp-json\/wp\/v2\/media\/29079"}],"wp:attachment":[{"href":"https:\/\/www.rassegnastampa-totustuus.it\/cattolica\/wp-json\/wp\/v2\/media?parent=3539"}],"wp:term":[{"taxonomy":"category","embeddable":true,"href":"https:\/\/www.rassegnastampa-totustuus.it\/cattolica\/wp-json\/wp\/v2\/categories?post=3539"},{"taxonomy":"post_tag","embeddable":true,"href":"https:\/\/www.rassegnastampa-totustuus.it\/cattolica\/wp-json\/wp\/v2\/tags?post=3539"}],"curies":[{"name":"wp","href":"https:\/\/api.w.org\/{rel}","templated":true}]}}