{"id":3534,"date":"2009-11-10T13:25:00","date_gmt":"2009-11-10T12:25:00","guid":{"rendered":""},"modified":"2016-04-30T13:42:52","modified_gmt":"2016-04-30T11:42:52","slug":"la-difesa-della-libert-religiosa-non-si-pu-fare-importando","status":"publish","type":"post","link":"https:\/\/www.rassegnastampa-totustuus.it\/cattolica\/la-difesa-della-libert-religiosa-non-si-pu-fare-importando\/","title":{"rendered":"La difesa della libert&agrave; religiosa non si pu&ograve; fare importando il modello neutrale dalla Francia"},"content":{"rendered":"<div style=\"text-align: center;\"><strong><img loading=\"lazy\" decoding=\"async\" class=\"alignleft wp-image-33834\" src=\"https:\/\/www.rassegnastampa-totustuus.it\/cattolica\/wp-content\/uploads\/2009\/11\/Luca-Diotallevi.jpg\" alt=\"Luca Diotallevi\" width=\"250\" height=\"166\" \/>Il Sole 24 Ore<\/strong> del 4 novembre 2009<\/div>\n<p style=\"text-align: center;\"><em>Intervista a Luca Diotallevi<\/em><\/p>\n<p style=\"text-align: center;\">di <strong>Carlo Marroni<\/strong><\/p>\n<p><!--more--><\/p>\n<div style=\"text-align: justify;\">Luca Diotallevi, 50 anni, professore di sociologia all&#8217;universit\u00e0 Roma Tre, \u00e8 tra l&#8217;altro collaboratore della Cei e autore di molti saggi sul tema della secolarizzazione in Italia, tra cui un libro in uscita dal titolo <em>Un&#8217;alternativa alla laicit\u00e0<\/em>.<\/div>\n<p style=\"text-align: justify;\"><strong>La Ue vuol staccare i crocifissi dalle aule<\/strong>.<\/p>\n<p style=\"text-align: justify;\">\u00c8 un vero e proprio atto di imperialismo culturale.<\/p>\n<p style=\"text-align: justify;\"><strong>Non un contributo alla separazione tra Stato e Chiesa?<\/strong><\/p>\n<p style=\"text-align: justify;\">Ma la difesa della libert\u00e0 religiosa non pu\u00f2 essere appaltata al concetto di laicit\u00e0 positiva francese, che va tanto di moda. La la\u00efcit\u00e9 \u00e8 un concetto gemello della forma di dominio, per esempio, della politica sull&#8217;economia, che soffoca quindi ogni espressione di tipo liberale. Quella francese non \u00e8 una soluzione esportabile da noi.<\/p>\n<p style=\"text-align: justify;\"><strong>Ma togliere il crocifisso dalle aule non \u00e8 un gesto di rispetto verso chi non crede o crede in altro? Sembra cos\u00ec semplice da essere banale.<\/strong><\/p>\n<p style=\"text-align: justify;\">\u00c8 sicuramente contraddittorio: il crocifisso non \u00e8 una limitazione al pensiero di ognuno ma il fondamento stesso della libert\u00e0 religiosa.<\/p>\n<p style=\"text-align: justify;\"><strong>Pare questa la contraddizione&#8230;<\/strong><\/p>\n<p style=\"text-align: justify;\">Senza punti di riferimento non esiste un consorzio umano. La croce nelle aule delle scuole, in questo caso italiane, \u00e8 una garanzia per i non credenti, che in questo modo hanno la consapevolezza che esiste un &#8220;dio buono&#8221;, quello della maggioranza dei credenti della stessa societ\u00e0, un dio che rispetta le coscienze altrui. L&#8217;assenza di questo simbolo pu\u00f2 creare il rischio che venga rimpiazzato da simboli violenti.<\/p>\n<p style=\"text-align: justify;\"><strong>Non si pu\u00f2 ignorare che la storia del cristianesimo abbia molti momenti bui.<\/strong><\/p>\n<p style=\"text-align: justify;\">Certo, ma dal punto di vista delle istituzioni \u00e8 il vero limite a ogni imperialismo religioso.<\/p>\n<p style=\"text-align: justify;\"><strong>Risiamo allo scontro in Italia tra laici e cattolici, ogni occasione \u00e8 buona<\/strong>.<\/p>\n<p style=\"text-align: justify;\">Lo scontro \u00e8 tra poliarchici, quelli che credono in una societ\u00e0 aperta, come i cristiani, e i monarchici, i laicisti, che vogliono imporre una visione.<\/p>\n<p style=\"text-align: justify;\"><strong>Anche nel mondo cattolico c&#8217;\u00e8 chi pensa che si debba puntare alla fine a uno stato confessionale.<\/strong><\/p>\n<p style=\"text-align: justify;\">Ma quelli noi li condanniamo e per fortuna sono una esigua minoranza.<\/p>\n<p style=\"text-align: justify;\"><strong>Il governo ha annunciato che far\u00e0 ricorso.<\/strong><\/p>\n<p style=\"text-align: justify;\">\u00c8 giusto, \u00e8 in atto una battaglia sul futuro dell&#8217;Europa. La difesa della libert\u00e0 religiosa \u00e8 un dovere, chiunque la faccia, anche se non \u00e8 un cattolico.<\/p>\n<p style=\"text-align: justify;\">_____________________________<\/p>\n<p style=\"text-align: justify;\">La seguente &#8220;Nota&#8221; \u00e8 di <strong>don Piero Cantoni<\/strong><\/p>\n<p style=\"text-align: justify;\">L\u2019uso del termine \u201cmonarchico\u201d, pu\u00f2 indurre a pensare che il Cristianesimo e il Cattolicesimo siano ostili alla monarchia come forma di governo, il che non \u00e8 evidentemente vero.Il termine \u201cstato confessionale\u201d \u00e8 inoltre usato come se fosse qualcosa di condannabile in s\u00e9. Questo non \u00e8 vero perch\u00e9 il concilio ecumenico Vaticano II ne ammette la legittimit\u00e0: \u00ab Se, considerate le circostanze peculiari dei popoli, nell&#8217;ordinamento giuridico di una societ\u00e0 viene attribuita ad una comunit\u00e0 religiosa uno speciale riconoscimento civile, \u00e8 necessario che nello stesso tempo a tutti i cittadini e comunit\u00e0 religiose venga riconosciuto e rispettato il diritto alla libert\u00e0 in materia religiosa \u00bb (<em>Dignitatis Humanae<\/em>, n. 6).<\/p>\n<p style=\"text-align: justify;\">Lo ha ricordato esplicitamente Giovanni Paolo II ai parlamentari e ai rappresentanti del governo del Lichtenstein nel discorso dell\u20198 settembre del 1985. Uno stato \u201cconfessionale\u201d cristiano sar\u00e0 uno stato in cui \u2013 proprio in forza del cristianesimo a cui riconosce una posizione speciale \u2013 le altre religioni saranno rispettate.<\/p>\n<p style=\"text-align: justify;\">Esso d\u2019altronde \u00e8 possibile solo in una situazione di fatto in cui la stragrande maggioranza dei cittadini \u00e8 cristiana, per cui \u00e8 <em>di fatto<\/em> cristiana <span style=\"text-decoration: underline;\">la societ\u00e0<\/span>, e gli aderenti ad altre religioni costituiscono una infima minoranza. Pur in quella situazione \u2013 ce lo ha insegnato il concilio Vaticano II (dichiarazione <em>Dignitatis Humanae<\/em>) \u2013 si dovranno rispettare in tutto e per tutto tali pur infime minoranze. Naturalmente entro i limiti del diritto naturale (illegittimit\u00e0 per es. della poligamia o della violenza religiosa comunque essa si mascheri).<\/p>\n<p style=\"text-align: justify;\">Alla facile obiezione che il pensiero dei cristiani non \u00e8 sempre stato cos\u00ec, si pu\u00f2 rispondere sinteticamente facendo notare che una delle caratteristiche del Cristianesimo che hanno influito sulla nostra civilt\u00e0 \u00e8 stata proprio quella dello <span style=\"text-decoration: underline;\">sviluppo<\/span>, cio\u00e8 la vocazione ad approfondire e sviluppare le proprie convinzioni. Il che non significa cambiarle sostanzialmente (ermeneutica della rottura) ma coglierne le virtualit\u00e0 pi\u00f9 profonde e applicarle in modo nuovo alle vicende della storia (ermenuetica della riforma nella continuit\u00e0). La moderna ideologia del \u201cprogresso\u201d a tutti i costi \u00e8 solo una \u201cidea cristiana impazzita\u201d (Chesterton)<\/p>\n<p style=\"text-align: justify;\">A parte queste osservazioni, che credo comunque meritino un approfondimento, l\u2019intervento mi pare tra i migliori finora fatti.<\/p>\n","protected":false},"excerpt":{"rendered":"<p>Il Sole 24 Ore del 4 novembre 2009 Intervista a Luca Diotallevi di Carlo Marroni<\/p><p><a class=\"more-link btn\" href=\"https:\/\/www.rassegnastampa-totustuus.it\/cattolica\/la-difesa-della-libert-religiosa-non-si-pu-fare-importando\/\">Continua a leggere<\/a><\/p>\n","protected":false},"author":6,"featured_media":33834,"comment_status":"closed","ping_status":"open","sticky":false,"template":"","format":"standard","meta":{"footnotes":""},"categories":[103],"tags":[1031,167],"class_list":["post-3534","post","type-post","status-publish","format-standard","has-post-thumbnail","hentry","category-laicismo","tag-crocifisso","tag-laicita","item-wrap"],"yoast_head":"<!-- This site is optimized with the Yoast SEO plugin v27.5 - https:\/\/yoast.com\/product\/yoast-seo-wordpress\/ -->\n<title>La difesa della libert&agrave; religiosa non si pu&ograve; fare importando il modello neutrale dalla Francia - Rassegna Stampa Cattolica<\/title>\n<meta name=\"description\" content=\"Rassegna Stampa Cattolica - Per una cultura che nasce dalla Rivelazione cristiana in conformit\u00e0 alla tradizione e al Magistero della Chiesa in opposizione ad ogni relativismo e totalitarismo\" \/>\n<meta name=\"robots\" content=\"index, follow, max-snippet:-1, max-image-preview:large, max-video-preview:-1\" \/>\n<link rel=\"canonical\" href=\"https:\/\/www.rassegnastampa-totustuus.it\/cattolica\/la-difesa-della-libert-religiosa-non-si-pu-fare-importando\/\" \/>\n<meta property=\"og:locale\" content=\"it_IT\" \/>\n<meta property=\"og:type\" content=\"article\" \/>\n<meta property=\"og:title\" content=\"La difesa della libert&agrave; religiosa non si pu&ograve; fare importando il modello neutrale dalla Francia - Rassegna Stampa Cattolica\" \/>\n<meta property=\"og:description\" content=\"Rassegna Stampa Cattolica - Per una cultura che nasce dalla Rivelazione cristiana in conformit\u00e0 alla tradizione e al Magistero della Chiesa in opposizione ad ogni relativismo e totalitarismo\" \/>\n<meta property=\"og:url\" content=\"https:\/\/www.rassegnastampa-totustuus.it\/cattolica\/la-difesa-della-libert-religiosa-non-si-pu-fare-importando\/\" \/>\n<meta property=\"og:site_name\" content=\"Rassegna Stampa Cattolica\" \/>\n<meta property=\"article:publisher\" content=\"https:\/\/www.facebook.com\/rassegnastampacattolica\" \/>\n<meta property=\"article:published_time\" content=\"2009-11-10T12:25:00+00:00\" \/>\n<meta property=\"article:modified_time\" content=\"2016-04-30T11:42:52+00:00\" \/>\n<meta property=\"og:image\" content=\"https:\/\/www.rassegnastampa-totustuus.it\/cattolica\/wp-content\/uploads\/2009\/11\/Luca-Diotallevi.jpg\" \/>\n\t<meta property=\"og:image:width\" content=\"275\" \/>\n\t<meta property=\"og:image:height\" content=\"183\" \/>\n\t<meta property=\"og:image:type\" content=\"image\/jpeg\" \/>\n<meta name=\"author\" content=\"Redazione\" \/>\n<meta name=\"twitter:card\" content=\"summary_large_image\" \/>\n<meta name=\"twitter:creator\" content=\"@rassegnastampa9\" \/>\n<meta name=\"twitter:site\" content=\"@rassegnastampa9\" \/>\n<meta name=\"twitter:label1\" content=\"Scritto da\" \/>\n\t<meta name=\"twitter:data1\" content=\"Redazione\" \/>\n\t<meta name=\"twitter:label2\" content=\"Tempo di lettura stimato\" \/>\n\t<meta name=\"twitter:data2\" content=\"4 minuti\" \/>\n<script type=\"application\/ld+json\" class=\"yoast-schema-graph\">{\"@context\":\"https:\\\/\\\/schema.org\",\"@graph\":[{\"@type\":\"Article\",\"@id\":\"https:\\\/\\\/www.rassegnastampa-totustuus.it\\\/cattolica\\\/la-difesa-della-libert-religiosa-non-si-pu-fare-importando\\\/#article\",\"isPartOf\":{\"@id\":\"https:\\\/\\\/www.rassegnastampa-totustuus.it\\\/cattolica\\\/la-difesa-della-libert-religiosa-non-si-pu-fare-importando\\\/\"},\"author\":{\"name\":\"Redazione\",\"@id\":\"https:\\\/\\\/www.rassegnastampa-totustuus.it\\\/cattolica\\\/#\\\/schema\\\/person\\\/08f319d2bd1a0904ad9e2bfb7b15e5c3\"},\"headline\":\"La difesa della libert&agrave; religiosa non si pu&ograve; fare importando il modello neutrale dalla Francia\",\"datePublished\":\"2009-11-10T12:25:00+00:00\",\"dateModified\":\"2016-04-30T11:42:52+00:00\",\"mainEntityOfPage\":{\"@id\":\"https:\\\/\\\/www.rassegnastampa-totustuus.it\\\/cattolica\\\/la-difesa-della-libert-religiosa-non-si-pu-fare-importando\\\/\"},\"wordCount\":731,\"publisher\":{\"@id\":\"https:\\\/\\\/www.rassegnastampa-totustuus.it\\\/cattolica\\\/#organization\"},\"image\":{\"@id\":\"https:\\\/\\\/www.rassegnastampa-totustuus.it\\\/cattolica\\\/la-difesa-della-libert-religiosa-non-si-pu-fare-importando\\\/#primaryimage\"},\"thumbnailUrl\":\"https:\\\/\\\/www.rassegnastampa-totustuus.it\\\/cattolica\\\/wp-content\\\/uploads\\\/2009\\\/11\\\/Luca-Diotallevi.jpg\",\"keywords\":[\"crocifisso\",\"laicit\u00e0\"],\"articleSection\":[\"Laicismo\"],\"inLanguage\":\"it-IT\"},{\"@type\":\"WebPage\",\"@id\":\"https:\\\/\\\/www.rassegnastampa-totustuus.it\\\/cattolica\\\/la-difesa-della-libert-religiosa-non-si-pu-fare-importando\\\/\",\"url\":\"https:\\\/\\\/www.rassegnastampa-totustuus.it\\\/cattolica\\\/la-difesa-della-libert-religiosa-non-si-pu-fare-importando\\\/\",\"name\":\"La difesa della libert&agrave; religiosa non si pu&ograve; fare importando il modello neutrale dalla Francia - Rassegna Stampa Cattolica\",\"isPartOf\":{\"@id\":\"https:\\\/\\\/www.rassegnastampa-totustuus.it\\\/cattolica\\\/#website\"},\"primaryImageOfPage\":{\"@id\":\"https:\\\/\\\/www.rassegnastampa-totustuus.it\\\/cattolica\\\/la-difesa-della-libert-religiosa-non-si-pu-fare-importando\\\/#primaryimage\"},\"image\":{\"@id\":\"https:\\\/\\\/www.rassegnastampa-totustuus.it\\\/cattolica\\\/la-difesa-della-libert-religiosa-non-si-pu-fare-importando\\\/#primaryimage\"},\"thumbnailUrl\":\"https:\\\/\\\/www.rassegnastampa-totustuus.it\\\/cattolica\\\/wp-content\\\/uploads\\\/2009\\\/11\\\/Luca-Diotallevi.jpg\",\"datePublished\":\"2009-11-10T12:25:00+00:00\",\"dateModified\":\"2016-04-30T11:42:52+00:00\",\"description\":\"Rassegna Stampa Cattolica - Per una cultura che nasce dalla Rivelazione cristiana in conformit\u00e0 alla tradizione e al Magistero della Chiesa in opposizione ad ogni relativismo e totalitarismo\",\"breadcrumb\":{\"@id\":\"https:\\\/\\\/www.rassegnastampa-totustuus.it\\\/cattolica\\\/la-difesa-della-libert-religiosa-non-si-pu-fare-importando\\\/#breadcrumb\"},\"inLanguage\":\"it-IT\",\"potentialAction\":[{\"@type\":\"ReadAction\",\"target\":[\"https:\\\/\\\/www.rassegnastampa-totustuus.it\\\/cattolica\\\/la-difesa-della-libert-religiosa-non-si-pu-fare-importando\\\/\"]}]},{\"@type\":\"ImageObject\",\"inLanguage\":\"it-IT\",\"@id\":\"https:\\\/\\\/www.rassegnastampa-totustuus.it\\\/cattolica\\\/la-difesa-della-libert-religiosa-non-si-pu-fare-importando\\\/#primaryimage\",\"url\":\"https:\\\/\\\/www.rassegnastampa-totustuus.it\\\/cattolica\\\/wp-content\\\/uploads\\\/2009\\\/11\\\/Luca-Diotallevi.jpg\",\"contentUrl\":\"https:\\\/\\\/www.rassegnastampa-totustuus.it\\\/cattolica\\\/wp-content\\\/uploads\\\/2009\\\/11\\\/Luca-Diotallevi.jpg\",\"width\":275,\"height\":183},{\"@type\":\"BreadcrumbList\",\"@id\":\"https:\\\/\\\/www.rassegnastampa-totustuus.it\\\/cattolica\\\/la-difesa-della-libert-religiosa-non-si-pu-fare-importando\\\/#breadcrumb\",\"itemListElement\":[{\"@type\":\"ListItem\",\"position\":1,\"name\":\"Home\",\"item\":\"https:\\\/\\\/www.rassegnastampa-totustuus.it\\\/cattolica\\\/\"},{\"@type\":\"ListItem\",\"position\":2,\"name\":\"La difesa della libert&agrave; religiosa non si pu&ograve; fare importando il modello neutrale dalla Francia\"}]},{\"@type\":\"WebSite\",\"@id\":\"https:\\\/\\\/www.rassegnastampa-totustuus.it\\\/cattolica\\\/#website\",\"url\":\"https:\\\/\\\/www.rassegnastampa-totustuus.it\\\/cattolica\\\/\",\"name\":\"Rassegna Stampa Cattolica\",\"description\":\"Per una cultura che nasce dalla Rivelazione cristiana in conformit\u00e0 alla tradizione e al Magistero della Chiesa in opposizione ad ogni relativismo e totalitarismo\",\"publisher\":{\"@id\":\"https:\\\/\\\/www.rassegnastampa-totustuus.it\\\/cattolica\\\/#organization\"},\"alternateName\":\"Rass. Cattolica\",\"potentialAction\":[{\"@type\":\"SearchAction\",\"target\":{\"@type\":\"EntryPoint\",\"urlTemplate\":\"https:\\\/\\\/www.rassegnastampa-totustuus.it\\\/cattolica\\\/?s={search_term_string}\"},\"query-input\":{\"@type\":\"PropertyValueSpecification\",\"valueRequired\":true,\"valueName\":\"search_term_string\"}}],\"inLanguage\":\"it-IT\"},{\"@type\":\"Organization\",\"@id\":\"https:\\\/\\\/www.rassegnastampa-totustuus.it\\\/cattolica\\\/#organization\",\"name\":\"Rassegna Stampa Cattolica\",\"url\":\"https:\\\/\\\/www.rassegnastampa-totustuus.it\\\/cattolica\\\/\",\"logo\":{\"@type\":\"ImageObject\",\"inLanguage\":\"it-IT\",\"@id\":\"https:\\\/\\\/www.rassegnastampa-totustuus.it\\\/cattolica\\\/#\\\/schema\\\/logo\\\/image\\\/\",\"url\":\"https:\\\/\\\/www.rassegnastampa-totustuus.it\\\/cattolica\\\/wp-content\\\/uploads\\\/2014\\\/04\\\/logo-rassegna1.gif\",\"contentUrl\":\"https:\\\/\\\/www.rassegnastampa-totustuus.it\\\/cattolica\\\/wp-content\\\/uploads\\\/2014\\\/04\\\/logo-rassegna1.gif\",\"width\":600,\"height\":163,\"caption\":\"Rassegna Stampa Cattolica\"},\"image\":{\"@id\":\"https:\\\/\\\/www.rassegnastampa-totustuus.it\\\/cattolica\\\/#\\\/schema\\\/logo\\\/image\\\/\"},\"sameAs\":[\"https:\\\/\\\/www.facebook.com\\\/rassegnastampacattolica\",\"https:\\\/\\\/x.com\\\/rassegnastampa9\"]},{\"@type\":\"Person\",\"@id\":\"https:\\\/\\\/www.rassegnastampa-totustuus.it\\\/cattolica\\\/#\\\/schema\\\/person\\\/08f319d2bd1a0904ad9e2bfb7b15e5c3\",\"name\":\"Redazione\",\"image\":{\"@type\":\"ImageObject\",\"inLanguage\":\"it-IT\",\"@id\":\"https:\\\/\\\/secure.gravatar.com\\\/avatar\\\/2fcdf27c78ea025fbdb44e914cc63c72249ffec9dc8aafd5c82b26240ef3f346?s=96&d=mm&r=g\",\"url\":\"https:\\\/\\\/secure.gravatar.com\\\/avatar\\\/2fcdf27c78ea025fbdb44e914cc63c72249ffec9dc8aafd5c82b26240ef3f346?s=96&d=mm&r=g\",\"contentUrl\":\"https:\\\/\\\/secure.gravatar.com\\\/avatar\\\/2fcdf27c78ea025fbdb44e914cc63c72249ffec9dc8aafd5c82b26240ef3f346?s=96&d=mm&r=g\",\"caption\":\"Redazione\"},\"url\":\"https:\\\/\\\/www.rassegnastampa-totustuus.it\\\/cattolica\\\/author\\\/pietroelle\\\/\"}]}<\/script>\n<!-- \/ Yoast SEO plugin. -->","yoast_head_json":{"title":"La difesa della libert&agrave; religiosa non si pu&ograve; fare importando il modello neutrale dalla Francia - Rassegna Stampa Cattolica","description":"Rassegna Stampa Cattolica - Per una cultura che nasce dalla Rivelazione cristiana in conformit\u00e0 alla tradizione e al Magistero della Chiesa in opposizione ad ogni relativismo e totalitarismo","robots":{"index":"index","follow":"follow","max-snippet":"max-snippet:-1","max-image-preview":"max-image-preview:large","max-video-preview":"max-video-preview:-1"},"canonical":"https:\/\/www.rassegnastampa-totustuus.it\/cattolica\/la-difesa-della-libert-religiosa-non-si-pu-fare-importando\/","og_locale":"it_IT","og_type":"article","og_title":"La difesa della libert&agrave; religiosa non si pu&ograve; fare importando il modello neutrale dalla Francia - Rassegna Stampa Cattolica","og_description":"Rassegna Stampa Cattolica - Per una cultura che nasce dalla Rivelazione cristiana in conformit\u00e0 alla tradizione e al Magistero della Chiesa in opposizione ad ogni relativismo e totalitarismo","og_url":"https:\/\/www.rassegnastampa-totustuus.it\/cattolica\/la-difesa-della-libert-religiosa-non-si-pu-fare-importando\/","og_site_name":"Rassegna Stampa Cattolica","article_publisher":"https:\/\/www.facebook.com\/rassegnastampacattolica","article_published_time":"2009-11-10T12:25:00+00:00","article_modified_time":"2016-04-30T11:42:52+00:00","og_image":[{"width":275,"height":183,"url":"https:\/\/www.rassegnastampa-totustuus.it\/cattolica\/wp-content\/uploads\/2009\/11\/Luca-Diotallevi.jpg","type":"image\/jpeg"}],"author":"Redazione","twitter_card":"summary_large_image","twitter_creator":"@rassegnastampa9","twitter_site":"@rassegnastampa9","twitter_misc":{"Scritto da":"Redazione","Tempo di lettura stimato":"4 minuti"},"schema":{"@context":"https:\/\/schema.org","@graph":[{"@type":"Article","@id":"https:\/\/www.rassegnastampa-totustuus.it\/cattolica\/la-difesa-della-libert-religiosa-non-si-pu-fare-importando\/#article","isPartOf":{"@id":"https:\/\/www.rassegnastampa-totustuus.it\/cattolica\/la-difesa-della-libert-religiosa-non-si-pu-fare-importando\/"},"author":{"name":"Redazione","@id":"https:\/\/www.rassegnastampa-totustuus.it\/cattolica\/#\/schema\/person\/08f319d2bd1a0904ad9e2bfb7b15e5c3"},"headline":"La difesa della libert&agrave; religiosa non si pu&ograve; fare importando il modello neutrale dalla Francia","datePublished":"2009-11-10T12:25:00+00:00","dateModified":"2016-04-30T11:42:52+00:00","mainEntityOfPage":{"@id":"https:\/\/www.rassegnastampa-totustuus.it\/cattolica\/la-difesa-della-libert-religiosa-non-si-pu-fare-importando\/"},"wordCount":731,"publisher":{"@id":"https:\/\/www.rassegnastampa-totustuus.it\/cattolica\/#organization"},"image":{"@id":"https:\/\/www.rassegnastampa-totustuus.it\/cattolica\/la-difesa-della-libert-religiosa-non-si-pu-fare-importando\/#primaryimage"},"thumbnailUrl":"https:\/\/www.rassegnastampa-totustuus.it\/cattolica\/wp-content\/uploads\/2009\/11\/Luca-Diotallevi.jpg","keywords":["crocifisso","laicit\u00e0"],"articleSection":["Laicismo"],"inLanguage":"it-IT"},{"@type":"WebPage","@id":"https:\/\/www.rassegnastampa-totustuus.it\/cattolica\/la-difesa-della-libert-religiosa-non-si-pu-fare-importando\/","url":"https:\/\/www.rassegnastampa-totustuus.it\/cattolica\/la-difesa-della-libert-religiosa-non-si-pu-fare-importando\/","name":"La difesa della libert&agrave; religiosa non si pu&ograve; fare importando il modello neutrale dalla Francia - Rassegna Stampa Cattolica","isPartOf":{"@id":"https:\/\/www.rassegnastampa-totustuus.it\/cattolica\/#website"},"primaryImageOfPage":{"@id":"https:\/\/www.rassegnastampa-totustuus.it\/cattolica\/la-difesa-della-libert-religiosa-non-si-pu-fare-importando\/#primaryimage"},"image":{"@id":"https:\/\/www.rassegnastampa-totustuus.it\/cattolica\/la-difesa-della-libert-religiosa-non-si-pu-fare-importando\/#primaryimage"},"thumbnailUrl":"https:\/\/www.rassegnastampa-totustuus.it\/cattolica\/wp-content\/uploads\/2009\/11\/Luca-Diotallevi.jpg","datePublished":"2009-11-10T12:25:00+00:00","dateModified":"2016-04-30T11:42:52+00:00","description":"Rassegna Stampa Cattolica - Per una cultura che nasce dalla Rivelazione cristiana in conformit\u00e0 alla tradizione e al Magistero della Chiesa in opposizione ad ogni relativismo e totalitarismo","breadcrumb":{"@id":"https:\/\/www.rassegnastampa-totustuus.it\/cattolica\/la-difesa-della-libert-religiosa-non-si-pu-fare-importando\/#breadcrumb"},"inLanguage":"it-IT","potentialAction":[{"@type":"ReadAction","target":["https:\/\/www.rassegnastampa-totustuus.it\/cattolica\/la-difesa-della-libert-religiosa-non-si-pu-fare-importando\/"]}]},{"@type":"ImageObject","inLanguage":"it-IT","@id":"https:\/\/www.rassegnastampa-totustuus.it\/cattolica\/la-difesa-della-libert-religiosa-non-si-pu-fare-importando\/#primaryimage","url":"https:\/\/www.rassegnastampa-totustuus.it\/cattolica\/wp-content\/uploads\/2009\/11\/Luca-Diotallevi.jpg","contentUrl":"https:\/\/www.rassegnastampa-totustuus.it\/cattolica\/wp-content\/uploads\/2009\/11\/Luca-Diotallevi.jpg","width":275,"height":183},{"@type":"BreadcrumbList","@id":"https:\/\/www.rassegnastampa-totustuus.it\/cattolica\/la-difesa-della-libert-religiosa-non-si-pu-fare-importando\/#breadcrumb","itemListElement":[{"@type":"ListItem","position":1,"name":"Home","item":"https:\/\/www.rassegnastampa-totustuus.it\/cattolica\/"},{"@type":"ListItem","position":2,"name":"La difesa della libert&agrave; religiosa non si pu&ograve; fare importando il modello neutrale dalla Francia"}]},{"@type":"WebSite","@id":"https:\/\/www.rassegnastampa-totustuus.it\/cattolica\/#website","url":"https:\/\/www.rassegnastampa-totustuus.it\/cattolica\/","name":"Rassegna Stampa Cattolica","description":"Per una cultura che nasce dalla Rivelazione cristiana in conformit\u00e0 alla tradizione e al Magistero della Chiesa in opposizione ad ogni relativismo e totalitarismo","publisher":{"@id":"https:\/\/www.rassegnastampa-totustuus.it\/cattolica\/#organization"},"alternateName":"Rass. Cattolica","potentialAction":[{"@type":"SearchAction","target":{"@type":"EntryPoint","urlTemplate":"https:\/\/www.rassegnastampa-totustuus.it\/cattolica\/?s={search_term_string}"},"query-input":{"@type":"PropertyValueSpecification","valueRequired":true,"valueName":"search_term_string"}}],"inLanguage":"it-IT"},{"@type":"Organization","@id":"https:\/\/www.rassegnastampa-totustuus.it\/cattolica\/#organization","name":"Rassegna Stampa Cattolica","url":"https:\/\/www.rassegnastampa-totustuus.it\/cattolica\/","logo":{"@type":"ImageObject","inLanguage":"it-IT","@id":"https:\/\/www.rassegnastampa-totustuus.it\/cattolica\/#\/schema\/logo\/image\/","url":"https:\/\/www.rassegnastampa-totustuus.it\/cattolica\/wp-content\/uploads\/2014\/04\/logo-rassegna1.gif","contentUrl":"https:\/\/www.rassegnastampa-totustuus.it\/cattolica\/wp-content\/uploads\/2014\/04\/logo-rassegna1.gif","width":600,"height":163,"caption":"Rassegna Stampa Cattolica"},"image":{"@id":"https:\/\/www.rassegnastampa-totustuus.it\/cattolica\/#\/schema\/logo\/image\/"},"sameAs":["https:\/\/www.facebook.com\/rassegnastampacattolica","https:\/\/x.com\/rassegnastampa9"]},{"@type":"Person","@id":"https:\/\/www.rassegnastampa-totustuus.it\/cattolica\/#\/schema\/person\/08f319d2bd1a0904ad9e2bfb7b15e5c3","name":"Redazione","image":{"@type":"ImageObject","inLanguage":"it-IT","@id":"https:\/\/secure.gravatar.com\/avatar\/2fcdf27c78ea025fbdb44e914cc63c72249ffec9dc8aafd5c82b26240ef3f346?s=96&d=mm&r=g","url":"https:\/\/secure.gravatar.com\/avatar\/2fcdf27c78ea025fbdb44e914cc63c72249ffec9dc8aafd5c82b26240ef3f346?s=96&d=mm&r=g","contentUrl":"https:\/\/secure.gravatar.com\/avatar\/2fcdf27c78ea025fbdb44e914cc63c72249ffec9dc8aafd5c82b26240ef3f346?s=96&d=mm&r=g","caption":"Redazione"},"url":"https:\/\/www.rassegnastampa-totustuus.it\/cattolica\/author\/pietroelle\/"}]}},"_links":{"self":[{"href":"https:\/\/www.rassegnastampa-totustuus.it\/cattolica\/wp-json\/wp\/v2\/posts\/3534","targetHints":{"allow":["GET"]}}],"collection":[{"href":"https:\/\/www.rassegnastampa-totustuus.it\/cattolica\/wp-json\/wp\/v2\/posts"}],"about":[{"href":"https:\/\/www.rassegnastampa-totustuus.it\/cattolica\/wp-json\/wp\/v2\/types\/post"}],"author":[{"embeddable":true,"href":"https:\/\/www.rassegnastampa-totustuus.it\/cattolica\/wp-json\/wp\/v2\/users\/6"}],"replies":[{"embeddable":true,"href":"https:\/\/www.rassegnastampa-totustuus.it\/cattolica\/wp-json\/wp\/v2\/comments?post=3534"}],"version-history":[{"count":4,"href":"https:\/\/www.rassegnastampa-totustuus.it\/cattolica\/wp-json\/wp\/v2\/posts\/3534\/revisions"}],"predecessor-version":[{"id":33835,"href":"https:\/\/www.rassegnastampa-totustuus.it\/cattolica\/wp-json\/wp\/v2\/posts\/3534\/revisions\/33835"}],"wp:featuredmedia":[{"embeddable":true,"href":"https:\/\/www.rassegnastampa-totustuus.it\/cattolica\/wp-json\/wp\/v2\/media\/33834"}],"wp:attachment":[{"href":"https:\/\/www.rassegnastampa-totustuus.it\/cattolica\/wp-json\/wp\/v2\/media?parent=3534"}],"wp:term":[{"taxonomy":"category","embeddable":true,"href":"https:\/\/www.rassegnastampa-totustuus.it\/cattolica\/wp-json\/wp\/v2\/categories?post=3534"},{"taxonomy":"post_tag","embeddable":true,"href":"https:\/\/www.rassegnastampa-totustuus.it\/cattolica\/wp-json\/wp\/v2\/tags?post=3534"}],"curies":[{"name":"wp","href":"https:\/\/api.w.org\/{rel}","templated":true}]}}