{"id":3532,"date":"2009-11-05T09:25:22","date_gmt":"2009-11-05T08:25:22","guid":{"rendered":""},"modified":"2016-03-16T16:27:43","modified_gmt":"2016-03-16T15:27:43","slug":"divieto-di-crocifisso","status":"publish","type":"post","link":"https:\/\/www.rassegnastampa-totustuus.it\/cattolica\/divieto-di-crocifisso\/","title":{"rendered":"Divieto di crocifisso"},"content":{"rendered":"<div style=\"text-align: center;\"><strong><img loading=\"lazy\" decoding=\"async\" class=\"alignright wp-image-31869 size-full\" src=\"https:\/\/www.rassegnastampa-totustuus.it\/cattolica\/wp-content\/uploads\/2009\/11\/crocifisso-1.jpg\" alt=\"crocifisso\" width=\"222\" height=\"227\" \/>Libero <\/strong>4 novembre 2009<\/div>\n<p style=\"text-align: justify;\"><em>La corte di Strasburgo accoglie la denuncia di una madre: un segno religioso che viola il diritto di educare i figli secondo le proprie idee<br \/>\n<\/em><\/p>\n<p style=\"text-align: center;\">di <strong>Andrea Morigi<\/strong><\/p>\n<p><!--more--><\/p>\n<div style=\"text-align: justify;\">Da ieri l\u2019esposizione del crocifisso in un\u2019aula scolastica \u00e8 vietata perch\u00e9 dichiarata \u00abcontraria al diritto dei genitori di educare i figli in linea con le loro convinzioni e con il diritto dei bambini alla libert\u00e0 di religione\u00bb. C\u2019era anche il giudice italiano Vladimiro Zagrebelsky a scrivere la sentenza della Corte europea dei diritti dell\u2019uomo che provvede a fare a pezzi quasi due millenni di rapporti fra l\u2019anima e il corpo della nazione italiana.<\/div>\n<p style=\"text-align: justify;\">Quest\u2019ultima, attraverso le sue istituzioni, ora dovr\u00e0 pagare, come risarcimento, la somma di 5 mila euro alla signora di origine finlandesi ma residente ad Abano Terme, Soile Lauti, i cui figli, di undici e tredici anni, si presumono offesi dal simbolo della religione cristiana che li \u00abturba emozionalmente\u00bb e ne viola i diritti, cos\u00ec come quelli \u00abdei genitori di educare i propri figli in conformit\u00e0 con le proprie convinzioni e quello dei bambini a credervi o non credervi\u00bb. Ges\u00f9 Cristo fui venduto per trenta denari. La croce, invece, viene valutata tanto quanto l\u2019ex governatore del Lazio pagava per le prestazioni di un transessuale.<\/p>\n<p style=\"text-align: justify;\">Soddisfatta finalmente la signora, che aveva presentato ricorso avverso molte altre pronunce di tribunali italiani, compresa la Corte costituzionale, vale la pena di soffermarsi, piuttosto che sulle motivazioni ideologiche della sentenza, sugli attori della commediola di stampo anticlericale ottocentesco andata in scena il 13 ottobre a Strasburgo, ma resa nota e pubblicata soltanto nella giornata dio ieri.<\/p>\n<p style=\"text-align: justify;\">Prima di tutto, il ruolo di protagonista spetta all\u2019Unione degli atei e degli gnostici razionalisti di cui \u00e8 socia la Lauti. Tra i loro presidenti onorari vantano alcune personalit\u00e0 come l\u2019ex ministro comunista Laura Balbo, l\u2019astronoma Margherita Hack, l\u2019etologo Danilo Mainardi, il matematico Piergiorgio Odifreddi e il vignettista Sergio Staino per citare solo i pi\u00f9 noti. Il sodalizio ha buone aderenze nel mondo \u00e8politico, che lo ritiene un interlocutore degno di tal nome. I suoi rappresentantio sono ordinariamente auditi durante i lavori parlamentari su progetti di legge che trattano di libert\u00e0 religiosa. E\u2019 un po\u2019 come se chi ha la fobia dei voli aerei dovesse dire la sua sull\u2019aeronautica civile.<\/p>\n<p style=\"text-align: justify;\">Saltuariamente, per\u00f2, a quel paradosso se ne somma un altro: la parte politica che sponsorizza i paladini del laicismo non sempre coincide con i nemici pi\u00f9 acerrimi e dichiarati della Chiesa cattolica. Anzi, quella stessa cultura che l\u2019Uaar combatte, si trova a favorire la cristianofobia. Fu un democristiano doc come Oscar Luigi Scalfaro a nominare giudice costituzionale, il 9 settembre 1995, Gustavo Zagrebelsky, autore in seguito di un saggio tanto polemico contro i credenti da portare il titolo \u201cContro l\u2019etica della verit\u00e0\u201d. Ce l\u2019ha anche con Silvio Berlusconi, ovviamente, perch\u00e9 lo ritiene un tale pericolo per la libert\u00e0 di stampa da spingersi a promuovere l\u2019appello dei giuristi a difesa del quotidiano la Repubblica.<\/p>\n<p style=\"text-align: justify;\">Gustavo \u00e8 il fratello minore del Vladimiro coestensore della sentenza anti-crocifisso. Di famiglia valdese per parte di madre, Vladimiro nell\u2019anno 2000 era anche stato ritenuto degno dal governo italiano (guidato da Massimo D\u2019Alema), per la sua preparazione giuridica, di far parte della commissione paritetica che doveva affrontare i problemi relativi agli onori riservati ai Cardinali e ad alcuni profiliprocessuali relativi ai ministri di culto cattolico.<\/p>\n<p style=\"text-align: justify;\">Se c\u2019\u00e8 un aspetto che ai cristiani protestanti non va gi\u00f9, da qualche secolo a questa parte, \u00e8 proprio la gerarchia della Chiesa cattolica, insieme alla pretesa di vedervi il segno della successiona apostolica. Un altro caso di paradosso. Tanto quanto la sentenza che, in nome della tolleranza, sancisce la vittoria dell\u2019intolleranza<\/p>\n","protected":false},"excerpt":{"rendered":"<p>Libero 4 novembre 2009 La corte di Strasburgo accoglie la denuncia di una madre: un segno religioso che viola il diritto di educare i figli secondo le proprie idee di Andrea Morigi<\/p><p><a class=\"more-link btn\" href=\"https:\/\/www.rassegnastampa-totustuus.it\/cattolica\/divieto-di-crocifisso\/\">Continua a leggere<\/a><\/p>\n","protected":false},"author":6,"featured_media":31869,"comment_status":"closed","ping_status":"open","sticky":false,"template":"","format":"standard","meta":{"footnotes":""},"categories":[14,103],"tags":[1031],"class_list":["post-3532","post","type-post","status-publish","format-standard","has-post-thumbnail","hentry","category-europa-e-ue","category-laicismo","tag-crocifisso","item-wrap"],"yoast_head":"<!-- This site is optimized with the Yoast SEO plugin v27.5 - https:\/\/yoast.com\/product\/yoast-seo-wordpress\/ -->\n<title>Divieto di crocifisso - Rassegna Stampa Cattolica<\/title>\n<meta name=\"description\" content=\"Rassegna Stampa Cattolica - Per una cultura che nasce dalla Rivelazione cristiana in conformit\u00e0 alla tradizione e al Magistero della Chiesa in opposizione ad ogni relativismo e totalitarismo\" \/>\n<meta name=\"robots\" content=\"index, follow, max-snippet:-1, max-image-preview:large, max-video-preview:-1\" \/>\n<link rel=\"canonical\" href=\"https:\/\/www.rassegnastampa-totustuus.it\/cattolica\/divieto-di-crocifisso\/\" \/>\n<meta property=\"og:locale\" content=\"it_IT\" \/>\n<meta property=\"og:type\" content=\"article\" \/>\n<meta property=\"og:title\" content=\"Divieto di crocifisso - Rassegna Stampa Cattolica\" \/>\n<meta property=\"og:description\" content=\"Rassegna Stampa Cattolica - Per una cultura che nasce dalla Rivelazione cristiana in conformit\u00e0 alla tradizione e al Magistero della Chiesa in opposizione ad ogni relativismo e totalitarismo\" \/>\n<meta property=\"og:url\" content=\"https:\/\/www.rassegnastampa-totustuus.it\/cattolica\/divieto-di-crocifisso\/\" \/>\n<meta property=\"og:site_name\" content=\"Rassegna Stampa Cattolica\" \/>\n<meta property=\"article:publisher\" content=\"https:\/\/www.facebook.com\/rassegnastampacattolica\" \/>\n<meta property=\"article:published_time\" content=\"2009-11-05T08:25:22+00:00\" \/>\n<meta property=\"article:modified_time\" content=\"2016-03-16T15:27:43+00:00\" \/>\n<meta property=\"og:image\" content=\"https:\/\/www.rassegnastampa-totustuus.it\/cattolica\/wp-content\/uploads\/2009\/11\/crocifisso-1.jpg\" \/>\n\t<meta property=\"og:image:width\" content=\"222\" \/>\n\t<meta property=\"og:image:height\" content=\"227\" \/>\n\t<meta property=\"og:image:type\" content=\"image\/jpeg\" \/>\n<meta name=\"author\" content=\"Redazione\" \/>\n<meta name=\"twitter:card\" content=\"summary_large_image\" \/>\n<meta name=\"twitter:creator\" content=\"@rassegnastampa9\" \/>\n<meta name=\"twitter:site\" content=\"@rassegnastampa9\" \/>\n<meta name=\"twitter:label1\" content=\"Scritto da\" \/>\n\t<meta name=\"twitter:data1\" content=\"Redazione\" \/>\n\t<meta name=\"twitter:label2\" content=\"Tempo di lettura stimato\" \/>\n\t<meta name=\"twitter:data2\" content=\"3 minuti\" \/>\n<script type=\"application\/ld+json\" class=\"yoast-schema-graph\">{\"@context\":\"https:\\\/\\\/schema.org\",\"@graph\":[{\"@type\":\"Article\",\"@id\":\"https:\\\/\\\/www.rassegnastampa-totustuus.it\\\/cattolica\\\/divieto-di-crocifisso\\\/#article\",\"isPartOf\":{\"@id\":\"https:\\\/\\\/www.rassegnastampa-totustuus.it\\\/cattolica\\\/divieto-di-crocifisso\\\/\"},\"author\":{\"name\":\"Redazione\",\"@id\":\"https:\\\/\\\/www.rassegnastampa-totustuus.it\\\/cattolica\\\/#\\\/schema\\\/person\\\/08f319d2bd1a0904ad9e2bfb7b15e5c3\"},\"headline\":\"Divieto di crocifisso\",\"datePublished\":\"2009-11-05T08:25:22+00:00\",\"dateModified\":\"2016-03-16T15:27:43+00:00\",\"mainEntityOfPage\":{\"@id\":\"https:\\\/\\\/www.rassegnastampa-totustuus.it\\\/cattolica\\\/divieto-di-crocifisso\\\/\"},\"wordCount\":616,\"publisher\":{\"@id\":\"https:\\\/\\\/www.rassegnastampa-totustuus.it\\\/cattolica\\\/#organization\"},\"image\":{\"@id\":\"https:\\\/\\\/www.rassegnastampa-totustuus.it\\\/cattolica\\\/divieto-di-crocifisso\\\/#primaryimage\"},\"thumbnailUrl\":\"https:\\\/\\\/www.rassegnastampa-totustuus.it\\\/cattolica\\\/wp-content\\\/uploads\\\/2009\\\/11\\\/crocifisso-1.jpg\",\"keywords\":[\"crocifisso\"],\"articleSection\":[\"Europa e UE\",\"Laicismo\"],\"inLanguage\":\"it-IT\"},{\"@type\":\"WebPage\",\"@id\":\"https:\\\/\\\/www.rassegnastampa-totustuus.it\\\/cattolica\\\/divieto-di-crocifisso\\\/\",\"url\":\"https:\\\/\\\/www.rassegnastampa-totustuus.it\\\/cattolica\\\/divieto-di-crocifisso\\\/\",\"name\":\"Divieto di crocifisso - Rassegna Stampa Cattolica\",\"isPartOf\":{\"@id\":\"https:\\\/\\\/www.rassegnastampa-totustuus.it\\\/cattolica\\\/#website\"},\"primaryImageOfPage\":{\"@id\":\"https:\\\/\\\/www.rassegnastampa-totustuus.it\\\/cattolica\\\/divieto-di-crocifisso\\\/#primaryimage\"},\"image\":{\"@id\":\"https:\\\/\\\/www.rassegnastampa-totustuus.it\\\/cattolica\\\/divieto-di-crocifisso\\\/#primaryimage\"},\"thumbnailUrl\":\"https:\\\/\\\/www.rassegnastampa-totustuus.it\\\/cattolica\\\/wp-content\\\/uploads\\\/2009\\\/11\\\/crocifisso-1.jpg\",\"datePublished\":\"2009-11-05T08:25:22+00:00\",\"dateModified\":\"2016-03-16T15:27:43+00:00\",\"description\":\"Rassegna Stampa Cattolica - Per una cultura che nasce dalla Rivelazione cristiana in conformit\u00e0 alla tradizione e al Magistero della Chiesa in opposizione ad ogni relativismo e totalitarismo\",\"breadcrumb\":{\"@id\":\"https:\\\/\\\/www.rassegnastampa-totustuus.it\\\/cattolica\\\/divieto-di-crocifisso\\\/#breadcrumb\"},\"inLanguage\":\"it-IT\",\"potentialAction\":[{\"@type\":\"ReadAction\",\"target\":[\"https:\\\/\\\/www.rassegnastampa-totustuus.it\\\/cattolica\\\/divieto-di-crocifisso\\\/\"]}]},{\"@type\":\"ImageObject\",\"inLanguage\":\"it-IT\",\"@id\":\"https:\\\/\\\/www.rassegnastampa-totustuus.it\\\/cattolica\\\/divieto-di-crocifisso\\\/#primaryimage\",\"url\":\"https:\\\/\\\/www.rassegnastampa-totustuus.it\\\/cattolica\\\/wp-content\\\/uploads\\\/2009\\\/11\\\/crocifisso-1.jpg\",\"contentUrl\":\"https:\\\/\\\/www.rassegnastampa-totustuus.it\\\/cattolica\\\/wp-content\\\/uploads\\\/2009\\\/11\\\/crocifisso-1.jpg\",\"width\":222,\"height\":227},{\"@type\":\"BreadcrumbList\",\"@id\":\"https:\\\/\\\/www.rassegnastampa-totustuus.it\\\/cattolica\\\/divieto-di-crocifisso\\\/#breadcrumb\",\"itemListElement\":[{\"@type\":\"ListItem\",\"position\":1,\"name\":\"Home\",\"item\":\"https:\\\/\\\/www.rassegnastampa-totustuus.it\\\/cattolica\\\/\"},{\"@type\":\"ListItem\",\"position\":2,\"name\":\"Divieto di crocifisso\"}]},{\"@type\":\"WebSite\",\"@id\":\"https:\\\/\\\/www.rassegnastampa-totustuus.it\\\/cattolica\\\/#website\",\"url\":\"https:\\\/\\\/www.rassegnastampa-totustuus.it\\\/cattolica\\\/\",\"name\":\"Rassegna Stampa Cattolica\",\"description\":\"Per una cultura che nasce dalla Rivelazione cristiana in conformit\u00e0 alla tradizione e al Magistero della Chiesa in opposizione ad ogni relativismo e totalitarismo\",\"publisher\":{\"@id\":\"https:\\\/\\\/www.rassegnastampa-totustuus.it\\\/cattolica\\\/#organization\"},\"alternateName\":\"Rass. Cattolica\",\"potentialAction\":[{\"@type\":\"SearchAction\",\"target\":{\"@type\":\"EntryPoint\",\"urlTemplate\":\"https:\\\/\\\/www.rassegnastampa-totustuus.it\\\/cattolica\\\/?s={search_term_string}\"},\"query-input\":{\"@type\":\"PropertyValueSpecification\",\"valueRequired\":true,\"valueName\":\"search_term_string\"}}],\"inLanguage\":\"it-IT\"},{\"@type\":\"Organization\",\"@id\":\"https:\\\/\\\/www.rassegnastampa-totustuus.it\\\/cattolica\\\/#organization\",\"name\":\"Rassegna Stampa Cattolica\",\"url\":\"https:\\\/\\\/www.rassegnastampa-totustuus.it\\\/cattolica\\\/\",\"logo\":{\"@type\":\"ImageObject\",\"inLanguage\":\"it-IT\",\"@id\":\"https:\\\/\\\/www.rassegnastampa-totustuus.it\\\/cattolica\\\/#\\\/schema\\\/logo\\\/image\\\/\",\"url\":\"https:\\\/\\\/www.rassegnastampa-totustuus.it\\\/cattolica\\\/wp-content\\\/uploads\\\/2014\\\/04\\\/logo-rassegna1.gif\",\"contentUrl\":\"https:\\\/\\\/www.rassegnastampa-totustuus.it\\\/cattolica\\\/wp-content\\\/uploads\\\/2014\\\/04\\\/logo-rassegna1.gif\",\"width\":600,\"height\":163,\"caption\":\"Rassegna Stampa Cattolica\"},\"image\":{\"@id\":\"https:\\\/\\\/www.rassegnastampa-totustuus.it\\\/cattolica\\\/#\\\/schema\\\/logo\\\/image\\\/\"},\"sameAs\":[\"https:\\\/\\\/www.facebook.com\\\/rassegnastampacattolica\",\"https:\\\/\\\/x.com\\\/rassegnastampa9\"]},{\"@type\":\"Person\",\"@id\":\"https:\\\/\\\/www.rassegnastampa-totustuus.it\\\/cattolica\\\/#\\\/schema\\\/person\\\/08f319d2bd1a0904ad9e2bfb7b15e5c3\",\"name\":\"Redazione\",\"image\":{\"@type\":\"ImageObject\",\"inLanguage\":\"it-IT\",\"@id\":\"https:\\\/\\\/secure.gravatar.com\\\/avatar\\\/2fcdf27c78ea025fbdb44e914cc63c72249ffec9dc8aafd5c82b26240ef3f346?s=96&d=mm&r=g\",\"url\":\"https:\\\/\\\/secure.gravatar.com\\\/avatar\\\/2fcdf27c78ea025fbdb44e914cc63c72249ffec9dc8aafd5c82b26240ef3f346?s=96&d=mm&r=g\",\"contentUrl\":\"https:\\\/\\\/secure.gravatar.com\\\/avatar\\\/2fcdf27c78ea025fbdb44e914cc63c72249ffec9dc8aafd5c82b26240ef3f346?s=96&d=mm&r=g\",\"caption\":\"Redazione\"},\"url\":\"https:\\\/\\\/www.rassegnastampa-totustuus.it\\\/cattolica\\\/author\\\/pietroelle\\\/\"}]}<\/script>\n<!-- \/ Yoast SEO plugin. -->","yoast_head_json":{"title":"Divieto di crocifisso - Rassegna Stampa Cattolica","description":"Rassegna Stampa Cattolica - Per una cultura che nasce dalla Rivelazione cristiana in conformit\u00e0 alla tradizione e al Magistero della Chiesa in opposizione ad ogni relativismo e totalitarismo","robots":{"index":"index","follow":"follow","max-snippet":"max-snippet:-1","max-image-preview":"max-image-preview:large","max-video-preview":"max-video-preview:-1"},"canonical":"https:\/\/www.rassegnastampa-totustuus.it\/cattolica\/divieto-di-crocifisso\/","og_locale":"it_IT","og_type":"article","og_title":"Divieto di crocifisso - Rassegna Stampa Cattolica","og_description":"Rassegna Stampa Cattolica - Per una cultura che nasce dalla Rivelazione cristiana in conformit\u00e0 alla tradizione e al Magistero della Chiesa in opposizione ad ogni relativismo e totalitarismo","og_url":"https:\/\/www.rassegnastampa-totustuus.it\/cattolica\/divieto-di-crocifisso\/","og_site_name":"Rassegna Stampa Cattolica","article_publisher":"https:\/\/www.facebook.com\/rassegnastampacattolica","article_published_time":"2009-11-05T08:25:22+00:00","article_modified_time":"2016-03-16T15:27:43+00:00","og_image":[{"width":222,"height":227,"url":"https:\/\/www.rassegnastampa-totustuus.it\/cattolica\/wp-content\/uploads\/2009\/11\/crocifisso-1.jpg","type":"image\/jpeg"}],"author":"Redazione","twitter_card":"summary_large_image","twitter_creator":"@rassegnastampa9","twitter_site":"@rassegnastampa9","twitter_misc":{"Scritto da":"Redazione","Tempo di lettura stimato":"3 minuti"},"schema":{"@context":"https:\/\/schema.org","@graph":[{"@type":"Article","@id":"https:\/\/www.rassegnastampa-totustuus.it\/cattolica\/divieto-di-crocifisso\/#article","isPartOf":{"@id":"https:\/\/www.rassegnastampa-totustuus.it\/cattolica\/divieto-di-crocifisso\/"},"author":{"name":"Redazione","@id":"https:\/\/www.rassegnastampa-totustuus.it\/cattolica\/#\/schema\/person\/08f319d2bd1a0904ad9e2bfb7b15e5c3"},"headline":"Divieto di crocifisso","datePublished":"2009-11-05T08:25:22+00:00","dateModified":"2016-03-16T15:27:43+00:00","mainEntityOfPage":{"@id":"https:\/\/www.rassegnastampa-totustuus.it\/cattolica\/divieto-di-crocifisso\/"},"wordCount":616,"publisher":{"@id":"https:\/\/www.rassegnastampa-totustuus.it\/cattolica\/#organization"},"image":{"@id":"https:\/\/www.rassegnastampa-totustuus.it\/cattolica\/divieto-di-crocifisso\/#primaryimage"},"thumbnailUrl":"https:\/\/www.rassegnastampa-totustuus.it\/cattolica\/wp-content\/uploads\/2009\/11\/crocifisso-1.jpg","keywords":["crocifisso"],"articleSection":["Europa e UE","Laicismo"],"inLanguage":"it-IT"},{"@type":"WebPage","@id":"https:\/\/www.rassegnastampa-totustuus.it\/cattolica\/divieto-di-crocifisso\/","url":"https:\/\/www.rassegnastampa-totustuus.it\/cattolica\/divieto-di-crocifisso\/","name":"Divieto di crocifisso - Rassegna Stampa Cattolica","isPartOf":{"@id":"https:\/\/www.rassegnastampa-totustuus.it\/cattolica\/#website"},"primaryImageOfPage":{"@id":"https:\/\/www.rassegnastampa-totustuus.it\/cattolica\/divieto-di-crocifisso\/#primaryimage"},"image":{"@id":"https:\/\/www.rassegnastampa-totustuus.it\/cattolica\/divieto-di-crocifisso\/#primaryimage"},"thumbnailUrl":"https:\/\/www.rassegnastampa-totustuus.it\/cattolica\/wp-content\/uploads\/2009\/11\/crocifisso-1.jpg","datePublished":"2009-11-05T08:25:22+00:00","dateModified":"2016-03-16T15:27:43+00:00","description":"Rassegna Stampa Cattolica - Per una cultura che nasce dalla Rivelazione cristiana in conformit\u00e0 alla tradizione e al Magistero della Chiesa in opposizione ad ogni relativismo e totalitarismo","breadcrumb":{"@id":"https:\/\/www.rassegnastampa-totustuus.it\/cattolica\/divieto-di-crocifisso\/#breadcrumb"},"inLanguage":"it-IT","potentialAction":[{"@type":"ReadAction","target":["https:\/\/www.rassegnastampa-totustuus.it\/cattolica\/divieto-di-crocifisso\/"]}]},{"@type":"ImageObject","inLanguage":"it-IT","@id":"https:\/\/www.rassegnastampa-totustuus.it\/cattolica\/divieto-di-crocifisso\/#primaryimage","url":"https:\/\/www.rassegnastampa-totustuus.it\/cattolica\/wp-content\/uploads\/2009\/11\/crocifisso-1.jpg","contentUrl":"https:\/\/www.rassegnastampa-totustuus.it\/cattolica\/wp-content\/uploads\/2009\/11\/crocifisso-1.jpg","width":222,"height":227},{"@type":"BreadcrumbList","@id":"https:\/\/www.rassegnastampa-totustuus.it\/cattolica\/divieto-di-crocifisso\/#breadcrumb","itemListElement":[{"@type":"ListItem","position":1,"name":"Home","item":"https:\/\/www.rassegnastampa-totustuus.it\/cattolica\/"},{"@type":"ListItem","position":2,"name":"Divieto di crocifisso"}]},{"@type":"WebSite","@id":"https:\/\/www.rassegnastampa-totustuus.it\/cattolica\/#website","url":"https:\/\/www.rassegnastampa-totustuus.it\/cattolica\/","name":"Rassegna Stampa Cattolica","description":"Per una cultura che nasce dalla Rivelazione cristiana in conformit\u00e0 alla tradizione e al Magistero della Chiesa in opposizione ad ogni relativismo e totalitarismo","publisher":{"@id":"https:\/\/www.rassegnastampa-totustuus.it\/cattolica\/#organization"},"alternateName":"Rass. Cattolica","potentialAction":[{"@type":"SearchAction","target":{"@type":"EntryPoint","urlTemplate":"https:\/\/www.rassegnastampa-totustuus.it\/cattolica\/?s={search_term_string}"},"query-input":{"@type":"PropertyValueSpecification","valueRequired":true,"valueName":"search_term_string"}}],"inLanguage":"it-IT"},{"@type":"Organization","@id":"https:\/\/www.rassegnastampa-totustuus.it\/cattolica\/#organization","name":"Rassegna Stampa Cattolica","url":"https:\/\/www.rassegnastampa-totustuus.it\/cattolica\/","logo":{"@type":"ImageObject","inLanguage":"it-IT","@id":"https:\/\/www.rassegnastampa-totustuus.it\/cattolica\/#\/schema\/logo\/image\/","url":"https:\/\/www.rassegnastampa-totustuus.it\/cattolica\/wp-content\/uploads\/2014\/04\/logo-rassegna1.gif","contentUrl":"https:\/\/www.rassegnastampa-totustuus.it\/cattolica\/wp-content\/uploads\/2014\/04\/logo-rassegna1.gif","width":600,"height":163,"caption":"Rassegna Stampa Cattolica"},"image":{"@id":"https:\/\/www.rassegnastampa-totustuus.it\/cattolica\/#\/schema\/logo\/image\/"},"sameAs":["https:\/\/www.facebook.com\/rassegnastampacattolica","https:\/\/x.com\/rassegnastampa9"]},{"@type":"Person","@id":"https:\/\/www.rassegnastampa-totustuus.it\/cattolica\/#\/schema\/person\/08f319d2bd1a0904ad9e2bfb7b15e5c3","name":"Redazione","image":{"@type":"ImageObject","inLanguage":"it-IT","@id":"https:\/\/secure.gravatar.com\/avatar\/2fcdf27c78ea025fbdb44e914cc63c72249ffec9dc8aafd5c82b26240ef3f346?s=96&d=mm&r=g","url":"https:\/\/secure.gravatar.com\/avatar\/2fcdf27c78ea025fbdb44e914cc63c72249ffec9dc8aafd5c82b26240ef3f346?s=96&d=mm&r=g","contentUrl":"https:\/\/secure.gravatar.com\/avatar\/2fcdf27c78ea025fbdb44e914cc63c72249ffec9dc8aafd5c82b26240ef3f346?s=96&d=mm&r=g","caption":"Redazione"},"url":"https:\/\/www.rassegnastampa-totustuus.it\/cattolica\/author\/pietroelle\/"}]}},"_links":{"self":[{"href":"https:\/\/www.rassegnastampa-totustuus.it\/cattolica\/wp-json\/wp\/v2\/posts\/3532","targetHints":{"allow":["GET"]}}],"collection":[{"href":"https:\/\/www.rassegnastampa-totustuus.it\/cattolica\/wp-json\/wp\/v2\/posts"}],"about":[{"href":"https:\/\/www.rassegnastampa-totustuus.it\/cattolica\/wp-json\/wp\/v2\/types\/post"}],"author":[{"embeddable":true,"href":"https:\/\/www.rassegnastampa-totustuus.it\/cattolica\/wp-json\/wp\/v2\/users\/6"}],"replies":[{"embeddable":true,"href":"https:\/\/www.rassegnastampa-totustuus.it\/cattolica\/wp-json\/wp\/v2\/comments?post=3532"}],"version-history":[{"count":4,"href":"https:\/\/www.rassegnastampa-totustuus.it\/cattolica\/wp-json\/wp\/v2\/posts\/3532\/revisions"}],"predecessor-version":[{"id":31870,"href":"https:\/\/www.rassegnastampa-totustuus.it\/cattolica\/wp-json\/wp\/v2\/posts\/3532\/revisions\/31870"}],"wp:featuredmedia":[{"embeddable":true,"href":"https:\/\/www.rassegnastampa-totustuus.it\/cattolica\/wp-json\/wp\/v2\/media\/31869"}],"wp:attachment":[{"href":"https:\/\/www.rassegnastampa-totustuus.it\/cattolica\/wp-json\/wp\/v2\/media?parent=3532"}],"wp:term":[{"taxonomy":"category","embeddable":true,"href":"https:\/\/www.rassegnastampa-totustuus.it\/cattolica\/wp-json\/wp\/v2\/categories?post=3532"},{"taxonomy":"post_tag","embeddable":true,"href":"https:\/\/www.rassegnastampa-totustuus.it\/cattolica\/wp-json\/wp\/v2\/tags?post=3532"}],"curies":[{"name":"wp","href":"https:\/\/api.w.org\/{rel}","templated":true}]}}