{"id":3520,"date":"2009-10-29T00:00:00","date_gmt":"2009-10-28T23:00:00","guid":{"rendered":""},"modified":"2016-03-01T11:45:46","modified_gmt":"2016-03-01T10:45:46","slug":"la-colpevole-indifferenza-dei-cristiani","status":"publish","type":"post","link":"https:\/\/www.rassegnastampa-totustuus.it\/cattolica\/la-colpevole-indifferenza-dei-cristiani\/","title":{"rendered":"La colpevole indifferenza dei cristiani"},"content":{"rendered":"<div style=\"text-align: center;\"><strong><img loading=\"lazy\" decoding=\"async\" class=\"alignright wp-image-31189\" src=\"https:\/\/www.rassegnastampa-totustuus.it\/cattolica\/wp-content\/uploads\/2009\/10\/cristiani_Sudan.jpg\" alt=\"cristiani_Sudan\" width=\"250\" height=\"187\" \/>Il Giornale .it<\/strong> sabato 17 ottobre 2009<\/div>\n<p style=\"text-align: center;\">di <strong>Renato Farina<\/strong><\/p>\n<p style=\"text-align: justify;\">Il vescovo sudanese ha raccontato la passione, crocifissione e morte di sette cristiani in Sudan. \u00c8 stata Al Qaida. La complicit\u00e0 del governo islamico di Khartoum, sostenuto dalla Cina, \u00e8 palese.<\/p>\n<p><!--more--><\/p>\n<div style=\"text-align: justify;\">Monsignor Eduardo Hiiboro Kussala, vescovo della diocesi di Tombura Yambio, nel Sudan meridionale, lo ha raccontato prima al Papa e ai suoi confratelli africani riuniti a Roma per il Sinodo, poi alla Radio Vaticana. I boia della Lord\u2019s Resistance Army (Lra) &#8211; un gruppo di seguaci di Allah, affiliati ad Osama &#8211; hanno fatto irruzione nella chiesa di Nostra Signora della Pace nella citt\u00e0 di Ezo e hanno rapito alcuni ragazzi tra i 15 e i 20 anni. Se ne stavano l\u00ec a pregare. Li hanno inchiodati su assi di legno. Si chiama crocifissione. Era il 13 agosto. La notizia si \u00e8 finalmente affacciata in prima pagina ieri.<\/div>\n<p style=\"text-align: justify;\">Non \u00e8 la prima volta che accadono questi orrori. Anni fa, Antonio Socci ha dedicato un libro a queste stragi di cristiani in Sudan. Arrivavano racconti come questo: le milizie di banditi musulmani hanno rincorso i cristiani che cercavano rifugio nella foresta. Li hanno presi, e inchiodati agli alberi. I testimoni c\u2019erano, ma &#8211; veniva opposto &#8211; dove sono le foto, dove sono le immagini della Cnn o almeno di Al Jazeera? Allora, zitti, prudenti, silenti.<\/p>\n<p style=\"text-align: justify;\">Ora per\u00f2 basta cos\u00ec con gli occhi chiusi e le bocche cucite. Quanto orrore. C\u2019\u00e8 strazio. Eppure anche consolazione che piove fresca su di noi per la testimonianza. Oriana direbbe: anche tra noi c\u2019\u00e8 chi ha pi\u00f9 cara la libert\u00e0 della vita, e sette ragazzi si lasciano uccidere ma non rinnegano la loro fede. Sono santi, sono nella gloria. Ma noi? Noi qui facciamo davvero schifo.<\/p>\n<p style=\"text-align: justify;\">Parlo di me, parlo dell\u2019opinione pubblica occidentale. E anche dei cristiani, soprattutto dei cristiani. La notizia era del 13 agosto. Possibile che nessuna tra le agenzie di stampa abbia un corrispondente o l\u2019Onu non abbia qualcuno che possa dare forza a questi racconti? Il fatto \u00e8 che si tratta di fatica sprecata. Non interessa, siamo appassiti.<\/p>\n<p style=\"text-align: justify;\">Quando i primi frammenti di certezza avvalorarono la storia dei crocefissi in Sudan, alla Camera dei deputati fu data la parola a Luca Volont\u00e8 (Udc), poi a Marco Zacchera (Pdl). Raccontarono, condannarono. Naturalmente questi interventi furono concessi a fine seduta, i deputati uscivano chiacchierando, che importa, fatti di afro-cristiani, alla malora. (Quando giunse notizia di un proiettile a un giornalista di <em>Annozero<\/em>, la parola fu data subito, a met\u00e0 seduta, a una deputata del Pd). Nessuna agenzia riprese la cosa. Nemmeno io ne scrissi, pensando: tanto a chi interessa? Stupido alibi.<\/p>\n<p style=\"text-align: justify;\">Sono in buona, anzi cattiva compagnia. I vescovi perch\u00e9 non sono andati in tiv\u00f9 a stracciarsi le vesti per l\u2019indifferenza nostra? Gran parte dei presuli italiani in questi mesi sono stati impegnati in altro tema, molto pi\u00f9 gustoso e in grado di suscitare titoloni: la moralit\u00e0 privata di Berlusconi, non \u00e8 vero? Il segretario della Cei, monsignor Crociata (un nome abbastanza esagerato), si \u00e8 distinto pi\u00f9 per le interviste sul premier che sulla persecuzione dei cristiani.<\/p>\n<p style=\"text-align: justify;\">Ci sta tutto nella vita e nelle prediche, ma bisognerebbe anche ricordarsi che il governo italiano, grazie al vituperato Berlusconi e al ministro Franco Frattini, \u00e8 il pi\u00f9 impegnato nella difesa della libert\u00e0 religiosa: \u00e8 il solo tra quelli europei ad aver avviato pratiche diplomatiche contro la persecuzione dei cattolici a Orissa, in India; ha sostenuto i credenti con i leader iracheni e afghani.<\/p>\n<p style=\"text-align: justify;\">Il Papa non fa che ricordare martiri e persecuzioni, indicando luoghi e Paesi. Ha invocato ovunque libert\u00e0 di professione e pratica della fede. A Ratisbona ha gridato contro la violenza nel campo della religione, era il 12 settembre 2006. Invece in Occidente, anche i cristiani, hanno estratto da l\u00ec pretesti per attaccarlo: insulta l\u2019islam. Insultiamo l\u2019islam se diciamo che questi musulmani assassini in Sudan vanno messi al bando? Che non ci pu\u00f2 essere tolleranza e integrazione per chi disintegra e tollera le crocifissioni?<\/p>\n<p style=\"text-align: justify;\">Il Papa ha parlato in Africa durante il viaggio in Angola del 2008. Ha ricordato le persecuzioni. Unica frase estratta: \u00abIl preservativo non risolve il problema dell\u2019Aids\u00bb. Invece di condannare le persecuzioni, Franceschini in Italia e i belgi in Europa, condannarono lui. Il fatto \u00e8 che i cattolici si fanno scrivere l\u2019agenda dei loro sentimenti e delle loro prese di posizione da chi ha in mano il pallino della cultura europea, che \u00e8 relativista.<\/p>\n<p style=\"text-align: justify;\">In Consiglio d\u2019Europa si sono condannati giustamente razzismo, antisemitismo, islamofobia, omofobia e dimentico senz\u2019altro qualcosa. Ho cercato di introdurre il discorso sulla cristianofobia: richiesta ignorata. In compenso anche i cristiani sono tutti protesi a parlare dei grandi perseguitati: i gay! Giusto. Ma non al punto di farci una legge apposta, secondo me.<\/p>\n<p style=\"text-align: justify;\">Il 28 settembre scorso, a Sanremo, un vecchio frate \u00e8 stato aggredito da un musulmano: rischia di perdere un occhio. Qualcuno lo sapeva? Qualcuno ha proposto una legge perch\u00e9 sia un\u2019aggravante uccidere un ministro del culto? Ne uccisero tanti di seminaristi e preti nel Triangolo Rosso, in Emilia-Romagna, i comunisti-partigiani negli anni dal \u201945 al \u201950. A noi basterebbe anche oggi che saltassero fuori i nomi\u2026<\/p>\n<p style=\"text-align: justify;\">E ci ricordassimo di pi\u00f9 di quei sette ragazzi crocifissi. Bisognerebbe dedicargli da qualche parte una piazza, una strada. Un minuto di silenzio in Parlamento e negli stadi. E una preghiera nelle chiese.<\/p>\n","protected":false},"excerpt":{"rendered":"<p>Il Giornale .it sabato 17 ottobre 2009 di Renato Farina Il vescovo sudanese ha raccontato la passione, crocifissione e morte di sette cristiani in Sudan. \u00c8 stata Al Qaida. La complicit\u00e0 del governo islamico di Khartoum, sostenuto dalla Cina, \u00e8 palese.<\/p><p><a class=\"more-link btn\" href=\"https:\/\/www.rassegnastampa-totustuus.it\/cattolica\/la-colpevole-indifferenza-dei-cristiani\/\">Continua a leggere<\/a><\/p>\n","protected":false},"author":6,"featured_media":31189,"comment_status":"closed","ping_status":"open","sticky":false,"template":"","format":"standard","meta":{"footnotes":""},"categories":[33,16],"tags":[380,378],"class_list":["post-3520","post","type-post","status-publish","format-standard","has-post-thumbnail","hentry","category-cristiani-nell-islam","category-islam","tag-cristiani-nellislam","tag-sudan","item-wrap"],"yoast_head":"<!-- This site is optimized with the Yoast SEO plugin v27.5 - https:\/\/yoast.com\/product\/yoast-seo-wordpress\/ -->\n<title>La colpevole indifferenza dei cristiani - Rassegna Stampa Cattolica<\/title>\n<meta name=\"description\" content=\"Rassegna Stampa Cattolica - Per una cultura che nasce dalla Rivelazione cristiana in conformit\u00e0 alla tradizione e al Magistero della Chiesa in opposizione ad ogni relativismo e totalitarismo\" \/>\n<meta name=\"robots\" content=\"index, follow, max-snippet:-1, max-image-preview:large, max-video-preview:-1\" \/>\n<link rel=\"canonical\" href=\"https:\/\/www.rassegnastampa-totustuus.it\/cattolica\/la-colpevole-indifferenza-dei-cristiani\/\" \/>\n<meta property=\"og:locale\" content=\"it_IT\" \/>\n<meta property=\"og:type\" content=\"article\" \/>\n<meta property=\"og:title\" content=\"La colpevole indifferenza dei cristiani - Rassegna Stampa Cattolica\" \/>\n<meta property=\"og:description\" content=\"Rassegna Stampa Cattolica - Per una cultura che nasce dalla Rivelazione cristiana in conformit\u00e0 alla tradizione e al Magistero della Chiesa in opposizione ad ogni relativismo e totalitarismo\" \/>\n<meta property=\"og:url\" content=\"https:\/\/www.rassegnastampa-totustuus.it\/cattolica\/la-colpevole-indifferenza-dei-cristiani\/\" \/>\n<meta property=\"og:site_name\" content=\"Rassegna Stampa Cattolica\" \/>\n<meta property=\"article:publisher\" content=\"https:\/\/www.facebook.com\/rassegnastampacattolica\" \/>\n<meta property=\"article:published_time\" content=\"2009-10-28T23:00:00+00:00\" \/>\n<meta property=\"article:modified_time\" content=\"2016-03-01T10:45:46+00:00\" \/>\n<meta property=\"og:image\" content=\"https:\/\/www.rassegnastampa-totustuus.it\/cattolica\/wp-content\/uploads\/2009\/10\/cristiani_Sudan.jpg\" \/>\n\t<meta property=\"og:image:width\" content=\"259\" \/>\n\t<meta property=\"og:image:height\" content=\"194\" \/>\n\t<meta property=\"og:image:type\" content=\"image\/jpeg\" \/>\n<meta name=\"author\" content=\"Redazione\" \/>\n<meta name=\"twitter:card\" content=\"summary_large_image\" \/>\n<meta name=\"twitter:creator\" content=\"@rassegnastampa9\" \/>\n<meta name=\"twitter:site\" content=\"@rassegnastampa9\" \/>\n<meta name=\"twitter:label1\" content=\"Scritto da\" \/>\n\t<meta name=\"twitter:data1\" content=\"Redazione\" \/>\n\t<meta name=\"twitter:label2\" content=\"Tempo di lettura stimato\" \/>\n\t<meta name=\"twitter:data2\" content=\"4 minuti\" \/>\n<script type=\"application\/ld+json\" class=\"yoast-schema-graph\">{\"@context\":\"https:\\\/\\\/schema.org\",\"@graph\":[{\"@type\":\"Article\",\"@id\":\"https:\\\/\\\/www.rassegnastampa-totustuus.it\\\/cattolica\\\/la-colpevole-indifferenza-dei-cristiani\\\/#article\",\"isPartOf\":{\"@id\":\"https:\\\/\\\/www.rassegnastampa-totustuus.it\\\/cattolica\\\/la-colpevole-indifferenza-dei-cristiani\\\/\"},\"author\":{\"name\":\"Redazione\",\"@id\":\"https:\\\/\\\/www.rassegnastampa-totustuus.it\\\/cattolica\\\/#\\\/schema\\\/person\\\/08f319d2bd1a0904ad9e2bfb7b15e5c3\"},\"headline\":\"La colpevole indifferenza dei cristiani\",\"datePublished\":\"2009-10-28T23:00:00+00:00\",\"dateModified\":\"2016-03-01T10:45:46+00:00\",\"mainEntityOfPage\":{\"@id\":\"https:\\\/\\\/www.rassegnastampa-totustuus.it\\\/cattolica\\\/la-colpevole-indifferenza-dei-cristiani\\\/\"},\"wordCount\":879,\"publisher\":{\"@id\":\"https:\\\/\\\/www.rassegnastampa-totustuus.it\\\/cattolica\\\/#organization\"},\"image\":{\"@id\":\"https:\\\/\\\/www.rassegnastampa-totustuus.it\\\/cattolica\\\/la-colpevole-indifferenza-dei-cristiani\\\/#primaryimage\"},\"thumbnailUrl\":\"https:\\\/\\\/www.rassegnastampa-totustuus.it\\\/cattolica\\\/wp-content\\\/uploads\\\/2009\\\/10\\\/cristiani_Sudan.jpg\",\"keywords\":[\"cristiani nell'Islam\",\"Sudan\"],\"articleSection\":[\"Cristiani nell'islam\",\"Islam\"],\"inLanguage\":\"it-IT\"},{\"@type\":\"WebPage\",\"@id\":\"https:\\\/\\\/www.rassegnastampa-totustuus.it\\\/cattolica\\\/la-colpevole-indifferenza-dei-cristiani\\\/\",\"url\":\"https:\\\/\\\/www.rassegnastampa-totustuus.it\\\/cattolica\\\/la-colpevole-indifferenza-dei-cristiani\\\/\",\"name\":\"La colpevole indifferenza dei cristiani - Rassegna Stampa Cattolica\",\"isPartOf\":{\"@id\":\"https:\\\/\\\/www.rassegnastampa-totustuus.it\\\/cattolica\\\/#website\"},\"primaryImageOfPage\":{\"@id\":\"https:\\\/\\\/www.rassegnastampa-totustuus.it\\\/cattolica\\\/la-colpevole-indifferenza-dei-cristiani\\\/#primaryimage\"},\"image\":{\"@id\":\"https:\\\/\\\/www.rassegnastampa-totustuus.it\\\/cattolica\\\/la-colpevole-indifferenza-dei-cristiani\\\/#primaryimage\"},\"thumbnailUrl\":\"https:\\\/\\\/www.rassegnastampa-totustuus.it\\\/cattolica\\\/wp-content\\\/uploads\\\/2009\\\/10\\\/cristiani_Sudan.jpg\",\"datePublished\":\"2009-10-28T23:00:00+00:00\",\"dateModified\":\"2016-03-01T10:45:46+00:00\",\"description\":\"Rassegna Stampa Cattolica - Per una cultura che nasce dalla Rivelazione cristiana in conformit\u00e0 alla tradizione e al Magistero della Chiesa in opposizione ad ogni relativismo e totalitarismo\",\"breadcrumb\":{\"@id\":\"https:\\\/\\\/www.rassegnastampa-totustuus.it\\\/cattolica\\\/la-colpevole-indifferenza-dei-cristiani\\\/#breadcrumb\"},\"inLanguage\":\"it-IT\",\"potentialAction\":[{\"@type\":\"ReadAction\",\"target\":[\"https:\\\/\\\/www.rassegnastampa-totustuus.it\\\/cattolica\\\/la-colpevole-indifferenza-dei-cristiani\\\/\"]}]},{\"@type\":\"ImageObject\",\"inLanguage\":\"it-IT\",\"@id\":\"https:\\\/\\\/www.rassegnastampa-totustuus.it\\\/cattolica\\\/la-colpevole-indifferenza-dei-cristiani\\\/#primaryimage\",\"url\":\"https:\\\/\\\/www.rassegnastampa-totustuus.it\\\/cattolica\\\/wp-content\\\/uploads\\\/2009\\\/10\\\/cristiani_Sudan.jpg\",\"contentUrl\":\"https:\\\/\\\/www.rassegnastampa-totustuus.it\\\/cattolica\\\/wp-content\\\/uploads\\\/2009\\\/10\\\/cristiani_Sudan.jpg\",\"width\":259,\"height\":194},{\"@type\":\"BreadcrumbList\",\"@id\":\"https:\\\/\\\/www.rassegnastampa-totustuus.it\\\/cattolica\\\/la-colpevole-indifferenza-dei-cristiani\\\/#breadcrumb\",\"itemListElement\":[{\"@type\":\"ListItem\",\"position\":1,\"name\":\"Home\",\"item\":\"https:\\\/\\\/www.rassegnastampa-totustuus.it\\\/cattolica\\\/\"},{\"@type\":\"ListItem\",\"position\":2,\"name\":\"La colpevole indifferenza dei cristiani\"}]},{\"@type\":\"WebSite\",\"@id\":\"https:\\\/\\\/www.rassegnastampa-totustuus.it\\\/cattolica\\\/#website\",\"url\":\"https:\\\/\\\/www.rassegnastampa-totustuus.it\\\/cattolica\\\/\",\"name\":\"Rassegna Stampa Cattolica\",\"description\":\"Per una cultura che nasce dalla Rivelazione cristiana in conformit\u00e0 alla tradizione e al Magistero della Chiesa in opposizione ad ogni relativismo e totalitarismo\",\"publisher\":{\"@id\":\"https:\\\/\\\/www.rassegnastampa-totustuus.it\\\/cattolica\\\/#organization\"},\"alternateName\":\"Rass. Cattolica\",\"potentialAction\":[{\"@type\":\"SearchAction\",\"target\":{\"@type\":\"EntryPoint\",\"urlTemplate\":\"https:\\\/\\\/www.rassegnastampa-totustuus.it\\\/cattolica\\\/?s={search_term_string}\"},\"query-input\":{\"@type\":\"PropertyValueSpecification\",\"valueRequired\":true,\"valueName\":\"search_term_string\"}}],\"inLanguage\":\"it-IT\"},{\"@type\":\"Organization\",\"@id\":\"https:\\\/\\\/www.rassegnastampa-totustuus.it\\\/cattolica\\\/#organization\",\"name\":\"Rassegna Stampa Cattolica\",\"url\":\"https:\\\/\\\/www.rassegnastampa-totustuus.it\\\/cattolica\\\/\",\"logo\":{\"@type\":\"ImageObject\",\"inLanguage\":\"it-IT\",\"@id\":\"https:\\\/\\\/www.rassegnastampa-totustuus.it\\\/cattolica\\\/#\\\/schema\\\/logo\\\/image\\\/\",\"url\":\"https:\\\/\\\/www.rassegnastampa-totustuus.it\\\/cattolica\\\/wp-content\\\/uploads\\\/2014\\\/04\\\/logo-rassegna1.gif\",\"contentUrl\":\"https:\\\/\\\/www.rassegnastampa-totustuus.it\\\/cattolica\\\/wp-content\\\/uploads\\\/2014\\\/04\\\/logo-rassegna1.gif\",\"width\":600,\"height\":163,\"caption\":\"Rassegna Stampa Cattolica\"},\"image\":{\"@id\":\"https:\\\/\\\/www.rassegnastampa-totustuus.it\\\/cattolica\\\/#\\\/schema\\\/logo\\\/image\\\/\"},\"sameAs\":[\"https:\\\/\\\/www.facebook.com\\\/rassegnastampacattolica\",\"https:\\\/\\\/x.com\\\/rassegnastampa9\"]},{\"@type\":\"Person\",\"@id\":\"https:\\\/\\\/www.rassegnastampa-totustuus.it\\\/cattolica\\\/#\\\/schema\\\/person\\\/08f319d2bd1a0904ad9e2bfb7b15e5c3\",\"name\":\"Redazione\",\"image\":{\"@type\":\"ImageObject\",\"inLanguage\":\"it-IT\",\"@id\":\"https:\\\/\\\/secure.gravatar.com\\\/avatar\\\/2fcdf27c78ea025fbdb44e914cc63c72249ffec9dc8aafd5c82b26240ef3f346?s=96&d=mm&r=g\",\"url\":\"https:\\\/\\\/secure.gravatar.com\\\/avatar\\\/2fcdf27c78ea025fbdb44e914cc63c72249ffec9dc8aafd5c82b26240ef3f346?s=96&d=mm&r=g\",\"contentUrl\":\"https:\\\/\\\/secure.gravatar.com\\\/avatar\\\/2fcdf27c78ea025fbdb44e914cc63c72249ffec9dc8aafd5c82b26240ef3f346?s=96&d=mm&r=g\",\"caption\":\"Redazione\"},\"url\":\"https:\\\/\\\/www.rassegnastampa-totustuus.it\\\/cattolica\\\/author\\\/pietroelle\\\/\"}]}<\/script>\n<!-- \/ Yoast SEO plugin. -->","yoast_head_json":{"title":"La colpevole indifferenza dei cristiani - Rassegna Stampa Cattolica","description":"Rassegna Stampa Cattolica - Per una cultura che nasce dalla Rivelazione cristiana in conformit\u00e0 alla tradizione e al Magistero della Chiesa in opposizione ad ogni relativismo e totalitarismo","robots":{"index":"index","follow":"follow","max-snippet":"max-snippet:-1","max-image-preview":"max-image-preview:large","max-video-preview":"max-video-preview:-1"},"canonical":"https:\/\/www.rassegnastampa-totustuus.it\/cattolica\/la-colpevole-indifferenza-dei-cristiani\/","og_locale":"it_IT","og_type":"article","og_title":"La colpevole indifferenza dei cristiani - Rassegna Stampa Cattolica","og_description":"Rassegna Stampa Cattolica - Per una cultura che nasce dalla Rivelazione cristiana in conformit\u00e0 alla tradizione e al Magistero della Chiesa in opposizione ad ogni relativismo e totalitarismo","og_url":"https:\/\/www.rassegnastampa-totustuus.it\/cattolica\/la-colpevole-indifferenza-dei-cristiani\/","og_site_name":"Rassegna Stampa Cattolica","article_publisher":"https:\/\/www.facebook.com\/rassegnastampacattolica","article_published_time":"2009-10-28T23:00:00+00:00","article_modified_time":"2016-03-01T10:45:46+00:00","og_image":[{"width":259,"height":194,"url":"https:\/\/www.rassegnastampa-totustuus.it\/cattolica\/wp-content\/uploads\/2009\/10\/cristiani_Sudan.jpg","type":"image\/jpeg"}],"author":"Redazione","twitter_card":"summary_large_image","twitter_creator":"@rassegnastampa9","twitter_site":"@rassegnastampa9","twitter_misc":{"Scritto da":"Redazione","Tempo di lettura stimato":"4 minuti"},"schema":{"@context":"https:\/\/schema.org","@graph":[{"@type":"Article","@id":"https:\/\/www.rassegnastampa-totustuus.it\/cattolica\/la-colpevole-indifferenza-dei-cristiani\/#article","isPartOf":{"@id":"https:\/\/www.rassegnastampa-totustuus.it\/cattolica\/la-colpevole-indifferenza-dei-cristiani\/"},"author":{"name":"Redazione","@id":"https:\/\/www.rassegnastampa-totustuus.it\/cattolica\/#\/schema\/person\/08f319d2bd1a0904ad9e2bfb7b15e5c3"},"headline":"La colpevole indifferenza dei cristiani","datePublished":"2009-10-28T23:00:00+00:00","dateModified":"2016-03-01T10:45:46+00:00","mainEntityOfPage":{"@id":"https:\/\/www.rassegnastampa-totustuus.it\/cattolica\/la-colpevole-indifferenza-dei-cristiani\/"},"wordCount":879,"publisher":{"@id":"https:\/\/www.rassegnastampa-totustuus.it\/cattolica\/#organization"},"image":{"@id":"https:\/\/www.rassegnastampa-totustuus.it\/cattolica\/la-colpevole-indifferenza-dei-cristiani\/#primaryimage"},"thumbnailUrl":"https:\/\/www.rassegnastampa-totustuus.it\/cattolica\/wp-content\/uploads\/2009\/10\/cristiani_Sudan.jpg","keywords":["cristiani nell'Islam","Sudan"],"articleSection":["Cristiani nell'islam","Islam"],"inLanguage":"it-IT"},{"@type":"WebPage","@id":"https:\/\/www.rassegnastampa-totustuus.it\/cattolica\/la-colpevole-indifferenza-dei-cristiani\/","url":"https:\/\/www.rassegnastampa-totustuus.it\/cattolica\/la-colpevole-indifferenza-dei-cristiani\/","name":"La colpevole indifferenza dei cristiani - Rassegna Stampa Cattolica","isPartOf":{"@id":"https:\/\/www.rassegnastampa-totustuus.it\/cattolica\/#website"},"primaryImageOfPage":{"@id":"https:\/\/www.rassegnastampa-totustuus.it\/cattolica\/la-colpevole-indifferenza-dei-cristiani\/#primaryimage"},"image":{"@id":"https:\/\/www.rassegnastampa-totustuus.it\/cattolica\/la-colpevole-indifferenza-dei-cristiani\/#primaryimage"},"thumbnailUrl":"https:\/\/www.rassegnastampa-totustuus.it\/cattolica\/wp-content\/uploads\/2009\/10\/cristiani_Sudan.jpg","datePublished":"2009-10-28T23:00:00+00:00","dateModified":"2016-03-01T10:45:46+00:00","description":"Rassegna Stampa Cattolica - Per una cultura che nasce dalla Rivelazione cristiana in conformit\u00e0 alla tradizione e al Magistero della Chiesa in opposizione ad ogni relativismo e totalitarismo","breadcrumb":{"@id":"https:\/\/www.rassegnastampa-totustuus.it\/cattolica\/la-colpevole-indifferenza-dei-cristiani\/#breadcrumb"},"inLanguage":"it-IT","potentialAction":[{"@type":"ReadAction","target":["https:\/\/www.rassegnastampa-totustuus.it\/cattolica\/la-colpevole-indifferenza-dei-cristiani\/"]}]},{"@type":"ImageObject","inLanguage":"it-IT","@id":"https:\/\/www.rassegnastampa-totustuus.it\/cattolica\/la-colpevole-indifferenza-dei-cristiani\/#primaryimage","url":"https:\/\/www.rassegnastampa-totustuus.it\/cattolica\/wp-content\/uploads\/2009\/10\/cristiani_Sudan.jpg","contentUrl":"https:\/\/www.rassegnastampa-totustuus.it\/cattolica\/wp-content\/uploads\/2009\/10\/cristiani_Sudan.jpg","width":259,"height":194},{"@type":"BreadcrumbList","@id":"https:\/\/www.rassegnastampa-totustuus.it\/cattolica\/la-colpevole-indifferenza-dei-cristiani\/#breadcrumb","itemListElement":[{"@type":"ListItem","position":1,"name":"Home","item":"https:\/\/www.rassegnastampa-totustuus.it\/cattolica\/"},{"@type":"ListItem","position":2,"name":"La colpevole indifferenza dei cristiani"}]},{"@type":"WebSite","@id":"https:\/\/www.rassegnastampa-totustuus.it\/cattolica\/#website","url":"https:\/\/www.rassegnastampa-totustuus.it\/cattolica\/","name":"Rassegna Stampa Cattolica","description":"Per una cultura che nasce dalla Rivelazione cristiana in conformit\u00e0 alla tradizione e al Magistero della Chiesa in opposizione ad ogni relativismo e totalitarismo","publisher":{"@id":"https:\/\/www.rassegnastampa-totustuus.it\/cattolica\/#organization"},"alternateName":"Rass. Cattolica","potentialAction":[{"@type":"SearchAction","target":{"@type":"EntryPoint","urlTemplate":"https:\/\/www.rassegnastampa-totustuus.it\/cattolica\/?s={search_term_string}"},"query-input":{"@type":"PropertyValueSpecification","valueRequired":true,"valueName":"search_term_string"}}],"inLanguage":"it-IT"},{"@type":"Organization","@id":"https:\/\/www.rassegnastampa-totustuus.it\/cattolica\/#organization","name":"Rassegna Stampa Cattolica","url":"https:\/\/www.rassegnastampa-totustuus.it\/cattolica\/","logo":{"@type":"ImageObject","inLanguage":"it-IT","@id":"https:\/\/www.rassegnastampa-totustuus.it\/cattolica\/#\/schema\/logo\/image\/","url":"https:\/\/www.rassegnastampa-totustuus.it\/cattolica\/wp-content\/uploads\/2014\/04\/logo-rassegna1.gif","contentUrl":"https:\/\/www.rassegnastampa-totustuus.it\/cattolica\/wp-content\/uploads\/2014\/04\/logo-rassegna1.gif","width":600,"height":163,"caption":"Rassegna Stampa Cattolica"},"image":{"@id":"https:\/\/www.rassegnastampa-totustuus.it\/cattolica\/#\/schema\/logo\/image\/"},"sameAs":["https:\/\/www.facebook.com\/rassegnastampacattolica","https:\/\/x.com\/rassegnastampa9"]},{"@type":"Person","@id":"https:\/\/www.rassegnastampa-totustuus.it\/cattolica\/#\/schema\/person\/08f319d2bd1a0904ad9e2bfb7b15e5c3","name":"Redazione","image":{"@type":"ImageObject","inLanguage":"it-IT","@id":"https:\/\/secure.gravatar.com\/avatar\/2fcdf27c78ea025fbdb44e914cc63c72249ffec9dc8aafd5c82b26240ef3f346?s=96&d=mm&r=g","url":"https:\/\/secure.gravatar.com\/avatar\/2fcdf27c78ea025fbdb44e914cc63c72249ffec9dc8aafd5c82b26240ef3f346?s=96&d=mm&r=g","contentUrl":"https:\/\/secure.gravatar.com\/avatar\/2fcdf27c78ea025fbdb44e914cc63c72249ffec9dc8aafd5c82b26240ef3f346?s=96&d=mm&r=g","caption":"Redazione"},"url":"https:\/\/www.rassegnastampa-totustuus.it\/cattolica\/author\/pietroelle\/"}]}},"_links":{"self":[{"href":"https:\/\/www.rassegnastampa-totustuus.it\/cattolica\/wp-json\/wp\/v2\/posts\/3520","targetHints":{"allow":["GET"]}}],"collection":[{"href":"https:\/\/www.rassegnastampa-totustuus.it\/cattolica\/wp-json\/wp\/v2\/posts"}],"about":[{"href":"https:\/\/www.rassegnastampa-totustuus.it\/cattolica\/wp-json\/wp\/v2\/types\/post"}],"author":[{"embeddable":true,"href":"https:\/\/www.rassegnastampa-totustuus.it\/cattolica\/wp-json\/wp\/v2\/users\/6"}],"replies":[{"embeddable":true,"href":"https:\/\/www.rassegnastampa-totustuus.it\/cattolica\/wp-json\/wp\/v2\/comments?post=3520"}],"version-history":[{"count":4,"href":"https:\/\/www.rassegnastampa-totustuus.it\/cattolica\/wp-json\/wp\/v2\/posts\/3520\/revisions"}],"predecessor-version":[{"id":31190,"href":"https:\/\/www.rassegnastampa-totustuus.it\/cattolica\/wp-json\/wp\/v2\/posts\/3520\/revisions\/31190"}],"wp:featuredmedia":[{"embeddable":true,"href":"https:\/\/www.rassegnastampa-totustuus.it\/cattolica\/wp-json\/wp\/v2\/media\/31189"}],"wp:attachment":[{"href":"https:\/\/www.rassegnastampa-totustuus.it\/cattolica\/wp-json\/wp\/v2\/media?parent=3520"}],"wp:term":[{"taxonomy":"category","embeddable":true,"href":"https:\/\/www.rassegnastampa-totustuus.it\/cattolica\/wp-json\/wp\/v2\/categories?post=3520"},{"taxonomy":"post_tag","embeddable":true,"href":"https:\/\/www.rassegnastampa-totustuus.it\/cattolica\/wp-json\/wp\/v2\/tags?post=3520"}],"curies":[{"name":"wp","href":"https:\/\/api.w.org\/{rel}","templated":true}]}}