{"id":35199,"date":"2016-06-23T00:00:59","date_gmt":"2016-06-22T22:00:59","guid":{"rendered":"http:\/\/www.rassegnastampa-totustuus.it\/cattolica\/?p=35199"},"modified":"2016-06-21T12:28:49","modified_gmt":"2016-06-21T10:28:49","slug":"il-nazismo-perseguito-gli-omosessuali-ma-in-origine","status":"publish","type":"post","link":"https:\/\/www.rassegnastampa-totustuus.it\/cattolica\/il-nazismo-perseguito-gli-omosessuali-ma-in-origine\/","title":{"rendered":"Il nazismo perseguit\u00f2 gli omosessuali. Ma in origine&#8230;"},"content":{"rendered":"<p style=\"text-align: center;\"><strong><img loading=\"lazy\" decoding=\"async\" class=\"alignleft wp-image-35200\" src=\"https:\/\/www.rassegnastampa-totustuus.it\/cattolica\/wp-content\/uploads\/2016\/06\/nazisti.jpg\" alt=\"nazisti\" width=\"250\" height=\"161\" \/>La Nuova Bussola quotidiana<\/strong><\/p>\n<p style=\"text-align: center;\">21 giugno 2016<\/p>\n<p style=\"text-align: center;\">di <strong>Luigi Strippoli<\/strong><\/p>\n<p style=\"text-align: justify;\">Gentile direttore,<\/p>\n<p style=\"text-align: justify;\">la strage di Orlando \u00e8 l&#8217;ennesima dimostrazione che oggi, quando si parla di omosessualit\u00e0, bisogna cambiare le carte in tavola. Infatti, da principio, la strage \u00e8 stata presentata come figlia della cosiddetta omofobia; per questo Ivan Scalfarotto, renziano del Pd, con metodi che qualcuno definisce da &#8220;gaystapo&#8221;, ha immediatamente invocato draconiane leggi speciali contro gli omofobi (leggi: contro tutti coloro che non accettano ideologia gender e matrimonio omosessuale). Poi, piano piano, si \u00e8 svelata un&#8217;altra verit\u00e0: l&#8217;assassino non \u00e8 un devoto cristiano intransigente, come sembrava di capire leggendo certe cronache leggermente faziose e interessate, ma un islamico, frequentatore assiduo di locali gay, e gay anch&#8217;egli.<\/p>\n<p style=\"text-align: justify;\"><!--more--><\/p>\n<p style=\"text-align: justify;\"><strong>Anche se andiamo indietro nella storia<\/strong>, la tendenza di oggi \u00e8 a falsificare. Vorrei fare un esempio: come viene raccontato dai media il rapporto tra nazismo e omosessualit\u00e0?<\/p>\n<p style=\"text-align: justify;\"><strong>Dimentichi, in tanti, che sotto molti regimi comunisti<\/strong> gli omosessuali venivano condannati a morte solo pochi decenni orsono, di solito si presenta il nazionalsocialismo come un regime che ha fatto della persecuzione degli omosessuali una delle sue cifre pi\u00f9 specifiche. Cos\u00ec, per miracolo, mentre dalla lista dei perseguitati dal nazismo scompaiono di norma i cattolici, vi compaiono, al fianco degli ebrei, gli omosessuali. Dire che gli omosessuali sono stati sempre perseguitati, e dal nazismo in particolare, serve al disegno di farne una categoria protetta e privilegiata (cui spetterebbe il diritto, per dirne una, di affittare gli uteri delle donne e di bollare come omofobi i contrari a questa pratica).<\/p>\n<p style=\"text-align: justify;\"><strong>Ma cosa sappiamo dalla storia<\/strong> sul rapporto nazismo-omosessualismo? All&#8217;inizio del Novecento la Germania ha una caratteristica che la rende unica: godono di grande diffusione, ben pi\u00f9 che altrove, astrologia, dottrine della reincarnazione, associazioni nudiste e vegetariane, e comunit\u00e0 omosessuali. Molti di questi ingredienti li ritroveremo, variamente combinati, nella vita di alcuni gerarchi. Hitler, per esempio, \u00e8 vegetariano, crede nella reincarnazione e consulta maghi ed oroscopi; Rudolf Hess \u00e8 un appassionato di magnetismo, ipnosi, medicamenti e droghe di natura omeopatica e pendoli divinatori&#8230;<\/p>\n<p style=\"text-align: justify;\"><strong>Nella citt\u00e0 di Berlino<\/strong> l&#8217;omosessualit\u00e0, scrive il grande storico ebreo ed omosessuale George Mosse, nel pi\u00f9 celebre studio sul tema, <em>Sessualit\u00e0 e nazionalismo<\/em> (Laterza, Roma-Bari, 1996), \u00e8 ostentata e &#8220;i bar per omosessuali passarono da quaranta nel 1914 a 80 nel 1929&#8221; (p. 150). L&#8217;omosessualit\u00e0 gode di notevole prestigio, insieme al nudismo, che sar\u00e0 mantenuto nei campi delle giovani SS, in buona parte del mondo militare e nazionalista tedesco.<\/p>\n<p style=\"text-align: justify;\"><strong>Questo \u00e8 certamente dovuto alle esperienze di cameratismo<\/strong> tra soli uomini, proprie dell&#8217;esercito e poi della Grande Guerra, ma anche alla convinzione, diffusa da alcuni scrittori omosessuali, secondo cui &#8220;lo spirito di cameratismo&#8221; degli omosessuali, fa di loro &#8220;i migliori soldati&#8221;. Per questi sostenitori dell&#8217;orgoglio omosessuale, gli omosessuali costituiscono &#8220;il fiore della virilit\u00e0&#8221;(p. 45-47), e il loro corpi nudi sono simbolo di forza, coraggio, sprezzo degli pseudo-valori borghesi e cristiani (pudore, riservatezza&#8230;). Movimenti nudisti ed omosessualisti tedeschi, nota il Mosse, si collocano per lo pi\u00f9 a destra, predicano una visione anti femminile, propria di gran parte della cultura nazionalista, e professano dottrine razziste.<\/p>\n<p style=\"text-align: justify;\"><strong>Personalit\u00e0 come lo scrittore Hans Bl\u00fcher,<\/strong> l&#8217;artista Elisar von Kupffer o il medico Karl-G\u00fcnther Heimsoth (l&#8217;inventore del termine &#8220;omofilia&#8221;), simpatizzano apertamente per il partito nazista, che pu\u00f2 allora contare su un braccio armato, le SA, guidato da personalit\u00e0 notoriamente omosessuali. Il capo delle SA, l&#8217;uomo pi\u00f9 potente del partito insieme a Hitler, \u00e8 Ernst R\u00f6hm: un omosessuale notorio, come molti altri capi delle SA. Scrive Mosse: &#8220;Nel 1932 Hitler aveva difeso con vigore R\u00f6hm quando costui era stato pubblicamente accusato di corrompere la giovent\u00f9 abusando del grado di comandante per sedurre alcuni dei suoi uomini&#8221;.<\/p>\n<p style=\"text-align: justify;\"><strong>Hitler sa perfettamente che tra i giovani infatuati di lui<\/strong> e pronti a seguirlo sino alla morte, vi sono, come annota anche Joachim Fest nel suo <em>Il volto del Terzo Reich<\/em> (Mursia, Milano, 2011) molti omosessuali. Fest, che \u00e8 uno degli storici pi\u00f9 famosi ed accreditati del nazismo, sottolinea l&#8217; &#8220;impronta tipicamente omosessuale delle SA&#8221;, e mette in luce come i primi nazisti siano di norma apolidi e sradicati che disdegnano &#8220;i legami solidi e quindi anche quelli con la donna e con la famiglia&#8221;, vedendo nella donna il mezzo per procreare, ma nell&#8217;amore omoerotico una dignit\u00e0 superiore (p. p. 228, 413-414).<\/p>\n<p style=\"text-align: justify;\"><strong>Questo legame tra omosessualit\u00e0 e nazismo<\/strong>, viene denunciato all&#8217;epoca sia da oppositori di sinistra, sia da polemisti cattolici, e sar\u00e0 confermato dalla storiografia successiva (e da film come <em>La caduta degli dei<\/em>, di Luchino Visconti, notorio omosessuale, che per\u00f2 presenta degenerazione morale nazista e pratica dell&#8217;omosessualit\u00e0 come connessi tra loro).<\/p>\n<p style=\"text-align: justify;\">Se tutto questo \u00e8 vero, cosa incrina questo rapporto?<\/p>\n<p style=\"text-align: justify;\"><strong>Gli storici conoscono bene<\/strong> la successione dei fatti: una volta giunto al potere il nazismo, tra Hitler e le SA che lo hanno accompagnato sin l\u00ec, si crea una forte rivalit\u00e0. Ernst R\u00f6hm, l&#8217;uomo pi\u00f9 forte del partito dopo Hitler, aspira ad un duumvirato, e vuole imporre la sua visione, meno cauta di quella dell&#8217;amico Adolf, sui rapporti con l&#8217;esercito regolare, l&#8217;economia, la borghesia tedesca&#8230; A questo punto, siamo nel 1934, Hitler decide di anticipare eventuali mosse dell&#8217;amico, utilizzando, per screditarlo, l&#8217;accusa infamante, che ha sino ad allora coperto. Dichiara: &#8220;R\u00f6hm e i capi delle SA sono omosessuali e pedofili&#8221;. Quello che tutti nel partito sanno, viene ora denunciato da chi dalle SA ha ricevuto benefici, potere e l&#8217;aiuto per raggiungere il potere.<\/p>\n<p style=\"text-align: justify;\"><strong>Come scrive Wikipedia, alla voce &#8220;Storia degli omosessuali nella Germania nazista<\/strong> e durante l&#8217;olocausto&#8221;, &#8220;l&#8217;omosessualit\u00e0 di R\u00f6hm, che non aveva costituito un ostacolo alla sua carriera fino a quando egli era stato in sintonia con le gerarchie naziste, divenne cos\u00ec all&#8217;improvviso un utile pretesto per giustificarne l&#8217;eliminazione fisica e la necessit\u00e0 della &#8220;purga&#8221; del suo &#8220;corrotto&#8221; entourage&#8221;. Il quotidiano francese <em>Le Temps<\/em>, il 3 luglio 1934, annota: &#8220;Il boia (Hitler) diventa pudico. Non solo uccide: predica. Ha tollerato lo stupro e l&#8217;orgia e, quando ritiene di dover difendere se stesso, colpisce in nome della virt\u00f9&#8230;&#8221;.<\/p>\n<p style=\"text-align: justify;\"><strong>Nella celeberrima &#8220;notte dei lunghi coltelli&#8221;,<\/strong> regolamento di conti all&#8217;interno del partito nazista, molti capi delle SA vengono uccisi mentre, godendo di alcuni giorni di vacanza concessa dal capo R\u00f6hm, si stanno divertendo con alcuni commilitoni o con alcuni giovani ragazzi. Lo storico francese Max Gallo, ne <em>La notte dei lunghi coltelli<\/em>, (Mondadori, Milano, 1999), descrive una notte tipica di R\u00f6hm e degli altri capi delle SA, &#8220;scelti in base a criteri sessuali&#8221;: dopo abbondanti bevute, &#8220;per tutta la notte ha partecipato all&#8217;orgia con i suoi Lustknaben, i suoi amati giovinetti&#8221;.<\/p>\n<p style=\"text-align: justify;\"><strong>Hitler, che \u00e8, dal canto suo<\/strong>, un perverso maniaco sessuale che ha spinto la cugina sino al suicidio, pu\u00f2 dunque costruire, da questo momento, una nuova accusa, del tutto strumentale, per i suoi antichi amici, divenuti avversari: &#8220;omossessuali e pedofili!&#8221; L&#8217;accusa diventer\u00e0 micidiale tra le mani di Himmler, che \u00e8 stato un subalterno di R\u00f6hm, che ha una visione politica diversa dalla sua, che ha un rapporto irrisolto con la sua stessa sessualit\u00e0, e che ritiene l&#8217;omosessualit\u00e0 dannosa perch\u00e8 porta all&#8217;estinzione della razza. Cos\u00ec, ricorda il Mosse, la storia stessa delle SA verr\u00e0 poi riscritta e il nazismo, nonostante i suoi gerarchi siano spesso accaniti frequentatori di bordello, spregiatori della famiglia e della donna, comincia a tessere l&#8217;elogio della famiglia, e, con il tempo, a contemplare l&#8217;idea di incentivare le relazioni extramatrimoniali, il libertinaggio sessuale degli uomini, e la prostituzione, per permettere la nascita di un maggior numero di tedeschi, di futuri soldati.<\/p>\n<p style=\"text-align: justify;\"><strong>La persecuzione degli omosessuali,<\/strong> sino a qui ben rappresentati nel partito, si afferma soprattutto con lo scoppio della Seconda Guerra Mondiale, per due motivi: la presenza di omosessuali tra le file del partito e dell&#8217;esercito \u00e8 ora sentita come una minaccia per la forza numerica della nazione e perch\u00e8 crea lobbies e legami sotterranei che possono sfuggire al partito (non cos\u00ec il lesbismo, che non viene perseguito); l&#8217;accusa di omosessualit\u00e0 e di pedofilia diventa anche la pi\u00f9 comoda per eliminare gli oppositori, senza tanti processi. Cos\u00ec, sotto l&#8217;accusa di omosessualit\u00e0, cadono anche avversari politici e sacerdoti cattolici, da screditare anche agli occhi dei loro fedeli, perch\u00e8 rei di essersi opposti al regime, e che quindi finiranno nei campi di concentramento, con un loro triangolo rosa cucito addosso, pur non essendo affatto omosessuali (Mosse, p. 188-189).<\/p>\n","protected":false},"excerpt":{"rendered":"<p>La Nuova Bussola quotidiana 21 giugno 2016 di Luigi Strippoli Gentile direttore, la strage di Orlando \u00e8 l&#8217;ennesima dimostrazione che oggi, quando si parla di omosessualit\u00e0, bisogna cambiare le carte in tavola. Infatti, da principio, la strage \u00e8 stata presentata come figlia della cosiddetta omofobia; per questo Ivan Scalfarotto, renziano del Pd, con metodi che &hellip; <\/p>\n<p><a class=\"more-link btn\" href=\"https:\/\/www.rassegnastampa-totustuus.it\/cattolica\/il-nazismo-perseguito-gli-omosessuali-ma-in-origine\/\">Continua a leggere<\/a><\/p>\n","protected":false},"author":6,"featured_media":35200,"comment_status":"closed","ping_status":"closed","sticky":false,"template":"","format":"standard","meta":{"footnotes":""},"categories":[94,48],"tags":[2466,2467],"class_list":["post-35199","post","type-post","status-publish","format-standard","has-post-thumbnail","hentry","category-nazionalsocialismo","category-omosessualit","tag-ernst-rohm","tag-sa","item-wrap"],"yoast_head":"<!-- This site is optimized with the Yoast SEO plugin v27.5 - https:\/\/yoast.com\/product\/yoast-seo-wordpress\/ -->\n<title>Il nazismo perseguit\u00f2 gli omosessuali. Ma in origine... - Rassegna Stampa Cattolica<\/title>\n<meta name=\"description\" content=\"Rassegna Stampa Cattolica - Per una cultura che nasce dalla Rivelazione cristiana in conformit\u00e0 alla tradizione e al Magistero della Chiesa in opposizione ad ogni relativismo e totalitarismo\" \/>\n<meta name=\"robots\" content=\"index, follow, max-snippet:-1, max-image-preview:large, max-video-preview:-1\" \/>\n<link rel=\"canonical\" href=\"https:\/\/www.rassegnastampa-totustuus.it\/cattolica\/il-nazismo-perseguito-gli-omosessuali-ma-in-origine\/\" \/>\n<meta property=\"og:locale\" content=\"it_IT\" \/>\n<meta property=\"og:type\" content=\"article\" \/>\n<meta property=\"og:title\" content=\"Il nazismo perseguit\u00f2 gli omosessuali. Ma in origine... - Rassegna Stampa Cattolica\" \/>\n<meta property=\"og:description\" content=\"Rassegna Stampa Cattolica - Per una cultura che nasce dalla Rivelazione cristiana in conformit\u00e0 alla tradizione e al Magistero della Chiesa in opposizione ad ogni relativismo e totalitarismo\" \/>\n<meta property=\"og:url\" content=\"https:\/\/www.rassegnastampa-totustuus.it\/cattolica\/il-nazismo-perseguito-gli-omosessuali-ma-in-origine\/\" \/>\n<meta property=\"og:site_name\" content=\"Rassegna Stampa Cattolica\" \/>\n<meta property=\"article:publisher\" content=\"https:\/\/www.facebook.com\/rassegnastampacattolica\" \/>\n<meta property=\"article:published_time\" content=\"2016-06-22T22:00:59+00:00\" \/>\n<meta property=\"og:image\" content=\"https:\/\/www.rassegnastampa-totustuus.it\/cattolica\/wp-content\/uploads\/2016\/06\/nazisti.jpg\" \/>\n\t<meta property=\"og:image:width\" content=\"280\" \/>\n\t<meta property=\"og:image:height\" content=\"180\" \/>\n\t<meta property=\"og:image:type\" content=\"image\/jpeg\" \/>\n<meta name=\"author\" content=\"Redazione\" \/>\n<meta name=\"twitter:card\" content=\"summary_large_image\" \/>\n<meta name=\"twitter:creator\" content=\"@rassegnastampa9\" \/>\n<meta name=\"twitter:site\" content=\"@rassegnastampa9\" \/>\n<meta name=\"twitter:label1\" content=\"Scritto da\" \/>\n\t<meta name=\"twitter:data1\" content=\"Redazione\" \/>\n\t<meta name=\"twitter:label2\" content=\"Tempo di lettura stimato\" \/>\n\t<meta name=\"twitter:data2\" content=\"7 minuti\" \/>\n<script type=\"application\/ld+json\" class=\"yoast-schema-graph\">{\"@context\":\"https:\\\/\\\/schema.org\",\"@graph\":[{\"@type\":\"Article\",\"@id\":\"https:\\\/\\\/www.rassegnastampa-totustuus.it\\\/cattolica\\\/il-nazismo-perseguito-gli-omosessuali-ma-in-origine\\\/#article\",\"isPartOf\":{\"@id\":\"https:\\\/\\\/www.rassegnastampa-totustuus.it\\\/cattolica\\\/il-nazismo-perseguito-gli-omosessuali-ma-in-origine\\\/\"},\"author\":{\"name\":\"Redazione\",\"@id\":\"https:\\\/\\\/www.rassegnastampa-totustuus.it\\\/cattolica\\\/#\\\/schema\\\/person\\\/08f319d2bd1a0904ad9e2bfb7b15e5c3\"},\"headline\":\"Il nazismo perseguit\u00f2 gli omosessuali. Ma in origine&#8230;\",\"datePublished\":\"2016-06-22T22:00:59+00:00\",\"mainEntityOfPage\":{\"@id\":\"https:\\\/\\\/www.rassegnastampa-totustuus.it\\\/cattolica\\\/il-nazismo-perseguito-gli-omosessuali-ma-in-origine\\\/\"},\"wordCount\":1388,\"publisher\":{\"@id\":\"https:\\\/\\\/www.rassegnastampa-totustuus.it\\\/cattolica\\\/#organization\"},\"image\":{\"@id\":\"https:\\\/\\\/www.rassegnastampa-totustuus.it\\\/cattolica\\\/il-nazismo-perseguito-gli-omosessuali-ma-in-origine\\\/#primaryimage\"},\"thumbnailUrl\":\"https:\\\/\\\/www.rassegnastampa-totustuus.it\\\/cattolica\\\/wp-content\\\/uploads\\\/2016\\\/06\\\/nazisti.jpg\",\"keywords\":[\"Ernst R\u00f6hm\",\"SA\"],\"articleSection\":[\"Nazionalsocialismo\",\"Omosessualit&agrave;\"],\"inLanguage\":\"it-IT\"},{\"@type\":\"WebPage\",\"@id\":\"https:\\\/\\\/www.rassegnastampa-totustuus.it\\\/cattolica\\\/il-nazismo-perseguito-gli-omosessuali-ma-in-origine\\\/\",\"url\":\"https:\\\/\\\/www.rassegnastampa-totustuus.it\\\/cattolica\\\/il-nazismo-perseguito-gli-omosessuali-ma-in-origine\\\/\",\"name\":\"Il nazismo perseguit\u00f2 gli omosessuali. Ma in origine... - Rassegna Stampa Cattolica\",\"isPartOf\":{\"@id\":\"https:\\\/\\\/www.rassegnastampa-totustuus.it\\\/cattolica\\\/#website\"},\"primaryImageOfPage\":{\"@id\":\"https:\\\/\\\/www.rassegnastampa-totustuus.it\\\/cattolica\\\/il-nazismo-perseguito-gli-omosessuali-ma-in-origine\\\/#primaryimage\"},\"image\":{\"@id\":\"https:\\\/\\\/www.rassegnastampa-totustuus.it\\\/cattolica\\\/il-nazismo-perseguito-gli-omosessuali-ma-in-origine\\\/#primaryimage\"},\"thumbnailUrl\":\"https:\\\/\\\/www.rassegnastampa-totustuus.it\\\/cattolica\\\/wp-content\\\/uploads\\\/2016\\\/06\\\/nazisti.jpg\",\"datePublished\":\"2016-06-22T22:00:59+00:00\",\"description\":\"Rassegna Stampa Cattolica - Per una cultura che nasce dalla Rivelazione cristiana in conformit\u00e0 alla tradizione e al Magistero della Chiesa in opposizione ad ogni relativismo e totalitarismo\",\"breadcrumb\":{\"@id\":\"https:\\\/\\\/www.rassegnastampa-totustuus.it\\\/cattolica\\\/il-nazismo-perseguito-gli-omosessuali-ma-in-origine\\\/#breadcrumb\"},\"inLanguage\":\"it-IT\",\"potentialAction\":[{\"@type\":\"ReadAction\",\"target\":[\"https:\\\/\\\/www.rassegnastampa-totustuus.it\\\/cattolica\\\/il-nazismo-perseguito-gli-omosessuali-ma-in-origine\\\/\"]}]},{\"@type\":\"ImageObject\",\"inLanguage\":\"it-IT\",\"@id\":\"https:\\\/\\\/www.rassegnastampa-totustuus.it\\\/cattolica\\\/il-nazismo-perseguito-gli-omosessuali-ma-in-origine\\\/#primaryimage\",\"url\":\"https:\\\/\\\/www.rassegnastampa-totustuus.it\\\/cattolica\\\/wp-content\\\/uploads\\\/2016\\\/06\\\/nazisti.jpg\",\"contentUrl\":\"https:\\\/\\\/www.rassegnastampa-totustuus.it\\\/cattolica\\\/wp-content\\\/uploads\\\/2016\\\/06\\\/nazisti.jpg\",\"width\":280,\"height\":180},{\"@type\":\"BreadcrumbList\",\"@id\":\"https:\\\/\\\/www.rassegnastampa-totustuus.it\\\/cattolica\\\/il-nazismo-perseguito-gli-omosessuali-ma-in-origine\\\/#breadcrumb\",\"itemListElement\":[{\"@type\":\"ListItem\",\"position\":1,\"name\":\"Home\",\"item\":\"https:\\\/\\\/www.rassegnastampa-totustuus.it\\\/cattolica\\\/\"},{\"@type\":\"ListItem\",\"position\":2,\"name\":\"Il nazismo perseguit\u00f2 gli omosessuali. Ma in origine&#8230;\"}]},{\"@type\":\"WebSite\",\"@id\":\"https:\\\/\\\/www.rassegnastampa-totustuus.it\\\/cattolica\\\/#website\",\"url\":\"https:\\\/\\\/www.rassegnastampa-totustuus.it\\\/cattolica\\\/\",\"name\":\"Rassegna Stampa Cattolica\",\"description\":\"Per una cultura che nasce dalla Rivelazione cristiana in conformit\u00e0 alla tradizione e al Magistero della Chiesa in opposizione ad ogni relativismo e totalitarismo\",\"publisher\":{\"@id\":\"https:\\\/\\\/www.rassegnastampa-totustuus.it\\\/cattolica\\\/#organization\"},\"alternateName\":\"Rass. Cattolica\",\"potentialAction\":[{\"@type\":\"SearchAction\",\"target\":{\"@type\":\"EntryPoint\",\"urlTemplate\":\"https:\\\/\\\/www.rassegnastampa-totustuus.it\\\/cattolica\\\/?s={search_term_string}\"},\"query-input\":{\"@type\":\"PropertyValueSpecification\",\"valueRequired\":true,\"valueName\":\"search_term_string\"}}],\"inLanguage\":\"it-IT\"},{\"@type\":\"Organization\",\"@id\":\"https:\\\/\\\/www.rassegnastampa-totustuus.it\\\/cattolica\\\/#organization\",\"name\":\"Rassegna Stampa Cattolica\",\"url\":\"https:\\\/\\\/www.rassegnastampa-totustuus.it\\\/cattolica\\\/\",\"logo\":{\"@type\":\"ImageObject\",\"inLanguage\":\"it-IT\",\"@id\":\"https:\\\/\\\/www.rassegnastampa-totustuus.it\\\/cattolica\\\/#\\\/schema\\\/logo\\\/image\\\/\",\"url\":\"https:\\\/\\\/www.rassegnastampa-totustuus.it\\\/cattolica\\\/wp-content\\\/uploads\\\/2014\\\/04\\\/logo-rassegna1.gif\",\"contentUrl\":\"https:\\\/\\\/www.rassegnastampa-totustuus.it\\\/cattolica\\\/wp-content\\\/uploads\\\/2014\\\/04\\\/logo-rassegna1.gif\",\"width\":600,\"height\":163,\"caption\":\"Rassegna Stampa Cattolica\"},\"image\":{\"@id\":\"https:\\\/\\\/www.rassegnastampa-totustuus.it\\\/cattolica\\\/#\\\/schema\\\/logo\\\/image\\\/\"},\"sameAs\":[\"https:\\\/\\\/www.facebook.com\\\/rassegnastampacattolica\",\"https:\\\/\\\/x.com\\\/rassegnastampa9\"]},{\"@type\":\"Person\",\"@id\":\"https:\\\/\\\/www.rassegnastampa-totustuus.it\\\/cattolica\\\/#\\\/schema\\\/person\\\/08f319d2bd1a0904ad9e2bfb7b15e5c3\",\"name\":\"Redazione\",\"image\":{\"@type\":\"ImageObject\",\"inLanguage\":\"it-IT\",\"@id\":\"https:\\\/\\\/secure.gravatar.com\\\/avatar\\\/2fcdf27c78ea025fbdb44e914cc63c72249ffec9dc8aafd5c82b26240ef3f346?s=96&d=mm&r=g\",\"url\":\"https:\\\/\\\/secure.gravatar.com\\\/avatar\\\/2fcdf27c78ea025fbdb44e914cc63c72249ffec9dc8aafd5c82b26240ef3f346?s=96&d=mm&r=g\",\"contentUrl\":\"https:\\\/\\\/secure.gravatar.com\\\/avatar\\\/2fcdf27c78ea025fbdb44e914cc63c72249ffec9dc8aafd5c82b26240ef3f346?s=96&d=mm&r=g\",\"caption\":\"Redazione\"},\"url\":\"https:\\\/\\\/www.rassegnastampa-totustuus.it\\\/cattolica\\\/author\\\/pietroelle\\\/\"}]}<\/script>\n<!-- \/ Yoast SEO plugin. -->","yoast_head_json":{"title":"Il nazismo perseguit\u00f2 gli omosessuali. Ma in origine... - Rassegna Stampa Cattolica","description":"Rassegna Stampa Cattolica - Per una cultura che nasce dalla Rivelazione cristiana in conformit\u00e0 alla tradizione e al Magistero della Chiesa in opposizione ad ogni relativismo e totalitarismo","robots":{"index":"index","follow":"follow","max-snippet":"max-snippet:-1","max-image-preview":"max-image-preview:large","max-video-preview":"max-video-preview:-1"},"canonical":"https:\/\/www.rassegnastampa-totustuus.it\/cattolica\/il-nazismo-perseguito-gli-omosessuali-ma-in-origine\/","og_locale":"it_IT","og_type":"article","og_title":"Il nazismo perseguit\u00f2 gli omosessuali. Ma in origine... - Rassegna Stampa Cattolica","og_description":"Rassegna Stampa Cattolica - Per una cultura che nasce dalla Rivelazione cristiana in conformit\u00e0 alla tradizione e al Magistero della Chiesa in opposizione ad ogni relativismo e totalitarismo","og_url":"https:\/\/www.rassegnastampa-totustuus.it\/cattolica\/il-nazismo-perseguito-gli-omosessuali-ma-in-origine\/","og_site_name":"Rassegna Stampa Cattolica","article_publisher":"https:\/\/www.facebook.com\/rassegnastampacattolica","article_published_time":"2016-06-22T22:00:59+00:00","og_image":[{"width":280,"height":180,"url":"https:\/\/www.rassegnastampa-totustuus.it\/cattolica\/wp-content\/uploads\/2016\/06\/nazisti.jpg","type":"image\/jpeg"}],"author":"Redazione","twitter_card":"summary_large_image","twitter_creator":"@rassegnastampa9","twitter_site":"@rassegnastampa9","twitter_misc":{"Scritto da":"Redazione","Tempo di lettura stimato":"7 minuti"},"schema":{"@context":"https:\/\/schema.org","@graph":[{"@type":"Article","@id":"https:\/\/www.rassegnastampa-totustuus.it\/cattolica\/il-nazismo-perseguito-gli-omosessuali-ma-in-origine\/#article","isPartOf":{"@id":"https:\/\/www.rassegnastampa-totustuus.it\/cattolica\/il-nazismo-perseguito-gli-omosessuali-ma-in-origine\/"},"author":{"name":"Redazione","@id":"https:\/\/www.rassegnastampa-totustuus.it\/cattolica\/#\/schema\/person\/08f319d2bd1a0904ad9e2bfb7b15e5c3"},"headline":"Il nazismo perseguit\u00f2 gli omosessuali. Ma in origine&#8230;","datePublished":"2016-06-22T22:00:59+00:00","mainEntityOfPage":{"@id":"https:\/\/www.rassegnastampa-totustuus.it\/cattolica\/il-nazismo-perseguito-gli-omosessuali-ma-in-origine\/"},"wordCount":1388,"publisher":{"@id":"https:\/\/www.rassegnastampa-totustuus.it\/cattolica\/#organization"},"image":{"@id":"https:\/\/www.rassegnastampa-totustuus.it\/cattolica\/il-nazismo-perseguito-gli-omosessuali-ma-in-origine\/#primaryimage"},"thumbnailUrl":"https:\/\/www.rassegnastampa-totustuus.it\/cattolica\/wp-content\/uploads\/2016\/06\/nazisti.jpg","keywords":["Ernst R\u00f6hm","SA"],"articleSection":["Nazionalsocialismo","Omosessualit&agrave;"],"inLanguage":"it-IT"},{"@type":"WebPage","@id":"https:\/\/www.rassegnastampa-totustuus.it\/cattolica\/il-nazismo-perseguito-gli-omosessuali-ma-in-origine\/","url":"https:\/\/www.rassegnastampa-totustuus.it\/cattolica\/il-nazismo-perseguito-gli-omosessuali-ma-in-origine\/","name":"Il nazismo perseguit\u00f2 gli omosessuali. Ma in origine... - Rassegna Stampa Cattolica","isPartOf":{"@id":"https:\/\/www.rassegnastampa-totustuus.it\/cattolica\/#website"},"primaryImageOfPage":{"@id":"https:\/\/www.rassegnastampa-totustuus.it\/cattolica\/il-nazismo-perseguito-gli-omosessuali-ma-in-origine\/#primaryimage"},"image":{"@id":"https:\/\/www.rassegnastampa-totustuus.it\/cattolica\/il-nazismo-perseguito-gli-omosessuali-ma-in-origine\/#primaryimage"},"thumbnailUrl":"https:\/\/www.rassegnastampa-totustuus.it\/cattolica\/wp-content\/uploads\/2016\/06\/nazisti.jpg","datePublished":"2016-06-22T22:00:59+00:00","description":"Rassegna Stampa Cattolica - Per una cultura che nasce dalla Rivelazione cristiana in conformit\u00e0 alla tradizione e al Magistero della Chiesa in opposizione ad ogni relativismo e totalitarismo","breadcrumb":{"@id":"https:\/\/www.rassegnastampa-totustuus.it\/cattolica\/il-nazismo-perseguito-gli-omosessuali-ma-in-origine\/#breadcrumb"},"inLanguage":"it-IT","potentialAction":[{"@type":"ReadAction","target":["https:\/\/www.rassegnastampa-totustuus.it\/cattolica\/il-nazismo-perseguito-gli-omosessuali-ma-in-origine\/"]}]},{"@type":"ImageObject","inLanguage":"it-IT","@id":"https:\/\/www.rassegnastampa-totustuus.it\/cattolica\/il-nazismo-perseguito-gli-omosessuali-ma-in-origine\/#primaryimage","url":"https:\/\/www.rassegnastampa-totustuus.it\/cattolica\/wp-content\/uploads\/2016\/06\/nazisti.jpg","contentUrl":"https:\/\/www.rassegnastampa-totustuus.it\/cattolica\/wp-content\/uploads\/2016\/06\/nazisti.jpg","width":280,"height":180},{"@type":"BreadcrumbList","@id":"https:\/\/www.rassegnastampa-totustuus.it\/cattolica\/il-nazismo-perseguito-gli-omosessuali-ma-in-origine\/#breadcrumb","itemListElement":[{"@type":"ListItem","position":1,"name":"Home","item":"https:\/\/www.rassegnastampa-totustuus.it\/cattolica\/"},{"@type":"ListItem","position":2,"name":"Il nazismo perseguit\u00f2 gli omosessuali. Ma in origine&#8230;"}]},{"@type":"WebSite","@id":"https:\/\/www.rassegnastampa-totustuus.it\/cattolica\/#website","url":"https:\/\/www.rassegnastampa-totustuus.it\/cattolica\/","name":"Rassegna Stampa Cattolica","description":"Per una cultura che nasce dalla Rivelazione cristiana in conformit\u00e0 alla tradizione e al Magistero della Chiesa in opposizione ad ogni relativismo e totalitarismo","publisher":{"@id":"https:\/\/www.rassegnastampa-totustuus.it\/cattolica\/#organization"},"alternateName":"Rass. Cattolica","potentialAction":[{"@type":"SearchAction","target":{"@type":"EntryPoint","urlTemplate":"https:\/\/www.rassegnastampa-totustuus.it\/cattolica\/?s={search_term_string}"},"query-input":{"@type":"PropertyValueSpecification","valueRequired":true,"valueName":"search_term_string"}}],"inLanguage":"it-IT"},{"@type":"Organization","@id":"https:\/\/www.rassegnastampa-totustuus.it\/cattolica\/#organization","name":"Rassegna Stampa Cattolica","url":"https:\/\/www.rassegnastampa-totustuus.it\/cattolica\/","logo":{"@type":"ImageObject","inLanguage":"it-IT","@id":"https:\/\/www.rassegnastampa-totustuus.it\/cattolica\/#\/schema\/logo\/image\/","url":"https:\/\/www.rassegnastampa-totustuus.it\/cattolica\/wp-content\/uploads\/2014\/04\/logo-rassegna1.gif","contentUrl":"https:\/\/www.rassegnastampa-totustuus.it\/cattolica\/wp-content\/uploads\/2014\/04\/logo-rassegna1.gif","width":600,"height":163,"caption":"Rassegna Stampa Cattolica"},"image":{"@id":"https:\/\/www.rassegnastampa-totustuus.it\/cattolica\/#\/schema\/logo\/image\/"},"sameAs":["https:\/\/www.facebook.com\/rassegnastampacattolica","https:\/\/x.com\/rassegnastampa9"]},{"@type":"Person","@id":"https:\/\/www.rassegnastampa-totustuus.it\/cattolica\/#\/schema\/person\/08f319d2bd1a0904ad9e2bfb7b15e5c3","name":"Redazione","image":{"@type":"ImageObject","inLanguage":"it-IT","@id":"https:\/\/secure.gravatar.com\/avatar\/2fcdf27c78ea025fbdb44e914cc63c72249ffec9dc8aafd5c82b26240ef3f346?s=96&d=mm&r=g","url":"https:\/\/secure.gravatar.com\/avatar\/2fcdf27c78ea025fbdb44e914cc63c72249ffec9dc8aafd5c82b26240ef3f346?s=96&d=mm&r=g","contentUrl":"https:\/\/secure.gravatar.com\/avatar\/2fcdf27c78ea025fbdb44e914cc63c72249ffec9dc8aafd5c82b26240ef3f346?s=96&d=mm&r=g","caption":"Redazione"},"url":"https:\/\/www.rassegnastampa-totustuus.it\/cattolica\/author\/pietroelle\/"}]}},"_links":{"self":[{"href":"https:\/\/www.rassegnastampa-totustuus.it\/cattolica\/wp-json\/wp\/v2\/posts\/35199","targetHints":{"allow":["GET"]}}],"collection":[{"href":"https:\/\/www.rassegnastampa-totustuus.it\/cattolica\/wp-json\/wp\/v2\/posts"}],"about":[{"href":"https:\/\/www.rassegnastampa-totustuus.it\/cattolica\/wp-json\/wp\/v2\/types\/post"}],"author":[{"embeddable":true,"href":"https:\/\/www.rassegnastampa-totustuus.it\/cattolica\/wp-json\/wp\/v2\/users\/6"}],"replies":[{"embeddable":true,"href":"https:\/\/www.rassegnastampa-totustuus.it\/cattolica\/wp-json\/wp\/v2\/comments?post=35199"}],"version-history":[{"count":1,"href":"https:\/\/www.rassegnastampa-totustuus.it\/cattolica\/wp-json\/wp\/v2\/posts\/35199\/revisions"}],"predecessor-version":[{"id":35201,"href":"https:\/\/www.rassegnastampa-totustuus.it\/cattolica\/wp-json\/wp\/v2\/posts\/35199\/revisions\/35201"}],"wp:featuredmedia":[{"embeddable":true,"href":"https:\/\/www.rassegnastampa-totustuus.it\/cattolica\/wp-json\/wp\/v2\/media\/35200"}],"wp:attachment":[{"href":"https:\/\/www.rassegnastampa-totustuus.it\/cattolica\/wp-json\/wp\/v2\/media?parent=35199"}],"wp:term":[{"taxonomy":"category","embeddable":true,"href":"https:\/\/www.rassegnastampa-totustuus.it\/cattolica\/wp-json\/wp\/v2\/categories?post=35199"},{"taxonomy":"post_tag","embeddable":true,"href":"https:\/\/www.rassegnastampa-totustuus.it\/cattolica\/wp-json\/wp\/v2\/tags?post=35199"}],"curies":[{"name":"wp","href":"https:\/\/api.w.org\/{rel}","templated":true}]}}