{"id":3519,"date":"2009-10-29T00:00:00","date_gmt":"2009-10-28T23:00:00","guid":{"rendered":""},"modified":"2021-02-05T14:06:14","modified_gmt":"2021-02-05T13:06:14","slug":"a-ottantanni-dalla-fine-della-guerra-cristera","status":"publish","type":"post","link":"https:\/\/www.rassegnastampa-totustuus.it\/cattolica\/a-ottantanni-dalla-fine-della-guerra-cristera\/","title":{"rendered":"A ottant&#8217;anni dalla fine della \u201cguerra cristera\u201d"},"content":{"rendered":"<div style=\"text-align: center;\"><span style=\"color: #000000;\"><strong><a href=\"https:\/\/www.rassegnastampa-totustuus.it\/cattolica\/wp-content\/uploads\/2009\/10\/cristeros.jpg\"><img loading=\"lazy\" decoding=\"async\" class=\"size-medium wp-image-34206 alignleft\" src=\"https:\/\/www.rassegnastampa-totustuus.it\/cattolica\/wp-content\/uploads\/2009\/10\/cristeros-197x300.jpg\" alt=\"\" width=\"197\" height=\"300\" srcset=\"https:\/\/www.rassegnastampa-totustuus.it\/cattolica\/wp-content\/uploads\/2009\/10\/cristeros-197x300.jpg 197w, https:\/\/www.rassegnastampa-totustuus.it\/cattolica\/wp-content\/uploads\/2009\/10\/cristeros.jpg 263w\" sizes=\"auto, (max-width: 197px) 100vw, 197px\" \/><\/a>ZENIT.org<\/strong> &#8211; luned\u00ec, 19 ottobre 2009<\/span><\/div>\n<p style=\"text-align: center;\"><span style=\"color: #000000;\"><em>Parla il sacerdote Juan Gonz\u00e1lez Morf\u00edn<br \/>\n<\/em><\/span><\/p>\n<p style=\"text-align: center;\"><span style=\"color: #000000;\">di <strong>Jaime Septi\u00e9n<\/strong><\/span><\/p>\n<p style=\"text-align: justify;\"><span style=\"color: #000000;\">QUER\u00c9TARO &#8211; A 80 anni dalla fine ufficiale della cosiddetta \u201cguerra cristera\u201d in Messico (1926-1929), padre Juan Gonz\u00e1lez Morf\u00edn, laureato presso la Pontificia Universit\u00e0 della Santa Croce di Roma e docente all&#8217;Universit\u00e0 Panamericana di Citt\u00e0 del Messico, ha scritto un vibrante saggio sulla liceit\u00e0 morale della sollevazione cristera.<\/span><\/p>\n<p><!--more--><\/p>\n<p style=\"text-align: justify;\"><span style=\"color: #000000;\">Saggio pioniere nel suo genere, \u201cLa guerra cristera y su licitud moral\u201d (Porr\u00faa, 2009) diverr\u00e0 un riferimento obbligatorio per chiunque voglia addentrarsi nello studio di questa epoca difficile per il Messico, in questa guerra motivata dall&#8217;intransigenza del Governo del generale Plutarco El\u00edas Calles (1924-1928) e del suo successore, Emilio Portes Gil (1928-1930), riguardo alla libert\u00e0 religiosa e alla libert\u00e0 dei fedeli.<\/span><\/p>\n<p style=\"text-align: justify;\"><span style=\"color: #000000;\">In questa intervista, padre Gonz\u00e1lez Morf\u00edn parla di questo importante anniversario.<\/span><\/p>\n<p style=\"text-align: justify;\"><span style=\"color: #000000;\"><strong>Cosa dicono il Magistero, la dottrina e la tradizione del pensiero cristiano su un&#8217;azione armata come la guerra cristera in Messico, terminata 80 anni fa?<\/strong><\/span><\/p>\n<p style=\"text-align: justify;\"><span style=\"color: #000000;\"><em><a href=\"https:\/\/www.rassegnastampa-totustuus.it\/cattolica\/wp-content\/uploads\/2021\/02\/cristeros-1.jpg\"><img loading=\"lazy\" decoding=\"async\" class=\"size-full wp-image-50020 alignright\" src=\"https:\/\/www.rassegnastampa-totustuus.it\/cattolica\/wp-content\/uploads\/2021\/02\/cristeros-1.jpg\" alt=\"\" width=\"285\" height=\"177\" \/><\/a>P. Juan Gonz\u00e1lez Morf\u00edn:<\/em> Nel momento in cui alcuni cattolici messicani optavano per la difesa armata per recuperare diritti che erano stati strappati loro, il Magistero della Chiesa era unanime nel condannare qualunque insurrezione armata contro il potere costituito per i mali maggiori al bene comune che sarebbero derivati. Non c&#8217;era ancora quella che si potrebbe definire una \u201cdottrina cattolica sulla resistenza armata\u201d. Ad ogni modo, in alcuni libri di morale si iniziava a proporre che, se si compivano le condizioni che facevano considerare giusta la difesa armata di un Paese contro un aggressore ingiusto, si poteva ritenere giusta la sollevazione di un popolo contro un Governo che si era trasformato in un ingiusto aggressore.<\/span><\/p>\n<p style=\"text-align: justify;\"><span style=\"color: #000000;\">Era soprattutto una soluzione teorica e le condizioni segnalate erano andate evolvendosi nel corso di vari secoli, ma nella pratica c&#8217;erano molti problemi: come si poteva garantire che i mezzi pacifici fossero stati esauriti? Che tipo di aggressione, o che tipo di diritti dovevano essere coinvolti perch\u00e9 si considerasse necessario il ricorso alle armi? Chi poteva esortare alla sollevazione? Come si vede, la risposta non era cos\u00ec semplice. Ne \u201cLa guerra cristera y su licitud moral\u201d presento un ampio studio sulla questione, che, tuttavia, non \u00e8 n\u00e9 esaustivo n\u00e9 pretende di dire l&#8217;ultima parola.<\/span><\/p>\n<p style=\"text-align: justify;\"><span style=\"color: #000000;\"><strong>Quale fu la base sociale del movimento cristero?<\/strong><\/span><\/p>\n<p style=\"text-align: justify;\"><span style=\"color: #000000;\"><em>P. Juan Gonz\u00e1lez Morf\u00edn:<\/em> La guerra cristera \u00e8 stata una sollevazione popolare nel vero senso della parola: ha coinvolto tutte le fasce sociali, il che non vuol dire che tutti abbiano partecipato nella stessa proporzione. Le prime sollevazioni, a Zacatecas, sono state di contadini che, abituati a difendersi dalle bande di malviventi che li assalivano continuamente in quell&#8217;epoca di grande anarchia, videro la necessit\u00e0 di difendersi dal Governo che impediva loro di praticare la religione.<\/span><\/p>\n<p style=\"text-align: justify;\"><span style=\"color: #000000;\"><a href=\"https:\/\/www.rassegnastampa-totustuus.it\/cattolica\/wp-content\/uploads\/2017\/10\/cristeros.jpg\"><img loading=\"lazy\" decoding=\"async\" class=\" wp-image-38551 alignleft\" src=\"https:\/\/www.rassegnastampa-totustuus.it\/cattolica\/wp-content\/uploads\/2017\/10\/cristeros.jpg\" alt=\"\" width=\"280\" height=\"275\" \/><\/a>La causa scatenante della sollevazione del generale Pedro Quintanar fu un&#8217;aggressione dei soldati contro una folla di cattolici. Dopo pochi giorni si un\u00ec a lui il generale Aurelio Acevedo con alcune decine di persone che ritenevano necessario sollevarsi quanto prima perch\u00e9 le truppe governative stavano confiscando le armi con cui si difendevano abitualmente dalle bande di ex rivoluzionari e capivano che se se le lasciavano senza armi sarebbero rimaste indifese di fronte a qualsiasi arbitrio del Governo, che \u201caveva gi\u00e0 chiuso le chiese\u201d, per cui decisero di lottare in difesa della loro fede, senza avere una prospettiva chiara di ci\u00f2 che avrebbe potuto ottenere un numero cos\u00ec esiguo di persone.<\/span><\/p>\n<p style=\"text-align: justify;\"><span style=\"color: #000000;\"><strong>L&#8217;insurrezione del 1926 si estese rapidamente?<\/strong><\/span><\/p>\n<p style=\"text-align: justify;\"><span style=\"color: #000000;\"><em>P. Juan Gonz\u00e1lez Morf\u00edn:<\/em> Sollevazioni simili quanto ai motivi si verificarono in varie zone in quei mesi che seguirono la sospensione del culto, cio\u00e8 dall&#8217;agosto 1926. Allo stesso tempo, iniziarono le azioni di persecuzione pi\u00f9 ripugnanti contro la popolazione cattolica, per cui le sollevazioni aumentarono: in quei primi momenti troviamo gi\u00e0 gente che non apparteneva pi\u00f9 al ceto contadino, come i fratelli Navarro Origel, di P\u00e9njamo, Guanajuato; Carlos D\u00edez de Sollano, anch&#8217;egli a Guanajuato; i Gu\u00edzar, nella zona di Cotija, Michoac\u00e1n; una trentina di giovani delle famiglie ricche di Piedras Negras, Coahuila. Si potrebbero indicare molte altre persone di classe medio-alta e alta, cos\u00ec come molte altre della classe media, presenti fin dall&#8217;inizio della guerra cristera. Per ragioni semplicemente matematiche, la percentuale pi\u00f9 elevata dei protagonisti della sollevazione era di origini contadine.<\/span><\/p>\n<p style=\"text-align: justify;\"><span style=\"color: #000000;\"><strong>Cosa distingue quello cristero da altri movimenti cosiddetti \u201crivoluzionari\u201d?<\/strong> <strong>Il fatto che non voleva sovvertire n\u00e9 l&#8217;ordine sociale n\u00e9 il potere, ma che aspirava a vedersi permesso il ritorno alle pratiche di fede?<\/strong><\/span><\/p>\n<p style=\"text-align: justify;\"><span style=\"color: #000000;\"><em><a href=\"https:\/\/www.rassegnastampa-totustuus.it\/cattolica\/wp-content\/uploads\/2019\/06\/Miguel_Pro_cristeros.jpg\"><img loading=\"lazy\" decoding=\"async\" class=\" wp-image-43143 alignright\" src=\"https:\/\/www.rassegnastampa-totustuus.it\/cattolica\/wp-content\/uploads\/2019\/06\/Miguel_Pro_cristeros-300x191.jpg\" alt=\"\" width=\"347\" height=\"221\" srcset=\"https:\/\/www.rassegnastampa-totustuus.it\/cattolica\/wp-content\/uploads\/2019\/06\/Miguel_Pro_cristeros-300x191.jpg 300w, https:\/\/www.rassegnastampa-totustuus.it\/cattolica\/wp-content\/uploads\/2019\/06\/Miguel_Pro_cristeros-768x489.jpg 768w, https:\/\/www.rassegnastampa-totustuus.it\/cattolica\/wp-content\/uploads\/2019\/06\/Miguel_Pro_cristeros-1024x652.jpg 1024w, https:\/\/www.rassegnastampa-totustuus.it\/cattolica\/wp-content\/uploads\/2019\/06\/Miguel_Pro_cristeros.jpg 1119w\" sizes=\"auto, (max-width: 347px) 100vw, 347px\" \/><\/a>P. Juan Gonz\u00e1lez Morf\u00edn:<\/em> Gli stessi cristeros molte volte respinsero, come attacco, il fatto di essere definiti \u201crivoluzionari\u201d. L&#8217;obiettivo della loro resistenza non era cambiare il regime politico attraverso le armi, ma vedersi restituire i diritti di cui erano stati privati; per questo, quando pensarono di riavere la possibilit\u00e0 di tornare a praticare la propria fede liberamente consegnarono le armi. In questo senso, \u00e8 interessante la testimonianza del responsabile militare degli Stati Uniti al termine della guerra cristera: \u201cCi si aspettava che, terminata la guerra, un gran numero di cristeros si desse al banditismo. Ma non accadde\u201d.<\/span><\/p>\n<p style=\"text-align: justify;\"><span style=\"color: #000000;\"><strong>Che ruolo giocarono i Vescovi e i sacerdoti nella guerra cristera e negli \u201carreglos\u201d (accordi) del 1929?<\/strong><\/span><\/p>\n<p style=\"text-align: justify;\"><span style=\"color: #000000;\"><em>P. Juan Gonz\u00e1lez Morf\u00edn:<\/em> Quando avevano iniziato a proliferare le sollevazioni dei cattolici che cercavano di difendere la propria fede con le armi, la Lega Nazionale per la Difesa della Libert\u00e0 Religiosa, associazione civica laica fondata verso il 1925, volle guidare i vari movimenti per dar loro una certa organizzazione. In quel momento si chiese il sostegno dell&#8217;episcopato in vari sensi, ma l&#8217;unica cosa che si ottenne fu una specie di impegno a non condannare il movimento armato.<\/span><\/p>\n<p style=\"text-align: justify;\"><span style=\"color: #000000;\"><a href=\"https:\/\/www.rassegnastampa-totustuus.it\/cattolica\/wp-content\/uploads\/2014\/07\/bandiera_cristeros.jpg\"><img loading=\"lazy\" decoding=\"async\" class=\"size-full wp-image-8019 alignleft\" src=\"https:\/\/www.rassegnastampa-totustuus.it\/cattolica\/wp-content\/uploads\/2014\/07\/bandiera_cristeros.jpg\" alt=\"\" width=\"178\" height=\"283\" \/><\/a>Per i quasi tre anni in cui dur\u00f2 la lotta armata, la maggior parte dei Vescovi rimase in esilio ed effettivamente non condann\u00f2 mai la difesa armata. Uno di loro, l&#8217;Arcivescovo di Durango, monsignor Jos\u00e9 Ma. Gonz\u00e1lez y Valencia, si vide nella necessit\u00e0 di rispondere alla domanda esplicita di quanti si erano sollevati e il senso della sua risposta fu che, non avendo loro provocato l&#8217;aggressione, avendo poi esaurito tutti i mezzi pacifici e difendendo diritti veramente irrinunciabili per loro e per i loro figli, come il diritto di praticare la loro religione, coloro che si erano sollevati potevano avere la coscienza tranquilla. I sacerdoti in quell&#8217;epoca non tanto di guerra, ma di terribile persecuzione, si impegnarono a nascondersi.<\/span><\/p>\n<p style=\"text-align: justify;\"><span style=\"color: #000000;\"><strong>Erano tempi molto difficili per il sacerdozio&#8230;<\/strong><\/span><\/p>\n<p style=\"text-align: justify;\"><span style=\"color: #000000;\"><em>P. Juan Gonz\u00e1lez Morf\u00edn:<\/em> Con il rischio di perdere la vita, come di fatto accadde a molti, in sacerdoti facevano fronte clandestinamente alle richieste dei fedeli. Alcuni di loro, meno di cinquanta, esercitavano il ministro tra gli insorti in qualit\u00e0 di cappellani castrensi. Pochi, meno di dieci, arrivarono anche a impugnare le armi.<\/span><\/p>\n<p style=\"text-align: justify;\"><span style=\"color: #000000;\"><strong>E il ruolo dei Vescovi negli \u201carreglos\u201d?<\/strong><\/span><\/p>\n<p style=\"text-align: justify;\"><span style=\"color: #000000;\"><em>P. Juan Gonz\u00e1lez Morf\u00edn:<\/em> Sugli \u201carreglos\u201d la spiegazione non \u00e8 cos\u00ec semplice, perch\u00e9 in genere si d\u00e0 per scontato che i Vescovi intervennero per patteggiare la pace con il Governo senza tener conto degli insorti, ma non and\u00f2 proprio cos\u00ec. E&#8217; un tema complesso e difficile da spiegare i poche parole, soprattutto in modo convincente. Alcuni dirigenti cristeros, tra cui lo stesso generale al comando, Enrique Gorostieta, confessavano nella loro corrispondenza privata la necessit\u00e0 di arrivare a un accordo di pace.<\/span><\/p>\n<p style=\"text-align: justify;\"><span style=\"color: #000000;\"><a href=\"https:\/\/www.rassegnastampa-totustuus.it\/cattolica\/wp-content\/uploads\/2021\/02\/cristeros-3.jpg\"><img loading=\"lazy\" decoding=\"async\" class=\" wp-image-50026 alignright\" src=\"https:\/\/www.rassegnastampa-totustuus.it\/cattolica\/wp-content\/uploads\/2021\/02\/cristeros-3.jpg\" alt=\"\" width=\"297\" height=\"238\" \/><\/a>Ci\u00f2 che i Vescovi patteggiarono con il Governo di Portes Gil fu soprattutto un contesto di applicazione delle leggi che permettesse loro di esercitare il ministero senza essere soggetti all&#8217;autorit\u00e0 civile in questioni di disciplina esterna, cio\u00e8 si arriv\u00f2 a un \u201carreglo\u201d che permetteva loro di riprendere il culto. Le basi del congedo dei cristeros furono negoziate da colui che in quel momento era il generale capo dell&#8217;esercito cristero, Jes\u00fas Degollado Gu\u00edzar, che in precedenza aveva concordato con il comitato di guerra della Lega un documento che accett\u00f2 integralmente il Governo di Portes Gil. Quelle basi in un primo momento furono rispettate, ma poco tempo dopo inizi\u00f2 la mattanza selettiva di tutti coloro che avevano occupato qualche incarico nel movimento armato. Insisto sul fatto che non \u00e8 semplice da spiegare in poche parole.<\/span><\/p>\n<p style=\"text-align: justify;\"><span style=\"color: #000000;\"><strong>E Roma?<\/strong><\/span><\/p>\n<p style=\"text-align: justify;\"><span style=\"color: #000000;\"><em>P. Juan Gonz\u00e1lez Morf\u00edn:<\/em> I Vescovi avevano chiesto al Papa l&#8217;autorizzazione a sospendere il culto; era logico che la chiedessero anche per ripristinarlo, soprattutto se le condizioni che avevano portato alla sospensione non solo non erano migliorate, ma anzi si erano estremamente aggravate. Per questo, per permettere il ripristino, si chiese l&#8217;autorizzazione della Santa Sede, che sugger\u00ec che qualsiasi accordo al quale si fosse arrivati rispettasse queste condizioni: a) una soluzione pacifica e laica; b) amnistia completa per Vescovi, sacerdoti e fedeli; c) restituzione di propriet\u00e0 come chiese, seminari, case di Vescovi e sacerdoti; d) che la Sante Sede potesse avere relazioni senza alcuna restrizione con la Chiesa messicana.<\/span><\/p>\n<p style=\"text-align: justify;\"><span style=\"color: #000000;\"><a href=\"https:\/\/www.rassegnastampa-totustuus.it\/cattolica\/wp-content\/uploads\/2020\/04\/papa_pio_XI.jpg\"><img loading=\"lazy\" decoding=\"async\" class=\" wp-image-46841 alignleft\" src=\"https:\/\/www.rassegnastampa-totustuus.it\/cattolica\/wp-content\/uploads\/2020\/04\/papa_pio_XI.jpg\" alt=\"\" width=\"168\" height=\"227\" \/><\/a>Si pu\u00f2 dire che i Vescovi, spinti dal bene che la pace avrebbe portato ai loro figli, da quasi tre anni privati dell&#8217;ausilio dei sacramenti, si rassegnarono ad accettare molto meno di ci\u00f2 che la Santa Sede aveva indicato. Per farsi un&#8217;idea pi\u00f9 completa dell&#8217;azione della Sede Apostolica nel conflitto, raccomando la lettura di \u201cEl conflicto religioso en M\u00e9xico y P\u00edo XI\u201d (Minos, 2009), un libretto che ho pubblicato qualche mese fa.<\/span><\/p>\n<p style=\"text-align: justify;\"><span style=\"color: #000000;\"><strong>Quali insegnamenti lascia la guerra cristera?<\/strong><\/span><\/p>\n<p style=\"text-align: justify;\"><span style=\"color: #000000;\"><em>P. Juan Gonz\u00e1lez Morf\u00edn:<\/em> Bisogna continuare a studiare questo tema, perch\u00e9 fino a pochissimo tempo fa era quasi proibito dalla storiografia \u2013 ufficiale e non \u2013, forse per il tanto dolore che ha provocato. Vorrei cambiare un po&#8217; la domanda e rispondere, in un modo che forse io stesso dovrei correggere una volta approfondito il tema, parlando pi\u00f9 che degli \u201cinsegnamenti\u201d delle \u201cconseguenze\u201d; e in questo senso posso dire che la guerra cristera aiut\u00f2 enormemente il rafforzamento della fede dei messicani. Nei territori del nostro Paese in cui si svolse, attualmente la pratica religiosa \u00e8 pi\u00f9 estesa e pi\u00f9 consolidata. Il sangue di molta gente morta a causa della fede continua a dare frutti.<\/span><\/p>\n<p style=\"text-align: justify;\"><span style=\"color: #000000;\"><strong>A suo avviso, la sollevazione cristera \u00e8 stata lecita moralmente parlando?<\/strong><\/span><\/p>\n<p style=\"text-align: justify;\"><span style=\"color: #000000;\"><a href=\"https:\/\/www.rassegnastampa-totustuus.it\/cattolica\/wp-content\/uploads\/2021\/02\/cristeros-4.jpg\"><img loading=\"lazy\" decoding=\"async\" class=\" wp-image-50027 alignright\" src=\"https:\/\/www.rassegnastampa-totustuus.it\/cattolica\/wp-content\/uploads\/2021\/02\/cristeros-4.jpg\" alt=\"\" width=\"229\" height=\"281\" \/><\/a>P. Juan Gonz\u00e1lez Morf\u00edn: Papa Pio XI, in un&#8217;Enciclica scritta nel 1937, cio\u00e8 otto anni dopo la fine della guerra cristera, diede ragione ai Vescovi che non condannarono l&#8217;insurrezione, spiegando che \u201cnon si vede come sarebbe stato possibile allora condannare il fatto che i cittadini si unissero per difendere la Nazione e difendere se stessi con mezzi leciti e appropriati contro coloro che si avvalevano del potere pubblico per portarla alla rovina\u201d. Questo \u00e8 in qualche modo una conferma a posteriori del fatto che la difesa armata intrapresa da alcuni cattolici messicani in difesa della libert\u00e0 religiosa non si pu\u00f2 condannare come un&#8217;azione immorale; ad ogni modo, con ci\u00f2 non si vuol dire che tutte le azioni intraprese dai cristeros siano state moralmente lecite.<\/span><\/p>\n<p style=\"text-align: center;\"><span style=\"color: #000000;\">[Traduzione dallo spagnolo di Roberta Sciamplicotti]<\/span><\/p>\n<p>_____________<\/p>\n<p><strong><span style=\"color: #000000;\">Sullo stesso argomento:<\/span><\/strong><\/p>\n<p><span style=\"color: #0000ff;\"><a style=\"color: #0000ff;\" title=\"PermaLink a Libert\u00e0 religiosa e diritto di resistenza: il caso della guerra cristera\" href=\"https:\/\/www.rassegnastampa-totustuus.it\/cattolica\/?p=50012\" target=\"_blank\" rel=\"bookmark noopener noreferrer\">Libert\u00e0 religiosa e diritto di resistenza: il caso della guerra cristera<\/a><\/span><\/p>\n<p><span style=\"color: #0000ff;\"><a style=\"color: #0000ff;\" title=\"PermaLink a Gorostieta, il generale dei cristeros: cristiano!\" href=\"https:\/\/www.rassegnastampa-totustuus.it\/cattolica\/?p=36968\" target=\"_blank\" rel=\"bookmark noopener noreferrer\">Gorostieta, il generale dei cristeros: cristiano!<\/a><\/span><\/p>\n<p><span style=\"color: #0000ff;\"><a style=\"color: #0000ff;\" title=\"PermaLink a L\u2019epopea dei &quot;cristeros&quot; nel Messico martire\" href=\"https:\/\/www.rassegnastampa-totustuus.it\/cattolica\/?p=4921\" target=\"_blank\" rel=\"bookmark noopener noreferrer\">L\u2019epopea dei &#8220;cristeros&#8221; nel Messico martire<\/a><\/span><\/p>\n<p><span style=\"color: #0000ff;\"><a style=\"color: #0000ff;\" title=\"PermaLink a \u00abCristeros\u00bb, quell\u2019eccidio dimenticato\" href=\"https:\/\/www.rassegnastampa-totustuus.it\/cattolica\/?p=2159\" target=\"_blank\" rel=\"bookmark noopener noreferrer\">\u00abCristeros\u00bb, quell\u2019eccidio dimenticato<\/a><\/span><\/p>\n<p><span style=\"color: #0000ff;\"><a style=\"color: #0000ff;\" title=\"PermaLink a Parde Pro. Un martire d\u2019oggi (di Karlheinz Riedel)\" href=\"https:\/\/www.rassegnastampa-totustuus.it\/cattolica\/?p=43142\" target=\"_blank\" rel=\"bookmark noopener noreferrer\">Parde Pro. Un martire d\u2019oggi (di Karlheinz Riedel)<\/a><\/span><\/p>\n<p><span style=\"color: #0000ff;\"><a style=\"color: #0000ff;\" title=\"PermaLink a Cristiada. Cos\u00ec un\u2019armata di zotici riusc\u00ec a tenere testa all\u2019esercito del Messico anticattolico. Al grido di \u00abViva Cristo re\u00bb\" href=\"https:\/\/www.rassegnastampa-totustuus.it\/cattolica\/?p=11509\" target=\"_blank\" rel=\"bookmark noopener noreferrer\">Cristiada. Cos\u00ec un\u2019armata di zotici riusc\u00ec a tenere testa all\u2019esercito del Messico anticattolico. Al grido di \u00abViva Cristo re\u00bb<\/a><\/span><\/p>\n<p><span style=\"color: #0000ff;\"><a style=\"color: #0000ff;\" title=\"PermaLink a Cristeros: Messico martire. Storia della persecuzione (di rev. prof. Luigi Ziliani)\" href=\"https:\/\/www.rassegnastampa-totustuus.it\/cattolica\/?p=8419\" rel=\"bookmark\">Cristeros: Messico martire. Storia della persecuzione <\/a><\/span><span style=\"color: #000000;\">(di rev. prof. Luigi Ziliani) libro<\/span><\/p>\n","protected":false},"excerpt":{"rendered":"<p>ZENIT.org &#8211; luned\u00ec, 19 ottobre 2009 Parla il sacerdote Juan Gonz\u00e1lez Morf\u00edn di Jaime Septi\u00e9n QUER\u00c9TARO &#8211; A 80 anni dalla fine ufficiale della cosiddetta \u201cguerra cristera\u201d in Messico (1926-1929), padre Juan Gonz\u00e1lez Morf\u00edn, laureato presso la Pontificia Universit\u00e0 della Santa Croce di Roma e docente all&#8217;Universit\u00e0 Panamericana di Citt\u00e0 del Messico, ha scritto un &hellip; <\/p>\n<p><a class=\"more-link btn\" href=\"https:\/\/www.rassegnastampa-totustuus.it\/cattolica\/a-ottantanni-dalla-fine-della-guerra-cristera\/\">Continua a leggere<\/a><\/p>\n","protected":false},"author":6,"featured_media":34206,"comment_status":"closed","ping_status":"open","sticky":false,"template":"","format":"standard","meta":{"footnotes":""},"categories":[5,44,24],"tags":[469,470,961],"class_list":["post-3519","post","type-post","status-publish","format-standard","has-post-thumbnail","hentry","category-chiesa","category-cristiani-perseguitati","category-storia","tag-cristeros","tag-cristiani-perseguitati-2","tag-messico","item-wrap"],"yoast_head":"<!-- This site is optimized with the Yoast SEO plugin v27.5 - https:\/\/yoast.com\/product\/yoast-seo-wordpress\/ -->\n<title>A ottant&#039;anni dalla fine della \u201cguerra cristera\u201d - Rassegna Stampa Cattolica<\/title>\n<meta name=\"description\" content=\"Rassegna Stampa Cattolica - Per una cultura che nasce dalla Rivelazione cristiana in conformit\u00e0 alla tradizione e al Magistero della Chiesa in opposizione ad ogni relativismo e totalitarismo\" \/>\n<meta name=\"robots\" content=\"index, follow, max-snippet:-1, max-image-preview:large, max-video-preview:-1\" \/>\n<link rel=\"canonical\" href=\"https:\/\/www.rassegnastampa-totustuus.it\/cattolica\/a-ottantanni-dalla-fine-della-guerra-cristera\/\" \/>\n<meta property=\"og:locale\" content=\"it_IT\" \/>\n<meta property=\"og:type\" content=\"article\" \/>\n<meta property=\"og:title\" content=\"A ottant&#039;anni dalla fine della \u201cguerra cristera\u201d - Rassegna Stampa Cattolica\" \/>\n<meta property=\"og:description\" content=\"Rassegna Stampa Cattolica - Per una cultura che nasce dalla Rivelazione cristiana in conformit\u00e0 alla tradizione e al Magistero della Chiesa in opposizione ad ogni relativismo e totalitarismo\" \/>\n<meta property=\"og:url\" content=\"https:\/\/www.rassegnastampa-totustuus.it\/cattolica\/a-ottantanni-dalla-fine-della-guerra-cristera\/\" \/>\n<meta property=\"og:site_name\" content=\"Rassegna Stampa Cattolica\" \/>\n<meta property=\"article:publisher\" content=\"https:\/\/www.facebook.com\/rassegnastampacattolica\" \/>\n<meta property=\"article:published_time\" content=\"2009-10-28T23:00:00+00:00\" \/>\n<meta property=\"article:modified_time\" content=\"2021-02-05T13:06:14+00:00\" \/>\n<meta property=\"og:image\" content=\"https:\/\/www.rassegnastampa-totustuus.it\/cattolica\/wp-content\/uploads\/2009\/10\/cristeros.jpg\" \/>\n\t<meta property=\"og:image:width\" content=\"263\" \/>\n\t<meta property=\"og:image:height\" content=\"400\" \/>\n\t<meta property=\"og:image:type\" content=\"image\/jpeg\" \/>\n<meta name=\"author\" content=\"Redazione\" \/>\n<meta name=\"twitter:card\" content=\"summary_large_image\" \/>\n<meta name=\"twitter:creator\" content=\"@rassegnastampa9\" \/>\n<meta name=\"twitter:site\" content=\"@rassegnastampa9\" \/>\n<meta name=\"twitter:label1\" content=\"Scritto da\" \/>\n\t<meta name=\"twitter:data1\" content=\"Redazione\" \/>\n\t<meta name=\"twitter:label2\" content=\"Tempo di lettura stimato\" \/>\n\t<meta name=\"twitter:data2\" content=\"9 minuti\" \/>\n<script type=\"application\/ld+json\" class=\"yoast-schema-graph\">{\"@context\":\"https:\\\/\\\/schema.org\",\"@graph\":[{\"@type\":\"Article\",\"@id\":\"https:\\\/\\\/www.rassegnastampa-totustuus.it\\\/cattolica\\\/a-ottantanni-dalla-fine-della-guerra-cristera\\\/#article\",\"isPartOf\":{\"@id\":\"https:\\\/\\\/www.rassegnastampa-totustuus.it\\\/cattolica\\\/a-ottantanni-dalla-fine-della-guerra-cristera\\\/\"},\"author\":{\"name\":\"Redazione\",\"@id\":\"https:\\\/\\\/www.rassegnastampa-totustuus.it\\\/cattolica\\\/#\\\/schema\\\/person\\\/08f319d2bd1a0904ad9e2bfb7b15e5c3\"},\"headline\":\"A ottant&#8217;anni dalla fine della \u201cguerra cristera\u201d\",\"datePublished\":\"2009-10-28T23:00:00+00:00\",\"dateModified\":\"2021-02-05T13:06:14+00:00\",\"mainEntityOfPage\":{\"@id\":\"https:\\\/\\\/www.rassegnastampa-totustuus.it\\\/cattolica\\\/a-ottantanni-dalla-fine-della-guerra-cristera\\\/\"},\"wordCount\":1898,\"publisher\":{\"@id\":\"https:\\\/\\\/www.rassegnastampa-totustuus.it\\\/cattolica\\\/#organization\"},\"image\":{\"@id\":\"https:\\\/\\\/www.rassegnastampa-totustuus.it\\\/cattolica\\\/a-ottantanni-dalla-fine-della-guerra-cristera\\\/#primaryimage\"},\"thumbnailUrl\":\"https:\\\/\\\/www.rassegnastampa-totustuus.it\\\/cattolica\\\/wp-content\\\/uploads\\\/2009\\\/10\\\/cristeros.jpg\",\"keywords\":[\"Cristeros\",\"cristiani perseguitati\",\"Messico\"],\"articleSection\":[\"Chiesa\",\"Cristiani perseguitati\",\"Storia\"],\"inLanguage\":\"it-IT\"},{\"@type\":\"WebPage\",\"@id\":\"https:\\\/\\\/www.rassegnastampa-totustuus.it\\\/cattolica\\\/a-ottantanni-dalla-fine-della-guerra-cristera\\\/\",\"url\":\"https:\\\/\\\/www.rassegnastampa-totustuus.it\\\/cattolica\\\/a-ottantanni-dalla-fine-della-guerra-cristera\\\/\",\"name\":\"A ottant'anni dalla fine della \u201cguerra cristera\u201d - Rassegna Stampa Cattolica\",\"isPartOf\":{\"@id\":\"https:\\\/\\\/www.rassegnastampa-totustuus.it\\\/cattolica\\\/#website\"},\"primaryImageOfPage\":{\"@id\":\"https:\\\/\\\/www.rassegnastampa-totustuus.it\\\/cattolica\\\/a-ottantanni-dalla-fine-della-guerra-cristera\\\/#primaryimage\"},\"image\":{\"@id\":\"https:\\\/\\\/www.rassegnastampa-totustuus.it\\\/cattolica\\\/a-ottantanni-dalla-fine-della-guerra-cristera\\\/#primaryimage\"},\"thumbnailUrl\":\"https:\\\/\\\/www.rassegnastampa-totustuus.it\\\/cattolica\\\/wp-content\\\/uploads\\\/2009\\\/10\\\/cristeros.jpg\",\"datePublished\":\"2009-10-28T23:00:00+00:00\",\"dateModified\":\"2021-02-05T13:06:14+00:00\",\"description\":\"Rassegna Stampa Cattolica - Per una cultura che nasce dalla Rivelazione cristiana in conformit\u00e0 alla tradizione e al Magistero della Chiesa in opposizione ad ogni relativismo e totalitarismo\",\"breadcrumb\":{\"@id\":\"https:\\\/\\\/www.rassegnastampa-totustuus.it\\\/cattolica\\\/a-ottantanni-dalla-fine-della-guerra-cristera\\\/#breadcrumb\"},\"inLanguage\":\"it-IT\",\"potentialAction\":[{\"@type\":\"ReadAction\",\"target\":[\"https:\\\/\\\/www.rassegnastampa-totustuus.it\\\/cattolica\\\/a-ottantanni-dalla-fine-della-guerra-cristera\\\/\"]}]},{\"@type\":\"ImageObject\",\"inLanguage\":\"it-IT\",\"@id\":\"https:\\\/\\\/www.rassegnastampa-totustuus.it\\\/cattolica\\\/a-ottantanni-dalla-fine-della-guerra-cristera\\\/#primaryimage\",\"url\":\"https:\\\/\\\/www.rassegnastampa-totustuus.it\\\/cattolica\\\/wp-content\\\/uploads\\\/2009\\\/10\\\/cristeros.jpg\",\"contentUrl\":\"https:\\\/\\\/www.rassegnastampa-totustuus.it\\\/cattolica\\\/wp-content\\\/uploads\\\/2009\\\/10\\\/cristeros.jpg\",\"width\":263,\"height\":400},{\"@type\":\"BreadcrumbList\",\"@id\":\"https:\\\/\\\/www.rassegnastampa-totustuus.it\\\/cattolica\\\/a-ottantanni-dalla-fine-della-guerra-cristera\\\/#breadcrumb\",\"itemListElement\":[{\"@type\":\"ListItem\",\"position\":1,\"name\":\"Home\",\"item\":\"https:\\\/\\\/www.rassegnastampa-totustuus.it\\\/cattolica\\\/\"},{\"@type\":\"ListItem\",\"position\":2,\"name\":\"A ottant&#8217;anni dalla fine della \u201cguerra cristera\u201d\"}]},{\"@type\":\"WebSite\",\"@id\":\"https:\\\/\\\/www.rassegnastampa-totustuus.it\\\/cattolica\\\/#website\",\"url\":\"https:\\\/\\\/www.rassegnastampa-totustuus.it\\\/cattolica\\\/\",\"name\":\"Rassegna Stampa Cattolica\",\"description\":\"Per una cultura che nasce dalla Rivelazione cristiana in conformit\u00e0 alla tradizione e al Magistero della Chiesa in opposizione ad ogni relativismo e totalitarismo\",\"publisher\":{\"@id\":\"https:\\\/\\\/www.rassegnastampa-totustuus.it\\\/cattolica\\\/#organization\"},\"alternateName\":\"Rass. Cattolica\",\"potentialAction\":[{\"@type\":\"SearchAction\",\"target\":{\"@type\":\"EntryPoint\",\"urlTemplate\":\"https:\\\/\\\/www.rassegnastampa-totustuus.it\\\/cattolica\\\/?s={search_term_string}\"},\"query-input\":{\"@type\":\"PropertyValueSpecification\",\"valueRequired\":true,\"valueName\":\"search_term_string\"}}],\"inLanguage\":\"it-IT\"},{\"@type\":\"Organization\",\"@id\":\"https:\\\/\\\/www.rassegnastampa-totustuus.it\\\/cattolica\\\/#organization\",\"name\":\"Rassegna Stampa Cattolica\",\"url\":\"https:\\\/\\\/www.rassegnastampa-totustuus.it\\\/cattolica\\\/\",\"logo\":{\"@type\":\"ImageObject\",\"inLanguage\":\"it-IT\",\"@id\":\"https:\\\/\\\/www.rassegnastampa-totustuus.it\\\/cattolica\\\/#\\\/schema\\\/logo\\\/image\\\/\",\"url\":\"https:\\\/\\\/www.rassegnastampa-totustuus.it\\\/cattolica\\\/wp-content\\\/uploads\\\/2014\\\/04\\\/logo-rassegna1.gif\",\"contentUrl\":\"https:\\\/\\\/www.rassegnastampa-totustuus.it\\\/cattolica\\\/wp-content\\\/uploads\\\/2014\\\/04\\\/logo-rassegna1.gif\",\"width\":600,\"height\":163,\"caption\":\"Rassegna Stampa Cattolica\"},\"image\":{\"@id\":\"https:\\\/\\\/www.rassegnastampa-totustuus.it\\\/cattolica\\\/#\\\/schema\\\/logo\\\/image\\\/\"},\"sameAs\":[\"https:\\\/\\\/www.facebook.com\\\/rassegnastampacattolica\",\"https:\\\/\\\/x.com\\\/rassegnastampa9\"]},{\"@type\":\"Person\",\"@id\":\"https:\\\/\\\/www.rassegnastampa-totustuus.it\\\/cattolica\\\/#\\\/schema\\\/person\\\/08f319d2bd1a0904ad9e2bfb7b15e5c3\",\"name\":\"Redazione\",\"image\":{\"@type\":\"ImageObject\",\"inLanguage\":\"it-IT\",\"@id\":\"https:\\\/\\\/secure.gravatar.com\\\/avatar\\\/2fcdf27c78ea025fbdb44e914cc63c72249ffec9dc8aafd5c82b26240ef3f346?s=96&d=mm&r=g\",\"url\":\"https:\\\/\\\/secure.gravatar.com\\\/avatar\\\/2fcdf27c78ea025fbdb44e914cc63c72249ffec9dc8aafd5c82b26240ef3f346?s=96&d=mm&r=g\",\"contentUrl\":\"https:\\\/\\\/secure.gravatar.com\\\/avatar\\\/2fcdf27c78ea025fbdb44e914cc63c72249ffec9dc8aafd5c82b26240ef3f346?s=96&d=mm&r=g\",\"caption\":\"Redazione\"},\"url\":\"https:\\\/\\\/www.rassegnastampa-totustuus.it\\\/cattolica\\\/author\\\/pietroelle\\\/\"}]}<\/script>\n<!-- \/ Yoast SEO plugin. -->","yoast_head_json":{"title":"A ottant'anni dalla fine della \u201cguerra cristera\u201d - Rassegna Stampa Cattolica","description":"Rassegna Stampa Cattolica - Per una cultura che nasce dalla Rivelazione cristiana in conformit\u00e0 alla tradizione e al Magistero della Chiesa in opposizione ad ogni relativismo e totalitarismo","robots":{"index":"index","follow":"follow","max-snippet":"max-snippet:-1","max-image-preview":"max-image-preview:large","max-video-preview":"max-video-preview:-1"},"canonical":"https:\/\/www.rassegnastampa-totustuus.it\/cattolica\/a-ottantanni-dalla-fine-della-guerra-cristera\/","og_locale":"it_IT","og_type":"article","og_title":"A ottant'anni dalla fine della \u201cguerra cristera\u201d - Rassegna Stampa Cattolica","og_description":"Rassegna Stampa Cattolica - Per una cultura che nasce dalla Rivelazione cristiana in conformit\u00e0 alla tradizione e al Magistero della Chiesa in opposizione ad ogni relativismo e totalitarismo","og_url":"https:\/\/www.rassegnastampa-totustuus.it\/cattolica\/a-ottantanni-dalla-fine-della-guerra-cristera\/","og_site_name":"Rassegna Stampa Cattolica","article_publisher":"https:\/\/www.facebook.com\/rassegnastampacattolica","article_published_time":"2009-10-28T23:00:00+00:00","article_modified_time":"2021-02-05T13:06:14+00:00","og_image":[{"width":263,"height":400,"url":"https:\/\/www.rassegnastampa-totustuus.it\/cattolica\/wp-content\/uploads\/2009\/10\/cristeros.jpg","type":"image\/jpeg"}],"author":"Redazione","twitter_card":"summary_large_image","twitter_creator":"@rassegnastampa9","twitter_site":"@rassegnastampa9","twitter_misc":{"Scritto da":"Redazione","Tempo di lettura stimato":"9 minuti"},"schema":{"@context":"https:\/\/schema.org","@graph":[{"@type":"Article","@id":"https:\/\/www.rassegnastampa-totustuus.it\/cattolica\/a-ottantanni-dalla-fine-della-guerra-cristera\/#article","isPartOf":{"@id":"https:\/\/www.rassegnastampa-totustuus.it\/cattolica\/a-ottantanni-dalla-fine-della-guerra-cristera\/"},"author":{"name":"Redazione","@id":"https:\/\/www.rassegnastampa-totustuus.it\/cattolica\/#\/schema\/person\/08f319d2bd1a0904ad9e2bfb7b15e5c3"},"headline":"A ottant&#8217;anni dalla fine della \u201cguerra cristera\u201d","datePublished":"2009-10-28T23:00:00+00:00","dateModified":"2021-02-05T13:06:14+00:00","mainEntityOfPage":{"@id":"https:\/\/www.rassegnastampa-totustuus.it\/cattolica\/a-ottantanni-dalla-fine-della-guerra-cristera\/"},"wordCount":1898,"publisher":{"@id":"https:\/\/www.rassegnastampa-totustuus.it\/cattolica\/#organization"},"image":{"@id":"https:\/\/www.rassegnastampa-totustuus.it\/cattolica\/a-ottantanni-dalla-fine-della-guerra-cristera\/#primaryimage"},"thumbnailUrl":"https:\/\/www.rassegnastampa-totustuus.it\/cattolica\/wp-content\/uploads\/2009\/10\/cristeros.jpg","keywords":["Cristeros","cristiani perseguitati","Messico"],"articleSection":["Chiesa","Cristiani perseguitati","Storia"],"inLanguage":"it-IT"},{"@type":"WebPage","@id":"https:\/\/www.rassegnastampa-totustuus.it\/cattolica\/a-ottantanni-dalla-fine-della-guerra-cristera\/","url":"https:\/\/www.rassegnastampa-totustuus.it\/cattolica\/a-ottantanni-dalla-fine-della-guerra-cristera\/","name":"A ottant'anni dalla fine della \u201cguerra cristera\u201d - Rassegna Stampa Cattolica","isPartOf":{"@id":"https:\/\/www.rassegnastampa-totustuus.it\/cattolica\/#website"},"primaryImageOfPage":{"@id":"https:\/\/www.rassegnastampa-totustuus.it\/cattolica\/a-ottantanni-dalla-fine-della-guerra-cristera\/#primaryimage"},"image":{"@id":"https:\/\/www.rassegnastampa-totustuus.it\/cattolica\/a-ottantanni-dalla-fine-della-guerra-cristera\/#primaryimage"},"thumbnailUrl":"https:\/\/www.rassegnastampa-totustuus.it\/cattolica\/wp-content\/uploads\/2009\/10\/cristeros.jpg","datePublished":"2009-10-28T23:00:00+00:00","dateModified":"2021-02-05T13:06:14+00:00","description":"Rassegna Stampa Cattolica - Per una cultura che nasce dalla Rivelazione cristiana in conformit\u00e0 alla tradizione e al Magistero della Chiesa in opposizione ad ogni relativismo e totalitarismo","breadcrumb":{"@id":"https:\/\/www.rassegnastampa-totustuus.it\/cattolica\/a-ottantanni-dalla-fine-della-guerra-cristera\/#breadcrumb"},"inLanguage":"it-IT","potentialAction":[{"@type":"ReadAction","target":["https:\/\/www.rassegnastampa-totustuus.it\/cattolica\/a-ottantanni-dalla-fine-della-guerra-cristera\/"]}]},{"@type":"ImageObject","inLanguage":"it-IT","@id":"https:\/\/www.rassegnastampa-totustuus.it\/cattolica\/a-ottantanni-dalla-fine-della-guerra-cristera\/#primaryimage","url":"https:\/\/www.rassegnastampa-totustuus.it\/cattolica\/wp-content\/uploads\/2009\/10\/cristeros.jpg","contentUrl":"https:\/\/www.rassegnastampa-totustuus.it\/cattolica\/wp-content\/uploads\/2009\/10\/cristeros.jpg","width":263,"height":400},{"@type":"BreadcrumbList","@id":"https:\/\/www.rassegnastampa-totustuus.it\/cattolica\/a-ottantanni-dalla-fine-della-guerra-cristera\/#breadcrumb","itemListElement":[{"@type":"ListItem","position":1,"name":"Home","item":"https:\/\/www.rassegnastampa-totustuus.it\/cattolica\/"},{"@type":"ListItem","position":2,"name":"A ottant&#8217;anni dalla fine della \u201cguerra cristera\u201d"}]},{"@type":"WebSite","@id":"https:\/\/www.rassegnastampa-totustuus.it\/cattolica\/#website","url":"https:\/\/www.rassegnastampa-totustuus.it\/cattolica\/","name":"Rassegna Stampa Cattolica","description":"Per una cultura che nasce dalla Rivelazione cristiana in conformit\u00e0 alla tradizione e al Magistero della Chiesa in opposizione ad ogni relativismo e totalitarismo","publisher":{"@id":"https:\/\/www.rassegnastampa-totustuus.it\/cattolica\/#organization"},"alternateName":"Rass. Cattolica","potentialAction":[{"@type":"SearchAction","target":{"@type":"EntryPoint","urlTemplate":"https:\/\/www.rassegnastampa-totustuus.it\/cattolica\/?s={search_term_string}"},"query-input":{"@type":"PropertyValueSpecification","valueRequired":true,"valueName":"search_term_string"}}],"inLanguage":"it-IT"},{"@type":"Organization","@id":"https:\/\/www.rassegnastampa-totustuus.it\/cattolica\/#organization","name":"Rassegna Stampa Cattolica","url":"https:\/\/www.rassegnastampa-totustuus.it\/cattolica\/","logo":{"@type":"ImageObject","inLanguage":"it-IT","@id":"https:\/\/www.rassegnastampa-totustuus.it\/cattolica\/#\/schema\/logo\/image\/","url":"https:\/\/www.rassegnastampa-totustuus.it\/cattolica\/wp-content\/uploads\/2014\/04\/logo-rassegna1.gif","contentUrl":"https:\/\/www.rassegnastampa-totustuus.it\/cattolica\/wp-content\/uploads\/2014\/04\/logo-rassegna1.gif","width":600,"height":163,"caption":"Rassegna Stampa Cattolica"},"image":{"@id":"https:\/\/www.rassegnastampa-totustuus.it\/cattolica\/#\/schema\/logo\/image\/"},"sameAs":["https:\/\/www.facebook.com\/rassegnastampacattolica","https:\/\/x.com\/rassegnastampa9"]},{"@type":"Person","@id":"https:\/\/www.rassegnastampa-totustuus.it\/cattolica\/#\/schema\/person\/08f319d2bd1a0904ad9e2bfb7b15e5c3","name":"Redazione","image":{"@type":"ImageObject","inLanguage":"it-IT","@id":"https:\/\/secure.gravatar.com\/avatar\/2fcdf27c78ea025fbdb44e914cc63c72249ffec9dc8aafd5c82b26240ef3f346?s=96&d=mm&r=g","url":"https:\/\/secure.gravatar.com\/avatar\/2fcdf27c78ea025fbdb44e914cc63c72249ffec9dc8aafd5c82b26240ef3f346?s=96&d=mm&r=g","contentUrl":"https:\/\/secure.gravatar.com\/avatar\/2fcdf27c78ea025fbdb44e914cc63c72249ffec9dc8aafd5c82b26240ef3f346?s=96&d=mm&r=g","caption":"Redazione"},"url":"https:\/\/www.rassegnastampa-totustuus.it\/cattolica\/author\/pietroelle\/"}]}},"_links":{"self":[{"href":"https:\/\/www.rassegnastampa-totustuus.it\/cattolica\/wp-json\/wp\/v2\/posts\/3519","targetHints":{"allow":["GET"]}}],"collection":[{"href":"https:\/\/www.rassegnastampa-totustuus.it\/cattolica\/wp-json\/wp\/v2\/posts"}],"about":[{"href":"https:\/\/www.rassegnastampa-totustuus.it\/cattolica\/wp-json\/wp\/v2\/types\/post"}],"author":[{"embeddable":true,"href":"https:\/\/www.rassegnastampa-totustuus.it\/cattolica\/wp-json\/wp\/v2\/users\/6"}],"replies":[{"embeddable":true,"href":"https:\/\/www.rassegnastampa-totustuus.it\/cattolica\/wp-json\/wp\/v2\/comments?post=3519"}],"version-history":[{"count":4,"href":"https:\/\/www.rassegnastampa-totustuus.it\/cattolica\/wp-json\/wp\/v2\/posts\/3519\/revisions"}],"predecessor-version":[{"id":50042,"href":"https:\/\/www.rassegnastampa-totustuus.it\/cattolica\/wp-json\/wp\/v2\/posts\/3519\/revisions\/50042"}],"wp:featuredmedia":[{"embeddable":true,"href":"https:\/\/www.rassegnastampa-totustuus.it\/cattolica\/wp-json\/wp\/v2\/media\/34206"}],"wp:attachment":[{"href":"https:\/\/www.rassegnastampa-totustuus.it\/cattolica\/wp-json\/wp\/v2\/media?parent=3519"}],"wp:term":[{"taxonomy":"category","embeddable":true,"href":"https:\/\/www.rassegnastampa-totustuus.it\/cattolica\/wp-json\/wp\/v2\/categories?post=3519"},{"taxonomy":"post_tag","embeddable":true,"href":"https:\/\/www.rassegnastampa-totustuus.it\/cattolica\/wp-json\/wp\/v2\/tags?post=3519"}],"curies":[{"name":"wp","href":"https:\/\/api.w.org\/{rel}","templated":true}]}}