{"id":34438,"date":"2016-06-23T00:00:37","date_gmt":"2016-06-22T22:00:37","guid":{"rendered":"http:\/\/www.rassegnastampa-totustuus.it\/cattolica\/?p=34438"},"modified":"2016-06-09T12:54:22","modified_gmt":"2016-06-09T10:54:22","slug":"animalismo-negazione-della-fede-cattolica","status":"publish","type":"post","link":"https:\/\/www.rassegnastampa-totustuus.it\/cattolica\/animalismo-negazione-della-fede-cattolica\/","title":{"rendered":"Animalismo negazione della fede cattolica"},"content":{"rendered":"<p style=\"text-align: center;\"><strong><img loading=\"lazy\" decoding=\"async\" class=\"alignright wp-image-34439\" src=\"https:\/\/www.rassegnastampa-totustuus.it\/cattolica\/wp-content\/uploads\/2016\/06\/animalisti.jpg\" alt=\"animalisti\" width=\"250\" height=\"187\" \/>Il Timone<\/strong> n. 154 giugno 2016<\/p>\n<p style=\"text-align: justify;\"><em>Basterebbe il buon senso per cogliere l&#8217;assurdit\u00e0 di negare la differenza tra l&#8217;essere umano e le altre creature. Ma oggi il mondo si \u00e8 rovesciato e bisogna tornare alla teologia per spiegare la grandezza dell&#8217;uomo davanti a Dio<\/em><\/p>\n<p style=\"text-align: center;\">di <strong>Claudio Crescimanno<\/strong><\/p>\n<p style=\"text-align: center;\"><!--more--><\/p>\n<p style=\"text-align: justify;\">Nei libri di scuola come nella vulgata comune, dura ancora dopo duemila anni l&#8217;inevitabile I ironia sull&#8217;imperatore Caligola che nomin\u00f2 il proprio cavallo membro del senato romano. \u00c8 noto che cos\u00ec fece non tanto per esaltare l&#8217;illustre quadrupede, ovviamente ignaro di tanto onore, quanto piuttosto per avvilire ulteriormente un&#8217;istituzione gi\u00e0 in piena decadenza. Non a caso, infatti, l&#8217;episodio viene riportato come il sintomo di un mondo in declino.<\/p>\n<p style=\"text-align: justify;\">Ma se \u00e8 cos\u00ec, ben pi\u00f9 decadente \u00e8 il nostro mondo nel quale si \u00e8 operato addirittura un capovolgimento della gerarchia di valore tra l&#8217;uomo e l&#8217;animale. Qualcuno potrebbe pensare che l&#8217;argomento in questione, quantunque oggi sia fonte di parecchia agitazione, attenga solo al buon senso. In realt\u00e0 non \u00e8 cos\u00ec.<\/p>\n<p><strong>Una questione di buon senso<\/strong><\/p>\n<p style=\"text-align: justify;\">Certo che \u00e8 anzitutto una questione di buon senso e come tale potrebbe essere risolta. Basterebbe dire che c&#8217;\u00e8 una differenza sostanziale tra il valore dell&#8217;essere umano e il valore degli animali e della natura in generale; basterebbe dire che un uomo, qualunque uomo, sia esso un bambino appena concepito o un anziano invalido, sia esso persino il pi\u00f9 indegno e malvagio esemplare del genere umano, vale, da solo, pi\u00f9 di tutto il regno animale, vegetale e minerale &#8211; come si diceva a scuola una volta &#8211; messi insieme; basterebbe poi aggiungere che, ci\u00f2 precisato, l&#8217;uomo, proprio per amore di se stesso e dei propri simili, non pu\u00f2 e non deve strapazzare il mondo di cui \u00e8 padrone e custode, come nessuno che abbia a cuore la propria famiglia manda in rovina la casa in cui abita. Basterebbe il buon senso per capire queste cose, ma in realt\u00e0 non basta pi\u00f9.<\/p>\n<p style=\"text-align: justify;\">La visione oggi dominante ha rovesciato questi parametri e occorre niente meno che la teologia per ritrovare il I buon senso. Ma andiamo con ordine.<\/p>\n<p style=\"text-align: justify;\"><strong>La posizione ecologista<\/strong><\/p>\n<p style=\"text-align: justify;\">Anzitutto vediamo brevemente qual \u00e8 la posizione della tesi ecologista e cerchiamo di capirne i presupposti ideologici; poi passeremo a illustrare la visione cristiana, fondata sulla retta ragione e la divina Rivelazione.<\/p>\n<p style=\"text-align: justify;\">La posizione ecologista comincia con una legittima critica allo sfruttamento incosciente che, dall&#8217;epoca dell&#8217;industrializzazione in poi, ha colpito la natura; insiste poi su una comprensibile e, sino ad un certo punto, condivisibile preoccupazione per la tutela dell&#8217;ambiente; purtroppo da qui si scivola facilmente &#8211; vedremo tra poco perch\u00e9 &#8211; in una nuova visione del mondo: l&#8217;equiparazione di valore tra l&#8217;uomo e la natura, in particolare gli animali; da qui poi non di rado si passa addirittura ad una inversione di precedenza: prima la natura, l&#8217;ecosistema, la &#8216;madre&#8217; Terra, e poi l&#8217;uomo.<\/p>\n<p style=\"text-align: justify;\">Stiamo esagerando? Niente affatto: da alcuni decenni si \u00e8 venuto formando un movimento culturale e politico la cui base ideologica \u00e8 precisamente questa: il bene della natura deve essere salvaguardato non in vista del bene dell&#8217;uomo, ma per se stesso; il bene della natura trascende il bene dell&#8217;uomo: la natura \u00e8 per s\u00e9 una realt\u00e0 sacra, nella quale l&#8217;uomo \u00e8 un intruso nocivo, un profanatore. Ecco il salto di qualit\u00e0 di cui dicevamo: in questa visione non si tratta pi\u00f9 di difendere la natura per tutelare l&#8217;uomo, ma piuttosto di difendere la natura contro l&#8217;uomo. Abolita cos\u00ec una gerarchia di valore, la vita dell&#8217;uomo vale come quella di un gatto o di un pino, e poich\u00e9 questi ultimi sono pi\u00f9 deboli e indifesi, vanno pi\u00f9 fortemente tutelati; alla fine il pi\u00f9 grande nemico del mondo \u00e8 l&#8217;uomo.<\/p>\n<p style=\"text-align: justify;\">Posizione emblematica dell&#8217;ideologia ecologista \u00e8 quella espressa dal duca Filippo di Edimburgo, principe consorte della regina d&#8217;Inghilterra, e gran patrono della pi\u00f9 importante organizzazione ambientalista del mondo, il WWF: \u00abSe rinascessi vorrei essere un virus letale per contribuire a risolvere il problema dell&#8217;eccesso di popolazione (umana). Il maggior dramma del mondo \u00e8 che ci sono pi\u00f9 culle che casse da morto!\u00bb (Dichiarazione resa all&#8217;agenzia tedesca DPA, 8 agosto 1988).<\/p>\n<p style=\"text-align: justify;\"><strong>Il piano di Dio<\/strong><\/p>\n<p style=\"text-align: justify;\">Ed eccoci al problema &#8216;teologico&#8217;: siamo giunti ad una nuova visione del mondo subdolamente panteistica: si riveste di una specie di sacralit\u00e0 la vita di un fiume, di una pianta, di un animale, a tal punto da considerare nuovo, vero peccato la loro violazione. Cos\u00ec l&#8217;ecologismo fa della natura un &#8216;dio&#8217; e della propria ideologia una &#8216;religione&#8217;. Non pochi tra i nostri contemporanei, animati certamente dalle migliori intenzioni, poco alla volta, senza avvedersene, capovolgono la scala dei loro valori secondo i criteri dell&#8217;ecologismo, senza avere una piena consapevolezza delle autentiche radici culturali ed ideologiche di tale movimento.<\/p>\n<p style=\"text-align: justify;\">Capita cos\u00ec che nella nostra societ\u00e0, cos\u00ec civile e progredita, si dia risonanza quotidiana sui mezzi della comunicazione sociale al &#8216;dramma&#8217; di una specie di coleotteri in estinzione, o di alcune balene rimaste incagliate tra i ghiacci dell&#8217;artico, o di qualche canile in cui gli &#8216;ospiti&#8217; vengono maltrattati; e poi si dia ben poca risonanza, e susciti ancor meno indignazione, l&#8217;esistenza di embrioni umani congelati nei laboratori dediti alla sperimentazione, la strage degli innocenti provocata dall&#8217;aborto legalizzato, la sorte di tanti anziani parcheggiati ed abbandonati negli istituti.<\/p>\n<p style=\"text-align: justify;\">Per rimettere in carreggiata una visione del mondo tanto distorta \u00e8 necessario ripartire dal principio, nel senso biblico della parola, cio\u00e8 dal Libro della Genesi, che ci racconta, con linguaggio immaginifico ma con assoluta chiarezza dei contenuti, le origini del mondo e dell&#8217;uomo secondo il progetto di Dio. Ci soffermiamo in particolare su una affermazione che gi\u00e0 da sola \u00e8 sufficiente a confutare la suddetta visione. All&#8217;inizio del secondo racconto della Creazione, quello narrato proprio nella prospettiva dello sguardo di Dio sull&#8217;essere umano, accadono due cose: <strong>1)<\/strong> il Creatore mostra all&#8217;uomo le opere pi\u00f9 nobili della creazione, cio\u00e8 gli animali secondo le varie specie, e lo incarica di dare ad essi il nome: nel linguaggio semitico significa che Dio pone l&#8217;uomo sopra gli animali e questi sono destinati al suo servizio (Gn 2,19); <strong>2)<\/strong> nessun animale \u00e8 assimilabile all&#8217;uomo, nessuno \u00e8 allo stesso livello qualitativo dell&#8217;uomo: per questo, volendo dare all&#8217;uomo una compagnia che fosse alla pari con lui, Dio crea la donna (Gn 2, 20-22); ora, prescindendo dalle implicazione del rapporto uomo-donna che questo racconto comporta, il primo dato che in esso si manifesta \u00e8 la chiara affermazione della sproporzione di livello, di valore, tra l&#8217;uomo &#8211; maschio e femmina &#8211; e gli animali.<\/p>\n<p style=\"text-align: justify;\"><strong>Il vertice della creazione<\/strong><\/p>\n<p style=\"text-align: justify;\">A partire da questi dati fondamentali, tutta la letteratura biblica dell&#8217;Antico come del Nuovo Testamento sviluppa coerentemente questa visione secondo la quale l\u2019essere umano \u00e8 al vertice della creazione visibile, fatto di poco inferiore agli angeli (Sal 8); e se \u00e8 vero che unico per uomini e bestie \u00e8 il destino mortale del corpo (Qo 3,19), \u00e8 non meno vero che l&#8217;uomo ha dignit\u00e0 infinitamente superiore ad ogni altra creatura terrena poich\u00e9 la sua anima immortale \u00e8 destinata ad una vita che \u00e8 per sempre.<\/p>\n<p style=\"text-align: justify;\">Con il mistero dell&#8217;Incarnazione, poi, Dio stesso, Signore e Padrone dell&#8217;universo e di tutte le creature in esso contenute, assume la natura umana e la eleva a nuova inaudita grandezza; innestati in Cristo con il battesimo, gli uomini redenti diventano figli di Dio ed entrano cos\u00ec nell&#8217;orbita gravitazionale della Divinit\u00e0, sempre pi\u00f9 vicini a Dio e sempre pi\u00f9 &#8216;lontani&#8217; dalle creature inferiori. Alla luce di queste riflessioni risulta evidente che la deriva di certo ecologismo e in particolare di certo animalismo \u00e8, nei presupposti e nei fatti, negazione della fede cattolica nell&#8217;opera della creazione e della redenzione.<\/p>\n","protected":false},"excerpt":{"rendered":"<p>Il Timone n. 154 giugno 2016 Basterebbe il buon senso per cogliere l&#8217;assurdit\u00e0 di negare la differenza tra l&#8217;essere umano e le altre creature. Ma oggi il mondo si \u00e8 rovesciato e bisogna tornare alla teologia per spiegare la grandezza dell&#8217;uomo davanti a Dio di Claudio Crescimanno<\/p><p><a class=\"more-link btn\" href=\"https:\/\/www.rassegnastampa-totustuus.it\/cattolica\/animalismo-negazione-della-fede-cattolica\/\">Continua a leggere<\/a><\/p>\n","protected":false},"author":6,"featured_media":34439,"comment_status":"closed","ping_status":"closed","sticky":false,"template":"","format":"standard","meta":{"footnotes":""},"categories":[3,30],"tags":[198],"class_list":["post-34438","post","type-post","status-publish","format-standard","has-post-thumbnail","hentry","category-ambientalismo","category-ideologia-ambientalista","tag-animalisti","item-wrap"],"yoast_head":"<!-- This site is optimized with the Yoast SEO plugin v27.5 - https:\/\/yoast.com\/product\/yoast-seo-wordpress\/ -->\n<title>Animalismo negazione della fede cattolica - Rassegna Stampa Cattolica<\/title>\n<meta name=\"description\" content=\"Rassegna Stampa Cattolica - Per una cultura che nasce dalla Rivelazione cristiana in conformit\u00e0 alla tradizione e al Magistero della Chiesa in opposizione ad ogni relativismo e totalitarismo\" \/>\n<meta name=\"robots\" content=\"index, follow, max-snippet:-1, max-image-preview:large, max-video-preview:-1\" \/>\n<link rel=\"canonical\" href=\"https:\/\/www.rassegnastampa-totustuus.it\/cattolica\/animalismo-negazione-della-fede-cattolica\/\" \/>\n<meta property=\"og:locale\" content=\"it_IT\" \/>\n<meta property=\"og:type\" content=\"article\" \/>\n<meta property=\"og:title\" content=\"Animalismo negazione della fede cattolica - Rassegna Stampa Cattolica\" \/>\n<meta property=\"og:description\" content=\"Rassegna Stampa Cattolica - Per una cultura che nasce dalla Rivelazione cristiana in conformit\u00e0 alla tradizione e al Magistero della Chiesa in opposizione ad ogni relativismo e totalitarismo\" \/>\n<meta property=\"og:url\" content=\"https:\/\/www.rassegnastampa-totustuus.it\/cattolica\/animalismo-negazione-della-fede-cattolica\/\" \/>\n<meta property=\"og:site_name\" content=\"Rassegna Stampa Cattolica\" \/>\n<meta property=\"article:publisher\" content=\"https:\/\/www.facebook.com\/rassegnastampacattolica\" \/>\n<meta property=\"article:published_time\" content=\"2016-06-22T22:00:37+00:00\" \/>\n<meta property=\"og:image\" content=\"https:\/\/www.rassegnastampa-totustuus.it\/cattolica\/wp-content\/uploads\/2016\/06\/animalisti.jpg\" \/>\n\t<meta property=\"og:image:width\" content=\"259\" \/>\n\t<meta property=\"og:image:height\" content=\"194\" \/>\n\t<meta property=\"og:image:type\" content=\"image\/jpeg\" \/>\n<meta name=\"author\" content=\"Redazione\" \/>\n<meta name=\"twitter:card\" content=\"summary_large_image\" \/>\n<meta name=\"twitter:creator\" content=\"@rassegnastampa9\" \/>\n<meta name=\"twitter:site\" content=\"@rassegnastampa9\" \/>\n<meta name=\"twitter:label1\" content=\"Scritto da\" \/>\n\t<meta name=\"twitter:data1\" content=\"Redazione\" \/>\n\t<meta name=\"twitter:label2\" content=\"Tempo di lettura stimato\" \/>\n\t<meta name=\"twitter:data2\" content=\"6 minuti\" \/>\n<script type=\"application\/ld+json\" class=\"yoast-schema-graph\">{\"@context\":\"https:\\\/\\\/schema.org\",\"@graph\":[{\"@type\":\"Article\",\"@id\":\"https:\\\/\\\/www.rassegnastampa-totustuus.it\\\/cattolica\\\/animalismo-negazione-della-fede-cattolica\\\/#article\",\"isPartOf\":{\"@id\":\"https:\\\/\\\/www.rassegnastampa-totustuus.it\\\/cattolica\\\/animalismo-negazione-della-fede-cattolica\\\/\"},\"author\":{\"name\":\"Redazione\",\"@id\":\"https:\\\/\\\/www.rassegnastampa-totustuus.it\\\/cattolica\\\/#\\\/schema\\\/person\\\/08f319d2bd1a0904ad9e2bfb7b15e5c3\"},\"headline\":\"Animalismo negazione della fede cattolica\",\"datePublished\":\"2016-06-22T22:00:37+00:00\",\"mainEntityOfPage\":{\"@id\":\"https:\\\/\\\/www.rassegnastampa-totustuus.it\\\/cattolica\\\/animalismo-negazione-della-fede-cattolica\\\/\"},\"wordCount\":1277,\"publisher\":{\"@id\":\"https:\\\/\\\/www.rassegnastampa-totustuus.it\\\/cattolica\\\/#organization\"},\"image\":{\"@id\":\"https:\\\/\\\/www.rassegnastampa-totustuus.it\\\/cattolica\\\/animalismo-negazione-della-fede-cattolica\\\/#primaryimage\"},\"thumbnailUrl\":\"https:\\\/\\\/www.rassegnastampa-totustuus.it\\\/cattolica\\\/wp-content\\\/uploads\\\/2016\\\/06\\\/animalisti.jpg\",\"keywords\":[\"animalisti\"],\"articleSection\":[\"Ambientalismo\",\"Ideologia ambientale\"],\"inLanguage\":\"it-IT\"},{\"@type\":\"WebPage\",\"@id\":\"https:\\\/\\\/www.rassegnastampa-totustuus.it\\\/cattolica\\\/animalismo-negazione-della-fede-cattolica\\\/\",\"url\":\"https:\\\/\\\/www.rassegnastampa-totustuus.it\\\/cattolica\\\/animalismo-negazione-della-fede-cattolica\\\/\",\"name\":\"Animalismo negazione della fede cattolica - Rassegna Stampa Cattolica\",\"isPartOf\":{\"@id\":\"https:\\\/\\\/www.rassegnastampa-totustuus.it\\\/cattolica\\\/#website\"},\"primaryImageOfPage\":{\"@id\":\"https:\\\/\\\/www.rassegnastampa-totustuus.it\\\/cattolica\\\/animalismo-negazione-della-fede-cattolica\\\/#primaryimage\"},\"image\":{\"@id\":\"https:\\\/\\\/www.rassegnastampa-totustuus.it\\\/cattolica\\\/animalismo-negazione-della-fede-cattolica\\\/#primaryimage\"},\"thumbnailUrl\":\"https:\\\/\\\/www.rassegnastampa-totustuus.it\\\/cattolica\\\/wp-content\\\/uploads\\\/2016\\\/06\\\/animalisti.jpg\",\"datePublished\":\"2016-06-22T22:00:37+00:00\",\"description\":\"Rassegna Stampa Cattolica - Per una cultura che nasce dalla Rivelazione cristiana in conformit\u00e0 alla tradizione e al Magistero della Chiesa in opposizione ad ogni relativismo e totalitarismo\",\"breadcrumb\":{\"@id\":\"https:\\\/\\\/www.rassegnastampa-totustuus.it\\\/cattolica\\\/animalismo-negazione-della-fede-cattolica\\\/#breadcrumb\"},\"inLanguage\":\"it-IT\",\"potentialAction\":[{\"@type\":\"ReadAction\",\"target\":[\"https:\\\/\\\/www.rassegnastampa-totustuus.it\\\/cattolica\\\/animalismo-negazione-della-fede-cattolica\\\/\"]}]},{\"@type\":\"ImageObject\",\"inLanguage\":\"it-IT\",\"@id\":\"https:\\\/\\\/www.rassegnastampa-totustuus.it\\\/cattolica\\\/animalismo-negazione-della-fede-cattolica\\\/#primaryimage\",\"url\":\"https:\\\/\\\/www.rassegnastampa-totustuus.it\\\/cattolica\\\/wp-content\\\/uploads\\\/2016\\\/06\\\/animalisti.jpg\",\"contentUrl\":\"https:\\\/\\\/www.rassegnastampa-totustuus.it\\\/cattolica\\\/wp-content\\\/uploads\\\/2016\\\/06\\\/animalisti.jpg\",\"width\":259,\"height\":194},{\"@type\":\"BreadcrumbList\",\"@id\":\"https:\\\/\\\/www.rassegnastampa-totustuus.it\\\/cattolica\\\/animalismo-negazione-della-fede-cattolica\\\/#breadcrumb\",\"itemListElement\":[{\"@type\":\"ListItem\",\"position\":1,\"name\":\"Home\",\"item\":\"https:\\\/\\\/www.rassegnastampa-totustuus.it\\\/cattolica\\\/\"},{\"@type\":\"ListItem\",\"position\":2,\"name\":\"Animalismo negazione della fede cattolica\"}]},{\"@type\":\"WebSite\",\"@id\":\"https:\\\/\\\/www.rassegnastampa-totustuus.it\\\/cattolica\\\/#website\",\"url\":\"https:\\\/\\\/www.rassegnastampa-totustuus.it\\\/cattolica\\\/\",\"name\":\"Rassegna Stampa Cattolica\",\"description\":\"Per una cultura che nasce dalla Rivelazione cristiana in conformit\u00e0 alla tradizione e al Magistero della Chiesa in opposizione ad ogni relativismo e totalitarismo\",\"publisher\":{\"@id\":\"https:\\\/\\\/www.rassegnastampa-totustuus.it\\\/cattolica\\\/#organization\"},\"alternateName\":\"Rass. Cattolica\",\"potentialAction\":[{\"@type\":\"SearchAction\",\"target\":{\"@type\":\"EntryPoint\",\"urlTemplate\":\"https:\\\/\\\/www.rassegnastampa-totustuus.it\\\/cattolica\\\/?s={search_term_string}\"},\"query-input\":{\"@type\":\"PropertyValueSpecification\",\"valueRequired\":true,\"valueName\":\"search_term_string\"}}],\"inLanguage\":\"it-IT\"},{\"@type\":\"Organization\",\"@id\":\"https:\\\/\\\/www.rassegnastampa-totustuus.it\\\/cattolica\\\/#organization\",\"name\":\"Rassegna Stampa Cattolica\",\"url\":\"https:\\\/\\\/www.rassegnastampa-totustuus.it\\\/cattolica\\\/\",\"logo\":{\"@type\":\"ImageObject\",\"inLanguage\":\"it-IT\",\"@id\":\"https:\\\/\\\/www.rassegnastampa-totustuus.it\\\/cattolica\\\/#\\\/schema\\\/logo\\\/image\\\/\",\"url\":\"https:\\\/\\\/www.rassegnastampa-totustuus.it\\\/cattolica\\\/wp-content\\\/uploads\\\/2014\\\/04\\\/logo-rassegna1.gif\",\"contentUrl\":\"https:\\\/\\\/www.rassegnastampa-totustuus.it\\\/cattolica\\\/wp-content\\\/uploads\\\/2014\\\/04\\\/logo-rassegna1.gif\",\"width\":600,\"height\":163,\"caption\":\"Rassegna Stampa Cattolica\"},\"image\":{\"@id\":\"https:\\\/\\\/www.rassegnastampa-totustuus.it\\\/cattolica\\\/#\\\/schema\\\/logo\\\/image\\\/\"},\"sameAs\":[\"https:\\\/\\\/www.facebook.com\\\/rassegnastampacattolica\",\"https:\\\/\\\/x.com\\\/rassegnastampa9\"]},{\"@type\":\"Person\",\"@id\":\"https:\\\/\\\/www.rassegnastampa-totustuus.it\\\/cattolica\\\/#\\\/schema\\\/person\\\/08f319d2bd1a0904ad9e2bfb7b15e5c3\",\"name\":\"Redazione\",\"image\":{\"@type\":\"ImageObject\",\"inLanguage\":\"it-IT\",\"@id\":\"https:\\\/\\\/secure.gravatar.com\\\/avatar\\\/2fcdf27c78ea025fbdb44e914cc63c72249ffec9dc8aafd5c82b26240ef3f346?s=96&d=mm&r=g\",\"url\":\"https:\\\/\\\/secure.gravatar.com\\\/avatar\\\/2fcdf27c78ea025fbdb44e914cc63c72249ffec9dc8aafd5c82b26240ef3f346?s=96&d=mm&r=g\",\"contentUrl\":\"https:\\\/\\\/secure.gravatar.com\\\/avatar\\\/2fcdf27c78ea025fbdb44e914cc63c72249ffec9dc8aafd5c82b26240ef3f346?s=96&d=mm&r=g\",\"caption\":\"Redazione\"},\"url\":\"https:\\\/\\\/www.rassegnastampa-totustuus.it\\\/cattolica\\\/author\\\/pietroelle\\\/\"}]}<\/script>\n<!-- \/ Yoast SEO plugin. -->","yoast_head_json":{"title":"Animalismo negazione della fede cattolica - Rassegna Stampa Cattolica","description":"Rassegna Stampa Cattolica - Per una cultura che nasce dalla Rivelazione cristiana in conformit\u00e0 alla tradizione e al Magistero della Chiesa in opposizione ad ogni relativismo e totalitarismo","robots":{"index":"index","follow":"follow","max-snippet":"max-snippet:-1","max-image-preview":"max-image-preview:large","max-video-preview":"max-video-preview:-1"},"canonical":"https:\/\/www.rassegnastampa-totustuus.it\/cattolica\/animalismo-negazione-della-fede-cattolica\/","og_locale":"it_IT","og_type":"article","og_title":"Animalismo negazione della fede cattolica - Rassegna Stampa Cattolica","og_description":"Rassegna Stampa Cattolica - Per una cultura che nasce dalla Rivelazione cristiana in conformit\u00e0 alla tradizione e al Magistero della Chiesa in opposizione ad ogni relativismo e totalitarismo","og_url":"https:\/\/www.rassegnastampa-totustuus.it\/cattolica\/animalismo-negazione-della-fede-cattolica\/","og_site_name":"Rassegna Stampa Cattolica","article_publisher":"https:\/\/www.facebook.com\/rassegnastampacattolica","article_published_time":"2016-06-22T22:00:37+00:00","og_image":[{"width":259,"height":194,"url":"https:\/\/www.rassegnastampa-totustuus.it\/cattolica\/wp-content\/uploads\/2016\/06\/animalisti.jpg","type":"image\/jpeg"}],"author":"Redazione","twitter_card":"summary_large_image","twitter_creator":"@rassegnastampa9","twitter_site":"@rassegnastampa9","twitter_misc":{"Scritto da":"Redazione","Tempo di lettura stimato":"6 minuti"},"schema":{"@context":"https:\/\/schema.org","@graph":[{"@type":"Article","@id":"https:\/\/www.rassegnastampa-totustuus.it\/cattolica\/animalismo-negazione-della-fede-cattolica\/#article","isPartOf":{"@id":"https:\/\/www.rassegnastampa-totustuus.it\/cattolica\/animalismo-negazione-della-fede-cattolica\/"},"author":{"name":"Redazione","@id":"https:\/\/www.rassegnastampa-totustuus.it\/cattolica\/#\/schema\/person\/08f319d2bd1a0904ad9e2bfb7b15e5c3"},"headline":"Animalismo negazione della fede cattolica","datePublished":"2016-06-22T22:00:37+00:00","mainEntityOfPage":{"@id":"https:\/\/www.rassegnastampa-totustuus.it\/cattolica\/animalismo-negazione-della-fede-cattolica\/"},"wordCount":1277,"publisher":{"@id":"https:\/\/www.rassegnastampa-totustuus.it\/cattolica\/#organization"},"image":{"@id":"https:\/\/www.rassegnastampa-totustuus.it\/cattolica\/animalismo-negazione-della-fede-cattolica\/#primaryimage"},"thumbnailUrl":"https:\/\/www.rassegnastampa-totustuus.it\/cattolica\/wp-content\/uploads\/2016\/06\/animalisti.jpg","keywords":["animalisti"],"articleSection":["Ambientalismo","Ideologia ambientale"],"inLanguage":"it-IT"},{"@type":"WebPage","@id":"https:\/\/www.rassegnastampa-totustuus.it\/cattolica\/animalismo-negazione-della-fede-cattolica\/","url":"https:\/\/www.rassegnastampa-totustuus.it\/cattolica\/animalismo-negazione-della-fede-cattolica\/","name":"Animalismo negazione della fede cattolica - Rassegna Stampa Cattolica","isPartOf":{"@id":"https:\/\/www.rassegnastampa-totustuus.it\/cattolica\/#website"},"primaryImageOfPage":{"@id":"https:\/\/www.rassegnastampa-totustuus.it\/cattolica\/animalismo-negazione-della-fede-cattolica\/#primaryimage"},"image":{"@id":"https:\/\/www.rassegnastampa-totustuus.it\/cattolica\/animalismo-negazione-della-fede-cattolica\/#primaryimage"},"thumbnailUrl":"https:\/\/www.rassegnastampa-totustuus.it\/cattolica\/wp-content\/uploads\/2016\/06\/animalisti.jpg","datePublished":"2016-06-22T22:00:37+00:00","description":"Rassegna Stampa Cattolica - Per una cultura che nasce dalla Rivelazione cristiana in conformit\u00e0 alla tradizione e al Magistero della Chiesa in opposizione ad ogni relativismo e totalitarismo","breadcrumb":{"@id":"https:\/\/www.rassegnastampa-totustuus.it\/cattolica\/animalismo-negazione-della-fede-cattolica\/#breadcrumb"},"inLanguage":"it-IT","potentialAction":[{"@type":"ReadAction","target":["https:\/\/www.rassegnastampa-totustuus.it\/cattolica\/animalismo-negazione-della-fede-cattolica\/"]}]},{"@type":"ImageObject","inLanguage":"it-IT","@id":"https:\/\/www.rassegnastampa-totustuus.it\/cattolica\/animalismo-negazione-della-fede-cattolica\/#primaryimage","url":"https:\/\/www.rassegnastampa-totustuus.it\/cattolica\/wp-content\/uploads\/2016\/06\/animalisti.jpg","contentUrl":"https:\/\/www.rassegnastampa-totustuus.it\/cattolica\/wp-content\/uploads\/2016\/06\/animalisti.jpg","width":259,"height":194},{"@type":"BreadcrumbList","@id":"https:\/\/www.rassegnastampa-totustuus.it\/cattolica\/animalismo-negazione-della-fede-cattolica\/#breadcrumb","itemListElement":[{"@type":"ListItem","position":1,"name":"Home","item":"https:\/\/www.rassegnastampa-totustuus.it\/cattolica\/"},{"@type":"ListItem","position":2,"name":"Animalismo negazione della fede cattolica"}]},{"@type":"WebSite","@id":"https:\/\/www.rassegnastampa-totustuus.it\/cattolica\/#website","url":"https:\/\/www.rassegnastampa-totustuus.it\/cattolica\/","name":"Rassegna Stampa Cattolica","description":"Per una cultura che nasce dalla Rivelazione cristiana in conformit\u00e0 alla tradizione e al Magistero della Chiesa in opposizione ad ogni relativismo e totalitarismo","publisher":{"@id":"https:\/\/www.rassegnastampa-totustuus.it\/cattolica\/#organization"},"alternateName":"Rass. Cattolica","potentialAction":[{"@type":"SearchAction","target":{"@type":"EntryPoint","urlTemplate":"https:\/\/www.rassegnastampa-totustuus.it\/cattolica\/?s={search_term_string}"},"query-input":{"@type":"PropertyValueSpecification","valueRequired":true,"valueName":"search_term_string"}}],"inLanguage":"it-IT"},{"@type":"Organization","@id":"https:\/\/www.rassegnastampa-totustuus.it\/cattolica\/#organization","name":"Rassegna Stampa Cattolica","url":"https:\/\/www.rassegnastampa-totustuus.it\/cattolica\/","logo":{"@type":"ImageObject","inLanguage":"it-IT","@id":"https:\/\/www.rassegnastampa-totustuus.it\/cattolica\/#\/schema\/logo\/image\/","url":"https:\/\/www.rassegnastampa-totustuus.it\/cattolica\/wp-content\/uploads\/2014\/04\/logo-rassegna1.gif","contentUrl":"https:\/\/www.rassegnastampa-totustuus.it\/cattolica\/wp-content\/uploads\/2014\/04\/logo-rassegna1.gif","width":600,"height":163,"caption":"Rassegna Stampa Cattolica"},"image":{"@id":"https:\/\/www.rassegnastampa-totustuus.it\/cattolica\/#\/schema\/logo\/image\/"},"sameAs":["https:\/\/www.facebook.com\/rassegnastampacattolica","https:\/\/x.com\/rassegnastampa9"]},{"@type":"Person","@id":"https:\/\/www.rassegnastampa-totustuus.it\/cattolica\/#\/schema\/person\/08f319d2bd1a0904ad9e2bfb7b15e5c3","name":"Redazione","image":{"@type":"ImageObject","inLanguage":"it-IT","@id":"https:\/\/secure.gravatar.com\/avatar\/2fcdf27c78ea025fbdb44e914cc63c72249ffec9dc8aafd5c82b26240ef3f346?s=96&d=mm&r=g","url":"https:\/\/secure.gravatar.com\/avatar\/2fcdf27c78ea025fbdb44e914cc63c72249ffec9dc8aafd5c82b26240ef3f346?s=96&d=mm&r=g","contentUrl":"https:\/\/secure.gravatar.com\/avatar\/2fcdf27c78ea025fbdb44e914cc63c72249ffec9dc8aafd5c82b26240ef3f346?s=96&d=mm&r=g","caption":"Redazione"},"url":"https:\/\/www.rassegnastampa-totustuus.it\/cattolica\/author\/pietroelle\/"}]}},"_links":{"self":[{"href":"https:\/\/www.rassegnastampa-totustuus.it\/cattolica\/wp-json\/wp\/v2\/posts\/34438","targetHints":{"allow":["GET"]}}],"collection":[{"href":"https:\/\/www.rassegnastampa-totustuus.it\/cattolica\/wp-json\/wp\/v2\/posts"}],"about":[{"href":"https:\/\/www.rassegnastampa-totustuus.it\/cattolica\/wp-json\/wp\/v2\/types\/post"}],"author":[{"embeddable":true,"href":"https:\/\/www.rassegnastampa-totustuus.it\/cattolica\/wp-json\/wp\/v2\/users\/6"}],"replies":[{"embeddable":true,"href":"https:\/\/www.rassegnastampa-totustuus.it\/cattolica\/wp-json\/wp\/v2\/comments?post=34438"}],"version-history":[{"count":1,"href":"https:\/\/www.rassegnastampa-totustuus.it\/cattolica\/wp-json\/wp\/v2\/posts\/34438\/revisions"}],"predecessor-version":[{"id":34440,"href":"https:\/\/www.rassegnastampa-totustuus.it\/cattolica\/wp-json\/wp\/v2\/posts\/34438\/revisions\/34440"}],"wp:featuredmedia":[{"embeddable":true,"href":"https:\/\/www.rassegnastampa-totustuus.it\/cattolica\/wp-json\/wp\/v2\/media\/34439"}],"wp:attachment":[{"href":"https:\/\/www.rassegnastampa-totustuus.it\/cattolica\/wp-json\/wp\/v2\/media?parent=34438"}],"wp:term":[{"taxonomy":"category","embeddable":true,"href":"https:\/\/www.rassegnastampa-totustuus.it\/cattolica\/wp-json\/wp\/v2\/categories?post=34438"},{"taxonomy":"post_tag","embeddable":true,"href":"https:\/\/www.rassegnastampa-totustuus.it\/cattolica\/wp-json\/wp\/v2\/tags?post=34438"}],"curies":[{"name":"wp","href":"https:\/\/api.w.org\/{rel}","templated":true}]}}