{"id":34430,"date":"2016-06-23T00:00:59","date_gmt":"2016-06-22T22:00:59","guid":{"rendered":"http:\/\/www.rassegnastampa-totustuus.it\/cattolica\/?p=34430"},"modified":"2016-06-09T11:16:05","modified_gmt":"2016-06-09T09:16:05","slug":"gli-abusi-musicali-e-la-prudentia-ecclesiae","status":"publish","type":"post","link":"https:\/\/www.rassegnastampa-totustuus.it\/cattolica\/gli-abusi-musicali-e-la-prudentia-ecclesiae\/","title":{"rendered":"Gli abusi musicali e la prudentia Ecclesiae"},"content":{"rendered":"<p style=\"text-align: center;\"><strong><img loading=\"lazy\" decoding=\"async\" class=\"alignleft wp-image-34431\" src=\"https:\/\/www.rassegnastampa-totustuus.it\/cattolica\/wp-content\/uploads\/2016\/06\/balli_Messa.jpg\" alt=\"balli_Messa\" width=\"250\" height=\"166\" \/>Il Timone<\/strong> n. 154 giugno 2016<\/p>\n<p style=\"text-align: justify;\"><em>Dal Concilio Vaticano II ad oggi non si contano gli episodi di mancanza di rispetto delle norme che regolamentano il servizio musicale. Non \u00e8 la prima volta che la Chiesa interviene su questi abusi<\/em><\/p>\n<p style=\"text-align: center;\">di <strong>Giannicola D&#8217;Amico<\/strong><\/p>\n<p style=\"text-align: center;\"><!--more--><\/p>\n<p style=\"text-align: justify;\">Nell&#8217;esaminare la musica liturgica nel cinquantennio del post-Concilio Vaticano II, non si contano le voci che sottolineano quanta confusione regni in materia e quanta sia l&#8217;assoluta mancanza di provvedimenti che mettano efficacemente ordine in un campo abbandonato ad una sorta di anomia. A ben guardare, per\u00f2, la storia della Chiesa, non \u00e8 la prima volta che l&#8217;autorit\u00e0 prende provvedimenti con molto ritardo.<\/p>\n<p style=\"text-align: justify;\">Si \u00e8 accennato alla decadenza basso-medievale del canto liturgico con le sviste dei Cistercensi o le prodezze dei Francescani, ma il problema fondamentale di quell&#8217;epoca fu la montante polifonia che prese a padroneggiare il servizio musicale, soprattutto nelle chiese secolari, e che giunse ad invadere anche la cappella papale la quale, a quel tempo, era in Avignone. La temperie di secolare confusione fu sintetizzata dalla Costituzione Apostolica Docta Sanctorum Patrum di papa Giovanni XXII, promulgata nel 1324 e poi inserita del Corpus Juris canonici tra le Extrauagantes.<\/p>\n<p style=\"text-align: justify;\">La Docta Sanctorum, primo documento normativo pontificio ad interessarsi in via generale del canto liturgico, venne alla luce abbastanza tardi rispetto alla diffusa crisi del canto ecclesiastico, che era ampiamente evidente gi\u00e0 prima della cattivit\u00e0 avignonese, ma esemplificava in modo estremamente vigoroso e significativo uno stato di cose non conforme alle intenzioni della Chiesa. All&#8217;inizio del Trecento il papa fotografava due secoli di abusi, condannandoli vigorosamente, e deprecava principalmente le tecniche musicali polifoniche che tendevano a distruggere il canto gregoriano, nella parte melodica ed in quella ritmica ed esecutiva, richiamando certi principi di spiritualit\u00e0, posti alla base dell&#8217;esecuzione del canto sacro, e dichiarava apertamente l&#8217;opzione ecclesiastica per un canto liturgico con finalit\u00e0 edificanti e di elevazione spirituale per il clero e per il popolo.<\/p>\n<p style=\"text-align: justify;\">Lo strale era appuntato soprattutto contro i musicisti dell&#8217;Ars nova, per l&#8217;incipiente mania mensuralizzante e ritmicamente accelerante e, soprattutto, per la spettacolarit\u00e0 esecutiva, inconciliabile con il culto cristiano ed incompatibile con il canto liturgico ormai ottenebrato nei suoi basilari elementi teorici ed esecutivi. Tuttavia il papa non biasimava totalmente la polifonia, ma ne indicava i modi di retto uso liturgico (forme consonanti compatibili con il canto sacro e dotate di semplicit\u00e0 atta a favorire la devozione e non l&#8217;ubriacatura musicale fine a s\u00e9 stessa) ai quali dovevano conformarsi cantori e musicisti, in un&#8217;ottica di chiara preminenza e tutela del gregoriano, additato a modello per la composizione sacra. La approvazione della polifonia semplice (melodia gregoriana accompagnata da una seconda voce normalmente omoritmica) testimonia che questa forma, conosciuta dalla schola papale gi\u00e0 da parecchio e dal XIII sec. diffusa in ogni parte d&#8217;Europa, era ormai metabolizzata quale naturale evoluzione della pratica di canto liturgico.<\/p>\n<p style=\"text-align: justify;\">La Costituzione veniva promulgata, per\u00f2, in un momento storico in cui la musica profana (cio\u00e8 che per natura \u00e8 fuori del tempio = pr\u00f2 fanum) si era gi\u00e0 appropriata delle strutture che il repertorio le metteva a disposizione, penetrando nel santuario e sfidandone ormai apertamente i secolari apparati.<\/p>\n<p style=\"text-align: justify;\">In definitiva, era questa sfrontatezza che aveva indispettito profondamente il pontefice il quale, probabilmente, fece suo un diffuso e risalente sentimento che albergava da lungo tempo negli ambienti ecclesiastici, ove ci si rendeva conto che il testo liturgico veniva sempre meno percepito nella sua materialit\u00e0 (e per questo depotenziato del suo potere di dialogo salvifico) e che nella generalit\u00e0 le composizioni scritte con le nuove tecniche si denotava una progressiva mutazione nella stessa concezione giuridico-dottrinale del culto.<\/p>\n<p style=\"text-align: justify;\">Johannes De Muris, teorico musicale e matematico coevo di Giovanni XXII, nello Speculum musicae boll\u00f2 a fuoco le esagerazioni contrappuntistiche, tacciandole di demenza: ci\u00f2 a riprova che gli inizi della polifonia si svolgevano in forme incompatibili con l&#8217;essenza della liturgia. Tali esternazioni coglievano quasi sempre il fatto tecnico ed esecutivo, ma sottintendevano anche una progressiva crisi della comunione &#8220;musica-liturgia&#8221; che viene innescata fra il XIII e il XIV sec, proprio con il progressivo appannarsi del gregoriano ed il concorrente sviluppo di una sovrapposizione tra il fatto artistico ed il dato cultuale, ovvero tra la liturgia e la sua forma sonora che progressivamente tender\u00e0 ad una autonomia senza regole.<\/p>\n<p style=\"text-align: justify;\">Il cumulo di abusi tecnici cui Giovanni XXII tent\u00f2 di mettere freno proveniva tuttavia da una societ\u00e0 e da una comunit\u00e0 artistica profondamente cristiane: oggi, viceversa, qualsiasi influsso secolarizzante sulla liturgia proviene da un mondo intimamente scristianizzato, anche nei Paesi di antica evangelizzazione, ed \u00e8 molto pi\u00f9 invasivo e pervasivo rispetto al passato, sicch\u00e9 il dover metter mano a questa cinquantennale confusione sarebbe ormai indefettibile dovere di carit\u00e0 per la Chiesa da parte dei suoi Pastori<\/p>\n","protected":false},"excerpt":{"rendered":"<p>Il Timone n. 154 giugno 2016 Dal Concilio Vaticano II ad oggi non si contano gli episodi di mancanza di rispetto delle norme che regolamentano il servizio musicale. Non \u00e8 la prima volta che la Chiesa interviene su questi abusi di Giannicola D&#8217;Amico<\/p><p><a class=\"more-link btn\" href=\"https:\/\/www.rassegnastampa-totustuus.it\/cattolica\/gli-abusi-musicali-e-la-prudentia-ecclesiae\/\">Continua a leggere<\/a><\/p>\n","protected":false},"author":6,"featured_media":34431,"comment_status":"closed","ping_status":"closed","sticky":false,"template":"","format":"standard","meta":{"footnotes":""},"categories":[5,115],"tags":[1325],"class_list":["post-34430","post","type-post","status-publish","format-standard","has-post-thumbnail","hentry","category-chiesa","category-liturgia","tag-musica-sacra","item-wrap"],"yoast_head":"<!-- This site is optimized with the Yoast SEO plugin v27.5 - https:\/\/yoast.com\/product\/yoast-seo-wordpress\/ -->\n<title>Gli abusi musicali e la prudentia Ecclesiae - Rassegna Stampa Cattolica<\/title>\n<meta name=\"description\" content=\"Rassegna Stampa Cattolica - Per una cultura che nasce dalla Rivelazione cristiana in conformit\u00e0 alla tradizione e al Magistero della Chiesa in opposizione ad ogni relativismo e totalitarismo\" \/>\n<meta name=\"robots\" content=\"index, follow, max-snippet:-1, max-image-preview:large, max-video-preview:-1\" \/>\n<link rel=\"canonical\" href=\"https:\/\/www.rassegnastampa-totustuus.it\/cattolica\/gli-abusi-musicali-e-la-prudentia-ecclesiae\/\" \/>\n<meta property=\"og:locale\" content=\"it_IT\" \/>\n<meta property=\"og:type\" content=\"article\" \/>\n<meta property=\"og:title\" content=\"Gli abusi musicali e la prudentia Ecclesiae - Rassegna Stampa Cattolica\" \/>\n<meta property=\"og:description\" content=\"Rassegna Stampa Cattolica - Per una cultura che nasce dalla Rivelazione cristiana in conformit\u00e0 alla tradizione e al Magistero della Chiesa in opposizione ad ogni relativismo e totalitarismo\" \/>\n<meta property=\"og:url\" content=\"https:\/\/www.rassegnastampa-totustuus.it\/cattolica\/gli-abusi-musicali-e-la-prudentia-ecclesiae\/\" \/>\n<meta property=\"og:site_name\" content=\"Rassegna Stampa Cattolica\" \/>\n<meta property=\"article:publisher\" content=\"https:\/\/www.facebook.com\/rassegnastampacattolica\" \/>\n<meta property=\"article:published_time\" content=\"2016-06-22T22:00:59+00:00\" \/>\n<meta property=\"og:image\" content=\"https:\/\/www.rassegnastampa-totustuus.it\/cattolica\/wp-content\/uploads\/2016\/06\/balli_Messa.jpg\" \/>\n\t<meta property=\"og:image:width\" content=\"275\" \/>\n\t<meta property=\"og:image:height\" content=\"183\" \/>\n\t<meta property=\"og:image:type\" content=\"image\/jpeg\" \/>\n<meta name=\"author\" content=\"Redazione\" \/>\n<meta name=\"twitter:card\" content=\"summary_large_image\" \/>\n<meta name=\"twitter:creator\" content=\"@rassegnastampa9\" \/>\n<meta name=\"twitter:site\" content=\"@rassegnastampa9\" \/>\n<meta name=\"twitter:label1\" content=\"Scritto da\" \/>\n\t<meta name=\"twitter:data1\" content=\"Redazione\" \/>\n\t<meta name=\"twitter:label2\" content=\"Tempo di lettura stimato\" \/>\n\t<meta name=\"twitter:data2\" content=\"4 minuti\" \/>\n<script type=\"application\/ld+json\" class=\"yoast-schema-graph\">{\"@context\":\"https:\\\/\\\/schema.org\",\"@graph\":[{\"@type\":\"Article\",\"@id\":\"https:\\\/\\\/www.rassegnastampa-totustuus.it\\\/cattolica\\\/gli-abusi-musicali-e-la-prudentia-ecclesiae\\\/#article\",\"isPartOf\":{\"@id\":\"https:\\\/\\\/www.rassegnastampa-totustuus.it\\\/cattolica\\\/gli-abusi-musicali-e-la-prudentia-ecclesiae\\\/\"},\"author\":{\"name\":\"Redazione\",\"@id\":\"https:\\\/\\\/www.rassegnastampa-totustuus.it\\\/cattolica\\\/#\\\/schema\\\/person\\\/08f319d2bd1a0904ad9e2bfb7b15e5c3\"},\"headline\":\"Gli abusi musicali e la prudentia Ecclesiae\",\"datePublished\":\"2016-06-22T22:00:59+00:00\",\"mainEntityOfPage\":{\"@id\":\"https:\\\/\\\/www.rassegnastampa-totustuus.it\\\/cattolica\\\/gli-abusi-musicali-e-la-prudentia-ecclesiae\\\/\"},\"wordCount\":789,\"publisher\":{\"@id\":\"https:\\\/\\\/www.rassegnastampa-totustuus.it\\\/cattolica\\\/#organization\"},\"image\":{\"@id\":\"https:\\\/\\\/www.rassegnastampa-totustuus.it\\\/cattolica\\\/gli-abusi-musicali-e-la-prudentia-ecclesiae\\\/#primaryimage\"},\"thumbnailUrl\":\"https:\\\/\\\/www.rassegnastampa-totustuus.it\\\/cattolica\\\/wp-content\\\/uploads\\\/2016\\\/06\\\/balli_Messa.jpg\",\"keywords\":[\"musica sacra\"],\"articleSection\":[\"Chiesa\",\"Liturgia\"],\"inLanguage\":\"it-IT\"},{\"@type\":\"WebPage\",\"@id\":\"https:\\\/\\\/www.rassegnastampa-totustuus.it\\\/cattolica\\\/gli-abusi-musicali-e-la-prudentia-ecclesiae\\\/\",\"url\":\"https:\\\/\\\/www.rassegnastampa-totustuus.it\\\/cattolica\\\/gli-abusi-musicali-e-la-prudentia-ecclesiae\\\/\",\"name\":\"Gli abusi musicali e la prudentia Ecclesiae - Rassegna Stampa Cattolica\",\"isPartOf\":{\"@id\":\"https:\\\/\\\/www.rassegnastampa-totustuus.it\\\/cattolica\\\/#website\"},\"primaryImageOfPage\":{\"@id\":\"https:\\\/\\\/www.rassegnastampa-totustuus.it\\\/cattolica\\\/gli-abusi-musicali-e-la-prudentia-ecclesiae\\\/#primaryimage\"},\"image\":{\"@id\":\"https:\\\/\\\/www.rassegnastampa-totustuus.it\\\/cattolica\\\/gli-abusi-musicali-e-la-prudentia-ecclesiae\\\/#primaryimage\"},\"thumbnailUrl\":\"https:\\\/\\\/www.rassegnastampa-totustuus.it\\\/cattolica\\\/wp-content\\\/uploads\\\/2016\\\/06\\\/balli_Messa.jpg\",\"datePublished\":\"2016-06-22T22:00:59+00:00\",\"description\":\"Rassegna Stampa Cattolica - Per una cultura che nasce dalla Rivelazione cristiana in conformit\u00e0 alla tradizione e al Magistero della Chiesa in opposizione ad ogni relativismo e totalitarismo\",\"breadcrumb\":{\"@id\":\"https:\\\/\\\/www.rassegnastampa-totustuus.it\\\/cattolica\\\/gli-abusi-musicali-e-la-prudentia-ecclesiae\\\/#breadcrumb\"},\"inLanguage\":\"it-IT\",\"potentialAction\":[{\"@type\":\"ReadAction\",\"target\":[\"https:\\\/\\\/www.rassegnastampa-totustuus.it\\\/cattolica\\\/gli-abusi-musicali-e-la-prudentia-ecclesiae\\\/\"]}]},{\"@type\":\"ImageObject\",\"inLanguage\":\"it-IT\",\"@id\":\"https:\\\/\\\/www.rassegnastampa-totustuus.it\\\/cattolica\\\/gli-abusi-musicali-e-la-prudentia-ecclesiae\\\/#primaryimage\",\"url\":\"https:\\\/\\\/www.rassegnastampa-totustuus.it\\\/cattolica\\\/wp-content\\\/uploads\\\/2016\\\/06\\\/balli_Messa.jpg\",\"contentUrl\":\"https:\\\/\\\/www.rassegnastampa-totustuus.it\\\/cattolica\\\/wp-content\\\/uploads\\\/2016\\\/06\\\/balli_Messa.jpg\",\"width\":275,\"height\":183},{\"@type\":\"BreadcrumbList\",\"@id\":\"https:\\\/\\\/www.rassegnastampa-totustuus.it\\\/cattolica\\\/gli-abusi-musicali-e-la-prudentia-ecclesiae\\\/#breadcrumb\",\"itemListElement\":[{\"@type\":\"ListItem\",\"position\":1,\"name\":\"Home\",\"item\":\"https:\\\/\\\/www.rassegnastampa-totustuus.it\\\/cattolica\\\/\"},{\"@type\":\"ListItem\",\"position\":2,\"name\":\"Gli abusi musicali e la prudentia Ecclesiae\"}]},{\"@type\":\"WebSite\",\"@id\":\"https:\\\/\\\/www.rassegnastampa-totustuus.it\\\/cattolica\\\/#website\",\"url\":\"https:\\\/\\\/www.rassegnastampa-totustuus.it\\\/cattolica\\\/\",\"name\":\"Rassegna Stampa Cattolica\",\"description\":\"Per una cultura che nasce dalla Rivelazione cristiana in conformit\u00e0 alla tradizione e al Magistero della Chiesa in opposizione ad ogni relativismo e totalitarismo\",\"publisher\":{\"@id\":\"https:\\\/\\\/www.rassegnastampa-totustuus.it\\\/cattolica\\\/#organization\"},\"alternateName\":\"Rass. Cattolica\",\"potentialAction\":[{\"@type\":\"SearchAction\",\"target\":{\"@type\":\"EntryPoint\",\"urlTemplate\":\"https:\\\/\\\/www.rassegnastampa-totustuus.it\\\/cattolica\\\/?s={search_term_string}\"},\"query-input\":{\"@type\":\"PropertyValueSpecification\",\"valueRequired\":true,\"valueName\":\"search_term_string\"}}],\"inLanguage\":\"it-IT\"},{\"@type\":\"Organization\",\"@id\":\"https:\\\/\\\/www.rassegnastampa-totustuus.it\\\/cattolica\\\/#organization\",\"name\":\"Rassegna Stampa Cattolica\",\"url\":\"https:\\\/\\\/www.rassegnastampa-totustuus.it\\\/cattolica\\\/\",\"logo\":{\"@type\":\"ImageObject\",\"inLanguage\":\"it-IT\",\"@id\":\"https:\\\/\\\/www.rassegnastampa-totustuus.it\\\/cattolica\\\/#\\\/schema\\\/logo\\\/image\\\/\",\"url\":\"https:\\\/\\\/www.rassegnastampa-totustuus.it\\\/cattolica\\\/wp-content\\\/uploads\\\/2014\\\/04\\\/logo-rassegna1.gif\",\"contentUrl\":\"https:\\\/\\\/www.rassegnastampa-totustuus.it\\\/cattolica\\\/wp-content\\\/uploads\\\/2014\\\/04\\\/logo-rassegna1.gif\",\"width\":600,\"height\":163,\"caption\":\"Rassegna Stampa Cattolica\"},\"image\":{\"@id\":\"https:\\\/\\\/www.rassegnastampa-totustuus.it\\\/cattolica\\\/#\\\/schema\\\/logo\\\/image\\\/\"},\"sameAs\":[\"https:\\\/\\\/www.facebook.com\\\/rassegnastampacattolica\",\"https:\\\/\\\/x.com\\\/rassegnastampa9\"]},{\"@type\":\"Person\",\"@id\":\"https:\\\/\\\/www.rassegnastampa-totustuus.it\\\/cattolica\\\/#\\\/schema\\\/person\\\/08f319d2bd1a0904ad9e2bfb7b15e5c3\",\"name\":\"Redazione\",\"image\":{\"@type\":\"ImageObject\",\"inLanguage\":\"it-IT\",\"@id\":\"https:\\\/\\\/secure.gravatar.com\\\/avatar\\\/2fcdf27c78ea025fbdb44e914cc63c72249ffec9dc8aafd5c82b26240ef3f346?s=96&d=mm&r=g\",\"url\":\"https:\\\/\\\/secure.gravatar.com\\\/avatar\\\/2fcdf27c78ea025fbdb44e914cc63c72249ffec9dc8aafd5c82b26240ef3f346?s=96&d=mm&r=g\",\"contentUrl\":\"https:\\\/\\\/secure.gravatar.com\\\/avatar\\\/2fcdf27c78ea025fbdb44e914cc63c72249ffec9dc8aafd5c82b26240ef3f346?s=96&d=mm&r=g\",\"caption\":\"Redazione\"},\"url\":\"https:\\\/\\\/www.rassegnastampa-totustuus.it\\\/cattolica\\\/author\\\/pietroelle\\\/\"}]}<\/script>\n<!-- \/ Yoast SEO plugin. -->","yoast_head_json":{"title":"Gli abusi musicali e la prudentia Ecclesiae - Rassegna Stampa Cattolica","description":"Rassegna Stampa Cattolica - Per una cultura che nasce dalla Rivelazione cristiana in conformit\u00e0 alla tradizione e al Magistero della Chiesa in opposizione ad ogni relativismo e totalitarismo","robots":{"index":"index","follow":"follow","max-snippet":"max-snippet:-1","max-image-preview":"max-image-preview:large","max-video-preview":"max-video-preview:-1"},"canonical":"https:\/\/www.rassegnastampa-totustuus.it\/cattolica\/gli-abusi-musicali-e-la-prudentia-ecclesiae\/","og_locale":"it_IT","og_type":"article","og_title":"Gli abusi musicali e la prudentia Ecclesiae - Rassegna Stampa Cattolica","og_description":"Rassegna Stampa Cattolica - Per una cultura che nasce dalla Rivelazione cristiana in conformit\u00e0 alla tradizione e al Magistero della Chiesa in opposizione ad ogni relativismo e totalitarismo","og_url":"https:\/\/www.rassegnastampa-totustuus.it\/cattolica\/gli-abusi-musicali-e-la-prudentia-ecclesiae\/","og_site_name":"Rassegna Stampa Cattolica","article_publisher":"https:\/\/www.facebook.com\/rassegnastampacattolica","article_published_time":"2016-06-22T22:00:59+00:00","og_image":[{"width":275,"height":183,"url":"https:\/\/www.rassegnastampa-totustuus.it\/cattolica\/wp-content\/uploads\/2016\/06\/balli_Messa.jpg","type":"image\/jpeg"}],"author":"Redazione","twitter_card":"summary_large_image","twitter_creator":"@rassegnastampa9","twitter_site":"@rassegnastampa9","twitter_misc":{"Scritto da":"Redazione","Tempo di lettura stimato":"4 minuti"},"schema":{"@context":"https:\/\/schema.org","@graph":[{"@type":"Article","@id":"https:\/\/www.rassegnastampa-totustuus.it\/cattolica\/gli-abusi-musicali-e-la-prudentia-ecclesiae\/#article","isPartOf":{"@id":"https:\/\/www.rassegnastampa-totustuus.it\/cattolica\/gli-abusi-musicali-e-la-prudentia-ecclesiae\/"},"author":{"name":"Redazione","@id":"https:\/\/www.rassegnastampa-totustuus.it\/cattolica\/#\/schema\/person\/08f319d2bd1a0904ad9e2bfb7b15e5c3"},"headline":"Gli abusi musicali e la prudentia Ecclesiae","datePublished":"2016-06-22T22:00:59+00:00","mainEntityOfPage":{"@id":"https:\/\/www.rassegnastampa-totustuus.it\/cattolica\/gli-abusi-musicali-e-la-prudentia-ecclesiae\/"},"wordCount":789,"publisher":{"@id":"https:\/\/www.rassegnastampa-totustuus.it\/cattolica\/#organization"},"image":{"@id":"https:\/\/www.rassegnastampa-totustuus.it\/cattolica\/gli-abusi-musicali-e-la-prudentia-ecclesiae\/#primaryimage"},"thumbnailUrl":"https:\/\/www.rassegnastampa-totustuus.it\/cattolica\/wp-content\/uploads\/2016\/06\/balli_Messa.jpg","keywords":["musica sacra"],"articleSection":["Chiesa","Liturgia"],"inLanguage":"it-IT"},{"@type":"WebPage","@id":"https:\/\/www.rassegnastampa-totustuus.it\/cattolica\/gli-abusi-musicali-e-la-prudentia-ecclesiae\/","url":"https:\/\/www.rassegnastampa-totustuus.it\/cattolica\/gli-abusi-musicali-e-la-prudentia-ecclesiae\/","name":"Gli abusi musicali e la prudentia Ecclesiae - Rassegna Stampa Cattolica","isPartOf":{"@id":"https:\/\/www.rassegnastampa-totustuus.it\/cattolica\/#website"},"primaryImageOfPage":{"@id":"https:\/\/www.rassegnastampa-totustuus.it\/cattolica\/gli-abusi-musicali-e-la-prudentia-ecclesiae\/#primaryimage"},"image":{"@id":"https:\/\/www.rassegnastampa-totustuus.it\/cattolica\/gli-abusi-musicali-e-la-prudentia-ecclesiae\/#primaryimage"},"thumbnailUrl":"https:\/\/www.rassegnastampa-totustuus.it\/cattolica\/wp-content\/uploads\/2016\/06\/balli_Messa.jpg","datePublished":"2016-06-22T22:00:59+00:00","description":"Rassegna Stampa Cattolica - Per una cultura che nasce dalla Rivelazione cristiana in conformit\u00e0 alla tradizione e al Magistero della Chiesa in opposizione ad ogni relativismo e totalitarismo","breadcrumb":{"@id":"https:\/\/www.rassegnastampa-totustuus.it\/cattolica\/gli-abusi-musicali-e-la-prudentia-ecclesiae\/#breadcrumb"},"inLanguage":"it-IT","potentialAction":[{"@type":"ReadAction","target":["https:\/\/www.rassegnastampa-totustuus.it\/cattolica\/gli-abusi-musicali-e-la-prudentia-ecclesiae\/"]}]},{"@type":"ImageObject","inLanguage":"it-IT","@id":"https:\/\/www.rassegnastampa-totustuus.it\/cattolica\/gli-abusi-musicali-e-la-prudentia-ecclesiae\/#primaryimage","url":"https:\/\/www.rassegnastampa-totustuus.it\/cattolica\/wp-content\/uploads\/2016\/06\/balli_Messa.jpg","contentUrl":"https:\/\/www.rassegnastampa-totustuus.it\/cattolica\/wp-content\/uploads\/2016\/06\/balli_Messa.jpg","width":275,"height":183},{"@type":"BreadcrumbList","@id":"https:\/\/www.rassegnastampa-totustuus.it\/cattolica\/gli-abusi-musicali-e-la-prudentia-ecclesiae\/#breadcrumb","itemListElement":[{"@type":"ListItem","position":1,"name":"Home","item":"https:\/\/www.rassegnastampa-totustuus.it\/cattolica\/"},{"@type":"ListItem","position":2,"name":"Gli abusi musicali e la prudentia Ecclesiae"}]},{"@type":"WebSite","@id":"https:\/\/www.rassegnastampa-totustuus.it\/cattolica\/#website","url":"https:\/\/www.rassegnastampa-totustuus.it\/cattolica\/","name":"Rassegna Stampa Cattolica","description":"Per una cultura che nasce dalla Rivelazione cristiana in conformit\u00e0 alla tradizione e al Magistero della Chiesa in opposizione ad ogni relativismo e totalitarismo","publisher":{"@id":"https:\/\/www.rassegnastampa-totustuus.it\/cattolica\/#organization"},"alternateName":"Rass. Cattolica","potentialAction":[{"@type":"SearchAction","target":{"@type":"EntryPoint","urlTemplate":"https:\/\/www.rassegnastampa-totustuus.it\/cattolica\/?s={search_term_string}"},"query-input":{"@type":"PropertyValueSpecification","valueRequired":true,"valueName":"search_term_string"}}],"inLanguage":"it-IT"},{"@type":"Organization","@id":"https:\/\/www.rassegnastampa-totustuus.it\/cattolica\/#organization","name":"Rassegna Stampa Cattolica","url":"https:\/\/www.rassegnastampa-totustuus.it\/cattolica\/","logo":{"@type":"ImageObject","inLanguage":"it-IT","@id":"https:\/\/www.rassegnastampa-totustuus.it\/cattolica\/#\/schema\/logo\/image\/","url":"https:\/\/www.rassegnastampa-totustuus.it\/cattolica\/wp-content\/uploads\/2014\/04\/logo-rassegna1.gif","contentUrl":"https:\/\/www.rassegnastampa-totustuus.it\/cattolica\/wp-content\/uploads\/2014\/04\/logo-rassegna1.gif","width":600,"height":163,"caption":"Rassegna Stampa Cattolica"},"image":{"@id":"https:\/\/www.rassegnastampa-totustuus.it\/cattolica\/#\/schema\/logo\/image\/"},"sameAs":["https:\/\/www.facebook.com\/rassegnastampacattolica","https:\/\/x.com\/rassegnastampa9"]},{"@type":"Person","@id":"https:\/\/www.rassegnastampa-totustuus.it\/cattolica\/#\/schema\/person\/08f319d2bd1a0904ad9e2bfb7b15e5c3","name":"Redazione","image":{"@type":"ImageObject","inLanguage":"it-IT","@id":"https:\/\/secure.gravatar.com\/avatar\/2fcdf27c78ea025fbdb44e914cc63c72249ffec9dc8aafd5c82b26240ef3f346?s=96&d=mm&r=g","url":"https:\/\/secure.gravatar.com\/avatar\/2fcdf27c78ea025fbdb44e914cc63c72249ffec9dc8aafd5c82b26240ef3f346?s=96&d=mm&r=g","contentUrl":"https:\/\/secure.gravatar.com\/avatar\/2fcdf27c78ea025fbdb44e914cc63c72249ffec9dc8aafd5c82b26240ef3f346?s=96&d=mm&r=g","caption":"Redazione"},"url":"https:\/\/www.rassegnastampa-totustuus.it\/cattolica\/author\/pietroelle\/"}]}},"_links":{"self":[{"href":"https:\/\/www.rassegnastampa-totustuus.it\/cattolica\/wp-json\/wp\/v2\/posts\/34430","targetHints":{"allow":["GET"]}}],"collection":[{"href":"https:\/\/www.rassegnastampa-totustuus.it\/cattolica\/wp-json\/wp\/v2\/posts"}],"about":[{"href":"https:\/\/www.rassegnastampa-totustuus.it\/cattolica\/wp-json\/wp\/v2\/types\/post"}],"author":[{"embeddable":true,"href":"https:\/\/www.rassegnastampa-totustuus.it\/cattolica\/wp-json\/wp\/v2\/users\/6"}],"replies":[{"embeddable":true,"href":"https:\/\/www.rassegnastampa-totustuus.it\/cattolica\/wp-json\/wp\/v2\/comments?post=34430"}],"version-history":[{"count":1,"href":"https:\/\/www.rassegnastampa-totustuus.it\/cattolica\/wp-json\/wp\/v2\/posts\/34430\/revisions"}],"predecessor-version":[{"id":34432,"href":"https:\/\/www.rassegnastampa-totustuus.it\/cattolica\/wp-json\/wp\/v2\/posts\/34430\/revisions\/34432"}],"wp:featuredmedia":[{"embeddable":true,"href":"https:\/\/www.rassegnastampa-totustuus.it\/cattolica\/wp-json\/wp\/v2\/media\/34431"}],"wp:attachment":[{"href":"https:\/\/www.rassegnastampa-totustuus.it\/cattolica\/wp-json\/wp\/v2\/media?parent=34430"}],"wp:term":[{"taxonomy":"category","embeddable":true,"href":"https:\/\/www.rassegnastampa-totustuus.it\/cattolica\/wp-json\/wp\/v2\/categories?post=34430"},{"taxonomy":"post_tag","embeddable":true,"href":"https:\/\/www.rassegnastampa-totustuus.it\/cattolica\/wp-json\/wp\/v2\/tags?post=34430"}],"curies":[{"name":"wp","href":"https:\/\/api.w.org\/{rel}","templated":true}]}}