{"id":343,"date":"2005-01-24T13:41:10","date_gmt":"2005-01-24T12:41:10","guid":{"rendered":""},"modified":"2016-07-05T12:18:43","modified_gmt":"2016-07-05T10:18:43","slug":"25-dicembre-il-mistero-della-data","status":"publish","type":"post","link":"https:\/\/www.rassegnastampa-totustuus.it\/cattolica\/25-dicembre-il-mistero-della-data\/","title":{"rendered":"25 Dicembre: il mistero della data"},"content":{"rendered":"<div style=\"text-align: center;\"><img loading=\"lazy\" decoding=\"async\" class=\"size-full wp-image-35669 alignright\" src=\"https:\/\/www.rassegnastampa-totustuus.it\/cattolica\/wp-content\/uploads\/2005\/01\/natale.jpg\" alt=\"natale\" width=\"189\" height=\"198\" \/>\u00a0Articolo pubblicato su <strong>il Corriere della Sera<\/strong><\/div>\n<div style=\"text-align: center;\">del 9 luglio 2003<\/div>\n<p style=\"text-align: justify;\"><em>Si pensava che la collocazione liturgica del Natale\u00a0fosse una scelta arbitraria, senza collegamento con la data della nascita di Ges\u00f9, che nessuno sarebbe in grado di determinare.\u00a0 In realt\u00e0 oggi, anche grazie ai documenti di Qumran, potremmo essere in grado di stabilirlo con precisione: Ges\u00f9 \u00e8 nato proprio un 25 dicembre.<\/em><\/p>\n<p style=\"text-align: center;\">di <strong>Vittorio Messori<br \/>\n<\/strong><\/p>\n<p><!--more--><\/p>\n<div style=\"text-align: justify;\">Il Ferragosto non \u00e8 cos\u00ec lontano ed io devo fare ammenda. Succede, infatti, che in un momento di malumore &#8211; e proprio su questo giornale &#8211; abbia auspicato che la Chiesa si decida a una modifica del calendario: spostare al 15 di agosto quel che celebra il 25 di dicembre.<\/div>\n<p style=\"text-align: justify;\">Un Natale nel deserto estivo, argomentavo, ci libererebbe dalle insopportabili luminarie, dalle stucchevoli slitte con renne e babbinatali, persino dall\u2019obbligo degli auguri e dei regali. Quando tutti sono via, quando le citt\u00e0 sono vuote, a chi &#8211; e dove &#8211; mandare cartoline e consegnare pacchi con nastri e fiocchetti? Non sono i vescovi stessi a tuonare contro quella sorta di orgia consumistica cui sono ridotti i nostri Natali? E allora, spiazziamo i commercianti, spostiamo tutto a Ferragosto.<\/p>\n<p style=\"text-align: justify;\">La cosa, osservavo, non sembra impossibile: in effetti, non fu la necessit\u00e0 storica, fu la Chiesa a scegliere il 25 dicembre per contrastare e sostituire le feste pagane nei giorni del solstizio d\u2019inverno. La nascita del Cristo al posto della rinascita del <em>Sol invictus<\/em> . All\u2019inizio, dunque, ci fu una decisione pastorale che pu\u00f2 essere mutata, variando le necessit\u00e0.<\/p>\n<p style=\"text-align: justify;\">Una provocazione, ovviamente, che si basava per\u00f2 su ci\u00f2 che \u00e8 (o, meglio, era) pacificamente ammesso da tutti gli studiosi: la collocazione liturgica del Natale \u00e8 una scelta arbitraria, senza collegamento con la data della nascita di Ges\u00f9, che nessuno sarebbe in grado di determinare. Ebbene, pare proprio che gli esperti si siano sbagliati; e io, ovviamente, con loro.<\/p>\n<p style=\"text-align: justify;\">In realt\u00e0 oggi, anche grazie ai documenti di Qumran, potremmo essere in grado di stabilirlo con precisione: Ges\u00f9 \u00e8 nato proprio un 25 dicembre. Una scoperta straordinaria sul serio e che non pu\u00f2 essere sospettata di fini apologetici cristiani, visto che la dobbiamo a un docente, ebreo, della Universit\u00e0 di Gerusalemme. Vediamo di capire il meccanismo, che \u00e8 complesso ma affascinante.<\/p>\n<p style=\"text-align: justify;\">Se Ges\u00f9 \u00e8 nato un 25 dicembre, il concepimento verginale \u00e8 avvenuto, ovviamente, 9 mesi prima. E, in effetti, i calendari cristiani pongono al 25 marzo l\u2019annunciazione a Maria dell\u2019angelo Gabriele. Ma sappiamo dallo stesso Vangelo di Luca che giusto sei mesi prima era stato concepito da Elisabetta il precursore, Giovanni, che sar\u00e0 detto il Battista.<\/p>\n<p style=\"text-align: justify;\">La Chiesa cattolica non ha una festa liturgica per quel concepimento, mentre le antiche Chiese d\u2019Oriente lo celebrano solennemente tra il 23 e il 25 settembre. E, cio\u00e8, sei mesi prima dell\u2019Annunciazione a Maria. Una successione di date logica ma basata su tradizioni inverificabili, non su eventi localizzabili nel tempo. Cos\u00ec credevano tutti, fino a tempi recentissimi.<\/p>\n<p style=\"text-align: justify;\">In realt\u00e0, sembra proprio che non sia cos\u00ec. In effetti, \u00e8 giusto dal concepimento di Giovanni che dobbiamo partire. Il Vangelo di Luca si apre con la storia dell\u2019anziana coppia, Zaccaria ed Elisabetta, ormai rassegnata alla sterilit\u00e0, una delle peggiori disgrazie in Israele. Zaccaria apparteneva alla casta sacerdotale e, un giorno che era di servizio nel tempio di Gerusalemme, ebbe la visione di Gabriele (lo stesso angelo che sei mesi dopo si presenter\u00e0 a Maria, a Nazareth) che gli annunciava che, malgrado l\u2019et\u00e0 avanzata, lui e la moglie avrebbero avuto un figlio. Dovevano chiamarlo Giovanni e sarebbe stato \u00abgrande davanti al Signore\u00bb.<\/p>\n<p style=\"text-align: justify;\">Luca ha cura di precisare che Zaccaria apparteneva alla classe sacerdotale di Abia e che quando ebbe l\u2019apparizione \u00abofficiava nel turno della sua classe\u00bb. In effetti, coloro che nell\u2019antico Israele appartenevano alla casta sacerdotale erano divisi in 24 classi che, avvicendandosi in ordine immutabile, dovevano prestare servizio liturgico al tempio per una settimana, due volte l\u2019anno. Sapevamo che la classe di Zaccaria, quella di Abia, era l\u2019ottava, nell\u2019elenco ufficiale. Ma quando cadevano i suoi turni di servizio? Nessuno lo sapeva.<\/p>\n<p style=\"text-align: justify;\">Ebbene, utilizzando anche ricerche svolte da altri specialisti e lavorando, soprattutto, su testi rinvenuti nella biblioteca essena di Qumran, ecco che l\u2019enigma \u00e8 stato violato dal professor Shemarjahu Talmon che, come si diceva, insegna alla Universit\u00e0 ebraica di Gerusalemme. Lo studioso, cio\u00e8, \u00e8 riuscito a precisare in che ordine cronologico si susseguivano le 24 classi sacerdotali. Quella di Abia prestava servizio liturgico al tempio due volte l\u2019anno, come le altre, e una di quelle volte era nell\u2019ultima settimana di settembre.<\/p>\n<p style=\"text-align: justify;\">Dunque, era verosimile la tradizione dei cristiani orientali che pone tra il 23 e il 25 settembre l\u2019annuncio a Zaccaria. Ma questa verosimiglianza si \u00e8 avvicinata alla certezza perch\u00e9, stimolati dalla scoperta del professor Talmon, gli studiosi hanno ricostruito la \u00abfiliera\u00bb di quella tradizione, giungendo alla conclusione che essa proveniva direttamente dalla Chiesa primitiva, giudeo-cristiana, di Gerusalemme. Una memoria antichissima quanto tenacissima, quella delle Chiese d\u2019Oriente, come confermato in molti altri casi.<\/p>\n<p style=\"text-align: justify;\">Ecco, dunque, che ci\u00f2 che sembrava mitico assume, improvvisamente, nuova verosimiglianza. Una catena di eventi che si estende su 15 mesi: in settembre l\u2019annuncio a Zaccaria e il giorno dopo il concepimento di Giovanni; in marzo, sei mesi dopo, l\u2019annuncio a Maria; in giugno, tre mesi dopo, la nascita di Giovanni; sei mesi dopo, la nascita di Ges\u00f9. Con quest\u2019ultimo evento arriviamo giusto al 25 dicembre. Giorno che, dunque, non fu fissato a caso. Ma s\u00ec, pare proprio che il Natale a Ferragosto sia improponibile.<\/p>\n<p style=\"text-align: justify;\">Ne far\u00f2, dunque, ammenda ma, pi\u00f9 che umiliato, piuttosto emozionato: dopo tanti secoli di ricerca accanita i Vangeli non cessano di riservare sorprese. Dettagli apparentemente inutili (che c\u2019importava che Zaccaria appartenesse alla classe sacerdotale di Abia? Nessun esegeta vi prestava attenzione) mostrano all\u2019improvviso la loro ragion d\u2019essere, il loro carattere di segni di una verit\u00e0 nascosta ma precisa.<\/p>\n<p style=\"text-align: justify;\">Malgrado tutto, l\u2019avventura cristiana continua<\/p>\n","protected":false},"excerpt":{"rendered":"<p>\u00a0Articolo pubblicato su il Corriere della Sera del 9 luglio 2003 Si pensava che la collocazione liturgica del Natale\u00a0fosse una scelta arbitraria, senza collegamento con la data della nascita di Ges\u00f9, che nessuno sarebbe in grado di determinare.\u00a0 In realt\u00e0 oggi, anche grazie ai documenti di Qumran, potremmo essere in grado di stabilirlo con precisione: &hellip; <\/p>\n<p><a class=\"more-link btn\" href=\"https:\/\/www.rassegnastampa-totustuus.it\/cattolica\/25-dicembre-il-mistero-della-data\/\">Continua a leggere<\/a><\/p>\n","protected":false},"author":6,"featured_media":35669,"comment_status":"closed","ping_status":"open","sticky":false,"template":"","format":"standard","meta":{"footnotes":""},"categories":[5],"tags":[157],"class_list":["post-343","post","type-post","status-publish","format-standard","has-post-thumbnail","hentry","category-chiesa","tag-chiesa-2","item-wrap"],"yoast_head":"<!-- This site is optimized with the Yoast SEO plugin v27.5 - https:\/\/yoast.com\/product\/yoast-seo-wordpress\/ -->\n<title>25 Dicembre: il mistero della data - Rassegna Stampa Cattolica<\/title>\n<meta name=\"description\" content=\"Rassegna Stampa Cattolica - Per una cultura che nasce dalla Rivelazione cristiana in conformit\u00e0 alla tradizione e al Magistero della Chiesa in opposizione ad ogni relativismo e totalitarismo\" \/>\n<meta name=\"robots\" content=\"index, follow, max-snippet:-1, max-image-preview:large, max-video-preview:-1\" \/>\n<link rel=\"canonical\" href=\"https:\/\/www.rassegnastampa-totustuus.it\/cattolica\/25-dicembre-il-mistero-della-data\/\" \/>\n<meta property=\"og:locale\" content=\"it_IT\" \/>\n<meta property=\"og:type\" content=\"article\" \/>\n<meta property=\"og:title\" content=\"25 Dicembre: il mistero della data - Rassegna Stampa Cattolica\" \/>\n<meta property=\"og:description\" content=\"Rassegna Stampa Cattolica - Per una cultura che nasce dalla Rivelazione cristiana in conformit\u00e0 alla tradizione e al Magistero della Chiesa in opposizione ad ogni relativismo e totalitarismo\" \/>\n<meta property=\"og:url\" content=\"https:\/\/www.rassegnastampa-totustuus.it\/cattolica\/25-dicembre-il-mistero-della-data\/\" \/>\n<meta property=\"og:site_name\" content=\"Rassegna Stampa Cattolica\" \/>\n<meta property=\"article:publisher\" content=\"https:\/\/www.facebook.com\/rassegnastampacattolica\" \/>\n<meta property=\"article:published_time\" content=\"2005-01-24T12:41:10+00:00\" \/>\n<meta property=\"article:modified_time\" content=\"2016-07-05T10:18:43+00:00\" \/>\n<meta property=\"og:image\" content=\"https:\/\/www.rassegnastampa-totustuus.it\/cattolica\/wp-content\/uploads\/2005\/01\/natale.jpg\" \/>\n\t<meta property=\"og:image:width\" content=\"189\" \/>\n\t<meta property=\"og:image:height\" content=\"198\" \/>\n\t<meta property=\"og:image:type\" content=\"image\/jpeg\" \/>\n<meta name=\"author\" content=\"Redazione\" \/>\n<meta name=\"twitter:card\" content=\"summary_large_image\" \/>\n<meta name=\"twitter:creator\" content=\"@rassegnastampa9\" \/>\n<meta name=\"twitter:site\" content=\"@rassegnastampa9\" \/>\n<meta name=\"twitter:label1\" content=\"Scritto da\" \/>\n\t<meta name=\"twitter:data1\" content=\"Redazione\" \/>\n\t<meta name=\"twitter:label2\" content=\"Tempo di lettura stimato\" \/>\n\t<meta name=\"twitter:data2\" content=\"5 minuti\" \/>\n<script type=\"application\/ld+json\" class=\"yoast-schema-graph\">{\"@context\":\"https:\\\/\\\/schema.org\",\"@graph\":[{\"@type\":\"Article\",\"@id\":\"https:\\\/\\\/www.rassegnastampa-totustuus.it\\\/cattolica\\\/25-dicembre-il-mistero-della-data\\\/#article\",\"isPartOf\":{\"@id\":\"https:\\\/\\\/www.rassegnastampa-totustuus.it\\\/cattolica\\\/25-dicembre-il-mistero-della-data\\\/\"},\"author\":{\"name\":\"Redazione\",\"@id\":\"https:\\\/\\\/www.rassegnastampa-totustuus.it\\\/cattolica\\\/#\\\/schema\\\/person\\\/08f319d2bd1a0904ad9e2bfb7b15e5c3\"},\"headline\":\"25 Dicembre: il mistero della data\",\"datePublished\":\"2005-01-24T12:41:10+00:00\",\"dateModified\":\"2016-07-05T10:18:43+00:00\",\"mainEntityOfPage\":{\"@id\":\"https:\\\/\\\/www.rassegnastampa-totustuus.it\\\/cattolica\\\/25-dicembre-il-mistero-della-data\\\/\"},\"wordCount\":967,\"publisher\":{\"@id\":\"https:\\\/\\\/www.rassegnastampa-totustuus.it\\\/cattolica\\\/#organization\"},\"image\":{\"@id\":\"https:\\\/\\\/www.rassegnastampa-totustuus.it\\\/cattolica\\\/25-dicembre-il-mistero-della-data\\\/#primaryimage\"},\"thumbnailUrl\":\"https:\\\/\\\/www.rassegnastampa-totustuus.it\\\/cattolica\\\/wp-content\\\/uploads\\\/2005\\\/01\\\/natale.jpg\",\"keywords\":[\"chiesa\"],\"articleSection\":[\"Chiesa\"],\"inLanguage\":\"it-IT\"},{\"@type\":\"WebPage\",\"@id\":\"https:\\\/\\\/www.rassegnastampa-totustuus.it\\\/cattolica\\\/25-dicembre-il-mistero-della-data\\\/\",\"url\":\"https:\\\/\\\/www.rassegnastampa-totustuus.it\\\/cattolica\\\/25-dicembre-il-mistero-della-data\\\/\",\"name\":\"25 Dicembre: il mistero della data - Rassegna Stampa Cattolica\",\"isPartOf\":{\"@id\":\"https:\\\/\\\/www.rassegnastampa-totustuus.it\\\/cattolica\\\/#website\"},\"primaryImageOfPage\":{\"@id\":\"https:\\\/\\\/www.rassegnastampa-totustuus.it\\\/cattolica\\\/25-dicembre-il-mistero-della-data\\\/#primaryimage\"},\"image\":{\"@id\":\"https:\\\/\\\/www.rassegnastampa-totustuus.it\\\/cattolica\\\/25-dicembre-il-mistero-della-data\\\/#primaryimage\"},\"thumbnailUrl\":\"https:\\\/\\\/www.rassegnastampa-totustuus.it\\\/cattolica\\\/wp-content\\\/uploads\\\/2005\\\/01\\\/natale.jpg\",\"datePublished\":\"2005-01-24T12:41:10+00:00\",\"dateModified\":\"2016-07-05T10:18:43+00:00\",\"description\":\"Rassegna Stampa Cattolica - Per una cultura che nasce dalla Rivelazione cristiana in conformit\u00e0 alla tradizione e al Magistero della Chiesa in opposizione ad ogni relativismo e totalitarismo\",\"breadcrumb\":{\"@id\":\"https:\\\/\\\/www.rassegnastampa-totustuus.it\\\/cattolica\\\/25-dicembre-il-mistero-della-data\\\/#breadcrumb\"},\"inLanguage\":\"it-IT\",\"potentialAction\":[{\"@type\":\"ReadAction\",\"target\":[\"https:\\\/\\\/www.rassegnastampa-totustuus.it\\\/cattolica\\\/25-dicembre-il-mistero-della-data\\\/\"]}]},{\"@type\":\"ImageObject\",\"inLanguage\":\"it-IT\",\"@id\":\"https:\\\/\\\/www.rassegnastampa-totustuus.it\\\/cattolica\\\/25-dicembre-il-mistero-della-data\\\/#primaryimage\",\"url\":\"https:\\\/\\\/www.rassegnastampa-totustuus.it\\\/cattolica\\\/wp-content\\\/uploads\\\/2005\\\/01\\\/natale.jpg\",\"contentUrl\":\"https:\\\/\\\/www.rassegnastampa-totustuus.it\\\/cattolica\\\/wp-content\\\/uploads\\\/2005\\\/01\\\/natale.jpg\",\"width\":189,\"height\":198},{\"@type\":\"BreadcrumbList\",\"@id\":\"https:\\\/\\\/www.rassegnastampa-totustuus.it\\\/cattolica\\\/25-dicembre-il-mistero-della-data\\\/#breadcrumb\",\"itemListElement\":[{\"@type\":\"ListItem\",\"position\":1,\"name\":\"Home\",\"item\":\"https:\\\/\\\/www.rassegnastampa-totustuus.it\\\/cattolica\\\/\"},{\"@type\":\"ListItem\",\"position\":2,\"name\":\"25 Dicembre: il mistero della data\"}]},{\"@type\":\"WebSite\",\"@id\":\"https:\\\/\\\/www.rassegnastampa-totustuus.it\\\/cattolica\\\/#website\",\"url\":\"https:\\\/\\\/www.rassegnastampa-totustuus.it\\\/cattolica\\\/\",\"name\":\"Rassegna Stampa Cattolica\",\"description\":\"Per una cultura che nasce dalla Rivelazione cristiana in conformit\u00e0 alla tradizione e al Magistero della Chiesa in opposizione ad ogni relativismo e totalitarismo\",\"publisher\":{\"@id\":\"https:\\\/\\\/www.rassegnastampa-totustuus.it\\\/cattolica\\\/#organization\"},\"alternateName\":\"Rass. Cattolica\",\"potentialAction\":[{\"@type\":\"SearchAction\",\"target\":{\"@type\":\"EntryPoint\",\"urlTemplate\":\"https:\\\/\\\/www.rassegnastampa-totustuus.it\\\/cattolica\\\/?s={search_term_string}\"},\"query-input\":{\"@type\":\"PropertyValueSpecification\",\"valueRequired\":true,\"valueName\":\"search_term_string\"}}],\"inLanguage\":\"it-IT\"},{\"@type\":\"Organization\",\"@id\":\"https:\\\/\\\/www.rassegnastampa-totustuus.it\\\/cattolica\\\/#organization\",\"name\":\"Rassegna Stampa Cattolica\",\"url\":\"https:\\\/\\\/www.rassegnastampa-totustuus.it\\\/cattolica\\\/\",\"logo\":{\"@type\":\"ImageObject\",\"inLanguage\":\"it-IT\",\"@id\":\"https:\\\/\\\/www.rassegnastampa-totustuus.it\\\/cattolica\\\/#\\\/schema\\\/logo\\\/image\\\/\",\"url\":\"https:\\\/\\\/www.rassegnastampa-totustuus.it\\\/cattolica\\\/wp-content\\\/uploads\\\/2014\\\/04\\\/logo-rassegna1.gif\",\"contentUrl\":\"https:\\\/\\\/www.rassegnastampa-totustuus.it\\\/cattolica\\\/wp-content\\\/uploads\\\/2014\\\/04\\\/logo-rassegna1.gif\",\"width\":600,\"height\":163,\"caption\":\"Rassegna Stampa Cattolica\"},\"image\":{\"@id\":\"https:\\\/\\\/www.rassegnastampa-totustuus.it\\\/cattolica\\\/#\\\/schema\\\/logo\\\/image\\\/\"},\"sameAs\":[\"https:\\\/\\\/www.facebook.com\\\/rassegnastampacattolica\",\"https:\\\/\\\/x.com\\\/rassegnastampa9\"]},{\"@type\":\"Person\",\"@id\":\"https:\\\/\\\/www.rassegnastampa-totustuus.it\\\/cattolica\\\/#\\\/schema\\\/person\\\/08f319d2bd1a0904ad9e2bfb7b15e5c3\",\"name\":\"Redazione\",\"image\":{\"@type\":\"ImageObject\",\"inLanguage\":\"it-IT\",\"@id\":\"https:\\\/\\\/secure.gravatar.com\\\/avatar\\\/2fcdf27c78ea025fbdb44e914cc63c72249ffec9dc8aafd5c82b26240ef3f346?s=96&d=mm&r=g\",\"url\":\"https:\\\/\\\/secure.gravatar.com\\\/avatar\\\/2fcdf27c78ea025fbdb44e914cc63c72249ffec9dc8aafd5c82b26240ef3f346?s=96&d=mm&r=g\",\"contentUrl\":\"https:\\\/\\\/secure.gravatar.com\\\/avatar\\\/2fcdf27c78ea025fbdb44e914cc63c72249ffec9dc8aafd5c82b26240ef3f346?s=96&d=mm&r=g\",\"caption\":\"Redazione\"},\"url\":\"https:\\\/\\\/www.rassegnastampa-totustuus.it\\\/cattolica\\\/author\\\/pietroelle\\\/\"}]}<\/script>\n<!-- \/ Yoast SEO plugin. -->","yoast_head_json":{"title":"25 Dicembre: il mistero della data - Rassegna Stampa Cattolica","description":"Rassegna Stampa Cattolica - Per una cultura che nasce dalla Rivelazione cristiana in conformit\u00e0 alla tradizione e al Magistero della Chiesa in opposizione ad ogni relativismo e totalitarismo","robots":{"index":"index","follow":"follow","max-snippet":"max-snippet:-1","max-image-preview":"max-image-preview:large","max-video-preview":"max-video-preview:-1"},"canonical":"https:\/\/www.rassegnastampa-totustuus.it\/cattolica\/25-dicembre-il-mistero-della-data\/","og_locale":"it_IT","og_type":"article","og_title":"25 Dicembre: il mistero della data - Rassegna Stampa Cattolica","og_description":"Rassegna Stampa Cattolica - Per una cultura che nasce dalla Rivelazione cristiana in conformit\u00e0 alla tradizione e al Magistero della Chiesa in opposizione ad ogni relativismo e totalitarismo","og_url":"https:\/\/www.rassegnastampa-totustuus.it\/cattolica\/25-dicembre-il-mistero-della-data\/","og_site_name":"Rassegna Stampa Cattolica","article_publisher":"https:\/\/www.facebook.com\/rassegnastampacattolica","article_published_time":"2005-01-24T12:41:10+00:00","article_modified_time":"2016-07-05T10:18:43+00:00","og_image":[{"width":189,"height":198,"url":"https:\/\/www.rassegnastampa-totustuus.it\/cattolica\/wp-content\/uploads\/2005\/01\/natale.jpg","type":"image\/jpeg"}],"author":"Redazione","twitter_card":"summary_large_image","twitter_creator":"@rassegnastampa9","twitter_site":"@rassegnastampa9","twitter_misc":{"Scritto da":"Redazione","Tempo di lettura stimato":"5 minuti"},"schema":{"@context":"https:\/\/schema.org","@graph":[{"@type":"Article","@id":"https:\/\/www.rassegnastampa-totustuus.it\/cattolica\/25-dicembre-il-mistero-della-data\/#article","isPartOf":{"@id":"https:\/\/www.rassegnastampa-totustuus.it\/cattolica\/25-dicembre-il-mistero-della-data\/"},"author":{"name":"Redazione","@id":"https:\/\/www.rassegnastampa-totustuus.it\/cattolica\/#\/schema\/person\/08f319d2bd1a0904ad9e2bfb7b15e5c3"},"headline":"25 Dicembre: il mistero della data","datePublished":"2005-01-24T12:41:10+00:00","dateModified":"2016-07-05T10:18:43+00:00","mainEntityOfPage":{"@id":"https:\/\/www.rassegnastampa-totustuus.it\/cattolica\/25-dicembre-il-mistero-della-data\/"},"wordCount":967,"publisher":{"@id":"https:\/\/www.rassegnastampa-totustuus.it\/cattolica\/#organization"},"image":{"@id":"https:\/\/www.rassegnastampa-totustuus.it\/cattolica\/25-dicembre-il-mistero-della-data\/#primaryimage"},"thumbnailUrl":"https:\/\/www.rassegnastampa-totustuus.it\/cattolica\/wp-content\/uploads\/2005\/01\/natale.jpg","keywords":["chiesa"],"articleSection":["Chiesa"],"inLanguage":"it-IT"},{"@type":"WebPage","@id":"https:\/\/www.rassegnastampa-totustuus.it\/cattolica\/25-dicembre-il-mistero-della-data\/","url":"https:\/\/www.rassegnastampa-totustuus.it\/cattolica\/25-dicembre-il-mistero-della-data\/","name":"25 Dicembre: il mistero della data - Rassegna Stampa Cattolica","isPartOf":{"@id":"https:\/\/www.rassegnastampa-totustuus.it\/cattolica\/#website"},"primaryImageOfPage":{"@id":"https:\/\/www.rassegnastampa-totustuus.it\/cattolica\/25-dicembre-il-mistero-della-data\/#primaryimage"},"image":{"@id":"https:\/\/www.rassegnastampa-totustuus.it\/cattolica\/25-dicembre-il-mistero-della-data\/#primaryimage"},"thumbnailUrl":"https:\/\/www.rassegnastampa-totustuus.it\/cattolica\/wp-content\/uploads\/2005\/01\/natale.jpg","datePublished":"2005-01-24T12:41:10+00:00","dateModified":"2016-07-05T10:18:43+00:00","description":"Rassegna Stampa Cattolica - Per una cultura che nasce dalla Rivelazione cristiana in conformit\u00e0 alla tradizione e al Magistero della Chiesa in opposizione ad ogni relativismo e totalitarismo","breadcrumb":{"@id":"https:\/\/www.rassegnastampa-totustuus.it\/cattolica\/25-dicembre-il-mistero-della-data\/#breadcrumb"},"inLanguage":"it-IT","potentialAction":[{"@type":"ReadAction","target":["https:\/\/www.rassegnastampa-totustuus.it\/cattolica\/25-dicembre-il-mistero-della-data\/"]}]},{"@type":"ImageObject","inLanguage":"it-IT","@id":"https:\/\/www.rassegnastampa-totustuus.it\/cattolica\/25-dicembre-il-mistero-della-data\/#primaryimage","url":"https:\/\/www.rassegnastampa-totustuus.it\/cattolica\/wp-content\/uploads\/2005\/01\/natale.jpg","contentUrl":"https:\/\/www.rassegnastampa-totustuus.it\/cattolica\/wp-content\/uploads\/2005\/01\/natale.jpg","width":189,"height":198},{"@type":"BreadcrumbList","@id":"https:\/\/www.rassegnastampa-totustuus.it\/cattolica\/25-dicembre-il-mistero-della-data\/#breadcrumb","itemListElement":[{"@type":"ListItem","position":1,"name":"Home","item":"https:\/\/www.rassegnastampa-totustuus.it\/cattolica\/"},{"@type":"ListItem","position":2,"name":"25 Dicembre: il mistero della data"}]},{"@type":"WebSite","@id":"https:\/\/www.rassegnastampa-totustuus.it\/cattolica\/#website","url":"https:\/\/www.rassegnastampa-totustuus.it\/cattolica\/","name":"Rassegna Stampa Cattolica","description":"Per una cultura che nasce dalla Rivelazione cristiana in conformit\u00e0 alla tradizione e al Magistero della Chiesa in opposizione ad ogni relativismo e totalitarismo","publisher":{"@id":"https:\/\/www.rassegnastampa-totustuus.it\/cattolica\/#organization"},"alternateName":"Rass. Cattolica","potentialAction":[{"@type":"SearchAction","target":{"@type":"EntryPoint","urlTemplate":"https:\/\/www.rassegnastampa-totustuus.it\/cattolica\/?s={search_term_string}"},"query-input":{"@type":"PropertyValueSpecification","valueRequired":true,"valueName":"search_term_string"}}],"inLanguage":"it-IT"},{"@type":"Organization","@id":"https:\/\/www.rassegnastampa-totustuus.it\/cattolica\/#organization","name":"Rassegna Stampa Cattolica","url":"https:\/\/www.rassegnastampa-totustuus.it\/cattolica\/","logo":{"@type":"ImageObject","inLanguage":"it-IT","@id":"https:\/\/www.rassegnastampa-totustuus.it\/cattolica\/#\/schema\/logo\/image\/","url":"https:\/\/www.rassegnastampa-totustuus.it\/cattolica\/wp-content\/uploads\/2014\/04\/logo-rassegna1.gif","contentUrl":"https:\/\/www.rassegnastampa-totustuus.it\/cattolica\/wp-content\/uploads\/2014\/04\/logo-rassegna1.gif","width":600,"height":163,"caption":"Rassegna Stampa Cattolica"},"image":{"@id":"https:\/\/www.rassegnastampa-totustuus.it\/cattolica\/#\/schema\/logo\/image\/"},"sameAs":["https:\/\/www.facebook.com\/rassegnastampacattolica","https:\/\/x.com\/rassegnastampa9"]},{"@type":"Person","@id":"https:\/\/www.rassegnastampa-totustuus.it\/cattolica\/#\/schema\/person\/08f319d2bd1a0904ad9e2bfb7b15e5c3","name":"Redazione","image":{"@type":"ImageObject","inLanguage":"it-IT","@id":"https:\/\/secure.gravatar.com\/avatar\/2fcdf27c78ea025fbdb44e914cc63c72249ffec9dc8aafd5c82b26240ef3f346?s=96&d=mm&r=g","url":"https:\/\/secure.gravatar.com\/avatar\/2fcdf27c78ea025fbdb44e914cc63c72249ffec9dc8aafd5c82b26240ef3f346?s=96&d=mm&r=g","contentUrl":"https:\/\/secure.gravatar.com\/avatar\/2fcdf27c78ea025fbdb44e914cc63c72249ffec9dc8aafd5c82b26240ef3f346?s=96&d=mm&r=g","caption":"Redazione"},"url":"https:\/\/www.rassegnastampa-totustuus.it\/cattolica\/author\/pietroelle\/"}]}},"_links":{"self":[{"href":"https:\/\/www.rassegnastampa-totustuus.it\/cattolica\/wp-json\/wp\/v2\/posts\/343","targetHints":{"allow":["GET"]}}],"collection":[{"href":"https:\/\/www.rassegnastampa-totustuus.it\/cattolica\/wp-json\/wp\/v2\/posts"}],"about":[{"href":"https:\/\/www.rassegnastampa-totustuus.it\/cattolica\/wp-json\/wp\/v2\/types\/post"}],"author":[{"embeddable":true,"href":"https:\/\/www.rassegnastampa-totustuus.it\/cattolica\/wp-json\/wp\/v2\/users\/6"}],"replies":[{"embeddable":true,"href":"https:\/\/www.rassegnastampa-totustuus.it\/cattolica\/wp-json\/wp\/v2\/comments?post=343"}],"version-history":[{"count":5,"href":"https:\/\/www.rassegnastampa-totustuus.it\/cattolica\/wp-json\/wp\/v2\/posts\/343\/revisions"}],"predecessor-version":[{"id":35671,"href":"https:\/\/www.rassegnastampa-totustuus.it\/cattolica\/wp-json\/wp\/v2\/posts\/343\/revisions\/35671"}],"wp:featuredmedia":[{"embeddable":true,"href":"https:\/\/www.rassegnastampa-totustuus.it\/cattolica\/wp-json\/wp\/v2\/media\/35669"}],"wp:attachment":[{"href":"https:\/\/www.rassegnastampa-totustuus.it\/cattolica\/wp-json\/wp\/v2\/media?parent=343"}],"wp:term":[{"taxonomy":"category","embeddable":true,"href":"https:\/\/www.rassegnastampa-totustuus.it\/cattolica\/wp-json\/wp\/v2\/categories?post=343"},{"taxonomy":"post_tag","embeddable":true,"href":"https:\/\/www.rassegnastampa-totustuus.it\/cattolica\/wp-json\/wp\/v2\/tags?post=343"}],"curies":[{"name":"wp","href":"https:\/\/api.w.org\/{rel}","templated":true}]}}