{"id":34175,"date":"2016-06-09T00:00:07","date_gmt":"2016-06-08T22:00:07","guid":{"rendered":"http:\/\/www.rassegnastampa-totustuus.it\/cattolica\/?p=34175"},"modified":"2016-06-06T09:22:33","modified_gmt":"2016-06-06T07:22:33","slug":"simone-weil-una-catara-del-novecento","status":"publish","type":"post","link":"https:\/\/www.rassegnastampa-totustuus.it\/cattolica\/simone-weil-una-catara-del-novecento\/","title":{"rendered":"Simone Weil. Una catara del Novecento"},"content":{"rendered":"<div id=\"attachment_34177\" style=\"width: 200px\" class=\"wp-caption alignleft\"><img loading=\"lazy\" decoding=\"async\" aria-describedby=\"caption-attachment-34177\" class=\"wp-image-34177\" src=\"https:\/\/www.rassegnastampa-totustuus.it\/cattolica\/wp-content\/uploads\/2016\/06\/Simone_Weil.jpg\" alt=\"Simone_Weil\" width=\"200\" height=\"200\" srcset=\"https:\/\/www.rassegnastampa-totustuus.it\/cattolica\/wp-content\/uploads\/2016\/06\/Simone_Weil.jpg 225w, https:\/\/www.rassegnastampa-totustuus.it\/cattolica\/wp-content\/uploads\/2016\/06\/Simone_Weil-150x150.jpg 150w\" sizes=\"auto, (max-width: 200px) 100vw, 200px\" \/><p id=\"caption-attachment-34177\" class=\"wp-caption-text\">Simone Weil<\/p><\/div>\n<p style=\"text-align: center;\"><strong>Il Timone<\/strong> n.152 aprile 2016<\/p>\n<p style=\"text-align: justify;\"><em>\u00a0La filosofa francese \u00e8 ammirata da &#8220;destra&#8221; come da &#8220;sinistra&#8221;, da anarchici e tradizionalisti insieme. La chiave per comprendere il suo pensiero, che apparentemente poco si presta a essere incasellato, sta in due eresie antiche: quella degli albigesi e quella di Marcione<\/em><\/p>\n<p style=\"text-align: center;\">\u00a0di <strong>Valentino Cecchetti<\/strong><\/p>\n<p style=\"text-align: center;\"><!--more--><\/p>\n<p style=\"text-align: justify;\">\u00abDa molto sono attratta dai catari, anche se conosco ben poco di loro\u00bb, scrive Simone Weil all&#8217;esoterista D\u00e9odat Roch\u00e9, nei primi mesi del 1941, dalla fattoria di Saint-Marcel-d&#8217;Ard\u00e8che, dove lavora come operaia agricola, ospite del &#8220;filosofo contadino&#8221; Gustave Thibon.<\/p>\n<p style=\"text-align: justify;\">In realt\u00e0 Simone \u00e8 tutt&#8217;altro che ignara dell&#8217;eresia nata nelle corti della Linguadoca e debellata dalla spada dalla nobilt\u00e0 francese agli inizi del XIII secolo. Non a caso l&#8217;opera I catari e la civilt\u00e0 <em>mediterranea<\/em> (1942), concepita durante il soggiorno a Marsiglia (giugno 1940-aprile 1942), dopo la sconfitta della Francia, accompagna la crisi religiosa che matura nei colloqui con il domenicano padre Joseph-Marie Perrin. E meglio di ogni altra nozione, il &#8220;catarismo&#8221; permette di decifrare la complessit\u00e0 di un pensiero posto al crocevia tra dionisiaco, anarchismo &#8220;conservatore&#8221;, cristianesimo gnostico.<\/p>\n<p style=\"text-align: justify;\">Nella medesima lettera, sempre riferendosi ai &#8220;perfetti&#8221;, la Weil prosegue: \u00abUna delle ragioni principali di questa attrazione \u00e8 la loro opinione riguardo l&#8217;Antico Testamento. [&#8230;] Non sono mai riuscita a capire come uno spirito ragionevole possa considerare lo Yahweh della Bibbia e il Padre invocato nel Vangelo come un solo e medesimo essere. [&#8230;] L&#8217;influenza dell&#8217;Antico Testamento e quella dell&#8217;impero romano, la cui tradizione \u00e8 continuata nel papato, sono a mio avviso le due cause essenziali della corruzione del cristianesimo. [&#8230;] il catarismo \u00e8 stato in Europa l&#8217;ultima espressione viva dell&#8217;antichit\u00e0 preromana. Sono convinta che prima delle conquiste romane i paesi mediterranei e del Vicino Oriente formavano una civilt\u00e0 non omogenea [&#8230;] ma continua; che uno stesso pensiero viveva negli spiriti pi\u00f9 elevati, espresso in forme diverse nei misteri delle sette iniziatiche d&#8217;Egitto e di Tracia, di Grecia e di Persia, e che le opere di Platone costituiscono la pi\u00f9 perfetta espressione scritta in nostro possesso di questo pensiero. [&#8230;] \u00c8 da questo pensiero che il cristianesimo \u00e8 nato; ma solamente gli gnostici, i manichei, i catari sembrano essergli rimasti veramente fedeli\u00bb.<\/p>\n<p style=\"text-align: justify;\">In Italia Simone Weil ha conosciuto una fortuna mai interrotta, a partire dalle traduzioni di Franco Fortini, presso le Edizioni di Comunit\u00e0, nei primi anni Cinquanta (<em>La prima radice<\/em>, <em>L&#8217;ombra e la grazia<\/em>, <em>La <\/em><em>condizione operaia<\/em>). Un critico &#8220;partecipe&#8221; del suo pensiero \u00e8 stato Augusto Del Noce, negli anni della collaborazione al quotidiano <em>II Tempo<\/em> di Roma e al settimanale <em>II Sabato<\/em> (1973-1988). Del Noce recuperava la critica di Simone Weil al cristianesimo visto come separazione dal pensiero greco e come cedimento agli idoli della modernit\u00e0. In tale ottica il pensiero della Weil diventava un modello di cattolicesimo &#8220;classico&#8221;, con la sua critica coerente e radicale del &#8220;progressismo&#8221;.<\/p>\n<p style=\"text-align: justify;\">\u00ab\u00c8 necessario &#8211; scriveva in quegli anni Del Noce &#8211; rovesciare un giudizio che \u00e8 diventato in noi naturale, in conseguenza di una lunga abitudine\u00bb, ovvero che in ogni posizione di pensiero \u00e8 critico e nuovo l&#8217;aspetto \u00abmoderno\u00bb, mentre \u00e8 \u00abdogmatico\u00bb l&#8217;aspetto tradizionale. Nel pensiero di Simone Weil, invece, \u00abquel che c&#8217;\u00e8 di critico e di nuovo \u00e8 l&#8217;aspetto che riconduce alla tradizione\u00bb. Si tratta di un&#8217;interpretazione che implica tuttavia l&#8217;assunzione di una serie di principi eterodossi. Perch\u00e9 l&#8217;itinerario spirituale della pensatrice francese, per quanto orientato alla conversione (stando alla testimonianza dell&#8217;amica Simone Deitz, che l&#8217;avrebbe battezzata in articulo mortis), lo \u00e8 in una prospettiva in cui il cristianesimo viene riassorbito entro alcuni inconfondibili archetipi dualistici e gnostici.<\/p>\n<p style=\"text-align: justify;\">In Simone Weil la radicale negazione del moderno (e degli idoli della &#8220;autoredenzione&#8221;) nasce dal ripudio della &#8220;forza&#8221; e del pensiero che coincide con l&#8217;ideologia. Da ci\u00f2 deriva la particolare posizione politica della Weil, un antifascismo &#8220;anarco-conservatore&#8221;, in cui la critica del &#8220;totalitarismo&#8221; implica necessariamente anche la critica dell&#8217;idea di progresso. Una concezione che matura in fasi diverse della sua esperienza biografica ed intellettuale, ma coincide soprattutto con l&#8217;abbandono delle speranze rivoluzionarie, nei mesi della militanza nelle colonne di Buenaventura Durruti, durante la guerra civile spagnola. In questo frangente la sua visione politica si dissocia dall&#8217;irreligione (come Bernanos si dissocia dal fascismo senza rinnegare la &#8220;reazione&#8221;).<\/p>\n<p style=\"text-align: justify;\">Per questa via l&#8217;anarchismo di Simone Weil &#8211; avvicinandosi a Proudhon, contro Marx e contestando la possibilit\u00e0 stessa di una &#8220;filosofia della storia&#8221; &#8211; incontra il trascendente. Ma il trascendente si presenta in una forma statica, come una &#8220;filosofia perenne&#8221;, in cui la rivolta del pensiero al dominio della &#8220;forza&#8221; e all&#8217;illusione progressista conduce ad una sorta di &#8220;nostalgia&#8221; del Principio, rischiarata di luce iniziatica.<\/p>\n<p style=\"text-align: justify;\">In tale prospettiva, tornando alla lettera d&#8217;apertura, \u00e8 pi\u00f9 agevole interpretare quel riferirsi agli \u00abspiriti pi\u00f9 elevati\u00bb del mondo preromano \u00abmediterraneo-orientale\u00bb e alle sette di Grecia, Tracia, Egitto, Persia, di cui il platonismo sarebbe la sintesi pi\u00f9 compiuta, da cui addirittura \u00abil cristianesimo \u00e8 nato\u00bb e delle quali gnostici, catari e manichei sono i soli eredi e i legittimi continuatori. E ancora pi\u00f9 facile \u00e8 comprendere il cenno all&#8217;irragionevolezza di coloro i quali vedono l&#8217;identit\u00e0 tra il Dio veterotestamentario e il Dio del Vangelo. \u00c8 questo un inequivocabile richiamo alla teologia gnostica di Marcione di Sinope, il ricco armatore e teologo del II sec. d.C., indispensabile alla comprensione tanto dei risvolti dell&#8217;eresia catara, quanto del peculiare anarchismo di Simone Weil. \u00abQuali sono esattamente le opinioni di Marcione alle quali non \u00e8 consentito aderire senza incorrere nell&#8217;eresia?\u00bb chiese al domenicano Marie-Alain Couturier in quella che sarebbe divenuta la sua celebre <em>Lettera a<\/em> un religioso.<\/p>\n<p style=\"text-align: justify;\">Operando una forzatura ermeneutica dell&#8217;Epistola ai Galati di san Paolo (tredicesimo apostolo, superiore agli altri dodici perch\u00e9 eletto da Dio e non per hominem), Marcione fonda la propria teologia sull&#8217;antitesi tra fede e Legge. Il suo cristianesimo gnostico si basa sull&#8217;insanabile frattura tra l&#8217;Antico Testamento, che egli considera sotto la Legge (una condizione che definisce maledizione) e il Nuovo Testamento, che \u00e8 posto sotto la fede (ed \u00e8 dunque benedizione). L&#8217;Antico Testamento descrive l&#8217;opera di un Demiurgo inferiore, che proclama la legge dell&#8217;odio, trasmettendola al mondo e all&#8217;uomo. Esiste, per\u00f2, anche un Dio della bont\u00e0, estraneo al genere umano (corrotto da Lucifero e respinto dal suo stesso creatore, il Dio della Legge).<\/p>\n<p style=\"text-align: justify;\">Secondo Marcione il Dio della bont\u00e0 non giudica perch\u00e9 \u00e8 un Dio della compassione e invia agli uomini, come un dono immeritato e gratuito, Cristo, che viene a porre fine al dominio della Legge e del Dio inferiore. Un Cristo &#8220;dionisiaco&#8221;, che porta agli uomini la &#8220;distruzione&#8221; delle catene del mondo, la liberazione dai vincoli attraverso la morte: quella che i catari chiamavano &#8220;endura&#8221; ed \u00e8 la via per ritrovare l&#8217;unit\u00e0 perduta e la Luce.<\/p>\n<p style=\"text-align: justify;\"><strong>CHI E&#8217;<\/strong><\/p>\n<p style=\"text-align: justify;\">Simone Adolphine Weil (Parigi, 1909- Ashford, Kent, 1943), di famiglia ebrea benestante, sorella del matematico Andr\u00e9, studia filosofia all&#8217;\u00c9cole normale sup\u00e9rieure sotto la guida di Alain (pseudonimo di \u00c9mile-Auguste Chartier). Milita nelle fila dell&#8217;estrema sinistra, ma non aderisce a nessuna formazione politica. Decide di vivere l&#8217;esperienza del lavoro manuale e si impiega come operaia nelle officine Renault di Billancourt. Partecipa alla guerra civile spagnola nelle fila anarchiche. Al ritorno in patria matura una intensa crisi religiosa. Si ammala di tubercolosi. Dopo la sconfitta della Francia e la promulgazione delle leggi razziali si rifugia prima a Marsiglia, poi negli Usa con la famiglia, infine in Inghilterra, dove collabora con le autorit\u00e0 in esilio della Resistenza francese e con Trance Libre&#8221; del generale De Gaulle. Muore in seguito al riacutizzarsi della malattia, legata alle dure esperienze di lavoro degli anni precedenti. I suoi scritti, ad eccezione degli articoli sulle riviste (R\u00e9volution Prol\u00e9tarienne, Critique Sociale, Cahiers du Sud), sono tutti postumi, raccolti nei due volumi delle Oeuvres compl\u00e8tes (1988-89)<\/p>\n<p style=\"text-align: justify;\"><strong>Per saperne di pi\u00f9<\/strong><\/p>\n<p style=\"text-align: justify;\"><strong>Weil<\/strong> &#8211;<em>I ca<\/em><em>tari e la civilt\u00e0 mediterra<\/em> Marietti, 199<\/p>\n<p style=\"text-align: justify;\"><strong>P\u00e9trement<\/strong> &#8211; <em>La vita di Simone<\/em> Weil Adelphi 1994<\/p>\n","protected":false},"excerpt":{"rendered":"<p>Il Timone n.152 aprile 2016 \u00a0La filosofa francese \u00e8 ammirata da &#8220;destra&#8221; come da &#8220;sinistra&#8221;, da anarchici e tradizionalisti insieme. La chiave per comprendere il suo pensiero, che apparentemente poco si presta a essere incasellato, sta in due eresie antiche: quella degli albigesi e quella di Marcione \u00a0di Valentino Cecchetti<\/p><p><a class=\"more-link btn\" href=\"https:\/\/www.rassegnastampa-totustuus.it\/cattolica\/simone-weil-una-catara-del-novecento\/\">Continua a leggere<\/a><\/p>\n","protected":false},"author":6,"featured_media":34177,"comment_status":"closed","ping_status":"closed","sticky":false,"template":"","format":"standard","meta":{"footnotes":""},"categories":[18],"tags":[2460],"class_list":["post-34175","post","type-post","status-publish","format-standard","has-post-thumbnail","hentry","category-personaggi","tag-simone-weil","item-wrap"],"yoast_head":"<!-- This site is optimized with the Yoast SEO plugin v27.5 - https:\/\/yoast.com\/product\/yoast-seo-wordpress\/ -->\n<title>Simone Weil. Una catara del Novecento - Rassegna Stampa Cattolica<\/title>\n<meta name=\"description\" content=\"Rassegna Stampa Cattolica - Per una cultura che nasce dalla Rivelazione cristiana in conformit\u00e0 alla tradizione e al Magistero della Chiesa in opposizione ad ogni relativismo e totalitarismo\" \/>\n<meta name=\"robots\" content=\"index, follow, max-snippet:-1, max-image-preview:large, max-video-preview:-1\" \/>\n<link rel=\"canonical\" href=\"https:\/\/www.rassegnastampa-totustuus.it\/cattolica\/simone-weil-una-catara-del-novecento\/\" \/>\n<meta property=\"og:locale\" content=\"it_IT\" \/>\n<meta property=\"og:type\" content=\"article\" \/>\n<meta property=\"og:title\" content=\"Simone Weil. Una catara del Novecento - Rassegna Stampa Cattolica\" \/>\n<meta property=\"og:description\" content=\"Rassegna Stampa Cattolica - Per una cultura che nasce dalla Rivelazione cristiana in conformit\u00e0 alla tradizione e al Magistero della Chiesa in opposizione ad ogni relativismo e totalitarismo\" \/>\n<meta property=\"og:url\" content=\"https:\/\/www.rassegnastampa-totustuus.it\/cattolica\/simone-weil-una-catara-del-novecento\/\" \/>\n<meta property=\"og:site_name\" content=\"Rassegna Stampa Cattolica\" \/>\n<meta property=\"article:publisher\" content=\"https:\/\/www.facebook.com\/rassegnastampacattolica\" \/>\n<meta property=\"article:published_time\" content=\"2016-06-08T22:00:07+00:00\" \/>\n<meta property=\"og:image\" content=\"https:\/\/www.rassegnastampa-totustuus.it\/cattolica\/wp-content\/uploads\/2016\/06\/Simone_Weil.jpg\" \/>\n\t<meta property=\"og:image:width\" content=\"225\" \/>\n\t<meta property=\"og:image:height\" content=\"225\" \/>\n\t<meta property=\"og:image:type\" content=\"image\/jpeg\" \/>\n<meta name=\"author\" content=\"Redazione\" \/>\n<meta name=\"twitter:card\" content=\"summary_large_image\" \/>\n<meta name=\"twitter:creator\" content=\"@rassegnastampa9\" \/>\n<meta name=\"twitter:site\" content=\"@rassegnastampa9\" \/>\n<meta name=\"twitter:label1\" content=\"Scritto da\" \/>\n\t<meta name=\"twitter:data1\" content=\"Redazione\" \/>\n\t<meta name=\"twitter:label2\" content=\"Tempo di lettura stimato\" \/>\n\t<meta name=\"twitter:data2\" content=\"6 minuti\" \/>\n<script type=\"application\/ld+json\" class=\"yoast-schema-graph\">{\"@context\":\"https:\\\/\\\/schema.org\",\"@graph\":[{\"@type\":\"Article\",\"@id\":\"https:\\\/\\\/www.rassegnastampa-totustuus.it\\\/cattolica\\\/simone-weil-una-catara-del-novecento\\\/#article\",\"isPartOf\":{\"@id\":\"https:\\\/\\\/www.rassegnastampa-totustuus.it\\\/cattolica\\\/simone-weil-una-catara-del-novecento\\\/\"},\"author\":{\"name\":\"Redazione\",\"@id\":\"https:\\\/\\\/www.rassegnastampa-totustuus.it\\\/cattolica\\\/#\\\/schema\\\/person\\\/08f319d2bd1a0904ad9e2bfb7b15e5c3\"},\"headline\":\"Simone Weil. Una catara del Novecento\",\"datePublished\":\"2016-06-08T22:00:07+00:00\",\"mainEntityOfPage\":{\"@id\":\"https:\\\/\\\/www.rassegnastampa-totustuus.it\\\/cattolica\\\/simone-weil-una-catara-del-novecento\\\/\"},\"wordCount\":1320,\"publisher\":{\"@id\":\"https:\\\/\\\/www.rassegnastampa-totustuus.it\\\/cattolica\\\/#organization\"},\"image\":{\"@id\":\"https:\\\/\\\/www.rassegnastampa-totustuus.it\\\/cattolica\\\/simone-weil-una-catara-del-novecento\\\/#primaryimage\"},\"thumbnailUrl\":\"https:\\\/\\\/www.rassegnastampa-totustuus.it\\\/cattolica\\\/wp-content\\\/uploads\\\/2016\\\/06\\\/Simone_Weil.jpg\",\"keywords\":[\"Simone Weil\"],\"articleSection\":[\"Personaggi\"],\"inLanguage\":\"it-IT\"},{\"@type\":\"WebPage\",\"@id\":\"https:\\\/\\\/www.rassegnastampa-totustuus.it\\\/cattolica\\\/simone-weil-una-catara-del-novecento\\\/\",\"url\":\"https:\\\/\\\/www.rassegnastampa-totustuus.it\\\/cattolica\\\/simone-weil-una-catara-del-novecento\\\/\",\"name\":\"Simone Weil. Una catara del Novecento - Rassegna Stampa Cattolica\",\"isPartOf\":{\"@id\":\"https:\\\/\\\/www.rassegnastampa-totustuus.it\\\/cattolica\\\/#website\"},\"primaryImageOfPage\":{\"@id\":\"https:\\\/\\\/www.rassegnastampa-totustuus.it\\\/cattolica\\\/simone-weil-una-catara-del-novecento\\\/#primaryimage\"},\"image\":{\"@id\":\"https:\\\/\\\/www.rassegnastampa-totustuus.it\\\/cattolica\\\/simone-weil-una-catara-del-novecento\\\/#primaryimage\"},\"thumbnailUrl\":\"https:\\\/\\\/www.rassegnastampa-totustuus.it\\\/cattolica\\\/wp-content\\\/uploads\\\/2016\\\/06\\\/Simone_Weil.jpg\",\"datePublished\":\"2016-06-08T22:00:07+00:00\",\"description\":\"Rassegna Stampa Cattolica - Per una cultura che nasce dalla Rivelazione cristiana in conformit\u00e0 alla tradizione e al Magistero della Chiesa in opposizione ad ogni relativismo e totalitarismo\",\"breadcrumb\":{\"@id\":\"https:\\\/\\\/www.rassegnastampa-totustuus.it\\\/cattolica\\\/simone-weil-una-catara-del-novecento\\\/#breadcrumb\"},\"inLanguage\":\"it-IT\",\"potentialAction\":[{\"@type\":\"ReadAction\",\"target\":[\"https:\\\/\\\/www.rassegnastampa-totustuus.it\\\/cattolica\\\/simone-weil-una-catara-del-novecento\\\/\"]}]},{\"@type\":\"ImageObject\",\"inLanguage\":\"it-IT\",\"@id\":\"https:\\\/\\\/www.rassegnastampa-totustuus.it\\\/cattolica\\\/simone-weil-una-catara-del-novecento\\\/#primaryimage\",\"url\":\"https:\\\/\\\/www.rassegnastampa-totustuus.it\\\/cattolica\\\/wp-content\\\/uploads\\\/2016\\\/06\\\/Simone_Weil.jpg\",\"contentUrl\":\"https:\\\/\\\/www.rassegnastampa-totustuus.it\\\/cattolica\\\/wp-content\\\/uploads\\\/2016\\\/06\\\/Simone_Weil.jpg\",\"width\":225,\"height\":225},{\"@type\":\"BreadcrumbList\",\"@id\":\"https:\\\/\\\/www.rassegnastampa-totustuus.it\\\/cattolica\\\/simone-weil-una-catara-del-novecento\\\/#breadcrumb\",\"itemListElement\":[{\"@type\":\"ListItem\",\"position\":1,\"name\":\"Home\",\"item\":\"https:\\\/\\\/www.rassegnastampa-totustuus.it\\\/cattolica\\\/\"},{\"@type\":\"ListItem\",\"position\":2,\"name\":\"Simone Weil. Una catara del Novecento\"}]},{\"@type\":\"WebSite\",\"@id\":\"https:\\\/\\\/www.rassegnastampa-totustuus.it\\\/cattolica\\\/#website\",\"url\":\"https:\\\/\\\/www.rassegnastampa-totustuus.it\\\/cattolica\\\/\",\"name\":\"Rassegna Stampa Cattolica\",\"description\":\"Per una cultura che nasce dalla Rivelazione cristiana in conformit\u00e0 alla tradizione e al Magistero della Chiesa in opposizione ad ogni relativismo e totalitarismo\",\"publisher\":{\"@id\":\"https:\\\/\\\/www.rassegnastampa-totustuus.it\\\/cattolica\\\/#organization\"},\"alternateName\":\"Rass. Cattolica\",\"potentialAction\":[{\"@type\":\"SearchAction\",\"target\":{\"@type\":\"EntryPoint\",\"urlTemplate\":\"https:\\\/\\\/www.rassegnastampa-totustuus.it\\\/cattolica\\\/?s={search_term_string}\"},\"query-input\":{\"@type\":\"PropertyValueSpecification\",\"valueRequired\":true,\"valueName\":\"search_term_string\"}}],\"inLanguage\":\"it-IT\"},{\"@type\":\"Organization\",\"@id\":\"https:\\\/\\\/www.rassegnastampa-totustuus.it\\\/cattolica\\\/#organization\",\"name\":\"Rassegna Stampa Cattolica\",\"url\":\"https:\\\/\\\/www.rassegnastampa-totustuus.it\\\/cattolica\\\/\",\"logo\":{\"@type\":\"ImageObject\",\"inLanguage\":\"it-IT\",\"@id\":\"https:\\\/\\\/www.rassegnastampa-totustuus.it\\\/cattolica\\\/#\\\/schema\\\/logo\\\/image\\\/\",\"url\":\"https:\\\/\\\/www.rassegnastampa-totustuus.it\\\/cattolica\\\/wp-content\\\/uploads\\\/2014\\\/04\\\/logo-rassegna1.gif\",\"contentUrl\":\"https:\\\/\\\/www.rassegnastampa-totustuus.it\\\/cattolica\\\/wp-content\\\/uploads\\\/2014\\\/04\\\/logo-rassegna1.gif\",\"width\":600,\"height\":163,\"caption\":\"Rassegna Stampa Cattolica\"},\"image\":{\"@id\":\"https:\\\/\\\/www.rassegnastampa-totustuus.it\\\/cattolica\\\/#\\\/schema\\\/logo\\\/image\\\/\"},\"sameAs\":[\"https:\\\/\\\/www.facebook.com\\\/rassegnastampacattolica\",\"https:\\\/\\\/x.com\\\/rassegnastampa9\"]},{\"@type\":\"Person\",\"@id\":\"https:\\\/\\\/www.rassegnastampa-totustuus.it\\\/cattolica\\\/#\\\/schema\\\/person\\\/08f319d2bd1a0904ad9e2bfb7b15e5c3\",\"name\":\"Redazione\",\"image\":{\"@type\":\"ImageObject\",\"inLanguage\":\"it-IT\",\"@id\":\"https:\\\/\\\/secure.gravatar.com\\\/avatar\\\/2fcdf27c78ea025fbdb44e914cc63c72249ffec9dc8aafd5c82b26240ef3f346?s=96&d=mm&r=g\",\"url\":\"https:\\\/\\\/secure.gravatar.com\\\/avatar\\\/2fcdf27c78ea025fbdb44e914cc63c72249ffec9dc8aafd5c82b26240ef3f346?s=96&d=mm&r=g\",\"contentUrl\":\"https:\\\/\\\/secure.gravatar.com\\\/avatar\\\/2fcdf27c78ea025fbdb44e914cc63c72249ffec9dc8aafd5c82b26240ef3f346?s=96&d=mm&r=g\",\"caption\":\"Redazione\"},\"url\":\"https:\\\/\\\/www.rassegnastampa-totustuus.it\\\/cattolica\\\/author\\\/pietroelle\\\/\"}]}<\/script>\n<!-- \/ Yoast SEO plugin. -->","yoast_head_json":{"title":"Simone Weil. Una catara del Novecento - Rassegna Stampa Cattolica","description":"Rassegna Stampa Cattolica - Per una cultura che nasce dalla Rivelazione cristiana in conformit\u00e0 alla tradizione e al Magistero della Chiesa in opposizione ad ogni relativismo e totalitarismo","robots":{"index":"index","follow":"follow","max-snippet":"max-snippet:-1","max-image-preview":"max-image-preview:large","max-video-preview":"max-video-preview:-1"},"canonical":"https:\/\/www.rassegnastampa-totustuus.it\/cattolica\/simone-weil-una-catara-del-novecento\/","og_locale":"it_IT","og_type":"article","og_title":"Simone Weil. Una catara del Novecento - Rassegna Stampa Cattolica","og_description":"Rassegna Stampa Cattolica - Per una cultura che nasce dalla Rivelazione cristiana in conformit\u00e0 alla tradizione e al Magistero della Chiesa in opposizione ad ogni relativismo e totalitarismo","og_url":"https:\/\/www.rassegnastampa-totustuus.it\/cattolica\/simone-weil-una-catara-del-novecento\/","og_site_name":"Rassegna Stampa Cattolica","article_publisher":"https:\/\/www.facebook.com\/rassegnastampacattolica","article_published_time":"2016-06-08T22:00:07+00:00","og_image":[{"width":225,"height":225,"url":"https:\/\/www.rassegnastampa-totustuus.it\/cattolica\/wp-content\/uploads\/2016\/06\/Simone_Weil.jpg","type":"image\/jpeg"}],"author":"Redazione","twitter_card":"summary_large_image","twitter_creator":"@rassegnastampa9","twitter_site":"@rassegnastampa9","twitter_misc":{"Scritto da":"Redazione","Tempo di lettura stimato":"6 minuti"},"schema":{"@context":"https:\/\/schema.org","@graph":[{"@type":"Article","@id":"https:\/\/www.rassegnastampa-totustuus.it\/cattolica\/simone-weil-una-catara-del-novecento\/#article","isPartOf":{"@id":"https:\/\/www.rassegnastampa-totustuus.it\/cattolica\/simone-weil-una-catara-del-novecento\/"},"author":{"name":"Redazione","@id":"https:\/\/www.rassegnastampa-totustuus.it\/cattolica\/#\/schema\/person\/08f319d2bd1a0904ad9e2bfb7b15e5c3"},"headline":"Simone Weil. Una catara del Novecento","datePublished":"2016-06-08T22:00:07+00:00","mainEntityOfPage":{"@id":"https:\/\/www.rassegnastampa-totustuus.it\/cattolica\/simone-weil-una-catara-del-novecento\/"},"wordCount":1320,"publisher":{"@id":"https:\/\/www.rassegnastampa-totustuus.it\/cattolica\/#organization"},"image":{"@id":"https:\/\/www.rassegnastampa-totustuus.it\/cattolica\/simone-weil-una-catara-del-novecento\/#primaryimage"},"thumbnailUrl":"https:\/\/www.rassegnastampa-totustuus.it\/cattolica\/wp-content\/uploads\/2016\/06\/Simone_Weil.jpg","keywords":["Simone Weil"],"articleSection":["Personaggi"],"inLanguage":"it-IT"},{"@type":"WebPage","@id":"https:\/\/www.rassegnastampa-totustuus.it\/cattolica\/simone-weil-una-catara-del-novecento\/","url":"https:\/\/www.rassegnastampa-totustuus.it\/cattolica\/simone-weil-una-catara-del-novecento\/","name":"Simone Weil. Una catara del Novecento - Rassegna Stampa Cattolica","isPartOf":{"@id":"https:\/\/www.rassegnastampa-totustuus.it\/cattolica\/#website"},"primaryImageOfPage":{"@id":"https:\/\/www.rassegnastampa-totustuus.it\/cattolica\/simone-weil-una-catara-del-novecento\/#primaryimage"},"image":{"@id":"https:\/\/www.rassegnastampa-totustuus.it\/cattolica\/simone-weil-una-catara-del-novecento\/#primaryimage"},"thumbnailUrl":"https:\/\/www.rassegnastampa-totustuus.it\/cattolica\/wp-content\/uploads\/2016\/06\/Simone_Weil.jpg","datePublished":"2016-06-08T22:00:07+00:00","description":"Rassegna Stampa Cattolica - Per una cultura che nasce dalla Rivelazione cristiana in conformit\u00e0 alla tradizione e al Magistero della Chiesa in opposizione ad ogni relativismo e totalitarismo","breadcrumb":{"@id":"https:\/\/www.rassegnastampa-totustuus.it\/cattolica\/simone-weil-una-catara-del-novecento\/#breadcrumb"},"inLanguage":"it-IT","potentialAction":[{"@type":"ReadAction","target":["https:\/\/www.rassegnastampa-totustuus.it\/cattolica\/simone-weil-una-catara-del-novecento\/"]}]},{"@type":"ImageObject","inLanguage":"it-IT","@id":"https:\/\/www.rassegnastampa-totustuus.it\/cattolica\/simone-weil-una-catara-del-novecento\/#primaryimage","url":"https:\/\/www.rassegnastampa-totustuus.it\/cattolica\/wp-content\/uploads\/2016\/06\/Simone_Weil.jpg","contentUrl":"https:\/\/www.rassegnastampa-totustuus.it\/cattolica\/wp-content\/uploads\/2016\/06\/Simone_Weil.jpg","width":225,"height":225},{"@type":"BreadcrumbList","@id":"https:\/\/www.rassegnastampa-totustuus.it\/cattolica\/simone-weil-una-catara-del-novecento\/#breadcrumb","itemListElement":[{"@type":"ListItem","position":1,"name":"Home","item":"https:\/\/www.rassegnastampa-totustuus.it\/cattolica\/"},{"@type":"ListItem","position":2,"name":"Simone Weil. Una catara del Novecento"}]},{"@type":"WebSite","@id":"https:\/\/www.rassegnastampa-totustuus.it\/cattolica\/#website","url":"https:\/\/www.rassegnastampa-totustuus.it\/cattolica\/","name":"Rassegna Stampa Cattolica","description":"Per una cultura che nasce dalla Rivelazione cristiana in conformit\u00e0 alla tradizione e al Magistero della Chiesa in opposizione ad ogni relativismo e totalitarismo","publisher":{"@id":"https:\/\/www.rassegnastampa-totustuus.it\/cattolica\/#organization"},"alternateName":"Rass. Cattolica","potentialAction":[{"@type":"SearchAction","target":{"@type":"EntryPoint","urlTemplate":"https:\/\/www.rassegnastampa-totustuus.it\/cattolica\/?s={search_term_string}"},"query-input":{"@type":"PropertyValueSpecification","valueRequired":true,"valueName":"search_term_string"}}],"inLanguage":"it-IT"},{"@type":"Organization","@id":"https:\/\/www.rassegnastampa-totustuus.it\/cattolica\/#organization","name":"Rassegna Stampa Cattolica","url":"https:\/\/www.rassegnastampa-totustuus.it\/cattolica\/","logo":{"@type":"ImageObject","inLanguage":"it-IT","@id":"https:\/\/www.rassegnastampa-totustuus.it\/cattolica\/#\/schema\/logo\/image\/","url":"https:\/\/www.rassegnastampa-totustuus.it\/cattolica\/wp-content\/uploads\/2014\/04\/logo-rassegna1.gif","contentUrl":"https:\/\/www.rassegnastampa-totustuus.it\/cattolica\/wp-content\/uploads\/2014\/04\/logo-rassegna1.gif","width":600,"height":163,"caption":"Rassegna Stampa Cattolica"},"image":{"@id":"https:\/\/www.rassegnastampa-totustuus.it\/cattolica\/#\/schema\/logo\/image\/"},"sameAs":["https:\/\/www.facebook.com\/rassegnastampacattolica","https:\/\/x.com\/rassegnastampa9"]},{"@type":"Person","@id":"https:\/\/www.rassegnastampa-totustuus.it\/cattolica\/#\/schema\/person\/08f319d2bd1a0904ad9e2bfb7b15e5c3","name":"Redazione","image":{"@type":"ImageObject","inLanguage":"it-IT","@id":"https:\/\/secure.gravatar.com\/avatar\/2fcdf27c78ea025fbdb44e914cc63c72249ffec9dc8aafd5c82b26240ef3f346?s=96&d=mm&r=g","url":"https:\/\/secure.gravatar.com\/avatar\/2fcdf27c78ea025fbdb44e914cc63c72249ffec9dc8aafd5c82b26240ef3f346?s=96&d=mm&r=g","contentUrl":"https:\/\/secure.gravatar.com\/avatar\/2fcdf27c78ea025fbdb44e914cc63c72249ffec9dc8aafd5c82b26240ef3f346?s=96&d=mm&r=g","caption":"Redazione"},"url":"https:\/\/www.rassegnastampa-totustuus.it\/cattolica\/author\/pietroelle\/"}]}},"_links":{"self":[{"href":"https:\/\/www.rassegnastampa-totustuus.it\/cattolica\/wp-json\/wp\/v2\/posts\/34175","targetHints":{"allow":["GET"]}}],"collection":[{"href":"https:\/\/www.rassegnastampa-totustuus.it\/cattolica\/wp-json\/wp\/v2\/posts"}],"about":[{"href":"https:\/\/www.rassegnastampa-totustuus.it\/cattolica\/wp-json\/wp\/v2\/types\/post"}],"author":[{"embeddable":true,"href":"https:\/\/www.rassegnastampa-totustuus.it\/cattolica\/wp-json\/wp\/v2\/users\/6"}],"replies":[{"embeddable":true,"href":"https:\/\/www.rassegnastampa-totustuus.it\/cattolica\/wp-json\/wp\/v2\/comments?post=34175"}],"version-history":[{"count":1,"href":"https:\/\/www.rassegnastampa-totustuus.it\/cattolica\/wp-json\/wp\/v2\/posts\/34175\/revisions"}],"predecessor-version":[{"id":34178,"href":"https:\/\/www.rassegnastampa-totustuus.it\/cattolica\/wp-json\/wp\/v2\/posts\/34175\/revisions\/34178"}],"wp:featuredmedia":[{"embeddable":true,"href":"https:\/\/www.rassegnastampa-totustuus.it\/cattolica\/wp-json\/wp\/v2\/media\/34177"}],"wp:attachment":[{"href":"https:\/\/www.rassegnastampa-totustuus.it\/cattolica\/wp-json\/wp\/v2\/media?parent=34175"}],"wp:term":[{"taxonomy":"category","embeddable":true,"href":"https:\/\/www.rassegnastampa-totustuus.it\/cattolica\/wp-json\/wp\/v2\/categories?post=34175"},{"taxonomy":"post_tag","embeddable":true,"href":"https:\/\/www.rassegnastampa-totustuus.it\/cattolica\/wp-json\/wp\/v2\/tags?post=34175"}],"curies":[{"name":"wp","href":"https:\/\/api.w.org\/{rel}","templated":true}]}}