{"id":34145,"date":"2016-06-09T00:00:02","date_gmt":"2016-06-08T22:00:02","guid":{"rendered":"http:\/\/www.rassegnastampa-totustuus.it\/cattolica\/?p=34145"},"modified":"2016-06-05T13:07:42","modified_gmt":"2016-06-05T11:07:42","slug":"quanto-ci-si-uccide-nelle-coppie-gay-lo-racconta-un-saggio","status":"publish","type":"post","link":"https:\/\/www.rassegnastampa-totustuus.it\/cattolica\/quanto-ci-si-uccide-nelle-coppie-gay-lo-racconta-un-saggio\/","title":{"rendered":"Quanto ci si uccide nelle \u201ccoppie gay\u201d? Lo racconta un saggio"},"content":{"rendered":"<p style=\"text-align: center;\"><strong><img loading=\"lazy\" decoding=\"async\" class=\"alignleft wp-image-34151\" src=\"https:\/\/www.rassegnastampa-totustuus.it\/cattolica\/wp-content\/uploads\/2016\/06\/suicidi-gay.jpg\" alt=\"suicidi gay\" width=\"250\" height=\"187\" \/>La Croce quotidiano<\/strong> 27 maggio 2016<\/p>\n<p style=\"text-align: justify;\"><em>Lo \u201cEuropean Journal of Epidemiology\u201d rileva: tra gay ci si uccide di pi\u00f9, e non accade per \u201comofobia\u201d<\/em><\/p>\n<p style=\"text-align: center;\">di <strong>Giuseppe Brienza<\/strong><\/p>\n<p style=\"text-align: center;\"><!--more--><\/p>\n<p style=\"text-align: justify;\">Lo \u201cEuropean Journal of Epidemiology\u201d (EJPH), una delle pi\u00f9 prestigiose riviste internazionali nel campo dell&#8217;epidemiologia e della sanit\u00e0 pubblica, ha appena pubblicato un saggio che documenta come i tassi di suicidio rilevati nell\u2019ambito delle \u201ccoppie gay\u201d siano pi\u00f9 alti che quelli riscontrabili nelle unioni naturali fra uomini e donne. Nello studio, curato da 5 ricercatori provenienti dalle Universit\u00e0 della California e di Stoccolma, si dimostra che, ad esempio in un Paese \u201cgay-friendly\u201d come la Svezia, il tasso di suicidi tra omosessuali \u00e8 tre volte maggiore rispetto alla media (cfr. C. Bj\u00f6rkenstam, G. Andersson, C. Dalman, S. Cochran, K. Kosidou, Suicide in married couples in Sweden: Is the risk greater in same-sex couples?\u201d, in EJPH, 2016 May 11).<\/p>\n<p style=\"text-align: justify;\">Ricordiamo che, proprio il Paese scandinavo, fu nel 2003 teatro di una delle prime manifestazioni giudiziarie concrete di persecuzione dei sostenitori della complementarit\u00e0 sessuale. Il pastore protestante svedese Ake Green, infatti, fu allora accusato di odio per aver criticato l\u2019omosessualit\u00e0 in un sermone. Il ministro della confessione pentecostale avrebbe affermato, rivolgendosi all\u2019assemblea, che l\u2019omosessualit\u00e0 costituisce \u00abun profondo tumore dell\u2019intera societ\u00e0\u00bb.<\/p>\n<p style=\"text-align: justify;\">Nel 2004 un tribunale svedese ha quindi condannato Green ad un mese di reclusione per violazione delle leggi contro i delitti dell\u2019odio. La sentenza \u00e8 stata successivamente rovesciata dalla corte d\u2019appello, ma il pubblico ministero ha fatto appello alla Corte suprema contro il proscioglimento. Il 29 novembre dello stesso anno la Corte Suprema svedese ha sentenziato che i commenti del pastore erano protetti dai diritti della libert\u00e0 di parola e di religione garantiti dalla Convenzione europea dei diritti umani.<\/p>\n<p style=\"text-align: justify;\">Ma Green non \u00e8 stato l\u2019unico ad essere finora incorso nelle leggi svedesi contro l\u2019odio. Sempre nel 2004 il pastore Ulf Ekman, della Chiesa \u201cUppsala World of Life\u201d, \u00e8 stato avvertito che sarebbe stato denunciato per istigazione all\u2019odio. Le autorit\u00e0 hanno successivamente deciso di non procedere contro di lui, ma Ekman ebbe allora a denunciare l\u2019\u00abazione politica in atto in tutt\u2019Europa diretta a restringere la libert\u00e0 di religione, e la Svezia sta fungendo da progetto pilota per l\u2019Unione europea\u00bb (cit. in Una nuova interpretazione della normativa contro l\u2019odio. Aumentano le restrizioni contro le critiche all\u2019omosessualit\u00e0, in agenzia \u201cZenit\u201d, Stoccolma 10 dicembre 2005).<\/p>\n<p style=\"text-align: justify;\">Una volta messa cos\u00ec a tacere l\u2019opposizione, \u00e8 stato possibile far passare una legge sule adozioni di minori da parte di coppie dello stesso sesso, gay e lesbiche. Dal 1\u00b0 maggio del 2009, infatti, anche in Svezia \u00e8 entrata in vigore una apposita legge che, introducendo il \u201cmatrimonio\u201d gay, contestualmente ha previsto la possibilit\u00e0 di adozione. Nel Paese, da tempo, le statistiche fanno registrare una progressiva diminuzione dei matrimoni (fra uomini e donne), la crescita costante del numero dei divorzi, e una vessazione costante, a livello fiscale ed economico, delle famiglie naturali da parte dello Stato.<\/p>\n<p style=\"text-align: justify;\">Eppure come ha rilevato Philippe Ari\u00f1o, autore del libro \u201cOmosessualit\u00e0 Controcorrente. Vivere secondo la Chiesa ed essere felici\u201d (Effat\u00e0 Editrice 2014), \u00abil disagio che viviamo non \u00e8 causato solo dal mondo esterno, ma soprattutto dalla nostra pratica omosessuale e da ci\u00f2 che viviamo\u00bb. Secondo il giovane giornalista, omosessuale dichiarato ma che vive la propria condizione nello spirito della Fede, le numerose difficolt\u00e0 di vita che sperimentano le persone con attrazione dello stesso sesso sono figlie del loro \u00abrifiuto della differenza sessuale, che \u00e8 la fonte della nostra esistenza e della nostra umanit\u00e0\u00bb (cit. in <em>Anche nella Svezia gay-friendly, il tasso di suicidi omosessuali \u00e8 tre volte maggiore<\/em>, in \u201cUCCR on line\u201d, 24 maggio 2016).<\/p>\n<p style=\"text-align: justify;\">Queste \u201cgravi conseguenze\u201d sono puntualmente certificate da decine di studi scientifici, tanto che addirittura l\u2019agenzia di pianificazione familiare delle Nazioni Unite (UNFPA) ha riconosciuto la \u00absignificativa prevalenza di violenza domestica tra gli uomini che hanno rapporti sessuali con gli uomini\u00bb, rilevando altissimo tasso di promiscuit\u00e0 e il fatto che \u00absono pi\u00f9 propensi a utilizzare alcol e droghe rispetto alla media della popolazione generale\u00bb, soprattutto per mantenere ad \u00abalto livello\u00bb le compulsive prestazioni sessuali.<\/p>\n<p style=\"text-align: justify;\">Quasi sempre le associazioni Lgbt giustificano questi dati accusando la societ\u00e0 di \u201comofobia\u201d: le generalizzate discriminazioni nei loro confronti porterebbero le persone omosessuali a soffrire di questi disturbi. Una spiegazione che tuttavia \u00e8 stata ancora una volta smentita da una ricerca pubblicata recentemente sull\u2019EJPH, in cui i ricercatori hanno valutato il tasso di suicidio in Svezia, confrontando coppie omosessuali sposate a coppie eterosessuali sposate.<\/p>\n<p style=\"text-align: justify;\">Va premesso che la Svezia \u00e8 generalmente considerata uno dei paesi pi\u00f9 \u201cgay-friendly\u201d d\u2019Europa. Il matrimonio e le adozioni gay sono completamente legali e le persone omosessuali sono protette da leggi \u201canti-discriminazione\u201d nel lavoro e nell\u2019ambito dei servizi pubblici. Non solo la c.d. omofobia non esiste praticamente, ma se anche se ve ne emergessero manifestazioni, verrebbero immediatamente punite da apposite norme \u201cdedicate\u201d.<\/p>\n<p style=\"text-align: justify;\">Eppure, i risultati sui disagi vissuti dalle persone omosessuali sono gli stessi che vengono verificati in tutto il resto d\u2019Europa tanto che, in Svezia, secondo l\u2019EJPH \u00abil rischio di suicidio \u00e8 pi\u00f9 elevato tra gli individui dello stesso sesso sposati rispetto agli individui sposati di sesso diverso\u00bb. In particolare per quanto riguarda quelle di uomini, nelle unioni omosessuali si rileva \u00abun rischio di suicidio quasi tre volte maggiore rispetto agli uomini coniugati con un partner del sesso opposto\u00bb.<\/p>\n<p style=\"text-align: justify;\">Questo ha portato, quindi, a concludere che \u00abanche in un Paese con un clima relativamente tollerante per quanto riguarda l\u2019omosessualit\u00e0, come la Svezia, gli individui sposati dello stesso sesso evidenziano un elevato rischio di suicidio rispetto agli altri individui sposati\u00bb. Lo stesso accade in altri Paesi ampiamente gay-friendly, come ad esempio la Gran Bretagna, dove recentemente si \u00e8 verificato un suicidio per impiccagione di una donna unita in matrimonio con un\u2019altra donna, a causa della violenza domestica subita dalla partner lesbica (e non certo per l\u2019omofobia della societ\u00e0).<\/p>\n<p style=\"text-align: justify;\">\u00abInutile negare la realt\u00e0\u00bb, ha commentato Philippe Ari\u00f1o, che in passato \u00e8 stato anche un convinto attivista gay, \u00abviviamo un malessere, ma spesso non ne parliamo direttamente. La vera libert\u00e0 \u00e8 quella di riconoscere l\u2019attrazione omosessuale per quella che \u00e8, cio\u00e8 il sintomo di profonde ferite dell\u2019identit\u00e0 affettiva\u00bb. Per questo bisognerebbe far presente alle persone con tendenze omosessuali che \u00e8 possibile risolvere i propri problemi con una riscoperta della loro pi\u00f9 profonda e reale identit\u00e0. C\u2019\u00e8 questo e altro da sapere, ma gli europei non lo sanno\u2026<\/p>\n","protected":false},"excerpt":{"rendered":"<p>La Croce quotidiano 27 maggio 2016 Lo \u201cEuropean Journal of Epidemiology\u201d rileva: tra gay ci si uccide di pi\u00f9, e non accade per \u201comofobia\u201d di Giuseppe Brienza<\/p><p><a class=\"more-link btn\" href=\"https:\/\/www.rassegnastampa-totustuus.it\/cattolica\/quanto-ci-si-uccide-nelle-coppie-gay-lo-racconta-un-saggio\/\">Continua a leggere<\/a><\/p>\n","protected":false},"author":6,"featured_media":34151,"comment_status":"closed","ping_status":"closed","sticky":false,"template":"","format":"standard","meta":{"footnotes":""},"categories":[125,48],"tags":[189,606],"class_list":["post-34145","post","type-post","status-publish","format-standard","has-post-thumbnail","hentry","category-ideologia-del-gender","category-omosessualit","tag-gay","tag-suicidio","item-wrap"],"yoast_head":"<!-- This site is optimized with the Yoast SEO plugin v27.5 - https:\/\/yoast.com\/product\/yoast-seo-wordpress\/ -->\n<title>Quanto ci si uccide nelle \u201ccoppie gay\u201d? Lo racconta un saggio - Rassegna Stampa Cattolica<\/title>\n<meta name=\"description\" content=\"Rassegna Stampa Cattolica - Per una cultura che nasce dalla Rivelazione cristiana in conformit\u00e0 alla tradizione e al Magistero della Chiesa in opposizione ad ogni relativismo e totalitarismo\" \/>\n<meta name=\"robots\" content=\"index, follow, max-snippet:-1, max-image-preview:large, max-video-preview:-1\" \/>\n<link rel=\"canonical\" href=\"https:\/\/www.rassegnastampa-totustuus.it\/cattolica\/quanto-ci-si-uccide-nelle-coppie-gay-lo-racconta-un-saggio\/\" \/>\n<meta property=\"og:locale\" content=\"it_IT\" \/>\n<meta property=\"og:type\" content=\"article\" \/>\n<meta property=\"og:title\" content=\"Quanto ci si uccide nelle \u201ccoppie gay\u201d? Lo racconta un saggio - Rassegna Stampa Cattolica\" \/>\n<meta property=\"og:description\" content=\"Rassegna Stampa Cattolica - Per una cultura che nasce dalla Rivelazione cristiana in conformit\u00e0 alla tradizione e al Magistero della Chiesa in opposizione ad ogni relativismo e totalitarismo\" \/>\n<meta property=\"og:url\" content=\"https:\/\/www.rassegnastampa-totustuus.it\/cattolica\/quanto-ci-si-uccide-nelle-coppie-gay-lo-racconta-un-saggio\/\" \/>\n<meta property=\"og:site_name\" content=\"Rassegna Stampa Cattolica\" \/>\n<meta property=\"article:publisher\" content=\"https:\/\/www.facebook.com\/rassegnastampacattolica\" \/>\n<meta property=\"article:published_time\" content=\"2016-06-08T22:00:02+00:00\" \/>\n<meta property=\"og:image\" content=\"https:\/\/www.rassegnastampa-totustuus.it\/cattolica\/wp-content\/uploads\/2016\/06\/suicidi-gay.jpg\" \/>\n\t<meta property=\"og:image:width\" content=\"260\" \/>\n\t<meta property=\"og:image:height\" content=\"194\" \/>\n\t<meta property=\"og:image:type\" content=\"image\/jpeg\" \/>\n<meta name=\"author\" content=\"Redazione\" \/>\n<meta name=\"twitter:card\" content=\"summary_large_image\" \/>\n<meta name=\"twitter:creator\" content=\"@rassegnastampa9\" \/>\n<meta name=\"twitter:site\" content=\"@rassegnastampa9\" \/>\n<meta name=\"twitter:label1\" content=\"Scritto da\" \/>\n\t<meta name=\"twitter:data1\" content=\"Redazione\" \/>\n\t<meta name=\"twitter:label2\" content=\"Tempo di lettura stimato\" \/>\n\t<meta name=\"twitter:data2\" content=\"5 minuti\" \/>\n<script type=\"application\/ld+json\" class=\"yoast-schema-graph\">{\"@context\":\"https:\\\/\\\/schema.org\",\"@graph\":[{\"@type\":\"Article\",\"@id\":\"https:\\\/\\\/www.rassegnastampa-totustuus.it\\\/cattolica\\\/quanto-ci-si-uccide-nelle-coppie-gay-lo-racconta-un-saggio\\\/#article\",\"isPartOf\":{\"@id\":\"https:\\\/\\\/www.rassegnastampa-totustuus.it\\\/cattolica\\\/quanto-ci-si-uccide-nelle-coppie-gay-lo-racconta-un-saggio\\\/\"},\"author\":{\"name\":\"Redazione\",\"@id\":\"https:\\\/\\\/www.rassegnastampa-totustuus.it\\\/cattolica\\\/#\\\/schema\\\/person\\\/08f319d2bd1a0904ad9e2bfb7b15e5c3\"},\"headline\":\"Quanto ci si uccide nelle \u201ccoppie gay\u201d? Lo racconta un saggio\",\"datePublished\":\"2016-06-08T22:00:02+00:00\",\"mainEntityOfPage\":{\"@id\":\"https:\\\/\\\/www.rassegnastampa-totustuus.it\\\/cattolica\\\/quanto-ci-si-uccide-nelle-coppie-gay-lo-racconta-un-saggio\\\/\"},\"wordCount\":1057,\"publisher\":{\"@id\":\"https:\\\/\\\/www.rassegnastampa-totustuus.it\\\/cattolica\\\/#organization\"},\"image\":{\"@id\":\"https:\\\/\\\/www.rassegnastampa-totustuus.it\\\/cattolica\\\/quanto-ci-si-uccide-nelle-coppie-gay-lo-racconta-un-saggio\\\/#primaryimage\"},\"thumbnailUrl\":\"https:\\\/\\\/www.rassegnastampa-totustuus.it\\\/cattolica\\\/wp-content\\\/uploads\\\/2016\\\/06\\\/suicidi-gay.jpg\",\"keywords\":[\"gay\",\"suicidio\"],\"articleSection\":[\"Ideologia del gender\",\"Omosessualit&agrave;\"],\"inLanguage\":\"it-IT\"},{\"@type\":\"WebPage\",\"@id\":\"https:\\\/\\\/www.rassegnastampa-totustuus.it\\\/cattolica\\\/quanto-ci-si-uccide-nelle-coppie-gay-lo-racconta-un-saggio\\\/\",\"url\":\"https:\\\/\\\/www.rassegnastampa-totustuus.it\\\/cattolica\\\/quanto-ci-si-uccide-nelle-coppie-gay-lo-racconta-un-saggio\\\/\",\"name\":\"Quanto ci si uccide nelle \u201ccoppie gay\u201d? Lo racconta un saggio - Rassegna Stampa Cattolica\",\"isPartOf\":{\"@id\":\"https:\\\/\\\/www.rassegnastampa-totustuus.it\\\/cattolica\\\/#website\"},\"primaryImageOfPage\":{\"@id\":\"https:\\\/\\\/www.rassegnastampa-totustuus.it\\\/cattolica\\\/quanto-ci-si-uccide-nelle-coppie-gay-lo-racconta-un-saggio\\\/#primaryimage\"},\"image\":{\"@id\":\"https:\\\/\\\/www.rassegnastampa-totustuus.it\\\/cattolica\\\/quanto-ci-si-uccide-nelle-coppie-gay-lo-racconta-un-saggio\\\/#primaryimage\"},\"thumbnailUrl\":\"https:\\\/\\\/www.rassegnastampa-totustuus.it\\\/cattolica\\\/wp-content\\\/uploads\\\/2016\\\/06\\\/suicidi-gay.jpg\",\"datePublished\":\"2016-06-08T22:00:02+00:00\",\"description\":\"Rassegna Stampa Cattolica - Per una cultura che nasce dalla Rivelazione cristiana in conformit\u00e0 alla tradizione e al Magistero della Chiesa in opposizione ad ogni relativismo e totalitarismo\",\"breadcrumb\":{\"@id\":\"https:\\\/\\\/www.rassegnastampa-totustuus.it\\\/cattolica\\\/quanto-ci-si-uccide-nelle-coppie-gay-lo-racconta-un-saggio\\\/#breadcrumb\"},\"inLanguage\":\"it-IT\",\"potentialAction\":[{\"@type\":\"ReadAction\",\"target\":[\"https:\\\/\\\/www.rassegnastampa-totustuus.it\\\/cattolica\\\/quanto-ci-si-uccide-nelle-coppie-gay-lo-racconta-un-saggio\\\/\"]}]},{\"@type\":\"ImageObject\",\"inLanguage\":\"it-IT\",\"@id\":\"https:\\\/\\\/www.rassegnastampa-totustuus.it\\\/cattolica\\\/quanto-ci-si-uccide-nelle-coppie-gay-lo-racconta-un-saggio\\\/#primaryimage\",\"url\":\"https:\\\/\\\/www.rassegnastampa-totustuus.it\\\/cattolica\\\/wp-content\\\/uploads\\\/2016\\\/06\\\/suicidi-gay.jpg\",\"contentUrl\":\"https:\\\/\\\/www.rassegnastampa-totustuus.it\\\/cattolica\\\/wp-content\\\/uploads\\\/2016\\\/06\\\/suicidi-gay.jpg\",\"width\":260,\"height\":194},{\"@type\":\"BreadcrumbList\",\"@id\":\"https:\\\/\\\/www.rassegnastampa-totustuus.it\\\/cattolica\\\/quanto-ci-si-uccide-nelle-coppie-gay-lo-racconta-un-saggio\\\/#breadcrumb\",\"itemListElement\":[{\"@type\":\"ListItem\",\"position\":1,\"name\":\"Home\",\"item\":\"https:\\\/\\\/www.rassegnastampa-totustuus.it\\\/cattolica\\\/\"},{\"@type\":\"ListItem\",\"position\":2,\"name\":\"Quanto ci si uccide nelle \u201ccoppie gay\u201d? Lo racconta un saggio\"}]},{\"@type\":\"WebSite\",\"@id\":\"https:\\\/\\\/www.rassegnastampa-totustuus.it\\\/cattolica\\\/#website\",\"url\":\"https:\\\/\\\/www.rassegnastampa-totustuus.it\\\/cattolica\\\/\",\"name\":\"Rassegna Stampa Cattolica\",\"description\":\"Per una cultura che nasce dalla Rivelazione cristiana in conformit\u00e0 alla tradizione e al Magistero della Chiesa in opposizione ad ogni relativismo e totalitarismo\",\"publisher\":{\"@id\":\"https:\\\/\\\/www.rassegnastampa-totustuus.it\\\/cattolica\\\/#organization\"},\"alternateName\":\"Rass. Cattolica\",\"potentialAction\":[{\"@type\":\"SearchAction\",\"target\":{\"@type\":\"EntryPoint\",\"urlTemplate\":\"https:\\\/\\\/www.rassegnastampa-totustuus.it\\\/cattolica\\\/?s={search_term_string}\"},\"query-input\":{\"@type\":\"PropertyValueSpecification\",\"valueRequired\":true,\"valueName\":\"search_term_string\"}}],\"inLanguage\":\"it-IT\"},{\"@type\":\"Organization\",\"@id\":\"https:\\\/\\\/www.rassegnastampa-totustuus.it\\\/cattolica\\\/#organization\",\"name\":\"Rassegna Stampa Cattolica\",\"url\":\"https:\\\/\\\/www.rassegnastampa-totustuus.it\\\/cattolica\\\/\",\"logo\":{\"@type\":\"ImageObject\",\"inLanguage\":\"it-IT\",\"@id\":\"https:\\\/\\\/www.rassegnastampa-totustuus.it\\\/cattolica\\\/#\\\/schema\\\/logo\\\/image\\\/\",\"url\":\"https:\\\/\\\/www.rassegnastampa-totustuus.it\\\/cattolica\\\/wp-content\\\/uploads\\\/2014\\\/04\\\/logo-rassegna1.gif\",\"contentUrl\":\"https:\\\/\\\/www.rassegnastampa-totustuus.it\\\/cattolica\\\/wp-content\\\/uploads\\\/2014\\\/04\\\/logo-rassegna1.gif\",\"width\":600,\"height\":163,\"caption\":\"Rassegna Stampa Cattolica\"},\"image\":{\"@id\":\"https:\\\/\\\/www.rassegnastampa-totustuus.it\\\/cattolica\\\/#\\\/schema\\\/logo\\\/image\\\/\"},\"sameAs\":[\"https:\\\/\\\/www.facebook.com\\\/rassegnastampacattolica\",\"https:\\\/\\\/x.com\\\/rassegnastampa9\"]},{\"@type\":\"Person\",\"@id\":\"https:\\\/\\\/www.rassegnastampa-totustuus.it\\\/cattolica\\\/#\\\/schema\\\/person\\\/08f319d2bd1a0904ad9e2bfb7b15e5c3\",\"name\":\"Redazione\",\"image\":{\"@type\":\"ImageObject\",\"inLanguage\":\"it-IT\",\"@id\":\"https:\\\/\\\/secure.gravatar.com\\\/avatar\\\/2fcdf27c78ea025fbdb44e914cc63c72249ffec9dc8aafd5c82b26240ef3f346?s=96&d=mm&r=g\",\"url\":\"https:\\\/\\\/secure.gravatar.com\\\/avatar\\\/2fcdf27c78ea025fbdb44e914cc63c72249ffec9dc8aafd5c82b26240ef3f346?s=96&d=mm&r=g\",\"contentUrl\":\"https:\\\/\\\/secure.gravatar.com\\\/avatar\\\/2fcdf27c78ea025fbdb44e914cc63c72249ffec9dc8aafd5c82b26240ef3f346?s=96&d=mm&r=g\",\"caption\":\"Redazione\"},\"url\":\"https:\\\/\\\/www.rassegnastampa-totustuus.it\\\/cattolica\\\/author\\\/pietroelle\\\/\"}]}<\/script>\n<!-- \/ Yoast SEO plugin. -->","yoast_head_json":{"title":"Quanto ci si uccide nelle \u201ccoppie gay\u201d? Lo racconta un saggio - Rassegna Stampa Cattolica","description":"Rassegna Stampa Cattolica - Per una cultura che nasce dalla Rivelazione cristiana in conformit\u00e0 alla tradizione e al Magistero della Chiesa in opposizione ad ogni relativismo e totalitarismo","robots":{"index":"index","follow":"follow","max-snippet":"max-snippet:-1","max-image-preview":"max-image-preview:large","max-video-preview":"max-video-preview:-1"},"canonical":"https:\/\/www.rassegnastampa-totustuus.it\/cattolica\/quanto-ci-si-uccide-nelle-coppie-gay-lo-racconta-un-saggio\/","og_locale":"it_IT","og_type":"article","og_title":"Quanto ci si uccide nelle \u201ccoppie gay\u201d? Lo racconta un saggio - Rassegna Stampa Cattolica","og_description":"Rassegna Stampa Cattolica - Per una cultura che nasce dalla Rivelazione cristiana in conformit\u00e0 alla tradizione e al Magistero della Chiesa in opposizione ad ogni relativismo e totalitarismo","og_url":"https:\/\/www.rassegnastampa-totustuus.it\/cattolica\/quanto-ci-si-uccide-nelle-coppie-gay-lo-racconta-un-saggio\/","og_site_name":"Rassegna Stampa Cattolica","article_publisher":"https:\/\/www.facebook.com\/rassegnastampacattolica","article_published_time":"2016-06-08T22:00:02+00:00","og_image":[{"width":260,"height":194,"url":"https:\/\/www.rassegnastampa-totustuus.it\/cattolica\/wp-content\/uploads\/2016\/06\/suicidi-gay.jpg","type":"image\/jpeg"}],"author":"Redazione","twitter_card":"summary_large_image","twitter_creator":"@rassegnastampa9","twitter_site":"@rassegnastampa9","twitter_misc":{"Scritto da":"Redazione","Tempo di lettura stimato":"5 minuti"},"schema":{"@context":"https:\/\/schema.org","@graph":[{"@type":"Article","@id":"https:\/\/www.rassegnastampa-totustuus.it\/cattolica\/quanto-ci-si-uccide-nelle-coppie-gay-lo-racconta-un-saggio\/#article","isPartOf":{"@id":"https:\/\/www.rassegnastampa-totustuus.it\/cattolica\/quanto-ci-si-uccide-nelle-coppie-gay-lo-racconta-un-saggio\/"},"author":{"name":"Redazione","@id":"https:\/\/www.rassegnastampa-totustuus.it\/cattolica\/#\/schema\/person\/08f319d2bd1a0904ad9e2bfb7b15e5c3"},"headline":"Quanto ci si uccide nelle \u201ccoppie gay\u201d? Lo racconta un saggio","datePublished":"2016-06-08T22:00:02+00:00","mainEntityOfPage":{"@id":"https:\/\/www.rassegnastampa-totustuus.it\/cattolica\/quanto-ci-si-uccide-nelle-coppie-gay-lo-racconta-un-saggio\/"},"wordCount":1057,"publisher":{"@id":"https:\/\/www.rassegnastampa-totustuus.it\/cattolica\/#organization"},"image":{"@id":"https:\/\/www.rassegnastampa-totustuus.it\/cattolica\/quanto-ci-si-uccide-nelle-coppie-gay-lo-racconta-un-saggio\/#primaryimage"},"thumbnailUrl":"https:\/\/www.rassegnastampa-totustuus.it\/cattolica\/wp-content\/uploads\/2016\/06\/suicidi-gay.jpg","keywords":["gay","suicidio"],"articleSection":["Ideologia del gender","Omosessualit&agrave;"],"inLanguage":"it-IT"},{"@type":"WebPage","@id":"https:\/\/www.rassegnastampa-totustuus.it\/cattolica\/quanto-ci-si-uccide-nelle-coppie-gay-lo-racconta-un-saggio\/","url":"https:\/\/www.rassegnastampa-totustuus.it\/cattolica\/quanto-ci-si-uccide-nelle-coppie-gay-lo-racconta-un-saggio\/","name":"Quanto ci si uccide nelle \u201ccoppie gay\u201d? Lo racconta un saggio - Rassegna Stampa Cattolica","isPartOf":{"@id":"https:\/\/www.rassegnastampa-totustuus.it\/cattolica\/#website"},"primaryImageOfPage":{"@id":"https:\/\/www.rassegnastampa-totustuus.it\/cattolica\/quanto-ci-si-uccide-nelle-coppie-gay-lo-racconta-un-saggio\/#primaryimage"},"image":{"@id":"https:\/\/www.rassegnastampa-totustuus.it\/cattolica\/quanto-ci-si-uccide-nelle-coppie-gay-lo-racconta-un-saggio\/#primaryimage"},"thumbnailUrl":"https:\/\/www.rassegnastampa-totustuus.it\/cattolica\/wp-content\/uploads\/2016\/06\/suicidi-gay.jpg","datePublished":"2016-06-08T22:00:02+00:00","description":"Rassegna Stampa Cattolica - Per una cultura che nasce dalla Rivelazione cristiana in conformit\u00e0 alla tradizione e al Magistero della Chiesa in opposizione ad ogni relativismo e totalitarismo","breadcrumb":{"@id":"https:\/\/www.rassegnastampa-totustuus.it\/cattolica\/quanto-ci-si-uccide-nelle-coppie-gay-lo-racconta-un-saggio\/#breadcrumb"},"inLanguage":"it-IT","potentialAction":[{"@type":"ReadAction","target":["https:\/\/www.rassegnastampa-totustuus.it\/cattolica\/quanto-ci-si-uccide-nelle-coppie-gay-lo-racconta-un-saggio\/"]}]},{"@type":"ImageObject","inLanguage":"it-IT","@id":"https:\/\/www.rassegnastampa-totustuus.it\/cattolica\/quanto-ci-si-uccide-nelle-coppie-gay-lo-racconta-un-saggio\/#primaryimage","url":"https:\/\/www.rassegnastampa-totustuus.it\/cattolica\/wp-content\/uploads\/2016\/06\/suicidi-gay.jpg","contentUrl":"https:\/\/www.rassegnastampa-totustuus.it\/cattolica\/wp-content\/uploads\/2016\/06\/suicidi-gay.jpg","width":260,"height":194},{"@type":"BreadcrumbList","@id":"https:\/\/www.rassegnastampa-totustuus.it\/cattolica\/quanto-ci-si-uccide-nelle-coppie-gay-lo-racconta-un-saggio\/#breadcrumb","itemListElement":[{"@type":"ListItem","position":1,"name":"Home","item":"https:\/\/www.rassegnastampa-totustuus.it\/cattolica\/"},{"@type":"ListItem","position":2,"name":"Quanto ci si uccide nelle \u201ccoppie gay\u201d? Lo racconta un saggio"}]},{"@type":"WebSite","@id":"https:\/\/www.rassegnastampa-totustuus.it\/cattolica\/#website","url":"https:\/\/www.rassegnastampa-totustuus.it\/cattolica\/","name":"Rassegna Stampa Cattolica","description":"Per una cultura che nasce dalla Rivelazione cristiana in conformit\u00e0 alla tradizione e al Magistero della Chiesa in opposizione ad ogni relativismo e totalitarismo","publisher":{"@id":"https:\/\/www.rassegnastampa-totustuus.it\/cattolica\/#organization"},"alternateName":"Rass. Cattolica","potentialAction":[{"@type":"SearchAction","target":{"@type":"EntryPoint","urlTemplate":"https:\/\/www.rassegnastampa-totustuus.it\/cattolica\/?s={search_term_string}"},"query-input":{"@type":"PropertyValueSpecification","valueRequired":true,"valueName":"search_term_string"}}],"inLanguage":"it-IT"},{"@type":"Organization","@id":"https:\/\/www.rassegnastampa-totustuus.it\/cattolica\/#organization","name":"Rassegna Stampa Cattolica","url":"https:\/\/www.rassegnastampa-totustuus.it\/cattolica\/","logo":{"@type":"ImageObject","inLanguage":"it-IT","@id":"https:\/\/www.rassegnastampa-totustuus.it\/cattolica\/#\/schema\/logo\/image\/","url":"https:\/\/www.rassegnastampa-totustuus.it\/cattolica\/wp-content\/uploads\/2014\/04\/logo-rassegna1.gif","contentUrl":"https:\/\/www.rassegnastampa-totustuus.it\/cattolica\/wp-content\/uploads\/2014\/04\/logo-rassegna1.gif","width":600,"height":163,"caption":"Rassegna Stampa Cattolica"},"image":{"@id":"https:\/\/www.rassegnastampa-totustuus.it\/cattolica\/#\/schema\/logo\/image\/"},"sameAs":["https:\/\/www.facebook.com\/rassegnastampacattolica","https:\/\/x.com\/rassegnastampa9"]},{"@type":"Person","@id":"https:\/\/www.rassegnastampa-totustuus.it\/cattolica\/#\/schema\/person\/08f319d2bd1a0904ad9e2bfb7b15e5c3","name":"Redazione","image":{"@type":"ImageObject","inLanguage":"it-IT","@id":"https:\/\/secure.gravatar.com\/avatar\/2fcdf27c78ea025fbdb44e914cc63c72249ffec9dc8aafd5c82b26240ef3f346?s=96&d=mm&r=g","url":"https:\/\/secure.gravatar.com\/avatar\/2fcdf27c78ea025fbdb44e914cc63c72249ffec9dc8aafd5c82b26240ef3f346?s=96&d=mm&r=g","contentUrl":"https:\/\/secure.gravatar.com\/avatar\/2fcdf27c78ea025fbdb44e914cc63c72249ffec9dc8aafd5c82b26240ef3f346?s=96&d=mm&r=g","caption":"Redazione"},"url":"https:\/\/www.rassegnastampa-totustuus.it\/cattolica\/author\/pietroelle\/"}]}},"_links":{"self":[{"href":"https:\/\/www.rassegnastampa-totustuus.it\/cattolica\/wp-json\/wp\/v2\/posts\/34145","targetHints":{"allow":["GET"]}}],"collection":[{"href":"https:\/\/www.rassegnastampa-totustuus.it\/cattolica\/wp-json\/wp\/v2\/posts"}],"about":[{"href":"https:\/\/www.rassegnastampa-totustuus.it\/cattolica\/wp-json\/wp\/v2\/types\/post"}],"author":[{"embeddable":true,"href":"https:\/\/www.rassegnastampa-totustuus.it\/cattolica\/wp-json\/wp\/v2\/users\/6"}],"replies":[{"embeddable":true,"href":"https:\/\/www.rassegnastampa-totustuus.it\/cattolica\/wp-json\/wp\/v2\/comments?post=34145"}],"version-history":[{"count":3,"href":"https:\/\/www.rassegnastampa-totustuus.it\/cattolica\/wp-json\/wp\/v2\/posts\/34145\/revisions"}],"predecessor-version":[{"id":34172,"href":"https:\/\/www.rassegnastampa-totustuus.it\/cattolica\/wp-json\/wp\/v2\/posts\/34145\/revisions\/34172"}],"wp:featuredmedia":[{"embeddable":true,"href":"https:\/\/www.rassegnastampa-totustuus.it\/cattolica\/wp-json\/wp\/v2\/media\/34151"}],"wp:attachment":[{"href":"https:\/\/www.rassegnastampa-totustuus.it\/cattolica\/wp-json\/wp\/v2\/media?parent=34145"}],"wp:term":[{"taxonomy":"category","embeddable":true,"href":"https:\/\/www.rassegnastampa-totustuus.it\/cattolica\/wp-json\/wp\/v2\/categories?post=34145"},{"taxonomy":"post_tag","embeddable":true,"href":"https:\/\/www.rassegnastampa-totustuus.it\/cattolica\/wp-json\/wp\/v2\/tags?post=34145"}],"curies":[{"name":"wp","href":"https:\/\/api.w.org\/{rel}","templated":true}]}}