{"id":3410,"date":"2009-09-03T00:00:00","date_gmt":"2009-09-02T22:00:00","guid":{"rendered":""},"modified":"2016-02-26T13:48:44","modified_gmt":"2016-02-26T12:48:44","slug":"salutisti","status":"publish","type":"post","link":"https:\/\/www.rassegnastampa-totustuus.it\/cattolica\/salutisti\/","title":{"rendered":"Salutisti"},"content":{"rendered":"<div style=\"text-align: center;\"><a href=\"https:\/\/www.rassegnastampa-totustuus.it\/cattolica\/wp-content\/uploads\/2009\/09\/abbronzatura.jpg\"><img loading=\"lazy\" decoding=\"async\" class=\"alignleft wp-image-31073\" src=\"https:\/\/www.rassegnastampa-totustuus.it\/cattolica\/wp-content\/uploads\/2009\/09\/abbronzatura.jpg\" alt=\"abbronzatura\" width=\"250\" height=\"166\" \/><\/a>tratto da: <strong>La sfida della fede. Fuori e dentro la Chiesa: la cronaca in una prospettiva cristiana<\/strong>,<\/div>\n<div style=\"text-align: center;\">Paoline, Milano 1993, p. 306-310.<\/div>\n<p style=\"text-align: center;\">di <strong>Vittorio Messori <\/strong><\/p>\n<p style=\"text-align: justify;\">Che fa, dunque, la gente in vacanza? Innanzitutto, si preoccupa di acquisirne il \u00absegno\u00bb: l&#8217;abbronzatura. La quale &#8211; sono cose note &#8211; fu sempre il marchio del lavoratore manuale, mentre si \u00e8 ora rovesciata nello \u00abstatus symbol\u00bb del benestante.<\/p>\n<p><!--more--><\/p>\n<div style=\"text-align: justify;\">Ed \u00e8 inspiegabile, davvero, la stoica pazienza di chi sta immobile per ore sotto il dardeggiare del sole per brunire ogni centimetro di pelle. Spettacolo, ormai, talmente consueto che ci sembra normale: mentre, normale, non lo \u00e8 per niente. In effetti, questa nostra \u00e8 la prima e sola cultura che metta l&#8217;abbronzatura tra i valori appetibili, anzi socialmente quasi obbligatori.<\/div>\n<p style=\"text-align: justify;\">Dai tempi della Grecia e di Roma, sino agli anni dopo la prima guerra mondiale, chi si fosse esposto alla sferza solare non costrettovi dalla necessit\u00e0 avrebbe ricevuto il trattamento riservato ai malati di mente. Ancor oggi, nei Paesi che hanno conservato qualcosa della cultura tradizionale, chi deve stare al sole si copre il pi\u00f9 possibile, come testimoniano le genti del deserto, specialiste in questo genere di cose.<\/p>\n<p style=\"text-align: justify;\">Colpa di presunti tab\u00f9 moralistici che impedirebbero di scoprirsi? Ma poche societ\u00e0 amarono la nudit\u00e0 e la praticarono anche in pubblico come quella classica. Eppure, in latino &#8220;abbronzato&#8221; si traduce con un termine significativo, che rimanda a una malattia: \u00abinfectus\u00bb. E &#8220;abbronzatura&#8221; risponde al nome di \u00abadustio\u00bb, termine di patologia medica anch&#8217;esso, significando &#8220;ustione&#8221;, &#8220;scottatura&#8221;.<\/p>\n<p style=\"text-align: justify;\">Che significato dare dunque, a questo rito? Forse, \u00e8 anche un riemergere dell&#8217;adorazione del Sole, tipica del paganesimo eterno e che ora ritorna (il dio Sole \u00e8 l&#8217;emblema dei movimenti ecologici). Ma, soprattutto, la cosa appare legata a quel culto del corpo e della sanit\u00e0 fisica che contrassegna il nostro tempo: la pelle ustionata presuppone vita all&#8217;aria aperta e, dunque, salute. Forse, anche l&#8217;abbronzatura \u00e8 uno dei tanti, inconsci esorcismi contro la malattia e la morte, realt\u00e0 divenute indecenti perch\u00e9 in grado di mettere in crisi culture che contro di esse non hanno pi\u00f9 alcuna difesa n\u00e9 psicologica n\u00e9 spirituale.<\/p>\n<p style=\"text-align: justify;\">Lo si vede durante tutto l&#8217;anno, ma si ha modo di constatarlo soprattutto in vacanza: la doverosa cura per il corpo e, dunque, per la salute, sembra essersi trasformata, per molti, in una visione del mondo, in una nuova, anch&#8217;essa inedita, ideologia: il salutismo, con i suoi riti e le sue preoccupazioni maniacali.<\/p>\n<p style=\"text-align: justify;\">Di recente, su una tribuna insospettabile come \u00abl&#8217;Espresso\u00bb, ha scritto un sociologo, specialista nell&#8217;individuare i segni del Sacro stravolti e nascosti sotto le apparenze della societ\u00e0 secolarizzata, Sabino Acquaviva: \u00abCon il progresso scientifico, con le conquiste della medicina e il rifiuto o l&#8217;accantonamento della fede in una vita eterna, il corpo &#8211; visto un tempo come sede dell&#8217;anima &#8211; \u00e8 divenuto soltanto la sede del godere e della speranza di vivere a tempo indeterminato. La civilt\u00e0 postindustriale ha trasformato l&#8217;evangelico &#8220;in principio era il Verbo&#8221; nel ben pi\u00f9 materiale &#8220;in principio era il Corpo&#8221;. Non si discute di ascetica, ma di vitamine. Bisogna essere belli, sempre in forma, eterni: la nuova filosofia igienista si occupa appunto del corpo come se fosse eterno e infinitamente perfettibile. Come se l&#8217;invecchiamento non fosse un fenomeno ineluttabile, ma un evitabile incidente di percorso. Negata o messa in discussione la vita eterna dello spirito, ci si batte per l&#8217;eternit\u00e0 del corpo\u00bb.<\/p>\n<p style=\"text-align: justify;\">Continua quel sociologo, non accusabile certo di moralismo: \u00abNella societ\u00e0 scientifica, edonistica, materialista, scettica su tutto e su tutti, la fede in una vita fisicamente eterna sembra dogmatica, acritica, indiscutibile. Il salutismo, la nuova ideologia igienista, ci aiuta a nasconderci la morte, spostandola in un futuro che quasi non ci riguarda, tanto \u00e8 lontano. Viviamo igienicamente e vivremo bene, sani, in eterno. La malattia \u00e8 un incidente, la morte un evento sfortunato che pu\u00f2 capitare solo per qualche errore nella nostra razionale maniera di occuparci del corpo\u00bb.<\/p>\n<p style=\"text-align: justify;\">Forse, proprio anche grazie a questo clima, ora si capisce meglio uno degli scandali maggiori del vangelo: l&#8217;evidente simpatia che Ges\u00f9 nutre per i peccatori, mentre \u00e8 sempre pronto a mettere in guardia i presunti &#8220;giusti&#8221;. E &#8220;giusto&#8221;, oggi, in regola cio\u00e8 con i dettami della societ\u00e0 dei benpensanti, \u00e8 appunto il salutista, l&#8217;igienista, il macrobiotico, il cultore di rilassamenti pi\u00f9 o meno orientali, il vegetariano, l&#8217;acquirente a peso d&#8217;oro di crusche e di gramigne, il maniaco del peso-forma, il consumatore di saccarina e di cibi ipocalorici, l&#8217;ipersportivo&#8230;<\/p>\n<p style=\"text-align: justify;\">E &#8220;peccatori&#8221; sono quegli ormai pochi che, in albergo, si vedono non disdegnare il fumare, il bere, il gustare la cucina, il prendere caff\u00e8 non decaffeinato e con zucchero vero, il fare le ore piccole, il dormire sino a tardi invece di correre sul prato quando ancora c&#8217;\u00e8 la rugiada. Hanno il loro grosso torto anch&#8217;essi, si intende: eppure, \u00e8 un aver torto che, istintivamente, appare pi\u00f9 &#8220;simpatico&#8221;, pi\u00f9 umano, pi\u00f9 cordiale di quello dei cupi, fanatici fedeli dei culti salutisti.<\/p>\n<p style=\"text-align: justify;\">\u00ab\u00c8 venuto il Figlio dell&#8217;uomo che mangia e beve e dicono: ecco un mangione e un bevitore, amico dei pubblicani e dei peccatori\u00bb (Mt 11,19). Bisogna andarci piano, certo, in discorsi come questi che non sopportano semplificazioni e battute: eppure, vien da sospettare che, per quella rievangelizzazione cos\u00ec necessaria, questi &#8220;peccatori&#8221; che non hanno il culto del chek-up periodico n\u00e9 l&#8217;ossessione della prevenzione sanitaria siano terreno pi\u00f9 fertile dei &#8220;nuovi catari&#8221;, i puri di quella religione igienista che, come visione di fede, ha la speranza di raggiungere l&#8217;eternit\u00e0 terrena tra jogging, trekking, footing e altri atti di liturgia corporale.<\/p>\n<p style=\"text-align: justify;\">L&#8217;orrore del grasso e il mito della magrezza: fenomeno, anch&#8217;esso, sconosciuto a ogni altra cultura che non sia quella dell&#8217;Occidente postmoderno. In tutte le societ\u00e0 tradizionali, l&#8217;uomo autorevole, il saggio, il sacerdote stesso non nascondono, anzi ostentano, un&#8217;adeguata pinguedine. Nei dialetti meridionali, &#8220;omo de panza&#8221; \u00e8 sinonimo di notabile. L&#8217;abito da cerimonia &#8211; il frac, la marsina &#8211; ha una giacca che non si chiude davanti: era scontato che gli autorevoli che lo indossavano avessero un ventre prominente, caratteristica dell&#8217;et\u00e0 del giudizio.<\/p>\n<p style=\"text-align: justify;\">Il Buddha, nelle statue, ha una pancia vistosa. Nella stessa iconografia cristiana, l&#8217;istinto dei pittori e degli scultori non vide il Cristo magro come il look attuale impone per leader e manager. Nei quadri fiamminghi, Maria ha spesso l&#8217;aspetto di paffuta massaia. Le chiese barocche formicolano di grassi angioletti. L&#8217;istinto popolare ha sempre associato la corpulenza alla simpatia: prima ancora di ascoltarne le parole e di conoscerne il cuore, la gente volle subito bene ad Angelo Roncalli anche per quella sua paterna, imponente figura, certamente molto al di sopra di ogni peso ideale nel decalogo dei nuovi conformisti.<\/p>\n<p style=\"text-align: justify;\">Nella commedia dell&#8217;arte, il buono \u00e8 grasso; il magro \u00e8 l&#8217;infido, l&#8217;astuto. Da dove sbuca, dunque, questa esaltazione di pelle e ossa? Perch\u00e9 non la dannazione eterna, ma un poco di pancetta \u00e8 oggi l&#8217;incubo delle maggioranze? Come mai la persona in carne \u00e8 quasi un incivile che guasta il paesaggio della citt\u00e0 secolare?<\/p>\n<p style=\"text-align: justify;\">Forse, sospettano certi psicoanalisti, c&#8217;\u00e8 qui un&#8217;inconscia, inconfessabile pulsione necrofila, un segreto \u00abamor mortis\u00bb che &#8211; sotto le apparenze del vitalismo esasperato, della ricerca dell&#8217;eterna giovinezza &#8211; \u00e8 in realt\u00e0 affascinato da ci\u00f2 che pi\u00f9 si avvicina allo scheletro. E non sar\u00e0 che, dietro le apparenze della pi\u00f9 edonistica cultura della storia, si nasconde l&#8217;antico orrore per la carne dello gnosticismo, questa continua tentazione cui il cristianesimo oppose la sua prospettiva di risurrezione, di vita eterna per quella carne corporale stessa?<\/p>\n","protected":false},"excerpt":{"rendered":"<p>tratto da: La sfida della fede. Fuori e dentro la Chiesa: la cronaca in una prospettiva cristiana, Paoline, Milano 1993, p. 306-310. di Vittorio Messori Che fa, dunque, la gente in vacanza? Innanzitutto, si preoccupa di acquisirne il \u00absegno\u00bb: l&#8217;abbronzatura. La quale &#8211; sono cose note &#8211; fu sempre il marchio del lavoratore manuale, mentre &hellip; <\/p>\n<p><a class=\"more-link btn\" href=\"https:\/\/www.rassegnastampa-totustuus.it\/cattolica\/salutisti\/\">Continua a leggere<\/a><\/p>\n","protected":false},"author":6,"featured_media":31073,"comment_status":"closed","ping_status":"open","sticky":false,"template":"","format":"standard","meta":{"footnotes":""},"categories":[7,25],"tags":[515],"class_list":["post-3410","post","type-post","status-publish","format-standard","has-post-thumbnail","hentry","category-costume","category-sguardo-sul-nostro-tempo","tag-salutismo","item-wrap"],"yoast_head":"<!-- This site is optimized with the Yoast SEO plugin v27.5 - https:\/\/yoast.com\/product\/yoast-seo-wordpress\/ -->\n<title>Salutisti - Rassegna Stampa Cattolica<\/title>\n<meta name=\"description\" content=\"Rassegna Stampa Cattolica - Per una cultura che nasce dalla Rivelazione cristiana in conformit\u00e0 alla tradizione e al Magistero della Chiesa in opposizione ad ogni relativismo e totalitarismo\" \/>\n<meta name=\"robots\" content=\"index, follow, max-snippet:-1, max-image-preview:large, max-video-preview:-1\" \/>\n<link rel=\"canonical\" href=\"https:\/\/www.rassegnastampa-totustuus.it\/cattolica\/salutisti\/\" \/>\n<meta property=\"og:locale\" content=\"it_IT\" \/>\n<meta property=\"og:type\" content=\"article\" \/>\n<meta property=\"og:title\" content=\"Salutisti - Rassegna Stampa Cattolica\" \/>\n<meta property=\"og:description\" content=\"Rassegna Stampa Cattolica - Per una cultura che nasce dalla Rivelazione cristiana in conformit\u00e0 alla tradizione e al Magistero della Chiesa in opposizione ad ogni relativismo e totalitarismo\" \/>\n<meta property=\"og:url\" content=\"https:\/\/www.rassegnastampa-totustuus.it\/cattolica\/salutisti\/\" \/>\n<meta property=\"og:site_name\" content=\"Rassegna Stampa Cattolica\" \/>\n<meta property=\"article:publisher\" content=\"https:\/\/www.facebook.com\/rassegnastampacattolica\" \/>\n<meta property=\"article:published_time\" content=\"2009-09-02T22:00:00+00:00\" \/>\n<meta property=\"article:modified_time\" content=\"2016-02-26T12:48:44+00:00\" \/>\n<meta property=\"og:image\" content=\"https:\/\/www.rassegnastampa-totustuus.it\/cattolica\/wp-content\/uploads\/2009\/09\/abbronzatura.jpg\" \/>\n\t<meta property=\"og:image:width\" content=\"275\" \/>\n\t<meta property=\"og:image:height\" content=\"183\" \/>\n\t<meta property=\"og:image:type\" content=\"image\/jpeg\" \/>\n<meta name=\"author\" content=\"Redazione\" \/>\n<meta name=\"twitter:card\" content=\"summary_large_image\" \/>\n<meta name=\"twitter:creator\" content=\"@rassegnastampa9\" \/>\n<meta name=\"twitter:site\" content=\"@rassegnastampa9\" \/>\n<meta name=\"twitter:label1\" content=\"Scritto da\" \/>\n\t<meta name=\"twitter:data1\" content=\"Redazione\" \/>\n\t<meta name=\"twitter:label2\" content=\"Tempo di lettura stimato\" \/>\n\t<meta name=\"twitter:data2\" content=\"6 minuti\" \/>\n<script type=\"application\/ld+json\" class=\"yoast-schema-graph\">{\"@context\":\"https:\\\/\\\/schema.org\",\"@graph\":[{\"@type\":\"Article\",\"@id\":\"https:\\\/\\\/www.rassegnastampa-totustuus.it\\\/cattolica\\\/salutisti\\\/#article\",\"isPartOf\":{\"@id\":\"https:\\\/\\\/www.rassegnastampa-totustuus.it\\\/cattolica\\\/salutisti\\\/\"},\"author\":{\"name\":\"Redazione\",\"@id\":\"https:\\\/\\\/www.rassegnastampa-totustuus.it\\\/cattolica\\\/#\\\/schema\\\/person\\\/08f319d2bd1a0904ad9e2bfb7b15e5c3\"},\"headline\":\"Salutisti\",\"datePublished\":\"2009-09-02T22:00:00+00:00\",\"dateModified\":\"2016-02-26T12:48:44+00:00\",\"mainEntityOfPage\":{\"@id\":\"https:\\\/\\\/www.rassegnastampa-totustuus.it\\\/cattolica\\\/salutisti\\\/\"},\"wordCount\":1247,\"publisher\":{\"@id\":\"https:\\\/\\\/www.rassegnastampa-totustuus.it\\\/cattolica\\\/#organization\"},\"image\":{\"@id\":\"https:\\\/\\\/www.rassegnastampa-totustuus.it\\\/cattolica\\\/salutisti\\\/#primaryimage\"},\"thumbnailUrl\":\"https:\\\/\\\/www.rassegnastampa-totustuus.it\\\/cattolica\\\/wp-content\\\/uploads\\\/2009\\\/09\\\/abbronzatura.jpg\",\"keywords\":[\"salutismo\"],\"articleSection\":[\"Costume\",\"Sguardo sul nostro tempo\"],\"inLanguage\":\"it-IT\"},{\"@type\":\"WebPage\",\"@id\":\"https:\\\/\\\/www.rassegnastampa-totustuus.it\\\/cattolica\\\/salutisti\\\/\",\"url\":\"https:\\\/\\\/www.rassegnastampa-totustuus.it\\\/cattolica\\\/salutisti\\\/\",\"name\":\"Salutisti - Rassegna Stampa Cattolica\",\"isPartOf\":{\"@id\":\"https:\\\/\\\/www.rassegnastampa-totustuus.it\\\/cattolica\\\/#website\"},\"primaryImageOfPage\":{\"@id\":\"https:\\\/\\\/www.rassegnastampa-totustuus.it\\\/cattolica\\\/salutisti\\\/#primaryimage\"},\"image\":{\"@id\":\"https:\\\/\\\/www.rassegnastampa-totustuus.it\\\/cattolica\\\/salutisti\\\/#primaryimage\"},\"thumbnailUrl\":\"https:\\\/\\\/www.rassegnastampa-totustuus.it\\\/cattolica\\\/wp-content\\\/uploads\\\/2009\\\/09\\\/abbronzatura.jpg\",\"datePublished\":\"2009-09-02T22:00:00+00:00\",\"dateModified\":\"2016-02-26T12:48:44+00:00\",\"description\":\"Rassegna Stampa Cattolica - Per una cultura che nasce dalla Rivelazione cristiana in conformit\u00e0 alla tradizione e al Magistero della Chiesa in opposizione ad ogni relativismo e totalitarismo\",\"breadcrumb\":{\"@id\":\"https:\\\/\\\/www.rassegnastampa-totustuus.it\\\/cattolica\\\/salutisti\\\/#breadcrumb\"},\"inLanguage\":\"it-IT\",\"potentialAction\":[{\"@type\":\"ReadAction\",\"target\":[\"https:\\\/\\\/www.rassegnastampa-totustuus.it\\\/cattolica\\\/salutisti\\\/\"]}]},{\"@type\":\"ImageObject\",\"inLanguage\":\"it-IT\",\"@id\":\"https:\\\/\\\/www.rassegnastampa-totustuus.it\\\/cattolica\\\/salutisti\\\/#primaryimage\",\"url\":\"https:\\\/\\\/www.rassegnastampa-totustuus.it\\\/cattolica\\\/wp-content\\\/uploads\\\/2009\\\/09\\\/abbronzatura.jpg\",\"contentUrl\":\"https:\\\/\\\/www.rassegnastampa-totustuus.it\\\/cattolica\\\/wp-content\\\/uploads\\\/2009\\\/09\\\/abbronzatura.jpg\",\"width\":275,\"height\":183},{\"@type\":\"BreadcrumbList\",\"@id\":\"https:\\\/\\\/www.rassegnastampa-totustuus.it\\\/cattolica\\\/salutisti\\\/#breadcrumb\",\"itemListElement\":[{\"@type\":\"ListItem\",\"position\":1,\"name\":\"Home\",\"item\":\"https:\\\/\\\/www.rassegnastampa-totustuus.it\\\/cattolica\\\/\"},{\"@type\":\"ListItem\",\"position\":2,\"name\":\"Salutisti\"}]},{\"@type\":\"WebSite\",\"@id\":\"https:\\\/\\\/www.rassegnastampa-totustuus.it\\\/cattolica\\\/#website\",\"url\":\"https:\\\/\\\/www.rassegnastampa-totustuus.it\\\/cattolica\\\/\",\"name\":\"Rassegna Stampa Cattolica\",\"description\":\"Per una cultura che nasce dalla Rivelazione cristiana in conformit\u00e0 alla tradizione e al Magistero della Chiesa in opposizione ad ogni relativismo e totalitarismo\",\"publisher\":{\"@id\":\"https:\\\/\\\/www.rassegnastampa-totustuus.it\\\/cattolica\\\/#organization\"},\"alternateName\":\"Rass. Cattolica\",\"potentialAction\":[{\"@type\":\"SearchAction\",\"target\":{\"@type\":\"EntryPoint\",\"urlTemplate\":\"https:\\\/\\\/www.rassegnastampa-totustuus.it\\\/cattolica\\\/?s={search_term_string}\"},\"query-input\":{\"@type\":\"PropertyValueSpecification\",\"valueRequired\":true,\"valueName\":\"search_term_string\"}}],\"inLanguage\":\"it-IT\"},{\"@type\":\"Organization\",\"@id\":\"https:\\\/\\\/www.rassegnastampa-totustuus.it\\\/cattolica\\\/#organization\",\"name\":\"Rassegna Stampa Cattolica\",\"url\":\"https:\\\/\\\/www.rassegnastampa-totustuus.it\\\/cattolica\\\/\",\"logo\":{\"@type\":\"ImageObject\",\"inLanguage\":\"it-IT\",\"@id\":\"https:\\\/\\\/www.rassegnastampa-totustuus.it\\\/cattolica\\\/#\\\/schema\\\/logo\\\/image\\\/\",\"url\":\"https:\\\/\\\/www.rassegnastampa-totustuus.it\\\/cattolica\\\/wp-content\\\/uploads\\\/2014\\\/04\\\/logo-rassegna1.gif\",\"contentUrl\":\"https:\\\/\\\/www.rassegnastampa-totustuus.it\\\/cattolica\\\/wp-content\\\/uploads\\\/2014\\\/04\\\/logo-rassegna1.gif\",\"width\":600,\"height\":163,\"caption\":\"Rassegna Stampa Cattolica\"},\"image\":{\"@id\":\"https:\\\/\\\/www.rassegnastampa-totustuus.it\\\/cattolica\\\/#\\\/schema\\\/logo\\\/image\\\/\"},\"sameAs\":[\"https:\\\/\\\/www.facebook.com\\\/rassegnastampacattolica\",\"https:\\\/\\\/x.com\\\/rassegnastampa9\"]},{\"@type\":\"Person\",\"@id\":\"https:\\\/\\\/www.rassegnastampa-totustuus.it\\\/cattolica\\\/#\\\/schema\\\/person\\\/08f319d2bd1a0904ad9e2bfb7b15e5c3\",\"name\":\"Redazione\",\"image\":{\"@type\":\"ImageObject\",\"inLanguage\":\"it-IT\",\"@id\":\"https:\\\/\\\/secure.gravatar.com\\\/avatar\\\/2fcdf27c78ea025fbdb44e914cc63c72249ffec9dc8aafd5c82b26240ef3f346?s=96&d=mm&r=g\",\"url\":\"https:\\\/\\\/secure.gravatar.com\\\/avatar\\\/2fcdf27c78ea025fbdb44e914cc63c72249ffec9dc8aafd5c82b26240ef3f346?s=96&d=mm&r=g\",\"contentUrl\":\"https:\\\/\\\/secure.gravatar.com\\\/avatar\\\/2fcdf27c78ea025fbdb44e914cc63c72249ffec9dc8aafd5c82b26240ef3f346?s=96&d=mm&r=g\",\"caption\":\"Redazione\"},\"url\":\"https:\\\/\\\/www.rassegnastampa-totustuus.it\\\/cattolica\\\/author\\\/pietroelle\\\/\"}]}<\/script>\n<!-- \/ Yoast SEO plugin. -->","yoast_head_json":{"title":"Salutisti - Rassegna Stampa Cattolica","description":"Rassegna Stampa Cattolica - Per una cultura che nasce dalla Rivelazione cristiana in conformit\u00e0 alla tradizione e al Magistero della Chiesa in opposizione ad ogni relativismo e totalitarismo","robots":{"index":"index","follow":"follow","max-snippet":"max-snippet:-1","max-image-preview":"max-image-preview:large","max-video-preview":"max-video-preview:-1"},"canonical":"https:\/\/www.rassegnastampa-totustuus.it\/cattolica\/salutisti\/","og_locale":"it_IT","og_type":"article","og_title":"Salutisti - Rassegna Stampa Cattolica","og_description":"Rassegna Stampa Cattolica - Per una cultura che nasce dalla Rivelazione cristiana in conformit\u00e0 alla tradizione e al Magistero della Chiesa in opposizione ad ogni relativismo e totalitarismo","og_url":"https:\/\/www.rassegnastampa-totustuus.it\/cattolica\/salutisti\/","og_site_name":"Rassegna Stampa Cattolica","article_publisher":"https:\/\/www.facebook.com\/rassegnastampacattolica","article_published_time":"2009-09-02T22:00:00+00:00","article_modified_time":"2016-02-26T12:48:44+00:00","og_image":[{"width":275,"height":183,"url":"https:\/\/www.rassegnastampa-totustuus.it\/cattolica\/wp-content\/uploads\/2009\/09\/abbronzatura.jpg","type":"image\/jpeg"}],"author":"Redazione","twitter_card":"summary_large_image","twitter_creator":"@rassegnastampa9","twitter_site":"@rassegnastampa9","twitter_misc":{"Scritto da":"Redazione","Tempo di lettura stimato":"6 minuti"},"schema":{"@context":"https:\/\/schema.org","@graph":[{"@type":"Article","@id":"https:\/\/www.rassegnastampa-totustuus.it\/cattolica\/salutisti\/#article","isPartOf":{"@id":"https:\/\/www.rassegnastampa-totustuus.it\/cattolica\/salutisti\/"},"author":{"name":"Redazione","@id":"https:\/\/www.rassegnastampa-totustuus.it\/cattolica\/#\/schema\/person\/08f319d2bd1a0904ad9e2bfb7b15e5c3"},"headline":"Salutisti","datePublished":"2009-09-02T22:00:00+00:00","dateModified":"2016-02-26T12:48:44+00:00","mainEntityOfPage":{"@id":"https:\/\/www.rassegnastampa-totustuus.it\/cattolica\/salutisti\/"},"wordCount":1247,"publisher":{"@id":"https:\/\/www.rassegnastampa-totustuus.it\/cattolica\/#organization"},"image":{"@id":"https:\/\/www.rassegnastampa-totustuus.it\/cattolica\/salutisti\/#primaryimage"},"thumbnailUrl":"https:\/\/www.rassegnastampa-totustuus.it\/cattolica\/wp-content\/uploads\/2009\/09\/abbronzatura.jpg","keywords":["salutismo"],"articleSection":["Costume","Sguardo sul nostro tempo"],"inLanguage":"it-IT"},{"@type":"WebPage","@id":"https:\/\/www.rassegnastampa-totustuus.it\/cattolica\/salutisti\/","url":"https:\/\/www.rassegnastampa-totustuus.it\/cattolica\/salutisti\/","name":"Salutisti - Rassegna Stampa Cattolica","isPartOf":{"@id":"https:\/\/www.rassegnastampa-totustuus.it\/cattolica\/#website"},"primaryImageOfPage":{"@id":"https:\/\/www.rassegnastampa-totustuus.it\/cattolica\/salutisti\/#primaryimage"},"image":{"@id":"https:\/\/www.rassegnastampa-totustuus.it\/cattolica\/salutisti\/#primaryimage"},"thumbnailUrl":"https:\/\/www.rassegnastampa-totustuus.it\/cattolica\/wp-content\/uploads\/2009\/09\/abbronzatura.jpg","datePublished":"2009-09-02T22:00:00+00:00","dateModified":"2016-02-26T12:48:44+00:00","description":"Rassegna Stampa Cattolica - Per una cultura che nasce dalla Rivelazione cristiana in conformit\u00e0 alla tradizione e al Magistero della Chiesa in opposizione ad ogni relativismo e totalitarismo","breadcrumb":{"@id":"https:\/\/www.rassegnastampa-totustuus.it\/cattolica\/salutisti\/#breadcrumb"},"inLanguage":"it-IT","potentialAction":[{"@type":"ReadAction","target":["https:\/\/www.rassegnastampa-totustuus.it\/cattolica\/salutisti\/"]}]},{"@type":"ImageObject","inLanguage":"it-IT","@id":"https:\/\/www.rassegnastampa-totustuus.it\/cattolica\/salutisti\/#primaryimage","url":"https:\/\/www.rassegnastampa-totustuus.it\/cattolica\/wp-content\/uploads\/2009\/09\/abbronzatura.jpg","contentUrl":"https:\/\/www.rassegnastampa-totustuus.it\/cattolica\/wp-content\/uploads\/2009\/09\/abbronzatura.jpg","width":275,"height":183},{"@type":"BreadcrumbList","@id":"https:\/\/www.rassegnastampa-totustuus.it\/cattolica\/salutisti\/#breadcrumb","itemListElement":[{"@type":"ListItem","position":1,"name":"Home","item":"https:\/\/www.rassegnastampa-totustuus.it\/cattolica\/"},{"@type":"ListItem","position":2,"name":"Salutisti"}]},{"@type":"WebSite","@id":"https:\/\/www.rassegnastampa-totustuus.it\/cattolica\/#website","url":"https:\/\/www.rassegnastampa-totustuus.it\/cattolica\/","name":"Rassegna Stampa Cattolica","description":"Per una cultura che nasce dalla Rivelazione cristiana in conformit\u00e0 alla tradizione e al Magistero della Chiesa in opposizione ad ogni relativismo e totalitarismo","publisher":{"@id":"https:\/\/www.rassegnastampa-totustuus.it\/cattolica\/#organization"},"alternateName":"Rass. Cattolica","potentialAction":[{"@type":"SearchAction","target":{"@type":"EntryPoint","urlTemplate":"https:\/\/www.rassegnastampa-totustuus.it\/cattolica\/?s={search_term_string}"},"query-input":{"@type":"PropertyValueSpecification","valueRequired":true,"valueName":"search_term_string"}}],"inLanguage":"it-IT"},{"@type":"Organization","@id":"https:\/\/www.rassegnastampa-totustuus.it\/cattolica\/#organization","name":"Rassegna Stampa Cattolica","url":"https:\/\/www.rassegnastampa-totustuus.it\/cattolica\/","logo":{"@type":"ImageObject","inLanguage":"it-IT","@id":"https:\/\/www.rassegnastampa-totustuus.it\/cattolica\/#\/schema\/logo\/image\/","url":"https:\/\/www.rassegnastampa-totustuus.it\/cattolica\/wp-content\/uploads\/2014\/04\/logo-rassegna1.gif","contentUrl":"https:\/\/www.rassegnastampa-totustuus.it\/cattolica\/wp-content\/uploads\/2014\/04\/logo-rassegna1.gif","width":600,"height":163,"caption":"Rassegna Stampa Cattolica"},"image":{"@id":"https:\/\/www.rassegnastampa-totustuus.it\/cattolica\/#\/schema\/logo\/image\/"},"sameAs":["https:\/\/www.facebook.com\/rassegnastampacattolica","https:\/\/x.com\/rassegnastampa9"]},{"@type":"Person","@id":"https:\/\/www.rassegnastampa-totustuus.it\/cattolica\/#\/schema\/person\/08f319d2bd1a0904ad9e2bfb7b15e5c3","name":"Redazione","image":{"@type":"ImageObject","inLanguage":"it-IT","@id":"https:\/\/secure.gravatar.com\/avatar\/2fcdf27c78ea025fbdb44e914cc63c72249ffec9dc8aafd5c82b26240ef3f346?s=96&d=mm&r=g","url":"https:\/\/secure.gravatar.com\/avatar\/2fcdf27c78ea025fbdb44e914cc63c72249ffec9dc8aafd5c82b26240ef3f346?s=96&d=mm&r=g","contentUrl":"https:\/\/secure.gravatar.com\/avatar\/2fcdf27c78ea025fbdb44e914cc63c72249ffec9dc8aafd5c82b26240ef3f346?s=96&d=mm&r=g","caption":"Redazione"},"url":"https:\/\/www.rassegnastampa-totustuus.it\/cattolica\/author\/pietroelle\/"}]}},"_links":{"self":[{"href":"https:\/\/www.rassegnastampa-totustuus.it\/cattolica\/wp-json\/wp\/v2\/posts\/3410","targetHints":{"allow":["GET"]}}],"collection":[{"href":"https:\/\/www.rassegnastampa-totustuus.it\/cattolica\/wp-json\/wp\/v2\/posts"}],"about":[{"href":"https:\/\/www.rassegnastampa-totustuus.it\/cattolica\/wp-json\/wp\/v2\/types\/post"}],"author":[{"embeddable":true,"href":"https:\/\/www.rassegnastampa-totustuus.it\/cattolica\/wp-json\/wp\/v2\/users\/6"}],"replies":[{"embeddable":true,"href":"https:\/\/www.rassegnastampa-totustuus.it\/cattolica\/wp-json\/wp\/v2\/comments?post=3410"}],"version-history":[{"count":4,"href":"https:\/\/www.rassegnastampa-totustuus.it\/cattolica\/wp-json\/wp\/v2\/posts\/3410\/revisions"}],"predecessor-version":[{"id":31074,"href":"https:\/\/www.rassegnastampa-totustuus.it\/cattolica\/wp-json\/wp\/v2\/posts\/3410\/revisions\/31074"}],"wp:featuredmedia":[{"embeddable":true,"href":"https:\/\/www.rassegnastampa-totustuus.it\/cattolica\/wp-json\/wp\/v2\/media\/31073"}],"wp:attachment":[{"href":"https:\/\/www.rassegnastampa-totustuus.it\/cattolica\/wp-json\/wp\/v2\/media?parent=3410"}],"wp:term":[{"taxonomy":"category","embeddable":true,"href":"https:\/\/www.rassegnastampa-totustuus.it\/cattolica\/wp-json\/wp\/v2\/categories?post=3410"},{"taxonomy":"post_tag","embeddable":true,"href":"https:\/\/www.rassegnastampa-totustuus.it\/cattolica\/wp-json\/wp\/v2\/tags?post=3410"}],"curies":[{"name":"wp","href":"https:\/\/api.w.org\/{rel}","templated":true}]}}