{"id":33868,"date":"2016-05-05T00:00:20","date_gmt":"2016-05-04T22:00:20","guid":{"rendered":"http:\/\/www.rassegnastampa-totustuus.it\/cattolica\/?p=33868"},"modified":"2016-05-02T08:47:03","modified_gmt":"2016-05-02T06:47:03","slug":"bonus-bebe-lesempio-ungherese","status":"publish","type":"post","link":"https:\/\/www.rassegnastampa-totustuus.it\/cattolica\/bonus-bebe-lesempio-ungherese\/","title":{"rendered":"Bonus beb\u00e8 l\u2019esempio ungherese"},"content":{"rendered":"<p style=\"text-align: center;\"><strong><img loading=\"lazy\" decoding=\"async\" class=\"alignleft wp-image-33869\" src=\"https:\/\/www.rassegnastampa-totustuus.it\/cattolica\/wp-content\/uploads\/2016\/05\/Viktor-Orb\u00e1n.jpg\" alt=\"Viktor Orb\u00e1n\" width=\"250\" height=\"139\" srcset=\"https:\/\/www.rassegnastampa-totustuus.it\/cattolica\/wp-content\/uploads\/2016\/05\/Viktor-Orb\u00e1n.jpg 301w, https:\/\/www.rassegnastampa-totustuus.it\/cattolica\/wp-content\/uploads\/2016\/05\/Viktor-Orb\u00e1n-300x166.jpg 300w\" sizes=\"auto, (max-width: 250px) 100vw, 250px\" \/>La Croce quotidiano<\/strong> 27 aprile 2016<\/p>\n<p style=\"text-align: justify;\"><em>Ci sono Paesi europei che ancora credono nella ricchezza di un bilancio di natalit\u00e0 in attivo, e che per questo dedicano parte sostanziosa del programma di welfare agli investimenti sulla natalit\u00e0. Un esempio si trova nell\u2019Ungheria di Viktor Orb\u00e1n, il cui governo ha varato efficaci politiche per incoraggiare e premiare le nascite. Ben lungi da certo assistenzialismo italico (peraltro micranioso)<\/em><\/p>\n<p style=\"text-align: center;\">di <strong>Giuseppe Brienza<\/strong><\/p>\n<p style=\"text-align: center;\"><!--more--><\/p>\n<p style=\"text-align: justify;\">L\u2019Europa, come sappiamo, ha il record negativo della natalit\u00e0 nel mondo, superata solo dal Giappone. Anche se molti vogliono convincerci del contrario, il declino demografico \u00e8 causa di crisi di vario tipo, di ordine economico-finanziario ma anche sociale e culturale. Verso chi possiamo guardare oggi fra i Paesi europei impegnati a reagire a tutto questo? Prima di tutto all\u2019Ungheria. Nei tempi antichi, il Paese magiaro \u00e8 stato una efficace difesa (\u201cantemurale\u201d) della Cristianit\u00e0 contro gli attacchi provenienti da oriente ma, ai nostri giorni, possiamo dire che sotto diversi aspetti lo \u00e8 diventato nei confronti la \u201cdittatura del relativismo\u201d proveniente dall\u2019occidente (o, meglio, da una sua parte minoritaria ma potentissima, che ha in mano cio\u00e8 il potere economico-finanziario e mediatico).<\/p>\n<p style=\"text-align: justify;\">Nell\u2019ultimo anno l\u2019Ungheria di Viktor Orb\u00e1n, per esempio, ha stanziato 32mila euro e un prestito dello stesso importo per le famiglie che mettono al mondo il terzo figlio, dove i genitori lavorino a tempo pieno, appena il bambino abbia compiuto sei mesi. Inoltre, nei centri abitanti in cui almeno cinque famiglie ne facciano richiesta, ha attivato servizi all\u2019infanzia, come asili nido ed altro, entro un anno dalla richiesta.<\/p>\n<p style=\"text-align: justify;\">Nella Repubblica Ungherese, insomma, come ha osservato giustamente Emanuela Bambara sulla testata <em>on line<\/em> \u201cInTerris\u201d, \u00able politiche per le famiglie non sono chiacchiere di propaganda elettorale e gli antichi aforismi diventano ottima realt\u00e0. Eppure, non ottengono il plauso dei media. Gli interventi a favore della vita, della famiglia e dell\u2019incremento demografico del premier Orb\u00e1n hanno provocato dure reazioni, piuttosto, da parte della stampa locale. Forse perch\u00e9 il primo ministro, cattolico, del Partito Popolare Europeo, ha contrastato i \u201cpoteri forti\u201d della finanza internazionale, rendendo indipendente la Banca Centrale?\u00bb (Emanuela Bambara, Bonus beb\u00e8: il modello ungherese, in http:\/\/www.interris.it, 20 aprile 2016).<\/p>\n<p style=\"text-align: justify;\">Sotto il governo di centro-destra del Fidesz (\u201cUnione Civica Ungherese\u201d), \u00e8 un fatto, il numero di matrimoni \u00e8 aumentato del 10 percento circa negli ultimi due anni, il numero dei divorzi \u00e8 diminuito del 20 percento e, anche gli aborti, sono diminuiti nella stessa percentuale. Quali conseguenze per l\u2019economia nazionale? Gli indici economici ungherese, che versavano in grave crisi al momento delle ultime elezioni presidenziali, sono notevolmente migliorati. Altro che \u201ctemi cattolici\u201d, senza figli nessuno intraprende, inventa, genera fiducia ma, all\u2019opposto, crescono i costi fissi e le tasse, diminuiscono le risorse, si perdono opportunit\u00e0 di lavoro.<\/p>\n<p style=\"text-align: justify;\">Negli Stati in cui si registra una decrescita della natalit\u00e0, le crisi economiche, politiche e sociali si moltiplicano. E non ci si venga a spiattellare lo slogan ideologico \u201cMeno figli pi\u00f9 immigrazione\u201d, perch\u00e9 chi lo sostiene non \u00e8 in grado di dimostrarne la fattibilit\u00e0 in termini di sviluppo e coesione sociale.<\/p>\n<p style=\"text-align: justify;\">Le agevolazioni e i servizi per le famiglie numerose restano, nel nostro paese, irrisorie, anche dopo l\u2019istituzione della \u201cCarta Famiglia\u201d nella Legge di Stabilit\u00e0 2016, che prevede sconti e riduzioni tariffarie per trasporti, sport, cultura, per chi famiglie con almeno tre figli minori. L\u2019assegno per il terzo figlio erogato dall\u2019Inps, che \u00e8 di soli 1.836,90 euro l\u2019anno ed equivale a meno di quanto erogato per una mensilit\u00e0 in Ungheria, \u00e8 riservato a nuclei familiari con almeno un genitore e almeno tre figli tutti minori, cittadini italiani e anche immigrati residenti, e un minimo di reddito fissato nel nuovo Isee 2016, sulla base di nuovi criteri che abbassano ulteriormente la soglia. E sono del tutto assenti gli incentivi alla natalit\u00e0. Anzi, la natalit\u00e0 \u00e8 culturalmente e nelle politiche attive disincentivata. Ad essere incentivato, piuttosto, \u00e8 l\u2019aborto e la contraccezione, ed anche su questo l\u2019Ungheria ci insegna, avendo persino inserito nella sua nuova Costituzione la protezione della vita, dal concepimento alla morte, come principio fondante della Repubblica.<\/p>\n<p style=\"text-align: justify;\">Nella seconda parte del testo costituzionale entrato in vigore il 1\u00b0 gennaio del 2001, infatti, che concerne diritti e doveri dei cittadini, l\u2019articolo II afferma che la vita umana \u00e8 protetta fin dal momento del concepimento. Si \u00e8 sostenuto che tale articolo violerebbe i valori europei; in realt\u00e0, esso \u00e8 perfettamente conforme al principio del diritto romano secondo cui \u201cinfans conceptus pro nato habetur\u201d (\u201cil bambino concepito \u00e8 considerato come nato\u201d).<\/p>\n<p style=\"text-align: justify;\">A chi va il merito di tutto questo? Al Primo Ministro Viktor Orb\u00e1n che, da liberale e progressista che era, si \u00e8 spostato prima di raggiungere il potere nel campo del centrodestra. \u00c8 al 1993 che risale questa \u201cconversione\u201d politica e culturale di Orb\u00e1n, non seguito da tutti i membri di allora del suo partito Fidesz. Alcuni non hanno accettato la svolta e hanno dato le dimissioni ma, la maggioranza, lo hanno seguito rendendo possibile la sua prima premiership, fra il 1998 e il 2002. Durante il suo primo governo Orb\u00e1n si segnal\u00f2, fra l\u2019altro, per aver promulgato una legge che concedeva prestiti a fondo perduto ai cittadini bisognosi per costruirsi una casa.<\/p>\n<p style=\"text-align: justify;\">La stampa ungherese, controllata dai \u201cpoteri forti\u201d, scaten\u00f2 una campagna contro di lui e, d\u2019allora, cominciarono le accuse tra l\u2019altro di essere \u201cantisemita\u201d. Tanto si fece che ne provocarono la caduta ma, nel 2010, Orb\u00e1n ritorna al governo una seconda volta, con la maggioranza parlamentare pi\u00f9 solida affermatasi in Ungheria dopo la caduta del regime comunista (263 seggi su 386). Durante questo secondo mandato, che dura fino al 2014, entra in vigore, il 1\u00b0 gennaio 2012, la nuova Costituzione, il cui Preambolo riconosce un valore fondante alla rivolta anti-sovietica del 1956, valorizzandone non gli elementi riformisti e \u201cdi sinistra\u201d, quelli rappresentati dall\u2019ultimo governo di Imre Nagy, ma quelli civici e nazionali.<\/p>\n<p style=\"text-align: justify;\">Il primo punto della Costituzione maggiormente contestato in Occidente \u00e8 stato comunque il riferimento a Dio ed alla religione, per cui si \u00e8 addirittura parlato di una ispirazione \u201cclericale\u201d e di un progetto \u201cteocratico\u201d. E questo perch\u00e9 il testo costituzionale si apre con l\u2019invocazione \u201cDio, benedici l\u2019Ungherese!\u201d (\u201cIsten, \u00e1ldd meg a Magyart\u201d), riprendendo il verso iniziale dell\u2019Inno di Ferenc K\u00f6lcsey (1790-1838), la poesia che, musicata da Ferenc Erkel, \u00e8 diventata inno nazionale.<\/p>\n<p style=\"text-align: justify;\">Sempre nel Preambolo della Costituzione si legge: \u201cSiamo fieri del fatto che mille anni fa il nostro re Santo Stefano abbia collocato lo Stato ungherese su solide fondamenta ed abbia reso la nostra patria parte dell\u2019Europa cristiana\u201d. E pi\u00f9 avanti: \u201cRiconosciamo il ruolo di conservazione della nazione svolto dal cristianesimo\u201d. Tali affermazioni sono state giudicate contrarie ai valori di laicit\u00e0 ai quali si ispira l\u2019Unione Europea e sono sembrate discriminatorie nei confronti dei fedeli di altre religioni.<\/p>\n<p style=\"text-align: justify;\">Per questo la nuova Costituzione ungherese, pur essendo stata approvata dai due terzi del Parlamento, \u00e8 stata bollata in Occidente come antidemocratica e liberticida, suscitando in particolare le critiche delle istituzioni europee. L\u2019Ungheria, infatti, con ben altre aspettative, era entrata nell\u2019Unione Europea il 1\u00b0 maggio 2004.<\/p>\n<p style=\"text-align: justify;\">Altro articolo costituzionale provoca ancora attacchi fra i sostenitori dell\u2019ideologia \u201cpro-choice\u201d \u00e8 l\u2019articolo L, nella prima parte della Carta, che definisce il matrimonio come \u201ccomunione di vita (\u201c\u00e9letk\u00f6z\u00f6ss\u00e9g\u201d) tra uomo e donna\u201d. In un rapporto del 31 marzo 2011 Amnesty International ha giudicato problematico il fatto che la nuova Costituzione non interdica la discriminazione fondata sull\u2019\u201corientamento sessuale\u201d. In Parlamento europeo l\u2019Alleanza dei liberali e democratici per l\u2019Europa (che riunisce varie formazioni politiche) ha protestato contro questo articolo che discriminerebbe le coppie omosessuali.<\/p>\n<p style=\"text-align: justify;\">Nonostante tutto, nelle elezioni politiche dell\u2019aprile 2014, il Fidesz ha ottenuto il 44,5% dei voti e la maggioranza assoluta dei seggi. Ricevuto per la terza volta l\u2019incarico di formare un governo, Orb\u00e1n sta continuando ad attirare critiche e condanne. Noi siamo tra quelli che sostengono di conoscere prima di \u201cdeliberare\u201d. Cominciando dal bonus beb\u00e8\u2026<\/p>\n","protected":false},"excerpt":{"rendered":"<p>La Croce quotidiano 27 aprile 2016 Ci sono Paesi europei che ancora credono nella ricchezza di un bilancio di natalit\u00e0 in attivo, e che per questo dedicano parte sostanziosa del programma di welfare agli investimenti sulla natalit\u00e0. Un esempio si trova nell\u2019Ungheria di Viktor Orb\u00e1n, il cui governo ha varato efficaci politiche per incoraggiare e &hellip; <\/p>\n<p><a class=\"more-link btn\" href=\"https:\/\/www.rassegnastampa-totustuus.it\/cattolica\/bonus-bebe-lesempio-ungherese\/\">Continua a leggere<\/a><\/p>\n","protected":false},"author":6,"featured_media":33869,"comment_status":"closed","ping_status":"closed","sticky":false,"template":"","format":"standard","meta":{"footnotes":""},"categories":[15,108],"tags":[405],"class_list":["post-33868","post","type-post","status-publish","format-standard","has-post-thumbnail","hentry","category-famiglia","category-paesi-e-continenti","tag-ungheria","item-wrap"],"yoast_head":"<!-- This site is optimized with the Yoast SEO plugin v27.5 - https:\/\/yoast.com\/product\/yoast-seo-wordpress\/ -->\n<title>Bonus beb\u00e8 l\u2019esempio ungherese - Rassegna Stampa Cattolica<\/title>\n<meta name=\"description\" content=\"Rassegna Stampa Cattolica - Per una cultura che nasce dalla Rivelazione cristiana in conformit\u00e0 alla tradizione e al Magistero della Chiesa in opposizione ad ogni relativismo e totalitarismo\" \/>\n<meta name=\"robots\" content=\"index, follow, max-snippet:-1, max-image-preview:large, max-video-preview:-1\" \/>\n<link rel=\"canonical\" href=\"https:\/\/www.rassegnastampa-totustuus.it\/cattolica\/bonus-bebe-lesempio-ungherese\/\" \/>\n<meta property=\"og:locale\" content=\"it_IT\" \/>\n<meta property=\"og:type\" content=\"article\" \/>\n<meta property=\"og:title\" content=\"Bonus beb\u00e8 l\u2019esempio ungherese - Rassegna Stampa Cattolica\" \/>\n<meta property=\"og:description\" content=\"Rassegna Stampa Cattolica - Per una cultura che nasce dalla Rivelazione cristiana in conformit\u00e0 alla tradizione e al Magistero della Chiesa in opposizione ad ogni relativismo e totalitarismo\" \/>\n<meta property=\"og:url\" content=\"https:\/\/www.rassegnastampa-totustuus.it\/cattolica\/bonus-bebe-lesempio-ungherese\/\" \/>\n<meta property=\"og:site_name\" content=\"Rassegna Stampa Cattolica\" \/>\n<meta property=\"article:publisher\" content=\"https:\/\/www.facebook.com\/rassegnastampacattolica\" \/>\n<meta property=\"article:published_time\" content=\"2016-05-04T22:00:20+00:00\" \/>\n<meta property=\"og:image\" content=\"https:\/\/www.rassegnastampa-totustuus.it\/cattolica\/wp-content\/uploads\/2016\/05\/Viktor-Orb\u00e1n.jpg\" \/>\n\t<meta property=\"og:image:width\" content=\"301\" \/>\n\t<meta property=\"og:image:height\" content=\"167\" \/>\n\t<meta property=\"og:image:type\" content=\"image\/jpeg\" \/>\n<meta name=\"author\" content=\"Redazione\" \/>\n<meta name=\"twitter:card\" content=\"summary_large_image\" \/>\n<meta name=\"twitter:creator\" content=\"@rassegnastampa9\" \/>\n<meta name=\"twitter:site\" content=\"@rassegnastampa9\" \/>\n<meta name=\"twitter:label1\" content=\"Scritto da\" \/>\n\t<meta name=\"twitter:data1\" content=\"Redazione\" \/>\n\t<meta name=\"twitter:label2\" content=\"Tempo di lettura stimato\" \/>\n\t<meta name=\"twitter:data2\" content=\"6 minuti\" \/>\n<script type=\"application\/ld+json\" class=\"yoast-schema-graph\">{\"@context\":\"https:\\\/\\\/schema.org\",\"@graph\":[{\"@type\":\"Article\",\"@id\":\"https:\\\/\\\/www.rassegnastampa-totustuus.it\\\/cattolica\\\/bonus-bebe-lesempio-ungherese\\\/#article\",\"isPartOf\":{\"@id\":\"https:\\\/\\\/www.rassegnastampa-totustuus.it\\\/cattolica\\\/bonus-bebe-lesempio-ungherese\\\/\"},\"author\":{\"name\":\"Redazione\",\"@id\":\"https:\\\/\\\/www.rassegnastampa-totustuus.it\\\/cattolica\\\/#\\\/schema\\\/person\\\/08f319d2bd1a0904ad9e2bfb7b15e5c3\"},\"headline\":\"Bonus beb\u00e8 l\u2019esempio ungherese\",\"datePublished\":\"2016-05-04T22:00:20+00:00\",\"mainEntityOfPage\":{\"@id\":\"https:\\\/\\\/www.rassegnastampa-totustuus.it\\\/cattolica\\\/bonus-bebe-lesempio-ungherese\\\/\"},\"wordCount\":1299,\"publisher\":{\"@id\":\"https:\\\/\\\/www.rassegnastampa-totustuus.it\\\/cattolica\\\/#organization\"},\"image\":{\"@id\":\"https:\\\/\\\/www.rassegnastampa-totustuus.it\\\/cattolica\\\/bonus-bebe-lesempio-ungherese\\\/#primaryimage\"},\"thumbnailUrl\":\"https:\\\/\\\/www.rassegnastampa-totustuus.it\\\/cattolica\\\/wp-content\\\/uploads\\\/2016\\\/05\\\/Viktor-Orb\u00e1n.jpg\",\"keywords\":[\"Ungheria\"],\"articleSection\":[\"Famiglia\",\"Paesi e continenti\"],\"inLanguage\":\"it-IT\"},{\"@type\":\"WebPage\",\"@id\":\"https:\\\/\\\/www.rassegnastampa-totustuus.it\\\/cattolica\\\/bonus-bebe-lesempio-ungherese\\\/\",\"url\":\"https:\\\/\\\/www.rassegnastampa-totustuus.it\\\/cattolica\\\/bonus-bebe-lesempio-ungherese\\\/\",\"name\":\"Bonus beb\u00e8 l\u2019esempio ungherese - Rassegna Stampa Cattolica\",\"isPartOf\":{\"@id\":\"https:\\\/\\\/www.rassegnastampa-totustuus.it\\\/cattolica\\\/#website\"},\"primaryImageOfPage\":{\"@id\":\"https:\\\/\\\/www.rassegnastampa-totustuus.it\\\/cattolica\\\/bonus-bebe-lesempio-ungherese\\\/#primaryimage\"},\"image\":{\"@id\":\"https:\\\/\\\/www.rassegnastampa-totustuus.it\\\/cattolica\\\/bonus-bebe-lesempio-ungherese\\\/#primaryimage\"},\"thumbnailUrl\":\"https:\\\/\\\/www.rassegnastampa-totustuus.it\\\/cattolica\\\/wp-content\\\/uploads\\\/2016\\\/05\\\/Viktor-Orb\u00e1n.jpg\",\"datePublished\":\"2016-05-04T22:00:20+00:00\",\"description\":\"Rassegna Stampa Cattolica - Per una cultura che nasce dalla Rivelazione cristiana in conformit\u00e0 alla tradizione e al Magistero della Chiesa in opposizione ad ogni relativismo e totalitarismo\",\"breadcrumb\":{\"@id\":\"https:\\\/\\\/www.rassegnastampa-totustuus.it\\\/cattolica\\\/bonus-bebe-lesempio-ungherese\\\/#breadcrumb\"},\"inLanguage\":\"it-IT\",\"potentialAction\":[{\"@type\":\"ReadAction\",\"target\":[\"https:\\\/\\\/www.rassegnastampa-totustuus.it\\\/cattolica\\\/bonus-bebe-lesempio-ungherese\\\/\"]}]},{\"@type\":\"ImageObject\",\"inLanguage\":\"it-IT\",\"@id\":\"https:\\\/\\\/www.rassegnastampa-totustuus.it\\\/cattolica\\\/bonus-bebe-lesempio-ungherese\\\/#primaryimage\",\"url\":\"https:\\\/\\\/www.rassegnastampa-totustuus.it\\\/cattolica\\\/wp-content\\\/uploads\\\/2016\\\/05\\\/Viktor-Orb\u00e1n.jpg\",\"contentUrl\":\"https:\\\/\\\/www.rassegnastampa-totustuus.it\\\/cattolica\\\/wp-content\\\/uploads\\\/2016\\\/05\\\/Viktor-Orb\u00e1n.jpg\",\"width\":301,\"height\":167},{\"@type\":\"BreadcrumbList\",\"@id\":\"https:\\\/\\\/www.rassegnastampa-totustuus.it\\\/cattolica\\\/bonus-bebe-lesempio-ungherese\\\/#breadcrumb\",\"itemListElement\":[{\"@type\":\"ListItem\",\"position\":1,\"name\":\"Home\",\"item\":\"https:\\\/\\\/www.rassegnastampa-totustuus.it\\\/cattolica\\\/\"},{\"@type\":\"ListItem\",\"position\":2,\"name\":\"Bonus beb\u00e8 l\u2019esempio ungherese\"}]},{\"@type\":\"WebSite\",\"@id\":\"https:\\\/\\\/www.rassegnastampa-totustuus.it\\\/cattolica\\\/#website\",\"url\":\"https:\\\/\\\/www.rassegnastampa-totustuus.it\\\/cattolica\\\/\",\"name\":\"Rassegna Stampa Cattolica\",\"description\":\"Per una cultura che nasce dalla Rivelazione cristiana in conformit\u00e0 alla tradizione e al Magistero della Chiesa in opposizione ad ogni relativismo e totalitarismo\",\"publisher\":{\"@id\":\"https:\\\/\\\/www.rassegnastampa-totustuus.it\\\/cattolica\\\/#organization\"},\"alternateName\":\"Rass. Cattolica\",\"potentialAction\":[{\"@type\":\"SearchAction\",\"target\":{\"@type\":\"EntryPoint\",\"urlTemplate\":\"https:\\\/\\\/www.rassegnastampa-totustuus.it\\\/cattolica\\\/?s={search_term_string}\"},\"query-input\":{\"@type\":\"PropertyValueSpecification\",\"valueRequired\":true,\"valueName\":\"search_term_string\"}}],\"inLanguage\":\"it-IT\"},{\"@type\":\"Organization\",\"@id\":\"https:\\\/\\\/www.rassegnastampa-totustuus.it\\\/cattolica\\\/#organization\",\"name\":\"Rassegna Stampa Cattolica\",\"url\":\"https:\\\/\\\/www.rassegnastampa-totustuus.it\\\/cattolica\\\/\",\"logo\":{\"@type\":\"ImageObject\",\"inLanguage\":\"it-IT\",\"@id\":\"https:\\\/\\\/www.rassegnastampa-totustuus.it\\\/cattolica\\\/#\\\/schema\\\/logo\\\/image\\\/\",\"url\":\"https:\\\/\\\/www.rassegnastampa-totustuus.it\\\/cattolica\\\/wp-content\\\/uploads\\\/2014\\\/04\\\/logo-rassegna1.gif\",\"contentUrl\":\"https:\\\/\\\/www.rassegnastampa-totustuus.it\\\/cattolica\\\/wp-content\\\/uploads\\\/2014\\\/04\\\/logo-rassegna1.gif\",\"width\":600,\"height\":163,\"caption\":\"Rassegna Stampa Cattolica\"},\"image\":{\"@id\":\"https:\\\/\\\/www.rassegnastampa-totustuus.it\\\/cattolica\\\/#\\\/schema\\\/logo\\\/image\\\/\"},\"sameAs\":[\"https:\\\/\\\/www.facebook.com\\\/rassegnastampacattolica\",\"https:\\\/\\\/x.com\\\/rassegnastampa9\"]},{\"@type\":\"Person\",\"@id\":\"https:\\\/\\\/www.rassegnastampa-totustuus.it\\\/cattolica\\\/#\\\/schema\\\/person\\\/08f319d2bd1a0904ad9e2bfb7b15e5c3\",\"name\":\"Redazione\",\"image\":{\"@type\":\"ImageObject\",\"inLanguage\":\"it-IT\",\"@id\":\"https:\\\/\\\/secure.gravatar.com\\\/avatar\\\/2fcdf27c78ea025fbdb44e914cc63c72249ffec9dc8aafd5c82b26240ef3f346?s=96&d=mm&r=g\",\"url\":\"https:\\\/\\\/secure.gravatar.com\\\/avatar\\\/2fcdf27c78ea025fbdb44e914cc63c72249ffec9dc8aafd5c82b26240ef3f346?s=96&d=mm&r=g\",\"contentUrl\":\"https:\\\/\\\/secure.gravatar.com\\\/avatar\\\/2fcdf27c78ea025fbdb44e914cc63c72249ffec9dc8aafd5c82b26240ef3f346?s=96&d=mm&r=g\",\"caption\":\"Redazione\"},\"url\":\"https:\\\/\\\/www.rassegnastampa-totustuus.it\\\/cattolica\\\/author\\\/pietroelle\\\/\"}]}<\/script>\n<!-- \/ Yoast SEO plugin. -->","yoast_head_json":{"title":"Bonus beb\u00e8 l\u2019esempio ungherese - Rassegna Stampa Cattolica","description":"Rassegna Stampa Cattolica - Per una cultura che nasce dalla Rivelazione cristiana in conformit\u00e0 alla tradizione e al Magistero della Chiesa in opposizione ad ogni relativismo e totalitarismo","robots":{"index":"index","follow":"follow","max-snippet":"max-snippet:-1","max-image-preview":"max-image-preview:large","max-video-preview":"max-video-preview:-1"},"canonical":"https:\/\/www.rassegnastampa-totustuus.it\/cattolica\/bonus-bebe-lesempio-ungherese\/","og_locale":"it_IT","og_type":"article","og_title":"Bonus beb\u00e8 l\u2019esempio ungherese - Rassegna Stampa Cattolica","og_description":"Rassegna Stampa Cattolica - Per una cultura che nasce dalla Rivelazione cristiana in conformit\u00e0 alla tradizione e al Magistero della Chiesa in opposizione ad ogni relativismo e totalitarismo","og_url":"https:\/\/www.rassegnastampa-totustuus.it\/cattolica\/bonus-bebe-lesempio-ungherese\/","og_site_name":"Rassegna Stampa Cattolica","article_publisher":"https:\/\/www.facebook.com\/rassegnastampacattolica","article_published_time":"2016-05-04T22:00:20+00:00","og_image":[{"width":301,"height":167,"url":"https:\/\/www.rassegnastampa-totustuus.it\/cattolica\/wp-content\/uploads\/2016\/05\/Viktor-Orb\u00e1n.jpg","type":"image\/jpeg"}],"author":"Redazione","twitter_card":"summary_large_image","twitter_creator":"@rassegnastampa9","twitter_site":"@rassegnastampa9","twitter_misc":{"Scritto da":"Redazione","Tempo di lettura stimato":"6 minuti"},"schema":{"@context":"https:\/\/schema.org","@graph":[{"@type":"Article","@id":"https:\/\/www.rassegnastampa-totustuus.it\/cattolica\/bonus-bebe-lesempio-ungherese\/#article","isPartOf":{"@id":"https:\/\/www.rassegnastampa-totustuus.it\/cattolica\/bonus-bebe-lesempio-ungherese\/"},"author":{"name":"Redazione","@id":"https:\/\/www.rassegnastampa-totustuus.it\/cattolica\/#\/schema\/person\/08f319d2bd1a0904ad9e2bfb7b15e5c3"},"headline":"Bonus beb\u00e8 l\u2019esempio ungherese","datePublished":"2016-05-04T22:00:20+00:00","mainEntityOfPage":{"@id":"https:\/\/www.rassegnastampa-totustuus.it\/cattolica\/bonus-bebe-lesempio-ungherese\/"},"wordCount":1299,"publisher":{"@id":"https:\/\/www.rassegnastampa-totustuus.it\/cattolica\/#organization"},"image":{"@id":"https:\/\/www.rassegnastampa-totustuus.it\/cattolica\/bonus-bebe-lesempio-ungherese\/#primaryimage"},"thumbnailUrl":"https:\/\/www.rassegnastampa-totustuus.it\/cattolica\/wp-content\/uploads\/2016\/05\/Viktor-Orb\u00e1n.jpg","keywords":["Ungheria"],"articleSection":["Famiglia","Paesi e continenti"],"inLanguage":"it-IT"},{"@type":"WebPage","@id":"https:\/\/www.rassegnastampa-totustuus.it\/cattolica\/bonus-bebe-lesempio-ungherese\/","url":"https:\/\/www.rassegnastampa-totustuus.it\/cattolica\/bonus-bebe-lesempio-ungherese\/","name":"Bonus beb\u00e8 l\u2019esempio ungherese - Rassegna Stampa Cattolica","isPartOf":{"@id":"https:\/\/www.rassegnastampa-totustuus.it\/cattolica\/#website"},"primaryImageOfPage":{"@id":"https:\/\/www.rassegnastampa-totustuus.it\/cattolica\/bonus-bebe-lesempio-ungherese\/#primaryimage"},"image":{"@id":"https:\/\/www.rassegnastampa-totustuus.it\/cattolica\/bonus-bebe-lesempio-ungherese\/#primaryimage"},"thumbnailUrl":"https:\/\/www.rassegnastampa-totustuus.it\/cattolica\/wp-content\/uploads\/2016\/05\/Viktor-Orb\u00e1n.jpg","datePublished":"2016-05-04T22:00:20+00:00","description":"Rassegna Stampa Cattolica - Per una cultura che nasce dalla Rivelazione cristiana in conformit\u00e0 alla tradizione e al Magistero della Chiesa in opposizione ad ogni relativismo e totalitarismo","breadcrumb":{"@id":"https:\/\/www.rassegnastampa-totustuus.it\/cattolica\/bonus-bebe-lesempio-ungherese\/#breadcrumb"},"inLanguage":"it-IT","potentialAction":[{"@type":"ReadAction","target":["https:\/\/www.rassegnastampa-totustuus.it\/cattolica\/bonus-bebe-lesempio-ungherese\/"]}]},{"@type":"ImageObject","inLanguage":"it-IT","@id":"https:\/\/www.rassegnastampa-totustuus.it\/cattolica\/bonus-bebe-lesempio-ungherese\/#primaryimage","url":"https:\/\/www.rassegnastampa-totustuus.it\/cattolica\/wp-content\/uploads\/2016\/05\/Viktor-Orb\u00e1n.jpg","contentUrl":"https:\/\/www.rassegnastampa-totustuus.it\/cattolica\/wp-content\/uploads\/2016\/05\/Viktor-Orb\u00e1n.jpg","width":301,"height":167},{"@type":"BreadcrumbList","@id":"https:\/\/www.rassegnastampa-totustuus.it\/cattolica\/bonus-bebe-lesempio-ungherese\/#breadcrumb","itemListElement":[{"@type":"ListItem","position":1,"name":"Home","item":"https:\/\/www.rassegnastampa-totustuus.it\/cattolica\/"},{"@type":"ListItem","position":2,"name":"Bonus beb\u00e8 l\u2019esempio ungherese"}]},{"@type":"WebSite","@id":"https:\/\/www.rassegnastampa-totustuus.it\/cattolica\/#website","url":"https:\/\/www.rassegnastampa-totustuus.it\/cattolica\/","name":"Rassegna Stampa Cattolica","description":"Per una cultura che nasce dalla Rivelazione cristiana in conformit\u00e0 alla tradizione e al Magistero della Chiesa in opposizione ad ogni relativismo e totalitarismo","publisher":{"@id":"https:\/\/www.rassegnastampa-totustuus.it\/cattolica\/#organization"},"alternateName":"Rass. Cattolica","potentialAction":[{"@type":"SearchAction","target":{"@type":"EntryPoint","urlTemplate":"https:\/\/www.rassegnastampa-totustuus.it\/cattolica\/?s={search_term_string}"},"query-input":{"@type":"PropertyValueSpecification","valueRequired":true,"valueName":"search_term_string"}}],"inLanguage":"it-IT"},{"@type":"Organization","@id":"https:\/\/www.rassegnastampa-totustuus.it\/cattolica\/#organization","name":"Rassegna Stampa Cattolica","url":"https:\/\/www.rassegnastampa-totustuus.it\/cattolica\/","logo":{"@type":"ImageObject","inLanguage":"it-IT","@id":"https:\/\/www.rassegnastampa-totustuus.it\/cattolica\/#\/schema\/logo\/image\/","url":"https:\/\/www.rassegnastampa-totustuus.it\/cattolica\/wp-content\/uploads\/2014\/04\/logo-rassegna1.gif","contentUrl":"https:\/\/www.rassegnastampa-totustuus.it\/cattolica\/wp-content\/uploads\/2014\/04\/logo-rassegna1.gif","width":600,"height":163,"caption":"Rassegna Stampa Cattolica"},"image":{"@id":"https:\/\/www.rassegnastampa-totustuus.it\/cattolica\/#\/schema\/logo\/image\/"},"sameAs":["https:\/\/www.facebook.com\/rassegnastampacattolica","https:\/\/x.com\/rassegnastampa9"]},{"@type":"Person","@id":"https:\/\/www.rassegnastampa-totustuus.it\/cattolica\/#\/schema\/person\/08f319d2bd1a0904ad9e2bfb7b15e5c3","name":"Redazione","image":{"@type":"ImageObject","inLanguage":"it-IT","@id":"https:\/\/secure.gravatar.com\/avatar\/2fcdf27c78ea025fbdb44e914cc63c72249ffec9dc8aafd5c82b26240ef3f346?s=96&d=mm&r=g","url":"https:\/\/secure.gravatar.com\/avatar\/2fcdf27c78ea025fbdb44e914cc63c72249ffec9dc8aafd5c82b26240ef3f346?s=96&d=mm&r=g","contentUrl":"https:\/\/secure.gravatar.com\/avatar\/2fcdf27c78ea025fbdb44e914cc63c72249ffec9dc8aafd5c82b26240ef3f346?s=96&d=mm&r=g","caption":"Redazione"},"url":"https:\/\/www.rassegnastampa-totustuus.it\/cattolica\/author\/pietroelle\/"}]}},"_links":{"self":[{"href":"https:\/\/www.rassegnastampa-totustuus.it\/cattolica\/wp-json\/wp\/v2\/posts\/33868","targetHints":{"allow":["GET"]}}],"collection":[{"href":"https:\/\/www.rassegnastampa-totustuus.it\/cattolica\/wp-json\/wp\/v2\/posts"}],"about":[{"href":"https:\/\/www.rassegnastampa-totustuus.it\/cattolica\/wp-json\/wp\/v2\/types\/post"}],"author":[{"embeddable":true,"href":"https:\/\/www.rassegnastampa-totustuus.it\/cattolica\/wp-json\/wp\/v2\/users\/6"}],"replies":[{"embeddable":true,"href":"https:\/\/www.rassegnastampa-totustuus.it\/cattolica\/wp-json\/wp\/v2\/comments?post=33868"}],"version-history":[{"count":2,"href":"https:\/\/www.rassegnastampa-totustuus.it\/cattolica\/wp-json\/wp\/v2\/posts\/33868\/revisions"}],"predecessor-version":[{"id":33871,"href":"https:\/\/www.rassegnastampa-totustuus.it\/cattolica\/wp-json\/wp\/v2\/posts\/33868\/revisions\/33871"}],"wp:featuredmedia":[{"embeddable":true,"href":"https:\/\/www.rassegnastampa-totustuus.it\/cattolica\/wp-json\/wp\/v2\/media\/33869"}],"wp:attachment":[{"href":"https:\/\/www.rassegnastampa-totustuus.it\/cattolica\/wp-json\/wp\/v2\/media?parent=33868"}],"wp:term":[{"taxonomy":"category","embeddable":true,"href":"https:\/\/www.rassegnastampa-totustuus.it\/cattolica\/wp-json\/wp\/v2\/categories?post=33868"},{"taxonomy":"post_tag","embeddable":true,"href":"https:\/\/www.rassegnastampa-totustuus.it\/cattolica\/wp-json\/wp\/v2\/tags?post=33868"}],"curies":[{"name":"wp","href":"https:\/\/api.w.org\/{rel}","templated":true}]}}