{"id":338,"date":"2005-01-24T11:06:49","date_gmt":"2005-01-24T10:06:49","guid":{"rendered":""},"modified":"2025-07-07T11:22:04","modified_gmt":"2025-07-07T09:22:04","slug":"e-ora-ci-vorrebbe-il-ddt","status":"publish","type":"post","link":"https:\/\/www.rassegnastampa-totustuus.it\/cattolica\/e-ora-ci-vorrebbe-il-ddt\/","title":{"rendered":"E ora ci vorrebbe il DDT"},"content":{"rendered":"\n<p class=\"has-text-align-center\"><strong>SVIPOP<\/strong> (<a href=\"http:\/\/www.svipop.org\/\" target=\"_blank\" rel=\"noreferrer noopener\">http:\/\/www.svipop.org\/<\/a>) 18 gennaio 2005<\/p>\n\n\n\n<p><em>Dopo il devastante tsunami si paventano migliaia di altre vittime anche a causa delle malattie trasmesse dagli insetti che prolificano nelle acque stagnanti. Ci vorrebbe un uso massiccio del DDT, che a differenza delle campagne allarmistiche non ha mai palesato effetti nocivi di rilievo per l&#8217;uomo. Ma gli ambientalisti si oppongono&#8230;<\/em><\/p>\n\n\n\n<p class=\"has-text-align-center\">di <strong>Alessandra Nucci<\/strong><\/p>\n\n\n<div class=\"wp-block-image\">\n<figure class=\"aligncenter size-full is-resized\"><a href=\"https:\/\/www.rassegnastampa-totustuus.it\/cattolica\/wp-content\/uploads\/2005\/01\/Ddt.jpg\"><img loading=\"lazy\" decoding=\"async\" width=\"317\" height=\"159\" src=\"https:\/\/www.rassegnastampa-totustuus.it\/cattolica\/wp-content\/uploads\/2005\/01\/Ddt.jpg\" alt=\"\" class=\"wp-image-30519\" style=\"width:381px;height:auto\" srcset=\"https:\/\/www.rassegnastampa-totustuus.it\/cattolica\/wp-content\/uploads\/2005\/01\/Ddt.jpg 317w, https:\/\/www.rassegnastampa-totustuus.it\/cattolica\/wp-content\/uploads\/2005\/01\/Ddt-300x150.jpg 300w\" sizes=\"auto, (max-width: 317px) 100vw, 317px\" \/><\/a><\/figure><\/div>\n\n\n<!--more-->\n\n\n\n<p class=\"has-text-align-left\">Nella guerra tra l&#8217;uomo e la zanzara, negli anni cinquanta e sessanta del secolo scorso, grazie al DDT, aveva quasi vinto l\u2019uomo: l\u2019America e l\u2019Europa si erano liberate dalla malattia e i Paesi del terzo mondo erano sulla buona strada. Poi sono subentrati gli scrupoli ecologisti, la paura che il DDT potesse nuocere alla salute e all\u2019ambiente, e cos\u00ec lo spray che aveva salvato milioni di vite umane scomparve dal mercato.<\/p>\n\n\n\n<p>La malaria, naturalmente, dove non era ancora stata debellata, riprese piede, e le stime oggi dell\u2019Organizzazione mondiale della Sanit\u00e0 parlano di un milione di morti all\u2019anno. In questi giorni, per\u00f2, grazie allo tsunami che ha puntato i riflettori del mondo sui Paesi del Sud Est asiatico, il capitolo \u00e8 stato riaperto dal <em>Wall Street Journal<\/em> e dal <em>New York Times<\/em>.<\/p>\n\n\n\n<p>La carneficina \u00e8 stata spaventosa, ha scritto l\u20198 gennaio il <em>New York Times<\/em>, ma ogni anno la malaria uccide 20 volte le persone che sono state uccise dallo tsunami: perch\u00e9 dunque non tornare a spruzzare il vecchio affidabile DDT? Il DDT era stato messo al bando nel 1972 dalla &#8220;Agenzia per la Protezione dell\u2019Ambiente&#8221; statunitense. Incredibilmente per\u00f2, sempre a quell\u2019epoca, un giudice esperto della stessa agenzia aveva certificato la sua innocuit\u00e0: &#8220;Il DDT non \u00e8 una minaccia cancerogena per l\u2019uomo,\u201d aveva scritto, \u201cIl DDT non \u00e8 una minaccia mutagenica o teratogenica per l\u2019uomo&#8230; L\u2019uso del DDT secondo le debite regole non ha un effetto deleterio sui pesci d\u2019acqua dolce, sugli organismi degli estuari, sugli uccelli selvatici o su altra fauna selvatica.&#8221;<\/p>\n\n\n\n<p>L\u2019innocuit\u00e0 del DDT \u00e8 stata sostenuta da riviste scientifiche come il <em>British Medical Journal<\/em>, e come prova pratica e concreta dell\u2019innocuit\u00e0 e l\u2019efficacia del DDT l\u2019esperto di statistiche Steve Milloy, studioso del Cato Institute, cita la dose massiccia di DDT di cui furono letteralmente inzuppati gli ex prigionieri dei campi di concentramento, dopo la seconda guerra mondiale, per liberarli dai parassiti. Questo bagno non provoc\u00f2 in loro alcun effetto dannoso, come non si riscontrarono effetti tossici n\u00e9 sulle persone addette a spruzzare il DDT, n\u00e9 in chi abita le case trattate con il DDT per prevenire la malaria.<\/p>\n\n\n\n<p>Negli anni cinquanta fino a 80.00 tonnellate di DDT all\u2019anno venivano spruzzate sulle piante alimentari americane, senza conseguenze. I dati a favore del DDT ormai sono&nbsp; pressoch\u00e9 unanimi. Anche l\u2019Oms conferma che irrorare gli ambienti di DDT \u00e8 il metodo pi\u00f9 sicuro ed economicamente conveniente per prevenire e controllare la malaria, e la lista ufficiale delle sostanze tossiche da mettere al bando nel mondo, stilata nel 2001 dagli esperti riuniti dalle Nazioni Unite, non comprendeva affatto il DDT.<\/p>\n\n\n\n<p>Come si \u00e8 arrivati dunque a far sparire il DDT dagli scaffali e dalla mente? Interpellati al riguardo dal <em>New York Times<\/em>, i responsabili del WWF e di Greenpeace hanno affermato che effettivamente \u00e8 accertato che il Ddt salva vite umane, quindi anche per loro nulla osta.&nbsp; Rimane per\u00f2 l\u2019ostacolo dell\u2019inerzia burocratica. E qui l\u2019edificante gara di solidariet\u00e0 fra chi riesce a dimostrarsi pi\u00f9 generoso con i popoli del Sud est asiatico pu\u00f2 servire a farci riflettere sulle dimensioni del potere che&nbsp; viene consegnato, insieme alla gestione degli aiuti, alle tante&nbsp; organizzazioni che si candidano a lavorare nei Paesi in via di sviluppo.<\/p>\n\n\n\n<p>L\u2019ONU e la maggior parte delle agenzie umanitarie occidentali si rifiutano di finanziare programmi e rimedi anti-malaria che usano il DDT. E\u2019 questo, in&nbsp; sostanza, che garantisce che il DDT in quei Paesi non verr\u00e0 mai usato.<\/p>\n","protected":false},"excerpt":{"rendered":"<p>SVIPOP (http:\/\/www.svipop.org\/) 18 gennaio 2005 Dopo il devastante tsunami si paventano migliaia di altre vittime anche a causa delle malattie trasmesse dagli insetti che prolificano nelle acque stagnanti. Ci vorrebbe un uso massiccio del DDT, che a differenza delle campagne allarmistiche non ha mai palesato effetti nocivi di rilievo per l&#8217;uomo. Ma gli ambientalisti si &hellip; <\/p>\n<p><a class=\"more-link btn\" href=\"https:\/\/www.rassegnastampa-totustuus.it\/cattolica\/e-ora-ci-vorrebbe-il-ddt\/\">Continua a leggere<\/a><\/p>\n","protected":false},"author":6,"featured_media":30519,"comment_status":"closed","ping_status":"open","sticky":false,"template":"","format":"standard","meta":{"footnotes":""},"categories":[3],"tags":[384,3198],"class_list":["post-338","post","type-post","status-publish","format-standard","has-post-thumbnail","hentry","category-ambientalismo","tag-bufale-ambientaliste","tag-ddt","item-wrap"],"yoast_head":"<!-- This site is optimized with the Yoast SEO plugin v27.4 - https:\/\/yoast.com\/product\/yoast-seo-wordpress\/ -->\n<title>E ora ci vorrebbe il DDT - Rassegna Stampa Cattolica<\/title>\n<meta name=\"description\" content=\"E ora ci vorrebbe il DDT. Non ha mai palesato effetti nocivi di rilievo per l&#039;uomo. Ma gli ambientalisti si oppongono\" \/>\n<meta name=\"robots\" content=\"index, follow, max-snippet:-1, max-image-preview:large, max-video-preview:-1\" \/>\n<link rel=\"canonical\" href=\"https:\/\/www.rassegnastampa-totustuus.it\/cattolica\/e-ora-ci-vorrebbe-il-ddt\/\" \/>\n<meta property=\"og:locale\" content=\"it_IT\" \/>\n<meta property=\"og:type\" content=\"article\" \/>\n<meta property=\"og:title\" content=\"E ora ci vorrebbe il DDT - Rassegna Stampa Cattolica\" \/>\n<meta property=\"og:description\" content=\"E ora ci vorrebbe il DDT. Non ha mai palesato effetti nocivi di rilievo per l&#039;uomo. Ma gli ambientalisti si oppongono\" \/>\n<meta property=\"og:url\" content=\"https:\/\/www.rassegnastampa-totustuus.it\/cattolica\/e-ora-ci-vorrebbe-il-ddt\/\" \/>\n<meta property=\"og:site_name\" content=\"Rassegna Stampa Cattolica\" \/>\n<meta property=\"article:publisher\" content=\"https:\/\/www.facebook.com\/rassegnastampacattolica\" \/>\n<meta property=\"article:published_time\" content=\"2005-01-24T10:06:49+00:00\" \/>\n<meta property=\"article:modified_time\" content=\"2025-07-07T09:22:04+00:00\" \/>\n<meta property=\"og:image\" content=\"https:\/\/www.rassegnastampa-totustuus.it\/cattolica\/wp-content\/uploads\/2005\/01\/Ddt.jpg\" \/>\n\t<meta property=\"og:image:width\" content=\"317\" \/>\n\t<meta property=\"og:image:height\" content=\"159\" \/>\n\t<meta property=\"og:image:type\" content=\"image\/jpeg\" \/>\n<meta name=\"author\" content=\"Redazione\" \/>\n<meta name=\"twitter:card\" content=\"summary_large_image\" \/>\n<meta name=\"twitter:creator\" content=\"@rassegnastampa9\" \/>\n<meta name=\"twitter:site\" content=\"@rassegnastampa9\" \/>\n<meta name=\"twitter:label1\" content=\"Scritto da\" \/>\n\t<meta name=\"twitter:data1\" content=\"Redazione\" \/>\n\t<meta name=\"twitter:label2\" content=\"Tempo di lettura stimato\" \/>\n\t<meta name=\"twitter:data2\" content=\"4 minuti\" \/>\n<script type=\"application\/ld+json\" class=\"yoast-schema-graph\">{\"@context\":\"https:\\\/\\\/schema.org\",\"@graph\":[{\"@type\":\"Article\",\"@id\":\"https:\\\/\\\/www.rassegnastampa-totustuus.it\\\/cattolica\\\/e-ora-ci-vorrebbe-il-ddt\\\/#article\",\"isPartOf\":{\"@id\":\"https:\\\/\\\/www.rassegnastampa-totustuus.it\\\/cattolica\\\/e-ora-ci-vorrebbe-il-ddt\\\/\"},\"author\":{\"name\":\"Redazione\",\"@id\":\"https:\\\/\\\/www.rassegnastampa-totustuus.it\\\/cattolica\\\/#\\\/schema\\\/person\\\/08f319d2bd1a0904ad9e2bfb7b15e5c3\"},\"headline\":\"E ora ci vorrebbe il DDT\",\"datePublished\":\"2005-01-24T10:06:49+00:00\",\"dateModified\":\"2025-07-07T09:22:04+00:00\",\"mainEntityOfPage\":{\"@id\":\"https:\\\/\\\/www.rassegnastampa-totustuus.it\\\/cattolica\\\/e-ora-ci-vorrebbe-il-ddt\\\/\"},\"wordCount\":651,\"publisher\":{\"@id\":\"https:\\\/\\\/www.rassegnastampa-totustuus.it\\\/cattolica\\\/#organization\"},\"image\":{\"@id\":\"https:\\\/\\\/www.rassegnastampa-totustuus.it\\\/cattolica\\\/e-ora-ci-vorrebbe-il-ddt\\\/#primaryimage\"},\"thumbnailUrl\":\"https:\\\/\\\/www.rassegnastampa-totustuus.it\\\/cattolica\\\/wp-content\\\/uploads\\\/2005\\\/01\\\/Ddt.jpg\",\"keywords\":[\"bufale ambientaliste\",\"DDT\"],\"articleSection\":[\"Ambientalismo\"],\"inLanguage\":\"it-IT\"},{\"@type\":\"WebPage\",\"@id\":\"https:\\\/\\\/www.rassegnastampa-totustuus.it\\\/cattolica\\\/e-ora-ci-vorrebbe-il-ddt\\\/\",\"url\":\"https:\\\/\\\/www.rassegnastampa-totustuus.it\\\/cattolica\\\/e-ora-ci-vorrebbe-il-ddt\\\/\",\"name\":\"E ora ci vorrebbe il DDT - Rassegna Stampa Cattolica\",\"isPartOf\":{\"@id\":\"https:\\\/\\\/www.rassegnastampa-totustuus.it\\\/cattolica\\\/#website\"},\"primaryImageOfPage\":{\"@id\":\"https:\\\/\\\/www.rassegnastampa-totustuus.it\\\/cattolica\\\/e-ora-ci-vorrebbe-il-ddt\\\/#primaryimage\"},\"image\":{\"@id\":\"https:\\\/\\\/www.rassegnastampa-totustuus.it\\\/cattolica\\\/e-ora-ci-vorrebbe-il-ddt\\\/#primaryimage\"},\"thumbnailUrl\":\"https:\\\/\\\/www.rassegnastampa-totustuus.it\\\/cattolica\\\/wp-content\\\/uploads\\\/2005\\\/01\\\/Ddt.jpg\",\"datePublished\":\"2005-01-24T10:06:49+00:00\",\"dateModified\":\"2025-07-07T09:22:04+00:00\",\"description\":\"E ora ci vorrebbe il DDT. Non ha mai palesato effetti nocivi di rilievo per l'uomo. Ma gli ambientalisti si oppongono\",\"breadcrumb\":{\"@id\":\"https:\\\/\\\/www.rassegnastampa-totustuus.it\\\/cattolica\\\/e-ora-ci-vorrebbe-il-ddt\\\/#breadcrumb\"},\"inLanguage\":\"it-IT\",\"potentialAction\":[{\"@type\":\"ReadAction\",\"target\":[\"https:\\\/\\\/www.rassegnastampa-totustuus.it\\\/cattolica\\\/e-ora-ci-vorrebbe-il-ddt\\\/\"]}]},{\"@type\":\"ImageObject\",\"inLanguage\":\"it-IT\",\"@id\":\"https:\\\/\\\/www.rassegnastampa-totustuus.it\\\/cattolica\\\/e-ora-ci-vorrebbe-il-ddt\\\/#primaryimage\",\"url\":\"https:\\\/\\\/www.rassegnastampa-totustuus.it\\\/cattolica\\\/wp-content\\\/uploads\\\/2005\\\/01\\\/Ddt.jpg\",\"contentUrl\":\"https:\\\/\\\/www.rassegnastampa-totustuus.it\\\/cattolica\\\/wp-content\\\/uploads\\\/2005\\\/01\\\/Ddt.jpg\",\"width\":317,\"height\":159},{\"@type\":\"BreadcrumbList\",\"@id\":\"https:\\\/\\\/www.rassegnastampa-totustuus.it\\\/cattolica\\\/e-ora-ci-vorrebbe-il-ddt\\\/#breadcrumb\",\"itemListElement\":[{\"@type\":\"ListItem\",\"position\":1,\"name\":\"Home\",\"item\":\"https:\\\/\\\/www.rassegnastampa-totustuus.it\\\/cattolica\\\/\"},{\"@type\":\"ListItem\",\"position\":2,\"name\":\"E ora ci vorrebbe il DDT\"}]},{\"@type\":\"WebSite\",\"@id\":\"https:\\\/\\\/www.rassegnastampa-totustuus.it\\\/cattolica\\\/#website\",\"url\":\"https:\\\/\\\/www.rassegnastampa-totustuus.it\\\/cattolica\\\/\",\"name\":\"Rassegna Stampa Cattolica\",\"description\":\"Per una cultura che nasce dalla Rivelazione cristiana in conformit\u00e0 alla tradizione e al Magistero della Chiesa in opposizione ad ogni relativismo e totalitarismo\",\"publisher\":{\"@id\":\"https:\\\/\\\/www.rassegnastampa-totustuus.it\\\/cattolica\\\/#organization\"},\"alternateName\":\"Rass. Cattolica\",\"potentialAction\":[{\"@type\":\"SearchAction\",\"target\":{\"@type\":\"EntryPoint\",\"urlTemplate\":\"https:\\\/\\\/www.rassegnastampa-totustuus.it\\\/cattolica\\\/?s={search_term_string}\"},\"query-input\":{\"@type\":\"PropertyValueSpecification\",\"valueRequired\":true,\"valueName\":\"search_term_string\"}}],\"inLanguage\":\"it-IT\"},{\"@type\":\"Organization\",\"@id\":\"https:\\\/\\\/www.rassegnastampa-totustuus.it\\\/cattolica\\\/#organization\",\"name\":\"Rassegna Stampa Cattolica\",\"url\":\"https:\\\/\\\/www.rassegnastampa-totustuus.it\\\/cattolica\\\/\",\"logo\":{\"@type\":\"ImageObject\",\"inLanguage\":\"it-IT\",\"@id\":\"https:\\\/\\\/www.rassegnastampa-totustuus.it\\\/cattolica\\\/#\\\/schema\\\/logo\\\/image\\\/\",\"url\":\"https:\\\/\\\/www.rassegnastampa-totustuus.it\\\/cattolica\\\/wp-content\\\/uploads\\\/2014\\\/04\\\/logo-rassegna1.gif\",\"contentUrl\":\"https:\\\/\\\/www.rassegnastampa-totustuus.it\\\/cattolica\\\/wp-content\\\/uploads\\\/2014\\\/04\\\/logo-rassegna1.gif\",\"width\":600,\"height\":163,\"caption\":\"Rassegna Stampa Cattolica\"},\"image\":{\"@id\":\"https:\\\/\\\/www.rassegnastampa-totustuus.it\\\/cattolica\\\/#\\\/schema\\\/logo\\\/image\\\/\"},\"sameAs\":[\"https:\\\/\\\/www.facebook.com\\\/rassegnastampacattolica\",\"https:\\\/\\\/x.com\\\/rassegnastampa9\"]},{\"@type\":\"Person\",\"@id\":\"https:\\\/\\\/www.rassegnastampa-totustuus.it\\\/cattolica\\\/#\\\/schema\\\/person\\\/08f319d2bd1a0904ad9e2bfb7b15e5c3\",\"name\":\"Redazione\",\"image\":{\"@type\":\"ImageObject\",\"inLanguage\":\"it-IT\",\"@id\":\"https:\\\/\\\/secure.gravatar.com\\\/avatar\\\/2fcdf27c78ea025fbdb44e914cc63c72249ffec9dc8aafd5c82b26240ef3f346?s=96&d=mm&r=g\",\"url\":\"https:\\\/\\\/secure.gravatar.com\\\/avatar\\\/2fcdf27c78ea025fbdb44e914cc63c72249ffec9dc8aafd5c82b26240ef3f346?s=96&d=mm&r=g\",\"contentUrl\":\"https:\\\/\\\/secure.gravatar.com\\\/avatar\\\/2fcdf27c78ea025fbdb44e914cc63c72249ffec9dc8aafd5c82b26240ef3f346?s=96&d=mm&r=g\",\"caption\":\"Redazione\"},\"url\":\"https:\\\/\\\/www.rassegnastampa-totustuus.it\\\/cattolica\\\/author\\\/pietroelle\\\/\"}]}<\/script>\n<!-- \/ Yoast SEO plugin. -->","yoast_head_json":{"title":"E ora ci vorrebbe il DDT - Rassegna Stampa Cattolica","description":"E ora ci vorrebbe il DDT. Non ha mai palesato effetti nocivi di rilievo per l'uomo. Ma gli ambientalisti si oppongono","robots":{"index":"index","follow":"follow","max-snippet":"max-snippet:-1","max-image-preview":"max-image-preview:large","max-video-preview":"max-video-preview:-1"},"canonical":"https:\/\/www.rassegnastampa-totustuus.it\/cattolica\/e-ora-ci-vorrebbe-il-ddt\/","og_locale":"it_IT","og_type":"article","og_title":"E ora ci vorrebbe il DDT - Rassegna Stampa Cattolica","og_description":"E ora ci vorrebbe il DDT. Non ha mai palesato effetti nocivi di rilievo per l'uomo. Ma gli ambientalisti si oppongono","og_url":"https:\/\/www.rassegnastampa-totustuus.it\/cattolica\/e-ora-ci-vorrebbe-il-ddt\/","og_site_name":"Rassegna Stampa Cattolica","article_publisher":"https:\/\/www.facebook.com\/rassegnastampacattolica","article_published_time":"2005-01-24T10:06:49+00:00","article_modified_time":"2025-07-07T09:22:04+00:00","og_image":[{"width":317,"height":159,"url":"https:\/\/www.rassegnastampa-totustuus.it\/cattolica\/wp-content\/uploads\/2005\/01\/Ddt.jpg","type":"image\/jpeg"}],"author":"Redazione","twitter_card":"summary_large_image","twitter_creator":"@rassegnastampa9","twitter_site":"@rassegnastampa9","twitter_misc":{"Scritto da":"Redazione","Tempo di lettura stimato":"4 minuti"},"schema":{"@context":"https:\/\/schema.org","@graph":[{"@type":"Article","@id":"https:\/\/www.rassegnastampa-totustuus.it\/cattolica\/e-ora-ci-vorrebbe-il-ddt\/#article","isPartOf":{"@id":"https:\/\/www.rassegnastampa-totustuus.it\/cattolica\/e-ora-ci-vorrebbe-il-ddt\/"},"author":{"name":"Redazione","@id":"https:\/\/www.rassegnastampa-totustuus.it\/cattolica\/#\/schema\/person\/08f319d2bd1a0904ad9e2bfb7b15e5c3"},"headline":"E ora ci vorrebbe il DDT","datePublished":"2005-01-24T10:06:49+00:00","dateModified":"2025-07-07T09:22:04+00:00","mainEntityOfPage":{"@id":"https:\/\/www.rassegnastampa-totustuus.it\/cattolica\/e-ora-ci-vorrebbe-il-ddt\/"},"wordCount":651,"publisher":{"@id":"https:\/\/www.rassegnastampa-totustuus.it\/cattolica\/#organization"},"image":{"@id":"https:\/\/www.rassegnastampa-totustuus.it\/cattolica\/e-ora-ci-vorrebbe-il-ddt\/#primaryimage"},"thumbnailUrl":"https:\/\/www.rassegnastampa-totustuus.it\/cattolica\/wp-content\/uploads\/2005\/01\/Ddt.jpg","keywords":["bufale ambientaliste","DDT"],"articleSection":["Ambientalismo"],"inLanguage":"it-IT"},{"@type":"WebPage","@id":"https:\/\/www.rassegnastampa-totustuus.it\/cattolica\/e-ora-ci-vorrebbe-il-ddt\/","url":"https:\/\/www.rassegnastampa-totustuus.it\/cattolica\/e-ora-ci-vorrebbe-il-ddt\/","name":"E ora ci vorrebbe il DDT - Rassegna Stampa Cattolica","isPartOf":{"@id":"https:\/\/www.rassegnastampa-totustuus.it\/cattolica\/#website"},"primaryImageOfPage":{"@id":"https:\/\/www.rassegnastampa-totustuus.it\/cattolica\/e-ora-ci-vorrebbe-il-ddt\/#primaryimage"},"image":{"@id":"https:\/\/www.rassegnastampa-totustuus.it\/cattolica\/e-ora-ci-vorrebbe-il-ddt\/#primaryimage"},"thumbnailUrl":"https:\/\/www.rassegnastampa-totustuus.it\/cattolica\/wp-content\/uploads\/2005\/01\/Ddt.jpg","datePublished":"2005-01-24T10:06:49+00:00","dateModified":"2025-07-07T09:22:04+00:00","description":"E ora ci vorrebbe il DDT. Non ha mai palesato effetti nocivi di rilievo per l'uomo. Ma gli ambientalisti si oppongono","breadcrumb":{"@id":"https:\/\/www.rassegnastampa-totustuus.it\/cattolica\/e-ora-ci-vorrebbe-il-ddt\/#breadcrumb"},"inLanguage":"it-IT","potentialAction":[{"@type":"ReadAction","target":["https:\/\/www.rassegnastampa-totustuus.it\/cattolica\/e-ora-ci-vorrebbe-il-ddt\/"]}]},{"@type":"ImageObject","inLanguage":"it-IT","@id":"https:\/\/www.rassegnastampa-totustuus.it\/cattolica\/e-ora-ci-vorrebbe-il-ddt\/#primaryimage","url":"https:\/\/www.rassegnastampa-totustuus.it\/cattolica\/wp-content\/uploads\/2005\/01\/Ddt.jpg","contentUrl":"https:\/\/www.rassegnastampa-totustuus.it\/cattolica\/wp-content\/uploads\/2005\/01\/Ddt.jpg","width":317,"height":159},{"@type":"BreadcrumbList","@id":"https:\/\/www.rassegnastampa-totustuus.it\/cattolica\/e-ora-ci-vorrebbe-il-ddt\/#breadcrumb","itemListElement":[{"@type":"ListItem","position":1,"name":"Home","item":"https:\/\/www.rassegnastampa-totustuus.it\/cattolica\/"},{"@type":"ListItem","position":2,"name":"E ora ci vorrebbe il DDT"}]},{"@type":"WebSite","@id":"https:\/\/www.rassegnastampa-totustuus.it\/cattolica\/#website","url":"https:\/\/www.rassegnastampa-totustuus.it\/cattolica\/","name":"Rassegna Stampa Cattolica","description":"Per una cultura che nasce dalla Rivelazione cristiana in conformit\u00e0 alla tradizione e al Magistero della Chiesa in opposizione ad ogni relativismo e totalitarismo","publisher":{"@id":"https:\/\/www.rassegnastampa-totustuus.it\/cattolica\/#organization"},"alternateName":"Rass. Cattolica","potentialAction":[{"@type":"SearchAction","target":{"@type":"EntryPoint","urlTemplate":"https:\/\/www.rassegnastampa-totustuus.it\/cattolica\/?s={search_term_string}"},"query-input":{"@type":"PropertyValueSpecification","valueRequired":true,"valueName":"search_term_string"}}],"inLanguage":"it-IT"},{"@type":"Organization","@id":"https:\/\/www.rassegnastampa-totustuus.it\/cattolica\/#organization","name":"Rassegna Stampa Cattolica","url":"https:\/\/www.rassegnastampa-totustuus.it\/cattolica\/","logo":{"@type":"ImageObject","inLanguage":"it-IT","@id":"https:\/\/www.rassegnastampa-totustuus.it\/cattolica\/#\/schema\/logo\/image\/","url":"https:\/\/www.rassegnastampa-totustuus.it\/cattolica\/wp-content\/uploads\/2014\/04\/logo-rassegna1.gif","contentUrl":"https:\/\/www.rassegnastampa-totustuus.it\/cattolica\/wp-content\/uploads\/2014\/04\/logo-rassegna1.gif","width":600,"height":163,"caption":"Rassegna Stampa Cattolica"},"image":{"@id":"https:\/\/www.rassegnastampa-totustuus.it\/cattolica\/#\/schema\/logo\/image\/"},"sameAs":["https:\/\/www.facebook.com\/rassegnastampacattolica","https:\/\/x.com\/rassegnastampa9"]},{"@type":"Person","@id":"https:\/\/www.rassegnastampa-totustuus.it\/cattolica\/#\/schema\/person\/08f319d2bd1a0904ad9e2bfb7b15e5c3","name":"Redazione","image":{"@type":"ImageObject","inLanguage":"it-IT","@id":"https:\/\/secure.gravatar.com\/avatar\/2fcdf27c78ea025fbdb44e914cc63c72249ffec9dc8aafd5c82b26240ef3f346?s=96&d=mm&r=g","url":"https:\/\/secure.gravatar.com\/avatar\/2fcdf27c78ea025fbdb44e914cc63c72249ffec9dc8aafd5c82b26240ef3f346?s=96&d=mm&r=g","contentUrl":"https:\/\/secure.gravatar.com\/avatar\/2fcdf27c78ea025fbdb44e914cc63c72249ffec9dc8aafd5c82b26240ef3f346?s=96&d=mm&r=g","caption":"Redazione"},"url":"https:\/\/www.rassegnastampa-totustuus.it\/cattolica\/author\/pietroelle\/"}]}},"_links":{"self":[{"href":"https:\/\/www.rassegnastampa-totustuus.it\/cattolica\/wp-json\/wp\/v2\/posts\/338","targetHints":{"allow":["GET"]}}],"collection":[{"href":"https:\/\/www.rassegnastampa-totustuus.it\/cattolica\/wp-json\/wp\/v2\/posts"}],"about":[{"href":"https:\/\/www.rassegnastampa-totustuus.it\/cattolica\/wp-json\/wp\/v2\/types\/post"}],"author":[{"embeddable":true,"href":"https:\/\/www.rassegnastampa-totustuus.it\/cattolica\/wp-json\/wp\/v2\/users\/6"}],"replies":[{"embeddable":true,"href":"https:\/\/www.rassegnastampa-totustuus.it\/cattolica\/wp-json\/wp\/v2\/comments?post=338"}],"version-history":[{"count":4,"href":"https:\/\/www.rassegnastampa-totustuus.it\/cattolica\/wp-json\/wp\/v2\/posts\/338\/revisions"}],"predecessor-version":[{"id":63011,"href":"https:\/\/www.rassegnastampa-totustuus.it\/cattolica\/wp-json\/wp\/v2\/posts\/338\/revisions\/63011"}],"wp:featuredmedia":[{"embeddable":true,"href":"https:\/\/www.rassegnastampa-totustuus.it\/cattolica\/wp-json\/wp\/v2\/media\/30519"}],"wp:attachment":[{"href":"https:\/\/www.rassegnastampa-totustuus.it\/cattolica\/wp-json\/wp\/v2\/media?parent=338"}],"wp:term":[{"taxonomy":"category","embeddable":true,"href":"https:\/\/www.rassegnastampa-totustuus.it\/cattolica\/wp-json\/wp\/v2\/categories?post=338"},{"taxonomy":"post_tag","embeddable":true,"href":"https:\/\/www.rassegnastampa-totustuus.it\/cattolica\/wp-json\/wp\/v2\/tags?post=338"}],"curies":[{"name":"wp","href":"https:\/\/api.w.org\/{rel}","templated":true}]}}