{"id":33754,"date":"2016-05-05T00:00:35","date_gmt":"2016-05-04T22:00:35","guid":{"rendered":"http:\/\/www.rassegnastampa-totustuus.it\/cattolica\/?p=33754"},"modified":"2016-05-05T09:48:34","modified_gmt":"2016-05-05T07:48:34","slug":"papa-ecco-dove-sbagliano-quelli-che-dicono-francesco-e-ambiguo","status":"publish","type":"post","link":"https:\/\/www.rassegnastampa-totustuus.it\/cattolica\/papa-ecco-dove-sbagliano-quelli-che-dicono-francesco-e-ambiguo\/","title":{"rendered":"Papa \/ Ecco dove sbagliano quelli che dicono&#8230;&#8221;Francesco \u00e8 ambiguo&#8221;"},"content":{"rendered":"<p style=\"text-align: center;\"><strong><img loading=\"lazy\" decoding=\"async\" class=\"wp-image-33755 alignright\" src=\"https:\/\/www.rassegnastampa-totustuus.it\/cattolica\/wp-content\/uploads\/2016\/04\/Francesco.jpg\" alt=\"Francesco\" width=\"250\" height=\"157\" \/>Il Sussidiario.net<\/strong><\/p>\n<p style=\"text-align: center;\">venerd\u00ec 23 gennaio 2015<\/p>\n<p style=\"text-align: center;\">\u00a0<strong>Mauro<\/strong> <strong>Leonardi<\/strong><\/p>\n<p style=\"text-align: center;\"><!--more--><\/p>\n<p style=\"text-align: justify;\">Un Papa che parla &#8220;ad ala variabile&#8221;. Come quegli aerei le cui ali possono variare l&#8217;angolo a seconda che debbano portare pi\u00f9 carico a velocit\u00e0 pi\u00f9 basse, oppure essere pi\u00f9 leggeri e correre di pi\u00f9. Quando il Papa parla delle famiglie numerose e di che dono siano esse e i loro figli (udienza generale mercoled\u00ec 21 gennaio), non ha senso scrivere che il Papa ha aggiustato il tiro, che si \u00e8 spiegato meglio, rispetto a quando mi ha parlato col linguaggio di Francesco De Gregori in Generale dicendo &#8220;non \u00e8 vero che per essere buoni cattolici, bisogna fare figli come conigli&#8221; (Volo dalle Filippine). Non c&#8217;\u00e8 un Papa che suona una volta una musica e un&#8217;altra volta &#8220;un&#8217;altra musica&#8221;: c&#8217;\u00e8 un Papa che sa parlare perch\u00e9 \u00e8 la Verit\u00e0 in dialogo verso Emmaus.<\/p>\n<p style=\"text-align: justify;\">La Verit\u00e0 che non \u00e8 un viandante solitario o un maestro dell&#8217;antica Grecia e gli altri lo seguono. \u00c8 una verit\u00e0 che incontra. Una verit\u00e0 che non \u00e8 solo risposta ma anche domanda, che sa chiedere tu cosa sai? tu cos&#8217;hai capito? E da l\u00ec, da chi sei, parte e ti porta con s\u00e9.<\/p>\n<p style=\"text-align: justify;\">Quando Papa Francesco ci invita ad andare alle periferie, non \u00e8 solo un cambiamento di paesaggio e di compagnia ma anche di linguaggio. Quando inizia a parlare non sappiamo come saranno le ali: se voler\u00e0 basso 0 voler\u00e0 alto. Per questo i cattolici si devono attrezzare: l&#8217;ala variabile serve anche a chi ascolta. Se il Papa parla della famiglia da valorizzare, da custodire, preziosa risorsa, al Consiglio d&#8217;Europa e poi dice \u00abse una persona \u00e8 gay e cerca il Signore e ha buona volont\u00e0, chi sono io per giudicarla?\u00bb (volo da Rio de Janeiro) \u00e8 sempre lo stesso Papa, lo stesso Pietro, che parla di ci\u00f2 che vive: ma con la sua vita.<\/p>\n<p style=\"text-align: justify;\">Che non \u00e8 solitaria ma \u00e8 con quelli con cui parla e di cui si sente, perch\u00e9 lo \u00e8, pastore e padre. E allora parla di ci\u00f2 che gli chiediamo e ci dice la sola verit\u00e0 che sa, in un modo che poi si riesca non solo ad ascoltarla ma anche a viverla. Non vuole che ascoltiamo il Papa per sentire l&#8217;eco di ci\u00f2 che gi\u00e0 sappiamo. Per vederci allo specchio e rimirare l&#8217;immagine di ci\u00f2 che siamo diventati, ma che lo ascoltiamo davvero. Che ascoltiamo quello che dice, non quello che non dice o quello che avrebbe dovuto dire.<\/p>\n<p style=\"text-align: justify;\">Quando parla di paternit\u00e0 responsabile e riesce a far piacere a tutti XRumane Vitae chiarisce in maniera inequivocabile che la responsabilit\u00e0 dei figli ce l&#8217;hanno i genitori, cio\u00e8 non c&#8217;\u00e8 un criterio univoco per stabilire qual \u00e8 il numero di figli ideale. \u00c8 negare l&#8217;assioma &#8220;i buoni cattolici sono quelli che fanno tanti figli&#8221;: un asserto che, semplicemente, non \u00e8 cattolico perch\u00e9 cattolica \u00e8 la paternit\u00e0 responsabile.<\/p>\n<p style=\"text-align: justify;\">Certo, un Papa &#8220;ad ala variabile&#8221; richiede ai cattolici un lavoro che i cattolici non hanno mai fatto ascoltando un Papa: devono saperlo ascoltare e capire. Questo \u00e8 il prezzo che dobbiamo imparare a pagare tutti se vogliamo che il Papa parli con tutti, non solo coi cattolici. Se la mamma dice a Pierino &#8220;ti sta bene&#8221; perch\u00e9 ha preso un brutto voto a scuola e lei gli aveva detto di non perdere tempo coi videogiochi, quel &#8220;ti sta bene&#8221; \u00e8 profondamente diverso da quello che dice il ragazzo alla propria ragazza che vede arrivare con un vestito nuovo.<\/p>\n<p style=\"text-align: justify;\">Testo e contesto: ceco il lavoro che il cattolico deve saper fare oggi. Fino a Papa Francesco il contesto nel quale venivano pronunciate le parole dei papi era quello noto, quello dei cattolici, quello che il mondo cattolico conosceva. Ora, il contesto cambia di volta in volta e bisogna che il cattolico che ascolta il Papa sappia cambiare.<\/p>\n<p style=\"text-align: justify;\">Ecco il motivo per cui Papa Francesco pu\u00f2 essere interpretato male mentre agli altri Papi questo non accadeva mai. Ed ecco la ragione per cui, per l&#8217;attuale Vescovo di Roma, la Verit\u00e0 non \u00e8 mai una verit\u00e0 blindata, cio\u00e8 impermeabile ad altri incontri successivi. Quella lui la chiama &#8220;ideologia&#8221; e la condanna. Sia che venga dal mondo laicista che da quello cattolico.<\/p>\n","protected":false},"excerpt":{"rendered":"<p>Il Sussidiario.net venerd\u00ec 23 gennaio 2015 \u00a0Mauro Leonardi<\/p><p><a class=\"more-link btn\" href=\"https:\/\/www.rassegnastampa-totustuus.it\/cattolica\/papa-ecco-dove-sbagliano-quelli-che-dicono-francesco-e-ambiguo\/\">Continua a leggere<\/a><\/p>\n","protected":false},"author":6,"featured_media":33755,"comment_status":"closed","ping_status":"closed","sticky":false,"template":"","format":"standard","meta":{"footnotes":""},"categories":[5,123],"tags":[291],"class_list":["post-33754","post","type-post","status-publish","format-standard","has-post-thumbnail","hentry","category-chiesa","category-ss-francesco","tag-papa-francesco","item-wrap"],"yoast_head":"<!-- This site is optimized with the Yoast SEO plugin v27.5 - https:\/\/yoast.com\/product\/yoast-seo-wordpress\/ -->\n<title>Papa \/ Ecco dove sbagliano quelli che dicono...&quot;Francesco \u00e8 ambiguo&quot; - Rassegna Stampa Cattolica<\/title>\n<meta name=\"description\" content=\"Rassegna Stampa Cattolica - Per una cultura che nasce dalla Rivelazione cristiana in conformit\u00e0 alla tradizione e al Magistero della Chiesa in opposizione ad ogni relativismo e totalitarismo\" \/>\n<meta name=\"robots\" content=\"index, follow, max-snippet:-1, max-image-preview:large, max-video-preview:-1\" \/>\n<link rel=\"canonical\" href=\"https:\/\/www.rassegnastampa-totustuus.it\/cattolica\/papa-ecco-dove-sbagliano-quelli-che-dicono-francesco-e-ambiguo\/\" \/>\n<meta property=\"og:locale\" content=\"it_IT\" \/>\n<meta property=\"og:type\" content=\"article\" \/>\n<meta property=\"og:title\" content=\"Papa \/ Ecco dove sbagliano quelli che dicono...&quot;Francesco \u00e8 ambiguo&quot; - Rassegna Stampa Cattolica\" \/>\n<meta property=\"og:description\" content=\"Rassegna Stampa Cattolica - Per una cultura che nasce dalla Rivelazione cristiana in conformit\u00e0 alla tradizione e al Magistero della Chiesa in opposizione ad ogni relativismo e totalitarismo\" \/>\n<meta property=\"og:url\" content=\"https:\/\/www.rassegnastampa-totustuus.it\/cattolica\/papa-ecco-dove-sbagliano-quelli-che-dicono-francesco-e-ambiguo\/\" \/>\n<meta property=\"og:site_name\" content=\"Rassegna Stampa Cattolica\" \/>\n<meta property=\"article:publisher\" content=\"https:\/\/www.facebook.com\/rassegnastampacattolica\" \/>\n<meta property=\"article:published_time\" content=\"2016-05-04T22:00:35+00:00\" \/>\n<meta property=\"article:modified_time\" content=\"2016-05-05T07:48:34+00:00\" \/>\n<meta property=\"og:image\" content=\"https:\/\/www.rassegnastampa-totustuus.it\/cattolica\/wp-content\/uploads\/2016\/04\/Francesco.jpg\" \/>\n\t<meta property=\"og:image:width\" content=\"283\" \/>\n\t<meta property=\"og:image:height\" content=\"178\" \/>\n\t<meta property=\"og:image:type\" content=\"image\/jpeg\" \/>\n<meta name=\"author\" content=\"Redazione\" \/>\n<meta name=\"twitter:card\" content=\"summary_large_image\" \/>\n<meta name=\"twitter:creator\" content=\"@rassegnastampa9\" \/>\n<meta name=\"twitter:site\" content=\"@rassegnastampa9\" \/>\n<meta name=\"twitter:label1\" content=\"Scritto da\" \/>\n\t<meta name=\"twitter:data1\" content=\"Redazione\" \/>\n\t<meta name=\"twitter:label2\" content=\"Tempo di lettura stimato\" \/>\n\t<meta name=\"twitter:data2\" content=\"3 minuti\" \/>\n<script type=\"application\/ld+json\" class=\"yoast-schema-graph\">{\"@context\":\"https:\\\/\\\/schema.org\",\"@graph\":[{\"@type\":\"Article\",\"@id\":\"https:\\\/\\\/www.rassegnastampa-totustuus.it\\\/cattolica\\\/papa-ecco-dove-sbagliano-quelli-che-dicono-francesco-e-ambiguo\\\/#article\",\"isPartOf\":{\"@id\":\"https:\\\/\\\/www.rassegnastampa-totustuus.it\\\/cattolica\\\/papa-ecco-dove-sbagliano-quelli-che-dicono-francesco-e-ambiguo\\\/\"},\"author\":{\"name\":\"Redazione\",\"@id\":\"https:\\\/\\\/www.rassegnastampa-totustuus.it\\\/cattolica\\\/#\\\/schema\\\/person\\\/08f319d2bd1a0904ad9e2bfb7b15e5c3\"},\"headline\":\"Papa \\\/ Ecco dove sbagliano quelli che dicono&#8230;&#8221;Francesco \u00e8 ambiguo&#8221;\",\"datePublished\":\"2016-05-04T22:00:35+00:00\",\"dateModified\":\"2016-05-05T07:48:34+00:00\",\"mainEntityOfPage\":{\"@id\":\"https:\\\/\\\/www.rassegnastampa-totustuus.it\\\/cattolica\\\/papa-ecco-dove-sbagliano-quelli-che-dicono-francesco-e-ambiguo\\\/\"},\"wordCount\":693,\"publisher\":{\"@id\":\"https:\\\/\\\/www.rassegnastampa-totustuus.it\\\/cattolica\\\/#organization\"},\"image\":{\"@id\":\"https:\\\/\\\/www.rassegnastampa-totustuus.it\\\/cattolica\\\/papa-ecco-dove-sbagliano-quelli-che-dicono-francesco-e-ambiguo\\\/#primaryimage\"},\"thumbnailUrl\":\"https:\\\/\\\/www.rassegnastampa-totustuus.it\\\/cattolica\\\/wp-content\\\/uploads\\\/2016\\\/04\\\/Francesco.jpg\",\"keywords\":[\"Papa Francesco\"],\"articleSection\":[\"Chiesa\",\"SS Francesco\"],\"inLanguage\":\"it-IT\"},{\"@type\":\"WebPage\",\"@id\":\"https:\\\/\\\/www.rassegnastampa-totustuus.it\\\/cattolica\\\/papa-ecco-dove-sbagliano-quelli-che-dicono-francesco-e-ambiguo\\\/\",\"url\":\"https:\\\/\\\/www.rassegnastampa-totustuus.it\\\/cattolica\\\/papa-ecco-dove-sbagliano-quelli-che-dicono-francesco-e-ambiguo\\\/\",\"name\":\"Papa \\\/ Ecco dove sbagliano quelli che dicono...\\\"Francesco \u00e8 ambiguo\\\" - Rassegna Stampa Cattolica\",\"isPartOf\":{\"@id\":\"https:\\\/\\\/www.rassegnastampa-totustuus.it\\\/cattolica\\\/#website\"},\"primaryImageOfPage\":{\"@id\":\"https:\\\/\\\/www.rassegnastampa-totustuus.it\\\/cattolica\\\/papa-ecco-dove-sbagliano-quelli-che-dicono-francesco-e-ambiguo\\\/#primaryimage\"},\"image\":{\"@id\":\"https:\\\/\\\/www.rassegnastampa-totustuus.it\\\/cattolica\\\/papa-ecco-dove-sbagliano-quelli-che-dicono-francesco-e-ambiguo\\\/#primaryimage\"},\"thumbnailUrl\":\"https:\\\/\\\/www.rassegnastampa-totustuus.it\\\/cattolica\\\/wp-content\\\/uploads\\\/2016\\\/04\\\/Francesco.jpg\",\"datePublished\":\"2016-05-04T22:00:35+00:00\",\"dateModified\":\"2016-05-05T07:48:34+00:00\",\"description\":\"Rassegna Stampa Cattolica - Per una cultura che nasce dalla Rivelazione cristiana in conformit\u00e0 alla tradizione e al Magistero della Chiesa in opposizione ad ogni relativismo e totalitarismo\",\"breadcrumb\":{\"@id\":\"https:\\\/\\\/www.rassegnastampa-totustuus.it\\\/cattolica\\\/papa-ecco-dove-sbagliano-quelli-che-dicono-francesco-e-ambiguo\\\/#breadcrumb\"},\"inLanguage\":\"it-IT\",\"potentialAction\":[{\"@type\":\"ReadAction\",\"target\":[\"https:\\\/\\\/www.rassegnastampa-totustuus.it\\\/cattolica\\\/papa-ecco-dove-sbagliano-quelli-che-dicono-francesco-e-ambiguo\\\/\"]}]},{\"@type\":\"ImageObject\",\"inLanguage\":\"it-IT\",\"@id\":\"https:\\\/\\\/www.rassegnastampa-totustuus.it\\\/cattolica\\\/papa-ecco-dove-sbagliano-quelli-che-dicono-francesco-e-ambiguo\\\/#primaryimage\",\"url\":\"https:\\\/\\\/www.rassegnastampa-totustuus.it\\\/cattolica\\\/wp-content\\\/uploads\\\/2016\\\/04\\\/Francesco.jpg\",\"contentUrl\":\"https:\\\/\\\/www.rassegnastampa-totustuus.it\\\/cattolica\\\/wp-content\\\/uploads\\\/2016\\\/04\\\/Francesco.jpg\",\"width\":283,\"height\":178},{\"@type\":\"BreadcrumbList\",\"@id\":\"https:\\\/\\\/www.rassegnastampa-totustuus.it\\\/cattolica\\\/papa-ecco-dove-sbagliano-quelli-che-dicono-francesco-e-ambiguo\\\/#breadcrumb\",\"itemListElement\":[{\"@type\":\"ListItem\",\"position\":1,\"name\":\"Home\",\"item\":\"https:\\\/\\\/www.rassegnastampa-totustuus.it\\\/cattolica\\\/\"},{\"@type\":\"ListItem\",\"position\":2,\"name\":\"Papa \\\/ Ecco dove sbagliano quelli che dicono&#8230;&#8221;Francesco \u00e8 ambiguo&#8221;\"}]},{\"@type\":\"WebSite\",\"@id\":\"https:\\\/\\\/www.rassegnastampa-totustuus.it\\\/cattolica\\\/#website\",\"url\":\"https:\\\/\\\/www.rassegnastampa-totustuus.it\\\/cattolica\\\/\",\"name\":\"Rassegna Stampa Cattolica\",\"description\":\"Per una cultura che nasce dalla Rivelazione cristiana in conformit\u00e0 alla tradizione e al Magistero della Chiesa in opposizione ad ogni relativismo e totalitarismo\",\"publisher\":{\"@id\":\"https:\\\/\\\/www.rassegnastampa-totustuus.it\\\/cattolica\\\/#organization\"},\"alternateName\":\"Rass. Cattolica\",\"potentialAction\":[{\"@type\":\"SearchAction\",\"target\":{\"@type\":\"EntryPoint\",\"urlTemplate\":\"https:\\\/\\\/www.rassegnastampa-totustuus.it\\\/cattolica\\\/?s={search_term_string}\"},\"query-input\":{\"@type\":\"PropertyValueSpecification\",\"valueRequired\":true,\"valueName\":\"search_term_string\"}}],\"inLanguage\":\"it-IT\"},{\"@type\":\"Organization\",\"@id\":\"https:\\\/\\\/www.rassegnastampa-totustuus.it\\\/cattolica\\\/#organization\",\"name\":\"Rassegna Stampa Cattolica\",\"url\":\"https:\\\/\\\/www.rassegnastampa-totustuus.it\\\/cattolica\\\/\",\"logo\":{\"@type\":\"ImageObject\",\"inLanguage\":\"it-IT\",\"@id\":\"https:\\\/\\\/www.rassegnastampa-totustuus.it\\\/cattolica\\\/#\\\/schema\\\/logo\\\/image\\\/\",\"url\":\"https:\\\/\\\/www.rassegnastampa-totustuus.it\\\/cattolica\\\/wp-content\\\/uploads\\\/2014\\\/04\\\/logo-rassegna1.gif\",\"contentUrl\":\"https:\\\/\\\/www.rassegnastampa-totustuus.it\\\/cattolica\\\/wp-content\\\/uploads\\\/2014\\\/04\\\/logo-rassegna1.gif\",\"width\":600,\"height\":163,\"caption\":\"Rassegna Stampa Cattolica\"},\"image\":{\"@id\":\"https:\\\/\\\/www.rassegnastampa-totustuus.it\\\/cattolica\\\/#\\\/schema\\\/logo\\\/image\\\/\"},\"sameAs\":[\"https:\\\/\\\/www.facebook.com\\\/rassegnastampacattolica\",\"https:\\\/\\\/x.com\\\/rassegnastampa9\"]},{\"@type\":\"Person\",\"@id\":\"https:\\\/\\\/www.rassegnastampa-totustuus.it\\\/cattolica\\\/#\\\/schema\\\/person\\\/08f319d2bd1a0904ad9e2bfb7b15e5c3\",\"name\":\"Redazione\",\"image\":{\"@type\":\"ImageObject\",\"inLanguage\":\"it-IT\",\"@id\":\"https:\\\/\\\/secure.gravatar.com\\\/avatar\\\/2fcdf27c78ea025fbdb44e914cc63c72249ffec9dc8aafd5c82b26240ef3f346?s=96&d=mm&r=g\",\"url\":\"https:\\\/\\\/secure.gravatar.com\\\/avatar\\\/2fcdf27c78ea025fbdb44e914cc63c72249ffec9dc8aafd5c82b26240ef3f346?s=96&d=mm&r=g\",\"contentUrl\":\"https:\\\/\\\/secure.gravatar.com\\\/avatar\\\/2fcdf27c78ea025fbdb44e914cc63c72249ffec9dc8aafd5c82b26240ef3f346?s=96&d=mm&r=g\",\"caption\":\"Redazione\"},\"url\":\"https:\\\/\\\/www.rassegnastampa-totustuus.it\\\/cattolica\\\/author\\\/pietroelle\\\/\"}]}<\/script>\n<!-- \/ Yoast SEO plugin. -->","yoast_head_json":{"title":"Papa \/ Ecco dove sbagliano quelli che dicono...\"Francesco \u00e8 ambiguo\" - Rassegna Stampa Cattolica","description":"Rassegna Stampa Cattolica - Per una cultura che nasce dalla Rivelazione cristiana in conformit\u00e0 alla tradizione e al Magistero della Chiesa in opposizione ad ogni relativismo e totalitarismo","robots":{"index":"index","follow":"follow","max-snippet":"max-snippet:-1","max-image-preview":"max-image-preview:large","max-video-preview":"max-video-preview:-1"},"canonical":"https:\/\/www.rassegnastampa-totustuus.it\/cattolica\/papa-ecco-dove-sbagliano-quelli-che-dicono-francesco-e-ambiguo\/","og_locale":"it_IT","og_type":"article","og_title":"Papa \/ Ecco dove sbagliano quelli che dicono...\"Francesco \u00e8 ambiguo\" - Rassegna Stampa Cattolica","og_description":"Rassegna Stampa Cattolica - Per una cultura che nasce dalla Rivelazione cristiana in conformit\u00e0 alla tradizione e al Magistero della Chiesa in opposizione ad ogni relativismo e totalitarismo","og_url":"https:\/\/www.rassegnastampa-totustuus.it\/cattolica\/papa-ecco-dove-sbagliano-quelli-che-dicono-francesco-e-ambiguo\/","og_site_name":"Rassegna Stampa Cattolica","article_publisher":"https:\/\/www.facebook.com\/rassegnastampacattolica","article_published_time":"2016-05-04T22:00:35+00:00","article_modified_time":"2016-05-05T07:48:34+00:00","og_image":[{"width":283,"height":178,"url":"https:\/\/www.rassegnastampa-totustuus.it\/cattolica\/wp-content\/uploads\/2016\/04\/Francesco.jpg","type":"image\/jpeg"}],"author":"Redazione","twitter_card":"summary_large_image","twitter_creator":"@rassegnastampa9","twitter_site":"@rassegnastampa9","twitter_misc":{"Scritto da":"Redazione","Tempo di lettura stimato":"3 minuti"},"schema":{"@context":"https:\/\/schema.org","@graph":[{"@type":"Article","@id":"https:\/\/www.rassegnastampa-totustuus.it\/cattolica\/papa-ecco-dove-sbagliano-quelli-che-dicono-francesco-e-ambiguo\/#article","isPartOf":{"@id":"https:\/\/www.rassegnastampa-totustuus.it\/cattolica\/papa-ecco-dove-sbagliano-quelli-che-dicono-francesco-e-ambiguo\/"},"author":{"name":"Redazione","@id":"https:\/\/www.rassegnastampa-totustuus.it\/cattolica\/#\/schema\/person\/08f319d2bd1a0904ad9e2bfb7b15e5c3"},"headline":"Papa \/ Ecco dove sbagliano quelli che dicono&#8230;&#8221;Francesco \u00e8 ambiguo&#8221;","datePublished":"2016-05-04T22:00:35+00:00","dateModified":"2016-05-05T07:48:34+00:00","mainEntityOfPage":{"@id":"https:\/\/www.rassegnastampa-totustuus.it\/cattolica\/papa-ecco-dove-sbagliano-quelli-che-dicono-francesco-e-ambiguo\/"},"wordCount":693,"publisher":{"@id":"https:\/\/www.rassegnastampa-totustuus.it\/cattolica\/#organization"},"image":{"@id":"https:\/\/www.rassegnastampa-totustuus.it\/cattolica\/papa-ecco-dove-sbagliano-quelli-che-dicono-francesco-e-ambiguo\/#primaryimage"},"thumbnailUrl":"https:\/\/www.rassegnastampa-totustuus.it\/cattolica\/wp-content\/uploads\/2016\/04\/Francesco.jpg","keywords":["Papa Francesco"],"articleSection":["Chiesa","SS Francesco"],"inLanguage":"it-IT"},{"@type":"WebPage","@id":"https:\/\/www.rassegnastampa-totustuus.it\/cattolica\/papa-ecco-dove-sbagliano-quelli-che-dicono-francesco-e-ambiguo\/","url":"https:\/\/www.rassegnastampa-totustuus.it\/cattolica\/papa-ecco-dove-sbagliano-quelli-che-dicono-francesco-e-ambiguo\/","name":"Papa \/ Ecco dove sbagliano quelli che dicono...\"Francesco \u00e8 ambiguo\" - Rassegna Stampa Cattolica","isPartOf":{"@id":"https:\/\/www.rassegnastampa-totustuus.it\/cattolica\/#website"},"primaryImageOfPage":{"@id":"https:\/\/www.rassegnastampa-totustuus.it\/cattolica\/papa-ecco-dove-sbagliano-quelli-che-dicono-francesco-e-ambiguo\/#primaryimage"},"image":{"@id":"https:\/\/www.rassegnastampa-totustuus.it\/cattolica\/papa-ecco-dove-sbagliano-quelli-che-dicono-francesco-e-ambiguo\/#primaryimage"},"thumbnailUrl":"https:\/\/www.rassegnastampa-totustuus.it\/cattolica\/wp-content\/uploads\/2016\/04\/Francesco.jpg","datePublished":"2016-05-04T22:00:35+00:00","dateModified":"2016-05-05T07:48:34+00:00","description":"Rassegna Stampa Cattolica - Per una cultura che nasce dalla Rivelazione cristiana in conformit\u00e0 alla tradizione e al Magistero della Chiesa in opposizione ad ogni relativismo e totalitarismo","breadcrumb":{"@id":"https:\/\/www.rassegnastampa-totustuus.it\/cattolica\/papa-ecco-dove-sbagliano-quelli-che-dicono-francesco-e-ambiguo\/#breadcrumb"},"inLanguage":"it-IT","potentialAction":[{"@type":"ReadAction","target":["https:\/\/www.rassegnastampa-totustuus.it\/cattolica\/papa-ecco-dove-sbagliano-quelli-che-dicono-francesco-e-ambiguo\/"]}]},{"@type":"ImageObject","inLanguage":"it-IT","@id":"https:\/\/www.rassegnastampa-totustuus.it\/cattolica\/papa-ecco-dove-sbagliano-quelli-che-dicono-francesco-e-ambiguo\/#primaryimage","url":"https:\/\/www.rassegnastampa-totustuus.it\/cattolica\/wp-content\/uploads\/2016\/04\/Francesco.jpg","contentUrl":"https:\/\/www.rassegnastampa-totustuus.it\/cattolica\/wp-content\/uploads\/2016\/04\/Francesco.jpg","width":283,"height":178},{"@type":"BreadcrumbList","@id":"https:\/\/www.rassegnastampa-totustuus.it\/cattolica\/papa-ecco-dove-sbagliano-quelli-che-dicono-francesco-e-ambiguo\/#breadcrumb","itemListElement":[{"@type":"ListItem","position":1,"name":"Home","item":"https:\/\/www.rassegnastampa-totustuus.it\/cattolica\/"},{"@type":"ListItem","position":2,"name":"Papa \/ Ecco dove sbagliano quelli che dicono&#8230;&#8221;Francesco \u00e8 ambiguo&#8221;"}]},{"@type":"WebSite","@id":"https:\/\/www.rassegnastampa-totustuus.it\/cattolica\/#website","url":"https:\/\/www.rassegnastampa-totustuus.it\/cattolica\/","name":"Rassegna Stampa Cattolica","description":"Per una cultura che nasce dalla Rivelazione cristiana in conformit\u00e0 alla tradizione e al Magistero della Chiesa in opposizione ad ogni relativismo e totalitarismo","publisher":{"@id":"https:\/\/www.rassegnastampa-totustuus.it\/cattolica\/#organization"},"alternateName":"Rass. Cattolica","potentialAction":[{"@type":"SearchAction","target":{"@type":"EntryPoint","urlTemplate":"https:\/\/www.rassegnastampa-totustuus.it\/cattolica\/?s={search_term_string}"},"query-input":{"@type":"PropertyValueSpecification","valueRequired":true,"valueName":"search_term_string"}}],"inLanguage":"it-IT"},{"@type":"Organization","@id":"https:\/\/www.rassegnastampa-totustuus.it\/cattolica\/#organization","name":"Rassegna Stampa Cattolica","url":"https:\/\/www.rassegnastampa-totustuus.it\/cattolica\/","logo":{"@type":"ImageObject","inLanguage":"it-IT","@id":"https:\/\/www.rassegnastampa-totustuus.it\/cattolica\/#\/schema\/logo\/image\/","url":"https:\/\/www.rassegnastampa-totustuus.it\/cattolica\/wp-content\/uploads\/2014\/04\/logo-rassegna1.gif","contentUrl":"https:\/\/www.rassegnastampa-totustuus.it\/cattolica\/wp-content\/uploads\/2014\/04\/logo-rassegna1.gif","width":600,"height":163,"caption":"Rassegna Stampa Cattolica"},"image":{"@id":"https:\/\/www.rassegnastampa-totustuus.it\/cattolica\/#\/schema\/logo\/image\/"},"sameAs":["https:\/\/www.facebook.com\/rassegnastampacattolica","https:\/\/x.com\/rassegnastampa9"]},{"@type":"Person","@id":"https:\/\/www.rassegnastampa-totustuus.it\/cattolica\/#\/schema\/person\/08f319d2bd1a0904ad9e2bfb7b15e5c3","name":"Redazione","image":{"@type":"ImageObject","inLanguage":"it-IT","@id":"https:\/\/secure.gravatar.com\/avatar\/2fcdf27c78ea025fbdb44e914cc63c72249ffec9dc8aafd5c82b26240ef3f346?s=96&d=mm&r=g","url":"https:\/\/secure.gravatar.com\/avatar\/2fcdf27c78ea025fbdb44e914cc63c72249ffec9dc8aafd5c82b26240ef3f346?s=96&d=mm&r=g","contentUrl":"https:\/\/secure.gravatar.com\/avatar\/2fcdf27c78ea025fbdb44e914cc63c72249ffec9dc8aafd5c82b26240ef3f346?s=96&d=mm&r=g","caption":"Redazione"},"url":"https:\/\/www.rassegnastampa-totustuus.it\/cattolica\/author\/pietroelle\/"}]}},"_links":{"self":[{"href":"https:\/\/www.rassegnastampa-totustuus.it\/cattolica\/wp-json\/wp\/v2\/posts\/33754","targetHints":{"allow":["GET"]}}],"collection":[{"href":"https:\/\/www.rassegnastampa-totustuus.it\/cattolica\/wp-json\/wp\/v2\/posts"}],"about":[{"href":"https:\/\/www.rassegnastampa-totustuus.it\/cattolica\/wp-json\/wp\/v2\/types\/post"}],"author":[{"embeddable":true,"href":"https:\/\/www.rassegnastampa-totustuus.it\/cattolica\/wp-json\/wp\/v2\/users\/6"}],"replies":[{"embeddable":true,"href":"https:\/\/www.rassegnastampa-totustuus.it\/cattolica\/wp-json\/wp\/v2\/comments?post=33754"}],"version-history":[{"count":2,"href":"https:\/\/www.rassegnastampa-totustuus.it\/cattolica\/wp-json\/wp\/v2\/posts\/33754\/revisions"}],"predecessor-version":[{"id":33923,"href":"https:\/\/www.rassegnastampa-totustuus.it\/cattolica\/wp-json\/wp\/v2\/posts\/33754\/revisions\/33923"}],"wp:featuredmedia":[{"embeddable":true,"href":"https:\/\/www.rassegnastampa-totustuus.it\/cattolica\/wp-json\/wp\/v2\/media\/33755"}],"wp:attachment":[{"href":"https:\/\/www.rassegnastampa-totustuus.it\/cattolica\/wp-json\/wp\/v2\/media?parent=33754"}],"wp:term":[{"taxonomy":"category","embeddable":true,"href":"https:\/\/www.rassegnastampa-totustuus.it\/cattolica\/wp-json\/wp\/v2\/categories?post=33754"},{"taxonomy":"post_tag","embeddable":true,"href":"https:\/\/www.rassegnastampa-totustuus.it\/cattolica\/wp-json\/wp\/v2\/tags?post=33754"}],"curies":[{"name":"wp","href":"https:\/\/api.w.org\/{rel}","templated":true}]}}