{"id":33747,"date":"2016-05-05T00:00:03","date_gmt":"2016-05-04T22:00:03","guid":{"rendered":"http:\/\/www.rassegnastampa-totustuus.it\/cattolica\/?p=33747"},"modified":"2016-04-29T08:33:00","modified_gmt":"2016-04-29T06:33:00","slug":"lincesto-lultima-per-ora-frontiera-del-gender","status":"publish","type":"post","link":"https:\/\/www.rassegnastampa-totustuus.it\/cattolica\/lincesto-lultima-per-ora-frontiera-del-gender\/","title":{"rendered":"L\u2019incesto? L\u2019ultima (per ora) frontiera del gender"},"content":{"rendered":"<p style=\"text-align: center;\"><strong><img loading=\"lazy\" decoding=\"async\" class=\"alignright wp-image-33748\" src=\"https:\/\/www.rassegnastampa-totustuus.it\/cattolica\/wp-content\/uploads\/2016\/04\/incesto.jpg\" alt=\"incesto\" width=\"250\" height=\"142\" \/>La Nuova Bussola quotidiana<\/strong><\/p>\n<p style=\"text-align: center;\">23 aprile 2016<\/p>\n<p style=\"text-align: center;\">di <strong>Tommaso Scandroglio<\/strong><\/p>\n<p style=\"text-align: justify;\">In Spagna Telecinco trasmette da tempo un programma che si chiama <em>C\u00e0mbiame<\/em>. I partecipanti subiscono un cambiamento totale di look. Da brutti anatroccoli diventano affascinanti cigni. Qualche giorno fa partecipano Ana e Dani, lei di anni 27 e lui di anni 30.<\/p>\n<p style=\"text-align: justify;\"><!--more--><\/p>\n<p style=\"text-align: justify;\"><strong>Nel momento in cui i due entrano in scena per mostrare il<\/strong> loro cambiamento estetico Ana fa questa dichiarazione: \u00abNon siamo solo venuti qui per un cambiamento nel look, ma anche per cambiare completamente la nostra vita. Abbiamo qualcosa da dire e questo \u00e8 un buon posto per farlo. Siamo cresciuti separatamente e 20 anni pi\u00f9 tardi ci siamo trovati l\u2019un l\u2019altro attraverso i social media e instaurato un\u2019amicizia. Siamo fratelli e siamo innamorati\u00bb. I due in realt\u00e0 sono fratellastri. Stesso padre, ma madri differenti. Il primo ha poi domandato alla figlia: \u00abPosso chiamarti nuora?\u00bb, e lei di rimando \u00abCerto, io ti chiamer\u00f2 suocero\u00bb.<\/p>\n<p style=\"text-align: justify;\"><strong>Delirio massmediatico? Scandalo in prima serata? Qualcuno che in fretta e furia mette in onda ilcartello<\/strong> \u201cLe trasmissioni sono momentaneamente sospese. Riprenderanno appena possibile\u201d? Nulla di tutto questo. Anzi l\u2019emittente benedice l\u2019outing incestuoso di Ana e Dani. Infatti, il conduttore D\u00ecaz Pelayo cos\u00ec ha successivamente commentato l\u2019accaduto su Twitter: \u00abChi siamo noi per giudicare? L\u2019amore viene prima di tutto\u00bb. C\u2019\u00e8 il sospetto che sia tutta una bufala per fare ascolti, ma questo forse peggiorerebbe il quadro piuttosto che migliorarlo. Infatti, significherebbe da parte di Telecinco un appoggio a priori alle relazioni incestuose e la volont\u00e0 di creare ad arte un caso televisivo basato su una oscena perversione sessuale.<\/p>\n<p style=\"text-align: justify;\"><strong>Altro caso recente. Trent\u2019anni fa la 51enne Kim West mette al mondo un figlio, Ben Ford, che per\u00f2 decide<\/strong> di dare in adozione. Ben cresce e si sposa e un paio di anni or sono si mette alla ricerca della sua madre biologica. La trova e incomincia tra i due una corrispondenza fitta. Il tenore del contenuto di quell\u2019epistolario per\u00f2 si tinge da subito dei toni scabrosi. \u00abHo iniziato a capire che c\u2019era qualcosa di pi\u00f9 che un semplice interesse ad aver ritrovato mio figlio\u00bb, ammette Kim, \u00abquando ho iniziato a fare sogni sexy su di lui\u00bb. Le fa eco Ben: \u00abMi sembrava di conoscerla da sempre, non sono mai riuscito a vederla per\u00f2 come una madre, ma sin dall\u2019inizio ho sentito una forte attrazione sessuale per lei: questo non \u00e8 incesto, noi siamo fatti per stare insieme!\u00bb.<\/p>\n<p style=\"text-align: justify;\"><strong>La coppia alla fine decide di incontrarsi. Scelgono un albergo, bevono qualcosa e poi salgono in camera<\/strong> dove hanno un rapporto sessuale. Travolto dalla passione contro natura, Ben lascia la moglie e decide di andare a vivere con l\u2019amante materna. Un aberrante caso di adulterio incestuoso. La coppia per\u00f2 non ha nessuna intenzione di confinare la propria turpe relazione nel segreto della loro dimora. Vogliono renderla pubblica sposandosi e sperano che il cielo (o gli inferi) benedica la loro unione con tanti figli. \u00abStiamo cercando di avere figli\u00bb, dice Kim, \u00abe presto ci sposeremo. So che la gente dir\u00e0 che io e Ben siamo disgustosi, che dovremmo essere in grado di controllare i nostri sentimenti, ma quando si viene colpiti da un amore cos\u00ec, da un\u2019empatia sessuale cos\u00ec forte, si deve combattere per questo, rinunciare a tutto per portarlo avanti. \u00c8 una possibilit\u00e0 che accade una volta nella vita e io non sono disposta ad allontanarmi\u00bb.<\/p>\n<p style=\"text-align: justify;\"><strong>L\u2019infelice Kim nel suo percorso incestuoso volle anche vederci pi\u00f9 chiaro per capire se stava nel giusto.<\/strong> Allora interrog\u00f2 Google e l\u2019oracolo le rispose che il suo era un caso di Genetic Sexual Attraction (Gsa), cio\u00e8 un\u2019attrazione sessuale che pu\u00f2 nascere tra consanguinei i quali non si vedono da tempo e che quindi si percepiscono non come parenti, pur essendolo, ma come perfetti sconosciuti. Kim ricav\u00f2 dalla lettura degli articoli sulla Gsa non la consapevolezza di essere affetta da un disturbo psicologico, bens\u00ec il conforto di vivere una relazione s\u00ec particolare, ma alla fin fine normale e bella. \u00abAbbiamo una relazione da due anni\u00bb, ha dichiarato la madre, \u00abe abbiamo un\u2019ottima vita sessuale, potremmo dire incredibile! E questo grazie alla Gsa\u00bb.<\/p>\n<p style=\"text-align: justify;\"><strong>Casi simili nel passato non sono mancati. Negli anni Novanta Kathryn Harrison pubblic\u00f2 il libro<\/strong> <em>Il bacio<\/em> in cui narrava la sua relazione di quattro anni con il padre. Il fratello e la sorella St\u00fcbings in Germania, cresciuti separatamente, un giorno si incontrarono e si \u201cinnamorarono\u201d. Chiesero anche nel 2008, ma senza successo, l\u2019abrogazione del reato di incesto. Nel 2012 Penny Lawrance e il padre Garry Ryan si incontrarono dopo molto tempo, ebbero una relazione che mise incinta la ragazza. Quest\u2019ultima dichiar\u00f2: \u00abNon siamo una coppia incestuosa, ma solo due vittime della Gsa: non avendo vissuto un normale rapporto padre-figlia, siamo due estranei che si sono incontrati da adulti\u00bb.<\/p>\n<p style=\"text-align: justify;\"><strong>Ora le argomentazioni che si spendono per legittimare agli occhi dell\u2019opinione pubblica \u2013 e domani <\/strong>agli occhi del legislatore \u2013 l\u2019incesto sono le medesime per legittimare l\u2019omosessualit\u00e0. In primis occorre riconoscere che ogni sentimento \u00e8 buono e non tollera quindi limiti o compressioni di sorta. In secondo luogo fare dei distinguo tra relazioni sane e altre insane \u00e8 atteggiamento pregiudizievole e discriminatorio: il \u00abChi sono io per giudicare?\u00bb \u00e8 ormai diventato il colpo di grazia sparato alla tempia della legge naturale e prima ancora al buon senso per essere sicuri che siano davvero morti.<\/p>\n<p style=\"text-align: justify;\"><strong>In terzo luogo se la relazione \u00e8 liberamente scelta da entrambi, terze persone non ci possono mettere<\/strong> il becco. Infine, questa asserita libert\u00e0 entra in contraddizione con la tesi che \u201comosessuali si nasce\u201d e \u201cincestuosi ci si trova\u201d: una sorta di determinismo sessuale a cui \u00e8 impossibile sottrarsi (\u00e8 il trionfo dell\u2019empirismo sensista). Quindi l\u2019incesto \u00e8 figlio (incestuoso e poligamo) della teoria del gender con tutte queste tesi. A sua volta l\u2019incesto aprir\u00e0 le porte alla pedofilia, alla zoofilia e a molte altre parafilie. I libri dell\u2019orrore non saranno pi\u00f9 venduti perch\u00e9 sostituiti dalla cronaca (grottescamente rosa).<\/p>\n","protected":false},"excerpt":{"rendered":"<p>La Nuova Bussola quotidiana 23 aprile 2016 di Tommaso Scandroglio In Spagna Telecinco trasmette da tempo un programma che si chiama C\u00e0mbiame. I partecipanti subiscono un cambiamento totale di look. Da brutti anatroccoli diventano affascinanti cigni. Qualche giorno fa partecipano Ana e Dani, lei di anni 27 e lui di anni 30.<\/p><p><a class=\"more-link btn\" href=\"https:\/\/www.rassegnastampa-totustuus.it\/cattolica\/lincesto-lultima-per-ora-frontiera-del-gender\/\">Continua a leggere<\/a><\/p>\n","protected":false},"author":6,"featured_media":33748,"comment_status":"closed","ping_status":"closed","sticky":false,"template":"","format":"standard","meta":{"footnotes":""},"categories":[125,25],"tags":[1898],"class_list":["post-33747","post","type-post","status-publish","format-standard","has-post-thumbnail","hentry","category-ideologia-del-gender","category-sguardo-sul-nostro-tempo","tag-incesto","item-wrap"],"yoast_head":"<!-- This site is optimized with the Yoast SEO plugin v27.5 - https:\/\/yoast.com\/product\/yoast-seo-wordpress\/ -->\n<title>L\u2019incesto? L\u2019ultima (per ora) frontiera del gender - Rassegna Stampa Cattolica<\/title>\n<meta name=\"description\" content=\"Rassegna Stampa Cattolica - Per una cultura che nasce dalla Rivelazione cristiana in conformit\u00e0 alla tradizione e al Magistero della Chiesa in opposizione ad ogni relativismo e totalitarismo\" \/>\n<meta name=\"robots\" content=\"index, follow, max-snippet:-1, max-image-preview:large, max-video-preview:-1\" \/>\n<link rel=\"canonical\" href=\"https:\/\/www.rassegnastampa-totustuus.it\/cattolica\/lincesto-lultima-per-ora-frontiera-del-gender\/\" \/>\n<meta property=\"og:locale\" content=\"it_IT\" \/>\n<meta property=\"og:type\" content=\"article\" \/>\n<meta property=\"og:title\" content=\"L\u2019incesto? L\u2019ultima (per ora) frontiera del gender - Rassegna Stampa Cattolica\" \/>\n<meta property=\"og:description\" content=\"Rassegna Stampa Cattolica - Per una cultura che nasce dalla Rivelazione cristiana in conformit\u00e0 alla tradizione e al Magistero della Chiesa in opposizione ad ogni relativismo e totalitarismo\" \/>\n<meta property=\"og:url\" content=\"https:\/\/www.rassegnastampa-totustuus.it\/cattolica\/lincesto-lultima-per-ora-frontiera-del-gender\/\" \/>\n<meta property=\"og:site_name\" content=\"Rassegna Stampa Cattolica\" \/>\n<meta property=\"article:publisher\" content=\"https:\/\/www.facebook.com\/rassegnastampacattolica\" \/>\n<meta property=\"article:published_time\" content=\"2016-05-04T22:00:03+00:00\" \/>\n<meta property=\"og:image\" content=\"https:\/\/www.rassegnastampa-totustuus.it\/cattolica\/wp-content\/uploads\/2016\/04\/incesto.jpg\" \/>\n\t<meta property=\"og:image:width\" content=\"298\" \/>\n\t<meta property=\"og:image:height\" content=\"169\" \/>\n\t<meta property=\"og:image:type\" content=\"image\/jpeg\" \/>\n<meta name=\"author\" content=\"Redazione\" \/>\n<meta name=\"twitter:card\" content=\"summary_large_image\" \/>\n<meta name=\"twitter:creator\" content=\"@rassegnastampa9\" \/>\n<meta name=\"twitter:site\" content=\"@rassegnastampa9\" \/>\n<meta name=\"twitter:label1\" content=\"Scritto da\" \/>\n\t<meta name=\"twitter:data1\" content=\"Redazione\" \/>\n\t<meta name=\"twitter:label2\" content=\"Tempo di lettura stimato\" \/>\n\t<meta name=\"twitter:data2\" content=\"5 minuti\" \/>\n<script type=\"application\/ld+json\" class=\"yoast-schema-graph\">{\"@context\":\"https:\\\/\\\/schema.org\",\"@graph\":[{\"@type\":\"Article\",\"@id\":\"https:\\\/\\\/www.rassegnastampa-totustuus.it\\\/cattolica\\\/lincesto-lultima-per-ora-frontiera-del-gender\\\/#article\",\"isPartOf\":{\"@id\":\"https:\\\/\\\/www.rassegnastampa-totustuus.it\\\/cattolica\\\/lincesto-lultima-per-ora-frontiera-del-gender\\\/\"},\"author\":{\"name\":\"Redazione\",\"@id\":\"https:\\\/\\\/www.rassegnastampa-totustuus.it\\\/cattolica\\\/#\\\/schema\\\/person\\\/08f319d2bd1a0904ad9e2bfb7b15e5c3\"},\"headline\":\"L\u2019incesto? L\u2019ultima (per ora) frontiera del gender\",\"datePublished\":\"2016-05-04T22:00:03+00:00\",\"mainEntityOfPage\":{\"@id\":\"https:\\\/\\\/www.rassegnastampa-totustuus.it\\\/cattolica\\\/lincesto-lultima-per-ora-frontiera-del-gender\\\/\"},\"wordCount\":998,\"publisher\":{\"@id\":\"https:\\\/\\\/www.rassegnastampa-totustuus.it\\\/cattolica\\\/#organization\"},\"image\":{\"@id\":\"https:\\\/\\\/www.rassegnastampa-totustuus.it\\\/cattolica\\\/lincesto-lultima-per-ora-frontiera-del-gender\\\/#primaryimage\"},\"thumbnailUrl\":\"https:\\\/\\\/www.rassegnastampa-totustuus.it\\\/cattolica\\\/wp-content\\\/uploads\\\/2016\\\/04\\\/incesto.jpg\",\"keywords\":[\"incesto\"],\"articleSection\":[\"Ideologia del gender\",\"Sguardo sul nostro tempo\"],\"inLanguage\":\"it-IT\"},{\"@type\":\"WebPage\",\"@id\":\"https:\\\/\\\/www.rassegnastampa-totustuus.it\\\/cattolica\\\/lincesto-lultima-per-ora-frontiera-del-gender\\\/\",\"url\":\"https:\\\/\\\/www.rassegnastampa-totustuus.it\\\/cattolica\\\/lincesto-lultima-per-ora-frontiera-del-gender\\\/\",\"name\":\"L\u2019incesto? L\u2019ultima (per ora) frontiera del gender - Rassegna Stampa Cattolica\",\"isPartOf\":{\"@id\":\"https:\\\/\\\/www.rassegnastampa-totustuus.it\\\/cattolica\\\/#website\"},\"primaryImageOfPage\":{\"@id\":\"https:\\\/\\\/www.rassegnastampa-totustuus.it\\\/cattolica\\\/lincesto-lultima-per-ora-frontiera-del-gender\\\/#primaryimage\"},\"image\":{\"@id\":\"https:\\\/\\\/www.rassegnastampa-totustuus.it\\\/cattolica\\\/lincesto-lultima-per-ora-frontiera-del-gender\\\/#primaryimage\"},\"thumbnailUrl\":\"https:\\\/\\\/www.rassegnastampa-totustuus.it\\\/cattolica\\\/wp-content\\\/uploads\\\/2016\\\/04\\\/incesto.jpg\",\"datePublished\":\"2016-05-04T22:00:03+00:00\",\"description\":\"Rassegna Stampa Cattolica - Per una cultura che nasce dalla Rivelazione cristiana in conformit\u00e0 alla tradizione e al Magistero della Chiesa in opposizione ad ogni relativismo e totalitarismo\",\"breadcrumb\":{\"@id\":\"https:\\\/\\\/www.rassegnastampa-totustuus.it\\\/cattolica\\\/lincesto-lultima-per-ora-frontiera-del-gender\\\/#breadcrumb\"},\"inLanguage\":\"it-IT\",\"potentialAction\":[{\"@type\":\"ReadAction\",\"target\":[\"https:\\\/\\\/www.rassegnastampa-totustuus.it\\\/cattolica\\\/lincesto-lultima-per-ora-frontiera-del-gender\\\/\"]}]},{\"@type\":\"ImageObject\",\"inLanguage\":\"it-IT\",\"@id\":\"https:\\\/\\\/www.rassegnastampa-totustuus.it\\\/cattolica\\\/lincesto-lultima-per-ora-frontiera-del-gender\\\/#primaryimage\",\"url\":\"https:\\\/\\\/www.rassegnastampa-totustuus.it\\\/cattolica\\\/wp-content\\\/uploads\\\/2016\\\/04\\\/incesto.jpg\",\"contentUrl\":\"https:\\\/\\\/www.rassegnastampa-totustuus.it\\\/cattolica\\\/wp-content\\\/uploads\\\/2016\\\/04\\\/incesto.jpg\",\"width\":298,\"height\":169},{\"@type\":\"BreadcrumbList\",\"@id\":\"https:\\\/\\\/www.rassegnastampa-totustuus.it\\\/cattolica\\\/lincesto-lultima-per-ora-frontiera-del-gender\\\/#breadcrumb\",\"itemListElement\":[{\"@type\":\"ListItem\",\"position\":1,\"name\":\"Home\",\"item\":\"https:\\\/\\\/www.rassegnastampa-totustuus.it\\\/cattolica\\\/\"},{\"@type\":\"ListItem\",\"position\":2,\"name\":\"L\u2019incesto? L\u2019ultima (per ora) frontiera del gender\"}]},{\"@type\":\"WebSite\",\"@id\":\"https:\\\/\\\/www.rassegnastampa-totustuus.it\\\/cattolica\\\/#website\",\"url\":\"https:\\\/\\\/www.rassegnastampa-totustuus.it\\\/cattolica\\\/\",\"name\":\"Rassegna Stampa Cattolica\",\"description\":\"Per una cultura che nasce dalla Rivelazione cristiana in conformit\u00e0 alla tradizione e al Magistero della Chiesa in opposizione ad ogni relativismo e totalitarismo\",\"publisher\":{\"@id\":\"https:\\\/\\\/www.rassegnastampa-totustuus.it\\\/cattolica\\\/#organization\"},\"alternateName\":\"Rass. Cattolica\",\"potentialAction\":[{\"@type\":\"SearchAction\",\"target\":{\"@type\":\"EntryPoint\",\"urlTemplate\":\"https:\\\/\\\/www.rassegnastampa-totustuus.it\\\/cattolica\\\/?s={search_term_string}\"},\"query-input\":{\"@type\":\"PropertyValueSpecification\",\"valueRequired\":true,\"valueName\":\"search_term_string\"}}],\"inLanguage\":\"it-IT\"},{\"@type\":\"Organization\",\"@id\":\"https:\\\/\\\/www.rassegnastampa-totustuus.it\\\/cattolica\\\/#organization\",\"name\":\"Rassegna Stampa Cattolica\",\"url\":\"https:\\\/\\\/www.rassegnastampa-totustuus.it\\\/cattolica\\\/\",\"logo\":{\"@type\":\"ImageObject\",\"inLanguage\":\"it-IT\",\"@id\":\"https:\\\/\\\/www.rassegnastampa-totustuus.it\\\/cattolica\\\/#\\\/schema\\\/logo\\\/image\\\/\",\"url\":\"https:\\\/\\\/www.rassegnastampa-totustuus.it\\\/cattolica\\\/wp-content\\\/uploads\\\/2014\\\/04\\\/logo-rassegna1.gif\",\"contentUrl\":\"https:\\\/\\\/www.rassegnastampa-totustuus.it\\\/cattolica\\\/wp-content\\\/uploads\\\/2014\\\/04\\\/logo-rassegna1.gif\",\"width\":600,\"height\":163,\"caption\":\"Rassegna Stampa Cattolica\"},\"image\":{\"@id\":\"https:\\\/\\\/www.rassegnastampa-totustuus.it\\\/cattolica\\\/#\\\/schema\\\/logo\\\/image\\\/\"},\"sameAs\":[\"https:\\\/\\\/www.facebook.com\\\/rassegnastampacattolica\",\"https:\\\/\\\/x.com\\\/rassegnastampa9\"]},{\"@type\":\"Person\",\"@id\":\"https:\\\/\\\/www.rassegnastampa-totustuus.it\\\/cattolica\\\/#\\\/schema\\\/person\\\/08f319d2bd1a0904ad9e2bfb7b15e5c3\",\"name\":\"Redazione\",\"image\":{\"@type\":\"ImageObject\",\"inLanguage\":\"it-IT\",\"@id\":\"https:\\\/\\\/secure.gravatar.com\\\/avatar\\\/2fcdf27c78ea025fbdb44e914cc63c72249ffec9dc8aafd5c82b26240ef3f346?s=96&d=mm&r=g\",\"url\":\"https:\\\/\\\/secure.gravatar.com\\\/avatar\\\/2fcdf27c78ea025fbdb44e914cc63c72249ffec9dc8aafd5c82b26240ef3f346?s=96&d=mm&r=g\",\"contentUrl\":\"https:\\\/\\\/secure.gravatar.com\\\/avatar\\\/2fcdf27c78ea025fbdb44e914cc63c72249ffec9dc8aafd5c82b26240ef3f346?s=96&d=mm&r=g\",\"caption\":\"Redazione\"},\"url\":\"https:\\\/\\\/www.rassegnastampa-totustuus.it\\\/cattolica\\\/author\\\/pietroelle\\\/\"}]}<\/script>\n<!-- \/ Yoast SEO plugin. -->","yoast_head_json":{"title":"L\u2019incesto? L\u2019ultima (per ora) frontiera del gender - Rassegna Stampa Cattolica","description":"Rassegna Stampa Cattolica - Per una cultura che nasce dalla Rivelazione cristiana in conformit\u00e0 alla tradizione e al Magistero della Chiesa in opposizione ad ogni relativismo e totalitarismo","robots":{"index":"index","follow":"follow","max-snippet":"max-snippet:-1","max-image-preview":"max-image-preview:large","max-video-preview":"max-video-preview:-1"},"canonical":"https:\/\/www.rassegnastampa-totustuus.it\/cattolica\/lincesto-lultima-per-ora-frontiera-del-gender\/","og_locale":"it_IT","og_type":"article","og_title":"L\u2019incesto? L\u2019ultima (per ora) frontiera del gender - Rassegna Stampa Cattolica","og_description":"Rassegna Stampa Cattolica - Per una cultura che nasce dalla Rivelazione cristiana in conformit\u00e0 alla tradizione e al Magistero della Chiesa in opposizione ad ogni relativismo e totalitarismo","og_url":"https:\/\/www.rassegnastampa-totustuus.it\/cattolica\/lincesto-lultima-per-ora-frontiera-del-gender\/","og_site_name":"Rassegna Stampa Cattolica","article_publisher":"https:\/\/www.facebook.com\/rassegnastampacattolica","article_published_time":"2016-05-04T22:00:03+00:00","og_image":[{"width":298,"height":169,"url":"https:\/\/www.rassegnastampa-totustuus.it\/cattolica\/wp-content\/uploads\/2016\/04\/incesto.jpg","type":"image\/jpeg"}],"author":"Redazione","twitter_card":"summary_large_image","twitter_creator":"@rassegnastampa9","twitter_site":"@rassegnastampa9","twitter_misc":{"Scritto da":"Redazione","Tempo di lettura stimato":"5 minuti"},"schema":{"@context":"https:\/\/schema.org","@graph":[{"@type":"Article","@id":"https:\/\/www.rassegnastampa-totustuus.it\/cattolica\/lincesto-lultima-per-ora-frontiera-del-gender\/#article","isPartOf":{"@id":"https:\/\/www.rassegnastampa-totustuus.it\/cattolica\/lincesto-lultima-per-ora-frontiera-del-gender\/"},"author":{"name":"Redazione","@id":"https:\/\/www.rassegnastampa-totustuus.it\/cattolica\/#\/schema\/person\/08f319d2bd1a0904ad9e2bfb7b15e5c3"},"headline":"L\u2019incesto? L\u2019ultima (per ora) frontiera del gender","datePublished":"2016-05-04T22:00:03+00:00","mainEntityOfPage":{"@id":"https:\/\/www.rassegnastampa-totustuus.it\/cattolica\/lincesto-lultima-per-ora-frontiera-del-gender\/"},"wordCount":998,"publisher":{"@id":"https:\/\/www.rassegnastampa-totustuus.it\/cattolica\/#organization"},"image":{"@id":"https:\/\/www.rassegnastampa-totustuus.it\/cattolica\/lincesto-lultima-per-ora-frontiera-del-gender\/#primaryimage"},"thumbnailUrl":"https:\/\/www.rassegnastampa-totustuus.it\/cattolica\/wp-content\/uploads\/2016\/04\/incesto.jpg","keywords":["incesto"],"articleSection":["Ideologia del gender","Sguardo sul nostro tempo"],"inLanguage":"it-IT"},{"@type":"WebPage","@id":"https:\/\/www.rassegnastampa-totustuus.it\/cattolica\/lincesto-lultima-per-ora-frontiera-del-gender\/","url":"https:\/\/www.rassegnastampa-totustuus.it\/cattolica\/lincesto-lultima-per-ora-frontiera-del-gender\/","name":"L\u2019incesto? L\u2019ultima (per ora) frontiera del gender - Rassegna Stampa Cattolica","isPartOf":{"@id":"https:\/\/www.rassegnastampa-totustuus.it\/cattolica\/#website"},"primaryImageOfPage":{"@id":"https:\/\/www.rassegnastampa-totustuus.it\/cattolica\/lincesto-lultima-per-ora-frontiera-del-gender\/#primaryimage"},"image":{"@id":"https:\/\/www.rassegnastampa-totustuus.it\/cattolica\/lincesto-lultima-per-ora-frontiera-del-gender\/#primaryimage"},"thumbnailUrl":"https:\/\/www.rassegnastampa-totustuus.it\/cattolica\/wp-content\/uploads\/2016\/04\/incesto.jpg","datePublished":"2016-05-04T22:00:03+00:00","description":"Rassegna Stampa Cattolica - Per una cultura che nasce dalla Rivelazione cristiana in conformit\u00e0 alla tradizione e al Magistero della Chiesa in opposizione ad ogni relativismo e totalitarismo","breadcrumb":{"@id":"https:\/\/www.rassegnastampa-totustuus.it\/cattolica\/lincesto-lultima-per-ora-frontiera-del-gender\/#breadcrumb"},"inLanguage":"it-IT","potentialAction":[{"@type":"ReadAction","target":["https:\/\/www.rassegnastampa-totustuus.it\/cattolica\/lincesto-lultima-per-ora-frontiera-del-gender\/"]}]},{"@type":"ImageObject","inLanguage":"it-IT","@id":"https:\/\/www.rassegnastampa-totustuus.it\/cattolica\/lincesto-lultima-per-ora-frontiera-del-gender\/#primaryimage","url":"https:\/\/www.rassegnastampa-totustuus.it\/cattolica\/wp-content\/uploads\/2016\/04\/incesto.jpg","contentUrl":"https:\/\/www.rassegnastampa-totustuus.it\/cattolica\/wp-content\/uploads\/2016\/04\/incesto.jpg","width":298,"height":169},{"@type":"BreadcrumbList","@id":"https:\/\/www.rassegnastampa-totustuus.it\/cattolica\/lincesto-lultima-per-ora-frontiera-del-gender\/#breadcrumb","itemListElement":[{"@type":"ListItem","position":1,"name":"Home","item":"https:\/\/www.rassegnastampa-totustuus.it\/cattolica\/"},{"@type":"ListItem","position":2,"name":"L\u2019incesto? L\u2019ultima (per ora) frontiera del gender"}]},{"@type":"WebSite","@id":"https:\/\/www.rassegnastampa-totustuus.it\/cattolica\/#website","url":"https:\/\/www.rassegnastampa-totustuus.it\/cattolica\/","name":"Rassegna Stampa Cattolica","description":"Per una cultura che nasce dalla Rivelazione cristiana in conformit\u00e0 alla tradizione e al Magistero della Chiesa in opposizione ad ogni relativismo e totalitarismo","publisher":{"@id":"https:\/\/www.rassegnastampa-totustuus.it\/cattolica\/#organization"},"alternateName":"Rass. Cattolica","potentialAction":[{"@type":"SearchAction","target":{"@type":"EntryPoint","urlTemplate":"https:\/\/www.rassegnastampa-totustuus.it\/cattolica\/?s={search_term_string}"},"query-input":{"@type":"PropertyValueSpecification","valueRequired":true,"valueName":"search_term_string"}}],"inLanguage":"it-IT"},{"@type":"Organization","@id":"https:\/\/www.rassegnastampa-totustuus.it\/cattolica\/#organization","name":"Rassegna Stampa Cattolica","url":"https:\/\/www.rassegnastampa-totustuus.it\/cattolica\/","logo":{"@type":"ImageObject","inLanguage":"it-IT","@id":"https:\/\/www.rassegnastampa-totustuus.it\/cattolica\/#\/schema\/logo\/image\/","url":"https:\/\/www.rassegnastampa-totustuus.it\/cattolica\/wp-content\/uploads\/2014\/04\/logo-rassegna1.gif","contentUrl":"https:\/\/www.rassegnastampa-totustuus.it\/cattolica\/wp-content\/uploads\/2014\/04\/logo-rassegna1.gif","width":600,"height":163,"caption":"Rassegna Stampa Cattolica"},"image":{"@id":"https:\/\/www.rassegnastampa-totustuus.it\/cattolica\/#\/schema\/logo\/image\/"},"sameAs":["https:\/\/www.facebook.com\/rassegnastampacattolica","https:\/\/x.com\/rassegnastampa9"]},{"@type":"Person","@id":"https:\/\/www.rassegnastampa-totustuus.it\/cattolica\/#\/schema\/person\/08f319d2bd1a0904ad9e2bfb7b15e5c3","name":"Redazione","image":{"@type":"ImageObject","inLanguage":"it-IT","@id":"https:\/\/secure.gravatar.com\/avatar\/2fcdf27c78ea025fbdb44e914cc63c72249ffec9dc8aafd5c82b26240ef3f346?s=96&d=mm&r=g","url":"https:\/\/secure.gravatar.com\/avatar\/2fcdf27c78ea025fbdb44e914cc63c72249ffec9dc8aafd5c82b26240ef3f346?s=96&d=mm&r=g","contentUrl":"https:\/\/secure.gravatar.com\/avatar\/2fcdf27c78ea025fbdb44e914cc63c72249ffec9dc8aafd5c82b26240ef3f346?s=96&d=mm&r=g","caption":"Redazione"},"url":"https:\/\/www.rassegnastampa-totustuus.it\/cattolica\/author\/pietroelle\/"}]}},"_links":{"self":[{"href":"https:\/\/www.rassegnastampa-totustuus.it\/cattolica\/wp-json\/wp\/v2\/posts\/33747","targetHints":{"allow":["GET"]}}],"collection":[{"href":"https:\/\/www.rassegnastampa-totustuus.it\/cattolica\/wp-json\/wp\/v2\/posts"}],"about":[{"href":"https:\/\/www.rassegnastampa-totustuus.it\/cattolica\/wp-json\/wp\/v2\/types\/post"}],"author":[{"embeddable":true,"href":"https:\/\/www.rassegnastampa-totustuus.it\/cattolica\/wp-json\/wp\/v2\/users\/6"}],"replies":[{"embeddable":true,"href":"https:\/\/www.rassegnastampa-totustuus.it\/cattolica\/wp-json\/wp\/v2\/comments?post=33747"}],"version-history":[{"count":1,"href":"https:\/\/www.rassegnastampa-totustuus.it\/cattolica\/wp-json\/wp\/v2\/posts\/33747\/revisions"}],"predecessor-version":[{"id":33749,"href":"https:\/\/www.rassegnastampa-totustuus.it\/cattolica\/wp-json\/wp\/v2\/posts\/33747\/revisions\/33749"}],"wp:featuredmedia":[{"embeddable":true,"href":"https:\/\/www.rassegnastampa-totustuus.it\/cattolica\/wp-json\/wp\/v2\/media\/33748"}],"wp:attachment":[{"href":"https:\/\/www.rassegnastampa-totustuus.it\/cattolica\/wp-json\/wp\/v2\/media?parent=33747"}],"wp:term":[{"taxonomy":"category","embeddable":true,"href":"https:\/\/www.rassegnastampa-totustuus.it\/cattolica\/wp-json\/wp\/v2\/categories?post=33747"},{"taxonomy":"post_tag","embeddable":true,"href":"https:\/\/www.rassegnastampa-totustuus.it\/cattolica\/wp-json\/wp\/v2\/tags?post=33747"}],"curies":[{"name":"wp","href":"https:\/\/api.w.org\/{rel}","templated":true}]}}