{"id":3356,"date":"2009-06-16T10:23:09","date_gmt":"2009-06-16T08:23:09","guid":{"rendered":""},"modified":"2015-11-19T15:32:45","modified_gmt":"2015-11-19T14:32:45","slug":"tutte-le-frescacce-raccontate-dagli-scienziati-sulla-medicina-predittiva","status":"publish","type":"post","link":"https:\/\/www.rassegnastampa-totustuus.it\/cattolica\/tutte-le-frescacce-raccontate-dagli-scienziati-sulla-medicina-predittiva\/","title":{"rendered":"Tutte le frescacce raccontate dagli scienziati sulla medicina predittiva"},"content":{"rendered":"<div style=\"text-align: center;\"><strong><a href=\"https:\/\/www.rassegnastampa-totustuus.it\/cattolica\/wp-content\/uploads\/2009\/06\/Dna.jpg\"><img loading=\"lazy\" decoding=\"async\" class=\"alignleft wp-image-27908\" src=\"https:\/\/www.rassegnastampa-totustuus.it\/cattolica\/wp-content\/uploads\/2009\/06\/Dna.jpg\" alt=\"Dna\" width=\"250\" height=\"137\" srcset=\"https:\/\/www.rassegnastampa-totustuus.it\/cattolica\/wp-content\/uploads\/2009\/06\/Dna.jpg 303w, https:\/\/www.rassegnastampa-totustuus.it\/cattolica\/wp-content\/uploads\/2009\/06\/Dna-300x164.jpg 300w\" sizes=\"auto, (max-width: 250px) 100vw, 250px\" \/><\/a>Il Foglio<\/strong> 21 aprile 2009<\/div>\n<p style=\"text-align: center;\">di <strong>Roberto Volpi<\/strong><\/p>\n<p style=\"text-align: justify;\">Toh, ora in molti ci danno dentro a denununciare che la mappatura del genoma in chiave di medicina predittiva (personalizzata) e tutti i test fioriti su questa base che avevano la pretesa di dirci di che morte avremmo dovuto morire se non avessimo seguito le debite istruzioni per fare lo slalom tra il 39 per cento di probabilit\u00e0 di beccare il tal tumore prima dei cinquanta e il 28 per cento di probabilit\u00e0 di incorrere in un infarto prima dei sessanta sono n\u00e9 pi\u00f9 n\u00e9 meno delle immani quanto pericolose frescacce.<\/p>\n<p><!--more--><\/p>\n<div style=\"text-align: justify;\">E&#8217; bastato che un&#8217;autorevole rivista medica americana prendesse posizione al riguardo e che il New York Times riportasse la notizia che i test del Dna non combinano niente di niente quando si tratta di prevedere le comuni malattie multifattoriali rispetto alle quali la componente genetica, oltre a essere una delle tante, non \u00e8 neppure chiaro come agisca, perch\u00e9 cominciassero a levarsi anche in Italia le voci dal coro di genetisti medici e biologi a rivendicare: ve lo avevamo detto noi.<\/div>\n<p style=\"text-align: justify;\">E invece no, non ci avevate detto proprio un bel niente voi, cari scienziati. E non avete scusanti, non potete neppure dire che dovevate aspettare per vedere che cosa i test del Dna avrebbero combinato all&#8217;atto pratico. Perch\u00e9 era chiarissimo da subito, da prima ancora che cominciasse la mappatura del genoma, che: a) le malattie monogeniche (dalla talassemia all&#8217;emofilia alla fibrosi cistica) sono un pugno di malattie rare ereditarie e che queste e solo queste sono &#8220;comandate&#8221; dai geni, anzi da un solo gene; b) che i polimorfismi, ovvero le varianti genetiche presumibilmente collegate alle comuni malattie come il cancro, il diabete, l&#8217;ipertensione sono un&#8217;infinit\u00e0 e agiscono tutt&#8217;altro che linearmente; e) che un conto \u00e8 il genotipo e un altro \u00e8 il fenotipo.<\/p>\n<p style=\"text-align: justify;\">Proprio voi, cari i miei scienziati, avete fatto s\u00ec che si annebbiasse fin quasi a scomparire quest&#8217;ultima, decisiva distinzione. Il genotipo di un organismo \u00e8 l&#8217;insieme dei suoi geni cos\u00ec come sono allineati nel suo Dna. Ma il fenotipo \u00e8 l&#8217;insieme delle caratteristiche fisiche, psichiche e psicosomatiche dell&#8217;individuo cos\u00ec come si evolvono e si presentano in un dato momento storico, in un dato ambiente, all&#8217;interno di un dato complesso,di circostanze, molte delle quali casuali, che fanno &#8211; momento storico ambiente e circostanze &#8211; la vita, la singola e irripetibile vita dei singoli individui.<\/p>\n<p style=\"text-align: justify;\"><strong>Il vizio del fumo<\/strong><\/p>\n<p style=\"text-align: justify;\">E se \u00e8 vero che il genotipo agisce, ma tutt&#8217;altro che univocamente e causalmente, sul fenotipo, \u00e8 ncora pi\u00f9 vero che la vita nell&#8217;accezione sopra indicata agisce decisamente di pi\u00f9 nel fare del fenotipo &#8220;quel&#8221; fenotipo e non un altro. Due gemelli omozigoti con gli stessi gameti e lo stesso Dna sono capaci di sviluppare vite diversissime, e dunque personalit\u00e0, modi di essere e di fare, salute e malattie, agli antipodi, se allevati con stili di vita e in circostanze distanti tra loro.<\/p>\n<p style=\"text-align: justify;\">Solo una &#8220;genomania&#8221; disseminata a piene mani, del tutto acriticamente dai &#8220;pulpiti&#8221; e dalle &#8220;voci&#8221; che avrebbero dovuto metterci in guardia da essa ha fatto s\u00ec che si perdesse la distinzione tra genotipo e fenotipo e che venisse inculcata nei cervelli delle persone l&#8217;incredibile, oltraggiosa e perniciosa fandonia che ciascuno di noi non sarebbe altro che l&#8217;insieme dei suoi geni.<\/p>\n<p style=\"text-align: justify;\">Chi se non voi, cari i miei scienziati, ha portato la ricerca sui geni fino a vette tali da imputare a qualche loro variante o azione, che so, l&#8217;espressione del voto? o il fatto di preferire la birra invece che l&#8217;aranciata? il vizio del fumo o la passione per le droghe? la ricerca di un partner che assomiglia al padre o la mania per l&#8217;ordine piuttosto che la spinta a fare casino? Non vi bastavano i geni della criminalit\u00e0, siete arrivati a quelli dell&#8217;immortalit\u00e0. E non ci si venga a dire che si tratta di esagerazioni giornalistiche, perch\u00e9 dietro ogni esagerazione c&#8217;\u00e8 l\u2019intervista d\u00ec qualche addetto ai lavori, c&#8217;\u00e8 la scoperta di qualche gruppo di ricercatori.<\/p>\n<p style=\"text-align: justify;\">N\u00e9 la ritirata dagli avamposti occupati dalla simil scienza, dall&#8217;ideologia scientifica, dal moderno pensiero magico contrabbandato per scientifico all&#8217;ombra del nuovo idolo genomico, si annuncia senza resistenze. Basta legg\u00e8re il fondo di uno dei pi\u00f9 autorevoli dei nostri scienziati, Edoardo Boncinelli, sul Corriere del 18 aprile per capirlo: &#8220;Tra tutte le cose Belle che se, ne poteva dire [dello studio del genoma] i media hanno sottolineato e il grande pubblico ha colto soprattutto l&#8217;aspetto predittivo&#8221;, ovvero che &#8220;si sarebbe potuto preved\u00e9re con grande anticipo alcune malattie che avrebbero poi colto questa o quella persona nel corso della sua vita&#8221;. Insomma, che colpa ha la scienza se i media tirano a sorprendere per fare ascolti e il grande pubblico si lascia abbindolare?<\/p>\n<p style=\"text-align: justify;\">Ges\u00f9. Vien voglia di mondare la casa di Boncinelli di tutta la carta con su scritta l&#8217;ininterrotta sequela di dichiarazioni, proclami e assicurazioni di fior di scienziati che questo sostengono, che le malattie potranno essere previste, che arrivare a 120 anni sar\u00e0 un gioco da ragazzi grazie alla predizione fondata sulla genetica Lo stesso Boncinelli cerca di salvare il salvabile dei test del Dna con tre consigli: 1) Informarsi bene su quali sono utili e quali inutili. 2) Fra i test utili farsi consigliare quale fare \u00e8 magari rifare dove e come. 3) Non leggere mai da soli i risultati dei test, ma farseli spiegare da chi ne capisce, di solito un genetista medico.<\/p>\n<p style=\"text-align: justify;\">Dopo il medico di fiducia si annuncia l&#8217;era del genetista di fiducia. Fioriranno nuove professioni, nuovi bisogni sbocceranno e sotto un&#8217;altra forma riprender\u00e0 magari slancio il formidabile progetto riassumibile nelle parole di Don Verz\u00e9: &#8220;La genomica e la proteomica [sic!] ci pongono ormai nella condizione di prevedere fin dal nostro embrione che cosa andr\u00e0 succedendo nelle fasi del nostro evolvere infantile, giovanile, maturo&#8221;?<\/p>\n<p style=\"text-align: justify;\">Puro delirio, come attestano anche i dati che arrivano dall&#8217;America, Non ci voleva molto per capirlo, ma se aspettavamo i nostri scienziati ancora staremmo agli applausi oceanici, ai cappelli scagliati contro: il cielo in segno di giubilo. Del resto non \u00e8 detto affatto che ci siamo ormai tirati fuori da una tale atmosfera. Avranno da arrivarcene ancora, di avvertimenti dall&#8217;America, prima che ci decidiamo a metterci un frego sopra.<\/p>\n","protected":false},"excerpt":{"rendered":"<p>Il Foglio 21 aprile 2009 di Roberto Volpi Toh, ora in molti ci danno dentro a denununciare che la mappatura del genoma in chiave di medicina predittiva (personalizzata) e tutti i test fioriti su questa base che avevano la pretesa di dirci di che morte avremmo dovuto morire se non avessimo seguito le debite istruzioni &hellip; <\/p>\n<p><a class=\"more-link btn\" href=\"https:\/\/www.rassegnastampa-totustuus.it\/cattolica\/tutte-le-frescacce-raccontate-dagli-scienziati-sulla-medicina-predittiva\/\">Continua a leggere<\/a><\/p>\n","protected":false},"author":6,"featured_media":27908,"comment_status":"closed","ping_status":"open","sticky":false,"template":"","format":"standard","meta":{"footnotes":""},"categories":[22],"tags":[1652],"class_list":["post-3356","post","type-post","status-publish","format-standard","has-post-thumbnail","hentry","category-scienza","tag-medicina-predittiva","item-wrap"],"yoast_head":"<!-- This site is optimized with the Yoast SEO plugin v27.5 - https:\/\/yoast.com\/product\/yoast-seo-wordpress\/ -->\n<title>Tutte le frescacce raccontate dagli scienziati sulla medicina predittiva - Rassegna Stampa Cattolica<\/title>\n<meta name=\"description\" content=\"Rassegna Stampa Cattolica - Per una cultura che nasce dalla Rivelazione cristiana in conformit\u00e0 alla tradizione e al Magistero della Chiesa in opposizione ad ogni relativismo e totalitarismo\" \/>\n<meta name=\"robots\" content=\"index, follow, max-snippet:-1, max-image-preview:large, max-video-preview:-1\" \/>\n<link rel=\"canonical\" href=\"https:\/\/www.rassegnastampa-totustuus.it\/cattolica\/tutte-le-frescacce-raccontate-dagli-scienziati-sulla-medicina-predittiva\/\" \/>\n<meta property=\"og:locale\" content=\"it_IT\" \/>\n<meta property=\"og:type\" content=\"article\" \/>\n<meta property=\"og:title\" content=\"Tutte le frescacce raccontate dagli scienziati sulla medicina predittiva - Rassegna Stampa Cattolica\" \/>\n<meta property=\"og:description\" content=\"Rassegna Stampa Cattolica - Per una cultura che nasce dalla Rivelazione cristiana in conformit\u00e0 alla tradizione e al Magistero della Chiesa in opposizione ad ogni relativismo e totalitarismo\" \/>\n<meta property=\"og:url\" content=\"https:\/\/www.rassegnastampa-totustuus.it\/cattolica\/tutte-le-frescacce-raccontate-dagli-scienziati-sulla-medicina-predittiva\/\" \/>\n<meta property=\"og:site_name\" content=\"Rassegna Stampa Cattolica\" \/>\n<meta property=\"article:publisher\" content=\"https:\/\/www.facebook.com\/rassegnastampacattolica\" \/>\n<meta property=\"article:published_time\" content=\"2009-06-16T08:23:09+00:00\" \/>\n<meta property=\"article:modified_time\" content=\"2015-11-19T14:32:45+00:00\" \/>\n<meta property=\"og:image\" content=\"https:\/\/www.rassegnastampa-totustuus.it\/cattolica\/wp-content\/uploads\/2009\/06\/Dna.jpg\" \/>\n\t<meta property=\"og:image:width\" content=\"303\" \/>\n\t<meta property=\"og:image:height\" content=\"166\" \/>\n\t<meta property=\"og:image:type\" content=\"image\/jpeg\" \/>\n<meta name=\"author\" content=\"Redazione\" \/>\n<meta name=\"twitter:card\" content=\"summary_large_image\" \/>\n<meta name=\"twitter:creator\" content=\"@rassegnastampa9\" \/>\n<meta name=\"twitter:site\" content=\"@rassegnastampa9\" \/>\n<meta name=\"twitter:label1\" content=\"Scritto da\" \/>\n\t<meta name=\"twitter:data1\" content=\"Redazione\" \/>\n\t<meta name=\"twitter:label2\" content=\"Tempo di lettura stimato\" \/>\n\t<meta name=\"twitter:data2\" content=\"5 minuti\" \/>\n<script type=\"application\/ld+json\" class=\"yoast-schema-graph\">{\"@context\":\"https:\\\/\\\/schema.org\",\"@graph\":[{\"@type\":\"Article\",\"@id\":\"https:\\\/\\\/www.rassegnastampa-totustuus.it\\\/cattolica\\\/tutte-le-frescacce-raccontate-dagli-scienziati-sulla-medicina-predittiva\\\/#article\",\"isPartOf\":{\"@id\":\"https:\\\/\\\/www.rassegnastampa-totustuus.it\\\/cattolica\\\/tutte-le-frescacce-raccontate-dagli-scienziati-sulla-medicina-predittiva\\\/\"},\"author\":{\"name\":\"Redazione\",\"@id\":\"https:\\\/\\\/www.rassegnastampa-totustuus.it\\\/cattolica\\\/#\\\/schema\\\/person\\\/08f319d2bd1a0904ad9e2bfb7b15e5c3\"},\"headline\":\"Tutte le frescacce raccontate dagli scienziati sulla medicina predittiva\",\"datePublished\":\"2009-06-16T08:23:09+00:00\",\"dateModified\":\"2015-11-19T14:32:45+00:00\",\"mainEntityOfPage\":{\"@id\":\"https:\\\/\\\/www.rassegnastampa-totustuus.it\\\/cattolica\\\/tutte-le-frescacce-raccontate-dagli-scienziati-sulla-medicina-predittiva\\\/\"},\"wordCount\":1047,\"publisher\":{\"@id\":\"https:\\\/\\\/www.rassegnastampa-totustuus.it\\\/cattolica\\\/#organization\"},\"image\":{\"@id\":\"https:\\\/\\\/www.rassegnastampa-totustuus.it\\\/cattolica\\\/tutte-le-frescacce-raccontate-dagli-scienziati-sulla-medicina-predittiva\\\/#primaryimage\"},\"thumbnailUrl\":\"https:\\\/\\\/www.rassegnastampa-totustuus.it\\\/cattolica\\\/wp-content\\\/uploads\\\/2009\\\/06\\\/Dna.jpg\",\"keywords\":[\"medicina predittiva\"],\"articleSection\":[\"Scienza\"],\"inLanguage\":\"it-IT\"},{\"@type\":\"WebPage\",\"@id\":\"https:\\\/\\\/www.rassegnastampa-totustuus.it\\\/cattolica\\\/tutte-le-frescacce-raccontate-dagli-scienziati-sulla-medicina-predittiva\\\/\",\"url\":\"https:\\\/\\\/www.rassegnastampa-totustuus.it\\\/cattolica\\\/tutte-le-frescacce-raccontate-dagli-scienziati-sulla-medicina-predittiva\\\/\",\"name\":\"Tutte le frescacce raccontate dagli scienziati sulla medicina predittiva - Rassegna Stampa Cattolica\",\"isPartOf\":{\"@id\":\"https:\\\/\\\/www.rassegnastampa-totustuus.it\\\/cattolica\\\/#website\"},\"primaryImageOfPage\":{\"@id\":\"https:\\\/\\\/www.rassegnastampa-totustuus.it\\\/cattolica\\\/tutte-le-frescacce-raccontate-dagli-scienziati-sulla-medicina-predittiva\\\/#primaryimage\"},\"image\":{\"@id\":\"https:\\\/\\\/www.rassegnastampa-totustuus.it\\\/cattolica\\\/tutte-le-frescacce-raccontate-dagli-scienziati-sulla-medicina-predittiva\\\/#primaryimage\"},\"thumbnailUrl\":\"https:\\\/\\\/www.rassegnastampa-totustuus.it\\\/cattolica\\\/wp-content\\\/uploads\\\/2009\\\/06\\\/Dna.jpg\",\"datePublished\":\"2009-06-16T08:23:09+00:00\",\"dateModified\":\"2015-11-19T14:32:45+00:00\",\"description\":\"Rassegna Stampa Cattolica - Per una cultura che nasce dalla Rivelazione cristiana in conformit\u00e0 alla tradizione e al Magistero della Chiesa in opposizione ad ogni relativismo e totalitarismo\",\"breadcrumb\":{\"@id\":\"https:\\\/\\\/www.rassegnastampa-totustuus.it\\\/cattolica\\\/tutte-le-frescacce-raccontate-dagli-scienziati-sulla-medicina-predittiva\\\/#breadcrumb\"},\"inLanguage\":\"it-IT\",\"potentialAction\":[{\"@type\":\"ReadAction\",\"target\":[\"https:\\\/\\\/www.rassegnastampa-totustuus.it\\\/cattolica\\\/tutte-le-frescacce-raccontate-dagli-scienziati-sulla-medicina-predittiva\\\/\"]}]},{\"@type\":\"ImageObject\",\"inLanguage\":\"it-IT\",\"@id\":\"https:\\\/\\\/www.rassegnastampa-totustuus.it\\\/cattolica\\\/tutte-le-frescacce-raccontate-dagli-scienziati-sulla-medicina-predittiva\\\/#primaryimage\",\"url\":\"https:\\\/\\\/www.rassegnastampa-totustuus.it\\\/cattolica\\\/wp-content\\\/uploads\\\/2009\\\/06\\\/Dna.jpg\",\"contentUrl\":\"https:\\\/\\\/www.rassegnastampa-totustuus.it\\\/cattolica\\\/wp-content\\\/uploads\\\/2009\\\/06\\\/Dna.jpg\",\"width\":303,\"height\":166},{\"@type\":\"BreadcrumbList\",\"@id\":\"https:\\\/\\\/www.rassegnastampa-totustuus.it\\\/cattolica\\\/tutte-le-frescacce-raccontate-dagli-scienziati-sulla-medicina-predittiva\\\/#breadcrumb\",\"itemListElement\":[{\"@type\":\"ListItem\",\"position\":1,\"name\":\"Home\",\"item\":\"https:\\\/\\\/www.rassegnastampa-totustuus.it\\\/cattolica\\\/\"},{\"@type\":\"ListItem\",\"position\":2,\"name\":\"Tutte le frescacce raccontate dagli scienziati sulla medicina predittiva\"}]},{\"@type\":\"WebSite\",\"@id\":\"https:\\\/\\\/www.rassegnastampa-totustuus.it\\\/cattolica\\\/#website\",\"url\":\"https:\\\/\\\/www.rassegnastampa-totustuus.it\\\/cattolica\\\/\",\"name\":\"Rassegna Stampa Cattolica\",\"description\":\"Per una cultura che nasce dalla Rivelazione cristiana in conformit\u00e0 alla tradizione e al Magistero della Chiesa in opposizione ad ogni relativismo e totalitarismo\",\"publisher\":{\"@id\":\"https:\\\/\\\/www.rassegnastampa-totustuus.it\\\/cattolica\\\/#organization\"},\"alternateName\":\"Rass. Cattolica\",\"potentialAction\":[{\"@type\":\"SearchAction\",\"target\":{\"@type\":\"EntryPoint\",\"urlTemplate\":\"https:\\\/\\\/www.rassegnastampa-totustuus.it\\\/cattolica\\\/?s={search_term_string}\"},\"query-input\":{\"@type\":\"PropertyValueSpecification\",\"valueRequired\":true,\"valueName\":\"search_term_string\"}}],\"inLanguage\":\"it-IT\"},{\"@type\":\"Organization\",\"@id\":\"https:\\\/\\\/www.rassegnastampa-totustuus.it\\\/cattolica\\\/#organization\",\"name\":\"Rassegna Stampa Cattolica\",\"url\":\"https:\\\/\\\/www.rassegnastampa-totustuus.it\\\/cattolica\\\/\",\"logo\":{\"@type\":\"ImageObject\",\"inLanguage\":\"it-IT\",\"@id\":\"https:\\\/\\\/www.rassegnastampa-totustuus.it\\\/cattolica\\\/#\\\/schema\\\/logo\\\/image\\\/\",\"url\":\"https:\\\/\\\/www.rassegnastampa-totustuus.it\\\/cattolica\\\/wp-content\\\/uploads\\\/2014\\\/04\\\/logo-rassegna1.gif\",\"contentUrl\":\"https:\\\/\\\/www.rassegnastampa-totustuus.it\\\/cattolica\\\/wp-content\\\/uploads\\\/2014\\\/04\\\/logo-rassegna1.gif\",\"width\":600,\"height\":163,\"caption\":\"Rassegna Stampa Cattolica\"},\"image\":{\"@id\":\"https:\\\/\\\/www.rassegnastampa-totustuus.it\\\/cattolica\\\/#\\\/schema\\\/logo\\\/image\\\/\"},\"sameAs\":[\"https:\\\/\\\/www.facebook.com\\\/rassegnastampacattolica\",\"https:\\\/\\\/x.com\\\/rassegnastampa9\"]},{\"@type\":\"Person\",\"@id\":\"https:\\\/\\\/www.rassegnastampa-totustuus.it\\\/cattolica\\\/#\\\/schema\\\/person\\\/08f319d2bd1a0904ad9e2bfb7b15e5c3\",\"name\":\"Redazione\",\"image\":{\"@type\":\"ImageObject\",\"inLanguage\":\"it-IT\",\"@id\":\"https:\\\/\\\/secure.gravatar.com\\\/avatar\\\/2fcdf27c78ea025fbdb44e914cc63c72249ffec9dc8aafd5c82b26240ef3f346?s=96&d=mm&r=g\",\"url\":\"https:\\\/\\\/secure.gravatar.com\\\/avatar\\\/2fcdf27c78ea025fbdb44e914cc63c72249ffec9dc8aafd5c82b26240ef3f346?s=96&d=mm&r=g\",\"contentUrl\":\"https:\\\/\\\/secure.gravatar.com\\\/avatar\\\/2fcdf27c78ea025fbdb44e914cc63c72249ffec9dc8aafd5c82b26240ef3f346?s=96&d=mm&r=g\",\"caption\":\"Redazione\"},\"url\":\"https:\\\/\\\/www.rassegnastampa-totustuus.it\\\/cattolica\\\/author\\\/pietroelle\\\/\"}]}<\/script>\n<!-- \/ Yoast SEO plugin. -->","yoast_head_json":{"title":"Tutte le frescacce raccontate dagli scienziati sulla medicina predittiva - Rassegna Stampa Cattolica","description":"Rassegna Stampa Cattolica - Per una cultura che nasce dalla Rivelazione cristiana in conformit\u00e0 alla tradizione e al Magistero della Chiesa in opposizione ad ogni relativismo e totalitarismo","robots":{"index":"index","follow":"follow","max-snippet":"max-snippet:-1","max-image-preview":"max-image-preview:large","max-video-preview":"max-video-preview:-1"},"canonical":"https:\/\/www.rassegnastampa-totustuus.it\/cattolica\/tutte-le-frescacce-raccontate-dagli-scienziati-sulla-medicina-predittiva\/","og_locale":"it_IT","og_type":"article","og_title":"Tutte le frescacce raccontate dagli scienziati sulla medicina predittiva - Rassegna Stampa Cattolica","og_description":"Rassegna Stampa Cattolica - Per una cultura che nasce dalla Rivelazione cristiana in conformit\u00e0 alla tradizione e al Magistero della Chiesa in opposizione ad ogni relativismo e totalitarismo","og_url":"https:\/\/www.rassegnastampa-totustuus.it\/cattolica\/tutte-le-frescacce-raccontate-dagli-scienziati-sulla-medicina-predittiva\/","og_site_name":"Rassegna Stampa Cattolica","article_publisher":"https:\/\/www.facebook.com\/rassegnastampacattolica","article_published_time":"2009-06-16T08:23:09+00:00","article_modified_time":"2015-11-19T14:32:45+00:00","og_image":[{"width":303,"height":166,"url":"https:\/\/www.rassegnastampa-totustuus.it\/cattolica\/wp-content\/uploads\/2009\/06\/Dna.jpg","type":"image\/jpeg"}],"author":"Redazione","twitter_card":"summary_large_image","twitter_creator":"@rassegnastampa9","twitter_site":"@rassegnastampa9","twitter_misc":{"Scritto da":"Redazione","Tempo di lettura stimato":"5 minuti"},"schema":{"@context":"https:\/\/schema.org","@graph":[{"@type":"Article","@id":"https:\/\/www.rassegnastampa-totustuus.it\/cattolica\/tutte-le-frescacce-raccontate-dagli-scienziati-sulla-medicina-predittiva\/#article","isPartOf":{"@id":"https:\/\/www.rassegnastampa-totustuus.it\/cattolica\/tutte-le-frescacce-raccontate-dagli-scienziati-sulla-medicina-predittiva\/"},"author":{"name":"Redazione","@id":"https:\/\/www.rassegnastampa-totustuus.it\/cattolica\/#\/schema\/person\/08f319d2bd1a0904ad9e2bfb7b15e5c3"},"headline":"Tutte le frescacce raccontate dagli scienziati sulla medicina predittiva","datePublished":"2009-06-16T08:23:09+00:00","dateModified":"2015-11-19T14:32:45+00:00","mainEntityOfPage":{"@id":"https:\/\/www.rassegnastampa-totustuus.it\/cattolica\/tutte-le-frescacce-raccontate-dagli-scienziati-sulla-medicina-predittiva\/"},"wordCount":1047,"publisher":{"@id":"https:\/\/www.rassegnastampa-totustuus.it\/cattolica\/#organization"},"image":{"@id":"https:\/\/www.rassegnastampa-totustuus.it\/cattolica\/tutte-le-frescacce-raccontate-dagli-scienziati-sulla-medicina-predittiva\/#primaryimage"},"thumbnailUrl":"https:\/\/www.rassegnastampa-totustuus.it\/cattolica\/wp-content\/uploads\/2009\/06\/Dna.jpg","keywords":["medicina predittiva"],"articleSection":["Scienza"],"inLanguage":"it-IT"},{"@type":"WebPage","@id":"https:\/\/www.rassegnastampa-totustuus.it\/cattolica\/tutte-le-frescacce-raccontate-dagli-scienziati-sulla-medicina-predittiva\/","url":"https:\/\/www.rassegnastampa-totustuus.it\/cattolica\/tutte-le-frescacce-raccontate-dagli-scienziati-sulla-medicina-predittiva\/","name":"Tutte le frescacce raccontate dagli scienziati sulla medicina predittiva - Rassegna Stampa Cattolica","isPartOf":{"@id":"https:\/\/www.rassegnastampa-totustuus.it\/cattolica\/#website"},"primaryImageOfPage":{"@id":"https:\/\/www.rassegnastampa-totustuus.it\/cattolica\/tutte-le-frescacce-raccontate-dagli-scienziati-sulla-medicina-predittiva\/#primaryimage"},"image":{"@id":"https:\/\/www.rassegnastampa-totustuus.it\/cattolica\/tutte-le-frescacce-raccontate-dagli-scienziati-sulla-medicina-predittiva\/#primaryimage"},"thumbnailUrl":"https:\/\/www.rassegnastampa-totustuus.it\/cattolica\/wp-content\/uploads\/2009\/06\/Dna.jpg","datePublished":"2009-06-16T08:23:09+00:00","dateModified":"2015-11-19T14:32:45+00:00","description":"Rassegna Stampa Cattolica - Per una cultura che nasce dalla Rivelazione cristiana in conformit\u00e0 alla tradizione e al Magistero della Chiesa in opposizione ad ogni relativismo e totalitarismo","breadcrumb":{"@id":"https:\/\/www.rassegnastampa-totustuus.it\/cattolica\/tutte-le-frescacce-raccontate-dagli-scienziati-sulla-medicina-predittiva\/#breadcrumb"},"inLanguage":"it-IT","potentialAction":[{"@type":"ReadAction","target":["https:\/\/www.rassegnastampa-totustuus.it\/cattolica\/tutte-le-frescacce-raccontate-dagli-scienziati-sulla-medicina-predittiva\/"]}]},{"@type":"ImageObject","inLanguage":"it-IT","@id":"https:\/\/www.rassegnastampa-totustuus.it\/cattolica\/tutte-le-frescacce-raccontate-dagli-scienziati-sulla-medicina-predittiva\/#primaryimage","url":"https:\/\/www.rassegnastampa-totustuus.it\/cattolica\/wp-content\/uploads\/2009\/06\/Dna.jpg","contentUrl":"https:\/\/www.rassegnastampa-totustuus.it\/cattolica\/wp-content\/uploads\/2009\/06\/Dna.jpg","width":303,"height":166},{"@type":"BreadcrumbList","@id":"https:\/\/www.rassegnastampa-totustuus.it\/cattolica\/tutte-le-frescacce-raccontate-dagli-scienziati-sulla-medicina-predittiva\/#breadcrumb","itemListElement":[{"@type":"ListItem","position":1,"name":"Home","item":"https:\/\/www.rassegnastampa-totustuus.it\/cattolica\/"},{"@type":"ListItem","position":2,"name":"Tutte le frescacce raccontate dagli scienziati sulla medicina predittiva"}]},{"@type":"WebSite","@id":"https:\/\/www.rassegnastampa-totustuus.it\/cattolica\/#website","url":"https:\/\/www.rassegnastampa-totustuus.it\/cattolica\/","name":"Rassegna Stampa Cattolica","description":"Per una cultura che nasce dalla Rivelazione cristiana in conformit\u00e0 alla tradizione e al Magistero della Chiesa in opposizione ad ogni relativismo e totalitarismo","publisher":{"@id":"https:\/\/www.rassegnastampa-totustuus.it\/cattolica\/#organization"},"alternateName":"Rass. Cattolica","potentialAction":[{"@type":"SearchAction","target":{"@type":"EntryPoint","urlTemplate":"https:\/\/www.rassegnastampa-totustuus.it\/cattolica\/?s={search_term_string}"},"query-input":{"@type":"PropertyValueSpecification","valueRequired":true,"valueName":"search_term_string"}}],"inLanguage":"it-IT"},{"@type":"Organization","@id":"https:\/\/www.rassegnastampa-totustuus.it\/cattolica\/#organization","name":"Rassegna Stampa Cattolica","url":"https:\/\/www.rassegnastampa-totustuus.it\/cattolica\/","logo":{"@type":"ImageObject","inLanguage":"it-IT","@id":"https:\/\/www.rassegnastampa-totustuus.it\/cattolica\/#\/schema\/logo\/image\/","url":"https:\/\/www.rassegnastampa-totustuus.it\/cattolica\/wp-content\/uploads\/2014\/04\/logo-rassegna1.gif","contentUrl":"https:\/\/www.rassegnastampa-totustuus.it\/cattolica\/wp-content\/uploads\/2014\/04\/logo-rassegna1.gif","width":600,"height":163,"caption":"Rassegna Stampa Cattolica"},"image":{"@id":"https:\/\/www.rassegnastampa-totustuus.it\/cattolica\/#\/schema\/logo\/image\/"},"sameAs":["https:\/\/www.facebook.com\/rassegnastampacattolica","https:\/\/x.com\/rassegnastampa9"]},{"@type":"Person","@id":"https:\/\/www.rassegnastampa-totustuus.it\/cattolica\/#\/schema\/person\/08f319d2bd1a0904ad9e2bfb7b15e5c3","name":"Redazione","image":{"@type":"ImageObject","inLanguage":"it-IT","@id":"https:\/\/secure.gravatar.com\/avatar\/2fcdf27c78ea025fbdb44e914cc63c72249ffec9dc8aafd5c82b26240ef3f346?s=96&d=mm&r=g","url":"https:\/\/secure.gravatar.com\/avatar\/2fcdf27c78ea025fbdb44e914cc63c72249ffec9dc8aafd5c82b26240ef3f346?s=96&d=mm&r=g","contentUrl":"https:\/\/secure.gravatar.com\/avatar\/2fcdf27c78ea025fbdb44e914cc63c72249ffec9dc8aafd5c82b26240ef3f346?s=96&d=mm&r=g","caption":"Redazione"},"url":"https:\/\/www.rassegnastampa-totustuus.it\/cattolica\/author\/pietroelle\/"}]}},"_links":{"self":[{"href":"https:\/\/www.rassegnastampa-totustuus.it\/cattolica\/wp-json\/wp\/v2\/posts\/3356","targetHints":{"allow":["GET"]}}],"collection":[{"href":"https:\/\/www.rassegnastampa-totustuus.it\/cattolica\/wp-json\/wp\/v2\/posts"}],"about":[{"href":"https:\/\/www.rassegnastampa-totustuus.it\/cattolica\/wp-json\/wp\/v2\/types\/post"}],"author":[{"embeddable":true,"href":"https:\/\/www.rassegnastampa-totustuus.it\/cattolica\/wp-json\/wp\/v2\/users\/6"}],"replies":[{"embeddable":true,"href":"https:\/\/www.rassegnastampa-totustuus.it\/cattolica\/wp-json\/wp\/v2\/comments?post=3356"}],"version-history":[{"count":4,"href":"https:\/\/www.rassegnastampa-totustuus.it\/cattolica\/wp-json\/wp\/v2\/posts\/3356\/revisions"}],"predecessor-version":[{"id":27909,"href":"https:\/\/www.rassegnastampa-totustuus.it\/cattolica\/wp-json\/wp\/v2\/posts\/3356\/revisions\/27909"}],"wp:featuredmedia":[{"embeddable":true,"href":"https:\/\/www.rassegnastampa-totustuus.it\/cattolica\/wp-json\/wp\/v2\/media\/27908"}],"wp:attachment":[{"href":"https:\/\/www.rassegnastampa-totustuus.it\/cattolica\/wp-json\/wp\/v2\/media?parent=3356"}],"wp:term":[{"taxonomy":"category","embeddable":true,"href":"https:\/\/www.rassegnastampa-totustuus.it\/cattolica\/wp-json\/wp\/v2\/categories?post=3356"},{"taxonomy":"post_tag","embeddable":true,"href":"https:\/\/www.rassegnastampa-totustuus.it\/cattolica\/wp-json\/wp\/v2\/tags?post=3356"}],"curies":[{"name":"wp","href":"https:\/\/api.w.org\/{rel}","templated":true}]}}