{"id":3346,"date":"2009-06-11T00:00:00","date_gmt":"2009-06-10T22:00:00","guid":{"rendered":""},"modified":"2019-10-18T10:21:11","modified_gmt":"2019-10-18T08:21:11","slug":"schedato-dalla-stasi","status":"publish","type":"post","link":"https:\/\/www.rassegnastampa-totustuus.it\/cattolica\/schedato-dalla-stasi\/","title":{"rendered":"Schedato dalla Stasi"},"content":{"rendered":"<div style=\"text-align: center;\"><strong><img loading=\"lazy\" decoding=\"async\" class=\"alignleft wp-image-35604\" src=\"https:\/\/www.rassegnastampa-totustuus.it\/cattolica\/wp-content\/uploads\/2009\/06\/Stasi.jpg\" alt=\"Stasi\" width=\"250\" height=\"126\" srcset=\"https:\/\/www.rassegnastampa-totustuus.it\/cattolica\/wp-content\/uploads\/2009\/06\/Stasi.jpg 316w, https:\/\/www.rassegnastampa-totustuus.it\/cattolica\/wp-content\/uploads\/2009\/06\/Stasi-300x151.jpg 300w\" sizes=\"auto, (max-width: 250px) 100vw, 250px\" \/>Citt\u00e0 nuova <\/strong><\/div>\n<div style=\"text-align: center;\">n.10 maggio 2009<\/div>\n<p style=\"text-align: justify;\"><em>Gli anni rischiosi ed esaltanti vissuti Oltrecortina\u00a0da un medico anestesista italiano<\/em><\/p>\n<p style=\"text-align: center;\">di <strong>Caterina Ruggiu<\/strong><\/p>\n<p style=\"text-align: justify;\"><!--more-->E\u2019 secondogenito di undici figli d&#8217;un padre ufficiale in tempi di guerra. Se il buongiorno si vede dal mattino, da quanto Giuseppe Santanch\u00e9 va raccontando di s\u00e9 sin dagli anni giovanili, si pu\u00f2 comprendere di quale tempra sia l&#8217;uomo. \u00abSono nato &#8211; inizia &#8211; ad Ascoli Piceno, da una buona famiglia di antica tradizione cristiana. Mia madre mor\u00ec quando eravamo ancora piccoli. Mio padre allora si trovava a Krionero, in Albania, al comando di un reggimento di fanteria. Fu richiamato ad Ascoli e gli fu dato il comando militare della provincia\u00bb.<\/p>\n<p style=\"text-align: justify;\"><a href=\"https:\/\/www.rassegnastampa-totustuus.it\/cattolica\/wp-content\/uploads\/2005\/12\/Guerra_mondiale-11.jpg\"><img loading=\"lazy\" decoding=\"async\" class=\"size-full wp-image-43765 alignright\" src=\"https:\/\/www.rassegnastampa-totustuus.it\/cattolica\/wp-content\/uploads\/2005\/12\/Guerra_mondiale-11.jpg\" alt=\"\" width=\"246\" height=\"180\" \/><\/a>Non aveva ancora finito il liceo che scoppi\u00f2 la Seconda guerra mondiale. Nelle operazioni militari che seguirono le vicende del settembre 1943, suo padre fu ferito dai tedeschi che avevano attaccato la caserma per disarmare il presidio. Vi furono vittime, ma gli attaccanti furono respinti. Dopo qualche settimana, il tribunale fascista condann\u00f2 a morte il colonnello Santanch\u00e9 per resistenza agli alleati tedeschi, assieme ai suoi due figli maggiori, Gioacchino e Giuseppe, perch\u00e9 renitenti alla leva.<\/p>\n<p style=\"text-align: justify;\">I due giovani si rifugiarono in una grotta nell&#8217;Appannino umbro-marchigiano, mentre il resto della famiglia fu accolto da un amico avvocato nel maceratese.<\/p>\n<p style=\"text-align: justify;\">\u00abSu quelle montagne &#8211; racconta &#8211; era in azione una banda di partigiani. Ci accolsero e ci armarono. Un giorno fummo scoperti da sei soldati di un battaglione della Wehrmacht, mandati in montagna a setacciare nemici e&#8230; mucche. Si arresero dopo un breve scontro.<\/p>\n<p style=\"text-align: justify;\"><a href=\"https:\/\/www.rassegnastampa-totustuus.it\/cattolica\/wp-content\/uploads\/2004\/11\/guerra.jpg\"><img loading=\"lazy\" decoding=\"async\" class=\"size-full wp-image-31645 alignleft\" src=\"https:\/\/www.rassegnastampa-totustuus.it\/cattolica\/wp-content\/uploads\/2004\/11\/guerra.jpg\" alt=\"\" width=\"276\" height=\"183\" \/><\/a>Per una settimana li tenemmo sottocchio e, senza averne abbastanza per noi, davamo loro da mangiare e da bere. Il pastore umbro che si era unito a noi andava ripetendoci che era necessario farli subito fuori, ma noi, compreso il comandante, non eravamo d&#8217;accordo: non volevamo uccidere. Il pastore se ne and\u00f2. I prigionieri capirono di potersi fidare di noi e iniziarono a darci una mano nei piccoli servizi quotidiani.<\/p>\n<p style=\"text-align: justify;\">\u00abQuando ci giunse la notizia che Ascoli era stata liberata, ci mettemmo in marcia per tornare a casa. Lungo il percorso, si aggregavano a noi altre bande che non avevamo mai visto! Passato il pericolo fascista, tutti si dicevano partigiani, ma noi soli avevamo la prova di esserlo veramente: avevamo i prigionieri!\u00bb. Furono accolti in citt\u00e0 come eroi. Con l&#8217;armistizio iniziava, sia pur faticosamente, il ritorno alla normalit\u00e0. \u00abMio padre fu inflessibile: dovevamo finire gli studi. Mi preparai per l&#8217;esame di maturit\u00e0 e finalmente ottenni la licenza liceale. Mi iscrissi alla facolt\u00e0 di medicina a Torino\u00bb.<\/p>\n<p style=\"text-align: justify;\"><a href=\"https:\/\/www.rassegnastampa-totustuus.it\/cattolica\/wp-content\/uploads\/2009\/06\/mariapoli_focolarini.jpg\"><img loading=\"lazy\" decoding=\"async\" class=\"size-full wp-image-44811 alignright\" src=\"https:\/\/www.rassegnastampa-totustuus.it\/cattolica\/wp-content\/uploads\/2009\/06\/mariapoli_focolarini.jpg\" alt=\"\" width=\"269\" height=\"187\" \/><\/a>In quegli anni, un incontro apparentemente fortuito cambi\u00f2 radicalmente la sua vita. \u00abUna sera &#8211; racconta &#8211; mia sorella Luisa, che si trovava in quel periodo a Torino, mi chiese di accompagnarla in corso Dante al focolare di alcune ragazze. Io feci qualche obiezione, ma a Luisa non si poteva dire di no. Vi tornai ancora altre volte, e conobbi anche i giovani che abitavano in via San Domenico. Ho imparato da loro a sbucciare le patate, a servire a tavola. Per me fu un ribaltamento di vedute. Eppure non era nuova la visione di Dio come amore, del prossimo come &#8220;altro s\u00e9&#8221;. Nuovo era lo sforzo di imparare a tradurla nella vita di tutti i giorni\u00bb.<\/p>\n<p style=\"text-align: justify;\">Il suo banco di prova fu nel luogo di lavoro. \u00abSvolgevo &#8211; prosegue &#8211; il mio servizio militare come ufficiale medico responsabile di reparto. Quando attraversavo la corsia, ero in genere sommerso dalle richieste pi\u00f9 disparate. Chi chiedeva di telefonare, chi aveva bisogno di acqua o di qualcos&#8217;altro. Io mi limitavo a dare ordini al soldato di guardia. Ma sentivo forte in me il contrasto con ci\u00f2 che avevo visto fare in corso Dante e in via San Domenico, le vie dei due focolari. Una mattina, cadde inavvertitamente il portafoglio dal giubbotto del soldato che stavo visitando. Mi chinai a raccoglierlo. Sentii addosso gli sguardi di tutti, infermieri e pazienti. Ma da tutti quel gesto fu compreso, se non apprezzato\u00bb.<\/p>\n<p style=\"text-align: justify;\"><a href=\"https:\/\/www.rassegnastampa-totustuus.it\/cattolica\/wp-content\/uploads\/2007\/01\/Chiara_Lubich.jpg\"><img loading=\"lazy\" decoding=\"async\" class=\"size-full wp-image-35924 alignleft\" src=\"https:\/\/www.rassegnastampa-totustuus.it\/cattolica\/wp-content\/uploads\/2007\/01\/Chiara_Lubich.jpg\" alt=\"\" width=\"201\" height=\"250\" \/><\/a>el 1951, Giuseppe si trasfer\u00ec a Roma. \u00abAvevo allora 28 anni, e pur essendo piuttosto impegnato nella vita del movimento, allora agli inizi nella capitale, non avevo mai incontrato Chiara di persona. La conobbi nell&#8217;ospedale dove lavoravo, quando venne a trovare una focolarina che aveva subito un intervento chirurgico. Ero curioso di conoscerla. Mi trovavo accanto al letto dell&#8217;operata, quando arrivarono due signorine. Entrambe mi fecero un&#8217;ottima impressione: eleganti, spontanee e semplici allo stesso tempo. Ma una in particolare mi colp\u00ec per le attenzioni, la delicatezza, l&#8217;interesse affettuoso nei confronti dell&#8217;ammalata. Era Chiara.<\/p>\n<p style=\"text-align: justify;\">Dopo qualche settimana, il dott. Santanch\u00e9 si rec\u00f2 in via Tigre, dove Chiara abitava, e le comunic\u00f2 il suo desiderio di vivere anch&#8217;egli in focolare. \u00abLei mi parl\u00f2 con franchezza: &#8220;Non siamo ancora approvati dalla Santa Sede \u2014 disse -. Io vivo con la valigia sempre pronta. Se lo desideri, va&#8217; pure in piazza Lecce (l&#8217;abitazione dei focolarini), ma se vedi che questa vita non fa per te, torna a casa. Impara a vivere anche tu con la valigia sempre pronta&#8221;\u00bb.<\/p>\n<p style=\"text-align: justify;\">Quelle parole avrebbero segnato gli anni a venire. Con la &#8220;valigia sempre pronta&#8221;, Giuseppe avrebbe percorso, e non solo in senso spirituale e metaforico, le rotte di un&#8217;avventura dai contorni leggendari, anche se avvenuta in quella straordinaria normalit\u00e0 tipica di chi ha scelto Dio come guida della propria vita.<\/p>\n<p style=\"text-align: justify;\"><a href=\"https:\/\/www.rassegnastampa-totustuus.it\/cattolica\/wp-content\/uploads\/2005\/08\/Ddr.jpg\"><img loading=\"lazy\" decoding=\"async\" class=\"size-full wp-image-33763 alignleft\" src=\"https:\/\/www.rassegnastampa-totustuus.it\/cattolica\/wp-content\/uploads\/2005\/08\/Ddr.jpg\" alt=\"\" width=\"225\" height=\"225\" srcset=\"https:\/\/www.rassegnastampa-totustuus.it\/cattolica\/wp-content\/uploads\/2005\/08\/Ddr.jpg 225w, https:\/\/www.rassegnastampa-totustuus.it\/cattolica\/wp-content\/uploads\/2005\/08\/Ddr-150x150.jpg 150w\" sizes=\"auto, (max-width: 225px) 100vw, 225px\" \/><\/a>Avrebbe infatti fatto parte del primo drappello di focolarmi che, proprio in qualit\u00e0 d\u00ec sanitari, nei primi anni Sessanta si stabilirono nella Germania orientale. Da l\u00ec, Io spirito dell&#8217;unit\u00e0 e della fraternit\u00e0 sarebbe penetrato nel resto del Blocco sovietico, dalla Polonia all&#8217;Ungheria, alla Cecoslovacchia, nell&#8217;Urss, sino alla Siberia e alla Mongolia.<\/p>\n<p style=\"text-align: justify;\">Santanch\u00e9 fu un pioniere di questa penetrazione. \u00abCircostanze provvidenziali &#8211; racconta &#8211; avevano fatto si che potessimo entrare come medici, addirittura con il consenso esplicito dello Stato. Vista la penuria di sanitari che affliggeva le loro diocesi, alcuni vescovi dell&#8217;allora Ddr ci invitarono a recarci nel loro Paese. Nessuno che avesse buon senso voleva andare l\u00e0. Fummo in dieci a prendere la via dell&#8217;Est. C&#8217;era anche Natalia Dallapiccola, la prima compagna di Chiara, entrata nella Ddr come &#8220;governante&#8221; della dottoressa tedesca Margareth Frisch, anche lei focolarina\u00bb.<\/p>\n<p style=\"text-align: justify;\">Ora che il muro di Berlino \u00e8 crollato, \u00e8 difficile immaginare i tempi della &#8220;guerra fredda&#8221; \u00abQuando, rispondendo alla mia tacita domanda, il 13 maggio 1961 passai &#8211; dice <em>&#8211; <\/em>nell&#8217;Oltre, il &#8220;muro&#8221; non era stato costruito: sarebbe stato eretto qualche mese dopo in due giorni, nell&#8217;agosto di quello stesso anno: passammo appena in tempo! C&#8217;era tuttavia un confine invisibile, ma altrettanto solido, che divideva le zone occidentali dalla zona di occupazione sovietica. Assieme ad Enzo Fondi, altro focolarino medico, entrai da una porta secondaria della stazione metropolitana; attraversammo il corridoio piantonato da agenti armati e arrivammo in una sala con bandiere <em>e <\/em>striscioni per farci ispezionare le valigie e passare al controllo i passaporti. Friedrichstrasse era il posto di blocco da cui passavano gli stranieri e i cittadini di Berlino occidentale. A venti metri di distanza, dall&#8217;altra parte della stazione, si entrava veramente in un altro mondo\u00bb.<\/p>\n<p style=\"text-align: justify;\"><a href=\"https:\/\/www.rassegnastampa-totustuus.it\/cattolica\/wp-content\/uploads\/2005\/08\/muro_Berlino.jpg\"><img loading=\"lazy\" decoding=\"async\" class=\"size-full wp-image-33629 alignright\" src=\"https:\/\/www.rassegnastampa-totustuus.it\/cattolica\/wp-content\/uploads\/2005\/08\/muro_Berlino.jpg\" alt=\"\" width=\"291\" height=\"173\" \/><\/a>Per anni, quel confine fu attraversato da Santanch\u00e9 e compagni periodicamente. \u00abNei lunghi trent&#8217;anni &#8211; continua &#8211; in cui avemmo consuetudine con quel confine, i doganieri si meravigliavano spesso del nostro atteggiamento sereno e amichevole nei loro confronti. Forse a loro sembrava leggerezza o spavalderia, forse qualcuno notava che il nostro interesse per loro era reale e sincero, chiss\u00e0&#8230; Ricordo una volta, dopo cinque o sei mesi che ci vedevano passare, ed evidentemente sapevano della mia professione, un poliziotto mi preg\u00f2 di visitare una signora che si era sentita male. Rimasi un&#8217;ora ad assisterla, sorvegliato da una guardia. Davanti alle necessit\u00e0 di una malata era scomparsa l&#8217;atmosfera di sospetto, e fumammo insieme una sigaretta, attendendo l&#8217;autoambulanza, Chiusa la parentesi, torn\u00f2 il freddo gioco di ruoli tra &#8220;guardie e ladri&#8221;\u00bb.<\/p>\n<p style=\"text-align: justify;\">Vivere da spiati, insomma, mi pare di capire, era nel conto di chi passava il Muro. \u00abOgni tanto &#8211; conferma &#8211; avevamo la prova di essere sorvegliati. E adesso che gli archivi della Stasi sono stati aperti, e il ministero degli Interni tedesco ha messo a disposizione gli atti, sappiamo con certezza di essere stati indagati sin dal 1962-63. Gli agenti riferivano ad un ufficio creato appositamente per noi alle dipendenze del capo della <a href=\"https:\/\/www.rassegnastampa-totustuus.it\/cattolica\/wp-content\/uploads\/2017\/10\/Ndpd_Ddr.jpg\"><img loading=\"lazy\" decoding=\"async\" class=\"size-full wp-image-38606 alignleft\" src=\"https:\/\/www.rassegnastampa-totustuus.it\/cattolica\/wp-content\/uploads\/2017\/10\/Ndpd_Ddr.jpg\" alt=\"\" width=\"189\" height=\"267\" \/><\/a>Stasi. L&#8217;accusa ufficiale era di &#8220;formazione di gruppi antistatali&#8221;. Sappiamo anche di essere stati prosciolti da quest&#8217;accusa solo nel 1986, dopo ventisei anni di controlli e un&#8217;ultima indagine a Erfurt. A firma di un certo maggiore Herbig, possiamo leggere: &#8220;II Movimento dei focolari \u00e8 una associazione della Chiesa cattolica. I suoi componenti si propongono di vivere ed agire secondo la fede cristiana. Si distinguono per gentilezza, ottimismo, fiducia e misericordia. Il movimento ha puro carattere umanitario&#8221;. Allora, e solo allora, la Stasi di Berlino dichiar\u00f2 formalmente che i Focolari erano una organizzazione umanitaria che poteva essere assolta dai sospetti\u00bb.<\/p>\n<p style=\"text-align: justify;\">Ora, a vent&#8217;anni dal crollo del &#8220;muro&#8221;, affiorano dai testimoni diretti i brani di una storia ancora tutta da scrivere: quella dei Focolari nell&#8217;Oltre.<\/p>\n<p style=\"text-align: justify;\">_____________________<\/p>\n<p style=\"text-align: justify;\"><strong>leggi:<\/strong><\/p>\n<p style=\"text-align: justify;\"><a href=\"https:\/\/www.rassegnastampa-totustuus.it\/cattolica\/?p=1143\" target=\"_blank\" rel=\"noopener noreferrer\">Sotto gli occhi della Stasi<\/a><\/p>\n","protected":false},"excerpt":{"rendered":"<p>Citt\u00e0 nuova n.10 maggio 2009 Gli anni rischiosi ed esaltanti vissuti Oltrecortina\u00a0da un medico anestesista italiano di Caterina Ruggiu<\/p><p><a class=\"more-link btn\" href=\"https:\/\/www.rassegnastampa-totustuus.it\/cattolica\/schedato-dalla-stasi\/\">Continua a leggere<\/a><\/p>\n","protected":false},"author":6,"featured_media":35604,"comment_status":"closed","ping_status":"open","sticky":false,"template":"","format":"standard","meta":{"footnotes":""},"categories":[5,32],"tags":[895,1654,225,1653],"class_list":["post-3346","post","type-post","status-publish","format-standard","has-post-thumbnail","hentry","category-chiesa","category-filosofia-del-comunismo","tag-ddr","tag-focolari","tag-missione","tag-stasi","item-wrap"],"yoast_head":"<!-- This site is optimized with the Yoast SEO plugin v27.4 - https:\/\/yoast.com\/product\/yoast-seo-wordpress\/ -->\n<title>Schedato dalla Stasi - Rassegna Stampa Cattolica<\/title>\n<meta name=\"description\" content=\"Rassegna Stampa Cattolica - Per una cultura che nasce dalla Rivelazione cristiana in conformit\u00e0 alla tradizione e al Magistero della Chiesa in opposizione ad ogni relativismo e totalitarismo\" \/>\n<meta name=\"robots\" content=\"index, follow, max-snippet:-1, max-image-preview:large, max-video-preview:-1\" \/>\n<link rel=\"canonical\" href=\"https:\/\/www.rassegnastampa-totustuus.it\/cattolica\/schedato-dalla-stasi\/\" \/>\n<meta property=\"og:locale\" content=\"it_IT\" \/>\n<meta property=\"og:type\" content=\"article\" \/>\n<meta property=\"og:title\" content=\"Schedato dalla Stasi - Rassegna Stampa Cattolica\" \/>\n<meta property=\"og:description\" content=\"Rassegna Stampa Cattolica - Per una cultura che nasce dalla Rivelazione cristiana in conformit\u00e0 alla tradizione e al Magistero della Chiesa in opposizione ad ogni relativismo e totalitarismo\" \/>\n<meta property=\"og:url\" content=\"https:\/\/www.rassegnastampa-totustuus.it\/cattolica\/schedato-dalla-stasi\/\" \/>\n<meta property=\"og:site_name\" content=\"Rassegna Stampa Cattolica\" \/>\n<meta property=\"article:publisher\" content=\"https:\/\/www.facebook.com\/rassegnastampacattolica\" \/>\n<meta property=\"article:published_time\" content=\"2009-06-10T22:00:00+00:00\" \/>\n<meta property=\"article:modified_time\" content=\"2019-10-18T08:21:11+00:00\" \/>\n<meta property=\"og:image\" content=\"https:\/\/www.rassegnastampa-totustuus.it\/cattolica\/wp-content\/uploads\/2009\/06\/Stasi.jpg\" \/>\n\t<meta property=\"og:image:width\" content=\"316\" \/>\n\t<meta property=\"og:image:height\" content=\"159\" \/>\n\t<meta property=\"og:image:type\" content=\"image\/jpeg\" \/>\n<meta name=\"author\" content=\"Redazione\" \/>\n<meta name=\"twitter:card\" content=\"summary_large_image\" \/>\n<meta name=\"twitter:creator\" content=\"@rassegnastampa9\" \/>\n<meta name=\"twitter:site\" content=\"@rassegnastampa9\" \/>\n<meta name=\"twitter:label1\" content=\"Scritto da\" \/>\n\t<meta name=\"twitter:data1\" content=\"Redazione\" \/>\n\t<meta name=\"twitter:label2\" content=\"Tempo di lettura stimato\" \/>\n\t<meta name=\"twitter:data2\" content=\"7 minuti\" \/>\n<script type=\"application\/ld+json\" class=\"yoast-schema-graph\">{\"@context\":\"https:\\\/\\\/schema.org\",\"@graph\":[{\"@type\":\"Article\",\"@id\":\"https:\\\/\\\/www.rassegnastampa-totustuus.it\\\/cattolica\\\/schedato-dalla-stasi\\\/#article\",\"isPartOf\":{\"@id\":\"https:\\\/\\\/www.rassegnastampa-totustuus.it\\\/cattolica\\\/schedato-dalla-stasi\\\/\"},\"author\":{\"name\":\"Redazione\",\"@id\":\"https:\\\/\\\/www.rassegnastampa-totustuus.it\\\/cattolica\\\/#\\\/schema\\\/person\\\/08f319d2bd1a0904ad9e2bfb7b15e5c3\"},\"headline\":\"Schedato dalla Stasi\",\"datePublished\":\"2009-06-10T22:00:00+00:00\",\"dateModified\":\"2019-10-18T08:21:11+00:00\",\"mainEntityOfPage\":{\"@id\":\"https:\\\/\\\/www.rassegnastampa-totustuus.it\\\/cattolica\\\/schedato-dalla-stasi\\\/\"},\"wordCount\":1522,\"publisher\":{\"@id\":\"https:\\\/\\\/www.rassegnastampa-totustuus.it\\\/cattolica\\\/#organization\"},\"image\":{\"@id\":\"https:\\\/\\\/www.rassegnastampa-totustuus.it\\\/cattolica\\\/schedato-dalla-stasi\\\/#primaryimage\"},\"thumbnailUrl\":\"https:\\\/\\\/www.rassegnastampa-totustuus.it\\\/cattolica\\\/wp-content\\\/uploads\\\/2009\\\/06\\\/Stasi.jpg\",\"keywords\":[\"Ddr\",\"focolari\",\"missione\",\"Stasi\"],\"articleSection\":[\"Chiesa\",\"Comunismo\"],\"inLanguage\":\"it-IT\"},{\"@type\":\"WebPage\",\"@id\":\"https:\\\/\\\/www.rassegnastampa-totustuus.it\\\/cattolica\\\/schedato-dalla-stasi\\\/\",\"url\":\"https:\\\/\\\/www.rassegnastampa-totustuus.it\\\/cattolica\\\/schedato-dalla-stasi\\\/\",\"name\":\"Schedato dalla Stasi - Rassegna Stampa Cattolica\",\"isPartOf\":{\"@id\":\"https:\\\/\\\/www.rassegnastampa-totustuus.it\\\/cattolica\\\/#website\"},\"primaryImageOfPage\":{\"@id\":\"https:\\\/\\\/www.rassegnastampa-totustuus.it\\\/cattolica\\\/schedato-dalla-stasi\\\/#primaryimage\"},\"image\":{\"@id\":\"https:\\\/\\\/www.rassegnastampa-totustuus.it\\\/cattolica\\\/schedato-dalla-stasi\\\/#primaryimage\"},\"thumbnailUrl\":\"https:\\\/\\\/www.rassegnastampa-totustuus.it\\\/cattolica\\\/wp-content\\\/uploads\\\/2009\\\/06\\\/Stasi.jpg\",\"datePublished\":\"2009-06-10T22:00:00+00:00\",\"dateModified\":\"2019-10-18T08:21:11+00:00\",\"description\":\"Rassegna Stampa Cattolica - Per una cultura che nasce dalla Rivelazione cristiana in conformit\u00e0 alla tradizione e al Magistero della Chiesa in opposizione ad ogni relativismo e totalitarismo\",\"breadcrumb\":{\"@id\":\"https:\\\/\\\/www.rassegnastampa-totustuus.it\\\/cattolica\\\/schedato-dalla-stasi\\\/#breadcrumb\"},\"inLanguage\":\"it-IT\",\"potentialAction\":[{\"@type\":\"ReadAction\",\"target\":[\"https:\\\/\\\/www.rassegnastampa-totustuus.it\\\/cattolica\\\/schedato-dalla-stasi\\\/\"]}]},{\"@type\":\"ImageObject\",\"inLanguage\":\"it-IT\",\"@id\":\"https:\\\/\\\/www.rassegnastampa-totustuus.it\\\/cattolica\\\/schedato-dalla-stasi\\\/#primaryimage\",\"url\":\"https:\\\/\\\/www.rassegnastampa-totustuus.it\\\/cattolica\\\/wp-content\\\/uploads\\\/2009\\\/06\\\/Stasi.jpg\",\"contentUrl\":\"https:\\\/\\\/www.rassegnastampa-totustuus.it\\\/cattolica\\\/wp-content\\\/uploads\\\/2009\\\/06\\\/Stasi.jpg\",\"width\":316,\"height\":159},{\"@type\":\"BreadcrumbList\",\"@id\":\"https:\\\/\\\/www.rassegnastampa-totustuus.it\\\/cattolica\\\/schedato-dalla-stasi\\\/#breadcrumb\",\"itemListElement\":[{\"@type\":\"ListItem\",\"position\":1,\"name\":\"Home\",\"item\":\"https:\\\/\\\/www.rassegnastampa-totustuus.it\\\/cattolica\\\/\"},{\"@type\":\"ListItem\",\"position\":2,\"name\":\"Schedato dalla Stasi\"}]},{\"@type\":\"WebSite\",\"@id\":\"https:\\\/\\\/www.rassegnastampa-totustuus.it\\\/cattolica\\\/#website\",\"url\":\"https:\\\/\\\/www.rassegnastampa-totustuus.it\\\/cattolica\\\/\",\"name\":\"Rassegna Stampa Cattolica\",\"description\":\"Per una cultura che nasce dalla Rivelazione cristiana in conformit\u00e0 alla tradizione e al Magistero della Chiesa in opposizione ad ogni relativismo e totalitarismo\",\"publisher\":{\"@id\":\"https:\\\/\\\/www.rassegnastampa-totustuus.it\\\/cattolica\\\/#organization\"},\"alternateName\":\"Rass. Cattolica\",\"potentialAction\":[{\"@type\":\"SearchAction\",\"target\":{\"@type\":\"EntryPoint\",\"urlTemplate\":\"https:\\\/\\\/www.rassegnastampa-totustuus.it\\\/cattolica\\\/?s={search_term_string}\"},\"query-input\":{\"@type\":\"PropertyValueSpecification\",\"valueRequired\":true,\"valueName\":\"search_term_string\"}}],\"inLanguage\":\"it-IT\"},{\"@type\":\"Organization\",\"@id\":\"https:\\\/\\\/www.rassegnastampa-totustuus.it\\\/cattolica\\\/#organization\",\"name\":\"Rassegna Stampa Cattolica\",\"url\":\"https:\\\/\\\/www.rassegnastampa-totustuus.it\\\/cattolica\\\/\",\"logo\":{\"@type\":\"ImageObject\",\"inLanguage\":\"it-IT\",\"@id\":\"https:\\\/\\\/www.rassegnastampa-totustuus.it\\\/cattolica\\\/#\\\/schema\\\/logo\\\/image\\\/\",\"url\":\"https:\\\/\\\/www.rassegnastampa-totustuus.it\\\/cattolica\\\/wp-content\\\/uploads\\\/2014\\\/04\\\/logo-rassegna1.gif\",\"contentUrl\":\"https:\\\/\\\/www.rassegnastampa-totustuus.it\\\/cattolica\\\/wp-content\\\/uploads\\\/2014\\\/04\\\/logo-rassegna1.gif\",\"width\":600,\"height\":163,\"caption\":\"Rassegna Stampa Cattolica\"},\"image\":{\"@id\":\"https:\\\/\\\/www.rassegnastampa-totustuus.it\\\/cattolica\\\/#\\\/schema\\\/logo\\\/image\\\/\"},\"sameAs\":[\"https:\\\/\\\/www.facebook.com\\\/rassegnastampacattolica\",\"https:\\\/\\\/x.com\\\/rassegnastampa9\"]},{\"@type\":\"Person\",\"@id\":\"https:\\\/\\\/www.rassegnastampa-totustuus.it\\\/cattolica\\\/#\\\/schema\\\/person\\\/08f319d2bd1a0904ad9e2bfb7b15e5c3\",\"name\":\"Redazione\",\"image\":{\"@type\":\"ImageObject\",\"inLanguage\":\"it-IT\",\"@id\":\"https:\\\/\\\/secure.gravatar.com\\\/avatar\\\/2fcdf27c78ea025fbdb44e914cc63c72249ffec9dc8aafd5c82b26240ef3f346?s=96&d=mm&r=g\",\"url\":\"https:\\\/\\\/secure.gravatar.com\\\/avatar\\\/2fcdf27c78ea025fbdb44e914cc63c72249ffec9dc8aafd5c82b26240ef3f346?s=96&d=mm&r=g\",\"contentUrl\":\"https:\\\/\\\/secure.gravatar.com\\\/avatar\\\/2fcdf27c78ea025fbdb44e914cc63c72249ffec9dc8aafd5c82b26240ef3f346?s=96&d=mm&r=g\",\"caption\":\"Redazione\"},\"url\":\"https:\\\/\\\/www.rassegnastampa-totustuus.it\\\/cattolica\\\/author\\\/pietroelle\\\/\"}]}<\/script>\n<!-- \/ Yoast SEO plugin. -->","yoast_head_json":{"title":"Schedato dalla Stasi - Rassegna Stampa Cattolica","description":"Rassegna Stampa Cattolica - Per una cultura che nasce dalla Rivelazione cristiana in conformit\u00e0 alla tradizione e al Magistero della Chiesa in opposizione ad ogni relativismo e totalitarismo","robots":{"index":"index","follow":"follow","max-snippet":"max-snippet:-1","max-image-preview":"max-image-preview:large","max-video-preview":"max-video-preview:-1"},"canonical":"https:\/\/www.rassegnastampa-totustuus.it\/cattolica\/schedato-dalla-stasi\/","og_locale":"it_IT","og_type":"article","og_title":"Schedato dalla Stasi - Rassegna Stampa Cattolica","og_description":"Rassegna Stampa Cattolica - Per una cultura che nasce dalla Rivelazione cristiana in conformit\u00e0 alla tradizione e al Magistero della Chiesa in opposizione ad ogni relativismo e totalitarismo","og_url":"https:\/\/www.rassegnastampa-totustuus.it\/cattolica\/schedato-dalla-stasi\/","og_site_name":"Rassegna Stampa Cattolica","article_publisher":"https:\/\/www.facebook.com\/rassegnastampacattolica","article_published_time":"2009-06-10T22:00:00+00:00","article_modified_time":"2019-10-18T08:21:11+00:00","og_image":[{"width":316,"height":159,"url":"https:\/\/www.rassegnastampa-totustuus.it\/cattolica\/wp-content\/uploads\/2009\/06\/Stasi.jpg","type":"image\/jpeg"}],"author":"Redazione","twitter_card":"summary_large_image","twitter_creator":"@rassegnastampa9","twitter_site":"@rassegnastampa9","twitter_misc":{"Scritto da":"Redazione","Tempo di lettura stimato":"7 minuti"},"schema":{"@context":"https:\/\/schema.org","@graph":[{"@type":"Article","@id":"https:\/\/www.rassegnastampa-totustuus.it\/cattolica\/schedato-dalla-stasi\/#article","isPartOf":{"@id":"https:\/\/www.rassegnastampa-totustuus.it\/cattolica\/schedato-dalla-stasi\/"},"author":{"name":"Redazione","@id":"https:\/\/www.rassegnastampa-totustuus.it\/cattolica\/#\/schema\/person\/08f319d2bd1a0904ad9e2bfb7b15e5c3"},"headline":"Schedato dalla Stasi","datePublished":"2009-06-10T22:00:00+00:00","dateModified":"2019-10-18T08:21:11+00:00","mainEntityOfPage":{"@id":"https:\/\/www.rassegnastampa-totustuus.it\/cattolica\/schedato-dalla-stasi\/"},"wordCount":1522,"publisher":{"@id":"https:\/\/www.rassegnastampa-totustuus.it\/cattolica\/#organization"},"image":{"@id":"https:\/\/www.rassegnastampa-totustuus.it\/cattolica\/schedato-dalla-stasi\/#primaryimage"},"thumbnailUrl":"https:\/\/www.rassegnastampa-totustuus.it\/cattolica\/wp-content\/uploads\/2009\/06\/Stasi.jpg","keywords":["Ddr","focolari","missione","Stasi"],"articleSection":["Chiesa","Comunismo"],"inLanguage":"it-IT"},{"@type":"WebPage","@id":"https:\/\/www.rassegnastampa-totustuus.it\/cattolica\/schedato-dalla-stasi\/","url":"https:\/\/www.rassegnastampa-totustuus.it\/cattolica\/schedato-dalla-stasi\/","name":"Schedato dalla Stasi - Rassegna Stampa Cattolica","isPartOf":{"@id":"https:\/\/www.rassegnastampa-totustuus.it\/cattolica\/#website"},"primaryImageOfPage":{"@id":"https:\/\/www.rassegnastampa-totustuus.it\/cattolica\/schedato-dalla-stasi\/#primaryimage"},"image":{"@id":"https:\/\/www.rassegnastampa-totustuus.it\/cattolica\/schedato-dalla-stasi\/#primaryimage"},"thumbnailUrl":"https:\/\/www.rassegnastampa-totustuus.it\/cattolica\/wp-content\/uploads\/2009\/06\/Stasi.jpg","datePublished":"2009-06-10T22:00:00+00:00","dateModified":"2019-10-18T08:21:11+00:00","description":"Rassegna Stampa Cattolica - Per una cultura che nasce dalla Rivelazione cristiana in conformit\u00e0 alla tradizione e al Magistero della Chiesa in opposizione ad ogni relativismo e totalitarismo","breadcrumb":{"@id":"https:\/\/www.rassegnastampa-totustuus.it\/cattolica\/schedato-dalla-stasi\/#breadcrumb"},"inLanguage":"it-IT","potentialAction":[{"@type":"ReadAction","target":["https:\/\/www.rassegnastampa-totustuus.it\/cattolica\/schedato-dalla-stasi\/"]}]},{"@type":"ImageObject","inLanguage":"it-IT","@id":"https:\/\/www.rassegnastampa-totustuus.it\/cattolica\/schedato-dalla-stasi\/#primaryimage","url":"https:\/\/www.rassegnastampa-totustuus.it\/cattolica\/wp-content\/uploads\/2009\/06\/Stasi.jpg","contentUrl":"https:\/\/www.rassegnastampa-totustuus.it\/cattolica\/wp-content\/uploads\/2009\/06\/Stasi.jpg","width":316,"height":159},{"@type":"BreadcrumbList","@id":"https:\/\/www.rassegnastampa-totustuus.it\/cattolica\/schedato-dalla-stasi\/#breadcrumb","itemListElement":[{"@type":"ListItem","position":1,"name":"Home","item":"https:\/\/www.rassegnastampa-totustuus.it\/cattolica\/"},{"@type":"ListItem","position":2,"name":"Schedato dalla Stasi"}]},{"@type":"WebSite","@id":"https:\/\/www.rassegnastampa-totustuus.it\/cattolica\/#website","url":"https:\/\/www.rassegnastampa-totustuus.it\/cattolica\/","name":"Rassegna Stampa Cattolica","description":"Per una cultura che nasce dalla Rivelazione cristiana in conformit\u00e0 alla tradizione e al Magistero della Chiesa in opposizione ad ogni relativismo e totalitarismo","publisher":{"@id":"https:\/\/www.rassegnastampa-totustuus.it\/cattolica\/#organization"},"alternateName":"Rass. Cattolica","potentialAction":[{"@type":"SearchAction","target":{"@type":"EntryPoint","urlTemplate":"https:\/\/www.rassegnastampa-totustuus.it\/cattolica\/?s={search_term_string}"},"query-input":{"@type":"PropertyValueSpecification","valueRequired":true,"valueName":"search_term_string"}}],"inLanguage":"it-IT"},{"@type":"Organization","@id":"https:\/\/www.rassegnastampa-totustuus.it\/cattolica\/#organization","name":"Rassegna Stampa Cattolica","url":"https:\/\/www.rassegnastampa-totustuus.it\/cattolica\/","logo":{"@type":"ImageObject","inLanguage":"it-IT","@id":"https:\/\/www.rassegnastampa-totustuus.it\/cattolica\/#\/schema\/logo\/image\/","url":"https:\/\/www.rassegnastampa-totustuus.it\/cattolica\/wp-content\/uploads\/2014\/04\/logo-rassegna1.gif","contentUrl":"https:\/\/www.rassegnastampa-totustuus.it\/cattolica\/wp-content\/uploads\/2014\/04\/logo-rassegna1.gif","width":600,"height":163,"caption":"Rassegna Stampa Cattolica"},"image":{"@id":"https:\/\/www.rassegnastampa-totustuus.it\/cattolica\/#\/schema\/logo\/image\/"},"sameAs":["https:\/\/www.facebook.com\/rassegnastampacattolica","https:\/\/x.com\/rassegnastampa9"]},{"@type":"Person","@id":"https:\/\/www.rassegnastampa-totustuus.it\/cattolica\/#\/schema\/person\/08f319d2bd1a0904ad9e2bfb7b15e5c3","name":"Redazione","image":{"@type":"ImageObject","inLanguage":"it-IT","@id":"https:\/\/secure.gravatar.com\/avatar\/2fcdf27c78ea025fbdb44e914cc63c72249ffec9dc8aafd5c82b26240ef3f346?s=96&d=mm&r=g","url":"https:\/\/secure.gravatar.com\/avatar\/2fcdf27c78ea025fbdb44e914cc63c72249ffec9dc8aafd5c82b26240ef3f346?s=96&d=mm&r=g","contentUrl":"https:\/\/secure.gravatar.com\/avatar\/2fcdf27c78ea025fbdb44e914cc63c72249ffec9dc8aafd5c82b26240ef3f346?s=96&d=mm&r=g","caption":"Redazione"},"url":"https:\/\/www.rassegnastampa-totustuus.it\/cattolica\/author\/pietroelle\/"}]}},"_links":{"self":[{"href":"https:\/\/www.rassegnastampa-totustuus.it\/cattolica\/wp-json\/wp\/v2\/posts\/3346","targetHints":{"allow":["GET"]}}],"collection":[{"href":"https:\/\/www.rassegnastampa-totustuus.it\/cattolica\/wp-json\/wp\/v2\/posts"}],"about":[{"href":"https:\/\/www.rassegnastampa-totustuus.it\/cattolica\/wp-json\/wp\/v2\/types\/post"}],"author":[{"embeddable":true,"href":"https:\/\/www.rassegnastampa-totustuus.it\/cattolica\/wp-json\/wp\/v2\/users\/6"}],"replies":[{"embeddable":true,"href":"https:\/\/www.rassegnastampa-totustuus.it\/cattolica\/wp-json\/wp\/v2\/comments?post=3346"}],"version-history":[{"count":4,"href":"https:\/\/www.rassegnastampa-totustuus.it\/cattolica\/wp-json\/wp\/v2\/posts\/3346\/revisions"}],"predecessor-version":[{"id":44812,"href":"https:\/\/www.rassegnastampa-totustuus.it\/cattolica\/wp-json\/wp\/v2\/posts\/3346\/revisions\/44812"}],"wp:featuredmedia":[{"embeddable":true,"href":"https:\/\/www.rassegnastampa-totustuus.it\/cattolica\/wp-json\/wp\/v2\/media\/35604"}],"wp:attachment":[{"href":"https:\/\/www.rassegnastampa-totustuus.it\/cattolica\/wp-json\/wp\/v2\/media?parent=3346"}],"wp:term":[{"taxonomy":"category","embeddable":true,"href":"https:\/\/www.rassegnastampa-totustuus.it\/cattolica\/wp-json\/wp\/v2\/categories?post=3346"},{"taxonomy":"post_tag","embeddable":true,"href":"https:\/\/www.rassegnastampa-totustuus.it\/cattolica\/wp-json\/wp\/v2\/tags?post=3346"}],"curies":[{"name":"wp","href":"https:\/\/api.w.org\/{rel}","templated":true}]}}