{"id":33402,"date":"2016-04-28T00:00:32","date_gmt":"2016-04-27T22:00:32","guid":{"rendered":"http:\/\/www.rassegnastampa-totustuus.it\/cattolica\/?p=33402"},"modified":"2016-04-26T08:43:11","modified_gmt":"2016-04-26T06:43:11","slug":"shakespeare-cattolico-dirlo-non-e-poi-un-dramma","status":"publish","type":"post","link":"https:\/\/www.rassegnastampa-totustuus.it\/cattolica\/shakespeare-cattolico-dirlo-non-e-poi-un-dramma\/","title":{"rendered":"Shakespeare cattolico, dirlo non \u00e8 poi un dramma"},"content":{"rendered":"<div id=\"attachment_33404\" style=\"width: 200px\" class=\"wp-caption alignright\"><img loading=\"lazy\" decoding=\"async\" aria-describedby=\"caption-attachment-33404\" class=\"wp-image-33404\" src=\"https:\/\/www.rassegnastampa-totustuus.it\/cattolica\/wp-content\/uploads\/2016\/04\/Shakespeare.jpg\" alt=\"Shakespeare\" width=\"200\" height=\"200\" srcset=\"https:\/\/www.rassegnastampa-totustuus.it\/cattolica\/wp-content\/uploads\/2016\/04\/Shakespeare.jpg 225w, https:\/\/www.rassegnastampa-totustuus.it\/cattolica\/wp-content\/uploads\/2016\/04\/Shakespeare-150x150.jpg 150w\" sizes=\"auto, (max-width: 200px) 100vw, 200px\" \/><p id=\"caption-attachment-33404\" class=\"wp-caption-text\">William Shakespeare<\/p><\/div>\n<p style=\"text-align: center;\"><strong>La Nuova Bussola quotidiana<\/strong> 23 aprile 2016<\/p>\n<p style=\"text-align: center;\">di <strong>Andrea Bartelloni<\/strong><\/p>\n<p style=\"text-align: justify;\">Il nome di Alberto Castelli, probabilmente dir\u00e0 poco ai nostri lettori, mentre invece se parliamo di C.S. Lewis e delle sue <em>Lettere di Berlicche<\/em> ecco che molti le avranno lette e sicuramente apprezzate. Castelli ne fu il traduttore e la sua prefazione contribu\u00ec notevolmente al successo italiano dell\u2019opera. Fu anche traduttore e di altissimo livello non solo di Lewis, ma anche di Thomas Merton di Thomas S. Eliot di Fulton J. Sheen e anche di William Shakespeare.<\/p>\n<p style=\"text-align: justify;\"><!--more--><\/p>\n<p style=\"text-align: justify;\">Castelli era un sacerdote nato nel 1907, divenuto arcivescovo titolare di Rusio nel 1953 e che, nonostante i suoi molteplici impegni di pastore pubblic\u00f2 un volume dal titolo: <em>La religione nei drammi di Shakespeare <\/em>(Edizioni Paoline, 1963). Prima di diventare vescovo fu docente di Lingua e Letteratura Inglese all\u2019Universit\u00e0 Cattolica del Sacro Cuore dal 1934 al 1953 e pertanto aveva pieno titolo per affrontare un tema abbastanza insolito: quello di evidenziare i testi tratti dai drammi del Bardo nei quali affiora un pensiero religioso.<\/p>\n<p style=\"text-align: justify;\">Nella prefazione al volume, che non ha mai visto ristampe, afferma molto umilmente di voler aprire una strada che altri affronteranno e completeranno, ma che si presenta molto promettente. La storia della letteratura inglese aveva visto raramente affrontare il tema della religiosit\u00e0 del grande drammaturgo, anzi, a cominciare da John Dover Wilson, si afferma che la religione sia poco rappresentata. Ancora Castelli nell\u2019introduzione al suo libro riporta il pensiero di Sainte-Beuve che parla di Shakespeare come di un grande poeta, ma che pensa poco al cristianesimo.<\/p>\n<p style=\"text-align: justify;\">Sulla stessa lunghezza d\u2019onda anche Benedetto Croce e Giorgio Santayana che parlano dell\u2019opere shakespeariane che dipingono \u201cla vita umana in tutta la sua ricchezza e variet\u00e0, ma lascia quella vita senza ordinamento, e di conseguenza senza un significato\u201d. Santayana \u00e8 un po\u2019 sorpreso perch\u00e9 leggendo l\u2019Amleto, il Macbeth o i Sonetti la sensibilit\u00e0 alla metafisica e alla morale sono evidenti, ma non si spinge oltre. Anzi ritiene \u201cche la religione di Shakespeare sia da ridursi ad una filosofia mondana (\u2026) che non si pone ad investigare al di la del limite del mondo\u201d.<\/p>\n<p style=\"text-align: justify;\">Da l\u00ec a ritenere Shakespeare insensibile alla religione il passo \u00e8 breve. Ma molti sono anche i critici che hanno al riguardo un pensiero opposto: Shakespeare non solo religioso ma anche cristiano. Uno di essi \u00e8 Faichild che insieme ad un altro critico, il Bethell, sostengono che le sue opere si armonizzino perfettamente con lo schema cristiano fino ad arrivare ad affermare con Wilson Knight che \u201cil Cristianesimo \u00e8 sempre stato sottinteso nell\u2019opera di Shakespeare, ed oggi \u00e8 necessario e utilissimo un reciproco commento di queste due cose. Ogni protagonista tragico di Shakespeare \u00e8 un Cristo in miniatura\u201d.<\/p>\n<p style=\"text-align: justify;\">Che il Bardo sia cresciuto in ambiente cattolico, secondo la religione dei suoi genitori, \u00e8 abbastanza risaputo e un\u2019illustre schiera di studiosi lo conferma. C\u2019\u00e8 anche da dire che il cattolicesimo nell\u2019Inghilterra nella quale vive Shakespeare \u00e8 fuorilegge e si rischia la vita a professarlo apertamente. \u201cIn Londra \u2013 continua ancora il Castelli \u2013 la sua pratica religiosa sarebbe stata quella di un \u00abKriptokatholik\u00bb, di uno di coloro, che, pur mantenendosi interiormente leali alla fede antica, (\u2026) non disdegnavano tuttavia di partecipare anche alle manifestazioni della chiesa ufficiale, e formavano un partito pronto al compromesso, nella speranza di tempi migliori\u201d.<\/p>\n<p style=\"text-align: justify;\">La contessa Clara Longsworth de Chambrun afferma che, dopo aver studiato attentamente le sue opere, \u00abla dottrina romana, la sua liturgia e i suoi dogmi, gli erano noti, ed indicano che i giorni della sua giovinezza erano trascorsi tra coloro che erano rimasti fedeli alla chiesa antica. Tutto quanto egli scrisse offre la prova del rispetto dei sentimenti dell\u2019uditore e del lettore cattolico\u00bb. Ma il punto essenziale della riflessione di Castelli riguarda l\u2019essenza del dramma shakespeariano strettamente legato a quanto vi \u00e8 di fondamentale nella religione: la natura e la soprannatura.<\/p>\n<p style=\"text-align: justify;\">La scena che pi\u00f9 rappresenta tutto questo si ha nell\u2019Amleto quando il principe danese, annunciando l\u2019arrivo degli attori, pronuncia la nota definizione di uomo: \u00abQuale opera d\u2019arte \u00e8 un uomo, come nobile per la sua ragione, come infinito nelle sue facolt\u00e0, nella forma e nel movimento, come preciso e ammirevole nell\u2019azione, come simile ad un angelo nell\u2019intendimento, come simile a un dio; la bellezza del mondo; il paragone degli animali; e pure, per me, che \u00e8 questa quintessenza di polvere? l\u2019uomo non mi diletta; no, e la donna nemmeno, bench\u00e9 dal vostro sorriso voi sembriate dire cos\u00ec\u00bb.<\/p>\n<p style=\"text-align: justify;\">Gli attori dovranno rappresentare le varie sfaccettature dell\u2019essere umano in modo molto equilibrato, in un modo che, \u00abbench\u00e9 faccia ridere lo spettatore inesperto, non pu\u00f2 che affliggere l\u2019uomo di giudizio (\u2026). Oh ci sono attori ch\u2019io ho visti recitare, e uditi lodare dagli altri, e altamente, per non dir la cosa in maniera profana, i quali, non avendo l\u2019accento di cristiani, n\u00e9 il portamento di cristiani, di pagani, o di uomini, si pavoneggiavano e muggivano cos\u00ec che io pensavo che li avessero fatti dei manovali della natura, tanto abominevolmente imitavano l\u2019umanit\u00e0\u00bb.<\/p>\n<p style=\"text-align: justify;\">Qui, riflette Castelli, questo modo di \u201crappresentare l\u2019umanit\u00e0 richiama alla mente di Amleto un punto di teologia dogmatica, assai discusso nel periodo della Riforma e del Concilio di Trento, e nella distinzione che fa dei gesti e del portamento si risente la tradizionale distinzione teologica fra lo stato di natura pura (\u00abman\u00bb), quello di natura decaduta (\u00abpagan\u00bb) e quello di natura redenta (\u00abChristian\u00bb).\u201d Tutto questo non pu\u00f2 fondare lo studio della relazione tra la religione e il dramma in Shakespeare che si manifesta essenzialmente in forma morale e proprio da qui spesso si parte per giungere a quello della religione, conclude Castelli nella prefazione al suo volume.<\/p>\n<p style=\"text-align: justify;\">Volume nel quale analizza nel dettaglio le parti con riferimenti religiosi nel vasto universo della produzione shakespeariana ritrovando un diffuso interesse per la religione \u201ccome elemento positivo nella costruzione dei drammi, nella precisazione delle scene, nella delineazione dei caratteri dei personaggi, nell\u2019approfondimento delle loro passioni, nel colorito del loro linguaggio\u201d. Inoltre l\u2019atmosfera di misericordia e di clemenza \u00e8 una caratteristica cristiana presente nelle commedie e in alcuni drammi, mentre nelle tragedie \u00e8 centrale la giustizia divina che assolve o condanna l\u2019uomo.<\/p>\n<p style=\"text-align: justify;\">Uomo che ha in se un profondo senso del peccato, ma che, attraverso la preghiera riuscita o mancata che sia, crea \u201ci momenti pi\u00f9 tragici delle tragedie, o quelli pi\u00f9 pieni di attesa e di speranza nelle generalit\u00e0 dei drammi\u201d. Molto si parla e si parler\u00e0 del Bardo di Avon in questi giorni e in quest\u2019anno centenario e vogliamo ricordarlo nel giorno della sua morte avvenuta proprio il 23 aprile, festa di San Giorgio martire, patrono proprio della sua Inghilterra, ricordando quest\u2019opera che ha messo in luce aspetti che hanno dimostrato la scelta fatta da lui \u201cdella religione come fattore positivo della sua arte\u201d.<\/p>\n<p style=\"text-align: justify;\">_______________________________<\/p>\n<p style=\"text-align: justify;\"><strong>Leggi anche:<\/strong><\/p>\n<p style=\"text-align: justify;\"><a href=\"https:\/\/www.rassegnastampa-totustuus.it\/cattolica\/?p=8152\" target=\"_blank\">L&#8217;enigma Shakespeare, cortigiano o dissidente?<\/a><\/p>\n<p style=\"text-align: justify;\"><a href=\"https:\/\/www.rassegnastampa-totustuus.it\/cattolica\/?p=4711\" target=\"_blank\">Risolto l&#8217;enigma, Shakespeare era cattolico<\/a><\/p>\n","protected":false},"excerpt":{"rendered":"<p>La Nuova Bussola quotidiana 23 aprile 2016 di Andrea Bartelloni Il nome di Alberto Castelli, probabilmente dir\u00e0 poco ai nostri lettori, mentre invece se parliamo di C.S. Lewis e delle sue Lettere di Berlicche ecco che molti le avranno lette e sicuramente apprezzate. Castelli ne fu il traduttore e la sua prefazione contribu\u00ec notevolmente al &hellip; <\/p>\n<p><a class=\"more-link btn\" href=\"https:\/\/www.rassegnastampa-totustuus.it\/cattolica\/shakespeare-cattolico-dirlo-non-e-poi-un-dramma\/\">Continua a leggere<\/a><\/p>\n","protected":false},"author":6,"featured_media":33404,"comment_status":"closed","ping_status":"closed","sticky":false,"template":"","format":"standard","meta":{"footnotes":""},"categories":[18],"tags":[2447],"class_list":["post-33402","post","type-post","status-publish","format-standard","has-post-thumbnail","hentry","category-personaggi","tag-willam-shakespeare","item-wrap"],"yoast_head":"<!-- This site is optimized with the Yoast SEO plugin v27.4 - https:\/\/yoast.com\/product\/yoast-seo-wordpress\/ -->\n<title>Shakespeare cattolico, dirlo non \u00e8 poi un dramma - Rassegna Stampa Cattolica<\/title>\n<meta name=\"description\" content=\"Rassegna Stampa Cattolica - Per una cultura che nasce dalla Rivelazione cristiana in conformit\u00e0 alla tradizione e al Magistero della Chiesa in opposizione ad ogni relativismo e totalitarismo\" \/>\n<meta name=\"robots\" content=\"index, follow, max-snippet:-1, max-image-preview:large, max-video-preview:-1\" \/>\n<link rel=\"canonical\" href=\"https:\/\/www.rassegnastampa-totustuus.it\/cattolica\/shakespeare-cattolico-dirlo-non-e-poi-un-dramma\/\" \/>\n<meta property=\"og:locale\" content=\"it_IT\" \/>\n<meta property=\"og:type\" content=\"article\" \/>\n<meta property=\"og:title\" content=\"Shakespeare cattolico, dirlo non \u00e8 poi un dramma - Rassegna Stampa Cattolica\" \/>\n<meta property=\"og:description\" content=\"Rassegna Stampa Cattolica - Per una cultura che nasce dalla Rivelazione cristiana in conformit\u00e0 alla tradizione e al Magistero della Chiesa in opposizione ad ogni relativismo e totalitarismo\" \/>\n<meta property=\"og:url\" content=\"https:\/\/www.rassegnastampa-totustuus.it\/cattolica\/shakespeare-cattolico-dirlo-non-e-poi-un-dramma\/\" \/>\n<meta property=\"og:site_name\" content=\"Rassegna Stampa Cattolica\" \/>\n<meta property=\"article:publisher\" content=\"https:\/\/www.facebook.com\/rassegnastampacattolica\" \/>\n<meta property=\"article:published_time\" content=\"2016-04-27T22:00:32+00:00\" \/>\n<meta property=\"og:image\" content=\"https:\/\/www.rassegnastampa-totustuus.it\/cattolica\/wp-content\/uploads\/2016\/04\/Shakespeare.jpg\" \/>\n\t<meta property=\"og:image:width\" content=\"225\" \/>\n\t<meta property=\"og:image:height\" content=\"225\" \/>\n\t<meta property=\"og:image:type\" content=\"image\/jpeg\" \/>\n<meta name=\"author\" content=\"Redazione\" \/>\n<meta name=\"twitter:card\" content=\"summary_large_image\" \/>\n<meta name=\"twitter:creator\" content=\"@rassegnastampa9\" \/>\n<meta name=\"twitter:site\" content=\"@rassegnastampa9\" \/>\n<meta name=\"twitter:label1\" content=\"Scritto da\" \/>\n\t<meta name=\"twitter:data1\" content=\"Redazione\" \/>\n\t<meta name=\"twitter:label2\" content=\"Tempo di lettura stimato\" \/>\n\t<meta name=\"twitter:data2\" content=\"6 minuti\" \/>\n<script type=\"application\/ld+json\" class=\"yoast-schema-graph\">{\"@context\":\"https:\\\/\\\/schema.org\",\"@graph\":[{\"@type\":\"Article\",\"@id\":\"https:\\\/\\\/www.rassegnastampa-totustuus.it\\\/cattolica\\\/shakespeare-cattolico-dirlo-non-e-poi-un-dramma\\\/#article\",\"isPartOf\":{\"@id\":\"https:\\\/\\\/www.rassegnastampa-totustuus.it\\\/cattolica\\\/shakespeare-cattolico-dirlo-non-e-poi-un-dramma\\\/\"},\"author\":{\"name\":\"Redazione\",\"@id\":\"https:\\\/\\\/www.rassegnastampa-totustuus.it\\\/cattolica\\\/#\\\/schema\\\/person\\\/08f319d2bd1a0904ad9e2bfb7b15e5c3\"},\"headline\":\"Shakespeare cattolico, dirlo non \u00e8 poi un dramma\",\"datePublished\":\"2016-04-27T22:00:32+00:00\",\"mainEntityOfPage\":{\"@id\":\"https:\\\/\\\/www.rassegnastampa-totustuus.it\\\/cattolica\\\/shakespeare-cattolico-dirlo-non-e-poi-un-dramma\\\/\"},\"wordCount\":1152,\"publisher\":{\"@id\":\"https:\\\/\\\/www.rassegnastampa-totustuus.it\\\/cattolica\\\/#organization\"},\"image\":{\"@id\":\"https:\\\/\\\/www.rassegnastampa-totustuus.it\\\/cattolica\\\/shakespeare-cattolico-dirlo-non-e-poi-un-dramma\\\/#primaryimage\"},\"thumbnailUrl\":\"https:\\\/\\\/www.rassegnastampa-totustuus.it\\\/cattolica\\\/wp-content\\\/uploads\\\/2016\\\/04\\\/Shakespeare.jpg\",\"keywords\":[\"Willam Shakespeare\"],\"articleSection\":[\"Personaggi\"],\"inLanguage\":\"it-IT\"},{\"@type\":\"WebPage\",\"@id\":\"https:\\\/\\\/www.rassegnastampa-totustuus.it\\\/cattolica\\\/shakespeare-cattolico-dirlo-non-e-poi-un-dramma\\\/\",\"url\":\"https:\\\/\\\/www.rassegnastampa-totustuus.it\\\/cattolica\\\/shakespeare-cattolico-dirlo-non-e-poi-un-dramma\\\/\",\"name\":\"Shakespeare cattolico, dirlo non \u00e8 poi un dramma - Rassegna Stampa Cattolica\",\"isPartOf\":{\"@id\":\"https:\\\/\\\/www.rassegnastampa-totustuus.it\\\/cattolica\\\/#website\"},\"primaryImageOfPage\":{\"@id\":\"https:\\\/\\\/www.rassegnastampa-totustuus.it\\\/cattolica\\\/shakespeare-cattolico-dirlo-non-e-poi-un-dramma\\\/#primaryimage\"},\"image\":{\"@id\":\"https:\\\/\\\/www.rassegnastampa-totustuus.it\\\/cattolica\\\/shakespeare-cattolico-dirlo-non-e-poi-un-dramma\\\/#primaryimage\"},\"thumbnailUrl\":\"https:\\\/\\\/www.rassegnastampa-totustuus.it\\\/cattolica\\\/wp-content\\\/uploads\\\/2016\\\/04\\\/Shakespeare.jpg\",\"datePublished\":\"2016-04-27T22:00:32+00:00\",\"description\":\"Rassegna Stampa Cattolica - Per una cultura che nasce dalla Rivelazione cristiana in conformit\u00e0 alla tradizione e al Magistero della Chiesa in opposizione ad ogni relativismo e totalitarismo\",\"breadcrumb\":{\"@id\":\"https:\\\/\\\/www.rassegnastampa-totustuus.it\\\/cattolica\\\/shakespeare-cattolico-dirlo-non-e-poi-un-dramma\\\/#breadcrumb\"},\"inLanguage\":\"it-IT\",\"potentialAction\":[{\"@type\":\"ReadAction\",\"target\":[\"https:\\\/\\\/www.rassegnastampa-totustuus.it\\\/cattolica\\\/shakespeare-cattolico-dirlo-non-e-poi-un-dramma\\\/\"]}]},{\"@type\":\"ImageObject\",\"inLanguage\":\"it-IT\",\"@id\":\"https:\\\/\\\/www.rassegnastampa-totustuus.it\\\/cattolica\\\/shakespeare-cattolico-dirlo-non-e-poi-un-dramma\\\/#primaryimage\",\"url\":\"https:\\\/\\\/www.rassegnastampa-totustuus.it\\\/cattolica\\\/wp-content\\\/uploads\\\/2016\\\/04\\\/Shakespeare.jpg\",\"contentUrl\":\"https:\\\/\\\/www.rassegnastampa-totustuus.it\\\/cattolica\\\/wp-content\\\/uploads\\\/2016\\\/04\\\/Shakespeare.jpg\",\"width\":225,\"height\":225},{\"@type\":\"BreadcrumbList\",\"@id\":\"https:\\\/\\\/www.rassegnastampa-totustuus.it\\\/cattolica\\\/shakespeare-cattolico-dirlo-non-e-poi-un-dramma\\\/#breadcrumb\",\"itemListElement\":[{\"@type\":\"ListItem\",\"position\":1,\"name\":\"Home\",\"item\":\"https:\\\/\\\/www.rassegnastampa-totustuus.it\\\/cattolica\\\/\"},{\"@type\":\"ListItem\",\"position\":2,\"name\":\"Shakespeare cattolico, dirlo non \u00e8 poi un dramma\"}]},{\"@type\":\"WebSite\",\"@id\":\"https:\\\/\\\/www.rassegnastampa-totustuus.it\\\/cattolica\\\/#website\",\"url\":\"https:\\\/\\\/www.rassegnastampa-totustuus.it\\\/cattolica\\\/\",\"name\":\"Rassegna Stampa Cattolica\",\"description\":\"Per una cultura che nasce dalla Rivelazione cristiana in conformit\u00e0 alla tradizione e al Magistero della Chiesa in opposizione ad ogni relativismo e totalitarismo\",\"publisher\":{\"@id\":\"https:\\\/\\\/www.rassegnastampa-totustuus.it\\\/cattolica\\\/#organization\"},\"alternateName\":\"Rass. Cattolica\",\"potentialAction\":[{\"@type\":\"SearchAction\",\"target\":{\"@type\":\"EntryPoint\",\"urlTemplate\":\"https:\\\/\\\/www.rassegnastampa-totustuus.it\\\/cattolica\\\/?s={search_term_string}\"},\"query-input\":{\"@type\":\"PropertyValueSpecification\",\"valueRequired\":true,\"valueName\":\"search_term_string\"}}],\"inLanguage\":\"it-IT\"},{\"@type\":\"Organization\",\"@id\":\"https:\\\/\\\/www.rassegnastampa-totustuus.it\\\/cattolica\\\/#organization\",\"name\":\"Rassegna Stampa Cattolica\",\"url\":\"https:\\\/\\\/www.rassegnastampa-totustuus.it\\\/cattolica\\\/\",\"logo\":{\"@type\":\"ImageObject\",\"inLanguage\":\"it-IT\",\"@id\":\"https:\\\/\\\/www.rassegnastampa-totustuus.it\\\/cattolica\\\/#\\\/schema\\\/logo\\\/image\\\/\",\"url\":\"https:\\\/\\\/www.rassegnastampa-totustuus.it\\\/cattolica\\\/wp-content\\\/uploads\\\/2014\\\/04\\\/logo-rassegna1.gif\",\"contentUrl\":\"https:\\\/\\\/www.rassegnastampa-totustuus.it\\\/cattolica\\\/wp-content\\\/uploads\\\/2014\\\/04\\\/logo-rassegna1.gif\",\"width\":600,\"height\":163,\"caption\":\"Rassegna Stampa Cattolica\"},\"image\":{\"@id\":\"https:\\\/\\\/www.rassegnastampa-totustuus.it\\\/cattolica\\\/#\\\/schema\\\/logo\\\/image\\\/\"},\"sameAs\":[\"https:\\\/\\\/www.facebook.com\\\/rassegnastampacattolica\",\"https:\\\/\\\/x.com\\\/rassegnastampa9\"]},{\"@type\":\"Person\",\"@id\":\"https:\\\/\\\/www.rassegnastampa-totustuus.it\\\/cattolica\\\/#\\\/schema\\\/person\\\/08f319d2bd1a0904ad9e2bfb7b15e5c3\",\"name\":\"Redazione\",\"image\":{\"@type\":\"ImageObject\",\"inLanguage\":\"it-IT\",\"@id\":\"https:\\\/\\\/secure.gravatar.com\\\/avatar\\\/2fcdf27c78ea025fbdb44e914cc63c72249ffec9dc8aafd5c82b26240ef3f346?s=96&d=mm&r=g\",\"url\":\"https:\\\/\\\/secure.gravatar.com\\\/avatar\\\/2fcdf27c78ea025fbdb44e914cc63c72249ffec9dc8aafd5c82b26240ef3f346?s=96&d=mm&r=g\",\"contentUrl\":\"https:\\\/\\\/secure.gravatar.com\\\/avatar\\\/2fcdf27c78ea025fbdb44e914cc63c72249ffec9dc8aafd5c82b26240ef3f346?s=96&d=mm&r=g\",\"caption\":\"Redazione\"},\"url\":\"https:\\\/\\\/www.rassegnastampa-totustuus.it\\\/cattolica\\\/author\\\/pietroelle\\\/\"}]}<\/script>\n<!-- \/ Yoast SEO plugin. -->","yoast_head_json":{"title":"Shakespeare cattolico, dirlo non \u00e8 poi un dramma - Rassegna Stampa Cattolica","description":"Rassegna Stampa Cattolica - Per una cultura che nasce dalla Rivelazione cristiana in conformit\u00e0 alla tradizione e al Magistero della Chiesa in opposizione ad ogni relativismo e totalitarismo","robots":{"index":"index","follow":"follow","max-snippet":"max-snippet:-1","max-image-preview":"max-image-preview:large","max-video-preview":"max-video-preview:-1"},"canonical":"https:\/\/www.rassegnastampa-totustuus.it\/cattolica\/shakespeare-cattolico-dirlo-non-e-poi-un-dramma\/","og_locale":"it_IT","og_type":"article","og_title":"Shakespeare cattolico, dirlo non \u00e8 poi un dramma - Rassegna Stampa Cattolica","og_description":"Rassegna Stampa Cattolica - Per una cultura che nasce dalla Rivelazione cristiana in conformit\u00e0 alla tradizione e al Magistero della Chiesa in opposizione ad ogni relativismo e totalitarismo","og_url":"https:\/\/www.rassegnastampa-totustuus.it\/cattolica\/shakespeare-cattolico-dirlo-non-e-poi-un-dramma\/","og_site_name":"Rassegna Stampa Cattolica","article_publisher":"https:\/\/www.facebook.com\/rassegnastampacattolica","article_published_time":"2016-04-27T22:00:32+00:00","og_image":[{"width":225,"height":225,"url":"https:\/\/www.rassegnastampa-totustuus.it\/cattolica\/wp-content\/uploads\/2016\/04\/Shakespeare.jpg","type":"image\/jpeg"}],"author":"Redazione","twitter_card":"summary_large_image","twitter_creator":"@rassegnastampa9","twitter_site":"@rassegnastampa9","twitter_misc":{"Scritto da":"Redazione","Tempo di lettura stimato":"6 minuti"},"schema":{"@context":"https:\/\/schema.org","@graph":[{"@type":"Article","@id":"https:\/\/www.rassegnastampa-totustuus.it\/cattolica\/shakespeare-cattolico-dirlo-non-e-poi-un-dramma\/#article","isPartOf":{"@id":"https:\/\/www.rassegnastampa-totustuus.it\/cattolica\/shakespeare-cattolico-dirlo-non-e-poi-un-dramma\/"},"author":{"name":"Redazione","@id":"https:\/\/www.rassegnastampa-totustuus.it\/cattolica\/#\/schema\/person\/08f319d2bd1a0904ad9e2bfb7b15e5c3"},"headline":"Shakespeare cattolico, dirlo non \u00e8 poi un dramma","datePublished":"2016-04-27T22:00:32+00:00","mainEntityOfPage":{"@id":"https:\/\/www.rassegnastampa-totustuus.it\/cattolica\/shakespeare-cattolico-dirlo-non-e-poi-un-dramma\/"},"wordCount":1152,"publisher":{"@id":"https:\/\/www.rassegnastampa-totustuus.it\/cattolica\/#organization"},"image":{"@id":"https:\/\/www.rassegnastampa-totustuus.it\/cattolica\/shakespeare-cattolico-dirlo-non-e-poi-un-dramma\/#primaryimage"},"thumbnailUrl":"https:\/\/www.rassegnastampa-totustuus.it\/cattolica\/wp-content\/uploads\/2016\/04\/Shakespeare.jpg","keywords":["Willam Shakespeare"],"articleSection":["Personaggi"],"inLanguage":"it-IT"},{"@type":"WebPage","@id":"https:\/\/www.rassegnastampa-totustuus.it\/cattolica\/shakespeare-cattolico-dirlo-non-e-poi-un-dramma\/","url":"https:\/\/www.rassegnastampa-totustuus.it\/cattolica\/shakespeare-cattolico-dirlo-non-e-poi-un-dramma\/","name":"Shakespeare cattolico, dirlo non \u00e8 poi un dramma - Rassegna Stampa Cattolica","isPartOf":{"@id":"https:\/\/www.rassegnastampa-totustuus.it\/cattolica\/#website"},"primaryImageOfPage":{"@id":"https:\/\/www.rassegnastampa-totustuus.it\/cattolica\/shakespeare-cattolico-dirlo-non-e-poi-un-dramma\/#primaryimage"},"image":{"@id":"https:\/\/www.rassegnastampa-totustuus.it\/cattolica\/shakespeare-cattolico-dirlo-non-e-poi-un-dramma\/#primaryimage"},"thumbnailUrl":"https:\/\/www.rassegnastampa-totustuus.it\/cattolica\/wp-content\/uploads\/2016\/04\/Shakespeare.jpg","datePublished":"2016-04-27T22:00:32+00:00","description":"Rassegna Stampa Cattolica - Per una cultura che nasce dalla Rivelazione cristiana in conformit\u00e0 alla tradizione e al Magistero della Chiesa in opposizione ad ogni relativismo e totalitarismo","breadcrumb":{"@id":"https:\/\/www.rassegnastampa-totustuus.it\/cattolica\/shakespeare-cattolico-dirlo-non-e-poi-un-dramma\/#breadcrumb"},"inLanguage":"it-IT","potentialAction":[{"@type":"ReadAction","target":["https:\/\/www.rassegnastampa-totustuus.it\/cattolica\/shakespeare-cattolico-dirlo-non-e-poi-un-dramma\/"]}]},{"@type":"ImageObject","inLanguage":"it-IT","@id":"https:\/\/www.rassegnastampa-totustuus.it\/cattolica\/shakespeare-cattolico-dirlo-non-e-poi-un-dramma\/#primaryimage","url":"https:\/\/www.rassegnastampa-totustuus.it\/cattolica\/wp-content\/uploads\/2016\/04\/Shakespeare.jpg","contentUrl":"https:\/\/www.rassegnastampa-totustuus.it\/cattolica\/wp-content\/uploads\/2016\/04\/Shakespeare.jpg","width":225,"height":225},{"@type":"BreadcrumbList","@id":"https:\/\/www.rassegnastampa-totustuus.it\/cattolica\/shakespeare-cattolico-dirlo-non-e-poi-un-dramma\/#breadcrumb","itemListElement":[{"@type":"ListItem","position":1,"name":"Home","item":"https:\/\/www.rassegnastampa-totustuus.it\/cattolica\/"},{"@type":"ListItem","position":2,"name":"Shakespeare cattolico, dirlo non \u00e8 poi un dramma"}]},{"@type":"WebSite","@id":"https:\/\/www.rassegnastampa-totustuus.it\/cattolica\/#website","url":"https:\/\/www.rassegnastampa-totustuus.it\/cattolica\/","name":"Rassegna Stampa Cattolica","description":"Per una cultura che nasce dalla Rivelazione cristiana in conformit\u00e0 alla tradizione e al Magistero della Chiesa in opposizione ad ogni relativismo e totalitarismo","publisher":{"@id":"https:\/\/www.rassegnastampa-totustuus.it\/cattolica\/#organization"},"alternateName":"Rass. Cattolica","potentialAction":[{"@type":"SearchAction","target":{"@type":"EntryPoint","urlTemplate":"https:\/\/www.rassegnastampa-totustuus.it\/cattolica\/?s={search_term_string}"},"query-input":{"@type":"PropertyValueSpecification","valueRequired":true,"valueName":"search_term_string"}}],"inLanguage":"it-IT"},{"@type":"Organization","@id":"https:\/\/www.rassegnastampa-totustuus.it\/cattolica\/#organization","name":"Rassegna Stampa Cattolica","url":"https:\/\/www.rassegnastampa-totustuus.it\/cattolica\/","logo":{"@type":"ImageObject","inLanguage":"it-IT","@id":"https:\/\/www.rassegnastampa-totustuus.it\/cattolica\/#\/schema\/logo\/image\/","url":"https:\/\/www.rassegnastampa-totustuus.it\/cattolica\/wp-content\/uploads\/2014\/04\/logo-rassegna1.gif","contentUrl":"https:\/\/www.rassegnastampa-totustuus.it\/cattolica\/wp-content\/uploads\/2014\/04\/logo-rassegna1.gif","width":600,"height":163,"caption":"Rassegna Stampa Cattolica"},"image":{"@id":"https:\/\/www.rassegnastampa-totustuus.it\/cattolica\/#\/schema\/logo\/image\/"},"sameAs":["https:\/\/www.facebook.com\/rassegnastampacattolica","https:\/\/x.com\/rassegnastampa9"]},{"@type":"Person","@id":"https:\/\/www.rassegnastampa-totustuus.it\/cattolica\/#\/schema\/person\/08f319d2bd1a0904ad9e2bfb7b15e5c3","name":"Redazione","image":{"@type":"ImageObject","inLanguage":"it-IT","@id":"https:\/\/secure.gravatar.com\/avatar\/2fcdf27c78ea025fbdb44e914cc63c72249ffec9dc8aafd5c82b26240ef3f346?s=96&d=mm&r=g","url":"https:\/\/secure.gravatar.com\/avatar\/2fcdf27c78ea025fbdb44e914cc63c72249ffec9dc8aafd5c82b26240ef3f346?s=96&d=mm&r=g","contentUrl":"https:\/\/secure.gravatar.com\/avatar\/2fcdf27c78ea025fbdb44e914cc63c72249ffec9dc8aafd5c82b26240ef3f346?s=96&d=mm&r=g","caption":"Redazione"},"url":"https:\/\/www.rassegnastampa-totustuus.it\/cattolica\/author\/pietroelle\/"}]}},"_links":{"self":[{"href":"https:\/\/www.rassegnastampa-totustuus.it\/cattolica\/wp-json\/wp\/v2\/posts\/33402","targetHints":{"allow":["GET"]}}],"collection":[{"href":"https:\/\/www.rassegnastampa-totustuus.it\/cattolica\/wp-json\/wp\/v2\/posts"}],"about":[{"href":"https:\/\/www.rassegnastampa-totustuus.it\/cattolica\/wp-json\/wp\/v2\/types\/post"}],"author":[{"embeddable":true,"href":"https:\/\/www.rassegnastampa-totustuus.it\/cattolica\/wp-json\/wp\/v2\/users\/6"}],"replies":[{"embeddable":true,"href":"https:\/\/www.rassegnastampa-totustuus.it\/cattolica\/wp-json\/wp\/v2\/comments?post=33402"}],"version-history":[{"count":1,"href":"https:\/\/www.rassegnastampa-totustuus.it\/cattolica\/wp-json\/wp\/v2\/posts\/33402\/revisions"}],"predecessor-version":[{"id":33405,"href":"https:\/\/www.rassegnastampa-totustuus.it\/cattolica\/wp-json\/wp\/v2\/posts\/33402\/revisions\/33405"}],"wp:featuredmedia":[{"embeddable":true,"href":"https:\/\/www.rassegnastampa-totustuus.it\/cattolica\/wp-json\/wp\/v2\/media\/33404"}],"wp:attachment":[{"href":"https:\/\/www.rassegnastampa-totustuus.it\/cattolica\/wp-json\/wp\/v2\/media?parent=33402"}],"wp:term":[{"taxonomy":"category","embeddable":true,"href":"https:\/\/www.rassegnastampa-totustuus.it\/cattolica\/wp-json\/wp\/v2\/categories?post=33402"},{"taxonomy":"post_tag","embeddable":true,"href":"https:\/\/www.rassegnastampa-totustuus.it\/cattolica\/wp-json\/wp\/v2\/tags?post=33402"}],"curies":[{"name":"wp","href":"https:\/\/api.w.org\/{rel}","templated":true}]}}