{"id":3337,"date":"2009-05-28T00:00:00","date_gmt":"2009-05-27T22:00:00","guid":{"rendered":""},"modified":"2015-02-23T09:01:43","modified_gmt":"2015-02-23T08:01:43","slug":"spagna-36-di-chi-la-vera-colpa","status":"publish","type":"post","link":"https:\/\/www.rassegnastampa-totustuus.it\/cattolica\/spagna-36-di-chi-la-vera-colpa\/","title":{"rendered":"Spagna \u201936, di chi la vera colpa?"},"content":{"rendered":"<p style=\"text-align: center;\"><strong><a href=\"https:\/\/www.rassegnastampa-totustuus.it\/cattolica\/wp-content\/uploads\/2009\/05\/Spagna-36.jpg\"><img loading=\"lazy\" decoding=\"async\" class=\"alignright wp-image-19679\" src=\"https:\/\/www.rassegnastampa-totustuus.it\/cattolica\/wp-content\/uploads\/2009\/05\/Spagna-36.jpg\" alt=\"Spagna 36\" width=\"250\" height=\"174\" \/><\/a>Avvenire<\/strong> 1 Aprile 2009<\/p>\n<p style=\"text-align: justify;\"><em>Secondo lo storico P\u00edo Moa, membro del partito comunista clandestino e attivista del gruppo rivoluzionario maoista Grapo la responsabilit\u00e0 della guerra fu tutta delle forze rivoluzionarie del fronte popolare e la sollevazione del generale Franco non fu contro la Repubblica ma contro la Rivoluzione<\/em><\/p>\n<p style=\"text-align: center;\">* * *<\/p>\n<p><!--more--><\/p>\n<div style=\"text-align: justify;\">Antifranchista militante, membro negli anni Settan\u00adta del Partito comunista clandestino e attivista del gruppo rivoluzionario maoista Grapo, do\u00adpo la caduta della dittatura P\u00edo Moa si \u00e8 buttato a capofitto nello studio della storia dell\u2019ascesa di Franco, della Guerra civile spagno\u00adla e della Repubblica del Fronte popolare.<\/div>\n<p style=\"text-align: justify;\">E ne \u00e8 riemerso con idee radicalmente discoste dai luoghi comuni storiografici che \u2013 in Spa\u00adgna evidentemente come in Italia \u2013 tracciano senza esitazione la linea di demarcazione tra i buoni e i cat\u00adtivi. Moa, che gioved\u00ec sar\u00e0 ospite del Centro culturale di Milano nell\u2019incontro \u00abLiberazione o furia i\u00addeologica? Verit\u00e0 e mito della Guer\u00adra civil\u00bb (Sala Verri, via Zebedia, 2), ricostruisce l\u2019annuncio della con\u00adclusione della Guerra civile, dato da Franco il primo aprile di set\u00adtant\u2019anni fa: \u00abFu davvero la fine della guerra \u2013 spiega lo storico gali\u00adziano, autore nel 2003 di Los mitos de la Guerra Civil che, con cento\u00adcinquantamila copie vendute, re\u00adst\u00f2 al primo posto in classifica per sei mesi consecutivi\u2013.<\/p>\n<p style=\"text-align: justify;\">Dopo la Se\u00adconda guerra mondiale i comunisti cercarono di riaccendere la guerra civile attraverso la guerriglia, come in Grecia. Per\u00f2 fallirono. In Grecia i guerriglieri furono sconfitti soltan\u00adto grazie all\u2019appoggio di Gran Bre\u00adtagna e Stati Uniti, mentre in Spa\u00adgna furono annientati senza alcun bisogno di aiuti esterni\u00bb.<\/p>\n<p style=\"text-align: justify;\"><strong>Perch\u00e9?<\/strong><\/p>\n<p style=\"text-align: justify;\">\u00abPerch\u00e9 non trovarono quasi nes\u00adsun appoggio tra la popolazione. La gente si ricordava molto bene che cos\u2019erano stati il Fronte popo\u00adlare e il comunismo, e non voleva pi\u00f9 nulla del genere. In Spagna sol\u00adtanto negli ultimi anni, con Zapa\u00adtero, \u00e8 ritornato un certo clima psi\u00adcologico da guerra civile, imposto dal potere\u00bb.<\/p>\n<p style=\"text-align: justify;\"><strong>L\u2019opposizione antifranchista era davvero democratica, oppure per quelle sinistre il termine era, come negli anni Trenta-Cinquanta in I\u00adtalia, soltanto un sinonimo di &#8216;an\u00adtifascista&#8217;?<\/strong><\/p>\n<p style=\"text-align: justify;\">\u00abA opporsi a Franco c\u2019era un insie\u00adme di comunisti, anarchici, marxi\u00adsti rivoluzionari del Psoe [Partito socialista operaio spagnolo, oggi guidato da Zapatero, ndr], diversi gruppi golpisti come quello repub\u00adblicano di Aza\u00f1a, nazionalisti cata\u00adlani; in pi\u00f9 c\u2019era il Partito naziona\u00adlista basco, di un razzismo non lontano da quello nazista. \u00c8 ridico\u00adlo pretendere che questi partiti fos\u00adsero democratici. In realt\u00e0 avevano distrutto ogni legalit\u00e0 nella Repub\u00adblica, che almeno in parte era de\u00admocratica, e cos\u00ec causarono la Guerra civile\u00bb.<\/p>\n<p style=\"text-align: justify;\"><strong>Perch\u00e9 attribuisce al Fronte popo\u00adlare la responsabilit\u00e0 di aver real\u00admente causato la guerra?<\/strong><\/p>\n<p style=\"text-align: justify;\">\u00abNell\u2019ottobre del 1934 il Psoe e i na\u00adzionalisti catalani si sollevarono contro il governo legittimo e de\u00admocratico di centrodestra. Sconfit\u00adti, non mutarono atteggiamento, fino a quando non riuscirono a ra\u00addunare quasi tutte le sinistre nel Fronte popolare, con il quale si presentarono alle elezioni del feb\u00adbraio 1936. Fu un voto antidemo\u00adcratico, pieno di violenze, e il Fron\u00adte si proclam\u00f2 vincitore anche se i dati elettorali non furono mai pub\u00adblicati.<\/p>\n<p style=\"text-align: justify;\">Immediatamente inizi\u00f2 un\u2019ondata di omicidi, trecento in cinque mesi. Solo una minima par\u00adte fu compiuta dalla Falange, allora un piccolo partito semi-fascista che peraltro inizi\u00f2 a uccidere sol\u00adtanto dopo che diversi sui militanti erano stati ammazzati impune\u00admente dalle sinistre. E poi incendi, assalti alle sezioni e ai giornali di destra, fino al sequestro e all\u2019omi\u00adcidio di Calvo Sotelo, uno dei capi dell\u2019opposizione.<\/p>\n<p style=\"text-align: justify;\">Il governo, intan\u00adto, organizz\u00f2 un\u2019illegale revisione dei seggi per sottrarne decine alla destra e destitu\u00ec, altrettanto illegal\u00admente, il presidente della Repub\u00adblica, Alcal\u00e1-Zamora; annull\u00f2 poi ogni indipendenza della magistra\u00adtura, ponendola sotto la supervi\u00adsione dei sindacati, e si rifiut\u00f2 di arrestare l\u2019ondata di violenze. Non rispettava n\u00e9 faceva rispettare la legge, e di fatto proteggeva il pro\u00adcesso rivoluzionario: quando un militante di destra veniva assassi\u00adnato, la polizia perseguiva&#8230; la cer\u00adchia della vittima.<\/p>\n<p style=\"text-align: justify;\">I militari, esitan\u00addo molto, cercavano di organizzare un complotto; quando per\u00f2 Calvo Sotelo fu ucciso da un gruppo di poliziotti e miliziani socialisti, Franco e gli altri smisero di esitare e si ribellarono. Credo che in pochi altri Paesi i conservatori avrebbero sopportato tante violenze e illega\u00adlit\u00e0 prima di sollevarsi\u00bb.<\/p>\n<p style=\"text-align: justify;\"><strong>In questo contesto si inscrivono anche le violenze contro i religiosi. Qual \u00e8 lo stato attuale della ricerca storica su questo tema?<\/strong><\/p>\n<p style=\"text-align: justify;\">\u00abFurono ammazzati circa sette\u00admila religiosi, da vescovi a mona\u00adche; pi\u00f9 ancora furono gli uccisi per il solo fatto di essere cristia\u00adni. Furono distrutte migliaia di chiese, incendiati monasteri \u2013 al\u00adcuni con biblioteche di grande valore \u2013, rubata un\u2019infinit\u00e0 di o\u00adpere d\u2019arte. L\u2019omicidio dei reli\u00adgiosi mostr\u00f2 un sadismo difficile da credere. Non fu una persecu\u00adzione popolare spontanea, ma organizzata dai principali partiti. Di tutto questo oggi non si pu\u00f2 pi\u00f9 dubitare\u00bb.<\/p>\n<p style=\"text-align: justify;\"><strong>Perch\u00e9 interpreta la sollevazione franchista come un &#8220;atto reazio\u00adnario&#8221;?<\/strong><\/p>\n<p style=\"text-align: justify;\">\u00abPerch\u00e9, letteralmente, reagiva contro un processo ri\u00advoluzionario. Franco non si sollev\u00f2 contro la Repubblica n\u00e9 con\u00adtro la democrazia, ma contro la rivoluzione. I franchisti non crede\u00advano nella democra\u00adzia, poich\u00e9 ritenevano che ormai fosse diven\u00adtata impossibile, in Spagna; all\u2019epoca, del resto, in tutta Europa erano in mol\u00adti a credere che la democrazia libe\u00adrale apparteneva al passato\u00bb.<\/p>\n<p style=\"text-align: justify;\"><strong>Ma tra franchisti e repubblicani non c\u2019era, negli anni Trenta, nes\u00adsuna forza democratica?<\/strong><\/p>\n<p style=\"text-align: justify;\">\u00abNo. Non esistevano sinistre demo\u00adcratiche. Le pi\u00f9 moderate volevano imporre un regime come quello del Partito rivoluzionario istituzio\u00adnale messicano, e le pi\u00f9 estremiste \u2013 la maggioranza \u2013 anela\u00advano a una rivoluzione in stile sovietico o a\u00adnarchico. Le destre ri\u00adspettavano molto di pi\u00f9 la legalit\u00e0 repub\u00adblicana, e si sollevaro\u00adno soltanto quando la situazione era com\u00adpromessa. La maggio\u00adranza delle destre non era fascista, ma neanche democratica: erano conservatori, e dopo il Fronte po\u00adpolare cercarono di organizzare un regime cattolico. che chiamavano &#8216;democrazia organica&#8217;. La dittatu\u00adra di Franco fu autoritaria, non to\u00adtalitaria, e la differenza \u00e8 essenzia\u00adle. Fu molto meno dura di quella sovietica, per capirci\u00bb.<\/p>\n<p style=\"text-align: justify;\"><strong>\u00c8 difficile, oggi in Spagna, mettere in dubbio i dogmi storiografici sui &#8216;buoni&#8217; e i &#8216;cattivi&#8217; della Guerra civile?<\/strong><\/p>\n<p style=\"text-align: justify;\">\u00abLo \u00e8 stato fino a pochi anni fa, quando l\u2019intera storia della guerra e del franchismo era fatta di miti, per\u00f2 si impone sempre pi\u00f9 una versione adeguata dei fatti storici. Perch\u00e9 i fatti sono testardi, nono\u00adstante il fatto che siano molti coloro che cercano di occultarli \u2013 a partire dall\u2019attuale governo. Ma ormai han\u00adno perso la partita e in pochi anni quei miti spariranno del tutto: cosa necessaria per tutelare la democra\u00adzia e arrestare l\u2019involuzione politica attuale\u00bb.<\/p>\n","protected":false},"excerpt":{"rendered":"<p>Avvenire 1 Aprile 2009 Secondo lo storico P\u00edo Moa, membro del partito comunista clandestino e attivista del gruppo rivoluzionario maoista Grapo la responsabilit\u00e0 della guerra fu tutta delle forze rivoluzionarie del fronte popolare e la sollevazione del generale Franco non fu contro la Repubblica ma contro la Rivoluzione * * *<\/p><p><a class=\"more-link btn\" href=\"https:\/\/www.rassegnastampa-totustuus.it\/cattolica\/spagna-36-di-chi-la-vera-colpa\/\">Continua a leggere<\/a><\/p>\n","protected":false},"author":6,"featured_media":0,"comment_status":"closed","ping_status":"open","sticky":false,"template":"","format":"standard","meta":{"footnotes":""},"categories":[89,24],"tags":[2404],"class_list":["post-3337","post","type-post","status-publish","format-standard","hentry","category-guerra-di-spagna","category-storia","tag-guerra-di-spagna","item-wrap"],"yoast_head":"<!-- This site is optimized with the Yoast SEO plugin v27.5 - https:\/\/yoast.com\/product\/yoast-seo-wordpress\/ -->\n<title>Spagna \u201936, di chi la vera colpa? - Rassegna Stampa Cattolica<\/title>\n<meta name=\"description\" content=\"Rassegna Stampa Cattolica - Per una cultura che nasce dalla Rivelazione cristiana in conformit\u00e0 alla tradizione e al Magistero della Chiesa in opposizione ad ogni relativismo e totalitarismo\" \/>\n<meta name=\"robots\" content=\"index, follow, max-snippet:-1, max-image-preview:large, max-video-preview:-1\" \/>\n<link rel=\"canonical\" href=\"https:\/\/www.rassegnastampa-totustuus.it\/cattolica\/spagna-36-di-chi-la-vera-colpa\/\" \/>\n<meta property=\"og:locale\" content=\"it_IT\" \/>\n<meta property=\"og:type\" content=\"article\" \/>\n<meta property=\"og:title\" content=\"Spagna \u201936, di chi la vera colpa? - Rassegna Stampa Cattolica\" \/>\n<meta property=\"og:description\" content=\"Rassegna Stampa Cattolica - Per una cultura che nasce dalla Rivelazione cristiana in conformit\u00e0 alla tradizione e al Magistero della Chiesa in opposizione ad ogni relativismo e totalitarismo\" \/>\n<meta property=\"og:url\" content=\"https:\/\/www.rassegnastampa-totustuus.it\/cattolica\/spagna-36-di-chi-la-vera-colpa\/\" \/>\n<meta property=\"og:site_name\" content=\"Rassegna Stampa Cattolica\" \/>\n<meta property=\"article:publisher\" content=\"https:\/\/www.facebook.com\/rassegnastampacattolica\" \/>\n<meta property=\"article:published_time\" content=\"2009-05-27T22:00:00+00:00\" \/>\n<meta property=\"article:modified_time\" content=\"2015-02-23T08:01:43+00:00\" \/>\n<meta property=\"og:image\" content=\"http:\/\/www.rassegnastampa-totustuus.it\/cattolica\/wp-content\/uploads\/2009\/05\/Spagna-36.jpg\" \/>\n<meta name=\"author\" content=\"Redazione\" \/>\n<meta name=\"twitter:card\" content=\"summary_large_image\" \/>\n<meta name=\"twitter:creator\" content=\"@rassegnastampa9\" \/>\n<meta name=\"twitter:site\" content=\"@rassegnastampa9\" \/>\n<meta name=\"twitter:label1\" content=\"Scritto da\" \/>\n\t<meta name=\"twitter:data1\" content=\"Redazione\" \/>\n\t<meta name=\"twitter:label2\" content=\"Tempo di lettura stimato\" \/>\n\t<meta name=\"twitter:data2\" content=\"6 minuti\" \/>\n<script type=\"application\/ld+json\" class=\"yoast-schema-graph\">{\"@context\":\"https:\\\/\\\/schema.org\",\"@graph\":[{\"@type\":\"Article\",\"@id\":\"https:\\\/\\\/www.rassegnastampa-totustuus.it\\\/cattolica\\\/spagna-36-di-chi-la-vera-colpa\\\/#article\",\"isPartOf\":{\"@id\":\"https:\\\/\\\/www.rassegnastampa-totustuus.it\\\/cattolica\\\/spagna-36-di-chi-la-vera-colpa\\\/\"},\"author\":{\"name\":\"Redazione\",\"@id\":\"https:\\\/\\\/www.rassegnastampa-totustuus.it\\\/cattolica\\\/#\\\/schema\\\/person\\\/08f319d2bd1a0904ad9e2bfb7b15e5c3\"},\"headline\":\"Spagna \u201936, di chi la vera colpa?\",\"datePublished\":\"2009-05-27T22:00:00+00:00\",\"dateModified\":\"2015-02-23T08:01:43+00:00\",\"mainEntityOfPage\":{\"@id\":\"https:\\\/\\\/www.rassegnastampa-totustuus.it\\\/cattolica\\\/spagna-36-di-chi-la-vera-colpa\\\/\"},\"wordCount\":1136,\"publisher\":{\"@id\":\"https:\\\/\\\/www.rassegnastampa-totustuus.it\\\/cattolica\\\/#organization\"},\"image\":{\"@id\":\"https:\\\/\\\/www.rassegnastampa-totustuus.it\\\/cattolica\\\/spagna-36-di-chi-la-vera-colpa\\\/#primaryimage\"},\"thumbnailUrl\":\"http:\\\/\\\/www.rassegnastampa-totustuus.it\\\/cattolica\\\/wp-content\\\/uploads\\\/2009\\\/05\\\/Spagna-36.jpg\",\"keywords\":[\"Guerra di Spagna\"],\"articleSection\":[\"Guerra di Spagna\",\"Storia\"],\"inLanguage\":\"it-IT\"},{\"@type\":\"WebPage\",\"@id\":\"https:\\\/\\\/www.rassegnastampa-totustuus.it\\\/cattolica\\\/spagna-36-di-chi-la-vera-colpa\\\/\",\"url\":\"https:\\\/\\\/www.rassegnastampa-totustuus.it\\\/cattolica\\\/spagna-36-di-chi-la-vera-colpa\\\/\",\"name\":\"Spagna \u201936, di chi la vera colpa? - Rassegna Stampa Cattolica\",\"isPartOf\":{\"@id\":\"https:\\\/\\\/www.rassegnastampa-totustuus.it\\\/cattolica\\\/#website\"},\"primaryImageOfPage\":{\"@id\":\"https:\\\/\\\/www.rassegnastampa-totustuus.it\\\/cattolica\\\/spagna-36-di-chi-la-vera-colpa\\\/#primaryimage\"},\"image\":{\"@id\":\"https:\\\/\\\/www.rassegnastampa-totustuus.it\\\/cattolica\\\/spagna-36-di-chi-la-vera-colpa\\\/#primaryimage\"},\"thumbnailUrl\":\"http:\\\/\\\/www.rassegnastampa-totustuus.it\\\/cattolica\\\/wp-content\\\/uploads\\\/2009\\\/05\\\/Spagna-36.jpg\",\"datePublished\":\"2009-05-27T22:00:00+00:00\",\"dateModified\":\"2015-02-23T08:01:43+00:00\",\"description\":\"Rassegna Stampa Cattolica - Per una cultura che nasce dalla Rivelazione cristiana in conformit\u00e0 alla tradizione e al Magistero della Chiesa in opposizione ad ogni relativismo e totalitarismo\",\"breadcrumb\":{\"@id\":\"https:\\\/\\\/www.rassegnastampa-totustuus.it\\\/cattolica\\\/spagna-36-di-chi-la-vera-colpa\\\/#breadcrumb\"},\"inLanguage\":\"it-IT\",\"potentialAction\":[{\"@type\":\"ReadAction\",\"target\":[\"https:\\\/\\\/www.rassegnastampa-totustuus.it\\\/cattolica\\\/spagna-36-di-chi-la-vera-colpa\\\/\"]}]},{\"@type\":\"ImageObject\",\"inLanguage\":\"it-IT\",\"@id\":\"https:\\\/\\\/www.rassegnastampa-totustuus.it\\\/cattolica\\\/spagna-36-di-chi-la-vera-colpa\\\/#primaryimage\",\"url\":\"http:\\\/\\\/www.rassegnastampa-totustuus.it\\\/cattolica\\\/wp-content\\\/uploads\\\/2009\\\/05\\\/Spagna-36.jpg\",\"contentUrl\":\"http:\\\/\\\/www.rassegnastampa-totustuus.it\\\/cattolica\\\/wp-content\\\/uploads\\\/2009\\\/05\\\/Spagna-36.jpg\"},{\"@type\":\"BreadcrumbList\",\"@id\":\"https:\\\/\\\/www.rassegnastampa-totustuus.it\\\/cattolica\\\/spagna-36-di-chi-la-vera-colpa\\\/#breadcrumb\",\"itemListElement\":[{\"@type\":\"ListItem\",\"position\":1,\"name\":\"Home\",\"item\":\"https:\\\/\\\/www.rassegnastampa-totustuus.it\\\/cattolica\\\/\"},{\"@type\":\"ListItem\",\"position\":2,\"name\":\"Spagna \u201936, di chi la vera colpa?\"}]},{\"@type\":\"WebSite\",\"@id\":\"https:\\\/\\\/www.rassegnastampa-totustuus.it\\\/cattolica\\\/#website\",\"url\":\"https:\\\/\\\/www.rassegnastampa-totustuus.it\\\/cattolica\\\/\",\"name\":\"Rassegna Stampa Cattolica\",\"description\":\"Per una cultura che nasce dalla Rivelazione cristiana in conformit\u00e0 alla tradizione e al Magistero della Chiesa in opposizione ad ogni relativismo e totalitarismo\",\"publisher\":{\"@id\":\"https:\\\/\\\/www.rassegnastampa-totustuus.it\\\/cattolica\\\/#organization\"},\"alternateName\":\"Rass. Cattolica\",\"potentialAction\":[{\"@type\":\"SearchAction\",\"target\":{\"@type\":\"EntryPoint\",\"urlTemplate\":\"https:\\\/\\\/www.rassegnastampa-totustuus.it\\\/cattolica\\\/?s={search_term_string}\"},\"query-input\":{\"@type\":\"PropertyValueSpecification\",\"valueRequired\":true,\"valueName\":\"search_term_string\"}}],\"inLanguage\":\"it-IT\"},{\"@type\":\"Organization\",\"@id\":\"https:\\\/\\\/www.rassegnastampa-totustuus.it\\\/cattolica\\\/#organization\",\"name\":\"Rassegna Stampa Cattolica\",\"url\":\"https:\\\/\\\/www.rassegnastampa-totustuus.it\\\/cattolica\\\/\",\"logo\":{\"@type\":\"ImageObject\",\"inLanguage\":\"it-IT\",\"@id\":\"https:\\\/\\\/www.rassegnastampa-totustuus.it\\\/cattolica\\\/#\\\/schema\\\/logo\\\/image\\\/\",\"url\":\"https:\\\/\\\/www.rassegnastampa-totustuus.it\\\/cattolica\\\/wp-content\\\/uploads\\\/2014\\\/04\\\/logo-rassegna1.gif\",\"contentUrl\":\"https:\\\/\\\/www.rassegnastampa-totustuus.it\\\/cattolica\\\/wp-content\\\/uploads\\\/2014\\\/04\\\/logo-rassegna1.gif\",\"width\":600,\"height\":163,\"caption\":\"Rassegna Stampa Cattolica\"},\"image\":{\"@id\":\"https:\\\/\\\/www.rassegnastampa-totustuus.it\\\/cattolica\\\/#\\\/schema\\\/logo\\\/image\\\/\"},\"sameAs\":[\"https:\\\/\\\/www.facebook.com\\\/rassegnastampacattolica\",\"https:\\\/\\\/x.com\\\/rassegnastampa9\"]},{\"@type\":\"Person\",\"@id\":\"https:\\\/\\\/www.rassegnastampa-totustuus.it\\\/cattolica\\\/#\\\/schema\\\/person\\\/08f319d2bd1a0904ad9e2bfb7b15e5c3\",\"name\":\"Redazione\",\"image\":{\"@type\":\"ImageObject\",\"inLanguage\":\"it-IT\",\"@id\":\"https:\\\/\\\/secure.gravatar.com\\\/avatar\\\/2fcdf27c78ea025fbdb44e914cc63c72249ffec9dc8aafd5c82b26240ef3f346?s=96&d=mm&r=g\",\"url\":\"https:\\\/\\\/secure.gravatar.com\\\/avatar\\\/2fcdf27c78ea025fbdb44e914cc63c72249ffec9dc8aafd5c82b26240ef3f346?s=96&d=mm&r=g\",\"contentUrl\":\"https:\\\/\\\/secure.gravatar.com\\\/avatar\\\/2fcdf27c78ea025fbdb44e914cc63c72249ffec9dc8aafd5c82b26240ef3f346?s=96&d=mm&r=g\",\"caption\":\"Redazione\"},\"url\":\"https:\\\/\\\/www.rassegnastampa-totustuus.it\\\/cattolica\\\/author\\\/pietroelle\\\/\"}]}<\/script>\n<!-- \/ Yoast SEO plugin. -->","yoast_head_json":{"title":"Spagna \u201936, di chi la vera colpa? - Rassegna Stampa Cattolica","description":"Rassegna Stampa Cattolica - Per una cultura che nasce dalla Rivelazione cristiana in conformit\u00e0 alla tradizione e al Magistero della Chiesa in opposizione ad ogni relativismo e totalitarismo","robots":{"index":"index","follow":"follow","max-snippet":"max-snippet:-1","max-image-preview":"max-image-preview:large","max-video-preview":"max-video-preview:-1"},"canonical":"https:\/\/www.rassegnastampa-totustuus.it\/cattolica\/spagna-36-di-chi-la-vera-colpa\/","og_locale":"it_IT","og_type":"article","og_title":"Spagna \u201936, di chi la vera colpa? - Rassegna Stampa Cattolica","og_description":"Rassegna Stampa Cattolica - Per una cultura che nasce dalla Rivelazione cristiana in conformit\u00e0 alla tradizione e al Magistero della Chiesa in opposizione ad ogni relativismo e totalitarismo","og_url":"https:\/\/www.rassegnastampa-totustuus.it\/cattolica\/spagna-36-di-chi-la-vera-colpa\/","og_site_name":"Rassegna Stampa Cattolica","article_publisher":"https:\/\/www.facebook.com\/rassegnastampacattolica","article_published_time":"2009-05-27T22:00:00+00:00","article_modified_time":"2015-02-23T08:01:43+00:00","og_image":[{"url":"http:\/\/www.rassegnastampa-totustuus.it\/cattolica\/wp-content\/uploads\/2009\/05\/Spagna-36.jpg","type":"","width":"","height":""}],"author":"Redazione","twitter_card":"summary_large_image","twitter_creator":"@rassegnastampa9","twitter_site":"@rassegnastampa9","twitter_misc":{"Scritto da":"Redazione","Tempo di lettura stimato":"6 minuti"},"schema":{"@context":"https:\/\/schema.org","@graph":[{"@type":"Article","@id":"https:\/\/www.rassegnastampa-totustuus.it\/cattolica\/spagna-36-di-chi-la-vera-colpa\/#article","isPartOf":{"@id":"https:\/\/www.rassegnastampa-totustuus.it\/cattolica\/spagna-36-di-chi-la-vera-colpa\/"},"author":{"name":"Redazione","@id":"https:\/\/www.rassegnastampa-totustuus.it\/cattolica\/#\/schema\/person\/08f319d2bd1a0904ad9e2bfb7b15e5c3"},"headline":"Spagna \u201936, di chi la vera colpa?","datePublished":"2009-05-27T22:00:00+00:00","dateModified":"2015-02-23T08:01:43+00:00","mainEntityOfPage":{"@id":"https:\/\/www.rassegnastampa-totustuus.it\/cattolica\/spagna-36-di-chi-la-vera-colpa\/"},"wordCount":1136,"publisher":{"@id":"https:\/\/www.rassegnastampa-totustuus.it\/cattolica\/#organization"},"image":{"@id":"https:\/\/www.rassegnastampa-totustuus.it\/cattolica\/spagna-36-di-chi-la-vera-colpa\/#primaryimage"},"thumbnailUrl":"http:\/\/www.rassegnastampa-totustuus.it\/cattolica\/wp-content\/uploads\/2009\/05\/Spagna-36.jpg","keywords":["Guerra di Spagna"],"articleSection":["Guerra di Spagna","Storia"],"inLanguage":"it-IT"},{"@type":"WebPage","@id":"https:\/\/www.rassegnastampa-totustuus.it\/cattolica\/spagna-36-di-chi-la-vera-colpa\/","url":"https:\/\/www.rassegnastampa-totustuus.it\/cattolica\/spagna-36-di-chi-la-vera-colpa\/","name":"Spagna \u201936, di chi la vera colpa? - Rassegna Stampa Cattolica","isPartOf":{"@id":"https:\/\/www.rassegnastampa-totustuus.it\/cattolica\/#website"},"primaryImageOfPage":{"@id":"https:\/\/www.rassegnastampa-totustuus.it\/cattolica\/spagna-36-di-chi-la-vera-colpa\/#primaryimage"},"image":{"@id":"https:\/\/www.rassegnastampa-totustuus.it\/cattolica\/spagna-36-di-chi-la-vera-colpa\/#primaryimage"},"thumbnailUrl":"http:\/\/www.rassegnastampa-totustuus.it\/cattolica\/wp-content\/uploads\/2009\/05\/Spagna-36.jpg","datePublished":"2009-05-27T22:00:00+00:00","dateModified":"2015-02-23T08:01:43+00:00","description":"Rassegna Stampa Cattolica - Per una cultura che nasce dalla Rivelazione cristiana in conformit\u00e0 alla tradizione e al Magistero della Chiesa in opposizione ad ogni relativismo e totalitarismo","breadcrumb":{"@id":"https:\/\/www.rassegnastampa-totustuus.it\/cattolica\/spagna-36-di-chi-la-vera-colpa\/#breadcrumb"},"inLanguage":"it-IT","potentialAction":[{"@type":"ReadAction","target":["https:\/\/www.rassegnastampa-totustuus.it\/cattolica\/spagna-36-di-chi-la-vera-colpa\/"]}]},{"@type":"ImageObject","inLanguage":"it-IT","@id":"https:\/\/www.rassegnastampa-totustuus.it\/cattolica\/spagna-36-di-chi-la-vera-colpa\/#primaryimage","url":"http:\/\/www.rassegnastampa-totustuus.it\/cattolica\/wp-content\/uploads\/2009\/05\/Spagna-36.jpg","contentUrl":"http:\/\/www.rassegnastampa-totustuus.it\/cattolica\/wp-content\/uploads\/2009\/05\/Spagna-36.jpg"},{"@type":"BreadcrumbList","@id":"https:\/\/www.rassegnastampa-totustuus.it\/cattolica\/spagna-36-di-chi-la-vera-colpa\/#breadcrumb","itemListElement":[{"@type":"ListItem","position":1,"name":"Home","item":"https:\/\/www.rassegnastampa-totustuus.it\/cattolica\/"},{"@type":"ListItem","position":2,"name":"Spagna \u201936, di chi la vera colpa?"}]},{"@type":"WebSite","@id":"https:\/\/www.rassegnastampa-totustuus.it\/cattolica\/#website","url":"https:\/\/www.rassegnastampa-totustuus.it\/cattolica\/","name":"Rassegna Stampa Cattolica","description":"Per una cultura che nasce dalla Rivelazione cristiana in conformit\u00e0 alla tradizione e al Magistero della Chiesa in opposizione ad ogni relativismo e totalitarismo","publisher":{"@id":"https:\/\/www.rassegnastampa-totustuus.it\/cattolica\/#organization"},"alternateName":"Rass. Cattolica","potentialAction":[{"@type":"SearchAction","target":{"@type":"EntryPoint","urlTemplate":"https:\/\/www.rassegnastampa-totustuus.it\/cattolica\/?s={search_term_string}"},"query-input":{"@type":"PropertyValueSpecification","valueRequired":true,"valueName":"search_term_string"}}],"inLanguage":"it-IT"},{"@type":"Organization","@id":"https:\/\/www.rassegnastampa-totustuus.it\/cattolica\/#organization","name":"Rassegna Stampa Cattolica","url":"https:\/\/www.rassegnastampa-totustuus.it\/cattolica\/","logo":{"@type":"ImageObject","inLanguage":"it-IT","@id":"https:\/\/www.rassegnastampa-totustuus.it\/cattolica\/#\/schema\/logo\/image\/","url":"https:\/\/www.rassegnastampa-totustuus.it\/cattolica\/wp-content\/uploads\/2014\/04\/logo-rassegna1.gif","contentUrl":"https:\/\/www.rassegnastampa-totustuus.it\/cattolica\/wp-content\/uploads\/2014\/04\/logo-rassegna1.gif","width":600,"height":163,"caption":"Rassegna Stampa Cattolica"},"image":{"@id":"https:\/\/www.rassegnastampa-totustuus.it\/cattolica\/#\/schema\/logo\/image\/"},"sameAs":["https:\/\/www.facebook.com\/rassegnastampacattolica","https:\/\/x.com\/rassegnastampa9"]},{"@type":"Person","@id":"https:\/\/www.rassegnastampa-totustuus.it\/cattolica\/#\/schema\/person\/08f319d2bd1a0904ad9e2bfb7b15e5c3","name":"Redazione","image":{"@type":"ImageObject","inLanguage":"it-IT","@id":"https:\/\/secure.gravatar.com\/avatar\/2fcdf27c78ea025fbdb44e914cc63c72249ffec9dc8aafd5c82b26240ef3f346?s=96&d=mm&r=g","url":"https:\/\/secure.gravatar.com\/avatar\/2fcdf27c78ea025fbdb44e914cc63c72249ffec9dc8aafd5c82b26240ef3f346?s=96&d=mm&r=g","contentUrl":"https:\/\/secure.gravatar.com\/avatar\/2fcdf27c78ea025fbdb44e914cc63c72249ffec9dc8aafd5c82b26240ef3f346?s=96&d=mm&r=g","caption":"Redazione"},"url":"https:\/\/www.rassegnastampa-totustuus.it\/cattolica\/author\/pietroelle\/"}]}},"_links":{"self":[{"href":"https:\/\/www.rassegnastampa-totustuus.it\/cattolica\/wp-json\/wp\/v2\/posts\/3337","targetHints":{"allow":["GET"]}}],"collection":[{"href":"https:\/\/www.rassegnastampa-totustuus.it\/cattolica\/wp-json\/wp\/v2\/posts"}],"about":[{"href":"https:\/\/www.rassegnastampa-totustuus.it\/cattolica\/wp-json\/wp\/v2\/types\/post"}],"author":[{"embeddable":true,"href":"https:\/\/www.rassegnastampa-totustuus.it\/cattolica\/wp-json\/wp\/v2\/users\/6"}],"replies":[{"embeddable":true,"href":"https:\/\/www.rassegnastampa-totustuus.it\/cattolica\/wp-json\/wp\/v2\/comments?post=3337"}],"version-history":[{"count":3,"href":"https:\/\/www.rassegnastampa-totustuus.it\/cattolica\/wp-json\/wp\/v2\/posts\/3337\/revisions"}],"predecessor-version":[{"id":19680,"href":"https:\/\/www.rassegnastampa-totustuus.it\/cattolica\/wp-json\/wp\/v2\/posts\/3337\/revisions\/19680"}],"wp:attachment":[{"href":"https:\/\/www.rassegnastampa-totustuus.it\/cattolica\/wp-json\/wp\/v2\/media?parent=3337"}],"wp:term":[{"taxonomy":"category","embeddable":true,"href":"https:\/\/www.rassegnastampa-totustuus.it\/cattolica\/wp-json\/wp\/v2\/categories?post=3337"},{"taxonomy":"post_tag","embeddable":true,"href":"https:\/\/www.rassegnastampa-totustuus.it\/cattolica\/wp-json\/wp\/v2\/tags?post=3337"}],"curies":[{"name":"wp","href":"https:\/\/api.w.org\/{rel}","templated":true}]}}