{"id":3315,"date":"2009-05-21T00:00:00","date_gmt":"2009-05-20T22:00:00","guid":{"rendered":""},"modified":"2015-02-23T12:23:06","modified_gmt":"2015-02-23T11:23:06","slug":"giuseppe-moscati-il-medico-santo","status":"publish","type":"post","link":"https:\/\/www.rassegnastampa-totustuus.it\/cattolica\/giuseppe-moscati-il-medico-santo\/","title":{"rendered":"Giuseppe Moscati. Il medico santo"},"content":{"rendered":"<div style=\"text-align: center;\"><strong><a href=\"https:\/\/www.rassegnastampa-totustuus.it\/cattolica\/wp-content\/uploads\/2009\/05\/Giuseppe-Moscati.jpg\"><img loading=\"lazy\" decoding=\"async\" class=\"alignleft wp-image-19710\" src=\"https:\/\/www.rassegnastampa-totustuus.it\/cattolica\/wp-content\/uploads\/2009\/05\/Giuseppe-Moscati.jpg\" alt=\"Giuseppe Moscati\" width=\"168\" height=\"200\" \/><\/a>Tracce<\/strong> maggio 2009<\/div>\n<p style=\"text-align: justify;\"><em>Tra i vicoli di Napoli, le corsie d&#8217;ospedale e le cattedre universitarie si dipana l&#8217;opera di questo &#8220;strano&#8221; dottore mosso in ogni istante \u00abdall&#8217;ardenza dell&#8217;amore, la carit\u00e0\u00bb. Quinta tappa del nostro viaggio tra i santi che, annunciando il cristianesimo, hanno cambiato la societ\u00e0<\/em><\/p>\n<p style=\"text-align: center;\">di <strong>Paola Bergamini<\/strong><\/p>\n<p><!--more--><\/p>\n<div style=\"text-align: justify;\">Napoli 1923, nel corridoio della III sala dell&#8217;Ospedale degli Incurabili si sente un gran vociare. Una donna piange, l&#8217;uomo accanto a lei, con il viso infiammato urla: \u00abSuora, dove \u00e8 un medico? Questa situazione \u00e8 inaccettabile, solo perch\u00e9 siamo dei poveri cristi&#8230;\u00bb.<\/div>\n<p style=\"text-align: justify;\">\u00abIo sono un medico &#8211; si sente alle spalle -. Questo \u00e8 un luogo di sofferenza, vi prego di abbassare la voce. Reverenda madre mi spieghi cosa sta succedendo\u00bb. \u00abProfessore &#8211; risponde la suora -, \u00e8 per quel ragazzo affetto da emofilia, soggetto a lunghe emorragie che bisogna medicare quotidianamente&#8230;\u00bb.<\/p>\n<p style=\"text-align: justify;\">L&#8217;uomo la interrompe: \u00abC&#8217;\u00e8 che, siccome le ferite di mio figlio emanano cattivo odore, nessun assistente vuole medicarlo. Sono ore che stiamo aspettando\u00bb.<\/p>\n<p style=\"text-align: justify;\">Il medico non dice una parola, si avvicina al carrello delle medicazioni, lo spinge fino al letto del paziente. Con delicatezza comincia a sfasciarlo, a pulire le ferite, a medicarlo e intanto gli parla. Un dottore, che ha assistito alla scena commenta: \u00abChe uomo, un filantropo. Al servizio dell&#8217;umanit\u00e0\u00bb. Il padre del ragazzo scuotendo la testa: \u00abDotto&#8217; lei non ha capito niente. Che &#8220;filantro&#8221;, o come si dice. Ha guardato mio figlio? Io non so cosa gli ha detto, ma mi sembra che soffra meno. Ha chiesto a sua madre di portargli una corona del Rosario. Quello ha la carit\u00e0 nel cuore\u00bb.<\/p>\n<p style=\"text-align: justify;\">E dopo un attimo: \u00abDitemi il suo nome\u00bb. \u00ab\u00c8 il professor Giuseppe Moscati. II mio professore\u00bb, gli risponde con orgoglio un giovane medico appena arrivato. L&#8217;uomo sorride: \u00abOra capisco. Il medico santo\u00bb.<\/p>\n<p style=\"text-align: justify;\">Giuseppe non sa che a Napoli lo chiamano cos\u00ec. Per lui \u00abgli ammalati sono le figure di Ges\u00f9 Cristo. Amiamo Dio senza misura nel dolore. Riponiamo tutto il nostro affetto non solo nelle cose che Dio vuole, ma nella volont\u00e0 dello stesso Dio che le determina. Molti sciagurati, delinquenti, bestemmiatori, vengono a capitare in ospedale, per disposizione ultima della Misericordia di Dio, che li vuole salvi\u00bb, aveva scritto a margine della sua tesi, quando a soli 23 anni si era laureato con lode e pubblicazione della tesi in Medicina.<\/p>\n<p style=\"text-align: justify;\">Nello stesso anno aveva vinto il concorso per aiuto straordinario agli Incurabili e, a distanza di pochi anni, era diventato aiuto ordinario, direttore di sala e nel 1922, a 38 anni, una commissione appositamente nominata dal Ministero della Pubblica Istruzione gli aveva conferito la libera docenza in Clinica medica generale. E poi gli studi, le pubblicazioni su riviste prestigiose.<\/p>\n<p style=\"text-align: justify;\">\u00c8 uno dei primi in Italia ad usare l&#8217;insulina per pazienti affetti da diabete, facendola arrivare, direttamente dall&#8217;America attraverso un suo ex allievo. Un luminare, un personaggio importante per tanti colleghi che per\u00f2 non capiscono quel modo di fare &#8220;strano&#8221; che ha con i pazienti, tanto che un giorno proprio un collega lo aveva fermato per dirgli: \u00abTu sei una celebrit\u00e0 nel mondo medico, non \u00e8 conveniente che consigli agli ammalati, mentre li visiti, di confessarsi e di fare la comunione\u00bb.<\/p>\n<p style=\"text-align: justify;\">Giuseppe aveva risposto secco: \u00abAl di sopra di noi c&#8217;\u00e8 il Signore. E a lui prima di tutto si deve riferire tutto quello che facciamo e operiamo. In altri termini: prima Dio, poi le altre cose\u00bb. Quella stessa sera aveva scritto: \u00abII dolore va trattato non come un guizzo o una contrazione muscolare, ma come il grido di un&#8217;anima, a cui un altro fratello, il medico, accorre con l&#8217;ardenza dell&#8217;amore, la carit\u00e0\u00bb.<\/p>\n<p style=\"text-align: justify;\"><strong>Dio, se c&#8217;\u00e8 non c&#8217;entra.<\/strong><\/p>\n<p style=\"text-align: justify;\">Quando si era iscritto a Medicina, nella prestigiosa universit\u00e0 partenopea, la posizione dei suoi professori era ben diversa: l&#8217;uomo \u00e8 un insieme di gangli. \u00c8 l&#8217;affermarsi del positivismo scientifico, per cui Dio se anche c&#8217;\u00e8, non c&#8217;entra. Per Giuseppe non era cos\u00ec! Aveva cominciato la sua battaglia. Aveva studiato, si era appassionato alla scienza che non vedeva mai in contrapposizione con la sua fede. Per lui era ed \u00e8 uno strumento di investigazione che rivela che ogni cosa \u00e8 voluta da Dio per l&#8217;uomo perch\u00e9 \u00ab&#8217;lsuo fattore non disdegn\u00f2 di farsi sua fattura\u00bb (Dante, Paradiso XXXIII), amandolo fino alla morte, avendone piet\u00e0.<\/p>\n<p style=\"text-align: justify;\">Questo amore scandisce ogni suo gesto, ogni istante della sua giornata. Lo fa essere un maestro per gli studenti, che da lui vogliono imparare questo modo diverso di &#8220;essere medico&#8221;. Per questo all&#8217;amico Benedetto Croce, quando nel 1923 sorge il problema della clinicizzazione per cui viene impedito l&#8217;insegnamento libero negli ospedali, scrive: \u00abVorrebbero rompere il legame che ci unisce agli studenti. Come se l&#8217;unica cosa da insegnare loro fossero la scienza, le nozioni. La carit\u00e0 devono imparare: la carit\u00e0 ha trasformato il mondo in alcuni periodi. Solo pochissimi uomini sono passati alla storia per la scienza, ma tutti potranno rimanere imperituri se si dedicheranno al bene. E chi meglio del medico pu\u00f2 fare questo?\u00bb.<\/p>\n<p style=\"text-align: justify;\">\u00c8 pomeriggio inoltrato, quando Giuseppe esce dall&#8217;ospedale. Per un attimo si volge a guardare la facciata degli Incurabili. Una voce lo distoglie dai suoi pensieri. \u00abProfessore, mi scusi posso chiederle una cosa?\u00bb. Giuseppe riconosce uno dei suoi alunni. \u00abMi dica\u00bb. \u00abSe non le dispiace volevo accompagnarla fino a casa, ma forse la disturbo\u00bb.<\/p>\n<p style=\"text-align: justify;\">Giuseppe sorride: \u00abNo, anzi, mi fa piacere. Stavo ricordando le parole che disse mio padre &#8211; un grande uomo, era magistrato della Corte d&#8217;Appello di Napoli &#8211; a me ragazzino, una sera sulla terrazza di casa, la stessa dove ora abito con mia sorella Nina. Mi disse: &#8220;Guarda. Quanta sofferenza tra quelle mura. Ma il dolore viene lenito con i rimedi che l&#8217;uomo con la ricerca ha trovato e, dove questi non possono pi\u00f9 nulla, con la piet\u00e0 cristiana. L\u00ec, nella sofferenza, il Signore porta il suo conforto se ci sono persone buone che non hanno paura ad annunciarlo. Il dolore \u00e8 vinto perch\u00e9 il Medico \u00e8 venuto a porre rimedio: la morte \u00e8 stata vinta&#8221;. In quel momento ho intuito che il Signore mi voleva tra quelle mura\u00bb.<\/p>\n<p style=\"text-align: justify;\">Sono a met\u00e0 strada, quando Giuseppe chiede all&#8217;allievo: \u00abIo mi fermo per qualche minuto, qua, nella chiesa delle Sacramentine. Lei?\u00bb. \u00abLa accompagno\u00bb, non esita a rispondere il giovane medico. Invidia la fede certa del suo professore, che lo contraddistingue da tutti; non c&#8217;\u00e8 nessun bigottismo nel suo modo di fare, ma un modo di affrontare la vita che lo rende speciale. Per questo vuole stare con lui. In quella chiesa, alcuni anni prima, Giuseppe aveva fatto voto di castit\u00e0 al Signore. In silenzio, senza clamore. Aveva scritto: \u00abHo uno slancio di tenerezza per la Madonna del Buon Consiglio, che mi sorride cos\u00ec come \u00e8 effigiata nella chiesa delle Sacramentine. Innanzi a questa immagine di lei e in questa chiesa io feci abiura degl&#8217;impuri affetti terreni\u00bb.<\/p>\n<p style=\"text-align: justify;\"><strong>Sotto la lava del Vesuvio.<\/strong><\/p>\n<p style=\"text-align: justify;\">Arrivano in via Cisterna dell&#8217;Olio che \u00e8 quasi sera. Davanti al numero 10, dove abita, Giuseppe si ferma per salutare l&#8217;allievo. \u00abA domani\u00bb. Il giovane medico non molla: \u00abProfessore, posso assisterla nelle visite che fa ora nel suo ambulatorio?\u00bb. \u00abPu\u00f2 essere che si faccia tardi&#8230;\u00bb. \u00abNon importa\u00bb. \u00abVa bene\u00bb.<\/p>\n<p style=\"text-align: justify;\">Appena varcano la soglia di casa una ventina di persone, di tutti i ceti sociali, sono pronte ad accoglierli. Nina, la sorella, gli si fa incontro: \u00abUn ragazzo ha lasciato questo foglietto\u00bb. Giuseppe lo apre, la sua fronte si corruga. \u00abC&#8217;\u00e8 un bambino che sta molto male, dopo cena andr\u00f2 a visitarlo\u00bb. \u00abDove abita il ragazzino?\u00bb. \u00abDalle parti di corso Vittorio Emanuele\u00bb. \u00abNon \u00e8 una bella zona&#8230;\u00bb, commenta Nina. Giuseppe la guarda negli occhi: \u00abNina, il Signore chiama dove vuole. Lo sai, tra i malati, in ospedale c&#8217;\u00e8 la mia famiglia. L\u00ec ogni giorno mi chiama il Signore. Non ti preoccupare, questo giovane medico mi accompagner\u00e0. Non mi succeder\u00e0 nulla\u00bb. \u00c8 vero, al medico santo nessuno osa far nulla.<\/p>\n<p style=\"text-align: justify;\">Iniziano le visite. \u00abDotto&#8217;, sono grave?\u00bb. \u00abNo, ma deve prendere le medicine che le prescrivo\u00bb. \u00abDotto&#8217;, sa che io indirettamente la conosco? Mia nonna mi ha raccontato di quando lei venne a Torre del Greco. Era l&#8217;8 aprile 1906, il giorno funesto dell&#8217;eruzione del Vesuvio\u00bb e, rivolgendosi al giovane medico incuriosito: \u00abMi ricordo il fiume incandescente che scendeva dalla montagna, il cielo era nero. L&#8217;apocalisse sembrava. Tutti scappavano. Nell&#8217;ospedale di Torre del Greco i malati erano per lo pi\u00f9 persone anziane, non potevano muoversi. Nell\u2019evacuare gli ospedali nessuno aveva pensato a loro&#8230; eccetto il dottor Moscati. Arriv\u00f2 verso sera su un calesse. Con pochi precisi ordini cominci\u00f2 a far uscire tutti i malati. Lo vidi io stesso portarne fuori alcuni sulle spalle. Appena l&#8217;ultimo malato fu issato su un carro, tutto l&#8217;edificio croll\u00f2. Tra quelli che lei salv\u00f2, c&#8217;era anche mia nonna\u00bb.<\/p>\n<p style=\"text-align: justify;\">\u00abIo non ho salvato nessuno. \u00c8 stata tutta opera della Provvidenza. Sono stato solo un suo strumento. Comunque, non perdiamo tempo. Tu, piuttosto, quando ti sei confessato l&#8217;ultima volta? Mi sembra che le preghiere siano un lontano ricordo\u00bb. L&#8217;uomo arrossisce&#8230; \u00abCome fa a sapere?\u00bb, pensa fra s\u00e9. E in risposta: \u00abQuanto le devo?\u00bb. Moscati alza lo sguardo di scatto: \u00abPortali in chiesa i soldi e intanto visita il tabernacolo. La Provvidenza far\u00e0 il miracolo anche a te\u00bb.<\/p>\n<p style=\"text-align: justify;\">Il giovane medico \u00e8 strabiliato: erano bastati pochi indizi per capire di cosa era affetto l&#8217;uomo e uno sguardo per capire dove era la sua anima. Sulle capacit\u00e0 di diagnosi di Moscati nessuno aveva dubbi, soprattutto dopo che, a dispetto di tanti luminari di fama internazionale, era stato l&#8217;unico a capire di cosa era malato il famoso tenore Enrico Caruso, rientrato in patria per curarsi. Purtroppo era ormai troppo tardi, non c&#8217;era stata possibilit\u00e0 di cura. Al tenore, Moscati aveva detto: \u00abAvete consultato tutti i medici, ma non avete consultato Ges\u00f9 Cristo\u00bb. Caruso aveva risposto: \u00abProfessore, fate quello che volete\u00bb. Era stato chiamato il prete e amministrati i Sacramenti.<\/p>\n<p style=\"text-align: justify;\">Giuseppe sa di cosa l&#8217;uomo ha bisogno, il Signore gli ha donato questo talento: di capire la malattia e di scrutare il cuore delle persone. Come avviene il 13 febbraio 1927. Quel giorno l&#8217;aula magna dell&#8217;Universit\u00e0 di Napoli \u00e8 affollata di professori e alunni, venuti ad ascoltare Leonardo Bianchi, vicepresidente della Camera, noto per la sua attivit\u00e0 scientifica, ma anche per le sue idee antireligiose. Giuseppe \u00e8 seduto in seconda fila.<\/p>\n<p style=\"text-align: justify;\">AI termine della conferenza, tra lo scroscio di applausi il professore improvvisamente si accascia. Viene sdraiato a terra, non riesce a parlare, ma con gli occhi cerca Moscati, che nel frattempo si \u00e8 avvicinato. Giuseppe capisce la gravita della situazione e chiede a un collega di andare a chiamare un prete. In ginocchio gli parla, dal panciotto estrae un crocifisso e lo da fa baciare al morente. L&#8217;uomo continua a guardarlo, non c&#8217;\u00e8 terrore sul suo volto. Dopo pochi minuti esala l&#8217;ultimo respiro. Regna il silenzio, tutti gli sguardi sono rivolti a Giuseppe. Una cosa \u00e8 chiara: il professor Bianchi, l&#8217;uomo che aveva sempre solo creduto nella scienza, in punto di morte aveva voluto vicino Moscati. Per convertirsi.<\/p>\n<p style=\"text-align: justify;\"><strong>Un popolo in silenzio.<\/strong><\/p>\n<p style=\"text-align: justify;\">Due mesi dopo, 12 aprile 1927. A met\u00e0 pomeriggio Giuseppe interrompe le visite. Non si sente bene. Nina \u00e8 costretta a mandare via le persone che affollano il corridoio. Quando ritorna in camera del fratello, lo trova accasciato sulla poltrona. Emette l&#8217;ultimo respiro senza una parola. Sulla scrivania il libro ancora aperto di sant&#8217;Alfonso de&#8217; Liguori, che stava meditando. Dopo poche ore la notizia scuote la citt\u00e0. Napoli si paralizza.<\/p>\n<p style=\"text-align: justify;\">Davanti al palazzo di via Cisterna dell&#8217;Olio si forma una lunga coda. Sacerdoti, religiose, politici, aristocratici e popolani in silenzio pregano. Nel registro delle firme tra le tante frasi piene di affetto si legge: \u00abNon ha voluto fiori e nemmeno lagrime. Ma noi lo piangiamo, che il\u00a0 mondo ha perduto un santo, Napoli un esemplare di tutte le virt\u00f9, i malati poveri hanno perduto tutto\u00bb.<\/p>\n<p style=\"text-align: justify;\">Giuseppe Moscati \u00e8 stato canonizzato da Giovanni Paolo II il 25 ottobre 1987, durante il Sinodo dei laici.<\/p>\n<p style=\"text-align: justify;\"><strong>PER SAPERNE DI PIU\u2019<\/strong><\/p>\n<p style=\"text-align: justify;\"><strong>Antonio Tripodoro<\/strong> <em>Giuseppe Moscati. Il medico dei poveri<\/em> (Paoline, 9,50 euro)<\/p>\n<p style=\"text-align: justify;\"><strong>Paolo Bergamini<\/strong> <em>Laico cio\u00e8 cristiano<\/em> (Marietti, 10 euro)<\/p>\n","protected":false},"excerpt":{"rendered":"<p>Tracce maggio 2009 Tra i vicoli di Napoli, le corsie d&#8217;ospedale e le cattedre universitarie si dipana l&#8217;opera di questo &#8220;strano&#8221; dottore mosso in ogni istante \u00abdall&#8217;ardenza dell&#8217;amore, la carit\u00e0\u00bb. Quinta tappa del nostro viaggio tra i santi che, annunciando il cristianesimo, hanno cambiato la societ\u00e0 di Paola Bergamini<\/p><p><a class=\"more-link btn\" href=\"https:\/\/www.rassegnastampa-totustuus.it\/cattolica\/giuseppe-moscati-il-medico-santo\/\">Continua a leggere<\/a><\/p>\n","protected":false},"author":6,"featured_media":19710,"comment_status":"closed","ping_status":"open","sticky":false,"template":"","format":"standard","meta":{"footnotes":""},"categories":[5,65],"tags":[1647],"class_list":["post-3315","post","type-post","status-publish","format-standard","has-post-thumbnail","hentry","category-chiesa","category-santi","tag-giuseppe-moscati","item-wrap"],"yoast_head":"<!-- This site is optimized with the Yoast SEO plugin v27.4 - https:\/\/yoast.com\/product\/yoast-seo-wordpress\/ -->\n<title>Giuseppe Moscati. Il medico santo - Rassegna Stampa Cattolica<\/title>\n<meta name=\"description\" content=\"Rassegna Stampa Cattolica - Per una cultura che nasce dalla Rivelazione cristiana in conformit\u00e0 alla tradizione e al Magistero della Chiesa in opposizione ad ogni relativismo e totalitarismo\" \/>\n<meta name=\"robots\" content=\"index, follow, max-snippet:-1, max-image-preview:large, max-video-preview:-1\" \/>\n<link rel=\"canonical\" href=\"https:\/\/www.rassegnastampa-totustuus.it\/cattolica\/giuseppe-moscati-il-medico-santo\/\" \/>\n<meta property=\"og:locale\" content=\"it_IT\" \/>\n<meta property=\"og:type\" content=\"article\" \/>\n<meta property=\"og:title\" content=\"Giuseppe Moscati. Il medico santo - Rassegna Stampa Cattolica\" \/>\n<meta property=\"og:description\" content=\"Rassegna Stampa Cattolica - Per una cultura che nasce dalla Rivelazione cristiana in conformit\u00e0 alla tradizione e al Magistero della Chiesa in opposizione ad ogni relativismo e totalitarismo\" \/>\n<meta property=\"og:url\" content=\"https:\/\/www.rassegnastampa-totustuus.it\/cattolica\/giuseppe-moscati-il-medico-santo\/\" \/>\n<meta property=\"og:site_name\" content=\"Rassegna Stampa Cattolica\" \/>\n<meta property=\"article:publisher\" content=\"https:\/\/www.facebook.com\/rassegnastampacattolica\" \/>\n<meta property=\"article:published_time\" content=\"2009-05-20T22:00:00+00:00\" \/>\n<meta property=\"article:modified_time\" content=\"2015-02-23T11:23:06+00:00\" \/>\n<meta property=\"og:image\" content=\"https:\/\/www.rassegnastampa-totustuus.it\/cattolica\/wp-content\/uploads\/2009\/05\/Giuseppe-Moscati.jpg\" \/>\n\t<meta property=\"og:image:width\" content=\"206\" \/>\n\t<meta property=\"og:image:height\" content=\"245\" \/>\n\t<meta property=\"og:image:type\" content=\"image\/jpeg\" \/>\n<meta name=\"author\" content=\"Redazione\" \/>\n<meta name=\"twitter:card\" content=\"summary_large_image\" \/>\n<meta name=\"twitter:creator\" content=\"@rassegnastampa9\" \/>\n<meta name=\"twitter:site\" content=\"@rassegnastampa9\" \/>\n<meta name=\"twitter:label1\" content=\"Scritto da\" \/>\n\t<meta name=\"twitter:data1\" content=\"Redazione\" \/>\n\t<meta name=\"twitter:label2\" content=\"Tempo di lettura stimato\" \/>\n\t<meta name=\"twitter:data2\" content=\"10 minuti\" \/>\n<script type=\"application\/ld+json\" class=\"yoast-schema-graph\">{\"@context\":\"https:\\\/\\\/schema.org\",\"@graph\":[{\"@type\":\"Article\",\"@id\":\"https:\\\/\\\/www.rassegnastampa-totustuus.it\\\/cattolica\\\/giuseppe-moscati-il-medico-santo\\\/#article\",\"isPartOf\":{\"@id\":\"https:\\\/\\\/www.rassegnastampa-totustuus.it\\\/cattolica\\\/giuseppe-moscati-il-medico-santo\\\/\"},\"author\":{\"name\":\"Redazione\",\"@id\":\"https:\\\/\\\/www.rassegnastampa-totustuus.it\\\/cattolica\\\/#\\\/schema\\\/person\\\/08f319d2bd1a0904ad9e2bfb7b15e5c3\"},\"headline\":\"Giuseppe Moscati. Il medico santo\",\"datePublished\":\"2009-05-20T22:00:00+00:00\",\"dateModified\":\"2015-02-23T11:23:06+00:00\",\"mainEntityOfPage\":{\"@id\":\"https:\\\/\\\/www.rassegnastampa-totustuus.it\\\/cattolica\\\/giuseppe-moscati-il-medico-santo\\\/\"},\"wordCount\":2009,\"publisher\":{\"@id\":\"https:\\\/\\\/www.rassegnastampa-totustuus.it\\\/cattolica\\\/#organization\"},\"image\":{\"@id\":\"https:\\\/\\\/www.rassegnastampa-totustuus.it\\\/cattolica\\\/giuseppe-moscati-il-medico-santo\\\/#primaryimage\"},\"thumbnailUrl\":\"https:\\\/\\\/www.rassegnastampa-totustuus.it\\\/cattolica\\\/wp-content\\\/uploads\\\/2009\\\/05\\\/Giuseppe-Moscati.jpg\",\"keywords\":[\"Giuseppe Moscati\"],\"articleSection\":[\"Chiesa\",\"Santi\"],\"inLanguage\":\"it-IT\"},{\"@type\":\"WebPage\",\"@id\":\"https:\\\/\\\/www.rassegnastampa-totustuus.it\\\/cattolica\\\/giuseppe-moscati-il-medico-santo\\\/\",\"url\":\"https:\\\/\\\/www.rassegnastampa-totustuus.it\\\/cattolica\\\/giuseppe-moscati-il-medico-santo\\\/\",\"name\":\"Giuseppe Moscati. Il medico santo - Rassegna Stampa Cattolica\",\"isPartOf\":{\"@id\":\"https:\\\/\\\/www.rassegnastampa-totustuus.it\\\/cattolica\\\/#website\"},\"primaryImageOfPage\":{\"@id\":\"https:\\\/\\\/www.rassegnastampa-totustuus.it\\\/cattolica\\\/giuseppe-moscati-il-medico-santo\\\/#primaryimage\"},\"image\":{\"@id\":\"https:\\\/\\\/www.rassegnastampa-totustuus.it\\\/cattolica\\\/giuseppe-moscati-il-medico-santo\\\/#primaryimage\"},\"thumbnailUrl\":\"https:\\\/\\\/www.rassegnastampa-totustuus.it\\\/cattolica\\\/wp-content\\\/uploads\\\/2009\\\/05\\\/Giuseppe-Moscati.jpg\",\"datePublished\":\"2009-05-20T22:00:00+00:00\",\"dateModified\":\"2015-02-23T11:23:06+00:00\",\"description\":\"Rassegna Stampa Cattolica - Per una cultura che nasce dalla Rivelazione cristiana in conformit\u00e0 alla tradizione e al Magistero della Chiesa in opposizione ad ogni relativismo e totalitarismo\",\"breadcrumb\":{\"@id\":\"https:\\\/\\\/www.rassegnastampa-totustuus.it\\\/cattolica\\\/giuseppe-moscati-il-medico-santo\\\/#breadcrumb\"},\"inLanguage\":\"it-IT\",\"potentialAction\":[{\"@type\":\"ReadAction\",\"target\":[\"https:\\\/\\\/www.rassegnastampa-totustuus.it\\\/cattolica\\\/giuseppe-moscati-il-medico-santo\\\/\"]}]},{\"@type\":\"ImageObject\",\"inLanguage\":\"it-IT\",\"@id\":\"https:\\\/\\\/www.rassegnastampa-totustuus.it\\\/cattolica\\\/giuseppe-moscati-il-medico-santo\\\/#primaryimage\",\"url\":\"https:\\\/\\\/www.rassegnastampa-totustuus.it\\\/cattolica\\\/wp-content\\\/uploads\\\/2009\\\/05\\\/Giuseppe-Moscati.jpg\",\"contentUrl\":\"https:\\\/\\\/www.rassegnastampa-totustuus.it\\\/cattolica\\\/wp-content\\\/uploads\\\/2009\\\/05\\\/Giuseppe-Moscati.jpg\",\"width\":206,\"height\":245},{\"@type\":\"BreadcrumbList\",\"@id\":\"https:\\\/\\\/www.rassegnastampa-totustuus.it\\\/cattolica\\\/giuseppe-moscati-il-medico-santo\\\/#breadcrumb\",\"itemListElement\":[{\"@type\":\"ListItem\",\"position\":1,\"name\":\"Home\",\"item\":\"https:\\\/\\\/www.rassegnastampa-totustuus.it\\\/cattolica\\\/\"},{\"@type\":\"ListItem\",\"position\":2,\"name\":\"Giuseppe Moscati. Il medico santo\"}]},{\"@type\":\"WebSite\",\"@id\":\"https:\\\/\\\/www.rassegnastampa-totustuus.it\\\/cattolica\\\/#website\",\"url\":\"https:\\\/\\\/www.rassegnastampa-totustuus.it\\\/cattolica\\\/\",\"name\":\"Rassegna Stampa Cattolica\",\"description\":\"Per una cultura che nasce dalla Rivelazione cristiana in conformit\u00e0 alla tradizione e al Magistero della Chiesa in opposizione ad ogni relativismo e totalitarismo\",\"publisher\":{\"@id\":\"https:\\\/\\\/www.rassegnastampa-totustuus.it\\\/cattolica\\\/#organization\"},\"alternateName\":\"Rass. Cattolica\",\"potentialAction\":[{\"@type\":\"SearchAction\",\"target\":{\"@type\":\"EntryPoint\",\"urlTemplate\":\"https:\\\/\\\/www.rassegnastampa-totustuus.it\\\/cattolica\\\/?s={search_term_string}\"},\"query-input\":{\"@type\":\"PropertyValueSpecification\",\"valueRequired\":true,\"valueName\":\"search_term_string\"}}],\"inLanguage\":\"it-IT\"},{\"@type\":\"Organization\",\"@id\":\"https:\\\/\\\/www.rassegnastampa-totustuus.it\\\/cattolica\\\/#organization\",\"name\":\"Rassegna Stampa Cattolica\",\"url\":\"https:\\\/\\\/www.rassegnastampa-totustuus.it\\\/cattolica\\\/\",\"logo\":{\"@type\":\"ImageObject\",\"inLanguage\":\"it-IT\",\"@id\":\"https:\\\/\\\/www.rassegnastampa-totustuus.it\\\/cattolica\\\/#\\\/schema\\\/logo\\\/image\\\/\",\"url\":\"https:\\\/\\\/www.rassegnastampa-totustuus.it\\\/cattolica\\\/wp-content\\\/uploads\\\/2014\\\/04\\\/logo-rassegna1.gif\",\"contentUrl\":\"https:\\\/\\\/www.rassegnastampa-totustuus.it\\\/cattolica\\\/wp-content\\\/uploads\\\/2014\\\/04\\\/logo-rassegna1.gif\",\"width\":600,\"height\":163,\"caption\":\"Rassegna Stampa Cattolica\"},\"image\":{\"@id\":\"https:\\\/\\\/www.rassegnastampa-totustuus.it\\\/cattolica\\\/#\\\/schema\\\/logo\\\/image\\\/\"},\"sameAs\":[\"https:\\\/\\\/www.facebook.com\\\/rassegnastampacattolica\",\"https:\\\/\\\/x.com\\\/rassegnastampa9\"]},{\"@type\":\"Person\",\"@id\":\"https:\\\/\\\/www.rassegnastampa-totustuus.it\\\/cattolica\\\/#\\\/schema\\\/person\\\/08f319d2bd1a0904ad9e2bfb7b15e5c3\",\"name\":\"Redazione\",\"image\":{\"@type\":\"ImageObject\",\"inLanguage\":\"it-IT\",\"@id\":\"https:\\\/\\\/secure.gravatar.com\\\/avatar\\\/2fcdf27c78ea025fbdb44e914cc63c72249ffec9dc8aafd5c82b26240ef3f346?s=96&d=mm&r=g\",\"url\":\"https:\\\/\\\/secure.gravatar.com\\\/avatar\\\/2fcdf27c78ea025fbdb44e914cc63c72249ffec9dc8aafd5c82b26240ef3f346?s=96&d=mm&r=g\",\"contentUrl\":\"https:\\\/\\\/secure.gravatar.com\\\/avatar\\\/2fcdf27c78ea025fbdb44e914cc63c72249ffec9dc8aafd5c82b26240ef3f346?s=96&d=mm&r=g\",\"caption\":\"Redazione\"},\"url\":\"https:\\\/\\\/www.rassegnastampa-totustuus.it\\\/cattolica\\\/author\\\/pietroelle\\\/\"}]}<\/script>\n<!-- \/ Yoast SEO plugin. -->","yoast_head_json":{"title":"Giuseppe Moscati. Il medico santo - Rassegna Stampa Cattolica","description":"Rassegna Stampa Cattolica - Per una cultura che nasce dalla Rivelazione cristiana in conformit\u00e0 alla tradizione e al Magistero della Chiesa in opposizione ad ogni relativismo e totalitarismo","robots":{"index":"index","follow":"follow","max-snippet":"max-snippet:-1","max-image-preview":"max-image-preview:large","max-video-preview":"max-video-preview:-1"},"canonical":"https:\/\/www.rassegnastampa-totustuus.it\/cattolica\/giuseppe-moscati-il-medico-santo\/","og_locale":"it_IT","og_type":"article","og_title":"Giuseppe Moscati. Il medico santo - Rassegna Stampa Cattolica","og_description":"Rassegna Stampa Cattolica - Per una cultura che nasce dalla Rivelazione cristiana in conformit\u00e0 alla tradizione e al Magistero della Chiesa in opposizione ad ogni relativismo e totalitarismo","og_url":"https:\/\/www.rassegnastampa-totustuus.it\/cattolica\/giuseppe-moscati-il-medico-santo\/","og_site_name":"Rassegna Stampa Cattolica","article_publisher":"https:\/\/www.facebook.com\/rassegnastampacattolica","article_published_time":"2009-05-20T22:00:00+00:00","article_modified_time":"2015-02-23T11:23:06+00:00","og_image":[{"width":206,"height":245,"url":"https:\/\/www.rassegnastampa-totustuus.it\/cattolica\/wp-content\/uploads\/2009\/05\/Giuseppe-Moscati.jpg","type":"image\/jpeg"}],"author":"Redazione","twitter_card":"summary_large_image","twitter_creator":"@rassegnastampa9","twitter_site":"@rassegnastampa9","twitter_misc":{"Scritto da":"Redazione","Tempo di lettura stimato":"10 minuti"},"schema":{"@context":"https:\/\/schema.org","@graph":[{"@type":"Article","@id":"https:\/\/www.rassegnastampa-totustuus.it\/cattolica\/giuseppe-moscati-il-medico-santo\/#article","isPartOf":{"@id":"https:\/\/www.rassegnastampa-totustuus.it\/cattolica\/giuseppe-moscati-il-medico-santo\/"},"author":{"name":"Redazione","@id":"https:\/\/www.rassegnastampa-totustuus.it\/cattolica\/#\/schema\/person\/08f319d2bd1a0904ad9e2bfb7b15e5c3"},"headline":"Giuseppe Moscati. Il medico santo","datePublished":"2009-05-20T22:00:00+00:00","dateModified":"2015-02-23T11:23:06+00:00","mainEntityOfPage":{"@id":"https:\/\/www.rassegnastampa-totustuus.it\/cattolica\/giuseppe-moscati-il-medico-santo\/"},"wordCount":2009,"publisher":{"@id":"https:\/\/www.rassegnastampa-totustuus.it\/cattolica\/#organization"},"image":{"@id":"https:\/\/www.rassegnastampa-totustuus.it\/cattolica\/giuseppe-moscati-il-medico-santo\/#primaryimage"},"thumbnailUrl":"https:\/\/www.rassegnastampa-totustuus.it\/cattolica\/wp-content\/uploads\/2009\/05\/Giuseppe-Moscati.jpg","keywords":["Giuseppe Moscati"],"articleSection":["Chiesa","Santi"],"inLanguage":"it-IT"},{"@type":"WebPage","@id":"https:\/\/www.rassegnastampa-totustuus.it\/cattolica\/giuseppe-moscati-il-medico-santo\/","url":"https:\/\/www.rassegnastampa-totustuus.it\/cattolica\/giuseppe-moscati-il-medico-santo\/","name":"Giuseppe Moscati. Il medico santo - Rassegna Stampa Cattolica","isPartOf":{"@id":"https:\/\/www.rassegnastampa-totustuus.it\/cattolica\/#website"},"primaryImageOfPage":{"@id":"https:\/\/www.rassegnastampa-totustuus.it\/cattolica\/giuseppe-moscati-il-medico-santo\/#primaryimage"},"image":{"@id":"https:\/\/www.rassegnastampa-totustuus.it\/cattolica\/giuseppe-moscati-il-medico-santo\/#primaryimage"},"thumbnailUrl":"https:\/\/www.rassegnastampa-totustuus.it\/cattolica\/wp-content\/uploads\/2009\/05\/Giuseppe-Moscati.jpg","datePublished":"2009-05-20T22:00:00+00:00","dateModified":"2015-02-23T11:23:06+00:00","description":"Rassegna Stampa Cattolica - Per una cultura che nasce dalla Rivelazione cristiana in conformit\u00e0 alla tradizione e al Magistero della Chiesa in opposizione ad ogni relativismo e totalitarismo","breadcrumb":{"@id":"https:\/\/www.rassegnastampa-totustuus.it\/cattolica\/giuseppe-moscati-il-medico-santo\/#breadcrumb"},"inLanguage":"it-IT","potentialAction":[{"@type":"ReadAction","target":["https:\/\/www.rassegnastampa-totustuus.it\/cattolica\/giuseppe-moscati-il-medico-santo\/"]}]},{"@type":"ImageObject","inLanguage":"it-IT","@id":"https:\/\/www.rassegnastampa-totustuus.it\/cattolica\/giuseppe-moscati-il-medico-santo\/#primaryimage","url":"https:\/\/www.rassegnastampa-totustuus.it\/cattolica\/wp-content\/uploads\/2009\/05\/Giuseppe-Moscati.jpg","contentUrl":"https:\/\/www.rassegnastampa-totustuus.it\/cattolica\/wp-content\/uploads\/2009\/05\/Giuseppe-Moscati.jpg","width":206,"height":245},{"@type":"BreadcrumbList","@id":"https:\/\/www.rassegnastampa-totustuus.it\/cattolica\/giuseppe-moscati-il-medico-santo\/#breadcrumb","itemListElement":[{"@type":"ListItem","position":1,"name":"Home","item":"https:\/\/www.rassegnastampa-totustuus.it\/cattolica\/"},{"@type":"ListItem","position":2,"name":"Giuseppe Moscati. Il medico santo"}]},{"@type":"WebSite","@id":"https:\/\/www.rassegnastampa-totustuus.it\/cattolica\/#website","url":"https:\/\/www.rassegnastampa-totustuus.it\/cattolica\/","name":"Rassegna Stampa Cattolica","description":"Per una cultura che nasce dalla Rivelazione cristiana in conformit\u00e0 alla tradizione e al Magistero della Chiesa in opposizione ad ogni relativismo e totalitarismo","publisher":{"@id":"https:\/\/www.rassegnastampa-totustuus.it\/cattolica\/#organization"},"alternateName":"Rass. Cattolica","potentialAction":[{"@type":"SearchAction","target":{"@type":"EntryPoint","urlTemplate":"https:\/\/www.rassegnastampa-totustuus.it\/cattolica\/?s={search_term_string}"},"query-input":{"@type":"PropertyValueSpecification","valueRequired":true,"valueName":"search_term_string"}}],"inLanguage":"it-IT"},{"@type":"Organization","@id":"https:\/\/www.rassegnastampa-totustuus.it\/cattolica\/#organization","name":"Rassegna Stampa Cattolica","url":"https:\/\/www.rassegnastampa-totustuus.it\/cattolica\/","logo":{"@type":"ImageObject","inLanguage":"it-IT","@id":"https:\/\/www.rassegnastampa-totustuus.it\/cattolica\/#\/schema\/logo\/image\/","url":"https:\/\/www.rassegnastampa-totustuus.it\/cattolica\/wp-content\/uploads\/2014\/04\/logo-rassegna1.gif","contentUrl":"https:\/\/www.rassegnastampa-totustuus.it\/cattolica\/wp-content\/uploads\/2014\/04\/logo-rassegna1.gif","width":600,"height":163,"caption":"Rassegna Stampa Cattolica"},"image":{"@id":"https:\/\/www.rassegnastampa-totustuus.it\/cattolica\/#\/schema\/logo\/image\/"},"sameAs":["https:\/\/www.facebook.com\/rassegnastampacattolica","https:\/\/x.com\/rassegnastampa9"]},{"@type":"Person","@id":"https:\/\/www.rassegnastampa-totustuus.it\/cattolica\/#\/schema\/person\/08f319d2bd1a0904ad9e2bfb7b15e5c3","name":"Redazione","image":{"@type":"ImageObject","inLanguage":"it-IT","@id":"https:\/\/secure.gravatar.com\/avatar\/2fcdf27c78ea025fbdb44e914cc63c72249ffec9dc8aafd5c82b26240ef3f346?s=96&d=mm&r=g","url":"https:\/\/secure.gravatar.com\/avatar\/2fcdf27c78ea025fbdb44e914cc63c72249ffec9dc8aafd5c82b26240ef3f346?s=96&d=mm&r=g","contentUrl":"https:\/\/secure.gravatar.com\/avatar\/2fcdf27c78ea025fbdb44e914cc63c72249ffec9dc8aafd5c82b26240ef3f346?s=96&d=mm&r=g","caption":"Redazione"},"url":"https:\/\/www.rassegnastampa-totustuus.it\/cattolica\/author\/pietroelle\/"}]}},"_links":{"self":[{"href":"https:\/\/www.rassegnastampa-totustuus.it\/cattolica\/wp-json\/wp\/v2\/posts\/3315","targetHints":{"allow":["GET"]}}],"collection":[{"href":"https:\/\/www.rassegnastampa-totustuus.it\/cattolica\/wp-json\/wp\/v2\/posts"}],"about":[{"href":"https:\/\/www.rassegnastampa-totustuus.it\/cattolica\/wp-json\/wp\/v2\/types\/post"}],"author":[{"embeddable":true,"href":"https:\/\/www.rassegnastampa-totustuus.it\/cattolica\/wp-json\/wp\/v2\/users\/6"}],"replies":[{"embeddable":true,"href":"https:\/\/www.rassegnastampa-totustuus.it\/cattolica\/wp-json\/wp\/v2\/comments?post=3315"}],"version-history":[{"count":3,"href":"https:\/\/www.rassegnastampa-totustuus.it\/cattolica\/wp-json\/wp\/v2\/posts\/3315\/revisions"}],"predecessor-version":[{"id":19711,"href":"https:\/\/www.rassegnastampa-totustuus.it\/cattolica\/wp-json\/wp\/v2\/posts\/3315\/revisions\/19711"}],"wp:featuredmedia":[{"embeddable":true,"href":"https:\/\/www.rassegnastampa-totustuus.it\/cattolica\/wp-json\/wp\/v2\/media\/19710"}],"wp:attachment":[{"href":"https:\/\/www.rassegnastampa-totustuus.it\/cattolica\/wp-json\/wp\/v2\/media?parent=3315"}],"wp:term":[{"taxonomy":"category","embeddable":true,"href":"https:\/\/www.rassegnastampa-totustuus.it\/cattolica\/wp-json\/wp\/v2\/categories?post=3315"},{"taxonomy":"post_tag","embeddable":true,"href":"https:\/\/www.rassegnastampa-totustuus.it\/cattolica\/wp-json\/wp\/v2\/tags?post=3315"}],"curies":[{"name":"wp","href":"https:\/\/api.w.org\/{rel}","templated":true}]}}