{"id":3308,"date":"2009-05-14T00:00:00","date_gmt":"2009-05-13T22:00:00","guid":{"rendered":""},"modified":"2024-08-08T16:23:18","modified_gmt":"2024-08-08T14:23:18","slug":"lepopea-dei-cristiani-di-shimabara","status":"publish","type":"post","link":"https:\/\/www.rassegnastampa-totustuus.it\/cattolica\/lepopea-dei-cristiani-di-shimabara\/","title":{"rendered":"L\u2019epopea dei cristiani di Shimabara"},"content":{"rendered":"<div style=\"text-align: center;\"><strong><a href=\"https:\/\/www.rassegnastampa-totustuus.it\/cattolica\/wp-content\/uploads\/2009\/05\/samurai_cover.jpg\"><img loading=\"lazy\" decoding=\"async\" class=\"alignleft wp-image-19768\" src=\"https:\/\/www.rassegnastampa-totustuus.it\/cattolica\/wp-content\/uploads\/2009\/05\/samurai_cover.jpg\" alt=\"samurai_cover\" width=\"127\" height=\"200\" \/><\/a>Rassegna Stampa<\/strong><\/div>\n<p style=\"text-align: justify;\">Al prefetto del pretorio che gli domanda se c\u2019\u00e8 in lui una volont\u00e0 di morte, il senatore romano Apollonio, condannato sotto Commodo nel 185, durante una delle ricorrenti persecuzioni, risponde: \u00abVolentieri vivo, ma l\u2019amore della vita non mi induce ad avere paura della morte, perch\u00e9 niente \u00e8 pi\u00f9 prezioso della vita eterna, che \u00e8 l\u2019immortalit\u00e0 dell\u2019anima che in questa vita ha vissuto bene\u00bb.<\/p>\n<p><!--more--><\/p>\n<div style=\"text-align: justify;\">E vive bene chi segue Cristo e i suoi comandamenti. La costatazione di questa semplice verit\u00e0 ha fatto si che la storia della Chiesa, in ogni epoca e in ogni luogo, si sia lastricata di martiri; alcuni noti e venerati, altri sconosciuti.<\/div>\n<p style=\"text-align: justify;\">Tra quelli per lo pi\u00f9 ignoti a noi occidentali vi sono gli oltre cinquantamila cristiani di Shimabara, penisola ad est di Nagasaki, nell\u2019isola giapponese di Kyushu. Di loro si \u00e8 occupato nel 2003 Rino Cammilleri, apprezzato saggista e giornalista, con un <strong><a href=\"https:\/\/www.rassegnastampa-totustuus.it\/cattolica\/i-samurai-cristiani\/\" target=\"_blank\" rel=\"noopener\">articolo pubblicato sul mensile <em>Il Timone<\/em><\/a>, <\/strong>che oggi torna sull\u2019epopea di quegli eroici cristiani con un libro edito da Rizzoli: <em>Il crocefisso del samurai, <\/em>in questi giorni nelle librerie: un avvincente e commovente romanzo che nello stile consueto dell\u2019autore unisce al ritmo incalzante della narrazione una puntuale ambientazione storica.<\/p>\n<p style=\"text-align: justify;\">Anticipiamo di seguito una intervista che sar\u00e0 pubblicata su <em>Il Corriere del Sud, <\/em>a cura di Andrea Bartelloni<\/p>\n<p style=\"text-align: center;\">* * *<\/p>\n<p style=\"text-align: justify;\">Il Giappone \u00e8 un paese lontano da noi non solo geograficamente, ma anche e soprattutto da un punto di vista culturale, filosofico e religioso. Sicuramente non mancano testi e manuali che approfondiscono la storia e la cultura di questo paese, ma, spesso, il romanzo e quello storico in particolare, sono efficaci veicoli di conoscenza.<\/p>\n<p style=\"text-align: justify;\">Rino Cammilleri \u00e8 un autore di saggi e romanzi. Ultimamente ci ha abituati a letture che portano ad approfondire la storia dei periodi in cui si svolgono le vicende raccontate. Non fa eccezione la sua ultima fatica che affronta la storia del Giappone, degli anni dal XVI al XIX secolo, attraverso la storia dell\u2019evangelizzazione cristiana.<\/p>\n<p style=\"text-align: justify;\">Ne parliamo con l\u2019autore iniziando a chiedergli cosa lo ha spinto ad affrontare questo periodo di storia e della storia di questo particolare paese.<\/p>\n<p style=\"text-align: justify;\">\u00abCi sono state, nella storia, situazioni in cui i cristiani perseguitati hanno cercato di difendere il loro diritto alla libert\u00e0 religiosa con le armi. Questi episodi sono poco conosciuti, anche perch\u00e9 per certa sensibilit\u00e0 odierna il cristiano dovrebbe solo fare il martire e non reagire al sopruso. Ma la Chiesa ha una precisa dottrina sulla \u00abguerra giusta\u00bb che il cristiano pu\u00f2, se del caso, intraprendere. Cos\u00ec, ho voluto far conoscere un episodio cruciale della cristianit\u00e0 giapponese, la grande rivolta cristiana del 1638, di cui solo pochi sanno, sebbene sia fondamentale per l\u2019intera storia del Giappone. Letta nella giusta prospettiva, quella cattolica, \u00e8 ignota anche ai giapponesi stessi\u00bb.<\/p>\n<p style=\"text-align: justify;\"><strong>L\u2019evangelizzazione del Giappone ha caratteristiche particolari, ma nello stesso tempo simili a quella delle nazioni \u201cbarbare\u201d dell\u2019Europa. Dove stanno le analogie e le differenze?<\/strong><\/p>\n<p style=\"text-align: justify;\">\u00abIl primo evangelizzatore, s. Francesco Saverio, si rese presto conto della similitudine: se si fossero convertiti i capi, il popolo avrebbe seguito l\u2019esempio. Cos\u00ec, in breve tempo, parecchi signori feudali del Giappone accettarono il battesimo e i cristiani arrivarono prestissimo alle 300mila unit\u00e0. Ma fu proprio questo a perderli: quando lo Shogun si accorse che i battezzati obbedivano a Dio piuttosto che a lui, inizi\u00f2 la persecuzione\u00bb.<\/p>\n<p style=\"text-align: justify;\"><strong>C\u2019\u00e8 una parte del suo libro (la vicenda si svolge tra il 1637 e il 1638) dove i cristiani superstiti della prima evangelizzazione fanno una specie di esame al sacerdote che li trova. Quali insegnamenti possiamo trarne?<\/strong><\/p>\n<p style=\"text-align: justify;\">\u00abI gesuiti evangelizzatori avevano insegnato ai loro padri che la Cristianit\u00e0 era divisa e che parte dell\u2019Europa era diventata protestante. I discendenti dei pochi cristiani giapponesi sopravvissuti alle persecuzioni, quando nel XIX secolo incontrarono un missionario, vollero accertarsi che fosse cattolico. Una buona evangelizzazione, operata in profondit\u00e0 e accolta di cuore, non si cancella e, concretizzandosi nella virt\u00f9 della speranza, attraversa i secoli\u00bb.<\/p>\n<p style=\"text-align: justify;\"><strong>Il popolo giapponese ha un carattere estremamente forte, estremo in tutte le sue manifestazioni, \u00e8 forse questo che ha consentito ai personaggi del suo romanzo di conservare la fede?<\/strong><\/p>\n<p style=\"text-align: justify;\">\u00abI personaggi del mio romanzo, tranne pochissimi, sono tutti realmente esistiti. I giapponesi erano (e sono) educati fin da piccoli all\u2019autodisciplina e alla fedelt\u00e0 fino alla morte alle istanze superiori. I pagani usavano questa loro virt\u00f9 con l\u2019Imperatore, i cristiani lo fecero (e lo fanno) con Cristo\u00bb.<\/p>\n<p style=\"text-align: justify;\"><strong>Nagasaki. \u00c8 una citt\u00e0 che si ritrova spesso come sede di persecuzioni dei cristiani. La bomba atomica del 1945 \u00e8 forse stata l\u2019ultima di queste?<\/strong><\/p>\n<p style=\"text-align: justify;\">\u00abNagasaki era il porto obbligato per gli occidentali e l\u00e0 si concentrava la maggior parte dei cristiani. Furono decimati l\u00e0 nel 1638 e una seconda volta nel 1945. Le bombe furono due, una a Hiroshima e l\u2019altra a Nagasaki. Ancora oggi, nelle commemorazioni, si usa dire da quelle parti che \u201cHiroshima protesta, Nagasaki prega\u201d. In fondo, tutt\u2019ora gli storici non hanno una spiegazione soddisfacente sul perch\u00e9 si volle colpire con l\u2019atomica non una ma due volte, e la seconda proprio a Nagasaki\u00bb.<\/p>\n<p style=\"text-align: justify;\"><strong>Padre Bernard Petijean, il gesuita al quale viene raccontata l\u2019epopea dei cristiani giapponesi da parte dei discendenti dei superstiti, fa un paragone tra le persecuzioni subite in Giappone e quelle che i cristiani dell\u2019Africa mediterranea subirono da parte dei musulmani. Dove stanno, se ci sono le differenze?<\/strong><\/p>\n<p style=\"text-align: justify;\">\u00abTranne alcuni casi, l\u2019Africa romana non sub\u00ec una persecuzione religiosa ma una conquista militare. I musulmani tolleravano i cristiani, purch\u00e9 restassero nella posizione subordinata di <em>dimmi<\/em>. Non cos\u00ec in Giappone, dove il cristianesimo, a differenza di tutte le altre fedi (buddismo, shintoismo, confucianesimo), fu quasi completamente cancellato\u00bb.<\/p>\n<p style=\"text-align: justify;\">_________________________<\/p>\n<p style=\"text-align: justify;\">Rino Cammilleri <em><strong>Il crocifisso del samurai<\/strong><\/em> Rizzoli, 2009<\/p>\n<p style=\"text-align: center;\"><strong><strong><a href=\"http:\/\/www.theseuslibri.it\/product\/1887\/Crocifisso-del-samurai-(Il).asp\" target=\"_blank\" rel=\"noopener\">ACQUISTA<\/a><\/strong><\/strong><\/p>\n<p style=\"text-align: center;\"><a href=\"http:\/\/www.youtube.com\/watch?v=Z-vKbxE1kUQ\" target=\"_blank\" rel=\"noopener\">IL TRAILER DEL LIBRO<\/a><\/p>\n","protected":false},"excerpt":{"rendered":"<p>Rassegna Stampa Al prefetto del pretorio che gli domanda se c\u2019\u00e8 in lui una volont\u00e0 di morte, il senatore romano Apollonio, condannato sotto Commodo nel 185, durante una delle ricorrenti persecuzioni, risponde: \u00abVolentieri vivo, ma l\u2019amore della vita non mi induce ad avere paura della morte, perch\u00e9 niente \u00e8 pi\u00f9 prezioso della vita eterna, che &hellip; <\/p>\n<p><a class=\"more-link btn\" href=\"https:\/\/www.rassegnastampa-totustuus.it\/cattolica\/lepopea-dei-cristiani-di-shimabara\/\">Continua a leggere<\/a><\/p>\n","protected":false},"author":6,"featured_media":19768,"comment_status":"closed","ping_status":"open","sticky":false,"template":"","format":"standard","meta":{"footnotes":""},"categories":[5,44,17],"tags":[470,548],"class_list":["post-3308","post","type-post","status-publish","format-standard","has-post-thumbnail","hentry","category-chiesa","category-cristiani-perseguitati","category-libri","tag-cristiani-perseguitati-2","tag-giappone","item-wrap"],"yoast_head":"<!-- This site is optimized with the Yoast SEO plugin v27.5 - https:\/\/yoast.com\/product\/yoast-seo-wordpress\/ -->\n<title>L\u2019epopea dei cristiani di Shimabara - Rassegna Stampa Cattolica<\/title>\n<meta name=\"description\" content=\"Rassegna Stampa Cattolica - Per una cultura che nasce dalla Rivelazione cristiana in conformit\u00e0 alla tradizione e al Magistero della Chiesa in opposizione ad ogni relativismo e totalitarismo\" \/>\n<meta name=\"robots\" content=\"index, follow, max-snippet:-1, max-image-preview:large, max-video-preview:-1\" \/>\n<link rel=\"canonical\" href=\"https:\/\/www.rassegnastampa-totustuus.it\/cattolica\/lepopea-dei-cristiani-di-shimabara\/\" \/>\n<meta property=\"og:locale\" content=\"it_IT\" \/>\n<meta property=\"og:type\" content=\"article\" \/>\n<meta property=\"og:title\" content=\"L\u2019epopea dei cristiani di Shimabara - Rassegna Stampa Cattolica\" \/>\n<meta property=\"og:description\" content=\"Rassegna Stampa Cattolica - Per una cultura che nasce dalla Rivelazione cristiana in conformit\u00e0 alla tradizione e al Magistero della Chiesa in opposizione ad ogni relativismo e totalitarismo\" \/>\n<meta property=\"og:url\" content=\"https:\/\/www.rassegnastampa-totustuus.it\/cattolica\/lepopea-dei-cristiani-di-shimabara\/\" \/>\n<meta property=\"og:site_name\" content=\"Rassegna Stampa Cattolica\" \/>\n<meta property=\"article:publisher\" content=\"https:\/\/www.facebook.com\/rassegnastampacattolica\" \/>\n<meta property=\"article:published_time\" content=\"2009-05-13T22:00:00+00:00\" \/>\n<meta property=\"article:modified_time\" content=\"2024-08-08T14:23:18+00:00\" \/>\n<meta property=\"og:image\" content=\"https:\/\/www.rassegnastampa-totustuus.it\/cattolica\/wp-content\/uploads\/2009\/05\/samurai_cover.jpg\" \/>\n\t<meta property=\"og:image:width\" content=\"179\" \/>\n\t<meta property=\"og:image:height\" content=\"281\" \/>\n\t<meta property=\"og:image:type\" content=\"image\/jpeg\" \/>\n<meta name=\"author\" content=\"Redazione\" \/>\n<meta name=\"twitter:card\" content=\"summary_large_image\" \/>\n<meta name=\"twitter:creator\" content=\"@rassegnastampa9\" \/>\n<meta name=\"twitter:site\" content=\"@rassegnastampa9\" \/>\n<meta name=\"twitter:label1\" content=\"Scritto da\" \/>\n\t<meta name=\"twitter:data1\" content=\"Redazione\" \/>\n\t<meta name=\"twitter:label2\" content=\"Tempo di lettura stimato\" \/>\n\t<meta name=\"twitter:data2\" content=\"6 minuti\" \/>\n<script type=\"application\/ld+json\" class=\"yoast-schema-graph\">{\"@context\":\"https:\\\/\\\/schema.org\",\"@graph\":[{\"@type\":\"Article\",\"@id\":\"https:\\\/\\\/www.rassegnastampa-totustuus.it\\\/cattolica\\\/lepopea-dei-cristiani-di-shimabara\\\/#article\",\"isPartOf\":{\"@id\":\"https:\\\/\\\/www.rassegnastampa-totustuus.it\\\/cattolica\\\/lepopea-dei-cristiani-di-shimabara\\\/\"},\"author\":{\"name\":\"Redazione\",\"@id\":\"https:\\\/\\\/www.rassegnastampa-totustuus.it\\\/cattolica\\\/#\\\/schema\\\/person\\\/08f319d2bd1a0904ad9e2bfb7b15e5c3\"},\"headline\":\"L\u2019epopea dei cristiani di Shimabara\",\"datePublished\":\"2009-05-13T22:00:00+00:00\",\"dateModified\":\"2024-08-08T14:23:18+00:00\",\"mainEntityOfPage\":{\"@id\":\"https:\\\/\\\/www.rassegnastampa-totustuus.it\\\/cattolica\\\/lepopea-dei-cristiani-di-shimabara\\\/\"},\"wordCount\":946,\"publisher\":{\"@id\":\"https:\\\/\\\/www.rassegnastampa-totustuus.it\\\/cattolica\\\/#organization\"},\"image\":{\"@id\":\"https:\\\/\\\/www.rassegnastampa-totustuus.it\\\/cattolica\\\/lepopea-dei-cristiani-di-shimabara\\\/#primaryimage\"},\"thumbnailUrl\":\"https:\\\/\\\/www.rassegnastampa-totustuus.it\\\/cattolica\\\/wp-content\\\/uploads\\\/2009\\\/05\\\/samurai_cover.jpg\",\"keywords\":[\"cristiani perseguitati\",\"Giappone\"],\"articleSection\":[\"Chiesa\",\"Cristiani perseguitati\",\"Libri\"],\"inLanguage\":\"it-IT\"},{\"@type\":\"WebPage\",\"@id\":\"https:\\\/\\\/www.rassegnastampa-totustuus.it\\\/cattolica\\\/lepopea-dei-cristiani-di-shimabara\\\/\",\"url\":\"https:\\\/\\\/www.rassegnastampa-totustuus.it\\\/cattolica\\\/lepopea-dei-cristiani-di-shimabara\\\/\",\"name\":\"L\u2019epopea dei cristiani di Shimabara - Rassegna Stampa Cattolica\",\"isPartOf\":{\"@id\":\"https:\\\/\\\/www.rassegnastampa-totustuus.it\\\/cattolica\\\/#website\"},\"primaryImageOfPage\":{\"@id\":\"https:\\\/\\\/www.rassegnastampa-totustuus.it\\\/cattolica\\\/lepopea-dei-cristiani-di-shimabara\\\/#primaryimage\"},\"image\":{\"@id\":\"https:\\\/\\\/www.rassegnastampa-totustuus.it\\\/cattolica\\\/lepopea-dei-cristiani-di-shimabara\\\/#primaryimage\"},\"thumbnailUrl\":\"https:\\\/\\\/www.rassegnastampa-totustuus.it\\\/cattolica\\\/wp-content\\\/uploads\\\/2009\\\/05\\\/samurai_cover.jpg\",\"datePublished\":\"2009-05-13T22:00:00+00:00\",\"dateModified\":\"2024-08-08T14:23:18+00:00\",\"description\":\"Rassegna Stampa Cattolica - Per una cultura che nasce dalla Rivelazione cristiana in conformit\u00e0 alla tradizione e al Magistero della Chiesa in opposizione ad ogni relativismo e totalitarismo\",\"breadcrumb\":{\"@id\":\"https:\\\/\\\/www.rassegnastampa-totustuus.it\\\/cattolica\\\/lepopea-dei-cristiani-di-shimabara\\\/#breadcrumb\"},\"inLanguage\":\"it-IT\",\"potentialAction\":[{\"@type\":\"ReadAction\",\"target\":[\"https:\\\/\\\/www.rassegnastampa-totustuus.it\\\/cattolica\\\/lepopea-dei-cristiani-di-shimabara\\\/\"]}]},{\"@type\":\"ImageObject\",\"inLanguage\":\"it-IT\",\"@id\":\"https:\\\/\\\/www.rassegnastampa-totustuus.it\\\/cattolica\\\/lepopea-dei-cristiani-di-shimabara\\\/#primaryimage\",\"url\":\"https:\\\/\\\/www.rassegnastampa-totustuus.it\\\/cattolica\\\/wp-content\\\/uploads\\\/2009\\\/05\\\/samurai_cover.jpg\",\"contentUrl\":\"https:\\\/\\\/www.rassegnastampa-totustuus.it\\\/cattolica\\\/wp-content\\\/uploads\\\/2009\\\/05\\\/samurai_cover.jpg\",\"width\":179,\"height\":281},{\"@type\":\"BreadcrumbList\",\"@id\":\"https:\\\/\\\/www.rassegnastampa-totustuus.it\\\/cattolica\\\/lepopea-dei-cristiani-di-shimabara\\\/#breadcrumb\",\"itemListElement\":[{\"@type\":\"ListItem\",\"position\":1,\"name\":\"Home\",\"item\":\"https:\\\/\\\/www.rassegnastampa-totustuus.it\\\/cattolica\\\/\"},{\"@type\":\"ListItem\",\"position\":2,\"name\":\"L\u2019epopea dei cristiani di Shimabara\"}]},{\"@type\":\"WebSite\",\"@id\":\"https:\\\/\\\/www.rassegnastampa-totustuus.it\\\/cattolica\\\/#website\",\"url\":\"https:\\\/\\\/www.rassegnastampa-totustuus.it\\\/cattolica\\\/\",\"name\":\"Rassegna Stampa Cattolica\",\"description\":\"Per una cultura che nasce dalla Rivelazione cristiana in conformit\u00e0 alla tradizione e al Magistero della Chiesa in opposizione ad ogni relativismo e totalitarismo\",\"publisher\":{\"@id\":\"https:\\\/\\\/www.rassegnastampa-totustuus.it\\\/cattolica\\\/#organization\"},\"alternateName\":\"Rass. Cattolica\",\"potentialAction\":[{\"@type\":\"SearchAction\",\"target\":{\"@type\":\"EntryPoint\",\"urlTemplate\":\"https:\\\/\\\/www.rassegnastampa-totustuus.it\\\/cattolica\\\/?s={search_term_string}\"},\"query-input\":{\"@type\":\"PropertyValueSpecification\",\"valueRequired\":true,\"valueName\":\"search_term_string\"}}],\"inLanguage\":\"it-IT\"},{\"@type\":\"Organization\",\"@id\":\"https:\\\/\\\/www.rassegnastampa-totustuus.it\\\/cattolica\\\/#organization\",\"name\":\"Rassegna Stampa Cattolica\",\"url\":\"https:\\\/\\\/www.rassegnastampa-totustuus.it\\\/cattolica\\\/\",\"logo\":{\"@type\":\"ImageObject\",\"inLanguage\":\"it-IT\",\"@id\":\"https:\\\/\\\/www.rassegnastampa-totustuus.it\\\/cattolica\\\/#\\\/schema\\\/logo\\\/image\\\/\",\"url\":\"https:\\\/\\\/www.rassegnastampa-totustuus.it\\\/cattolica\\\/wp-content\\\/uploads\\\/2014\\\/04\\\/logo-rassegna1.gif\",\"contentUrl\":\"https:\\\/\\\/www.rassegnastampa-totustuus.it\\\/cattolica\\\/wp-content\\\/uploads\\\/2014\\\/04\\\/logo-rassegna1.gif\",\"width\":600,\"height\":163,\"caption\":\"Rassegna Stampa Cattolica\"},\"image\":{\"@id\":\"https:\\\/\\\/www.rassegnastampa-totustuus.it\\\/cattolica\\\/#\\\/schema\\\/logo\\\/image\\\/\"},\"sameAs\":[\"https:\\\/\\\/www.facebook.com\\\/rassegnastampacattolica\",\"https:\\\/\\\/x.com\\\/rassegnastampa9\"]},{\"@type\":\"Person\",\"@id\":\"https:\\\/\\\/www.rassegnastampa-totustuus.it\\\/cattolica\\\/#\\\/schema\\\/person\\\/08f319d2bd1a0904ad9e2bfb7b15e5c3\",\"name\":\"Redazione\",\"image\":{\"@type\":\"ImageObject\",\"inLanguage\":\"it-IT\",\"@id\":\"https:\\\/\\\/secure.gravatar.com\\\/avatar\\\/2fcdf27c78ea025fbdb44e914cc63c72249ffec9dc8aafd5c82b26240ef3f346?s=96&d=mm&r=g\",\"url\":\"https:\\\/\\\/secure.gravatar.com\\\/avatar\\\/2fcdf27c78ea025fbdb44e914cc63c72249ffec9dc8aafd5c82b26240ef3f346?s=96&d=mm&r=g\",\"contentUrl\":\"https:\\\/\\\/secure.gravatar.com\\\/avatar\\\/2fcdf27c78ea025fbdb44e914cc63c72249ffec9dc8aafd5c82b26240ef3f346?s=96&d=mm&r=g\",\"caption\":\"Redazione\"},\"url\":\"https:\\\/\\\/www.rassegnastampa-totustuus.it\\\/cattolica\\\/author\\\/pietroelle\\\/\"}]}<\/script>\n<!-- \/ Yoast SEO plugin. -->","yoast_head_json":{"title":"L\u2019epopea dei cristiani di Shimabara - Rassegna Stampa Cattolica","description":"Rassegna Stampa Cattolica - Per una cultura che nasce dalla Rivelazione cristiana in conformit\u00e0 alla tradizione e al Magistero della Chiesa in opposizione ad ogni relativismo e totalitarismo","robots":{"index":"index","follow":"follow","max-snippet":"max-snippet:-1","max-image-preview":"max-image-preview:large","max-video-preview":"max-video-preview:-1"},"canonical":"https:\/\/www.rassegnastampa-totustuus.it\/cattolica\/lepopea-dei-cristiani-di-shimabara\/","og_locale":"it_IT","og_type":"article","og_title":"L\u2019epopea dei cristiani di Shimabara - Rassegna Stampa Cattolica","og_description":"Rassegna Stampa Cattolica - Per una cultura che nasce dalla Rivelazione cristiana in conformit\u00e0 alla tradizione e al Magistero della Chiesa in opposizione ad ogni relativismo e totalitarismo","og_url":"https:\/\/www.rassegnastampa-totustuus.it\/cattolica\/lepopea-dei-cristiani-di-shimabara\/","og_site_name":"Rassegna Stampa Cattolica","article_publisher":"https:\/\/www.facebook.com\/rassegnastampacattolica","article_published_time":"2009-05-13T22:00:00+00:00","article_modified_time":"2024-08-08T14:23:18+00:00","og_image":[{"width":179,"height":281,"url":"https:\/\/www.rassegnastampa-totustuus.it\/cattolica\/wp-content\/uploads\/2009\/05\/samurai_cover.jpg","type":"image\/jpeg"}],"author":"Redazione","twitter_card":"summary_large_image","twitter_creator":"@rassegnastampa9","twitter_site":"@rassegnastampa9","twitter_misc":{"Scritto da":"Redazione","Tempo di lettura stimato":"6 minuti"},"schema":{"@context":"https:\/\/schema.org","@graph":[{"@type":"Article","@id":"https:\/\/www.rassegnastampa-totustuus.it\/cattolica\/lepopea-dei-cristiani-di-shimabara\/#article","isPartOf":{"@id":"https:\/\/www.rassegnastampa-totustuus.it\/cattolica\/lepopea-dei-cristiani-di-shimabara\/"},"author":{"name":"Redazione","@id":"https:\/\/www.rassegnastampa-totustuus.it\/cattolica\/#\/schema\/person\/08f319d2bd1a0904ad9e2bfb7b15e5c3"},"headline":"L\u2019epopea dei cristiani di Shimabara","datePublished":"2009-05-13T22:00:00+00:00","dateModified":"2024-08-08T14:23:18+00:00","mainEntityOfPage":{"@id":"https:\/\/www.rassegnastampa-totustuus.it\/cattolica\/lepopea-dei-cristiani-di-shimabara\/"},"wordCount":946,"publisher":{"@id":"https:\/\/www.rassegnastampa-totustuus.it\/cattolica\/#organization"},"image":{"@id":"https:\/\/www.rassegnastampa-totustuus.it\/cattolica\/lepopea-dei-cristiani-di-shimabara\/#primaryimage"},"thumbnailUrl":"https:\/\/www.rassegnastampa-totustuus.it\/cattolica\/wp-content\/uploads\/2009\/05\/samurai_cover.jpg","keywords":["cristiani perseguitati","Giappone"],"articleSection":["Chiesa","Cristiani perseguitati","Libri"],"inLanguage":"it-IT"},{"@type":"WebPage","@id":"https:\/\/www.rassegnastampa-totustuus.it\/cattolica\/lepopea-dei-cristiani-di-shimabara\/","url":"https:\/\/www.rassegnastampa-totustuus.it\/cattolica\/lepopea-dei-cristiani-di-shimabara\/","name":"L\u2019epopea dei cristiani di Shimabara - Rassegna Stampa Cattolica","isPartOf":{"@id":"https:\/\/www.rassegnastampa-totustuus.it\/cattolica\/#website"},"primaryImageOfPage":{"@id":"https:\/\/www.rassegnastampa-totustuus.it\/cattolica\/lepopea-dei-cristiani-di-shimabara\/#primaryimage"},"image":{"@id":"https:\/\/www.rassegnastampa-totustuus.it\/cattolica\/lepopea-dei-cristiani-di-shimabara\/#primaryimage"},"thumbnailUrl":"https:\/\/www.rassegnastampa-totustuus.it\/cattolica\/wp-content\/uploads\/2009\/05\/samurai_cover.jpg","datePublished":"2009-05-13T22:00:00+00:00","dateModified":"2024-08-08T14:23:18+00:00","description":"Rassegna Stampa Cattolica - Per una cultura che nasce dalla Rivelazione cristiana in conformit\u00e0 alla tradizione e al Magistero della Chiesa in opposizione ad ogni relativismo e totalitarismo","breadcrumb":{"@id":"https:\/\/www.rassegnastampa-totustuus.it\/cattolica\/lepopea-dei-cristiani-di-shimabara\/#breadcrumb"},"inLanguage":"it-IT","potentialAction":[{"@type":"ReadAction","target":["https:\/\/www.rassegnastampa-totustuus.it\/cattolica\/lepopea-dei-cristiani-di-shimabara\/"]}]},{"@type":"ImageObject","inLanguage":"it-IT","@id":"https:\/\/www.rassegnastampa-totustuus.it\/cattolica\/lepopea-dei-cristiani-di-shimabara\/#primaryimage","url":"https:\/\/www.rassegnastampa-totustuus.it\/cattolica\/wp-content\/uploads\/2009\/05\/samurai_cover.jpg","contentUrl":"https:\/\/www.rassegnastampa-totustuus.it\/cattolica\/wp-content\/uploads\/2009\/05\/samurai_cover.jpg","width":179,"height":281},{"@type":"BreadcrumbList","@id":"https:\/\/www.rassegnastampa-totustuus.it\/cattolica\/lepopea-dei-cristiani-di-shimabara\/#breadcrumb","itemListElement":[{"@type":"ListItem","position":1,"name":"Home","item":"https:\/\/www.rassegnastampa-totustuus.it\/cattolica\/"},{"@type":"ListItem","position":2,"name":"L\u2019epopea dei cristiani di Shimabara"}]},{"@type":"WebSite","@id":"https:\/\/www.rassegnastampa-totustuus.it\/cattolica\/#website","url":"https:\/\/www.rassegnastampa-totustuus.it\/cattolica\/","name":"Rassegna Stampa Cattolica","description":"Per una cultura che nasce dalla Rivelazione cristiana in conformit\u00e0 alla tradizione e al Magistero della Chiesa in opposizione ad ogni relativismo e totalitarismo","publisher":{"@id":"https:\/\/www.rassegnastampa-totustuus.it\/cattolica\/#organization"},"alternateName":"Rass. Cattolica","potentialAction":[{"@type":"SearchAction","target":{"@type":"EntryPoint","urlTemplate":"https:\/\/www.rassegnastampa-totustuus.it\/cattolica\/?s={search_term_string}"},"query-input":{"@type":"PropertyValueSpecification","valueRequired":true,"valueName":"search_term_string"}}],"inLanguage":"it-IT"},{"@type":"Organization","@id":"https:\/\/www.rassegnastampa-totustuus.it\/cattolica\/#organization","name":"Rassegna Stampa Cattolica","url":"https:\/\/www.rassegnastampa-totustuus.it\/cattolica\/","logo":{"@type":"ImageObject","inLanguage":"it-IT","@id":"https:\/\/www.rassegnastampa-totustuus.it\/cattolica\/#\/schema\/logo\/image\/","url":"https:\/\/www.rassegnastampa-totustuus.it\/cattolica\/wp-content\/uploads\/2014\/04\/logo-rassegna1.gif","contentUrl":"https:\/\/www.rassegnastampa-totustuus.it\/cattolica\/wp-content\/uploads\/2014\/04\/logo-rassegna1.gif","width":600,"height":163,"caption":"Rassegna Stampa Cattolica"},"image":{"@id":"https:\/\/www.rassegnastampa-totustuus.it\/cattolica\/#\/schema\/logo\/image\/"},"sameAs":["https:\/\/www.facebook.com\/rassegnastampacattolica","https:\/\/x.com\/rassegnastampa9"]},{"@type":"Person","@id":"https:\/\/www.rassegnastampa-totustuus.it\/cattolica\/#\/schema\/person\/08f319d2bd1a0904ad9e2bfb7b15e5c3","name":"Redazione","image":{"@type":"ImageObject","inLanguage":"it-IT","@id":"https:\/\/secure.gravatar.com\/avatar\/2fcdf27c78ea025fbdb44e914cc63c72249ffec9dc8aafd5c82b26240ef3f346?s=96&d=mm&r=g","url":"https:\/\/secure.gravatar.com\/avatar\/2fcdf27c78ea025fbdb44e914cc63c72249ffec9dc8aafd5c82b26240ef3f346?s=96&d=mm&r=g","contentUrl":"https:\/\/secure.gravatar.com\/avatar\/2fcdf27c78ea025fbdb44e914cc63c72249ffec9dc8aafd5c82b26240ef3f346?s=96&d=mm&r=g","caption":"Redazione"},"url":"https:\/\/www.rassegnastampa-totustuus.it\/cattolica\/author\/pietroelle\/"}]}},"_links":{"self":[{"href":"https:\/\/www.rassegnastampa-totustuus.it\/cattolica\/wp-json\/wp\/v2\/posts\/3308","targetHints":{"allow":["GET"]}}],"collection":[{"href":"https:\/\/www.rassegnastampa-totustuus.it\/cattolica\/wp-json\/wp\/v2\/posts"}],"about":[{"href":"https:\/\/www.rassegnastampa-totustuus.it\/cattolica\/wp-json\/wp\/v2\/types\/post"}],"author":[{"embeddable":true,"href":"https:\/\/www.rassegnastampa-totustuus.it\/cattolica\/wp-json\/wp\/v2\/users\/6"}],"replies":[{"embeddable":true,"href":"https:\/\/www.rassegnastampa-totustuus.it\/cattolica\/wp-json\/wp\/v2\/comments?post=3308"}],"version-history":[{"count":3,"href":"https:\/\/www.rassegnastampa-totustuus.it\/cattolica\/wp-json\/wp\/v2\/posts\/3308\/revisions"}],"predecessor-version":[{"id":60950,"href":"https:\/\/www.rassegnastampa-totustuus.it\/cattolica\/wp-json\/wp\/v2\/posts\/3308\/revisions\/60950"}],"wp:featuredmedia":[{"embeddable":true,"href":"https:\/\/www.rassegnastampa-totustuus.it\/cattolica\/wp-json\/wp\/v2\/media\/19768"}],"wp:attachment":[{"href":"https:\/\/www.rassegnastampa-totustuus.it\/cattolica\/wp-json\/wp\/v2\/media?parent=3308"}],"wp:term":[{"taxonomy":"category","embeddable":true,"href":"https:\/\/www.rassegnastampa-totustuus.it\/cattolica\/wp-json\/wp\/v2\/categories?post=3308"},{"taxonomy":"post_tag","embeddable":true,"href":"https:\/\/www.rassegnastampa-totustuus.it\/cattolica\/wp-json\/wp\/v2\/tags?post=3308"}],"curies":[{"name":"wp","href":"https:\/\/api.w.org\/{rel}","templated":true}]}}