{"id":3294,"date":"2009-05-07T00:00:00","date_gmt":"2009-05-06T22:00:00","guid":{"rendered":""},"modified":"2015-02-22T13:05:21","modified_gmt":"2015-02-22T12:05:21","slug":"tutte-le-bugie-sul-nucleare","status":"publish","type":"post","link":"https:\/\/www.rassegnastampa-totustuus.it\/cattolica\/tutte-le-bugie-sul-nucleare\/","title":{"rendered":"Tutte le bugie sul nucleare"},"content":{"rendered":"<div style=\"text-align: center;\"><strong><a href=\"https:\/\/www.rassegnastampa-totustuus.it\/cattolica\/wp-content\/uploads\/2009\/05\/centrale-nucleare.jpg\"><img loading=\"lazy\" decoding=\"async\" class=\"alignright wp-image-19644\" src=\"https:\/\/www.rassegnastampa-totustuus.it\/cattolica\/wp-content\/uploads\/2009\/05\/centrale-nucleare.jpg\" alt=\"centrale nucleare\" width=\"250\" height=\"187\" \/><\/a>ilsussidiario.net<\/strong> venerd\u00ec 27 febbraio 2009<\/div>\n<p style=\"text-align: justify;\">Non ci sono pericoli oggettivi, spiega Elio Sindoni, in relazione al ritorno delle centrali nucleari in Italia. Centrali sicurissime, scorie rese innocue e sistemi ancor pi\u00f9 avanzati in via sperimentale. Senza contare il risparmio economico che le centrali procurerebbero all\u2019Italia. Ma l\u2019ideologia che vede nell\u2019uomo un parassita del pianeta continua a seminare panico<\/p>\n<p><!--more--><\/p>\n<div style=\"text-align: justify;\"><strong>In che modo si produce l\u2019energia nucleare e come mai \u00e8 cos\u00ec redditizia?<br \/>\n<\/strong><\/div>\n<p style=\"text-align: justify;\">L\u2019energia nucleare, che, occorre ricordarlo, ormai trattiamo da tempo, si produce utilizzando le reazioni di \u201cfissione nucleare\u201d. Per spiegare in parole povere il meccanismo \u00e8 il seguente: si prende il nucleo di un atomo e lo si rompe in due parti. L\u2019effetto di questa rottura fa s\u00ec che la massa di queste due parti, sommata, sia inferiore a quella di partenza.<\/p>\n<p style=\"text-align: justify;\">Questo \u00e8 segno del fatto che la differenza \u00e8 stata trasformata in energia, la stessa energia che era racchiusa nell\u2019atomo.Si d\u00e0 il caso che tale forza sia davvero enorme e che per ottenerla occorra pochissimo materiale. In questo senso \u00e8 redditizia. Si tratta di un guadagno non tanto in termini di realizzazione delle centrali, che in realt\u00e0 sono costose, quanto di risparmi di materiale, un investimento nel tempo. Basta pochissimo infatti per alimentare a lungo vaste zone civilizzate che necessitano di molta energia.<\/p>\n<p style=\"text-align: justify;\"><strong>Che cosa sono esattamente le scorie? \u00c8 vero che non c\u2019\u00e8 modo di eliminarle definitivamente?<\/strong><\/p>\n<p style=\"text-align: justify;\">Le scorie non sono altro che il combustibile utilizzato per produrre energia, il cosiddetto \u201cfissile\u201d. Per dividere il nucleo dell\u2019atomo occorre \u201cbombardarlo\u201d con neutroni. E per ottenere un simile bombardamento occorre un combustibile radioattivo che emetta particelle, raggi gamma e altro. Finora per\u00f2 non si riesce per\u00f2 a utilizzare il fissile in modo tale che tutta la radioattivit\u00e0 di cui dispone sia esaurita. Resta cos\u00ec una radiazione residua che caratterizza la famigerate scorie. Questa non si pu\u00f2 eliminare, se non aspettando qualche milione di anni.<\/p>\n<p style=\"text-align: justify;\">Vi sono per\u00f2 vari metodi, assolutamente sicuri, per renderle innocue. Uno di questi consiste nel \u201cvetrificarle\u201d cio\u00e8 nel renderne il pi\u00f9 piccolo possibile il volume.<\/p>\n<p style=\"text-align: justify;\">Comunque, dal momento che alcune di queste possono continuare a emettere per centinaia di migliaia di anni, occorre che siano blindate in luoghi sotterranei dove non ci sia possibilit\u00e0 di intrusioni d\u2019acqua. Ci sono appositi \u00a0geologi chiamati a ricercare siti speciali per i depositi di scorie.<\/p>\n<p style=\"text-align: justify;\"><strong>Come mai da pi\u00f9 parti si garantisce con un\u2019assoluta certezza che un eventuale incidente non recher\u00e0 danni alla popolazione?<\/strong><\/p>\n<p style=\"text-align: justify;\">Tutti, e a ragione, sono spaventati se ripensano all\u2019incidente di Chernobyl. Ma \u00e8 bene ricordare che ad oggi sono passati pi\u00f9 di due decenni e la tecnologia, non da noi purtroppo ma all\u2019estero, ha progredito notevolmente da allora.<\/p>\n<p style=\"text-align: justify;\">In s\u00e9 un moderno reattore nucleare funzionante non presenta assolutamente alcuna perdita di radiazione ed \u00e8 uno strumento sicurissimo. Qualora dovesse accadere un incidente come quello ci Chernobyl gli impianti si spegnerebbero automaticamente. Questo perch\u00e9 i reattori di ultima generazione hanno numerosissimi sistemi di sicurezza continuamente attivi.<\/p>\n<p style=\"text-align: justify;\">A questo si aggiunga la protezione fisica di cui sono oggi dotati i reattori. Infatti si trovano all\u2019interno di una struttura progettata per resistere all\u2019urto di un Boeing, insomma a prova di \u201c11 settembre\u201d. \u00c8 chiaro che la certezza matematica non c\u2019\u00e8 \u00a0e non ci sar\u00e0 mai, ma possiamo tranquillamente affermare che le probabilit\u00e0 di un incidente davvero grave sono precipitate drasticamente.<\/p>\n<p style=\"text-align: justify;\">Se paragoniamo i rischi di una centrale nucleare moderna a quelli di una miniera non c\u2019\u00e8 confronto che regga: quest\u2019ultima continua realmente a mietere vittime, a differenza della prima. E lo scopo \u00e8 lo stesso, produrre energia.<\/p>\n<p style=\"text-align: justify;\"><strong>Dicono che in Italia non c\u2019\u00e8 l\u2019uranio e che quindi il nostro Paese rimarr\u00e0 comunque dipendente in quanto dovr\u00e0 importare tale elemento da altre nazioni. Che cosa ne pensa?<\/strong><\/p>\n<p style=\"text-align: justify;\">In primo luogo la dipendenza che ci viene dall\u2019uranio non \u00e8 cos\u00ec massiccia come quella dei combustibili fossili. E poi mi domando come si faccia a sviluppare un\u2019economia in cui l\u2019energia \u00e8 basata quasi esclusivamente sui combustibili fossili quando quest\u2019ultimi hanno degli sbalzi di prezzo imprevedibili. \u00c8 difficile anche programmare una tabella di costi.<\/p>\n<p style=\"text-align: justify;\">Comunque, per rispondere compiutamente alla domanda, posso dire che sono a progetto nuovi \u201creattori autofertilizzanti\u201d in cui il consumo di combustibile \u00e8 regolato in modo che si riesca a riprodurne sempre di nuovo. Per il momento sono ancora sperimentali. Ci fu una prova famosa anni fa con il reattore \u201cSuper Phoenix\u201d in Francia. And\u00f2 piuttosto male, ma l\u2019idea rimase valida. Oggi siamo molto pi\u00f9 vicini di allora a una realizzazione efficace di tale sistema.<\/p>\n<p style=\"text-align: justify;\"><strong>Le energie alternative sono una controproposta realistica? \u00c8 troppo presto per proporle o non potranno mai sostituire in maniera soddisfacente le fonti attuali?<\/strong><\/p>\n<p style=\"text-align: justify;\">Personalmente sono a favore delle energie alternative. Per riuscire ad avere nuove centrali nucleari in Italia ci vorranno parecchi anni. D\u2019altra parte sarebbe meglio non continuare a bruciare carbone e combustibili fossili, non tanto per il surriscaldamento globale, perch\u00e9 credo che l\u2019effetto dell\u2019uomo in questo frangente sia abbastanza trascurabile, ma perch\u00e9 che non possiamo permetterci di consumare, in poche centinaia di anni, tutto ci\u00f2 che la natura ha racchiuso in milioni di anni nella nostra terra.<\/p>\n<p style=\"text-align: justify;\">Le centrali a combustibili fossili hanno una tecnologia abbastanza bassa e a mio avviso sarebbe meglio farle utilizzare dai Paesi che non possono permettersi un alto livello di tecnologia come quello delle centrali nucleari.<\/p>\n<p style=\"text-align: justify;\">Per quanto riguarda le energie alternative, possono s\u00ec servire e aiutare. L\u2019energia solare va benissimo e ce ne \u00e8 \u00a0anche tanta, ma a bassa intensit\u00e0. Perch\u00e9 non concentrare gli sforzi e gli studi, anzich\u00e9 in crociate contro il nucleare, nel migliorare ulteriormente questo tipo di sfruttamento?<\/p>\n<p style=\"text-align: justify;\">Per quel che concerne l\u2019energia eolica nel nostro Paese sono pi\u00f9 scettico per un\u2019effettiva assenza di risorse. Un\u2019altra soluzione di cui si parla poco sono le biomasse, l\u2019utilizzo di scarti vegetali e biologici per la combustione.<\/p>\n<p style=\"text-align: justify;\"><strong>A quali cause ideologiche o culturali lei riconduce il cosiddetto \u201cfondamentalismo ambientalista\u201d? Che obiettivi si pone e che vantaggi pu\u00f2 ottenere una simile posizione?<\/strong><\/p>\n<p style=\"text-align: justify;\">Non ho idea degli effettivi vantaggi, perch\u00e9 non faccio parte della schiera. Penso che gli ambientalisti abbiano di fondo un\u2019idea dell\u2019uomo che lo dipinge quasi fosse un parassita della terra, un virus che rovina il pianeta. Dietro questa visione risiede un\u2019ideologia convinta che l\u2019umanit\u00e0 possa vivere tranquillamente senza usare energia. Non ci si rende conto che siamo sette miliardi di individui e che quindi ci sono un po\u2019 di problemi di utilities. Non credo, infatti, che ci siano verdi e ambientalisti nei paesi pi\u00f9 poveri dell\u2019Africa.<\/p>\n<p style=\"text-align: justify;\"><strong>Al di l\u00e0 della costruzione o meno di centrali nucleari nel nostro Paese, qual \u00e8 il futuro di questo tipo di energia?<\/strong><\/p>\n<p style=\"text-align: justify;\">L\u2019altro sistema per utilizzare l\u2019energia nucleare, che presenta ancora meno rischi, \u00e8 la \u201cfusione nucleare\u201d. Questa fusione non produce la minima scoria. In tale procedimento si fanno fondere tra loro due atomi \u201cleggeri\u201d ottenendo un atomo composto da questi, ma con massa inferiore. Anche qui la differenza va in energia.<\/p>\n<p style=\"text-align: justify;\">Una dinamica questa che \u00e8\u00a0la pi\u00f9 importante dell\u2019universo perch\u00e9 \u00e8 la stessa per la quale bruciano il sole e tutte le stelle. Le ricerche in questo campo sono iniziate 50 anni fa. Oggi il passo fondamentale verr\u00e0 effettuato dal reattore sperimentale ITER situato nel centro di ricerca Cadarache in Francia. Questa sar\u00e0 molto probabilmente la vera energia del futuro.<\/p>\n","protected":false},"excerpt":{"rendered":"<p>ilsussidiario.net venerd\u00ec 27 febbraio 2009 Non ci sono pericoli oggettivi, spiega Elio Sindoni, in relazione al ritorno delle centrali nucleari in Italia. Centrali sicurissime, scorie rese innocue e sistemi ancor pi\u00f9 avanzati in via sperimentale. Senza contare il risparmio economico che le centrali procurerebbero all\u2019Italia. Ma l\u2019ideologia che vede nell\u2019uomo un parassita del pianeta continua &hellip; <\/p>\n<p><a class=\"more-link btn\" href=\"https:\/\/www.rassegnastampa-totustuus.it\/cattolica\/tutte-le-bugie-sul-nucleare\/\">Continua a leggere<\/a><\/p>\n","protected":false},"author":6,"featured_media":19644,"comment_status":"closed","ping_status":"open","sticky":false,"template":"","format":"standard","meta":{"footnotes":""},"categories":[3],"tags":[1124],"class_list":["post-3294","post","type-post","status-publish","format-standard","has-post-thumbnail","hentry","category-ambientalismo","tag-nucleare","item-wrap"],"yoast_head":"<!-- This site is optimized with the Yoast SEO plugin v27.5 - https:\/\/yoast.com\/product\/yoast-seo-wordpress\/ -->\n<title>Tutte le bugie sul nucleare - Rassegna Stampa Cattolica<\/title>\n<meta name=\"description\" content=\"Rassegna Stampa Cattolica - Per una cultura che nasce dalla Rivelazione cristiana in conformit\u00e0 alla tradizione e al Magistero della Chiesa in opposizione ad ogni relativismo e totalitarismo\" \/>\n<meta name=\"robots\" content=\"index, follow, max-snippet:-1, max-image-preview:large, max-video-preview:-1\" \/>\n<link rel=\"canonical\" href=\"https:\/\/www.rassegnastampa-totustuus.it\/cattolica\/tutte-le-bugie-sul-nucleare\/\" \/>\n<meta property=\"og:locale\" content=\"it_IT\" \/>\n<meta property=\"og:type\" content=\"article\" \/>\n<meta property=\"og:title\" content=\"Tutte le bugie sul nucleare - Rassegna Stampa Cattolica\" \/>\n<meta property=\"og:description\" content=\"Rassegna Stampa Cattolica - Per una cultura che nasce dalla Rivelazione cristiana in conformit\u00e0 alla tradizione e al Magistero della Chiesa in opposizione ad ogni relativismo e totalitarismo\" \/>\n<meta property=\"og:url\" content=\"https:\/\/www.rassegnastampa-totustuus.it\/cattolica\/tutte-le-bugie-sul-nucleare\/\" \/>\n<meta property=\"og:site_name\" content=\"Rassegna Stampa Cattolica\" \/>\n<meta property=\"article:publisher\" content=\"https:\/\/www.facebook.com\/rassegnastampacattolica\" \/>\n<meta property=\"article:published_time\" content=\"2009-05-06T22:00:00+00:00\" \/>\n<meta property=\"article:modified_time\" content=\"2015-02-22T12:05:21+00:00\" \/>\n<meta property=\"og:image\" content=\"https:\/\/www.rassegnastampa-totustuus.it\/cattolica\/wp-content\/uploads\/2009\/05\/centrale-nucleare.jpg\" \/>\n\t<meta property=\"og:image:width\" content=\"259\" \/>\n\t<meta property=\"og:image:height\" content=\"194\" \/>\n\t<meta property=\"og:image:type\" content=\"image\/jpeg\" \/>\n<meta name=\"author\" content=\"Redazione\" \/>\n<meta name=\"twitter:card\" content=\"summary_large_image\" \/>\n<meta name=\"twitter:creator\" content=\"@rassegnastampa9\" \/>\n<meta name=\"twitter:site\" content=\"@rassegnastampa9\" \/>\n<meta name=\"twitter:label1\" content=\"Scritto da\" \/>\n\t<meta name=\"twitter:data1\" content=\"Redazione\" \/>\n\t<meta name=\"twitter:label2\" content=\"Tempo di lettura stimato\" \/>\n\t<meta name=\"twitter:data2\" content=\"6 minuti\" \/>\n<script type=\"application\/ld+json\" class=\"yoast-schema-graph\">{\"@context\":\"https:\\\/\\\/schema.org\",\"@graph\":[{\"@type\":\"Article\",\"@id\":\"https:\\\/\\\/www.rassegnastampa-totustuus.it\\\/cattolica\\\/tutte-le-bugie-sul-nucleare\\\/#article\",\"isPartOf\":{\"@id\":\"https:\\\/\\\/www.rassegnastampa-totustuus.it\\\/cattolica\\\/tutte-le-bugie-sul-nucleare\\\/\"},\"author\":{\"name\":\"Redazione\",\"@id\":\"https:\\\/\\\/www.rassegnastampa-totustuus.it\\\/cattolica\\\/#\\\/schema\\\/person\\\/08f319d2bd1a0904ad9e2bfb7b15e5c3\"},\"headline\":\"Tutte le bugie sul nucleare\",\"datePublished\":\"2009-05-06T22:00:00+00:00\",\"dateModified\":\"2015-02-22T12:05:21+00:00\",\"mainEntityOfPage\":{\"@id\":\"https:\\\/\\\/www.rassegnastampa-totustuus.it\\\/cattolica\\\/tutte-le-bugie-sul-nucleare\\\/\"},\"wordCount\":1223,\"publisher\":{\"@id\":\"https:\\\/\\\/www.rassegnastampa-totustuus.it\\\/cattolica\\\/#organization\"},\"image\":{\"@id\":\"https:\\\/\\\/www.rassegnastampa-totustuus.it\\\/cattolica\\\/tutte-le-bugie-sul-nucleare\\\/#primaryimage\"},\"thumbnailUrl\":\"https:\\\/\\\/www.rassegnastampa-totustuus.it\\\/cattolica\\\/wp-content\\\/uploads\\\/2009\\\/05\\\/centrale-nucleare.jpg\",\"keywords\":[\"nucleare\"],\"articleSection\":[\"Ambientalismo\"],\"inLanguage\":\"it-IT\"},{\"@type\":\"WebPage\",\"@id\":\"https:\\\/\\\/www.rassegnastampa-totustuus.it\\\/cattolica\\\/tutte-le-bugie-sul-nucleare\\\/\",\"url\":\"https:\\\/\\\/www.rassegnastampa-totustuus.it\\\/cattolica\\\/tutte-le-bugie-sul-nucleare\\\/\",\"name\":\"Tutte le bugie sul nucleare - Rassegna Stampa Cattolica\",\"isPartOf\":{\"@id\":\"https:\\\/\\\/www.rassegnastampa-totustuus.it\\\/cattolica\\\/#website\"},\"primaryImageOfPage\":{\"@id\":\"https:\\\/\\\/www.rassegnastampa-totustuus.it\\\/cattolica\\\/tutte-le-bugie-sul-nucleare\\\/#primaryimage\"},\"image\":{\"@id\":\"https:\\\/\\\/www.rassegnastampa-totustuus.it\\\/cattolica\\\/tutte-le-bugie-sul-nucleare\\\/#primaryimage\"},\"thumbnailUrl\":\"https:\\\/\\\/www.rassegnastampa-totustuus.it\\\/cattolica\\\/wp-content\\\/uploads\\\/2009\\\/05\\\/centrale-nucleare.jpg\",\"datePublished\":\"2009-05-06T22:00:00+00:00\",\"dateModified\":\"2015-02-22T12:05:21+00:00\",\"description\":\"Rassegna Stampa Cattolica - Per una cultura che nasce dalla Rivelazione cristiana in conformit\u00e0 alla tradizione e al Magistero della Chiesa in opposizione ad ogni relativismo e totalitarismo\",\"breadcrumb\":{\"@id\":\"https:\\\/\\\/www.rassegnastampa-totustuus.it\\\/cattolica\\\/tutte-le-bugie-sul-nucleare\\\/#breadcrumb\"},\"inLanguage\":\"it-IT\",\"potentialAction\":[{\"@type\":\"ReadAction\",\"target\":[\"https:\\\/\\\/www.rassegnastampa-totustuus.it\\\/cattolica\\\/tutte-le-bugie-sul-nucleare\\\/\"]}]},{\"@type\":\"ImageObject\",\"inLanguage\":\"it-IT\",\"@id\":\"https:\\\/\\\/www.rassegnastampa-totustuus.it\\\/cattolica\\\/tutte-le-bugie-sul-nucleare\\\/#primaryimage\",\"url\":\"https:\\\/\\\/www.rassegnastampa-totustuus.it\\\/cattolica\\\/wp-content\\\/uploads\\\/2009\\\/05\\\/centrale-nucleare.jpg\",\"contentUrl\":\"https:\\\/\\\/www.rassegnastampa-totustuus.it\\\/cattolica\\\/wp-content\\\/uploads\\\/2009\\\/05\\\/centrale-nucleare.jpg\",\"width\":259,\"height\":194},{\"@type\":\"BreadcrumbList\",\"@id\":\"https:\\\/\\\/www.rassegnastampa-totustuus.it\\\/cattolica\\\/tutte-le-bugie-sul-nucleare\\\/#breadcrumb\",\"itemListElement\":[{\"@type\":\"ListItem\",\"position\":1,\"name\":\"Home\",\"item\":\"https:\\\/\\\/www.rassegnastampa-totustuus.it\\\/cattolica\\\/\"},{\"@type\":\"ListItem\",\"position\":2,\"name\":\"Tutte le bugie sul nucleare\"}]},{\"@type\":\"WebSite\",\"@id\":\"https:\\\/\\\/www.rassegnastampa-totustuus.it\\\/cattolica\\\/#website\",\"url\":\"https:\\\/\\\/www.rassegnastampa-totustuus.it\\\/cattolica\\\/\",\"name\":\"Rassegna Stampa Cattolica\",\"description\":\"Per una cultura che nasce dalla Rivelazione cristiana in conformit\u00e0 alla tradizione e al Magistero della Chiesa in opposizione ad ogni relativismo e totalitarismo\",\"publisher\":{\"@id\":\"https:\\\/\\\/www.rassegnastampa-totustuus.it\\\/cattolica\\\/#organization\"},\"alternateName\":\"Rass. Cattolica\",\"potentialAction\":[{\"@type\":\"SearchAction\",\"target\":{\"@type\":\"EntryPoint\",\"urlTemplate\":\"https:\\\/\\\/www.rassegnastampa-totustuus.it\\\/cattolica\\\/?s={search_term_string}\"},\"query-input\":{\"@type\":\"PropertyValueSpecification\",\"valueRequired\":true,\"valueName\":\"search_term_string\"}}],\"inLanguage\":\"it-IT\"},{\"@type\":\"Organization\",\"@id\":\"https:\\\/\\\/www.rassegnastampa-totustuus.it\\\/cattolica\\\/#organization\",\"name\":\"Rassegna Stampa Cattolica\",\"url\":\"https:\\\/\\\/www.rassegnastampa-totustuus.it\\\/cattolica\\\/\",\"logo\":{\"@type\":\"ImageObject\",\"inLanguage\":\"it-IT\",\"@id\":\"https:\\\/\\\/www.rassegnastampa-totustuus.it\\\/cattolica\\\/#\\\/schema\\\/logo\\\/image\\\/\",\"url\":\"https:\\\/\\\/www.rassegnastampa-totustuus.it\\\/cattolica\\\/wp-content\\\/uploads\\\/2014\\\/04\\\/logo-rassegna1.gif\",\"contentUrl\":\"https:\\\/\\\/www.rassegnastampa-totustuus.it\\\/cattolica\\\/wp-content\\\/uploads\\\/2014\\\/04\\\/logo-rassegna1.gif\",\"width\":600,\"height\":163,\"caption\":\"Rassegna Stampa Cattolica\"},\"image\":{\"@id\":\"https:\\\/\\\/www.rassegnastampa-totustuus.it\\\/cattolica\\\/#\\\/schema\\\/logo\\\/image\\\/\"},\"sameAs\":[\"https:\\\/\\\/www.facebook.com\\\/rassegnastampacattolica\",\"https:\\\/\\\/x.com\\\/rassegnastampa9\"]},{\"@type\":\"Person\",\"@id\":\"https:\\\/\\\/www.rassegnastampa-totustuus.it\\\/cattolica\\\/#\\\/schema\\\/person\\\/08f319d2bd1a0904ad9e2bfb7b15e5c3\",\"name\":\"Redazione\",\"image\":{\"@type\":\"ImageObject\",\"inLanguage\":\"it-IT\",\"@id\":\"https:\\\/\\\/secure.gravatar.com\\\/avatar\\\/2fcdf27c78ea025fbdb44e914cc63c72249ffec9dc8aafd5c82b26240ef3f346?s=96&d=mm&r=g\",\"url\":\"https:\\\/\\\/secure.gravatar.com\\\/avatar\\\/2fcdf27c78ea025fbdb44e914cc63c72249ffec9dc8aafd5c82b26240ef3f346?s=96&d=mm&r=g\",\"contentUrl\":\"https:\\\/\\\/secure.gravatar.com\\\/avatar\\\/2fcdf27c78ea025fbdb44e914cc63c72249ffec9dc8aafd5c82b26240ef3f346?s=96&d=mm&r=g\",\"caption\":\"Redazione\"},\"url\":\"https:\\\/\\\/www.rassegnastampa-totustuus.it\\\/cattolica\\\/author\\\/pietroelle\\\/\"}]}<\/script>\n<!-- \/ Yoast SEO plugin. -->","yoast_head_json":{"title":"Tutte le bugie sul nucleare - Rassegna Stampa Cattolica","description":"Rassegna Stampa Cattolica - Per una cultura che nasce dalla Rivelazione cristiana in conformit\u00e0 alla tradizione e al Magistero della Chiesa in opposizione ad ogni relativismo e totalitarismo","robots":{"index":"index","follow":"follow","max-snippet":"max-snippet:-1","max-image-preview":"max-image-preview:large","max-video-preview":"max-video-preview:-1"},"canonical":"https:\/\/www.rassegnastampa-totustuus.it\/cattolica\/tutte-le-bugie-sul-nucleare\/","og_locale":"it_IT","og_type":"article","og_title":"Tutte le bugie sul nucleare - Rassegna Stampa Cattolica","og_description":"Rassegna Stampa Cattolica - Per una cultura che nasce dalla Rivelazione cristiana in conformit\u00e0 alla tradizione e al Magistero della Chiesa in opposizione ad ogni relativismo e totalitarismo","og_url":"https:\/\/www.rassegnastampa-totustuus.it\/cattolica\/tutte-le-bugie-sul-nucleare\/","og_site_name":"Rassegna Stampa Cattolica","article_publisher":"https:\/\/www.facebook.com\/rassegnastampacattolica","article_published_time":"2009-05-06T22:00:00+00:00","article_modified_time":"2015-02-22T12:05:21+00:00","og_image":[{"width":259,"height":194,"url":"https:\/\/www.rassegnastampa-totustuus.it\/cattolica\/wp-content\/uploads\/2009\/05\/centrale-nucleare.jpg","type":"image\/jpeg"}],"author":"Redazione","twitter_card":"summary_large_image","twitter_creator":"@rassegnastampa9","twitter_site":"@rassegnastampa9","twitter_misc":{"Scritto da":"Redazione","Tempo di lettura stimato":"6 minuti"},"schema":{"@context":"https:\/\/schema.org","@graph":[{"@type":"Article","@id":"https:\/\/www.rassegnastampa-totustuus.it\/cattolica\/tutte-le-bugie-sul-nucleare\/#article","isPartOf":{"@id":"https:\/\/www.rassegnastampa-totustuus.it\/cattolica\/tutte-le-bugie-sul-nucleare\/"},"author":{"name":"Redazione","@id":"https:\/\/www.rassegnastampa-totustuus.it\/cattolica\/#\/schema\/person\/08f319d2bd1a0904ad9e2bfb7b15e5c3"},"headline":"Tutte le bugie sul nucleare","datePublished":"2009-05-06T22:00:00+00:00","dateModified":"2015-02-22T12:05:21+00:00","mainEntityOfPage":{"@id":"https:\/\/www.rassegnastampa-totustuus.it\/cattolica\/tutte-le-bugie-sul-nucleare\/"},"wordCount":1223,"publisher":{"@id":"https:\/\/www.rassegnastampa-totustuus.it\/cattolica\/#organization"},"image":{"@id":"https:\/\/www.rassegnastampa-totustuus.it\/cattolica\/tutte-le-bugie-sul-nucleare\/#primaryimage"},"thumbnailUrl":"https:\/\/www.rassegnastampa-totustuus.it\/cattolica\/wp-content\/uploads\/2009\/05\/centrale-nucleare.jpg","keywords":["nucleare"],"articleSection":["Ambientalismo"],"inLanguage":"it-IT"},{"@type":"WebPage","@id":"https:\/\/www.rassegnastampa-totustuus.it\/cattolica\/tutte-le-bugie-sul-nucleare\/","url":"https:\/\/www.rassegnastampa-totustuus.it\/cattolica\/tutte-le-bugie-sul-nucleare\/","name":"Tutte le bugie sul nucleare - Rassegna Stampa Cattolica","isPartOf":{"@id":"https:\/\/www.rassegnastampa-totustuus.it\/cattolica\/#website"},"primaryImageOfPage":{"@id":"https:\/\/www.rassegnastampa-totustuus.it\/cattolica\/tutte-le-bugie-sul-nucleare\/#primaryimage"},"image":{"@id":"https:\/\/www.rassegnastampa-totustuus.it\/cattolica\/tutte-le-bugie-sul-nucleare\/#primaryimage"},"thumbnailUrl":"https:\/\/www.rassegnastampa-totustuus.it\/cattolica\/wp-content\/uploads\/2009\/05\/centrale-nucleare.jpg","datePublished":"2009-05-06T22:00:00+00:00","dateModified":"2015-02-22T12:05:21+00:00","description":"Rassegna Stampa Cattolica - Per una cultura che nasce dalla Rivelazione cristiana in conformit\u00e0 alla tradizione e al Magistero della Chiesa in opposizione ad ogni relativismo e totalitarismo","breadcrumb":{"@id":"https:\/\/www.rassegnastampa-totustuus.it\/cattolica\/tutte-le-bugie-sul-nucleare\/#breadcrumb"},"inLanguage":"it-IT","potentialAction":[{"@type":"ReadAction","target":["https:\/\/www.rassegnastampa-totustuus.it\/cattolica\/tutte-le-bugie-sul-nucleare\/"]}]},{"@type":"ImageObject","inLanguage":"it-IT","@id":"https:\/\/www.rassegnastampa-totustuus.it\/cattolica\/tutte-le-bugie-sul-nucleare\/#primaryimage","url":"https:\/\/www.rassegnastampa-totustuus.it\/cattolica\/wp-content\/uploads\/2009\/05\/centrale-nucleare.jpg","contentUrl":"https:\/\/www.rassegnastampa-totustuus.it\/cattolica\/wp-content\/uploads\/2009\/05\/centrale-nucleare.jpg","width":259,"height":194},{"@type":"BreadcrumbList","@id":"https:\/\/www.rassegnastampa-totustuus.it\/cattolica\/tutte-le-bugie-sul-nucleare\/#breadcrumb","itemListElement":[{"@type":"ListItem","position":1,"name":"Home","item":"https:\/\/www.rassegnastampa-totustuus.it\/cattolica\/"},{"@type":"ListItem","position":2,"name":"Tutte le bugie sul nucleare"}]},{"@type":"WebSite","@id":"https:\/\/www.rassegnastampa-totustuus.it\/cattolica\/#website","url":"https:\/\/www.rassegnastampa-totustuus.it\/cattolica\/","name":"Rassegna Stampa Cattolica","description":"Per una cultura che nasce dalla Rivelazione cristiana in conformit\u00e0 alla tradizione e al Magistero della Chiesa in opposizione ad ogni relativismo e totalitarismo","publisher":{"@id":"https:\/\/www.rassegnastampa-totustuus.it\/cattolica\/#organization"},"alternateName":"Rass. Cattolica","potentialAction":[{"@type":"SearchAction","target":{"@type":"EntryPoint","urlTemplate":"https:\/\/www.rassegnastampa-totustuus.it\/cattolica\/?s={search_term_string}"},"query-input":{"@type":"PropertyValueSpecification","valueRequired":true,"valueName":"search_term_string"}}],"inLanguage":"it-IT"},{"@type":"Organization","@id":"https:\/\/www.rassegnastampa-totustuus.it\/cattolica\/#organization","name":"Rassegna Stampa Cattolica","url":"https:\/\/www.rassegnastampa-totustuus.it\/cattolica\/","logo":{"@type":"ImageObject","inLanguage":"it-IT","@id":"https:\/\/www.rassegnastampa-totustuus.it\/cattolica\/#\/schema\/logo\/image\/","url":"https:\/\/www.rassegnastampa-totustuus.it\/cattolica\/wp-content\/uploads\/2014\/04\/logo-rassegna1.gif","contentUrl":"https:\/\/www.rassegnastampa-totustuus.it\/cattolica\/wp-content\/uploads\/2014\/04\/logo-rassegna1.gif","width":600,"height":163,"caption":"Rassegna Stampa Cattolica"},"image":{"@id":"https:\/\/www.rassegnastampa-totustuus.it\/cattolica\/#\/schema\/logo\/image\/"},"sameAs":["https:\/\/www.facebook.com\/rassegnastampacattolica","https:\/\/x.com\/rassegnastampa9"]},{"@type":"Person","@id":"https:\/\/www.rassegnastampa-totustuus.it\/cattolica\/#\/schema\/person\/08f319d2bd1a0904ad9e2bfb7b15e5c3","name":"Redazione","image":{"@type":"ImageObject","inLanguage":"it-IT","@id":"https:\/\/secure.gravatar.com\/avatar\/2fcdf27c78ea025fbdb44e914cc63c72249ffec9dc8aafd5c82b26240ef3f346?s=96&d=mm&r=g","url":"https:\/\/secure.gravatar.com\/avatar\/2fcdf27c78ea025fbdb44e914cc63c72249ffec9dc8aafd5c82b26240ef3f346?s=96&d=mm&r=g","contentUrl":"https:\/\/secure.gravatar.com\/avatar\/2fcdf27c78ea025fbdb44e914cc63c72249ffec9dc8aafd5c82b26240ef3f346?s=96&d=mm&r=g","caption":"Redazione"},"url":"https:\/\/www.rassegnastampa-totustuus.it\/cattolica\/author\/pietroelle\/"}]}},"_links":{"self":[{"href":"https:\/\/www.rassegnastampa-totustuus.it\/cattolica\/wp-json\/wp\/v2\/posts\/3294","targetHints":{"allow":["GET"]}}],"collection":[{"href":"https:\/\/www.rassegnastampa-totustuus.it\/cattolica\/wp-json\/wp\/v2\/posts"}],"about":[{"href":"https:\/\/www.rassegnastampa-totustuus.it\/cattolica\/wp-json\/wp\/v2\/types\/post"}],"author":[{"embeddable":true,"href":"https:\/\/www.rassegnastampa-totustuus.it\/cattolica\/wp-json\/wp\/v2\/users\/6"}],"replies":[{"embeddable":true,"href":"https:\/\/www.rassegnastampa-totustuus.it\/cattolica\/wp-json\/wp\/v2\/comments?post=3294"}],"version-history":[{"count":3,"href":"https:\/\/www.rassegnastampa-totustuus.it\/cattolica\/wp-json\/wp\/v2\/posts\/3294\/revisions"}],"predecessor-version":[{"id":19645,"href":"https:\/\/www.rassegnastampa-totustuus.it\/cattolica\/wp-json\/wp\/v2\/posts\/3294\/revisions\/19645"}],"wp:featuredmedia":[{"embeddable":true,"href":"https:\/\/www.rassegnastampa-totustuus.it\/cattolica\/wp-json\/wp\/v2\/media\/19644"}],"wp:attachment":[{"href":"https:\/\/www.rassegnastampa-totustuus.it\/cattolica\/wp-json\/wp\/v2\/media?parent=3294"}],"wp:term":[{"taxonomy":"category","embeddable":true,"href":"https:\/\/www.rassegnastampa-totustuus.it\/cattolica\/wp-json\/wp\/v2\/categories?post=3294"},{"taxonomy":"post_tag","embeddable":true,"href":"https:\/\/www.rassegnastampa-totustuus.it\/cattolica\/wp-json\/wp\/v2\/tags?post=3294"}],"curies":[{"name":"wp","href":"https:\/\/api.w.org\/{rel}","templated":true}]}}