{"id":3292,"date":"2009-05-07T00:00:00","date_gmt":"2009-05-06T22:00:00","guid":{"rendered":""},"modified":"2015-12-03T12:47:16","modified_gmt":"2015-12-03T11:47:16","slug":"gli-apologeti","status":"publish","type":"post","link":"https:\/\/www.rassegnastampa-totustuus.it\/cattolica\/gli-apologeti\/","title":{"rendered":"Gli apologeti"},"content":{"rendered":"<div style=\"text-align: center;\"><a href=\"http:\/\/www.humanevents.com\/article.php?id=31532\" target=\"_blank\"><strong><a href=\"https:\/\/www.rassegnastampa-totustuus.it\/cattolica\/wp-content\/uploads\/2009\/05\/Usa-fuera.jpg\"><img loading=\"lazy\" decoding=\"async\" class=\"alignleft wp-image-28573\" src=\"https:\/\/www.rassegnastampa-totustuus.it\/cattolica\/wp-content\/uploads\/2009\/05\/Usa-fuera.jpg\" alt=\"Usa fuera\" width=\"237\" height=\"149\" \/><\/a>Human Events<\/strong><\/a>\u00a0 21 aprile 2009<\/div>\n<p style=\"text-align: justify;\"><em>Il presidente Obama in occasione del suo\u00a0discorso di insediamento\u00a0ha gi\u00e0 dimostrato di conoscere poco la storia del suo Paese. Adesso si sta apprestando a ripercorrere gli errori dei suoi predecessori democratici. Che quando hanno voluto mostrarsi troppo concilianti con certi avversari hanno posto le basi per nuove guerre che poi \u00e8 toccato ai loro successori repubblicani combattere.<br \/>\n<\/em><\/p>\n<p style=\"text-align: center;\">di <strong>Patrick J. Buchanan <\/strong><br \/>\n<em>(traduzione di<\/em> Maurizio Brunetti)<\/p>\n<p><!--more--><\/p>\n<div style=\"text-align: justify;\">Per 50 minuti, Obama \u00e8 stato seduto e in silenzio ad ascoltare l\u00b4arringa di un thug marxista dal Nicaragua che accusava gli Stati Uniti di aggressione terroristica secolare nei confronti dell\u00b4America Centrale.<\/div>\n<p style=\"text-align: justify;\">Daniel Ortega aveva appena terminato di sputarci in faccia, accusandoci di disumanit\u00e0 nei confronti della Cuba di Fidel Castro, che a Obama viene richiesto di esprimere un\u00b4opinione su ci\u00f2 che aveva sentito. &#8220;Credo che sia durato 50 minuti. Ecco quello che penso&#8221;. Pure a Hillary Clinton \u00e8 stato chiesto un parere: &#8220;Si \u00e8 trattato di una performance culturale affascinante&#8221; ha risposto cinguettando. Incalzata di nuovo su quanto detto da un Ortega al vetriolo, Hillary ha aggiunto: &#8220;Assistere a questi spettacoli caraibici di prima qualit\u00e0 e come tutto \u00e8 stato organizzato in cos\u00ec poco spazio. Tutto ci\u00f2 mi ha semplicemente sopraffatto&#8221;.<\/p>\n<p style=\"text-align: justify;\">Sicch\u00e9, la nazione che ha vinto la Guerra Fredda, che ha contenuto il cancro del castrismo entro i confini di Cuba, che ha liberato Grenada, che ha bloccato la scalata al potere dei comunisti in Guatemala e nella Repubblica Dominicana e che si \u00e8 indebitato spendendo miliardi di aiuti in questa parte del mondo, non ha trovato un leader che prendesse le sue difese al Summit delle Americhe.<\/p>\n<p style=\"text-align: justify;\">N\u00e9 quello \u00e8 stato l\u00b4unico insulto lasciato impunito. Hugo Chavez, che ha chiamato Obama &#8220;ignorante&#8221; e Bush &#8220;El Diablo&#8221;, ha raggiunto un presidente degli Stati Uniti comodamente seduto e gli ha consegnato il pamphlet anti-americano &#8220;Le ferite aperte dell\u00b4America Latina: un continente vittima di cinque secoli di razzie&#8221;.<\/p>\n<p style=\"text-align: justify;\">Il libro incolpa gli europei dei fallimenti dell\u00b4America latina. Inizi\u00e0 cos\u00ec: &#8220;Gli europei del Rinascimento solcarono gli oceani e affondarono i loro denti nelle gole delle civilt\u00e0 indigene&#8221; Civilt\u00e0? Prima che Pizarro e Cortes riuscissero ad abbatterli, l\u00b4impero Inca e quello azteco praticavano sacrifici umani.<\/p>\n<p style=\"text-align: justify;\">Evo Morales, il presidente amerindo della Bolivia, che sta usando l\u00b4argomento razziale contro i boliviani di discendenza europea, ha lasciato intendere che gli Stati Uniti fossero coinvolti in un complotto per assassinarlo.<\/p>\n<p style=\"text-align: justify;\">La rappresentante argentina Cristina Kirchner, che a quanto si dice ha ricevuto denaro sporco da Chavez, e che negli anni \u00b480 in fuga dal suo paese trov\u00f2 rifugio proprio negli Stati Uniti, ha ricordato che, ai tempi di Reagan, l\u00b4America sostenne la Gran Bretagna nella guerra delle Falklands, quando il governo militare argentino decise di occupare quelle isole, e aiut\u00f2 i Contras nella loro guerra di liberazione nazionale contro i sandinisti di Ortega al potere.<\/p>\n<p style=\"text-align: justify;\">Anche in questo caso, Obama ha deciso che non era il caso di difendere le scelte del suo paese.<\/p>\n<p style=\"text-align: justify;\">Il presidente brasiliano Lula da Silva, che ha attribuito la responsabilit\u00e0 della crisi finanziaria mondiale ai &#8220;banchieri di razza bianca e dagli occhi azzurri&#8221; ha detto a Obama che ogni futuro Summit delle Americhe sarebbe stato inaccettabile senza la partecipazione dei fratelli Castro.<\/p>\n<p style=\"text-align: justify;\">Obama punta probabilmente a una strategia diplomatica del &#8220;porgi l\u00b4altra guancia&#8221;, sebbene sia assai difficile trovare nella storia esempi in cui una tale politica abbia avuto molto successo. Forse il pacifismo \u00e8 nel suo DNA. Magari \u00e8 effettivamente convinto che gli USA siano colpevoli di tutte le accuse contenute nel repertorio di ogni demagogo sudamericano che si rispetti.<\/p>\n<p style=\"text-align: justify;\">Qualunque siano le sue convinzioni, a Trinidad la storia non pu\u00f2 essere raccontata diversamente: da una parte c\u00b4era il pattume costituito dalla sinistra sudamericana, dall\u00b4altra un presidente degli Stati Uniti che singhiozzava mestameste: &#8220;Sono grato che il presidente Ortega non mi accusi di cose che sono successe quando io avevo solo tre anni&#8221;.<\/p>\n<p style=\"text-align: justify;\">Ma non \u00e8 forse vero che se l\u00b4operazione della Baia dei Porci avesse avuto successo, avrebbe regalato ai cubani cinquanta anni di libert\u00e0 al posto di una dittatura brutale che costoro sono tuttora costretti a subire? La cosa ebbe luogo giusto quattro mesi prima che Barack nascesse.<\/p>\n<p style=\"text-align: justify;\">Il silenzio di Obama &#8211; che significa, come \u00e8 vero, assenso &#8211; di fronte agli attacchi contro il suo paese \u00e8 parte del &#8220;viaggio di contrizione&#8221; che sta compiendo col suo segretario di stato.<\/p>\n<p style=\"text-align: justify;\">&#8220;La Clinton guadagna punti nell\u00b4ammettere gli errori del passato compiuti dagli USA&#8221; \u00e8 stato il titolo del pezzo scritto da Mark Landler sul New York Times: &#8220;\u00c8 diventato un episodio ricorrente dei primi viaggi di Hillary Rodham Clinton come capo diplomatico degli USA: lei dice che la politica americana su un qualche particolare aspetto \u00e8 stata un fallimento, e gli interlocutori stranieri le si inchinano davanti con gratitudine&#8221;.<\/p>\n<p style=\"text-align: justify;\">&#8220;Venerd\u00ec scorso, la signora Clinton ha detto che la politica scevra da compromessi dell\u00b4amministrazione Bush nei confronti di Cuba &#8230;non ha funzionato&#8221;.<\/p>\n<p style=\"text-align: justify;\">&#8220;Il viaggio di contrizione supera i confini dell\u00b4America latina. In Cina, la signora Clinton ha detto che gli Stati Uniti devono ammettere le proprie responsabilit\u00e0 per essere i principali produttori dei gas che causano l\u00b4effetto serra. In Indonesia, che la politica di sanzioni economiche contro Myanmar ispirata dagli Stati Uniti non ha prodotto alcun effetto. E nel Medio Oriente, ha affermato che ostracizzare il governo iraniano non \u00e8 servito a farlo desistere dall\u00b4impossessarsi di armi nucleari&#8221;.<\/p>\n<p style=\"text-align: justify;\">Sandler ha scritto che Hillary gli fa tornare in mente Bill Clinton: &#8220;In un singolo viaggio compiuto in Africa nel 1998 &#8230; Bill Clinton chiese scusa per la parte che ebbe l\u00b4America nella pratica dello schiavismo; per il supporto dato a brutali dittatori africani; per `la scarsa attenzione e l\u00b4ignoranza\u00b4 americana nei confronti dell\u00b4Africa; per il tardivo intervento americano ai tempi del genocidio compiuto in Rwanda nel 1994; per la `complicit\u00e0\u00b4 americana nel reato di apartheid&#8230;&#8221;<\/p>\n<p style=\"text-align: justify;\">Eppure, come ci ricorda C.S. Lewis in &#8220;God in the Dock&#8221;, &#8220;Ci\u00f2 che per prima cosa e fatalmente ci attrae nel ricorso a una sorta di `pentimento nazionale\u00b4 \u00e8&#8230;che ci incoraggia a soprassedere all\u00b4ingrato compito di pentirci dei peccati personali e ad adottare quello pi\u00f9 congeniale di deplorare e prima di tutto di denunciare &#8211; la condotta degli altri&#8221;.<\/p>\n<p style=\"text-align: justify;\">Deplorare le politiche di Bush come fallimentari o rimanere muto dinanzi agli attacchi rivolti al nostro paese e ai suoi predecessori finir\u00e0 per ritorcersi contro Obama.<\/p>\n<p style=\"text-align: justify;\">Come quando Jimmy Carter assunse un atteggiamento di superiorit\u00e0 morale nei confronti di Lyndon B. Johnson e di Richard Nixon dichiarando &#8220;Ci siamo finalmente liberati della paura irrazionale nei confronti del comunismo&#8221;.<\/p>\n<p style=\"text-align: justify;\">La cosa si ritorse contro di lui, come \u00e8 giusto e duramente.<\/p>\n","protected":false},"excerpt":{"rendered":"<p>Human Events\u00a0 21 aprile 2009 Il presidente Obama in occasione del suo\u00a0discorso di insediamento\u00a0ha gi\u00e0 dimostrato di conoscere poco la storia del suo Paese. Adesso si sta apprestando a ripercorrere gli errori dei suoi predecessori democratici. Che quando hanno voluto mostrarsi troppo concilianti con certi avversari hanno posto le basi per nuove guerre che poi &hellip; <\/p>\n<p><a class=\"more-link btn\" href=\"https:\/\/www.rassegnastampa-totustuus.it\/cattolica\/gli-apologeti\/\">Continua a leggere<\/a><\/p>\n","protected":false},"author":6,"featured_media":28573,"comment_status":"closed","ping_status":"open","sticky":false,"template":"","format":"standard","meta":{"footnotes":""},"categories":[108,76],"tags":[1582],"class_list":["post-3292","post","type-post","status-publish","format-standard","has-post-thumbnail","hentry","category-paesi-e-continenti","category-stati-uniti","tag-barak-obama","item-wrap"],"yoast_head":"<!-- This site is optimized with the Yoast SEO plugin v27.5 - https:\/\/yoast.com\/product\/yoast-seo-wordpress\/ -->\n<title>Gli apologeti - Rassegna Stampa Cattolica<\/title>\n<meta name=\"description\" content=\"Rassegna Stampa Cattolica - Per una cultura che nasce dalla Rivelazione cristiana in conformit\u00e0 alla tradizione e al Magistero della Chiesa in opposizione ad ogni relativismo e totalitarismo\" \/>\n<meta name=\"robots\" content=\"index, follow, max-snippet:-1, max-image-preview:large, max-video-preview:-1\" \/>\n<link rel=\"canonical\" href=\"https:\/\/www.rassegnastampa-totustuus.it\/cattolica\/gli-apologeti\/\" \/>\n<meta property=\"og:locale\" content=\"it_IT\" \/>\n<meta property=\"og:type\" content=\"article\" \/>\n<meta property=\"og:title\" content=\"Gli apologeti - Rassegna Stampa Cattolica\" \/>\n<meta property=\"og:description\" content=\"Rassegna Stampa Cattolica - Per una cultura che nasce dalla Rivelazione cristiana in conformit\u00e0 alla tradizione e al Magistero della Chiesa in opposizione ad ogni relativismo e totalitarismo\" \/>\n<meta property=\"og:url\" content=\"https:\/\/www.rassegnastampa-totustuus.it\/cattolica\/gli-apologeti\/\" \/>\n<meta property=\"og:site_name\" content=\"Rassegna Stampa Cattolica\" \/>\n<meta property=\"article:publisher\" content=\"https:\/\/www.facebook.com\/rassegnastampacattolica\" \/>\n<meta property=\"article:published_time\" content=\"2009-05-06T22:00:00+00:00\" \/>\n<meta property=\"article:modified_time\" content=\"2015-12-03T11:47:16+00:00\" \/>\n<meta property=\"og:image\" content=\"https:\/\/www.rassegnastampa-totustuus.it\/cattolica\/wp-content\/uploads\/2009\/05\/Usa-fuera.jpg\" \/>\n\t<meta property=\"og:image:width\" content=\"284\" \/>\n\t<meta property=\"og:image:height\" content=\"178\" \/>\n\t<meta property=\"og:image:type\" content=\"image\/jpeg\" \/>\n<meta name=\"author\" content=\"Redazione\" \/>\n<meta name=\"twitter:card\" content=\"summary_large_image\" \/>\n<meta name=\"twitter:creator\" content=\"@rassegnastampa9\" \/>\n<meta name=\"twitter:site\" content=\"@rassegnastampa9\" \/>\n<meta name=\"twitter:label1\" content=\"Scritto da\" \/>\n\t<meta name=\"twitter:data1\" content=\"Redazione\" \/>\n\t<meta name=\"twitter:label2\" content=\"Tempo di lettura stimato\" \/>\n\t<meta name=\"twitter:data2\" content=\"5 minuti\" \/>\n<script type=\"application\/ld+json\" class=\"yoast-schema-graph\">{\"@context\":\"https:\\\/\\\/schema.org\",\"@graph\":[{\"@type\":\"Article\",\"@id\":\"https:\\\/\\\/www.rassegnastampa-totustuus.it\\\/cattolica\\\/gli-apologeti\\\/#article\",\"isPartOf\":{\"@id\":\"https:\\\/\\\/www.rassegnastampa-totustuus.it\\\/cattolica\\\/gli-apologeti\\\/\"},\"author\":{\"name\":\"Redazione\",\"@id\":\"https:\\\/\\\/www.rassegnastampa-totustuus.it\\\/cattolica\\\/#\\\/schema\\\/person\\\/08f319d2bd1a0904ad9e2bfb7b15e5c3\"},\"headline\":\"Gli apologeti\",\"datePublished\":\"2009-05-06T22:00:00+00:00\",\"dateModified\":\"2015-12-03T11:47:16+00:00\",\"mainEntityOfPage\":{\"@id\":\"https:\\\/\\\/www.rassegnastampa-totustuus.it\\\/cattolica\\\/gli-apologeti\\\/\"},\"wordCount\":1097,\"publisher\":{\"@id\":\"https:\\\/\\\/www.rassegnastampa-totustuus.it\\\/cattolica\\\/#organization\"},\"image\":{\"@id\":\"https:\\\/\\\/www.rassegnastampa-totustuus.it\\\/cattolica\\\/gli-apologeti\\\/#primaryimage\"},\"thumbnailUrl\":\"https:\\\/\\\/www.rassegnastampa-totustuus.it\\\/cattolica\\\/wp-content\\\/uploads\\\/2009\\\/05\\\/Usa-fuera.jpg\",\"keywords\":[\"Barak Obama\"],\"articleSection\":[\"Paesi e continenti\",\"Stati Uniti\"],\"inLanguage\":\"it-IT\"},{\"@type\":\"WebPage\",\"@id\":\"https:\\\/\\\/www.rassegnastampa-totustuus.it\\\/cattolica\\\/gli-apologeti\\\/\",\"url\":\"https:\\\/\\\/www.rassegnastampa-totustuus.it\\\/cattolica\\\/gli-apologeti\\\/\",\"name\":\"Gli apologeti - Rassegna Stampa Cattolica\",\"isPartOf\":{\"@id\":\"https:\\\/\\\/www.rassegnastampa-totustuus.it\\\/cattolica\\\/#website\"},\"primaryImageOfPage\":{\"@id\":\"https:\\\/\\\/www.rassegnastampa-totustuus.it\\\/cattolica\\\/gli-apologeti\\\/#primaryimage\"},\"image\":{\"@id\":\"https:\\\/\\\/www.rassegnastampa-totustuus.it\\\/cattolica\\\/gli-apologeti\\\/#primaryimage\"},\"thumbnailUrl\":\"https:\\\/\\\/www.rassegnastampa-totustuus.it\\\/cattolica\\\/wp-content\\\/uploads\\\/2009\\\/05\\\/Usa-fuera.jpg\",\"datePublished\":\"2009-05-06T22:00:00+00:00\",\"dateModified\":\"2015-12-03T11:47:16+00:00\",\"description\":\"Rassegna Stampa Cattolica - Per una cultura che nasce dalla Rivelazione cristiana in conformit\u00e0 alla tradizione e al Magistero della Chiesa in opposizione ad ogni relativismo e totalitarismo\",\"breadcrumb\":{\"@id\":\"https:\\\/\\\/www.rassegnastampa-totustuus.it\\\/cattolica\\\/gli-apologeti\\\/#breadcrumb\"},\"inLanguage\":\"it-IT\",\"potentialAction\":[{\"@type\":\"ReadAction\",\"target\":[\"https:\\\/\\\/www.rassegnastampa-totustuus.it\\\/cattolica\\\/gli-apologeti\\\/\"]}]},{\"@type\":\"ImageObject\",\"inLanguage\":\"it-IT\",\"@id\":\"https:\\\/\\\/www.rassegnastampa-totustuus.it\\\/cattolica\\\/gli-apologeti\\\/#primaryimage\",\"url\":\"https:\\\/\\\/www.rassegnastampa-totustuus.it\\\/cattolica\\\/wp-content\\\/uploads\\\/2009\\\/05\\\/Usa-fuera.jpg\",\"contentUrl\":\"https:\\\/\\\/www.rassegnastampa-totustuus.it\\\/cattolica\\\/wp-content\\\/uploads\\\/2009\\\/05\\\/Usa-fuera.jpg\",\"width\":284,\"height\":178},{\"@type\":\"BreadcrumbList\",\"@id\":\"https:\\\/\\\/www.rassegnastampa-totustuus.it\\\/cattolica\\\/gli-apologeti\\\/#breadcrumb\",\"itemListElement\":[{\"@type\":\"ListItem\",\"position\":1,\"name\":\"Home\",\"item\":\"https:\\\/\\\/www.rassegnastampa-totustuus.it\\\/cattolica\\\/\"},{\"@type\":\"ListItem\",\"position\":2,\"name\":\"Gli apologeti\"}]},{\"@type\":\"WebSite\",\"@id\":\"https:\\\/\\\/www.rassegnastampa-totustuus.it\\\/cattolica\\\/#website\",\"url\":\"https:\\\/\\\/www.rassegnastampa-totustuus.it\\\/cattolica\\\/\",\"name\":\"Rassegna Stampa Cattolica\",\"description\":\"Per una cultura che nasce dalla Rivelazione cristiana in conformit\u00e0 alla tradizione e al Magistero della Chiesa in opposizione ad ogni relativismo e totalitarismo\",\"publisher\":{\"@id\":\"https:\\\/\\\/www.rassegnastampa-totustuus.it\\\/cattolica\\\/#organization\"},\"alternateName\":\"Rass. Cattolica\",\"potentialAction\":[{\"@type\":\"SearchAction\",\"target\":{\"@type\":\"EntryPoint\",\"urlTemplate\":\"https:\\\/\\\/www.rassegnastampa-totustuus.it\\\/cattolica\\\/?s={search_term_string}\"},\"query-input\":{\"@type\":\"PropertyValueSpecification\",\"valueRequired\":true,\"valueName\":\"search_term_string\"}}],\"inLanguage\":\"it-IT\"},{\"@type\":\"Organization\",\"@id\":\"https:\\\/\\\/www.rassegnastampa-totustuus.it\\\/cattolica\\\/#organization\",\"name\":\"Rassegna Stampa Cattolica\",\"url\":\"https:\\\/\\\/www.rassegnastampa-totustuus.it\\\/cattolica\\\/\",\"logo\":{\"@type\":\"ImageObject\",\"inLanguage\":\"it-IT\",\"@id\":\"https:\\\/\\\/www.rassegnastampa-totustuus.it\\\/cattolica\\\/#\\\/schema\\\/logo\\\/image\\\/\",\"url\":\"https:\\\/\\\/www.rassegnastampa-totustuus.it\\\/cattolica\\\/wp-content\\\/uploads\\\/2014\\\/04\\\/logo-rassegna1.gif\",\"contentUrl\":\"https:\\\/\\\/www.rassegnastampa-totustuus.it\\\/cattolica\\\/wp-content\\\/uploads\\\/2014\\\/04\\\/logo-rassegna1.gif\",\"width\":600,\"height\":163,\"caption\":\"Rassegna Stampa Cattolica\"},\"image\":{\"@id\":\"https:\\\/\\\/www.rassegnastampa-totustuus.it\\\/cattolica\\\/#\\\/schema\\\/logo\\\/image\\\/\"},\"sameAs\":[\"https:\\\/\\\/www.facebook.com\\\/rassegnastampacattolica\",\"https:\\\/\\\/x.com\\\/rassegnastampa9\"]},{\"@type\":\"Person\",\"@id\":\"https:\\\/\\\/www.rassegnastampa-totustuus.it\\\/cattolica\\\/#\\\/schema\\\/person\\\/08f319d2bd1a0904ad9e2bfb7b15e5c3\",\"name\":\"Redazione\",\"image\":{\"@type\":\"ImageObject\",\"inLanguage\":\"it-IT\",\"@id\":\"https:\\\/\\\/secure.gravatar.com\\\/avatar\\\/2fcdf27c78ea025fbdb44e914cc63c72249ffec9dc8aafd5c82b26240ef3f346?s=96&d=mm&r=g\",\"url\":\"https:\\\/\\\/secure.gravatar.com\\\/avatar\\\/2fcdf27c78ea025fbdb44e914cc63c72249ffec9dc8aafd5c82b26240ef3f346?s=96&d=mm&r=g\",\"contentUrl\":\"https:\\\/\\\/secure.gravatar.com\\\/avatar\\\/2fcdf27c78ea025fbdb44e914cc63c72249ffec9dc8aafd5c82b26240ef3f346?s=96&d=mm&r=g\",\"caption\":\"Redazione\"},\"url\":\"https:\\\/\\\/www.rassegnastampa-totustuus.it\\\/cattolica\\\/author\\\/pietroelle\\\/\"}]}<\/script>\n<!-- \/ Yoast SEO plugin. -->","yoast_head_json":{"title":"Gli apologeti - Rassegna Stampa Cattolica","description":"Rassegna Stampa Cattolica - Per una cultura che nasce dalla Rivelazione cristiana in conformit\u00e0 alla tradizione e al Magistero della Chiesa in opposizione ad ogni relativismo e totalitarismo","robots":{"index":"index","follow":"follow","max-snippet":"max-snippet:-1","max-image-preview":"max-image-preview:large","max-video-preview":"max-video-preview:-1"},"canonical":"https:\/\/www.rassegnastampa-totustuus.it\/cattolica\/gli-apologeti\/","og_locale":"it_IT","og_type":"article","og_title":"Gli apologeti - Rassegna Stampa Cattolica","og_description":"Rassegna Stampa Cattolica - Per una cultura che nasce dalla Rivelazione cristiana in conformit\u00e0 alla tradizione e al Magistero della Chiesa in opposizione ad ogni relativismo e totalitarismo","og_url":"https:\/\/www.rassegnastampa-totustuus.it\/cattolica\/gli-apologeti\/","og_site_name":"Rassegna Stampa Cattolica","article_publisher":"https:\/\/www.facebook.com\/rassegnastampacattolica","article_published_time":"2009-05-06T22:00:00+00:00","article_modified_time":"2015-12-03T11:47:16+00:00","og_image":[{"width":284,"height":178,"url":"https:\/\/www.rassegnastampa-totustuus.it\/cattolica\/wp-content\/uploads\/2009\/05\/Usa-fuera.jpg","type":"image\/jpeg"}],"author":"Redazione","twitter_card":"summary_large_image","twitter_creator":"@rassegnastampa9","twitter_site":"@rassegnastampa9","twitter_misc":{"Scritto da":"Redazione","Tempo di lettura stimato":"5 minuti"},"schema":{"@context":"https:\/\/schema.org","@graph":[{"@type":"Article","@id":"https:\/\/www.rassegnastampa-totustuus.it\/cattolica\/gli-apologeti\/#article","isPartOf":{"@id":"https:\/\/www.rassegnastampa-totustuus.it\/cattolica\/gli-apologeti\/"},"author":{"name":"Redazione","@id":"https:\/\/www.rassegnastampa-totustuus.it\/cattolica\/#\/schema\/person\/08f319d2bd1a0904ad9e2bfb7b15e5c3"},"headline":"Gli apologeti","datePublished":"2009-05-06T22:00:00+00:00","dateModified":"2015-12-03T11:47:16+00:00","mainEntityOfPage":{"@id":"https:\/\/www.rassegnastampa-totustuus.it\/cattolica\/gli-apologeti\/"},"wordCount":1097,"publisher":{"@id":"https:\/\/www.rassegnastampa-totustuus.it\/cattolica\/#organization"},"image":{"@id":"https:\/\/www.rassegnastampa-totustuus.it\/cattolica\/gli-apologeti\/#primaryimage"},"thumbnailUrl":"https:\/\/www.rassegnastampa-totustuus.it\/cattolica\/wp-content\/uploads\/2009\/05\/Usa-fuera.jpg","keywords":["Barak Obama"],"articleSection":["Paesi e continenti","Stati Uniti"],"inLanguage":"it-IT"},{"@type":"WebPage","@id":"https:\/\/www.rassegnastampa-totustuus.it\/cattolica\/gli-apologeti\/","url":"https:\/\/www.rassegnastampa-totustuus.it\/cattolica\/gli-apologeti\/","name":"Gli apologeti - Rassegna Stampa Cattolica","isPartOf":{"@id":"https:\/\/www.rassegnastampa-totustuus.it\/cattolica\/#website"},"primaryImageOfPage":{"@id":"https:\/\/www.rassegnastampa-totustuus.it\/cattolica\/gli-apologeti\/#primaryimage"},"image":{"@id":"https:\/\/www.rassegnastampa-totustuus.it\/cattolica\/gli-apologeti\/#primaryimage"},"thumbnailUrl":"https:\/\/www.rassegnastampa-totustuus.it\/cattolica\/wp-content\/uploads\/2009\/05\/Usa-fuera.jpg","datePublished":"2009-05-06T22:00:00+00:00","dateModified":"2015-12-03T11:47:16+00:00","description":"Rassegna Stampa Cattolica - Per una cultura che nasce dalla Rivelazione cristiana in conformit\u00e0 alla tradizione e al Magistero della Chiesa in opposizione ad ogni relativismo e totalitarismo","breadcrumb":{"@id":"https:\/\/www.rassegnastampa-totustuus.it\/cattolica\/gli-apologeti\/#breadcrumb"},"inLanguage":"it-IT","potentialAction":[{"@type":"ReadAction","target":["https:\/\/www.rassegnastampa-totustuus.it\/cattolica\/gli-apologeti\/"]}]},{"@type":"ImageObject","inLanguage":"it-IT","@id":"https:\/\/www.rassegnastampa-totustuus.it\/cattolica\/gli-apologeti\/#primaryimage","url":"https:\/\/www.rassegnastampa-totustuus.it\/cattolica\/wp-content\/uploads\/2009\/05\/Usa-fuera.jpg","contentUrl":"https:\/\/www.rassegnastampa-totustuus.it\/cattolica\/wp-content\/uploads\/2009\/05\/Usa-fuera.jpg","width":284,"height":178},{"@type":"BreadcrumbList","@id":"https:\/\/www.rassegnastampa-totustuus.it\/cattolica\/gli-apologeti\/#breadcrumb","itemListElement":[{"@type":"ListItem","position":1,"name":"Home","item":"https:\/\/www.rassegnastampa-totustuus.it\/cattolica\/"},{"@type":"ListItem","position":2,"name":"Gli apologeti"}]},{"@type":"WebSite","@id":"https:\/\/www.rassegnastampa-totustuus.it\/cattolica\/#website","url":"https:\/\/www.rassegnastampa-totustuus.it\/cattolica\/","name":"Rassegna Stampa Cattolica","description":"Per una cultura che nasce dalla Rivelazione cristiana in conformit\u00e0 alla tradizione e al Magistero della Chiesa in opposizione ad ogni relativismo e totalitarismo","publisher":{"@id":"https:\/\/www.rassegnastampa-totustuus.it\/cattolica\/#organization"},"alternateName":"Rass. Cattolica","potentialAction":[{"@type":"SearchAction","target":{"@type":"EntryPoint","urlTemplate":"https:\/\/www.rassegnastampa-totustuus.it\/cattolica\/?s={search_term_string}"},"query-input":{"@type":"PropertyValueSpecification","valueRequired":true,"valueName":"search_term_string"}}],"inLanguage":"it-IT"},{"@type":"Organization","@id":"https:\/\/www.rassegnastampa-totustuus.it\/cattolica\/#organization","name":"Rassegna Stampa Cattolica","url":"https:\/\/www.rassegnastampa-totustuus.it\/cattolica\/","logo":{"@type":"ImageObject","inLanguage":"it-IT","@id":"https:\/\/www.rassegnastampa-totustuus.it\/cattolica\/#\/schema\/logo\/image\/","url":"https:\/\/www.rassegnastampa-totustuus.it\/cattolica\/wp-content\/uploads\/2014\/04\/logo-rassegna1.gif","contentUrl":"https:\/\/www.rassegnastampa-totustuus.it\/cattolica\/wp-content\/uploads\/2014\/04\/logo-rassegna1.gif","width":600,"height":163,"caption":"Rassegna Stampa Cattolica"},"image":{"@id":"https:\/\/www.rassegnastampa-totustuus.it\/cattolica\/#\/schema\/logo\/image\/"},"sameAs":["https:\/\/www.facebook.com\/rassegnastampacattolica","https:\/\/x.com\/rassegnastampa9"]},{"@type":"Person","@id":"https:\/\/www.rassegnastampa-totustuus.it\/cattolica\/#\/schema\/person\/08f319d2bd1a0904ad9e2bfb7b15e5c3","name":"Redazione","image":{"@type":"ImageObject","inLanguage":"it-IT","@id":"https:\/\/secure.gravatar.com\/avatar\/2fcdf27c78ea025fbdb44e914cc63c72249ffec9dc8aafd5c82b26240ef3f346?s=96&d=mm&r=g","url":"https:\/\/secure.gravatar.com\/avatar\/2fcdf27c78ea025fbdb44e914cc63c72249ffec9dc8aafd5c82b26240ef3f346?s=96&d=mm&r=g","contentUrl":"https:\/\/secure.gravatar.com\/avatar\/2fcdf27c78ea025fbdb44e914cc63c72249ffec9dc8aafd5c82b26240ef3f346?s=96&d=mm&r=g","caption":"Redazione"},"url":"https:\/\/www.rassegnastampa-totustuus.it\/cattolica\/author\/pietroelle\/"}]}},"_links":{"self":[{"href":"https:\/\/www.rassegnastampa-totustuus.it\/cattolica\/wp-json\/wp\/v2\/posts\/3292","targetHints":{"allow":["GET"]}}],"collection":[{"href":"https:\/\/www.rassegnastampa-totustuus.it\/cattolica\/wp-json\/wp\/v2\/posts"}],"about":[{"href":"https:\/\/www.rassegnastampa-totustuus.it\/cattolica\/wp-json\/wp\/v2\/types\/post"}],"author":[{"embeddable":true,"href":"https:\/\/www.rassegnastampa-totustuus.it\/cattolica\/wp-json\/wp\/v2\/users\/6"}],"replies":[{"embeddable":true,"href":"https:\/\/www.rassegnastampa-totustuus.it\/cattolica\/wp-json\/wp\/v2\/comments?post=3292"}],"version-history":[{"count":4,"href":"https:\/\/www.rassegnastampa-totustuus.it\/cattolica\/wp-json\/wp\/v2\/posts\/3292\/revisions"}],"predecessor-version":[{"id":28574,"href":"https:\/\/www.rassegnastampa-totustuus.it\/cattolica\/wp-json\/wp\/v2\/posts\/3292\/revisions\/28574"}],"wp:featuredmedia":[{"embeddable":true,"href":"https:\/\/www.rassegnastampa-totustuus.it\/cattolica\/wp-json\/wp\/v2\/media\/28573"}],"wp:attachment":[{"href":"https:\/\/www.rassegnastampa-totustuus.it\/cattolica\/wp-json\/wp\/v2\/media?parent=3292"}],"wp:term":[{"taxonomy":"category","embeddable":true,"href":"https:\/\/www.rassegnastampa-totustuus.it\/cattolica\/wp-json\/wp\/v2\/categories?post=3292"},{"taxonomy":"post_tag","embeddable":true,"href":"https:\/\/www.rassegnastampa-totustuus.it\/cattolica\/wp-json\/wp\/v2\/tags?post=3292"}],"curies":[{"name":"wp","href":"https:\/\/api.w.org\/{rel}","templated":true}]}}