{"id":3283,"date":"2009-05-06T14:48:58","date_gmt":"2009-05-06T12:48:58","guid":{"rendered":""},"modified":"2020-09-06T12:57:49","modified_gmt":"2020-09-06T10:57:49","slug":"modernismo-s-fu-uneresia-e-il-suo-erede-il-progressismo","status":"publish","type":"post","link":"https:\/\/www.rassegnastampa-totustuus.it\/cattolica\/modernismo-s-fu-uneresia-e-il-suo-erede-il-progressismo\/","title":{"rendered":"\u201cModernismo\u201d S&igrave;, fu un\u2019eresia e il suo erede \u00e8 il progressismo"},"content":{"rendered":"<div style=\"text-align: center;\"><strong><a href=\"https:\/\/www.rassegnastampa-totustuus.it\/cattolica\/wp-content\/uploads\/2009\/05\/Famiglia_Cristiana_cover.jpg\"><img loading=\"lazy\" decoding=\"async\" class=\"alignright wp-image-29579\" src=\"https:\/\/www.rassegnastampa-totustuus.it\/cattolica\/wp-content\/uploads\/2009\/05\/Famiglia_Cristiana_cover.jpg\" alt=\"Famiglia_Cristiana_cover\" width=\"146\" height=\"200\" \/><\/a>Il Giornale<\/strong>, 9 gennaio 2008<\/div>\n<p style=\"text-align: justify;\"><em>Mise la coscienza al centro di tutto. \u00a0E fece della fede non pi\u00f9 l\u2019assenso dell\u2019intelletto alla verit\u00e0 rivelata da Dio ma un cieco sentimento religioso<\/em><\/p>\n<p style=\"text-align: center;\">di <strong>Rino Cammilleri<\/strong><\/p>\n<p><!--more--><\/p>\n<p style=\"text-align: justify;\">\u00c8 praticamente passato sotto silenzio, lo scorso settembre, il centenario dell\u2019enciclica <em>Pascendi<\/em> con cui il papa s. Pio X condannava il modernismo definendolo \u00absintesi di tutte le eresie\u00bb. Eppure, rileggendola oggi nelle edizioni Cantagalli (pagg. 134, euro 13,50), ci sarebbe ogni motivo per un ampio dibattito, dal momento che il modernismo, scomunicato cent\u2019anni fa, ha conquistato gran parte del clero (e dei vescovi) con il nuovo nome di progressismo.<\/p>\n<p style=\"text-align: justify;\"><a href=\"https:\/\/www.rassegnastampa-totustuus.it\/cattolica\/wp-content\/uploads\/2020\/09\/chiesa_progressisti.jpg\"><img loading=\"lazy\" decoding=\"async\" class=\"size-full wp-image-48224 alignleft\" src=\"https:\/\/www.rassegnastampa-totustuus.it\/cattolica\/wp-content\/uploads\/2020\/09\/chiesa_progressisti.jpg\" alt=\"\" width=\"295\" height=\"171\" \/><\/a>In appendice al testo dell\u2019enciclica sono riportati il decreto <em>Lamentabili <\/em>(che condannava 65 proposizioni moderniste) e il \u00abgiuramento antimodernista\u00bb che quel papa impose nei seminari. Il vescovo di San Marino, Luigi Negri, nella prefazione cos\u00ec si esprime: \u00abSono rimasto quasi sgomento; le proposizioni fondamentali, tutte chiaramente in contrasto con la dottrina cattolica, hanno costituito in questi ultimi vent\u2019anni il contenuto anche esplicito di tante pubblicazioni teologiche ed esegetiche e hanno sicuramente influenzato l\u2019insegnamento in facolt\u00e0 teologiche e in seminari\u00bb.<\/p>\n<p style=\"text-align: justify;\">La <em>Pascendi <\/em>venne addirittura elogiata, \u00abper la sua potenza filosofica e la sua coerenza\u00bb (come ricorda lo storico Roberto De Mattei nell\u2019introduzione), dai due massimi esponenti del pensiero laico del tempo, Benedetto Croce e Giovanni Gentile. Era, infatti, un \u00abaffare interno\u00bb della Chiesa, che cos\u00ec isolava i suoi nemici pi\u00f9 pericolosi e subdoli, il cui obiettivo era trasformare il cattolicesimo \u00abda dentro\u00bb lasciandone intatto l\u2019involucro strutturale.<\/p>\n<p style=\"text-align: justify;\"><a href=\"https:\/\/www.rassegnastampa-totustuus.it\/cattolica\/wp-content\/uploads\/2009\/03\/Pascendi-dominaci-gregis.jpg\"><img loading=\"lazy\" decoding=\"async\" class=\"size-full wp-image-34218 alignright\" src=\"https:\/\/www.rassegnastampa-totustuus.it\/cattolica\/wp-content\/uploads\/2009\/03\/Pascendi-dominaci-gregis.jpg\" alt=\"\" width=\"259\" height=\"194\" \/><\/a>Cos\u00ec, infatti, si esprimeva uno dei loro esponenti di spicco, il sacerdote Ernesto Buonaiuti, riferendosi alla Chiesa nella sua opera Il modernismo cattolico: \u00abDiventer\u00e0 un protestantesimo; ma un protestantesimo ortodosso, graduale, e non uno violento, aggressivo, rivoluzionario, insubordinato; un protestantesimo che non distrugger\u00e0 la continuit\u00e0 apostolica del ministero ecclesiastico n\u00e9 l\u2019essenza stessa del culto\u00bb.<\/p>\n<p style=\"text-align: justify;\">Un altro famoso modernista, il romanziere Antonio Fogazzaro, quando vide una sua opera messa all\u2019Indice fece atto (esteriore) di pentimento ma si gioc\u00f2 il Nobel, che gli antipapisti del comitato assegnarono all\u2019anticlericale Carducci.<\/p>\n<p style=\"text-align: justify;\">Non era facile, in effetti, cogliere esattamente l\u2019eresia modernista, dal momento che essa non si opponeva a questa o a quella delle verit\u00e0 rivelate. Ma papa Sarto ne individu\u00f2 il punto centrale nel mutamento della nozione stessa di \u00abverit\u00e0\u00bb, che per il modernismo era in evoluzione; cos\u00ec anche i dogmi.<\/p>\n<p style=\"text-align: justify;\"><a href=\"https:\/\/www.rassegnastampa-totustuus.it\/cattolica\/wp-content\/uploads\/2009\/05\/progressismo_Tonino_Bello.jpg\"><img loading=\"lazy\" decoding=\"async\" class=\" wp-image-48320 alignleft\" src=\"https:\/\/www.rassegnastampa-totustuus.it\/cattolica\/wp-content\/uploads\/2009\/05\/progressismo_Tonino_Bello.jpg\" alt=\"\" width=\"167\" height=\"210\" \/><\/a>In tal modo la coscienza diventava il centro di tutto, la regola universale, l\u2019autorit\u00e0 suprema. Perci\u00f2, la fede non era pi\u00f9 assenso dell\u2019intelletto alla verit\u00e0 rivelata da Dio, bens\u00ec una specie di cieco sentimento religioso.<\/p>\n<p style=\"text-align: justify;\">Ma non fu facile la lotta al modernismo, proprio per l\u2019evanescenza del suo insegnamento: ci vollero dieci lunghi anni prima che Buonaiuti venisse sospeso a divinis. Negli anni Quaranta il modernismo riemerse con la cosiddetta <em>Nouvelle th\u00e9ologie<\/em>, che ebbe tra i suoi ispiratori Maurice Blondel e fu condannata da Pio XII con l\u2019enciclica <em>Humani generis<\/em> del 1950. Tra i suoi eredi successivi, il panteismo cosmico-mistico del gesuita-archeologo Pierre Teilhard de Chardin e la svolta razionalista del teologo, celebre negli anni Sessanta, Karl Rahner.<\/p>\n<p style=\"text-align: justify;\">La trasformazione del vecchio modernismo nel progressismo odierno si ebbe al tempo del concilio Vaticano II; soprattutto dopo, quando il cosiddetto \u00abspirito del concilio\u00bb convert\u00ec molto clero a quell\u2019\u00abermeneutica della rottura\u00bb che l\u2019attuale pontefice non si stanca di condannare: il Vaticano II &#8211; dice in sostanza Benedetto XVI &#8211; va letto in continuit\u00e0 con tutta la tradizione precedente, e non costituisce affatto una \u00abrottura\u00bb con il cattolicesimo definito sprezzantemente \u00abpacelliano\u00bb o \u00abpreconciliare\u00bb.<\/p>\n<p style=\"text-align: justify;\"><a href=\"https:\/\/www.rassegnastampa-totustuus.it\/cattolica\/wp-content\/uploads\/2019\/08\/modernismo.jpg\"><img loading=\"lazy\" decoding=\"async\" class=\" wp-image-44189 alignright\" src=\"https:\/\/www.rassegnastampa-totustuus.it\/cattolica\/wp-content\/uploads\/2019\/08\/modernismo-277x300.jpg\" alt=\"\" width=\"176\" height=\"190\" srcset=\"https:\/\/www.rassegnastampa-totustuus.it\/cattolica\/wp-content\/uploads\/2019\/08\/modernismo-277x300.jpg 277w, https:\/\/www.rassegnastampa-totustuus.it\/cattolica\/wp-content\/uploads\/2019\/08\/modernismo-768x832.jpg 768w, https:\/\/www.rassegnastampa-totustuus.it\/cattolica\/wp-content\/uploads\/2019\/08\/modernismo-945x1024.jpg 945w, https:\/\/www.rassegnastampa-totustuus.it\/cattolica\/wp-content\/uploads\/2019\/08\/modernismo.jpg 1200w\" sizes=\"auto, (max-width: 176px) 100vw, 176px\" \/><\/a>Infine, una vera e propria leggenda nera \u00e8 stata artatamente creata attorno al prete Umberto Benigni, che affianc\u00f2 s. Pio X nella lotta al modernismo con il Sodalitium Pianum (Sodalizio San Pio V, creato nel 1909 e sciolto nel 1921) e l\u2019agenzia di informazioni Corrispondenza romana.<\/p>\n<p style=\"text-align: justify;\">Come nota De Mattei, certa storiografia contemporanea \u00abha ripreso le accuse di \u201cdelazione\u201d e \u201cspionaggio\u201d gi\u00e0 lanciate dai modernisti contro il prelato romano\u00bb. Il che costituisce un\u2019ulteriore conferma dell\u2019odierna egemonia culturale del progressismo.<\/p>\n<p style=\"text-align: justify;\">Ma si dovrebbe, del pari, ricordare il clima del tempo, e soprattutto quello che lo storico Lorenzo Bedeschi definiva il \u00abmultiforme e fervido lavorio segreto\u00bb dei modernisti, che costituivano \u00abun reticolo inafferrabile e variegato\u00bb diffuso nelle principali citt\u00e0 italiane.<\/p>\n<p style=\"text-align: justify;\">La lotta antimodernista di s. Pio X ebbe anche l\u2019appoggio di un santo come don Orione, che aveva compreso come il modernismo, sganciando l\u2019uomo da ogni realt\u00e0 oggettiva posta al di fuori di s\u00e9 e della propria coscienza, preparasse il terreno al nichilismo.<\/p>\n<p style=\"text-align: justify;\">(A.C. Valdera)<\/p>\n<p style=\"text-align: justify;\">_______________________<\/p>\n<p style=\"text-align: justify;\"><strong>Leggi anche:<\/strong><\/p>\n<p style=\"text-align: justify;\"><a href=\"https:\/\/www.rassegnastampa-totustuus.it\/cattolica\/?p=3368\" target=\"_blank\" rel=\"noopener noreferrer\">Karl Rahner maestro del Concilio, di artini e della coscienza relativa<\/a><\/p>\n<p style=\"text-align: justify;\"><a href=\"https:\/\/www.rassegnastampa-totustuus.it\/cattolica\/?p=3340\" target=\"_blank\" rel=\"noopener noreferrer\">Un&#8217;analisi critica su Karl Rahner<\/a><\/p>\n<p style=\"text-align: justify;\"><a href=\"https:\/\/www.rassegnastampa-totustuus.it\/cattolica\/?p=3430\" target=\"_blank\" rel=\"noopener noreferrer\">Karl Rahner, un cristianesimo senza radici<\/a><\/p>\n","protected":false},"excerpt":{"rendered":"<p>Il Giornale, 9 gennaio 2008 Mise la coscienza al centro di tutto. \u00a0E fece della fede non pi\u00f9 l\u2019assenso dell\u2019intelletto alla verit\u00e0 rivelata da Dio ma un cieco sentimento religioso di Rino Cammilleri<\/p><p><a class=\"more-link btn\" href=\"https:\/\/www.rassegnastampa-totustuus.it\/cattolica\/modernismo-s-fu-uneresia-e-il-suo-erede-il-progressismo\/\">Continua a leggere<\/a><\/p>\n","protected":false},"author":6,"featured_media":29579,"comment_status":"closed","ping_status":"open","sticky":false,"template":"","format":"standard","meta":{"footnotes":""},"categories":[5,29],"tags":[427,1592,540],"class_list":["post-3283","post","type-post","status-publish","format-standard","has-post-thumbnail","hentry","category-chiesa","category-eresie-cristiane","tag-modernismo","tag-pascendi","tag-pio-x","item-wrap"],"yoast_head":"<!-- This site is optimized with the Yoast SEO plugin v27.5 - https:\/\/yoast.com\/product\/yoast-seo-wordpress\/ -->\n<title>\u201cModernismo\u201d S&igrave;, fu un\u2019eresia e il suo erede \u00e8 il progressismo - Rassegna Stampa Cattolica<\/title>\n<meta name=\"description\" content=\"Rassegna Stampa Cattolica - Per una cultura che nasce dalla Rivelazione cristiana in conformit\u00e0 alla tradizione e al Magistero della Chiesa in opposizione ad ogni relativismo e totalitarismo\" \/>\n<meta name=\"robots\" content=\"index, follow, max-snippet:-1, max-image-preview:large, max-video-preview:-1\" \/>\n<link rel=\"canonical\" href=\"https:\/\/www.rassegnastampa-totustuus.it\/cattolica\/modernismo-s-fu-uneresia-e-il-suo-erede-il-progressismo\/\" \/>\n<meta property=\"og:locale\" content=\"it_IT\" \/>\n<meta property=\"og:type\" content=\"article\" \/>\n<meta property=\"og:title\" content=\"\u201cModernismo\u201d S&igrave;, fu un\u2019eresia e il suo erede \u00e8 il progressismo - Rassegna Stampa Cattolica\" \/>\n<meta property=\"og:description\" content=\"Rassegna Stampa Cattolica - Per una cultura che nasce dalla Rivelazione cristiana in conformit\u00e0 alla tradizione e al Magistero della Chiesa in opposizione ad ogni relativismo e totalitarismo\" \/>\n<meta property=\"og:url\" content=\"https:\/\/www.rassegnastampa-totustuus.it\/cattolica\/modernismo-s-fu-uneresia-e-il-suo-erede-il-progressismo\/\" \/>\n<meta property=\"og:site_name\" content=\"Rassegna Stampa Cattolica\" \/>\n<meta property=\"article:publisher\" content=\"https:\/\/www.facebook.com\/rassegnastampacattolica\" \/>\n<meta property=\"article:published_time\" content=\"2009-05-06T12:48:58+00:00\" \/>\n<meta property=\"article:modified_time\" content=\"2020-09-06T10:57:49+00:00\" \/>\n<meta property=\"og:image\" content=\"https:\/\/www.rassegnastampa-totustuus.it\/cattolica\/wp-content\/uploads\/2009\/05\/Famiglia_Cristiana_cover.jpg\" \/>\n\t<meta property=\"og:image:width\" content=\"192\" \/>\n\t<meta property=\"og:image:height\" content=\"263\" \/>\n\t<meta property=\"og:image:type\" content=\"image\/jpeg\" \/>\n<meta name=\"author\" content=\"Redazione\" \/>\n<meta name=\"twitter:card\" content=\"summary_large_image\" \/>\n<meta name=\"twitter:creator\" content=\"@rassegnastampa9\" \/>\n<meta name=\"twitter:site\" content=\"@rassegnastampa9\" \/>\n<meta name=\"twitter:label1\" content=\"Scritto da\" \/>\n\t<meta name=\"twitter:data1\" content=\"Redazione\" \/>\n\t<meta name=\"twitter:label2\" content=\"Tempo di lettura stimato\" \/>\n\t<meta name=\"twitter:data2\" content=\"4 minuti\" \/>\n<script type=\"application\/ld+json\" class=\"yoast-schema-graph\">{\"@context\":\"https:\\\/\\\/schema.org\",\"@graph\":[{\"@type\":\"Article\",\"@id\":\"https:\\\/\\\/www.rassegnastampa-totustuus.it\\\/cattolica\\\/modernismo-s-fu-uneresia-e-il-suo-erede-il-progressismo\\\/#article\",\"isPartOf\":{\"@id\":\"https:\\\/\\\/www.rassegnastampa-totustuus.it\\\/cattolica\\\/modernismo-s-fu-uneresia-e-il-suo-erede-il-progressismo\\\/\"},\"author\":{\"name\":\"Redazione\",\"@id\":\"https:\\\/\\\/www.rassegnastampa-totustuus.it\\\/cattolica\\\/#\\\/schema\\\/person\\\/08f319d2bd1a0904ad9e2bfb7b15e5c3\"},\"headline\":\"\u201cModernismo\u201d S&igrave;, fu un\u2019eresia e il suo erede \u00e8 il progressismo\",\"datePublished\":\"2009-05-06T12:48:58+00:00\",\"dateModified\":\"2020-09-06T10:57:49+00:00\",\"mainEntityOfPage\":{\"@id\":\"https:\\\/\\\/www.rassegnastampa-totustuus.it\\\/cattolica\\\/modernismo-s-fu-uneresia-e-il-suo-erede-il-progressismo\\\/\"},\"wordCount\":790,\"publisher\":{\"@id\":\"https:\\\/\\\/www.rassegnastampa-totustuus.it\\\/cattolica\\\/#organization\"},\"image\":{\"@id\":\"https:\\\/\\\/www.rassegnastampa-totustuus.it\\\/cattolica\\\/modernismo-s-fu-uneresia-e-il-suo-erede-il-progressismo\\\/#primaryimage\"},\"thumbnailUrl\":\"https:\\\/\\\/www.rassegnastampa-totustuus.it\\\/cattolica\\\/wp-content\\\/uploads\\\/2009\\\/05\\\/Famiglia_Cristiana_cover.jpg\",\"keywords\":[\"modernismo\",\"Pascendi\",\"Pio X\"],\"articleSection\":[\"Chiesa\",\"Eresie cristiane\"],\"inLanguage\":\"it-IT\"},{\"@type\":\"WebPage\",\"@id\":\"https:\\\/\\\/www.rassegnastampa-totustuus.it\\\/cattolica\\\/modernismo-s-fu-uneresia-e-il-suo-erede-il-progressismo\\\/\",\"url\":\"https:\\\/\\\/www.rassegnastampa-totustuus.it\\\/cattolica\\\/modernismo-s-fu-uneresia-e-il-suo-erede-il-progressismo\\\/\",\"name\":\"\u201cModernismo\u201d S&igrave;, fu un\u2019eresia e il suo erede \u00e8 il progressismo - Rassegna Stampa Cattolica\",\"isPartOf\":{\"@id\":\"https:\\\/\\\/www.rassegnastampa-totustuus.it\\\/cattolica\\\/#website\"},\"primaryImageOfPage\":{\"@id\":\"https:\\\/\\\/www.rassegnastampa-totustuus.it\\\/cattolica\\\/modernismo-s-fu-uneresia-e-il-suo-erede-il-progressismo\\\/#primaryimage\"},\"image\":{\"@id\":\"https:\\\/\\\/www.rassegnastampa-totustuus.it\\\/cattolica\\\/modernismo-s-fu-uneresia-e-il-suo-erede-il-progressismo\\\/#primaryimage\"},\"thumbnailUrl\":\"https:\\\/\\\/www.rassegnastampa-totustuus.it\\\/cattolica\\\/wp-content\\\/uploads\\\/2009\\\/05\\\/Famiglia_Cristiana_cover.jpg\",\"datePublished\":\"2009-05-06T12:48:58+00:00\",\"dateModified\":\"2020-09-06T10:57:49+00:00\",\"description\":\"Rassegna Stampa Cattolica - Per una cultura che nasce dalla Rivelazione cristiana in conformit\u00e0 alla tradizione e al Magistero della Chiesa in opposizione ad ogni relativismo e totalitarismo\",\"breadcrumb\":{\"@id\":\"https:\\\/\\\/www.rassegnastampa-totustuus.it\\\/cattolica\\\/modernismo-s-fu-uneresia-e-il-suo-erede-il-progressismo\\\/#breadcrumb\"},\"inLanguage\":\"it-IT\",\"potentialAction\":[{\"@type\":\"ReadAction\",\"target\":[\"https:\\\/\\\/www.rassegnastampa-totustuus.it\\\/cattolica\\\/modernismo-s-fu-uneresia-e-il-suo-erede-il-progressismo\\\/\"]}]},{\"@type\":\"ImageObject\",\"inLanguage\":\"it-IT\",\"@id\":\"https:\\\/\\\/www.rassegnastampa-totustuus.it\\\/cattolica\\\/modernismo-s-fu-uneresia-e-il-suo-erede-il-progressismo\\\/#primaryimage\",\"url\":\"https:\\\/\\\/www.rassegnastampa-totustuus.it\\\/cattolica\\\/wp-content\\\/uploads\\\/2009\\\/05\\\/Famiglia_Cristiana_cover.jpg\",\"contentUrl\":\"https:\\\/\\\/www.rassegnastampa-totustuus.it\\\/cattolica\\\/wp-content\\\/uploads\\\/2009\\\/05\\\/Famiglia_Cristiana_cover.jpg\",\"width\":192,\"height\":263},{\"@type\":\"BreadcrumbList\",\"@id\":\"https:\\\/\\\/www.rassegnastampa-totustuus.it\\\/cattolica\\\/modernismo-s-fu-uneresia-e-il-suo-erede-il-progressismo\\\/#breadcrumb\",\"itemListElement\":[{\"@type\":\"ListItem\",\"position\":1,\"name\":\"Home\",\"item\":\"https:\\\/\\\/www.rassegnastampa-totustuus.it\\\/cattolica\\\/\"},{\"@type\":\"ListItem\",\"position\":2,\"name\":\"\u201cModernismo\u201d S&igrave;, fu un\u2019eresia e il suo erede \u00e8 il progressismo\"}]},{\"@type\":\"WebSite\",\"@id\":\"https:\\\/\\\/www.rassegnastampa-totustuus.it\\\/cattolica\\\/#website\",\"url\":\"https:\\\/\\\/www.rassegnastampa-totustuus.it\\\/cattolica\\\/\",\"name\":\"Rassegna Stampa Cattolica\",\"description\":\"Per una cultura che nasce dalla Rivelazione cristiana in conformit\u00e0 alla tradizione e al Magistero della Chiesa in opposizione ad ogni relativismo e totalitarismo\",\"publisher\":{\"@id\":\"https:\\\/\\\/www.rassegnastampa-totustuus.it\\\/cattolica\\\/#organization\"},\"alternateName\":\"Rass. Cattolica\",\"potentialAction\":[{\"@type\":\"SearchAction\",\"target\":{\"@type\":\"EntryPoint\",\"urlTemplate\":\"https:\\\/\\\/www.rassegnastampa-totustuus.it\\\/cattolica\\\/?s={search_term_string}\"},\"query-input\":{\"@type\":\"PropertyValueSpecification\",\"valueRequired\":true,\"valueName\":\"search_term_string\"}}],\"inLanguage\":\"it-IT\"},{\"@type\":\"Organization\",\"@id\":\"https:\\\/\\\/www.rassegnastampa-totustuus.it\\\/cattolica\\\/#organization\",\"name\":\"Rassegna Stampa Cattolica\",\"url\":\"https:\\\/\\\/www.rassegnastampa-totustuus.it\\\/cattolica\\\/\",\"logo\":{\"@type\":\"ImageObject\",\"inLanguage\":\"it-IT\",\"@id\":\"https:\\\/\\\/www.rassegnastampa-totustuus.it\\\/cattolica\\\/#\\\/schema\\\/logo\\\/image\\\/\",\"url\":\"https:\\\/\\\/www.rassegnastampa-totustuus.it\\\/cattolica\\\/wp-content\\\/uploads\\\/2014\\\/04\\\/logo-rassegna1.gif\",\"contentUrl\":\"https:\\\/\\\/www.rassegnastampa-totustuus.it\\\/cattolica\\\/wp-content\\\/uploads\\\/2014\\\/04\\\/logo-rassegna1.gif\",\"width\":600,\"height\":163,\"caption\":\"Rassegna Stampa Cattolica\"},\"image\":{\"@id\":\"https:\\\/\\\/www.rassegnastampa-totustuus.it\\\/cattolica\\\/#\\\/schema\\\/logo\\\/image\\\/\"},\"sameAs\":[\"https:\\\/\\\/www.facebook.com\\\/rassegnastampacattolica\",\"https:\\\/\\\/x.com\\\/rassegnastampa9\"]},{\"@type\":\"Person\",\"@id\":\"https:\\\/\\\/www.rassegnastampa-totustuus.it\\\/cattolica\\\/#\\\/schema\\\/person\\\/08f319d2bd1a0904ad9e2bfb7b15e5c3\",\"name\":\"Redazione\",\"image\":{\"@type\":\"ImageObject\",\"inLanguage\":\"it-IT\",\"@id\":\"https:\\\/\\\/secure.gravatar.com\\\/avatar\\\/2fcdf27c78ea025fbdb44e914cc63c72249ffec9dc8aafd5c82b26240ef3f346?s=96&d=mm&r=g\",\"url\":\"https:\\\/\\\/secure.gravatar.com\\\/avatar\\\/2fcdf27c78ea025fbdb44e914cc63c72249ffec9dc8aafd5c82b26240ef3f346?s=96&d=mm&r=g\",\"contentUrl\":\"https:\\\/\\\/secure.gravatar.com\\\/avatar\\\/2fcdf27c78ea025fbdb44e914cc63c72249ffec9dc8aafd5c82b26240ef3f346?s=96&d=mm&r=g\",\"caption\":\"Redazione\"},\"url\":\"https:\\\/\\\/www.rassegnastampa-totustuus.it\\\/cattolica\\\/author\\\/pietroelle\\\/\"}]}<\/script>\n<!-- \/ Yoast SEO plugin. -->","yoast_head_json":{"title":"\u201cModernismo\u201d S&igrave;, fu un\u2019eresia e il suo erede \u00e8 il progressismo - Rassegna Stampa Cattolica","description":"Rassegna Stampa Cattolica - Per una cultura che nasce dalla Rivelazione cristiana in conformit\u00e0 alla tradizione e al Magistero della Chiesa in opposizione ad ogni relativismo e totalitarismo","robots":{"index":"index","follow":"follow","max-snippet":"max-snippet:-1","max-image-preview":"max-image-preview:large","max-video-preview":"max-video-preview:-1"},"canonical":"https:\/\/www.rassegnastampa-totustuus.it\/cattolica\/modernismo-s-fu-uneresia-e-il-suo-erede-il-progressismo\/","og_locale":"it_IT","og_type":"article","og_title":"\u201cModernismo\u201d S&igrave;, fu un\u2019eresia e il suo erede \u00e8 il progressismo - Rassegna Stampa Cattolica","og_description":"Rassegna Stampa Cattolica - Per una cultura che nasce dalla Rivelazione cristiana in conformit\u00e0 alla tradizione e al Magistero della Chiesa in opposizione ad ogni relativismo e totalitarismo","og_url":"https:\/\/www.rassegnastampa-totustuus.it\/cattolica\/modernismo-s-fu-uneresia-e-il-suo-erede-il-progressismo\/","og_site_name":"Rassegna Stampa Cattolica","article_publisher":"https:\/\/www.facebook.com\/rassegnastampacattolica","article_published_time":"2009-05-06T12:48:58+00:00","article_modified_time":"2020-09-06T10:57:49+00:00","og_image":[{"width":192,"height":263,"url":"https:\/\/www.rassegnastampa-totustuus.it\/cattolica\/wp-content\/uploads\/2009\/05\/Famiglia_Cristiana_cover.jpg","type":"image\/jpeg"}],"author":"Redazione","twitter_card":"summary_large_image","twitter_creator":"@rassegnastampa9","twitter_site":"@rassegnastampa9","twitter_misc":{"Scritto da":"Redazione","Tempo di lettura stimato":"4 minuti"},"schema":{"@context":"https:\/\/schema.org","@graph":[{"@type":"Article","@id":"https:\/\/www.rassegnastampa-totustuus.it\/cattolica\/modernismo-s-fu-uneresia-e-il-suo-erede-il-progressismo\/#article","isPartOf":{"@id":"https:\/\/www.rassegnastampa-totustuus.it\/cattolica\/modernismo-s-fu-uneresia-e-il-suo-erede-il-progressismo\/"},"author":{"name":"Redazione","@id":"https:\/\/www.rassegnastampa-totustuus.it\/cattolica\/#\/schema\/person\/08f319d2bd1a0904ad9e2bfb7b15e5c3"},"headline":"\u201cModernismo\u201d S&igrave;, fu un\u2019eresia e il suo erede \u00e8 il progressismo","datePublished":"2009-05-06T12:48:58+00:00","dateModified":"2020-09-06T10:57:49+00:00","mainEntityOfPage":{"@id":"https:\/\/www.rassegnastampa-totustuus.it\/cattolica\/modernismo-s-fu-uneresia-e-il-suo-erede-il-progressismo\/"},"wordCount":790,"publisher":{"@id":"https:\/\/www.rassegnastampa-totustuus.it\/cattolica\/#organization"},"image":{"@id":"https:\/\/www.rassegnastampa-totustuus.it\/cattolica\/modernismo-s-fu-uneresia-e-il-suo-erede-il-progressismo\/#primaryimage"},"thumbnailUrl":"https:\/\/www.rassegnastampa-totustuus.it\/cattolica\/wp-content\/uploads\/2009\/05\/Famiglia_Cristiana_cover.jpg","keywords":["modernismo","Pascendi","Pio X"],"articleSection":["Chiesa","Eresie cristiane"],"inLanguage":"it-IT"},{"@type":"WebPage","@id":"https:\/\/www.rassegnastampa-totustuus.it\/cattolica\/modernismo-s-fu-uneresia-e-il-suo-erede-il-progressismo\/","url":"https:\/\/www.rassegnastampa-totustuus.it\/cattolica\/modernismo-s-fu-uneresia-e-il-suo-erede-il-progressismo\/","name":"\u201cModernismo\u201d S&igrave;, fu un\u2019eresia e il suo erede \u00e8 il progressismo - Rassegna Stampa Cattolica","isPartOf":{"@id":"https:\/\/www.rassegnastampa-totustuus.it\/cattolica\/#website"},"primaryImageOfPage":{"@id":"https:\/\/www.rassegnastampa-totustuus.it\/cattolica\/modernismo-s-fu-uneresia-e-il-suo-erede-il-progressismo\/#primaryimage"},"image":{"@id":"https:\/\/www.rassegnastampa-totustuus.it\/cattolica\/modernismo-s-fu-uneresia-e-il-suo-erede-il-progressismo\/#primaryimage"},"thumbnailUrl":"https:\/\/www.rassegnastampa-totustuus.it\/cattolica\/wp-content\/uploads\/2009\/05\/Famiglia_Cristiana_cover.jpg","datePublished":"2009-05-06T12:48:58+00:00","dateModified":"2020-09-06T10:57:49+00:00","description":"Rassegna Stampa Cattolica - Per una cultura che nasce dalla Rivelazione cristiana in conformit\u00e0 alla tradizione e al Magistero della Chiesa in opposizione ad ogni relativismo e totalitarismo","breadcrumb":{"@id":"https:\/\/www.rassegnastampa-totustuus.it\/cattolica\/modernismo-s-fu-uneresia-e-il-suo-erede-il-progressismo\/#breadcrumb"},"inLanguage":"it-IT","potentialAction":[{"@type":"ReadAction","target":["https:\/\/www.rassegnastampa-totustuus.it\/cattolica\/modernismo-s-fu-uneresia-e-il-suo-erede-il-progressismo\/"]}]},{"@type":"ImageObject","inLanguage":"it-IT","@id":"https:\/\/www.rassegnastampa-totustuus.it\/cattolica\/modernismo-s-fu-uneresia-e-il-suo-erede-il-progressismo\/#primaryimage","url":"https:\/\/www.rassegnastampa-totustuus.it\/cattolica\/wp-content\/uploads\/2009\/05\/Famiglia_Cristiana_cover.jpg","contentUrl":"https:\/\/www.rassegnastampa-totustuus.it\/cattolica\/wp-content\/uploads\/2009\/05\/Famiglia_Cristiana_cover.jpg","width":192,"height":263},{"@type":"BreadcrumbList","@id":"https:\/\/www.rassegnastampa-totustuus.it\/cattolica\/modernismo-s-fu-uneresia-e-il-suo-erede-il-progressismo\/#breadcrumb","itemListElement":[{"@type":"ListItem","position":1,"name":"Home","item":"https:\/\/www.rassegnastampa-totustuus.it\/cattolica\/"},{"@type":"ListItem","position":2,"name":"\u201cModernismo\u201d S&igrave;, fu un\u2019eresia e il suo erede \u00e8 il progressismo"}]},{"@type":"WebSite","@id":"https:\/\/www.rassegnastampa-totustuus.it\/cattolica\/#website","url":"https:\/\/www.rassegnastampa-totustuus.it\/cattolica\/","name":"Rassegna Stampa Cattolica","description":"Per una cultura che nasce dalla Rivelazione cristiana in conformit\u00e0 alla tradizione e al Magistero della Chiesa in opposizione ad ogni relativismo e totalitarismo","publisher":{"@id":"https:\/\/www.rassegnastampa-totustuus.it\/cattolica\/#organization"},"alternateName":"Rass. Cattolica","potentialAction":[{"@type":"SearchAction","target":{"@type":"EntryPoint","urlTemplate":"https:\/\/www.rassegnastampa-totustuus.it\/cattolica\/?s={search_term_string}"},"query-input":{"@type":"PropertyValueSpecification","valueRequired":true,"valueName":"search_term_string"}}],"inLanguage":"it-IT"},{"@type":"Organization","@id":"https:\/\/www.rassegnastampa-totustuus.it\/cattolica\/#organization","name":"Rassegna Stampa Cattolica","url":"https:\/\/www.rassegnastampa-totustuus.it\/cattolica\/","logo":{"@type":"ImageObject","inLanguage":"it-IT","@id":"https:\/\/www.rassegnastampa-totustuus.it\/cattolica\/#\/schema\/logo\/image\/","url":"https:\/\/www.rassegnastampa-totustuus.it\/cattolica\/wp-content\/uploads\/2014\/04\/logo-rassegna1.gif","contentUrl":"https:\/\/www.rassegnastampa-totustuus.it\/cattolica\/wp-content\/uploads\/2014\/04\/logo-rassegna1.gif","width":600,"height":163,"caption":"Rassegna Stampa Cattolica"},"image":{"@id":"https:\/\/www.rassegnastampa-totustuus.it\/cattolica\/#\/schema\/logo\/image\/"},"sameAs":["https:\/\/www.facebook.com\/rassegnastampacattolica","https:\/\/x.com\/rassegnastampa9"]},{"@type":"Person","@id":"https:\/\/www.rassegnastampa-totustuus.it\/cattolica\/#\/schema\/person\/08f319d2bd1a0904ad9e2bfb7b15e5c3","name":"Redazione","image":{"@type":"ImageObject","inLanguage":"it-IT","@id":"https:\/\/secure.gravatar.com\/avatar\/2fcdf27c78ea025fbdb44e914cc63c72249ffec9dc8aafd5c82b26240ef3f346?s=96&d=mm&r=g","url":"https:\/\/secure.gravatar.com\/avatar\/2fcdf27c78ea025fbdb44e914cc63c72249ffec9dc8aafd5c82b26240ef3f346?s=96&d=mm&r=g","contentUrl":"https:\/\/secure.gravatar.com\/avatar\/2fcdf27c78ea025fbdb44e914cc63c72249ffec9dc8aafd5c82b26240ef3f346?s=96&d=mm&r=g","caption":"Redazione"},"url":"https:\/\/www.rassegnastampa-totustuus.it\/cattolica\/author\/pietroelle\/"}]}},"_links":{"self":[{"href":"https:\/\/www.rassegnastampa-totustuus.it\/cattolica\/wp-json\/wp\/v2\/posts\/3283","targetHints":{"allow":["GET"]}}],"collection":[{"href":"https:\/\/www.rassegnastampa-totustuus.it\/cattolica\/wp-json\/wp\/v2\/posts"}],"about":[{"href":"https:\/\/www.rassegnastampa-totustuus.it\/cattolica\/wp-json\/wp\/v2\/types\/post"}],"author":[{"embeddable":true,"href":"https:\/\/www.rassegnastampa-totustuus.it\/cattolica\/wp-json\/wp\/v2\/users\/6"}],"replies":[{"embeddable":true,"href":"https:\/\/www.rassegnastampa-totustuus.it\/cattolica\/wp-json\/wp\/v2\/comments?post=3283"}],"version-history":[{"count":4,"href":"https:\/\/www.rassegnastampa-totustuus.it\/cattolica\/wp-json\/wp\/v2\/posts\/3283\/revisions"}],"predecessor-version":[{"id":48322,"href":"https:\/\/www.rassegnastampa-totustuus.it\/cattolica\/wp-json\/wp\/v2\/posts\/3283\/revisions\/48322"}],"wp:featuredmedia":[{"embeddable":true,"href":"https:\/\/www.rassegnastampa-totustuus.it\/cattolica\/wp-json\/wp\/v2\/media\/29579"}],"wp:attachment":[{"href":"https:\/\/www.rassegnastampa-totustuus.it\/cattolica\/wp-json\/wp\/v2\/media?parent=3283"}],"wp:term":[{"taxonomy":"category","embeddable":true,"href":"https:\/\/www.rassegnastampa-totustuus.it\/cattolica\/wp-json\/wp\/v2\/categories?post=3283"},{"taxonomy":"post_tag","embeddable":true,"href":"https:\/\/www.rassegnastampa-totustuus.it\/cattolica\/wp-json\/wp\/v2\/tags?post=3283"}],"curies":[{"name":"wp","href":"https:\/\/api.w.org\/{rel}","templated":true}]}}