{"id":328,"date":"2005-01-21T13:44:40","date_gmt":"2005-01-21T12:44:40","guid":{"rendered":""},"modified":"2025-07-07T12:24:46","modified_gmt":"2025-07-07T10:24:46","slug":"il-doppio-martirio-di-oscar-arnulfo-romero","status":"publish","type":"post","link":"https:\/\/www.rassegnastampa-totustuus.it\/cattolica\/il-doppio-martirio-di-oscar-arnulfo-romero\/","title":{"rendered":"Il doppio martirio di Oscar Arnulfo Romero"},"content":{"rendered":"\n<p class=\"has-text-align-center\">pubblicato su sul Newsgroup <strong>it.politica.cattolici<\/strong><\/p>\n\n\n\n<p><em>Oscar Arnulfo Romero \u00e8 stato un vescovo fedele al magistero della Chiesa e alla sua dottrina sociale. Egli ha sub\u00ecto un doppio martirio perch\u00e9 non solo \u00e8 stato ucciso ma \u00e8 stato anche strumentalizzato da quelle ideologie social-comuniste che ha sempre combattuto<\/em><\/p>\n\n\n\n<p class=\"has-text-align-center\">di <strong>Bruto Maria Bruti<\/strong><\/p>\n\n\n<div class=\"wp-block-image\">\n<figure class=\"aligncenter size-full is-resized\"><a href=\"https:\/\/www.rassegnastampa-totustuus.it\/cattolica\/wp-content\/uploads\/2005\/01\/Romero.jpg\"><img loading=\"lazy\" decoding=\"async\" width=\"259\" height=\"194\" src=\"https:\/\/www.rassegnastampa-totustuus.it\/cattolica\/wp-content\/uploads\/2005\/01\/Romero.jpg\" alt=\"\" class=\"wp-image-35675\" style=\"width:323px;height:auto\"\/><\/a><\/figure><\/div>\n\n\n<!--more-->\n\n\n\n<p>Oscar Arnulfo Romero \u00e8 stato un vescovo fedele al magistero della Chiesa e alla sua dottrina sociale. Egli ha sub\u00ecto un doppio martirio perch\u00e9 non solo \u00e8 stato ucciso ma \u00e8 stato anche strumentalizzato da quelle ideologie social-comuniste che ha sempre combattuto perch\u00e9 propongono, come insegna la Chiesa, un rimedio peggiore del male che pretendono di combattere (1): per questo Giovanni Paolo II ha affermato: \u00abRomero \u00e8 nostro\u00bb.<\/p>\n\n\n\n<p>Nel 1973 egli scriveva in merito alle teologie della liberazione: \u00abdi fronte a queste liberazioni dalla dottrina ambigua, la vera teologia della liberazione non \u00e8 altro che l&#8217;eterna dottrina della salvezza di Cristo\u00bb. In un altro scritto egli ribadiva la sua chiara professione di fede: \u00abda parte nostra abbiamo preferito restare ancorati alle cose sicure, attaccati con timore e tremore alla roccia di San Pietro, riparandoci all&#8217;ombra del magistero ecclesiastico, ponendo l&#8217;orecchio vicino alle labbra del Papa, invece di vagare qua e l\u00e0 come acrobati audaci e temerari nel campo delle speculazioni, opera di pensatori azzardati e di movimenti sociali di dubbia ispirazione\u00bb (2).<\/p>\n\n\n\n<p>Romero diventa vescovo il 22 febbraio 1977; il 12 marzo 1977 viene assassinato padre Rutilio Grande che non era un teologo ma un pastore che aveva scelto di operare accanto ai poveri. Successivamente si venne a sapere che nell&#8217;uccisione di Padre Grande erano implicati i corpi di sicurezza governativi. Romero assume un atteggiamento di grande intransigenza nei confronti del governo del presidente Molina (3).<\/p>\n\n\n\n<p>La sua fermezza contro la corruzione ed i soprusi del governo e la sua opzione preferenziale per i poveri ed i diseredati fanno credere ai filo-marxisti che Romero sia scivolato verso le forme ambigue della teologia della liberazione: alcuni teologi di dubbia ispirazione parlano di questo periodo di Romero come del periodo della sua &#8220;conversione&#8221; alla teologia della liberazione (4).<\/p>\n\n\n\n<p>In realt\u00e0 Romero non sta n\u00e9 dalla parte degli ingiusti poteri economici di orientamento massonico-liberale, n\u00e9 dalla parte del comunismo: egli resta fedele alla dottrina sociale della Chiesa. Romero scrive nel suo diario: \u00ab[&#8230;] il mio appoggio all&#8217;organizzazione popolare non significa affatto una simpatia per la sinistra o, ancor meno, non vedere il pericolo dell&#8217;infiltrazione (marxista, ndr), che riconosco ben reale; ma vedo anche con chiarezza che l&#8217;anticomunismo, fra di noi, molte volte \u00e8 l&#8217;arma che usano i poteri economici e politici per continuare le loro ingiustizie sociali e politiche.\u00bb (5).<\/p>\n\n\n\n<p>Certo falso anticomunismo di stampo massonico-liberale, dietro cui si nascondono ingiusti poteri economici, \u00e8 il migliore alleato del comunismo, sia perch\u00e9 gli prepara la strada ponendo le basi per la nascita della lotta di classe, e sia perch\u00e9 spesso finisce per colludere con il comunismo stesso. Non si pu\u00f2 ignorare il fatto che la rivoluzione comunista in Russia fu finanziata dall&#8217;alta finanza di Wall Street e da essa sostenuta nei periodi ricorrenti di grave crisi economica.<\/p>\n\n\n\n<p>Negli anni passati \u00e8 rimasta emblematica la denuncia del senatore repubblicano Jesse Helms che ha documentato il fatto che il dipartimento di stato degli USA ha imposto nei paesi dell&#8217;America Centrale (El Salvador, Guatemala, Costarica, Panama) dei governi socialisti perch\u00e9 il socialismo provocava la miseria e la miseria creava un indebitamento pubblico che faceva il gioco dei banchieri di New York (6).<\/p>\n\n\n\n<p>Romero, nell&#8217;omelia del 16 aprile 1978, ribadisce la sua fedelt\u00e0 alla dottrina sociale della Chiesa: \u00ab[&#8230;] se la Chiesa ha prospettive di giustizia sociale e [&#8230;] non \u00e8 d&#8217;accordo con l&#8217;attuale &#8211; ordine &#8211; di ingiustizia imperante nel paese, questo non significa che la Chiesa si identifichi con tutti coloro che aspirano agli stessi cambiamenti\u00bb (7). Al Presidente Molina succede il generale Carlos Humberto Romero: nel paese continuano i soprusi, le violenze, la corruzione e i tumulti sociali. Il 15 ottobre 1979 alcuni giovani ufficiali realizzano un colpo di stato incruento e promettono un ritorno alla giustizia e alla partecipazione democratica alla vita dello stato.<\/p>\n\n\n\n<p>Romero, in un documento ufficiale, d\u00e0 un appoggio &#8211; condizionato &#8211; al nuovo governo: \u00ab[&#8230;] questo governo potr\u00e0 meritarsi la fiducia e la collaborazione del popolo solo quando dimostrer\u00e0 che le belle promesse contenute nel proclama, diffuso all&#8217;alba, non sono lettera morta [&#8230;]. Da parte nostra, in qualit\u00e0 di Pastori della Chiesa, siamo disposti al dialogo e alla collaborazione\u00bb (8). I sacerdoti della teologia marxista della liberazione, legati alle organizzazioni popolari, protestano contro Romero e lo accusano di tradimento. Le comunit\u00e0 di base vietano la vendita del giornale diocesano e numerosi sacerdoti e laici delle organizzazioni popolari occupano l&#8217;arcivescovado (9).<\/p>\n\n\n\n<p>Monsignor Romero scrive nel suo diario: \u00abSono arrivati [&#8230;] diversi gruppi di persone che hanno sub\u00ecto danni a causa degli atti di violenza di gruppi estremisti di sinistra. Sembra cos\u00ec che la sinistra sia diventata pi\u00f9 repressiva delle repressioni che prima denunciava. Abbiamo espresso la nostra solidariet\u00e0 con tutti questi operai e lavoratori che hanno sofferto danni gravi circa la loro situazione familiare ed economica\u00bb (10).<\/p>\n\n\n\n<p>Luned\u00ec 5 novembre 1979, Romero scrive: \u00abho ricevuto una lettera dal signor nunzio del Costarica, portata da una suora salesiana, nella quale mi comunica, in forma confidenziale, che dalla segreteria di stato del Vaticano l&#8217;hanno pregato di avvertirmi che \u00e8 arrivata l\u00e0, da fonte degna di fede, l&#8217;informazione di una minaccia contro di me da parte dell&#8217;estrema sinistra. Questa eventuale minaccia, se divenisse realt\u00e0, avrebbe lo scopo di creare problemi alla nuova giunta di governo, e aumentare la confusione nel nostro popolo\u00bb (11).<\/p>\n\n\n\n<p>Nel gennaio del 1980 il processo di rinnovamento avviato dal nuovo governo sembra bloccato, il governo entra in crisi, tutti i ministri &#8220;civili&#8221; si dimettono, nel paese si respira un clima di vera e propria guerra civile: da una parte si intensifica il desiderio di repressione da parte dei militari e dall&#8217;altra cresce il desiderio di insurrezione da parte delle organizzazioni popolari.<\/p>\n\n\n\n<p>Romero si adopera instancabilmente fra le parti per cercare una soluzione politica attraverso il dialogo ed il confronto. Sabato 23 febbraio 1980, Romero scrive: \u00ab[&#8230;] c&#8217;\u00e8 una nuova minaccia di morte. Infatti il signor nunzio del Costarica mi ha avvisato che il pericolo della minaccia contro di me c&#8217;\u00e8 di nuovo e mi ha avvertito di stare attento\u00bb (12). Il 24 marzo 1980, alle ore 18,30, monsignor Romero viene ucciso mentre celebra l&#8217;Eucarestia. Meditando sulla morte egli aveva scritto nei propri appunti spirituali una frase dell&#8217;Apocalisse: \u00abE cener\u00f2 con Lui\u00bb. Di solito egli cenava alle 18,30: la sera del 24 marzo cen\u00f2 con il Signore.<\/p>\n\n\n\n<p><strong>Note<\/strong><\/p>\n\n\n\n<p>(1) Cfr Pio XI, <em>Quadragesimo Anno<\/em> n.10.<\/p>\n\n\n\n<p>(2) Cfr Jes\u00f9s Delgado, <em>Monsenor, vita di Oscar Arnulfo Romero<\/em>, Paoline 1986, Cinisello Balsamo-Milano, pag 98- 99.<\/p>\n\n\n\n<p>(3) Cfr Jes\u00f9s Delgado, <em>ibidem<\/em>, pag 120-121.<\/p>\n\n\n\n<p>(4) Cfr Ies\u00f9s Delgado, <em>ibidem<\/em>, pag 125-136.<\/p>\n\n\n\n<p>(5) Oscar Arnulfo Romero, <em>Diario<\/em>, La Meridiana, Molfetta-Bari, 1991, presentazione di Luigi Bettazzi, in collaborazione con Pax Christi Italia, pag 531.<\/p>\n\n\n\n<p>(6) Cfr Pierre Faillant de Villemarest, <em>Le sources financieres du communisme<\/em>, ed CEI, Cierrey 1984, France; cfr M. Geller e A. Nekric, <em>Storia dell&#8217;URSS<\/em>, Rizzoli 1984, pag 244-245, 744-745; cfr Jesse Helms, <em>Quaderni di Cristianit\u00e0<\/em>, n.5, estate-inverno, Piacenza 1986, pag 51.<\/p>\n\n\n\n<p>(7) Cfr Jes\u00f9s Delgado, <em>op. cit.<\/em> , pag 137.<\/p>\n\n\n\n<p>(8) Oscar Arnulfo Romero, <em>op. cit<\/em>., pag 351.<\/p>\n\n\n\n<p>(9) Cfr Jes\u00f9s Delgado, <em>op. cit<\/em>., pag 156-161, pag 163-164.<\/p>\n\n\n\n<p>(10) Oscar Arnulfo Romero, <em>op. cit.,<\/em> pag 389.<\/p>\n\n\n\n<p>(11) Oscar Arnulfo Romero, <em>op. cit.<\/em> pag 374-375.<\/p>\n\n\n\n<p>(12) Oscar Arnulfo Romero, <em>op. cit.,<\/em> pag 509.<\/p>\n","protected":false},"excerpt":{"rendered":"<p>pubblicato su sul Newsgroup it.politica.cattolici Oscar Arnulfo Romero \u00e8 stato un vescovo fedele al magistero della Chiesa e alla sua dottrina sociale. Egli ha sub\u00ecto un doppio martirio perch\u00e9 non solo \u00e8 stato ucciso ma \u00e8 stato anche strumentalizzato da quelle ideologie social-comuniste che ha sempre combattuto di Bruto Maria Bruti<\/p><p><a class=\"more-link btn\" href=\"https:\/\/www.rassegnastampa-totustuus.it\/cattolica\/il-doppio-martirio-di-oscar-arnulfo-romero\/\">Continua a leggere<\/a><\/p>\n","protected":false},"author":6,"featured_media":35675,"comment_status":"closed","ping_status":"open","sticky":false,"template":"","format":"standard","meta":{"footnotes":""},"categories":[5],"tags":[3201,630],"class_list":["post-328","post","type-post","status-publish","format-standard","has-post-thumbnail","hentry","category-chiesa","tag-oscar-romero","tag-teologia-della-liberazione","item-wrap"],"yoast_head":"<!-- This site is optimized with the Yoast SEO plugin v27.5 - https:\/\/yoast.com\/product\/yoast-seo-wordpress\/ -->\n<title>Il doppio martirio di Oscar Arnulfo Romero - Rassegna Stampa Cattolica<\/title>\n<meta name=\"description\" content=\"Il doppio martirio di Oscar Arnulfo Romero vescovo fedele al magistero della Chiesa e alla sua dottrina sociale.\" \/>\n<meta name=\"robots\" content=\"index, follow, max-snippet:-1, max-image-preview:large, max-video-preview:-1\" \/>\n<link rel=\"canonical\" href=\"https:\/\/www.rassegnastampa-totustuus.it\/cattolica\/il-doppio-martirio-di-oscar-arnulfo-romero\/\" \/>\n<meta property=\"og:locale\" content=\"it_IT\" \/>\n<meta property=\"og:type\" content=\"article\" \/>\n<meta property=\"og:title\" content=\"Il doppio martirio di Oscar Arnulfo Romero - Rassegna Stampa Cattolica\" \/>\n<meta property=\"og:description\" content=\"Il doppio martirio di Oscar Arnulfo Romero vescovo fedele al magistero della Chiesa e alla sua dottrina sociale.\" \/>\n<meta property=\"og:url\" content=\"https:\/\/www.rassegnastampa-totustuus.it\/cattolica\/il-doppio-martirio-di-oscar-arnulfo-romero\/\" \/>\n<meta property=\"og:site_name\" content=\"Rassegna Stampa Cattolica\" \/>\n<meta property=\"article:publisher\" content=\"https:\/\/www.facebook.com\/rassegnastampacattolica\" \/>\n<meta property=\"article:published_time\" content=\"2005-01-21T12:44:40+00:00\" \/>\n<meta property=\"article:modified_time\" content=\"2025-07-07T10:24:46+00:00\" \/>\n<meta property=\"og:image\" content=\"https:\/\/www.rassegnastampa-totustuus.it\/cattolica\/wp-content\/uploads\/2005\/01\/Romero.jpg\" \/>\n\t<meta property=\"og:image:width\" content=\"259\" \/>\n\t<meta property=\"og:image:height\" content=\"194\" \/>\n\t<meta property=\"og:image:type\" content=\"image\/jpeg\" \/>\n<meta name=\"author\" content=\"Redazione\" \/>\n<meta name=\"twitter:card\" content=\"summary_large_image\" \/>\n<meta name=\"twitter:creator\" content=\"@rassegnastampa9\" \/>\n<meta name=\"twitter:site\" content=\"@rassegnastampa9\" \/>\n<meta name=\"twitter:label1\" content=\"Scritto da\" \/>\n\t<meta name=\"twitter:data1\" content=\"Redazione\" \/>\n\t<meta name=\"twitter:label2\" content=\"Tempo di lettura stimato\" \/>\n\t<meta name=\"twitter:data2\" content=\"7 minuti\" \/>\n<script type=\"application\/ld+json\" class=\"yoast-schema-graph\">{\"@context\":\"https:\\\/\\\/schema.org\",\"@graph\":[{\"@type\":\"Article\",\"@id\":\"https:\\\/\\\/www.rassegnastampa-totustuus.it\\\/cattolica\\\/il-doppio-martirio-di-oscar-arnulfo-romero\\\/#article\",\"isPartOf\":{\"@id\":\"https:\\\/\\\/www.rassegnastampa-totustuus.it\\\/cattolica\\\/il-doppio-martirio-di-oscar-arnulfo-romero\\\/\"},\"author\":{\"name\":\"Redazione\",\"@id\":\"https:\\\/\\\/www.rassegnastampa-totustuus.it\\\/cattolica\\\/#\\\/schema\\\/person\\\/08f319d2bd1a0904ad9e2bfb7b15e5c3\"},\"headline\":\"Il doppio martirio di Oscar Arnulfo Romero\",\"datePublished\":\"2005-01-21T12:44:40+00:00\",\"dateModified\":\"2025-07-07T10:24:46+00:00\",\"mainEntityOfPage\":{\"@id\":\"https:\\\/\\\/www.rassegnastampa-totustuus.it\\\/cattolica\\\/il-doppio-martirio-di-oscar-arnulfo-romero\\\/\"},\"wordCount\":1212,\"publisher\":{\"@id\":\"https:\\\/\\\/www.rassegnastampa-totustuus.it\\\/cattolica\\\/#organization\"},\"image\":{\"@id\":\"https:\\\/\\\/www.rassegnastampa-totustuus.it\\\/cattolica\\\/il-doppio-martirio-di-oscar-arnulfo-romero\\\/#primaryimage\"},\"thumbnailUrl\":\"https:\\\/\\\/www.rassegnastampa-totustuus.it\\\/cattolica\\\/wp-content\\\/uploads\\\/2005\\\/01\\\/Romero.jpg\",\"keywords\":[\"Oscar Romero\",\"teologia della liberazione\"],\"articleSection\":[\"Chiesa\"],\"inLanguage\":\"it-IT\"},{\"@type\":\"WebPage\",\"@id\":\"https:\\\/\\\/www.rassegnastampa-totustuus.it\\\/cattolica\\\/il-doppio-martirio-di-oscar-arnulfo-romero\\\/\",\"url\":\"https:\\\/\\\/www.rassegnastampa-totustuus.it\\\/cattolica\\\/il-doppio-martirio-di-oscar-arnulfo-romero\\\/\",\"name\":\"Il doppio martirio di Oscar Arnulfo Romero - Rassegna Stampa Cattolica\",\"isPartOf\":{\"@id\":\"https:\\\/\\\/www.rassegnastampa-totustuus.it\\\/cattolica\\\/#website\"},\"primaryImageOfPage\":{\"@id\":\"https:\\\/\\\/www.rassegnastampa-totustuus.it\\\/cattolica\\\/il-doppio-martirio-di-oscar-arnulfo-romero\\\/#primaryimage\"},\"image\":{\"@id\":\"https:\\\/\\\/www.rassegnastampa-totustuus.it\\\/cattolica\\\/il-doppio-martirio-di-oscar-arnulfo-romero\\\/#primaryimage\"},\"thumbnailUrl\":\"https:\\\/\\\/www.rassegnastampa-totustuus.it\\\/cattolica\\\/wp-content\\\/uploads\\\/2005\\\/01\\\/Romero.jpg\",\"datePublished\":\"2005-01-21T12:44:40+00:00\",\"dateModified\":\"2025-07-07T10:24:46+00:00\",\"description\":\"Il doppio martirio di Oscar Arnulfo Romero vescovo fedele al magistero della Chiesa e alla sua dottrina sociale.\",\"breadcrumb\":{\"@id\":\"https:\\\/\\\/www.rassegnastampa-totustuus.it\\\/cattolica\\\/il-doppio-martirio-di-oscar-arnulfo-romero\\\/#breadcrumb\"},\"inLanguage\":\"it-IT\",\"potentialAction\":[{\"@type\":\"ReadAction\",\"target\":[\"https:\\\/\\\/www.rassegnastampa-totustuus.it\\\/cattolica\\\/il-doppio-martirio-di-oscar-arnulfo-romero\\\/\"]}]},{\"@type\":\"ImageObject\",\"inLanguage\":\"it-IT\",\"@id\":\"https:\\\/\\\/www.rassegnastampa-totustuus.it\\\/cattolica\\\/il-doppio-martirio-di-oscar-arnulfo-romero\\\/#primaryimage\",\"url\":\"https:\\\/\\\/www.rassegnastampa-totustuus.it\\\/cattolica\\\/wp-content\\\/uploads\\\/2005\\\/01\\\/Romero.jpg\",\"contentUrl\":\"https:\\\/\\\/www.rassegnastampa-totustuus.it\\\/cattolica\\\/wp-content\\\/uploads\\\/2005\\\/01\\\/Romero.jpg\",\"width\":259,\"height\":194},{\"@type\":\"BreadcrumbList\",\"@id\":\"https:\\\/\\\/www.rassegnastampa-totustuus.it\\\/cattolica\\\/il-doppio-martirio-di-oscar-arnulfo-romero\\\/#breadcrumb\",\"itemListElement\":[{\"@type\":\"ListItem\",\"position\":1,\"name\":\"Home\",\"item\":\"https:\\\/\\\/www.rassegnastampa-totustuus.it\\\/cattolica\\\/\"},{\"@type\":\"ListItem\",\"position\":2,\"name\":\"Il doppio martirio di Oscar Arnulfo Romero\"}]},{\"@type\":\"WebSite\",\"@id\":\"https:\\\/\\\/www.rassegnastampa-totustuus.it\\\/cattolica\\\/#website\",\"url\":\"https:\\\/\\\/www.rassegnastampa-totustuus.it\\\/cattolica\\\/\",\"name\":\"Rassegna Stampa Cattolica\",\"description\":\"Per una cultura che nasce dalla Rivelazione cristiana in conformit\u00e0 alla tradizione e al Magistero della Chiesa in opposizione ad ogni relativismo e totalitarismo\",\"publisher\":{\"@id\":\"https:\\\/\\\/www.rassegnastampa-totustuus.it\\\/cattolica\\\/#organization\"},\"alternateName\":\"Rass. Cattolica\",\"potentialAction\":[{\"@type\":\"SearchAction\",\"target\":{\"@type\":\"EntryPoint\",\"urlTemplate\":\"https:\\\/\\\/www.rassegnastampa-totustuus.it\\\/cattolica\\\/?s={search_term_string}\"},\"query-input\":{\"@type\":\"PropertyValueSpecification\",\"valueRequired\":true,\"valueName\":\"search_term_string\"}}],\"inLanguage\":\"it-IT\"},{\"@type\":\"Organization\",\"@id\":\"https:\\\/\\\/www.rassegnastampa-totustuus.it\\\/cattolica\\\/#organization\",\"name\":\"Rassegna Stampa Cattolica\",\"url\":\"https:\\\/\\\/www.rassegnastampa-totustuus.it\\\/cattolica\\\/\",\"logo\":{\"@type\":\"ImageObject\",\"inLanguage\":\"it-IT\",\"@id\":\"https:\\\/\\\/www.rassegnastampa-totustuus.it\\\/cattolica\\\/#\\\/schema\\\/logo\\\/image\\\/\",\"url\":\"https:\\\/\\\/www.rassegnastampa-totustuus.it\\\/cattolica\\\/wp-content\\\/uploads\\\/2014\\\/04\\\/logo-rassegna1.gif\",\"contentUrl\":\"https:\\\/\\\/www.rassegnastampa-totustuus.it\\\/cattolica\\\/wp-content\\\/uploads\\\/2014\\\/04\\\/logo-rassegna1.gif\",\"width\":600,\"height\":163,\"caption\":\"Rassegna Stampa Cattolica\"},\"image\":{\"@id\":\"https:\\\/\\\/www.rassegnastampa-totustuus.it\\\/cattolica\\\/#\\\/schema\\\/logo\\\/image\\\/\"},\"sameAs\":[\"https:\\\/\\\/www.facebook.com\\\/rassegnastampacattolica\",\"https:\\\/\\\/x.com\\\/rassegnastampa9\"]},{\"@type\":\"Person\",\"@id\":\"https:\\\/\\\/www.rassegnastampa-totustuus.it\\\/cattolica\\\/#\\\/schema\\\/person\\\/08f319d2bd1a0904ad9e2bfb7b15e5c3\",\"name\":\"Redazione\",\"image\":{\"@type\":\"ImageObject\",\"inLanguage\":\"it-IT\",\"@id\":\"https:\\\/\\\/secure.gravatar.com\\\/avatar\\\/2fcdf27c78ea025fbdb44e914cc63c72249ffec9dc8aafd5c82b26240ef3f346?s=96&d=mm&r=g\",\"url\":\"https:\\\/\\\/secure.gravatar.com\\\/avatar\\\/2fcdf27c78ea025fbdb44e914cc63c72249ffec9dc8aafd5c82b26240ef3f346?s=96&d=mm&r=g\",\"contentUrl\":\"https:\\\/\\\/secure.gravatar.com\\\/avatar\\\/2fcdf27c78ea025fbdb44e914cc63c72249ffec9dc8aafd5c82b26240ef3f346?s=96&d=mm&r=g\",\"caption\":\"Redazione\"},\"url\":\"https:\\\/\\\/www.rassegnastampa-totustuus.it\\\/cattolica\\\/author\\\/pietroelle\\\/\"}]}<\/script>\n<!-- \/ Yoast SEO plugin. -->","yoast_head_json":{"title":"Il doppio martirio di Oscar Arnulfo Romero - Rassegna Stampa Cattolica","description":"Il doppio martirio di Oscar Arnulfo Romero vescovo fedele al magistero della Chiesa e alla sua dottrina sociale.","robots":{"index":"index","follow":"follow","max-snippet":"max-snippet:-1","max-image-preview":"max-image-preview:large","max-video-preview":"max-video-preview:-1"},"canonical":"https:\/\/www.rassegnastampa-totustuus.it\/cattolica\/il-doppio-martirio-di-oscar-arnulfo-romero\/","og_locale":"it_IT","og_type":"article","og_title":"Il doppio martirio di Oscar Arnulfo Romero - Rassegna Stampa Cattolica","og_description":"Il doppio martirio di Oscar Arnulfo Romero vescovo fedele al magistero della Chiesa e alla sua dottrina sociale.","og_url":"https:\/\/www.rassegnastampa-totustuus.it\/cattolica\/il-doppio-martirio-di-oscar-arnulfo-romero\/","og_site_name":"Rassegna Stampa Cattolica","article_publisher":"https:\/\/www.facebook.com\/rassegnastampacattolica","article_published_time":"2005-01-21T12:44:40+00:00","article_modified_time":"2025-07-07T10:24:46+00:00","og_image":[{"width":259,"height":194,"url":"https:\/\/www.rassegnastampa-totustuus.it\/cattolica\/wp-content\/uploads\/2005\/01\/Romero.jpg","type":"image\/jpeg"}],"author":"Redazione","twitter_card":"summary_large_image","twitter_creator":"@rassegnastampa9","twitter_site":"@rassegnastampa9","twitter_misc":{"Scritto da":"Redazione","Tempo di lettura stimato":"7 minuti"},"schema":{"@context":"https:\/\/schema.org","@graph":[{"@type":"Article","@id":"https:\/\/www.rassegnastampa-totustuus.it\/cattolica\/il-doppio-martirio-di-oscar-arnulfo-romero\/#article","isPartOf":{"@id":"https:\/\/www.rassegnastampa-totustuus.it\/cattolica\/il-doppio-martirio-di-oscar-arnulfo-romero\/"},"author":{"name":"Redazione","@id":"https:\/\/www.rassegnastampa-totustuus.it\/cattolica\/#\/schema\/person\/08f319d2bd1a0904ad9e2bfb7b15e5c3"},"headline":"Il doppio martirio di Oscar Arnulfo Romero","datePublished":"2005-01-21T12:44:40+00:00","dateModified":"2025-07-07T10:24:46+00:00","mainEntityOfPage":{"@id":"https:\/\/www.rassegnastampa-totustuus.it\/cattolica\/il-doppio-martirio-di-oscar-arnulfo-romero\/"},"wordCount":1212,"publisher":{"@id":"https:\/\/www.rassegnastampa-totustuus.it\/cattolica\/#organization"},"image":{"@id":"https:\/\/www.rassegnastampa-totustuus.it\/cattolica\/il-doppio-martirio-di-oscar-arnulfo-romero\/#primaryimage"},"thumbnailUrl":"https:\/\/www.rassegnastampa-totustuus.it\/cattolica\/wp-content\/uploads\/2005\/01\/Romero.jpg","keywords":["Oscar Romero","teologia della liberazione"],"articleSection":["Chiesa"],"inLanguage":"it-IT"},{"@type":"WebPage","@id":"https:\/\/www.rassegnastampa-totustuus.it\/cattolica\/il-doppio-martirio-di-oscar-arnulfo-romero\/","url":"https:\/\/www.rassegnastampa-totustuus.it\/cattolica\/il-doppio-martirio-di-oscar-arnulfo-romero\/","name":"Il doppio martirio di Oscar Arnulfo Romero - Rassegna Stampa Cattolica","isPartOf":{"@id":"https:\/\/www.rassegnastampa-totustuus.it\/cattolica\/#website"},"primaryImageOfPage":{"@id":"https:\/\/www.rassegnastampa-totustuus.it\/cattolica\/il-doppio-martirio-di-oscar-arnulfo-romero\/#primaryimage"},"image":{"@id":"https:\/\/www.rassegnastampa-totustuus.it\/cattolica\/il-doppio-martirio-di-oscar-arnulfo-romero\/#primaryimage"},"thumbnailUrl":"https:\/\/www.rassegnastampa-totustuus.it\/cattolica\/wp-content\/uploads\/2005\/01\/Romero.jpg","datePublished":"2005-01-21T12:44:40+00:00","dateModified":"2025-07-07T10:24:46+00:00","description":"Il doppio martirio di Oscar Arnulfo Romero vescovo fedele al magistero della Chiesa e alla sua dottrina sociale.","breadcrumb":{"@id":"https:\/\/www.rassegnastampa-totustuus.it\/cattolica\/il-doppio-martirio-di-oscar-arnulfo-romero\/#breadcrumb"},"inLanguage":"it-IT","potentialAction":[{"@type":"ReadAction","target":["https:\/\/www.rassegnastampa-totustuus.it\/cattolica\/il-doppio-martirio-di-oscar-arnulfo-romero\/"]}]},{"@type":"ImageObject","inLanguage":"it-IT","@id":"https:\/\/www.rassegnastampa-totustuus.it\/cattolica\/il-doppio-martirio-di-oscar-arnulfo-romero\/#primaryimage","url":"https:\/\/www.rassegnastampa-totustuus.it\/cattolica\/wp-content\/uploads\/2005\/01\/Romero.jpg","contentUrl":"https:\/\/www.rassegnastampa-totustuus.it\/cattolica\/wp-content\/uploads\/2005\/01\/Romero.jpg","width":259,"height":194},{"@type":"BreadcrumbList","@id":"https:\/\/www.rassegnastampa-totustuus.it\/cattolica\/il-doppio-martirio-di-oscar-arnulfo-romero\/#breadcrumb","itemListElement":[{"@type":"ListItem","position":1,"name":"Home","item":"https:\/\/www.rassegnastampa-totustuus.it\/cattolica\/"},{"@type":"ListItem","position":2,"name":"Il doppio martirio di Oscar Arnulfo Romero"}]},{"@type":"WebSite","@id":"https:\/\/www.rassegnastampa-totustuus.it\/cattolica\/#website","url":"https:\/\/www.rassegnastampa-totustuus.it\/cattolica\/","name":"Rassegna Stampa Cattolica","description":"Per una cultura che nasce dalla Rivelazione cristiana in conformit\u00e0 alla tradizione e al Magistero della Chiesa in opposizione ad ogni relativismo e totalitarismo","publisher":{"@id":"https:\/\/www.rassegnastampa-totustuus.it\/cattolica\/#organization"},"alternateName":"Rass. Cattolica","potentialAction":[{"@type":"SearchAction","target":{"@type":"EntryPoint","urlTemplate":"https:\/\/www.rassegnastampa-totustuus.it\/cattolica\/?s={search_term_string}"},"query-input":{"@type":"PropertyValueSpecification","valueRequired":true,"valueName":"search_term_string"}}],"inLanguage":"it-IT"},{"@type":"Organization","@id":"https:\/\/www.rassegnastampa-totustuus.it\/cattolica\/#organization","name":"Rassegna Stampa Cattolica","url":"https:\/\/www.rassegnastampa-totustuus.it\/cattolica\/","logo":{"@type":"ImageObject","inLanguage":"it-IT","@id":"https:\/\/www.rassegnastampa-totustuus.it\/cattolica\/#\/schema\/logo\/image\/","url":"https:\/\/www.rassegnastampa-totustuus.it\/cattolica\/wp-content\/uploads\/2014\/04\/logo-rassegna1.gif","contentUrl":"https:\/\/www.rassegnastampa-totustuus.it\/cattolica\/wp-content\/uploads\/2014\/04\/logo-rassegna1.gif","width":600,"height":163,"caption":"Rassegna Stampa Cattolica"},"image":{"@id":"https:\/\/www.rassegnastampa-totustuus.it\/cattolica\/#\/schema\/logo\/image\/"},"sameAs":["https:\/\/www.facebook.com\/rassegnastampacattolica","https:\/\/x.com\/rassegnastampa9"]},{"@type":"Person","@id":"https:\/\/www.rassegnastampa-totustuus.it\/cattolica\/#\/schema\/person\/08f319d2bd1a0904ad9e2bfb7b15e5c3","name":"Redazione","image":{"@type":"ImageObject","inLanguage":"it-IT","@id":"https:\/\/secure.gravatar.com\/avatar\/2fcdf27c78ea025fbdb44e914cc63c72249ffec9dc8aafd5c82b26240ef3f346?s=96&d=mm&r=g","url":"https:\/\/secure.gravatar.com\/avatar\/2fcdf27c78ea025fbdb44e914cc63c72249ffec9dc8aafd5c82b26240ef3f346?s=96&d=mm&r=g","contentUrl":"https:\/\/secure.gravatar.com\/avatar\/2fcdf27c78ea025fbdb44e914cc63c72249ffec9dc8aafd5c82b26240ef3f346?s=96&d=mm&r=g","caption":"Redazione"},"url":"https:\/\/www.rassegnastampa-totustuus.it\/cattolica\/author\/pietroelle\/"}]}},"_links":{"self":[{"href":"https:\/\/www.rassegnastampa-totustuus.it\/cattolica\/wp-json\/wp\/v2\/posts\/328","targetHints":{"allow":["GET"]}}],"collection":[{"href":"https:\/\/www.rassegnastampa-totustuus.it\/cattolica\/wp-json\/wp\/v2\/posts"}],"about":[{"href":"https:\/\/www.rassegnastampa-totustuus.it\/cattolica\/wp-json\/wp\/v2\/types\/post"}],"author":[{"embeddable":true,"href":"https:\/\/www.rassegnastampa-totustuus.it\/cattolica\/wp-json\/wp\/v2\/users\/6"}],"replies":[{"embeddable":true,"href":"https:\/\/www.rassegnastampa-totustuus.it\/cattolica\/wp-json\/wp\/v2\/comments?post=328"}],"version-history":[{"count":3,"href":"https:\/\/www.rassegnastampa-totustuus.it\/cattolica\/wp-json\/wp\/v2\/posts\/328\/revisions"}],"predecessor-version":[{"id":63028,"href":"https:\/\/www.rassegnastampa-totustuus.it\/cattolica\/wp-json\/wp\/v2\/posts\/328\/revisions\/63028"}],"wp:featuredmedia":[{"embeddable":true,"href":"https:\/\/www.rassegnastampa-totustuus.it\/cattolica\/wp-json\/wp\/v2\/media\/35675"}],"wp:attachment":[{"href":"https:\/\/www.rassegnastampa-totustuus.it\/cattolica\/wp-json\/wp\/v2\/media?parent=328"}],"wp:term":[{"taxonomy":"category","embeddable":true,"href":"https:\/\/www.rassegnastampa-totustuus.it\/cattolica\/wp-json\/wp\/v2\/categories?post=328"},{"taxonomy":"post_tag","embeddable":true,"href":"https:\/\/www.rassegnastampa-totustuus.it\/cattolica\/wp-json\/wp\/v2\/tags?post=328"}],"curies":[{"name":"wp","href":"https:\/\/api.w.org\/{rel}","templated":true}]}}