{"id":32603,"date":"2015-08-11T00:00:58","date_gmt":"2015-08-10T22:00:58","guid":{"rendered":"http:\/\/www.rassegnastampa-totustuus.it\/cattolica\/?p=32603"},"modified":"2016-04-11T14:34:55","modified_gmt":"2016-04-11T12:34:55","slug":"i-marines-in-algeri","status":"publish","type":"post","link":"https:\/\/www.rassegnastampa-totustuus.it\/cattolica\/i-marines-in-algeri\/","title":{"rendered":"I Marines in Algeri"},"content":{"rendered":"<p style=\"text-align: center;\"><img loading=\"lazy\" decoding=\"async\" class=\"size-full wp-image-32604 alignleft\" src=\"https:\/\/www.rassegnastampa-totustuus.it\/cattolica\/wp-content\/uploads\/2016\/04\/Us-marines.jpg\" alt=\"Us marines\" width=\"256\" height=\"197\" \/>Articolo pubblicato su <strong>Avvenire<\/strong><\/p>\n<p style=\"text-align: center;\">13 maggio 2003-07-21<\/p>\n<p style=\"text-align: center;\">di <strong>Maurizio Blondet<\/strong><\/p>\n<p style=\"text-align: justify;\">Quando Gioacchino Rossini compose &#8220;L&#8217;italiana in Algeri&#8221; (rappresentata a Venezia nel 1813 raccont\u00f2 in chiave comico-sentimentale una tragedia plurisecolare. Il bey di Algeri , coi suoi pirati, rapiva ogni anno centinaia di italiane e italiani. Marinai, viaggiatori sulle navi europee, abitanti delle coste di Malta, Sicilia e Sardegna. E Algeri (che contava 50 mila abitanti) era soltanto la maggiore citt\u00e0 dei pirati. In realt\u00e0, tutta la Costa di Barber\u00eca, i 1.600 chilometri da Gibilterra alla Sirte in Libia, pullulava di pirati. Formalmente governatori provinciali dell&#8217;impero Ottomano, ma in realt\u00e0 indipendenti, i bey di Algeri, Tripoli e Tunisi avevano creato una vera economia della corsa.<\/p>\n<p style=\"text-align: justify;\"><!--more--><\/p>\n<p style=\"text-align: justify;\">Vivevano largamente dei riscatti che esigevano per il rilascio degli europei rapiti, del mercato dei marinai e viaggiatori bianchi presi e rivenduti come schiavi, del saccheggio delle navi &#8220;cristiane&#8221;. Seguaci di un islam fondamentalista, trattavano gli &#8220;infedeli&#8221; catturati secondo vari gradi di barbarie. Nei momenti d&#8217;oro, Algeri pot\u00e9 contare oltre 25 mila schiavi europei.<\/p>\n<p style=\"text-align: justify;\">Per oltre tre secoli i popoli d&#8217;Europa convissero supinamente con questa ferocia sull&#8217;altra sponda. Nacquero persino ordini pii i cui membri raccoglievano denaro per riscattare i catturati, o si offrivano di sostituirsi ad essi. Persino gli inglesi, padroni del mare, s&#8217;adattarono.<\/p>\n<p style=\"text-align: justify;\">L&#8217;ammiraglio Edward Pellew, lord Exmouth, giunse a pagare 489.750 talleri di Maria Teresa per riscattare 1530 cristiani di varie nazionalit\u00e0. L&#8217;Europa, insomma, si rassegnava. Non cos\u00ec la neonata repubblica d&#8217;America. Alla fine del &#8216;700, capit\u00f2 che i pirati dei bey catturassero navi e marinai statunitensi in rotta nel Mediterraneo. Chiesero, come al solito, pingui riscatti. Fu allora che il presidente Jefferson, alla Casa Bianca, pronunci\u00f2 la storica frase: &#8220;Milioni per la difesa, non un cent per un tributo&#8221;. Gli Usa crearono la loro prima flotta da guerra, nel 1794, proprio per battere i pirati mediterranei. Fu il primo atto in cui l&#8217;America ag\u00ec come poliziotto globale. Fu il primo intervento preventivo geopolitico. E il primo sangue scorso fra l&#8217;America e l&#8217;islam.<\/p>\n<p style=\"text-align: justify;\">Cos\u00ec nel 1805, soldati in divisa blu con bandoliere bianche che il Mediterraneo non aveva mai visto &#8211; fanti di marina, detti marines &#8211; sbarcarono in Egitto, marciarono a tappe forzate nel deserto lungo costa, e sorpresero alle spalle il bey di Tunisi, costringendolo a rilasciare i cittadini americani catturati. I barbareschi non capirono la lezione e continuarono a pirateggiare, anche contro beni galleggianti statunitensi.<\/p>\n<p style=\"text-align: justify;\">Cos\u00ec, nel 1815, una squadra a stelle e strisce, al comando dell&#8217;ammiraglio Stephen Decatur, ripiomb\u00f2 su Tunisi, costrinse il bey a pagare 46 mila dollari di penale e a rilasciare tutti i bianchi catturati, fra cui non mancavano napoletani e persino danesi. Nello stesso anno in giugno, un&#8217;altra squadra americana si present\u00f2 davanti ad Algeri. Il comandante, commodoro ,William Bainbridge, segnal\u00f2 con le bandiere un ultimatum: il bey aveva tre ore per rilasciare tutti i catturati americani, e pagare un enorme compenso in contanti- oro per il disturbo.<\/p>\n<p style=\"text-align: justify;\">Algeri era, allora, la piazzaforte meglio fortificata del mondo, ma il bey intu\u00ec il primato tecnico occidentale. Ebbe il buon senso di capitolare. Appena la bandiera a stelle strisce scomparve all&#8217;orizzonte, i suoi pirati ripresero il mare. Ma ormai, il brutto incantesimo era rotto. Nel maggio 1816, pirati algerini massacrarono un centinaio di pescatori siciliani.<\/p>\n<p style=\"text-align: justify;\">La Sicilia era, formalmente, sotto protezione britannica. Stavolta, Londra ordin\u00f2 a lord Exmouth di farla finita con quei barbari. Nella torrida fine d&#8217;agosto, Lord Exmouth si present\u00f2 davanti ad Algeri a bordo dell&#8217;ammiraglia, la Queen Charlotte, forte di cento cannoni. Lo seguiva una flotta anglo-olandese adattata scientificamente alla bisogna: murate rinforzate, armamento d&#8217;artiglieria che comprendeva razzi incendiari (antenati dei missili) e bombarde a mitraglia (l&#8217;equivalente delle bombe a grappolo).<\/p>\n<p style=\"text-align: justify;\">A bordo, gli ufficiali del 91\u00b0 Royal Engineer avevano localizzato con precisione ognuno dei seicento cannoni nemici. Per nulla intimoriti, coraggiosi e feroci, i pirati si avventarono contro la flotta con 40 navi agili e leggere: 35 furono colate a picco in pochi minuti. Su Algeri piovvero 500 tonnellate di proiettili; i razzi incendiarono l&#8217;abitato.<\/p>\n<p style=\"text-align: justify;\">Alla fine della giornata, gli algerini contarono almeno ottomila morti, gli inglesi 141. Il bey dovette consegnare 1.642 schiavi e 382 mila talleri. In America, qualcuno componeva l&#8217;inno dei marines, nel quale si esalta il corpo che ha combattuto &#8220;dai palazzi di Montezuma alle spiagge di Tripoli&#8221;. Era, come sappiamo, soltanto l&#8217;inizio.<\/p>\n","protected":false},"excerpt":{"rendered":"<p>Articolo pubblicato su Avvenire 13 maggio 2003-07-21 di Maurizio Blondet Quando Gioacchino Rossini compose &#8220;L&#8217;italiana in Algeri&#8221; (rappresentata a Venezia nel 1813 raccont\u00f2 in chiave comico-sentimentale una tragedia plurisecolare. Il bey di Algeri , coi suoi pirati, rapiva ogni anno centinaia di italiane e italiani. Marinai, viaggiatori sulle navi europee, abitanti delle coste di Malta, &hellip; <\/p>\n<p><a class=\"more-link btn\" href=\"https:\/\/www.rassegnastampa-totustuus.it\/cattolica\/i-marines-in-algeri\/\">Continua a leggere<\/a><\/p>\n","protected":false},"author":6,"featured_media":32604,"comment_status":"closed","ping_status":"closed","sticky":false,"template":"","format":"standard","meta":{"footnotes":""},"categories":[16,76,24],"tags":[2441,2442],"class_list":["post-32603","post","type-post","status-publish","format-standard","has-post-thumbnail","hentry","category-islam","category-stati-uniti","category-storia","tag-marines","tag-pirati-barbareschi","item-wrap"],"yoast_head":"<!-- This site is optimized with the Yoast SEO plugin v27.5 - https:\/\/yoast.com\/product\/yoast-seo-wordpress\/ -->\n<title>I Marines in Algeri - Rassegna Stampa Cattolica<\/title>\n<meta name=\"description\" content=\"Rassegna Stampa Cattolica - Per una cultura che nasce dalla Rivelazione cristiana in conformit\u00e0 alla tradizione e al Magistero della Chiesa in opposizione ad ogni relativismo e totalitarismo\" \/>\n<meta name=\"robots\" content=\"index, follow, max-snippet:-1, max-image-preview:large, max-video-preview:-1\" \/>\n<link rel=\"canonical\" href=\"https:\/\/www.rassegnastampa-totustuus.it\/cattolica\/i-marines-in-algeri\/\" \/>\n<meta property=\"og:locale\" content=\"it_IT\" \/>\n<meta property=\"og:type\" content=\"article\" \/>\n<meta property=\"og:title\" content=\"I Marines in Algeri - Rassegna Stampa Cattolica\" \/>\n<meta property=\"og:description\" content=\"Rassegna Stampa Cattolica - Per una cultura che nasce dalla Rivelazione cristiana in conformit\u00e0 alla tradizione e al Magistero della Chiesa in opposizione ad ogni relativismo e totalitarismo\" \/>\n<meta property=\"og:url\" content=\"https:\/\/www.rassegnastampa-totustuus.it\/cattolica\/i-marines-in-algeri\/\" \/>\n<meta property=\"og:site_name\" content=\"Rassegna Stampa Cattolica\" \/>\n<meta property=\"article:publisher\" content=\"https:\/\/www.facebook.com\/rassegnastampacattolica\" \/>\n<meta property=\"article:published_time\" content=\"2015-08-10T22:00:58+00:00\" \/>\n<meta property=\"article:modified_time\" content=\"2016-04-11T12:34:55+00:00\" \/>\n<meta property=\"og:image\" content=\"https:\/\/www.rassegnastampa-totustuus.it\/cattolica\/wp-content\/uploads\/2016\/04\/Us-marines.jpg\" \/>\n\t<meta property=\"og:image:width\" content=\"256\" \/>\n\t<meta property=\"og:image:height\" content=\"197\" \/>\n\t<meta property=\"og:image:type\" content=\"image\/jpeg\" \/>\n<meta name=\"author\" content=\"Redazione\" \/>\n<meta name=\"twitter:card\" content=\"summary_large_image\" \/>\n<meta name=\"twitter:creator\" content=\"@rassegnastampa9\" \/>\n<meta name=\"twitter:site\" content=\"@rassegnastampa9\" \/>\n<meta name=\"twitter:label1\" content=\"Scritto da\" \/>\n\t<meta name=\"twitter:data1\" content=\"Redazione\" \/>\n\t<meta name=\"twitter:label2\" content=\"Tempo di lettura stimato\" \/>\n\t<meta name=\"twitter:data2\" content=\"3 minuti\" \/>\n<script type=\"application\/ld+json\" class=\"yoast-schema-graph\">{\"@context\":\"https:\\\/\\\/schema.org\",\"@graph\":[{\"@type\":\"Article\",\"@id\":\"https:\\\/\\\/www.rassegnastampa-totustuus.it\\\/cattolica\\\/i-marines-in-algeri\\\/#article\",\"isPartOf\":{\"@id\":\"https:\\\/\\\/www.rassegnastampa-totustuus.it\\\/cattolica\\\/i-marines-in-algeri\\\/\"},\"author\":{\"name\":\"Redazione\",\"@id\":\"https:\\\/\\\/www.rassegnastampa-totustuus.it\\\/cattolica\\\/#\\\/schema\\\/person\\\/08f319d2bd1a0904ad9e2bfb7b15e5c3\"},\"headline\":\"I Marines in Algeri\",\"datePublished\":\"2015-08-10T22:00:58+00:00\",\"dateModified\":\"2016-04-11T12:34:55+00:00\",\"mainEntityOfPage\":{\"@id\":\"https:\\\/\\\/www.rassegnastampa-totustuus.it\\\/cattolica\\\/i-marines-in-algeri\\\/\"},\"wordCount\":721,\"publisher\":{\"@id\":\"https:\\\/\\\/www.rassegnastampa-totustuus.it\\\/cattolica\\\/#organization\"},\"image\":{\"@id\":\"https:\\\/\\\/www.rassegnastampa-totustuus.it\\\/cattolica\\\/i-marines-in-algeri\\\/#primaryimage\"},\"thumbnailUrl\":\"https:\\\/\\\/www.rassegnastampa-totustuus.it\\\/cattolica\\\/wp-content\\\/uploads\\\/2016\\\/04\\\/Us-marines.jpg\",\"keywords\":[\"marines\",\"pirati barbareschi\"],\"articleSection\":[\"Islam\",\"Stati Uniti\",\"Storia\"],\"inLanguage\":\"it-IT\"},{\"@type\":\"WebPage\",\"@id\":\"https:\\\/\\\/www.rassegnastampa-totustuus.it\\\/cattolica\\\/i-marines-in-algeri\\\/\",\"url\":\"https:\\\/\\\/www.rassegnastampa-totustuus.it\\\/cattolica\\\/i-marines-in-algeri\\\/\",\"name\":\"I Marines in Algeri - Rassegna Stampa Cattolica\",\"isPartOf\":{\"@id\":\"https:\\\/\\\/www.rassegnastampa-totustuus.it\\\/cattolica\\\/#website\"},\"primaryImageOfPage\":{\"@id\":\"https:\\\/\\\/www.rassegnastampa-totustuus.it\\\/cattolica\\\/i-marines-in-algeri\\\/#primaryimage\"},\"image\":{\"@id\":\"https:\\\/\\\/www.rassegnastampa-totustuus.it\\\/cattolica\\\/i-marines-in-algeri\\\/#primaryimage\"},\"thumbnailUrl\":\"https:\\\/\\\/www.rassegnastampa-totustuus.it\\\/cattolica\\\/wp-content\\\/uploads\\\/2016\\\/04\\\/Us-marines.jpg\",\"datePublished\":\"2015-08-10T22:00:58+00:00\",\"dateModified\":\"2016-04-11T12:34:55+00:00\",\"description\":\"Rassegna Stampa Cattolica - Per una cultura che nasce dalla Rivelazione cristiana in conformit\u00e0 alla tradizione e al Magistero della Chiesa in opposizione ad ogni relativismo e totalitarismo\",\"breadcrumb\":{\"@id\":\"https:\\\/\\\/www.rassegnastampa-totustuus.it\\\/cattolica\\\/i-marines-in-algeri\\\/#breadcrumb\"},\"inLanguage\":\"it-IT\",\"potentialAction\":[{\"@type\":\"ReadAction\",\"target\":[\"https:\\\/\\\/www.rassegnastampa-totustuus.it\\\/cattolica\\\/i-marines-in-algeri\\\/\"]}]},{\"@type\":\"ImageObject\",\"inLanguage\":\"it-IT\",\"@id\":\"https:\\\/\\\/www.rassegnastampa-totustuus.it\\\/cattolica\\\/i-marines-in-algeri\\\/#primaryimage\",\"url\":\"https:\\\/\\\/www.rassegnastampa-totustuus.it\\\/cattolica\\\/wp-content\\\/uploads\\\/2016\\\/04\\\/Us-marines.jpg\",\"contentUrl\":\"https:\\\/\\\/www.rassegnastampa-totustuus.it\\\/cattolica\\\/wp-content\\\/uploads\\\/2016\\\/04\\\/Us-marines.jpg\",\"width\":256,\"height\":197},{\"@type\":\"BreadcrumbList\",\"@id\":\"https:\\\/\\\/www.rassegnastampa-totustuus.it\\\/cattolica\\\/i-marines-in-algeri\\\/#breadcrumb\",\"itemListElement\":[{\"@type\":\"ListItem\",\"position\":1,\"name\":\"Home\",\"item\":\"https:\\\/\\\/www.rassegnastampa-totustuus.it\\\/cattolica\\\/\"},{\"@type\":\"ListItem\",\"position\":2,\"name\":\"I Marines in Algeri\"}]},{\"@type\":\"WebSite\",\"@id\":\"https:\\\/\\\/www.rassegnastampa-totustuus.it\\\/cattolica\\\/#website\",\"url\":\"https:\\\/\\\/www.rassegnastampa-totustuus.it\\\/cattolica\\\/\",\"name\":\"Rassegna Stampa Cattolica\",\"description\":\"Per una cultura che nasce dalla Rivelazione cristiana in conformit\u00e0 alla tradizione e al Magistero della Chiesa in opposizione ad ogni relativismo e totalitarismo\",\"publisher\":{\"@id\":\"https:\\\/\\\/www.rassegnastampa-totustuus.it\\\/cattolica\\\/#organization\"},\"alternateName\":\"Rass. Cattolica\",\"potentialAction\":[{\"@type\":\"SearchAction\",\"target\":{\"@type\":\"EntryPoint\",\"urlTemplate\":\"https:\\\/\\\/www.rassegnastampa-totustuus.it\\\/cattolica\\\/?s={search_term_string}\"},\"query-input\":{\"@type\":\"PropertyValueSpecification\",\"valueRequired\":true,\"valueName\":\"search_term_string\"}}],\"inLanguage\":\"it-IT\"},{\"@type\":\"Organization\",\"@id\":\"https:\\\/\\\/www.rassegnastampa-totustuus.it\\\/cattolica\\\/#organization\",\"name\":\"Rassegna Stampa Cattolica\",\"url\":\"https:\\\/\\\/www.rassegnastampa-totustuus.it\\\/cattolica\\\/\",\"logo\":{\"@type\":\"ImageObject\",\"inLanguage\":\"it-IT\",\"@id\":\"https:\\\/\\\/www.rassegnastampa-totustuus.it\\\/cattolica\\\/#\\\/schema\\\/logo\\\/image\\\/\",\"url\":\"https:\\\/\\\/www.rassegnastampa-totustuus.it\\\/cattolica\\\/wp-content\\\/uploads\\\/2014\\\/04\\\/logo-rassegna1.gif\",\"contentUrl\":\"https:\\\/\\\/www.rassegnastampa-totustuus.it\\\/cattolica\\\/wp-content\\\/uploads\\\/2014\\\/04\\\/logo-rassegna1.gif\",\"width\":600,\"height\":163,\"caption\":\"Rassegna Stampa Cattolica\"},\"image\":{\"@id\":\"https:\\\/\\\/www.rassegnastampa-totustuus.it\\\/cattolica\\\/#\\\/schema\\\/logo\\\/image\\\/\"},\"sameAs\":[\"https:\\\/\\\/www.facebook.com\\\/rassegnastampacattolica\",\"https:\\\/\\\/x.com\\\/rassegnastampa9\"]},{\"@type\":\"Person\",\"@id\":\"https:\\\/\\\/www.rassegnastampa-totustuus.it\\\/cattolica\\\/#\\\/schema\\\/person\\\/08f319d2bd1a0904ad9e2bfb7b15e5c3\",\"name\":\"Redazione\",\"image\":{\"@type\":\"ImageObject\",\"inLanguage\":\"it-IT\",\"@id\":\"https:\\\/\\\/secure.gravatar.com\\\/avatar\\\/2fcdf27c78ea025fbdb44e914cc63c72249ffec9dc8aafd5c82b26240ef3f346?s=96&d=mm&r=g\",\"url\":\"https:\\\/\\\/secure.gravatar.com\\\/avatar\\\/2fcdf27c78ea025fbdb44e914cc63c72249ffec9dc8aafd5c82b26240ef3f346?s=96&d=mm&r=g\",\"contentUrl\":\"https:\\\/\\\/secure.gravatar.com\\\/avatar\\\/2fcdf27c78ea025fbdb44e914cc63c72249ffec9dc8aafd5c82b26240ef3f346?s=96&d=mm&r=g\",\"caption\":\"Redazione\"},\"url\":\"https:\\\/\\\/www.rassegnastampa-totustuus.it\\\/cattolica\\\/author\\\/pietroelle\\\/\"}]}<\/script>\n<!-- \/ Yoast SEO plugin. -->","yoast_head_json":{"title":"I Marines in Algeri - Rassegna Stampa Cattolica","description":"Rassegna Stampa Cattolica - Per una cultura che nasce dalla Rivelazione cristiana in conformit\u00e0 alla tradizione e al Magistero della Chiesa in opposizione ad ogni relativismo e totalitarismo","robots":{"index":"index","follow":"follow","max-snippet":"max-snippet:-1","max-image-preview":"max-image-preview:large","max-video-preview":"max-video-preview:-1"},"canonical":"https:\/\/www.rassegnastampa-totustuus.it\/cattolica\/i-marines-in-algeri\/","og_locale":"it_IT","og_type":"article","og_title":"I Marines in Algeri - Rassegna Stampa Cattolica","og_description":"Rassegna Stampa Cattolica - Per una cultura che nasce dalla Rivelazione cristiana in conformit\u00e0 alla tradizione e al Magistero della Chiesa in opposizione ad ogni relativismo e totalitarismo","og_url":"https:\/\/www.rassegnastampa-totustuus.it\/cattolica\/i-marines-in-algeri\/","og_site_name":"Rassegna Stampa Cattolica","article_publisher":"https:\/\/www.facebook.com\/rassegnastampacattolica","article_published_time":"2015-08-10T22:00:58+00:00","article_modified_time":"2016-04-11T12:34:55+00:00","og_image":[{"width":256,"height":197,"url":"https:\/\/www.rassegnastampa-totustuus.it\/cattolica\/wp-content\/uploads\/2016\/04\/Us-marines.jpg","type":"image\/jpeg"}],"author":"Redazione","twitter_card":"summary_large_image","twitter_creator":"@rassegnastampa9","twitter_site":"@rassegnastampa9","twitter_misc":{"Scritto da":"Redazione","Tempo di lettura stimato":"3 minuti"},"schema":{"@context":"https:\/\/schema.org","@graph":[{"@type":"Article","@id":"https:\/\/www.rassegnastampa-totustuus.it\/cattolica\/i-marines-in-algeri\/#article","isPartOf":{"@id":"https:\/\/www.rassegnastampa-totustuus.it\/cattolica\/i-marines-in-algeri\/"},"author":{"name":"Redazione","@id":"https:\/\/www.rassegnastampa-totustuus.it\/cattolica\/#\/schema\/person\/08f319d2bd1a0904ad9e2bfb7b15e5c3"},"headline":"I Marines in Algeri","datePublished":"2015-08-10T22:00:58+00:00","dateModified":"2016-04-11T12:34:55+00:00","mainEntityOfPage":{"@id":"https:\/\/www.rassegnastampa-totustuus.it\/cattolica\/i-marines-in-algeri\/"},"wordCount":721,"publisher":{"@id":"https:\/\/www.rassegnastampa-totustuus.it\/cattolica\/#organization"},"image":{"@id":"https:\/\/www.rassegnastampa-totustuus.it\/cattolica\/i-marines-in-algeri\/#primaryimage"},"thumbnailUrl":"https:\/\/www.rassegnastampa-totustuus.it\/cattolica\/wp-content\/uploads\/2016\/04\/Us-marines.jpg","keywords":["marines","pirati barbareschi"],"articleSection":["Islam","Stati Uniti","Storia"],"inLanguage":"it-IT"},{"@type":"WebPage","@id":"https:\/\/www.rassegnastampa-totustuus.it\/cattolica\/i-marines-in-algeri\/","url":"https:\/\/www.rassegnastampa-totustuus.it\/cattolica\/i-marines-in-algeri\/","name":"I Marines in Algeri - Rassegna Stampa Cattolica","isPartOf":{"@id":"https:\/\/www.rassegnastampa-totustuus.it\/cattolica\/#website"},"primaryImageOfPage":{"@id":"https:\/\/www.rassegnastampa-totustuus.it\/cattolica\/i-marines-in-algeri\/#primaryimage"},"image":{"@id":"https:\/\/www.rassegnastampa-totustuus.it\/cattolica\/i-marines-in-algeri\/#primaryimage"},"thumbnailUrl":"https:\/\/www.rassegnastampa-totustuus.it\/cattolica\/wp-content\/uploads\/2016\/04\/Us-marines.jpg","datePublished":"2015-08-10T22:00:58+00:00","dateModified":"2016-04-11T12:34:55+00:00","description":"Rassegna Stampa Cattolica - Per una cultura che nasce dalla Rivelazione cristiana in conformit\u00e0 alla tradizione e al Magistero della Chiesa in opposizione ad ogni relativismo e totalitarismo","breadcrumb":{"@id":"https:\/\/www.rassegnastampa-totustuus.it\/cattolica\/i-marines-in-algeri\/#breadcrumb"},"inLanguage":"it-IT","potentialAction":[{"@type":"ReadAction","target":["https:\/\/www.rassegnastampa-totustuus.it\/cattolica\/i-marines-in-algeri\/"]}]},{"@type":"ImageObject","inLanguage":"it-IT","@id":"https:\/\/www.rassegnastampa-totustuus.it\/cattolica\/i-marines-in-algeri\/#primaryimage","url":"https:\/\/www.rassegnastampa-totustuus.it\/cattolica\/wp-content\/uploads\/2016\/04\/Us-marines.jpg","contentUrl":"https:\/\/www.rassegnastampa-totustuus.it\/cattolica\/wp-content\/uploads\/2016\/04\/Us-marines.jpg","width":256,"height":197},{"@type":"BreadcrumbList","@id":"https:\/\/www.rassegnastampa-totustuus.it\/cattolica\/i-marines-in-algeri\/#breadcrumb","itemListElement":[{"@type":"ListItem","position":1,"name":"Home","item":"https:\/\/www.rassegnastampa-totustuus.it\/cattolica\/"},{"@type":"ListItem","position":2,"name":"I Marines in Algeri"}]},{"@type":"WebSite","@id":"https:\/\/www.rassegnastampa-totustuus.it\/cattolica\/#website","url":"https:\/\/www.rassegnastampa-totustuus.it\/cattolica\/","name":"Rassegna Stampa Cattolica","description":"Per una cultura che nasce dalla Rivelazione cristiana in conformit\u00e0 alla tradizione e al Magistero della Chiesa in opposizione ad ogni relativismo e totalitarismo","publisher":{"@id":"https:\/\/www.rassegnastampa-totustuus.it\/cattolica\/#organization"},"alternateName":"Rass. Cattolica","potentialAction":[{"@type":"SearchAction","target":{"@type":"EntryPoint","urlTemplate":"https:\/\/www.rassegnastampa-totustuus.it\/cattolica\/?s={search_term_string}"},"query-input":{"@type":"PropertyValueSpecification","valueRequired":true,"valueName":"search_term_string"}}],"inLanguage":"it-IT"},{"@type":"Organization","@id":"https:\/\/www.rassegnastampa-totustuus.it\/cattolica\/#organization","name":"Rassegna Stampa Cattolica","url":"https:\/\/www.rassegnastampa-totustuus.it\/cattolica\/","logo":{"@type":"ImageObject","inLanguage":"it-IT","@id":"https:\/\/www.rassegnastampa-totustuus.it\/cattolica\/#\/schema\/logo\/image\/","url":"https:\/\/www.rassegnastampa-totustuus.it\/cattolica\/wp-content\/uploads\/2014\/04\/logo-rassegna1.gif","contentUrl":"https:\/\/www.rassegnastampa-totustuus.it\/cattolica\/wp-content\/uploads\/2014\/04\/logo-rassegna1.gif","width":600,"height":163,"caption":"Rassegna Stampa Cattolica"},"image":{"@id":"https:\/\/www.rassegnastampa-totustuus.it\/cattolica\/#\/schema\/logo\/image\/"},"sameAs":["https:\/\/www.facebook.com\/rassegnastampacattolica","https:\/\/x.com\/rassegnastampa9"]},{"@type":"Person","@id":"https:\/\/www.rassegnastampa-totustuus.it\/cattolica\/#\/schema\/person\/08f319d2bd1a0904ad9e2bfb7b15e5c3","name":"Redazione","image":{"@type":"ImageObject","inLanguage":"it-IT","@id":"https:\/\/secure.gravatar.com\/avatar\/2fcdf27c78ea025fbdb44e914cc63c72249ffec9dc8aafd5c82b26240ef3f346?s=96&d=mm&r=g","url":"https:\/\/secure.gravatar.com\/avatar\/2fcdf27c78ea025fbdb44e914cc63c72249ffec9dc8aafd5c82b26240ef3f346?s=96&d=mm&r=g","contentUrl":"https:\/\/secure.gravatar.com\/avatar\/2fcdf27c78ea025fbdb44e914cc63c72249ffec9dc8aafd5c82b26240ef3f346?s=96&d=mm&r=g","caption":"Redazione"},"url":"https:\/\/www.rassegnastampa-totustuus.it\/cattolica\/author\/pietroelle\/"}]}},"_links":{"self":[{"href":"https:\/\/www.rassegnastampa-totustuus.it\/cattolica\/wp-json\/wp\/v2\/posts\/32603","targetHints":{"allow":["GET"]}}],"collection":[{"href":"https:\/\/www.rassegnastampa-totustuus.it\/cattolica\/wp-json\/wp\/v2\/posts"}],"about":[{"href":"https:\/\/www.rassegnastampa-totustuus.it\/cattolica\/wp-json\/wp\/v2\/types\/post"}],"author":[{"embeddable":true,"href":"https:\/\/www.rassegnastampa-totustuus.it\/cattolica\/wp-json\/wp\/v2\/users\/6"}],"replies":[{"embeddable":true,"href":"https:\/\/www.rassegnastampa-totustuus.it\/cattolica\/wp-json\/wp\/v2\/comments?post=32603"}],"version-history":[{"count":1,"href":"https:\/\/www.rassegnastampa-totustuus.it\/cattolica\/wp-json\/wp\/v2\/posts\/32603\/revisions"}],"predecessor-version":[{"id":32605,"href":"https:\/\/www.rassegnastampa-totustuus.it\/cattolica\/wp-json\/wp\/v2\/posts\/32603\/revisions\/32605"}],"wp:featuredmedia":[{"embeddable":true,"href":"https:\/\/www.rassegnastampa-totustuus.it\/cattolica\/wp-json\/wp\/v2\/media\/32604"}],"wp:attachment":[{"href":"https:\/\/www.rassegnastampa-totustuus.it\/cattolica\/wp-json\/wp\/v2\/media?parent=32603"}],"wp:term":[{"taxonomy":"category","embeddable":true,"href":"https:\/\/www.rassegnastampa-totustuus.it\/cattolica\/wp-json\/wp\/v2\/categories?post=32603"},{"taxonomy":"post_tag","embeddable":true,"href":"https:\/\/www.rassegnastampa-totustuus.it\/cattolica\/wp-json\/wp\/v2\/tags?post=32603"}],"curies":[{"name":"wp","href":"https:\/\/api.w.org\/{rel}","templated":true}]}}