{"id":32447,"date":"2016-04-07T00:00:03","date_gmt":"2016-04-06T22:00:03","guid":{"rendered":"http:\/\/www.rassegnastampa-totustuus.it\/cattolica\/?p=32447"},"modified":"2016-04-04T11:06:04","modified_gmt":"2016-04-04T09:06:04","slug":"quando-wojtyla-morente-disse-oggi-e-mercoledi-e-io-mi-alzo","status":"publish","type":"post","link":"https:\/\/www.rassegnastampa-totustuus.it\/cattolica\/quando-wojtyla-morente-disse-oggi-e-mercoledi-e-io-mi-alzo\/","title":{"rendered":"Quando Wojtyla morente disse: \u201cOggi \u00e8 mercoled\u00ec e io mi alzo!\u201d"},"content":{"rendered":"<p style=\"text-align: center;\"><img loading=\"lazy\" decoding=\"async\" class=\"alignright wp-image-32448 size-full\" src=\"https:\/\/www.rassegnastampa-totustuus.it\/cattolica\/wp-content\/uploads\/2016\/04\/GPII.jpg\" alt=\"GPII\" width=\"248\" height=\"203\" \/>Vatican insider \u2013 <strong>La Stampa <\/strong>1 aprile 2016<\/p>\n<p style=\"text-align: justify;\"><em>Svela l\u2019aneddoto il cardinale Angelo Comastri in un\u2019intervista a Radio Vaticana per l\u201911\u00b0 anniversario della morte di papa san Giovanni Paolo II, che ricorre domani: \u00ab\u201dLa gente viene e io non voglio deluderla\u201d. Stava morendo e pensava agli altri\u00bb<\/em><\/p>\n<p style=\"text-align: center;\"><strong>Domenico Agasso Jr<\/strong><\/p>\n<p style=\"text-align: center;\"><!--more--><\/p>\n<p style=\"text-align: justify;\">CITT\u00c0 DEL VATICANO _ Domani, 2 aprile, \u00e8 l\u2019undicesimo anniversario della morte di san Giovanni Paolo II. La ricorrenza quest\u2019anno cade nella vigilia della festa della Divina Misericordia, istituita dallo stesso Pontefice polacco. Esattamente come nel 2005. Per l\u2019occasione il cardinale Angelo Comastri, vicario generale del Papa per la Citt\u00e0 del Vaticano, in un\u2019intervista a Radio Vaticana (rilasciata ad Alessandro Gisotti), oltre che parlare del legame tra il Pontefice polacco e la Misericordia, cuore del Giubileo straordinario voluto da Francesco, svela un retroscena sugli ultimi giorni di vita di Karol Wojtyla: \u00abEra il 30 marzo del 2005, mercoled\u00ec, l\u2019ultimo della sua vita. Tutti sapevamo che il Papa si era aggravato e quindi eravamo un po\u2019 in apprensione, stavamo tutti pregando per questo motivo. Verso mezzogiorno mi avvisano: \u201cSi \u00e8 aperta la finestra dell\u2019appartamento!\u201d. Io chiaramente uscii dal mio ufficio, corsi in piazza San Pietro e a mezzogiorno vidi che il Papa si affacci\u00f2. Non riusc\u00ec a dire una parola; alz\u00f2 solamente la mano destra e tracci\u00f2 un grande Segno di Croce che fu il suo testamento, il suo saluto alla Chiesa, il saluto al mondo. Ho saputo dopo cosa accadde quella mattina. Appena svegliato Giovanni Paolo II ha sussurrato &#8211; perch\u00e9 parlava soltanto in maniera afona, appena percettibile &#8211; a suor Tobiana e a don Stanislao Dziwisz: \u201cOggi \u00e8 mercoled\u00ec\u201d. Ma non hanno dato peso alle parole. Passato un po\u2019 di tempo, ha detto di nuovo: \u201cOggi \u00e8 mercoled\u00ec\u201d. Ancora una volta hanno ignorato le parole del Papa. Alle 10 ha detto con un tono un po\u2019 autoritario: \u201cOggi \u00e8 mercoled\u00ec e io mi alzo!\u201d. Evidentemente si sono spaventati di fronte a questa decisione del Papa e hanno tentato di dissuaderlo. Il Papa in modo irremovibile ha detto: \u201cOggi \u00e8 mercoled\u00ec e io mi alzo perch\u00e9 la gente viene e io non voglio deluderla\u201d. Stava morendo e pensava agli altri\u00bb.<\/p>\n<p style=\"text-align: justify;\">\u00abLa testimonianza della Misericordia di Giovanni Paolo II \u2013 afferma Comastri &#8211; mi piace sintetizzarla in due lampade: quella del perdono, fino all\u2019eroismo, e quella dell\u2019annuncio della verit\u00e0, perch\u00e9 perdono e verit\u00e0 sono due lampade che vengono dalla Misericordia\u00bb.<\/p>\n<p style=\"text-align: justify;\">Il perdono: \u00abPensate che subito dopo l\u2019attentato, quando il Papa era in un lago di sangue, appena ha ripreso un pochino la conoscenza le prime parole che ha detto sono state: \u201cPerdono il fratello che mi ha sparato\u201d. Chiamare in quel momento \u201cfratello\u201d Al\u00ec Agca richiede un bel coraggio, una bella fede, una bella testimonianza\u00bb. Di pi\u00f9: \u00abQuando il Papa si \u00e8 ripreso non ha organizzato proteste, scioperi, vendette\u2026 soltanto preghiera; preghiera e perdono. Qui si vede il volto bello del cattolicesimo\u00bb.<\/p>\n<p style=\"text-align: justify;\">Poi c\u2019\u00e8 la \u00ablampada della verit\u00e0\u00bb: Papa Wojtyla \u00abha fatto brillare questa lampada con tre encicliche meravigliose ma anche con tantissimi discorsi. L\u2019enciclica<em>Veritatis Splendor<\/em>, l\u2019enciclica <em>Evangelium Vitae <\/em>e <em>Fides et ratio<\/em>. Giovanni Paolo II \u2013 sottolinea il Porporato &#8211; ha gridato la verit\u00e0 perch\u00e9 la verit\u00e0 \u00e8 un servizio di Misericordia! Perch\u00e9 il peccato \u00e8 male e fa male! E non dimentichiamo che Ges\u00f9, il misericordioso, Colui che ha detto: \u201cIo sono venuto per i peccatori \u2026\u201d, ha aggiunto anche: \u201c\u2026 affinch\u00e9 si convertano\u201d\u00bb.<\/p>\n","protected":false},"excerpt":{"rendered":"<p>Vatican insider \u2013 La Stampa 1 aprile 2016 Svela l\u2019aneddoto il cardinale Angelo Comastri in un\u2019intervista a Radio Vaticana per l\u201911\u00b0 anniversario della morte di papa san Giovanni Paolo II, che ricorre domani: \u00ab\u201dLa gente viene e io non voglio deluderla\u201d. Stava morendo e pensava agli altri\u00bb Domenico Agasso Jr<\/p><p><a class=\"more-link btn\" href=\"https:\/\/www.rassegnastampa-totustuus.it\/cattolica\/quando-wojtyla-morente-disse-oggi-e-mercoledi-e-io-mi-alzo\/\">Continua a leggere<\/a><\/p>\n","protected":false},"author":6,"featured_media":32448,"comment_status":"closed","ping_status":"closed","sticky":false,"template":"","format":"standard","meta":{"footnotes":""},"categories":[5],"tags":[336,2041],"class_list":["post-32447","post","type-post","status-publish","format-standard","has-post-thumbnail","hentry","category-chiesa","tag-giovanni-paolo-ii","tag-misericordia","item-wrap"],"yoast_head":"<!-- This site is optimized with the Yoast SEO plugin v27.5 - https:\/\/yoast.com\/product\/yoast-seo-wordpress\/ -->\n<title>Quando Wojtyla morente disse: \u201cOggi \u00e8 mercoled\u00ec e io mi alzo!\u201d - Rassegna Stampa Cattolica<\/title>\n<meta name=\"description\" content=\"Rassegna Stampa Cattolica - Per una cultura che nasce dalla Rivelazione cristiana in conformit\u00e0 alla tradizione e al Magistero della Chiesa in opposizione ad ogni relativismo e totalitarismo\" \/>\n<meta name=\"robots\" content=\"index, follow, max-snippet:-1, max-image-preview:large, max-video-preview:-1\" \/>\n<link rel=\"canonical\" href=\"https:\/\/www.rassegnastampa-totustuus.it\/cattolica\/quando-wojtyla-morente-disse-oggi-e-mercoledi-e-io-mi-alzo\/\" \/>\n<meta property=\"og:locale\" content=\"it_IT\" \/>\n<meta property=\"og:type\" content=\"article\" \/>\n<meta property=\"og:title\" content=\"Quando Wojtyla morente disse: \u201cOggi \u00e8 mercoled\u00ec e io mi alzo!\u201d - Rassegna Stampa Cattolica\" \/>\n<meta property=\"og:description\" content=\"Rassegna Stampa Cattolica - Per una cultura che nasce dalla Rivelazione cristiana in conformit\u00e0 alla tradizione e al Magistero della Chiesa in opposizione ad ogni relativismo e totalitarismo\" \/>\n<meta property=\"og:url\" content=\"https:\/\/www.rassegnastampa-totustuus.it\/cattolica\/quando-wojtyla-morente-disse-oggi-e-mercoledi-e-io-mi-alzo\/\" \/>\n<meta property=\"og:site_name\" content=\"Rassegna Stampa Cattolica\" \/>\n<meta property=\"article:publisher\" content=\"https:\/\/www.facebook.com\/rassegnastampacattolica\" \/>\n<meta property=\"article:published_time\" content=\"2016-04-06T22:00:03+00:00\" \/>\n<meta property=\"og:image\" content=\"https:\/\/www.rassegnastampa-totustuus.it\/cattolica\/wp-content\/uploads\/2016\/04\/GPII.jpg\" \/>\n\t<meta property=\"og:image:width\" content=\"248\" \/>\n\t<meta property=\"og:image:height\" content=\"203\" \/>\n\t<meta property=\"og:image:type\" content=\"image\/jpeg\" \/>\n<meta name=\"author\" content=\"Redazione\" \/>\n<meta name=\"twitter:card\" content=\"summary_large_image\" \/>\n<meta name=\"twitter:creator\" content=\"@rassegnastampa9\" \/>\n<meta name=\"twitter:site\" content=\"@rassegnastampa9\" \/>\n<meta name=\"twitter:label1\" content=\"Scritto da\" \/>\n\t<meta name=\"twitter:data1\" content=\"Redazione\" \/>\n\t<meta name=\"twitter:label2\" content=\"Tempo di lettura stimato\" \/>\n\t<meta name=\"twitter:data2\" content=\"3 minuti\" \/>\n<script type=\"application\/ld+json\" class=\"yoast-schema-graph\">{\"@context\":\"https:\\\/\\\/schema.org\",\"@graph\":[{\"@type\":\"Article\",\"@id\":\"https:\\\/\\\/www.rassegnastampa-totustuus.it\\\/cattolica\\\/quando-wojtyla-morente-disse-oggi-e-mercoledi-e-io-mi-alzo\\\/#article\",\"isPartOf\":{\"@id\":\"https:\\\/\\\/www.rassegnastampa-totustuus.it\\\/cattolica\\\/quando-wojtyla-morente-disse-oggi-e-mercoledi-e-io-mi-alzo\\\/\"},\"author\":{\"name\":\"Redazione\",\"@id\":\"https:\\\/\\\/www.rassegnastampa-totustuus.it\\\/cattolica\\\/#\\\/schema\\\/person\\\/08f319d2bd1a0904ad9e2bfb7b15e5c3\"},\"headline\":\"Quando Wojtyla morente disse: \u201cOggi \u00e8 mercoled\u00ec e io mi alzo!\u201d\",\"datePublished\":\"2016-04-06T22:00:03+00:00\",\"mainEntityOfPage\":{\"@id\":\"https:\\\/\\\/www.rassegnastampa-totustuus.it\\\/cattolica\\\/quando-wojtyla-morente-disse-oggi-e-mercoledi-e-io-mi-alzo\\\/\"},\"wordCount\":566,\"publisher\":{\"@id\":\"https:\\\/\\\/www.rassegnastampa-totustuus.it\\\/cattolica\\\/#organization\"},\"image\":{\"@id\":\"https:\\\/\\\/www.rassegnastampa-totustuus.it\\\/cattolica\\\/quando-wojtyla-morente-disse-oggi-e-mercoledi-e-io-mi-alzo\\\/#primaryimage\"},\"thumbnailUrl\":\"https:\\\/\\\/www.rassegnastampa-totustuus.it\\\/cattolica\\\/wp-content\\\/uploads\\\/2016\\\/04\\\/GPII.jpg\",\"keywords\":[\"Giovanni Paolo II\",\"Misericordia\"],\"articleSection\":[\"Chiesa\"],\"inLanguage\":\"it-IT\"},{\"@type\":\"WebPage\",\"@id\":\"https:\\\/\\\/www.rassegnastampa-totustuus.it\\\/cattolica\\\/quando-wojtyla-morente-disse-oggi-e-mercoledi-e-io-mi-alzo\\\/\",\"url\":\"https:\\\/\\\/www.rassegnastampa-totustuus.it\\\/cattolica\\\/quando-wojtyla-morente-disse-oggi-e-mercoledi-e-io-mi-alzo\\\/\",\"name\":\"Quando Wojtyla morente disse: \u201cOggi \u00e8 mercoled\u00ec e io mi alzo!\u201d - Rassegna Stampa Cattolica\",\"isPartOf\":{\"@id\":\"https:\\\/\\\/www.rassegnastampa-totustuus.it\\\/cattolica\\\/#website\"},\"primaryImageOfPage\":{\"@id\":\"https:\\\/\\\/www.rassegnastampa-totustuus.it\\\/cattolica\\\/quando-wojtyla-morente-disse-oggi-e-mercoledi-e-io-mi-alzo\\\/#primaryimage\"},\"image\":{\"@id\":\"https:\\\/\\\/www.rassegnastampa-totustuus.it\\\/cattolica\\\/quando-wojtyla-morente-disse-oggi-e-mercoledi-e-io-mi-alzo\\\/#primaryimage\"},\"thumbnailUrl\":\"https:\\\/\\\/www.rassegnastampa-totustuus.it\\\/cattolica\\\/wp-content\\\/uploads\\\/2016\\\/04\\\/GPII.jpg\",\"datePublished\":\"2016-04-06T22:00:03+00:00\",\"description\":\"Rassegna Stampa Cattolica - Per una cultura che nasce dalla Rivelazione cristiana in conformit\u00e0 alla tradizione e al Magistero della Chiesa in opposizione ad ogni relativismo e totalitarismo\",\"breadcrumb\":{\"@id\":\"https:\\\/\\\/www.rassegnastampa-totustuus.it\\\/cattolica\\\/quando-wojtyla-morente-disse-oggi-e-mercoledi-e-io-mi-alzo\\\/#breadcrumb\"},\"inLanguage\":\"it-IT\",\"potentialAction\":[{\"@type\":\"ReadAction\",\"target\":[\"https:\\\/\\\/www.rassegnastampa-totustuus.it\\\/cattolica\\\/quando-wojtyla-morente-disse-oggi-e-mercoledi-e-io-mi-alzo\\\/\"]}]},{\"@type\":\"ImageObject\",\"inLanguage\":\"it-IT\",\"@id\":\"https:\\\/\\\/www.rassegnastampa-totustuus.it\\\/cattolica\\\/quando-wojtyla-morente-disse-oggi-e-mercoledi-e-io-mi-alzo\\\/#primaryimage\",\"url\":\"https:\\\/\\\/www.rassegnastampa-totustuus.it\\\/cattolica\\\/wp-content\\\/uploads\\\/2016\\\/04\\\/GPII.jpg\",\"contentUrl\":\"https:\\\/\\\/www.rassegnastampa-totustuus.it\\\/cattolica\\\/wp-content\\\/uploads\\\/2016\\\/04\\\/GPII.jpg\",\"width\":248,\"height\":203},{\"@type\":\"BreadcrumbList\",\"@id\":\"https:\\\/\\\/www.rassegnastampa-totustuus.it\\\/cattolica\\\/quando-wojtyla-morente-disse-oggi-e-mercoledi-e-io-mi-alzo\\\/#breadcrumb\",\"itemListElement\":[{\"@type\":\"ListItem\",\"position\":1,\"name\":\"Home\",\"item\":\"https:\\\/\\\/www.rassegnastampa-totustuus.it\\\/cattolica\\\/\"},{\"@type\":\"ListItem\",\"position\":2,\"name\":\"Quando Wojtyla morente disse: \u201cOggi \u00e8 mercoled\u00ec e io mi alzo!\u201d\"}]},{\"@type\":\"WebSite\",\"@id\":\"https:\\\/\\\/www.rassegnastampa-totustuus.it\\\/cattolica\\\/#website\",\"url\":\"https:\\\/\\\/www.rassegnastampa-totustuus.it\\\/cattolica\\\/\",\"name\":\"Rassegna Stampa Cattolica\",\"description\":\"Per una cultura che nasce dalla Rivelazione cristiana in conformit\u00e0 alla tradizione e al Magistero della Chiesa in opposizione ad ogni relativismo e totalitarismo\",\"publisher\":{\"@id\":\"https:\\\/\\\/www.rassegnastampa-totustuus.it\\\/cattolica\\\/#organization\"},\"alternateName\":\"Rass. Cattolica\",\"potentialAction\":[{\"@type\":\"SearchAction\",\"target\":{\"@type\":\"EntryPoint\",\"urlTemplate\":\"https:\\\/\\\/www.rassegnastampa-totustuus.it\\\/cattolica\\\/?s={search_term_string}\"},\"query-input\":{\"@type\":\"PropertyValueSpecification\",\"valueRequired\":true,\"valueName\":\"search_term_string\"}}],\"inLanguage\":\"it-IT\"},{\"@type\":\"Organization\",\"@id\":\"https:\\\/\\\/www.rassegnastampa-totustuus.it\\\/cattolica\\\/#organization\",\"name\":\"Rassegna Stampa Cattolica\",\"url\":\"https:\\\/\\\/www.rassegnastampa-totustuus.it\\\/cattolica\\\/\",\"logo\":{\"@type\":\"ImageObject\",\"inLanguage\":\"it-IT\",\"@id\":\"https:\\\/\\\/www.rassegnastampa-totustuus.it\\\/cattolica\\\/#\\\/schema\\\/logo\\\/image\\\/\",\"url\":\"https:\\\/\\\/www.rassegnastampa-totustuus.it\\\/cattolica\\\/wp-content\\\/uploads\\\/2014\\\/04\\\/logo-rassegna1.gif\",\"contentUrl\":\"https:\\\/\\\/www.rassegnastampa-totustuus.it\\\/cattolica\\\/wp-content\\\/uploads\\\/2014\\\/04\\\/logo-rassegna1.gif\",\"width\":600,\"height\":163,\"caption\":\"Rassegna Stampa Cattolica\"},\"image\":{\"@id\":\"https:\\\/\\\/www.rassegnastampa-totustuus.it\\\/cattolica\\\/#\\\/schema\\\/logo\\\/image\\\/\"},\"sameAs\":[\"https:\\\/\\\/www.facebook.com\\\/rassegnastampacattolica\",\"https:\\\/\\\/x.com\\\/rassegnastampa9\"]},{\"@type\":\"Person\",\"@id\":\"https:\\\/\\\/www.rassegnastampa-totustuus.it\\\/cattolica\\\/#\\\/schema\\\/person\\\/08f319d2bd1a0904ad9e2bfb7b15e5c3\",\"name\":\"Redazione\",\"image\":{\"@type\":\"ImageObject\",\"inLanguage\":\"it-IT\",\"@id\":\"https:\\\/\\\/secure.gravatar.com\\\/avatar\\\/2fcdf27c78ea025fbdb44e914cc63c72249ffec9dc8aafd5c82b26240ef3f346?s=96&d=mm&r=g\",\"url\":\"https:\\\/\\\/secure.gravatar.com\\\/avatar\\\/2fcdf27c78ea025fbdb44e914cc63c72249ffec9dc8aafd5c82b26240ef3f346?s=96&d=mm&r=g\",\"contentUrl\":\"https:\\\/\\\/secure.gravatar.com\\\/avatar\\\/2fcdf27c78ea025fbdb44e914cc63c72249ffec9dc8aafd5c82b26240ef3f346?s=96&d=mm&r=g\",\"caption\":\"Redazione\"},\"url\":\"https:\\\/\\\/www.rassegnastampa-totustuus.it\\\/cattolica\\\/author\\\/pietroelle\\\/\"}]}<\/script>\n<!-- \/ Yoast SEO plugin. -->","yoast_head_json":{"title":"Quando Wojtyla morente disse: \u201cOggi \u00e8 mercoled\u00ec e io mi alzo!\u201d - Rassegna Stampa Cattolica","description":"Rassegna Stampa Cattolica - Per una cultura che nasce dalla Rivelazione cristiana in conformit\u00e0 alla tradizione e al Magistero della Chiesa in opposizione ad ogni relativismo e totalitarismo","robots":{"index":"index","follow":"follow","max-snippet":"max-snippet:-1","max-image-preview":"max-image-preview:large","max-video-preview":"max-video-preview:-1"},"canonical":"https:\/\/www.rassegnastampa-totustuus.it\/cattolica\/quando-wojtyla-morente-disse-oggi-e-mercoledi-e-io-mi-alzo\/","og_locale":"it_IT","og_type":"article","og_title":"Quando Wojtyla morente disse: \u201cOggi \u00e8 mercoled\u00ec e io mi alzo!\u201d - Rassegna Stampa Cattolica","og_description":"Rassegna Stampa Cattolica - Per una cultura che nasce dalla Rivelazione cristiana in conformit\u00e0 alla tradizione e al Magistero della Chiesa in opposizione ad ogni relativismo e totalitarismo","og_url":"https:\/\/www.rassegnastampa-totustuus.it\/cattolica\/quando-wojtyla-morente-disse-oggi-e-mercoledi-e-io-mi-alzo\/","og_site_name":"Rassegna Stampa Cattolica","article_publisher":"https:\/\/www.facebook.com\/rassegnastampacattolica","article_published_time":"2016-04-06T22:00:03+00:00","og_image":[{"width":248,"height":203,"url":"https:\/\/www.rassegnastampa-totustuus.it\/cattolica\/wp-content\/uploads\/2016\/04\/GPII.jpg","type":"image\/jpeg"}],"author":"Redazione","twitter_card":"summary_large_image","twitter_creator":"@rassegnastampa9","twitter_site":"@rassegnastampa9","twitter_misc":{"Scritto da":"Redazione","Tempo di lettura stimato":"3 minuti"},"schema":{"@context":"https:\/\/schema.org","@graph":[{"@type":"Article","@id":"https:\/\/www.rassegnastampa-totustuus.it\/cattolica\/quando-wojtyla-morente-disse-oggi-e-mercoledi-e-io-mi-alzo\/#article","isPartOf":{"@id":"https:\/\/www.rassegnastampa-totustuus.it\/cattolica\/quando-wojtyla-morente-disse-oggi-e-mercoledi-e-io-mi-alzo\/"},"author":{"name":"Redazione","@id":"https:\/\/www.rassegnastampa-totustuus.it\/cattolica\/#\/schema\/person\/08f319d2bd1a0904ad9e2bfb7b15e5c3"},"headline":"Quando Wojtyla morente disse: \u201cOggi \u00e8 mercoled\u00ec e io mi alzo!\u201d","datePublished":"2016-04-06T22:00:03+00:00","mainEntityOfPage":{"@id":"https:\/\/www.rassegnastampa-totustuus.it\/cattolica\/quando-wojtyla-morente-disse-oggi-e-mercoledi-e-io-mi-alzo\/"},"wordCount":566,"publisher":{"@id":"https:\/\/www.rassegnastampa-totustuus.it\/cattolica\/#organization"},"image":{"@id":"https:\/\/www.rassegnastampa-totustuus.it\/cattolica\/quando-wojtyla-morente-disse-oggi-e-mercoledi-e-io-mi-alzo\/#primaryimage"},"thumbnailUrl":"https:\/\/www.rassegnastampa-totustuus.it\/cattolica\/wp-content\/uploads\/2016\/04\/GPII.jpg","keywords":["Giovanni Paolo II","Misericordia"],"articleSection":["Chiesa"],"inLanguage":"it-IT"},{"@type":"WebPage","@id":"https:\/\/www.rassegnastampa-totustuus.it\/cattolica\/quando-wojtyla-morente-disse-oggi-e-mercoledi-e-io-mi-alzo\/","url":"https:\/\/www.rassegnastampa-totustuus.it\/cattolica\/quando-wojtyla-morente-disse-oggi-e-mercoledi-e-io-mi-alzo\/","name":"Quando Wojtyla morente disse: \u201cOggi \u00e8 mercoled\u00ec e io mi alzo!\u201d - Rassegna Stampa Cattolica","isPartOf":{"@id":"https:\/\/www.rassegnastampa-totustuus.it\/cattolica\/#website"},"primaryImageOfPage":{"@id":"https:\/\/www.rassegnastampa-totustuus.it\/cattolica\/quando-wojtyla-morente-disse-oggi-e-mercoledi-e-io-mi-alzo\/#primaryimage"},"image":{"@id":"https:\/\/www.rassegnastampa-totustuus.it\/cattolica\/quando-wojtyla-morente-disse-oggi-e-mercoledi-e-io-mi-alzo\/#primaryimage"},"thumbnailUrl":"https:\/\/www.rassegnastampa-totustuus.it\/cattolica\/wp-content\/uploads\/2016\/04\/GPII.jpg","datePublished":"2016-04-06T22:00:03+00:00","description":"Rassegna Stampa Cattolica - Per una cultura che nasce dalla Rivelazione cristiana in conformit\u00e0 alla tradizione e al Magistero della Chiesa in opposizione ad ogni relativismo e totalitarismo","breadcrumb":{"@id":"https:\/\/www.rassegnastampa-totustuus.it\/cattolica\/quando-wojtyla-morente-disse-oggi-e-mercoledi-e-io-mi-alzo\/#breadcrumb"},"inLanguage":"it-IT","potentialAction":[{"@type":"ReadAction","target":["https:\/\/www.rassegnastampa-totustuus.it\/cattolica\/quando-wojtyla-morente-disse-oggi-e-mercoledi-e-io-mi-alzo\/"]}]},{"@type":"ImageObject","inLanguage":"it-IT","@id":"https:\/\/www.rassegnastampa-totustuus.it\/cattolica\/quando-wojtyla-morente-disse-oggi-e-mercoledi-e-io-mi-alzo\/#primaryimage","url":"https:\/\/www.rassegnastampa-totustuus.it\/cattolica\/wp-content\/uploads\/2016\/04\/GPII.jpg","contentUrl":"https:\/\/www.rassegnastampa-totustuus.it\/cattolica\/wp-content\/uploads\/2016\/04\/GPII.jpg","width":248,"height":203},{"@type":"BreadcrumbList","@id":"https:\/\/www.rassegnastampa-totustuus.it\/cattolica\/quando-wojtyla-morente-disse-oggi-e-mercoledi-e-io-mi-alzo\/#breadcrumb","itemListElement":[{"@type":"ListItem","position":1,"name":"Home","item":"https:\/\/www.rassegnastampa-totustuus.it\/cattolica\/"},{"@type":"ListItem","position":2,"name":"Quando Wojtyla morente disse: \u201cOggi \u00e8 mercoled\u00ec e io mi alzo!\u201d"}]},{"@type":"WebSite","@id":"https:\/\/www.rassegnastampa-totustuus.it\/cattolica\/#website","url":"https:\/\/www.rassegnastampa-totustuus.it\/cattolica\/","name":"Rassegna Stampa Cattolica","description":"Per una cultura che nasce dalla Rivelazione cristiana in conformit\u00e0 alla tradizione e al Magistero della Chiesa in opposizione ad ogni relativismo e totalitarismo","publisher":{"@id":"https:\/\/www.rassegnastampa-totustuus.it\/cattolica\/#organization"},"alternateName":"Rass. Cattolica","potentialAction":[{"@type":"SearchAction","target":{"@type":"EntryPoint","urlTemplate":"https:\/\/www.rassegnastampa-totustuus.it\/cattolica\/?s={search_term_string}"},"query-input":{"@type":"PropertyValueSpecification","valueRequired":true,"valueName":"search_term_string"}}],"inLanguage":"it-IT"},{"@type":"Organization","@id":"https:\/\/www.rassegnastampa-totustuus.it\/cattolica\/#organization","name":"Rassegna Stampa Cattolica","url":"https:\/\/www.rassegnastampa-totustuus.it\/cattolica\/","logo":{"@type":"ImageObject","inLanguage":"it-IT","@id":"https:\/\/www.rassegnastampa-totustuus.it\/cattolica\/#\/schema\/logo\/image\/","url":"https:\/\/www.rassegnastampa-totustuus.it\/cattolica\/wp-content\/uploads\/2014\/04\/logo-rassegna1.gif","contentUrl":"https:\/\/www.rassegnastampa-totustuus.it\/cattolica\/wp-content\/uploads\/2014\/04\/logo-rassegna1.gif","width":600,"height":163,"caption":"Rassegna Stampa Cattolica"},"image":{"@id":"https:\/\/www.rassegnastampa-totustuus.it\/cattolica\/#\/schema\/logo\/image\/"},"sameAs":["https:\/\/www.facebook.com\/rassegnastampacattolica","https:\/\/x.com\/rassegnastampa9"]},{"@type":"Person","@id":"https:\/\/www.rassegnastampa-totustuus.it\/cattolica\/#\/schema\/person\/08f319d2bd1a0904ad9e2bfb7b15e5c3","name":"Redazione","image":{"@type":"ImageObject","inLanguage":"it-IT","@id":"https:\/\/secure.gravatar.com\/avatar\/2fcdf27c78ea025fbdb44e914cc63c72249ffec9dc8aafd5c82b26240ef3f346?s=96&d=mm&r=g","url":"https:\/\/secure.gravatar.com\/avatar\/2fcdf27c78ea025fbdb44e914cc63c72249ffec9dc8aafd5c82b26240ef3f346?s=96&d=mm&r=g","contentUrl":"https:\/\/secure.gravatar.com\/avatar\/2fcdf27c78ea025fbdb44e914cc63c72249ffec9dc8aafd5c82b26240ef3f346?s=96&d=mm&r=g","caption":"Redazione"},"url":"https:\/\/www.rassegnastampa-totustuus.it\/cattolica\/author\/pietroelle\/"}]}},"_links":{"self":[{"href":"https:\/\/www.rassegnastampa-totustuus.it\/cattolica\/wp-json\/wp\/v2\/posts\/32447","targetHints":{"allow":["GET"]}}],"collection":[{"href":"https:\/\/www.rassegnastampa-totustuus.it\/cattolica\/wp-json\/wp\/v2\/posts"}],"about":[{"href":"https:\/\/www.rassegnastampa-totustuus.it\/cattolica\/wp-json\/wp\/v2\/types\/post"}],"author":[{"embeddable":true,"href":"https:\/\/www.rassegnastampa-totustuus.it\/cattolica\/wp-json\/wp\/v2\/users\/6"}],"replies":[{"embeddable":true,"href":"https:\/\/www.rassegnastampa-totustuus.it\/cattolica\/wp-json\/wp\/v2\/comments?post=32447"}],"version-history":[{"count":1,"href":"https:\/\/www.rassegnastampa-totustuus.it\/cattolica\/wp-json\/wp\/v2\/posts\/32447\/revisions"}],"predecessor-version":[{"id":32449,"href":"https:\/\/www.rassegnastampa-totustuus.it\/cattolica\/wp-json\/wp\/v2\/posts\/32447\/revisions\/32449"}],"wp:featuredmedia":[{"embeddable":true,"href":"https:\/\/www.rassegnastampa-totustuus.it\/cattolica\/wp-json\/wp\/v2\/media\/32448"}],"wp:attachment":[{"href":"https:\/\/www.rassegnastampa-totustuus.it\/cattolica\/wp-json\/wp\/v2\/media?parent=32447"}],"wp:term":[{"taxonomy":"category","embeddable":true,"href":"https:\/\/www.rassegnastampa-totustuus.it\/cattolica\/wp-json\/wp\/v2\/categories?post=32447"},{"taxonomy":"post_tag","embeddable":true,"href":"https:\/\/www.rassegnastampa-totustuus.it\/cattolica\/wp-json\/wp\/v2\/tags?post=32447"}],"curies":[{"name":"wp","href":"https:\/\/api.w.org\/{rel}","templated":true}]}}