{"id":32437,"date":"2016-04-07T00:00:36","date_gmt":"2016-04-06T22:00:36","guid":{"rendered":"http:\/\/www.rassegnastampa-totustuus.it\/cattolica\/?p=32437"},"modified":"2016-04-04T08:43:33","modified_gmt":"2016-04-04T06:43:33","slug":"si-puo-sconfiggere-il-terrorismo","status":"publish","type":"post","link":"https:\/\/www.rassegnastampa-totustuus.it\/cattolica\/si-puo-sconfiggere-il-terrorismo\/","title":{"rendered":"Si pu\u00f2 sconfiggere il terrorismo?"},"content":{"rendered":"<p style=\"text-align: center;\"><img loading=\"lazy\" decoding=\"async\" class=\"alignright wp-image-32438\" src=\"https:\/\/www.rassegnastampa-totustuus.it\/cattolica\/wp-content\/uploads\/2016\/04\/attentato_Londra.jpg\" alt=\"attentato_Londra\" width=\"250\" height=\"161\" \/>Comunit\u00e0 Ambrosiana <strong>Newsletter di Alleanza Cattolica <\/strong>in Milano n. 203<\/p>\n<p style=\"text-align: center;\">aprile 2016<\/p>\n<p style=\"text-align: center;\"><strong>Marco Invernizzi<\/strong><\/p>\n<p style=\"text-align: justify;\">Care amiche, cari amici<\/p>\n<p style=\"text-align: justify;\">Forse non ci siamo ancora resi conto veramente che, anche in Italia, il rischio terrorismo \u00e8 molto reale. Chi ha una certa et\u00e0 non pu\u00f2 non ricordarsi che ci fu un&#8217;altra stagione, negli Anni Settanta, in cui il terrorismo era ben presente nella nostra societ\u00e0. Un terrorismo che non era soltanto quello stragista e ambiguo della bombe sui treni o nelle banche, ma era un terrorismo presente nelle scuole e nelle universit\u00e0, nelle fabbriche e su molti giornali, un terrorismo che negava la libert\u00e0 di parola agli anticomunisti e che giustificava la loro eliminazione, a volte anche fisica.<\/p>\n<p style=\"text-align: justify;\"><!--more--><\/p>\n<p style=\"text-align: justify;\">Certo, non tutti i comunisti erano terroristi, ma i terroristi agivano nel nome del comunismo, cos\u00ec come oggi non tutti i musulmani sono terroristi, ma i terroristi agiscono nel nome di quello che credono essere l&#8217;Islam.<\/p>\n<p style=\"text-align: justify;\">All&#8217;inizio i terroristi comunisti erano degli \u201cinfiltrati dai servizi\u201d o \u201cfascisti provocatori\u201d, poi divennero &#8220;compagni che sbagliano&#8221; e infine vennero denunciati alla Magistratura e alle Forze dell&#8217;ordine, quando il Pci smise di coprire coloro che erano in parte usciti dalle sue fila. Soltanto allora il terrorismo venne sconfitto, quando perse il consenso che aveva nelle manifestazioni, nei diversi partiti della sinistra, nelle stesse istituzioni e nei giornali. Chi allora andava a scuola o all&#8217;universit\u00e0 ricorda bene le tante connivenze.<\/p>\n<p style=\"text-align: justify;\">Anche oggi bisogna che le comunit\u00e0 islamiche che vivono in Occidente espellano dai loro ambienti coloro che appoggiano o praticano il terrorismo.<\/p>\n<p style=\"text-align: justify;\">Questo noi lo possiamo auspicare e richiedere, ma non possiamo sostituirci alle comunit\u00e0 che professano l&#8217;Islam. Possiamo per\u00f2 imparare da allora che questo male non verr\u00e0 mai debellato finch\u00e9 non ci decideremo a far circolare di nuovo nei nostri Paesi quei princ\u00ecpi che distinguono la nostra fede e la civilt\u00e0 cristiana che \u00e8 nata dalla fede in Cristo.<\/p>\n<p style=\"text-align: justify;\">Ho un amico che si \u00e8 convertito dall&#8217;islam, dopo un lungo combattimento interiore, che mi ha spiegato come il motivo dominante della sua conversione fosse il fatto che i cristiani gli parlavano sempre di amare, di volere il bene delle persone che gli stavano intorno. I musulmani no. Allora mi chiedo quando cominceremo a rivendicare con fierezza questa peculiarit\u00e0, mostrandola a chi, da noi, professa altre religioni, cos\u00ec come facevano i primi cristiani, che convertivano i pagani soprattutto con la loro vita, quando dimostravano di volersi bene dentro un mondo pieno di rivalit\u00e0, di rancore, di odio. \u00c8 cos\u00ec con tutte le altre caratteristiche della fede, che \u00e8 anzitutto un incontro personale con il Signore, ma \u00e8 anche un modo particolare di relazionarsi con il prossimo che convince anche solo da un punto di vista umano.<\/p>\n<p style=\"text-align: justify;\">Questo \u00e8 un aspetto importante della <em>nuova evangelizzazione<\/em>. C&#8217;\u00e8 la preghiera certamente, che pu\u00f2 tutto, anche spostare le montagne e dunque entrare nei cuori che abitano le nostre citt\u00e0 provenienti da altre religioni e culture. Ma c&#8217;\u00e8 anche il nostro uscire da noi stessi, dai nostri piccoli o grandi problemi, come il Pontefice ha suggerito nella Notte Santa, invitando a uscire da s\u00e9, ad andare incontro alle esigenze del prossimo, a vincere la tristezza come una malattia terribile e devastante.<\/p>\n<p style=\"text-align: justify;\">Non solo, ma c&#8217;\u00e8 anche una cultura politica da re-insegnare. Il cristianesimo \u00e8 anzitutto il seguire il Figlio di Dio, ma la fede deve diventare cultura e costruire un mondo migliore. Il terrorismo rosso cominci\u00f2 ad essere sconfitto quando inizi\u00f2 a favorire il recupero di una tradizione culturale che sembrava scomparsa. Provate solo a confrontare i libri di impostazione cattolica e controrivoluzionaria che uscivano allora e quanti invece ne escono oggi. Molto \u00e8 stato fatto da questo punto di vista e io stesso posso personalmente testimoniarlo.<\/p>\n<p style=\"text-align: justify;\">Lo stesso si pu\u00f2 fare oggi di fronte alla sfida della inaudita violenza e della cultura della morte professata dai terroristi. Avviciniamo le comunit\u00e0 islamiche, coinvolgiamo i loro bambini mostrando loro che si pu\u00f2 vivere nell&#8217;amore, nella fratellanza, nella libert\u00e0, senza rinunciare alla ricerca della verit\u00e0, senza dimenticare l&#8217;obbedienza e il rispetto di una morale scelta e non imposta. Coinvolgiamoli nella difesa della famiglia e nel contempo mostriamo loro l&#8217;unicit\u00e0 e l&#8217;indissolubilit\u00e0 dell&#8217;amore coniugale.<\/p>\n<p>Il nostro mondo occidentale sta morendo, ma non siamo alla fine del mondo. Un altro mondo nascer\u00e0: o sar\u00e0 il frutto del nostro apostolato, o saremo soggiogati da un&#8217;altra cultura.<\/p>\n","protected":false},"excerpt":{"rendered":"<p>Comunit\u00e0 Ambrosiana Newsletter di Alleanza Cattolica in Milano n. 203 aprile 2016 Marco Invernizzi Care amiche, cari amici Forse non ci siamo ancora resi conto veramente che, anche in Italia, il rischio terrorismo \u00e8 molto reale. Chi ha una certa et\u00e0 non pu\u00f2 non ricordarsi che ci fu un&#8217;altra stagione, negli Anni Settanta, in cui &hellip; <\/p>\n<p><a class=\"more-link btn\" href=\"https:\/\/www.rassegnastampa-totustuus.it\/cattolica\/si-puo-sconfiggere-il-terrorismo\/\">Continua a leggere<\/a><\/p>\n","protected":false},"author":6,"featured_media":32438,"comment_status":"closed","ping_status":"closed","sticky":false,"template":"","format":"standard","meta":{"footnotes":""},"categories":[16,111],"tags":[1321],"class_list":["post-32437","post","type-post","status-publish","format-standard","has-post-thumbnail","hentry","category-islam","category-islam-in-europa","tag-terrorismo-islamico","item-wrap"],"yoast_head":"<!-- This site is optimized with the Yoast SEO plugin v27.5 - https:\/\/yoast.com\/product\/yoast-seo-wordpress\/ -->\n<title>Si pu\u00f2 sconfiggere il terrorismo? - Rassegna Stampa Cattolica<\/title>\n<meta name=\"description\" content=\"Rassegna Stampa Cattolica - Per una cultura che nasce dalla Rivelazione cristiana in conformit\u00e0 alla tradizione e al Magistero della Chiesa in opposizione ad ogni relativismo e totalitarismo\" \/>\n<meta name=\"robots\" content=\"index, follow, max-snippet:-1, max-image-preview:large, max-video-preview:-1\" \/>\n<link rel=\"canonical\" href=\"https:\/\/www.rassegnastampa-totustuus.it\/cattolica\/si-puo-sconfiggere-il-terrorismo\/\" \/>\n<meta property=\"og:locale\" content=\"it_IT\" \/>\n<meta property=\"og:type\" content=\"article\" \/>\n<meta property=\"og:title\" content=\"Si pu\u00f2 sconfiggere il terrorismo? - Rassegna Stampa Cattolica\" \/>\n<meta property=\"og:description\" content=\"Rassegna Stampa Cattolica - Per una cultura che nasce dalla Rivelazione cristiana in conformit\u00e0 alla tradizione e al Magistero della Chiesa in opposizione ad ogni relativismo e totalitarismo\" \/>\n<meta property=\"og:url\" content=\"https:\/\/www.rassegnastampa-totustuus.it\/cattolica\/si-puo-sconfiggere-il-terrorismo\/\" \/>\n<meta property=\"og:site_name\" content=\"Rassegna Stampa Cattolica\" \/>\n<meta property=\"article:publisher\" content=\"https:\/\/www.facebook.com\/rassegnastampacattolica\" \/>\n<meta property=\"article:published_time\" content=\"2016-04-06T22:00:36+00:00\" \/>\n<meta property=\"og:image\" content=\"https:\/\/www.rassegnastampa-totustuus.it\/cattolica\/wp-content\/uploads\/2016\/04\/attentato_Londra.jpg\" \/>\n\t<meta property=\"og:image:width\" content=\"280\" \/>\n\t<meta property=\"og:image:height\" content=\"180\" \/>\n\t<meta property=\"og:image:type\" content=\"image\/jpeg\" \/>\n<meta name=\"author\" content=\"Redazione\" \/>\n<meta name=\"twitter:card\" content=\"summary_large_image\" \/>\n<meta name=\"twitter:creator\" content=\"@rassegnastampa9\" \/>\n<meta name=\"twitter:site\" content=\"@rassegnastampa9\" \/>\n<meta name=\"twitter:label1\" content=\"Scritto da\" \/>\n\t<meta name=\"twitter:data1\" content=\"Redazione\" \/>\n\t<meta name=\"twitter:label2\" content=\"Tempo di lettura stimato\" \/>\n\t<meta name=\"twitter:data2\" content=\"4 minuti\" \/>\n<script type=\"application\/ld+json\" class=\"yoast-schema-graph\">{\"@context\":\"https:\\\/\\\/schema.org\",\"@graph\":[{\"@type\":\"Article\",\"@id\":\"https:\\\/\\\/www.rassegnastampa-totustuus.it\\\/cattolica\\\/si-puo-sconfiggere-il-terrorismo\\\/#article\",\"isPartOf\":{\"@id\":\"https:\\\/\\\/www.rassegnastampa-totustuus.it\\\/cattolica\\\/si-puo-sconfiggere-il-terrorismo\\\/\"},\"author\":{\"name\":\"Redazione\",\"@id\":\"https:\\\/\\\/www.rassegnastampa-totustuus.it\\\/cattolica\\\/#\\\/schema\\\/person\\\/08f319d2bd1a0904ad9e2bfb7b15e5c3\"},\"headline\":\"Si pu\u00f2 sconfiggere il terrorismo?\",\"datePublished\":\"2016-04-06T22:00:36+00:00\",\"mainEntityOfPage\":{\"@id\":\"https:\\\/\\\/www.rassegnastampa-totustuus.it\\\/cattolica\\\/si-puo-sconfiggere-il-terrorismo\\\/\"},\"wordCount\":725,\"publisher\":{\"@id\":\"https:\\\/\\\/www.rassegnastampa-totustuus.it\\\/cattolica\\\/#organization\"},\"image\":{\"@id\":\"https:\\\/\\\/www.rassegnastampa-totustuus.it\\\/cattolica\\\/si-puo-sconfiggere-il-terrorismo\\\/#primaryimage\"},\"thumbnailUrl\":\"https:\\\/\\\/www.rassegnastampa-totustuus.it\\\/cattolica\\\/wp-content\\\/uploads\\\/2016\\\/04\\\/attentato_Londra.jpg\",\"keywords\":[\"terrorismo islamico\"],\"articleSection\":[\"Islam\",\"Islam in Europa\"],\"inLanguage\":\"it-IT\"},{\"@type\":\"WebPage\",\"@id\":\"https:\\\/\\\/www.rassegnastampa-totustuus.it\\\/cattolica\\\/si-puo-sconfiggere-il-terrorismo\\\/\",\"url\":\"https:\\\/\\\/www.rassegnastampa-totustuus.it\\\/cattolica\\\/si-puo-sconfiggere-il-terrorismo\\\/\",\"name\":\"Si pu\u00f2 sconfiggere il terrorismo? - Rassegna Stampa Cattolica\",\"isPartOf\":{\"@id\":\"https:\\\/\\\/www.rassegnastampa-totustuus.it\\\/cattolica\\\/#website\"},\"primaryImageOfPage\":{\"@id\":\"https:\\\/\\\/www.rassegnastampa-totustuus.it\\\/cattolica\\\/si-puo-sconfiggere-il-terrorismo\\\/#primaryimage\"},\"image\":{\"@id\":\"https:\\\/\\\/www.rassegnastampa-totustuus.it\\\/cattolica\\\/si-puo-sconfiggere-il-terrorismo\\\/#primaryimage\"},\"thumbnailUrl\":\"https:\\\/\\\/www.rassegnastampa-totustuus.it\\\/cattolica\\\/wp-content\\\/uploads\\\/2016\\\/04\\\/attentato_Londra.jpg\",\"datePublished\":\"2016-04-06T22:00:36+00:00\",\"description\":\"Rassegna Stampa Cattolica - Per una cultura che nasce dalla Rivelazione cristiana in conformit\u00e0 alla tradizione e al Magistero della Chiesa in opposizione ad ogni relativismo e totalitarismo\",\"breadcrumb\":{\"@id\":\"https:\\\/\\\/www.rassegnastampa-totustuus.it\\\/cattolica\\\/si-puo-sconfiggere-il-terrorismo\\\/#breadcrumb\"},\"inLanguage\":\"it-IT\",\"potentialAction\":[{\"@type\":\"ReadAction\",\"target\":[\"https:\\\/\\\/www.rassegnastampa-totustuus.it\\\/cattolica\\\/si-puo-sconfiggere-il-terrorismo\\\/\"]}]},{\"@type\":\"ImageObject\",\"inLanguage\":\"it-IT\",\"@id\":\"https:\\\/\\\/www.rassegnastampa-totustuus.it\\\/cattolica\\\/si-puo-sconfiggere-il-terrorismo\\\/#primaryimage\",\"url\":\"https:\\\/\\\/www.rassegnastampa-totustuus.it\\\/cattolica\\\/wp-content\\\/uploads\\\/2016\\\/04\\\/attentato_Londra.jpg\",\"contentUrl\":\"https:\\\/\\\/www.rassegnastampa-totustuus.it\\\/cattolica\\\/wp-content\\\/uploads\\\/2016\\\/04\\\/attentato_Londra.jpg\",\"width\":280,\"height\":180},{\"@type\":\"BreadcrumbList\",\"@id\":\"https:\\\/\\\/www.rassegnastampa-totustuus.it\\\/cattolica\\\/si-puo-sconfiggere-il-terrorismo\\\/#breadcrumb\",\"itemListElement\":[{\"@type\":\"ListItem\",\"position\":1,\"name\":\"Home\",\"item\":\"https:\\\/\\\/www.rassegnastampa-totustuus.it\\\/cattolica\\\/\"},{\"@type\":\"ListItem\",\"position\":2,\"name\":\"Si pu\u00f2 sconfiggere il terrorismo?\"}]},{\"@type\":\"WebSite\",\"@id\":\"https:\\\/\\\/www.rassegnastampa-totustuus.it\\\/cattolica\\\/#website\",\"url\":\"https:\\\/\\\/www.rassegnastampa-totustuus.it\\\/cattolica\\\/\",\"name\":\"Rassegna Stampa Cattolica\",\"description\":\"Per una cultura che nasce dalla Rivelazione cristiana in conformit\u00e0 alla tradizione e al Magistero della Chiesa in opposizione ad ogni relativismo e totalitarismo\",\"publisher\":{\"@id\":\"https:\\\/\\\/www.rassegnastampa-totustuus.it\\\/cattolica\\\/#organization\"},\"alternateName\":\"Rass. Cattolica\",\"potentialAction\":[{\"@type\":\"SearchAction\",\"target\":{\"@type\":\"EntryPoint\",\"urlTemplate\":\"https:\\\/\\\/www.rassegnastampa-totustuus.it\\\/cattolica\\\/?s={search_term_string}\"},\"query-input\":{\"@type\":\"PropertyValueSpecification\",\"valueRequired\":true,\"valueName\":\"search_term_string\"}}],\"inLanguage\":\"it-IT\"},{\"@type\":\"Organization\",\"@id\":\"https:\\\/\\\/www.rassegnastampa-totustuus.it\\\/cattolica\\\/#organization\",\"name\":\"Rassegna Stampa Cattolica\",\"url\":\"https:\\\/\\\/www.rassegnastampa-totustuus.it\\\/cattolica\\\/\",\"logo\":{\"@type\":\"ImageObject\",\"inLanguage\":\"it-IT\",\"@id\":\"https:\\\/\\\/www.rassegnastampa-totustuus.it\\\/cattolica\\\/#\\\/schema\\\/logo\\\/image\\\/\",\"url\":\"https:\\\/\\\/www.rassegnastampa-totustuus.it\\\/cattolica\\\/wp-content\\\/uploads\\\/2014\\\/04\\\/logo-rassegna1.gif\",\"contentUrl\":\"https:\\\/\\\/www.rassegnastampa-totustuus.it\\\/cattolica\\\/wp-content\\\/uploads\\\/2014\\\/04\\\/logo-rassegna1.gif\",\"width\":600,\"height\":163,\"caption\":\"Rassegna Stampa Cattolica\"},\"image\":{\"@id\":\"https:\\\/\\\/www.rassegnastampa-totustuus.it\\\/cattolica\\\/#\\\/schema\\\/logo\\\/image\\\/\"},\"sameAs\":[\"https:\\\/\\\/www.facebook.com\\\/rassegnastampacattolica\",\"https:\\\/\\\/x.com\\\/rassegnastampa9\"]},{\"@type\":\"Person\",\"@id\":\"https:\\\/\\\/www.rassegnastampa-totustuus.it\\\/cattolica\\\/#\\\/schema\\\/person\\\/08f319d2bd1a0904ad9e2bfb7b15e5c3\",\"name\":\"Redazione\",\"image\":{\"@type\":\"ImageObject\",\"inLanguage\":\"it-IT\",\"@id\":\"https:\\\/\\\/secure.gravatar.com\\\/avatar\\\/2fcdf27c78ea025fbdb44e914cc63c72249ffec9dc8aafd5c82b26240ef3f346?s=96&d=mm&r=g\",\"url\":\"https:\\\/\\\/secure.gravatar.com\\\/avatar\\\/2fcdf27c78ea025fbdb44e914cc63c72249ffec9dc8aafd5c82b26240ef3f346?s=96&d=mm&r=g\",\"contentUrl\":\"https:\\\/\\\/secure.gravatar.com\\\/avatar\\\/2fcdf27c78ea025fbdb44e914cc63c72249ffec9dc8aafd5c82b26240ef3f346?s=96&d=mm&r=g\",\"caption\":\"Redazione\"},\"url\":\"https:\\\/\\\/www.rassegnastampa-totustuus.it\\\/cattolica\\\/author\\\/pietroelle\\\/\"}]}<\/script>\n<!-- \/ Yoast SEO plugin. -->","yoast_head_json":{"title":"Si pu\u00f2 sconfiggere il terrorismo? - Rassegna Stampa Cattolica","description":"Rassegna Stampa Cattolica - Per una cultura che nasce dalla Rivelazione cristiana in conformit\u00e0 alla tradizione e al Magistero della Chiesa in opposizione ad ogni relativismo e totalitarismo","robots":{"index":"index","follow":"follow","max-snippet":"max-snippet:-1","max-image-preview":"max-image-preview:large","max-video-preview":"max-video-preview:-1"},"canonical":"https:\/\/www.rassegnastampa-totustuus.it\/cattolica\/si-puo-sconfiggere-il-terrorismo\/","og_locale":"it_IT","og_type":"article","og_title":"Si pu\u00f2 sconfiggere il terrorismo? - Rassegna Stampa Cattolica","og_description":"Rassegna Stampa Cattolica - Per una cultura che nasce dalla Rivelazione cristiana in conformit\u00e0 alla tradizione e al Magistero della Chiesa in opposizione ad ogni relativismo e totalitarismo","og_url":"https:\/\/www.rassegnastampa-totustuus.it\/cattolica\/si-puo-sconfiggere-il-terrorismo\/","og_site_name":"Rassegna Stampa Cattolica","article_publisher":"https:\/\/www.facebook.com\/rassegnastampacattolica","article_published_time":"2016-04-06T22:00:36+00:00","og_image":[{"width":280,"height":180,"url":"https:\/\/www.rassegnastampa-totustuus.it\/cattolica\/wp-content\/uploads\/2016\/04\/attentato_Londra.jpg","type":"image\/jpeg"}],"author":"Redazione","twitter_card":"summary_large_image","twitter_creator":"@rassegnastampa9","twitter_site":"@rassegnastampa9","twitter_misc":{"Scritto da":"Redazione","Tempo di lettura stimato":"4 minuti"},"schema":{"@context":"https:\/\/schema.org","@graph":[{"@type":"Article","@id":"https:\/\/www.rassegnastampa-totustuus.it\/cattolica\/si-puo-sconfiggere-il-terrorismo\/#article","isPartOf":{"@id":"https:\/\/www.rassegnastampa-totustuus.it\/cattolica\/si-puo-sconfiggere-il-terrorismo\/"},"author":{"name":"Redazione","@id":"https:\/\/www.rassegnastampa-totustuus.it\/cattolica\/#\/schema\/person\/08f319d2bd1a0904ad9e2bfb7b15e5c3"},"headline":"Si pu\u00f2 sconfiggere il terrorismo?","datePublished":"2016-04-06T22:00:36+00:00","mainEntityOfPage":{"@id":"https:\/\/www.rassegnastampa-totustuus.it\/cattolica\/si-puo-sconfiggere-il-terrorismo\/"},"wordCount":725,"publisher":{"@id":"https:\/\/www.rassegnastampa-totustuus.it\/cattolica\/#organization"},"image":{"@id":"https:\/\/www.rassegnastampa-totustuus.it\/cattolica\/si-puo-sconfiggere-il-terrorismo\/#primaryimage"},"thumbnailUrl":"https:\/\/www.rassegnastampa-totustuus.it\/cattolica\/wp-content\/uploads\/2016\/04\/attentato_Londra.jpg","keywords":["terrorismo islamico"],"articleSection":["Islam","Islam in Europa"],"inLanguage":"it-IT"},{"@type":"WebPage","@id":"https:\/\/www.rassegnastampa-totustuus.it\/cattolica\/si-puo-sconfiggere-il-terrorismo\/","url":"https:\/\/www.rassegnastampa-totustuus.it\/cattolica\/si-puo-sconfiggere-il-terrorismo\/","name":"Si pu\u00f2 sconfiggere il terrorismo? - Rassegna Stampa Cattolica","isPartOf":{"@id":"https:\/\/www.rassegnastampa-totustuus.it\/cattolica\/#website"},"primaryImageOfPage":{"@id":"https:\/\/www.rassegnastampa-totustuus.it\/cattolica\/si-puo-sconfiggere-il-terrorismo\/#primaryimage"},"image":{"@id":"https:\/\/www.rassegnastampa-totustuus.it\/cattolica\/si-puo-sconfiggere-il-terrorismo\/#primaryimage"},"thumbnailUrl":"https:\/\/www.rassegnastampa-totustuus.it\/cattolica\/wp-content\/uploads\/2016\/04\/attentato_Londra.jpg","datePublished":"2016-04-06T22:00:36+00:00","description":"Rassegna Stampa Cattolica - Per una cultura che nasce dalla Rivelazione cristiana in conformit\u00e0 alla tradizione e al Magistero della Chiesa in opposizione ad ogni relativismo e totalitarismo","breadcrumb":{"@id":"https:\/\/www.rassegnastampa-totustuus.it\/cattolica\/si-puo-sconfiggere-il-terrorismo\/#breadcrumb"},"inLanguage":"it-IT","potentialAction":[{"@type":"ReadAction","target":["https:\/\/www.rassegnastampa-totustuus.it\/cattolica\/si-puo-sconfiggere-il-terrorismo\/"]}]},{"@type":"ImageObject","inLanguage":"it-IT","@id":"https:\/\/www.rassegnastampa-totustuus.it\/cattolica\/si-puo-sconfiggere-il-terrorismo\/#primaryimage","url":"https:\/\/www.rassegnastampa-totustuus.it\/cattolica\/wp-content\/uploads\/2016\/04\/attentato_Londra.jpg","contentUrl":"https:\/\/www.rassegnastampa-totustuus.it\/cattolica\/wp-content\/uploads\/2016\/04\/attentato_Londra.jpg","width":280,"height":180},{"@type":"BreadcrumbList","@id":"https:\/\/www.rassegnastampa-totustuus.it\/cattolica\/si-puo-sconfiggere-il-terrorismo\/#breadcrumb","itemListElement":[{"@type":"ListItem","position":1,"name":"Home","item":"https:\/\/www.rassegnastampa-totustuus.it\/cattolica\/"},{"@type":"ListItem","position":2,"name":"Si pu\u00f2 sconfiggere il terrorismo?"}]},{"@type":"WebSite","@id":"https:\/\/www.rassegnastampa-totustuus.it\/cattolica\/#website","url":"https:\/\/www.rassegnastampa-totustuus.it\/cattolica\/","name":"Rassegna Stampa Cattolica","description":"Per una cultura che nasce dalla Rivelazione cristiana in conformit\u00e0 alla tradizione e al Magistero della Chiesa in opposizione ad ogni relativismo e totalitarismo","publisher":{"@id":"https:\/\/www.rassegnastampa-totustuus.it\/cattolica\/#organization"},"alternateName":"Rass. Cattolica","potentialAction":[{"@type":"SearchAction","target":{"@type":"EntryPoint","urlTemplate":"https:\/\/www.rassegnastampa-totustuus.it\/cattolica\/?s={search_term_string}"},"query-input":{"@type":"PropertyValueSpecification","valueRequired":true,"valueName":"search_term_string"}}],"inLanguage":"it-IT"},{"@type":"Organization","@id":"https:\/\/www.rassegnastampa-totustuus.it\/cattolica\/#organization","name":"Rassegna Stampa Cattolica","url":"https:\/\/www.rassegnastampa-totustuus.it\/cattolica\/","logo":{"@type":"ImageObject","inLanguage":"it-IT","@id":"https:\/\/www.rassegnastampa-totustuus.it\/cattolica\/#\/schema\/logo\/image\/","url":"https:\/\/www.rassegnastampa-totustuus.it\/cattolica\/wp-content\/uploads\/2014\/04\/logo-rassegna1.gif","contentUrl":"https:\/\/www.rassegnastampa-totustuus.it\/cattolica\/wp-content\/uploads\/2014\/04\/logo-rassegna1.gif","width":600,"height":163,"caption":"Rassegna Stampa Cattolica"},"image":{"@id":"https:\/\/www.rassegnastampa-totustuus.it\/cattolica\/#\/schema\/logo\/image\/"},"sameAs":["https:\/\/www.facebook.com\/rassegnastampacattolica","https:\/\/x.com\/rassegnastampa9"]},{"@type":"Person","@id":"https:\/\/www.rassegnastampa-totustuus.it\/cattolica\/#\/schema\/person\/08f319d2bd1a0904ad9e2bfb7b15e5c3","name":"Redazione","image":{"@type":"ImageObject","inLanguage":"it-IT","@id":"https:\/\/secure.gravatar.com\/avatar\/2fcdf27c78ea025fbdb44e914cc63c72249ffec9dc8aafd5c82b26240ef3f346?s=96&d=mm&r=g","url":"https:\/\/secure.gravatar.com\/avatar\/2fcdf27c78ea025fbdb44e914cc63c72249ffec9dc8aafd5c82b26240ef3f346?s=96&d=mm&r=g","contentUrl":"https:\/\/secure.gravatar.com\/avatar\/2fcdf27c78ea025fbdb44e914cc63c72249ffec9dc8aafd5c82b26240ef3f346?s=96&d=mm&r=g","caption":"Redazione"},"url":"https:\/\/www.rassegnastampa-totustuus.it\/cattolica\/author\/pietroelle\/"}]}},"_links":{"self":[{"href":"https:\/\/www.rassegnastampa-totustuus.it\/cattolica\/wp-json\/wp\/v2\/posts\/32437","targetHints":{"allow":["GET"]}}],"collection":[{"href":"https:\/\/www.rassegnastampa-totustuus.it\/cattolica\/wp-json\/wp\/v2\/posts"}],"about":[{"href":"https:\/\/www.rassegnastampa-totustuus.it\/cattolica\/wp-json\/wp\/v2\/types\/post"}],"author":[{"embeddable":true,"href":"https:\/\/www.rassegnastampa-totustuus.it\/cattolica\/wp-json\/wp\/v2\/users\/6"}],"replies":[{"embeddable":true,"href":"https:\/\/www.rassegnastampa-totustuus.it\/cattolica\/wp-json\/wp\/v2\/comments?post=32437"}],"version-history":[{"count":1,"href":"https:\/\/www.rassegnastampa-totustuus.it\/cattolica\/wp-json\/wp\/v2\/posts\/32437\/revisions"}],"predecessor-version":[{"id":32439,"href":"https:\/\/www.rassegnastampa-totustuus.it\/cattolica\/wp-json\/wp\/v2\/posts\/32437\/revisions\/32439"}],"wp:featuredmedia":[{"embeddable":true,"href":"https:\/\/www.rassegnastampa-totustuus.it\/cattolica\/wp-json\/wp\/v2\/media\/32438"}],"wp:attachment":[{"href":"https:\/\/www.rassegnastampa-totustuus.it\/cattolica\/wp-json\/wp\/v2\/media?parent=32437"}],"wp:term":[{"taxonomy":"category","embeddable":true,"href":"https:\/\/www.rassegnastampa-totustuus.it\/cattolica\/wp-json\/wp\/v2\/categories?post=32437"},{"taxonomy":"post_tag","embeddable":true,"href":"https:\/\/www.rassegnastampa-totustuus.it\/cattolica\/wp-json\/wp\/v2\/tags?post=32437"}],"curies":[{"name":"wp","href":"https:\/\/api.w.org\/{rel}","templated":true}]}}