{"id":3241,"date":"2009-05-05T11:43:54","date_gmt":"2009-05-05T09:43:54","guid":{"rendered":""},"modified":"2016-07-06T17:09:54","modified_gmt":"2016-07-06T15:09:54","slug":"oppositori-gettati-vivi-nel-forno-crematorio-di-yangon","status":"publish","type":"post","link":"https:\/\/www.rassegnastampa-totustuus.it\/cattolica\/oppositori-gettati-vivi-nel-forno-crematorio-di-yangon\/","title":{"rendered":"Oppositori gettati vivi nel forno crematorio di Yangon"},"content":{"rendered":"<div style=\"text-align: center;\">\n<div id=\"attachment_35764\" style=\"width: 250px\" class=\"wp-caption alignright\"><img loading=\"lazy\" decoding=\"async\" aria-describedby=\"caption-attachment-35764\" class=\"wp-image-35764\" src=\"https:\/\/www.rassegnastampa-totustuus.it\/cattolica\/wp-content\/uploads\/2009\/05\/Yangon_prigione.jpg\" alt=\"Yangon_prigione\" width=\"250\" height=\"166\" \/><p id=\"caption-attachment-35764\" class=\"wp-caption-text\">Prigione di Yangon<\/p><\/div>\n<p><strong>AsiaNews <\/strong>8 ottobre 2007<\/div>\n<p style=\"text-align: justify;\"><em>Fonti di AsiaNews confermano la notizia di un forno crematorio alla periferia dell\u2019ex capitale per occultare il numero delle vittime e aggiungono: vi finiscono anche i detenuti gravemente feriti durante le manifestazioni di fine settembre. La giunta ha sempre pi\u00f9 paura dei monaci: imposto il trasferimento fuori citt\u00e0 dei monasteri buddisti pi\u00f9 grandi e la chiusura dei seminari.<\/em><\/p>\n<p><!--more--><\/p>\n<div style=\"text-align: justify;\">Yangon (AsiaNews) \u2013 La repressione in Myanmar diventa aperta persecuzione religiosa e la crudelt\u00e0 usata contro i manifestanti, che chiedono la fine della dittatura, supera ogni immaginazione.Fonti di AsiaNews confermano l\u2019esistenza di un forno crematorio alla periferia di Yangon, dove i militari gettano oltre ai cadaveri degli oppositori anche i detenuti feriti gravemente e arrestati durante le dimostrazioni anti-regime di queste settimane. In questo modo la giunta militare spererebbe di rendere impossibile un conteggio certo delle vittime.<\/div>\n<p style=\"text-align: justify;\">Le stesse fonti &#8211; anonime per ovvi motivi di sicurezza &#8211; parlano di misure assurde e persecutorie contro i monasteri buddisti, da dove \u00e8 partita la sollevazione pacifica contro i generali. Il governo, porta avanti una campagna diffamatoria contro i monaci, i quali &#8211; secondo i media di Stato \u2013 non vivono secondo l\u2019insegnamento di Budda e per di pi\u00f9, violando anche la legge, meritano solo di essere puniti. Ma come criminali, sottolineano, e non come prigionieri politici.<\/p>\n<p style=\"text-align: justify;\">La macchina della propaganda, intanto, continua ad inscenare cortei a sostegno del governo in tutto il Paese: ogni famiglia deve \u201ccontribuire\u201d con uno o due membri, altrimenti rischia una multa o addirittura 3 mesi di carcere, spiegano alcuni cittadini birmani. Che aggiungono: \u201cLa gente partecipa, ma ormai rifiuta di gridare gli slogan imposti dalla giunta\u201d.<\/p>\n<p style=\"text-align: justify;\">I toni ormai sono quelli di una vera e propria persecuzione religiosa. Le autorit\u00e0 nel fine settimana hanno chiamato gli abati dei monasteri pi\u00f9 grandi del Paese e imposto il trasferimento dei maggiori centri religiosi fuori dalle citt\u00e0 nel tentativo di sedare le proteste.\u201cSiamo preoccupati per la sorte di questi monaci \u2013 dicono da Yangon \u2013 non sappiamo di cosa vivranno fuori dalle citt\u00e0, dove sar\u00e0 difficile raccogliere le elemosine, su cui si basa la loro sussistenza\u201d. Il governo teme soprattutto l\u2019attivit\u00e0 dei novizi buddisti, in prima fila nelle manifestazioni che vanno avanti da fine agosto. Per questo ha chiesto la chiusura dei seminari buddisti, ordinando che tutti gli studenti facessero ritorno ai villaggi di origine.<\/p>\n<p style=\"text-align: justify;\">Le dure critiche internazionali e l\u2019ipotesi di sanzioni Onu non sembrano intimorire i generali birmani, che da 45 anni reggono il Paese con pugno di ferro. Ieri sono stati condotto nuovi rastrellamenti e arresti. Le autorit\u00e0 sostengono di aver trovato armi, come coltelli e proiettili, in alcuni monasteri.<\/p>\n<p style=\"text-align: justify;\">Secondo il quotidiano governativo \u201cThe New Light of Myanmar\u201d, sono almeno 135 i monaci ancora agli arresti e 78 le persone detenute da ieri per interrogatori. Stime ritenute false da ambienti diplomatici e attivisti, che fissano ad oltre 6mila gi arresti e in \u201ccentinaia\u201d i morti.<\/p>\n<p style=\"text-align: justify;\">\u201cI soldati -raccontano testimoni oculari ad AsiaNews \u2013 spogliano i monaci arrestati delle loro tuniche, come per non compiere un sacrilegio, e poi durante gli interrogatori li colpiscono e li torturano\u201d.<\/p>\n<p style=\"text-align: justify;\">(A.C. Valdera)<\/p>\n","protected":false},"excerpt":{"rendered":"<p>AsiaNews 8 ottobre 2007 Fonti di AsiaNews confermano la notizia di un forno crematorio alla periferia dell\u2019ex capitale per occultare il numero delle vittime e aggiungono: vi finiscono anche i detenuti gravemente feriti durante le manifestazioni di fine settembre. La giunta ha sempre pi\u00f9 paura dei monaci: imposto il trasferimento fuori citt\u00e0 dei monasteri buddisti &hellip; <\/p>\n<p><a class=\"more-link btn\" href=\"https:\/\/www.rassegnastampa-totustuus.it\/cattolica\/oppositori-gettati-vivi-nel-forno-crematorio-di-yangon\/\">Continua a leggere<\/a><\/p>\n","protected":false},"author":6,"featured_media":35764,"comment_status":"closed","ping_status":"open","sticky":false,"template":"","format":"standard","meta":{"footnotes":""},"categories":[32,108],"tags":[1594],"class_list":["post-3241","post","type-post","status-publish","format-standard","has-post-thumbnail","hentry","category-filosofia-del-comunismo","category-paesi-e-continenti","tag-birmania","item-wrap"],"yoast_head":"<!-- This site is optimized with the Yoast SEO plugin v27.5 - https:\/\/yoast.com\/product\/yoast-seo-wordpress\/ -->\n<title>Oppositori gettati vivi nel forno crematorio di Yangon - Rassegna Stampa Cattolica<\/title>\n<meta name=\"description\" content=\"Rassegna Stampa Cattolica - Per una cultura che nasce dalla Rivelazione cristiana in conformit\u00e0 alla tradizione e al Magistero della Chiesa in opposizione ad ogni relativismo e totalitarismo\" \/>\n<meta name=\"robots\" content=\"index, follow, max-snippet:-1, max-image-preview:large, max-video-preview:-1\" \/>\n<link rel=\"canonical\" href=\"https:\/\/www.rassegnastampa-totustuus.it\/cattolica\/oppositori-gettati-vivi-nel-forno-crematorio-di-yangon\/\" \/>\n<meta property=\"og:locale\" content=\"it_IT\" \/>\n<meta property=\"og:type\" content=\"article\" \/>\n<meta property=\"og:title\" content=\"Oppositori gettati vivi nel forno crematorio di Yangon - Rassegna Stampa Cattolica\" \/>\n<meta property=\"og:description\" content=\"Rassegna Stampa Cattolica - Per una cultura che nasce dalla Rivelazione cristiana in conformit\u00e0 alla tradizione e al Magistero della Chiesa in opposizione ad ogni relativismo e totalitarismo\" \/>\n<meta property=\"og:url\" content=\"https:\/\/www.rassegnastampa-totustuus.it\/cattolica\/oppositori-gettati-vivi-nel-forno-crematorio-di-yangon\/\" \/>\n<meta property=\"og:site_name\" content=\"Rassegna Stampa Cattolica\" \/>\n<meta property=\"article:publisher\" content=\"https:\/\/www.facebook.com\/rassegnastampacattolica\" \/>\n<meta property=\"article:published_time\" content=\"2009-05-05T09:43:54+00:00\" \/>\n<meta property=\"article:modified_time\" content=\"2016-07-06T15:09:54+00:00\" \/>\n<meta property=\"og:image\" content=\"https:\/\/www.rassegnastampa-totustuus.it\/cattolica\/wp-content\/uploads\/2009\/05\/Yangon_prigione.jpg\" \/>\n\t<meta property=\"og:image:width\" content=\"275\" \/>\n\t<meta property=\"og:image:height\" content=\"183\" \/>\n\t<meta property=\"og:image:type\" content=\"image\/jpeg\" \/>\n<meta name=\"author\" content=\"Redazione\" \/>\n<meta name=\"twitter:card\" content=\"summary_large_image\" \/>\n<meta name=\"twitter:creator\" content=\"@rassegnastampa9\" \/>\n<meta name=\"twitter:site\" content=\"@rassegnastampa9\" \/>\n<meta name=\"twitter:label1\" content=\"Scritto da\" \/>\n\t<meta name=\"twitter:data1\" content=\"Redazione\" \/>\n\t<meta name=\"twitter:label2\" content=\"Tempo di lettura stimato\" \/>\n\t<meta name=\"twitter:data2\" content=\"3 minuti\" \/>\n<script type=\"application\/ld+json\" class=\"yoast-schema-graph\">{\"@context\":\"https:\\\/\\\/schema.org\",\"@graph\":[{\"@type\":\"Article\",\"@id\":\"https:\\\/\\\/www.rassegnastampa-totustuus.it\\\/cattolica\\\/oppositori-gettati-vivi-nel-forno-crematorio-di-yangon\\\/#article\",\"isPartOf\":{\"@id\":\"https:\\\/\\\/www.rassegnastampa-totustuus.it\\\/cattolica\\\/oppositori-gettati-vivi-nel-forno-crematorio-di-yangon\\\/\"},\"author\":{\"name\":\"Redazione\",\"@id\":\"https:\\\/\\\/www.rassegnastampa-totustuus.it\\\/cattolica\\\/#\\\/schema\\\/person\\\/08f319d2bd1a0904ad9e2bfb7b15e5c3\"},\"headline\":\"Oppositori gettati vivi nel forno crematorio di Yangon\",\"datePublished\":\"2009-05-05T09:43:54+00:00\",\"dateModified\":\"2016-07-06T15:09:54+00:00\",\"mainEntityOfPage\":{\"@id\":\"https:\\\/\\\/www.rassegnastampa-totustuus.it\\\/cattolica\\\/oppositori-gettati-vivi-nel-forno-crematorio-di-yangon\\\/\"},\"wordCount\":529,\"publisher\":{\"@id\":\"https:\\\/\\\/www.rassegnastampa-totustuus.it\\\/cattolica\\\/#organization\"},\"image\":{\"@id\":\"https:\\\/\\\/www.rassegnastampa-totustuus.it\\\/cattolica\\\/oppositori-gettati-vivi-nel-forno-crematorio-di-yangon\\\/#primaryimage\"},\"thumbnailUrl\":\"https:\\\/\\\/www.rassegnastampa-totustuus.it\\\/cattolica\\\/wp-content\\\/uploads\\\/2009\\\/05\\\/Yangon_prigione.jpg\",\"keywords\":[\"Birmania\"],\"articleSection\":[\"Comunismo\",\"Paesi e continenti\"],\"inLanguage\":\"it-IT\"},{\"@type\":\"WebPage\",\"@id\":\"https:\\\/\\\/www.rassegnastampa-totustuus.it\\\/cattolica\\\/oppositori-gettati-vivi-nel-forno-crematorio-di-yangon\\\/\",\"url\":\"https:\\\/\\\/www.rassegnastampa-totustuus.it\\\/cattolica\\\/oppositori-gettati-vivi-nel-forno-crematorio-di-yangon\\\/\",\"name\":\"Oppositori gettati vivi nel forno crematorio di Yangon - Rassegna Stampa Cattolica\",\"isPartOf\":{\"@id\":\"https:\\\/\\\/www.rassegnastampa-totustuus.it\\\/cattolica\\\/#website\"},\"primaryImageOfPage\":{\"@id\":\"https:\\\/\\\/www.rassegnastampa-totustuus.it\\\/cattolica\\\/oppositori-gettati-vivi-nel-forno-crematorio-di-yangon\\\/#primaryimage\"},\"image\":{\"@id\":\"https:\\\/\\\/www.rassegnastampa-totustuus.it\\\/cattolica\\\/oppositori-gettati-vivi-nel-forno-crematorio-di-yangon\\\/#primaryimage\"},\"thumbnailUrl\":\"https:\\\/\\\/www.rassegnastampa-totustuus.it\\\/cattolica\\\/wp-content\\\/uploads\\\/2009\\\/05\\\/Yangon_prigione.jpg\",\"datePublished\":\"2009-05-05T09:43:54+00:00\",\"dateModified\":\"2016-07-06T15:09:54+00:00\",\"description\":\"Rassegna Stampa Cattolica - Per una cultura che nasce dalla Rivelazione cristiana in conformit\u00e0 alla tradizione e al Magistero della Chiesa in opposizione ad ogni relativismo e totalitarismo\",\"breadcrumb\":{\"@id\":\"https:\\\/\\\/www.rassegnastampa-totustuus.it\\\/cattolica\\\/oppositori-gettati-vivi-nel-forno-crematorio-di-yangon\\\/#breadcrumb\"},\"inLanguage\":\"it-IT\",\"potentialAction\":[{\"@type\":\"ReadAction\",\"target\":[\"https:\\\/\\\/www.rassegnastampa-totustuus.it\\\/cattolica\\\/oppositori-gettati-vivi-nel-forno-crematorio-di-yangon\\\/\"]}]},{\"@type\":\"ImageObject\",\"inLanguage\":\"it-IT\",\"@id\":\"https:\\\/\\\/www.rassegnastampa-totustuus.it\\\/cattolica\\\/oppositori-gettati-vivi-nel-forno-crematorio-di-yangon\\\/#primaryimage\",\"url\":\"https:\\\/\\\/www.rassegnastampa-totustuus.it\\\/cattolica\\\/wp-content\\\/uploads\\\/2009\\\/05\\\/Yangon_prigione.jpg\",\"contentUrl\":\"https:\\\/\\\/www.rassegnastampa-totustuus.it\\\/cattolica\\\/wp-content\\\/uploads\\\/2009\\\/05\\\/Yangon_prigione.jpg\",\"width\":275,\"height\":183},{\"@type\":\"BreadcrumbList\",\"@id\":\"https:\\\/\\\/www.rassegnastampa-totustuus.it\\\/cattolica\\\/oppositori-gettati-vivi-nel-forno-crematorio-di-yangon\\\/#breadcrumb\",\"itemListElement\":[{\"@type\":\"ListItem\",\"position\":1,\"name\":\"Home\",\"item\":\"https:\\\/\\\/www.rassegnastampa-totustuus.it\\\/cattolica\\\/\"},{\"@type\":\"ListItem\",\"position\":2,\"name\":\"Oppositori gettati vivi nel forno crematorio di Yangon\"}]},{\"@type\":\"WebSite\",\"@id\":\"https:\\\/\\\/www.rassegnastampa-totustuus.it\\\/cattolica\\\/#website\",\"url\":\"https:\\\/\\\/www.rassegnastampa-totustuus.it\\\/cattolica\\\/\",\"name\":\"Rassegna Stampa Cattolica\",\"description\":\"Per una cultura che nasce dalla Rivelazione cristiana in conformit\u00e0 alla tradizione e al Magistero della Chiesa in opposizione ad ogni relativismo e totalitarismo\",\"publisher\":{\"@id\":\"https:\\\/\\\/www.rassegnastampa-totustuus.it\\\/cattolica\\\/#organization\"},\"alternateName\":\"Rass. Cattolica\",\"potentialAction\":[{\"@type\":\"SearchAction\",\"target\":{\"@type\":\"EntryPoint\",\"urlTemplate\":\"https:\\\/\\\/www.rassegnastampa-totustuus.it\\\/cattolica\\\/?s={search_term_string}\"},\"query-input\":{\"@type\":\"PropertyValueSpecification\",\"valueRequired\":true,\"valueName\":\"search_term_string\"}}],\"inLanguage\":\"it-IT\"},{\"@type\":\"Organization\",\"@id\":\"https:\\\/\\\/www.rassegnastampa-totustuus.it\\\/cattolica\\\/#organization\",\"name\":\"Rassegna Stampa Cattolica\",\"url\":\"https:\\\/\\\/www.rassegnastampa-totustuus.it\\\/cattolica\\\/\",\"logo\":{\"@type\":\"ImageObject\",\"inLanguage\":\"it-IT\",\"@id\":\"https:\\\/\\\/www.rassegnastampa-totustuus.it\\\/cattolica\\\/#\\\/schema\\\/logo\\\/image\\\/\",\"url\":\"https:\\\/\\\/www.rassegnastampa-totustuus.it\\\/cattolica\\\/wp-content\\\/uploads\\\/2014\\\/04\\\/logo-rassegna1.gif\",\"contentUrl\":\"https:\\\/\\\/www.rassegnastampa-totustuus.it\\\/cattolica\\\/wp-content\\\/uploads\\\/2014\\\/04\\\/logo-rassegna1.gif\",\"width\":600,\"height\":163,\"caption\":\"Rassegna Stampa Cattolica\"},\"image\":{\"@id\":\"https:\\\/\\\/www.rassegnastampa-totustuus.it\\\/cattolica\\\/#\\\/schema\\\/logo\\\/image\\\/\"},\"sameAs\":[\"https:\\\/\\\/www.facebook.com\\\/rassegnastampacattolica\",\"https:\\\/\\\/x.com\\\/rassegnastampa9\"]},{\"@type\":\"Person\",\"@id\":\"https:\\\/\\\/www.rassegnastampa-totustuus.it\\\/cattolica\\\/#\\\/schema\\\/person\\\/08f319d2bd1a0904ad9e2bfb7b15e5c3\",\"name\":\"Redazione\",\"image\":{\"@type\":\"ImageObject\",\"inLanguage\":\"it-IT\",\"@id\":\"https:\\\/\\\/secure.gravatar.com\\\/avatar\\\/2fcdf27c78ea025fbdb44e914cc63c72249ffec9dc8aafd5c82b26240ef3f346?s=96&d=mm&r=g\",\"url\":\"https:\\\/\\\/secure.gravatar.com\\\/avatar\\\/2fcdf27c78ea025fbdb44e914cc63c72249ffec9dc8aafd5c82b26240ef3f346?s=96&d=mm&r=g\",\"contentUrl\":\"https:\\\/\\\/secure.gravatar.com\\\/avatar\\\/2fcdf27c78ea025fbdb44e914cc63c72249ffec9dc8aafd5c82b26240ef3f346?s=96&d=mm&r=g\",\"caption\":\"Redazione\"},\"url\":\"https:\\\/\\\/www.rassegnastampa-totustuus.it\\\/cattolica\\\/author\\\/pietroelle\\\/\"}]}<\/script>\n<!-- \/ Yoast SEO plugin. -->","yoast_head_json":{"title":"Oppositori gettati vivi nel forno crematorio di Yangon - Rassegna Stampa Cattolica","description":"Rassegna Stampa Cattolica - Per una cultura che nasce dalla Rivelazione cristiana in conformit\u00e0 alla tradizione e al Magistero della Chiesa in opposizione ad ogni relativismo e totalitarismo","robots":{"index":"index","follow":"follow","max-snippet":"max-snippet:-1","max-image-preview":"max-image-preview:large","max-video-preview":"max-video-preview:-1"},"canonical":"https:\/\/www.rassegnastampa-totustuus.it\/cattolica\/oppositori-gettati-vivi-nel-forno-crematorio-di-yangon\/","og_locale":"it_IT","og_type":"article","og_title":"Oppositori gettati vivi nel forno crematorio di Yangon - Rassegna Stampa Cattolica","og_description":"Rassegna Stampa Cattolica - Per una cultura che nasce dalla Rivelazione cristiana in conformit\u00e0 alla tradizione e al Magistero della Chiesa in opposizione ad ogni relativismo e totalitarismo","og_url":"https:\/\/www.rassegnastampa-totustuus.it\/cattolica\/oppositori-gettati-vivi-nel-forno-crematorio-di-yangon\/","og_site_name":"Rassegna Stampa Cattolica","article_publisher":"https:\/\/www.facebook.com\/rassegnastampacattolica","article_published_time":"2009-05-05T09:43:54+00:00","article_modified_time":"2016-07-06T15:09:54+00:00","og_image":[{"width":275,"height":183,"url":"https:\/\/www.rassegnastampa-totustuus.it\/cattolica\/wp-content\/uploads\/2009\/05\/Yangon_prigione.jpg","type":"image\/jpeg"}],"author":"Redazione","twitter_card":"summary_large_image","twitter_creator":"@rassegnastampa9","twitter_site":"@rassegnastampa9","twitter_misc":{"Scritto da":"Redazione","Tempo di lettura stimato":"3 minuti"},"schema":{"@context":"https:\/\/schema.org","@graph":[{"@type":"Article","@id":"https:\/\/www.rassegnastampa-totustuus.it\/cattolica\/oppositori-gettati-vivi-nel-forno-crematorio-di-yangon\/#article","isPartOf":{"@id":"https:\/\/www.rassegnastampa-totustuus.it\/cattolica\/oppositori-gettati-vivi-nel-forno-crematorio-di-yangon\/"},"author":{"name":"Redazione","@id":"https:\/\/www.rassegnastampa-totustuus.it\/cattolica\/#\/schema\/person\/08f319d2bd1a0904ad9e2bfb7b15e5c3"},"headline":"Oppositori gettati vivi nel forno crematorio di Yangon","datePublished":"2009-05-05T09:43:54+00:00","dateModified":"2016-07-06T15:09:54+00:00","mainEntityOfPage":{"@id":"https:\/\/www.rassegnastampa-totustuus.it\/cattolica\/oppositori-gettati-vivi-nel-forno-crematorio-di-yangon\/"},"wordCount":529,"publisher":{"@id":"https:\/\/www.rassegnastampa-totustuus.it\/cattolica\/#organization"},"image":{"@id":"https:\/\/www.rassegnastampa-totustuus.it\/cattolica\/oppositori-gettati-vivi-nel-forno-crematorio-di-yangon\/#primaryimage"},"thumbnailUrl":"https:\/\/www.rassegnastampa-totustuus.it\/cattolica\/wp-content\/uploads\/2009\/05\/Yangon_prigione.jpg","keywords":["Birmania"],"articleSection":["Comunismo","Paesi e continenti"],"inLanguage":"it-IT"},{"@type":"WebPage","@id":"https:\/\/www.rassegnastampa-totustuus.it\/cattolica\/oppositori-gettati-vivi-nel-forno-crematorio-di-yangon\/","url":"https:\/\/www.rassegnastampa-totustuus.it\/cattolica\/oppositori-gettati-vivi-nel-forno-crematorio-di-yangon\/","name":"Oppositori gettati vivi nel forno crematorio di Yangon - Rassegna Stampa Cattolica","isPartOf":{"@id":"https:\/\/www.rassegnastampa-totustuus.it\/cattolica\/#website"},"primaryImageOfPage":{"@id":"https:\/\/www.rassegnastampa-totustuus.it\/cattolica\/oppositori-gettati-vivi-nel-forno-crematorio-di-yangon\/#primaryimage"},"image":{"@id":"https:\/\/www.rassegnastampa-totustuus.it\/cattolica\/oppositori-gettati-vivi-nel-forno-crematorio-di-yangon\/#primaryimage"},"thumbnailUrl":"https:\/\/www.rassegnastampa-totustuus.it\/cattolica\/wp-content\/uploads\/2009\/05\/Yangon_prigione.jpg","datePublished":"2009-05-05T09:43:54+00:00","dateModified":"2016-07-06T15:09:54+00:00","description":"Rassegna Stampa Cattolica - Per una cultura che nasce dalla Rivelazione cristiana in conformit\u00e0 alla tradizione e al Magistero della Chiesa in opposizione ad ogni relativismo e totalitarismo","breadcrumb":{"@id":"https:\/\/www.rassegnastampa-totustuus.it\/cattolica\/oppositori-gettati-vivi-nel-forno-crematorio-di-yangon\/#breadcrumb"},"inLanguage":"it-IT","potentialAction":[{"@type":"ReadAction","target":["https:\/\/www.rassegnastampa-totustuus.it\/cattolica\/oppositori-gettati-vivi-nel-forno-crematorio-di-yangon\/"]}]},{"@type":"ImageObject","inLanguage":"it-IT","@id":"https:\/\/www.rassegnastampa-totustuus.it\/cattolica\/oppositori-gettati-vivi-nel-forno-crematorio-di-yangon\/#primaryimage","url":"https:\/\/www.rassegnastampa-totustuus.it\/cattolica\/wp-content\/uploads\/2009\/05\/Yangon_prigione.jpg","contentUrl":"https:\/\/www.rassegnastampa-totustuus.it\/cattolica\/wp-content\/uploads\/2009\/05\/Yangon_prigione.jpg","width":275,"height":183},{"@type":"BreadcrumbList","@id":"https:\/\/www.rassegnastampa-totustuus.it\/cattolica\/oppositori-gettati-vivi-nel-forno-crematorio-di-yangon\/#breadcrumb","itemListElement":[{"@type":"ListItem","position":1,"name":"Home","item":"https:\/\/www.rassegnastampa-totustuus.it\/cattolica\/"},{"@type":"ListItem","position":2,"name":"Oppositori gettati vivi nel forno crematorio di Yangon"}]},{"@type":"WebSite","@id":"https:\/\/www.rassegnastampa-totustuus.it\/cattolica\/#website","url":"https:\/\/www.rassegnastampa-totustuus.it\/cattolica\/","name":"Rassegna Stampa Cattolica","description":"Per una cultura che nasce dalla Rivelazione cristiana in conformit\u00e0 alla tradizione e al Magistero della Chiesa in opposizione ad ogni relativismo e totalitarismo","publisher":{"@id":"https:\/\/www.rassegnastampa-totustuus.it\/cattolica\/#organization"},"alternateName":"Rass. Cattolica","potentialAction":[{"@type":"SearchAction","target":{"@type":"EntryPoint","urlTemplate":"https:\/\/www.rassegnastampa-totustuus.it\/cattolica\/?s={search_term_string}"},"query-input":{"@type":"PropertyValueSpecification","valueRequired":true,"valueName":"search_term_string"}}],"inLanguage":"it-IT"},{"@type":"Organization","@id":"https:\/\/www.rassegnastampa-totustuus.it\/cattolica\/#organization","name":"Rassegna Stampa Cattolica","url":"https:\/\/www.rassegnastampa-totustuus.it\/cattolica\/","logo":{"@type":"ImageObject","inLanguage":"it-IT","@id":"https:\/\/www.rassegnastampa-totustuus.it\/cattolica\/#\/schema\/logo\/image\/","url":"https:\/\/www.rassegnastampa-totustuus.it\/cattolica\/wp-content\/uploads\/2014\/04\/logo-rassegna1.gif","contentUrl":"https:\/\/www.rassegnastampa-totustuus.it\/cattolica\/wp-content\/uploads\/2014\/04\/logo-rassegna1.gif","width":600,"height":163,"caption":"Rassegna Stampa Cattolica"},"image":{"@id":"https:\/\/www.rassegnastampa-totustuus.it\/cattolica\/#\/schema\/logo\/image\/"},"sameAs":["https:\/\/www.facebook.com\/rassegnastampacattolica","https:\/\/x.com\/rassegnastampa9"]},{"@type":"Person","@id":"https:\/\/www.rassegnastampa-totustuus.it\/cattolica\/#\/schema\/person\/08f319d2bd1a0904ad9e2bfb7b15e5c3","name":"Redazione","image":{"@type":"ImageObject","inLanguage":"it-IT","@id":"https:\/\/secure.gravatar.com\/avatar\/2fcdf27c78ea025fbdb44e914cc63c72249ffec9dc8aafd5c82b26240ef3f346?s=96&d=mm&r=g","url":"https:\/\/secure.gravatar.com\/avatar\/2fcdf27c78ea025fbdb44e914cc63c72249ffec9dc8aafd5c82b26240ef3f346?s=96&d=mm&r=g","contentUrl":"https:\/\/secure.gravatar.com\/avatar\/2fcdf27c78ea025fbdb44e914cc63c72249ffec9dc8aafd5c82b26240ef3f346?s=96&d=mm&r=g","caption":"Redazione"},"url":"https:\/\/www.rassegnastampa-totustuus.it\/cattolica\/author\/pietroelle\/"}]}},"_links":{"self":[{"href":"https:\/\/www.rassegnastampa-totustuus.it\/cattolica\/wp-json\/wp\/v2\/posts\/3241","targetHints":{"allow":["GET"]}}],"collection":[{"href":"https:\/\/www.rassegnastampa-totustuus.it\/cattolica\/wp-json\/wp\/v2\/posts"}],"about":[{"href":"https:\/\/www.rassegnastampa-totustuus.it\/cattolica\/wp-json\/wp\/v2\/types\/post"}],"author":[{"embeddable":true,"href":"https:\/\/www.rassegnastampa-totustuus.it\/cattolica\/wp-json\/wp\/v2\/users\/6"}],"replies":[{"embeddable":true,"href":"https:\/\/www.rassegnastampa-totustuus.it\/cattolica\/wp-json\/wp\/v2\/comments?post=3241"}],"version-history":[{"count":4,"href":"https:\/\/www.rassegnastampa-totustuus.it\/cattolica\/wp-json\/wp\/v2\/posts\/3241\/revisions"}],"predecessor-version":[{"id":35765,"href":"https:\/\/www.rassegnastampa-totustuus.it\/cattolica\/wp-json\/wp\/v2\/posts\/3241\/revisions\/35765"}],"wp:featuredmedia":[{"embeddable":true,"href":"https:\/\/www.rassegnastampa-totustuus.it\/cattolica\/wp-json\/wp\/v2\/media\/35764"}],"wp:attachment":[{"href":"https:\/\/www.rassegnastampa-totustuus.it\/cattolica\/wp-json\/wp\/v2\/media?parent=3241"}],"wp:term":[{"taxonomy":"category","embeddable":true,"href":"https:\/\/www.rassegnastampa-totustuus.it\/cattolica\/wp-json\/wp\/v2\/categories?post=3241"},{"taxonomy":"post_tag","embeddable":true,"href":"https:\/\/www.rassegnastampa-totustuus.it\/cattolica\/wp-json\/wp\/v2\/tags?post=3241"}],"curies":[{"name":"wp","href":"https:\/\/api.w.org\/{rel}","templated":true}]}}