{"id":3219,"date":"2009-04-30T12:07:19","date_gmt":"2009-04-30T10:07:19","guid":{"rendered":""},"modified":"2015-12-04T11:31:02","modified_gmt":"2015-12-04T10:31:02","slug":"lunicef-a-sostegno-di-una-nuova-campagna-onu-per-laborto","status":"publish","type":"post","link":"https:\/\/www.rassegnastampa-totustuus.it\/cattolica\/lunicef-a-sostegno-di-una-nuova-campagna-onu-per-laborto\/","title":{"rendered":"L&#8217;UNICEF a sostegno di una nuova campagna ONU per l&#8217;aborto"},"content":{"rendered":"<div style=\"text-align: center;\"><strong><a href=\"https:\/\/www.rassegnastampa-totustuus.it\/cattolica\/wp-content\/uploads\/2009\/04\/unicef.png\"><img loading=\"lazy\" decoding=\"async\" class=\"alignleft wp-image-28637 size-full\" src=\"https:\/\/www.rassegnastampa-totustuus.it\/cattolica\/wp-content\/uploads\/2009\/04\/unicef.png\" alt=\"unicef\" width=\"225\" height=\"225\" srcset=\"https:\/\/www.rassegnastampa-totustuus.it\/cattolica\/wp-content\/uploads\/2009\/04\/unicef.png 225w, https:\/\/www.rassegnastampa-totustuus.it\/cattolica\/wp-content\/uploads\/2009\/04\/unicef-150x150.png 150w\" sizes=\"auto, (max-width: 225px) 100vw, 225px\" \/><\/a>www.svipop.org,<\/strong> 6 ottobre 2007<\/div>\n<p style=\"text-align: center;\">di <strong>Samantha Singson<\/strong><\/p>\n<p style=\"text-align: justify;\">Una nuova iniziativa globale, che include un invito a legalizzare l\u2019aborto, \u00e8 stata lanciata a New York la scorsa settimana da diverse agenzie dell\u2019ONU e Organizzazioni non governative (ONG). Tra i patrocinatori dell\u2019iniziativa \u2013 denominata Deliver Now for Women and Children (Agisci ora per donne e bambini) \u2013 c\u2019\u00e8 anche il Fondo delle Nazioni Unite per i bambini (UNICEF), un\u2019agenzia che ufficialmente continua a negare ogni proprio sostegno all\u2019aborto sotto qualsiasi forma esso sia.<\/p>\n<p><!--more--><\/p>\n<div style=\"text-align: justify;\">Presentata come una campagna facente parte dei Millennium Development Goals (gli Obiettivi del Millennio decisi dall\u2019ONU nel 2000) per sensibilizzare sulla salute delle donne e dei bambini, il programma di \u201cDeliver Now\u201d prevede tra l\u2019altro un invito all\u2019 \u201caborto sicuro\u201d, che \u00e8 sinonimo di aborto legale.<\/div>\n<p style=\"text-align: justify;\">La campagna \u00e8 coordinata dalla Partnership for Maternal, Newborn &amp; Child Health, diretta da Kul Gautam, vice direttore esecutivo dell\u2019UNICEF e assistente del Segretario generale dell\u2019ONU, e i cui membri comprendono tra gli altri: la Fondazione Bill &amp; Melinda Gates, la International Planned Parenthood Federation (IPPF), le agenzie per lo sviluppo di Stati Uniti, Regno Unito, Canada e Bangladesh, nonch\u00e9 Organizzazione Mondiale della Sanit\u00e0 (OMS) e Fondo ONU per la Popolazione (UNFPA).<\/p>\n<p style=\"text-align: justify;\">La campagna elenca un numero di serie malattie che hanno conseguenze sulla salute materna e conclude che \u201cla maggior parte delle morti potrebbe essere prevenuta se le donne avessero accesso a cure professionali\u201d. Deliver Now considera tra le \u201cquality care\u201d (cure qualificate) \u201cservizi prima e durante la gravidanza, nascita e periodo post-parto, cos\u00ec come l\u2019aborto sicuro\u201d.<\/p>\n<p style=\"text-align: justify;\">Il sito web di Deliver Now presenta questa durissimo slogan: \u201cOltre 10milioni di morti l\u2019anno.<\/p>\n<p style=\"text-align: justify;\">Troppe per poterle ignorare\u201d. Questa enorme cifra \u00e8 la sintesi di due dati: il numero di bambini morti ogni anno per qualsiasi causa, all\u2019incirca 10 milioni, e il numero di donne morte per cause legate alla maternit\u00e0, una cifra (altamente sospetta) che diverse agenzie dell\u2019Onu fissano a 500mila.<\/p>\n<p style=\"text-align: justify;\">Secondo l\u2019Organizzazione Mondiale della Sanit\u00e0 (OMS), la mortalit\u00e0 infantile \u00e8 calcolata da fonti ufficiali che comprendono i dati di nascite e morti derivate da registrazioni, censimenti e\/o rilevamenti nelle famiglie. Dall\u2019altra parte, le statistiche sulla mortalit\u00e0 materna, nel migliore dei casi, sono stime quantomeno discutibili.<\/p>\n<p style=\"text-align: justify;\">Secondo l\u2019OMS &#8211; la fonte principale delle statistiche sulla mortalit\u00e0 materna \u2013 \u201ci dati sulla mortalit\u00e0 materna e altre cause di morte sono spesso indisponibili o, quando disponibili, sono inaffidabili a causa delle deficienze nei sistemi di registrazione dei dati\u201d. Joseph Chemie, ex capo della Divisione Demografica dell\u2019ONU (organismo statistico ufficiale), afferma che la cifra di 500mila usata per le morti materne non pu\u00f2 essere verificata e perci\u00f2 rifiuta di usarla.<\/p>\n<p style=\"text-align: justify;\">Le ONG pro-family all\u2019ONU temono che l\u2019attenzione sproporzionata all\u2019aborto sicuro, basata su dati inaffidabili riguardo alla mortalit\u00e0 materna, distolga attenzione e risorse dai veri rischi per la salute delle donne incinte nei Paesi in via di sviluppo, che \u2013 secondo gli esperti \u2013 sono emorragie, eclampsia e travaglio ostruito. Per stessa ammissione dell\u2019UNFPA, nel Rapporto del 2004, i pi\u00f9 importanti mezzi per ridurre la mortalit\u00e0 materna non sono l\u2019accesso ai contraccettivi e all\u2019aborto legale, ma la presenza di personale sanitario preparato e l\u2019accesso alle cure ostetriche d\u2019emergenza.<\/p>\n<p style=\"text-align: justify;\">I sostenitori dell\u2019aborto spesso legano \u201caborto insicuro\u201d e mortalit\u00e0 materna per spingere alla legalizzazione del cosiddetto aborto \u201csicuro\u201d.<\/p>\n<p style=\"text-align: justify;\">I critici fanno notare che in Polonia, dove l\u2019aborto \u00e8 stato drasticamente limitato nel 1993, il paese ha mostrato da allora un rapido calo nel tasso di aborto e anche della mortalit\u00e0 materna. In Irlanda, dove l\u2019aborto \u00e8 tuttora illegale, si registra uno dei pi\u00f9 bassi tassi di mortalit\u00e0 materna al mondo. Al contrario, negli Stati Uniti, dove dal 1973 \u00e8 possibile l\u2019aborto su richiesta, quest\u2019anno c&#8217;\u00e8 stato un aumento della mortalit\u00e0 materna.<\/p>\n<p style=\"text-align: justify;\">Il prossimo appuntamento della campagna Deliver Now \u00e8 la \u201cWomen Deliver Conference\u201d che si svolger\u00e0 a Londra dal 18 al 20 ottobre, fortemente centrata sui diritti all\u2019aborto.<\/p>\n<p style=\"text-align: justify;\">(A.C. Valdera)<\/p>\n<p style=\"text-align: justify;\">_______________________<\/p>\n<p style=\"text-align: justify;\"><strong>Leggi anche:<\/strong><\/p>\n<p style=\"text-align: justify;\"><a href=\"https:\/\/www.rassegnastampa-totustuus.it\/cattolica\/?p=930\" target=\"_blank\">Ami i bambini? Non aiutare l&#8217;UNICEF<\/a><\/p>\n","protected":false},"excerpt":{"rendered":"<p>www.svipop.org, 6 ottobre 2007 di Samantha Singson Una nuova iniziativa globale, che include un invito a legalizzare l\u2019aborto, \u00e8 stata lanciata a New York la scorsa settimana da diverse agenzie dell\u2019ONU e Organizzazioni non governative (ONG). Tra i patrocinatori dell\u2019iniziativa \u2013 denominata Deliver Now for Women and Children (Agisci ora per donne e bambini) \u2013 &hellip; <\/p>\n<p><a class=\"more-link btn\" href=\"https:\/\/www.rassegnastampa-totustuus.it\/cattolica\/lunicef-a-sostegno-di-una-nuova-campagna-onu-per-laborto\/\">Continua a leggere<\/a><\/p>\n","protected":false},"author":6,"featured_media":28637,"comment_status":"closed","ping_status":"open","sticky":false,"template":"","format":"standard","meta":{"footnotes":""},"categories":[2,104],"tags":[537],"class_list":["post-3219","post","type-post","status-publish","format-standard","has-post-thumbnail","hentry","category-aborto","category-lonu","tag-unicef","item-wrap"],"yoast_head":"<!-- This site is optimized with the Yoast SEO plugin v27.5 - https:\/\/yoast.com\/product\/yoast-seo-wordpress\/ -->\n<title>L&#039;UNICEF a sostegno di una nuova campagna ONU per l&#039;aborto - Rassegna Stampa Cattolica<\/title>\n<meta name=\"description\" content=\"Rassegna Stampa Cattolica - Per una cultura che nasce dalla Rivelazione cristiana in conformit\u00e0 alla tradizione e al Magistero della Chiesa in opposizione ad ogni relativismo e totalitarismo\" \/>\n<meta name=\"robots\" content=\"index, follow, max-snippet:-1, max-image-preview:large, max-video-preview:-1\" \/>\n<link rel=\"canonical\" href=\"https:\/\/www.rassegnastampa-totustuus.it\/cattolica\/lunicef-a-sostegno-di-una-nuova-campagna-onu-per-laborto\/\" \/>\n<meta property=\"og:locale\" content=\"it_IT\" \/>\n<meta property=\"og:type\" content=\"article\" \/>\n<meta property=\"og:title\" content=\"L&#039;UNICEF a sostegno di una nuova campagna ONU per l&#039;aborto - Rassegna Stampa Cattolica\" \/>\n<meta property=\"og:description\" content=\"Rassegna Stampa Cattolica - Per una cultura che nasce dalla Rivelazione cristiana in conformit\u00e0 alla tradizione e al Magistero della Chiesa in opposizione ad ogni relativismo e totalitarismo\" \/>\n<meta property=\"og:url\" content=\"https:\/\/www.rassegnastampa-totustuus.it\/cattolica\/lunicef-a-sostegno-di-una-nuova-campagna-onu-per-laborto\/\" \/>\n<meta property=\"og:site_name\" content=\"Rassegna Stampa Cattolica\" \/>\n<meta property=\"article:publisher\" content=\"https:\/\/www.facebook.com\/rassegnastampacattolica\" \/>\n<meta property=\"article:published_time\" content=\"2009-04-30T10:07:19+00:00\" \/>\n<meta property=\"article:modified_time\" content=\"2015-12-04T10:31:02+00:00\" \/>\n<meta property=\"og:image\" content=\"https:\/\/www.rassegnastampa-totustuus.it\/cattolica\/wp-content\/uploads\/2009\/04\/unicef.png\" \/>\n\t<meta property=\"og:image:width\" content=\"225\" \/>\n\t<meta property=\"og:image:height\" content=\"225\" \/>\n\t<meta property=\"og:image:type\" content=\"image\/png\" \/>\n<meta name=\"author\" content=\"Redazione\" \/>\n<meta name=\"twitter:card\" content=\"summary_large_image\" \/>\n<meta name=\"twitter:creator\" content=\"@rassegnastampa9\" \/>\n<meta name=\"twitter:site\" content=\"@rassegnastampa9\" \/>\n<meta name=\"twitter:label1\" content=\"Scritto da\" \/>\n\t<meta name=\"twitter:data1\" content=\"Redazione\" \/>\n\t<meta name=\"twitter:label2\" content=\"Tempo di lettura stimato\" \/>\n\t<meta name=\"twitter:data2\" content=\"3 minuti\" \/>\n<script type=\"application\/ld+json\" class=\"yoast-schema-graph\">{\"@context\":\"https:\\\/\\\/schema.org\",\"@graph\":[{\"@type\":\"Article\",\"@id\":\"https:\\\/\\\/www.rassegnastampa-totustuus.it\\\/cattolica\\\/lunicef-a-sostegno-di-una-nuova-campagna-onu-per-laborto\\\/#article\",\"isPartOf\":{\"@id\":\"https:\\\/\\\/www.rassegnastampa-totustuus.it\\\/cattolica\\\/lunicef-a-sostegno-di-una-nuova-campagna-onu-per-laborto\\\/\"},\"author\":{\"name\":\"Redazione\",\"@id\":\"https:\\\/\\\/www.rassegnastampa-totustuus.it\\\/cattolica\\\/#\\\/schema\\\/person\\\/08f319d2bd1a0904ad9e2bfb7b15e5c3\"},\"headline\":\"L&#8217;UNICEF a sostegno di una nuova campagna ONU per l&#8217;aborto\",\"datePublished\":\"2009-04-30T10:07:19+00:00\",\"dateModified\":\"2015-12-04T10:31:02+00:00\",\"mainEntityOfPage\":{\"@id\":\"https:\\\/\\\/www.rassegnastampa-totustuus.it\\\/cattolica\\\/lunicef-a-sostegno-di-una-nuova-campagna-onu-per-laborto\\\/\"},\"wordCount\":674,\"publisher\":{\"@id\":\"https:\\\/\\\/www.rassegnastampa-totustuus.it\\\/cattolica\\\/#organization\"},\"image\":{\"@id\":\"https:\\\/\\\/www.rassegnastampa-totustuus.it\\\/cattolica\\\/lunicef-a-sostegno-di-una-nuova-campagna-onu-per-laborto\\\/#primaryimage\"},\"thumbnailUrl\":\"https:\\\/\\\/www.rassegnastampa-totustuus.it\\\/cattolica\\\/wp-content\\\/uploads\\\/2009\\\/04\\\/unicef.png\",\"keywords\":[\"Unicef\"],\"articleSection\":[\"Aborto\",\"L&#39;ONU\"],\"inLanguage\":\"it-IT\"},{\"@type\":\"WebPage\",\"@id\":\"https:\\\/\\\/www.rassegnastampa-totustuus.it\\\/cattolica\\\/lunicef-a-sostegno-di-una-nuova-campagna-onu-per-laborto\\\/\",\"url\":\"https:\\\/\\\/www.rassegnastampa-totustuus.it\\\/cattolica\\\/lunicef-a-sostegno-di-una-nuova-campagna-onu-per-laborto\\\/\",\"name\":\"L'UNICEF a sostegno di una nuova campagna ONU per l'aborto - Rassegna Stampa Cattolica\",\"isPartOf\":{\"@id\":\"https:\\\/\\\/www.rassegnastampa-totustuus.it\\\/cattolica\\\/#website\"},\"primaryImageOfPage\":{\"@id\":\"https:\\\/\\\/www.rassegnastampa-totustuus.it\\\/cattolica\\\/lunicef-a-sostegno-di-una-nuova-campagna-onu-per-laborto\\\/#primaryimage\"},\"image\":{\"@id\":\"https:\\\/\\\/www.rassegnastampa-totustuus.it\\\/cattolica\\\/lunicef-a-sostegno-di-una-nuova-campagna-onu-per-laborto\\\/#primaryimage\"},\"thumbnailUrl\":\"https:\\\/\\\/www.rassegnastampa-totustuus.it\\\/cattolica\\\/wp-content\\\/uploads\\\/2009\\\/04\\\/unicef.png\",\"datePublished\":\"2009-04-30T10:07:19+00:00\",\"dateModified\":\"2015-12-04T10:31:02+00:00\",\"description\":\"Rassegna Stampa Cattolica - Per una cultura che nasce dalla Rivelazione cristiana in conformit\u00e0 alla tradizione e al Magistero della Chiesa in opposizione ad ogni relativismo e totalitarismo\",\"breadcrumb\":{\"@id\":\"https:\\\/\\\/www.rassegnastampa-totustuus.it\\\/cattolica\\\/lunicef-a-sostegno-di-una-nuova-campagna-onu-per-laborto\\\/#breadcrumb\"},\"inLanguage\":\"it-IT\",\"potentialAction\":[{\"@type\":\"ReadAction\",\"target\":[\"https:\\\/\\\/www.rassegnastampa-totustuus.it\\\/cattolica\\\/lunicef-a-sostegno-di-una-nuova-campagna-onu-per-laborto\\\/\"]}]},{\"@type\":\"ImageObject\",\"inLanguage\":\"it-IT\",\"@id\":\"https:\\\/\\\/www.rassegnastampa-totustuus.it\\\/cattolica\\\/lunicef-a-sostegno-di-una-nuova-campagna-onu-per-laborto\\\/#primaryimage\",\"url\":\"https:\\\/\\\/www.rassegnastampa-totustuus.it\\\/cattolica\\\/wp-content\\\/uploads\\\/2009\\\/04\\\/unicef.png\",\"contentUrl\":\"https:\\\/\\\/www.rassegnastampa-totustuus.it\\\/cattolica\\\/wp-content\\\/uploads\\\/2009\\\/04\\\/unicef.png\",\"width\":225,\"height\":225},{\"@type\":\"BreadcrumbList\",\"@id\":\"https:\\\/\\\/www.rassegnastampa-totustuus.it\\\/cattolica\\\/lunicef-a-sostegno-di-una-nuova-campagna-onu-per-laborto\\\/#breadcrumb\",\"itemListElement\":[{\"@type\":\"ListItem\",\"position\":1,\"name\":\"Home\",\"item\":\"https:\\\/\\\/www.rassegnastampa-totustuus.it\\\/cattolica\\\/\"},{\"@type\":\"ListItem\",\"position\":2,\"name\":\"L&#8217;UNICEF a sostegno di una nuova campagna ONU per l&#8217;aborto\"}]},{\"@type\":\"WebSite\",\"@id\":\"https:\\\/\\\/www.rassegnastampa-totustuus.it\\\/cattolica\\\/#website\",\"url\":\"https:\\\/\\\/www.rassegnastampa-totustuus.it\\\/cattolica\\\/\",\"name\":\"Rassegna Stampa Cattolica\",\"description\":\"Per una cultura che nasce dalla Rivelazione cristiana in conformit\u00e0 alla tradizione e al Magistero della Chiesa in opposizione ad ogni relativismo e totalitarismo\",\"publisher\":{\"@id\":\"https:\\\/\\\/www.rassegnastampa-totustuus.it\\\/cattolica\\\/#organization\"},\"alternateName\":\"Rass. Cattolica\",\"potentialAction\":[{\"@type\":\"SearchAction\",\"target\":{\"@type\":\"EntryPoint\",\"urlTemplate\":\"https:\\\/\\\/www.rassegnastampa-totustuus.it\\\/cattolica\\\/?s={search_term_string}\"},\"query-input\":{\"@type\":\"PropertyValueSpecification\",\"valueRequired\":true,\"valueName\":\"search_term_string\"}}],\"inLanguage\":\"it-IT\"},{\"@type\":\"Organization\",\"@id\":\"https:\\\/\\\/www.rassegnastampa-totustuus.it\\\/cattolica\\\/#organization\",\"name\":\"Rassegna Stampa Cattolica\",\"url\":\"https:\\\/\\\/www.rassegnastampa-totustuus.it\\\/cattolica\\\/\",\"logo\":{\"@type\":\"ImageObject\",\"inLanguage\":\"it-IT\",\"@id\":\"https:\\\/\\\/www.rassegnastampa-totustuus.it\\\/cattolica\\\/#\\\/schema\\\/logo\\\/image\\\/\",\"url\":\"https:\\\/\\\/www.rassegnastampa-totustuus.it\\\/cattolica\\\/wp-content\\\/uploads\\\/2014\\\/04\\\/logo-rassegna1.gif\",\"contentUrl\":\"https:\\\/\\\/www.rassegnastampa-totustuus.it\\\/cattolica\\\/wp-content\\\/uploads\\\/2014\\\/04\\\/logo-rassegna1.gif\",\"width\":600,\"height\":163,\"caption\":\"Rassegna Stampa Cattolica\"},\"image\":{\"@id\":\"https:\\\/\\\/www.rassegnastampa-totustuus.it\\\/cattolica\\\/#\\\/schema\\\/logo\\\/image\\\/\"},\"sameAs\":[\"https:\\\/\\\/www.facebook.com\\\/rassegnastampacattolica\",\"https:\\\/\\\/x.com\\\/rassegnastampa9\"]},{\"@type\":\"Person\",\"@id\":\"https:\\\/\\\/www.rassegnastampa-totustuus.it\\\/cattolica\\\/#\\\/schema\\\/person\\\/08f319d2bd1a0904ad9e2bfb7b15e5c3\",\"name\":\"Redazione\",\"image\":{\"@type\":\"ImageObject\",\"inLanguage\":\"it-IT\",\"@id\":\"https:\\\/\\\/secure.gravatar.com\\\/avatar\\\/2fcdf27c78ea025fbdb44e914cc63c72249ffec9dc8aafd5c82b26240ef3f346?s=96&d=mm&r=g\",\"url\":\"https:\\\/\\\/secure.gravatar.com\\\/avatar\\\/2fcdf27c78ea025fbdb44e914cc63c72249ffec9dc8aafd5c82b26240ef3f346?s=96&d=mm&r=g\",\"contentUrl\":\"https:\\\/\\\/secure.gravatar.com\\\/avatar\\\/2fcdf27c78ea025fbdb44e914cc63c72249ffec9dc8aafd5c82b26240ef3f346?s=96&d=mm&r=g\",\"caption\":\"Redazione\"},\"url\":\"https:\\\/\\\/www.rassegnastampa-totustuus.it\\\/cattolica\\\/author\\\/pietroelle\\\/\"}]}<\/script>\n<!-- \/ Yoast SEO plugin. -->","yoast_head_json":{"title":"L'UNICEF a sostegno di una nuova campagna ONU per l'aborto - Rassegna Stampa Cattolica","description":"Rassegna Stampa Cattolica - Per una cultura che nasce dalla Rivelazione cristiana in conformit\u00e0 alla tradizione e al Magistero della Chiesa in opposizione ad ogni relativismo e totalitarismo","robots":{"index":"index","follow":"follow","max-snippet":"max-snippet:-1","max-image-preview":"max-image-preview:large","max-video-preview":"max-video-preview:-1"},"canonical":"https:\/\/www.rassegnastampa-totustuus.it\/cattolica\/lunicef-a-sostegno-di-una-nuova-campagna-onu-per-laborto\/","og_locale":"it_IT","og_type":"article","og_title":"L'UNICEF a sostegno di una nuova campagna ONU per l'aborto - Rassegna Stampa Cattolica","og_description":"Rassegna Stampa Cattolica - Per una cultura che nasce dalla Rivelazione cristiana in conformit\u00e0 alla tradizione e al Magistero della Chiesa in opposizione ad ogni relativismo e totalitarismo","og_url":"https:\/\/www.rassegnastampa-totustuus.it\/cattolica\/lunicef-a-sostegno-di-una-nuova-campagna-onu-per-laborto\/","og_site_name":"Rassegna Stampa Cattolica","article_publisher":"https:\/\/www.facebook.com\/rassegnastampacattolica","article_published_time":"2009-04-30T10:07:19+00:00","article_modified_time":"2015-12-04T10:31:02+00:00","og_image":[{"width":225,"height":225,"url":"https:\/\/www.rassegnastampa-totustuus.it\/cattolica\/wp-content\/uploads\/2009\/04\/unicef.png","type":"image\/png"}],"author":"Redazione","twitter_card":"summary_large_image","twitter_creator":"@rassegnastampa9","twitter_site":"@rassegnastampa9","twitter_misc":{"Scritto da":"Redazione","Tempo di lettura stimato":"3 minuti"},"schema":{"@context":"https:\/\/schema.org","@graph":[{"@type":"Article","@id":"https:\/\/www.rassegnastampa-totustuus.it\/cattolica\/lunicef-a-sostegno-di-una-nuova-campagna-onu-per-laborto\/#article","isPartOf":{"@id":"https:\/\/www.rassegnastampa-totustuus.it\/cattolica\/lunicef-a-sostegno-di-una-nuova-campagna-onu-per-laborto\/"},"author":{"name":"Redazione","@id":"https:\/\/www.rassegnastampa-totustuus.it\/cattolica\/#\/schema\/person\/08f319d2bd1a0904ad9e2bfb7b15e5c3"},"headline":"L&#8217;UNICEF a sostegno di una nuova campagna ONU per l&#8217;aborto","datePublished":"2009-04-30T10:07:19+00:00","dateModified":"2015-12-04T10:31:02+00:00","mainEntityOfPage":{"@id":"https:\/\/www.rassegnastampa-totustuus.it\/cattolica\/lunicef-a-sostegno-di-una-nuova-campagna-onu-per-laborto\/"},"wordCount":674,"publisher":{"@id":"https:\/\/www.rassegnastampa-totustuus.it\/cattolica\/#organization"},"image":{"@id":"https:\/\/www.rassegnastampa-totustuus.it\/cattolica\/lunicef-a-sostegno-di-una-nuova-campagna-onu-per-laborto\/#primaryimage"},"thumbnailUrl":"https:\/\/www.rassegnastampa-totustuus.it\/cattolica\/wp-content\/uploads\/2009\/04\/unicef.png","keywords":["Unicef"],"articleSection":["Aborto","L&#39;ONU"],"inLanguage":"it-IT"},{"@type":"WebPage","@id":"https:\/\/www.rassegnastampa-totustuus.it\/cattolica\/lunicef-a-sostegno-di-una-nuova-campagna-onu-per-laborto\/","url":"https:\/\/www.rassegnastampa-totustuus.it\/cattolica\/lunicef-a-sostegno-di-una-nuova-campagna-onu-per-laborto\/","name":"L'UNICEF a sostegno di una nuova campagna ONU per l'aborto - Rassegna Stampa Cattolica","isPartOf":{"@id":"https:\/\/www.rassegnastampa-totustuus.it\/cattolica\/#website"},"primaryImageOfPage":{"@id":"https:\/\/www.rassegnastampa-totustuus.it\/cattolica\/lunicef-a-sostegno-di-una-nuova-campagna-onu-per-laborto\/#primaryimage"},"image":{"@id":"https:\/\/www.rassegnastampa-totustuus.it\/cattolica\/lunicef-a-sostegno-di-una-nuova-campagna-onu-per-laborto\/#primaryimage"},"thumbnailUrl":"https:\/\/www.rassegnastampa-totustuus.it\/cattolica\/wp-content\/uploads\/2009\/04\/unicef.png","datePublished":"2009-04-30T10:07:19+00:00","dateModified":"2015-12-04T10:31:02+00:00","description":"Rassegna Stampa Cattolica - Per una cultura che nasce dalla Rivelazione cristiana in conformit\u00e0 alla tradizione e al Magistero della Chiesa in opposizione ad ogni relativismo e totalitarismo","breadcrumb":{"@id":"https:\/\/www.rassegnastampa-totustuus.it\/cattolica\/lunicef-a-sostegno-di-una-nuova-campagna-onu-per-laborto\/#breadcrumb"},"inLanguage":"it-IT","potentialAction":[{"@type":"ReadAction","target":["https:\/\/www.rassegnastampa-totustuus.it\/cattolica\/lunicef-a-sostegno-di-una-nuova-campagna-onu-per-laborto\/"]}]},{"@type":"ImageObject","inLanguage":"it-IT","@id":"https:\/\/www.rassegnastampa-totustuus.it\/cattolica\/lunicef-a-sostegno-di-una-nuova-campagna-onu-per-laborto\/#primaryimage","url":"https:\/\/www.rassegnastampa-totustuus.it\/cattolica\/wp-content\/uploads\/2009\/04\/unicef.png","contentUrl":"https:\/\/www.rassegnastampa-totustuus.it\/cattolica\/wp-content\/uploads\/2009\/04\/unicef.png","width":225,"height":225},{"@type":"BreadcrumbList","@id":"https:\/\/www.rassegnastampa-totustuus.it\/cattolica\/lunicef-a-sostegno-di-una-nuova-campagna-onu-per-laborto\/#breadcrumb","itemListElement":[{"@type":"ListItem","position":1,"name":"Home","item":"https:\/\/www.rassegnastampa-totustuus.it\/cattolica\/"},{"@type":"ListItem","position":2,"name":"L&#8217;UNICEF a sostegno di una nuova campagna ONU per l&#8217;aborto"}]},{"@type":"WebSite","@id":"https:\/\/www.rassegnastampa-totustuus.it\/cattolica\/#website","url":"https:\/\/www.rassegnastampa-totustuus.it\/cattolica\/","name":"Rassegna Stampa Cattolica","description":"Per una cultura che nasce dalla Rivelazione cristiana in conformit\u00e0 alla tradizione e al Magistero della Chiesa in opposizione ad ogni relativismo e totalitarismo","publisher":{"@id":"https:\/\/www.rassegnastampa-totustuus.it\/cattolica\/#organization"},"alternateName":"Rass. Cattolica","potentialAction":[{"@type":"SearchAction","target":{"@type":"EntryPoint","urlTemplate":"https:\/\/www.rassegnastampa-totustuus.it\/cattolica\/?s={search_term_string}"},"query-input":{"@type":"PropertyValueSpecification","valueRequired":true,"valueName":"search_term_string"}}],"inLanguage":"it-IT"},{"@type":"Organization","@id":"https:\/\/www.rassegnastampa-totustuus.it\/cattolica\/#organization","name":"Rassegna Stampa Cattolica","url":"https:\/\/www.rassegnastampa-totustuus.it\/cattolica\/","logo":{"@type":"ImageObject","inLanguage":"it-IT","@id":"https:\/\/www.rassegnastampa-totustuus.it\/cattolica\/#\/schema\/logo\/image\/","url":"https:\/\/www.rassegnastampa-totustuus.it\/cattolica\/wp-content\/uploads\/2014\/04\/logo-rassegna1.gif","contentUrl":"https:\/\/www.rassegnastampa-totustuus.it\/cattolica\/wp-content\/uploads\/2014\/04\/logo-rassegna1.gif","width":600,"height":163,"caption":"Rassegna Stampa Cattolica"},"image":{"@id":"https:\/\/www.rassegnastampa-totustuus.it\/cattolica\/#\/schema\/logo\/image\/"},"sameAs":["https:\/\/www.facebook.com\/rassegnastampacattolica","https:\/\/x.com\/rassegnastampa9"]},{"@type":"Person","@id":"https:\/\/www.rassegnastampa-totustuus.it\/cattolica\/#\/schema\/person\/08f319d2bd1a0904ad9e2bfb7b15e5c3","name":"Redazione","image":{"@type":"ImageObject","inLanguage":"it-IT","@id":"https:\/\/secure.gravatar.com\/avatar\/2fcdf27c78ea025fbdb44e914cc63c72249ffec9dc8aafd5c82b26240ef3f346?s=96&d=mm&r=g","url":"https:\/\/secure.gravatar.com\/avatar\/2fcdf27c78ea025fbdb44e914cc63c72249ffec9dc8aafd5c82b26240ef3f346?s=96&d=mm&r=g","contentUrl":"https:\/\/secure.gravatar.com\/avatar\/2fcdf27c78ea025fbdb44e914cc63c72249ffec9dc8aafd5c82b26240ef3f346?s=96&d=mm&r=g","caption":"Redazione"},"url":"https:\/\/www.rassegnastampa-totustuus.it\/cattolica\/author\/pietroelle\/"}]}},"_links":{"self":[{"href":"https:\/\/www.rassegnastampa-totustuus.it\/cattolica\/wp-json\/wp\/v2\/posts\/3219","targetHints":{"allow":["GET"]}}],"collection":[{"href":"https:\/\/www.rassegnastampa-totustuus.it\/cattolica\/wp-json\/wp\/v2\/posts"}],"about":[{"href":"https:\/\/www.rassegnastampa-totustuus.it\/cattolica\/wp-json\/wp\/v2\/types\/post"}],"author":[{"embeddable":true,"href":"https:\/\/www.rassegnastampa-totustuus.it\/cattolica\/wp-json\/wp\/v2\/users\/6"}],"replies":[{"embeddable":true,"href":"https:\/\/www.rassegnastampa-totustuus.it\/cattolica\/wp-json\/wp\/v2\/comments?post=3219"}],"version-history":[{"count":4,"href":"https:\/\/www.rassegnastampa-totustuus.it\/cattolica\/wp-json\/wp\/v2\/posts\/3219\/revisions"}],"predecessor-version":[{"id":28638,"href":"https:\/\/www.rassegnastampa-totustuus.it\/cattolica\/wp-json\/wp\/v2\/posts\/3219\/revisions\/28638"}],"wp:featuredmedia":[{"embeddable":true,"href":"https:\/\/www.rassegnastampa-totustuus.it\/cattolica\/wp-json\/wp\/v2\/media\/28637"}],"wp:attachment":[{"href":"https:\/\/www.rassegnastampa-totustuus.it\/cattolica\/wp-json\/wp\/v2\/media?parent=3219"}],"wp:term":[{"taxonomy":"category","embeddable":true,"href":"https:\/\/www.rassegnastampa-totustuus.it\/cattolica\/wp-json\/wp\/v2\/categories?post=3219"},{"taxonomy":"post_tag","embeddable":true,"href":"https:\/\/www.rassegnastampa-totustuus.it\/cattolica\/wp-json\/wp\/v2\/tags?post=3219"}],"curies":[{"name":"wp","href":"https:\/\/api.w.org\/{rel}","templated":true}]}}