{"id":3213,"date":"2009-04-30T00:00:00","date_gmt":"2009-04-29T22:00:00","guid":{"rendered":""},"modified":"2016-02-07T19:53:52","modified_gmt":"2016-02-07T18:53:52","slug":"arte-sacra-san-fuksas","status":"publish","type":"post","link":"https:\/\/www.rassegnastampa-totustuus.it\/cattolica\/arte-sacra-san-fuksas\/","title":{"rendered":"Arte Sacra&#8230; San Fuksas?!"},"content":{"rendered":"<div style=\"text-align: center;\"><a href=\"https:\/\/www.rassegnastampa-totustuus.it\/cattolica\/wp-content\/uploads\/2009\/04\/chiesa_Fuksas.jpg\"><img loading=\"lazy\" decoding=\"async\" class=\"alignright wp-image-30545\" src=\"https:\/\/www.rassegnastampa-totustuus.it\/cattolica\/wp-content\/uploads\/2009\/04\/chiesa_Fuksas.jpg\" alt=\"chiesa_Fuksas\" width=\"250\" height=\"135\" srcset=\"https:\/\/www.rassegnastampa-totustuus.it\/cattolica\/wp-content\/uploads\/2009\/04\/chiesa_Fuksas.jpg 305w, https:\/\/www.rassegnastampa-totustuus.it\/cattolica\/wp-content\/uploads\/2009\/04\/chiesa_Fuksas-300x162.jpg 300w\" sizes=\"auto, (max-width: 250px) 100vw, 250px\" \/><\/a>Dal sito <strong><a href=\"http:\/\/www.ilcenacolodeifilosofi.it\/\" target=\"_blank\">Il cenacolo dei filosofi<\/a><\/strong><\/div>\n<p style=\"text-align: center;\">di <strong>Stefano Chiappalone<br \/>\n<\/strong><\/p>\n<p style=\"text-align: justify;\">Mentre scrivo queste righe, a Foligno stanno consacrando la nuova chiesa di San\u2026Fuksas! Proprio cos\u00ec, poich\u00e9 certe chiese moderne pi\u00f9 che del santo titolare parlano del \u201cgenio\u201d che le ha progettate.<\/p>\n<p><!--more--><\/p>\n<div style=\"text-align: justify;\">Nel caso di specie l\u2019architetto Massimiliano Fuksas, che pure \u2013 in base ad una recente intervista &#8211; avrebbe le idee chiare su cosa sia una chiesa e tuttavia non tiene conto dell\u2019aforisma di Nicol\u00e1s G\u00f3mez D\u00e1vila (1913-1994): \u201cNessuno pensa in modo serio finch\u00e9 d\u00e0 importanza all\u2019originalit\u00e0.\u201d<\/div>\n<p style=\"text-align: justify;\">La chiesa di Fuksas e molte altre (citiamo per tutte, la chiesa modenese di Ges\u00f9 Redentore dell\u2019architetto Mauro Galantino), senza una croce sarebbero indistinguibili da edifici adibiti ad uso civile, se non fosse per l\u2019ostentata astrusit\u00e0.<\/p>\n<p style=\"text-align: justify;\">Siamo ben lontani dalla feconda alleanza tra arte e fede che nei secoli passati ha dato vita al romanico, al gotico, al barocco, per cui Joseph Ratzinger poteva affermare \u201cche la vera apologia della fede cristiana, la dimostrazione pi\u00f9 convincente della sua verit\u00e0, contro ogni negazione, sono da un lato i Santi, dall\u2019altro la bellezza che la fede ha generato\u201d.<\/p>\n<p style=\"text-align: justify;\">Si obietta che l\u2019alleanza del Vangelo con gli stili di ogni epoca, come \u00e8 avvenuta in passato cos\u00ec deve ripetersi anche con gli stili moderni. E questo sembra un argomento impeccabile.<\/p>\n<p style=\"text-align: justify;\">Tuttavia non si pu\u00f2 fare a meno di constatare come nella percezione comune, sia maggiore la cesura che separa una chiesa \u201cmoderna\u201d da una barocca o romanica, che non quella esistente tra queste ultime due \u2013 pur tra loro diversissime.<\/p>\n<p style=\"text-align: justify;\">Bisogna tener presente innanzitutto che la chiesa non \u00e8 un contenitore neutro per gli atti di culto o per qualsiasi altra attivit\u00e0; \u00e8 qualcosa di pi\u00f9, \u00e8 un \u201cambiente\u201d e in quanto tale portatore di un peculiare spirito. \u201cQuando ci si trova di fronte a un \u2018ambiente\u2019 \u2013 scriveva <a href=\"modules.php?name=News&amp;file=article&amp;sid=2604\">Plinio Correa de Oliveira<\/a> (1908-1995), proprio perch\u00e9 esprime uno stato dell\u2019anima, esso non pu\u00f2 essere moralmente indifferente: o sar\u00e0 buono e favorir\u00e0 le anime nella considerazione e nell\u2019assimilazione di Dio, o sar\u00e0 cattivo e agir\u00e0 in senso opposto\u201d.<\/p>\n<p style=\"text-align: justify;\">\u00c8 auspicabile pertanto che quel particolare ambiente che \u00e8 la chiesa sia buono e spinga l\u2019anima verso l\u2019alto. Cosa che avviene sia nella ricca Basilica di San Pietro in Vaticano, sia nell\u2019austera abbazia cistercense di Casamari, ma difficilmente in molte \u201cchiese-garages\u201d contemporanee.<\/p>\n<p style=\"text-align: justify;\">Evidentemente le prime sono portatrici di uno spirito cristiano che queste ultime non hanno, poich\u00e9 non sono ispirate semplicemente ad uno stile diverso, bens\u00ec ad uno spirito completamente differente.<\/p>\n<p style=\"text-align: justify;\">La materia prima spirituale di un edificio sacro allora non dovrebbe essere sottovalutata, poich\u00e9 l\u2019architettura svolge una evangelizzazione visiva non meno rilevante della predicazione.<\/p>\n<p style=\"text-align: justify;\">Ne era ben consapevole anche un convinto fautore del dialogo con l\u2019arte moderna, come Papa Paolo VI (1963-1978), il quale per\u00f2 non poteva fare a meno di denunciarne l\u2019apostasia: \u201cCi permettete una parola franca? Voi Ci avete un po\u2019 abbandonato, siete andati lontani, a bere ad altre fontane, alla ricerca sia pure legittima di esprimere altre cose; ma non pi\u00f9 le nostre.\u201d<\/p>\n<p style=\"text-align: justify;\">Quali sono queste altre fontane? Qual \u00e8 lo spirito dell\u2019arte moderna?<\/p>\n<p style=\"text-align: justify;\">Lo studioso austriaco Hans Sedlmayr (1896-1984) identifica alcune tendenze di fondo, ci\u00f2 che le principali correnti dell\u2019arte moderna hanno messo al posto di Dio: dapprima l\u2019arte comincia a idolatrare s\u00e9 stessa, passando dal culto dell\u2019arte al culto dell\u2019artista (estetismo), poi la scienza, la tecnica e tutto ci\u00f2 che sembra il progresso ineluttabile (tecnicismo, culto della geometria), infine a questo eccesso di razionalismo si risponde con l\u2019eccesso opposto, cercando il caos, l\u2019assurdo, la follia deliberata (surrealismo): anche nell\u2019arte necessariamente si riflettono la scissione tra fede e ragione e la conseguente radicalizzazione ora in un senso ora nell\u2019altro, che caratterizzano l\u2019uomo moderno.<\/p>\n<p style=\"text-align: justify;\">Su queste basi, l\u2019architettura non pu\u00f2 diventare automaticamente cattolica per il solo fatto di progettare chiese, anzi un edificio brutto \u2013 nel senso di \u201cnon vero\u201d, non adeguato alle realt\u00e0 celesti che dovrebbe simboleggiare \u2013 risulterebbe edificante tanto quanto una predica domenicale affidata a Dan Brown&#8230;<\/p>\n<p style=\"text-align: justify;\">Cos\u00ec negli anni 1950 Charles-Edouard Jeanneret-Gris, detto Le Corbusier (1887-1965) \u2013 secondo il quale, \u201cla macchina, fenomeno moderno, provoca nel mondo una riforma dello spirito\u201d \u2013 progett\u00f2 il convento di Santa Maria de La Tourette secondo criteri assolutamente geometrici. Egli era del resto l\u2019esponente principale di una tendenza a progettare qualsiasi edificio sul modello della macchina, al punto da definire una casa \u201cmacchina per abitare\u201d.<\/p>\n<p style=\"text-align: justify;\">Coerentemente a La Tourette costru\u00ec una \u201cmacchina per pregare\u201d, che parla il muto linguaggio degli automi pi\u00f9 che la celeste lingua degli angeli.<\/p>\n<p style=\"text-align: justify;\">Il resto \u00e8 storia recente, basta guardarsi intorno e si potranno ravvisare in misura maggiore o minore nelle nuove chiese, le idolatrie individuate da Sedlmayr.<\/p>\n<p style=\"text-align: justify;\">Inoltre, si registra nella struttura materiale delle chiese un progressivo venir meno della tensione verso l\u2019alto che caratterizzava anche visivamente le cattedrali del passato, nonch\u00e9 la scomparsa di tutte quelle forme inscindibilmente legate all\u2019uomo: tanto il fedele che esse ospitano, quanto l\u2019Uomo-Dio che vi abita con tutta la schiera dei santi \u2013 anch\u2019essi uomini e anch\u2019essi misteriosamente spariti dalle pareti sempre pi\u00f9 iconoclaste.<\/p>\n<p style=\"text-align: justify;\">Relegando Dio nel cielo e dimenticando che Cristo si \u00e8 incarnato, si finisce infatti per dimenticare l\u2019uomo stesso \u2013 anche come semplice interlocutore che non riesce a intendere il linguaggio razionalista di chiese puramente geometriche, n\u00e9 quello astratto degli scarni e soggettivi simboli incapaci di esporre al semplice fedele le verit\u00e0 della fede cristiana.<\/p>\n<p style=\"text-align: justify;\">A tale proposito mons. Nicola Bux osserva: \u201cChe dire di un certo spiritualismo oggi in voga che mortifica i sensi, che biasima l\u2019apostolo Tommaso che voleva credere vedendo? Ges\u00f9 per questo si \u00e8 fatto vedere \u2013 come agli altri apostoli (altrimenti perch\u00e9 il Verbo si sarebbe fatto uomo?).<\/p>\n<p style=\"text-align: justify;\">\u201dAlle malattie dell\u2019arte moderna si sommano infatti quelle della teologia \u201calla moda\u201d: si concepisce allora la chiesa come un semplice luogo di riunione di un gruppo che in fondo, dimenticando di elevarsi verso Dio, si limita ad una sterile autocelebrazione; con ci\u00f2 per\u00f2 \u00e8 l\u2019uomo stesso a subire una limitazione, poich\u00e9 riducendo tutto al solo aspetto funzionale, viene amputato dell\u2019elemento simbolico che permette alla ragione di lasciarsi fecondare dal Mistero, di passare in ultima analisi dalle cose che sono \u2013 e che vediamo e tocchiamo \u2013 all\u2019Essere stesso che ha un volto e un nome.<\/p>\n<p style=\"text-align: justify;\">Era in fondo ci\u00f2 che \u2013 anzi: Colui che \u2013 cercavano San Benedetto da Norcia (480-547) e San Francesco d\u2019Assisi (1181\/1182-1226), i quali non hanno chiamato architetti famosi e non sapevano neanche di regalarci tesori come Montecassino, il Sacro Speco di Subiaco o la basilica di Assisi.<\/p>\n<p style=\"text-align: justify;\">L\u2019intera cultura europea, ricordava Benedetto XVI a Parigi, al Coll\u00e8ge des Bernardins, \u00e8 nata grazie a generazioni di monaci che non pretendevano di fare capolavori, anzi \u201cnon era loro intenzione di creare una cultura e nemmeno di conservare una cultura del passato. La loro motivazione era molto pi\u00f9 elementare.<\/p>\n<p style=\"text-align: justify;\">Il loro obiettivo era: quaerere Deum, cercare Dio. Nella confusione dei tempi in cui niente sembrava resistere, essi volevano fare la cosa essenziale: impegnarsi per trovare ci\u00f2 che vale e permane sempre, trovare la Vita stessa .\u201d<\/p>\n<p style=\"text-align: justify;\">Dall\u2019essenziale, dal quaerere Deum, possono scaturire anche ai nostri giorni chiese belle e capaci di parlare nella lingua degli angeli, come l\u2019abbazia di Sainte-Madeleine di Le Barroux, in Francia, il cui fondatore \u00e8, guarda caso, il monaco benedettino dom Gerard Calvet O.S.B. (1927-2008), che non ha fatto altro che mettere in pratica l\u2019ammonimento evangelico: \u201c<em>Quaerite autem primum Regnum Dei et iustitiam eius, et haec omnia adiicientur vobis<\/em>\u201d (Mt 6,33), cercate prima di tutto il regno di Dio e la sua giustizia e il resto \u2013 bellezza compresa \u2013 vi sar\u00e0 dato in sovrappi\u00f9&#8230;<\/p>\n<p style=\"text-align: justify;\">__________________________<\/p>\n<p style=\"text-align: justify;\"><strong>Leggi anche:<\/strong><\/p>\n<p style=\"text-align: justify;\"><a href=\"https:\/\/www.rassegnastampa-totustuus.it\/cattolica\/?p=2485\" target=\"_blank\">Architettura. Lo spazio dell&#8217;incarnazione<\/a><\/p>\n","protected":false},"excerpt":{"rendered":"<p>Dal sito Il cenacolo dei filosofi di Stefano Chiappalone Mentre scrivo queste righe, a Foligno stanno consacrando la nuova chiesa di San\u2026Fuksas! Proprio cos\u00ec, poich\u00e9 certe chiese moderne pi\u00f9 che del santo titolare parlano del \u201cgenio\u201d che le ha progettate.<\/p><p><a class=\"more-link btn\" href=\"https:\/\/www.rassegnastampa-totustuus.it\/cattolica\/arte-sacra-san-fuksas\/\">Continua a leggere<\/a><\/p>\n","protected":false},"author":6,"featured_media":30545,"comment_status":"closed","ping_status":"open","sticky":false,"template":"","format":"standard","meta":{"footnotes":""},"categories":[119],"tags":[538],"class_list":["post-3213","post","type-post","status-publish","format-standard","has-post-thumbnail","hentry","category-arte-sacra","tag-arte-sacra-2","item-wrap"],"yoast_head":"<!-- This site is optimized with the Yoast SEO plugin v27.5 - https:\/\/yoast.com\/product\/yoast-seo-wordpress\/ -->\n<title>Arte Sacra... San Fuksas?! - Rassegna Stampa Cattolica<\/title>\n<meta name=\"description\" content=\"Rassegna Stampa Cattolica - Per una cultura che nasce dalla Rivelazione cristiana in conformit\u00e0 alla tradizione e al Magistero della Chiesa in opposizione ad ogni relativismo e totalitarismo\" \/>\n<meta name=\"robots\" content=\"index, follow, max-snippet:-1, max-image-preview:large, max-video-preview:-1\" \/>\n<link rel=\"canonical\" href=\"https:\/\/www.rassegnastampa-totustuus.it\/cattolica\/arte-sacra-san-fuksas\/\" \/>\n<meta property=\"og:locale\" content=\"it_IT\" \/>\n<meta property=\"og:type\" content=\"article\" \/>\n<meta property=\"og:title\" content=\"Arte Sacra... San Fuksas?! - Rassegna Stampa Cattolica\" \/>\n<meta property=\"og:description\" content=\"Rassegna Stampa Cattolica - Per una cultura che nasce dalla Rivelazione cristiana in conformit\u00e0 alla tradizione e al Magistero della Chiesa in opposizione ad ogni relativismo e totalitarismo\" \/>\n<meta property=\"og:url\" content=\"https:\/\/www.rassegnastampa-totustuus.it\/cattolica\/arte-sacra-san-fuksas\/\" \/>\n<meta property=\"og:site_name\" content=\"Rassegna Stampa Cattolica\" \/>\n<meta property=\"article:publisher\" content=\"https:\/\/www.facebook.com\/rassegnastampacattolica\" \/>\n<meta property=\"article:published_time\" content=\"2009-04-29T22:00:00+00:00\" \/>\n<meta property=\"article:modified_time\" content=\"2016-02-07T18:53:52+00:00\" \/>\n<meta property=\"og:image\" content=\"https:\/\/www.rassegnastampa-totustuus.it\/cattolica\/wp-content\/uploads\/2009\/04\/chiesa_Fuksas.jpg\" \/>\n\t<meta property=\"og:image:width\" content=\"305\" \/>\n\t<meta property=\"og:image:height\" content=\"165\" \/>\n\t<meta property=\"og:image:type\" content=\"image\/jpeg\" \/>\n<meta name=\"author\" content=\"Redazione\" \/>\n<meta name=\"twitter:card\" content=\"summary_large_image\" \/>\n<meta name=\"twitter:creator\" content=\"@rassegnastampa9\" \/>\n<meta name=\"twitter:site\" content=\"@rassegnastampa9\" \/>\n<meta name=\"twitter:label1\" content=\"Scritto da\" \/>\n\t<meta name=\"twitter:data1\" content=\"Redazione\" \/>\n\t<meta name=\"twitter:label2\" content=\"Tempo di lettura stimato\" \/>\n\t<meta name=\"twitter:data2\" content=\"6 minuti\" \/>\n<script type=\"application\/ld+json\" class=\"yoast-schema-graph\">{\"@context\":\"https:\\\/\\\/schema.org\",\"@graph\":[{\"@type\":\"Article\",\"@id\":\"https:\\\/\\\/www.rassegnastampa-totustuus.it\\\/cattolica\\\/arte-sacra-san-fuksas\\\/#article\",\"isPartOf\":{\"@id\":\"https:\\\/\\\/www.rassegnastampa-totustuus.it\\\/cattolica\\\/arte-sacra-san-fuksas\\\/\"},\"author\":{\"name\":\"Redazione\",\"@id\":\"https:\\\/\\\/www.rassegnastampa-totustuus.it\\\/cattolica\\\/#\\\/schema\\\/person\\\/08f319d2bd1a0904ad9e2bfb7b15e5c3\"},\"headline\":\"Arte Sacra&#8230; San Fuksas?!\",\"datePublished\":\"2009-04-29T22:00:00+00:00\",\"dateModified\":\"2016-02-07T18:53:52+00:00\",\"mainEntityOfPage\":{\"@id\":\"https:\\\/\\\/www.rassegnastampa-totustuus.it\\\/cattolica\\\/arte-sacra-san-fuksas\\\/\"},\"wordCount\":1282,\"publisher\":{\"@id\":\"https:\\\/\\\/www.rassegnastampa-totustuus.it\\\/cattolica\\\/#organization\"},\"image\":{\"@id\":\"https:\\\/\\\/www.rassegnastampa-totustuus.it\\\/cattolica\\\/arte-sacra-san-fuksas\\\/#primaryimage\"},\"thumbnailUrl\":\"https:\\\/\\\/www.rassegnastampa-totustuus.it\\\/cattolica\\\/wp-content\\\/uploads\\\/2009\\\/04\\\/chiesa_Fuksas.jpg\",\"keywords\":[\"arte sacra\"],\"articleSection\":[\"Arte sacra\"],\"inLanguage\":\"it-IT\"},{\"@type\":\"WebPage\",\"@id\":\"https:\\\/\\\/www.rassegnastampa-totustuus.it\\\/cattolica\\\/arte-sacra-san-fuksas\\\/\",\"url\":\"https:\\\/\\\/www.rassegnastampa-totustuus.it\\\/cattolica\\\/arte-sacra-san-fuksas\\\/\",\"name\":\"Arte Sacra... San Fuksas?! - Rassegna Stampa Cattolica\",\"isPartOf\":{\"@id\":\"https:\\\/\\\/www.rassegnastampa-totustuus.it\\\/cattolica\\\/#website\"},\"primaryImageOfPage\":{\"@id\":\"https:\\\/\\\/www.rassegnastampa-totustuus.it\\\/cattolica\\\/arte-sacra-san-fuksas\\\/#primaryimage\"},\"image\":{\"@id\":\"https:\\\/\\\/www.rassegnastampa-totustuus.it\\\/cattolica\\\/arte-sacra-san-fuksas\\\/#primaryimage\"},\"thumbnailUrl\":\"https:\\\/\\\/www.rassegnastampa-totustuus.it\\\/cattolica\\\/wp-content\\\/uploads\\\/2009\\\/04\\\/chiesa_Fuksas.jpg\",\"datePublished\":\"2009-04-29T22:00:00+00:00\",\"dateModified\":\"2016-02-07T18:53:52+00:00\",\"description\":\"Rassegna Stampa Cattolica - Per una cultura che nasce dalla Rivelazione cristiana in conformit\u00e0 alla tradizione e al Magistero della Chiesa in opposizione ad ogni relativismo e totalitarismo\",\"breadcrumb\":{\"@id\":\"https:\\\/\\\/www.rassegnastampa-totustuus.it\\\/cattolica\\\/arte-sacra-san-fuksas\\\/#breadcrumb\"},\"inLanguage\":\"it-IT\",\"potentialAction\":[{\"@type\":\"ReadAction\",\"target\":[\"https:\\\/\\\/www.rassegnastampa-totustuus.it\\\/cattolica\\\/arte-sacra-san-fuksas\\\/\"]}]},{\"@type\":\"ImageObject\",\"inLanguage\":\"it-IT\",\"@id\":\"https:\\\/\\\/www.rassegnastampa-totustuus.it\\\/cattolica\\\/arte-sacra-san-fuksas\\\/#primaryimage\",\"url\":\"https:\\\/\\\/www.rassegnastampa-totustuus.it\\\/cattolica\\\/wp-content\\\/uploads\\\/2009\\\/04\\\/chiesa_Fuksas.jpg\",\"contentUrl\":\"https:\\\/\\\/www.rassegnastampa-totustuus.it\\\/cattolica\\\/wp-content\\\/uploads\\\/2009\\\/04\\\/chiesa_Fuksas.jpg\",\"width\":305,\"height\":165},{\"@type\":\"BreadcrumbList\",\"@id\":\"https:\\\/\\\/www.rassegnastampa-totustuus.it\\\/cattolica\\\/arte-sacra-san-fuksas\\\/#breadcrumb\",\"itemListElement\":[{\"@type\":\"ListItem\",\"position\":1,\"name\":\"Home\",\"item\":\"https:\\\/\\\/www.rassegnastampa-totustuus.it\\\/cattolica\\\/\"},{\"@type\":\"ListItem\",\"position\":2,\"name\":\"Arte Sacra&#8230; San Fuksas?!\"}]},{\"@type\":\"WebSite\",\"@id\":\"https:\\\/\\\/www.rassegnastampa-totustuus.it\\\/cattolica\\\/#website\",\"url\":\"https:\\\/\\\/www.rassegnastampa-totustuus.it\\\/cattolica\\\/\",\"name\":\"Rassegna Stampa Cattolica\",\"description\":\"Per una cultura che nasce dalla Rivelazione cristiana in conformit\u00e0 alla tradizione e al Magistero della Chiesa in opposizione ad ogni relativismo e totalitarismo\",\"publisher\":{\"@id\":\"https:\\\/\\\/www.rassegnastampa-totustuus.it\\\/cattolica\\\/#organization\"},\"alternateName\":\"Rass. Cattolica\",\"potentialAction\":[{\"@type\":\"SearchAction\",\"target\":{\"@type\":\"EntryPoint\",\"urlTemplate\":\"https:\\\/\\\/www.rassegnastampa-totustuus.it\\\/cattolica\\\/?s={search_term_string}\"},\"query-input\":{\"@type\":\"PropertyValueSpecification\",\"valueRequired\":true,\"valueName\":\"search_term_string\"}}],\"inLanguage\":\"it-IT\"},{\"@type\":\"Organization\",\"@id\":\"https:\\\/\\\/www.rassegnastampa-totustuus.it\\\/cattolica\\\/#organization\",\"name\":\"Rassegna Stampa Cattolica\",\"url\":\"https:\\\/\\\/www.rassegnastampa-totustuus.it\\\/cattolica\\\/\",\"logo\":{\"@type\":\"ImageObject\",\"inLanguage\":\"it-IT\",\"@id\":\"https:\\\/\\\/www.rassegnastampa-totustuus.it\\\/cattolica\\\/#\\\/schema\\\/logo\\\/image\\\/\",\"url\":\"https:\\\/\\\/www.rassegnastampa-totustuus.it\\\/cattolica\\\/wp-content\\\/uploads\\\/2014\\\/04\\\/logo-rassegna1.gif\",\"contentUrl\":\"https:\\\/\\\/www.rassegnastampa-totustuus.it\\\/cattolica\\\/wp-content\\\/uploads\\\/2014\\\/04\\\/logo-rassegna1.gif\",\"width\":600,\"height\":163,\"caption\":\"Rassegna Stampa Cattolica\"},\"image\":{\"@id\":\"https:\\\/\\\/www.rassegnastampa-totustuus.it\\\/cattolica\\\/#\\\/schema\\\/logo\\\/image\\\/\"},\"sameAs\":[\"https:\\\/\\\/www.facebook.com\\\/rassegnastampacattolica\",\"https:\\\/\\\/x.com\\\/rassegnastampa9\"]},{\"@type\":\"Person\",\"@id\":\"https:\\\/\\\/www.rassegnastampa-totustuus.it\\\/cattolica\\\/#\\\/schema\\\/person\\\/08f319d2bd1a0904ad9e2bfb7b15e5c3\",\"name\":\"Redazione\",\"image\":{\"@type\":\"ImageObject\",\"inLanguage\":\"it-IT\",\"@id\":\"https:\\\/\\\/secure.gravatar.com\\\/avatar\\\/2fcdf27c78ea025fbdb44e914cc63c72249ffec9dc8aafd5c82b26240ef3f346?s=96&d=mm&r=g\",\"url\":\"https:\\\/\\\/secure.gravatar.com\\\/avatar\\\/2fcdf27c78ea025fbdb44e914cc63c72249ffec9dc8aafd5c82b26240ef3f346?s=96&d=mm&r=g\",\"contentUrl\":\"https:\\\/\\\/secure.gravatar.com\\\/avatar\\\/2fcdf27c78ea025fbdb44e914cc63c72249ffec9dc8aafd5c82b26240ef3f346?s=96&d=mm&r=g\",\"caption\":\"Redazione\"},\"url\":\"https:\\\/\\\/www.rassegnastampa-totustuus.it\\\/cattolica\\\/author\\\/pietroelle\\\/\"}]}<\/script>\n<!-- \/ Yoast SEO plugin. -->","yoast_head_json":{"title":"Arte Sacra... San Fuksas?! - Rassegna Stampa Cattolica","description":"Rassegna Stampa Cattolica - Per una cultura che nasce dalla Rivelazione cristiana in conformit\u00e0 alla tradizione e al Magistero della Chiesa in opposizione ad ogni relativismo e totalitarismo","robots":{"index":"index","follow":"follow","max-snippet":"max-snippet:-1","max-image-preview":"max-image-preview:large","max-video-preview":"max-video-preview:-1"},"canonical":"https:\/\/www.rassegnastampa-totustuus.it\/cattolica\/arte-sacra-san-fuksas\/","og_locale":"it_IT","og_type":"article","og_title":"Arte Sacra... San Fuksas?! - Rassegna Stampa Cattolica","og_description":"Rassegna Stampa Cattolica - Per una cultura che nasce dalla Rivelazione cristiana in conformit\u00e0 alla tradizione e al Magistero della Chiesa in opposizione ad ogni relativismo e totalitarismo","og_url":"https:\/\/www.rassegnastampa-totustuus.it\/cattolica\/arte-sacra-san-fuksas\/","og_site_name":"Rassegna Stampa Cattolica","article_publisher":"https:\/\/www.facebook.com\/rassegnastampacattolica","article_published_time":"2009-04-29T22:00:00+00:00","article_modified_time":"2016-02-07T18:53:52+00:00","og_image":[{"width":305,"height":165,"url":"https:\/\/www.rassegnastampa-totustuus.it\/cattolica\/wp-content\/uploads\/2009\/04\/chiesa_Fuksas.jpg","type":"image\/jpeg"}],"author":"Redazione","twitter_card":"summary_large_image","twitter_creator":"@rassegnastampa9","twitter_site":"@rassegnastampa9","twitter_misc":{"Scritto da":"Redazione","Tempo di lettura stimato":"6 minuti"},"schema":{"@context":"https:\/\/schema.org","@graph":[{"@type":"Article","@id":"https:\/\/www.rassegnastampa-totustuus.it\/cattolica\/arte-sacra-san-fuksas\/#article","isPartOf":{"@id":"https:\/\/www.rassegnastampa-totustuus.it\/cattolica\/arte-sacra-san-fuksas\/"},"author":{"name":"Redazione","@id":"https:\/\/www.rassegnastampa-totustuus.it\/cattolica\/#\/schema\/person\/08f319d2bd1a0904ad9e2bfb7b15e5c3"},"headline":"Arte Sacra&#8230; San Fuksas?!","datePublished":"2009-04-29T22:00:00+00:00","dateModified":"2016-02-07T18:53:52+00:00","mainEntityOfPage":{"@id":"https:\/\/www.rassegnastampa-totustuus.it\/cattolica\/arte-sacra-san-fuksas\/"},"wordCount":1282,"publisher":{"@id":"https:\/\/www.rassegnastampa-totustuus.it\/cattolica\/#organization"},"image":{"@id":"https:\/\/www.rassegnastampa-totustuus.it\/cattolica\/arte-sacra-san-fuksas\/#primaryimage"},"thumbnailUrl":"https:\/\/www.rassegnastampa-totustuus.it\/cattolica\/wp-content\/uploads\/2009\/04\/chiesa_Fuksas.jpg","keywords":["arte sacra"],"articleSection":["Arte sacra"],"inLanguage":"it-IT"},{"@type":"WebPage","@id":"https:\/\/www.rassegnastampa-totustuus.it\/cattolica\/arte-sacra-san-fuksas\/","url":"https:\/\/www.rassegnastampa-totustuus.it\/cattolica\/arte-sacra-san-fuksas\/","name":"Arte Sacra... San Fuksas?! - Rassegna Stampa Cattolica","isPartOf":{"@id":"https:\/\/www.rassegnastampa-totustuus.it\/cattolica\/#website"},"primaryImageOfPage":{"@id":"https:\/\/www.rassegnastampa-totustuus.it\/cattolica\/arte-sacra-san-fuksas\/#primaryimage"},"image":{"@id":"https:\/\/www.rassegnastampa-totustuus.it\/cattolica\/arte-sacra-san-fuksas\/#primaryimage"},"thumbnailUrl":"https:\/\/www.rassegnastampa-totustuus.it\/cattolica\/wp-content\/uploads\/2009\/04\/chiesa_Fuksas.jpg","datePublished":"2009-04-29T22:00:00+00:00","dateModified":"2016-02-07T18:53:52+00:00","description":"Rassegna Stampa Cattolica - Per una cultura che nasce dalla Rivelazione cristiana in conformit\u00e0 alla tradizione e al Magistero della Chiesa in opposizione ad ogni relativismo e totalitarismo","breadcrumb":{"@id":"https:\/\/www.rassegnastampa-totustuus.it\/cattolica\/arte-sacra-san-fuksas\/#breadcrumb"},"inLanguage":"it-IT","potentialAction":[{"@type":"ReadAction","target":["https:\/\/www.rassegnastampa-totustuus.it\/cattolica\/arte-sacra-san-fuksas\/"]}]},{"@type":"ImageObject","inLanguage":"it-IT","@id":"https:\/\/www.rassegnastampa-totustuus.it\/cattolica\/arte-sacra-san-fuksas\/#primaryimage","url":"https:\/\/www.rassegnastampa-totustuus.it\/cattolica\/wp-content\/uploads\/2009\/04\/chiesa_Fuksas.jpg","contentUrl":"https:\/\/www.rassegnastampa-totustuus.it\/cattolica\/wp-content\/uploads\/2009\/04\/chiesa_Fuksas.jpg","width":305,"height":165},{"@type":"BreadcrumbList","@id":"https:\/\/www.rassegnastampa-totustuus.it\/cattolica\/arte-sacra-san-fuksas\/#breadcrumb","itemListElement":[{"@type":"ListItem","position":1,"name":"Home","item":"https:\/\/www.rassegnastampa-totustuus.it\/cattolica\/"},{"@type":"ListItem","position":2,"name":"Arte Sacra&#8230; San Fuksas?!"}]},{"@type":"WebSite","@id":"https:\/\/www.rassegnastampa-totustuus.it\/cattolica\/#website","url":"https:\/\/www.rassegnastampa-totustuus.it\/cattolica\/","name":"Rassegna Stampa Cattolica","description":"Per una cultura che nasce dalla Rivelazione cristiana in conformit\u00e0 alla tradizione e al Magistero della Chiesa in opposizione ad ogni relativismo e totalitarismo","publisher":{"@id":"https:\/\/www.rassegnastampa-totustuus.it\/cattolica\/#organization"},"alternateName":"Rass. Cattolica","potentialAction":[{"@type":"SearchAction","target":{"@type":"EntryPoint","urlTemplate":"https:\/\/www.rassegnastampa-totustuus.it\/cattolica\/?s={search_term_string}"},"query-input":{"@type":"PropertyValueSpecification","valueRequired":true,"valueName":"search_term_string"}}],"inLanguage":"it-IT"},{"@type":"Organization","@id":"https:\/\/www.rassegnastampa-totustuus.it\/cattolica\/#organization","name":"Rassegna Stampa Cattolica","url":"https:\/\/www.rassegnastampa-totustuus.it\/cattolica\/","logo":{"@type":"ImageObject","inLanguage":"it-IT","@id":"https:\/\/www.rassegnastampa-totustuus.it\/cattolica\/#\/schema\/logo\/image\/","url":"https:\/\/www.rassegnastampa-totustuus.it\/cattolica\/wp-content\/uploads\/2014\/04\/logo-rassegna1.gif","contentUrl":"https:\/\/www.rassegnastampa-totustuus.it\/cattolica\/wp-content\/uploads\/2014\/04\/logo-rassegna1.gif","width":600,"height":163,"caption":"Rassegna Stampa Cattolica"},"image":{"@id":"https:\/\/www.rassegnastampa-totustuus.it\/cattolica\/#\/schema\/logo\/image\/"},"sameAs":["https:\/\/www.facebook.com\/rassegnastampacattolica","https:\/\/x.com\/rassegnastampa9"]},{"@type":"Person","@id":"https:\/\/www.rassegnastampa-totustuus.it\/cattolica\/#\/schema\/person\/08f319d2bd1a0904ad9e2bfb7b15e5c3","name":"Redazione","image":{"@type":"ImageObject","inLanguage":"it-IT","@id":"https:\/\/secure.gravatar.com\/avatar\/2fcdf27c78ea025fbdb44e914cc63c72249ffec9dc8aafd5c82b26240ef3f346?s=96&d=mm&r=g","url":"https:\/\/secure.gravatar.com\/avatar\/2fcdf27c78ea025fbdb44e914cc63c72249ffec9dc8aafd5c82b26240ef3f346?s=96&d=mm&r=g","contentUrl":"https:\/\/secure.gravatar.com\/avatar\/2fcdf27c78ea025fbdb44e914cc63c72249ffec9dc8aafd5c82b26240ef3f346?s=96&d=mm&r=g","caption":"Redazione"},"url":"https:\/\/www.rassegnastampa-totustuus.it\/cattolica\/author\/pietroelle\/"}]}},"_links":{"self":[{"href":"https:\/\/www.rassegnastampa-totustuus.it\/cattolica\/wp-json\/wp\/v2\/posts\/3213","targetHints":{"allow":["GET"]}}],"collection":[{"href":"https:\/\/www.rassegnastampa-totustuus.it\/cattolica\/wp-json\/wp\/v2\/posts"}],"about":[{"href":"https:\/\/www.rassegnastampa-totustuus.it\/cattolica\/wp-json\/wp\/v2\/types\/post"}],"author":[{"embeddable":true,"href":"https:\/\/www.rassegnastampa-totustuus.it\/cattolica\/wp-json\/wp\/v2\/users\/6"}],"replies":[{"embeddable":true,"href":"https:\/\/www.rassegnastampa-totustuus.it\/cattolica\/wp-json\/wp\/v2\/comments?post=3213"}],"version-history":[{"count":4,"href":"https:\/\/www.rassegnastampa-totustuus.it\/cattolica\/wp-json\/wp\/v2\/posts\/3213\/revisions"}],"predecessor-version":[{"id":30546,"href":"https:\/\/www.rassegnastampa-totustuus.it\/cattolica\/wp-json\/wp\/v2\/posts\/3213\/revisions\/30546"}],"wp:featuredmedia":[{"embeddable":true,"href":"https:\/\/www.rassegnastampa-totustuus.it\/cattolica\/wp-json\/wp\/v2\/media\/30545"}],"wp:attachment":[{"href":"https:\/\/www.rassegnastampa-totustuus.it\/cattolica\/wp-json\/wp\/v2\/media?parent=3213"}],"wp:term":[{"taxonomy":"category","embeddable":true,"href":"https:\/\/www.rassegnastampa-totustuus.it\/cattolica\/wp-json\/wp\/v2\/categories?post=3213"},{"taxonomy":"post_tag","embeddable":true,"href":"https:\/\/www.rassegnastampa-totustuus.it\/cattolica\/wp-json\/wp\/v2\/tags?post=3213"}],"curies":[{"name":"wp","href":"https:\/\/api.w.org\/{rel}","templated":true}]}}