{"id":3209,"date":"2009-04-29T17:25:18","date_gmt":"2009-04-29T15:25:18","guid":{"rendered":""},"modified":"2016-05-06T12:20:49","modified_gmt":"2016-05-06T10:20:49","slug":"lo-statuto-biologico-e-ontologico-dellembrione","status":"publish","type":"post","link":"https:\/\/www.rassegnastampa-totustuus.it\/cattolica\/lo-statuto-biologico-e-ontologico-dellembrione\/","title":{"rendered":"Lo statuto biologico e ontologico dell\u2019embrione"},"content":{"rendered":"<div style=\"text-align: center;\"><strong><img loading=\"lazy\" decoding=\"async\" class=\"alignleft wp-image-33967\" src=\"https:\/\/www.rassegnastampa-totustuus.it\/cattolica\/wp-content\/uploads\/2009\/04\/Renzo_Puccetti.jpg\" alt=\"Renzo_Puccetti\" width=\"185\" height=\"200\" \/>\u00a0\u00a0Ag Zenit<\/strong>, luned\u00ec 4 febbraio 2008<\/div>\n<p style=\"text-align: justify;\"><em>Pubblichiamo di seguito per la rubrica di Bioetica l&#8217;intervento del dottor Renzo Puccetti, Specialista in Medicina Interna e Segretario del Comitato \u201cScienza &amp; Vita\u201d di Pisa-Livorno.<\/em><\/p>\n<p><!--more--><\/p>\n<div style=\"text-align: justify;\"><strong>Salve, complimenti per la vostra ottima rubrica scientifica e culturale. Sono un docente di religione, ma in questo momento sto facendo un tirocinio per prendere un&#8217;abilitazione in storia e filosofia (sono laureato anche in filosofia); e siccome dovr\u00f2 affrontare l&#8217;argomento se l&#8217;embrione \u00e8 individuo\/persona, nell&#8217;ambito dell&#8217;epistemologia che stanno studiando a scuola (un liceo scientifico), volevo avere delucidazioni a livello scientifico-biologico che giustifichino il divieto assoluto di manipolare la sacralit\u00e0 della vita. Grazie e a presto. <em>L.P.<br \/>\n<\/em><\/strong><\/div>\n<p style=\"text-align: justify;\">Ringrazio il lettore per la domanda che consente di fornire qualche elemento utile per inquadrare la questione dell\u2019embrione. I termini in cui la domanda \u00e8 posta, al di l\u00e0 delle intenzioni dello scrivente, rischiano di riproporre una fallacia: stabilire prima qual \u00e8 il comportamento da tenere e poi trovare le giustificazioni ad esso.<\/p>\n<p style=\"text-align: justify;\">La questione inerente lo statuto biologico e ontologico dell\u2019embrione interpella coloro che vi si accostano a misurarsi ultimamente con la verit\u00e0 dell\u2019embrione. In ambito medico-scientifico la via privilegiata e comunemente battuta per giungere alla verit\u00e0 \u00e8 quella correspondista tomistica (<em>adequatio rei et intellectus<\/em>). Si tratta di un criterio in cui si riconosce nelle cose la presenza di una verit\u00e0 oggettiva che \u00e8 comprensibile dalla ragione umana, la quale, a sua volta, \u00e8 conformata in modo da potersi aprire ad essa ed accoglierla.<\/p>\n<p style=\"text-align: justify;\">Certo, talora in ambito medico viene impiegato anche un criterio pragmatico che individua come vero ci\u00f2 che funziona, ma anche in questo caso la ricerca di una pi\u00f9 completa conoscenza della verit\u00e0 rimane sempre sullo sfondo come un\u2019aspirazione ultima. Nello specifico ci pare necessario definire in via previa lo statuto ontologico dell\u2019embrione, cio\u00e8 capire la natura dell\u2019embrione intesa come essenza e poi procedere alla valutazione morale dei comportamenti rivolti nei suoi confronti.<\/p>\n<p style=\"text-align: justify;\">Come fa notare il professor Pessina, usare il termine persona in riferimento all\u2019embrione induce molto spesso ad una complicazione del dibattito, giacch\u00e9 il termine persona ha nel linguaggio comune assunto, oltre all\u2019originale significato descrittivo, anche una connotazione valoriale.<\/p>\n<p style=\"text-align: justify;\">Per questo risulta pi\u00f9 semplice sottoporre a verifica la seguente ipotesi: l\u2019embrione \u00e8 dal momento della fecondazione un individuo umano vivente?<\/p>\n<p style=\"text-align: justify;\">In ambito medico legale l\u2019analisi del DNA viene utilizzata come criterio probante per identificare l\u2019individuo autore o vittima di un determinato delitto, o la genitorialit\u00e0 di un figlio, per l\u2019identificazione dell\u2019individuo.<\/p>\n<p style=\"text-align: justify;\">Il momento della singamia, cio\u00e8 della fusione delle membrane dei due gameti, corrisponde al momento in cui \u00e8 possibile individuare un patrimonio genetico diploide inedito, cio\u00e8 non riconducibile a quello di nessun altro essere sulla terra. Prima della cariogamia (fusione dei patrimoni genetici dei gameti genitoriali) questo patrimonio non \u00e8 ancora riarrangiato in una struttura identificabile anatomicamente, ma lo \u00e8 gi\u00e0 in termini funzionali.<\/p>\n<p style=\"text-align: justify;\">I DNA materno e paterno attivati, bench\u00e9 non ancora uniti fisicamente, colloquiano (1) e operano in maniera coordinata guidando il processo di avvicinamento dei pronuclei genitoriali e la formazione del fuso mitotico, prodromico alla prima divisione cellulare (2). Ulteriori conferme giungono dagli studi che hanno mostrato come gli assi embrionali sono definiti gi\u00e0 nei minuti ed ore che seguono la singamia (3) e non, come precedentemente ritenuto, al momento della stria primitiva, elemento questo che induceva qualcuno a pensare l\u2019embrione nei primi 14 giorni come ad un grumo di cellule.<\/p>\n<p style=\"text-align: justify;\">In base alle evidenze pi\u00f9 recenti, la posizione del secondo globulo polare, il punto di entrata dello spermatozoo e la forma dell\u2019ovocita sono in grado d\u2019influenzare l\u2019asse della prima divisione cellulare che, a sua volta, determina il destino delle cellule figlie in cellule progenitrici dell\u2019embrione e cellule progenitrici dei tessuti non embrionali (3).<\/p>\n<p style=\"text-align: justify;\">Una delle argomentazioni impiegate per porre in discussione in maniera alquanto surrettizia la dignit\u00e0 dell\u2019embrione \u00e8 quella secondo cui l\u2019embrione non sarebbe in grado di entrare in relazione con la madre, almeno fino alla fase dell\u2019impianto nella parete endometriale. Si tratta di un\u2019argomentazione difficilmente sostenibile.<\/p>\n<p style=\"text-align: justify;\">Dal punto di vista biologico la fase pre-impiantatoria si caratterizza per un intenso colloquio biochimico materno fetale (crosstalk) in cui si assiste alla produzione di fattori embrionali (Early Pregnancy Factor, Leukemia Inhibitory Factor, Perimplantation Factor) a cui la madre risponde con modificazioni anatomo-funzionali e fornendo substrati energetici attraverso i fluidi tubarici che sostengono il metabolismo anaerobico dell\u2019embrione nella fase pre-impianto.<\/p>\n<p style=\"text-align: justify;\">Inoltre l\u2019imprinting genomico (inattivazione epigenetica di uno degli alleli di un gene, alla base del fenomeno dell\u2019espressione monoallelica) \u00e8 in grado d\u2019influenzare sia le relazioni materno fetali che i comportamenti e le attitudini post-natali (suzione, termoregolazione, sviluppo puberale) (4).<\/p>\n<p style=\"text-align: justify;\">A queste considerazioni si possono inoltre aggiungere le osservazioni derivate in particolare dalla dottoressa Diana Bianchi che ha dimostrato la presenza di un vero e proprio \u201ctraffico cellulare\u201d in cui cellule staminali di derivazione embrionale si collocano in numerosi organi della madre e vi persistono per decenni con funzione anche riparatoria (5;6;7).<\/p>\n<p style=\"text-align: justify;\">Non sembra quindi irragionevole la frase di un editoriale del British Medical Journal: <em>\u00abL\u2019embrione non \u00e8 passivo, ma \u00e8 un attivo orchestratore del suo impianto e del suo destino\u00bb <\/em>(8). A queste considerazioni che colgono nella prospettiva statica specifici aspetti della realt\u00e0 dell\u2019embrione si pu\u00f2 aggiungere uno sguardo che cogliendo il dinamismo embrionale ne accerti la natura.<\/p>\n<p style=\"text-align: justify;\">Perch\u00e9 dall\u2019osservazione della natura tumorale di poche cellule in un preparato citologico \u00e8 universalmente accettato che la condotta clinica si disponga considerando cosa sar\u00e0 di quelle cellule una volta progredite nel loro ciclo vitale, mentre dovrebbe essere illogico affermare la natura d\u2019individuo umano mortale dell\u2019embrione dalla sua osservazione al microscopio e soprattutto non agire pensando a come sar\u00e0 una volta che abbia completato il suo sviluppo?<\/p>\n<p style=\"text-align: justify;\">Paradossalmente \u00e8 possibile imbattersi in esimi studiosi che pretendono di mantenere separati il piano scientifico da quello etico introducendo nel discorso scientifico considerazioni ad esso assolutamente estranee.<\/p>\n<p style=\"text-align: justify;\">Affermare che lo zigote (embrione unicellulare) e la morula (stadio embrionale di otto cellule) siano <em>\u00abprogetti di individuo\u00bb<\/em> (9) perch\u00e9 destinati a perire in altissima percentuale o per la potenziale gemellarit\u00e0 \u00e8 un non senso logico.<\/p>\n<p style=\"text-align: justify;\">L\u2019embrione \u00e8 gi\u00e0 individuo, condivide con qualsiasi individuo vivente un destino di mortalit\u00e0, spontanea o provocata. Dovremmo allora forse affermare che i condannati a morte, i fanti nelle trincee e tutti i morituri non sono individui perch\u00e9 destinati in elevatissima percentuale ad una morte imminente? Forse che dalla gemellazione non ottieniamo pur sempre due individui, anzich\u00e9 due non individui?<\/p>\n<p style=\"text-align: justify;\">Non pare inoltre ragionevole negare l\u2019identit\u00e0 individuale ovina alla pecora che ha fornito la cellula somatica da cui \u00e8 derivata Dolly in virt\u00f9 della potenziale clonabilit\u00e0. Una volta riconosciuto quindi che <em>\u00abdal punto di vista biologico non c\u2019\u00e8 in sostanza nessuna discontinuit\u00e0 dal concepimento alla nascita\u00bb<\/em> (9) l\u2019ipotesi di <em>\u00abporre degli spartiacque\u00bb<\/em> sulla base di <em>\u00abuna convenzione\u00bb<\/em> (9) modificabile non \u00e8 innocente, ma introduce nel percorso conoscitivo un\u2019evidente volont\u00e0 manipolativa, in cui la realt\u00e0 dell\u2019altro (in questo caso dell\u2019embrione) \u00e8 funzione dell\u2019utile che ne pu\u00f2 derivare.<\/p>\n<p style=\"text-align: justify;\">Concetto pericoloso, anzi pericolosissimo quello di stabilire per convenzione quando l\u2019altro sia intangibile, una volta comunque accertata la sua natura di individuo umano vivente. \u00c8 stato fatto in passato e quando la memoria non si era ancora dissolta i medici avevano giurato che non lo avrebbero fatto mai pi\u00f9. Ma quei medici oggi sono morti, altre generazioni si sono succedute e la legge della caduta della civilt\u00e0 descritta da Solone sembra voglia riprendere a disegnare la sua traiettoria.<\/p>\n<p style=\"text-align: justify;\">Stabilito che l\u2019embrione sin dalla fecondazione \u00e8 un individuo umano vivente si pone la questione morale: \u201cTutti gli individui umani viventi hanno diritto a che la loro vita sia rispettata?\u201d.<\/p>\n<p style=\"text-align: justify;\">Crediamo che non si possa che rispondere affermativamente, essendo la vita umana bene primario e condizione necessaria per il godimento dei beni secondari. Lo stesso concetto di legittima difesa non costituisce una deroga al principio d\u2019intangibilit\u00e0 della vita umana, dal momento che non indica l\u2019uccisione per difendersi, ma l\u2019uccisione nel difendersi (10).<\/p>\n<p style=\"text-align: justify;\">Ogni volta che viene introdotto il minimo pertugio tra il concetto biologico di individuo umano vivente e quello morale di persona, senza accorgercene, pur con le intenzioni pi\u00f9 nobili, apriamo la porta al demone dell\u2019arbitrio. Si tratta di una minaccia estremamente reale in cui l\u2019uomo per difendersi dai leoni si costruisce un bastone segando il ramo su cui siede al riparo dalle belve.<\/p>\n<p style=\"text-align: justify;\">Scrive Romano Guardini nel 1949: <em>\u00abAzioni eticamente sbagliate, anche se appaiono utili, alla fine conducono alla rovina. Mentire pu\u00f2 recare vantaggio una, dieci, cento volte; alla fine stronca ci\u00f2 su cui poggia la vita: nella propria interiorit\u00e0 il rispetto di se stessi, nel rapporto con gli altri la fiducia\u00bb <\/em>(11).<\/p>\n<p style=\"text-align: justify;\">Si tratta di una prospettiva consonante con quella proposta trent\u2019anni pi\u00f9 tardi dal filosofo ebreo tedesco Hans Jonas, fuggito dalla dittatura nazista la cui madre fu tra le vittime di Auschwitz: <em>\u00abSi dovranno apprendere nuovamente il rispetto e l\u2019orrore per tutelarci dagli sbandamenti del nostro potere. Soltanto il rispetto, rivelandoci \u201cqualcosa di sacro\u201d, cio\u00e8 d\u2019inviolabile in qualsiasi circostanza ci preserver\u00e0 anche dal profanare il presente in vista del futuro, dal voler comprare quest\u2019ultimo al prezzo del primo. Un\u2019eredit\u00e0 degradata coinvolgerebbe nel degrado anche gli eredi. Conservare intatta quell\u2019eredit\u00e0 attraverso i pericoli dei tempi, anzi, contro l\u2019agire stesso dell\u2019uomo, non \u00e8 un fine utopico, ma il fine, non poi cos\u00ec modesto, della responsabilit\u00e0 per il futuro dell\u2019uomo\u00bb <\/em>(12)<em>.<\/em><\/p>\n<p style=\"text-align: justify;\"><strong>Riferimenti:<\/strong><\/p>\n<p style=\"text-align: justify;\"><strong>1.<\/strong> Ostermeier GC, Miller D, Huntriss JD, Diamond MP, Krawetz SA. <a href=\"http:\/\/www.academiavita.org\/english\/Documenti\/testo\/embrio\/vol_embr_ingl.pdf\" target=\"_blank\">Reproductive biology: delivering spermatozoan RNA to the oocyte. <em>Nature<\/em><\/a><em>.<\/em> 2004 May 13;429(6988):154.<\/p>\n<p style=\"text-align: justify;\"><strong>2.<\/strong> Pontifical Academy for Life. <em>The human embryo in its preimplantation phase. Scientific aspects and bioethical considerations<\/em>.<\/p>\n<p style=\"text-align: justify;\"><strong>3.<\/strong> Pearson H. Your destiny, from day one. <em>Nature.<\/em> 2002 Jul 4;418(6893):14-5.<\/p>\n<p style=\"text-align: justify;\"><strong>4.<\/strong> Isles AR, Holland AJ. <em>Imprinted genes and mother\u2014offspring interactions.<\/em> Early Human Development (2005) 81, 73-77.<\/p>\n<p style=\"text-align: justify;\"><strong>5.<\/strong> Bianchi DW, Fisk NM. <em>Fetomaternal cell trafficking and the stem cell debate: gender matters.<\/em> JAMA. 2007; 297(13):1489-91.<\/p>\n<p style=\"text-align: justify;\"><strong>6.<\/strong> Bianchi DW, Romero R. <em>Biological implications of bi-directional fetomaternal cell traffic: a summary of a National Institute of Child Health and Human Development-sponsored conference<\/em>. J Matern Fetal Neonatal Med. 2003 Aug;14(2):123-9.<\/p>\n<p style=\"text-align: justify;\"><strong>7.<\/strong> Johnson KL, Bianchi DW. <em>Fetal cells in maternal tissue following pregnancy: what are the consequences? Hum Reprod Update<\/em>. 2004 Nov-Dec;10(6):497-502.<\/p>\n<p style=\"text-align: justify;\"><strong>8.<\/strong> Horne AW, White JO, Lalani EN. <em>The endometrium and embryo implantation. A receptive endometrium depends on more than hormonal influences.<\/em> BMJ. 2000 Nov 25;321(7272):1301-2.<\/p>\n<p style=\"text-align: justify;\"><strong>9.<\/strong> Edoardo Boncinelli. <a href=\"http:\/\/www.puntoincontro.org\/Animazione\/Incontri2005\/05-Boncinelli1.htm\" target=\"_blank\"><em>Embrioni. Non esiste l\u2019ora X<\/em><\/a>. Corriere della Sera 26.01.2005.<\/p>\n<p style=\"text-align: justify;\"><strong>10.<\/strong> San Tommaso D\u2019Aquino, <em>Summa Theologiae<\/em>, II-II, q.64, a. 7.<\/p>\n<p style=\"text-align: justify;\"><strong>11.<\/strong> Romano Guardini. <em>Il diritto alla vita prima della nascita.<\/em> Ed Morcelliana, Brescia, 2005.<\/p>\n<p style=\"text-align: justify;\"><strong>12.<\/strong> Hans Jonas. <em>Il principio di responsabilit\u00e0<\/em>. Einaudi, Torino, 1990.<\/p>\n<p style=\"text-align: justify;\">(A.C. Valdera)<\/p>\n","protected":false},"excerpt":{"rendered":"<p>\u00a0\u00a0Ag Zenit, luned\u00ec 4 febbraio 2008 Pubblichiamo di seguito per la rubrica di Bioetica l&#8217;intervento del dottor Renzo Puccetti, Specialista in Medicina Interna e Segretario del Comitato \u201cScienza &amp; Vita\u201d di Pisa-Livorno.<\/p><p><a class=\"more-link btn\" href=\"https:\/\/www.rassegnastampa-totustuus.it\/cattolica\/lo-statuto-biologico-e-ontologico-dellembrione\/\">Continua a leggere<\/a><\/p>\n","protected":false},"author":6,"featured_media":33967,"comment_status":"closed","ping_status":"open","sticky":false,"template":"","format":"standard","meta":{"footnotes":""},"categories":[2,4],"tags":[1070],"class_list":["post-3209","post","type-post","status-publish","format-standard","has-post-thumbnail","hentry","category-aborto","category-bioetica","tag-embrioni-umani","item-wrap"],"yoast_head":"<!-- This site is optimized with the Yoast SEO plugin v27.5 - https:\/\/yoast.com\/product\/yoast-seo-wordpress\/ -->\n<title>Lo statuto biologico e ontologico dell\u2019embrione - Rassegna Stampa Cattolica<\/title>\n<meta name=\"description\" content=\"Rassegna Stampa Cattolica - Per una cultura che nasce dalla Rivelazione cristiana in conformit\u00e0 alla tradizione e al Magistero della Chiesa in opposizione ad ogni relativismo e totalitarismo\" \/>\n<meta name=\"robots\" content=\"index, follow, max-snippet:-1, max-image-preview:large, max-video-preview:-1\" \/>\n<link rel=\"canonical\" href=\"https:\/\/www.rassegnastampa-totustuus.it\/cattolica\/lo-statuto-biologico-e-ontologico-dellembrione\/\" \/>\n<meta property=\"og:locale\" content=\"it_IT\" \/>\n<meta property=\"og:type\" content=\"article\" \/>\n<meta property=\"og:title\" content=\"Lo statuto biologico e ontologico dell\u2019embrione - Rassegna Stampa Cattolica\" \/>\n<meta property=\"og:description\" content=\"Rassegna Stampa Cattolica - Per una cultura che nasce dalla Rivelazione cristiana in conformit\u00e0 alla tradizione e al Magistero della Chiesa in opposizione ad ogni relativismo e totalitarismo\" \/>\n<meta property=\"og:url\" content=\"https:\/\/www.rassegnastampa-totustuus.it\/cattolica\/lo-statuto-biologico-e-ontologico-dellembrione\/\" \/>\n<meta property=\"og:site_name\" content=\"Rassegna Stampa Cattolica\" \/>\n<meta property=\"article:publisher\" content=\"https:\/\/www.facebook.com\/rassegnastampacattolica\" \/>\n<meta property=\"article:published_time\" content=\"2009-04-29T15:25:18+00:00\" \/>\n<meta property=\"article:modified_time\" content=\"2016-05-06T10:20:49+00:00\" \/>\n<meta property=\"og:image\" content=\"https:\/\/www.rassegnastampa-totustuus.it\/cattolica\/wp-content\/uploads\/2009\/04\/Renzo_Puccetti.jpg\" \/>\n\t<meta property=\"og:image:width\" content=\"216\" \/>\n\t<meta property=\"og:image:height\" content=\"233\" \/>\n\t<meta property=\"og:image:type\" content=\"image\/jpeg\" \/>\n<meta name=\"author\" content=\"Redazione\" \/>\n<meta name=\"twitter:card\" content=\"summary_large_image\" \/>\n<meta name=\"twitter:creator\" content=\"@rassegnastampa9\" \/>\n<meta name=\"twitter:site\" content=\"@rassegnastampa9\" \/>\n<meta name=\"twitter:label1\" content=\"Scritto da\" \/>\n\t<meta name=\"twitter:data1\" content=\"Redazione\" \/>\n\t<meta name=\"twitter:label2\" content=\"Tempo di lettura stimato\" \/>\n\t<meta name=\"twitter:data2\" content=\"9 minuti\" \/>\n<script type=\"application\/ld+json\" class=\"yoast-schema-graph\">{\"@context\":\"https:\\\/\\\/schema.org\",\"@graph\":[{\"@type\":\"Article\",\"@id\":\"https:\\\/\\\/www.rassegnastampa-totustuus.it\\\/cattolica\\\/lo-statuto-biologico-e-ontologico-dellembrione\\\/#article\",\"isPartOf\":{\"@id\":\"https:\\\/\\\/www.rassegnastampa-totustuus.it\\\/cattolica\\\/lo-statuto-biologico-e-ontologico-dellembrione\\\/\"},\"author\":{\"name\":\"Redazione\",\"@id\":\"https:\\\/\\\/www.rassegnastampa-totustuus.it\\\/cattolica\\\/#\\\/schema\\\/person\\\/08f319d2bd1a0904ad9e2bfb7b15e5c3\"},\"headline\":\"Lo statuto biologico e ontologico dell\u2019embrione\",\"datePublished\":\"2009-04-29T15:25:18+00:00\",\"dateModified\":\"2016-05-06T10:20:49+00:00\",\"mainEntityOfPage\":{\"@id\":\"https:\\\/\\\/www.rassegnastampa-totustuus.it\\\/cattolica\\\/lo-statuto-biologico-e-ontologico-dellembrione\\\/\"},\"wordCount\":1751,\"publisher\":{\"@id\":\"https:\\\/\\\/www.rassegnastampa-totustuus.it\\\/cattolica\\\/#organization\"},\"image\":{\"@id\":\"https:\\\/\\\/www.rassegnastampa-totustuus.it\\\/cattolica\\\/lo-statuto-biologico-e-ontologico-dellembrione\\\/#primaryimage\"},\"thumbnailUrl\":\"https:\\\/\\\/www.rassegnastampa-totustuus.it\\\/cattolica\\\/wp-content\\\/uploads\\\/2009\\\/04\\\/Renzo_Puccetti.jpg\",\"keywords\":[\"embrioni umani\"],\"articleSection\":[\"Aborto\",\"Bioetica\"],\"inLanguage\":\"it-IT\"},{\"@type\":\"WebPage\",\"@id\":\"https:\\\/\\\/www.rassegnastampa-totustuus.it\\\/cattolica\\\/lo-statuto-biologico-e-ontologico-dellembrione\\\/\",\"url\":\"https:\\\/\\\/www.rassegnastampa-totustuus.it\\\/cattolica\\\/lo-statuto-biologico-e-ontologico-dellembrione\\\/\",\"name\":\"Lo statuto biologico e ontologico dell\u2019embrione - Rassegna Stampa Cattolica\",\"isPartOf\":{\"@id\":\"https:\\\/\\\/www.rassegnastampa-totustuus.it\\\/cattolica\\\/#website\"},\"primaryImageOfPage\":{\"@id\":\"https:\\\/\\\/www.rassegnastampa-totustuus.it\\\/cattolica\\\/lo-statuto-biologico-e-ontologico-dellembrione\\\/#primaryimage\"},\"image\":{\"@id\":\"https:\\\/\\\/www.rassegnastampa-totustuus.it\\\/cattolica\\\/lo-statuto-biologico-e-ontologico-dellembrione\\\/#primaryimage\"},\"thumbnailUrl\":\"https:\\\/\\\/www.rassegnastampa-totustuus.it\\\/cattolica\\\/wp-content\\\/uploads\\\/2009\\\/04\\\/Renzo_Puccetti.jpg\",\"datePublished\":\"2009-04-29T15:25:18+00:00\",\"dateModified\":\"2016-05-06T10:20:49+00:00\",\"description\":\"Rassegna Stampa Cattolica - Per una cultura che nasce dalla Rivelazione cristiana in conformit\u00e0 alla tradizione e al Magistero della Chiesa in opposizione ad ogni relativismo e totalitarismo\",\"breadcrumb\":{\"@id\":\"https:\\\/\\\/www.rassegnastampa-totustuus.it\\\/cattolica\\\/lo-statuto-biologico-e-ontologico-dellembrione\\\/#breadcrumb\"},\"inLanguage\":\"it-IT\",\"potentialAction\":[{\"@type\":\"ReadAction\",\"target\":[\"https:\\\/\\\/www.rassegnastampa-totustuus.it\\\/cattolica\\\/lo-statuto-biologico-e-ontologico-dellembrione\\\/\"]}]},{\"@type\":\"ImageObject\",\"inLanguage\":\"it-IT\",\"@id\":\"https:\\\/\\\/www.rassegnastampa-totustuus.it\\\/cattolica\\\/lo-statuto-biologico-e-ontologico-dellembrione\\\/#primaryimage\",\"url\":\"https:\\\/\\\/www.rassegnastampa-totustuus.it\\\/cattolica\\\/wp-content\\\/uploads\\\/2009\\\/04\\\/Renzo_Puccetti.jpg\",\"contentUrl\":\"https:\\\/\\\/www.rassegnastampa-totustuus.it\\\/cattolica\\\/wp-content\\\/uploads\\\/2009\\\/04\\\/Renzo_Puccetti.jpg\",\"width\":216,\"height\":233},{\"@type\":\"BreadcrumbList\",\"@id\":\"https:\\\/\\\/www.rassegnastampa-totustuus.it\\\/cattolica\\\/lo-statuto-biologico-e-ontologico-dellembrione\\\/#breadcrumb\",\"itemListElement\":[{\"@type\":\"ListItem\",\"position\":1,\"name\":\"Home\",\"item\":\"https:\\\/\\\/www.rassegnastampa-totustuus.it\\\/cattolica\\\/\"},{\"@type\":\"ListItem\",\"position\":2,\"name\":\"Lo statuto biologico e ontologico dell\u2019embrione\"}]},{\"@type\":\"WebSite\",\"@id\":\"https:\\\/\\\/www.rassegnastampa-totustuus.it\\\/cattolica\\\/#website\",\"url\":\"https:\\\/\\\/www.rassegnastampa-totustuus.it\\\/cattolica\\\/\",\"name\":\"Rassegna Stampa Cattolica\",\"description\":\"Per una cultura che nasce dalla Rivelazione cristiana in conformit\u00e0 alla tradizione e al Magistero della Chiesa in opposizione ad ogni relativismo e totalitarismo\",\"publisher\":{\"@id\":\"https:\\\/\\\/www.rassegnastampa-totustuus.it\\\/cattolica\\\/#organization\"},\"alternateName\":\"Rass. Cattolica\",\"potentialAction\":[{\"@type\":\"SearchAction\",\"target\":{\"@type\":\"EntryPoint\",\"urlTemplate\":\"https:\\\/\\\/www.rassegnastampa-totustuus.it\\\/cattolica\\\/?s={search_term_string}\"},\"query-input\":{\"@type\":\"PropertyValueSpecification\",\"valueRequired\":true,\"valueName\":\"search_term_string\"}}],\"inLanguage\":\"it-IT\"},{\"@type\":\"Organization\",\"@id\":\"https:\\\/\\\/www.rassegnastampa-totustuus.it\\\/cattolica\\\/#organization\",\"name\":\"Rassegna Stampa Cattolica\",\"url\":\"https:\\\/\\\/www.rassegnastampa-totustuus.it\\\/cattolica\\\/\",\"logo\":{\"@type\":\"ImageObject\",\"inLanguage\":\"it-IT\",\"@id\":\"https:\\\/\\\/www.rassegnastampa-totustuus.it\\\/cattolica\\\/#\\\/schema\\\/logo\\\/image\\\/\",\"url\":\"https:\\\/\\\/www.rassegnastampa-totustuus.it\\\/cattolica\\\/wp-content\\\/uploads\\\/2014\\\/04\\\/logo-rassegna1.gif\",\"contentUrl\":\"https:\\\/\\\/www.rassegnastampa-totustuus.it\\\/cattolica\\\/wp-content\\\/uploads\\\/2014\\\/04\\\/logo-rassegna1.gif\",\"width\":600,\"height\":163,\"caption\":\"Rassegna Stampa Cattolica\"},\"image\":{\"@id\":\"https:\\\/\\\/www.rassegnastampa-totustuus.it\\\/cattolica\\\/#\\\/schema\\\/logo\\\/image\\\/\"},\"sameAs\":[\"https:\\\/\\\/www.facebook.com\\\/rassegnastampacattolica\",\"https:\\\/\\\/x.com\\\/rassegnastampa9\"]},{\"@type\":\"Person\",\"@id\":\"https:\\\/\\\/www.rassegnastampa-totustuus.it\\\/cattolica\\\/#\\\/schema\\\/person\\\/08f319d2bd1a0904ad9e2bfb7b15e5c3\",\"name\":\"Redazione\",\"image\":{\"@type\":\"ImageObject\",\"inLanguage\":\"it-IT\",\"@id\":\"https:\\\/\\\/secure.gravatar.com\\\/avatar\\\/2fcdf27c78ea025fbdb44e914cc63c72249ffec9dc8aafd5c82b26240ef3f346?s=96&d=mm&r=g\",\"url\":\"https:\\\/\\\/secure.gravatar.com\\\/avatar\\\/2fcdf27c78ea025fbdb44e914cc63c72249ffec9dc8aafd5c82b26240ef3f346?s=96&d=mm&r=g\",\"contentUrl\":\"https:\\\/\\\/secure.gravatar.com\\\/avatar\\\/2fcdf27c78ea025fbdb44e914cc63c72249ffec9dc8aafd5c82b26240ef3f346?s=96&d=mm&r=g\",\"caption\":\"Redazione\"},\"url\":\"https:\\\/\\\/www.rassegnastampa-totustuus.it\\\/cattolica\\\/author\\\/pietroelle\\\/\"}]}<\/script>\n<!-- \/ Yoast SEO plugin. -->","yoast_head_json":{"title":"Lo statuto biologico e ontologico dell\u2019embrione - Rassegna Stampa Cattolica","description":"Rassegna Stampa Cattolica - Per una cultura che nasce dalla Rivelazione cristiana in conformit\u00e0 alla tradizione e al Magistero della Chiesa in opposizione ad ogni relativismo e totalitarismo","robots":{"index":"index","follow":"follow","max-snippet":"max-snippet:-1","max-image-preview":"max-image-preview:large","max-video-preview":"max-video-preview:-1"},"canonical":"https:\/\/www.rassegnastampa-totustuus.it\/cattolica\/lo-statuto-biologico-e-ontologico-dellembrione\/","og_locale":"it_IT","og_type":"article","og_title":"Lo statuto biologico e ontologico dell\u2019embrione - Rassegna Stampa Cattolica","og_description":"Rassegna Stampa Cattolica - Per una cultura che nasce dalla Rivelazione cristiana in conformit\u00e0 alla tradizione e al Magistero della Chiesa in opposizione ad ogni relativismo e totalitarismo","og_url":"https:\/\/www.rassegnastampa-totustuus.it\/cattolica\/lo-statuto-biologico-e-ontologico-dellembrione\/","og_site_name":"Rassegna Stampa Cattolica","article_publisher":"https:\/\/www.facebook.com\/rassegnastampacattolica","article_published_time":"2009-04-29T15:25:18+00:00","article_modified_time":"2016-05-06T10:20:49+00:00","og_image":[{"width":216,"height":233,"url":"https:\/\/www.rassegnastampa-totustuus.it\/cattolica\/wp-content\/uploads\/2009\/04\/Renzo_Puccetti.jpg","type":"image\/jpeg"}],"author":"Redazione","twitter_card":"summary_large_image","twitter_creator":"@rassegnastampa9","twitter_site":"@rassegnastampa9","twitter_misc":{"Scritto da":"Redazione","Tempo di lettura stimato":"9 minuti"},"schema":{"@context":"https:\/\/schema.org","@graph":[{"@type":"Article","@id":"https:\/\/www.rassegnastampa-totustuus.it\/cattolica\/lo-statuto-biologico-e-ontologico-dellembrione\/#article","isPartOf":{"@id":"https:\/\/www.rassegnastampa-totustuus.it\/cattolica\/lo-statuto-biologico-e-ontologico-dellembrione\/"},"author":{"name":"Redazione","@id":"https:\/\/www.rassegnastampa-totustuus.it\/cattolica\/#\/schema\/person\/08f319d2bd1a0904ad9e2bfb7b15e5c3"},"headline":"Lo statuto biologico e ontologico dell\u2019embrione","datePublished":"2009-04-29T15:25:18+00:00","dateModified":"2016-05-06T10:20:49+00:00","mainEntityOfPage":{"@id":"https:\/\/www.rassegnastampa-totustuus.it\/cattolica\/lo-statuto-biologico-e-ontologico-dellembrione\/"},"wordCount":1751,"publisher":{"@id":"https:\/\/www.rassegnastampa-totustuus.it\/cattolica\/#organization"},"image":{"@id":"https:\/\/www.rassegnastampa-totustuus.it\/cattolica\/lo-statuto-biologico-e-ontologico-dellembrione\/#primaryimage"},"thumbnailUrl":"https:\/\/www.rassegnastampa-totustuus.it\/cattolica\/wp-content\/uploads\/2009\/04\/Renzo_Puccetti.jpg","keywords":["embrioni umani"],"articleSection":["Aborto","Bioetica"],"inLanguage":"it-IT"},{"@type":"WebPage","@id":"https:\/\/www.rassegnastampa-totustuus.it\/cattolica\/lo-statuto-biologico-e-ontologico-dellembrione\/","url":"https:\/\/www.rassegnastampa-totustuus.it\/cattolica\/lo-statuto-biologico-e-ontologico-dellembrione\/","name":"Lo statuto biologico e ontologico dell\u2019embrione - Rassegna Stampa Cattolica","isPartOf":{"@id":"https:\/\/www.rassegnastampa-totustuus.it\/cattolica\/#website"},"primaryImageOfPage":{"@id":"https:\/\/www.rassegnastampa-totustuus.it\/cattolica\/lo-statuto-biologico-e-ontologico-dellembrione\/#primaryimage"},"image":{"@id":"https:\/\/www.rassegnastampa-totustuus.it\/cattolica\/lo-statuto-biologico-e-ontologico-dellembrione\/#primaryimage"},"thumbnailUrl":"https:\/\/www.rassegnastampa-totustuus.it\/cattolica\/wp-content\/uploads\/2009\/04\/Renzo_Puccetti.jpg","datePublished":"2009-04-29T15:25:18+00:00","dateModified":"2016-05-06T10:20:49+00:00","description":"Rassegna Stampa Cattolica - Per una cultura che nasce dalla Rivelazione cristiana in conformit\u00e0 alla tradizione e al Magistero della Chiesa in opposizione ad ogni relativismo e totalitarismo","breadcrumb":{"@id":"https:\/\/www.rassegnastampa-totustuus.it\/cattolica\/lo-statuto-biologico-e-ontologico-dellembrione\/#breadcrumb"},"inLanguage":"it-IT","potentialAction":[{"@type":"ReadAction","target":["https:\/\/www.rassegnastampa-totustuus.it\/cattolica\/lo-statuto-biologico-e-ontologico-dellembrione\/"]}]},{"@type":"ImageObject","inLanguage":"it-IT","@id":"https:\/\/www.rassegnastampa-totustuus.it\/cattolica\/lo-statuto-biologico-e-ontologico-dellembrione\/#primaryimage","url":"https:\/\/www.rassegnastampa-totustuus.it\/cattolica\/wp-content\/uploads\/2009\/04\/Renzo_Puccetti.jpg","contentUrl":"https:\/\/www.rassegnastampa-totustuus.it\/cattolica\/wp-content\/uploads\/2009\/04\/Renzo_Puccetti.jpg","width":216,"height":233},{"@type":"BreadcrumbList","@id":"https:\/\/www.rassegnastampa-totustuus.it\/cattolica\/lo-statuto-biologico-e-ontologico-dellembrione\/#breadcrumb","itemListElement":[{"@type":"ListItem","position":1,"name":"Home","item":"https:\/\/www.rassegnastampa-totustuus.it\/cattolica\/"},{"@type":"ListItem","position":2,"name":"Lo statuto biologico e ontologico dell\u2019embrione"}]},{"@type":"WebSite","@id":"https:\/\/www.rassegnastampa-totustuus.it\/cattolica\/#website","url":"https:\/\/www.rassegnastampa-totustuus.it\/cattolica\/","name":"Rassegna Stampa Cattolica","description":"Per una cultura che nasce dalla Rivelazione cristiana in conformit\u00e0 alla tradizione e al Magistero della Chiesa in opposizione ad ogni relativismo e totalitarismo","publisher":{"@id":"https:\/\/www.rassegnastampa-totustuus.it\/cattolica\/#organization"},"alternateName":"Rass. Cattolica","potentialAction":[{"@type":"SearchAction","target":{"@type":"EntryPoint","urlTemplate":"https:\/\/www.rassegnastampa-totustuus.it\/cattolica\/?s={search_term_string}"},"query-input":{"@type":"PropertyValueSpecification","valueRequired":true,"valueName":"search_term_string"}}],"inLanguage":"it-IT"},{"@type":"Organization","@id":"https:\/\/www.rassegnastampa-totustuus.it\/cattolica\/#organization","name":"Rassegna Stampa Cattolica","url":"https:\/\/www.rassegnastampa-totustuus.it\/cattolica\/","logo":{"@type":"ImageObject","inLanguage":"it-IT","@id":"https:\/\/www.rassegnastampa-totustuus.it\/cattolica\/#\/schema\/logo\/image\/","url":"https:\/\/www.rassegnastampa-totustuus.it\/cattolica\/wp-content\/uploads\/2014\/04\/logo-rassegna1.gif","contentUrl":"https:\/\/www.rassegnastampa-totustuus.it\/cattolica\/wp-content\/uploads\/2014\/04\/logo-rassegna1.gif","width":600,"height":163,"caption":"Rassegna Stampa Cattolica"},"image":{"@id":"https:\/\/www.rassegnastampa-totustuus.it\/cattolica\/#\/schema\/logo\/image\/"},"sameAs":["https:\/\/www.facebook.com\/rassegnastampacattolica","https:\/\/x.com\/rassegnastampa9"]},{"@type":"Person","@id":"https:\/\/www.rassegnastampa-totustuus.it\/cattolica\/#\/schema\/person\/08f319d2bd1a0904ad9e2bfb7b15e5c3","name":"Redazione","image":{"@type":"ImageObject","inLanguage":"it-IT","@id":"https:\/\/secure.gravatar.com\/avatar\/2fcdf27c78ea025fbdb44e914cc63c72249ffec9dc8aafd5c82b26240ef3f346?s=96&d=mm&r=g","url":"https:\/\/secure.gravatar.com\/avatar\/2fcdf27c78ea025fbdb44e914cc63c72249ffec9dc8aafd5c82b26240ef3f346?s=96&d=mm&r=g","contentUrl":"https:\/\/secure.gravatar.com\/avatar\/2fcdf27c78ea025fbdb44e914cc63c72249ffec9dc8aafd5c82b26240ef3f346?s=96&d=mm&r=g","caption":"Redazione"},"url":"https:\/\/www.rassegnastampa-totustuus.it\/cattolica\/author\/pietroelle\/"}]}},"_links":{"self":[{"href":"https:\/\/www.rassegnastampa-totustuus.it\/cattolica\/wp-json\/wp\/v2\/posts\/3209","targetHints":{"allow":["GET"]}}],"collection":[{"href":"https:\/\/www.rassegnastampa-totustuus.it\/cattolica\/wp-json\/wp\/v2\/posts"}],"about":[{"href":"https:\/\/www.rassegnastampa-totustuus.it\/cattolica\/wp-json\/wp\/v2\/types\/post"}],"author":[{"embeddable":true,"href":"https:\/\/www.rassegnastampa-totustuus.it\/cattolica\/wp-json\/wp\/v2\/users\/6"}],"replies":[{"embeddable":true,"href":"https:\/\/www.rassegnastampa-totustuus.it\/cattolica\/wp-json\/wp\/v2\/comments?post=3209"}],"version-history":[{"count":4,"href":"https:\/\/www.rassegnastampa-totustuus.it\/cattolica\/wp-json\/wp\/v2\/posts\/3209\/revisions"}],"predecessor-version":[{"id":33968,"href":"https:\/\/www.rassegnastampa-totustuus.it\/cattolica\/wp-json\/wp\/v2\/posts\/3209\/revisions\/33968"}],"wp:featuredmedia":[{"embeddable":true,"href":"https:\/\/www.rassegnastampa-totustuus.it\/cattolica\/wp-json\/wp\/v2\/media\/33967"}],"wp:attachment":[{"href":"https:\/\/www.rassegnastampa-totustuus.it\/cattolica\/wp-json\/wp\/v2\/media?parent=3209"}],"wp:term":[{"taxonomy":"category","embeddable":true,"href":"https:\/\/www.rassegnastampa-totustuus.it\/cattolica\/wp-json\/wp\/v2\/categories?post=3209"},{"taxonomy":"post_tag","embeddable":true,"href":"https:\/\/www.rassegnastampa-totustuus.it\/cattolica\/wp-json\/wp\/v2\/tags?post=3209"}],"curies":[{"name":"wp","href":"https:\/\/api.w.org\/{rel}","templated":true}]}}