{"id":3206,"date":"2009-04-29T16:56:04","date_gmt":"2009-04-29T14:56:04","guid":{"rendered":""},"modified":"2016-04-15T14:03:09","modified_gmt":"2016-04-15T12:03:09","slug":"litalia-riscopre-la-ricchezza-del-rito-di-pio-v","status":"publish","type":"post","link":"https:\/\/www.rassegnastampa-totustuus.it\/cattolica\/litalia-riscopre-la-ricchezza-del-rito-di-pio-v\/","title":{"rendered":"L\u2019Italia riscopre la ricchezza del rito di Pio V"},"content":{"rendered":"<div style=\"text-align: center;\"><strong><img loading=\"lazy\" decoding=\"async\" class=\"alignleft wp-image-32895\" src=\"https:\/\/www.rassegnastampa-totustuus.it\/cattolica\/wp-content\/uploads\/2009\/04\/messa_latino.jpg\" alt=\"messa_latino\" width=\"240\" height=\"180\" \/>Avvenire,<\/strong> 20 gennaio 2008<\/div>\n<p style=\"text-align: justify;\"><em>Il documento del Papa sul messale in latino approvato da Giovanni XXIII nel 1962 ha trovato applicazione in tutte le regioni<\/em><\/p>\n<p style=\"text-align: center;\">\u00a0di <strong>Mimmo Muolo<\/strong><\/p>\n<p><!--more--><\/p>\n<div style=\"text-align: justify;\">Non \u00e8 rimasto certamente inapplicato nelle diocesi italiane il motu proprio Summorum Pontificum di Benedetto XVI. Diverse diocesi, pi\u00f9 o meno in tutte le regioni della Penisola, hanno, infatti, prontamente raccolto le indicazioni del Papa e, ove ci sono state esplicite richieste da parte di gruppi di fedeli, hanno messo a disposizione chiese (per lo pi\u00f9 rettorie, ma in alcuni casi anche delle parrocchie), per la celebrazione in determinati orari della Messa secondo il Messale di san Pio V nell\u2019edizione del 1962, promulgata dal beato Giovanni XXIII.<\/div>\n<p style=\"text-align: justify;\">Il quadro della situazione che presentiamo in questa pagina non \u00e8 certamente esaustivo delle iniziative prese in tutta Italia, ma pu\u00f2 offrire una prima idea della situazione. Bisogna ricordare, inoltre, che in parecchie Chiese locali non si partiva certamente da zero, poich\u00e9 celebrazioni secondo il vecchio rito esistevano gi\u00e0, in seguito all\u2019indulto di Giovanni Paolo II.<\/p>\n<p style=\"text-align: justify;\">In questi casi, dunque, oltre ad una conferma della prassi precedente, la promulgazione del motu proprio ha costituito l\u2019occasione per una catechesi di approfondimento del valore della liturgia, anche alla luce della Costituzione apostolica Sacrosanctum Concilium, ampiamente richiamata, del resto nel documento di Benedetto XVI.<\/p>\n<p style=\"text-align: justify;\">Si veda a questo proposito un recente incontro dei vescovi del Triveneto, che hanno messo al centro della loro riflessione la vita liturgica, la partecipazione alla Messa nelle comunit\u00e0 e il valore della festa, sottolineando \u00abl\u2019importanza di valorizzare la domenica \u2013 anche contro il rischio di un consumismo disumano \u2013 e riscoprire in essa l\u2019incontro comunitario della Messa quale dono del Signore\u00bb.<\/p>\n<p style=\"text-align: justify;\">A Venezia, ad esempio, la possibilit\u00e0 di celebrare secondo il rito di San Pio V esiste gi\u00e0 dal 1984 e la chiesa ci\u00f2 preposta \u00e8 quella di San Simeon Piccolo, non lontano dalla stazione ferroviaria.<\/p>\n<p style=\"text-align: justify;\">Fino a tre anni fa la Messa veniva celebrata da un sacerdote diocesano, mentre negli ultimi tempi la celebrazione \u00e8 stata affidata a un sacerdote della Fraternit\u00e0 sacerdotale di San Pietro, la cui presenza non si limita all\u2019Eucaristia, ma si estende anche alle confessioni, alla recita dei Vespri e all\u2019animazione della comunit\u00e0 di fedeli. Nella chiesa, infatti, c\u2019\u00e8 anche un gruppo di persone che si formano al canto gregoriano. Il sacerdote \u00e8 regolarmente inserito nel presbiterio diocesano e partecipa alla Messa crismale del Gioved\u00ec santo.<\/p>\n<p style=\"text-align: justify;\">Anche a Treviso il motu proprio ha confermato una consuetudine che risale al 1999. Da allora, infatti, ogni sabato precedente la prima domenica del mese si celebra secondo il messale pubblicato da Giovanni XXIII nella chiesa di San Liberale a Porta Altinia curata dai sacerdoti oblati diocesani.<\/p>\n<p style=\"text-align: justify;\">Stessa situazione anche a Napoli, dove si celebra tutte le domeniche e le feste di precetto nella rettoria di Santa Maria della Catena, vicina a Castel dell\u2019Ovo, e a Firenze, dove la Messa secondo il vecchio rito gi\u00e0 esisteva in base all\u2019indulto di Papa Wojtyla. Due le chiese in cui era ed \u00e8 possibile parteciparvi: l\u2019Istituto di Cristo Re Sommo Sacerdote (dove la celebrazione \u00e8 quotidiana) e la Confraternita di San Francesco Poverino che ha una periodicit\u00e0 variabile, a seconda delle esigenze.<\/p>\n<p style=\"text-align: justify;\">In seguito al motu proprio di Benedetto XVI si sta studiando la possibilit\u00e0 di celebrare secondo il vecchio messale anche in due parrocchie.<\/p>\n<p style=\"text-align: justify;\">Sono due anche a Bologna le chiese deputate a questo particolare servizio liturgico: Santa Maria della Piet\u00e0 in via San Vitale, dove la Messa \u00e8 celebrata tutte le domeniche e nelle feste di precetto alle 18 (anche con una buona partecipazione di giovani) e la chiesa dell\u2019oratorio dei Padri Filippini.<\/p>\n<p style=\"text-align: justify;\">Anche nella diocesi di Roma la possibilit\u00e0 di celebrare secondo il messale di San Pio V esiste da diversi anni. Naturalmente dopo l\u2019indulto di Giovanni Paolo II. Il motu proprio, dunque, ha confermato la situazione precedente. Le chiese (nessuna delle quali \u00e8 parrocchiale) sono diverse: Ges\u00f9 e Maria a via del Corso (la domenica e feste di precetto alle 10), San Gregorio dei Muratori, dove celebrano i sacerdoti della Fraternit\u00e0 sacerdotale di San Pietro (alle 9, alle 10,30 e alle 18,30 nei festivi; alle 7,15 e alle 18,30 nei giorni feriali); San Nicola in Carcere (domenica e feste di precetto alle 9,15, giorni feriali alle 12,15).<\/p>\n<p style=\"text-align: justify;\">Si celebra anche nella Basilica di Santa Maria Maggiore (e pi\u00f9 precisamente nella Cappella del Santissimo Crocifisso) l\u2019ultimo mercoled\u00ec del mese alle 16,30.<\/p>\n<p style=\"text-align: justify;\">Possibilit\u00e0 di partecipare alla Messa secondo il vecchio rito ci sono pure a Genova. Si celebrava gi\u00e0 in base all\u2019indulto e si continua a farlo anche oggi nella chiesa di San Carlo in via Balbi (ogni domenica alle 11), a cura della Congregazione Fraternit\u00e0 della Santissima Vergine Maria. Si celebra poi nella parrocchia di Fegino: la terza domenica del mese alle 17 nella chiesa principale e il primo venerd\u00ec del mese alle 16,30 in quella succursale.<\/p>\n<p style=\"text-align: justify;\">Cadenza settimanale (il sabato alle 17) ha la Messa nella chiesa di San Pancrazio dei Cavalieri di Malta, mentre nella parrocchia di Santo Stefano, la celebrazione si svolge una volta al mese a cura dei Cavalieri del Santo Sepolcro.<\/p>\n<p style=\"text-align: justify;\">Nella diocesi di Pesaro c\u2019\u00e8 stata una sola celebrazione, subito dopo la pubblicazione del motu proprio, mentre a Macerata, la prima Messa con il messale del 1962 \u00e8 stata celebrata lo scorso 3 gennaio nella parrocchia del Santissimo Crocifisso, vicaria di Tolentino. Si continuer\u00e0 a cadenza mensile. A Pa*lermo, invece, si celebra a San Basilio tutte le domeniche e nelle feste di precetto (ore 20).<\/p>\n<p style=\"text-align: justify;\">Cos\u00ec, anche attraverso queste esperienze, e le altre in atto nelle diocesi italiane, si sperimenta quanto il Papa scriveva nella lettera ai vescovi che accompagnava la pubblicazione del motu proprio. \u00abNon c\u2019\u00e8 nessuna contraddizione tra l\u2019una e l\u2019altra edizione del Missale romanum. Nella storia della Liturgia c\u2019\u00e8 crescita e progresso, ma nessuna rottura. Ci\u00f2 che per le generazioni anteriori era sacro, anche per noi resta sacro e grande, e non pu\u00f2 essere improvvisamente del tutto proibito o, addirittura, giudicato dannoso. Ci fa bene a tutti \u2013 concludeva Benedetto XVI \u2013 conservare le ricchezze che sono cresciute nella fede e nella preghiera della Chiesa, e dar loro il giusto posto\u00bb.<\/p>\n<p style=\"text-align: center;\"><strong>* * *<\/strong><\/p>\n<p style=\"text-align: center;\"><strong>POTENZA<\/strong><\/p>\n<p style=\"text-align: center;\"><strong>A Bella la liturgia accompagnata dalla catechesi<\/strong><\/p>\n<p style=\"text-align: justify;\">Una comunit\u00e0 per ora di circa trenta persone si riunisce una volta al mese a Santa Maria Assunta, nel paese di Bella (Potenza) per celebrare secondo il Messale del 1962.<\/p>\n<p style=\"text-align: justify;\">Cos\u00ec nella diocesi di Potenza-Muro Lucano-Marsico Nuovo \u00e8 stato recepito ed applicato il motu proprio di Benedetto XVI \u00abSummorum Pontificum\u00bb. Non ci si \u00e8 limitati, per\u00f2, alla celebrazione della Messa, spiega l\u2019arcivescovo, monsignor Agostino Superbo. \u00abDopo la richiesta da parte dei fedeli, il parroco ha tenuto un\u2019apposita catechesi sul significato della liturgia, che come insegna il Papa, rimane una sola, anche in presenza di due forme diverse dello stesso rito, e sono stati preparati i sussidi liturgici\u00bb. Un camino di accompagnamento e approfondimento che proseguir\u00e0 anche in futuro. (M.Mu.)<\/p>\n<p style=\"text-align: center;\"><strong>SAN MARINO<\/strong><\/p>\n<p style=\"text-align: center;\"><strong>Da Negri un telegramma a Benedetto XVI: \u00abCos\u00ec educhiamo le comunit\u00e0 a una fede viva\u00bb<\/strong><\/p>\n<p style=\"text-align: justify;\">\u00abLa diocesi di San Marino-Montefeltro, stretta attorno al suo Pa\u00adstore, ha accolto con gratitudine e responsabilit\u00e0 il motu proprio Summorum Pontificum riconoscendo nelle direttive proposte dalla santit\u00e0 vostra una pi\u00f9 ampia possibilit\u00e0 di educazione del popolo cristiano ad una fede che divenga realmente forma della persona e presenza viva nell\u2019intera societ\u00e0\u00bb.<\/p>\n<p style=\"text-align: justify;\">Cos\u00ec scrive monsignor Luigi Ne\u00adgri, vescovo di San Marino-Montefeltro, in un messaggio inviato a dicembre al Papa. \u00c8 uno dei frutti del recente motu proprio di Benedetto XVI, che ha trovato applicazione anche nella diocesi roma\u00adgnola, dove la Messa secondo il messale del 1962 viene celebrata a Sant\u2019Agata Feltria (Montefeltro) ogni domenica in un orario distinto dalle celebrazioni eucaristiche della comunit\u00e0 parrocchiale.<\/p>\n<p style=\"text-align: justify;\">\u00abLa nostra diocesi \u2013 prosegue il messaggio \u2013 non ha potuto non sentire pena per un persistente silenzio di troppo mondo cattolico che sembra rivelare quanto meno disagio se non distanza dalle vostre direttive, e non pu\u00f2 non indicare come fonte di preoccupazione prese di posizione pubbliche che sono suonate problematiche nei confronti del magistero di vostra santit\u00e0\u00bb.<\/p>\n<p style=\"text-align: justify;\">Per questo il presule, riconferma la fedelt\u00e0 al Successore di Pietro e conclude confidando che \u00abtale nostra fedelt\u00e0, che abbiamo inteso esplicitare con questo gesto, la conforti nel suo servizio\u00bb.<\/p>\n<p style=\"text-align: justify;\">(A.C. Valdera)<\/p>\n","protected":false},"excerpt":{"rendered":"<p>Avvenire, 20 gennaio 2008 Il documento del Papa sul messale in latino approvato da Giovanni XXIII nel 1962 ha trovato applicazione in tutte le regioni \u00a0di Mimmo Muolo<\/p><p><a class=\"more-link btn\" href=\"https:\/\/www.rassegnastampa-totustuus.it\/cattolica\/litalia-riscopre-la-ricchezza-del-rito-di-pio-v\/\">Continua a leggere<\/a><\/p>\n","protected":false},"author":6,"featured_media":32895,"comment_status":"closed","ping_status":"open","sticky":false,"template":"","format":"standard","meta":{"footnotes":""},"categories":[5,115],"tags":[1094],"class_list":["post-3206","post","type-post","status-publish","format-standard","has-post-thumbnail","hentry","category-chiesa","category-liturgia","tag-s-messa","item-wrap"],"yoast_head":"<!-- This site is optimized with the Yoast SEO plugin v27.5 - https:\/\/yoast.com\/product\/yoast-seo-wordpress\/ -->\n<title>L\u2019Italia riscopre la ricchezza del rito di Pio V - Rassegna Stampa Cattolica<\/title>\n<meta name=\"description\" content=\"Rassegna Stampa Cattolica - Per una cultura che nasce dalla Rivelazione cristiana in conformit\u00e0 alla tradizione e al Magistero della Chiesa in opposizione ad ogni relativismo e totalitarismo\" \/>\n<meta name=\"robots\" content=\"index, follow, max-snippet:-1, max-image-preview:large, max-video-preview:-1\" \/>\n<link rel=\"canonical\" href=\"https:\/\/www.rassegnastampa-totustuus.it\/cattolica\/litalia-riscopre-la-ricchezza-del-rito-di-pio-v\/\" \/>\n<meta property=\"og:locale\" content=\"it_IT\" \/>\n<meta property=\"og:type\" content=\"article\" \/>\n<meta property=\"og:title\" content=\"L\u2019Italia riscopre la ricchezza del rito di Pio V - Rassegna Stampa Cattolica\" \/>\n<meta property=\"og:description\" content=\"Rassegna Stampa Cattolica - Per una cultura che nasce dalla Rivelazione cristiana in conformit\u00e0 alla tradizione e al Magistero della Chiesa in opposizione ad ogni relativismo e totalitarismo\" \/>\n<meta property=\"og:url\" content=\"https:\/\/www.rassegnastampa-totustuus.it\/cattolica\/litalia-riscopre-la-ricchezza-del-rito-di-pio-v\/\" \/>\n<meta property=\"og:site_name\" content=\"Rassegna Stampa Cattolica\" \/>\n<meta property=\"article:publisher\" content=\"https:\/\/www.facebook.com\/rassegnastampacattolica\" \/>\n<meta property=\"article:published_time\" content=\"2009-04-29T14:56:04+00:00\" \/>\n<meta property=\"article:modified_time\" content=\"2016-04-15T12:03:09+00:00\" \/>\n<meta property=\"og:image\" content=\"https:\/\/www.rassegnastampa-totustuus.it\/cattolica\/wp-content\/uploads\/2009\/04\/messa_latino.jpg\" \/>\n\t<meta property=\"og:image:width\" content=\"259\" \/>\n\t<meta property=\"og:image:height\" content=\"194\" \/>\n\t<meta property=\"og:image:type\" content=\"image\/jpeg\" \/>\n<meta name=\"author\" content=\"Redazione\" \/>\n<meta name=\"twitter:card\" content=\"summary_large_image\" \/>\n<meta name=\"twitter:creator\" content=\"@rassegnastampa9\" \/>\n<meta name=\"twitter:site\" content=\"@rassegnastampa9\" \/>\n<meta name=\"twitter:label1\" content=\"Scritto da\" \/>\n\t<meta name=\"twitter:data1\" content=\"Redazione\" \/>\n\t<meta name=\"twitter:label2\" content=\"Tempo di lettura stimato\" \/>\n\t<meta name=\"twitter:data2\" content=\"7 minuti\" \/>\n<script type=\"application\/ld+json\" class=\"yoast-schema-graph\">{\"@context\":\"https:\\\/\\\/schema.org\",\"@graph\":[{\"@type\":\"Article\",\"@id\":\"https:\\\/\\\/www.rassegnastampa-totustuus.it\\\/cattolica\\\/litalia-riscopre-la-ricchezza-del-rito-di-pio-v\\\/#article\",\"isPartOf\":{\"@id\":\"https:\\\/\\\/www.rassegnastampa-totustuus.it\\\/cattolica\\\/litalia-riscopre-la-ricchezza-del-rito-di-pio-v\\\/\"},\"author\":{\"name\":\"Redazione\",\"@id\":\"https:\\\/\\\/www.rassegnastampa-totustuus.it\\\/cattolica\\\/#\\\/schema\\\/person\\\/08f319d2bd1a0904ad9e2bfb7b15e5c3\"},\"headline\":\"L\u2019Italia riscopre la ricchezza del rito di Pio V\",\"datePublished\":\"2009-04-29T14:56:04+00:00\",\"dateModified\":\"2016-04-15T12:03:09+00:00\",\"mainEntityOfPage\":{\"@id\":\"https:\\\/\\\/www.rassegnastampa-totustuus.it\\\/cattolica\\\/litalia-riscopre-la-ricchezza-del-rito-di-pio-v\\\/\"},\"wordCount\":1357,\"publisher\":{\"@id\":\"https:\\\/\\\/www.rassegnastampa-totustuus.it\\\/cattolica\\\/#organization\"},\"image\":{\"@id\":\"https:\\\/\\\/www.rassegnastampa-totustuus.it\\\/cattolica\\\/litalia-riscopre-la-ricchezza-del-rito-di-pio-v\\\/#primaryimage\"},\"thumbnailUrl\":\"https:\\\/\\\/www.rassegnastampa-totustuus.it\\\/cattolica\\\/wp-content\\\/uploads\\\/2009\\\/04\\\/messa_latino.jpg\",\"keywords\":[\"S Messa\"],\"articleSection\":[\"Chiesa\",\"Liturgia\"],\"inLanguage\":\"it-IT\"},{\"@type\":\"WebPage\",\"@id\":\"https:\\\/\\\/www.rassegnastampa-totustuus.it\\\/cattolica\\\/litalia-riscopre-la-ricchezza-del-rito-di-pio-v\\\/\",\"url\":\"https:\\\/\\\/www.rassegnastampa-totustuus.it\\\/cattolica\\\/litalia-riscopre-la-ricchezza-del-rito-di-pio-v\\\/\",\"name\":\"L\u2019Italia riscopre la ricchezza del rito di Pio V - Rassegna Stampa Cattolica\",\"isPartOf\":{\"@id\":\"https:\\\/\\\/www.rassegnastampa-totustuus.it\\\/cattolica\\\/#website\"},\"primaryImageOfPage\":{\"@id\":\"https:\\\/\\\/www.rassegnastampa-totustuus.it\\\/cattolica\\\/litalia-riscopre-la-ricchezza-del-rito-di-pio-v\\\/#primaryimage\"},\"image\":{\"@id\":\"https:\\\/\\\/www.rassegnastampa-totustuus.it\\\/cattolica\\\/litalia-riscopre-la-ricchezza-del-rito-di-pio-v\\\/#primaryimage\"},\"thumbnailUrl\":\"https:\\\/\\\/www.rassegnastampa-totustuus.it\\\/cattolica\\\/wp-content\\\/uploads\\\/2009\\\/04\\\/messa_latino.jpg\",\"datePublished\":\"2009-04-29T14:56:04+00:00\",\"dateModified\":\"2016-04-15T12:03:09+00:00\",\"description\":\"Rassegna Stampa Cattolica - Per una cultura che nasce dalla Rivelazione cristiana in conformit\u00e0 alla tradizione e al Magistero della Chiesa in opposizione ad ogni relativismo e totalitarismo\",\"breadcrumb\":{\"@id\":\"https:\\\/\\\/www.rassegnastampa-totustuus.it\\\/cattolica\\\/litalia-riscopre-la-ricchezza-del-rito-di-pio-v\\\/#breadcrumb\"},\"inLanguage\":\"it-IT\",\"potentialAction\":[{\"@type\":\"ReadAction\",\"target\":[\"https:\\\/\\\/www.rassegnastampa-totustuus.it\\\/cattolica\\\/litalia-riscopre-la-ricchezza-del-rito-di-pio-v\\\/\"]}]},{\"@type\":\"ImageObject\",\"inLanguage\":\"it-IT\",\"@id\":\"https:\\\/\\\/www.rassegnastampa-totustuus.it\\\/cattolica\\\/litalia-riscopre-la-ricchezza-del-rito-di-pio-v\\\/#primaryimage\",\"url\":\"https:\\\/\\\/www.rassegnastampa-totustuus.it\\\/cattolica\\\/wp-content\\\/uploads\\\/2009\\\/04\\\/messa_latino.jpg\",\"contentUrl\":\"https:\\\/\\\/www.rassegnastampa-totustuus.it\\\/cattolica\\\/wp-content\\\/uploads\\\/2009\\\/04\\\/messa_latino.jpg\",\"width\":259,\"height\":194},{\"@type\":\"BreadcrumbList\",\"@id\":\"https:\\\/\\\/www.rassegnastampa-totustuus.it\\\/cattolica\\\/litalia-riscopre-la-ricchezza-del-rito-di-pio-v\\\/#breadcrumb\",\"itemListElement\":[{\"@type\":\"ListItem\",\"position\":1,\"name\":\"Home\",\"item\":\"https:\\\/\\\/www.rassegnastampa-totustuus.it\\\/cattolica\\\/\"},{\"@type\":\"ListItem\",\"position\":2,\"name\":\"L\u2019Italia riscopre la ricchezza del rito di Pio V\"}]},{\"@type\":\"WebSite\",\"@id\":\"https:\\\/\\\/www.rassegnastampa-totustuus.it\\\/cattolica\\\/#website\",\"url\":\"https:\\\/\\\/www.rassegnastampa-totustuus.it\\\/cattolica\\\/\",\"name\":\"Rassegna Stampa Cattolica\",\"description\":\"Per una cultura che nasce dalla Rivelazione cristiana in conformit\u00e0 alla tradizione e al Magistero della Chiesa in opposizione ad ogni relativismo e totalitarismo\",\"publisher\":{\"@id\":\"https:\\\/\\\/www.rassegnastampa-totustuus.it\\\/cattolica\\\/#organization\"},\"alternateName\":\"Rass. Cattolica\",\"potentialAction\":[{\"@type\":\"SearchAction\",\"target\":{\"@type\":\"EntryPoint\",\"urlTemplate\":\"https:\\\/\\\/www.rassegnastampa-totustuus.it\\\/cattolica\\\/?s={search_term_string}\"},\"query-input\":{\"@type\":\"PropertyValueSpecification\",\"valueRequired\":true,\"valueName\":\"search_term_string\"}}],\"inLanguage\":\"it-IT\"},{\"@type\":\"Organization\",\"@id\":\"https:\\\/\\\/www.rassegnastampa-totustuus.it\\\/cattolica\\\/#organization\",\"name\":\"Rassegna Stampa Cattolica\",\"url\":\"https:\\\/\\\/www.rassegnastampa-totustuus.it\\\/cattolica\\\/\",\"logo\":{\"@type\":\"ImageObject\",\"inLanguage\":\"it-IT\",\"@id\":\"https:\\\/\\\/www.rassegnastampa-totustuus.it\\\/cattolica\\\/#\\\/schema\\\/logo\\\/image\\\/\",\"url\":\"https:\\\/\\\/www.rassegnastampa-totustuus.it\\\/cattolica\\\/wp-content\\\/uploads\\\/2014\\\/04\\\/logo-rassegna1.gif\",\"contentUrl\":\"https:\\\/\\\/www.rassegnastampa-totustuus.it\\\/cattolica\\\/wp-content\\\/uploads\\\/2014\\\/04\\\/logo-rassegna1.gif\",\"width\":600,\"height\":163,\"caption\":\"Rassegna Stampa Cattolica\"},\"image\":{\"@id\":\"https:\\\/\\\/www.rassegnastampa-totustuus.it\\\/cattolica\\\/#\\\/schema\\\/logo\\\/image\\\/\"},\"sameAs\":[\"https:\\\/\\\/www.facebook.com\\\/rassegnastampacattolica\",\"https:\\\/\\\/x.com\\\/rassegnastampa9\"]},{\"@type\":\"Person\",\"@id\":\"https:\\\/\\\/www.rassegnastampa-totustuus.it\\\/cattolica\\\/#\\\/schema\\\/person\\\/08f319d2bd1a0904ad9e2bfb7b15e5c3\",\"name\":\"Redazione\",\"image\":{\"@type\":\"ImageObject\",\"inLanguage\":\"it-IT\",\"@id\":\"https:\\\/\\\/secure.gravatar.com\\\/avatar\\\/2fcdf27c78ea025fbdb44e914cc63c72249ffec9dc8aafd5c82b26240ef3f346?s=96&d=mm&r=g\",\"url\":\"https:\\\/\\\/secure.gravatar.com\\\/avatar\\\/2fcdf27c78ea025fbdb44e914cc63c72249ffec9dc8aafd5c82b26240ef3f346?s=96&d=mm&r=g\",\"contentUrl\":\"https:\\\/\\\/secure.gravatar.com\\\/avatar\\\/2fcdf27c78ea025fbdb44e914cc63c72249ffec9dc8aafd5c82b26240ef3f346?s=96&d=mm&r=g\",\"caption\":\"Redazione\"},\"url\":\"https:\\\/\\\/www.rassegnastampa-totustuus.it\\\/cattolica\\\/author\\\/pietroelle\\\/\"}]}<\/script>\n<!-- \/ Yoast SEO plugin. -->","yoast_head_json":{"title":"L\u2019Italia riscopre la ricchezza del rito di Pio V - Rassegna Stampa Cattolica","description":"Rassegna Stampa Cattolica - Per una cultura che nasce dalla Rivelazione cristiana in conformit\u00e0 alla tradizione e al Magistero della Chiesa in opposizione ad ogni relativismo e totalitarismo","robots":{"index":"index","follow":"follow","max-snippet":"max-snippet:-1","max-image-preview":"max-image-preview:large","max-video-preview":"max-video-preview:-1"},"canonical":"https:\/\/www.rassegnastampa-totustuus.it\/cattolica\/litalia-riscopre-la-ricchezza-del-rito-di-pio-v\/","og_locale":"it_IT","og_type":"article","og_title":"L\u2019Italia riscopre la ricchezza del rito di Pio V - Rassegna Stampa Cattolica","og_description":"Rassegna Stampa Cattolica - Per una cultura che nasce dalla Rivelazione cristiana in conformit\u00e0 alla tradizione e al Magistero della Chiesa in opposizione ad ogni relativismo e totalitarismo","og_url":"https:\/\/www.rassegnastampa-totustuus.it\/cattolica\/litalia-riscopre-la-ricchezza-del-rito-di-pio-v\/","og_site_name":"Rassegna Stampa Cattolica","article_publisher":"https:\/\/www.facebook.com\/rassegnastampacattolica","article_published_time":"2009-04-29T14:56:04+00:00","article_modified_time":"2016-04-15T12:03:09+00:00","og_image":[{"width":259,"height":194,"url":"https:\/\/www.rassegnastampa-totustuus.it\/cattolica\/wp-content\/uploads\/2009\/04\/messa_latino.jpg","type":"image\/jpeg"}],"author":"Redazione","twitter_card":"summary_large_image","twitter_creator":"@rassegnastampa9","twitter_site":"@rassegnastampa9","twitter_misc":{"Scritto da":"Redazione","Tempo di lettura stimato":"7 minuti"},"schema":{"@context":"https:\/\/schema.org","@graph":[{"@type":"Article","@id":"https:\/\/www.rassegnastampa-totustuus.it\/cattolica\/litalia-riscopre-la-ricchezza-del-rito-di-pio-v\/#article","isPartOf":{"@id":"https:\/\/www.rassegnastampa-totustuus.it\/cattolica\/litalia-riscopre-la-ricchezza-del-rito-di-pio-v\/"},"author":{"name":"Redazione","@id":"https:\/\/www.rassegnastampa-totustuus.it\/cattolica\/#\/schema\/person\/08f319d2bd1a0904ad9e2bfb7b15e5c3"},"headline":"L\u2019Italia riscopre la ricchezza del rito di Pio V","datePublished":"2009-04-29T14:56:04+00:00","dateModified":"2016-04-15T12:03:09+00:00","mainEntityOfPage":{"@id":"https:\/\/www.rassegnastampa-totustuus.it\/cattolica\/litalia-riscopre-la-ricchezza-del-rito-di-pio-v\/"},"wordCount":1357,"publisher":{"@id":"https:\/\/www.rassegnastampa-totustuus.it\/cattolica\/#organization"},"image":{"@id":"https:\/\/www.rassegnastampa-totustuus.it\/cattolica\/litalia-riscopre-la-ricchezza-del-rito-di-pio-v\/#primaryimage"},"thumbnailUrl":"https:\/\/www.rassegnastampa-totustuus.it\/cattolica\/wp-content\/uploads\/2009\/04\/messa_latino.jpg","keywords":["S Messa"],"articleSection":["Chiesa","Liturgia"],"inLanguage":"it-IT"},{"@type":"WebPage","@id":"https:\/\/www.rassegnastampa-totustuus.it\/cattolica\/litalia-riscopre-la-ricchezza-del-rito-di-pio-v\/","url":"https:\/\/www.rassegnastampa-totustuus.it\/cattolica\/litalia-riscopre-la-ricchezza-del-rito-di-pio-v\/","name":"L\u2019Italia riscopre la ricchezza del rito di Pio V - Rassegna Stampa Cattolica","isPartOf":{"@id":"https:\/\/www.rassegnastampa-totustuus.it\/cattolica\/#website"},"primaryImageOfPage":{"@id":"https:\/\/www.rassegnastampa-totustuus.it\/cattolica\/litalia-riscopre-la-ricchezza-del-rito-di-pio-v\/#primaryimage"},"image":{"@id":"https:\/\/www.rassegnastampa-totustuus.it\/cattolica\/litalia-riscopre-la-ricchezza-del-rito-di-pio-v\/#primaryimage"},"thumbnailUrl":"https:\/\/www.rassegnastampa-totustuus.it\/cattolica\/wp-content\/uploads\/2009\/04\/messa_latino.jpg","datePublished":"2009-04-29T14:56:04+00:00","dateModified":"2016-04-15T12:03:09+00:00","description":"Rassegna Stampa Cattolica - Per una cultura che nasce dalla Rivelazione cristiana in conformit\u00e0 alla tradizione e al Magistero della Chiesa in opposizione ad ogni relativismo e totalitarismo","breadcrumb":{"@id":"https:\/\/www.rassegnastampa-totustuus.it\/cattolica\/litalia-riscopre-la-ricchezza-del-rito-di-pio-v\/#breadcrumb"},"inLanguage":"it-IT","potentialAction":[{"@type":"ReadAction","target":["https:\/\/www.rassegnastampa-totustuus.it\/cattolica\/litalia-riscopre-la-ricchezza-del-rito-di-pio-v\/"]}]},{"@type":"ImageObject","inLanguage":"it-IT","@id":"https:\/\/www.rassegnastampa-totustuus.it\/cattolica\/litalia-riscopre-la-ricchezza-del-rito-di-pio-v\/#primaryimage","url":"https:\/\/www.rassegnastampa-totustuus.it\/cattolica\/wp-content\/uploads\/2009\/04\/messa_latino.jpg","contentUrl":"https:\/\/www.rassegnastampa-totustuus.it\/cattolica\/wp-content\/uploads\/2009\/04\/messa_latino.jpg","width":259,"height":194},{"@type":"BreadcrumbList","@id":"https:\/\/www.rassegnastampa-totustuus.it\/cattolica\/litalia-riscopre-la-ricchezza-del-rito-di-pio-v\/#breadcrumb","itemListElement":[{"@type":"ListItem","position":1,"name":"Home","item":"https:\/\/www.rassegnastampa-totustuus.it\/cattolica\/"},{"@type":"ListItem","position":2,"name":"L\u2019Italia riscopre la ricchezza del rito di Pio V"}]},{"@type":"WebSite","@id":"https:\/\/www.rassegnastampa-totustuus.it\/cattolica\/#website","url":"https:\/\/www.rassegnastampa-totustuus.it\/cattolica\/","name":"Rassegna Stampa Cattolica","description":"Per una cultura che nasce dalla Rivelazione cristiana in conformit\u00e0 alla tradizione e al Magistero della Chiesa in opposizione ad ogni relativismo e totalitarismo","publisher":{"@id":"https:\/\/www.rassegnastampa-totustuus.it\/cattolica\/#organization"},"alternateName":"Rass. Cattolica","potentialAction":[{"@type":"SearchAction","target":{"@type":"EntryPoint","urlTemplate":"https:\/\/www.rassegnastampa-totustuus.it\/cattolica\/?s={search_term_string}"},"query-input":{"@type":"PropertyValueSpecification","valueRequired":true,"valueName":"search_term_string"}}],"inLanguage":"it-IT"},{"@type":"Organization","@id":"https:\/\/www.rassegnastampa-totustuus.it\/cattolica\/#organization","name":"Rassegna Stampa Cattolica","url":"https:\/\/www.rassegnastampa-totustuus.it\/cattolica\/","logo":{"@type":"ImageObject","inLanguage":"it-IT","@id":"https:\/\/www.rassegnastampa-totustuus.it\/cattolica\/#\/schema\/logo\/image\/","url":"https:\/\/www.rassegnastampa-totustuus.it\/cattolica\/wp-content\/uploads\/2014\/04\/logo-rassegna1.gif","contentUrl":"https:\/\/www.rassegnastampa-totustuus.it\/cattolica\/wp-content\/uploads\/2014\/04\/logo-rassegna1.gif","width":600,"height":163,"caption":"Rassegna Stampa Cattolica"},"image":{"@id":"https:\/\/www.rassegnastampa-totustuus.it\/cattolica\/#\/schema\/logo\/image\/"},"sameAs":["https:\/\/www.facebook.com\/rassegnastampacattolica","https:\/\/x.com\/rassegnastampa9"]},{"@type":"Person","@id":"https:\/\/www.rassegnastampa-totustuus.it\/cattolica\/#\/schema\/person\/08f319d2bd1a0904ad9e2bfb7b15e5c3","name":"Redazione","image":{"@type":"ImageObject","inLanguage":"it-IT","@id":"https:\/\/secure.gravatar.com\/avatar\/2fcdf27c78ea025fbdb44e914cc63c72249ffec9dc8aafd5c82b26240ef3f346?s=96&d=mm&r=g","url":"https:\/\/secure.gravatar.com\/avatar\/2fcdf27c78ea025fbdb44e914cc63c72249ffec9dc8aafd5c82b26240ef3f346?s=96&d=mm&r=g","contentUrl":"https:\/\/secure.gravatar.com\/avatar\/2fcdf27c78ea025fbdb44e914cc63c72249ffec9dc8aafd5c82b26240ef3f346?s=96&d=mm&r=g","caption":"Redazione"},"url":"https:\/\/www.rassegnastampa-totustuus.it\/cattolica\/author\/pietroelle\/"}]}},"_links":{"self":[{"href":"https:\/\/www.rassegnastampa-totustuus.it\/cattolica\/wp-json\/wp\/v2\/posts\/3206","targetHints":{"allow":["GET"]}}],"collection":[{"href":"https:\/\/www.rassegnastampa-totustuus.it\/cattolica\/wp-json\/wp\/v2\/posts"}],"about":[{"href":"https:\/\/www.rassegnastampa-totustuus.it\/cattolica\/wp-json\/wp\/v2\/types\/post"}],"author":[{"embeddable":true,"href":"https:\/\/www.rassegnastampa-totustuus.it\/cattolica\/wp-json\/wp\/v2\/users\/6"}],"replies":[{"embeddable":true,"href":"https:\/\/www.rassegnastampa-totustuus.it\/cattolica\/wp-json\/wp\/v2\/comments?post=3206"}],"version-history":[{"count":4,"href":"https:\/\/www.rassegnastampa-totustuus.it\/cattolica\/wp-json\/wp\/v2\/posts\/3206\/revisions"}],"predecessor-version":[{"id":32896,"href":"https:\/\/www.rassegnastampa-totustuus.it\/cattolica\/wp-json\/wp\/v2\/posts\/3206\/revisions\/32896"}],"wp:featuredmedia":[{"embeddable":true,"href":"https:\/\/www.rassegnastampa-totustuus.it\/cattolica\/wp-json\/wp\/v2\/media\/32895"}],"wp:attachment":[{"href":"https:\/\/www.rassegnastampa-totustuus.it\/cattolica\/wp-json\/wp\/v2\/media?parent=3206"}],"wp:term":[{"taxonomy":"category","embeddable":true,"href":"https:\/\/www.rassegnastampa-totustuus.it\/cattolica\/wp-json\/wp\/v2\/categories?post=3206"},{"taxonomy":"post_tag","embeddable":true,"href":"https:\/\/www.rassegnastampa-totustuus.it\/cattolica\/wp-json\/wp\/v2\/tags?post=3206"}],"curies":[{"name":"wp","href":"https:\/\/api.w.org\/{rel}","templated":true}]}}