{"id":320,"date":"2005-01-21T12:33:18","date_gmt":"2005-01-21T11:33:18","guid":{"rendered":""},"modified":"2025-07-08T11:09:52","modified_gmt":"2025-07-08T09:09:52","slug":"uccisi-dai-ragazzi-di-bube","status":"publish","type":"post","link":"https:\/\/www.rassegnastampa-totustuus.it\/cattolica\/uccisi-dai-ragazzi-di-bube\/","title":{"rendered":"Uccisi dai ragazzi di Bube"},"content":{"rendered":"\n<p class=\"has-text-align-center\">pubblicato su<a href=\"https:\/\/www.avvenire.it\/\" target=\"_blank\" rel=\"noreferrer noopener\"> <strong>Avvenire<\/strong> <\/a>del 9 marzo 2004<\/p>\n\n\n\n<p class=\"has-text-align-center\"><strong>INCHIESTA\/10-1 <\/strong><em>Lunigiana. Il caso dei preti \u00absacchettati\u00bb; mistero di una strage oscura<\/em><\/p>\n\n\n\n<p class=\"has-text-align-center\">di <strong>Roberto Beretta<\/strong><\/p>\n\n\n<div class=\"wp-block-image wp-image-33269 size-full\">\n<figure class=\"aligncenter is-resized\"><img loading=\"lazy\" decoding=\"async\" width=\"220\" height=\"161\" src=\"https:\/\/www.rassegnastampa-totustuus.it\/cattolica\/wp-content\/uploads\/2005\/01\/preti_assassinati.jpg\" alt=\"preti_assassinati\" class=\"wp-image-33269\" style=\"width:300px;height:auto\"\/><figcaption class=\"wp-element-caption\">Un prete assassinato dai partigiani<\/figcaption><\/figure><\/div>\n\n\n<!--more-->\n\n\n\n<p>Il verbo usato era \u00absacchettare\u00bb. Bastava un sacco di tela con dentro pochi pugni di sabbia e gi\u00f9, tra il lusco e il brusco di un agguato in qualche strada fuori mano: il metodo non lasciava tracce sulla pelle, al contrario del manganello, e in pi\u00f9 di un caso si rivelava letale a distanza di pochi giorni, poich\u00e9 i colpi spappolavano fegato, polmoni, milza e reni del malcapitato. Quanti sono stati i preti \u00absacchettati\u00bb in Toscana durante la guerra? Don Luigi Grandetti \u00e8 uno. Su di lui il famigerato sacchetto ha lasciato cos\u00ec poche tracce che egli non figura nemmeno negli elenchi ufficiali delle vittime della violenza comunista. Un po&#8217; anche perch\u00e9 il suo assassinio arriv\u00f2 fuori tempo, il 31 gennaio 1947.<\/p>\n\n\n\n<p>Don Grandetti all&#8217;epoca aveva 71 anni ed era parroco alla Pieve di Offiano, frazione di Casola in Lunigiana (Ms); \u00abDal Pievano nessuno torna a mani vuote\u00bb, si diceva la gente, riferendosi alla proverbiale generosit\u00e0 del sacerdote: soprattutto negli anni grami della guerra, quando anche gli sfollati da Carrara e dalla Spezia si aggiungevano alla lista dei bisognosi della zona.<\/p>\n\n\n\n<p>Ma una sera in cui tornava dalla novena di Natale, il 17 dicembre 1946, il pievano (cos\u00ec dice la vecchia relazione manoscritta di un testimone) \u00abfu assalito da tre individui che lo sacchettarono\u00bb. Inoltre \u00abgli furono infilati in bocca pezzi di vetro frantumati.<\/p>\n\n\n\n<p>Non parl\u00f2 pi\u00f9. Gli assassini volevano del denaro. Il 31 gennaio 1947 mor\u00ec senza voler rivelare il nome di chi gli aveva fatto tanto male\u00bb. Solo a un contadino fidato don Grandetti avrebbe detto chi erano i colpevoli, ma con l&#8217;impegno a non parlarne mai \u00abper mantenere la pace in parrocchia\u00bb. Sul certificato di morte il prete figura deceduto \u00abper cancro allo stomaco\u00bb; e nota il memorialista: \u00abChi costrinse il medico condotto del tempo a dichiarare tale menzogna? Il medico obbed\u00ec perch\u00e9 erano anni tristi?<\/p>\n\n\n\n<p>La malvagit\u00e0 umana non aveva limiti. La vita dell&#8217;uomo valeva quanto un fiammifero spento\u00bb. Anche l&#8217;attuale parroco di Offiano, don Bernardo Marovelli, starebbe per escludere il motivo economico come causa del pestaggio mortale: \u00abFurono dei partigiani che non gli avevano perdonato qualcosa avvenuta durante la guerra\u00bb, sostiene; nello stesso tempo, per\u00f2, distingue l&#8217;agguato notturno dalle cause della morte: \u00abDon Luigi non \u00e8 stato ucciso: \u00e8 morto in canonica\u00bb.<\/p>\n\n\n\n<p>Anche per la nipote, che vive ancora in paese, lo zio \u00e8 deceduto a causa di un tumore: miracolo dei \u00absacchetti\u00bb, che &#8211; procrastinando il decesso &#8211; potevano far pensare a una morte naturale. Ma il metodo stesso denuncia la sua malizia, e la provenienza dei colpi. Anche a Cerignano presso Fivizzano (Ms), per esempio, don Pietro Maraglia fu \u00absacchettato\u00bb nell&#8217;ottobre 1947 e mor\u00ec dopo parecchi mesi di agonia in ospedale.<\/p>\n\n\n\n<p>Racconta un testimone molto lucido, che riporta le voci popolari e chiede di restare anonimo: \u00abQuello di don Maraglia \u00e8 un delitto rimasto impunito. Era la festa della parrocchia e don Maraglia aveva accompagnato il vescovo in pianura; al ritorno prese la strada pi\u00f9 breve, attraverso un castagneto: l\u00ec lo aspettavano coloro che conoscevano bene le sue abitudini\u00bb.<\/p>\n\n\n\n<p>I micidiali sacchetti fecero il resto. \u00abLa scusa fu sempre la solita: una donna; si disse infatti che il prete era stato punito per avere mantenuto una relazione con una signora. Ma la pubblica opinione gli esecutori li ha sempre indicati nei partigiani comunisti; la ragione di quell&#8217;assassinio fu politica: anche qui si preparava il 18 aprile\u00bb<\/p>\n","protected":false},"excerpt":{"rendered":"<p>pubblicato su Avvenire del 9 marzo 2004 INCHIESTA\/10-1 Lunigiana. Il caso dei preti \u00absacchettati\u00bb; mistero di una strage oscura di Roberto Beretta<\/p><p><a class=\"more-link btn\" href=\"https:\/\/www.rassegnastampa-totustuus.it\/cattolica\/uccisi-dai-ragazzi-di-bube\/\">Continua a leggere<\/a><\/p>\n","protected":false},"author":6,"featured_media":33269,"comment_status":"closed","ping_status":"open","sticky":false,"template":"","format":"standard","meta":{"footnotes":""},"categories":[5,82,44,100,96],"tags":[866,1392],"class_list":["post-320","post","type-post","status-publish","format-standard","has-post-thumbnail","hentry","category-chiesa","category-comunismo-in-italia","category-cristiani-perseguitati","category-resistenza","category-storia-italiana","tag-partigiani","tag-sacerdoti","item-wrap"],"yoast_head":"<!-- This site is optimized with the Yoast SEO plugin v27.5 - https:\/\/yoast.com\/product\/yoast-seo-wordpress\/ -->\n<title>Uccisi dai ragazzi di Bube - Rassegna Stampa Cattolica<\/title>\n<meta name=\"description\" content=\"Uccisi dai ragazzi di Bube, in Lunigiana. Il caso dei preti \u00absacchettati\u00bb; mistero di una strage oscura; autori: i partigiani comunisti\" \/>\n<meta name=\"robots\" content=\"index, follow, max-snippet:-1, max-image-preview:large, max-video-preview:-1\" \/>\n<link rel=\"canonical\" href=\"https:\/\/www.rassegnastampa-totustuus.it\/cattolica\/uccisi-dai-ragazzi-di-bube\/\" \/>\n<meta property=\"og:locale\" content=\"it_IT\" \/>\n<meta property=\"og:type\" content=\"article\" \/>\n<meta property=\"og:title\" content=\"Uccisi dai ragazzi di Bube - Rassegna Stampa Cattolica\" \/>\n<meta property=\"og:description\" content=\"Uccisi dai ragazzi di Bube, in Lunigiana. Il caso dei preti \u00absacchettati\u00bb; mistero di una strage oscura; autori: i partigiani comunisti\" \/>\n<meta property=\"og:url\" content=\"https:\/\/www.rassegnastampa-totustuus.it\/cattolica\/uccisi-dai-ragazzi-di-bube\/\" \/>\n<meta property=\"og:site_name\" content=\"Rassegna Stampa Cattolica\" \/>\n<meta property=\"article:publisher\" content=\"https:\/\/www.facebook.com\/rassegnastampacattolica\" \/>\n<meta property=\"article:published_time\" content=\"2005-01-21T11:33:18+00:00\" \/>\n<meta property=\"article:modified_time\" content=\"2025-07-08T09:09:52+00:00\" \/>\n<meta property=\"og:image\" content=\"https:\/\/www.rassegnastampa-totustuus.it\/cattolica\/wp-content\/uploads\/2005\/01\/preti_assassinati.jpg\" \/>\n\t<meta property=\"og:image:width\" content=\"220\" \/>\n\t<meta property=\"og:image:height\" content=\"161\" \/>\n\t<meta property=\"og:image:type\" content=\"image\/jpeg\" \/>\n<meta name=\"author\" content=\"Redazione\" \/>\n<meta name=\"twitter:card\" content=\"summary_large_image\" \/>\n<meta name=\"twitter:creator\" content=\"@rassegnastampa9\" \/>\n<meta name=\"twitter:site\" content=\"@rassegnastampa9\" \/>\n<meta name=\"twitter:label1\" content=\"Scritto da\" \/>\n\t<meta name=\"twitter:data1\" content=\"Redazione\" \/>\n\t<meta name=\"twitter:label2\" content=\"Tempo di lettura stimato\" \/>\n\t<meta name=\"twitter:data2\" content=\"4 minuti\" \/>\n<script type=\"application\/ld+json\" class=\"yoast-schema-graph\">{\"@context\":\"https:\\\/\\\/schema.org\",\"@graph\":[{\"@type\":\"Article\",\"@id\":\"https:\\\/\\\/www.rassegnastampa-totustuus.it\\\/cattolica\\\/uccisi-dai-ragazzi-di-bube\\\/#article\",\"isPartOf\":{\"@id\":\"https:\\\/\\\/www.rassegnastampa-totustuus.it\\\/cattolica\\\/uccisi-dai-ragazzi-di-bube\\\/\"},\"author\":{\"name\":\"Redazione\",\"@id\":\"https:\\\/\\\/www.rassegnastampa-totustuus.it\\\/cattolica\\\/#\\\/schema\\\/person\\\/08f319d2bd1a0904ad9e2bfb7b15e5c3\"},\"headline\":\"Uccisi dai ragazzi di Bube\",\"datePublished\":\"2005-01-21T11:33:18+00:00\",\"dateModified\":\"2025-07-08T09:09:52+00:00\",\"mainEntityOfPage\":{\"@id\":\"https:\\\/\\\/www.rassegnastampa-totustuus.it\\\/cattolica\\\/uccisi-dai-ragazzi-di-bube\\\/\"},\"wordCount\":587,\"publisher\":{\"@id\":\"https:\\\/\\\/www.rassegnastampa-totustuus.it\\\/cattolica\\\/#organization\"},\"image\":{\"@id\":\"https:\\\/\\\/www.rassegnastampa-totustuus.it\\\/cattolica\\\/uccisi-dai-ragazzi-di-bube\\\/#primaryimage\"},\"thumbnailUrl\":\"https:\\\/\\\/www.rassegnastampa-totustuus.it\\\/cattolica\\\/wp-content\\\/uploads\\\/2005\\\/01\\\/preti_assassinati.jpg\",\"keywords\":[\"partigiani\",\"sacerdoti\"],\"articleSection\":[\"Chiesa\",\"Comunismo in Italia\",\"Cristiani perseguitati\",\"Resistenza\",\"Storia italiana\"],\"inLanguage\":\"it-IT\"},{\"@type\":\"WebPage\",\"@id\":\"https:\\\/\\\/www.rassegnastampa-totustuus.it\\\/cattolica\\\/uccisi-dai-ragazzi-di-bube\\\/\",\"url\":\"https:\\\/\\\/www.rassegnastampa-totustuus.it\\\/cattolica\\\/uccisi-dai-ragazzi-di-bube\\\/\",\"name\":\"Uccisi dai ragazzi di Bube - Rassegna Stampa Cattolica\",\"isPartOf\":{\"@id\":\"https:\\\/\\\/www.rassegnastampa-totustuus.it\\\/cattolica\\\/#website\"},\"primaryImageOfPage\":{\"@id\":\"https:\\\/\\\/www.rassegnastampa-totustuus.it\\\/cattolica\\\/uccisi-dai-ragazzi-di-bube\\\/#primaryimage\"},\"image\":{\"@id\":\"https:\\\/\\\/www.rassegnastampa-totustuus.it\\\/cattolica\\\/uccisi-dai-ragazzi-di-bube\\\/#primaryimage\"},\"thumbnailUrl\":\"https:\\\/\\\/www.rassegnastampa-totustuus.it\\\/cattolica\\\/wp-content\\\/uploads\\\/2005\\\/01\\\/preti_assassinati.jpg\",\"datePublished\":\"2005-01-21T11:33:18+00:00\",\"dateModified\":\"2025-07-08T09:09:52+00:00\",\"description\":\"Uccisi dai ragazzi di Bube, in Lunigiana. Il caso dei preti \u00absacchettati\u00bb; mistero di una strage oscura; autori: i partigiani comunisti\",\"breadcrumb\":{\"@id\":\"https:\\\/\\\/www.rassegnastampa-totustuus.it\\\/cattolica\\\/uccisi-dai-ragazzi-di-bube\\\/#breadcrumb\"},\"inLanguage\":\"it-IT\",\"potentialAction\":[{\"@type\":\"ReadAction\",\"target\":[\"https:\\\/\\\/www.rassegnastampa-totustuus.it\\\/cattolica\\\/uccisi-dai-ragazzi-di-bube\\\/\"]}]},{\"@type\":\"ImageObject\",\"inLanguage\":\"it-IT\",\"@id\":\"https:\\\/\\\/www.rassegnastampa-totustuus.it\\\/cattolica\\\/uccisi-dai-ragazzi-di-bube\\\/#primaryimage\",\"url\":\"https:\\\/\\\/www.rassegnastampa-totustuus.it\\\/cattolica\\\/wp-content\\\/uploads\\\/2005\\\/01\\\/preti_assassinati.jpg\",\"contentUrl\":\"https:\\\/\\\/www.rassegnastampa-totustuus.it\\\/cattolica\\\/wp-content\\\/uploads\\\/2005\\\/01\\\/preti_assassinati.jpg\",\"width\":220,\"height\":161},{\"@type\":\"BreadcrumbList\",\"@id\":\"https:\\\/\\\/www.rassegnastampa-totustuus.it\\\/cattolica\\\/uccisi-dai-ragazzi-di-bube\\\/#breadcrumb\",\"itemListElement\":[{\"@type\":\"ListItem\",\"position\":1,\"name\":\"Home\",\"item\":\"https:\\\/\\\/www.rassegnastampa-totustuus.it\\\/cattolica\\\/\"},{\"@type\":\"ListItem\",\"position\":2,\"name\":\"Uccisi dai ragazzi di Bube\"}]},{\"@type\":\"WebSite\",\"@id\":\"https:\\\/\\\/www.rassegnastampa-totustuus.it\\\/cattolica\\\/#website\",\"url\":\"https:\\\/\\\/www.rassegnastampa-totustuus.it\\\/cattolica\\\/\",\"name\":\"Rassegna Stampa Cattolica\",\"description\":\"Per una cultura che nasce dalla Rivelazione cristiana in conformit\u00e0 alla tradizione e al Magistero della Chiesa in opposizione ad ogni relativismo e totalitarismo\",\"publisher\":{\"@id\":\"https:\\\/\\\/www.rassegnastampa-totustuus.it\\\/cattolica\\\/#organization\"},\"alternateName\":\"Rass. Cattolica\",\"potentialAction\":[{\"@type\":\"SearchAction\",\"target\":{\"@type\":\"EntryPoint\",\"urlTemplate\":\"https:\\\/\\\/www.rassegnastampa-totustuus.it\\\/cattolica\\\/?s={search_term_string}\"},\"query-input\":{\"@type\":\"PropertyValueSpecification\",\"valueRequired\":true,\"valueName\":\"search_term_string\"}}],\"inLanguage\":\"it-IT\"},{\"@type\":\"Organization\",\"@id\":\"https:\\\/\\\/www.rassegnastampa-totustuus.it\\\/cattolica\\\/#organization\",\"name\":\"Rassegna Stampa Cattolica\",\"url\":\"https:\\\/\\\/www.rassegnastampa-totustuus.it\\\/cattolica\\\/\",\"logo\":{\"@type\":\"ImageObject\",\"inLanguage\":\"it-IT\",\"@id\":\"https:\\\/\\\/www.rassegnastampa-totustuus.it\\\/cattolica\\\/#\\\/schema\\\/logo\\\/image\\\/\",\"url\":\"https:\\\/\\\/www.rassegnastampa-totustuus.it\\\/cattolica\\\/wp-content\\\/uploads\\\/2014\\\/04\\\/logo-rassegna1.gif\",\"contentUrl\":\"https:\\\/\\\/www.rassegnastampa-totustuus.it\\\/cattolica\\\/wp-content\\\/uploads\\\/2014\\\/04\\\/logo-rassegna1.gif\",\"width\":600,\"height\":163,\"caption\":\"Rassegna Stampa Cattolica\"},\"image\":{\"@id\":\"https:\\\/\\\/www.rassegnastampa-totustuus.it\\\/cattolica\\\/#\\\/schema\\\/logo\\\/image\\\/\"},\"sameAs\":[\"https:\\\/\\\/www.facebook.com\\\/rassegnastampacattolica\",\"https:\\\/\\\/x.com\\\/rassegnastampa9\"]},{\"@type\":\"Person\",\"@id\":\"https:\\\/\\\/www.rassegnastampa-totustuus.it\\\/cattolica\\\/#\\\/schema\\\/person\\\/08f319d2bd1a0904ad9e2bfb7b15e5c3\",\"name\":\"Redazione\",\"image\":{\"@type\":\"ImageObject\",\"inLanguage\":\"it-IT\",\"@id\":\"https:\\\/\\\/secure.gravatar.com\\\/avatar\\\/2fcdf27c78ea025fbdb44e914cc63c72249ffec9dc8aafd5c82b26240ef3f346?s=96&d=mm&r=g\",\"url\":\"https:\\\/\\\/secure.gravatar.com\\\/avatar\\\/2fcdf27c78ea025fbdb44e914cc63c72249ffec9dc8aafd5c82b26240ef3f346?s=96&d=mm&r=g\",\"contentUrl\":\"https:\\\/\\\/secure.gravatar.com\\\/avatar\\\/2fcdf27c78ea025fbdb44e914cc63c72249ffec9dc8aafd5c82b26240ef3f346?s=96&d=mm&r=g\",\"caption\":\"Redazione\"},\"url\":\"https:\\\/\\\/www.rassegnastampa-totustuus.it\\\/cattolica\\\/author\\\/pietroelle\\\/\"}]}<\/script>\n<!-- \/ Yoast SEO plugin. -->","yoast_head_json":{"title":"Uccisi dai ragazzi di Bube - Rassegna Stampa Cattolica","description":"Uccisi dai ragazzi di Bube, in Lunigiana. Il caso dei preti \u00absacchettati\u00bb; mistero di una strage oscura; autori: i partigiani comunisti","robots":{"index":"index","follow":"follow","max-snippet":"max-snippet:-1","max-image-preview":"max-image-preview:large","max-video-preview":"max-video-preview:-1"},"canonical":"https:\/\/www.rassegnastampa-totustuus.it\/cattolica\/uccisi-dai-ragazzi-di-bube\/","og_locale":"it_IT","og_type":"article","og_title":"Uccisi dai ragazzi di Bube - Rassegna Stampa Cattolica","og_description":"Uccisi dai ragazzi di Bube, in Lunigiana. Il caso dei preti \u00absacchettati\u00bb; mistero di una strage oscura; autori: i partigiani comunisti","og_url":"https:\/\/www.rassegnastampa-totustuus.it\/cattolica\/uccisi-dai-ragazzi-di-bube\/","og_site_name":"Rassegna Stampa Cattolica","article_publisher":"https:\/\/www.facebook.com\/rassegnastampacattolica","article_published_time":"2005-01-21T11:33:18+00:00","article_modified_time":"2025-07-08T09:09:52+00:00","og_image":[{"width":220,"height":161,"url":"https:\/\/www.rassegnastampa-totustuus.it\/cattolica\/wp-content\/uploads\/2005\/01\/preti_assassinati.jpg","type":"image\/jpeg"}],"author":"Redazione","twitter_card":"summary_large_image","twitter_creator":"@rassegnastampa9","twitter_site":"@rassegnastampa9","twitter_misc":{"Scritto da":"Redazione","Tempo di lettura stimato":"4 minuti"},"schema":{"@context":"https:\/\/schema.org","@graph":[{"@type":"Article","@id":"https:\/\/www.rassegnastampa-totustuus.it\/cattolica\/uccisi-dai-ragazzi-di-bube\/#article","isPartOf":{"@id":"https:\/\/www.rassegnastampa-totustuus.it\/cattolica\/uccisi-dai-ragazzi-di-bube\/"},"author":{"name":"Redazione","@id":"https:\/\/www.rassegnastampa-totustuus.it\/cattolica\/#\/schema\/person\/08f319d2bd1a0904ad9e2bfb7b15e5c3"},"headline":"Uccisi dai ragazzi di Bube","datePublished":"2005-01-21T11:33:18+00:00","dateModified":"2025-07-08T09:09:52+00:00","mainEntityOfPage":{"@id":"https:\/\/www.rassegnastampa-totustuus.it\/cattolica\/uccisi-dai-ragazzi-di-bube\/"},"wordCount":587,"publisher":{"@id":"https:\/\/www.rassegnastampa-totustuus.it\/cattolica\/#organization"},"image":{"@id":"https:\/\/www.rassegnastampa-totustuus.it\/cattolica\/uccisi-dai-ragazzi-di-bube\/#primaryimage"},"thumbnailUrl":"https:\/\/www.rassegnastampa-totustuus.it\/cattolica\/wp-content\/uploads\/2005\/01\/preti_assassinati.jpg","keywords":["partigiani","sacerdoti"],"articleSection":["Chiesa","Comunismo in Italia","Cristiani perseguitati","Resistenza","Storia italiana"],"inLanguage":"it-IT"},{"@type":"WebPage","@id":"https:\/\/www.rassegnastampa-totustuus.it\/cattolica\/uccisi-dai-ragazzi-di-bube\/","url":"https:\/\/www.rassegnastampa-totustuus.it\/cattolica\/uccisi-dai-ragazzi-di-bube\/","name":"Uccisi dai ragazzi di Bube - Rassegna Stampa Cattolica","isPartOf":{"@id":"https:\/\/www.rassegnastampa-totustuus.it\/cattolica\/#website"},"primaryImageOfPage":{"@id":"https:\/\/www.rassegnastampa-totustuus.it\/cattolica\/uccisi-dai-ragazzi-di-bube\/#primaryimage"},"image":{"@id":"https:\/\/www.rassegnastampa-totustuus.it\/cattolica\/uccisi-dai-ragazzi-di-bube\/#primaryimage"},"thumbnailUrl":"https:\/\/www.rassegnastampa-totustuus.it\/cattolica\/wp-content\/uploads\/2005\/01\/preti_assassinati.jpg","datePublished":"2005-01-21T11:33:18+00:00","dateModified":"2025-07-08T09:09:52+00:00","description":"Uccisi dai ragazzi di Bube, in Lunigiana. Il caso dei preti \u00absacchettati\u00bb; mistero di una strage oscura; autori: i partigiani comunisti","breadcrumb":{"@id":"https:\/\/www.rassegnastampa-totustuus.it\/cattolica\/uccisi-dai-ragazzi-di-bube\/#breadcrumb"},"inLanguage":"it-IT","potentialAction":[{"@type":"ReadAction","target":["https:\/\/www.rassegnastampa-totustuus.it\/cattolica\/uccisi-dai-ragazzi-di-bube\/"]}]},{"@type":"ImageObject","inLanguage":"it-IT","@id":"https:\/\/www.rassegnastampa-totustuus.it\/cattolica\/uccisi-dai-ragazzi-di-bube\/#primaryimage","url":"https:\/\/www.rassegnastampa-totustuus.it\/cattolica\/wp-content\/uploads\/2005\/01\/preti_assassinati.jpg","contentUrl":"https:\/\/www.rassegnastampa-totustuus.it\/cattolica\/wp-content\/uploads\/2005\/01\/preti_assassinati.jpg","width":220,"height":161},{"@type":"BreadcrumbList","@id":"https:\/\/www.rassegnastampa-totustuus.it\/cattolica\/uccisi-dai-ragazzi-di-bube\/#breadcrumb","itemListElement":[{"@type":"ListItem","position":1,"name":"Home","item":"https:\/\/www.rassegnastampa-totustuus.it\/cattolica\/"},{"@type":"ListItem","position":2,"name":"Uccisi dai ragazzi di Bube"}]},{"@type":"WebSite","@id":"https:\/\/www.rassegnastampa-totustuus.it\/cattolica\/#website","url":"https:\/\/www.rassegnastampa-totustuus.it\/cattolica\/","name":"Rassegna Stampa Cattolica","description":"Per una cultura che nasce dalla Rivelazione cristiana in conformit\u00e0 alla tradizione e al Magistero della Chiesa in opposizione ad ogni relativismo e totalitarismo","publisher":{"@id":"https:\/\/www.rassegnastampa-totustuus.it\/cattolica\/#organization"},"alternateName":"Rass. Cattolica","potentialAction":[{"@type":"SearchAction","target":{"@type":"EntryPoint","urlTemplate":"https:\/\/www.rassegnastampa-totustuus.it\/cattolica\/?s={search_term_string}"},"query-input":{"@type":"PropertyValueSpecification","valueRequired":true,"valueName":"search_term_string"}}],"inLanguage":"it-IT"},{"@type":"Organization","@id":"https:\/\/www.rassegnastampa-totustuus.it\/cattolica\/#organization","name":"Rassegna Stampa Cattolica","url":"https:\/\/www.rassegnastampa-totustuus.it\/cattolica\/","logo":{"@type":"ImageObject","inLanguage":"it-IT","@id":"https:\/\/www.rassegnastampa-totustuus.it\/cattolica\/#\/schema\/logo\/image\/","url":"https:\/\/www.rassegnastampa-totustuus.it\/cattolica\/wp-content\/uploads\/2014\/04\/logo-rassegna1.gif","contentUrl":"https:\/\/www.rassegnastampa-totustuus.it\/cattolica\/wp-content\/uploads\/2014\/04\/logo-rassegna1.gif","width":600,"height":163,"caption":"Rassegna Stampa Cattolica"},"image":{"@id":"https:\/\/www.rassegnastampa-totustuus.it\/cattolica\/#\/schema\/logo\/image\/"},"sameAs":["https:\/\/www.facebook.com\/rassegnastampacattolica","https:\/\/x.com\/rassegnastampa9"]},{"@type":"Person","@id":"https:\/\/www.rassegnastampa-totustuus.it\/cattolica\/#\/schema\/person\/08f319d2bd1a0904ad9e2bfb7b15e5c3","name":"Redazione","image":{"@type":"ImageObject","inLanguage":"it-IT","@id":"https:\/\/secure.gravatar.com\/avatar\/2fcdf27c78ea025fbdb44e914cc63c72249ffec9dc8aafd5c82b26240ef3f346?s=96&d=mm&r=g","url":"https:\/\/secure.gravatar.com\/avatar\/2fcdf27c78ea025fbdb44e914cc63c72249ffec9dc8aafd5c82b26240ef3f346?s=96&d=mm&r=g","contentUrl":"https:\/\/secure.gravatar.com\/avatar\/2fcdf27c78ea025fbdb44e914cc63c72249ffec9dc8aafd5c82b26240ef3f346?s=96&d=mm&r=g","caption":"Redazione"},"url":"https:\/\/www.rassegnastampa-totustuus.it\/cattolica\/author\/pietroelle\/"}]}},"_links":{"self":[{"href":"https:\/\/www.rassegnastampa-totustuus.it\/cattolica\/wp-json\/wp\/v2\/posts\/320","targetHints":{"allow":["GET"]}}],"collection":[{"href":"https:\/\/www.rassegnastampa-totustuus.it\/cattolica\/wp-json\/wp\/v2\/posts"}],"about":[{"href":"https:\/\/www.rassegnastampa-totustuus.it\/cattolica\/wp-json\/wp\/v2\/types\/post"}],"author":[{"embeddable":true,"href":"https:\/\/www.rassegnastampa-totustuus.it\/cattolica\/wp-json\/wp\/v2\/users\/6"}],"replies":[{"embeddable":true,"href":"https:\/\/www.rassegnastampa-totustuus.it\/cattolica\/wp-json\/wp\/v2\/comments?post=320"}],"version-history":[{"count":4,"href":"https:\/\/www.rassegnastampa-totustuus.it\/cattolica\/wp-json\/wp\/v2\/posts\/320\/revisions"}],"predecessor-version":[{"id":63042,"href":"https:\/\/www.rassegnastampa-totustuus.it\/cattolica\/wp-json\/wp\/v2\/posts\/320\/revisions\/63042"}],"wp:featuredmedia":[{"embeddable":true,"href":"https:\/\/www.rassegnastampa-totustuus.it\/cattolica\/wp-json\/wp\/v2\/media\/33269"}],"wp:attachment":[{"href":"https:\/\/www.rassegnastampa-totustuus.it\/cattolica\/wp-json\/wp\/v2\/media?parent=320"}],"wp:term":[{"taxonomy":"category","embeddable":true,"href":"https:\/\/www.rassegnastampa-totustuus.it\/cattolica\/wp-json\/wp\/v2\/categories?post=320"},{"taxonomy":"post_tag","embeddable":true,"href":"https:\/\/www.rassegnastampa-totustuus.it\/cattolica\/wp-json\/wp\/v2\/tags?post=320"}],"curies":[{"name":"wp","href":"https:\/\/api.w.org\/{rel}","templated":true}]}}