{"id":32,"date":"2004-10-30T06:00:00","date_gmt":"2004-10-30T04:00:00","guid":{"rendered":""},"modified":"2023-11-26T11:32:49","modified_gmt":"2023-11-26T10:32:49","slug":"urss-ed-ecologia-lo-scempio-dellaral","status":"publish","type":"post","link":"https:\/\/www.rassegnastampa-totustuus.it\/cattolica\/urss-ed-ecologia-lo-scempio-dellaral\/","title":{"rendered":"Urss ed ecologia. Lo scempio dell&#8217;Aral"},"content":{"rendered":"<p style=\"text-align: justify;\"><strong><img loading=\"lazy\" decoding=\"async\" class=\"size-full wp-image-57629 alignleft\" src=\"https:\/\/www.rassegnastampa-totustuus.it\/cattolica\/wp-content\/uploads\/2004\/10\/Aral_Urss_ambiente.jpeg\" alt=\"\" width=\"299\" height=\"186\" \/>Abstract: <\/strong><em>I<span style=\"color: #000000;\"> movimenti &#8220;verdi&#8221; sono schierati a sinistra eppure Chernobyl e il lago Aral dimostrano che in Urss l&#8217;ecologia era l&#8217;ultima delle preoccupazioni . Un tempo il lago Aral era il quarto bacino d&#8217;acqua dolce pi\u00f9 grande della terra, oggi \u00e8 ridotto a poco pi\u00f9 di una pozza d&#8217;acqua, con met\u00e0 della sua superficie originale, e imbottito di agenti chimici<\/span><\/em><\/p>\n<p><!--more--><\/p>\n<p style=\"text-align: center;\">Articolo pubblicato su<b>\u00a0<\/b><strong>Liberal<\/strong><b>\u00a0<\/b>Anno II n.2<\/p>\n<h3 style=\"text-align: center;\">La leggenda dell&#8217;ecologista bolscevico<\/h3>\n<p style=\"text-align: center;\">Perch\u00e9 i verdi ritengono naturale la loro collocazione a sinistra?<\/p>\n<p style=\"text-align: center;\">di<b>\u00a0<\/b><strong>Sergio Ricossa<\/strong><\/p>\n<p style=\"text-align: justify;\"><span style=\"color: #000000;\"><img loading=\"lazy\" decoding=\"async\" class=\"size-full wp-image-30514 alignleft\" src=\"https:\/\/www.rassegnastampa-totustuus.it\/cattolica\/wp-content\/uploads\/2005\/02\/assoc_ambiente.jpg\" alt=\"\" width=\"251\" height=\"201\" \/>Una parte notevole dei nostri guai politici deriva da confusioni linguistiche. Probabilmente sono confusioni volute, perch\u00e9 una esposizione chiara delle idee dei protagonisti dimostrerebbe, nella migliore delle ipotesi, che essi propongono chimere e anzi le stesse chimere (all&#8217;incirca). Poich\u00e9 in regime democratico vi deve essere una contesa \u00ableale\u00bb tra almeno due parti, due squadre tutte vogliose di conquistare il potere, fa comodo distinguere tra \u00abdestra\u00bb e \u00absinistra\u00bb, ma diventa sempre meno essenziale, e sempre pi\u00f9 convenzionale, definire quando si \u00e8 a destra e quando a sinistra. Vi devono essere due pugilatori per dare senso a un match di boxe, ma il colore dei loro calzoncini \u00e8 irrilevante cos\u00ec come la loro posizione sul ring, che d&#8217;altronde cambia di continuo<\/span>.<\/p>\n<p style=\"text-align: justify;\"><span style=\"color: #000000;\">La pi\u00f9 vecchia democrazia del mondo parlava di tory e whig. La pi\u00f9 grande, parla di repubblicani e democratici. Noi parliamo di destra e sinistra per ragioni di vicinanza con la Francia, che adott\u00f2 tale bipartizione secoli fa. Cos\u00ec stando le cose, riesce difficile comprendere perch\u00e9 in Italia a una delle due parti, nella fattispecie la sinistra, si attribuisca a priori dei privilegi, che falsano la gara. \u00c8 ovvio che la sinistra chieda questi privilegi; \u00e8 pi\u00f9 problematico che spesso perfino la destra finisca col concederli o non riesca a evitare il formarsi di una leggenda che li riconosce: una leggenda popolare senza alcun fondamento storico<\/span>.<\/p>\n<p style=\"text-align: justify;\"><span style=\"color: #000000;\"><img loading=\"lazy\" decoding=\"async\" class=\"size-full wp-image-33621 alignright\" src=\"https:\/\/www.rassegnastampa-totustuus.it\/cattolica\/wp-content\/uploads\/2006\/03\/Hitler_Stalin.jpg\" alt=\"\" width=\"215\" height=\"234\" \/>Una conseguenza della leggenda \u00e8 che, per esempio, Hitler (<a href=\"https:\/\/www.rassegnastampa-totustuus.it\/cattolica\/hitler-e-stalin-si-davano-la-mano\/\" target=\"_blank\" rel=\"noopener\"><span style=\"color: #0000ff;\">etichettato di destra<\/span><\/a>) debba essere peggiore di Stalin (etichettato di sinistra). Peggiore in che senso? In tutti i sensi. Per cui chi sia stato nazista o, somma vergogna!, lo sia tuttora deve vergognarsene di fronte all&#8217;umanit\u00e0. Mentre, all&#8217;opposto, chi sia stato comunista possa esserlo tuttora e perfino vantarsene pubblicamente. Eppure \u00abnazista\u00bb, come \u00e8 noto, \u00e8 semplice abbreviazione di \u00abnazionalsocialista\u00bb, ossia dichiarazione di voluta appartenenza alla grande famiglia dei socialisti, che \u00e8 la medesima <span style=\"color: #0000ff;\"><a style=\"color: #0000ff;\" href=\"https:\/\/www.rassegnastampa-totustuus.it\/cattolica\/filo-rosso-da-mosca-a-berlino-hitler-stalin\/\" target=\"_blank\" rel=\"noopener\">famiglia di Stalin,<\/a><\/span> ai suoi bei tempi capo delle repubbliche sovietiche socialiste. Perch\u00e9 il socialismo di Hitler sarebbe abietto, ma glorioso quello di Stalin? Chi ha ammazzato meno? Chi \u00e8 stato pi\u00f9 democratico? Chi ha fatto di pi\u00f9 il bene del suo popolo? Chi ha fatto di pi\u00f9 il male degli altri popoli?<\/span><\/p>\n<p style=\"text-align: justify;\"><span style=\"color: #000000;\">Dimentichiamo la singolarit\u00e0 che i due, Hitler e Stalin, si intesero benissimo quando i loro emissari Molotov e Ribbentrop firmarono l&#8217;infame patto di spartizione della Polonia. Non chiediamoci perch\u00e9 Ribbentrop fu condannato all&#8217;impiccagione dal tribunale di Norimberga e Molotof no. Restiamo in casa nostra, in Italia, la cui storia dovremmo conoscere bene. Perch\u00e9, da noi, quasi tutti sono convinti che Mussolini e il suo fascismo fossero di destra, quando non \u00e8 un mistero che il futuro duce nacque socialista e l&#8217;ex duce mor\u00ec socialista? Certo, Mussolini uccise, o permise l&#8217;uccisone, di socialisti. Proprio come Stalin, che fece fuori una quantit\u00e0 di comunisti, di socialisti e, per buona misura, di anarchici. Come giustificare classificazioni che vanno per la maggiore, sono accettate da politici e storici illustri, ma fanno a pugni con i fatti?<\/span><\/p>\n<p style=\"text-align: justify;\"><span style=\"color: #000000;\"><img loading=\"lazy\" decoding=\"async\" class=\" wp-image-36024 alignleft\" src=\"https:\/\/www.rassegnastampa-totustuus.it\/cattolica\/wp-content\/uploads\/2004\/10\/Lago-Aral.jpg\" alt=\"\" width=\"302\" height=\"223\" \/>Altro enigma. Perch\u00e9 la pur eterogenea massa dei \u00abverdi\u00bb ama allearsi di preferenza con governi democratici di sinistra e con squadristi (un po&#8217; meno democratici) dei \u00abcentri sociali\u00bb, anche pi\u00f9 di sinistra, per sbandierare l&#8217;ecologia? Cosa c&#8217;\u00e8 a sinistra di propizio all&#8217;ecologia? Forse che l&#8217;impero sovietico, purissimanente di sinistra, ebbe cara l&#8217;ecologia e fu un modello per i \u00abverdi\u00bb passati, presenti e futuri? Chi ha dimenticato <span style=\"color: #0000ff;\"><a style=\"color: #0000ff;\" href=\"https:\/\/tg24.sky.it\/mondo\/approfondimenti\/chernobyl-disastro-storia\" target=\"_blank\" rel=\"noopener\">Chernobyl<\/a><\/span>? Chi conosce la storia del Lago d&#8217;Aral?<\/span><\/p>\n<p style=\"text-align: justify;\"><span style=\"color: #000000;\">Leggiamo insieme qualche riga di une storico bene informato, David S. Landes (<a href=\"https:\/\/www.bing.com\/ck\/a?!&amp;&amp;p=8685501b2be902c5JmltdHM9MTcwMDk1NjgwMCZpZ3VpZD0xY2VkZGE5YS0yMTM5LTY4MjAtMmY0Zi1jYjVlMjBkODY5Y2MmaW5zaWQ9NTI0Mw&amp;ptn=3&amp;ver=2&amp;hsh=3&amp;fclid=1cedda9a-2139-6820-2f4f-cb5e20d869cc&amp;psq=La+ricchezza+e+la+povert%c3%a0+delle+nazioni&amp;u=a1aHR0cHM6Ly93d3cuaWJzLml0L3JpY2NoZXp6YS1wb3ZlcnRhLWRlbGxlLW5hemlvbmktcGVyY2hlLWxpYnJvLWRhdmlkLXMtbGFuZGVzL2UvOTc4ODgxMTY3Njg4MQ&amp;ntb=1\" target=\"_blank\" rel=\"noopener\"><span style=\"color: #0000ff;\"><em>La ricchezza e la povert\u00e0 delle nazioni<\/em><\/span><\/a>): \u00abIl Lago d&#8217;Aral, un tempo il quarto bacino d&#8217;acqua dolce pi\u00f9 grande della terra, oggi \u00e8 ridotto a poco pi\u00f9 di una pozza d&#8217;acqua, con met\u00e0 della sua superficie originale, un terzo del suo volume, imbottito di agenti chimici, senza neanche pi\u00f9 un pesce, l&#8217;aria calda e avvelenata. I bambini residenti in quest&#8217;area muoiono giovani, uno su dieci nel primo anno di et\u00e0\u00bb<\/span><\/p>\n<p style=\"text-align: justify;\"><span style=\"color: #000000;\">Il \u00abpopolo di Seattle\u00bb non protest\u00f2 e non protesta per simili crimini. Esso pure, in buona o mala fede, non vede crimini a sinistra, perch\u00e9, per definizione apocrifa, la sinistra \u00e8 la parte umanitaria, pura, dei buoni sentimenti e dei buoni propositi, di cui basta parlare perch\u00e9 si realizzino con certezza. E il \u00abpopolo di Seattle\u00bb parla, urla nei megafoni, tra sventolii di bandiere rosse e roteare di mazze e spranghe contro tutto quanto non \u00e8 infrangibile: dalle vetrine alle teste, in segno di pace. Le leggende vincono la storia e la cronaca.<\/span><\/p>\n","protected":false},"excerpt":{"rendered":"<p>Abstract: I movimenti &#8220;verdi&#8221; sono schierati a sinistra eppure Chernobyl e il lago Aral dimostrano che in Urss l&#8217;ecologia era l&#8217;ultima delle preoccupazioni . Un tempo il lago Aral era il quarto bacino d&#8217;acqua dolce pi\u00f9 grande della terra, oggi \u00e8 ridotto a poco pi\u00f9 di una pozza d&#8217;acqua, con met\u00e0 della sua superficie originale, &hellip; <\/p>\n<p><a class=\"more-link btn\" href=\"https:\/\/www.rassegnastampa-totustuus.it\/cattolica\/urss-ed-ecologia-lo-scempio-dellaral\/\">Continua a leggere<\/a><\/p>\n","protected":false},"author":6,"featured_media":57629,"comment_status":"closed","ping_status":"open","sticky":false,"template":"","format":"standard","meta":{"footnotes":""},"categories":[3],"tags":[2387],"class_list":["post-32","post","type-post","status-publish","format-standard","has-post-thumbnail","hentry","category-ambientalismo","tag-ambientalismo","item-wrap"],"yoast_head":"<!-- This site is optimized with the Yoast SEO plugin v27.5 - https:\/\/yoast.com\/product\/yoast-seo-wordpress\/ -->\n<title>Urss ed ecologia. Lo scempio dell&#039;Aral - Rassegna Stampa Cattolica<\/title>\n<meta name=\"description\" content=\"I &quot;verdi&quot; si collocano a sinistra ma dimenticano che nell&#039;Urss l&#039;ecologia era l&#039;ultimo dei pensieri, come dimostrano Chernobyl e il lago Aral\" \/>\n<meta name=\"robots\" content=\"index, follow, max-snippet:-1, max-image-preview:large, max-video-preview:-1\" \/>\n<link rel=\"canonical\" href=\"https:\/\/www.rassegnastampa-totustuus.it\/cattolica\/urss-ed-ecologia-lo-scempio-dellaral\/\" \/>\n<meta property=\"og:locale\" content=\"it_IT\" \/>\n<meta property=\"og:type\" content=\"article\" \/>\n<meta property=\"og:title\" content=\"Urss ed ecologia. Lo scempio dell&#039;Aral - Rassegna Stampa Cattolica\" \/>\n<meta property=\"og:description\" content=\"I &quot;verdi&quot; si collocano a sinistra ma dimenticano che nell&#039;Urss l&#039;ecologia era l&#039;ultimo dei pensieri, come dimostrano Chernobyl e il lago Aral\" \/>\n<meta property=\"og:url\" content=\"https:\/\/www.rassegnastampa-totustuus.it\/cattolica\/urss-ed-ecologia-lo-scempio-dellaral\/\" \/>\n<meta property=\"og:site_name\" content=\"Rassegna Stampa Cattolica\" \/>\n<meta property=\"article:publisher\" content=\"https:\/\/www.facebook.com\/rassegnastampacattolica\" \/>\n<meta property=\"article:published_time\" content=\"2004-10-30T04:00:00+00:00\" \/>\n<meta property=\"article:modified_time\" content=\"2023-11-26T10:32:49+00:00\" \/>\n<meta property=\"og:image\" content=\"https:\/\/www.rassegnastampa-totustuus.it\/cattolica\/wp-content\/uploads\/2004\/10\/Aral_Urss_ambiente.jpeg\" \/>\n\t<meta property=\"og:image:width\" content=\"299\" \/>\n\t<meta property=\"og:image:height\" content=\"186\" \/>\n\t<meta property=\"og:image:type\" content=\"image\/jpeg\" \/>\n<meta name=\"author\" content=\"Redazione\" \/>\n<meta name=\"twitter:card\" content=\"summary_large_image\" \/>\n<meta name=\"twitter:creator\" content=\"@rassegnastampa9\" \/>\n<meta name=\"twitter:site\" content=\"@rassegnastampa9\" \/>\n<meta name=\"twitter:label1\" content=\"Scritto da\" \/>\n\t<meta name=\"twitter:data1\" content=\"Redazione\" \/>\n\t<meta name=\"twitter:label2\" content=\"Tempo di lettura stimato\" \/>\n\t<meta name=\"twitter:data2\" content=\"6 minuti\" \/>\n<script type=\"application\/ld+json\" class=\"yoast-schema-graph\">{\"@context\":\"https:\\\/\\\/schema.org\",\"@graph\":[{\"@type\":\"Article\",\"@id\":\"https:\\\/\\\/www.rassegnastampa-totustuus.it\\\/cattolica\\\/urss-ed-ecologia-lo-scempio-dellaral\\\/#article\",\"isPartOf\":{\"@id\":\"https:\\\/\\\/www.rassegnastampa-totustuus.it\\\/cattolica\\\/urss-ed-ecologia-lo-scempio-dellaral\\\/\"},\"author\":{\"name\":\"Redazione\",\"@id\":\"https:\\\/\\\/www.rassegnastampa-totustuus.it\\\/cattolica\\\/#\\\/schema\\\/person\\\/08f319d2bd1a0904ad9e2bfb7b15e5c3\"},\"headline\":\"Urss ed ecologia. Lo scempio dell&#8217;Aral\",\"datePublished\":\"2004-10-30T04:00:00+00:00\",\"dateModified\":\"2023-11-26T10:32:49+00:00\",\"mainEntityOfPage\":{\"@id\":\"https:\\\/\\\/www.rassegnastampa-totustuus.it\\\/cattolica\\\/urss-ed-ecologia-lo-scempio-dellaral\\\/\"},\"wordCount\":840,\"publisher\":{\"@id\":\"https:\\\/\\\/www.rassegnastampa-totustuus.it\\\/cattolica\\\/#organization\"},\"image\":{\"@id\":\"https:\\\/\\\/www.rassegnastampa-totustuus.it\\\/cattolica\\\/urss-ed-ecologia-lo-scempio-dellaral\\\/#primaryimage\"},\"thumbnailUrl\":\"https:\\\/\\\/www.rassegnastampa-totustuus.it\\\/cattolica\\\/wp-content\\\/uploads\\\/2004\\\/10\\\/Aral_Urss_ambiente.jpeg\",\"keywords\":[\"Ambientalismo\"],\"articleSection\":[\"Ambientalismo\"],\"inLanguage\":\"it-IT\"},{\"@type\":\"WebPage\",\"@id\":\"https:\\\/\\\/www.rassegnastampa-totustuus.it\\\/cattolica\\\/urss-ed-ecologia-lo-scempio-dellaral\\\/\",\"url\":\"https:\\\/\\\/www.rassegnastampa-totustuus.it\\\/cattolica\\\/urss-ed-ecologia-lo-scempio-dellaral\\\/\",\"name\":\"Urss ed ecologia. Lo scempio dell'Aral - Rassegna Stampa Cattolica\",\"isPartOf\":{\"@id\":\"https:\\\/\\\/www.rassegnastampa-totustuus.it\\\/cattolica\\\/#website\"},\"primaryImageOfPage\":{\"@id\":\"https:\\\/\\\/www.rassegnastampa-totustuus.it\\\/cattolica\\\/urss-ed-ecologia-lo-scempio-dellaral\\\/#primaryimage\"},\"image\":{\"@id\":\"https:\\\/\\\/www.rassegnastampa-totustuus.it\\\/cattolica\\\/urss-ed-ecologia-lo-scempio-dellaral\\\/#primaryimage\"},\"thumbnailUrl\":\"https:\\\/\\\/www.rassegnastampa-totustuus.it\\\/cattolica\\\/wp-content\\\/uploads\\\/2004\\\/10\\\/Aral_Urss_ambiente.jpeg\",\"datePublished\":\"2004-10-30T04:00:00+00:00\",\"dateModified\":\"2023-11-26T10:32:49+00:00\",\"description\":\"I \\\"verdi\\\" si collocano a sinistra ma dimenticano che nell'Urss l'ecologia era l'ultimo dei pensieri, come dimostrano Chernobyl e il lago Aral\",\"breadcrumb\":{\"@id\":\"https:\\\/\\\/www.rassegnastampa-totustuus.it\\\/cattolica\\\/urss-ed-ecologia-lo-scempio-dellaral\\\/#breadcrumb\"},\"inLanguage\":\"it-IT\",\"potentialAction\":[{\"@type\":\"ReadAction\",\"target\":[\"https:\\\/\\\/www.rassegnastampa-totustuus.it\\\/cattolica\\\/urss-ed-ecologia-lo-scempio-dellaral\\\/\"]}]},{\"@type\":\"ImageObject\",\"inLanguage\":\"it-IT\",\"@id\":\"https:\\\/\\\/www.rassegnastampa-totustuus.it\\\/cattolica\\\/urss-ed-ecologia-lo-scempio-dellaral\\\/#primaryimage\",\"url\":\"https:\\\/\\\/www.rassegnastampa-totustuus.it\\\/cattolica\\\/wp-content\\\/uploads\\\/2004\\\/10\\\/Aral_Urss_ambiente.jpeg\",\"contentUrl\":\"https:\\\/\\\/www.rassegnastampa-totustuus.it\\\/cattolica\\\/wp-content\\\/uploads\\\/2004\\\/10\\\/Aral_Urss_ambiente.jpeg\",\"width\":299,\"height\":186},{\"@type\":\"BreadcrumbList\",\"@id\":\"https:\\\/\\\/www.rassegnastampa-totustuus.it\\\/cattolica\\\/urss-ed-ecologia-lo-scempio-dellaral\\\/#breadcrumb\",\"itemListElement\":[{\"@type\":\"ListItem\",\"position\":1,\"name\":\"Home\",\"item\":\"https:\\\/\\\/www.rassegnastampa-totustuus.it\\\/cattolica\\\/\"},{\"@type\":\"ListItem\",\"position\":2,\"name\":\"Urss ed ecologia. Lo scempio dell&#8217;Aral\"}]},{\"@type\":\"WebSite\",\"@id\":\"https:\\\/\\\/www.rassegnastampa-totustuus.it\\\/cattolica\\\/#website\",\"url\":\"https:\\\/\\\/www.rassegnastampa-totustuus.it\\\/cattolica\\\/\",\"name\":\"Rassegna Stampa Cattolica\",\"description\":\"Per una cultura che nasce dalla Rivelazione cristiana in conformit\u00e0 alla tradizione e al Magistero della Chiesa in opposizione ad ogni relativismo e totalitarismo\",\"publisher\":{\"@id\":\"https:\\\/\\\/www.rassegnastampa-totustuus.it\\\/cattolica\\\/#organization\"},\"alternateName\":\"Rass. Cattolica\",\"potentialAction\":[{\"@type\":\"SearchAction\",\"target\":{\"@type\":\"EntryPoint\",\"urlTemplate\":\"https:\\\/\\\/www.rassegnastampa-totustuus.it\\\/cattolica\\\/?s={search_term_string}\"},\"query-input\":{\"@type\":\"PropertyValueSpecification\",\"valueRequired\":true,\"valueName\":\"search_term_string\"}}],\"inLanguage\":\"it-IT\"},{\"@type\":\"Organization\",\"@id\":\"https:\\\/\\\/www.rassegnastampa-totustuus.it\\\/cattolica\\\/#organization\",\"name\":\"Rassegna Stampa Cattolica\",\"url\":\"https:\\\/\\\/www.rassegnastampa-totustuus.it\\\/cattolica\\\/\",\"logo\":{\"@type\":\"ImageObject\",\"inLanguage\":\"it-IT\",\"@id\":\"https:\\\/\\\/www.rassegnastampa-totustuus.it\\\/cattolica\\\/#\\\/schema\\\/logo\\\/image\\\/\",\"url\":\"https:\\\/\\\/www.rassegnastampa-totustuus.it\\\/cattolica\\\/wp-content\\\/uploads\\\/2014\\\/04\\\/logo-rassegna1.gif\",\"contentUrl\":\"https:\\\/\\\/www.rassegnastampa-totustuus.it\\\/cattolica\\\/wp-content\\\/uploads\\\/2014\\\/04\\\/logo-rassegna1.gif\",\"width\":600,\"height\":163,\"caption\":\"Rassegna Stampa Cattolica\"},\"image\":{\"@id\":\"https:\\\/\\\/www.rassegnastampa-totustuus.it\\\/cattolica\\\/#\\\/schema\\\/logo\\\/image\\\/\"},\"sameAs\":[\"https:\\\/\\\/www.facebook.com\\\/rassegnastampacattolica\",\"https:\\\/\\\/x.com\\\/rassegnastampa9\"]},{\"@type\":\"Person\",\"@id\":\"https:\\\/\\\/www.rassegnastampa-totustuus.it\\\/cattolica\\\/#\\\/schema\\\/person\\\/08f319d2bd1a0904ad9e2bfb7b15e5c3\",\"name\":\"Redazione\",\"image\":{\"@type\":\"ImageObject\",\"inLanguage\":\"it-IT\",\"@id\":\"https:\\\/\\\/secure.gravatar.com\\\/avatar\\\/2fcdf27c78ea025fbdb44e914cc63c72249ffec9dc8aafd5c82b26240ef3f346?s=96&d=mm&r=g\",\"url\":\"https:\\\/\\\/secure.gravatar.com\\\/avatar\\\/2fcdf27c78ea025fbdb44e914cc63c72249ffec9dc8aafd5c82b26240ef3f346?s=96&d=mm&r=g\",\"contentUrl\":\"https:\\\/\\\/secure.gravatar.com\\\/avatar\\\/2fcdf27c78ea025fbdb44e914cc63c72249ffec9dc8aafd5c82b26240ef3f346?s=96&d=mm&r=g\",\"caption\":\"Redazione\"},\"url\":\"https:\\\/\\\/www.rassegnastampa-totustuus.it\\\/cattolica\\\/author\\\/pietroelle\\\/\"}]}<\/script>\n<!-- \/ Yoast SEO plugin. -->","yoast_head_json":{"title":"Urss ed ecologia. Lo scempio dell'Aral - Rassegna Stampa Cattolica","description":"I \"verdi\" si collocano a sinistra ma dimenticano che nell'Urss l'ecologia era l'ultimo dei pensieri, come dimostrano Chernobyl e il lago Aral","robots":{"index":"index","follow":"follow","max-snippet":"max-snippet:-1","max-image-preview":"max-image-preview:large","max-video-preview":"max-video-preview:-1"},"canonical":"https:\/\/www.rassegnastampa-totustuus.it\/cattolica\/urss-ed-ecologia-lo-scempio-dellaral\/","og_locale":"it_IT","og_type":"article","og_title":"Urss ed ecologia. Lo scempio dell'Aral - Rassegna Stampa Cattolica","og_description":"I \"verdi\" si collocano a sinistra ma dimenticano che nell'Urss l'ecologia era l'ultimo dei pensieri, come dimostrano Chernobyl e il lago Aral","og_url":"https:\/\/www.rassegnastampa-totustuus.it\/cattolica\/urss-ed-ecologia-lo-scempio-dellaral\/","og_site_name":"Rassegna Stampa Cattolica","article_publisher":"https:\/\/www.facebook.com\/rassegnastampacattolica","article_published_time":"2004-10-30T04:00:00+00:00","article_modified_time":"2023-11-26T10:32:49+00:00","og_image":[{"width":299,"height":186,"url":"https:\/\/www.rassegnastampa-totustuus.it\/cattolica\/wp-content\/uploads\/2004\/10\/Aral_Urss_ambiente.jpeg","type":"image\/jpeg"}],"author":"Redazione","twitter_card":"summary_large_image","twitter_creator":"@rassegnastampa9","twitter_site":"@rassegnastampa9","twitter_misc":{"Scritto da":"Redazione","Tempo di lettura stimato":"6 minuti"},"schema":{"@context":"https:\/\/schema.org","@graph":[{"@type":"Article","@id":"https:\/\/www.rassegnastampa-totustuus.it\/cattolica\/urss-ed-ecologia-lo-scempio-dellaral\/#article","isPartOf":{"@id":"https:\/\/www.rassegnastampa-totustuus.it\/cattolica\/urss-ed-ecologia-lo-scempio-dellaral\/"},"author":{"name":"Redazione","@id":"https:\/\/www.rassegnastampa-totustuus.it\/cattolica\/#\/schema\/person\/08f319d2bd1a0904ad9e2bfb7b15e5c3"},"headline":"Urss ed ecologia. Lo scempio dell&#8217;Aral","datePublished":"2004-10-30T04:00:00+00:00","dateModified":"2023-11-26T10:32:49+00:00","mainEntityOfPage":{"@id":"https:\/\/www.rassegnastampa-totustuus.it\/cattolica\/urss-ed-ecologia-lo-scempio-dellaral\/"},"wordCount":840,"publisher":{"@id":"https:\/\/www.rassegnastampa-totustuus.it\/cattolica\/#organization"},"image":{"@id":"https:\/\/www.rassegnastampa-totustuus.it\/cattolica\/urss-ed-ecologia-lo-scempio-dellaral\/#primaryimage"},"thumbnailUrl":"https:\/\/www.rassegnastampa-totustuus.it\/cattolica\/wp-content\/uploads\/2004\/10\/Aral_Urss_ambiente.jpeg","keywords":["Ambientalismo"],"articleSection":["Ambientalismo"],"inLanguage":"it-IT"},{"@type":"WebPage","@id":"https:\/\/www.rassegnastampa-totustuus.it\/cattolica\/urss-ed-ecologia-lo-scempio-dellaral\/","url":"https:\/\/www.rassegnastampa-totustuus.it\/cattolica\/urss-ed-ecologia-lo-scempio-dellaral\/","name":"Urss ed ecologia. Lo scempio dell'Aral - Rassegna Stampa Cattolica","isPartOf":{"@id":"https:\/\/www.rassegnastampa-totustuus.it\/cattolica\/#website"},"primaryImageOfPage":{"@id":"https:\/\/www.rassegnastampa-totustuus.it\/cattolica\/urss-ed-ecologia-lo-scempio-dellaral\/#primaryimage"},"image":{"@id":"https:\/\/www.rassegnastampa-totustuus.it\/cattolica\/urss-ed-ecologia-lo-scempio-dellaral\/#primaryimage"},"thumbnailUrl":"https:\/\/www.rassegnastampa-totustuus.it\/cattolica\/wp-content\/uploads\/2004\/10\/Aral_Urss_ambiente.jpeg","datePublished":"2004-10-30T04:00:00+00:00","dateModified":"2023-11-26T10:32:49+00:00","description":"I \"verdi\" si collocano a sinistra ma dimenticano che nell'Urss l'ecologia era l'ultimo dei pensieri, come dimostrano Chernobyl e il lago Aral","breadcrumb":{"@id":"https:\/\/www.rassegnastampa-totustuus.it\/cattolica\/urss-ed-ecologia-lo-scempio-dellaral\/#breadcrumb"},"inLanguage":"it-IT","potentialAction":[{"@type":"ReadAction","target":["https:\/\/www.rassegnastampa-totustuus.it\/cattolica\/urss-ed-ecologia-lo-scempio-dellaral\/"]}]},{"@type":"ImageObject","inLanguage":"it-IT","@id":"https:\/\/www.rassegnastampa-totustuus.it\/cattolica\/urss-ed-ecologia-lo-scempio-dellaral\/#primaryimage","url":"https:\/\/www.rassegnastampa-totustuus.it\/cattolica\/wp-content\/uploads\/2004\/10\/Aral_Urss_ambiente.jpeg","contentUrl":"https:\/\/www.rassegnastampa-totustuus.it\/cattolica\/wp-content\/uploads\/2004\/10\/Aral_Urss_ambiente.jpeg","width":299,"height":186},{"@type":"BreadcrumbList","@id":"https:\/\/www.rassegnastampa-totustuus.it\/cattolica\/urss-ed-ecologia-lo-scempio-dellaral\/#breadcrumb","itemListElement":[{"@type":"ListItem","position":1,"name":"Home","item":"https:\/\/www.rassegnastampa-totustuus.it\/cattolica\/"},{"@type":"ListItem","position":2,"name":"Urss ed ecologia. Lo scempio dell&#8217;Aral"}]},{"@type":"WebSite","@id":"https:\/\/www.rassegnastampa-totustuus.it\/cattolica\/#website","url":"https:\/\/www.rassegnastampa-totustuus.it\/cattolica\/","name":"Rassegna Stampa Cattolica","description":"Per una cultura che nasce dalla Rivelazione cristiana in conformit\u00e0 alla tradizione e al Magistero della Chiesa in opposizione ad ogni relativismo e totalitarismo","publisher":{"@id":"https:\/\/www.rassegnastampa-totustuus.it\/cattolica\/#organization"},"alternateName":"Rass. Cattolica","potentialAction":[{"@type":"SearchAction","target":{"@type":"EntryPoint","urlTemplate":"https:\/\/www.rassegnastampa-totustuus.it\/cattolica\/?s={search_term_string}"},"query-input":{"@type":"PropertyValueSpecification","valueRequired":true,"valueName":"search_term_string"}}],"inLanguage":"it-IT"},{"@type":"Organization","@id":"https:\/\/www.rassegnastampa-totustuus.it\/cattolica\/#organization","name":"Rassegna Stampa Cattolica","url":"https:\/\/www.rassegnastampa-totustuus.it\/cattolica\/","logo":{"@type":"ImageObject","inLanguage":"it-IT","@id":"https:\/\/www.rassegnastampa-totustuus.it\/cattolica\/#\/schema\/logo\/image\/","url":"https:\/\/www.rassegnastampa-totustuus.it\/cattolica\/wp-content\/uploads\/2014\/04\/logo-rassegna1.gif","contentUrl":"https:\/\/www.rassegnastampa-totustuus.it\/cattolica\/wp-content\/uploads\/2014\/04\/logo-rassegna1.gif","width":600,"height":163,"caption":"Rassegna Stampa Cattolica"},"image":{"@id":"https:\/\/www.rassegnastampa-totustuus.it\/cattolica\/#\/schema\/logo\/image\/"},"sameAs":["https:\/\/www.facebook.com\/rassegnastampacattolica","https:\/\/x.com\/rassegnastampa9"]},{"@type":"Person","@id":"https:\/\/www.rassegnastampa-totustuus.it\/cattolica\/#\/schema\/person\/08f319d2bd1a0904ad9e2bfb7b15e5c3","name":"Redazione","image":{"@type":"ImageObject","inLanguage":"it-IT","@id":"https:\/\/secure.gravatar.com\/avatar\/2fcdf27c78ea025fbdb44e914cc63c72249ffec9dc8aafd5c82b26240ef3f346?s=96&d=mm&r=g","url":"https:\/\/secure.gravatar.com\/avatar\/2fcdf27c78ea025fbdb44e914cc63c72249ffec9dc8aafd5c82b26240ef3f346?s=96&d=mm&r=g","contentUrl":"https:\/\/secure.gravatar.com\/avatar\/2fcdf27c78ea025fbdb44e914cc63c72249ffec9dc8aafd5c82b26240ef3f346?s=96&d=mm&r=g","caption":"Redazione"},"url":"https:\/\/www.rassegnastampa-totustuus.it\/cattolica\/author\/pietroelle\/"}]}},"_links":{"self":[{"href":"https:\/\/www.rassegnastampa-totustuus.it\/cattolica\/wp-json\/wp\/v2\/posts\/32","targetHints":{"allow":["GET"]}}],"collection":[{"href":"https:\/\/www.rassegnastampa-totustuus.it\/cattolica\/wp-json\/wp\/v2\/posts"}],"about":[{"href":"https:\/\/www.rassegnastampa-totustuus.it\/cattolica\/wp-json\/wp\/v2\/types\/post"}],"author":[{"embeddable":true,"href":"https:\/\/www.rassegnastampa-totustuus.it\/cattolica\/wp-json\/wp\/v2\/users\/6"}],"replies":[{"embeddable":true,"href":"https:\/\/www.rassegnastampa-totustuus.it\/cattolica\/wp-json\/wp\/v2\/comments?post=32"}],"version-history":[{"count":6,"href":"https:\/\/www.rassegnastampa-totustuus.it\/cattolica\/wp-json\/wp\/v2\/posts\/32\/revisions"}],"predecessor-version":[{"id":57632,"href":"https:\/\/www.rassegnastampa-totustuus.it\/cattolica\/wp-json\/wp\/v2\/posts\/32\/revisions\/57632"}],"wp:featuredmedia":[{"embeddable":true,"href":"https:\/\/www.rassegnastampa-totustuus.it\/cattolica\/wp-json\/wp\/v2\/media\/57629"}],"wp:attachment":[{"href":"https:\/\/www.rassegnastampa-totustuus.it\/cattolica\/wp-json\/wp\/v2\/media?parent=32"}],"wp:term":[{"taxonomy":"category","embeddable":true,"href":"https:\/\/www.rassegnastampa-totustuus.it\/cattolica\/wp-json\/wp\/v2\/categories?post=32"},{"taxonomy":"post_tag","embeddable":true,"href":"https:\/\/www.rassegnastampa-totustuus.it\/cattolica\/wp-json\/wp\/v2\/tags?post=32"}],"curies":[{"name":"wp","href":"https:\/\/api.w.org\/{rel}","templated":true}]}}