{"id":31943,"date":"2016-03-24T00:00:15","date_gmt":"2016-03-23T23:00:15","guid":{"rendered":"http:\/\/www.rassegnastampa-totustuus.it\/cattolica\/?p=31943"},"modified":"2016-03-18T12:45:20","modified_gmt":"2016-03-18T11:45:20","slug":"i-bimbi-sono-soggetti-non-oggetti-di-diritti","status":"publish","type":"post","link":"https:\/\/www.rassegnastampa-totustuus.it\/cattolica\/i-bimbi-sono-soggetti-non-oggetti-di-diritti\/","title":{"rendered":"I bimbi sono soggetti non oggetti di diritti"},"content":{"rendered":"<p style=\"text-align: center;\"><strong><img loading=\"lazy\" decoding=\"async\" class=\"alignleft wp-image-31944\" src=\"https:\/\/www.rassegnastampa-totustuus.it\/cattolica\/wp-content\/uploads\/2016\/03\/adozioni.jpg\" alt=\"adozioni\" width=\"250\" height=\"140\" \/>Corriere Della Sera <\/strong>16 marzo 2016<\/p>\n<p style=\"text-align: justify;\"><em>Conosco gay che sono ottimi genitori di piccoli avuti da una madre e non da un utero in affitto. Ma un figlio nasce da un uomo e una donna e la sua maturazione \u00e8 arricchita dalla diversit\u00e0 di queste figure<\/em><\/p>\n<p style=\"text-align: center;\">di <strong>Claudio Magris<\/strong><\/p>\n<p style=\"text-align: justify;\"><!--more--><\/p>\n<p style=\"text-align: justify;\">Pu\u00f2 ogni desiderio (escludendo beninteso quelli criminosi) costituire un diritto? Una delle pochissime persone che hanno affrontato questa domanda con rigore, chiarezza e umanit\u00e0 \u00e8 stato Giuseppe Vacca, presidente dell&#8217;Istituto Gramsci. Come V\u00e0cca, pure Mario Tronti, senatore del Pd e, cosa ben pi\u00f9 importante, leader e forte testa pensante dell&#8217;operaismo italiano degli anni Settanta, riconoscendo tutti i diritti alle coppie omosessuali (assistenza, eredit\u00e0, convertibilit\u00e0 delle pensioni e cos\u00ec via), ha espresso forti riserve sulle adozioni gay, tanto da sottoscrivere il documento contrario a quest&#8217;ultime.<\/p>\n<p style=\"text-align: justify;\">Non \u00e8 un caso che tali chiare e sofferte prese di posizione vengano da figure di rilievo della cultura marxista, formate da un pensiero forte capace di affrontare la drammaticit\u00e0 del reale e la difficolt\u00e0 e necessit\u00e0 delle scelte. L&#8217;odierna e dominante \u00absociet\u00e0 liquida\u00bb (come l&#8217;ha chiamata Bauman) miscela invece ogni problema e ogni presa di posizione in una melassa sdolcinata e tirannica, in un conformismo che ammette tutto e il contrario di tutto.<\/p>\n<p style=\"text-align: justify;\">Tranne ci\u00f2 che contesta il suo nichilismo giulivo e totalitario. Il diritto \u2014 ricordava di recente sul Piccolo un autorevole costituzionalista, Sergio Battole \u2014 tutela l&#8217;individuo ma anche la societ\u00e0 e non pu\u00f2 disinteressarsi delle ricadute di una legge sull&#8217;antropologia civile ossia sui fondamenti che tengono insieme una comunit\u00e0 e una societ\u00e0. Uno dei primissimi a capire la trasformazione delle autentiche e umane visioni del mondo in un indistinto titillamento pulsionale \u00e8 stato Pasolini, quando scriveva sull&#8217;aborto o quando diceva che il voto per il divorzio era un voto giusto \u2014 anche lui aveva votato a favore del divorzio \u2014 che tuttavia molti avevano dato per ragioni sbagliate. La maggioranza aveva votato come lui, ma egli non poteva riconoscersi in essa, perch\u00e9 lui aveva votato per il divorzio quale rimedio a situazioni dolorose e bloccate, quale possibilit\u00e0 di ricomporre esistenze inceppate.<\/p>\n<p style=\"text-align: justify;\">Rimedio ovvero eccezione che non negava i valori e sentimenti della famiglia n\u00e9 la funzione formatrice della sua unit\u00e0. Quella maggioranza che aveva votato come lui gli riusciva odiosa, espressione di un relativismo nichilista che riduce tutto, anche sentimenti e valori, a merce di scambio e tende sempre pi\u00f9 a dissolvere ogni unit\u00e0 forte di vita e di pensiero. Lo si constata sempre pi\u00f9 in ogni settore, dalla politica alla cultura alla vita privala. \u00c8 il trionfo del consumo, denuncialo da Pasolini; del consumo che esorbita dal suo ambito \u2014 il consumo e la possibilit\u00e0 di accedervi sono ovviamente una fondamentale condizione di vita dignitosa e godibile \u2014 per inglobare ogni aspetto della realt\u00e0 e dell&#8217;esistenza.<\/p>\n<p style=\"text-align: justify;\">\u00abIl riconoscimento per legge del desiderio individuale quale fonte della libert\u00e0 e del diritto\u00bb \u2014 ha detto Giuseppe Vacca \u2014 crea inevitabilmente frammentazione e atomizzazione in ogni campo. Non a caso nascono molte nuove e spesso effimere formazioni politiche sorte dall&#8217;impulso a scindersi, alla prima divergenza, da una precedente aggregazione con la cui linea prevalente non si concorda. Molti anni fa, in uno dei suoi geniali saggi, lealt\u00e0, defezione e <em>protes<\/em><em>ta<\/em>, Albert Hirschman analizzava le diverse possibilit\u00e0, reazioni e soluzioni che possono verificarsi quando all&#8217;interno di una compagine (collettiva o personale, partilo politico, chiesa, matrimonio o unione di fatto) sorgono delle controversie.<\/p>\n<p style=\"text-align: justify;\">Se i contrasti, anche chiariti duramente e mai del tutto superati, risultano compatibili, l&#8217;unione persiste: i coniugi non divorziano, i compagni non si lasciano, i dissidenti non escono dal partito o dalla chiesa. Se i contrasti si rivelano \u2014 per ragioni oggettive o per la psicologia dei contendenti \u2014 inconciliabili, l&#8217;unit\u00e0 viene intaccata: secessione dal partito, micro scisma della chiesa quello di Lefebvre, separazione dei partener. Il distacco pu\u00f2 avvenire nel rispetto e nella persistenza di un legame affettivo oppure nello scontro violento, in cui l&#8217;originario legame si trasforma in feroce avversione.<\/p>\n<p style=\"text-align: justify;\">Se quel legame, di qualsiasi genere, era stato autentico, la sua rottura non dovrebbe avvenire senza responsabili tentativi di sanare le ferite. Si assiste invece a una continua accelerazione dei processi dissolutivi, uscite, rientri e nuove uscite da gruppi politici e proliferazione di questi ultimi, tempi sempre pi\u00f9 abbreviati per lo scioglimento delle unit\u00e0 famigliari e affettive, eterno amore che finisce alla prima lite per la scelta delle vacanze. Se acquisto uno shampoo e non ne sono soddisfatto, posso sostituirlo immediatamente, ma dovrebbe essere diverso se il distacco avviene da una persona un tempo cara, da un partito o da una chiesa in cui ci si era riconosciuti.<\/p>\n<p style=\"text-align: justify;\">Invece la velocit\u00e0 delle conversioni o delle apostasie \u00e8 invece sempre pi\u00f9 alta, non si riesce pi\u00f9 a seguire chi ha fondato un nuovo partito o una nuova corrente perch\u00e9 questi sono gi\u00e0 riconfluiti in un altro alveo, cos\u00ec come non si riesce a star dietro a chi si separa da chi per mettersi con chi nelle riviste illustrate che si leggono dal parrucchiere.<\/p>\n<p style=\"text-align: justify;\">Diritti e desideri. Ogni desiderio, se \u00e8 forte, chiede, esige di essere appagato, e in questa tensione, qualsiasi sia il desiderio, ce uno struggimento, una nostalgia dolorosa che sono parte essenziale della nostra persona. Possono tutti essere riconosciuti per legge? Anche l&#8217;incesto pu\u00f2 essere brutale violenza ma anche passione umana, come ci hanno raccontato tante umanissime storie di vita vissuta e tanta grande letteratura. In Svezia, anni fa, un fratello e una sorella avevano chiesto di sposarsi, cosa che non fu loro concessa e non credo solo per timori eugenetici, che potrebbero comunque venire in vari modi aggirati.<\/p>\n<p style=\"text-align: justify;\">Freud (per tali ragioni pure duramente attaccato) ci ha insegnato che con la sublimazione di certi desideri, a esempio ma non solo quelli edipici, con la loro trasformazione in un&#8217;altra forma di amore, ha inizio la civilt\u00e0. \u00c8 una sciagura sublimare troppo, ma lo \u00e8 anche non sublimare nulla. Si \u00e8 visto nella famiglia tradizionale un nucleo dell&#8217;antropologia civile. La famiglia tradizionale pu\u00f2 essere e molte volte \u00e8 stata anche violenta, soffocante e nemica del libero sviluppo della persona. \u00c8 ovvio che persone capaci di intelligente e attento amore possano far crescere un bambino meglio di genitori carnali incoscienti e snaturati o anche solo ottusamente incapaci di intelligente amore.<\/p>\n<p style=\"text-align: justify;\">L&#8217;amore omosessuale pu\u00f2 essere elevato o turpe al pari di quello eterosessuale. Basta aver letto il <em>Grande Sertao<\/em> di Guimar\u00e0es Rosa per sapere e capire che ci si innamora non di un sesso, ma di una persona. Ma gli antichi Greci celebravano l&#8217;amore omosessuale per il suo rapporto anche spiritualmente diverso con la generazione, con la radice duale dell&#8217;umanit\u00e0.<\/p>\n<p style=\"text-align: justify;\">Ho conosciuto e conosco omosessuali bravi genitori del loro figlio \u2014 avuto da una donna, non da un utero affittato. In ogni caso, il protagonista non \u00e8 il desiderio della coppia n\u00e9 omo n\u00e9 eterosessuale, bens\u00ec il bambino, che comunque nasce da un uomo e da una donna e la cui maturazione \u00e8 verosimilmente arricchita dalla crescita non necessariamente con i genitori naturali ma con un uomo e una donna, espressione per eccellenza di quella diversit\u00e0 (culturale, nazionale, sessuale, etnica, religiosa e cos\u00ec via) che \u00e8 di per s\u00e9 pi\u00f9 creativa e formativa di ogni identit\u00e0 a senso unico.<\/p>\n<p style=\"text-align: justify;\">Il bambino, ha scritto su Facebook Vannino Chiti, \u00ab\u00e8 soggetto di diritti, non un mero oggetto di desideri\u00bb<\/p>\n","protected":false},"excerpt":{"rendered":"<p>Corriere Della Sera 16 marzo 2016 Conosco gay che sono ottimi genitori di piccoli avuti da una madre e non da un utero in affitto. Ma un figlio nasce da un uomo e una donna e la sua maturazione \u00e8 arricchita dalla diversit\u00e0 di queste figure di Claudio Magris<\/p><p><a class=\"more-link btn\" href=\"https:\/\/www.rassegnastampa-totustuus.it\/cattolica\/i-bimbi-sono-soggetti-non-oggetti-di-diritti\/\">Continua a leggere<\/a><\/p>\n","protected":false},"author":6,"featured_media":31944,"comment_status":"closed","ping_status":"closed","sticky":false,"template":"","format":"standard","meta":{"footnotes":""},"categories":[7],"tags":[602,2112,2384,1247],"class_list":["post-31943","post","type-post","status-publish","format-standard","has-post-thumbnail","hentry","category-costume","tag-adozioni-gay","tag-desiderio-di-dio","tag-diritti","tag-nuovi-diritti","item-wrap"],"yoast_head":"<!-- This site is optimized with the Yoast SEO plugin v27.5 - https:\/\/yoast.com\/product\/yoast-seo-wordpress\/ -->\n<title>I bimbi sono soggetti non oggetti di diritti - Rassegna Stampa Cattolica<\/title>\n<meta name=\"description\" content=\"Rassegna Stampa Cattolica - Per una cultura che nasce dalla Rivelazione cristiana in conformit\u00e0 alla tradizione e al Magistero della Chiesa in opposizione ad ogni relativismo e totalitarismo\" \/>\n<meta name=\"robots\" content=\"index, follow, max-snippet:-1, max-image-preview:large, max-video-preview:-1\" \/>\n<link rel=\"canonical\" href=\"https:\/\/www.rassegnastampa-totustuus.it\/cattolica\/i-bimbi-sono-soggetti-non-oggetti-di-diritti\/\" \/>\n<meta property=\"og:locale\" content=\"it_IT\" \/>\n<meta property=\"og:type\" content=\"article\" \/>\n<meta property=\"og:title\" content=\"I bimbi sono soggetti non oggetti di diritti - Rassegna Stampa Cattolica\" \/>\n<meta property=\"og:description\" content=\"Rassegna Stampa Cattolica - Per una cultura che nasce dalla Rivelazione cristiana in conformit\u00e0 alla tradizione e al Magistero della Chiesa in opposizione ad ogni relativismo e totalitarismo\" \/>\n<meta property=\"og:url\" content=\"https:\/\/www.rassegnastampa-totustuus.it\/cattolica\/i-bimbi-sono-soggetti-non-oggetti-di-diritti\/\" \/>\n<meta property=\"og:site_name\" content=\"Rassegna Stampa Cattolica\" \/>\n<meta property=\"article:publisher\" content=\"https:\/\/www.facebook.com\/rassegnastampacattolica\" \/>\n<meta property=\"article:published_time\" content=\"2016-03-23T23:00:15+00:00\" \/>\n<meta property=\"og:image\" content=\"https:\/\/www.rassegnastampa-totustuus.it\/cattolica\/wp-content\/uploads\/2016\/03\/adozioni.jpg\" \/>\n\t<meta property=\"og:image:width\" content=\"300\" \/>\n\t<meta property=\"og:image:height\" content=\"168\" \/>\n\t<meta property=\"og:image:type\" content=\"image\/jpeg\" \/>\n<meta name=\"author\" content=\"Redazione\" \/>\n<meta name=\"twitter:card\" content=\"summary_large_image\" \/>\n<meta name=\"twitter:creator\" content=\"@rassegnastampa9\" \/>\n<meta name=\"twitter:site\" content=\"@rassegnastampa9\" \/>\n<meta name=\"twitter:label1\" content=\"Scritto da\" \/>\n\t<meta name=\"twitter:data1\" content=\"Redazione\" \/>\n\t<meta name=\"twitter:label2\" content=\"Tempo di lettura stimato\" \/>\n\t<meta name=\"twitter:data2\" content=\"6 minuti\" \/>\n<script type=\"application\/ld+json\" class=\"yoast-schema-graph\">{\"@context\":\"https:\\\/\\\/schema.org\",\"@graph\":[{\"@type\":\"Article\",\"@id\":\"https:\\\/\\\/www.rassegnastampa-totustuus.it\\\/cattolica\\\/i-bimbi-sono-soggetti-non-oggetti-di-diritti\\\/#article\",\"isPartOf\":{\"@id\":\"https:\\\/\\\/www.rassegnastampa-totustuus.it\\\/cattolica\\\/i-bimbi-sono-soggetti-non-oggetti-di-diritti\\\/\"},\"author\":{\"name\":\"Redazione\",\"@id\":\"https:\\\/\\\/www.rassegnastampa-totustuus.it\\\/cattolica\\\/#\\\/schema\\\/person\\\/08f319d2bd1a0904ad9e2bfb7b15e5c3\"},\"headline\":\"I bimbi sono soggetti non oggetti di diritti\",\"datePublished\":\"2016-03-23T23:00:15+00:00\",\"mainEntityOfPage\":{\"@id\":\"https:\\\/\\\/www.rassegnastampa-totustuus.it\\\/cattolica\\\/i-bimbi-sono-soggetti-non-oggetti-di-diritti\\\/\"},\"wordCount\":1215,\"publisher\":{\"@id\":\"https:\\\/\\\/www.rassegnastampa-totustuus.it\\\/cattolica\\\/#organization\"},\"image\":{\"@id\":\"https:\\\/\\\/www.rassegnastampa-totustuus.it\\\/cattolica\\\/i-bimbi-sono-soggetti-non-oggetti-di-diritti\\\/#primaryimage\"},\"thumbnailUrl\":\"https:\\\/\\\/www.rassegnastampa-totustuus.it\\\/cattolica\\\/wp-content\\\/uploads\\\/2016\\\/03\\\/adozioni.jpg\",\"keywords\":[\"adozioni gay\",\"desiderio di Dio\",\"diritti\",\"nuovi diritti\"],\"articleSection\":[\"Costume\"],\"inLanguage\":\"it-IT\"},{\"@type\":\"WebPage\",\"@id\":\"https:\\\/\\\/www.rassegnastampa-totustuus.it\\\/cattolica\\\/i-bimbi-sono-soggetti-non-oggetti-di-diritti\\\/\",\"url\":\"https:\\\/\\\/www.rassegnastampa-totustuus.it\\\/cattolica\\\/i-bimbi-sono-soggetti-non-oggetti-di-diritti\\\/\",\"name\":\"I bimbi sono soggetti non oggetti di diritti - Rassegna Stampa Cattolica\",\"isPartOf\":{\"@id\":\"https:\\\/\\\/www.rassegnastampa-totustuus.it\\\/cattolica\\\/#website\"},\"primaryImageOfPage\":{\"@id\":\"https:\\\/\\\/www.rassegnastampa-totustuus.it\\\/cattolica\\\/i-bimbi-sono-soggetti-non-oggetti-di-diritti\\\/#primaryimage\"},\"image\":{\"@id\":\"https:\\\/\\\/www.rassegnastampa-totustuus.it\\\/cattolica\\\/i-bimbi-sono-soggetti-non-oggetti-di-diritti\\\/#primaryimage\"},\"thumbnailUrl\":\"https:\\\/\\\/www.rassegnastampa-totustuus.it\\\/cattolica\\\/wp-content\\\/uploads\\\/2016\\\/03\\\/adozioni.jpg\",\"datePublished\":\"2016-03-23T23:00:15+00:00\",\"description\":\"Rassegna Stampa Cattolica - Per una cultura che nasce dalla Rivelazione cristiana in conformit\u00e0 alla tradizione e al Magistero della Chiesa in opposizione ad ogni relativismo e totalitarismo\",\"breadcrumb\":{\"@id\":\"https:\\\/\\\/www.rassegnastampa-totustuus.it\\\/cattolica\\\/i-bimbi-sono-soggetti-non-oggetti-di-diritti\\\/#breadcrumb\"},\"inLanguage\":\"it-IT\",\"potentialAction\":[{\"@type\":\"ReadAction\",\"target\":[\"https:\\\/\\\/www.rassegnastampa-totustuus.it\\\/cattolica\\\/i-bimbi-sono-soggetti-non-oggetti-di-diritti\\\/\"]}]},{\"@type\":\"ImageObject\",\"inLanguage\":\"it-IT\",\"@id\":\"https:\\\/\\\/www.rassegnastampa-totustuus.it\\\/cattolica\\\/i-bimbi-sono-soggetti-non-oggetti-di-diritti\\\/#primaryimage\",\"url\":\"https:\\\/\\\/www.rassegnastampa-totustuus.it\\\/cattolica\\\/wp-content\\\/uploads\\\/2016\\\/03\\\/adozioni.jpg\",\"contentUrl\":\"https:\\\/\\\/www.rassegnastampa-totustuus.it\\\/cattolica\\\/wp-content\\\/uploads\\\/2016\\\/03\\\/adozioni.jpg\",\"width\":300,\"height\":168},{\"@type\":\"BreadcrumbList\",\"@id\":\"https:\\\/\\\/www.rassegnastampa-totustuus.it\\\/cattolica\\\/i-bimbi-sono-soggetti-non-oggetti-di-diritti\\\/#breadcrumb\",\"itemListElement\":[{\"@type\":\"ListItem\",\"position\":1,\"name\":\"Home\",\"item\":\"https:\\\/\\\/www.rassegnastampa-totustuus.it\\\/cattolica\\\/\"},{\"@type\":\"ListItem\",\"position\":2,\"name\":\"I bimbi sono soggetti non oggetti di diritti\"}]},{\"@type\":\"WebSite\",\"@id\":\"https:\\\/\\\/www.rassegnastampa-totustuus.it\\\/cattolica\\\/#website\",\"url\":\"https:\\\/\\\/www.rassegnastampa-totustuus.it\\\/cattolica\\\/\",\"name\":\"Rassegna Stampa Cattolica\",\"description\":\"Per una cultura che nasce dalla Rivelazione cristiana in conformit\u00e0 alla tradizione e al Magistero della Chiesa in opposizione ad ogni relativismo e totalitarismo\",\"publisher\":{\"@id\":\"https:\\\/\\\/www.rassegnastampa-totustuus.it\\\/cattolica\\\/#organization\"},\"alternateName\":\"Rass. Cattolica\",\"potentialAction\":[{\"@type\":\"SearchAction\",\"target\":{\"@type\":\"EntryPoint\",\"urlTemplate\":\"https:\\\/\\\/www.rassegnastampa-totustuus.it\\\/cattolica\\\/?s={search_term_string}\"},\"query-input\":{\"@type\":\"PropertyValueSpecification\",\"valueRequired\":true,\"valueName\":\"search_term_string\"}}],\"inLanguage\":\"it-IT\"},{\"@type\":\"Organization\",\"@id\":\"https:\\\/\\\/www.rassegnastampa-totustuus.it\\\/cattolica\\\/#organization\",\"name\":\"Rassegna Stampa Cattolica\",\"url\":\"https:\\\/\\\/www.rassegnastampa-totustuus.it\\\/cattolica\\\/\",\"logo\":{\"@type\":\"ImageObject\",\"inLanguage\":\"it-IT\",\"@id\":\"https:\\\/\\\/www.rassegnastampa-totustuus.it\\\/cattolica\\\/#\\\/schema\\\/logo\\\/image\\\/\",\"url\":\"https:\\\/\\\/www.rassegnastampa-totustuus.it\\\/cattolica\\\/wp-content\\\/uploads\\\/2014\\\/04\\\/logo-rassegna1.gif\",\"contentUrl\":\"https:\\\/\\\/www.rassegnastampa-totustuus.it\\\/cattolica\\\/wp-content\\\/uploads\\\/2014\\\/04\\\/logo-rassegna1.gif\",\"width\":600,\"height\":163,\"caption\":\"Rassegna Stampa Cattolica\"},\"image\":{\"@id\":\"https:\\\/\\\/www.rassegnastampa-totustuus.it\\\/cattolica\\\/#\\\/schema\\\/logo\\\/image\\\/\"},\"sameAs\":[\"https:\\\/\\\/www.facebook.com\\\/rassegnastampacattolica\",\"https:\\\/\\\/x.com\\\/rassegnastampa9\"]},{\"@type\":\"Person\",\"@id\":\"https:\\\/\\\/www.rassegnastampa-totustuus.it\\\/cattolica\\\/#\\\/schema\\\/person\\\/08f319d2bd1a0904ad9e2bfb7b15e5c3\",\"name\":\"Redazione\",\"image\":{\"@type\":\"ImageObject\",\"inLanguage\":\"it-IT\",\"@id\":\"https:\\\/\\\/secure.gravatar.com\\\/avatar\\\/2fcdf27c78ea025fbdb44e914cc63c72249ffec9dc8aafd5c82b26240ef3f346?s=96&d=mm&r=g\",\"url\":\"https:\\\/\\\/secure.gravatar.com\\\/avatar\\\/2fcdf27c78ea025fbdb44e914cc63c72249ffec9dc8aafd5c82b26240ef3f346?s=96&d=mm&r=g\",\"contentUrl\":\"https:\\\/\\\/secure.gravatar.com\\\/avatar\\\/2fcdf27c78ea025fbdb44e914cc63c72249ffec9dc8aafd5c82b26240ef3f346?s=96&d=mm&r=g\",\"caption\":\"Redazione\"},\"url\":\"https:\\\/\\\/www.rassegnastampa-totustuus.it\\\/cattolica\\\/author\\\/pietroelle\\\/\"}]}<\/script>\n<!-- \/ Yoast SEO plugin. -->","yoast_head_json":{"title":"I bimbi sono soggetti non oggetti di diritti - Rassegna Stampa Cattolica","description":"Rassegna Stampa Cattolica - Per una cultura che nasce dalla Rivelazione cristiana in conformit\u00e0 alla tradizione e al Magistero della Chiesa in opposizione ad ogni relativismo e totalitarismo","robots":{"index":"index","follow":"follow","max-snippet":"max-snippet:-1","max-image-preview":"max-image-preview:large","max-video-preview":"max-video-preview:-1"},"canonical":"https:\/\/www.rassegnastampa-totustuus.it\/cattolica\/i-bimbi-sono-soggetti-non-oggetti-di-diritti\/","og_locale":"it_IT","og_type":"article","og_title":"I bimbi sono soggetti non oggetti di diritti - Rassegna Stampa Cattolica","og_description":"Rassegna Stampa Cattolica - Per una cultura che nasce dalla Rivelazione cristiana in conformit\u00e0 alla tradizione e al Magistero della Chiesa in opposizione ad ogni relativismo e totalitarismo","og_url":"https:\/\/www.rassegnastampa-totustuus.it\/cattolica\/i-bimbi-sono-soggetti-non-oggetti-di-diritti\/","og_site_name":"Rassegna Stampa Cattolica","article_publisher":"https:\/\/www.facebook.com\/rassegnastampacattolica","article_published_time":"2016-03-23T23:00:15+00:00","og_image":[{"width":300,"height":168,"url":"https:\/\/www.rassegnastampa-totustuus.it\/cattolica\/wp-content\/uploads\/2016\/03\/adozioni.jpg","type":"image\/jpeg"}],"author":"Redazione","twitter_card":"summary_large_image","twitter_creator":"@rassegnastampa9","twitter_site":"@rassegnastampa9","twitter_misc":{"Scritto da":"Redazione","Tempo di lettura stimato":"6 minuti"},"schema":{"@context":"https:\/\/schema.org","@graph":[{"@type":"Article","@id":"https:\/\/www.rassegnastampa-totustuus.it\/cattolica\/i-bimbi-sono-soggetti-non-oggetti-di-diritti\/#article","isPartOf":{"@id":"https:\/\/www.rassegnastampa-totustuus.it\/cattolica\/i-bimbi-sono-soggetti-non-oggetti-di-diritti\/"},"author":{"name":"Redazione","@id":"https:\/\/www.rassegnastampa-totustuus.it\/cattolica\/#\/schema\/person\/08f319d2bd1a0904ad9e2bfb7b15e5c3"},"headline":"I bimbi sono soggetti non oggetti di diritti","datePublished":"2016-03-23T23:00:15+00:00","mainEntityOfPage":{"@id":"https:\/\/www.rassegnastampa-totustuus.it\/cattolica\/i-bimbi-sono-soggetti-non-oggetti-di-diritti\/"},"wordCount":1215,"publisher":{"@id":"https:\/\/www.rassegnastampa-totustuus.it\/cattolica\/#organization"},"image":{"@id":"https:\/\/www.rassegnastampa-totustuus.it\/cattolica\/i-bimbi-sono-soggetti-non-oggetti-di-diritti\/#primaryimage"},"thumbnailUrl":"https:\/\/www.rassegnastampa-totustuus.it\/cattolica\/wp-content\/uploads\/2016\/03\/adozioni.jpg","keywords":["adozioni gay","desiderio di Dio","diritti","nuovi diritti"],"articleSection":["Costume"],"inLanguage":"it-IT"},{"@type":"WebPage","@id":"https:\/\/www.rassegnastampa-totustuus.it\/cattolica\/i-bimbi-sono-soggetti-non-oggetti-di-diritti\/","url":"https:\/\/www.rassegnastampa-totustuus.it\/cattolica\/i-bimbi-sono-soggetti-non-oggetti-di-diritti\/","name":"I bimbi sono soggetti non oggetti di diritti - Rassegna Stampa Cattolica","isPartOf":{"@id":"https:\/\/www.rassegnastampa-totustuus.it\/cattolica\/#website"},"primaryImageOfPage":{"@id":"https:\/\/www.rassegnastampa-totustuus.it\/cattolica\/i-bimbi-sono-soggetti-non-oggetti-di-diritti\/#primaryimage"},"image":{"@id":"https:\/\/www.rassegnastampa-totustuus.it\/cattolica\/i-bimbi-sono-soggetti-non-oggetti-di-diritti\/#primaryimage"},"thumbnailUrl":"https:\/\/www.rassegnastampa-totustuus.it\/cattolica\/wp-content\/uploads\/2016\/03\/adozioni.jpg","datePublished":"2016-03-23T23:00:15+00:00","description":"Rassegna Stampa Cattolica - Per una cultura che nasce dalla Rivelazione cristiana in conformit\u00e0 alla tradizione e al Magistero della Chiesa in opposizione ad ogni relativismo e totalitarismo","breadcrumb":{"@id":"https:\/\/www.rassegnastampa-totustuus.it\/cattolica\/i-bimbi-sono-soggetti-non-oggetti-di-diritti\/#breadcrumb"},"inLanguage":"it-IT","potentialAction":[{"@type":"ReadAction","target":["https:\/\/www.rassegnastampa-totustuus.it\/cattolica\/i-bimbi-sono-soggetti-non-oggetti-di-diritti\/"]}]},{"@type":"ImageObject","inLanguage":"it-IT","@id":"https:\/\/www.rassegnastampa-totustuus.it\/cattolica\/i-bimbi-sono-soggetti-non-oggetti-di-diritti\/#primaryimage","url":"https:\/\/www.rassegnastampa-totustuus.it\/cattolica\/wp-content\/uploads\/2016\/03\/adozioni.jpg","contentUrl":"https:\/\/www.rassegnastampa-totustuus.it\/cattolica\/wp-content\/uploads\/2016\/03\/adozioni.jpg","width":300,"height":168},{"@type":"BreadcrumbList","@id":"https:\/\/www.rassegnastampa-totustuus.it\/cattolica\/i-bimbi-sono-soggetti-non-oggetti-di-diritti\/#breadcrumb","itemListElement":[{"@type":"ListItem","position":1,"name":"Home","item":"https:\/\/www.rassegnastampa-totustuus.it\/cattolica\/"},{"@type":"ListItem","position":2,"name":"I bimbi sono soggetti non oggetti di diritti"}]},{"@type":"WebSite","@id":"https:\/\/www.rassegnastampa-totustuus.it\/cattolica\/#website","url":"https:\/\/www.rassegnastampa-totustuus.it\/cattolica\/","name":"Rassegna Stampa Cattolica","description":"Per una cultura che nasce dalla Rivelazione cristiana in conformit\u00e0 alla tradizione e al Magistero della Chiesa in opposizione ad ogni relativismo e totalitarismo","publisher":{"@id":"https:\/\/www.rassegnastampa-totustuus.it\/cattolica\/#organization"},"alternateName":"Rass. Cattolica","potentialAction":[{"@type":"SearchAction","target":{"@type":"EntryPoint","urlTemplate":"https:\/\/www.rassegnastampa-totustuus.it\/cattolica\/?s={search_term_string}"},"query-input":{"@type":"PropertyValueSpecification","valueRequired":true,"valueName":"search_term_string"}}],"inLanguage":"it-IT"},{"@type":"Organization","@id":"https:\/\/www.rassegnastampa-totustuus.it\/cattolica\/#organization","name":"Rassegna Stampa Cattolica","url":"https:\/\/www.rassegnastampa-totustuus.it\/cattolica\/","logo":{"@type":"ImageObject","inLanguage":"it-IT","@id":"https:\/\/www.rassegnastampa-totustuus.it\/cattolica\/#\/schema\/logo\/image\/","url":"https:\/\/www.rassegnastampa-totustuus.it\/cattolica\/wp-content\/uploads\/2014\/04\/logo-rassegna1.gif","contentUrl":"https:\/\/www.rassegnastampa-totustuus.it\/cattolica\/wp-content\/uploads\/2014\/04\/logo-rassegna1.gif","width":600,"height":163,"caption":"Rassegna Stampa Cattolica"},"image":{"@id":"https:\/\/www.rassegnastampa-totustuus.it\/cattolica\/#\/schema\/logo\/image\/"},"sameAs":["https:\/\/www.facebook.com\/rassegnastampacattolica","https:\/\/x.com\/rassegnastampa9"]},{"@type":"Person","@id":"https:\/\/www.rassegnastampa-totustuus.it\/cattolica\/#\/schema\/person\/08f319d2bd1a0904ad9e2bfb7b15e5c3","name":"Redazione","image":{"@type":"ImageObject","inLanguage":"it-IT","@id":"https:\/\/secure.gravatar.com\/avatar\/2fcdf27c78ea025fbdb44e914cc63c72249ffec9dc8aafd5c82b26240ef3f346?s=96&d=mm&r=g","url":"https:\/\/secure.gravatar.com\/avatar\/2fcdf27c78ea025fbdb44e914cc63c72249ffec9dc8aafd5c82b26240ef3f346?s=96&d=mm&r=g","contentUrl":"https:\/\/secure.gravatar.com\/avatar\/2fcdf27c78ea025fbdb44e914cc63c72249ffec9dc8aafd5c82b26240ef3f346?s=96&d=mm&r=g","caption":"Redazione"},"url":"https:\/\/www.rassegnastampa-totustuus.it\/cattolica\/author\/pietroelle\/"}]}},"_links":{"self":[{"href":"https:\/\/www.rassegnastampa-totustuus.it\/cattolica\/wp-json\/wp\/v2\/posts\/31943","targetHints":{"allow":["GET"]}}],"collection":[{"href":"https:\/\/www.rassegnastampa-totustuus.it\/cattolica\/wp-json\/wp\/v2\/posts"}],"about":[{"href":"https:\/\/www.rassegnastampa-totustuus.it\/cattolica\/wp-json\/wp\/v2\/types\/post"}],"author":[{"embeddable":true,"href":"https:\/\/www.rassegnastampa-totustuus.it\/cattolica\/wp-json\/wp\/v2\/users\/6"}],"replies":[{"embeddable":true,"href":"https:\/\/www.rassegnastampa-totustuus.it\/cattolica\/wp-json\/wp\/v2\/comments?post=31943"}],"version-history":[{"count":1,"href":"https:\/\/www.rassegnastampa-totustuus.it\/cattolica\/wp-json\/wp\/v2\/posts\/31943\/revisions"}],"predecessor-version":[{"id":31945,"href":"https:\/\/www.rassegnastampa-totustuus.it\/cattolica\/wp-json\/wp\/v2\/posts\/31943\/revisions\/31945"}],"wp:featuredmedia":[{"embeddable":true,"href":"https:\/\/www.rassegnastampa-totustuus.it\/cattolica\/wp-json\/wp\/v2\/media\/31944"}],"wp:attachment":[{"href":"https:\/\/www.rassegnastampa-totustuus.it\/cattolica\/wp-json\/wp\/v2\/media?parent=31943"}],"wp:term":[{"taxonomy":"category","embeddable":true,"href":"https:\/\/www.rassegnastampa-totustuus.it\/cattolica\/wp-json\/wp\/v2\/categories?post=31943"},{"taxonomy":"post_tag","embeddable":true,"href":"https:\/\/www.rassegnastampa-totustuus.it\/cattolica\/wp-json\/wp\/v2\/tags?post=31943"}],"curies":[{"name":"wp","href":"https:\/\/api.w.org\/{rel}","templated":true}]}}