{"id":31902,"date":"2015-08-17T00:00:20","date_gmt":"2015-08-16T22:00:20","guid":{"rendered":"http:\/\/www.rassegnastampa-totustuus.it\/cattolica\/?p=31902"},"modified":"2016-03-17T16:33:29","modified_gmt":"2016-03-17T15:33:29","slug":"il-sale-della-memoria","status":"publish","type":"post","link":"https:\/\/www.rassegnastampa-totustuus.it\/cattolica\/il-sale-della-memoria\/","title":{"rendered":"Il sale della memoria"},"content":{"rendered":"<p style=\"text-align: center;\"><img loading=\"lazy\" decoding=\"async\" class=\"alignleft wp-image-31903\" src=\"https:\/\/www.rassegnastampa-totustuus.it\/cattolica\/wp-content\/uploads\/2016\/03\/cover.jpg\" alt=\"cover\" width=\"134\" height=\"200\" \/>Il <strong>Sole 24 Ore<\/strong> 18 luglio 1999<\/p>\n<p style=\"text-align: justify;\"><em>Pubblicato dalla Cambridge University Press un affascinante testo sui luoghi del pensiero, sui modi della creazione di quei \u00abritratti\u00bb che funzionano come immagini del passato e sul vero nemico dei ricordi: non l&#8217;oblio, bens\u00ec il vagare disordinato della mente, quello che i latini chiamavano \u00abcuriositas\u00bb<\/em><\/p>\n<p style=\"text-align: center;\">di <strong>Lina Bolzoni<\/strong><\/p>\n<p style=\"text-align: center;\"><!--more--><\/p>\n<p style=\"text-align: justify;\">E\u2019 difficile dimenticare. Specie quando si tratta di qualcosa che ci ha preso fortemente, che ha messo in gioco sentimenti e passioni. Per questo Ovidio dedica una parte dei suoi Remedia amoris proprio alle tecniche per controllare la memoria, insegna cio\u00e8 a guardarsi dai luoghi, ma anche dal dolce suono della cetra e della lira, dalle chiacchiere degli amici, dagli spettacoli che possono risuscitare i fantasmi dell&#8217;amore.<\/p>\n<p style=\"text-align: justify;\">Ma spesso cercare di dimenticare non ha senso, perch\u00e9 rischiamo di distruggere, insieme con le immagini che ci fanno ormai soffrire, una parte di noi, della nostra identit\u00e0. Sarebbe come sforzarsi \u2014 diceva Bernardo di Chiaravalle \u2014 di radere via da una pergamena delle parole e finire col distruggere la pergamena stessa, che \u00e8 ormai imbevuta dell&#8217;inchiostro con cui quelle parole sono state scritte. Quel che Bernardo consiglia \u00e8 invece di ridisporre i ricordi nel teatro della nostra mente, cos\u00ec da riuscire a guardarli da un altro punto di vista (che riesca a modificare la nostra intendo, la nostra disposizione emotiva). Cos\u00ec ad esempio, dice Bernardo, la fiducia nel perdono di Dio permetter\u00e0 di fare i conti in modo meno angoscioso con la memoria dei peccati.<\/p>\n<p style=\"text-align: justify;\">L&#8217;esperienza materiale della scrittura su pergamena, cos\u00ec lontana dalla nostra, viene qui usata per descrivere un gioco fra memoria e oblio che invece ancora ci riguarda da vicino. Quello di Bernardo \u00e8 solo uno dei moltissimi esempi citati in un libro affascinante pubblicato di recente da Cambridge University Press: <em>The<\/em> Craft of Thought. Meditatio, rhetoric, and the making of images 400-1200 (La forza del pensiero. Meditazione, retorica, e la costruzione delle immagini dal 400 al 1200), scritto da Mary Carruthers, una medievista che insegna alla New York University.<\/p>\n<p style=\"text-align: justify;\">Al centro del libro sta la riscoperta di una lunghissima tradizione, che \u00e8 stata viva soprattutto in ambiente monastico, ma che va ben al di l\u00e0, in quanto riguarda infatti alcune esperienze fondamentali, e cio\u00e8 il modo di leggere, di pensare, di scrivere e di educare. L&#8217;autrice prende le mosse dalle tecniche della meditazione monastica per mostrare come esse insegnino a plasmare la propria mente, a creare una mappa di &#8220;luoghi&#8221;; qui si collocano i ricordi delle cose lette e sentite, di qui si derivano il materiale e le associazioni necessarie per nuovi pensieri, nuove parole, nuove opere.<\/p>\n<p style=\"text-align: justify;\">La &#8220;forza del pensiero&#8221; cui il titolo allude sta appunto in questo: nella capacit\u00e0 di costruire nella propria mente templi, tabernacoli, palazzi e giardini; nel fare della propria memoria un archivio capace di riprodursi, e di generare. \u00c8 una memoria di cui la Carruthers sottolinea la differenza rispetto alla memoria classica: \u00e8 una memoria che si nutre della Bibbia, o meglio di alcuni passi della Bibbia che si imprimono nella mente e nel corpo cos\u00ec da costruire una griglia di loci cui tutto si riconduce, e da cui tutto prende le mosse; \u00e8 una memoria che ha come oggetto la Gerusalemme celeste, e il mondo eterno dell&#8217;Aldil\u00e0: \u00e8 una memoria che mobilita le passioni e lega fortemente la lettura alla scrittura, la conservazione all&#8217;invenzione.<\/p>\n<p style=\"text-align: justify;\">Questa memoria richiede un costante impegno di concentrazione e di elevazione morale; suo nemico non \u00e8 tanto l&#8217;oblio, ma piuttosto la curios\u00ectas, il vagare disordinato della mente, la fornicatio con la realt\u00e0 sensibile. Il monaco \u2014 e il fedele \u2014 costruiscono percorsi, scanditi da tappe, o innalzano scale, i cui gradini arrivano fino al cielo, come nella visione di Giacobbe (Gen., 28); operano secondo un metodo che, unisce la geometria dello schema (il diagramma, la scala, la mota) con il proliferare delle immagini, spesso sanguinolente e corpulente.<\/p>\n<p style=\"text-align: justify;\">Cos\u00ec ad esempio nel V secolo la Psxcomachia di Prudenzio usa Virgilio per cantare la nuova materia epica cristiana, e cio\u00e8 la battaglia tra vizi e virt\u00f9; in questo modo parte da un patrimonio di memoria saldamente collocato nella mente del pubblico e lo riveste di nuovi significati e di una diversa funzione: vizi e virt\u00f9 sono associati a episodi e personaggi della Bibbia (secondo un procedimento che Dante ci ha reso familiare); ci viene messo davanti agli occhi, ossessivamente, il modo in cui ogni vizio viene ucciso, senza risparmiarci dettagli sanguinosi; infine viene descritto un tempio dedicato alla Vittoria: in quell&#8217;edificio troveranno &#8220;luogo&#8221; tutte le immagini, l\u00e0 la molteplicit\u00e0 si ricomporr\u00e0 nell&#8217;unit\u00e0.<\/p>\n<p style=\"text-align: justify;\">Lo schema del percorso, del viaggio, gioca un molo essenziale e interviene a diversi livelli. Un percorso \u00e8 ad esempio la lettura: si cammina per i luoghi del testo, e ci si lascia prendere dalle immagini che via via si trovano, si dialoga con i personaggi che si incontrano; si costruisce, sul fondamento del significato letterale, l&#8217;edificio prezioso dei sensi allegorici. E anche i testi sono costruiti in modo tale da prefigurare, da guidare il percorso della lettura, facendo leva appunto sulla memoria e sull&#8217;immaginazione.<\/p>\n<p style=\"text-align: justify;\">Proprio a questo servono, secondo la Carruthers, alcune caratteristiche formali che le retoriche medievali raccomandano caldamente: cos\u00ec ad esempio la brevitas spinge il lettore a far germogliare il testo nella propria mente, come il granello di senape della parabola evangelica; l&#8217;oscurit\u00e0, l&#8217;allegoria costringono il lettore a fermarsi a riflettere e a ricordare, impongono una lentezza che pu\u00f2 essere creativa; il ductus, il modo cio\u00e8 in cui il tema \u00e8 trattato, diventa appunto un percorso che guida a raggiungere la meta. Le chiese, i monasteri rendono visibile ci\u00f2 che i testi suggeriscono all&#8217;occhio della mente: attraverso di essi si pu\u00f2 compiere fisicamente un percorso del tutto simile a quello che i testi descrivono, cercando di fissarlo nella memoria.<\/p>\n<p style=\"text-align: justify;\">Sono, dice la Carruthers, macchine per la meditazione. La regola del gioco \u00e8 creare uno scambio continuo fra occhio del corpo e occhio della mente. E cos\u00ec anche i diversi luoghi del monastero possono interagire, scambiarsi la funzione. Come capita nel 200 ad Amiens, nella Biblionomia di Richard de Fournival. La biblioteca \u00e8 descritta sotto forma di un giardino: i libri, raggruppati nelle diverse arti liberali, sono &#8220;collocati&#8221; nelle aiole. Que\u00adsto dimostra, scrive la Carruthers, che il giardino veniva usato per ricordare l&#8217;ordinamento della biblioteca.<\/p>\n<p style=\"text-align: justify;\">Un modo gentile e gradevole, potremmo dire, per costruirsi un efficace data base mentale, prendendo alla lettera metafore antiche, quali ad esempio quella della raccolta di testi che sceglie fior da fiore, che costruisce una antologia &#8211; ossia appunto un giardino &#8211; ideale.<\/p>\n<p style=\"text-align: justify;\">Davvero imponenti sono i testi e le esperienze, che il libro prende in esame. Si pu\u00f2 restare perplessi di fronte a singole analisi, o anche di fronte ad affermazioni di carattere generale: cos\u00ec ad esempio, dice la Carruthers, le tecniche che lei mette in luce hanno ben poco a che fare con la tradizione classica dell&#8217;arte della memoria: le sembrano piuttosto vicine ai procedimenti della mistica ebraica, o ad alcune pratiche orientali, come la meditazione del mandala e le processioni hindu.<\/p>\n<p style=\"text-align: justify;\">Si pu\u00f2 osservare per\u00f2 che la tradizione ebraica ha una forte diffidenza nei confronti delle immagini, che giocano invece un ruolo essenziale nella vicenda che il libro ricostruisce; chiunque abbia esperienza di un Paese cattolico, d&#8217;altra parte, ritrova tratti molto familiari nelle pagine dedicate alle processioni come rituali di memoria, capaci di legare luoghi e immagini, e di suscitare un forte coinvolgimento emotivo.<\/p>\n<p style=\"text-align: justify;\">Resta il fatto, tuttavia, che il fascino centrale del libro sta nella sua capacit\u00e0 di farci vedere in modo nuovo molte cose, e di basilare importanza: modi di procedere, strutture di pensiero, meccanismi retorici che spesso vanno ben al di l\u00e0 del Medioevo, e hanno una lunga durata. Quando noi leggiamo, o ascoltiamo le parole dell&#8217;apostolo Paolo \u2014 dice ad esempio Agostino nel De trinitate (Vin.4,7) \u2014 ognuno di noi cerca di creare la sua immagine, e quella delle persone che lui nomina. Agostino \u2014 uno dei protagonisti del libro della Carruthers \u2014 ci descrive qui un modo di leggere che cerca di visualizzare l&#8217;autore, cos\u00ec da creare con lui un rapporto pi\u00f9 personale, come avviene in un incontro, in un dialogo; proprio per questo la costruzione del ritratto pu\u00f2 funzionare da immagine della memoria, nel senso che ci aiuta a ricordare \u2014 quasi a ricreare \u2014 il testo che si \u00e8 letto o sentito.<\/p>\n<p style=\"text-align: justify;\">\u00c8 un modo di leggere i testi che abbiamo dimenticato, anche se \u00e8 durato a lungo, e ha trovato espressioni affascinanti (cfr. Purch\u00e9 leggere resti un piacere, \u00abIl Sole-24 Ore\u00bb, 15 marzo 1998). In questi ultimi anni ci sono ricerche che ci possono aiutare a riscoprirlo. Ad esempio alcune mostre e convegni sono andati alla ricerca di come l&#8217;autore viene raffigurato, e di come questo interagisca col modo di leggere i suoi testi.<\/p>\n<p style=\"text-align: justify;\">Possiamo cos\u00ec vedere le diverse immagini di Dante presenti in alcuni manoscritti illustrati della Divina Commedia che sono conservati alla Biblioteca Riccardiana di Firenze (<em>I <\/em>Danti riccardiani. Parole e figure, a cura di Giovanna Lazzi e Giancarlo Savino. Firenze. Polistampa. 1996). Dai tesori della stessa Biblioteca sono poi stati tratti 40 manoscritti che contengono ritratti di autore: si comincia dai grandi scrittori dell&#8217;antichit\u00e0 e si arriva fino agli autori del Quattro e del Cinquecento (Immaginare l&#8217;autore. Il ritratto del letterato nella cultura umanistica. Ritratti riccardiani, a cura di Giovanna Lazzi, Firenze, Polistampa, 1998)<\/p>\n<p style=\"text-align: justify;\">Questa galleria di ritratti interagisce cos\u00ec con le immagini create dalle parole, con i vari tipi, cio\u00e8, di ritratti letterari che, in uno dei saggi premessi al catalogo, La letteratura umanistica e le forme del ritratto. Linee per una ricerca, Paolo Viti ricostruisce con ef\u00adficacia, inseguendoli fra poe\u00adsie e trattati, lettere, commenti, biografie, e libri di &#8220;ricor\u00addanze&#8221;.<\/p>\n<p style=\"text-align: justify;\">La riscoperta delle tecniche della memoria non serve tuttavia soltanto a gettare nuova luce su componenti basilari della nostra tradizione culturale. E davvero di grande suggestione vedere come possa aiutare a capire esperienze di altre culture, pratiche e prodotti di mondi che sono molto lontani dal nostro. \u00c8 ad esempio il caso dei Luba, una popolazione che vive nel Sud-Est dello Zaire. Nel 1996 il Museo dell&#8217;arte africana di New York ha dedicato loro una mostra, accompagnandola con un catalogo (Memory. Luba Art and the Making of History, a cura di Mary Nooter Roberts e di Alien F. Roberts) a cui hanno collaborato antropologi ed entomologi, archeologi e storici dell&#8217;arte. Quel che viene alla luce \u00e8 una dimensione, materiale e simbolica, che lo sguardo occidentale aveva finora trascurato.<\/p>\n<p style=\"text-align: justify;\">Si \u00e8 infatti tradizionalmente guardato ai manufatti Luba da un punto di vista estetico: si sono dunque scelti e collezionati solo quegli oggetti che in qualche modo potevano essere interpretati come opere d&#8217;arte, con una netta preferenza per le statue antropomorfiche. Di molti manufatti, d&#8217;altra parte, non si capiva proprio l&#8217;uso, la funzione, il significato. Fra questi, delle tavole rettangolari di legno, dette lukasa, da cui sporgono grani di perle e a volte anche immagini in altorilievo.<\/p>\n<p style=\"text-align: justify;\">Tra la fine degli anni Settanta e i primi anni Ottanta, si \u00e8 cominciato a considerarle secondo un&#8217;ottica nuova, che teneva conto fra l&#8217;altro della riscoperta della tradizione dell&#8217;arte della memoria fatta da Frances Yates in L&#8217;arte della memoria. Il libro della Yates riportava alla luce un modo di ricordare che si basava in primo luogo sullo spazio, sulla successione dei luoghi nello spazio. Mostrava inoltre come i sistemi di memoria fossero capaci di unire insieme le parole e le immagini, la conservazione e l&#8217;invenzione: una volta costruito \u2014 nella mente, o fisicamente \u2014 il teatro della memoria, vi si possono infatti recitare molti spettacoli, nel senso che si possono usare i luoghi e le immagini per creare di volta in volta nuove associazioni.<\/p>\n<p style=\"text-align: justify;\">Questi meccanismi di base si rivelavano di incredibile utilit\u00e0 anche nel caso dei manufatti Luba, dei lukasa in primo luogo. Si \u00e8 visto che le perle e le varie sporgenze delineano un diagramma che rappresenta cose diverse, un&#8217;unica struttura che si ripete a livelli diversi della realt\u00e0: \u00e8 ad esempio il territorio Luba, con i luoghi dove risiedono i diversi spiriti protettori, ma \u00e8 anche la corte del re, con l&#8217;ordinata disposizione dei vari dignitari; \u00e8 l&#8217;anatomia del corpo umano e nello stesso tempo \u00e8 la rappresentazione della tartaruga totemica della famiglia regale. Proprio perch\u00e9 \u00e8 costruito cos\u00ec, il lukasa funziona da sistema della memoria: chi lo usa, magari ripercorrendo con il dito i suoi diversi &#8220;luoghi&#8221;, pu\u00f2 ricordare cose molto diverse, come i miti e l&#8217;epica delle origini, le migrazioni dei clan, gli elogi degli eroi e dei re, gli insegnamenti morali e cos\u00ec via.<\/p>\n<p style=\"text-align: justify;\">In questo modo il sistema di memoria genera le parole, la narrazione, costruisce di volta in volta quella &#8220;memoria&#8221; di cui la comunit\u00e0 ha bisogno. Il lukasa \u00e8 usato nei riti, nelle danze, cos\u00ec che l&#8217;efficacia delle parole sia rafforzata dalla musica e dal linguaggio del corpo. E chi lo usa non \u00e8 a sua volta una persona qualsiasi: \u00e8 un iniziato, che ha viaggiato nel mondo degli spiriti, ed \u00e8 entrato a far parte del gruppo dei Mbudye, gli &#8220;uomini-memo\u00adria&#8221;, gli storiografi di corte, che sono, come gli indovini, i depositari della saggezza.<\/p>\n<p style=\"text-align: justify;\">In questi ultimi mesi le vicende della Serbia e del Kosovo ci hanno riproposto in modo tragico la questione della memoria, storica e individuale. Il modo in cui un lontano passato \u00e8 stato reinventato si \u00e8 intrecciato con la sistematica distruzione anche delle prove di identit\u00e0 delle singole persone, dai documenti di identit\u00e0 alle targhe delle macchine. Anche per questo pu\u00f2 essere forse interessante riflettere su libri come quelli che abbiamo qui ricordato. Mi sembra infatti significativo che, tra passato e presente, tra cultura occidentale ed esperienze africane, la questione della memoria si ripresenti oggi in modo cos\u00ec forte, e cos\u00ec legata ai problemi delle molteplici forme dell&#8217;interpretazione.<\/p>\n<p style=\"text-align: justify;\">C&#8217;\u00e8 come un bisogno di rompere i vincoli, le barriere tradizionali, per interrogarsi in modo pi\u00f9 libero sul modo in cui ognuno di noi, e ogni singolo gruppo, ricostruisce via via il proprio passato, si ri-racconta la propria storia.<\/p>\n","protected":false},"excerpt":{"rendered":"<p>Il Sole 24 Ore 18 luglio 1999 Pubblicato dalla Cambridge University Press un affascinante testo sui luoghi del pensiero, sui modi della creazione di quei \u00abritratti\u00bb che funzionano come immagini del passato e sul vero nemico dei ricordi: non l&#8217;oblio, bens\u00ec il vagare disordinato della mente, quello che i latini chiamavano \u00abcuriositas\u00bb di Lina Bolzoni<\/p><p><a class=\"more-link btn\" href=\"https:\/\/www.rassegnastampa-totustuus.it\/cattolica\/il-sale-della-memoria\/\">Continua a leggere<\/a><\/p>\n","protected":false},"author":6,"featured_media":31903,"comment_status":"closed","ping_status":"closed","sticky":false,"template":"","format":"standard","meta":{"footnotes":""},"categories":[8,17],"tags":[2421,2422],"class_list":["post-31902","post","type-post","status-publish","format-standard","has-post-thumbnail","hentry","category-cultura-e-tradizioni","category-libri","tag-memoria","tag-ricordo","item-wrap"],"yoast_head":"<!-- This site is optimized with the Yoast SEO plugin v27.5 - https:\/\/yoast.com\/product\/yoast-seo-wordpress\/ -->\n<title>Il sale della memoria - Rassegna Stampa Cattolica<\/title>\n<meta name=\"description\" content=\"Rassegna Stampa Cattolica - Per una cultura che nasce dalla Rivelazione cristiana in conformit\u00e0 alla tradizione e al Magistero della Chiesa in opposizione ad ogni relativismo e totalitarismo\" \/>\n<meta name=\"robots\" content=\"index, follow, max-snippet:-1, max-image-preview:large, max-video-preview:-1\" \/>\n<link rel=\"canonical\" href=\"https:\/\/www.rassegnastampa-totustuus.it\/cattolica\/il-sale-della-memoria\/\" \/>\n<meta property=\"og:locale\" content=\"it_IT\" \/>\n<meta property=\"og:type\" content=\"article\" \/>\n<meta property=\"og:title\" content=\"Il sale della memoria - Rassegna Stampa Cattolica\" \/>\n<meta property=\"og:description\" content=\"Rassegna Stampa Cattolica - Per una cultura che nasce dalla Rivelazione cristiana in conformit\u00e0 alla tradizione e al Magistero della Chiesa in opposizione ad ogni relativismo e totalitarismo\" \/>\n<meta property=\"og:url\" content=\"https:\/\/www.rassegnastampa-totustuus.it\/cattolica\/il-sale-della-memoria\/\" \/>\n<meta property=\"og:site_name\" content=\"Rassegna Stampa Cattolica\" \/>\n<meta property=\"article:publisher\" content=\"https:\/\/www.facebook.com\/rassegnastampacattolica\" \/>\n<meta property=\"article:published_time\" content=\"2015-08-16T22:00:20+00:00\" \/>\n<meta property=\"article:modified_time\" content=\"2016-03-17T15:33:29+00:00\" \/>\n<meta property=\"og:image\" content=\"https:\/\/www.rassegnastampa-totustuus.it\/cattolica\/wp-content\/uploads\/2016\/03\/cover.jpg\" \/>\n\t<meta property=\"og:image:width\" content=\"184\" \/>\n\t<meta property=\"og:image:height\" content=\"275\" \/>\n\t<meta property=\"og:image:type\" content=\"image\/jpeg\" \/>\n<meta name=\"author\" content=\"Redazione\" \/>\n<meta name=\"twitter:card\" content=\"summary_large_image\" \/>\n<meta name=\"twitter:creator\" content=\"@rassegnastampa9\" \/>\n<meta name=\"twitter:site\" content=\"@rassegnastampa9\" \/>\n<meta name=\"twitter:label1\" content=\"Scritto da\" \/>\n\t<meta name=\"twitter:data1\" content=\"Redazione\" \/>\n\t<meta name=\"twitter:label2\" content=\"Tempo di lettura stimato\" \/>\n\t<meta name=\"twitter:data2\" content=\"11 minuti\" \/>\n<script type=\"application\/ld+json\" class=\"yoast-schema-graph\">{\"@context\":\"https:\\\/\\\/schema.org\",\"@graph\":[{\"@type\":\"Article\",\"@id\":\"https:\\\/\\\/www.rassegnastampa-totustuus.it\\\/cattolica\\\/il-sale-della-memoria\\\/#article\",\"isPartOf\":{\"@id\":\"https:\\\/\\\/www.rassegnastampa-totustuus.it\\\/cattolica\\\/il-sale-della-memoria\\\/\"},\"author\":{\"name\":\"Redazione\",\"@id\":\"https:\\\/\\\/www.rassegnastampa-totustuus.it\\\/cattolica\\\/#\\\/schema\\\/person\\\/08f319d2bd1a0904ad9e2bfb7b15e5c3\"},\"headline\":\"Il sale della memoria\",\"datePublished\":\"2015-08-16T22:00:20+00:00\",\"dateModified\":\"2016-03-17T15:33:29+00:00\",\"mainEntityOfPage\":{\"@id\":\"https:\\\/\\\/www.rassegnastampa-totustuus.it\\\/cattolica\\\/il-sale-della-memoria\\\/\"},\"wordCount\":2318,\"publisher\":{\"@id\":\"https:\\\/\\\/www.rassegnastampa-totustuus.it\\\/cattolica\\\/#organization\"},\"image\":{\"@id\":\"https:\\\/\\\/www.rassegnastampa-totustuus.it\\\/cattolica\\\/il-sale-della-memoria\\\/#primaryimage\"},\"thumbnailUrl\":\"https:\\\/\\\/www.rassegnastampa-totustuus.it\\\/cattolica\\\/wp-content\\\/uploads\\\/2016\\\/03\\\/cover.jpg\",\"keywords\":[\"memoria\",\"ricordo\"],\"articleSection\":[\"Cultura e tradizioni\",\"Libri\"],\"inLanguage\":\"it-IT\"},{\"@type\":\"WebPage\",\"@id\":\"https:\\\/\\\/www.rassegnastampa-totustuus.it\\\/cattolica\\\/il-sale-della-memoria\\\/\",\"url\":\"https:\\\/\\\/www.rassegnastampa-totustuus.it\\\/cattolica\\\/il-sale-della-memoria\\\/\",\"name\":\"Il sale della memoria - Rassegna Stampa Cattolica\",\"isPartOf\":{\"@id\":\"https:\\\/\\\/www.rassegnastampa-totustuus.it\\\/cattolica\\\/#website\"},\"primaryImageOfPage\":{\"@id\":\"https:\\\/\\\/www.rassegnastampa-totustuus.it\\\/cattolica\\\/il-sale-della-memoria\\\/#primaryimage\"},\"image\":{\"@id\":\"https:\\\/\\\/www.rassegnastampa-totustuus.it\\\/cattolica\\\/il-sale-della-memoria\\\/#primaryimage\"},\"thumbnailUrl\":\"https:\\\/\\\/www.rassegnastampa-totustuus.it\\\/cattolica\\\/wp-content\\\/uploads\\\/2016\\\/03\\\/cover.jpg\",\"datePublished\":\"2015-08-16T22:00:20+00:00\",\"dateModified\":\"2016-03-17T15:33:29+00:00\",\"description\":\"Rassegna Stampa Cattolica - Per una cultura che nasce dalla Rivelazione cristiana in conformit\u00e0 alla tradizione e al Magistero della Chiesa in opposizione ad ogni relativismo e totalitarismo\",\"breadcrumb\":{\"@id\":\"https:\\\/\\\/www.rassegnastampa-totustuus.it\\\/cattolica\\\/il-sale-della-memoria\\\/#breadcrumb\"},\"inLanguage\":\"it-IT\",\"potentialAction\":[{\"@type\":\"ReadAction\",\"target\":[\"https:\\\/\\\/www.rassegnastampa-totustuus.it\\\/cattolica\\\/il-sale-della-memoria\\\/\"]}]},{\"@type\":\"ImageObject\",\"inLanguage\":\"it-IT\",\"@id\":\"https:\\\/\\\/www.rassegnastampa-totustuus.it\\\/cattolica\\\/il-sale-della-memoria\\\/#primaryimage\",\"url\":\"https:\\\/\\\/www.rassegnastampa-totustuus.it\\\/cattolica\\\/wp-content\\\/uploads\\\/2016\\\/03\\\/cover.jpg\",\"contentUrl\":\"https:\\\/\\\/www.rassegnastampa-totustuus.it\\\/cattolica\\\/wp-content\\\/uploads\\\/2016\\\/03\\\/cover.jpg\",\"width\":184,\"height\":275},{\"@type\":\"BreadcrumbList\",\"@id\":\"https:\\\/\\\/www.rassegnastampa-totustuus.it\\\/cattolica\\\/il-sale-della-memoria\\\/#breadcrumb\",\"itemListElement\":[{\"@type\":\"ListItem\",\"position\":1,\"name\":\"Home\",\"item\":\"https:\\\/\\\/www.rassegnastampa-totustuus.it\\\/cattolica\\\/\"},{\"@type\":\"ListItem\",\"position\":2,\"name\":\"Il sale della memoria\"}]},{\"@type\":\"WebSite\",\"@id\":\"https:\\\/\\\/www.rassegnastampa-totustuus.it\\\/cattolica\\\/#website\",\"url\":\"https:\\\/\\\/www.rassegnastampa-totustuus.it\\\/cattolica\\\/\",\"name\":\"Rassegna Stampa Cattolica\",\"description\":\"Per una cultura che nasce dalla Rivelazione cristiana in conformit\u00e0 alla tradizione e al Magistero della Chiesa in opposizione ad ogni relativismo e totalitarismo\",\"publisher\":{\"@id\":\"https:\\\/\\\/www.rassegnastampa-totustuus.it\\\/cattolica\\\/#organization\"},\"alternateName\":\"Rass. Cattolica\",\"potentialAction\":[{\"@type\":\"SearchAction\",\"target\":{\"@type\":\"EntryPoint\",\"urlTemplate\":\"https:\\\/\\\/www.rassegnastampa-totustuus.it\\\/cattolica\\\/?s={search_term_string}\"},\"query-input\":{\"@type\":\"PropertyValueSpecification\",\"valueRequired\":true,\"valueName\":\"search_term_string\"}}],\"inLanguage\":\"it-IT\"},{\"@type\":\"Organization\",\"@id\":\"https:\\\/\\\/www.rassegnastampa-totustuus.it\\\/cattolica\\\/#organization\",\"name\":\"Rassegna Stampa Cattolica\",\"url\":\"https:\\\/\\\/www.rassegnastampa-totustuus.it\\\/cattolica\\\/\",\"logo\":{\"@type\":\"ImageObject\",\"inLanguage\":\"it-IT\",\"@id\":\"https:\\\/\\\/www.rassegnastampa-totustuus.it\\\/cattolica\\\/#\\\/schema\\\/logo\\\/image\\\/\",\"url\":\"https:\\\/\\\/www.rassegnastampa-totustuus.it\\\/cattolica\\\/wp-content\\\/uploads\\\/2014\\\/04\\\/logo-rassegna1.gif\",\"contentUrl\":\"https:\\\/\\\/www.rassegnastampa-totustuus.it\\\/cattolica\\\/wp-content\\\/uploads\\\/2014\\\/04\\\/logo-rassegna1.gif\",\"width\":600,\"height\":163,\"caption\":\"Rassegna Stampa Cattolica\"},\"image\":{\"@id\":\"https:\\\/\\\/www.rassegnastampa-totustuus.it\\\/cattolica\\\/#\\\/schema\\\/logo\\\/image\\\/\"},\"sameAs\":[\"https:\\\/\\\/www.facebook.com\\\/rassegnastampacattolica\",\"https:\\\/\\\/x.com\\\/rassegnastampa9\"]},{\"@type\":\"Person\",\"@id\":\"https:\\\/\\\/www.rassegnastampa-totustuus.it\\\/cattolica\\\/#\\\/schema\\\/person\\\/08f319d2bd1a0904ad9e2bfb7b15e5c3\",\"name\":\"Redazione\",\"image\":{\"@type\":\"ImageObject\",\"inLanguage\":\"it-IT\",\"@id\":\"https:\\\/\\\/secure.gravatar.com\\\/avatar\\\/2fcdf27c78ea025fbdb44e914cc63c72249ffec9dc8aafd5c82b26240ef3f346?s=96&d=mm&r=g\",\"url\":\"https:\\\/\\\/secure.gravatar.com\\\/avatar\\\/2fcdf27c78ea025fbdb44e914cc63c72249ffec9dc8aafd5c82b26240ef3f346?s=96&d=mm&r=g\",\"contentUrl\":\"https:\\\/\\\/secure.gravatar.com\\\/avatar\\\/2fcdf27c78ea025fbdb44e914cc63c72249ffec9dc8aafd5c82b26240ef3f346?s=96&d=mm&r=g\",\"caption\":\"Redazione\"},\"url\":\"https:\\\/\\\/www.rassegnastampa-totustuus.it\\\/cattolica\\\/author\\\/pietroelle\\\/\"}]}<\/script>\n<!-- \/ Yoast SEO plugin. -->","yoast_head_json":{"title":"Il sale della memoria - Rassegna Stampa Cattolica","description":"Rassegna Stampa Cattolica - Per una cultura che nasce dalla Rivelazione cristiana in conformit\u00e0 alla tradizione e al Magistero della Chiesa in opposizione ad ogni relativismo e totalitarismo","robots":{"index":"index","follow":"follow","max-snippet":"max-snippet:-1","max-image-preview":"max-image-preview:large","max-video-preview":"max-video-preview:-1"},"canonical":"https:\/\/www.rassegnastampa-totustuus.it\/cattolica\/il-sale-della-memoria\/","og_locale":"it_IT","og_type":"article","og_title":"Il sale della memoria - Rassegna Stampa Cattolica","og_description":"Rassegna Stampa Cattolica - Per una cultura che nasce dalla Rivelazione cristiana in conformit\u00e0 alla tradizione e al Magistero della Chiesa in opposizione ad ogni relativismo e totalitarismo","og_url":"https:\/\/www.rassegnastampa-totustuus.it\/cattolica\/il-sale-della-memoria\/","og_site_name":"Rassegna Stampa Cattolica","article_publisher":"https:\/\/www.facebook.com\/rassegnastampacattolica","article_published_time":"2015-08-16T22:00:20+00:00","article_modified_time":"2016-03-17T15:33:29+00:00","og_image":[{"width":184,"height":275,"url":"https:\/\/www.rassegnastampa-totustuus.it\/cattolica\/wp-content\/uploads\/2016\/03\/cover.jpg","type":"image\/jpeg"}],"author":"Redazione","twitter_card":"summary_large_image","twitter_creator":"@rassegnastampa9","twitter_site":"@rassegnastampa9","twitter_misc":{"Scritto da":"Redazione","Tempo di lettura stimato":"11 minuti"},"schema":{"@context":"https:\/\/schema.org","@graph":[{"@type":"Article","@id":"https:\/\/www.rassegnastampa-totustuus.it\/cattolica\/il-sale-della-memoria\/#article","isPartOf":{"@id":"https:\/\/www.rassegnastampa-totustuus.it\/cattolica\/il-sale-della-memoria\/"},"author":{"name":"Redazione","@id":"https:\/\/www.rassegnastampa-totustuus.it\/cattolica\/#\/schema\/person\/08f319d2bd1a0904ad9e2bfb7b15e5c3"},"headline":"Il sale della memoria","datePublished":"2015-08-16T22:00:20+00:00","dateModified":"2016-03-17T15:33:29+00:00","mainEntityOfPage":{"@id":"https:\/\/www.rassegnastampa-totustuus.it\/cattolica\/il-sale-della-memoria\/"},"wordCount":2318,"publisher":{"@id":"https:\/\/www.rassegnastampa-totustuus.it\/cattolica\/#organization"},"image":{"@id":"https:\/\/www.rassegnastampa-totustuus.it\/cattolica\/il-sale-della-memoria\/#primaryimage"},"thumbnailUrl":"https:\/\/www.rassegnastampa-totustuus.it\/cattolica\/wp-content\/uploads\/2016\/03\/cover.jpg","keywords":["memoria","ricordo"],"articleSection":["Cultura e tradizioni","Libri"],"inLanguage":"it-IT"},{"@type":"WebPage","@id":"https:\/\/www.rassegnastampa-totustuus.it\/cattolica\/il-sale-della-memoria\/","url":"https:\/\/www.rassegnastampa-totustuus.it\/cattolica\/il-sale-della-memoria\/","name":"Il sale della memoria - Rassegna Stampa Cattolica","isPartOf":{"@id":"https:\/\/www.rassegnastampa-totustuus.it\/cattolica\/#website"},"primaryImageOfPage":{"@id":"https:\/\/www.rassegnastampa-totustuus.it\/cattolica\/il-sale-della-memoria\/#primaryimage"},"image":{"@id":"https:\/\/www.rassegnastampa-totustuus.it\/cattolica\/il-sale-della-memoria\/#primaryimage"},"thumbnailUrl":"https:\/\/www.rassegnastampa-totustuus.it\/cattolica\/wp-content\/uploads\/2016\/03\/cover.jpg","datePublished":"2015-08-16T22:00:20+00:00","dateModified":"2016-03-17T15:33:29+00:00","description":"Rassegna Stampa Cattolica - Per una cultura che nasce dalla Rivelazione cristiana in conformit\u00e0 alla tradizione e al Magistero della Chiesa in opposizione ad ogni relativismo e totalitarismo","breadcrumb":{"@id":"https:\/\/www.rassegnastampa-totustuus.it\/cattolica\/il-sale-della-memoria\/#breadcrumb"},"inLanguage":"it-IT","potentialAction":[{"@type":"ReadAction","target":["https:\/\/www.rassegnastampa-totustuus.it\/cattolica\/il-sale-della-memoria\/"]}]},{"@type":"ImageObject","inLanguage":"it-IT","@id":"https:\/\/www.rassegnastampa-totustuus.it\/cattolica\/il-sale-della-memoria\/#primaryimage","url":"https:\/\/www.rassegnastampa-totustuus.it\/cattolica\/wp-content\/uploads\/2016\/03\/cover.jpg","contentUrl":"https:\/\/www.rassegnastampa-totustuus.it\/cattolica\/wp-content\/uploads\/2016\/03\/cover.jpg","width":184,"height":275},{"@type":"BreadcrumbList","@id":"https:\/\/www.rassegnastampa-totustuus.it\/cattolica\/il-sale-della-memoria\/#breadcrumb","itemListElement":[{"@type":"ListItem","position":1,"name":"Home","item":"https:\/\/www.rassegnastampa-totustuus.it\/cattolica\/"},{"@type":"ListItem","position":2,"name":"Il sale della memoria"}]},{"@type":"WebSite","@id":"https:\/\/www.rassegnastampa-totustuus.it\/cattolica\/#website","url":"https:\/\/www.rassegnastampa-totustuus.it\/cattolica\/","name":"Rassegna Stampa Cattolica","description":"Per una cultura che nasce dalla Rivelazione cristiana in conformit\u00e0 alla tradizione e al Magistero della Chiesa in opposizione ad ogni relativismo e totalitarismo","publisher":{"@id":"https:\/\/www.rassegnastampa-totustuus.it\/cattolica\/#organization"},"alternateName":"Rass. Cattolica","potentialAction":[{"@type":"SearchAction","target":{"@type":"EntryPoint","urlTemplate":"https:\/\/www.rassegnastampa-totustuus.it\/cattolica\/?s={search_term_string}"},"query-input":{"@type":"PropertyValueSpecification","valueRequired":true,"valueName":"search_term_string"}}],"inLanguage":"it-IT"},{"@type":"Organization","@id":"https:\/\/www.rassegnastampa-totustuus.it\/cattolica\/#organization","name":"Rassegna Stampa Cattolica","url":"https:\/\/www.rassegnastampa-totustuus.it\/cattolica\/","logo":{"@type":"ImageObject","inLanguage":"it-IT","@id":"https:\/\/www.rassegnastampa-totustuus.it\/cattolica\/#\/schema\/logo\/image\/","url":"https:\/\/www.rassegnastampa-totustuus.it\/cattolica\/wp-content\/uploads\/2014\/04\/logo-rassegna1.gif","contentUrl":"https:\/\/www.rassegnastampa-totustuus.it\/cattolica\/wp-content\/uploads\/2014\/04\/logo-rassegna1.gif","width":600,"height":163,"caption":"Rassegna Stampa Cattolica"},"image":{"@id":"https:\/\/www.rassegnastampa-totustuus.it\/cattolica\/#\/schema\/logo\/image\/"},"sameAs":["https:\/\/www.facebook.com\/rassegnastampacattolica","https:\/\/x.com\/rassegnastampa9"]},{"@type":"Person","@id":"https:\/\/www.rassegnastampa-totustuus.it\/cattolica\/#\/schema\/person\/08f319d2bd1a0904ad9e2bfb7b15e5c3","name":"Redazione","image":{"@type":"ImageObject","inLanguage":"it-IT","@id":"https:\/\/secure.gravatar.com\/avatar\/2fcdf27c78ea025fbdb44e914cc63c72249ffec9dc8aafd5c82b26240ef3f346?s=96&d=mm&r=g","url":"https:\/\/secure.gravatar.com\/avatar\/2fcdf27c78ea025fbdb44e914cc63c72249ffec9dc8aafd5c82b26240ef3f346?s=96&d=mm&r=g","contentUrl":"https:\/\/secure.gravatar.com\/avatar\/2fcdf27c78ea025fbdb44e914cc63c72249ffec9dc8aafd5c82b26240ef3f346?s=96&d=mm&r=g","caption":"Redazione"},"url":"https:\/\/www.rassegnastampa-totustuus.it\/cattolica\/author\/pietroelle\/"}]}},"_links":{"self":[{"href":"https:\/\/www.rassegnastampa-totustuus.it\/cattolica\/wp-json\/wp\/v2\/posts\/31902","targetHints":{"allow":["GET"]}}],"collection":[{"href":"https:\/\/www.rassegnastampa-totustuus.it\/cattolica\/wp-json\/wp\/v2\/posts"}],"about":[{"href":"https:\/\/www.rassegnastampa-totustuus.it\/cattolica\/wp-json\/wp\/v2\/types\/post"}],"author":[{"embeddable":true,"href":"https:\/\/www.rassegnastampa-totustuus.it\/cattolica\/wp-json\/wp\/v2\/users\/6"}],"replies":[{"embeddable":true,"href":"https:\/\/www.rassegnastampa-totustuus.it\/cattolica\/wp-json\/wp\/v2\/comments?post=31902"}],"version-history":[{"count":1,"href":"https:\/\/www.rassegnastampa-totustuus.it\/cattolica\/wp-json\/wp\/v2\/posts\/31902\/revisions"}],"predecessor-version":[{"id":31904,"href":"https:\/\/www.rassegnastampa-totustuus.it\/cattolica\/wp-json\/wp\/v2\/posts\/31902\/revisions\/31904"}],"wp:featuredmedia":[{"embeddable":true,"href":"https:\/\/www.rassegnastampa-totustuus.it\/cattolica\/wp-json\/wp\/v2\/media\/31903"}],"wp:attachment":[{"href":"https:\/\/www.rassegnastampa-totustuus.it\/cattolica\/wp-json\/wp\/v2\/media?parent=31902"}],"wp:term":[{"taxonomy":"category","embeddable":true,"href":"https:\/\/www.rassegnastampa-totustuus.it\/cattolica\/wp-json\/wp\/v2\/categories?post=31902"},{"taxonomy":"post_tag","embeddable":true,"href":"https:\/\/www.rassegnastampa-totustuus.it\/cattolica\/wp-json\/wp\/v2\/tags?post=31902"}],"curies":[{"name":"wp","href":"https:\/\/api.w.org\/{rel}","templated":true}]}}