{"id":3189,"date":"2009-04-27T12:42:21","date_gmt":"2009-04-27T10:42:21","guid":{"rendered":""},"modified":"2016-03-16T16:42:56","modified_gmt":"2016-03-16T15:42:56","slug":"leuropa-si-congeda-dalla-storia","status":"publish","type":"post","link":"https:\/\/www.rassegnastampa-totustuus.it\/cattolica\/leuropa-si-congeda-dalla-storia\/","title":{"rendered":"L\u2019Europa si congeda dalla storia"},"content":{"rendered":"<div style=\"text-align: center;\"><strong><img loading=\"lazy\" decoding=\"async\" class=\"alignright wp-image-31875\" src=\"https:\/\/www.rassegnastampa-totustuus.it\/cattolica\/wp-content\/uploads\/2009\/04\/Introvigne_cover.jpg\" alt=\"Introvigne_cover\" width=\"129\" height=\"200\" \/>Il Nostro Tempo,<\/strong> 16 marzo 2008<\/div>\n<p style=\"text-align: center;\"><em>Intervista a Massimo Introvigne<\/em><\/p>\n<p style=\"text-align: center;\">di <strong>Emanuele Rebuffini<\/strong><\/p>\n<p><!--more--><\/p>\n<div style=\"text-align: justify;\">Si intitola \u201cIl segreto dell\u2019Europa. Guida alla riscoperta delle radici cristiane\u201d (Sugarco Edizioni, pp. 220, euro 16,00) l\u2019ultimo saggio del sociologo Massimo Introvigne, dirigente di Alleanza cattolica e direttore del Cesnur (Centro studi sulle nuove religioni).<\/div>\n<p style=\"text-align: justify;\">Al centro della riflessione troviamo il discorso di Ratisbona pronunciato da Benedetto XVI il 12 settembre 2006: un discorso programmatico da cui lasciarsi guidare per riscoprire quelle radici cristiane negate dal relativismo e dal laicismo, da quel processo che il Papa chiama \u201cdeellenizzazione\u201d, ovvero la negazione del patrimonio greco come parte integrante della fede cristiana. Per il Pontefice l\u2019Europa \u201csembra essere stanca, sembra volersi congedare dalla storia\u201d. Una stanchezza metafisica di chi non ha pi\u00f9 un\u2019identit\u00e0, di chi, di fronte a un\u2019aggressione esterna, si sente svuotato da ogni energia perch\u00e9 non trova pi\u00f9 i motivi per resistere.<\/p>\n<p style=\"text-align: justify;\"><strong>Perch\u00e9 considera cos\u00ec importante il discorso di Ratisbona?<\/strong><\/p>\n<p style=\"text-align: justify;\">Intanto non \u00e8 il discorso del Papa sull\u2019Islam come lo hanno presentato tutti i media, con una certa irresponsabilit\u00e0, finendo per accendere gli animi degli ultrafondamentalisti, con la conseguente scia di omicidi e chiese incendiate. Solo due pagine sono dedicate all\u2019Islam e una ventina all\u2019Europa e all\u2019Occidente. Tuttavia quelle due dense pagine, insieme agli interventi a Castel Gandolfo con gli ambasciatori dei Paesi islamici e durante il viaggio in Turchia, hanno permesso a Benedetto XVI di costruire un suo specifico Magistero sull\u2019Islam.<\/p>\n<p style=\"text-align: justify;\">Per capire l\u2019approccio bisogna partire dalla scelta di attirare l\u2019attenzione su un testo particolare che \u00e8 il dialogo tra l\u2019imperatore bizantino Manuele Il Paleologo con un anonimo saggio persiano. Un libro molto raro, che il cardinale Federico Borromeo ritrov\u00f2 in modo avventuroso e port\u00f2 a Milano alla Biblioteca ambrosiana dove tuttora \u00e8 custodito. Un testo mai pubblicato nella sua integralit\u00e0.<\/p>\n<p style=\"text-align: justify;\">Nel 1931 l\u2019imperatore viene invitato ad Ankara dal Sultano per una partita di caccia. Non amando la caccia e le feste del Sultano si trova un\u2019occupazione alternativa e organizza una disputa pubblica sui meriti rispettivi del Cristianesimo e dell\u2019Islam con un saggio persiano. L\u2019imperatore e il saggio sono consapevoli che se uno argomenta dal Vangelo e l\u2019altro argomenta dal Corano si potranno avere due monologhi e non un dialogo. E allora decidono di argomentare dalla ragione. Ed \u00e8 questo il punto che ha attirato l\u2019attenzione di Benedetto XVI.<\/p>\n<p style=\"text-align: justify;\"><strong>Per\u00f2 alla fine il dialogo non approda a nulla\u2026<\/strong><\/p>\n<p style=\"text-align: justify;\">Il dialogo non va da nessuna parte perch\u00e9 quando l\u2019imperatore e il musulmano dicono \u201cragione\u201d non dicono la stessa cosa. Questo \u00e8 il cuore del dialogo: la nozione di \u201cragione\u201d. Una delle frasi pi\u00f9 importanti della disputa \u00e8 la tesi del saggio secondo cui Dio non \u00e8 limitato dalle proprie azioni precedenti, quindi bisogna diffidare della ragione che non pu\u00f2 mai enunciare principi e conclusioni certe e permanenti.<\/p>\n<p style=\"text-align: justify;\">I musulmani disputavano se il principio di causalit\u00e0 fosse blasfemo, perch\u00e9 la nozione di Dio nell\u2019Islam del XIV secolo \u00e8 quella di un Dio che non ha creato il mondo secondo ragione, ma lo crea continuamente e pu\u00f2 cambiare le leggi naturali non occasionalmente (come nel caso dei miracoli), ma sistematicamente. Se facciamo cadere una pietra questa cade sempre verso il basso? Niente affatto, perch\u00e9 se Dio ha voluto che fino a oggi le pietre dovessero cadere verso il basso non ci d\u00e0 nessuna garanzia che in questo momento Dio non abbia cambiato idea.<\/p>\n<p style=\"text-align: justify;\">Il principio di causalit\u00e0 limita la libert\u00e0 sovrana e assoluta di Dio e dunque \u00e8 bestemmia. Quindi, secondo il saggio persiano, possiamo solo dire che probabilmente la pietra cadr\u00e0 verso il basso a meno che Dio non abbia cambiato idea. Ragionando cos\u00ec non \u00e8 possibile fare scienza, perch\u00e9 questa presuppone la conoscenza di leggi universali. Un Dio capriccioso non ci permette di conoscere la verit\u00e0. Se per il saggio musulmano l\u2019uomo \u00e8 sommamente incerto, visto che Dio pu\u00f2 cambiare le cose quando e come vuole, per l\u2019imperatore cristiano l\u2019uomo secondo la ragione \u00e8 in grado di conoscere con certezza molte cose.<\/p>\n<p style=\"text-align: justify;\"><strong>A che conclusione porta il dialogo?<\/strong><\/p>\n<p style=\"text-align: justify;\">Il saggio giunge a concludere che la prova della superiorit\u00e0 dell\u2019Islam sul Cristianesimo sta nel fatto che quello musulmano \u00e8 un grande esercito che vince, mentre quello bizantino \u00e8 un piccolo esercito che perde. Esattamente come aveva predetto Maometto, che quindi \u00e8 un vero Profeta.<\/p>\n<p style=\"text-align: justify;\">Un argomento pericoloso, visto che dopo l\u2019assedio di Vienna l\u2019Islam comincer\u00e0 ad arretrare e quindi, applicando lo stesso ragionamento, si potrebbe affermare che l\u2019Islam \u00e8 falso. A Benedetto XVI piace questo dialogo, perch\u00e9 dimostra che se si abbandona lo sforzo della ragione per trovare delle regole comuni (sforzo che pu\u00f2 funzionare solo se si riconosce che la ragione \u00e8 in grado di conoscere la verit\u00e0) non resta che la forza delle armi.<\/p>\n<p style=\"text-align: justify;\">O ha ragione chi si avvicina di pi\u00f9 alla verit\u00e0, oppure ha ragione chi picchia pi\u00f9 duro, che ha l\u2019esercito pi\u00f9 grande o \u00e8 meglio capace a far scoppiare le bombe. Quella del musulmano \u00e8 una ragione strumentale, che prova la sua verit\u00e0 non attraverso un\u2019analisi filosofica, ma attraverso il risultato, non solo scientifico ma anche militare.<\/p>\n<p style=\"text-align: justify;\"><strong>Che lezione dovrebbe trarre da tutto ci\u00f2 l\u2019Occidente, in particolare nel confronto con il terrorismo di matrice islamica?<\/strong><\/p>\n<p style=\"text-align: justify;\">Se non accettiamo che la ragione possa conoscere la verit\u00e0 siamo disarmati nei confronti delle aggressioni esterne. Nel discorso che avrebbe pronunciato a La Sapienza Benedetto XVI riprende il dialogo con il filosofo Jurgen Habermas: non possiamo accettare il relativismo e l\u2019idea che la verit\u00e0 non ci sia perch\u00e9 di fronte all\u2019aggressione esterna che oggi si manifesta nel terrorismo non ce lo possiamo permettere.<\/p>\n<p style=\"text-align: justify;\">Per Habermas la democrazia occidentale deve essere difesa con \u201cargomenti che hanno a che fare con la verit\u00e0\u201d. Secondo i relativisti chi crede nella verit\u00e0 \u00e8 pericoloso. Il dialogo di Ankara dimostra che non \u00e8 vero: \u201cScoppiano le bastonate\u201d dove non ci si \u00e8 messi d\u2019accordo prima su verit\u00e0 comuni e condivise. Regole comuni del convivere da trovarsi con la ragione che conosce la verit\u00e0.<\/p>\n<p style=\"text-align: justify;\">Tra persone che credono in cose diverse dobbiamo trovare un linguaggio comune, un comune riconoscimento di una verit\u00e0, per definire le regole del gioco, la \u201cgrammatica della vita sociale\u201d, che poi \u00e8 il vecchio diritto naturale. Chi nega lascia il campo alla violenza. O nella societ\u00e0 pluralista troviamo con la ragione regole del gioco comuni oppure vince chi picchia pi\u00f9 forte.<\/p>\n<p style=\"text-align: justify;\"><strong>Quale messaggio rivolge Benedetto XVI all\u2019Islam?<\/strong><\/p>\n<p style=\"text-align: justify;\">L\u2019Islam ad un certo punto della sua storia ebbe paura di fronte alla filosofia greca, bruci\u00f2 i libri dei filosofi e dei mistici, e si irrigid\u00ec. Un trinceramento che si \u00e8 protratto fino a oggi, per cui l\u2019Islam \u00e8 diventato il luogo della sola fede. Come disse Giovanni Paolo II nella Fides et ratio, l\u2019Islam non vola perch\u00e9 ha un\u2019enorme ala della fede e un\u2019atrofica ala della ragione.<\/p>\n<p style=\"text-align: justify;\">Benedetto XVI augura all\u2019Islam di fare i conti con l\u2019illuminismo. Che non vuol dire diventare illuministi, a differenza di quanto talora sembrano sostenere Magdi Allam e altri che ritengono che l\u2019Islam per risolvere i suoi problemi dovrebbe passare dal fondamentalismo al razionalismo.<\/p>\n<p style=\"text-align: justify;\">A Benedetto XVI non interessa tanto il dialogo all\u2019insegna del buonismo ecclesiastico, n\u00e9 il dialogo con i musulmani laici n\u00e9 l\u2019appello a fare fronte comune contro i laicisti. Tre sono i possibili rapporti tra fede e ragione. Due sbagliati e uno giusto. La confusione fra fede e ragione, ovvero quando la fede forte si \u201cmagia\u201d la ragione gracile, quindi il fondamentalismo.<\/p>\n<p style=\"text-align: justify;\">La separazione, quando la ragione si \u201cmangia\u201d la fede, quindi il laicismo. C\u2019\u00e8 una terza carta, la sana laicit\u00e0, un rapporto equilibrato tra fede e ragione, che sono distinte, ma quando si incontrano collaborano. In Europa questo \u00e8 avvenuto, nell\u2019Islam no. Il vero dialogo con l\u2019Islam deve essere rivolto a recuperare l\u2019ala mancante, a sviluppare l\u2019ala della ragione. La Chiesa non chiede al musulmano di diventare ateo, ma di ritrovare nella sua tradizione degli elementi di equilibrio tra fede e ragione.<\/p>\n<p style=\"text-align: justify;\">(A.C. Valdera)<\/p>\n","protected":false},"excerpt":{"rendered":"<p>Il Nostro Tempo, 16 marzo 2008 Intervista a Massimo Introvigne di Emanuele Rebuffini<\/p><p><a class=\"more-link btn\" href=\"https:\/\/www.rassegnastampa-totustuus.it\/cattolica\/leuropa-si-congeda-dalla-storia\/\">Continua a leggere<\/a><\/p>\n","protected":false},"author":6,"featured_media":31875,"comment_status":"closed","ping_status":"open","sticky":false,"template":"","format":"standard","meta":{"footnotes":""},"categories":[14,34],"tags":[1280,1352],"class_list":["post-3189","post","type-post","status-publish","format-standard","has-post-thumbnail","hentry","category-europa-e-ue","category-dialogo-con-l-islam","tag-declino-europeo","tag-ratisbona","item-wrap"],"yoast_head":"<!-- This site is optimized with the Yoast SEO plugin v27.5 - https:\/\/yoast.com\/product\/yoast-seo-wordpress\/ -->\n<title>L\u2019Europa si congeda dalla storia - Rassegna Stampa Cattolica<\/title>\n<meta name=\"description\" content=\"Rassegna Stampa Cattolica - Per una cultura che nasce dalla Rivelazione cristiana in conformit\u00e0 alla tradizione e al Magistero della Chiesa in opposizione ad ogni relativismo e totalitarismo\" \/>\n<meta name=\"robots\" content=\"index, follow, max-snippet:-1, max-image-preview:large, max-video-preview:-1\" \/>\n<link rel=\"canonical\" href=\"https:\/\/www.rassegnastampa-totustuus.it\/cattolica\/leuropa-si-congeda-dalla-storia\/\" \/>\n<meta property=\"og:locale\" content=\"it_IT\" \/>\n<meta property=\"og:type\" content=\"article\" \/>\n<meta property=\"og:title\" content=\"L\u2019Europa si congeda dalla storia - Rassegna Stampa Cattolica\" \/>\n<meta property=\"og:description\" content=\"Rassegna Stampa Cattolica - Per una cultura che nasce dalla Rivelazione cristiana in conformit\u00e0 alla tradizione e al Magistero della Chiesa in opposizione ad ogni relativismo e totalitarismo\" \/>\n<meta property=\"og:url\" content=\"https:\/\/www.rassegnastampa-totustuus.it\/cattolica\/leuropa-si-congeda-dalla-storia\/\" \/>\n<meta property=\"og:site_name\" content=\"Rassegna Stampa Cattolica\" \/>\n<meta property=\"article:publisher\" content=\"https:\/\/www.facebook.com\/rassegnastampacattolica\" \/>\n<meta property=\"article:published_time\" content=\"2009-04-27T10:42:21+00:00\" \/>\n<meta property=\"article:modified_time\" content=\"2016-03-16T15:42:56+00:00\" \/>\n<meta property=\"og:image\" content=\"https:\/\/www.rassegnastampa-totustuus.it\/cattolica\/wp-content\/uploads\/2009\/04\/Introvigne_cover.jpg\" \/>\n\t<meta property=\"og:image:width\" content=\"170\" \/>\n\t<meta property=\"og:image:height\" content=\"264\" \/>\n\t<meta property=\"og:image:type\" content=\"image\/jpeg\" \/>\n<meta name=\"author\" content=\"Redazione\" \/>\n<meta name=\"twitter:card\" content=\"summary_large_image\" \/>\n<meta name=\"twitter:creator\" content=\"@rassegnastampa9\" \/>\n<meta name=\"twitter:site\" content=\"@rassegnastampa9\" \/>\n<meta name=\"twitter:label1\" content=\"Scritto da\" \/>\n\t<meta name=\"twitter:data1\" content=\"Redazione\" \/>\n\t<meta name=\"twitter:label2\" content=\"Tempo di lettura stimato\" \/>\n\t<meta name=\"twitter:data2\" content=\"7 minuti\" \/>\n<script type=\"application\/ld+json\" class=\"yoast-schema-graph\">{\"@context\":\"https:\\\/\\\/schema.org\",\"@graph\":[{\"@type\":\"Article\",\"@id\":\"https:\\\/\\\/www.rassegnastampa-totustuus.it\\\/cattolica\\\/leuropa-si-congeda-dalla-storia\\\/#article\",\"isPartOf\":{\"@id\":\"https:\\\/\\\/www.rassegnastampa-totustuus.it\\\/cattolica\\\/leuropa-si-congeda-dalla-storia\\\/\"},\"author\":{\"name\":\"Redazione\",\"@id\":\"https:\\\/\\\/www.rassegnastampa-totustuus.it\\\/cattolica\\\/#\\\/schema\\\/person\\\/08f319d2bd1a0904ad9e2bfb7b15e5c3\"},\"headline\":\"L\u2019Europa si congeda dalla storia\",\"datePublished\":\"2009-04-27T10:42:21+00:00\",\"dateModified\":\"2016-03-16T15:42:56+00:00\",\"mainEntityOfPage\":{\"@id\":\"https:\\\/\\\/www.rassegnastampa-totustuus.it\\\/cattolica\\\/leuropa-si-congeda-dalla-storia\\\/\"},\"wordCount\":1327,\"publisher\":{\"@id\":\"https:\\\/\\\/www.rassegnastampa-totustuus.it\\\/cattolica\\\/#organization\"},\"image\":{\"@id\":\"https:\\\/\\\/www.rassegnastampa-totustuus.it\\\/cattolica\\\/leuropa-si-congeda-dalla-storia\\\/#primaryimage\"},\"thumbnailUrl\":\"https:\\\/\\\/www.rassegnastampa-totustuus.it\\\/cattolica\\\/wp-content\\\/uploads\\\/2009\\\/04\\\/Introvigne_cover.jpg\",\"keywords\":[\"declino europeo\",\"Ratisbona\"],\"articleSection\":[\"Europa e UE\",\"Islam dialogo\"],\"inLanguage\":\"it-IT\"},{\"@type\":\"WebPage\",\"@id\":\"https:\\\/\\\/www.rassegnastampa-totustuus.it\\\/cattolica\\\/leuropa-si-congeda-dalla-storia\\\/\",\"url\":\"https:\\\/\\\/www.rassegnastampa-totustuus.it\\\/cattolica\\\/leuropa-si-congeda-dalla-storia\\\/\",\"name\":\"L\u2019Europa si congeda dalla storia - Rassegna Stampa Cattolica\",\"isPartOf\":{\"@id\":\"https:\\\/\\\/www.rassegnastampa-totustuus.it\\\/cattolica\\\/#website\"},\"primaryImageOfPage\":{\"@id\":\"https:\\\/\\\/www.rassegnastampa-totustuus.it\\\/cattolica\\\/leuropa-si-congeda-dalla-storia\\\/#primaryimage\"},\"image\":{\"@id\":\"https:\\\/\\\/www.rassegnastampa-totustuus.it\\\/cattolica\\\/leuropa-si-congeda-dalla-storia\\\/#primaryimage\"},\"thumbnailUrl\":\"https:\\\/\\\/www.rassegnastampa-totustuus.it\\\/cattolica\\\/wp-content\\\/uploads\\\/2009\\\/04\\\/Introvigne_cover.jpg\",\"datePublished\":\"2009-04-27T10:42:21+00:00\",\"dateModified\":\"2016-03-16T15:42:56+00:00\",\"description\":\"Rassegna Stampa Cattolica - Per una cultura che nasce dalla Rivelazione cristiana in conformit\u00e0 alla tradizione e al Magistero della Chiesa in opposizione ad ogni relativismo e totalitarismo\",\"breadcrumb\":{\"@id\":\"https:\\\/\\\/www.rassegnastampa-totustuus.it\\\/cattolica\\\/leuropa-si-congeda-dalla-storia\\\/#breadcrumb\"},\"inLanguage\":\"it-IT\",\"potentialAction\":[{\"@type\":\"ReadAction\",\"target\":[\"https:\\\/\\\/www.rassegnastampa-totustuus.it\\\/cattolica\\\/leuropa-si-congeda-dalla-storia\\\/\"]}]},{\"@type\":\"ImageObject\",\"inLanguage\":\"it-IT\",\"@id\":\"https:\\\/\\\/www.rassegnastampa-totustuus.it\\\/cattolica\\\/leuropa-si-congeda-dalla-storia\\\/#primaryimage\",\"url\":\"https:\\\/\\\/www.rassegnastampa-totustuus.it\\\/cattolica\\\/wp-content\\\/uploads\\\/2009\\\/04\\\/Introvigne_cover.jpg\",\"contentUrl\":\"https:\\\/\\\/www.rassegnastampa-totustuus.it\\\/cattolica\\\/wp-content\\\/uploads\\\/2009\\\/04\\\/Introvigne_cover.jpg\",\"width\":170,\"height\":264},{\"@type\":\"BreadcrumbList\",\"@id\":\"https:\\\/\\\/www.rassegnastampa-totustuus.it\\\/cattolica\\\/leuropa-si-congeda-dalla-storia\\\/#breadcrumb\",\"itemListElement\":[{\"@type\":\"ListItem\",\"position\":1,\"name\":\"Home\",\"item\":\"https:\\\/\\\/www.rassegnastampa-totustuus.it\\\/cattolica\\\/\"},{\"@type\":\"ListItem\",\"position\":2,\"name\":\"L\u2019Europa si congeda dalla storia\"}]},{\"@type\":\"WebSite\",\"@id\":\"https:\\\/\\\/www.rassegnastampa-totustuus.it\\\/cattolica\\\/#website\",\"url\":\"https:\\\/\\\/www.rassegnastampa-totustuus.it\\\/cattolica\\\/\",\"name\":\"Rassegna Stampa Cattolica\",\"description\":\"Per una cultura che nasce dalla Rivelazione cristiana in conformit\u00e0 alla tradizione e al Magistero della Chiesa in opposizione ad ogni relativismo e totalitarismo\",\"publisher\":{\"@id\":\"https:\\\/\\\/www.rassegnastampa-totustuus.it\\\/cattolica\\\/#organization\"},\"alternateName\":\"Rass. Cattolica\",\"potentialAction\":[{\"@type\":\"SearchAction\",\"target\":{\"@type\":\"EntryPoint\",\"urlTemplate\":\"https:\\\/\\\/www.rassegnastampa-totustuus.it\\\/cattolica\\\/?s={search_term_string}\"},\"query-input\":{\"@type\":\"PropertyValueSpecification\",\"valueRequired\":true,\"valueName\":\"search_term_string\"}}],\"inLanguage\":\"it-IT\"},{\"@type\":\"Organization\",\"@id\":\"https:\\\/\\\/www.rassegnastampa-totustuus.it\\\/cattolica\\\/#organization\",\"name\":\"Rassegna Stampa Cattolica\",\"url\":\"https:\\\/\\\/www.rassegnastampa-totustuus.it\\\/cattolica\\\/\",\"logo\":{\"@type\":\"ImageObject\",\"inLanguage\":\"it-IT\",\"@id\":\"https:\\\/\\\/www.rassegnastampa-totustuus.it\\\/cattolica\\\/#\\\/schema\\\/logo\\\/image\\\/\",\"url\":\"https:\\\/\\\/www.rassegnastampa-totustuus.it\\\/cattolica\\\/wp-content\\\/uploads\\\/2014\\\/04\\\/logo-rassegna1.gif\",\"contentUrl\":\"https:\\\/\\\/www.rassegnastampa-totustuus.it\\\/cattolica\\\/wp-content\\\/uploads\\\/2014\\\/04\\\/logo-rassegna1.gif\",\"width\":600,\"height\":163,\"caption\":\"Rassegna Stampa Cattolica\"},\"image\":{\"@id\":\"https:\\\/\\\/www.rassegnastampa-totustuus.it\\\/cattolica\\\/#\\\/schema\\\/logo\\\/image\\\/\"},\"sameAs\":[\"https:\\\/\\\/www.facebook.com\\\/rassegnastampacattolica\",\"https:\\\/\\\/x.com\\\/rassegnastampa9\"]},{\"@type\":\"Person\",\"@id\":\"https:\\\/\\\/www.rassegnastampa-totustuus.it\\\/cattolica\\\/#\\\/schema\\\/person\\\/08f319d2bd1a0904ad9e2bfb7b15e5c3\",\"name\":\"Redazione\",\"image\":{\"@type\":\"ImageObject\",\"inLanguage\":\"it-IT\",\"@id\":\"https:\\\/\\\/secure.gravatar.com\\\/avatar\\\/2fcdf27c78ea025fbdb44e914cc63c72249ffec9dc8aafd5c82b26240ef3f346?s=96&d=mm&r=g\",\"url\":\"https:\\\/\\\/secure.gravatar.com\\\/avatar\\\/2fcdf27c78ea025fbdb44e914cc63c72249ffec9dc8aafd5c82b26240ef3f346?s=96&d=mm&r=g\",\"contentUrl\":\"https:\\\/\\\/secure.gravatar.com\\\/avatar\\\/2fcdf27c78ea025fbdb44e914cc63c72249ffec9dc8aafd5c82b26240ef3f346?s=96&d=mm&r=g\",\"caption\":\"Redazione\"},\"url\":\"https:\\\/\\\/www.rassegnastampa-totustuus.it\\\/cattolica\\\/author\\\/pietroelle\\\/\"}]}<\/script>\n<!-- \/ Yoast SEO plugin. -->","yoast_head_json":{"title":"L\u2019Europa si congeda dalla storia - Rassegna Stampa Cattolica","description":"Rassegna Stampa Cattolica - Per una cultura che nasce dalla Rivelazione cristiana in conformit\u00e0 alla tradizione e al Magistero della Chiesa in opposizione ad ogni relativismo e totalitarismo","robots":{"index":"index","follow":"follow","max-snippet":"max-snippet:-1","max-image-preview":"max-image-preview:large","max-video-preview":"max-video-preview:-1"},"canonical":"https:\/\/www.rassegnastampa-totustuus.it\/cattolica\/leuropa-si-congeda-dalla-storia\/","og_locale":"it_IT","og_type":"article","og_title":"L\u2019Europa si congeda dalla storia - Rassegna Stampa Cattolica","og_description":"Rassegna Stampa Cattolica - Per una cultura che nasce dalla Rivelazione cristiana in conformit\u00e0 alla tradizione e al Magistero della Chiesa in opposizione ad ogni relativismo e totalitarismo","og_url":"https:\/\/www.rassegnastampa-totustuus.it\/cattolica\/leuropa-si-congeda-dalla-storia\/","og_site_name":"Rassegna Stampa Cattolica","article_publisher":"https:\/\/www.facebook.com\/rassegnastampacattolica","article_published_time":"2009-04-27T10:42:21+00:00","article_modified_time":"2016-03-16T15:42:56+00:00","og_image":[{"width":170,"height":264,"url":"https:\/\/www.rassegnastampa-totustuus.it\/cattolica\/wp-content\/uploads\/2009\/04\/Introvigne_cover.jpg","type":"image\/jpeg"}],"author":"Redazione","twitter_card":"summary_large_image","twitter_creator":"@rassegnastampa9","twitter_site":"@rassegnastampa9","twitter_misc":{"Scritto da":"Redazione","Tempo di lettura stimato":"7 minuti"},"schema":{"@context":"https:\/\/schema.org","@graph":[{"@type":"Article","@id":"https:\/\/www.rassegnastampa-totustuus.it\/cattolica\/leuropa-si-congeda-dalla-storia\/#article","isPartOf":{"@id":"https:\/\/www.rassegnastampa-totustuus.it\/cattolica\/leuropa-si-congeda-dalla-storia\/"},"author":{"name":"Redazione","@id":"https:\/\/www.rassegnastampa-totustuus.it\/cattolica\/#\/schema\/person\/08f319d2bd1a0904ad9e2bfb7b15e5c3"},"headline":"L\u2019Europa si congeda dalla storia","datePublished":"2009-04-27T10:42:21+00:00","dateModified":"2016-03-16T15:42:56+00:00","mainEntityOfPage":{"@id":"https:\/\/www.rassegnastampa-totustuus.it\/cattolica\/leuropa-si-congeda-dalla-storia\/"},"wordCount":1327,"publisher":{"@id":"https:\/\/www.rassegnastampa-totustuus.it\/cattolica\/#organization"},"image":{"@id":"https:\/\/www.rassegnastampa-totustuus.it\/cattolica\/leuropa-si-congeda-dalla-storia\/#primaryimage"},"thumbnailUrl":"https:\/\/www.rassegnastampa-totustuus.it\/cattolica\/wp-content\/uploads\/2009\/04\/Introvigne_cover.jpg","keywords":["declino europeo","Ratisbona"],"articleSection":["Europa e UE","Islam dialogo"],"inLanguage":"it-IT"},{"@type":"WebPage","@id":"https:\/\/www.rassegnastampa-totustuus.it\/cattolica\/leuropa-si-congeda-dalla-storia\/","url":"https:\/\/www.rassegnastampa-totustuus.it\/cattolica\/leuropa-si-congeda-dalla-storia\/","name":"L\u2019Europa si congeda dalla storia - Rassegna Stampa Cattolica","isPartOf":{"@id":"https:\/\/www.rassegnastampa-totustuus.it\/cattolica\/#website"},"primaryImageOfPage":{"@id":"https:\/\/www.rassegnastampa-totustuus.it\/cattolica\/leuropa-si-congeda-dalla-storia\/#primaryimage"},"image":{"@id":"https:\/\/www.rassegnastampa-totustuus.it\/cattolica\/leuropa-si-congeda-dalla-storia\/#primaryimage"},"thumbnailUrl":"https:\/\/www.rassegnastampa-totustuus.it\/cattolica\/wp-content\/uploads\/2009\/04\/Introvigne_cover.jpg","datePublished":"2009-04-27T10:42:21+00:00","dateModified":"2016-03-16T15:42:56+00:00","description":"Rassegna Stampa Cattolica - Per una cultura che nasce dalla Rivelazione cristiana in conformit\u00e0 alla tradizione e al Magistero della Chiesa in opposizione ad ogni relativismo e totalitarismo","breadcrumb":{"@id":"https:\/\/www.rassegnastampa-totustuus.it\/cattolica\/leuropa-si-congeda-dalla-storia\/#breadcrumb"},"inLanguage":"it-IT","potentialAction":[{"@type":"ReadAction","target":["https:\/\/www.rassegnastampa-totustuus.it\/cattolica\/leuropa-si-congeda-dalla-storia\/"]}]},{"@type":"ImageObject","inLanguage":"it-IT","@id":"https:\/\/www.rassegnastampa-totustuus.it\/cattolica\/leuropa-si-congeda-dalla-storia\/#primaryimage","url":"https:\/\/www.rassegnastampa-totustuus.it\/cattolica\/wp-content\/uploads\/2009\/04\/Introvigne_cover.jpg","contentUrl":"https:\/\/www.rassegnastampa-totustuus.it\/cattolica\/wp-content\/uploads\/2009\/04\/Introvigne_cover.jpg","width":170,"height":264},{"@type":"BreadcrumbList","@id":"https:\/\/www.rassegnastampa-totustuus.it\/cattolica\/leuropa-si-congeda-dalla-storia\/#breadcrumb","itemListElement":[{"@type":"ListItem","position":1,"name":"Home","item":"https:\/\/www.rassegnastampa-totustuus.it\/cattolica\/"},{"@type":"ListItem","position":2,"name":"L\u2019Europa si congeda dalla storia"}]},{"@type":"WebSite","@id":"https:\/\/www.rassegnastampa-totustuus.it\/cattolica\/#website","url":"https:\/\/www.rassegnastampa-totustuus.it\/cattolica\/","name":"Rassegna Stampa Cattolica","description":"Per una cultura che nasce dalla Rivelazione cristiana in conformit\u00e0 alla tradizione e al Magistero della Chiesa in opposizione ad ogni relativismo e totalitarismo","publisher":{"@id":"https:\/\/www.rassegnastampa-totustuus.it\/cattolica\/#organization"},"alternateName":"Rass. Cattolica","potentialAction":[{"@type":"SearchAction","target":{"@type":"EntryPoint","urlTemplate":"https:\/\/www.rassegnastampa-totustuus.it\/cattolica\/?s={search_term_string}"},"query-input":{"@type":"PropertyValueSpecification","valueRequired":true,"valueName":"search_term_string"}}],"inLanguage":"it-IT"},{"@type":"Organization","@id":"https:\/\/www.rassegnastampa-totustuus.it\/cattolica\/#organization","name":"Rassegna Stampa Cattolica","url":"https:\/\/www.rassegnastampa-totustuus.it\/cattolica\/","logo":{"@type":"ImageObject","inLanguage":"it-IT","@id":"https:\/\/www.rassegnastampa-totustuus.it\/cattolica\/#\/schema\/logo\/image\/","url":"https:\/\/www.rassegnastampa-totustuus.it\/cattolica\/wp-content\/uploads\/2014\/04\/logo-rassegna1.gif","contentUrl":"https:\/\/www.rassegnastampa-totustuus.it\/cattolica\/wp-content\/uploads\/2014\/04\/logo-rassegna1.gif","width":600,"height":163,"caption":"Rassegna Stampa Cattolica"},"image":{"@id":"https:\/\/www.rassegnastampa-totustuus.it\/cattolica\/#\/schema\/logo\/image\/"},"sameAs":["https:\/\/www.facebook.com\/rassegnastampacattolica","https:\/\/x.com\/rassegnastampa9"]},{"@type":"Person","@id":"https:\/\/www.rassegnastampa-totustuus.it\/cattolica\/#\/schema\/person\/08f319d2bd1a0904ad9e2bfb7b15e5c3","name":"Redazione","image":{"@type":"ImageObject","inLanguage":"it-IT","@id":"https:\/\/secure.gravatar.com\/avatar\/2fcdf27c78ea025fbdb44e914cc63c72249ffec9dc8aafd5c82b26240ef3f346?s=96&d=mm&r=g","url":"https:\/\/secure.gravatar.com\/avatar\/2fcdf27c78ea025fbdb44e914cc63c72249ffec9dc8aafd5c82b26240ef3f346?s=96&d=mm&r=g","contentUrl":"https:\/\/secure.gravatar.com\/avatar\/2fcdf27c78ea025fbdb44e914cc63c72249ffec9dc8aafd5c82b26240ef3f346?s=96&d=mm&r=g","caption":"Redazione"},"url":"https:\/\/www.rassegnastampa-totustuus.it\/cattolica\/author\/pietroelle\/"}]}},"_links":{"self":[{"href":"https:\/\/www.rassegnastampa-totustuus.it\/cattolica\/wp-json\/wp\/v2\/posts\/3189","targetHints":{"allow":["GET"]}}],"collection":[{"href":"https:\/\/www.rassegnastampa-totustuus.it\/cattolica\/wp-json\/wp\/v2\/posts"}],"about":[{"href":"https:\/\/www.rassegnastampa-totustuus.it\/cattolica\/wp-json\/wp\/v2\/types\/post"}],"author":[{"embeddable":true,"href":"https:\/\/www.rassegnastampa-totustuus.it\/cattolica\/wp-json\/wp\/v2\/users\/6"}],"replies":[{"embeddable":true,"href":"https:\/\/www.rassegnastampa-totustuus.it\/cattolica\/wp-json\/wp\/v2\/comments?post=3189"}],"version-history":[{"count":4,"href":"https:\/\/www.rassegnastampa-totustuus.it\/cattolica\/wp-json\/wp\/v2\/posts\/3189\/revisions"}],"predecessor-version":[{"id":31876,"href":"https:\/\/www.rassegnastampa-totustuus.it\/cattolica\/wp-json\/wp\/v2\/posts\/3189\/revisions\/31876"}],"wp:featuredmedia":[{"embeddable":true,"href":"https:\/\/www.rassegnastampa-totustuus.it\/cattolica\/wp-json\/wp\/v2\/media\/31875"}],"wp:attachment":[{"href":"https:\/\/www.rassegnastampa-totustuus.it\/cattolica\/wp-json\/wp\/v2\/media?parent=3189"}],"wp:term":[{"taxonomy":"category","embeddable":true,"href":"https:\/\/www.rassegnastampa-totustuus.it\/cattolica\/wp-json\/wp\/v2\/categories?post=3189"},{"taxonomy":"post_tag","embeddable":true,"href":"https:\/\/www.rassegnastampa-totustuus.it\/cattolica\/wp-json\/wp\/v2\/tags?post=3189"}],"curies":[{"name":"wp","href":"https:\/\/api.w.org\/{rel}","templated":true}]}}