{"id":318,"date":"2005-01-20T18:35:56","date_gmt":"2005-01-20T17:35:56","guid":{"rendered":""},"modified":"2025-07-06T16:30:57","modified_gmt":"2025-07-06T14:30:57","slug":"quei-preti-martiri-del-18-aprile","status":"publish","type":"post","link":"https:\/\/www.rassegnastampa-totustuus.it\/cattolica\/quei-preti-martiri-del-18-aprile\/","title":{"rendered":"Quei preti martiri del 18 aprile"},"content":{"rendered":"\n<p class=\"has-text-align-center\">pubblicato su <strong><a href=\"https:\/\/www.avvenire.it\/\" target=\"_blank\" rel=\"noreferrer noopener\">Avvenire<\/a><\/strong> del 25 febbraio 2004<\/p>\n\n\n\n<p><strong>INCHIESTA\/8<\/strong> <em>La morte di 100 sacerdoti assassinati dai partigiani non fu inutile perch\u00e9 contribu\u00ec alla sconfitta del Pci alle elezioni del 1948: parla la storica Elena Aga-Rossi.<\/em><\/p>\n\n\n\n<p class=\"has-text-align-center\">di <strong>Roberto Beretta<\/strong><\/p>\n\n\n<div class=\"wp-block-image\">\n<figure class=\"aligncenter size-full is-resized\"><a href=\"https:\/\/www.rassegnastampa-totustuus.it\/cattolica\/wp-content\/uploads\/2005\/01\/voto_1948.jpg\"><img loading=\"lazy\" decoding=\"async\" width=\"187\" height=\"269\" src=\"https:\/\/www.rassegnastampa-totustuus.it\/cattolica\/wp-content\/uploads\/2005\/01\/voto_1948.jpg\" alt=\"\" class=\"wp-image-30867\" style=\"width:239px;height:auto\"\/><\/a><\/figure><\/div>\n\n\n<!--more-->\n\n\n\n<p><em>\u00abNon \u00e8 vero che Togliatti non parla mai in prima persona nei rapporti spediti a Mosca: i documenti sovietici dimostrano che gli alti dirigenti comunisti italiani non solo tolleravano le violenze sommarie, ma erano favorevoli a quei metodi\u00bb.<\/em><\/p>\n\n\n\n<p>Se la storia della resistenza dev&#8217;essere riscritta, un posto se lo meritano anche i tanti preti e cattolici uccisi dai partigiani comunisti. Elena Aga-Rossi \u00e8 avvezza (suo malgrado) alla polemica, almeno da quando &#8211; insieme al marito Victor Zaslavsky, storico come lei &#8211; ha cominciato a dragare gli archivi dell&#8217;ex Urss ripescandone un mare di documenti utili per rivedere la storia italiana: dai rapporti del Pci con la \u00abcasa madre\u00bb sovietica alla resistenza, appunto. <\/p>\n\n\n\n<p>Indagini che sono confluite nel volume su Togliatti e Stalin (Il Mulino), il quale &#8211; come si \u00e8 visto in una recente polemica con Mario Pirani che su Repubblica ha definito \u00abridicole\u00bb le tesi dei due storici &#8211; ancora non ha smesso di sollevare scintille a sinistra, visto come ne esce inzaccherata l&#8217;agiografia del \u00abMigliore\u00bb.<\/p>\n\n\n\n<h4 class=\"wp-block-heading\"><strong>Dunque, professoressa, si pu\u00f2 parlare di \u00abepurazione selvaggia\u00bb (espressione che lei usa per definire la guerra partigiana usata come lotta di classe) per i 100 preti italiani uccisi dai comunisti?<\/strong><\/h4>\n\n\n\n<p>\u00abCerto. In realt\u00e0 la repressione comunista s&#8217;indirizz\u00f2 contro categorie diverse. I preti hanno influenza nella comunit\u00e0, sono persone rappresentative e per questo venivano colpite. I possidenti invece sono una categoria di classe, da eliminare non per il loro influsso culturale ma per togliere un ostacolo alla rivoluzione sociale.<\/p>\n\n\n\n<p> I democristiani e gli altri esponenti antifascisti sono stati colpiti come anticomunisti, in quanto costituivano un&#8217;alternativa alla creazione di consenso intorno al Pci. Mi sembra insomma che l&#8217;inchiesta di <em>Avvenire<\/em> confermi la nostra teoria, che poi non \u00e8 solo la nostra: cio\u00e8 che quelle stragi non avvenivano per caso\u00bb.<\/p>\n\n\n\n<h4 class=\"wp-block-heading\"><strong>Vuol dire che c&#8217;era un progetto dietro quegli omicidi?<\/strong><\/h4>\n\n\n\n<p>\u00abNon esageriamo. Non sostengo che ci fosse una strategia capillare e generalizzata, piuttosto l&#8217;aspettativa concreta dei dirigenti locali del Pci che fosse imminente l&#8217;ora X per la rivoluzione. <\/p>\n\n\n\n<p>Perch\u00e9 \u00e8 vero che le alte sfere del partito chiedevano ufficialmente la moderazione e dichiaravano il rispetto dei metodi democratici, ma nello stesso tempo guardavano con condiscendenza a chi uccideva, secondo la nota logica dei &#8220;compagni che sbagliano&#8221;. <\/p>\n\n\n\n<p>Cos\u00ec, dopo l&#8217;orrenda strage compiuta da un commando comunista nel luglio 1945 nelle carceri di Schio (54 morti, in gran parte detenuti comuni), i responsabili trovano naturale andare in delegazione da Togliatti, il quale certo non li riceve; ma intanto l&#8217;atto indica un&#8217;accettazione generalizzata della violenza nel partito. Il quale poi non ha mai denunciato, mai, un assassino; anzi li ha protetti e li ha fatti fuggire all&#8217;estero. <\/p>\n\n\n\n<p>Questi dati si conoscono da tempo. I documenti usciti dagli archivi sovietici hanno aggiunto un altro elemento importante: che non solo i dirigenti centrali del Pci chiudevano un occhio sulla giustizia sommaria, ma erano anche favorevoli a quei metodi\u00bb.<\/p>\n\n\n\n<h4 class=\"wp-block-heading\"><strong>Dunque \u00abil Migliore\u00bb sapeva degli assassinii dei preti. E avallava<\/strong><\/h4>\n\n\n\n<p><span style=\"color: #000000;\">\u00abNon \u00e8 vero &#8211; come sostiene Pirani &#8211; che nella documentazione sovietica non siano mai citati di persona Togliatti o altri dirigenti del Pci. <\/span><\/p>\n\n\n\n<p><span style=\"color: #000000;\">Togliatti una volta fece rapporto all&#8217;ambasciatore sovietico cos\u00ec: &#8220;Gli angloamericani continuano a estendere il loro controllo nelle province del Nord, ci\u00f2 nondimeno i partigiani continuano le epurazioni. <\/span><\/p>\n\n\n\n<p><span style=\"color: #000000;\">Ad esempio a Ferrara hanno portato via dalle prigioni alcune decine di fascisti e ne hanno fucilati 17&#8243;. Quelle morti dunque non sono state il normale strascico di violenze che segue le guerre. <\/span><\/p>\n\n\n\n<p><span style=\"color: #000000;\">Colpisce pure che siano sempre e solo i partigiani comunisti a organizzare le esecuzioni, non quelli di altra provenienza politica. Ma \u00e8 soprattutto il clima d&#8217;intimidazione che si crea in quegli anni ad essere totalmente sottovalutato dalla storiografia: non si denunciavano i soprusi perch\u00e9 in certe regioni esisteva un controllo politico. <\/span><\/p>\n\n\n\n<p><span style=\"color: #000000;\">Una prova che dietro c&#8217;era una rete; che quelle morti non erano frutto dell&#8217;iniziativa dei singoli\u00bb.<\/span><\/p>\n\n\n\n<h4 class=\"wp-block-heading\"><span style=\"color: #000000;\"><strong>Possiamo dire per\u00f2 che il sangue di questi preti martiri ha contribuito alla vittoria democristiana del 18 aprile 1948?<\/strong><\/span><\/h4>\n\n\n\n<p><span style=\"color: #000000;\">\u00abPenso proprio di s\u00ec. Lo stesso Togliatti invit\u00f2 pi\u00f9 volte a smettere con le forme di partigianeria violenta che potevano essere controproducenti. Nel 1948 le figure dei preti uccisi erano state dimenticate a livello nazionale, ma non localmente. Vedendo quei morti, la gente si \u00e8 rafforzata nelle sue idee sulla violenza del comunismo. Ed ha votato contro\u00bb.<\/span><\/p>\n\n\n\n<h4 class=\"wp-block-heading\"><span style=\"color: #000000;\"><strong>Il caso dei preti assassinati pu\u00f2 fornire qualche elemento in pi\u00f9 per la comprensione della resistenza?<\/strong><\/span><\/h4>\n\n\n\n<p><span style=\"color: #000000;\">\u00abIn un certo senso. Per esempio il fatto che una quarantina di sacerdoti venga uccisa da partigiani prima della liberazione mostra un quadro ben diverso della resistenza come unitaria &#8220;lotta di popolo&#8221;. <\/span><\/p>\n\n\n\n<p><span style=\"color: #000000;\">Alcuni preti erano stati compromessi con la Repubblica sociale, o furono infatuati dal fascismo, quindi erano obiettivi politici diretti della guerra civile; si \u00e8 sottovalutato il consenso al fascismo e alla Rsi sino alla fine, ma d&#8217;altra parte anche il peso dei cattolici nella resistenza: io stessa davo per scontato che a Reggio Emilia fossero entrati per primi i comunisti, il 25 aprile, e invece ho imparato da <em>Avvenire <\/em>che fu un partigiano cattolico, poi vittima delle stragi\u00bb.<\/span><\/p>\n\n\n\n<h4 class=\"wp-block-heading\"><span style=\"color: #000000;\"><strong>Lei crede che queste ferite non rimarginate siano ancora vive, soprattutto in provincia?<\/strong><\/span><\/h4>\n\n\n\n<p><span style=\"color: #000000;\">\u00abNon c&#8217;\u00e8 dubbio: la Repubblica \u00e8 nata su una serie di falsificazioni allora inevitabili e necessarie &#8211; come quella che la maggior parte degli italiani fosse antifascista &#8211; ma che oggi non lo sono pi\u00f9. Il fatto che tale immagine sia continuata e sia diventata retorica non ha contribuito alla nascita di una storia comune, o almeno accettata se non condivisa\u00bb.<\/span><\/p>\n\n\n\n<h4 class=\"wp-block-heading\"><span style=\"color: #000000;\"><strong>Per fare autocritica: nemmeno i cattolici (a parte qualche eccezione) pare che abbiano onorato molto quei martiri&#8230;<\/strong><\/span><\/h4>\n\n\n\n<p><span style=\"color: #000000;\">\u00abLa Chiesa italiana del dopoguerra \u00e8 stata fortemente anticomunista, quindi non si capisce perch\u00e9 dovesse aver paura nel condannare le stragi. Se non l&#8217;ha fatto a sufficienza, forse c&#8217;era dietro il timore che qualcuno rievocasse una certa adesione del clero al fascismo. <\/span><\/p>\n\n\n\n<p><span style=\"color: #000000;\">Oppure la necessit\u00e0 di mettere da parte le divisioni ideologiche per ricostruire un Paese dilaniato. Ma questo sarebbe certamente un tema da investigare. Cos\u00ec come capire il motivo di certi silenzi, del permanere dell&#8217;omert\u00e0 su quei delitti. Ancora oggi\u00bb<\/span><\/p>\n\n\n\n<p class=\"has-text-align-center\">______________________________________<\/p>\n\n\n\n<p><strong>Le altre puntate dell\u2019inchiesta:<\/strong><\/p>\n\n\n\n<p><strong>1 &#8211; <a href=\"https:\/\/www.rassegnastampa-totustuus.it\/cattolica\/?p=311\" target=\"_blank\" rel=\"noreferrer noopener\">Stragi partigiane: il triangolo dei preti<\/a><\/strong><\/p>\n\n\n\n<p><strong>2 &#8211; <a href=\"https:\/\/www.rassegnastampa-totustuus.it\/cattolica\/?p=312\" target=\"_blank\" rel=\"noreferrer noopener\">Partigiani all\u2019assalto del don<\/a><\/strong><\/p>\n\n\n\n<p><strong>3 &#8211; <a href=\"https:\/\/www.rassegnastampa-totustuus.it\/cattolica\/?p=313\" target=\"_blank\" rel=\"noreferrer noopener\">Ombre rosse in canonica<\/a><\/strong><\/p>\n\n\n\n<p><strong>4 &#8211; <a href=\"https:\/\/www.rassegnastampa-totustuus.it\/cattolica\/?p=314\" target=\"_blank\" rel=\"noreferrer noopener\">E Peppone spar\u00f2 a don Camillo<\/a><\/strong><\/p>\n\n\n\n<p><strong>5 &#8211; <a href=\"https:\/\/www.rassegnastampa-totustuus.it\/cattolica\/?p=315\" target=\"_blank\" rel=\"noreferrer noopener\">Brigate contro il Biancofiore<\/a><\/strong><\/p>\n\n\n\n<p><strong>6 &#8211; <a href=\"https:\/\/www.rassegnastampa-totustuus.it\/cattolica\/?p=316\" target=\"_blank\" rel=\"noreferrer noopener\">Falce &amp; coppola, la repubblica del Sud<\/a><\/strong><\/p>\n\n\n\n<p><strong>7 &#8211; <a href=\"https:\/\/www.rassegnastampa-totustuus.it\/cattolica\/?p=317\" target=\"_blank\" rel=\"noreferrer noopener\">La resistenza cannibale<\/a><\/strong><\/p>\n\n\n\n<p><strong>Nota:<\/strong> <strong><em>Leggi anche:<\/em><\/strong><\/p>\n\n\n\n<p><strong><em><a href=\"https:\/\/www.rassegnastampa-totustuus.it\/cattolica\/?p=1063\" target=\"_blank\" rel=\"noreferrer noopener\">Dimenticati<\/a> <\/em><\/strong><em>Paolo De Marchi, <strong>Il Timone<\/strong> &#8211; n. 11 Gennaio\/Febbraio 2001<\/em><\/p>\n\n\n\n<p><em>Una pagina rimossa della nostra storia. Centinaia di cattolici, sacerdoti e laici, uccisi dai partigiani comunisti nell&#8217;immediato dopoguerra. In odio alla fede e alla Chiesa. I testimoni tacciono. I libri di testo nascondono la verit\u00e0. Vilt\u00e0, paura o complicit\u00e0?<\/em><\/p>\n","protected":false},"excerpt":{"rendered":"<p>pubblicato su Avvenire del 25 febbraio 2004 INCHIESTA\/8 La morte di 100 sacerdoti assassinati dai partigiani non fu inutile perch\u00e9 contribu\u00ec alla sconfitta del Pci alle elezioni del 1948: parla la storica Elena Aga-Rossi. di Roberto Beretta<\/p><p><a class=\"more-link btn\" href=\"https:\/\/www.rassegnastampa-totustuus.it\/cattolica\/quei-preti-martiri-del-18-aprile\/\">Continua a leggere<\/a><\/p>\n","protected":false},"author":6,"featured_media":30867,"comment_status":"open","ping_status":"open","sticky":false,"template":"","format":"standard","meta":{"footnotes":""},"categories":[82,44,100,96],"tags":[854,855],"class_list":["post-318","post","type-post","status-publish","format-standard","has-post-thumbnail","hentry","category-comunismo-in-italia","category-cristiani-perseguitati","category-resistenza","category-storia-italiana","tag-anticomunismo","tag-palmiro-togliatti","item-wrap"],"yoast_head":"<!-- This site is optimized with the Yoast SEO plugin v27.5 - https:\/\/yoast.com\/product\/yoast-seo-wordpress\/ -->\n<title>Quei preti martiri del 18 aprile - Rassegna Stampa Cattolica<\/title>\n<meta name=\"description\" content=\"Quei preti martiri del 18 aprile. La morte di 100 sacerdoti assassinati dai partigiani non fu inutile perch\u00e9 contribu\u00ec alla sconfitta del Pci\" \/>\n<meta name=\"robots\" content=\"index, follow, max-snippet:-1, max-image-preview:large, max-video-preview:-1\" \/>\n<link rel=\"canonical\" href=\"https:\/\/www.rassegnastampa-totustuus.it\/cattolica\/quei-preti-martiri-del-18-aprile\/\" \/>\n<meta property=\"og:locale\" content=\"it_IT\" \/>\n<meta property=\"og:type\" content=\"article\" \/>\n<meta property=\"og:title\" content=\"Quei preti martiri del 18 aprile - Rassegna Stampa Cattolica\" \/>\n<meta property=\"og:description\" content=\"Quei preti martiri del 18 aprile. La morte di 100 sacerdoti assassinati dai partigiani non fu inutile perch\u00e9 contribu\u00ec alla sconfitta del Pci\" \/>\n<meta property=\"og:url\" content=\"https:\/\/www.rassegnastampa-totustuus.it\/cattolica\/quei-preti-martiri-del-18-aprile\/\" \/>\n<meta property=\"og:site_name\" content=\"Rassegna Stampa Cattolica\" \/>\n<meta property=\"article:publisher\" content=\"https:\/\/www.facebook.com\/rassegnastampacattolica\" \/>\n<meta property=\"article:published_time\" content=\"2005-01-20T17:35:56+00:00\" \/>\n<meta property=\"article:modified_time\" content=\"2025-07-06T14:30:57+00:00\" \/>\n<meta property=\"og:image\" content=\"https:\/\/www.rassegnastampa-totustuus.it\/cattolica\/wp-content\/uploads\/2005\/01\/voto_1948.jpg\" \/>\n\t<meta property=\"og:image:width\" content=\"187\" \/>\n\t<meta property=\"og:image:height\" content=\"269\" \/>\n\t<meta property=\"og:image:type\" content=\"image\/jpeg\" \/>\n<meta name=\"author\" content=\"Redazione\" \/>\n<meta name=\"twitter:card\" content=\"summary_large_image\" \/>\n<meta name=\"twitter:creator\" content=\"@rassegnastampa9\" \/>\n<meta name=\"twitter:site\" content=\"@rassegnastampa9\" \/>\n<meta name=\"twitter:label1\" content=\"Scritto da\" \/>\n\t<meta name=\"twitter:data1\" content=\"Redazione\" \/>\n\t<meta name=\"twitter:label2\" content=\"Tempo di lettura stimato\" \/>\n\t<meta name=\"twitter:data2\" content=\"7 minuti\" \/>\n<script type=\"application\/ld+json\" class=\"yoast-schema-graph\">{\"@context\":\"https:\\\/\\\/schema.org\",\"@graph\":[{\"@type\":\"Article\",\"@id\":\"https:\\\/\\\/www.rassegnastampa-totustuus.it\\\/cattolica\\\/quei-preti-martiri-del-18-aprile\\\/#article\",\"isPartOf\":{\"@id\":\"https:\\\/\\\/www.rassegnastampa-totustuus.it\\\/cattolica\\\/quei-preti-martiri-del-18-aprile\\\/\"},\"author\":{\"name\":\"Redazione\",\"@id\":\"https:\\\/\\\/www.rassegnastampa-totustuus.it\\\/cattolica\\\/#\\\/schema\\\/person\\\/08f319d2bd1a0904ad9e2bfb7b15e5c3\"},\"headline\":\"Quei preti martiri del 18 aprile\",\"datePublished\":\"2005-01-20T17:35:56+00:00\",\"dateModified\":\"2025-07-06T14:30:57+00:00\",\"mainEntityOfPage\":{\"@id\":\"https:\\\/\\\/www.rassegnastampa-totustuus.it\\\/cattolica\\\/quei-preti-martiri-del-18-aprile\\\/\"},\"wordCount\":1151,\"commentCount\":0,\"publisher\":{\"@id\":\"https:\\\/\\\/www.rassegnastampa-totustuus.it\\\/cattolica\\\/#organization\"},\"image\":{\"@id\":\"https:\\\/\\\/www.rassegnastampa-totustuus.it\\\/cattolica\\\/quei-preti-martiri-del-18-aprile\\\/#primaryimage\"},\"thumbnailUrl\":\"https:\\\/\\\/www.rassegnastampa-totustuus.it\\\/cattolica\\\/wp-content\\\/uploads\\\/2005\\\/01\\\/voto_1948.jpg\",\"keywords\":[\"anticomunismo\",\"Palmiro Togliatti\"],\"articleSection\":[\"Comunismo in Italia\",\"Cristiani perseguitati\",\"Resistenza\",\"Storia italiana\"],\"inLanguage\":\"it-IT\",\"potentialAction\":[{\"@type\":\"CommentAction\",\"name\":\"Comment\",\"target\":[\"https:\\\/\\\/www.rassegnastampa-totustuus.it\\\/cattolica\\\/quei-preti-martiri-del-18-aprile\\\/#respond\"]}]},{\"@type\":\"WebPage\",\"@id\":\"https:\\\/\\\/www.rassegnastampa-totustuus.it\\\/cattolica\\\/quei-preti-martiri-del-18-aprile\\\/\",\"url\":\"https:\\\/\\\/www.rassegnastampa-totustuus.it\\\/cattolica\\\/quei-preti-martiri-del-18-aprile\\\/\",\"name\":\"Quei preti martiri del 18 aprile - Rassegna Stampa Cattolica\",\"isPartOf\":{\"@id\":\"https:\\\/\\\/www.rassegnastampa-totustuus.it\\\/cattolica\\\/#website\"},\"primaryImageOfPage\":{\"@id\":\"https:\\\/\\\/www.rassegnastampa-totustuus.it\\\/cattolica\\\/quei-preti-martiri-del-18-aprile\\\/#primaryimage\"},\"image\":{\"@id\":\"https:\\\/\\\/www.rassegnastampa-totustuus.it\\\/cattolica\\\/quei-preti-martiri-del-18-aprile\\\/#primaryimage\"},\"thumbnailUrl\":\"https:\\\/\\\/www.rassegnastampa-totustuus.it\\\/cattolica\\\/wp-content\\\/uploads\\\/2005\\\/01\\\/voto_1948.jpg\",\"datePublished\":\"2005-01-20T17:35:56+00:00\",\"dateModified\":\"2025-07-06T14:30:57+00:00\",\"description\":\"Quei preti martiri del 18 aprile. La morte di 100 sacerdoti assassinati dai partigiani non fu inutile perch\u00e9 contribu\u00ec alla sconfitta del Pci\",\"breadcrumb\":{\"@id\":\"https:\\\/\\\/www.rassegnastampa-totustuus.it\\\/cattolica\\\/quei-preti-martiri-del-18-aprile\\\/#breadcrumb\"},\"inLanguage\":\"it-IT\",\"potentialAction\":[{\"@type\":\"ReadAction\",\"target\":[\"https:\\\/\\\/www.rassegnastampa-totustuus.it\\\/cattolica\\\/quei-preti-martiri-del-18-aprile\\\/\"]}]},{\"@type\":\"ImageObject\",\"inLanguage\":\"it-IT\",\"@id\":\"https:\\\/\\\/www.rassegnastampa-totustuus.it\\\/cattolica\\\/quei-preti-martiri-del-18-aprile\\\/#primaryimage\",\"url\":\"https:\\\/\\\/www.rassegnastampa-totustuus.it\\\/cattolica\\\/wp-content\\\/uploads\\\/2005\\\/01\\\/voto_1948.jpg\",\"contentUrl\":\"https:\\\/\\\/www.rassegnastampa-totustuus.it\\\/cattolica\\\/wp-content\\\/uploads\\\/2005\\\/01\\\/voto_1948.jpg\",\"width\":187,\"height\":269},{\"@type\":\"BreadcrumbList\",\"@id\":\"https:\\\/\\\/www.rassegnastampa-totustuus.it\\\/cattolica\\\/quei-preti-martiri-del-18-aprile\\\/#breadcrumb\",\"itemListElement\":[{\"@type\":\"ListItem\",\"position\":1,\"name\":\"Home\",\"item\":\"https:\\\/\\\/www.rassegnastampa-totustuus.it\\\/cattolica\\\/\"},{\"@type\":\"ListItem\",\"position\":2,\"name\":\"Quei preti martiri del 18 aprile\"}]},{\"@type\":\"WebSite\",\"@id\":\"https:\\\/\\\/www.rassegnastampa-totustuus.it\\\/cattolica\\\/#website\",\"url\":\"https:\\\/\\\/www.rassegnastampa-totustuus.it\\\/cattolica\\\/\",\"name\":\"Rassegna Stampa Cattolica\",\"description\":\"Per una cultura che nasce dalla Rivelazione cristiana in conformit\u00e0 alla tradizione e al Magistero della Chiesa in opposizione ad ogni relativismo e totalitarismo\",\"publisher\":{\"@id\":\"https:\\\/\\\/www.rassegnastampa-totustuus.it\\\/cattolica\\\/#organization\"},\"alternateName\":\"Rass. Cattolica\",\"potentialAction\":[{\"@type\":\"SearchAction\",\"target\":{\"@type\":\"EntryPoint\",\"urlTemplate\":\"https:\\\/\\\/www.rassegnastampa-totustuus.it\\\/cattolica\\\/?s={search_term_string}\"},\"query-input\":{\"@type\":\"PropertyValueSpecification\",\"valueRequired\":true,\"valueName\":\"search_term_string\"}}],\"inLanguage\":\"it-IT\"},{\"@type\":\"Organization\",\"@id\":\"https:\\\/\\\/www.rassegnastampa-totustuus.it\\\/cattolica\\\/#organization\",\"name\":\"Rassegna Stampa Cattolica\",\"url\":\"https:\\\/\\\/www.rassegnastampa-totustuus.it\\\/cattolica\\\/\",\"logo\":{\"@type\":\"ImageObject\",\"inLanguage\":\"it-IT\",\"@id\":\"https:\\\/\\\/www.rassegnastampa-totustuus.it\\\/cattolica\\\/#\\\/schema\\\/logo\\\/image\\\/\",\"url\":\"https:\\\/\\\/www.rassegnastampa-totustuus.it\\\/cattolica\\\/wp-content\\\/uploads\\\/2014\\\/04\\\/logo-rassegna1.gif\",\"contentUrl\":\"https:\\\/\\\/www.rassegnastampa-totustuus.it\\\/cattolica\\\/wp-content\\\/uploads\\\/2014\\\/04\\\/logo-rassegna1.gif\",\"width\":600,\"height\":163,\"caption\":\"Rassegna Stampa Cattolica\"},\"image\":{\"@id\":\"https:\\\/\\\/www.rassegnastampa-totustuus.it\\\/cattolica\\\/#\\\/schema\\\/logo\\\/image\\\/\"},\"sameAs\":[\"https:\\\/\\\/www.facebook.com\\\/rassegnastampacattolica\",\"https:\\\/\\\/x.com\\\/rassegnastampa9\"]},{\"@type\":\"Person\",\"@id\":\"https:\\\/\\\/www.rassegnastampa-totustuus.it\\\/cattolica\\\/#\\\/schema\\\/person\\\/08f319d2bd1a0904ad9e2bfb7b15e5c3\",\"name\":\"Redazione\",\"image\":{\"@type\":\"ImageObject\",\"inLanguage\":\"it-IT\",\"@id\":\"https:\\\/\\\/secure.gravatar.com\\\/avatar\\\/2fcdf27c78ea025fbdb44e914cc63c72249ffec9dc8aafd5c82b26240ef3f346?s=96&d=mm&r=g\",\"url\":\"https:\\\/\\\/secure.gravatar.com\\\/avatar\\\/2fcdf27c78ea025fbdb44e914cc63c72249ffec9dc8aafd5c82b26240ef3f346?s=96&d=mm&r=g\",\"contentUrl\":\"https:\\\/\\\/secure.gravatar.com\\\/avatar\\\/2fcdf27c78ea025fbdb44e914cc63c72249ffec9dc8aafd5c82b26240ef3f346?s=96&d=mm&r=g\",\"caption\":\"Redazione\"},\"url\":\"https:\\\/\\\/www.rassegnastampa-totustuus.it\\\/cattolica\\\/author\\\/pietroelle\\\/\"}]}<\/script>\n<!-- \/ Yoast SEO plugin. -->","yoast_head_json":{"title":"Quei preti martiri del 18 aprile - Rassegna Stampa Cattolica","description":"Quei preti martiri del 18 aprile. La morte di 100 sacerdoti assassinati dai partigiani non fu inutile perch\u00e9 contribu\u00ec alla sconfitta del Pci","robots":{"index":"index","follow":"follow","max-snippet":"max-snippet:-1","max-image-preview":"max-image-preview:large","max-video-preview":"max-video-preview:-1"},"canonical":"https:\/\/www.rassegnastampa-totustuus.it\/cattolica\/quei-preti-martiri-del-18-aprile\/","og_locale":"it_IT","og_type":"article","og_title":"Quei preti martiri del 18 aprile - Rassegna Stampa Cattolica","og_description":"Quei preti martiri del 18 aprile. La morte di 100 sacerdoti assassinati dai partigiani non fu inutile perch\u00e9 contribu\u00ec alla sconfitta del Pci","og_url":"https:\/\/www.rassegnastampa-totustuus.it\/cattolica\/quei-preti-martiri-del-18-aprile\/","og_site_name":"Rassegna Stampa Cattolica","article_publisher":"https:\/\/www.facebook.com\/rassegnastampacattolica","article_published_time":"2005-01-20T17:35:56+00:00","article_modified_time":"2025-07-06T14:30:57+00:00","og_image":[{"width":187,"height":269,"url":"https:\/\/www.rassegnastampa-totustuus.it\/cattolica\/wp-content\/uploads\/2005\/01\/voto_1948.jpg","type":"image\/jpeg"}],"author":"Redazione","twitter_card":"summary_large_image","twitter_creator":"@rassegnastampa9","twitter_site":"@rassegnastampa9","twitter_misc":{"Scritto da":"Redazione","Tempo di lettura stimato":"7 minuti"},"schema":{"@context":"https:\/\/schema.org","@graph":[{"@type":"Article","@id":"https:\/\/www.rassegnastampa-totustuus.it\/cattolica\/quei-preti-martiri-del-18-aprile\/#article","isPartOf":{"@id":"https:\/\/www.rassegnastampa-totustuus.it\/cattolica\/quei-preti-martiri-del-18-aprile\/"},"author":{"name":"Redazione","@id":"https:\/\/www.rassegnastampa-totustuus.it\/cattolica\/#\/schema\/person\/08f319d2bd1a0904ad9e2bfb7b15e5c3"},"headline":"Quei preti martiri del 18 aprile","datePublished":"2005-01-20T17:35:56+00:00","dateModified":"2025-07-06T14:30:57+00:00","mainEntityOfPage":{"@id":"https:\/\/www.rassegnastampa-totustuus.it\/cattolica\/quei-preti-martiri-del-18-aprile\/"},"wordCount":1151,"commentCount":0,"publisher":{"@id":"https:\/\/www.rassegnastampa-totustuus.it\/cattolica\/#organization"},"image":{"@id":"https:\/\/www.rassegnastampa-totustuus.it\/cattolica\/quei-preti-martiri-del-18-aprile\/#primaryimage"},"thumbnailUrl":"https:\/\/www.rassegnastampa-totustuus.it\/cattolica\/wp-content\/uploads\/2005\/01\/voto_1948.jpg","keywords":["anticomunismo","Palmiro Togliatti"],"articleSection":["Comunismo in Italia","Cristiani perseguitati","Resistenza","Storia italiana"],"inLanguage":"it-IT","potentialAction":[{"@type":"CommentAction","name":"Comment","target":["https:\/\/www.rassegnastampa-totustuus.it\/cattolica\/quei-preti-martiri-del-18-aprile\/#respond"]}]},{"@type":"WebPage","@id":"https:\/\/www.rassegnastampa-totustuus.it\/cattolica\/quei-preti-martiri-del-18-aprile\/","url":"https:\/\/www.rassegnastampa-totustuus.it\/cattolica\/quei-preti-martiri-del-18-aprile\/","name":"Quei preti martiri del 18 aprile - Rassegna Stampa Cattolica","isPartOf":{"@id":"https:\/\/www.rassegnastampa-totustuus.it\/cattolica\/#website"},"primaryImageOfPage":{"@id":"https:\/\/www.rassegnastampa-totustuus.it\/cattolica\/quei-preti-martiri-del-18-aprile\/#primaryimage"},"image":{"@id":"https:\/\/www.rassegnastampa-totustuus.it\/cattolica\/quei-preti-martiri-del-18-aprile\/#primaryimage"},"thumbnailUrl":"https:\/\/www.rassegnastampa-totustuus.it\/cattolica\/wp-content\/uploads\/2005\/01\/voto_1948.jpg","datePublished":"2005-01-20T17:35:56+00:00","dateModified":"2025-07-06T14:30:57+00:00","description":"Quei preti martiri del 18 aprile. La morte di 100 sacerdoti assassinati dai partigiani non fu inutile perch\u00e9 contribu\u00ec alla sconfitta del Pci","breadcrumb":{"@id":"https:\/\/www.rassegnastampa-totustuus.it\/cattolica\/quei-preti-martiri-del-18-aprile\/#breadcrumb"},"inLanguage":"it-IT","potentialAction":[{"@type":"ReadAction","target":["https:\/\/www.rassegnastampa-totustuus.it\/cattolica\/quei-preti-martiri-del-18-aprile\/"]}]},{"@type":"ImageObject","inLanguage":"it-IT","@id":"https:\/\/www.rassegnastampa-totustuus.it\/cattolica\/quei-preti-martiri-del-18-aprile\/#primaryimage","url":"https:\/\/www.rassegnastampa-totustuus.it\/cattolica\/wp-content\/uploads\/2005\/01\/voto_1948.jpg","contentUrl":"https:\/\/www.rassegnastampa-totustuus.it\/cattolica\/wp-content\/uploads\/2005\/01\/voto_1948.jpg","width":187,"height":269},{"@type":"BreadcrumbList","@id":"https:\/\/www.rassegnastampa-totustuus.it\/cattolica\/quei-preti-martiri-del-18-aprile\/#breadcrumb","itemListElement":[{"@type":"ListItem","position":1,"name":"Home","item":"https:\/\/www.rassegnastampa-totustuus.it\/cattolica\/"},{"@type":"ListItem","position":2,"name":"Quei preti martiri del 18 aprile"}]},{"@type":"WebSite","@id":"https:\/\/www.rassegnastampa-totustuus.it\/cattolica\/#website","url":"https:\/\/www.rassegnastampa-totustuus.it\/cattolica\/","name":"Rassegna Stampa Cattolica","description":"Per una cultura che nasce dalla Rivelazione cristiana in conformit\u00e0 alla tradizione e al Magistero della Chiesa in opposizione ad ogni relativismo e totalitarismo","publisher":{"@id":"https:\/\/www.rassegnastampa-totustuus.it\/cattolica\/#organization"},"alternateName":"Rass. Cattolica","potentialAction":[{"@type":"SearchAction","target":{"@type":"EntryPoint","urlTemplate":"https:\/\/www.rassegnastampa-totustuus.it\/cattolica\/?s={search_term_string}"},"query-input":{"@type":"PropertyValueSpecification","valueRequired":true,"valueName":"search_term_string"}}],"inLanguage":"it-IT"},{"@type":"Organization","@id":"https:\/\/www.rassegnastampa-totustuus.it\/cattolica\/#organization","name":"Rassegna Stampa Cattolica","url":"https:\/\/www.rassegnastampa-totustuus.it\/cattolica\/","logo":{"@type":"ImageObject","inLanguage":"it-IT","@id":"https:\/\/www.rassegnastampa-totustuus.it\/cattolica\/#\/schema\/logo\/image\/","url":"https:\/\/www.rassegnastampa-totustuus.it\/cattolica\/wp-content\/uploads\/2014\/04\/logo-rassegna1.gif","contentUrl":"https:\/\/www.rassegnastampa-totustuus.it\/cattolica\/wp-content\/uploads\/2014\/04\/logo-rassegna1.gif","width":600,"height":163,"caption":"Rassegna Stampa Cattolica"},"image":{"@id":"https:\/\/www.rassegnastampa-totustuus.it\/cattolica\/#\/schema\/logo\/image\/"},"sameAs":["https:\/\/www.facebook.com\/rassegnastampacattolica","https:\/\/x.com\/rassegnastampa9"]},{"@type":"Person","@id":"https:\/\/www.rassegnastampa-totustuus.it\/cattolica\/#\/schema\/person\/08f319d2bd1a0904ad9e2bfb7b15e5c3","name":"Redazione","image":{"@type":"ImageObject","inLanguage":"it-IT","@id":"https:\/\/secure.gravatar.com\/avatar\/2fcdf27c78ea025fbdb44e914cc63c72249ffec9dc8aafd5c82b26240ef3f346?s=96&d=mm&r=g","url":"https:\/\/secure.gravatar.com\/avatar\/2fcdf27c78ea025fbdb44e914cc63c72249ffec9dc8aafd5c82b26240ef3f346?s=96&d=mm&r=g","contentUrl":"https:\/\/secure.gravatar.com\/avatar\/2fcdf27c78ea025fbdb44e914cc63c72249ffec9dc8aafd5c82b26240ef3f346?s=96&d=mm&r=g","caption":"Redazione"},"url":"https:\/\/www.rassegnastampa-totustuus.it\/cattolica\/author\/pietroelle\/"}]}},"_links":{"self":[{"href":"https:\/\/www.rassegnastampa-totustuus.it\/cattolica\/wp-json\/wp\/v2\/posts\/318","targetHints":{"allow":["GET"]}}],"collection":[{"href":"https:\/\/www.rassegnastampa-totustuus.it\/cattolica\/wp-json\/wp\/v2\/posts"}],"about":[{"href":"https:\/\/www.rassegnastampa-totustuus.it\/cattolica\/wp-json\/wp\/v2\/types\/post"}],"author":[{"embeddable":true,"href":"https:\/\/www.rassegnastampa-totustuus.it\/cattolica\/wp-json\/wp\/v2\/users\/6"}],"replies":[{"embeddable":true,"href":"https:\/\/www.rassegnastampa-totustuus.it\/cattolica\/wp-json\/wp\/v2\/comments?post=318"}],"version-history":[{"count":5,"href":"https:\/\/www.rassegnastampa-totustuus.it\/cattolica\/wp-json\/wp\/v2\/posts\/318\/revisions"}],"predecessor-version":[{"id":62956,"href":"https:\/\/www.rassegnastampa-totustuus.it\/cattolica\/wp-json\/wp\/v2\/posts\/318\/revisions\/62956"}],"wp:featuredmedia":[{"embeddable":true,"href":"https:\/\/www.rassegnastampa-totustuus.it\/cattolica\/wp-json\/wp\/v2\/media\/30867"}],"wp:attachment":[{"href":"https:\/\/www.rassegnastampa-totustuus.it\/cattolica\/wp-json\/wp\/v2\/media?parent=318"}],"wp:term":[{"taxonomy":"category","embeddable":true,"href":"https:\/\/www.rassegnastampa-totustuus.it\/cattolica\/wp-json\/wp\/v2\/categories?post=318"},{"taxonomy":"post_tag","embeddable":true,"href":"https:\/\/www.rassegnastampa-totustuus.it\/cattolica\/wp-json\/wp\/v2\/tags?post=318"}],"curies":[{"name":"wp","href":"https:\/\/api.w.org\/{rel}","templated":true}]}}