{"id":31789,"date":"2015-08-15T00:00:40","date_gmt":"2015-08-14T22:00:40","guid":{"rendered":"http:\/\/www.rassegnastampa-totustuus.it\/cattolica\/?p=31789"},"modified":"2016-03-15T16:42:34","modified_gmt":"2016-03-15T15:42:34","slug":"torquemada-il-grande-inquisitore-si-scopre-garantista","status":"publish","type":"post","link":"https:\/\/www.rassegnastampa-totustuus.it\/cattolica\/torquemada-il-grande-inquisitore-si-scopre-garantista\/","title":{"rendered":"Torquemada. Il Grande Inquisitore si scopre garantista"},"content":{"rendered":"<div id=\"attachment_31790\" style=\"width: 173px\" class=\"wp-caption alignleft\"><img loading=\"lazy\" decoding=\"async\" aria-describedby=\"caption-attachment-31790\" class=\"wp-image-31790\" src=\"https:\/\/www.rassegnastampa-totustuus.it\/cattolica\/wp-content\/uploads\/2016\/03\/Torquemada.jpg\" alt=\"Torquemada\" width=\"173\" height=\"200\" \/><p id=\"caption-attachment-31790\" class=\"wp-caption-text\">Tomas de Torquemada<\/p><\/div>\n<p style=\"text-align: center;\"><strong>Panorama <\/strong>13 agosto 1998<\/p>\n<p><em>\u00c8 stato per secoli il simbolo della persecuzione cattolica. Ma una nuova corrente di studi rivaluta la sua figura. E un convegno in Vaticano sveler\u00e0 cosa c&#8217;era sotto la maschera del torturatore.<\/em><\/p>\n<p style=\"text-align: center;\">\u00a0di<strong> Giorgio Ieran\u00f2<\/strong><\/p>\n<p>\u00a0<!--more--><\/p>\n<p style=\"text-align: justify;\">\u00abTorquemada!\u00bb grid\u00f2 la fanciulla con orrore, riconoscendo il volto spiritato del Grande inquisitore. Il domenicano si avvicinava, con le sue mani scheletriche, ai seni palpitanti della donna. E la fanciulla tremava, sapendo che si sarebbe salvata dalla tortura e dal rogo solo se avesse ceduto alle voglie di quel frate&#8230; Si raccontava cos\u00ec fino a non molti anni fa, la storia dell&#8217;Inquisizione spagnola: La novella della fanciulla e del frate si trova in un libro italiano del 1966, che per\u00f2 copia da un libro francese del 1923, a sua volta ispirato da una fitta schiera di romanzi d&#8217;appendice dell&#8217;Ottocento, i quali peraltro attingevano a larghe mani dalla propaganda anticattolica di stampo protestante e illuministico.<\/p>\n<p style=\"text-align: justify;\">Erano stati proprio protestanti e illuministi a costruire la \u00ableggenda nera\u00bb dell&#8217;Inquisizione spagnola. Il solo nome di Tomas de Torquemada, primo inquisitore di Spagna, bastava a evocare un mondo terribile di supplizi e fanatismo: frati incappucciati, oscure camere di tortura, fruste e crocefissi, belle eretiche seminude spinte sul rogo con morboso compiacimento.<\/p>\n<p style=\"text-align: justify;\">Ora, a cinquecento anni dalla sua morte, avvenuta li 16 settembre 1498 in un convento di \u00c0vila, Torquem\u00e0da pu\u00f2 sperare di avere miglior stampa. Spulciando gli archivi e ragionando sui fatti senza pregiudizi gli storici stanno costruendo un\u2019altra immagine dell\u2019 Inquisitore, depurata da tutti gli aspetti torbidi e sinistri. L\u2019Inquisizione emerge dalle fosche nebbie della leggenda come un tribunale quasi garantista, che istruiva processi rigorosi e documentati, dove il rispetto delle norme giuridiche salvaguardava gli imputati dall&#8217;arbitrio. Basta leggersi i Tribunali della coscienza di Adriano Prosperi: 600 pagine sull&#8217;Inquisizione nell&#8217;Italia della Controriforma pubblicate un anno fa da Einaudi.<\/p>\n<div id=\"attachment_29933\" style=\"width: 165px\" class=\"wp-caption alignright\"><img loading=\"lazy\" decoding=\"async\" aria-describedby=\"caption-attachment-29933\" class=\"wp-image-29933\" src=\"https:\/\/www.rassegnastampa-totustuus.it\/cattolica\/wp-content\/uploads\/2005\/09\/Isabella_di_Castiglia1.jpg\" alt=\"Isabella_di_Castiglia\" width=\"165\" height=\"200\" \/><p id=\"caption-attachment-29933\" class=\"wp-caption-text\">Isabella di Castiglia<\/p><\/div>\n<p style=\"text-align: justify;\">Studioso di formazione laica, Prosperi non ha simpatia per l&#8217;Inquisizione. Eppure, spiega che \u00abil tribunale ecclesiastico fu in genere pi\u00f9 mite di quelli secolari. Non a caso, molti tentavano di passare dall&#8217;uno all&#8217;altro. Soprattutto per alcuni reati, come la bestemmia, l&#8217;Inquisizione era considerata meno severa\u00bb. Anche le famigerate condanne al \u00abcarcere perpetuo\u00bb venivano in genere considerate espiate dopo soli tre anni. E la tortura? \u00abL&#8217;uso della tortura era limitato: si ricorreva a essa solo sulla base di indizi gravi e probanti. D&#8217;altra parte, la tortura, fin dall&#8217;antichit\u00e0, rientrava nella pratica normale della giustizia\u00bb.<\/p>\n<p style=\"text-align: justify;\">Accenti analoghi si ritrovano nel volume 71 giudice e l&#8217;eretico, a cura di John Tedeschi, pubblicato quest&#8217;anno da Vita e pensiero. E un segno che i tempi cambiano \u00e8 anche il ripescaggio di vecchi testi dell&#8217;apologetica cattolica: dopo l&#8217;Elogio dell&#8217;Inquisizione di Jean-Baptiste Guiraud (Leonardo), esce ora con lo stesso titolo un libretto di Joseph De Maistre (Edizioni II Cerchio).<\/p>\n<p style=\"text-align: justify;\">Banco di prova di questo revisionismo storico sar\u00e0 il convegno che a novembre, in Vaticano, dopo la recente apertura degli archivi del Sant&#8217;Uffizio, raccoglier\u00e0 i maggiori specialisti mondiali di Inquisizione. Ma intanto persino Henry Kamen, storico di ispirazione marxista, autore nel 1965 di un saggio sull&#8217;Inquisizione spagnola (edito in Italia da Feltrinelli), ha sentito il bisogno di pubblicare una nuova edizione della sua opera con il significativo titolo The Spanish Inquisition: a Historical Revision (Yale University Press). E ha spiegato alla Bbc che \u00able ricerche negli archivi hanno demolito la vecchia immagine che noi storici avevamo dell&#8217;Inquisizione\u00bb.<\/p>\n<p style=\"text-align: justify;\">Torquem\u00e0da pu\u00f2 dunque ripresentarsi, con animo sereno, al giudizio dei posteri. Era nato a Valladohd nel 1420: suo zio paterno, il cardinale Juan de Torquem\u00e0da, era un teologo illustre; la nonna materna, invece, era una conversa, un&#8217;ebrea convertita al Cattolicesimo: curioso paradosso per un uomo che spese la sua vita combattendo i seguaci della legge mosaica. A 17 anni Torquem\u00e0da si fece frate domenicano e fu poi priore del monastero della Santa Croce a Segovia. Qui divenne il confessore dell&#8217;infanta Isabella che, una volta salita al trono di Castiglia, lo volle al suo fianco come consigliere. Nel 1478, sollecitato da Isabella e dal marito Ferdinando d&#8217;Aragona, Papa Sisto IV istitu\u00ec i tribunali dell&#8217;Inquisizione in Spagna. E Torquem\u00e0da fu nominato Inquisitore generale di Castiglia e di Aragona.<\/p>\n<p style=\"text-align: justify;\">E\u2019 bene, per\u00f2, distinguere tra un&#8217;Inquisizione e l&#8217;altra. Gli storici ne contano tre: l&#8217;Inquisizione medioevale, che si impegn\u00f2 in particolare contro l&#8217;eresia catara,- l&#8217;Inquisizione romana, istituita da Paolo III nel 1542, soprattutto per contrastare il Luteranesimo; e poi l&#8217;Inquisizione spagnola, che ebbe invece come obiettivo principale la persecuzione dei \u00abmarrani\u00bb, gli ebrei che si erano convertiti al Cristianesimo, occupando anche posizioni importanti nelle gerarchie civili ed ecclesiastiche, ma continuando a praticare in segreto i riti giudaici. Nel 1492, si colpirono poi tutti gli ebrei: fu proprio Torquem\u00e0da a suggerire l&#8217;editto di espulsione che spinse 200 mila giudei spagnoli a emigrare. Una manifestazione dell&#8217;antisemitismo cattolico? In verit\u00e0, se molti ebrei si rifugiarono nel tollerante impero ottomano, una buona parte si insedi\u00f2 proprio a Roma, sotto l&#8217;ala protettrice del Papa re.<\/p>\n<p style=\"text-align: justify;\"><img loading=\"lazy\" decoding=\"async\" class=\"alignleft wp-image-28090\" src=\"https:\/\/www.rassegnastampa-totustuus.it\/cattolica\/wp-content\/uploads\/2005\/08\/inquisizione-spagna.jpg\" alt=\"inquisizione-spagna\" width=\"179\" height=\"200\" \/>Il fatto curioso \u00e8 che l&#8217;Inquisizione spagnola, da sempre considerata la pi\u00f9 feroce, non era, al contrario di quella medioevale e di quella romana, sottoposta all&#8217;autorit\u00e0 ecclesiastica, bens\u00ec dipendeva dalla monarchia. E la persecuzione degli ebrei fu un fatto politico, prima che religioso. Lo storico Joseph P\u00e9rez, nel suo Isabella e Ferdinando (Edizioni Sei), descrive l&#8217;Inquisizione spagnola come il braccio di un moderno stato assolutista.<\/p>\n<p style=\"text-align: justify;\">Non a caso, un critico severo dell&#8217;Inquisizione spagnola fu proprio Sisto IV, che ben presto si penti di avere messo nelle mani dei re di Spagna un potere sottratto al controllo della Chiesa. In una bolla del 1482 il Papa scriveva: \u00abIn Aragona, Valencia, Majorca e Catalogna, l&#8217;Inquisizione \u00e8 spinta non da zelo per la fede ma da cupidigia di ricchezze. Molti sinceri cristiani sono stati gettati senza alcuna prova legittima nelle prigioni secolari, torturati, privati di ogni loro bene e consegnati al braccio secolare per essere messi a morte\u00bb.<\/p>\n<p style=\"text-align: justify;\">Anche Sant&#8217;Ignazio di Loyola. il fondatore della Compagnia di Ges\u00f9, avrebbe forse sottoscritto, memore dei 42 giorni passati nelle prigioni di Salamanca. Ce lo aveva rinchiuso proprio l&#8217;Inquisizione, accusandolo, per il suo ardore religioso, di essere un eretico \u00abilluminato\u00bb e giudaizzante.<\/p>\n<p style=\"text-align: justify;\">Oggi gli studiosi sottolineano che Torquemada non fu un&#8217;anima nera, ma un abile organizzatore e un fine giurista che, nelle sue Istruzioni agli inquis\u00ectori (1484), ordinava: \u00abGli inquisitori devono procedere con grande cura nell&#8217;esame dei testimoni d&#8217;accusa: interrogarti in contraddittorio, raccogliere, elementi sul loro carattere e assicurarsi che non esistano motivi per cui deporrebbero per odio o malevolenza nei confronti del prigioniero\u00bb. Garantismo, allo stato puro, si direbbe.<\/p>\n<p style=\"text-align: justify;\">Eppure, anche Sisto IV aveva per certi versi ragione. Le statistiche sul numero dei condannati al rogo, discusse da Bartolom\u00e9 Benassar nella sua Storia dell&#8217;Inquisizione spagnola (Rizzoli), mostrano un picco tra il 1480 e il 1500: proprio gli anni di Torquemada. \u00c8 bene tenere presente questi chiaroscuri della storia. Prima di sostituire alla \u00ableggenda nera\u00bb dell&#8217;Inquisizione un&#8217;altrettanto, falsa e stucchevole \u00ableggenda rosa\u00bb.<\/p>\n<p style=\"text-align: center;\">CINQUECENTO ANNI DALLA MORTE<\/p>\n<p style=\"text-align: center;\"><em><strong>Per gli storici fu uno zelante funzionario statale<\/strong><\/em><\/p>\n<p style=\"text-align: justify;\">Tom\u00e1s de Torquem\u00e0da (1420-1498), frate domenicano, divenne nel 1483 il primo Inquisitore generale di Castiglia e Aragona. \u00c8 entrato nella leggenda come un mostro sanguinario. Ma per gli storici fu soprattutto uno zelante funzionario statale. E un ascoltato consigliere: su suo suggerimento, nel 1492 i regnanti Isabella e Ferdinando emanarono l&#8217;editto che imponeva agi ebrei di convertirsi o di lasciare la Spagna.<\/p>\n","protected":false},"excerpt":{"rendered":"<p>Panorama 13 agosto 1998 \u00c8 stato per secoli il simbolo della persecuzione cattolica. Ma una nuova corrente di studi rivaluta la sua figura. E un convegno in Vaticano sveler\u00e0 cosa c&#8217;era sotto la maschera del torturatore. \u00a0di Giorgio Ieran\u00f2 \u00a0<\/p><p><a class=\"more-link btn\" href=\"https:\/\/www.rassegnastampa-totustuus.it\/cattolica\/torquemada-il-grande-inquisitore-si-scopre-garantista\/\">Continua a leggere<\/a><\/p>\n","protected":false},"author":6,"featured_media":31790,"comment_status":"closed","ping_status":"closed","sticky":false,"template":"","format":"standard","meta":{"footnotes":""},"categories":[93,24],"tags":[932,2418],"class_list":["post-31789","post","type-post","status-publish","format-standard","has-post-thumbnail","hentry","category-inquisizione","category-storia","tag-inquisizione-spagnola","tag-tomas-de-torquemada","item-wrap"],"yoast_head":"<!-- This site is optimized with the Yoast SEO plugin v27.5 - https:\/\/yoast.com\/product\/yoast-seo-wordpress\/ -->\n<title>Torquemada. Il Grande Inquisitore si scopre garantista - Rassegna Stampa Cattolica<\/title>\n<meta name=\"description\" content=\"Rassegna Stampa Cattolica - Per una cultura che nasce dalla Rivelazione cristiana in conformit\u00e0 alla tradizione e al Magistero della Chiesa in opposizione ad ogni relativismo e totalitarismo\" \/>\n<meta name=\"robots\" content=\"index, follow, max-snippet:-1, max-image-preview:large, max-video-preview:-1\" \/>\n<link rel=\"canonical\" href=\"https:\/\/www.rassegnastampa-totustuus.it\/cattolica\/torquemada-il-grande-inquisitore-si-scopre-garantista\/\" \/>\n<meta property=\"og:locale\" content=\"it_IT\" \/>\n<meta property=\"og:type\" content=\"article\" \/>\n<meta property=\"og:title\" content=\"Torquemada. Il Grande Inquisitore si scopre garantista - Rassegna Stampa Cattolica\" \/>\n<meta property=\"og:description\" content=\"Rassegna Stampa Cattolica - Per una cultura che nasce dalla Rivelazione cristiana in conformit\u00e0 alla tradizione e al Magistero della Chiesa in opposizione ad ogni relativismo e totalitarismo\" \/>\n<meta property=\"og:url\" content=\"https:\/\/www.rassegnastampa-totustuus.it\/cattolica\/torquemada-il-grande-inquisitore-si-scopre-garantista\/\" \/>\n<meta property=\"og:site_name\" content=\"Rassegna Stampa Cattolica\" \/>\n<meta property=\"article:publisher\" content=\"https:\/\/www.facebook.com\/rassegnastampacattolica\" \/>\n<meta property=\"article:published_time\" content=\"2015-08-14T22:00:40+00:00\" \/>\n<meta property=\"article:modified_time\" content=\"2016-03-15T15:42:34+00:00\" \/>\n<meta property=\"og:image\" content=\"https:\/\/www.rassegnastampa-totustuus.it\/cattolica\/wp-content\/uploads\/2016\/03\/Torquemada.jpg\" \/>\n\t<meta property=\"og:image:width\" content=\"176\" \/>\n\t<meta property=\"og:image:height\" content=\"204\" \/>\n\t<meta property=\"og:image:type\" content=\"image\/jpeg\" \/>\n<meta name=\"author\" content=\"Redazione\" \/>\n<meta name=\"twitter:card\" content=\"summary_large_image\" \/>\n<meta name=\"twitter:creator\" content=\"@rassegnastampa9\" \/>\n<meta name=\"twitter:site\" content=\"@rassegnastampa9\" \/>\n<meta name=\"twitter:label1\" content=\"Scritto da\" \/>\n\t<meta name=\"twitter:data1\" content=\"Redazione\" \/>\n\t<meta name=\"twitter:label2\" content=\"Tempo di lettura stimato\" \/>\n\t<meta name=\"twitter:data2\" content=\"6 minuti\" \/>\n<script type=\"application\/ld+json\" class=\"yoast-schema-graph\">{\"@context\":\"https:\\\/\\\/schema.org\",\"@graph\":[{\"@type\":\"Article\",\"@id\":\"https:\\\/\\\/www.rassegnastampa-totustuus.it\\\/cattolica\\\/torquemada-il-grande-inquisitore-si-scopre-garantista\\\/#article\",\"isPartOf\":{\"@id\":\"https:\\\/\\\/www.rassegnastampa-totustuus.it\\\/cattolica\\\/torquemada-il-grande-inquisitore-si-scopre-garantista\\\/\"},\"author\":{\"name\":\"Redazione\",\"@id\":\"https:\\\/\\\/www.rassegnastampa-totustuus.it\\\/cattolica\\\/#\\\/schema\\\/person\\\/08f319d2bd1a0904ad9e2bfb7b15e5c3\"},\"headline\":\"Torquemada. Il Grande Inquisitore si scopre garantista\",\"datePublished\":\"2015-08-14T22:00:40+00:00\",\"dateModified\":\"2016-03-15T15:42:34+00:00\",\"mainEntityOfPage\":{\"@id\":\"https:\\\/\\\/www.rassegnastampa-totustuus.it\\\/cattolica\\\/torquemada-il-grande-inquisitore-si-scopre-garantista\\\/\"},\"wordCount\":1269,\"publisher\":{\"@id\":\"https:\\\/\\\/www.rassegnastampa-totustuus.it\\\/cattolica\\\/#organization\"},\"image\":{\"@id\":\"https:\\\/\\\/www.rassegnastampa-totustuus.it\\\/cattolica\\\/torquemada-il-grande-inquisitore-si-scopre-garantista\\\/#primaryimage\"},\"thumbnailUrl\":\"https:\\\/\\\/www.rassegnastampa-totustuus.it\\\/cattolica\\\/wp-content\\\/uploads\\\/2016\\\/03\\\/Torquemada.jpg\",\"keywords\":[\"inquisizione spagnola\",\"Tomas de Torquemada\"],\"articleSection\":[\"Inquisizione\",\"Storia\"],\"inLanguage\":\"it-IT\"},{\"@type\":\"WebPage\",\"@id\":\"https:\\\/\\\/www.rassegnastampa-totustuus.it\\\/cattolica\\\/torquemada-il-grande-inquisitore-si-scopre-garantista\\\/\",\"url\":\"https:\\\/\\\/www.rassegnastampa-totustuus.it\\\/cattolica\\\/torquemada-il-grande-inquisitore-si-scopre-garantista\\\/\",\"name\":\"Torquemada. Il Grande Inquisitore si scopre garantista - Rassegna Stampa Cattolica\",\"isPartOf\":{\"@id\":\"https:\\\/\\\/www.rassegnastampa-totustuus.it\\\/cattolica\\\/#website\"},\"primaryImageOfPage\":{\"@id\":\"https:\\\/\\\/www.rassegnastampa-totustuus.it\\\/cattolica\\\/torquemada-il-grande-inquisitore-si-scopre-garantista\\\/#primaryimage\"},\"image\":{\"@id\":\"https:\\\/\\\/www.rassegnastampa-totustuus.it\\\/cattolica\\\/torquemada-il-grande-inquisitore-si-scopre-garantista\\\/#primaryimage\"},\"thumbnailUrl\":\"https:\\\/\\\/www.rassegnastampa-totustuus.it\\\/cattolica\\\/wp-content\\\/uploads\\\/2016\\\/03\\\/Torquemada.jpg\",\"datePublished\":\"2015-08-14T22:00:40+00:00\",\"dateModified\":\"2016-03-15T15:42:34+00:00\",\"description\":\"Rassegna Stampa Cattolica - Per una cultura che nasce dalla Rivelazione cristiana in conformit\u00e0 alla tradizione e al Magistero della Chiesa in opposizione ad ogni relativismo e totalitarismo\",\"breadcrumb\":{\"@id\":\"https:\\\/\\\/www.rassegnastampa-totustuus.it\\\/cattolica\\\/torquemada-il-grande-inquisitore-si-scopre-garantista\\\/#breadcrumb\"},\"inLanguage\":\"it-IT\",\"potentialAction\":[{\"@type\":\"ReadAction\",\"target\":[\"https:\\\/\\\/www.rassegnastampa-totustuus.it\\\/cattolica\\\/torquemada-il-grande-inquisitore-si-scopre-garantista\\\/\"]}]},{\"@type\":\"ImageObject\",\"inLanguage\":\"it-IT\",\"@id\":\"https:\\\/\\\/www.rassegnastampa-totustuus.it\\\/cattolica\\\/torquemada-il-grande-inquisitore-si-scopre-garantista\\\/#primaryimage\",\"url\":\"https:\\\/\\\/www.rassegnastampa-totustuus.it\\\/cattolica\\\/wp-content\\\/uploads\\\/2016\\\/03\\\/Torquemada.jpg\",\"contentUrl\":\"https:\\\/\\\/www.rassegnastampa-totustuus.it\\\/cattolica\\\/wp-content\\\/uploads\\\/2016\\\/03\\\/Torquemada.jpg\",\"width\":176,\"height\":204},{\"@type\":\"BreadcrumbList\",\"@id\":\"https:\\\/\\\/www.rassegnastampa-totustuus.it\\\/cattolica\\\/torquemada-il-grande-inquisitore-si-scopre-garantista\\\/#breadcrumb\",\"itemListElement\":[{\"@type\":\"ListItem\",\"position\":1,\"name\":\"Home\",\"item\":\"https:\\\/\\\/www.rassegnastampa-totustuus.it\\\/cattolica\\\/\"},{\"@type\":\"ListItem\",\"position\":2,\"name\":\"Torquemada. Il Grande Inquisitore si scopre garantista\"}]},{\"@type\":\"WebSite\",\"@id\":\"https:\\\/\\\/www.rassegnastampa-totustuus.it\\\/cattolica\\\/#website\",\"url\":\"https:\\\/\\\/www.rassegnastampa-totustuus.it\\\/cattolica\\\/\",\"name\":\"Rassegna Stampa Cattolica\",\"description\":\"Per una cultura che nasce dalla Rivelazione cristiana in conformit\u00e0 alla tradizione e al Magistero della Chiesa in opposizione ad ogni relativismo e totalitarismo\",\"publisher\":{\"@id\":\"https:\\\/\\\/www.rassegnastampa-totustuus.it\\\/cattolica\\\/#organization\"},\"alternateName\":\"Rass. Cattolica\",\"potentialAction\":[{\"@type\":\"SearchAction\",\"target\":{\"@type\":\"EntryPoint\",\"urlTemplate\":\"https:\\\/\\\/www.rassegnastampa-totustuus.it\\\/cattolica\\\/?s={search_term_string}\"},\"query-input\":{\"@type\":\"PropertyValueSpecification\",\"valueRequired\":true,\"valueName\":\"search_term_string\"}}],\"inLanguage\":\"it-IT\"},{\"@type\":\"Organization\",\"@id\":\"https:\\\/\\\/www.rassegnastampa-totustuus.it\\\/cattolica\\\/#organization\",\"name\":\"Rassegna Stampa Cattolica\",\"url\":\"https:\\\/\\\/www.rassegnastampa-totustuus.it\\\/cattolica\\\/\",\"logo\":{\"@type\":\"ImageObject\",\"inLanguage\":\"it-IT\",\"@id\":\"https:\\\/\\\/www.rassegnastampa-totustuus.it\\\/cattolica\\\/#\\\/schema\\\/logo\\\/image\\\/\",\"url\":\"https:\\\/\\\/www.rassegnastampa-totustuus.it\\\/cattolica\\\/wp-content\\\/uploads\\\/2014\\\/04\\\/logo-rassegna1.gif\",\"contentUrl\":\"https:\\\/\\\/www.rassegnastampa-totustuus.it\\\/cattolica\\\/wp-content\\\/uploads\\\/2014\\\/04\\\/logo-rassegna1.gif\",\"width\":600,\"height\":163,\"caption\":\"Rassegna Stampa Cattolica\"},\"image\":{\"@id\":\"https:\\\/\\\/www.rassegnastampa-totustuus.it\\\/cattolica\\\/#\\\/schema\\\/logo\\\/image\\\/\"},\"sameAs\":[\"https:\\\/\\\/www.facebook.com\\\/rassegnastampacattolica\",\"https:\\\/\\\/x.com\\\/rassegnastampa9\"]},{\"@type\":\"Person\",\"@id\":\"https:\\\/\\\/www.rassegnastampa-totustuus.it\\\/cattolica\\\/#\\\/schema\\\/person\\\/08f319d2bd1a0904ad9e2bfb7b15e5c3\",\"name\":\"Redazione\",\"image\":{\"@type\":\"ImageObject\",\"inLanguage\":\"it-IT\",\"@id\":\"https:\\\/\\\/secure.gravatar.com\\\/avatar\\\/2fcdf27c78ea025fbdb44e914cc63c72249ffec9dc8aafd5c82b26240ef3f346?s=96&d=mm&r=g\",\"url\":\"https:\\\/\\\/secure.gravatar.com\\\/avatar\\\/2fcdf27c78ea025fbdb44e914cc63c72249ffec9dc8aafd5c82b26240ef3f346?s=96&d=mm&r=g\",\"contentUrl\":\"https:\\\/\\\/secure.gravatar.com\\\/avatar\\\/2fcdf27c78ea025fbdb44e914cc63c72249ffec9dc8aafd5c82b26240ef3f346?s=96&d=mm&r=g\",\"caption\":\"Redazione\"},\"url\":\"https:\\\/\\\/www.rassegnastampa-totustuus.it\\\/cattolica\\\/author\\\/pietroelle\\\/\"}]}<\/script>\n<!-- \/ Yoast SEO plugin. -->","yoast_head_json":{"title":"Torquemada. Il Grande Inquisitore si scopre garantista - Rassegna Stampa Cattolica","description":"Rassegna Stampa Cattolica - Per una cultura che nasce dalla Rivelazione cristiana in conformit\u00e0 alla tradizione e al Magistero della Chiesa in opposizione ad ogni relativismo e totalitarismo","robots":{"index":"index","follow":"follow","max-snippet":"max-snippet:-1","max-image-preview":"max-image-preview:large","max-video-preview":"max-video-preview:-1"},"canonical":"https:\/\/www.rassegnastampa-totustuus.it\/cattolica\/torquemada-il-grande-inquisitore-si-scopre-garantista\/","og_locale":"it_IT","og_type":"article","og_title":"Torquemada. Il Grande Inquisitore si scopre garantista - Rassegna Stampa Cattolica","og_description":"Rassegna Stampa Cattolica - Per una cultura che nasce dalla Rivelazione cristiana in conformit\u00e0 alla tradizione e al Magistero della Chiesa in opposizione ad ogni relativismo e totalitarismo","og_url":"https:\/\/www.rassegnastampa-totustuus.it\/cattolica\/torquemada-il-grande-inquisitore-si-scopre-garantista\/","og_site_name":"Rassegna Stampa Cattolica","article_publisher":"https:\/\/www.facebook.com\/rassegnastampacattolica","article_published_time":"2015-08-14T22:00:40+00:00","article_modified_time":"2016-03-15T15:42:34+00:00","og_image":[{"width":176,"height":204,"url":"https:\/\/www.rassegnastampa-totustuus.it\/cattolica\/wp-content\/uploads\/2016\/03\/Torquemada.jpg","type":"image\/jpeg"}],"author":"Redazione","twitter_card":"summary_large_image","twitter_creator":"@rassegnastampa9","twitter_site":"@rassegnastampa9","twitter_misc":{"Scritto da":"Redazione","Tempo di lettura stimato":"6 minuti"},"schema":{"@context":"https:\/\/schema.org","@graph":[{"@type":"Article","@id":"https:\/\/www.rassegnastampa-totustuus.it\/cattolica\/torquemada-il-grande-inquisitore-si-scopre-garantista\/#article","isPartOf":{"@id":"https:\/\/www.rassegnastampa-totustuus.it\/cattolica\/torquemada-il-grande-inquisitore-si-scopre-garantista\/"},"author":{"name":"Redazione","@id":"https:\/\/www.rassegnastampa-totustuus.it\/cattolica\/#\/schema\/person\/08f319d2bd1a0904ad9e2bfb7b15e5c3"},"headline":"Torquemada. Il Grande Inquisitore si scopre garantista","datePublished":"2015-08-14T22:00:40+00:00","dateModified":"2016-03-15T15:42:34+00:00","mainEntityOfPage":{"@id":"https:\/\/www.rassegnastampa-totustuus.it\/cattolica\/torquemada-il-grande-inquisitore-si-scopre-garantista\/"},"wordCount":1269,"publisher":{"@id":"https:\/\/www.rassegnastampa-totustuus.it\/cattolica\/#organization"},"image":{"@id":"https:\/\/www.rassegnastampa-totustuus.it\/cattolica\/torquemada-il-grande-inquisitore-si-scopre-garantista\/#primaryimage"},"thumbnailUrl":"https:\/\/www.rassegnastampa-totustuus.it\/cattolica\/wp-content\/uploads\/2016\/03\/Torquemada.jpg","keywords":["inquisizione spagnola","Tomas de Torquemada"],"articleSection":["Inquisizione","Storia"],"inLanguage":"it-IT"},{"@type":"WebPage","@id":"https:\/\/www.rassegnastampa-totustuus.it\/cattolica\/torquemada-il-grande-inquisitore-si-scopre-garantista\/","url":"https:\/\/www.rassegnastampa-totustuus.it\/cattolica\/torquemada-il-grande-inquisitore-si-scopre-garantista\/","name":"Torquemada. Il Grande Inquisitore si scopre garantista - Rassegna Stampa Cattolica","isPartOf":{"@id":"https:\/\/www.rassegnastampa-totustuus.it\/cattolica\/#website"},"primaryImageOfPage":{"@id":"https:\/\/www.rassegnastampa-totustuus.it\/cattolica\/torquemada-il-grande-inquisitore-si-scopre-garantista\/#primaryimage"},"image":{"@id":"https:\/\/www.rassegnastampa-totustuus.it\/cattolica\/torquemada-il-grande-inquisitore-si-scopre-garantista\/#primaryimage"},"thumbnailUrl":"https:\/\/www.rassegnastampa-totustuus.it\/cattolica\/wp-content\/uploads\/2016\/03\/Torquemada.jpg","datePublished":"2015-08-14T22:00:40+00:00","dateModified":"2016-03-15T15:42:34+00:00","description":"Rassegna Stampa Cattolica - Per una cultura che nasce dalla Rivelazione cristiana in conformit\u00e0 alla tradizione e al Magistero della Chiesa in opposizione ad ogni relativismo e totalitarismo","breadcrumb":{"@id":"https:\/\/www.rassegnastampa-totustuus.it\/cattolica\/torquemada-il-grande-inquisitore-si-scopre-garantista\/#breadcrumb"},"inLanguage":"it-IT","potentialAction":[{"@type":"ReadAction","target":["https:\/\/www.rassegnastampa-totustuus.it\/cattolica\/torquemada-il-grande-inquisitore-si-scopre-garantista\/"]}]},{"@type":"ImageObject","inLanguage":"it-IT","@id":"https:\/\/www.rassegnastampa-totustuus.it\/cattolica\/torquemada-il-grande-inquisitore-si-scopre-garantista\/#primaryimage","url":"https:\/\/www.rassegnastampa-totustuus.it\/cattolica\/wp-content\/uploads\/2016\/03\/Torquemada.jpg","contentUrl":"https:\/\/www.rassegnastampa-totustuus.it\/cattolica\/wp-content\/uploads\/2016\/03\/Torquemada.jpg","width":176,"height":204},{"@type":"BreadcrumbList","@id":"https:\/\/www.rassegnastampa-totustuus.it\/cattolica\/torquemada-il-grande-inquisitore-si-scopre-garantista\/#breadcrumb","itemListElement":[{"@type":"ListItem","position":1,"name":"Home","item":"https:\/\/www.rassegnastampa-totustuus.it\/cattolica\/"},{"@type":"ListItem","position":2,"name":"Torquemada. Il Grande Inquisitore si scopre garantista"}]},{"@type":"WebSite","@id":"https:\/\/www.rassegnastampa-totustuus.it\/cattolica\/#website","url":"https:\/\/www.rassegnastampa-totustuus.it\/cattolica\/","name":"Rassegna Stampa Cattolica","description":"Per una cultura che nasce dalla Rivelazione cristiana in conformit\u00e0 alla tradizione e al Magistero della Chiesa in opposizione ad ogni relativismo e totalitarismo","publisher":{"@id":"https:\/\/www.rassegnastampa-totustuus.it\/cattolica\/#organization"},"alternateName":"Rass. Cattolica","potentialAction":[{"@type":"SearchAction","target":{"@type":"EntryPoint","urlTemplate":"https:\/\/www.rassegnastampa-totustuus.it\/cattolica\/?s={search_term_string}"},"query-input":{"@type":"PropertyValueSpecification","valueRequired":true,"valueName":"search_term_string"}}],"inLanguage":"it-IT"},{"@type":"Organization","@id":"https:\/\/www.rassegnastampa-totustuus.it\/cattolica\/#organization","name":"Rassegna Stampa Cattolica","url":"https:\/\/www.rassegnastampa-totustuus.it\/cattolica\/","logo":{"@type":"ImageObject","inLanguage":"it-IT","@id":"https:\/\/www.rassegnastampa-totustuus.it\/cattolica\/#\/schema\/logo\/image\/","url":"https:\/\/www.rassegnastampa-totustuus.it\/cattolica\/wp-content\/uploads\/2014\/04\/logo-rassegna1.gif","contentUrl":"https:\/\/www.rassegnastampa-totustuus.it\/cattolica\/wp-content\/uploads\/2014\/04\/logo-rassegna1.gif","width":600,"height":163,"caption":"Rassegna Stampa Cattolica"},"image":{"@id":"https:\/\/www.rassegnastampa-totustuus.it\/cattolica\/#\/schema\/logo\/image\/"},"sameAs":["https:\/\/www.facebook.com\/rassegnastampacattolica","https:\/\/x.com\/rassegnastampa9"]},{"@type":"Person","@id":"https:\/\/www.rassegnastampa-totustuus.it\/cattolica\/#\/schema\/person\/08f319d2bd1a0904ad9e2bfb7b15e5c3","name":"Redazione","image":{"@type":"ImageObject","inLanguage":"it-IT","@id":"https:\/\/secure.gravatar.com\/avatar\/2fcdf27c78ea025fbdb44e914cc63c72249ffec9dc8aafd5c82b26240ef3f346?s=96&d=mm&r=g","url":"https:\/\/secure.gravatar.com\/avatar\/2fcdf27c78ea025fbdb44e914cc63c72249ffec9dc8aafd5c82b26240ef3f346?s=96&d=mm&r=g","contentUrl":"https:\/\/secure.gravatar.com\/avatar\/2fcdf27c78ea025fbdb44e914cc63c72249ffec9dc8aafd5c82b26240ef3f346?s=96&d=mm&r=g","caption":"Redazione"},"url":"https:\/\/www.rassegnastampa-totustuus.it\/cattolica\/author\/pietroelle\/"}]}},"_links":{"self":[{"href":"https:\/\/www.rassegnastampa-totustuus.it\/cattolica\/wp-json\/wp\/v2\/posts\/31789","targetHints":{"allow":["GET"]}}],"collection":[{"href":"https:\/\/www.rassegnastampa-totustuus.it\/cattolica\/wp-json\/wp\/v2\/posts"}],"about":[{"href":"https:\/\/www.rassegnastampa-totustuus.it\/cattolica\/wp-json\/wp\/v2\/types\/post"}],"author":[{"embeddable":true,"href":"https:\/\/www.rassegnastampa-totustuus.it\/cattolica\/wp-json\/wp\/v2\/users\/6"}],"replies":[{"embeddable":true,"href":"https:\/\/www.rassegnastampa-totustuus.it\/cattolica\/wp-json\/wp\/v2\/comments?post=31789"}],"version-history":[{"count":1,"href":"https:\/\/www.rassegnastampa-totustuus.it\/cattolica\/wp-json\/wp\/v2\/posts\/31789\/revisions"}],"predecessor-version":[{"id":31791,"href":"https:\/\/www.rassegnastampa-totustuus.it\/cattolica\/wp-json\/wp\/v2\/posts\/31789\/revisions\/31791"}],"wp:featuredmedia":[{"embeddable":true,"href":"https:\/\/www.rassegnastampa-totustuus.it\/cattolica\/wp-json\/wp\/v2\/media\/31790"}],"wp:attachment":[{"href":"https:\/\/www.rassegnastampa-totustuus.it\/cattolica\/wp-json\/wp\/v2\/media?parent=31789"}],"wp:term":[{"taxonomy":"category","embeddable":true,"href":"https:\/\/www.rassegnastampa-totustuus.it\/cattolica\/wp-json\/wp\/v2\/categories?post=31789"},{"taxonomy":"post_tag","embeddable":true,"href":"https:\/\/www.rassegnastampa-totustuus.it\/cattolica\/wp-json\/wp\/v2\/tags?post=31789"}],"curies":[{"name":"wp","href":"https:\/\/api.w.org\/{rel}","templated":true}]}}