{"id":31786,"date":"2016-03-24T00:00:24","date_gmt":"2016-03-23T23:00:24","guid":{"rendered":"http:\/\/www.rassegnastampa-totustuus.it\/cattolica\/?p=31786"},"modified":"2016-03-24T10:31:18","modified_gmt":"2016-03-24T09:31:18","slug":"profezia-sul-popolo-della-famiglia","status":"publish","type":"post","link":"https:\/\/www.rassegnastampa-totustuus.it\/cattolica\/profezia-sul-popolo-della-famiglia\/","title":{"rendered":"Profezia (?) sul Popolo della Famiglia (!)"},"content":{"rendered":"<p style=\"text-align: center;\"><img loading=\"lazy\" decoding=\"async\" class=\"alignright wp-image-31752\" src=\"https:\/\/www.rassegnastampa-totustuus.it\/cattolica\/wp-content\/uploads\/2016\/03\/popolo_famiglia.jpg\" alt=\"popolo_famiglia\" width=\"200\" height=\"186\" \/>Dal sito<a href=\"http:\/\/www.libertaepersona.org\/\" target=\"_blank\"> <strong>Libert\u00e0 e Persona<\/strong><\/a> 7 marzo 2016<\/p>\n<p style=\"text-align: center;\"><strong>Antonio Righi<\/strong><\/p>\n<p style=\"text-align: justify;\">Ci sono tanti profeti, in circolazione, che aggiungerne uno non dovrebbe creare scompiglio. Illustrer\u00f2 allora ai lettori (se ce ne sono) perch\u00e8 il Popolo della famiglia avr\u00e0 (un qualche) successo. E\u2019 un\u2019analisi, non un giudizio. L\u2019argomentazione \u00e8 fondata su un solo ragionamento: il paragone con la <em>Lista Aborto No grazie<\/em> di Giuliano Ferrara non sta in piedi. A seguire il mio schemino mentale, di cui ognuno potr\u00e0 fare ci\u00f2 che vuole: leggerlo, non leggerlo, scrivere che gli piace solo per il titolo\u2026 come si fa in rete, insomma.<\/p>\n<p style=\"text-align: justify;\"><!--more--><\/p>\n<p style=\"text-align: justify;\"><strong>1)<\/strong> <em>La Lista di Ferrara nasce nel 2008, dopo il successo del popolo della famiglia del 2005 e del 2007. Ma non \u00e8 guidata da nessuno degli uomini e delle donne che fecero quell\u2019avventura. In pi\u00f9 i risultati appena ottenuti tranquillizzano il mondo cattolico: non si vedono pericoli all\u2019orizzonte.<\/em><\/p>\n<p style=\"text-align: justify;\"><strong>Otto anni dopo, 2016:<\/strong> ci sono state due manifestazioni pro family oceaniche e spontanee in un solo anno; una lunga mobilitazione popolare di quasi 3 anni, ininterrotta (sentinelle, gender nelle scuole\u2026). Due dei leader di questo movimentismo scendono in politica: hanno un radicamento concreto sul territorio, candidati ovunque. All\u2019orizzonte droga libera, eutanasia, legge Scalfarotto, matrimonio gay\u2026 sullo sfondo la faccia insolente di Matteo Renzi. Il burrone ci attende\u2026 e qualcuno ha paura.<\/p>\n<p style=\"text-align: justify;\"><strong>2)<\/strong> <em>Nel 2008 il quadro politico \u00e8 chiaro: vi sono i due poli, molto solidi. Il Centro sinistra ha dato pessima prova di s\u00e8, in tutti i campi. Molta gente, pro vita e famiglia, si pu\u00f2 fidare del centro destra di Berlusconi, zeppo di cattolici con un certo orientamento. Molti vorrebbero votare per la lista Ferrara, ma temono di disperdere il loro voto, che ritengono di dover dare ad un centro destra meritevole, mentre la battaglia tra i due poli \u00e8 equilibrata (per cui anche pochi voti sembra possano essere decisivi). Il mondo ecclesiastico impegnato prende le distanze dalla lista: da Osservatore romano, ad Avvenire, a MpV\u2026 E\u2019 un mondo che ha un seguito, ascoltato dal laicato cattolico, che ancora si fida.<\/em><\/p>\n<p style=\"text-align: justify;\"><strong>Otto anni dopo, 2016:<\/strong> Il quadro politico \u00e8 totalmente cambiato: i due poli sono entrambi poco credibili. Il Movimento 5s difficilmente assorbir\u00e0 ancora voti cattolici, perch\u00e8 la sua \u201cmoralit\u00e0\u201d \u00e8 ormai nota. Il mondo cattolico non ha rappresentanti nel centro sinistra, ma \u00e8 rimasto scoperto anche nel centro destra. Forza Italia \u00e8 un partito radicale; NCD, che ha fatto l\u2019impossibile per tradire, \u00e8 il nulla. Non vi \u00e8 alcuna motivazione per fare argine al Pd, votando un certo centro destra. Non c\u2019\u00e8 paura di disperdere i propri voti, perch\u00e8 non c\u2019\u00e8 nessun partito davvero appetibile (ad eccezione della Lega Nord di Salvini, ma solo al nord). Il mondo ecclesiastico \u00e8 out: anche prendesse parte in massa contro il Popolo della famiglia, come forse far\u00e0, e come fece nel 2008 con la lista Ferrara, conterebbe zero. Sono alcuni anni che il laicato cattolico ignora completamente l\u2019impostazione dei vescovi. La Cei di Galantino ha, nell\u2019universo pro life e pro family, un impatto pari a zero. Porta in piazza, pagando, e chiamando a raccolta tutti i leader dei movimenti, 40 mila persone al massimo (e non al Circo Massimo). L\u2019idea di delegare, ai vecchi partiti o al clero, \u00e8 in assolita crisi. Molti pensano: \u00e8 ora di agire noi.<\/p>\n<p style=\"text-align: justify;\"><strong>3)<\/strong> <em>La lista di Ferrara \u00e8 di scopo nel senso pi\u00f9 vero del termine: l\u2019aborto \u00e8 un tema di nicchia e riguarda un dibattito chiuso, impossibile da riaprire. Soprattutto, pur lodevole e coraggiosa,<\/em> <em>non ha uomini sul territorio. C\u2019\u00e8 un candidato importante, intelligente, abile, Ferrara, ma nessun radicamento sul territorio. Un obiettivo solo e un candidato solo sono un po\u2019 poco.<\/em><\/p>\n<p style=\"text-align: justify;\"><strong>Otto anni dopo, 2016:<\/strong> Il popolo della famiglia non \u00e8 di scopo in senso cos\u00ec limitato come la lista Ferrara; non tratta di un tema gi\u00e0 chiuso, ma all\u2019ordine del giorno; non tratta dell\u2019omicidio (un male che appartiene alla storia umana da Caino ed Abele), ma di una rivoluzione antropologica senza precedenti. Il dibattito \u00e8 sul futuro, non sul passato.<\/p>\n<p style=\"text-align: justify;\"><strong>4)<\/strong> <em>La quota del voto di protesta e degli incerti \u00e8, nel complesso, limitata. L\u2019Italia \u00e8 ancora un paese diviso tra chi vota a destra e chi vota a sinistra.<\/em><\/p>\n<p style=\"text-align: justify;\"><strong>Otto anni dopo, 2016:<\/strong> la quota del voto di protesta e degli incerti \u00e8 cresciuta. Si possono intercettare inumerabili voti volatili, in libera uscita. Cadranno in testa a non si sa chi, certamente, in parte, all\u2019ultima novit\u00e0. Perch\u00e8 il vecchio ha stufato.<\/p>\n<p style=\"text-align: justify;\"><strong>5)<\/strong> <em>La lista Ferrara esordisce, da zero, alle politiche. Occorre il miracolo.<\/em><\/p>\n<p style=\"text-align: justify;\"><strong>Otto anni dopo, 2016:<\/strong> Il Popolo per la famiglia esordisce alle amministrative, contando probabilmente anche su tante persone uscite da altri partiti e con gi\u00e0 qualche esperienza (quanti amministratori del vecchio PDL e di NCd stanno gi\u00e0 entrando nel nuovo partito, qualcuno per convinzione, qualcuno perch\u00e8 la vecchia casa crolla?). Alle amministrative: non serve un risultato nazionale, per fare bene. Anche con lo zero per cento in alcuni comuni, e l\u20198\/9 per cento in altri, si crea una pattuglia di amministratori locali.<\/p>\n","protected":false},"excerpt":{"rendered":"<p>Dal sito Libert\u00e0 e Persona 7 marzo 2016 Antonio Righi Ci sono tanti profeti, in circolazione, che aggiungerne uno non dovrebbe creare scompiglio. Illustrer\u00f2 allora ai lettori (se ce ne sono) perch\u00e8 il Popolo della famiglia avr\u00e0 (un qualche) successo. E\u2019 un\u2019analisi, non un giudizio. L\u2019argomentazione \u00e8 fondata su un solo ragionamento: il paragone con &hellip; <\/p>\n<p><a class=\"more-link btn\" href=\"https:\/\/www.rassegnastampa-totustuus.it\/cattolica\/profezia-sul-popolo-della-famiglia\/\">Continua a leggere<\/a><\/p>\n","protected":false},"author":6,"featured_media":31752,"comment_status":"closed","ping_status":"closed","sticky":false,"template":"","format":"standard","meta":{"footnotes":""},"categories":[20],"tags":[786,2416],"class_list":["post-31786","post","type-post","status-publish","format-standard","has-post-thumbnail","hentry","category-politica-nazionale","tag-partiti","tag-popolo-della-famiglia","item-wrap"],"yoast_head":"<!-- This site is optimized with the Yoast SEO plugin v27.5 - https:\/\/yoast.com\/product\/yoast-seo-wordpress\/ -->\n<title>Profezia (?) sul Popolo della Famiglia (!) - Rassegna Stampa Cattolica<\/title>\n<meta name=\"description\" content=\"Rassegna Stampa Cattolica - Per una cultura che nasce dalla Rivelazione cristiana in conformit\u00e0 alla tradizione e al Magistero della Chiesa in opposizione ad ogni relativismo e totalitarismo\" \/>\n<meta name=\"robots\" content=\"index, follow, max-snippet:-1, max-image-preview:large, max-video-preview:-1\" \/>\n<link rel=\"canonical\" href=\"https:\/\/www.rassegnastampa-totustuus.it\/cattolica\/profezia-sul-popolo-della-famiglia\/\" \/>\n<meta property=\"og:locale\" content=\"it_IT\" \/>\n<meta property=\"og:type\" content=\"article\" \/>\n<meta property=\"og:title\" content=\"Profezia (?) sul Popolo della Famiglia (!) - Rassegna Stampa Cattolica\" \/>\n<meta property=\"og:description\" content=\"Rassegna Stampa Cattolica - Per una cultura che nasce dalla Rivelazione cristiana in conformit\u00e0 alla tradizione e al Magistero della Chiesa in opposizione ad ogni relativismo e totalitarismo\" \/>\n<meta property=\"og:url\" content=\"https:\/\/www.rassegnastampa-totustuus.it\/cattolica\/profezia-sul-popolo-della-famiglia\/\" \/>\n<meta property=\"og:site_name\" content=\"Rassegna Stampa Cattolica\" \/>\n<meta property=\"article:publisher\" content=\"https:\/\/www.facebook.com\/rassegnastampacattolica\" \/>\n<meta property=\"article:published_time\" content=\"2016-03-23T23:00:24+00:00\" \/>\n<meta property=\"article:modified_time\" content=\"2016-03-24T09:31:18+00:00\" \/>\n<meta property=\"og:image\" content=\"https:\/\/www.rassegnastampa-totustuus.it\/cattolica\/wp-content\/uploads\/2016\/03\/popolo_famiglia.jpg\" \/>\n\t<meta property=\"og:image:width\" content=\"233\" \/>\n\t<meta property=\"og:image:height\" content=\"217\" \/>\n\t<meta property=\"og:image:type\" content=\"image\/jpeg\" \/>\n<meta name=\"author\" content=\"Redazione\" \/>\n<meta name=\"twitter:card\" content=\"summary_large_image\" \/>\n<meta name=\"twitter:creator\" content=\"@rassegnastampa9\" \/>\n<meta name=\"twitter:site\" content=\"@rassegnastampa9\" \/>\n<meta name=\"twitter:label1\" content=\"Scritto da\" \/>\n\t<meta name=\"twitter:data1\" content=\"Redazione\" \/>\n\t<meta name=\"twitter:label2\" content=\"Tempo di lettura stimato\" \/>\n\t<meta name=\"twitter:data2\" content=\"4 minuti\" \/>\n<script type=\"application\/ld+json\" class=\"yoast-schema-graph\">{\"@context\":\"https:\\\/\\\/schema.org\",\"@graph\":[{\"@type\":\"Article\",\"@id\":\"https:\\\/\\\/www.rassegnastampa-totustuus.it\\\/cattolica\\\/profezia-sul-popolo-della-famiglia\\\/#article\",\"isPartOf\":{\"@id\":\"https:\\\/\\\/www.rassegnastampa-totustuus.it\\\/cattolica\\\/profezia-sul-popolo-della-famiglia\\\/\"},\"author\":{\"name\":\"Redazione\",\"@id\":\"https:\\\/\\\/www.rassegnastampa-totustuus.it\\\/cattolica\\\/#\\\/schema\\\/person\\\/08f319d2bd1a0904ad9e2bfb7b15e5c3\"},\"headline\":\"Profezia (?) sul Popolo della Famiglia (!)\",\"datePublished\":\"2016-03-23T23:00:24+00:00\",\"dateModified\":\"2016-03-24T09:31:18+00:00\",\"mainEntityOfPage\":{\"@id\":\"https:\\\/\\\/www.rassegnastampa-totustuus.it\\\/cattolica\\\/profezia-sul-popolo-della-famiglia\\\/\"},\"wordCount\":814,\"publisher\":{\"@id\":\"https:\\\/\\\/www.rassegnastampa-totustuus.it\\\/cattolica\\\/#organization\"},\"image\":{\"@id\":\"https:\\\/\\\/www.rassegnastampa-totustuus.it\\\/cattolica\\\/profezia-sul-popolo-della-famiglia\\\/#primaryimage\"},\"thumbnailUrl\":\"https:\\\/\\\/www.rassegnastampa-totustuus.it\\\/cattolica\\\/wp-content\\\/uploads\\\/2016\\\/03\\\/popolo_famiglia.jpg\",\"keywords\":[\"partiti\",\"popolo della famiglia\"],\"articleSection\":[\"Politica nazionale\"],\"inLanguage\":\"it-IT\"},{\"@type\":\"WebPage\",\"@id\":\"https:\\\/\\\/www.rassegnastampa-totustuus.it\\\/cattolica\\\/profezia-sul-popolo-della-famiglia\\\/\",\"url\":\"https:\\\/\\\/www.rassegnastampa-totustuus.it\\\/cattolica\\\/profezia-sul-popolo-della-famiglia\\\/\",\"name\":\"Profezia (?) sul Popolo della Famiglia (!) - Rassegna Stampa Cattolica\",\"isPartOf\":{\"@id\":\"https:\\\/\\\/www.rassegnastampa-totustuus.it\\\/cattolica\\\/#website\"},\"primaryImageOfPage\":{\"@id\":\"https:\\\/\\\/www.rassegnastampa-totustuus.it\\\/cattolica\\\/profezia-sul-popolo-della-famiglia\\\/#primaryimage\"},\"image\":{\"@id\":\"https:\\\/\\\/www.rassegnastampa-totustuus.it\\\/cattolica\\\/profezia-sul-popolo-della-famiglia\\\/#primaryimage\"},\"thumbnailUrl\":\"https:\\\/\\\/www.rassegnastampa-totustuus.it\\\/cattolica\\\/wp-content\\\/uploads\\\/2016\\\/03\\\/popolo_famiglia.jpg\",\"datePublished\":\"2016-03-23T23:00:24+00:00\",\"dateModified\":\"2016-03-24T09:31:18+00:00\",\"description\":\"Rassegna Stampa Cattolica - Per una cultura che nasce dalla Rivelazione cristiana in conformit\u00e0 alla tradizione e al Magistero della Chiesa in opposizione ad ogni relativismo e totalitarismo\",\"breadcrumb\":{\"@id\":\"https:\\\/\\\/www.rassegnastampa-totustuus.it\\\/cattolica\\\/profezia-sul-popolo-della-famiglia\\\/#breadcrumb\"},\"inLanguage\":\"it-IT\",\"potentialAction\":[{\"@type\":\"ReadAction\",\"target\":[\"https:\\\/\\\/www.rassegnastampa-totustuus.it\\\/cattolica\\\/profezia-sul-popolo-della-famiglia\\\/\"]}]},{\"@type\":\"ImageObject\",\"inLanguage\":\"it-IT\",\"@id\":\"https:\\\/\\\/www.rassegnastampa-totustuus.it\\\/cattolica\\\/profezia-sul-popolo-della-famiglia\\\/#primaryimage\",\"url\":\"https:\\\/\\\/www.rassegnastampa-totustuus.it\\\/cattolica\\\/wp-content\\\/uploads\\\/2016\\\/03\\\/popolo_famiglia.jpg\",\"contentUrl\":\"https:\\\/\\\/www.rassegnastampa-totustuus.it\\\/cattolica\\\/wp-content\\\/uploads\\\/2016\\\/03\\\/popolo_famiglia.jpg\",\"width\":233,\"height\":217},{\"@type\":\"BreadcrumbList\",\"@id\":\"https:\\\/\\\/www.rassegnastampa-totustuus.it\\\/cattolica\\\/profezia-sul-popolo-della-famiglia\\\/#breadcrumb\",\"itemListElement\":[{\"@type\":\"ListItem\",\"position\":1,\"name\":\"Home\",\"item\":\"https:\\\/\\\/www.rassegnastampa-totustuus.it\\\/cattolica\\\/\"},{\"@type\":\"ListItem\",\"position\":2,\"name\":\"Profezia (?) sul Popolo della Famiglia (!)\"}]},{\"@type\":\"WebSite\",\"@id\":\"https:\\\/\\\/www.rassegnastampa-totustuus.it\\\/cattolica\\\/#website\",\"url\":\"https:\\\/\\\/www.rassegnastampa-totustuus.it\\\/cattolica\\\/\",\"name\":\"Rassegna Stampa Cattolica\",\"description\":\"Per una cultura che nasce dalla Rivelazione cristiana in conformit\u00e0 alla tradizione e al Magistero della Chiesa in opposizione ad ogni relativismo e totalitarismo\",\"publisher\":{\"@id\":\"https:\\\/\\\/www.rassegnastampa-totustuus.it\\\/cattolica\\\/#organization\"},\"alternateName\":\"Rass. Cattolica\",\"potentialAction\":[{\"@type\":\"SearchAction\",\"target\":{\"@type\":\"EntryPoint\",\"urlTemplate\":\"https:\\\/\\\/www.rassegnastampa-totustuus.it\\\/cattolica\\\/?s={search_term_string}\"},\"query-input\":{\"@type\":\"PropertyValueSpecification\",\"valueRequired\":true,\"valueName\":\"search_term_string\"}}],\"inLanguage\":\"it-IT\"},{\"@type\":\"Organization\",\"@id\":\"https:\\\/\\\/www.rassegnastampa-totustuus.it\\\/cattolica\\\/#organization\",\"name\":\"Rassegna Stampa Cattolica\",\"url\":\"https:\\\/\\\/www.rassegnastampa-totustuus.it\\\/cattolica\\\/\",\"logo\":{\"@type\":\"ImageObject\",\"inLanguage\":\"it-IT\",\"@id\":\"https:\\\/\\\/www.rassegnastampa-totustuus.it\\\/cattolica\\\/#\\\/schema\\\/logo\\\/image\\\/\",\"url\":\"https:\\\/\\\/www.rassegnastampa-totustuus.it\\\/cattolica\\\/wp-content\\\/uploads\\\/2014\\\/04\\\/logo-rassegna1.gif\",\"contentUrl\":\"https:\\\/\\\/www.rassegnastampa-totustuus.it\\\/cattolica\\\/wp-content\\\/uploads\\\/2014\\\/04\\\/logo-rassegna1.gif\",\"width\":600,\"height\":163,\"caption\":\"Rassegna Stampa Cattolica\"},\"image\":{\"@id\":\"https:\\\/\\\/www.rassegnastampa-totustuus.it\\\/cattolica\\\/#\\\/schema\\\/logo\\\/image\\\/\"},\"sameAs\":[\"https:\\\/\\\/www.facebook.com\\\/rassegnastampacattolica\",\"https:\\\/\\\/x.com\\\/rassegnastampa9\"]},{\"@type\":\"Person\",\"@id\":\"https:\\\/\\\/www.rassegnastampa-totustuus.it\\\/cattolica\\\/#\\\/schema\\\/person\\\/08f319d2bd1a0904ad9e2bfb7b15e5c3\",\"name\":\"Redazione\",\"image\":{\"@type\":\"ImageObject\",\"inLanguage\":\"it-IT\",\"@id\":\"https:\\\/\\\/secure.gravatar.com\\\/avatar\\\/2fcdf27c78ea025fbdb44e914cc63c72249ffec9dc8aafd5c82b26240ef3f346?s=96&d=mm&r=g\",\"url\":\"https:\\\/\\\/secure.gravatar.com\\\/avatar\\\/2fcdf27c78ea025fbdb44e914cc63c72249ffec9dc8aafd5c82b26240ef3f346?s=96&d=mm&r=g\",\"contentUrl\":\"https:\\\/\\\/secure.gravatar.com\\\/avatar\\\/2fcdf27c78ea025fbdb44e914cc63c72249ffec9dc8aafd5c82b26240ef3f346?s=96&d=mm&r=g\",\"caption\":\"Redazione\"},\"url\":\"https:\\\/\\\/www.rassegnastampa-totustuus.it\\\/cattolica\\\/author\\\/pietroelle\\\/\"}]}<\/script>\n<!-- \/ Yoast SEO plugin. -->","yoast_head_json":{"title":"Profezia (?) sul Popolo della Famiglia (!) - Rassegna Stampa Cattolica","description":"Rassegna Stampa Cattolica - Per una cultura che nasce dalla Rivelazione cristiana in conformit\u00e0 alla tradizione e al Magistero della Chiesa in opposizione ad ogni relativismo e totalitarismo","robots":{"index":"index","follow":"follow","max-snippet":"max-snippet:-1","max-image-preview":"max-image-preview:large","max-video-preview":"max-video-preview:-1"},"canonical":"https:\/\/www.rassegnastampa-totustuus.it\/cattolica\/profezia-sul-popolo-della-famiglia\/","og_locale":"it_IT","og_type":"article","og_title":"Profezia (?) sul Popolo della Famiglia (!) - Rassegna Stampa Cattolica","og_description":"Rassegna Stampa Cattolica - Per una cultura che nasce dalla Rivelazione cristiana in conformit\u00e0 alla tradizione e al Magistero della Chiesa in opposizione ad ogni relativismo e totalitarismo","og_url":"https:\/\/www.rassegnastampa-totustuus.it\/cattolica\/profezia-sul-popolo-della-famiglia\/","og_site_name":"Rassegna Stampa Cattolica","article_publisher":"https:\/\/www.facebook.com\/rassegnastampacattolica","article_published_time":"2016-03-23T23:00:24+00:00","article_modified_time":"2016-03-24T09:31:18+00:00","og_image":[{"width":233,"height":217,"url":"https:\/\/www.rassegnastampa-totustuus.it\/cattolica\/wp-content\/uploads\/2016\/03\/popolo_famiglia.jpg","type":"image\/jpeg"}],"author":"Redazione","twitter_card":"summary_large_image","twitter_creator":"@rassegnastampa9","twitter_site":"@rassegnastampa9","twitter_misc":{"Scritto da":"Redazione","Tempo di lettura stimato":"4 minuti"},"schema":{"@context":"https:\/\/schema.org","@graph":[{"@type":"Article","@id":"https:\/\/www.rassegnastampa-totustuus.it\/cattolica\/profezia-sul-popolo-della-famiglia\/#article","isPartOf":{"@id":"https:\/\/www.rassegnastampa-totustuus.it\/cattolica\/profezia-sul-popolo-della-famiglia\/"},"author":{"name":"Redazione","@id":"https:\/\/www.rassegnastampa-totustuus.it\/cattolica\/#\/schema\/person\/08f319d2bd1a0904ad9e2bfb7b15e5c3"},"headline":"Profezia (?) sul Popolo della Famiglia (!)","datePublished":"2016-03-23T23:00:24+00:00","dateModified":"2016-03-24T09:31:18+00:00","mainEntityOfPage":{"@id":"https:\/\/www.rassegnastampa-totustuus.it\/cattolica\/profezia-sul-popolo-della-famiglia\/"},"wordCount":814,"publisher":{"@id":"https:\/\/www.rassegnastampa-totustuus.it\/cattolica\/#organization"},"image":{"@id":"https:\/\/www.rassegnastampa-totustuus.it\/cattolica\/profezia-sul-popolo-della-famiglia\/#primaryimage"},"thumbnailUrl":"https:\/\/www.rassegnastampa-totustuus.it\/cattolica\/wp-content\/uploads\/2016\/03\/popolo_famiglia.jpg","keywords":["partiti","popolo della famiglia"],"articleSection":["Politica nazionale"],"inLanguage":"it-IT"},{"@type":"WebPage","@id":"https:\/\/www.rassegnastampa-totustuus.it\/cattolica\/profezia-sul-popolo-della-famiglia\/","url":"https:\/\/www.rassegnastampa-totustuus.it\/cattolica\/profezia-sul-popolo-della-famiglia\/","name":"Profezia (?) sul Popolo della Famiglia (!) - Rassegna Stampa Cattolica","isPartOf":{"@id":"https:\/\/www.rassegnastampa-totustuus.it\/cattolica\/#website"},"primaryImageOfPage":{"@id":"https:\/\/www.rassegnastampa-totustuus.it\/cattolica\/profezia-sul-popolo-della-famiglia\/#primaryimage"},"image":{"@id":"https:\/\/www.rassegnastampa-totustuus.it\/cattolica\/profezia-sul-popolo-della-famiglia\/#primaryimage"},"thumbnailUrl":"https:\/\/www.rassegnastampa-totustuus.it\/cattolica\/wp-content\/uploads\/2016\/03\/popolo_famiglia.jpg","datePublished":"2016-03-23T23:00:24+00:00","dateModified":"2016-03-24T09:31:18+00:00","description":"Rassegna Stampa Cattolica - Per una cultura che nasce dalla Rivelazione cristiana in conformit\u00e0 alla tradizione e al Magistero della Chiesa in opposizione ad ogni relativismo e totalitarismo","breadcrumb":{"@id":"https:\/\/www.rassegnastampa-totustuus.it\/cattolica\/profezia-sul-popolo-della-famiglia\/#breadcrumb"},"inLanguage":"it-IT","potentialAction":[{"@type":"ReadAction","target":["https:\/\/www.rassegnastampa-totustuus.it\/cattolica\/profezia-sul-popolo-della-famiglia\/"]}]},{"@type":"ImageObject","inLanguage":"it-IT","@id":"https:\/\/www.rassegnastampa-totustuus.it\/cattolica\/profezia-sul-popolo-della-famiglia\/#primaryimage","url":"https:\/\/www.rassegnastampa-totustuus.it\/cattolica\/wp-content\/uploads\/2016\/03\/popolo_famiglia.jpg","contentUrl":"https:\/\/www.rassegnastampa-totustuus.it\/cattolica\/wp-content\/uploads\/2016\/03\/popolo_famiglia.jpg","width":233,"height":217},{"@type":"BreadcrumbList","@id":"https:\/\/www.rassegnastampa-totustuus.it\/cattolica\/profezia-sul-popolo-della-famiglia\/#breadcrumb","itemListElement":[{"@type":"ListItem","position":1,"name":"Home","item":"https:\/\/www.rassegnastampa-totustuus.it\/cattolica\/"},{"@type":"ListItem","position":2,"name":"Profezia (?) sul Popolo della Famiglia (!)"}]},{"@type":"WebSite","@id":"https:\/\/www.rassegnastampa-totustuus.it\/cattolica\/#website","url":"https:\/\/www.rassegnastampa-totustuus.it\/cattolica\/","name":"Rassegna Stampa Cattolica","description":"Per una cultura che nasce dalla Rivelazione cristiana in conformit\u00e0 alla tradizione e al Magistero della Chiesa in opposizione ad ogni relativismo e totalitarismo","publisher":{"@id":"https:\/\/www.rassegnastampa-totustuus.it\/cattolica\/#organization"},"alternateName":"Rass. Cattolica","potentialAction":[{"@type":"SearchAction","target":{"@type":"EntryPoint","urlTemplate":"https:\/\/www.rassegnastampa-totustuus.it\/cattolica\/?s={search_term_string}"},"query-input":{"@type":"PropertyValueSpecification","valueRequired":true,"valueName":"search_term_string"}}],"inLanguage":"it-IT"},{"@type":"Organization","@id":"https:\/\/www.rassegnastampa-totustuus.it\/cattolica\/#organization","name":"Rassegna Stampa Cattolica","url":"https:\/\/www.rassegnastampa-totustuus.it\/cattolica\/","logo":{"@type":"ImageObject","inLanguage":"it-IT","@id":"https:\/\/www.rassegnastampa-totustuus.it\/cattolica\/#\/schema\/logo\/image\/","url":"https:\/\/www.rassegnastampa-totustuus.it\/cattolica\/wp-content\/uploads\/2014\/04\/logo-rassegna1.gif","contentUrl":"https:\/\/www.rassegnastampa-totustuus.it\/cattolica\/wp-content\/uploads\/2014\/04\/logo-rassegna1.gif","width":600,"height":163,"caption":"Rassegna Stampa Cattolica"},"image":{"@id":"https:\/\/www.rassegnastampa-totustuus.it\/cattolica\/#\/schema\/logo\/image\/"},"sameAs":["https:\/\/www.facebook.com\/rassegnastampacattolica","https:\/\/x.com\/rassegnastampa9"]},{"@type":"Person","@id":"https:\/\/www.rassegnastampa-totustuus.it\/cattolica\/#\/schema\/person\/08f319d2bd1a0904ad9e2bfb7b15e5c3","name":"Redazione","image":{"@type":"ImageObject","inLanguage":"it-IT","@id":"https:\/\/secure.gravatar.com\/avatar\/2fcdf27c78ea025fbdb44e914cc63c72249ffec9dc8aafd5c82b26240ef3f346?s=96&d=mm&r=g","url":"https:\/\/secure.gravatar.com\/avatar\/2fcdf27c78ea025fbdb44e914cc63c72249ffec9dc8aafd5c82b26240ef3f346?s=96&d=mm&r=g","contentUrl":"https:\/\/secure.gravatar.com\/avatar\/2fcdf27c78ea025fbdb44e914cc63c72249ffec9dc8aafd5c82b26240ef3f346?s=96&d=mm&r=g","caption":"Redazione"},"url":"https:\/\/www.rassegnastampa-totustuus.it\/cattolica\/author\/pietroelle\/"}]}},"_links":{"self":[{"href":"https:\/\/www.rassegnastampa-totustuus.it\/cattolica\/wp-json\/wp\/v2\/posts\/31786","targetHints":{"allow":["GET"]}}],"collection":[{"href":"https:\/\/www.rassegnastampa-totustuus.it\/cattolica\/wp-json\/wp\/v2\/posts"}],"about":[{"href":"https:\/\/www.rassegnastampa-totustuus.it\/cattolica\/wp-json\/wp\/v2\/types\/post"}],"author":[{"embeddable":true,"href":"https:\/\/www.rassegnastampa-totustuus.it\/cattolica\/wp-json\/wp\/v2\/users\/6"}],"replies":[{"embeddable":true,"href":"https:\/\/www.rassegnastampa-totustuus.it\/cattolica\/wp-json\/wp\/v2\/comments?post=31786"}],"version-history":[{"count":1,"href":"https:\/\/www.rassegnastampa-totustuus.it\/cattolica\/wp-json\/wp\/v2\/posts\/31786\/revisions"}],"predecessor-version":[{"id":31787,"href":"https:\/\/www.rassegnastampa-totustuus.it\/cattolica\/wp-json\/wp\/v2\/posts\/31786\/revisions\/31787"}],"wp:featuredmedia":[{"embeddable":true,"href":"https:\/\/www.rassegnastampa-totustuus.it\/cattolica\/wp-json\/wp\/v2\/media\/31752"}],"wp:attachment":[{"href":"https:\/\/www.rassegnastampa-totustuus.it\/cattolica\/wp-json\/wp\/v2\/media?parent=31786"}],"wp:term":[{"taxonomy":"category","embeddable":true,"href":"https:\/\/www.rassegnastampa-totustuus.it\/cattolica\/wp-json\/wp\/v2\/categories?post=31786"},{"taxonomy":"post_tag","embeddable":true,"href":"https:\/\/www.rassegnastampa-totustuus.it\/cattolica\/wp-json\/wp\/v2\/tags?post=31786"}],"curies":[{"name":"wp","href":"https:\/\/api.w.org\/{rel}","templated":true}]}}