{"id":31781,"date":"2015-08-14T00:00:08","date_gmt":"2015-08-13T22:00:08","guid":{"rendered":"http:\/\/www.rassegnastampa-totustuus.it\/cattolica\/?p=31781"},"modified":"2016-03-14T13:18:22","modified_gmt":"2016-03-14T12:18:22","slug":"dottrina-sociale-della-chiesa-i-principi","status":"publish","type":"post","link":"https:\/\/www.rassegnastampa-totustuus.it\/cattolica\/dottrina-sociale-della-chiesa-i-principi\/","title":{"rendered":"Dottrina sociale della Chiesa: i principi"},"content":{"rendered":"<p style=\"text-align: center;\">I.D.I.S. &#8211; Istituto per la Dottrina e l&#8217;Informazione Sociale<\/p>\n<p style=\"text-align: center;\"><strong>Voci per un Dizionario del Pensiero Forte<\/strong><\/p>\n<p style=\"text-align: center;\"><img loading=\"lazy\" decoding=\"async\" class=\"aligncenter wp-image-31783\" src=\"https:\/\/www.rassegnastampa-totustuus.it\/cattolica\/wp-content\/uploads\/2016\/03\/compendio_dottrina_sociale.jpg\" alt=\"compendio_dottrina_sociale\" width=\"125\" height=\"200\" \/><\/p>\n<p style=\"text-align: center;\">di <strong>Giovanni Cantoni<\/strong><\/p>\n<p style=\"text-align: justify;\">La dottrina sociale della Chiesa &#8211; il corpo dottrinale <em>in progress,<\/em> \u00abfabbrica\u00bb destinata a chiudersi alla fine dei tempi, di cui sono note le grandi linee e le fondamenta, che si viene costituendo nel corso della storia a opera della Gerarchia e sulla base dell&#8217;elaborazione delle scienze umane soprattutto in risposta alle sollecitazioni delle diverse societ\u00e0 umane &#8211; comporta tre aree: princ\u00ecpi di riflessione, criteri di giudizio e direttive di azione.<\/p>\n<p style=\"text-align: justify;\">Essa ha trovato una ricostruzione e un&#8217;esposizione compendiose di particolare rilevanza magisteriale nel <em>Catechismo della Chiesa Cattolica,<\/em> pubblicato da Papa Giovanni Paolo II nel 1992, come strumento valido e legittimo della comunione ecclesiale e come norma sicura per l&#8217;insegnamento della fede, per la catechesi, cio\u00e8 per l&#8217;attivit\u00e0 attraverso la quale la Chiesa, in tutte le sue articolazioni, fa eco alla Sacra Scrittura, alla Tradizione apostolica, al Magistero ecclesiastico, proclamando i \u00abdiritti dell&#8217;uomo\u00bb senza anteporli ai \u00abdiritti di Dio\u00bb, dei quali si deve riconoscere e rispettare il primato, non solo come fonti di precisi doveri corrispondenti, ma anche come fondamenta e garanzie dei primi.<\/p>\n<p style=\"text-align: justify;\"><strong>Princ\u00ecpi di riflessione<\/strong><\/p>\n<p style=\"text-align: justify;\">I princ\u00ecpi di riflessione della dottrina sociale naturale e cristiana sono costituiti dal primato della persona umana, dal principio di sussidiariet\u00e0 e da quello di solidariet\u00e0<\/p>\n<p style=\"text-align: justify;\">Quanto all&#8217;uomo, se ne afferma la naturale socialit\u00e0 e si indica il fondamento della sua grandezza nell&#8217;esser stato creato a immagine e somiglianza di Dio, s\u00ec che la dimensione stessa di tale grandezza \u00e8 la gloria di Dio: \u00abLa gloria di Dio &#8211; scrive Sant&#8217;Ireneo di Lione, un Padre della Chiesa, di lingua greca, del secolo II &#8211; \u00e8 l&#8217;uomo vivente, ma la vita dell&#8217;uomo \u00e8 la contemplazione di Dio\u00bb (<em>Adversus haereses<\/em> 4,20, 7); l&#8217;uomo \u00e8 posto al centro del mondo delle creature visibili e invisibili, tutte ricolme della gloria del Creatore e che ne proclamano la gloria, s\u00ec che, attraverso la storia del cosmo visibile e invisibile, s&#8217;innalza, come un Tempio immenso, un abbozzo del Regno eterno di Dio.<\/p>\n<p style=\"text-align: justify;\">Nell&#8217;esecuzione di quest&#8217;opera, in base al principio di sussidiariet\u00e0 l&#8217;uomo deve esser messo in condizioni di realizzare e all&#8217;uomo si deve domandare che realizzi tutte le proprie potenzialit\u00e0 prima di auspicare e di richiedere l&#8217;intervento di altri uomini a soddisfare le sue esigenze naturali &#8211; cio\u00e8 derivanti dalla sua natura sociale, che lo rende strutturalmente bisognoso dell&#8217;aiuto di altri &#8211; e a integrare le deficienze dovute alle conseguenze del peccato originale. Questo rapporto fra il singolo e la societ\u00e0 come insieme di altri uomini \u00e8 modello anche per le relazioni fra i diversi corpi sociali intermedi, a partire dalla societ\u00e0 matrimoniale, da quella familiare e oltre, fino alla comunit\u00e0 delle nazioni.<\/p>\n<p style=\"text-align: justify;\">Ancora: nell&#8217;esecuzione di quest&#8217;opera, il vantaggio spirituale e materiale del singolo uomo dev&#8217;essere perseguito in armonia con il vantaggio dell&#8217;umanit\u00e0 come insieme di tutti gli uomini &#8211; \u00e8 il principio di solidariet\u00e0 &#8211; cio\u00e8 nella prospettiva del bene comune di ogni societ\u00e0 e della societ\u00e0 universale inteso come insieme delle condizioni che, ai diversi livelli e nelle diverse situazioni, garantiscono e favoriscono le migliori situazioni di vita di ogni singolo, quindi la realizzazione sociale della gloria di Dio.<\/p>\n<p style=\"text-align: justify;\">I princ\u00ecpi evocati trovano la loro codificazione nella regolamentazione dei rapporti con Dio dell&#8217;uomo e della societ\u00e0 che forma e di cui vive, implicito commento alla prima tavola del decalogo, che appunto li prevede nei primi tre comandamenti; quindi nell&#8217;implicito commento alla seconda tavola della stessa legge, che riguarda le relazioni fra gli uomini e degli uomini con i beni.<\/p>\n<p style=\"text-align: justify;\"><strong>Criteri di giudizio<\/strong><\/p>\n<p style=\"text-align: justify;\">Quanto ai rapporti con Dio delle societ\u00e0 &#8211; con particolare riguardo alle societ\u00e0 politiche, cio\u00e8 agli Stati &#8211; l&#8217;orizzonte costituito dal primo comandamento, \u00abNon avrai altro Dio fuori di me\u00bb, comporta un&#8217;accoglienza della verit\u00e0 della religione cristiana da parte della societ\u00e0 in un modo quanto pi\u00f9 possibile integrale, per cui anche la confessionalit\u00e0 dello Stato &#8211; cio\u00e8 del profilo organizzativo della societ\u00e0 &#8211; con il riconoscimento della missione unica della Chiesa cattolica, \u00e8 obiettivo da perseguire, naturalmente sulla base inamovibile della libert\u00e0 religiosa, che esclude ogni e qualsiasi coercizione sociale e civile in materia religiosa.<\/p>\n<p style=\"text-align: justify;\">Le esigenze sociali insite nel secondo comandamento, \u00abNon nominare il nome di Dio invano\u00bb, comportano che i diritti alla libert\u00e0 di coscienza, d&#8217;opinione e d&#8217;espressione non esonerino dal dovere di trattare con deferente considerazione l&#8217;esperienza spirituale di quanti credono in Dio e che, offendendo pubblicamente Dio, non si commetta soltanto una grave colpa morale, ma si violi pure un preciso diritto della persona al rispetto delle proprie convinzioni religiose. Circa il terzo comandamento, \u00abRicordati di santificare le feste\u00bb, l&#8217;osservanza di un giorno settimanale di preghiera e di riposo, con effetto rigeneratore e tonificante sull&#8217;esistenza umana, dev&#8217;essere garantito contro l&#8217;asservimento al lavoro e ii culto del denaro.<\/p>\n<p style=\"text-align: justify;\">Il quarto comandamento, \u00abOnora il padre e la madre\u00bb, espresso nella forma di un dovere da compiere, \u00e8 uno dei fondamenti della dottrina sociale naturale e cristiana. Infatti riguarda la famiglia, fondata sul matrimonio eterosessuale, monogamico e indissolubile, offeso<em> in radice<\/em> dalla permissione del divorzio, che &#8211; con l&#8217;adulterio, l&#8217;incesto, l&#8217;omosessualit\u00e0 e ogni abuso sessuale &#8211; contrasta con il sesto comandamento, \u00abNon commettere atti impuri\u00bb.<\/p>\n<p style=\"text-align: justify;\">Cellula originaria della vita sociale, la famiglia &#8211; alla quale spetta il diritto primario all&#8217;educazione dei figli e alla libera scelta della scuola &#8211; esercita a tale vita, educando implicitamente all&#8217;organicit\u00e0 sociale, quindi sia all&#8217;uguaglianza che alla diversit\u00e0 fra gli uomini, sia alla gerarchia che alla fraternit\u00e0 sulla base della comune paternit\u00e0 nonch\u00e9 all&#8217;identificazione dei propri diritti e dei corrispondenti doveri. Inoltre, della vita sociale, in ogni suo grado, \u00e8 nello stesso tempo modello e modulo, sulla cui base realizzare la partecipazione alla vita politica &#8211; contrapponendo democrazia a totalitarismo, ma guardandosi dal totalitarismo democratico, cio\u00e8 da una democrazia che voglia imporre i valori a maggioranza &#8211; ed esercitare l&#8217;autorit\u00e0 come servizio.<\/p>\n<p style=\"text-align: justify;\">Il quinto comandamento, \u00abNon uccidere\u00bb, rifiuta l&#8217;omicidio diretto e volontario, l&#8217;aborto e l&#8217;eutanasia, nonch\u00e9 il suicidio e quei generi di suicidi promossi fisicamente dall&#8217;assunzione di droghe, con tutta l&#8217;attivit\u00e0 criminale che la circonda, e moralmente dagli scandali provocati, di volta in volta, da leggi o da istituzioni, dalla moda o dall&#8217;opinione pubblica A tali scandali si affiancano la permissivit\u00e0 dei costumi e l&#8217;intossicazione pornografica, dai quali mette in guardia il nono comandamento, \u00abNon desiderare la donna d&#8217;altri\u00bb.<\/p>\n<p style=\"text-align: justify;\">Sempre al quinto comandamento rimandano il rispetto dell&#8217;integrit\u00e0 corporea e psichica e il divieto di ogni sperimentazione scientifica sugli esseri umani che li esponga a rischi sproporzionati o evitabili &#8211; neppure con il consenso esplicito del soggetto o dei suoi aventi diritto &#8211; nonch\u00e9 la condanna di rapimenti, di presa di ostaggi e di terrorismo. Nel quadro del rispetto della vi\u00adta si situano lecitamente sia la legittima difesa, la cui versione macroscopica \u00e8 la guerra, che la pena di morte, pratiche da scongiurare con ogni sforzo ragionevole e possibile &#8211; soprattutto a fronte delle moderne tecniche di guerra e del moderno disprezzo per la vita &#8211; ricorrendo a modalit\u00e0 quali la trattativa diplomatica, l&#8217;arbitrato internazionale e la carcerazione.<\/p>\n<p style=\"text-align: justify;\">Il settimo e il decimo comandamento, \u00abNon rubare\u00bb e \u00abNon desiderare la roba d&#8217;altri\u00bb, fondano la liceit\u00e0 del diritto di propriet\u00e0 privata, acquisita con il lavoro o ricevuta in eredit\u00e0 oppure in dono; non eliminano per\u00f2 l&#8217;universale destinazione dei beni, anche se la promozione del bene comune esige il rispetto della propriet\u00e0 privata, del diritto a essa e del suo esercizio, e condannano ogni forma di esproprio surrettizio, quale quello fiscale.<\/p>\n<p style=\"text-align: justify;\">Al diritto di propriet\u00e0 s&#8217;affianca quello d&#8217;iniziativa economica, nonch\u00e9 il rispetto dell&#8217;integrit\u00e0 della creazione. Comunque, la vita economica dev&#8217;essere garantita dallo Stato, che deve sorvegliare e guidare l&#8217;esercizio dell&#8217;attivit\u00e0 e dei diritti nel settore, quindi dare un solido inquadramento giuridico pure al mondo finanziario.<\/p>\n<p style=\"text-align: justify;\">Infine l&#8217;ottavo comandamento, \u00abNon dire falsa testimonianza\u00bb, non riguarda solo la veridicit\u00e0 nella testimonianza in sede giuridica e contrattuale, ma l&#8217;informazione attraverso i mezzi di comunicazione sociale, nel suo contenuto sempre vera e &#8211; salve la giustizia e la carit\u00e0 &#8211; integra, e nel modo onesta e rispettosa delle leggi morali, dei legittimi diritti e della dignit\u00e0 dell&#8217;uomo.<\/p>\n<p style=\"text-align: justify;\"><strong>D<\/strong><strong>irettive di azione<\/strong><\/p>\n<p style=\"text-align: justify;\">I princ\u00ecpi enunciati e le determinazioni della legge naturale e cristiana costituiscono la premessa di ogni ascesi sociale, cio\u00e8 di ogni opera sociale e di ogni sforzo politico teso alla realizzazione delle condizioni massimali e ottimali della convivenza a ogni livello, da quello fra famiglie a quello internazionale, a partire dalla messa in atto di ogni gesto utile allo svolgimento di tale attivit\u00e0 quindi alla preventiva conquista &#8211; ove necessario &#8211; e alla conservazione di una condizione di libert\u00e0 che per il cristiano coincide con la <em>libertas Ecclesiae<\/em>, ma che si rivela anche <em>libertas hominis<\/em>, grazie appunto alla relazione fra il decalogo e la \u00ablegge naturale\u00bb, per cui \u00abfin dalle origini &#8211; come afferma sempre sant&#8217;Ireneo -, Dio aveva radicato nel cuore degli uomini i precetti della legge naturale.<\/p>\n<p style=\"text-align: justify;\">Poi si limit\u00f2 a richiamarli alla loro mente. Fu il Decalogo\u00bb (op. cit 4, 15, 1); quindi &#8211; con altra formulazione &#8211; grazie all&#8217;interdipendenza fra i \u00abdiritti di Dio\u00bb e i \u00abdiritti dell&#8217;uomo\u00bb, che non solo non si escludono, ma vanno di pari passo. Perci\u00f2 s&#8217;impone quella che Papa Giovanni Paolo II chiama &#8211; al n. 26 dell&#8217;esortazione apostolica post-sinodale <em>Reconciliatio et paenitentia<\/em>, del 1984 &#8211; la \u00abquadruplice riconciliazione\u00bb dell&#8217;uomo \u00abcon Dio, con se stesso, con i fratelli, con tutto il creato\u00bb, nella cui prospettiva di ritorno ai princ\u00ecpi si situano lo studio, la diffusione e l&#8217;applicazione della dottrina sociale della Chiesa, \u00ab[&#8230;] un ampio e solido corpo di dottrina riguardante le molteplici esigenze inerenti alla vita della comunit\u00e0 umana, ai rapporti tra individui, famiglie, gruppi nei suoi diversi \u00e0mbiti, e alla stessa costituzione di una societ\u00e0 che voglia esser coerente con la legge morale, che \u00e8 fondamento della civilt\u00e0.<\/p>\n<p style=\"text-align: justify;\">\u00abAlla base di questo insegnamento sociale della Chiesa si trova, ovviamente, la visione che essa trae dalla parola di Dio circa i diritti e i doveri degli individui, della famiglia e della comunit\u00e0; circa il valore della libert\u00e0 e le dimensioni della giustizia; circa il primato della carit\u00e0; circa la dignit\u00e0 della persona umana e le esigenze del bene comune, al quale devono mirare la politica e la stessa economia.<\/p>\n<p style=\"text-align: justify;\">Su questi fondamentali princ\u00ecpi del magistero sociale, che confermano e ripropongono i dettami universali della ragione e della coscienza dei popoli, poggia in gran parte la speranza di una pacifica soluzione di tanti conflitti sociali e, in definitiva, della riconciliazione universale\u00bb; cio\u00e8 &#8211; secondo lo stesso Pontefice nella conclusione dell&#8217;esortazione apostolica postsinodale <em>Christifideles laici<\/em>, del 1988 -\u00ab[&#8230;] contribuire a stabilire sulla terra la civilt\u00e0 della verit\u00e0 e dell&#8217;amore, secondo il desiderio di Dio e per la sua gloria\u00bb.<\/p>\n<p style=\"text-align: justify;\"><strong>Per approfondire:<\/strong> vedi Congregazione per l&#8217;Educazione Cattolica, \u00abOrientamenti per lo studio e l&#8217;Insegnamento della dottrina sociale della Chiesa nella formazione sacerdotale\u00bb, del 30-12-1988; don Jos\u00e9 Miguel Ib\u00e0nez Langlois, \u00abLa dottrina sociale della Chiesa. Itinerario testuale dalla &#8220;Rerum novarum&#8221; alla &#8220;Sollic\u00ectudo rei socialls&#8221;\u00bb, trad. It., Ares, Milano 1989; e I miei \u00abDottrina sociale e lavoro umano nel messaggio della &#8220;Laborem exercens&#8221;\u00bb, In \u00abCristianit\u00e0\u00bb, anno IX, n. 78-79, ottobre-novembre 1981, pp. 1-20; \u00abLa buona battaglia di Alleanza Cattolica per la maggiore gloria di Dio anche sociale, Ibld.,\u00bb anno XI, n. 100, agosto-settembre-ottobre 1983, pp. 3-5; \u00abCattolici, politica e dottrina sociale della Chiesa\u00bb, In \u00abQuaderni di &#8220;Cristianit\u00e0&#8221;\u00bb, anno II, n. 4, primavera 1986, pp. 68-76; \u00abLa Contro-Rivoluzione e le libert\u00e0\u00bb in \u00abCristianit\u00e0\u00bb, anno XIX, n. 199, novembre 1991, pp. 6-12; \u00abLa democrazia nell&#8217;enciclica sociale &#8220;Evangellum vitae&#8221;\u00bb ibid. anno XXIII, n. 241-242, maggio-giugno 1995, pp, 3-8. Vedi pure \u00abI documenti sociali della Chiesa. Da Pio IX a Giovanni Paolo II\u00bb, a cura di Raimondo Spiazzi O. P., voi. I. \u00abdal 1864 al 1965\u00bb, e voi. Il, \u00abdal 1967 al 1987\u00bb, 2* ed. aggiornata, Massimo, Milano 1988; e \u00abTutte le encicliche e i principali documenti pontifici emanati dal 1740\u00bb, a cura di Ugo Bellocchi, Libreria Editrice Vaticana, Citt\u00e0 del Vaticano, dal 1993, 6 voli., testi dal 1740 al 1903.<\/p>\n","protected":false},"excerpt":{"rendered":"<p>I.D.I.S. &#8211; Istituto per la Dottrina e l&#8217;Informazione Sociale Voci per un Dizionario del Pensiero Forte di Giovanni Cantoni La dottrina sociale della Chiesa &#8211; il corpo dottrinale in progress, \u00abfabbrica\u00bb destinata a chiudersi alla fine dei tempi, di cui sono note le grandi linee e le fondamenta, che si viene costituendo nel corso della &hellip; <\/p>\n<p><a class=\"more-link btn\" href=\"https:\/\/www.rassegnastampa-totustuus.it\/cattolica\/dottrina-sociale-della-chiesa-i-principi\/\">Continua a leggere<\/a><\/p>\n","protected":false},"author":6,"featured_media":31783,"comment_status":"closed","ping_status":"closed","sticky":false,"template":"","format":"standard","meta":{"footnotes":""},"categories":[11],"tags":[146],"class_list":["post-31781","post","type-post","status-publish","format-standard","has-post-thumbnail","hentry","category-dottrina-sociale","tag-dottrina-sociale-2","item-wrap"],"yoast_head":"<!-- This site is optimized with the Yoast SEO plugin v27.5 - https:\/\/yoast.com\/product\/yoast-seo-wordpress\/ -->\n<title>Dottrina sociale della Chiesa: i principi - Rassegna Stampa Cattolica<\/title>\n<meta name=\"description\" content=\"Rassegna Stampa Cattolica - Per una cultura che nasce dalla Rivelazione cristiana in conformit\u00e0 alla tradizione e al Magistero della Chiesa in opposizione ad ogni relativismo e totalitarismo\" \/>\n<meta name=\"robots\" content=\"index, follow, max-snippet:-1, max-image-preview:large, max-video-preview:-1\" \/>\n<link rel=\"canonical\" href=\"https:\/\/www.rassegnastampa-totustuus.it\/cattolica\/dottrina-sociale-della-chiesa-i-principi\/\" \/>\n<meta property=\"og:locale\" content=\"it_IT\" \/>\n<meta property=\"og:type\" content=\"article\" \/>\n<meta property=\"og:title\" content=\"Dottrina sociale della Chiesa: i principi - Rassegna Stampa Cattolica\" \/>\n<meta property=\"og:description\" content=\"Rassegna Stampa Cattolica - Per una cultura che nasce dalla Rivelazione cristiana in conformit\u00e0 alla tradizione e al Magistero della Chiesa in opposizione ad ogni relativismo e totalitarismo\" \/>\n<meta property=\"og:url\" content=\"https:\/\/www.rassegnastampa-totustuus.it\/cattolica\/dottrina-sociale-della-chiesa-i-principi\/\" \/>\n<meta property=\"og:site_name\" content=\"Rassegna Stampa Cattolica\" \/>\n<meta property=\"article:publisher\" content=\"https:\/\/www.facebook.com\/rassegnastampacattolica\" \/>\n<meta property=\"article:published_time\" content=\"2015-08-13T22:00:08+00:00\" \/>\n<meta property=\"article:modified_time\" content=\"2016-03-14T12:18:22+00:00\" \/>\n<meta property=\"og:image\" content=\"https:\/\/www.rassegnastampa-totustuus.it\/cattolica\/wp-content\/uploads\/2016\/03\/compendio_dottrina_sociale.jpg\" \/>\n\t<meta property=\"og:image:width\" content=\"178\" \/>\n\t<meta property=\"og:image:height\" content=\"284\" \/>\n\t<meta property=\"og:image:type\" content=\"image\/jpeg\" \/>\n<meta name=\"author\" content=\"Redazione\" \/>\n<meta name=\"twitter:card\" content=\"summary_large_image\" \/>\n<meta name=\"twitter:creator\" content=\"@rassegnastampa9\" \/>\n<meta name=\"twitter:site\" content=\"@rassegnastampa9\" \/>\n<meta name=\"twitter:label1\" content=\"Scritto da\" \/>\n\t<meta name=\"twitter:data1\" content=\"Redazione\" \/>\n\t<meta name=\"twitter:label2\" content=\"Tempo di lettura stimato\" \/>\n\t<meta name=\"twitter:data2\" content=\"10 minuti\" \/>\n<script type=\"application\/ld+json\" class=\"yoast-schema-graph\">{\"@context\":\"https:\\\/\\\/schema.org\",\"@graph\":[{\"@type\":\"Article\",\"@id\":\"https:\\\/\\\/www.rassegnastampa-totustuus.it\\\/cattolica\\\/dottrina-sociale-della-chiesa-i-principi\\\/#article\",\"isPartOf\":{\"@id\":\"https:\\\/\\\/www.rassegnastampa-totustuus.it\\\/cattolica\\\/dottrina-sociale-della-chiesa-i-principi\\\/\"},\"author\":{\"name\":\"Redazione\",\"@id\":\"https:\\\/\\\/www.rassegnastampa-totustuus.it\\\/cattolica\\\/#\\\/schema\\\/person\\\/08f319d2bd1a0904ad9e2bfb7b15e5c3\"},\"headline\":\"Dottrina sociale della Chiesa: i principi\",\"datePublished\":\"2015-08-13T22:00:08+00:00\",\"dateModified\":\"2016-03-14T12:18:22+00:00\",\"mainEntityOfPage\":{\"@id\":\"https:\\\/\\\/www.rassegnastampa-totustuus.it\\\/cattolica\\\/dottrina-sociale-della-chiesa-i-principi\\\/\"},\"wordCount\":2039,\"publisher\":{\"@id\":\"https:\\\/\\\/www.rassegnastampa-totustuus.it\\\/cattolica\\\/#organization\"},\"image\":{\"@id\":\"https:\\\/\\\/www.rassegnastampa-totustuus.it\\\/cattolica\\\/dottrina-sociale-della-chiesa-i-principi\\\/#primaryimage\"},\"thumbnailUrl\":\"https:\\\/\\\/www.rassegnastampa-totustuus.it\\\/cattolica\\\/wp-content\\\/uploads\\\/2016\\\/03\\\/compendio_dottrina_sociale.jpg\",\"keywords\":[\"dottrina sociale\"],\"articleSection\":[\"Dottrina sociale\"],\"inLanguage\":\"it-IT\"},{\"@type\":\"WebPage\",\"@id\":\"https:\\\/\\\/www.rassegnastampa-totustuus.it\\\/cattolica\\\/dottrina-sociale-della-chiesa-i-principi\\\/\",\"url\":\"https:\\\/\\\/www.rassegnastampa-totustuus.it\\\/cattolica\\\/dottrina-sociale-della-chiesa-i-principi\\\/\",\"name\":\"Dottrina sociale della Chiesa: i principi - Rassegna Stampa Cattolica\",\"isPartOf\":{\"@id\":\"https:\\\/\\\/www.rassegnastampa-totustuus.it\\\/cattolica\\\/#website\"},\"primaryImageOfPage\":{\"@id\":\"https:\\\/\\\/www.rassegnastampa-totustuus.it\\\/cattolica\\\/dottrina-sociale-della-chiesa-i-principi\\\/#primaryimage\"},\"image\":{\"@id\":\"https:\\\/\\\/www.rassegnastampa-totustuus.it\\\/cattolica\\\/dottrina-sociale-della-chiesa-i-principi\\\/#primaryimage\"},\"thumbnailUrl\":\"https:\\\/\\\/www.rassegnastampa-totustuus.it\\\/cattolica\\\/wp-content\\\/uploads\\\/2016\\\/03\\\/compendio_dottrina_sociale.jpg\",\"datePublished\":\"2015-08-13T22:00:08+00:00\",\"dateModified\":\"2016-03-14T12:18:22+00:00\",\"description\":\"Rassegna Stampa Cattolica - Per una cultura che nasce dalla Rivelazione cristiana in conformit\u00e0 alla tradizione e al Magistero della Chiesa in opposizione ad ogni relativismo e totalitarismo\",\"breadcrumb\":{\"@id\":\"https:\\\/\\\/www.rassegnastampa-totustuus.it\\\/cattolica\\\/dottrina-sociale-della-chiesa-i-principi\\\/#breadcrumb\"},\"inLanguage\":\"it-IT\",\"potentialAction\":[{\"@type\":\"ReadAction\",\"target\":[\"https:\\\/\\\/www.rassegnastampa-totustuus.it\\\/cattolica\\\/dottrina-sociale-della-chiesa-i-principi\\\/\"]}]},{\"@type\":\"ImageObject\",\"inLanguage\":\"it-IT\",\"@id\":\"https:\\\/\\\/www.rassegnastampa-totustuus.it\\\/cattolica\\\/dottrina-sociale-della-chiesa-i-principi\\\/#primaryimage\",\"url\":\"https:\\\/\\\/www.rassegnastampa-totustuus.it\\\/cattolica\\\/wp-content\\\/uploads\\\/2016\\\/03\\\/compendio_dottrina_sociale.jpg\",\"contentUrl\":\"https:\\\/\\\/www.rassegnastampa-totustuus.it\\\/cattolica\\\/wp-content\\\/uploads\\\/2016\\\/03\\\/compendio_dottrina_sociale.jpg\",\"width\":178,\"height\":284},{\"@type\":\"BreadcrumbList\",\"@id\":\"https:\\\/\\\/www.rassegnastampa-totustuus.it\\\/cattolica\\\/dottrina-sociale-della-chiesa-i-principi\\\/#breadcrumb\",\"itemListElement\":[{\"@type\":\"ListItem\",\"position\":1,\"name\":\"Home\",\"item\":\"https:\\\/\\\/www.rassegnastampa-totustuus.it\\\/cattolica\\\/\"},{\"@type\":\"ListItem\",\"position\":2,\"name\":\"Dottrina sociale della Chiesa: i principi\"}]},{\"@type\":\"WebSite\",\"@id\":\"https:\\\/\\\/www.rassegnastampa-totustuus.it\\\/cattolica\\\/#website\",\"url\":\"https:\\\/\\\/www.rassegnastampa-totustuus.it\\\/cattolica\\\/\",\"name\":\"Rassegna Stampa Cattolica\",\"description\":\"Per una cultura che nasce dalla Rivelazione cristiana in conformit\u00e0 alla tradizione e al Magistero della Chiesa in opposizione ad ogni relativismo e totalitarismo\",\"publisher\":{\"@id\":\"https:\\\/\\\/www.rassegnastampa-totustuus.it\\\/cattolica\\\/#organization\"},\"alternateName\":\"Rass. Cattolica\",\"potentialAction\":[{\"@type\":\"SearchAction\",\"target\":{\"@type\":\"EntryPoint\",\"urlTemplate\":\"https:\\\/\\\/www.rassegnastampa-totustuus.it\\\/cattolica\\\/?s={search_term_string}\"},\"query-input\":{\"@type\":\"PropertyValueSpecification\",\"valueRequired\":true,\"valueName\":\"search_term_string\"}}],\"inLanguage\":\"it-IT\"},{\"@type\":\"Organization\",\"@id\":\"https:\\\/\\\/www.rassegnastampa-totustuus.it\\\/cattolica\\\/#organization\",\"name\":\"Rassegna Stampa Cattolica\",\"url\":\"https:\\\/\\\/www.rassegnastampa-totustuus.it\\\/cattolica\\\/\",\"logo\":{\"@type\":\"ImageObject\",\"inLanguage\":\"it-IT\",\"@id\":\"https:\\\/\\\/www.rassegnastampa-totustuus.it\\\/cattolica\\\/#\\\/schema\\\/logo\\\/image\\\/\",\"url\":\"https:\\\/\\\/www.rassegnastampa-totustuus.it\\\/cattolica\\\/wp-content\\\/uploads\\\/2014\\\/04\\\/logo-rassegna1.gif\",\"contentUrl\":\"https:\\\/\\\/www.rassegnastampa-totustuus.it\\\/cattolica\\\/wp-content\\\/uploads\\\/2014\\\/04\\\/logo-rassegna1.gif\",\"width\":600,\"height\":163,\"caption\":\"Rassegna Stampa Cattolica\"},\"image\":{\"@id\":\"https:\\\/\\\/www.rassegnastampa-totustuus.it\\\/cattolica\\\/#\\\/schema\\\/logo\\\/image\\\/\"},\"sameAs\":[\"https:\\\/\\\/www.facebook.com\\\/rassegnastampacattolica\",\"https:\\\/\\\/x.com\\\/rassegnastampa9\"]},{\"@type\":\"Person\",\"@id\":\"https:\\\/\\\/www.rassegnastampa-totustuus.it\\\/cattolica\\\/#\\\/schema\\\/person\\\/08f319d2bd1a0904ad9e2bfb7b15e5c3\",\"name\":\"Redazione\",\"image\":{\"@type\":\"ImageObject\",\"inLanguage\":\"it-IT\",\"@id\":\"https:\\\/\\\/secure.gravatar.com\\\/avatar\\\/2fcdf27c78ea025fbdb44e914cc63c72249ffec9dc8aafd5c82b26240ef3f346?s=96&d=mm&r=g\",\"url\":\"https:\\\/\\\/secure.gravatar.com\\\/avatar\\\/2fcdf27c78ea025fbdb44e914cc63c72249ffec9dc8aafd5c82b26240ef3f346?s=96&d=mm&r=g\",\"contentUrl\":\"https:\\\/\\\/secure.gravatar.com\\\/avatar\\\/2fcdf27c78ea025fbdb44e914cc63c72249ffec9dc8aafd5c82b26240ef3f346?s=96&d=mm&r=g\",\"caption\":\"Redazione\"},\"url\":\"https:\\\/\\\/www.rassegnastampa-totustuus.it\\\/cattolica\\\/author\\\/pietroelle\\\/\"}]}<\/script>\n<!-- \/ Yoast SEO plugin. -->","yoast_head_json":{"title":"Dottrina sociale della Chiesa: i principi - Rassegna Stampa Cattolica","description":"Rassegna Stampa Cattolica - Per una cultura che nasce dalla Rivelazione cristiana in conformit\u00e0 alla tradizione e al Magistero della Chiesa in opposizione ad ogni relativismo e totalitarismo","robots":{"index":"index","follow":"follow","max-snippet":"max-snippet:-1","max-image-preview":"max-image-preview:large","max-video-preview":"max-video-preview:-1"},"canonical":"https:\/\/www.rassegnastampa-totustuus.it\/cattolica\/dottrina-sociale-della-chiesa-i-principi\/","og_locale":"it_IT","og_type":"article","og_title":"Dottrina sociale della Chiesa: i principi - Rassegna Stampa Cattolica","og_description":"Rassegna Stampa Cattolica - Per una cultura che nasce dalla Rivelazione cristiana in conformit\u00e0 alla tradizione e al Magistero della Chiesa in opposizione ad ogni relativismo e totalitarismo","og_url":"https:\/\/www.rassegnastampa-totustuus.it\/cattolica\/dottrina-sociale-della-chiesa-i-principi\/","og_site_name":"Rassegna Stampa Cattolica","article_publisher":"https:\/\/www.facebook.com\/rassegnastampacattolica","article_published_time":"2015-08-13T22:00:08+00:00","article_modified_time":"2016-03-14T12:18:22+00:00","og_image":[{"width":178,"height":284,"url":"https:\/\/www.rassegnastampa-totustuus.it\/cattolica\/wp-content\/uploads\/2016\/03\/compendio_dottrina_sociale.jpg","type":"image\/jpeg"}],"author":"Redazione","twitter_card":"summary_large_image","twitter_creator":"@rassegnastampa9","twitter_site":"@rassegnastampa9","twitter_misc":{"Scritto da":"Redazione","Tempo di lettura stimato":"10 minuti"},"schema":{"@context":"https:\/\/schema.org","@graph":[{"@type":"Article","@id":"https:\/\/www.rassegnastampa-totustuus.it\/cattolica\/dottrina-sociale-della-chiesa-i-principi\/#article","isPartOf":{"@id":"https:\/\/www.rassegnastampa-totustuus.it\/cattolica\/dottrina-sociale-della-chiesa-i-principi\/"},"author":{"name":"Redazione","@id":"https:\/\/www.rassegnastampa-totustuus.it\/cattolica\/#\/schema\/person\/08f319d2bd1a0904ad9e2bfb7b15e5c3"},"headline":"Dottrina sociale della Chiesa: i principi","datePublished":"2015-08-13T22:00:08+00:00","dateModified":"2016-03-14T12:18:22+00:00","mainEntityOfPage":{"@id":"https:\/\/www.rassegnastampa-totustuus.it\/cattolica\/dottrina-sociale-della-chiesa-i-principi\/"},"wordCount":2039,"publisher":{"@id":"https:\/\/www.rassegnastampa-totustuus.it\/cattolica\/#organization"},"image":{"@id":"https:\/\/www.rassegnastampa-totustuus.it\/cattolica\/dottrina-sociale-della-chiesa-i-principi\/#primaryimage"},"thumbnailUrl":"https:\/\/www.rassegnastampa-totustuus.it\/cattolica\/wp-content\/uploads\/2016\/03\/compendio_dottrina_sociale.jpg","keywords":["dottrina sociale"],"articleSection":["Dottrina sociale"],"inLanguage":"it-IT"},{"@type":"WebPage","@id":"https:\/\/www.rassegnastampa-totustuus.it\/cattolica\/dottrina-sociale-della-chiesa-i-principi\/","url":"https:\/\/www.rassegnastampa-totustuus.it\/cattolica\/dottrina-sociale-della-chiesa-i-principi\/","name":"Dottrina sociale della Chiesa: i principi - Rassegna Stampa Cattolica","isPartOf":{"@id":"https:\/\/www.rassegnastampa-totustuus.it\/cattolica\/#website"},"primaryImageOfPage":{"@id":"https:\/\/www.rassegnastampa-totustuus.it\/cattolica\/dottrina-sociale-della-chiesa-i-principi\/#primaryimage"},"image":{"@id":"https:\/\/www.rassegnastampa-totustuus.it\/cattolica\/dottrina-sociale-della-chiesa-i-principi\/#primaryimage"},"thumbnailUrl":"https:\/\/www.rassegnastampa-totustuus.it\/cattolica\/wp-content\/uploads\/2016\/03\/compendio_dottrina_sociale.jpg","datePublished":"2015-08-13T22:00:08+00:00","dateModified":"2016-03-14T12:18:22+00:00","description":"Rassegna Stampa Cattolica - Per una cultura che nasce dalla Rivelazione cristiana in conformit\u00e0 alla tradizione e al Magistero della Chiesa in opposizione ad ogni relativismo e totalitarismo","breadcrumb":{"@id":"https:\/\/www.rassegnastampa-totustuus.it\/cattolica\/dottrina-sociale-della-chiesa-i-principi\/#breadcrumb"},"inLanguage":"it-IT","potentialAction":[{"@type":"ReadAction","target":["https:\/\/www.rassegnastampa-totustuus.it\/cattolica\/dottrina-sociale-della-chiesa-i-principi\/"]}]},{"@type":"ImageObject","inLanguage":"it-IT","@id":"https:\/\/www.rassegnastampa-totustuus.it\/cattolica\/dottrina-sociale-della-chiesa-i-principi\/#primaryimage","url":"https:\/\/www.rassegnastampa-totustuus.it\/cattolica\/wp-content\/uploads\/2016\/03\/compendio_dottrina_sociale.jpg","contentUrl":"https:\/\/www.rassegnastampa-totustuus.it\/cattolica\/wp-content\/uploads\/2016\/03\/compendio_dottrina_sociale.jpg","width":178,"height":284},{"@type":"BreadcrumbList","@id":"https:\/\/www.rassegnastampa-totustuus.it\/cattolica\/dottrina-sociale-della-chiesa-i-principi\/#breadcrumb","itemListElement":[{"@type":"ListItem","position":1,"name":"Home","item":"https:\/\/www.rassegnastampa-totustuus.it\/cattolica\/"},{"@type":"ListItem","position":2,"name":"Dottrina sociale della Chiesa: i principi"}]},{"@type":"WebSite","@id":"https:\/\/www.rassegnastampa-totustuus.it\/cattolica\/#website","url":"https:\/\/www.rassegnastampa-totustuus.it\/cattolica\/","name":"Rassegna Stampa Cattolica","description":"Per una cultura che nasce dalla Rivelazione cristiana in conformit\u00e0 alla tradizione e al Magistero della Chiesa in opposizione ad ogni relativismo e totalitarismo","publisher":{"@id":"https:\/\/www.rassegnastampa-totustuus.it\/cattolica\/#organization"},"alternateName":"Rass. Cattolica","potentialAction":[{"@type":"SearchAction","target":{"@type":"EntryPoint","urlTemplate":"https:\/\/www.rassegnastampa-totustuus.it\/cattolica\/?s={search_term_string}"},"query-input":{"@type":"PropertyValueSpecification","valueRequired":true,"valueName":"search_term_string"}}],"inLanguage":"it-IT"},{"@type":"Organization","@id":"https:\/\/www.rassegnastampa-totustuus.it\/cattolica\/#organization","name":"Rassegna Stampa Cattolica","url":"https:\/\/www.rassegnastampa-totustuus.it\/cattolica\/","logo":{"@type":"ImageObject","inLanguage":"it-IT","@id":"https:\/\/www.rassegnastampa-totustuus.it\/cattolica\/#\/schema\/logo\/image\/","url":"https:\/\/www.rassegnastampa-totustuus.it\/cattolica\/wp-content\/uploads\/2014\/04\/logo-rassegna1.gif","contentUrl":"https:\/\/www.rassegnastampa-totustuus.it\/cattolica\/wp-content\/uploads\/2014\/04\/logo-rassegna1.gif","width":600,"height":163,"caption":"Rassegna Stampa Cattolica"},"image":{"@id":"https:\/\/www.rassegnastampa-totustuus.it\/cattolica\/#\/schema\/logo\/image\/"},"sameAs":["https:\/\/www.facebook.com\/rassegnastampacattolica","https:\/\/x.com\/rassegnastampa9"]},{"@type":"Person","@id":"https:\/\/www.rassegnastampa-totustuus.it\/cattolica\/#\/schema\/person\/08f319d2bd1a0904ad9e2bfb7b15e5c3","name":"Redazione","image":{"@type":"ImageObject","inLanguage":"it-IT","@id":"https:\/\/secure.gravatar.com\/avatar\/2fcdf27c78ea025fbdb44e914cc63c72249ffec9dc8aafd5c82b26240ef3f346?s=96&d=mm&r=g","url":"https:\/\/secure.gravatar.com\/avatar\/2fcdf27c78ea025fbdb44e914cc63c72249ffec9dc8aafd5c82b26240ef3f346?s=96&d=mm&r=g","contentUrl":"https:\/\/secure.gravatar.com\/avatar\/2fcdf27c78ea025fbdb44e914cc63c72249ffec9dc8aafd5c82b26240ef3f346?s=96&d=mm&r=g","caption":"Redazione"},"url":"https:\/\/www.rassegnastampa-totustuus.it\/cattolica\/author\/pietroelle\/"}]}},"_links":{"self":[{"href":"https:\/\/www.rassegnastampa-totustuus.it\/cattolica\/wp-json\/wp\/v2\/posts\/31781","targetHints":{"allow":["GET"]}}],"collection":[{"href":"https:\/\/www.rassegnastampa-totustuus.it\/cattolica\/wp-json\/wp\/v2\/posts"}],"about":[{"href":"https:\/\/www.rassegnastampa-totustuus.it\/cattolica\/wp-json\/wp\/v2\/types\/post"}],"author":[{"embeddable":true,"href":"https:\/\/www.rassegnastampa-totustuus.it\/cattolica\/wp-json\/wp\/v2\/users\/6"}],"replies":[{"embeddable":true,"href":"https:\/\/www.rassegnastampa-totustuus.it\/cattolica\/wp-json\/wp\/v2\/comments?post=31781"}],"version-history":[{"count":1,"href":"https:\/\/www.rassegnastampa-totustuus.it\/cattolica\/wp-json\/wp\/v2\/posts\/31781\/revisions"}],"predecessor-version":[{"id":31784,"href":"https:\/\/www.rassegnastampa-totustuus.it\/cattolica\/wp-json\/wp\/v2\/posts\/31781\/revisions\/31784"}],"wp:featuredmedia":[{"embeddable":true,"href":"https:\/\/www.rassegnastampa-totustuus.it\/cattolica\/wp-json\/wp\/v2\/media\/31783"}],"wp:attachment":[{"href":"https:\/\/www.rassegnastampa-totustuus.it\/cattolica\/wp-json\/wp\/v2\/media?parent=31781"}],"wp:term":[{"taxonomy":"category","embeddable":true,"href":"https:\/\/www.rassegnastampa-totustuus.it\/cattolica\/wp-json\/wp\/v2\/categories?post=31781"},{"taxonomy":"post_tag","embeddable":true,"href":"https:\/\/www.rassegnastampa-totustuus.it\/cattolica\/wp-json\/wp\/v2\/tags?post=31781"}],"curies":[{"name":"wp","href":"https:\/\/api.w.org\/{rel}","templated":true}]}}