{"id":31777,"date":"2015-08-14T00:00:35","date_gmt":"2015-08-13T22:00:35","guid":{"rendered":"http:\/\/www.rassegnastampa-totustuus.it\/cattolica\/?p=31777"},"modified":"2016-03-22T16:57:49","modified_gmt":"2016-03-22T15:57:49","slug":"giordano-bruno-laltra-faccia-del-martire","status":"publish","type":"post","link":"https:\/\/www.rassegnastampa-totustuus.it\/cattolica\/giordano-bruno-laltra-faccia-del-martire\/","title":{"rendered":"Giordano Bruno, l\u2019altra faccia del martire"},"content":{"rendered":"<p style=\"text-align: center;\"><strong><img loading=\"lazy\" decoding=\"async\" class=\"alignleft wp-image-31778\" src=\"https:\/\/www.rassegnastampa-totustuus.it\/cattolica\/wp-content\/uploads\/2016\/03\/Giordano-Bruno.jpg\" alt=\"Giordano Bruno\" width=\"250\" height=\"183\" \/>La Stampa<\/strong> 3 maggio 1998<\/p>\n<p style=\"text-align: center;\">Vittima della Chiesa oscurantista? Una studiosa smonta la leggenda del domenicano eretico<\/p>\n<p style=\"text-align: justify;\"><em>Fu consacrato come pensatore nell&#8217;800, e poi soprattutto da Gentile, per inventare un primato italiano in campo filosofico<\/em><\/p>\n<p style=\"text-align: center;\"><strong>Paolo Mieli<\/strong><\/p>\n<p style=\"text-align: center;\"><!--more--><\/p>\n<p style=\"text-align: justify;\">GIORDANO Bruno fu messo al rogo il 17 febbraio 1600. Aveva 52 anni. Era nato a Nola nel 1548; diciottenne era entrato in convento a Napoli per studiare e prendere i voti. Voti di domenicano, gli stessi che un secolo prima erano stati di un altro grande eretico, Gerolamo Savonarola. Ma presto gett\u00f2 il saio alle ortiche e inizi\u00f2 un viaggio, a fasi alterne, di allontanamento e riavvicinamento alla Chiesa. In Italia, a Roma, Savona, Venezia, Padova, e fuori: a Chamb\u00e9ry, Lione, Ginevra, Tolosa, Parigi, Praga, Francoforte.<\/p>\n<p style=\"text-align: justify;\">E a Londra, nella Londra protestante di Elisabetta, dove secondo un curioso libro di John Bossy pubblicato in Italia nel &#8217;92, <em>Giordano Bruno e il mistero dell&#8217;ambasciata,<\/em> esercit\u00f2 attivit\u00e0 di spionaggio a favore della regina. Infine, dopo un nuovo peregrinaggio, a Venezia, alla corte del nobile Giovanni Mocenigo che voleva da lui lezioni di occultismo e di mnemonica. E che lo denunci\u00f2 all&#8217;Inquisizione. Il 23 maggio 1592 Giordano Bruno fu arrestato. Finch\u00e9 rimase a Venezia sembr\u00f2 che se la potesse cavare. Ma poi, trasferito nel &#8217;93 a Roma, al termine di un estenuante processo che dur\u00f2 sette anni, per lui fu sentenza di morte. Morte tra le fiamme.<\/p>\n<p style=\"text-align: justify;\">Per anni l&#8217;unico documento che in qualche modo certific\u00f2 quel decesso (ma soprattutto le atroci modalit\u00e0 con cui avvenne) fu la lettera di un protestante tedesco che in quei giorni era in visita a Roma perch\u00e9 convertito al cattolicesimo: Kaspar Schoppe. La sera del giorno in cui Bruno era stato bruciato vivo, Schoppe mise per iscritto il racconto della terribile esecuzione a cui aveva assistito. Quel racconto, per\u00f2, fin quasi alla fine del secolo scorso fu oggetto di contestazione da parte di vivaci correnti \u00abnegazionistiche\u00bb del mondo cattolico: l&#8217;epistola di Schoppe sarebbe stata null&#8217;altro che un falso seicentesco; di Giordano Bruno il fuoco avrebbe arso solo un ritratto e lui stesso avrebbe vissuto ancora a lungo, agli inizi del XVII secolo, chiuso in un convento dell&#8217;Ordine domenicano. Ancora nel 1885 il cattolico francese Th\u00e9ophile Desdouits espose tesi di questo genere in un fortunatissimo libro: <em>La legende tragique de Jordano Bruno.<\/em><\/p>\n<p style=\"text-align: justify;\"><strong>Celebrazione massonica<\/strong><\/p>\n<p style=\"text-align: justify;\">Fu anche per reagire a questa offensiva che, qualche tempo dopo la pubblicazione del libro di cui s&#8217;\u00e8 appena detto, il governo italiano presieduto da Francesco Crispi ordin\u00f2 l&#8217;apertura degli archivi, fino a quel momento chiusi al pubblico, della Compagnia di San Giovanni Decollato, cio\u00e8 della confraternita che aveva il compito di accompagnare al supplizio i condannati a morte. Ne vennero fuori documenti che confermavano in pieno la versione di Schoppe. Ed \u00e8 tra queste rivelazioni e accesissime polemiche che, nel clima anticlericale della Roma di fine &#8216;800, fu deciso di collocare un monumento in onore di Giordano Bruno al centro della piazza di Campo dei Fiori (anche se il luogo esatto in cui nel 1600 il filosofo aveva trovato la morte tra le fiamme non era quello, bens\u00ec all&#8217;angolo tra la piazza e via dei Balestrali).<\/p>\n<p style=\"text-align: justify;\">La statua fu inaugurata nella domenica di Pentecoste del 1889, il 9 giugno, alla presenza di migliaia di persone. Fu ima grande festa, preceduta da un imponente corteo. Entrambi sotto insegne dichiaratamente massoniche. Della massoneria ufficiale era stata dal 1887 la battaglia per quel monumento in Campo dei Fiori; massone lo scultore della statua, Ettore Ferrari; massone anche l&#8217;autore dell&#8217;epigrafe nonch\u00e9 oratore alla cerimonia di inaugurazione, Giovanni Bovio.<\/p>\n<p style=\"text-align: justify;\">La reazione di papa Leone XIII e della stampa a lui vicina fu un misto di ira e desolazione: il pontefice trascorse quella Pentecoste digiuno ai piedi della statua di San Pietro; i giornali amici del Vaticano denunciavano \u00abl&#8217;orgia satanica\u00bb, \u00abl&#8217;idra rivoluzionaria che debaccava\u00bb per le vie di Roma, il trionfo dei \u00abrabbi della Sinagoga, gli archimandriti della Massoneria, dei capiparte del liberalismo demagogico\u00bb; e annunciavano come seguito a tutto ci\u00f2 \u00abdisastri di ogni maniera, come inondazioni, frane, uragani e simili\u00bb. Anzi, secondo l&#8217;organo dei gesuiti, <em>Civilt\u00e0 cattolica<\/em>, queste forme di punizione divina erano gi\u00e0 in atto e ben visibili da quando s&#8217;era posto mano a quel, maledetto monumento.<\/p>\n<p style=\"text-align: justify;\">Fu in questo contesto che gli studiosi dell&#8217;Italia risorgimentale e postrisorgimentale diedero corpo a un&#8217;immagine del filosofo di Nola che \u00e8 viva ancora oggi. Un&#8217;immagine che adesso Anna Foa, una sperimentata storica, laica non meno della famiglia da cui proviene (\u00e8 figlia di Vittorio e Lisa Foa, sorella dell&#8217;ex direttore dell&#8217;<em>Unit\u00e0<\/em> Renzo e di Bettina), rivisita con grande intelligenza e acume. Ma soprattutto con assenza di pregiudizi &#8211; e qualche punta di dissacrazione &#8211; in un libro, <em>Giordano Bruno<\/em>, che il Mulino sta per dare alle stampe nella collana che prender\u00e0 il nome \u00abL&#8217;identit\u00e0 italiana\u00bb.<\/p>\n<p style=\"text-align: justify;\">Anna Foa precisa senza reticenze a quale necessit\u00e0 fu piegata l&#8217;immagine di Giordano Bruno: \u00abLa necessit\u00e0 di accompagnare alla costruzione di uno Stato unitario la ricostruzione o, se si preferisce, la reinvenzione di un percorso culturale e filosofico italiano specifico, autonomo e sotto alcuni aspetti egemone nella cultura europea\u00bb. \u00abIn questo ambito &#8211; aggiunge &#8211; la filosofia italiana del Rinascimento viene interpretata come il primo momento della liberazione del pensiero in Europa e viene posta in stretto collegamento con gli sviluppi della &#8220;filosofia moderna&#8221; cio\u00e8 in sostanza di quella filosofia hegeliana che da Spaventa a Croce a Gentile diventer\u00e0 dominante nel panorama filosofico italiano\u00bb.<\/p>\n<p style=\"text-align: justify;\">E infatti per due secoli, il &#8216;600 e il &#8216;700, di Giordano Bruno era stata discussa, pi\u00f9 che la dottrina, l&#8217;attivit\u00e0 politica che l&#8217;aveva portato al rogo. Denis Diderot, in una voce dell&#8217;<em>Encyclop\u00e9die<\/em>, lo aveva descritto come un anticipatore del pensiero moderno ma ne aveva criticato la confusione. Poi per\u00f2, nella Germania romantica del primo &#8216;800, filosofi come Jccobi, Schelling e Hegel avevano espresso apprezzamento nei suoi confronti e nel &#8217;30 a Lipsia era stata avviata la pubblicazione integrale delle sue opere.<\/p>\n<p style=\"text-align: justify;\">Ma la sua consacrazione italiana cominci\u00f2 solo negli ambienti del fuoruscitismo napoletano dopo la repressione dei moti del 1848. Per essere completata in anni successivi principalmente a opera di Bertrando Spaventa e Francesco De Sanctis. A loro si deve, secondo Anna Foa, per quel che riguarda Bruno ma anche altro, \u00abl&#8217;invenzione di un passato\u00bb allo scopo di rendere il presente nobile, dignitoso. E di grande lignaggio. L&#8217;invenzione cio\u00e8 di un primato italiano nel campo filosofico cinquecentesco che sarebbe dovuto servire a compensare e bilanciare l&#8217;imbarazzante ritardo dell&#8217;Italia nell&#8217;essersi fatta Stato. E ad attribuire, implicitamente, la colpa di questo ritardo alla Chiesa cattolica. Colpa che avrebbe trovato una materialit\u00e0 simbolica nel rogo in cui mor\u00ec il filosofo \u00aberetico, impenitente e pertinace\u00bb Giordano Bruno.<\/p>\n<p style=\"text-align: justify;\">Ma non \u00e8 tutto. Il pi\u00f9 grande sistematore di tutta questa rivalutazione di Giordano Bruno sarebbe stato all&#8217;inizio del secolo successivo Giovanni Gentile. Circostanza che negli ultimi cinquantanni per comprensibili motivi si \u00e8 teso a non mettere in grandissimo risalto. Fu Gentile che cur\u00f2 la prima grande edizione delle opere di Giordano Bruno; fu lui che impegn\u00f2 la cultura nazionale in una battaglia culturale per \u00abrestituire al Bruno la sua dignit\u00e0 storica di filosofo\u00bb; e fu ancora Gentile a mettere in evidenza come Giordano Bruno, \u00abmartire della filosofia\u00bb, avesse risolto con la sua morte le contraddizioni dello stesso pensiero rinascimentale matrice culturale dell&#8217;Italia moderna \u00absostenendo le ragioni della filosofia contro quelle della religione\u00bb. \u00abE&#8217; l&#8217;immagine\u00bb, sottolinea la Foa, \u00abtramandataci dai manuali, entrata a far parte del senso comune storiografico, diffusa e ovunque accettata, sia pur in forma semplificata e riduttiva\u00bb.<\/p>\n<p style=\"text-align: justify;\">Un&#8217;immagine che in questi ultimi tempi ha cominciato a essere rivisitata sulla scia di nuovi studi. Per esempio quello su Giordano Biuno \u00abmago\u00bb che \u00e8 al centro di un libro di Francis Yates, <em>Giordano Bruno e la tradizione ermetica<\/em>, secondo il quale il filosofo nel suo peregrinare per l&#8217;Europa sarebbe divenuto appunto \u00abmago\u00bb nel senso che questa parola aveva assunto alla fine del &#8216;500. Si sarebbe cio\u00e8 applicato alla missione di assoggettare il mondo ai suoi voleri attraverso l&#8217;uso di arti segrete e occulte, di tecniche potenti come quella della memoria. Ne discende per Anna Foa, la quale accetta alcune di queste ipotesi di Yates, che \u00abnon la chiarezza della ragione opposta alle tenebre della superstizione religiosa, non questo sarebbe quindi stato lo scontro di Bruno coi suoi giudici, ma quello che contrapponeva all&#8217;ortodossia religiosa un pensiero che si voleva superiore, pi\u00f9 capace, pi\u00f9 consapevole, ricco delle conoscenze di una sapienza antica\u00bb.<\/p>\n<p style=\"text-align: justify;\">Il che spiegherebbe perch\u00e9 Bruno al cospetto dell&#8217;Inquisizione rifiut\u00f2 di salvarsi. E getta una nuova luce sulla sua intera vicenda. Aiutandoci a capire come mai, a differenza di Bruno, il suo coevo Tommaso Campanella, anch\u2019egli domenicano, anch&#8217;egli coinvolto in congiure politiche, anch&#8217;egli accusato d&#8217;eresia, anch&#8217; egli imprigionato prima a Napoli e poi a Roma, anch&#8217;egli torturato, pot\u00e8 salvarsi e morire a Parigi di morte naturale, in un convento, riconciliato con la Chiesa.<\/p>\n<p style=\"text-align: justify;\">In effetti la differenza tra Bruno e Campanella, per quel che riguarda lo scontro con l&#8217;istituzione ecclesiastica, non \u00e8 tanto nella materia di giudizio o nel tribunale dell&#8217;Inquisizione che \u00e8 lo stesso per tutti e due, quanto nel loro diverso comportamento. Giordano Bruno a met\u00e0 circa della sua vicenda giudiziaria comincia a comportarsi come se credesse di essere dotato di poteri particolari.<\/p>\n<p style=\"text-align: justify;\">Nell&#8217;ultimo decennio del XVI secolo Bruno, come abbiamo scritto sopra, si scontra due volte con l&#8217;Inquisizione, dapprima a Venezia fino al 1593, poi a Roma: a Venezia si getta ai piedi dei giudici e si dichiara disposto a ogni abiura; a Roma inizia con i giudici il sottile gioco di scherma di cui s&#8217;\u00e8 detto, gioco che si conclude con la sua manifestazione di non disponibilit\u00e0 a piegarsi all&#8217;abiura. Quella stessa abiura che sette anni prima non gli aveva creato problemi. A Roma si muove come se pensasse di potersela cavare con le sue arti magiche, confondendo i giudici del tribunale, mettendoli in contraddizione con se stessi. Una tattica suicida che lo condurr\u00e0 dritto dritto al rogo.<\/p>\n<p style=\"text-align: justify;\">Quello sul processo a Giordano Bruno \u00e8 forse il capitolo del saggio di Anna Foa che ha le maggiori implicazioni storico-politiche. E anche le pi\u00f9 ampie connessioni con il libro di Ernesto Galli della Loggia, <em>L&#8217;identit\u00e0 italiana<\/em>, che inaugurer\u00e0 la collana aperta dal saggio su Bruno della Foa. Le implicazioni, dicevamo. Innanzitutto la formazione della prova attraverso le testimonianze dei compagni di cella del carcere veneziano che come il cappuccino Celestino da Verona ottengono la scarcerazione e subito denunciano Bruno all&#8217;Inquisizione. Tutti testimoni \u00abinaffidabili perch\u00e9 di &#8220;vita infame&#8221;, carcerati e accusati a loro volta\u00bb.<\/p>\n<p style=\"text-align: justify;\">In cinque cominciano a riferire che in prigione Bruno profferiva opinioni erronee sulla santa fede cattolica, con il suo dire che Ges\u00f9 era \u00abun tristo\u00bb, che \u00abfaceva miracoli apparenti e ch&#8217;era un Mago e cos\u00ec li apostoli\u00bb, che Cristo \u00abmostr\u00f2 di morire malvolentiere\u00bb e che non fu crocefisso, bens\u00ec impiccato su una forca \u00abcome all&#8217;hora si solevano attaccare el&#8217;huomini delinquenti\u00bb. Avrebbe detto poi \u00abche Cristo \u00e8 un cane becco fottuto, can&#8230; et alzando la mano, faceva le fiche al cielo\u00bb.<\/p>\n<p style=\"text-align: justify;\">Si sarebbe pronunciato inoltre contro la messa e contro la credenza sia dell&#8217;inferno sia del purgatorio (ma tra i due preferiva il purgatorio dal momento che gli era impossibile credere che nessuno, fossero anche i demoni, potesse essere condannato per l&#8217;eternit\u00e0). Avrebbe speso parole a favore di Caino \u00abuom da ben e che meritatamente uccise Ahel suo fratello perch\u00e9 era un carnefice d&#8217;animali\u00bb. E altri insulti contro Mos\u00e8 \u00abmago astutissimo\u00bb e i Profeti \u00abhuomeni astuti, finti e bugiardi\u00bb. Aveva denunciato la superstizione della Chiesa che \u00abin Genoa tenea per Reliquia la coda dell&#8217;asino di Cristo\u00bb.<\/p>\n<p style=\"text-align: justify;\">Chiacchiere inutilizzabili sotto il profilo processuale. Tant&#8217;\u00e8 che il tribunale romano dell&#8217;Inquisizione, forse anche perch\u00e9 si rende conto di questa pochezza, offre ripetutamente a Giordano Bruno l&#8217;opportu\u00adnit\u00e0 di salvare la vita percorrendo la via dell&#8217;abiura che aveva gi\u00e0 battuto a Venezia. C&#8217;\u00e8 in questa descrizione del trattamento a Bruno da parte dell&#8217;Inquisizione qualcosa che, per cos\u00ec dire, differenzia il giudizio storico da quello morale.<\/p>\n<p style=\"text-align: justify;\">Quello morale resta intatto; ma quello storico&#8230; Anche se la Foa precisa nel modo pi\u00f9 netto di non mirare a giustificare o ad assolvere il tribunale del cardinal Bellarmino e si riserva il diritto di ribadire pi\u00f9 d&#8217;una volta la sua valutazione negativa sull&#8217;intera vicenda sotto il profilo etico. Epper\u00f2, per quel che invece riguarda la storia, i fatti sono fatti. E non si deve ricorrere a forzature. \u00abNon immaginiamoci\u00bb, scrive, \u00aboscure segrete in cui Bruno, in ceppi, sottoposto continuamente a torture e vessazioni, attendesse nelle mani di crudeli e fanatici persecutori un inevitabile destino di morte\u00bb. Le carceri del S. Uffizio \u00abconsentivano condizioni materiali decenti&#8230; le celle erano larghe, non prive di luce e contenevano probabilmente a volte anche quattro detenuti. Campanella vi tenne, tra il 1594 e il 1595, lezioni e conversazioni filosofiche\u00bb.<\/p>\n<p style=\"text-align: justify;\">D&#8217;accordo. Ma il processo dell&#8217;Inquisizione? \u00abDal punto di vista giuridico, non vi sono dubbi che il processo di Bruno si sia svolto nel pi\u00f9 rigoroso rispetto delle norme, senza abusi o volont\u00e0 precostituite di condanna\u00bb. Proprio cos\u00ec: \u00abmei pi\u00f9 rigoroso rispetto delle norme\u00bb; \u00absenza abusi\u00bb; \u00absenza volont\u00e0 precostituite di condanna\u00bb. \u00abNeanche il cardinal Bellarmino, il protagonista delle ultime fasi del processo, appare particolarmente ostinato nel volere la condanna del filosofo\u00bb. \u00abSi ha addirittura l&#8217;impressione che il tribunale facesse di tutto per ottenere da lui una ritrattazione e quindi salvarlo\u00bb.<\/p>\n<p style=\"text-align: justify;\"><strong>Un&#8217;epoca di roghi non solo cattolici<\/strong><\/p>\n<p style=\"text-align: justify;\">Va bene. Ma che dire di quella sentenza, del rogo? \u00abSecondo il diritto del tempo, costruito e codificato dalla Chiesa\u00bb, afferma Anna Foa dopo un&#8217;ineccepibile disamina storica, \u00abera non solo in suo (della Chiesa, ndr) diritto ma anche in suo dovere condannarlo\u00bb. E vogliamo forse dimenticare quanti roghi arsero in quegli anni? Quelli cattolici, s\u00ec. Anche di santi come Carlo Borromeo gran bruciatore di presunte streghe. E anche di religiosi non ubbidienti al rito di Santa Romana Chiesa. Non possiamo certo considerare controriformista quel rogo di Ginevra dove il 27 ottobre 1553 bruci\u00f2 il medico spagnolo Michele Serveto, negatore della Trinit\u00e0, mandato sulle fiamme da Calvino.<\/p>\n<p style=\"text-align: justify;\">Qui il discorso di Anna Foa si apparenta a quello di Galli della Loggia anche lui impegnato &#8211; in margine a discorsi assai pi\u00f9 complessi che qui \u00e8 impossibile riassumere, di ricostruzione dei tratti fondamentali dell&#8217;identit\u00e0 italiana &#8211; a ricollocare storicamente la Controriforma. Non gi\u00e0 ad assolverla ma a restituirla alle sue giuste dimensioni. E anche, beninteso, responsabilit\u00e0. Che, per\u00f2, non possono essere, a tutta evidenza, quelle di aver provocato un ritardo di quattro o cinque secoli nella nascita dello Stato italiano. N\u00e9 di aver da sola, per convenienza o capriccio, estirpato la pianta del Rinascimento. E nemmeno di essere di per s\u00e9 all&#8217;origine della discutibile moralit\u00e0 pubblica delle nostre genti, o della loro irreligiosit\u00e0 mascherata di superstizione.<\/p>\n<p style=\"text-align: justify;\">Per concludere: \u00abQuel che appare sicuramente insostenibile dal punto di vista storico \u00e8 la riduzione del bimillenario rapporto tra Italia e Cristianesimo, mediato dalla Chiesa, ai due secoli, sia pure importantissimi, della Controriforma\u00bb.<\/p>\n<p style=\"text-align: justify;\">Ecco dunque che, sulla base di questi studi, Giordano Bruno viene fatto scendere dal piedistallo. Senza togliere nulla alla sua biografia si mette meglio in luce che, per motivi politici legati a una stagione del Risorgimento, \u00e8 stato quantomeno sopravvalutato come filosofo. Si ricorda che il suo culto, di origini inequivocabilmente massoniche, fu divulgato dal pi\u00f9 importante accademico dell&#8217;Italia fascista. Ed \u00e8 cos\u00ec che il suo processo, in virt\u00f9 quasi di un capovolgimento, diventa la tessera di un mosaico in cui si comincia a vedere una Controriforma diversa. E comunque a tinte assai sfumate.<\/p>\n<p style=\"text-align: justify;\">_______________________<\/p>\n<p style=\"text-align: justify;\"><strong>Leggi anche:<\/strong><\/p>\n<p style=\"text-align: justify;\"><a href=\"https:\/\/www.rassegnastampa-totustuus.it\/cattolica\/?p=1367\" target=\"_blank\">Giordano Bruno<\/a><\/p>\n<p style=\"text-align: justify;\"><a href=\"https:\/\/www.rassegnastampa-totustuus.it\/cattolica\/?p=1368\" target=\"_blank\">Il rogo di Giordano Bruno<\/a><\/p>\n<p style=\"text-align: justify;\"><a href=\"https:\/\/www.rassegnastampa-totustuus.it\/cattolica\/?p=1369\" target=\"_blank\">Giordano Bruno &#8220;martire&#8221; della scienza?<\/a><\/p>\n","protected":false},"excerpt":{"rendered":"<p>La Stampa 3 maggio 1998 Vittima della Chiesa oscurantista? Una studiosa smonta la leggenda del domenicano eretico Fu consacrato come pensatore nell&#8217;800, e poi soprattutto da Gentile, per inventare un primato italiano in campo filosofico Paolo Mieli<\/p><p><a class=\"more-link btn\" href=\"https:\/\/www.rassegnastampa-totustuus.it\/cattolica\/giordano-bruno-laltra-faccia-del-martire\/\">Continua a leggere<\/a><\/p>\n","protected":false},"author":6,"featured_media":31778,"comment_status":"closed","ping_status":"closed","sticky":false,"template":"","format":"standard","meta":{"footnotes":""},"categories":[93,18,24],"tags":[1017],"class_list":["post-31777","post","type-post","status-publish","format-standard","has-post-thumbnail","hentry","category-inquisizione","category-personaggi","category-storia","tag-giordano-bruno","item-wrap"],"yoast_head":"<!-- This site is optimized with the Yoast SEO plugin v27.5 - https:\/\/yoast.com\/product\/yoast-seo-wordpress\/ -->\n<title>Giordano Bruno, l\u2019altra faccia del martire - Rassegna Stampa Cattolica<\/title>\n<meta name=\"description\" content=\"Rassegna Stampa Cattolica - Per una cultura che nasce dalla Rivelazione cristiana in conformit\u00e0 alla tradizione e al Magistero della Chiesa in opposizione ad ogni relativismo e totalitarismo\" \/>\n<meta name=\"robots\" content=\"index, follow, max-snippet:-1, max-image-preview:large, max-video-preview:-1\" \/>\n<link rel=\"canonical\" href=\"https:\/\/www.rassegnastampa-totustuus.it\/cattolica\/giordano-bruno-laltra-faccia-del-martire\/\" \/>\n<meta property=\"og:locale\" content=\"it_IT\" \/>\n<meta property=\"og:type\" content=\"article\" \/>\n<meta property=\"og:title\" content=\"Giordano Bruno, l\u2019altra faccia del martire - Rassegna Stampa Cattolica\" \/>\n<meta property=\"og:description\" content=\"Rassegna Stampa Cattolica - Per una cultura che nasce dalla Rivelazione cristiana in conformit\u00e0 alla tradizione e al Magistero della Chiesa in opposizione ad ogni relativismo e totalitarismo\" \/>\n<meta property=\"og:url\" content=\"https:\/\/www.rassegnastampa-totustuus.it\/cattolica\/giordano-bruno-laltra-faccia-del-martire\/\" \/>\n<meta property=\"og:site_name\" content=\"Rassegna Stampa Cattolica\" \/>\n<meta property=\"article:publisher\" content=\"https:\/\/www.facebook.com\/rassegnastampacattolica\" \/>\n<meta property=\"article:published_time\" content=\"2015-08-13T22:00:35+00:00\" \/>\n<meta property=\"article:modified_time\" content=\"2016-03-22T15:57:49+00:00\" \/>\n<meta property=\"og:image\" content=\"https:\/\/www.rassegnastampa-totustuus.it\/cattolica\/wp-content\/uploads\/2016\/03\/Giordano-Bruno.jpg\" \/>\n\t<meta property=\"og:image:width\" content=\"262\" \/>\n\t<meta property=\"og:image:height\" content=\"192\" \/>\n\t<meta property=\"og:image:type\" content=\"image\/jpeg\" \/>\n<meta name=\"author\" content=\"Redazione\" \/>\n<meta name=\"twitter:card\" content=\"summary_large_image\" \/>\n<meta name=\"twitter:creator\" content=\"@rassegnastampa9\" \/>\n<meta name=\"twitter:site\" content=\"@rassegnastampa9\" \/>\n<meta name=\"twitter:label1\" content=\"Scritto da\" \/>\n\t<meta name=\"twitter:data1\" content=\"Redazione\" \/>\n\t<meta name=\"twitter:label2\" content=\"Tempo di lettura stimato\" \/>\n\t<meta name=\"twitter:data2\" content=\"13 minuti\" \/>\n<script type=\"application\/ld+json\" class=\"yoast-schema-graph\">{\"@context\":\"https:\\\/\\\/schema.org\",\"@graph\":[{\"@type\":\"Article\",\"@id\":\"https:\\\/\\\/www.rassegnastampa-totustuus.it\\\/cattolica\\\/giordano-bruno-laltra-faccia-del-martire\\\/#article\",\"isPartOf\":{\"@id\":\"https:\\\/\\\/www.rassegnastampa-totustuus.it\\\/cattolica\\\/giordano-bruno-laltra-faccia-del-martire\\\/\"},\"author\":{\"name\":\"Redazione\",\"@id\":\"https:\\\/\\\/www.rassegnastampa-totustuus.it\\\/cattolica\\\/#\\\/schema\\\/person\\\/08f319d2bd1a0904ad9e2bfb7b15e5c3\"},\"headline\":\"Giordano Bruno, l\u2019altra faccia del martire\",\"datePublished\":\"2015-08-13T22:00:35+00:00\",\"dateModified\":\"2016-03-22T15:57:49+00:00\",\"mainEntityOfPage\":{\"@id\":\"https:\\\/\\\/www.rassegnastampa-totustuus.it\\\/cattolica\\\/giordano-bruno-laltra-faccia-del-martire\\\/\"},\"wordCount\":2612,\"publisher\":{\"@id\":\"https:\\\/\\\/www.rassegnastampa-totustuus.it\\\/cattolica\\\/#organization\"},\"image\":{\"@id\":\"https:\\\/\\\/www.rassegnastampa-totustuus.it\\\/cattolica\\\/giordano-bruno-laltra-faccia-del-martire\\\/#primaryimage\"},\"thumbnailUrl\":\"https:\\\/\\\/www.rassegnastampa-totustuus.it\\\/cattolica\\\/wp-content\\\/uploads\\\/2016\\\/03\\\/Giordano-Bruno.jpg\",\"keywords\":[\"Giordano Bruno\"],\"articleSection\":[\"Inquisizione\",\"Personaggi\",\"Storia\"],\"inLanguage\":\"it-IT\"},{\"@type\":\"WebPage\",\"@id\":\"https:\\\/\\\/www.rassegnastampa-totustuus.it\\\/cattolica\\\/giordano-bruno-laltra-faccia-del-martire\\\/\",\"url\":\"https:\\\/\\\/www.rassegnastampa-totustuus.it\\\/cattolica\\\/giordano-bruno-laltra-faccia-del-martire\\\/\",\"name\":\"Giordano Bruno, l\u2019altra faccia del martire - Rassegna Stampa Cattolica\",\"isPartOf\":{\"@id\":\"https:\\\/\\\/www.rassegnastampa-totustuus.it\\\/cattolica\\\/#website\"},\"primaryImageOfPage\":{\"@id\":\"https:\\\/\\\/www.rassegnastampa-totustuus.it\\\/cattolica\\\/giordano-bruno-laltra-faccia-del-martire\\\/#primaryimage\"},\"image\":{\"@id\":\"https:\\\/\\\/www.rassegnastampa-totustuus.it\\\/cattolica\\\/giordano-bruno-laltra-faccia-del-martire\\\/#primaryimage\"},\"thumbnailUrl\":\"https:\\\/\\\/www.rassegnastampa-totustuus.it\\\/cattolica\\\/wp-content\\\/uploads\\\/2016\\\/03\\\/Giordano-Bruno.jpg\",\"datePublished\":\"2015-08-13T22:00:35+00:00\",\"dateModified\":\"2016-03-22T15:57:49+00:00\",\"description\":\"Rassegna Stampa Cattolica - Per una cultura che nasce dalla Rivelazione cristiana in conformit\u00e0 alla tradizione e al Magistero della Chiesa in opposizione ad ogni relativismo e totalitarismo\",\"breadcrumb\":{\"@id\":\"https:\\\/\\\/www.rassegnastampa-totustuus.it\\\/cattolica\\\/giordano-bruno-laltra-faccia-del-martire\\\/#breadcrumb\"},\"inLanguage\":\"it-IT\",\"potentialAction\":[{\"@type\":\"ReadAction\",\"target\":[\"https:\\\/\\\/www.rassegnastampa-totustuus.it\\\/cattolica\\\/giordano-bruno-laltra-faccia-del-martire\\\/\"]}]},{\"@type\":\"ImageObject\",\"inLanguage\":\"it-IT\",\"@id\":\"https:\\\/\\\/www.rassegnastampa-totustuus.it\\\/cattolica\\\/giordano-bruno-laltra-faccia-del-martire\\\/#primaryimage\",\"url\":\"https:\\\/\\\/www.rassegnastampa-totustuus.it\\\/cattolica\\\/wp-content\\\/uploads\\\/2016\\\/03\\\/Giordano-Bruno.jpg\",\"contentUrl\":\"https:\\\/\\\/www.rassegnastampa-totustuus.it\\\/cattolica\\\/wp-content\\\/uploads\\\/2016\\\/03\\\/Giordano-Bruno.jpg\",\"width\":262,\"height\":192},{\"@type\":\"BreadcrumbList\",\"@id\":\"https:\\\/\\\/www.rassegnastampa-totustuus.it\\\/cattolica\\\/giordano-bruno-laltra-faccia-del-martire\\\/#breadcrumb\",\"itemListElement\":[{\"@type\":\"ListItem\",\"position\":1,\"name\":\"Home\",\"item\":\"https:\\\/\\\/www.rassegnastampa-totustuus.it\\\/cattolica\\\/\"},{\"@type\":\"ListItem\",\"position\":2,\"name\":\"Giordano Bruno, l\u2019altra faccia del martire\"}]},{\"@type\":\"WebSite\",\"@id\":\"https:\\\/\\\/www.rassegnastampa-totustuus.it\\\/cattolica\\\/#website\",\"url\":\"https:\\\/\\\/www.rassegnastampa-totustuus.it\\\/cattolica\\\/\",\"name\":\"Rassegna Stampa Cattolica\",\"description\":\"Per una cultura che nasce dalla Rivelazione cristiana in conformit\u00e0 alla tradizione e al Magistero della Chiesa in opposizione ad ogni relativismo e totalitarismo\",\"publisher\":{\"@id\":\"https:\\\/\\\/www.rassegnastampa-totustuus.it\\\/cattolica\\\/#organization\"},\"alternateName\":\"Rass. Cattolica\",\"potentialAction\":[{\"@type\":\"SearchAction\",\"target\":{\"@type\":\"EntryPoint\",\"urlTemplate\":\"https:\\\/\\\/www.rassegnastampa-totustuus.it\\\/cattolica\\\/?s={search_term_string}\"},\"query-input\":{\"@type\":\"PropertyValueSpecification\",\"valueRequired\":true,\"valueName\":\"search_term_string\"}}],\"inLanguage\":\"it-IT\"},{\"@type\":\"Organization\",\"@id\":\"https:\\\/\\\/www.rassegnastampa-totustuus.it\\\/cattolica\\\/#organization\",\"name\":\"Rassegna Stampa Cattolica\",\"url\":\"https:\\\/\\\/www.rassegnastampa-totustuus.it\\\/cattolica\\\/\",\"logo\":{\"@type\":\"ImageObject\",\"inLanguage\":\"it-IT\",\"@id\":\"https:\\\/\\\/www.rassegnastampa-totustuus.it\\\/cattolica\\\/#\\\/schema\\\/logo\\\/image\\\/\",\"url\":\"https:\\\/\\\/www.rassegnastampa-totustuus.it\\\/cattolica\\\/wp-content\\\/uploads\\\/2014\\\/04\\\/logo-rassegna1.gif\",\"contentUrl\":\"https:\\\/\\\/www.rassegnastampa-totustuus.it\\\/cattolica\\\/wp-content\\\/uploads\\\/2014\\\/04\\\/logo-rassegna1.gif\",\"width\":600,\"height\":163,\"caption\":\"Rassegna Stampa Cattolica\"},\"image\":{\"@id\":\"https:\\\/\\\/www.rassegnastampa-totustuus.it\\\/cattolica\\\/#\\\/schema\\\/logo\\\/image\\\/\"},\"sameAs\":[\"https:\\\/\\\/www.facebook.com\\\/rassegnastampacattolica\",\"https:\\\/\\\/x.com\\\/rassegnastampa9\"]},{\"@type\":\"Person\",\"@id\":\"https:\\\/\\\/www.rassegnastampa-totustuus.it\\\/cattolica\\\/#\\\/schema\\\/person\\\/08f319d2bd1a0904ad9e2bfb7b15e5c3\",\"name\":\"Redazione\",\"image\":{\"@type\":\"ImageObject\",\"inLanguage\":\"it-IT\",\"@id\":\"https:\\\/\\\/secure.gravatar.com\\\/avatar\\\/2fcdf27c78ea025fbdb44e914cc63c72249ffec9dc8aafd5c82b26240ef3f346?s=96&d=mm&r=g\",\"url\":\"https:\\\/\\\/secure.gravatar.com\\\/avatar\\\/2fcdf27c78ea025fbdb44e914cc63c72249ffec9dc8aafd5c82b26240ef3f346?s=96&d=mm&r=g\",\"contentUrl\":\"https:\\\/\\\/secure.gravatar.com\\\/avatar\\\/2fcdf27c78ea025fbdb44e914cc63c72249ffec9dc8aafd5c82b26240ef3f346?s=96&d=mm&r=g\",\"caption\":\"Redazione\"},\"url\":\"https:\\\/\\\/www.rassegnastampa-totustuus.it\\\/cattolica\\\/author\\\/pietroelle\\\/\"}]}<\/script>\n<!-- \/ Yoast SEO plugin. -->","yoast_head_json":{"title":"Giordano Bruno, l\u2019altra faccia del martire - Rassegna Stampa Cattolica","description":"Rassegna Stampa Cattolica - Per una cultura che nasce dalla Rivelazione cristiana in conformit\u00e0 alla tradizione e al Magistero della Chiesa in opposizione ad ogni relativismo e totalitarismo","robots":{"index":"index","follow":"follow","max-snippet":"max-snippet:-1","max-image-preview":"max-image-preview:large","max-video-preview":"max-video-preview:-1"},"canonical":"https:\/\/www.rassegnastampa-totustuus.it\/cattolica\/giordano-bruno-laltra-faccia-del-martire\/","og_locale":"it_IT","og_type":"article","og_title":"Giordano Bruno, l\u2019altra faccia del martire - Rassegna Stampa Cattolica","og_description":"Rassegna Stampa Cattolica - Per una cultura che nasce dalla Rivelazione cristiana in conformit\u00e0 alla tradizione e al Magistero della Chiesa in opposizione ad ogni relativismo e totalitarismo","og_url":"https:\/\/www.rassegnastampa-totustuus.it\/cattolica\/giordano-bruno-laltra-faccia-del-martire\/","og_site_name":"Rassegna Stampa Cattolica","article_publisher":"https:\/\/www.facebook.com\/rassegnastampacattolica","article_published_time":"2015-08-13T22:00:35+00:00","article_modified_time":"2016-03-22T15:57:49+00:00","og_image":[{"width":262,"height":192,"url":"https:\/\/www.rassegnastampa-totustuus.it\/cattolica\/wp-content\/uploads\/2016\/03\/Giordano-Bruno.jpg","type":"image\/jpeg"}],"author":"Redazione","twitter_card":"summary_large_image","twitter_creator":"@rassegnastampa9","twitter_site":"@rassegnastampa9","twitter_misc":{"Scritto da":"Redazione","Tempo di lettura stimato":"13 minuti"},"schema":{"@context":"https:\/\/schema.org","@graph":[{"@type":"Article","@id":"https:\/\/www.rassegnastampa-totustuus.it\/cattolica\/giordano-bruno-laltra-faccia-del-martire\/#article","isPartOf":{"@id":"https:\/\/www.rassegnastampa-totustuus.it\/cattolica\/giordano-bruno-laltra-faccia-del-martire\/"},"author":{"name":"Redazione","@id":"https:\/\/www.rassegnastampa-totustuus.it\/cattolica\/#\/schema\/person\/08f319d2bd1a0904ad9e2bfb7b15e5c3"},"headline":"Giordano Bruno, l\u2019altra faccia del martire","datePublished":"2015-08-13T22:00:35+00:00","dateModified":"2016-03-22T15:57:49+00:00","mainEntityOfPage":{"@id":"https:\/\/www.rassegnastampa-totustuus.it\/cattolica\/giordano-bruno-laltra-faccia-del-martire\/"},"wordCount":2612,"publisher":{"@id":"https:\/\/www.rassegnastampa-totustuus.it\/cattolica\/#organization"},"image":{"@id":"https:\/\/www.rassegnastampa-totustuus.it\/cattolica\/giordano-bruno-laltra-faccia-del-martire\/#primaryimage"},"thumbnailUrl":"https:\/\/www.rassegnastampa-totustuus.it\/cattolica\/wp-content\/uploads\/2016\/03\/Giordano-Bruno.jpg","keywords":["Giordano Bruno"],"articleSection":["Inquisizione","Personaggi","Storia"],"inLanguage":"it-IT"},{"@type":"WebPage","@id":"https:\/\/www.rassegnastampa-totustuus.it\/cattolica\/giordano-bruno-laltra-faccia-del-martire\/","url":"https:\/\/www.rassegnastampa-totustuus.it\/cattolica\/giordano-bruno-laltra-faccia-del-martire\/","name":"Giordano Bruno, l\u2019altra faccia del martire - Rassegna Stampa Cattolica","isPartOf":{"@id":"https:\/\/www.rassegnastampa-totustuus.it\/cattolica\/#website"},"primaryImageOfPage":{"@id":"https:\/\/www.rassegnastampa-totustuus.it\/cattolica\/giordano-bruno-laltra-faccia-del-martire\/#primaryimage"},"image":{"@id":"https:\/\/www.rassegnastampa-totustuus.it\/cattolica\/giordano-bruno-laltra-faccia-del-martire\/#primaryimage"},"thumbnailUrl":"https:\/\/www.rassegnastampa-totustuus.it\/cattolica\/wp-content\/uploads\/2016\/03\/Giordano-Bruno.jpg","datePublished":"2015-08-13T22:00:35+00:00","dateModified":"2016-03-22T15:57:49+00:00","description":"Rassegna Stampa Cattolica - Per una cultura che nasce dalla Rivelazione cristiana in conformit\u00e0 alla tradizione e al Magistero della Chiesa in opposizione ad ogni relativismo e totalitarismo","breadcrumb":{"@id":"https:\/\/www.rassegnastampa-totustuus.it\/cattolica\/giordano-bruno-laltra-faccia-del-martire\/#breadcrumb"},"inLanguage":"it-IT","potentialAction":[{"@type":"ReadAction","target":["https:\/\/www.rassegnastampa-totustuus.it\/cattolica\/giordano-bruno-laltra-faccia-del-martire\/"]}]},{"@type":"ImageObject","inLanguage":"it-IT","@id":"https:\/\/www.rassegnastampa-totustuus.it\/cattolica\/giordano-bruno-laltra-faccia-del-martire\/#primaryimage","url":"https:\/\/www.rassegnastampa-totustuus.it\/cattolica\/wp-content\/uploads\/2016\/03\/Giordano-Bruno.jpg","contentUrl":"https:\/\/www.rassegnastampa-totustuus.it\/cattolica\/wp-content\/uploads\/2016\/03\/Giordano-Bruno.jpg","width":262,"height":192},{"@type":"BreadcrumbList","@id":"https:\/\/www.rassegnastampa-totustuus.it\/cattolica\/giordano-bruno-laltra-faccia-del-martire\/#breadcrumb","itemListElement":[{"@type":"ListItem","position":1,"name":"Home","item":"https:\/\/www.rassegnastampa-totustuus.it\/cattolica\/"},{"@type":"ListItem","position":2,"name":"Giordano Bruno, l\u2019altra faccia del martire"}]},{"@type":"WebSite","@id":"https:\/\/www.rassegnastampa-totustuus.it\/cattolica\/#website","url":"https:\/\/www.rassegnastampa-totustuus.it\/cattolica\/","name":"Rassegna Stampa Cattolica","description":"Per una cultura che nasce dalla Rivelazione cristiana in conformit\u00e0 alla tradizione e al Magistero della Chiesa in opposizione ad ogni relativismo e totalitarismo","publisher":{"@id":"https:\/\/www.rassegnastampa-totustuus.it\/cattolica\/#organization"},"alternateName":"Rass. Cattolica","potentialAction":[{"@type":"SearchAction","target":{"@type":"EntryPoint","urlTemplate":"https:\/\/www.rassegnastampa-totustuus.it\/cattolica\/?s={search_term_string}"},"query-input":{"@type":"PropertyValueSpecification","valueRequired":true,"valueName":"search_term_string"}}],"inLanguage":"it-IT"},{"@type":"Organization","@id":"https:\/\/www.rassegnastampa-totustuus.it\/cattolica\/#organization","name":"Rassegna Stampa Cattolica","url":"https:\/\/www.rassegnastampa-totustuus.it\/cattolica\/","logo":{"@type":"ImageObject","inLanguage":"it-IT","@id":"https:\/\/www.rassegnastampa-totustuus.it\/cattolica\/#\/schema\/logo\/image\/","url":"https:\/\/www.rassegnastampa-totustuus.it\/cattolica\/wp-content\/uploads\/2014\/04\/logo-rassegna1.gif","contentUrl":"https:\/\/www.rassegnastampa-totustuus.it\/cattolica\/wp-content\/uploads\/2014\/04\/logo-rassegna1.gif","width":600,"height":163,"caption":"Rassegna Stampa Cattolica"},"image":{"@id":"https:\/\/www.rassegnastampa-totustuus.it\/cattolica\/#\/schema\/logo\/image\/"},"sameAs":["https:\/\/www.facebook.com\/rassegnastampacattolica","https:\/\/x.com\/rassegnastampa9"]},{"@type":"Person","@id":"https:\/\/www.rassegnastampa-totustuus.it\/cattolica\/#\/schema\/person\/08f319d2bd1a0904ad9e2bfb7b15e5c3","name":"Redazione","image":{"@type":"ImageObject","inLanguage":"it-IT","@id":"https:\/\/secure.gravatar.com\/avatar\/2fcdf27c78ea025fbdb44e914cc63c72249ffec9dc8aafd5c82b26240ef3f346?s=96&d=mm&r=g","url":"https:\/\/secure.gravatar.com\/avatar\/2fcdf27c78ea025fbdb44e914cc63c72249ffec9dc8aafd5c82b26240ef3f346?s=96&d=mm&r=g","contentUrl":"https:\/\/secure.gravatar.com\/avatar\/2fcdf27c78ea025fbdb44e914cc63c72249ffec9dc8aafd5c82b26240ef3f346?s=96&d=mm&r=g","caption":"Redazione"},"url":"https:\/\/www.rassegnastampa-totustuus.it\/cattolica\/author\/pietroelle\/"}]}},"_links":{"self":[{"href":"https:\/\/www.rassegnastampa-totustuus.it\/cattolica\/wp-json\/wp\/v2\/posts\/31777","targetHints":{"allow":["GET"]}}],"collection":[{"href":"https:\/\/www.rassegnastampa-totustuus.it\/cattolica\/wp-json\/wp\/v2\/posts"}],"about":[{"href":"https:\/\/www.rassegnastampa-totustuus.it\/cattolica\/wp-json\/wp\/v2\/types\/post"}],"author":[{"embeddable":true,"href":"https:\/\/www.rassegnastampa-totustuus.it\/cattolica\/wp-json\/wp\/v2\/users\/6"}],"replies":[{"embeddable":true,"href":"https:\/\/www.rassegnastampa-totustuus.it\/cattolica\/wp-json\/wp\/v2\/comments?post=31777"}],"version-history":[{"count":3,"href":"https:\/\/www.rassegnastampa-totustuus.it\/cattolica\/wp-json\/wp\/v2\/posts\/31777\/revisions"}],"predecessor-version":[{"id":32033,"href":"https:\/\/www.rassegnastampa-totustuus.it\/cattolica\/wp-json\/wp\/v2\/posts\/31777\/revisions\/32033"}],"wp:featuredmedia":[{"embeddable":true,"href":"https:\/\/www.rassegnastampa-totustuus.it\/cattolica\/wp-json\/wp\/v2\/media\/31778"}],"wp:attachment":[{"href":"https:\/\/www.rassegnastampa-totustuus.it\/cattolica\/wp-json\/wp\/v2\/media?parent=31777"}],"wp:term":[{"taxonomy":"category","embeddable":true,"href":"https:\/\/www.rassegnastampa-totustuus.it\/cattolica\/wp-json\/wp\/v2\/categories?post=31777"},{"taxonomy":"post_tag","embeddable":true,"href":"https:\/\/www.rassegnastampa-totustuus.it\/cattolica\/wp-json\/wp\/v2\/tags?post=31777"}],"curies":[{"name":"wp","href":"https:\/\/api.w.org\/{rel}","templated":true}]}}