{"id":3177,"date":"2009-04-24T14:54:59","date_gmt":"2009-04-24T12:54:59","guid":{"rendered":""},"modified":"2016-04-11T10:12:31","modified_gmt":"2016-04-11T08:12:31","slug":"le-prime-critiche-alla-lettera-dei-138-musulmani","status":"publish","type":"post","link":"https:\/\/www.rassegnastampa-totustuus.it\/cattolica\/le-prime-critiche-alla-lettera-dei-138-musulmani\/","title":{"rendered":"Le prime critiche alla lettera dei 138 musulmani"},"content":{"rendered":"<div style=\"text-align: center;\"><strong><img loading=\"lazy\" decoding=\"async\" class=\"alignleft wp-image-32570\" src=\"https:\/\/www.rassegnastampa-totustuus.it\/cattolica\/wp-content\/uploads\/2009\/04\/Papa_Islam.jpg\" alt=\"Papa_Islam\" width=\"247\" height=\"200\" \/>Settimo cielo<\/strong>, 15 Ottobre 2007<\/div>\n<p style=\"text-align: center;\">\u00a0di <strong>Sandro Magister<\/strong><\/p>\n<p style=\"text-align: justify;\">Per bocca del cardinale Jean-Louis Tauran, la Santa Sede ha salutato con favore la lettera che 138 personalit\u00e0 musulmane hanno scritto a Benedetto XVI e ad altri capi delle Chiese cristiane, lettera di cui ha dato conto www.chiesa nel servizio del 12 ottobre: \u201cUn anno dopo Ratisbona, 138 musulmani scrivono una nuova lettera al papa\u201c.<\/p>\n<p><!--more--><\/p>\n<div style=\"text-align: justify;\">Questo per\u00f2 non esime da una discussione critica di ci\u00f2 che vi \u00e8 scritto.<\/div>\n<p style=\"text-align: justify;\">Dagli Stati Uniti, Louis Palme ha inviato a www.chiesa un commento che trovi per intero in questa pagina: \u201c<a href=\"http:\/\/chiesa.espresso.repubblica.it\/articolo\/171241\" target=\"_blank\">Una parola comune tra noi e voi \u2013 Non sulla vostra vita!<\/a>\u201c.<\/p>\n<p style=\"text-align: justify;\">Egli mette in evidenza che i due comandamenti dell\u2019amore di Dio e del prossimo non dicono la stessa cosa nell\u2019islam e nel cristianesimo. C\u2019\u00e8 una distanza abissale tra il Dio unico dell\u2019islam e il Dio trinitario della fede cristiana. Quanto all\u2019amore del prossimo, l\u2019idea di prossimo nel cristianesimo abbraccia tutti, senza distinzioni di religione o di razza. Mentre nell\u2019islam il concetto di prossimo \u00e8 pi\u00f9 ristretto e a questo proposito gli autori della lettera non hanno trovato nessun passo citabile del Corano ma hanno dovuto ricorrere a un non chiarissimo detto extracoranico.<\/p>\n<p style=\"text-align: justify;\">In conclusione, Palme scrive che i musulmani, se non vogliono limitarsi alle sole parole, dovrebbero condannare esplicitamente gli atti di terrorismo; mettere in questione quei passi del Corano che predicano l\u2019inimicizia verso gli ebrei e i cristiani; assicurare nei loro paesi ai non musulmani le libert\u00e0 religiose che sono garantite ai musulmani nei paesi cristiani; sottoscrivere e applicare a tutti i popoli, senza distinzioni di razza o religione, la dichiarazione universale dei diritti dell\u2019uomo.<\/p>\n<p style=\"text-align: justify;\">Anche Sylvain Gouguenheim, professore di storia medievale a Lione, ci ha scritto per sottolineare la lontananza fortissima che intercorre tra islam e cristianesimo circa le idee di Dio e del prossimo. La lettera dei 138 \u00e8 un gesto apprezzabile, scrive, ma \u201crivela l\u2019incomprensione di fondo tra le due religioni\u201d.<\/p>\n<p style=\"text-align: justify;\">Non meno polemici i commenti di Melanie Phillips sul quotidiano inglese \u201cDaily Mail\u201d e di John F. Cullinam sulla \u201cNational Review\u201d di New York: entrambi segnalatici da Maureen Mullarkey.<\/p>\n<p style=\"text-align: justify;\">Sia Melanie Phillips che Cullinam criticano soprattutto questo passaggio della lettera del 138: \u201cCome musulmani, diciamo ai cristiani che n\u00e9 noi n\u00e9 l\u2019islam sono contro di loro, almeno fino a quando essi non muovono guerra ai musulmani a motivo della loro religione, li opprimono e cacciano dalle loro case\u201d.<\/p>\n<p style=\"text-align: justify;\">Secondo Phillips e Cullinam, la lettera carica la responsabilit\u00e0 del conflitto sui soli cristiani, come se l\u201911 settembre non ci sia mai stato. A queste condizioni, la pace auspicata diventa \u201csinonimo di un mondo cristiano che si arrende all\u2019islam\u201d.<\/p>\n<p style=\"text-align: justify;\">Melanie Phillips critica l\u2019arcivescovo anglicano di Canterbury e il vescovo di Londra che \u201csi sono messi in ginocchio a ringraziare gli autori della lettera\u201d, mentre apprezza le riserve formulate del vescovo di Rochester, Michael Nazir-Ali, \u201cuno che capisce qual \u00e8 la minaccia dell\u2019islam\u201d.<\/p>\n<p style=\"text-align: justify;\">Cullinam \u2013 che \u00e8 membro del Center for Religious Freedom dell\u2019Hudson Institute \u2013 fa inoltre notare che, tra i destinatari della lettera, al patriarca di Costantinopoli Bartolomeo I \u00e8 stata negata la qualifica di \u201cecumenico\u201d, in ossequio a una recente delibera ostile delle autorit\u00e0 turche, e che tra i 138 firmatari figura il direttore generale dei Fratelli Musulmani in Giordania, Salim Falahat, capo di un\u2019organizzazione che approva il terrorismo suicida.<\/p>\n<p style=\"text-align: justify;\">Sulla questione del terrorismo, in effetti, la lettera dei 138 non contiene pi\u00f9 quelle parole di netta condanna che erano invece presenti nella precedente lettera indirizzata a Benedetto XVI nell\u2019ottobre del 2006 da 38 personalit\u00e0 musulmane.<\/p>\n<p style=\"text-align: justify;\">E questo silenzio ha fatto s\u00ec che nella rosa dei 138 firmatari della seconda lettera trovi posto \u2013 oltre al sopra citato capo dei Fratelli Musulmani \u2013 anche Ahmad Muhammad al-Tayeb, gi\u00e0 gran mufti d\u2019Egitto e attuale preside, al Cairo, dell\u2019universit\u00e0 di al-Azhar, la pi\u00f9 autorevole e influente universit\u00e0 del mondo islamico sunnita, con 400.000 iscritti di 92 paesi.<\/p>\n<p style=\"text-align: justify;\">Nel settembre del 2004, partecipando a Milano al meeting interreligioso organizzato ogni anno dalla Comunit\u00e0 di Sant\u2019Egidio, al-Tayeb approv\u00f2 pubblicamente gli atti terroristici compiuti contro i civili in Iraq e in Terra Santa. Ed \u00e8 tra gli invitati alla prossima edizione del meeting, in agenda a Napoli dal 21 al 23 ottobre, con Benedetto XVI presente nella giornata inaugurale.<\/p>\n<p style=\"text-align: justify;\">(A.C. Valdera)<\/p>\n","protected":false},"excerpt":{"rendered":"<p>Settimo cielo, 15 Ottobre 2007 \u00a0di Sandro Magister Per bocca del cardinale Jean-Louis Tauran, la Santa Sede ha salutato con favore la lettera che 138 personalit\u00e0 musulmane hanno scritto a Benedetto XVI e ad altri capi delle Chiese cristiane, lettera di cui ha dato conto www.chiesa nel servizio del 12 ottobre: \u201cUn anno dopo Ratisbona, &hellip; <\/p>\n<p><a class=\"more-link btn\" href=\"https:\/\/www.rassegnastampa-totustuus.it\/cattolica\/le-prime-critiche-alla-lettera-dei-138-musulmani\/\">Continua a leggere<\/a><\/p>\n","protected":false},"author":6,"featured_media":32570,"comment_status":"closed","ping_status":"open","sticky":false,"template":"","format":"standard","meta":{"footnotes":""},"categories":[5,34],"tags":[1352],"class_list":["post-3177","post","type-post","status-publish","format-standard","has-post-thumbnail","hentry","category-chiesa","category-dialogo-con-l-islam","tag-ratisbona","item-wrap"],"yoast_head":"<!-- This site is optimized with the Yoast SEO plugin v27.5 - https:\/\/yoast.com\/product\/yoast-seo-wordpress\/ -->\n<title>Le prime critiche alla lettera dei 138 musulmani - Rassegna Stampa Cattolica<\/title>\n<meta name=\"description\" content=\"Rassegna Stampa Cattolica - Per una cultura che nasce dalla Rivelazione cristiana in conformit\u00e0 alla tradizione e al Magistero della Chiesa in opposizione ad ogni relativismo e totalitarismo\" \/>\n<meta name=\"robots\" content=\"index, follow, max-snippet:-1, max-image-preview:large, max-video-preview:-1\" \/>\n<link rel=\"canonical\" href=\"https:\/\/www.rassegnastampa-totustuus.it\/cattolica\/le-prime-critiche-alla-lettera-dei-138-musulmani\/\" \/>\n<meta property=\"og:locale\" content=\"it_IT\" \/>\n<meta property=\"og:type\" content=\"article\" \/>\n<meta property=\"og:title\" content=\"Le prime critiche alla lettera dei 138 musulmani - Rassegna Stampa Cattolica\" \/>\n<meta property=\"og:description\" content=\"Rassegna Stampa Cattolica - Per una cultura che nasce dalla Rivelazione cristiana in conformit\u00e0 alla tradizione e al Magistero della Chiesa in opposizione ad ogni relativismo e totalitarismo\" \/>\n<meta property=\"og:url\" content=\"https:\/\/www.rassegnastampa-totustuus.it\/cattolica\/le-prime-critiche-alla-lettera-dei-138-musulmani\/\" \/>\n<meta property=\"og:site_name\" content=\"Rassegna Stampa Cattolica\" \/>\n<meta property=\"article:publisher\" content=\"https:\/\/www.facebook.com\/rassegnastampacattolica\" \/>\n<meta property=\"article:published_time\" content=\"2009-04-24T12:54:59+00:00\" \/>\n<meta property=\"article:modified_time\" content=\"2016-04-11T08:12:31+00:00\" \/>\n<meta property=\"og:image\" content=\"https:\/\/www.rassegnastampa-totustuus.it\/cattolica\/wp-content\/uploads\/2009\/04\/Papa_Islam.jpg\" \/>\n\t<meta property=\"og:image:width\" content=\"249\" \/>\n\t<meta property=\"og:image:height\" content=\"202\" \/>\n\t<meta property=\"og:image:type\" content=\"image\/jpeg\" \/>\n<meta name=\"author\" content=\"Redazione\" \/>\n<meta name=\"twitter:card\" content=\"summary_large_image\" \/>\n<meta name=\"twitter:creator\" content=\"@rassegnastampa9\" \/>\n<meta name=\"twitter:site\" content=\"@rassegnastampa9\" \/>\n<meta name=\"twitter:label1\" content=\"Scritto da\" \/>\n\t<meta name=\"twitter:data1\" content=\"Redazione\" \/>\n\t<meta name=\"twitter:label2\" content=\"Tempo di lettura stimato\" \/>\n\t<meta name=\"twitter:data2\" content=\"4 minuti\" \/>\n<script type=\"application\/ld+json\" class=\"yoast-schema-graph\">{\"@context\":\"https:\\\/\\\/schema.org\",\"@graph\":[{\"@type\":\"Article\",\"@id\":\"https:\\\/\\\/www.rassegnastampa-totustuus.it\\\/cattolica\\\/le-prime-critiche-alla-lettera-dei-138-musulmani\\\/#article\",\"isPartOf\":{\"@id\":\"https:\\\/\\\/www.rassegnastampa-totustuus.it\\\/cattolica\\\/le-prime-critiche-alla-lettera-dei-138-musulmani\\\/\"},\"author\":{\"name\":\"Redazione\",\"@id\":\"https:\\\/\\\/www.rassegnastampa-totustuus.it\\\/cattolica\\\/#\\\/schema\\\/person\\\/08f319d2bd1a0904ad9e2bfb7b15e5c3\"},\"headline\":\"Le prime critiche alla lettera dei 138 musulmani\",\"datePublished\":\"2009-04-24T12:54:59+00:00\",\"dateModified\":\"2016-04-11T08:12:31+00:00\",\"mainEntityOfPage\":{\"@id\":\"https:\\\/\\\/www.rassegnastampa-totustuus.it\\\/cattolica\\\/le-prime-critiche-alla-lettera-dei-138-musulmani\\\/\"},\"wordCount\":708,\"publisher\":{\"@id\":\"https:\\\/\\\/www.rassegnastampa-totustuus.it\\\/cattolica\\\/#organization\"},\"image\":{\"@id\":\"https:\\\/\\\/www.rassegnastampa-totustuus.it\\\/cattolica\\\/le-prime-critiche-alla-lettera-dei-138-musulmani\\\/#primaryimage\"},\"thumbnailUrl\":\"https:\\\/\\\/www.rassegnastampa-totustuus.it\\\/cattolica\\\/wp-content\\\/uploads\\\/2009\\\/04\\\/Papa_Islam.jpg\",\"keywords\":[\"Ratisbona\"],\"articleSection\":[\"Chiesa\",\"Islam dialogo\"],\"inLanguage\":\"it-IT\"},{\"@type\":\"WebPage\",\"@id\":\"https:\\\/\\\/www.rassegnastampa-totustuus.it\\\/cattolica\\\/le-prime-critiche-alla-lettera-dei-138-musulmani\\\/\",\"url\":\"https:\\\/\\\/www.rassegnastampa-totustuus.it\\\/cattolica\\\/le-prime-critiche-alla-lettera-dei-138-musulmani\\\/\",\"name\":\"Le prime critiche alla lettera dei 138 musulmani - Rassegna Stampa Cattolica\",\"isPartOf\":{\"@id\":\"https:\\\/\\\/www.rassegnastampa-totustuus.it\\\/cattolica\\\/#website\"},\"primaryImageOfPage\":{\"@id\":\"https:\\\/\\\/www.rassegnastampa-totustuus.it\\\/cattolica\\\/le-prime-critiche-alla-lettera-dei-138-musulmani\\\/#primaryimage\"},\"image\":{\"@id\":\"https:\\\/\\\/www.rassegnastampa-totustuus.it\\\/cattolica\\\/le-prime-critiche-alla-lettera-dei-138-musulmani\\\/#primaryimage\"},\"thumbnailUrl\":\"https:\\\/\\\/www.rassegnastampa-totustuus.it\\\/cattolica\\\/wp-content\\\/uploads\\\/2009\\\/04\\\/Papa_Islam.jpg\",\"datePublished\":\"2009-04-24T12:54:59+00:00\",\"dateModified\":\"2016-04-11T08:12:31+00:00\",\"description\":\"Rassegna Stampa Cattolica - Per una cultura che nasce dalla Rivelazione cristiana in conformit\u00e0 alla tradizione e al Magistero della Chiesa in opposizione ad ogni relativismo e totalitarismo\",\"breadcrumb\":{\"@id\":\"https:\\\/\\\/www.rassegnastampa-totustuus.it\\\/cattolica\\\/le-prime-critiche-alla-lettera-dei-138-musulmani\\\/#breadcrumb\"},\"inLanguage\":\"it-IT\",\"potentialAction\":[{\"@type\":\"ReadAction\",\"target\":[\"https:\\\/\\\/www.rassegnastampa-totustuus.it\\\/cattolica\\\/le-prime-critiche-alla-lettera-dei-138-musulmani\\\/\"]}]},{\"@type\":\"ImageObject\",\"inLanguage\":\"it-IT\",\"@id\":\"https:\\\/\\\/www.rassegnastampa-totustuus.it\\\/cattolica\\\/le-prime-critiche-alla-lettera-dei-138-musulmani\\\/#primaryimage\",\"url\":\"https:\\\/\\\/www.rassegnastampa-totustuus.it\\\/cattolica\\\/wp-content\\\/uploads\\\/2009\\\/04\\\/Papa_Islam.jpg\",\"contentUrl\":\"https:\\\/\\\/www.rassegnastampa-totustuus.it\\\/cattolica\\\/wp-content\\\/uploads\\\/2009\\\/04\\\/Papa_Islam.jpg\",\"width\":249,\"height\":202},{\"@type\":\"BreadcrumbList\",\"@id\":\"https:\\\/\\\/www.rassegnastampa-totustuus.it\\\/cattolica\\\/le-prime-critiche-alla-lettera-dei-138-musulmani\\\/#breadcrumb\",\"itemListElement\":[{\"@type\":\"ListItem\",\"position\":1,\"name\":\"Home\",\"item\":\"https:\\\/\\\/www.rassegnastampa-totustuus.it\\\/cattolica\\\/\"},{\"@type\":\"ListItem\",\"position\":2,\"name\":\"Le prime critiche alla lettera dei 138 musulmani\"}]},{\"@type\":\"WebSite\",\"@id\":\"https:\\\/\\\/www.rassegnastampa-totustuus.it\\\/cattolica\\\/#website\",\"url\":\"https:\\\/\\\/www.rassegnastampa-totustuus.it\\\/cattolica\\\/\",\"name\":\"Rassegna Stampa Cattolica\",\"description\":\"Per una cultura che nasce dalla Rivelazione cristiana in conformit\u00e0 alla tradizione e al Magistero della Chiesa in opposizione ad ogni relativismo e totalitarismo\",\"publisher\":{\"@id\":\"https:\\\/\\\/www.rassegnastampa-totustuus.it\\\/cattolica\\\/#organization\"},\"alternateName\":\"Rass. Cattolica\",\"potentialAction\":[{\"@type\":\"SearchAction\",\"target\":{\"@type\":\"EntryPoint\",\"urlTemplate\":\"https:\\\/\\\/www.rassegnastampa-totustuus.it\\\/cattolica\\\/?s={search_term_string}\"},\"query-input\":{\"@type\":\"PropertyValueSpecification\",\"valueRequired\":true,\"valueName\":\"search_term_string\"}}],\"inLanguage\":\"it-IT\"},{\"@type\":\"Organization\",\"@id\":\"https:\\\/\\\/www.rassegnastampa-totustuus.it\\\/cattolica\\\/#organization\",\"name\":\"Rassegna Stampa Cattolica\",\"url\":\"https:\\\/\\\/www.rassegnastampa-totustuus.it\\\/cattolica\\\/\",\"logo\":{\"@type\":\"ImageObject\",\"inLanguage\":\"it-IT\",\"@id\":\"https:\\\/\\\/www.rassegnastampa-totustuus.it\\\/cattolica\\\/#\\\/schema\\\/logo\\\/image\\\/\",\"url\":\"https:\\\/\\\/www.rassegnastampa-totustuus.it\\\/cattolica\\\/wp-content\\\/uploads\\\/2014\\\/04\\\/logo-rassegna1.gif\",\"contentUrl\":\"https:\\\/\\\/www.rassegnastampa-totustuus.it\\\/cattolica\\\/wp-content\\\/uploads\\\/2014\\\/04\\\/logo-rassegna1.gif\",\"width\":600,\"height\":163,\"caption\":\"Rassegna Stampa Cattolica\"},\"image\":{\"@id\":\"https:\\\/\\\/www.rassegnastampa-totustuus.it\\\/cattolica\\\/#\\\/schema\\\/logo\\\/image\\\/\"},\"sameAs\":[\"https:\\\/\\\/www.facebook.com\\\/rassegnastampacattolica\",\"https:\\\/\\\/x.com\\\/rassegnastampa9\"]},{\"@type\":\"Person\",\"@id\":\"https:\\\/\\\/www.rassegnastampa-totustuus.it\\\/cattolica\\\/#\\\/schema\\\/person\\\/08f319d2bd1a0904ad9e2bfb7b15e5c3\",\"name\":\"Redazione\",\"image\":{\"@type\":\"ImageObject\",\"inLanguage\":\"it-IT\",\"@id\":\"https:\\\/\\\/secure.gravatar.com\\\/avatar\\\/2fcdf27c78ea025fbdb44e914cc63c72249ffec9dc8aafd5c82b26240ef3f346?s=96&d=mm&r=g\",\"url\":\"https:\\\/\\\/secure.gravatar.com\\\/avatar\\\/2fcdf27c78ea025fbdb44e914cc63c72249ffec9dc8aafd5c82b26240ef3f346?s=96&d=mm&r=g\",\"contentUrl\":\"https:\\\/\\\/secure.gravatar.com\\\/avatar\\\/2fcdf27c78ea025fbdb44e914cc63c72249ffec9dc8aafd5c82b26240ef3f346?s=96&d=mm&r=g\",\"caption\":\"Redazione\"},\"url\":\"https:\\\/\\\/www.rassegnastampa-totustuus.it\\\/cattolica\\\/author\\\/pietroelle\\\/\"}]}<\/script>\n<!-- \/ Yoast SEO plugin. -->","yoast_head_json":{"title":"Le prime critiche alla lettera dei 138 musulmani - Rassegna Stampa Cattolica","description":"Rassegna Stampa Cattolica - Per una cultura che nasce dalla Rivelazione cristiana in conformit\u00e0 alla tradizione e al Magistero della Chiesa in opposizione ad ogni relativismo e totalitarismo","robots":{"index":"index","follow":"follow","max-snippet":"max-snippet:-1","max-image-preview":"max-image-preview:large","max-video-preview":"max-video-preview:-1"},"canonical":"https:\/\/www.rassegnastampa-totustuus.it\/cattolica\/le-prime-critiche-alla-lettera-dei-138-musulmani\/","og_locale":"it_IT","og_type":"article","og_title":"Le prime critiche alla lettera dei 138 musulmani - Rassegna Stampa Cattolica","og_description":"Rassegna Stampa Cattolica - Per una cultura che nasce dalla Rivelazione cristiana in conformit\u00e0 alla tradizione e al Magistero della Chiesa in opposizione ad ogni relativismo e totalitarismo","og_url":"https:\/\/www.rassegnastampa-totustuus.it\/cattolica\/le-prime-critiche-alla-lettera-dei-138-musulmani\/","og_site_name":"Rassegna Stampa Cattolica","article_publisher":"https:\/\/www.facebook.com\/rassegnastampacattolica","article_published_time":"2009-04-24T12:54:59+00:00","article_modified_time":"2016-04-11T08:12:31+00:00","og_image":[{"width":249,"height":202,"url":"https:\/\/www.rassegnastampa-totustuus.it\/cattolica\/wp-content\/uploads\/2009\/04\/Papa_Islam.jpg","type":"image\/jpeg"}],"author":"Redazione","twitter_card":"summary_large_image","twitter_creator":"@rassegnastampa9","twitter_site":"@rassegnastampa9","twitter_misc":{"Scritto da":"Redazione","Tempo di lettura stimato":"4 minuti"},"schema":{"@context":"https:\/\/schema.org","@graph":[{"@type":"Article","@id":"https:\/\/www.rassegnastampa-totustuus.it\/cattolica\/le-prime-critiche-alla-lettera-dei-138-musulmani\/#article","isPartOf":{"@id":"https:\/\/www.rassegnastampa-totustuus.it\/cattolica\/le-prime-critiche-alla-lettera-dei-138-musulmani\/"},"author":{"name":"Redazione","@id":"https:\/\/www.rassegnastampa-totustuus.it\/cattolica\/#\/schema\/person\/08f319d2bd1a0904ad9e2bfb7b15e5c3"},"headline":"Le prime critiche alla lettera dei 138 musulmani","datePublished":"2009-04-24T12:54:59+00:00","dateModified":"2016-04-11T08:12:31+00:00","mainEntityOfPage":{"@id":"https:\/\/www.rassegnastampa-totustuus.it\/cattolica\/le-prime-critiche-alla-lettera-dei-138-musulmani\/"},"wordCount":708,"publisher":{"@id":"https:\/\/www.rassegnastampa-totustuus.it\/cattolica\/#organization"},"image":{"@id":"https:\/\/www.rassegnastampa-totustuus.it\/cattolica\/le-prime-critiche-alla-lettera-dei-138-musulmani\/#primaryimage"},"thumbnailUrl":"https:\/\/www.rassegnastampa-totustuus.it\/cattolica\/wp-content\/uploads\/2009\/04\/Papa_Islam.jpg","keywords":["Ratisbona"],"articleSection":["Chiesa","Islam dialogo"],"inLanguage":"it-IT"},{"@type":"WebPage","@id":"https:\/\/www.rassegnastampa-totustuus.it\/cattolica\/le-prime-critiche-alla-lettera-dei-138-musulmani\/","url":"https:\/\/www.rassegnastampa-totustuus.it\/cattolica\/le-prime-critiche-alla-lettera-dei-138-musulmani\/","name":"Le prime critiche alla lettera dei 138 musulmani - Rassegna Stampa Cattolica","isPartOf":{"@id":"https:\/\/www.rassegnastampa-totustuus.it\/cattolica\/#website"},"primaryImageOfPage":{"@id":"https:\/\/www.rassegnastampa-totustuus.it\/cattolica\/le-prime-critiche-alla-lettera-dei-138-musulmani\/#primaryimage"},"image":{"@id":"https:\/\/www.rassegnastampa-totustuus.it\/cattolica\/le-prime-critiche-alla-lettera-dei-138-musulmani\/#primaryimage"},"thumbnailUrl":"https:\/\/www.rassegnastampa-totustuus.it\/cattolica\/wp-content\/uploads\/2009\/04\/Papa_Islam.jpg","datePublished":"2009-04-24T12:54:59+00:00","dateModified":"2016-04-11T08:12:31+00:00","description":"Rassegna Stampa Cattolica - Per una cultura che nasce dalla Rivelazione cristiana in conformit\u00e0 alla tradizione e al Magistero della Chiesa in opposizione ad ogni relativismo e totalitarismo","breadcrumb":{"@id":"https:\/\/www.rassegnastampa-totustuus.it\/cattolica\/le-prime-critiche-alla-lettera-dei-138-musulmani\/#breadcrumb"},"inLanguage":"it-IT","potentialAction":[{"@type":"ReadAction","target":["https:\/\/www.rassegnastampa-totustuus.it\/cattolica\/le-prime-critiche-alla-lettera-dei-138-musulmani\/"]}]},{"@type":"ImageObject","inLanguage":"it-IT","@id":"https:\/\/www.rassegnastampa-totustuus.it\/cattolica\/le-prime-critiche-alla-lettera-dei-138-musulmani\/#primaryimage","url":"https:\/\/www.rassegnastampa-totustuus.it\/cattolica\/wp-content\/uploads\/2009\/04\/Papa_Islam.jpg","contentUrl":"https:\/\/www.rassegnastampa-totustuus.it\/cattolica\/wp-content\/uploads\/2009\/04\/Papa_Islam.jpg","width":249,"height":202},{"@type":"BreadcrumbList","@id":"https:\/\/www.rassegnastampa-totustuus.it\/cattolica\/le-prime-critiche-alla-lettera-dei-138-musulmani\/#breadcrumb","itemListElement":[{"@type":"ListItem","position":1,"name":"Home","item":"https:\/\/www.rassegnastampa-totustuus.it\/cattolica\/"},{"@type":"ListItem","position":2,"name":"Le prime critiche alla lettera dei 138 musulmani"}]},{"@type":"WebSite","@id":"https:\/\/www.rassegnastampa-totustuus.it\/cattolica\/#website","url":"https:\/\/www.rassegnastampa-totustuus.it\/cattolica\/","name":"Rassegna Stampa Cattolica","description":"Per una cultura che nasce dalla Rivelazione cristiana in conformit\u00e0 alla tradizione e al Magistero della Chiesa in opposizione ad ogni relativismo e totalitarismo","publisher":{"@id":"https:\/\/www.rassegnastampa-totustuus.it\/cattolica\/#organization"},"alternateName":"Rass. Cattolica","potentialAction":[{"@type":"SearchAction","target":{"@type":"EntryPoint","urlTemplate":"https:\/\/www.rassegnastampa-totustuus.it\/cattolica\/?s={search_term_string}"},"query-input":{"@type":"PropertyValueSpecification","valueRequired":true,"valueName":"search_term_string"}}],"inLanguage":"it-IT"},{"@type":"Organization","@id":"https:\/\/www.rassegnastampa-totustuus.it\/cattolica\/#organization","name":"Rassegna Stampa Cattolica","url":"https:\/\/www.rassegnastampa-totustuus.it\/cattolica\/","logo":{"@type":"ImageObject","inLanguage":"it-IT","@id":"https:\/\/www.rassegnastampa-totustuus.it\/cattolica\/#\/schema\/logo\/image\/","url":"https:\/\/www.rassegnastampa-totustuus.it\/cattolica\/wp-content\/uploads\/2014\/04\/logo-rassegna1.gif","contentUrl":"https:\/\/www.rassegnastampa-totustuus.it\/cattolica\/wp-content\/uploads\/2014\/04\/logo-rassegna1.gif","width":600,"height":163,"caption":"Rassegna Stampa Cattolica"},"image":{"@id":"https:\/\/www.rassegnastampa-totustuus.it\/cattolica\/#\/schema\/logo\/image\/"},"sameAs":["https:\/\/www.facebook.com\/rassegnastampacattolica","https:\/\/x.com\/rassegnastampa9"]},{"@type":"Person","@id":"https:\/\/www.rassegnastampa-totustuus.it\/cattolica\/#\/schema\/person\/08f319d2bd1a0904ad9e2bfb7b15e5c3","name":"Redazione","image":{"@type":"ImageObject","inLanguage":"it-IT","@id":"https:\/\/secure.gravatar.com\/avatar\/2fcdf27c78ea025fbdb44e914cc63c72249ffec9dc8aafd5c82b26240ef3f346?s=96&d=mm&r=g","url":"https:\/\/secure.gravatar.com\/avatar\/2fcdf27c78ea025fbdb44e914cc63c72249ffec9dc8aafd5c82b26240ef3f346?s=96&d=mm&r=g","contentUrl":"https:\/\/secure.gravatar.com\/avatar\/2fcdf27c78ea025fbdb44e914cc63c72249ffec9dc8aafd5c82b26240ef3f346?s=96&d=mm&r=g","caption":"Redazione"},"url":"https:\/\/www.rassegnastampa-totustuus.it\/cattolica\/author\/pietroelle\/"}]}},"_links":{"self":[{"href":"https:\/\/www.rassegnastampa-totustuus.it\/cattolica\/wp-json\/wp\/v2\/posts\/3177","targetHints":{"allow":["GET"]}}],"collection":[{"href":"https:\/\/www.rassegnastampa-totustuus.it\/cattolica\/wp-json\/wp\/v2\/posts"}],"about":[{"href":"https:\/\/www.rassegnastampa-totustuus.it\/cattolica\/wp-json\/wp\/v2\/types\/post"}],"author":[{"embeddable":true,"href":"https:\/\/www.rassegnastampa-totustuus.it\/cattolica\/wp-json\/wp\/v2\/users\/6"}],"replies":[{"embeddable":true,"href":"https:\/\/www.rassegnastampa-totustuus.it\/cattolica\/wp-json\/wp\/v2\/comments?post=3177"}],"version-history":[{"count":4,"href":"https:\/\/www.rassegnastampa-totustuus.it\/cattolica\/wp-json\/wp\/v2\/posts\/3177\/revisions"}],"predecessor-version":[{"id":32571,"href":"https:\/\/www.rassegnastampa-totustuus.it\/cattolica\/wp-json\/wp\/v2\/posts\/3177\/revisions\/32571"}],"wp:featuredmedia":[{"embeddable":true,"href":"https:\/\/www.rassegnastampa-totustuus.it\/cattolica\/wp-json\/wp\/v2\/media\/32570"}],"wp:attachment":[{"href":"https:\/\/www.rassegnastampa-totustuus.it\/cattolica\/wp-json\/wp\/v2\/media?parent=3177"}],"wp:term":[{"taxonomy":"category","embeddable":true,"href":"https:\/\/www.rassegnastampa-totustuus.it\/cattolica\/wp-json\/wp\/v2\/categories?post=3177"},{"taxonomy":"post_tag","embeddable":true,"href":"https:\/\/www.rassegnastampa-totustuus.it\/cattolica\/wp-json\/wp\/v2\/tags?post=3177"}],"curies":[{"name":"wp","href":"https:\/\/api.w.org\/{rel}","templated":true}]}}