{"id":317,"date":"2005-01-20T18:32:09","date_gmt":"2005-01-20T17:32:09","guid":{"rendered":""},"modified":"2025-07-06T16:30:33","modified_gmt":"2025-07-06T14:30:33","slug":"la-resistenza-cannibale","status":"publish","type":"post","link":"https:\/\/www.rassegnastampa-totustuus.it\/cattolica\/la-resistenza-cannibale\/","title":{"rendered":"La resistenza cannibale"},"content":{"rendered":"\n<p class=\"has-text-align-center\">pubblicato su <a href=\"https:\/\/www.avvenire.it\/\" target=\"_blank\" rel=\"noreferrer noopener\"><strong>Avvenire<\/strong> <\/a>del 19 febbraio 2004<\/p>\n\n\n\n<p><strong>INCHIESTA\/7<\/strong> <em>In pi\u00f9 casi la lotta per la liberazione non ha avuto piet\u00e0 dei suoi stessi aderenti. \u00c8 successo anche in Piemonte, dove almeno una dozzina di preti (alcuni erano cappellani delle formazioni ribelli) vennero assassinati per odio di parte politica Ecco le loro storie<\/em><\/p>\n\n\n\n<p class=\"has-text-align-center\">di<strong> Roberto Beretta<\/strong><\/p>\n\n\n\n<p>Il frate fu ucciso dai suoi<em><strong>. <\/strong>Padre Squizzato militava in un gruppo antifascista e fu attirato in una trappola dai \u00abcolleghi\u00bb comunisti. Forse perch\u00e9 aveva deciso di smettere con la clandestinit\u00e0<\/em><\/p>\n\n\n<div class=\"wp-block-image\">\n<figure class=\"aligncenter size-full is-resized\"><a href=\"https:\/\/www.rassegnastampa-totustuus.it\/cattolica\/wp-content\/uploads\/2005\/01\/don-Icardi.jpg\"><img loading=\"lazy\" decoding=\"async\" width=\"201\" height=\"251\" src=\"https:\/\/www.rassegnastampa-totustuus.it\/cattolica\/wp-content\/uploads\/2005\/01\/don-Icardi.jpg\" alt=\"\" class=\"wp-image-30865\" style=\"width:245px;height:auto\"\/><\/a><\/figure><\/div>\n\n\n<!--more-->\n\n\n\n<p>Frate, cappellano militare degli alpini, quindi partigiano militante; eppure massacrato dagli stessi partigiani. \u00c8 possibile? La vicenda di padre Eugenio Squizzato \u00e8 emblematica di quanto la contrapposizione ideologica, forse l&#8217;odio, seppero sovrapporsi agli ideali della lotta per la libert\u00e0 e la democrazia.<\/p>\n\n\n\n<p>Padre Squizzato era un semplice francescano veneto, partito per il fronte come tanti altri cappellani militari; se aveva una particolarit\u00e0, era quella che la sua famiglia &#8211; ben 16 figli, di cui due divenuti sacerdoti e due suore &#8211; si merit\u00f2 un paio di colonne nella cronaca di un giornale come detentrice del record di fratelli arruolati contemporaneamente: ben 7. Padre Eugenio, nato a Piombino Dese (Pd) nel 1915, era il pi\u00f9 giovane; fu mandato come cappellano degli alpini a Mondov\u00ec nel 1941, quindi in Croazia e infine in Francia: dove l&#8217;ha colto l&#8217;8 settembre.<\/p>\n\n\n\n<p>Ma il frate &#8211; che non possa farlo oppure non ritenga evangelico abbandonare i suoi commilitoni &#8211; non rientra al convento. Negli archivi francescani sono rimasti alcuni dei rari biglietti che riusciva a inviare ai superiori; per esempio questo del gennaio 1944: \u00abMi fu scritto che voi siete in pensiero per me, cio\u00e8 per la mia sicurezza corporale e molto pi\u00f9 per la mia vocazione sacerdotale. Molte cose qui mi \u00e8 impossibile riferirle&#8230; Circostanze impensate mi hanno messo nella condizione di dover continuare la mia missione. Quindi non attribuite a mancanza di volont\u00e0 o di vocazione il mio ritardato ritorno. Appena sar\u00f2 libero, non solo ritorner\u00f2, ma voler\u00f2\u00bb.<\/p>\n\n\n\n<p>Anche altra corrispondenza testimonia con le sue stesse reticenze che padre Eugenio era entrato nella clandestinit\u00e0 delle montagne piemontesi, probabilmente al seguito di compagni d&#8217;arme collegatisi alla resistenza. Secondo una relazione compilata dopo la morte del francescano, era un colonnello dell&#8217;aviazione &#8211; con legami nelle alte sfere repubblichine &#8211; a indirizzare da Ciri\u00e8 i movimenti di quella formazione, che si era acquartierata a Piano d&#8217;Audi (una localit\u00e0 sopra Corio Canavese).<\/p>\n\n\n\n<p>A novembre 1943 tuttavia i tedeschi sferravano un&#8217;offensiva nella zona e disperdevano il gruppo. Pare che padre Squizzato riparasse a Forno Canavese con altri, comandati dal maggiore degli alpini Nicola, e che ne sia seguito un periodo di tacita non belligeranza con i nazifascisti. A Corio per\u00f2 operava un&#8217;altra formazione partigiana, diretta da un comunista slavo. Fu lui, il 13 aprile 1944 &#8211; era appena passata la Pasqua -, a invitare il maggiore Nicola a un abboccamento per riunire le forze dei due gruppi.<\/p>\n\n\n\n<p>Era invece un tranello. Il militare si present\u00f2 all&#8217;incontro, in un&#8217;osteria presso il Ponte dell&#8217;Avvocato a Corio, accompagnato da padre Squizzato e da un sergente. Alla fine del pranzo &#8211; sostiene la relazione &#8211; fu provocato un diverbio, durante il quale i comunisti estrassero le armi ed uccisero sia il maggiore Nicola che il francescano.<\/p>\n\n\n\n<p>Un&#8217;altra versione dei fatti sostiene che il duplice assassinio fu dovuto invece alla voce che sia il comandante, sia il religioso avevano espresso il desiderio di smobilitare e tornare alle loro case, per cui i partigiani decisero di sopprimere prima l&#8217;ufficiale e quindi &#8211; la notte tra il 15 e il 16 aprile, quando il frate si mosse per cercarne il corpo &#8211; anche il cappellano, a pugnalate in un bosco.<\/p>\n\n\n\n<p>Tanta discordanza di versioni forse oggi stupisce; ma all&#8217;epoca persino i confratelli dovettero spedire un frate a condurre di persona un&#8217;indagine sul posto per saperne di pi\u00f9. Del resto, l&#8217;unica sorella ancora vivente di padre Squizzato ricorda soltanto di aver visto la salma del fratello &#8211; che dopo la guerra sar\u00e0 traslata a Piombino Dese (la citt\u00e0 natale ha dedicato anche una piazzetta al martire)- col volto fasciato attraverso una finestrella praticata nella bara; e il solo documento che conserva di lui \u00e8 un \u00abcertificato patriottico\u00bb del Cln che testifica la partecipazione del frate alla resistenza dal 9 settembre 1943. Partigiano dunque, e ucciso dai partigiani.<\/p>\n\n\n\n<h4 class=\"wp-block-heading has-text-align-center\"><strong>Da parroco a \u00abbandito\u00bb<\/strong><\/h4>\n\n\n\n<p>Don Icardi lasci\u00f2 la veste per la lotta armata. Idealista e generoso, favoriva lo scambio di prigionieri tedeschi Ma probabilmente tale impegno umanitario gli cost\u00f2 la vita&nbsp;Un prete morto con le armi in pugno. Un partigiano ucciso dai partigiani. Un uomo della Resistenza sepolto in un cimitero \u00abrepubblichino\u00bb.<\/p>\n\n\n\n<p>Chi fu davvero don Virginio Icardi? Non \u00e8 stato semplice nemmeno per i contemporanei dipanare la vicenda umana di questo sacerdote piemontese, classe 1908, diocesi di Acqui; figurarsi per noi, che disponiamo di versioni lontane nel tempo e contrastanti ideologicamente. \u00abEsuberante, idealista, generoso, forse la vita chiusa di un ambiente ristretto non gli si addiceva\u00bb, scrive lo storico e confratello monsignor Giovanni Galliano; \u00abAmante della vita movimentata, quasi avventurosa, dopo l\u20198 settembre in una lettera inviata al suo vescovo esprimeva il desiderio di partecipare alla lotta\u00bb, annota l\u2019articolo di un periodico di destra.<\/p>\n\n\n\n<p>Di certo don Icardi era parroco a Squaneto, presso Spigno Monferrato, da ormai una decina d\u2019anni quando l\u2019armistizio venne a disorientare gli animi anche nella sua remota canonica. Per alcune fonti furono i nazifascisti i primi a creargli difficolt\u00e0, inducendolo a lasciare la casa parrocchiale; secondo altri invece fu lui a \u00abtrasformare la parrocchia in luogo di ritrovo dei partigiani\u00bb. Per cui, il 21 maggio 1944, di fronte all\u2019ispezione di una pattuglia tedesca che bussa alla sua porta, il sacerdote si spaventa e fugge da una finestra sul retro, dandosi alla macchia. \u00c8 il vescovo a interessarsi presso il comando tedesco perch\u00e9 don Icardi possa rientrare alla sua chiesa.<\/p>\n\n\n\n<p>I contatti coi partigiani tuttavia continuano, anche per promuovere lo scambio di prigionieri tra le due parti in lotta, finch\u00e9 all\u2019inizio di ottobre don Icardi non decide di lasciare la parrocchia e fors\u2019anche la veste per mettersi a capo di una banda di partigiani. \u00abRichiamato ed invitato varie volte dal vescovo &#8211; scrive monsignor Galliano -, il suo sbaglio fu quello di non aver risposto e non essersi incontrato\u00bb con lui.<\/p>\n\n\n\n<p>Qui ancora una volta le notizie divergono: per gli uni l\u2019attivit\u00e0 del prete (che assume il nome di battaglia di \u00abItalicus\u00bb) consiste in azioni \u00abbrigantesche\u00bb, nel corso delle quali \u00abmolestava armi alla mano i parroci della zona\u00bb, assaltava treni alla stazione di Spigno e ne depredava i viaggiatori, mettendo con tutto ci\u00f2 le popolazioni del luogo a rischio di rappresaglie; per gli altri invece (o insieme, chiss\u00e0) \u00abfu merito suo se si poterono liberare i 42 prigionieri di Malvicino e Roboaro, incarcerati e destinati alla fucilazione se non fossero stati liberati i tre ufficiali tedeschi catturati sul ponte di Cartosio&#8230; Fu don Icardi ad ottenerne la liberazione\u00bb.<\/p>\n\n\n\n<p>Fu quest\u2019ultimo gesto di generosit\u00e0 troppo umanitaria, agli occhi di altri partigiani, a risultargli fatale? Pare che lo stesso sacerdote l\u2019abbia confidato a un confratello. Altre versioni sostengono invece che i componenti della banda di \u00abItalicus\u00bb si siano stancati del suo modo d\u2019agire, in particolare abbiano perso la fiducia nel comandante allorch\u00e9 gli venne affidato un ufficiale repubblichino prigioniero e il sacerdote se lo lasci\u00f2 scappare. Di fatto la sera del 2 dicembre 1944, ad appena due mesi dal suo passaggio in clandestinit\u00e0, don Icardi fu ucciso a revolverate in strada presso Pareto da tre compagni che l\u2019avevano accompagnato in visita al parroco di quella localit\u00e0.<\/p>\n\n\n\n<p>Il corpo venne trovato il giorno dopo e deposto in una cappellina di campagna. Intervenne poi il generale della Rsi Amilcare Farina il quale, forse indotto a ci\u00f2 dal fatto che il sacerdote fosse stato assassinato dai partigiani, lo fece trasferire nel cimitero delle vittime della guerra civile ad Altare; anche il vescovo si rec\u00f2 laggi\u00f9 a rendere omaggio al suo irrequieto sacerdote, mentre a celebrarne le esequie fu il cappellano di una formazione militare repubblichina. Strano fino in fondo il destino di un prete che sembra riunire, nella sua stessa persona, le contraddizioni della resistenza.<\/p>\n\n\n\n<p class=\"has-text-align-center\">_________________________<\/p>\n\n\n\n<p><strong>Le altre puntate dell\u2019inchiesta:<\/strong><\/p>\n\n\n\n<p><strong>1 &#8211; <a href=\"https:\/\/www.rassegnastampa-totustuus.it\/cattolica\/?p=311\" target=\"_blank\" rel=\"noreferrer noopener\">Stragi partigiane: il triangolo dei preti<\/a><\/strong><\/p>\n\n\n\n<p><strong>2 &#8211; <a href=\"https:\/\/www.rassegnastampa-totustuus.it\/cattolica\/?p=312\" target=\"_blank\" rel=\"noreferrer noopener\">Partigiani all\u2019assalto del don<\/a><\/strong><\/p>\n\n\n\n<p><strong>3 &#8211; <a href=\"https:\/\/www.rassegnastampa-totustuus.it\/cattolica\/?p=313\" target=\"_blank\" rel=\"noreferrer noopener\">Ombre rosse in canonica<\/a><\/strong><\/p>\n\n\n\n<p><strong>4 &#8211; <a href=\"https:\/\/www.rassegnastampa-totustuus.it\/cattolica\/?p=314\" target=\"_blank\" rel=\"noreferrer noopener\">E Peppone spar\u00f2 a don Camillo<\/a><\/strong><\/p>\n\n\n\n<p><strong>5 &#8211; <a href=\"https:\/\/www.rassegnastampa-totustuus.it\/cattolica\/?p=315\" target=\"_blank\" rel=\"noreferrer noopener\">Brigate contro il Biancofiore<\/a><\/strong><\/p>\n\n\n\n<p><strong>6 &#8211; <a href=\"https:\/\/www.rassegnastampa-totustuus.it\/cattolica\/?p=316\" target=\"_blank\" rel=\"noreferrer noopener\">Falce &amp; coppola, la repubblica del Sud<\/a><\/strong><\/p>\n\n\n\n<p><strong>8 &#8211; <a href=\"https:\/\/www.rassegnastampa-totustuus.it\/cattolica\/?p=318\" target=\"_blank\" rel=\"noreferrer noopener\">Quei preti martiri del 18 aprile<\/a><\/strong><\/p>\n\n\n\n<p><strong>Nota:<\/strong> <strong><em>Leggi anche:<\/em><\/strong><\/p>\n\n\n\n<p><strong><em><a href=\"https:\/\/www.rassegnastampa-totustuus.it\/cattolica\/?p=1063\" target=\"_blank\" rel=\"noreferrer noopener\">Dimenticati<\/a> <\/em><\/strong><em>Paolo De Marchi, <strong>Il Timone<\/strong> &#8211; n. 11 Gennaio\/Febbraio 2001<\/em><\/p>\n\n\n\n<p><em>Una pagina rimossa della nostra storia. Centinaia di cattolici, sacerdoti e laici, uccisi dai partigiani comunisti nell&#8217;immediato dopoguerra. In odio alla fede e alla Chiesa. I testimoni tacciono. I libri di testo nascondono la verit\u00e0. Vilt\u00e0, paura o complicit\u00e0?<\/em><\/p>\n","protected":false},"excerpt":{"rendered":"<p>pubblicato su Avvenire del 19 febbraio 2004 INCHIESTA\/7 In pi\u00f9 casi la lotta per la liberazione non ha avuto piet\u00e0 dei suoi stessi aderenti. \u00c8 successo anche in Piemonte, dove almeno una dozzina di preti (alcuni erano cappellani delle formazioni ribelli) vennero assassinati per odio di parte politica Ecco le loro storie di Roberto Beretta &hellip; <\/p>\n<p><a class=\"more-link btn\" href=\"https:\/\/www.rassegnastampa-totustuus.it\/cattolica\/la-resistenza-cannibale\/\">Continua a leggere<\/a><\/p>\n","protected":false},"author":6,"featured_media":30865,"comment_status":"closed","ping_status":"open","sticky":false,"template":"","format":"standard","meta":{"footnotes":""},"categories":[82,44,100,96],"tags":[329,1392],"class_list":["post-317","post","type-post","status-publish","format-standard","has-post-thumbnail","hentry","category-comunismo-in-italia","category-cristiani-perseguitati","category-resistenza","category-storia-italiana","tag-persecuzioni-dei-cristiani","tag-sacerdoti","item-wrap"],"yoast_head":"<!-- This site is optimized with the Yoast SEO plugin v27.5 - https:\/\/yoast.com\/product\/yoast-seo-wordpress\/ -->\n<title>La resistenza cannibale - Rassegna Stampa Cattolica<\/title>\n<meta name=\"description\" content=\"La resistenza cannibale. In pi\u00f9 casi la lotta per la liberazione non ha avuto piet\u00e0 dei suoi stessi aderenti.\" \/>\n<meta name=\"robots\" content=\"index, follow, max-snippet:-1, max-image-preview:large, max-video-preview:-1\" \/>\n<link rel=\"canonical\" href=\"https:\/\/www.rassegnastampa-totustuus.it\/cattolica\/la-resistenza-cannibale\/\" \/>\n<meta property=\"og:locale\" content=\"it_IT\" \/>\n<meta property=\"og:type\" content=\"article\" \/>\n<meta property=\"og:title\" content=\"La resistenza cannibale - Rassegna Stampa Cattolica\" \/>\n<meta property=\"og:description\" content=\"La resistenza cannibale. In pi\u00f9 casi la lotta per la liberazione non ha avuto piet\u00e0 dei suoi stessi aderenti.\" \/>\n<meta property=\"og:url\" content=\"https:\/\/www.rassegnastampa-totustuus.it\/cattolica\/la-resistenza-cannibale\/\" \/>\n<meta property=\"og:site_name\" content=\"Rassegna Stampa Cattolica\" \/>\n<meta property=\"article:publisher\" content=\"https:\/\/www.facebook.com\/rassegnastampacattolica\" \/>\n<meta property=\"article:published_time\" content=\"2005-01-20T17:32:09+00:00\" \/>\n<meta property=\"article:modified_time\" content=\"2025-07-06T14:30:33+00:00\" \/>\n<meta property=\"og:image\" content=\"https:\/\/www.rassegnastampa-totustuus.it\/cattolica\/wp-content\/uploads\/2005\/01\/don-Icardi.jpg\" \/>\n\t<meta property=\"og:image:width\" content=\"201\" \/>\n\t<meta property=\"og:image:height\" content=\"251\" \/>\n\t<meta property=\"og:image:type\" content=\"image\/jpeg\" \/>\n<meta name=\"author\" content=\"Redazione\" \/>\n<meta name=\"twitter:card\" content=\"summary_large_image\" \/>\n<meta name=\"twitter:creator\" content=\"@rassegnastampa9\" \/>\n<meta name=\"twitter:site\" content=\"@rassegnastampa9\" \/>\n<meta name=\"twitter:label1\" content=\"Scritto da\" \/>\n\t<meta name=\"twitter:data1\" content=\"Redazione\" \/>\n\t<meta name=\"twitter:label2\" content=\"Tempo di lettura stimato\" \/>\n\t<meta name=\"twitter:data2\" content=\"9 minuti\" \/>\n<script type=\"application\/ld+json\" class=\"yoast-schema-graph\">{\"@context\":\"https:\\\/\\\/schema.org\",\"@graph\":[{\"@type\":\"Article\",\"@id\":\"https:\\\/\\\/www.rassegnastampa-totustuus.it\\\/cattolica\\\/la-resistenza-cannibale\\\/#article\",\"isPartOf\":{\"@id\":\"https:\\\/\\\/www.rassegnastampa-totustuus.it\\\/cattolica\\\/la-resistenza-cannibale\\\/\"},\"author\":{\"name\":\"Redazione\",\"@id\":\"https:\\\/\\\/www.rassegnastampa-totustuus.it\\\/cattolica\\\/#\\\/schema\\\/person\\\/08f319d2bd1a0904ad9e2bfb7b15e5c3\"},\"headline\":\"La resistenza cannibale\",\"datePublished\":\"2005-01-20T17:32:09+00:00\",\"dateModified\":\"2025-07-06T14:30:33+00:00\",\"mainEntityOfPage\":{\"@id\":\"https:\\\/\\\/www.rassegnastampa-totustuus.it\\\/cattolica\\\/la-resistenza-cannibale\\\/\"},\"wordCount\":1458,\"publisher\":{\"@id\":\"https:\\\/\\\/www.rassegnastampa-totustuus.it\\\/cattolica\\\/#organization\"},\"image\":{\"@id\":\"https:\\\/\\\/www.rassegnastampa-totustuus.it\\\/cattolica\\\/la-resistenza-cannibale\\\/#primaryimage\"},\"thumbnailUrl\":\"https:\\\/\\\/www.rassegnastampa-totustuus.it\\\/cattolica\\\/wp-content\\\/uploads\\\/2005\\\/01\\\/don-Icardi.jpg\",\"keywords\":[\"persecuzioni dei cristiani\",\"sacerdoti\"],\"articleSection\":[\"Comunismo in Italia\",\"Cristiani perseguitati\",\"Resistenza\",\"Storia italiana\"],\"inLanguage\":\"it-IT\"},{\"@type\":\"WebPage\",\"@id\":\"https:\\\/\\\/www.rassegnastampa-totustuus.it\\\/cattolica\\\/la-resistenza-cannibale\\\/\",\"url\":\"https:\\\/\\\/www.rassegnastampa-totustuus.it\\\/cattolica\\\/la-resistenza-cannibale\\\/\",\"name\":\"La resistenza cannibale - Rassegna Stampa Cattolica\",\"isPartOf\":{\"@id\":\"https:\\\/\\\/www.rassegnastampa-totustuus.it\\\/cattolica\\\/#website\"},\"primaryImageOfPage\":{\"@id\":\"https:\\\/\\\/www.rassegnastampa-totustuus.it\\\/cattolica\\\/la-resistenza-cannibale\\\/#primaryimage\"},\"image\":{\"@id\":\"https:\\\/\\\/www.rassegnastampa-totustuus.it\\\/cattolica\\\/la-resistenza-cannibale\\\/#primaryimage\"},\"thumbnailUrl\":\"https:\\\/\\\/www.rassegnastampa-totustuus.it\\\/cattolica\\\/wp-content\\\/uploads\\\/2005\\\/01\\\/don-Icardi.jpg\",\"datePublished\":\"2005-01-20T17:32:09+00:00\",\"dateModified\":\"2025-07-06T14:30:33+00:00\",\"description\":\"La resistenza cannibale. In pi\u00f9 casi la lotta per la liberazione non ha avuto piet\u00e0 dei suoi stessi aderenti.\",\"breadcrumb\":{\"@id\":\"https:\\\/\\\/www.rassegnastampa-totustuus.it\\\/cattolica\\\/la-resistenza-cannibale\\\/#breadcrumb\"},\"inLanguage\":\"it-IT\",\"potentialAction\":[{\"@type\":\"ReadAction\",\"target\":[\"https:\\\/\\\/www.rassegnastampa-totustuus.it\\\/cattolica\\\/la-resistenza-cannibale\\\/\"]}]},{\"@type\":\"ImageObject\",\"inLanguage\":\"it-IT\",\"@id\":\"https:\\\/\\\/www.rassegnastampa-totustuus.it\\\/cattolica\\\/la-resistenza-cannibale\\\/#primaryimage\",\"url\":\"https:\\\/\\\/www.rassegnastampa-totustuus.it\\\/cattolica\\\/wp-content\\\/uploads\\\/2005\\\/01\\\/don-Icardi.jpg\",\"contentUrl\":\"https:\\\/\\\/www.rassegnastampa-totustuus.it\\\/cattolica\\\/wp-content\\\/uploads\\\/2005\\\/01\\\/don-Icardi.jpg\",\"width\":201,\"height\":251},{\"@type\":\"BreadcrumbList\",\"@id\":\"https:\\\/\\\/www.rassegnastampa-totustuus.it\\\/cattolica\\\/la-resistenza-cannibale\\\/#breadcrumb\",\"itemListElement\":[{\"@type\":\"ListItem\",\"position\":1,\"name\":\"Home\",\"item\":\"https:\\\/\\\/www.rassegnastampa-totustuus.it\\\/cattolica\\\/\"},{\"@type\":\"ListItem\",\"position\":2,\"name\":\"La resistenza cannibale\"}]},{\"@type\":\"WebSite\",\"@id\":\"https:\\\/\\\/www.rassegnastampa-totustuus.it\\\/cattolica\\\/#website\",\"url\":\"https:\\\/\\\/www.rassegnastampa-totustuus.it\\\/cattolica\\\/\",\"name\":\"Rassegna Stampa Cattolica\",\"description\":\"Per una cultura che nasce dalla Rivelazione cristiana in conformit\u00e0 alla tradizione e al Magistero della Chiesa in opposizione ad ogni relativismo e totalitarismo\",\"publisher\":{\"@id\":\"https:\\\/\\\/www.rassegnastampa-totustuus.it\\\/cattolica\\\/#organization\"},\"alternateName\":\"Rass. Cattolica\",\"potentialAction\":[{\"@type\":\"SearchAction\",\"target\":{\"@type\":\"EntryPoint\",\"urlTemplate\":\"https:\\\/\\\/www.rassegnastampa-totustuus.it\\\/cattolica\\\/?s={search_term_string}\"},\"query-input\":{\"@type\":\"PropertyValueSpecification\",\"valueRequired\":true,\"valueName\":\"search_term_string\"}}],\"inLanguage\":\"it-IT\"},{\"@type\":\"Organization\",\"@id\":\"https:\\\/\\\/www.rassegnastampa-totustuus.it\\\/cattolica\\\/#organization\",\"name\":\"Rassegna Stampa Cattolica\",\"url\":\"https:\\\/\\\/www.rassegnastampa-totustuus.it\\\/cattolica\\\/\",\"logo\":{\"@type\":\"ImageObject\",\"inLanguage\":\"it-IT\",\"@id\":\"https:\\\/\\\/www.rassegnastampa-totustuus.it\\\/cattolica\\\/#\\\/schema\\\/logo\\\/image\\\/\",\"url\":\"https:\\\/\\\/www.rassegnastampa-totustuus.it\\\/cattolica\\\/wp-content\\\/uploads\\\/2014\\\/04\\\/logo-rassegna1.gif\",\"contentUrl\":\"https:\\\/\\\/www.rassegnastampa-totustuus.it\\\/cattolica\\\/wp-content\\\/uploads\\\/2014\\\/04\\\/logo-rassegna1.gif\",\"width\":600,\"height\":163,\"caption\":\"Rassegna Stampa Cattolica\"},\"image\":{\"@id\":\"https:\\\/\\\/www.rassegnastampa-totustuus.it\\\/cattolica\\\/#\\\/schema\\\/logo\\\/image\\\/\"},\"sameAs\":[\"https:\\\/\\\/www.facebook.com\\\/rassegnastampacattolica\",\"https:\\\/\\\/x.com\\\/rassegnastampa9\"]},{\"@type\":\"Person\",\"@id\":\"https:\\\/\\\/www.rassegnastampa-totustuus.it\\\/cattolica\\\/#\\\/schema\\\/person\\\/08f319d2bd1a0904ad9e2bfb7b15e5c3\",\"name\":\"Redazione\",\"image\":{\"@type\":\"ImageObject\",\"inLanguage\":\"it-IT\",\"@id\":\"https:\\\/\\\/secure.gravatar.com\\\/avatar\\\/2fcdf27c78ea025fbdb44e914cc63c72249ffec9dc8aafd5c82b26240ef3f346?s=96&d=mm&r=g\",\"url\":\"https:\\\/\\\/secure.gravatar.com\\\/avatar\\\/2fcdf27c78ea025fbdb44e914cc63c72249ffec9dc8aafd5c82b26240ef3f346?s=96&d=mm&r=g\",\"contentUrl\":\"https:\\\/\\\/secure.gravatar.com\\\/avatar\\\/2fcdf27c78ea025fbdb44e914cc63c72249ffec9dc8aafd5c82b26240ef3f346?s=96&d=mm&r=g\",\"caption\":\"Redazione\"},\"url\":\"https:\\\/\\\/www.rassegnastampa-totustuus.it\\\/cattolica\\\/author\\\/pietroelle\\\/\"}]}<\/script>\n<!-- \/ Yoast SEO plugin. -->","yoast_head_json":{"title":"La resistenza cannibale - Rassegna Stampa Cattolica","description":"La resistenza cannibale. In pi\u00f9 casi la lotta per la liberazione non ha avuto piet\u00e0 dei suoi stessi aderenti.","robots":{"index":"index","follow":"follow","max-snippet":"max-snippet:-1","max-image-preview":"max-image-preview:large","max-video-preview":"max-video-preview:-1"},"canonical":"https:\/\/www.rassegnastampa-totustuus.it\/cattolica\/la-resistenza-cannibale\/","og_locale":"it_IT","og_type":"article","og_title":"La resistenza cannibale - Rassegna Stampa Cattolica","og_description":"La resistenza cannibale. In pi\u00f9 casi la lotta per la liberazione non ha avuto piet\u00e0 dei suoi stessi aderenti.","og_url":"https:\/\/www.rassegnastampa-totustuus.it\/cattolica\/la-resistenza-cannibale\/","og_site_name":"Rassegna Stampa Cattolica","article_publisher":"https:\/\/www.facebook.com\/rassegnastampacattolica","article_published_time":"2005-01-20T17:32:09+00:00","article_modified_time":"2025-07-06T14:30:33+00:00","og_image":[{"width":201,"height":251,"url":"https:\/\/www.rassegnastampa-totustuus.it\/cattolica\/wp-content\/uploads\/2005\/01\/don-Icardi.jpg","type":"image\/jpeg"}],"author":"Redazione","twitter_card":"summary_large_image","twitter_creator":"@rassegnastampa9","twitter_site":"@rassegnastampa9","twitter_misc":{"Scritto da":"Redazione","Tempo di lettura stimato":"9 minuti"},"schema":{"@context":"https:\/\/schema.org","@graph":[{"@type":"Article","@id":"https:\/\/www.rassegnastampa-totustuus.it\/cattolica\/la-resistenza-cannibale\/#article","isPartOf":{"@id":"https:\/\/www.rassegnastampa-totustuus.it\/cattolica\/la-resistenza-cannibale\/"},"author":{"name":"Redazione","@id":"https:\/\/www.rassegnastampa-totustuus.it\/cattolica\/#\/schema\/person\/08f319d2bd1a0904ad9e2bfb7b15e5c3"},"headline":"La resistenza cannibale","datePublished":"2005-01-20T17:32:09+00:00","dateModified":"2025-07-06T14:30:33+00:00","mainEntityOfPage":{"@id":"https:\/\/www.rassegnastampa-totustuus.it\/cattolica\/la-resistenza-cannibale\/"},"wordCount":1458,"publisher":{"@id":"https:\/\/www.rassegnastampa-totustuus.it\/cattolica\/#organization"},"image":{"@id":"https:\/\/www.rassegnastampa-totustuus.it\/cattolica\/la-resistenza-cannibale\/#primaryimage"},"thumbnailUrl":"https:\/\/www.rassegnastampa-totustuus.it\/cattolica\/wp-content\/uploads\/2005\/01\/don-Icardi.jpg","keywords":["persecuzioni dei cristiani","sacerdoti"],"articleSection":["Comunismo in Italia","Cristiani perseguitati","Resistenza","Storia italiana"],"inLanguage":"it-IT"},{"@type":"WebPage","@id":"https:\/\/www.rassegnastampa-totustuus.it\/cattolica\/la-resistenza-cannibale\/","url":"https:\/\/www.rassegnastampa-totustuus.it\/cattolica\/la-resistenza-cannibale\/","name":"La resistenza cannibale - Rassegna Stampa Cattolica","isPartOf":{"@id":"https:\/\/www.rassegnastampa-totustuus.it\/cattolica\/#website"},"primaryImageOfPage":{"@id":"https:\/\/www.rassegnastampa-totustuus.it\/cattolica\/la-resistenza-cannibale\/#primaryimage"},"image":{"@id":"https:\/\/www.rassegnastampa-totustuus.it\/cattolica\/la-resistenza-cannibale\/#primaryimage"},"thumbnailUrl":"https:\/\/www.rassegnastampa-totustuus.it\/cattolica\/wp-content\/uploads\/2005\/01\/don-Icardi.jpg","datePublished":"2005-01-20T17:32:09+00:00","dateModified":"2025-07-06T14:30:33+00:00","description":"La resistenza cannibale. In pi\u00f9 casi la lotta per la liberazione non ha avuto piet\u00e0 dei suoi stessi aderenti.","breadcrumb":{"@id":"https:\/\/www.rassegnastampa-totustuus.it\/cattolica\/la-resistenza-cannibale\/#breadcrumb"},"inLanguage":"it-IT","potentialAction":[{"@type":"ReadAction","target":["https:\/\/www.rassegnastampa-totustuus.it\/cattolica\/la-resistenza-cannibale\/"]}]},{"@type":"ImageObject","inLanguage":"it-IT","@id":"https:\/\/www.rassegnastampa-totustuus.it\/cattolica\/la-resistenza-cannibale\/#primaryimage","url":"https:\/\/www.rassegnastampa-totustuus.it\/cattolica\/wp-content\/uploads\/2005\/01\/don-Icardi.jpg","contentUrl":"https:\/\/www.rassegnastampa-totustuus.it\/cattolica\/wp-content\/uploads\/2005\/01\/don-Icardi.jpg","width":201,"height":251},{"@type":"BreadcrumbList","@id":"https:\/\/www.rassegnastampa-totustuus.it\/cattolica\/la-resistenza-cannibale\/#breadcrumb","itemListElement":[{"@type":"ListItem","position":1,"name":"Home","item":"https:\/\/www.rassegnastampa-totustuus.it\/cattolica\/"},{"@type":"ListItem","position":2,"name":"La resistenza cannibale"}]},{"@type":"WebSite","@id":"https:\/\/www.rassegnastampa-totustuus.it\/cattolica\/#website","url":"https:\/\/www.rassegnastampa-totustuus.it\/cattolica\/","name":"Rassegna Stampa Cattolica","description":"Per una cultura che nasce dalla Rivelazione cristiana in conformit\u00e0 alla tradizione e al Magistero della Chiesa in opposizione ad ogni relativismo e totalitarismo","publisher":{"@id":"https:\/\/www.rassegnastampa-totustuus.it\/cattolica\/#organization"},"alternateName":"Rass. Cattolica","potentialAction":[{"@type":"SearchAction","target":{"@type":"EntryPoint","urlTemplate":"https:\/\/www.rassegnastampa-totustuus.it\/cattolica\/?s={search_term_string}"},"query-input":{"@type":"PropertyValueSpecification","valueRequired":true,"valueName":"search_term_string"}}],"inLanguage":"it-IT"},{"@type":"Organization","@id":"https:\/\/www.rassegnastampa-totustuus.it\/cattolica\/#organization","name":"Rassegna Stampa Cattolica","url":"https:\/\/www.rassegnastampa-totustuus.it\/cattolica\/","logo":{"@type":"ImageObject","inLanguage":"it-IT","@id":"https:\/\/www.rassegnastampa-totustuus.it\/cattolica\/#\/schema\/logo\/image\/","url":"https:\/\/www.rassegnastampa-totustuus.it\/cattolica\/wp-content\/uploads\/2014\/04\/logo-rassegna1.gif","contentUrl":"https:\/\/www.rassegnastampa-totustuus.it\/cattolica\/wp-content\/uploads\/2014\/04\/logo-rassegna1.gif","width":600,"height":163,"caption":"Rassegna Stampa Cattolica"},"image":{"@id":"https:\/\/www.rassegnastampa-totustuus.it\/cattolica\/#\/schema\/logo\/image\/"},"sameAs":["https:\/\/www.facebook.com\/rassegnastampacattolica","https:\/\/x.com\/rassegnastampa9"]},{"@type":"Person","@id":"https:\/\/www.rassegnastampa-totustuus.it\/cattolica\/#\/schema\/person\/08f319d2bd1a0904ad9e2bfb7b15e5c3","name":"Redazione","image":{"@type":"ImageObject","inLanguage":"it-IT","@id":"https:\/\/secure.gravatar.com\/avatar\/2fcdf27c78ea025fbdb44e914cc63c72249ffec9dc8aafd5c82b26240ef3f346?s=96&d=mm&r=g","url":"https:\/\/secure.gravatar.com\/avatar\/2fcdf27c78ea025fbdb44e914cc63c72249ffec9dc8aafd5c82b26240ef3f346?s=96&d=mm&r=g","contentUrl":"https:\/\/secure.gravatar.com\/avatar\/2fcdf27c78ea025fbdb44e914cc63c72249ffec9dc8aafd5c82b26240ef3f346?s=96&d=mm&r=g","caption":"Redazione"},"url":"https:\/\/www.rassegnastampa-totustuus.it\/cattolica\/author\/pietroelle\/"}]}},"_links":{"self":[{"href":"https:\/\/www.rassegnastampa-totustuus.it\/cattolica\/wp-json\/wp\/v2\/posts\/317","targetHints":{"allow":["GET"]}}],"collection":[{"href":"https:\/\/www.rassegnastampa-totustuus.it\/cattolica\/wp-json\/wp\/v2\/posts"}],"about":[{"href":"https:\/\/www.rassegnastampa-totustuus.it\/cattolica\/wp-json\/wp\/v2\/types\/post"}],"author":[{"embeddable":true,"href":"https:\/\/www.rassegnastampa-totustuus.it\/cattolica\/wp-json\/wp\/v2\/users\/6"}],"replies":[{"embeddable":true,"href":"https:\/\/www.rassegnastampa-totustuus.it\/cattolica\/wp-json\/wp\/v2\/comments?post=317"}],"version-history":[{"count":6,"href":"https:\/\/www.rassegnastampa-totustuus.it\/cattolica\/wp-json\/wp\/v2\/posts\/317\/revisions"}],"predecessor-version":[{"id":62962,"href":"https:\/\/www.rassegnastampa-totustuus.it\/cattolica\/wp-json\/wp\/v2\/posts\/317\/revisions\/62962"}],"wp:featuredmedia":[{"embeddable":true,"href":"https:\/\/www.rassegnastampa-totustuus.it\/cattolica\/wp-json\/wp\/v2\/media\/30865"}],"wp:attachment":[{"href":"https:\/\/www.rassegnastampa-totustuus.it\/cattolica\/wp-json\/wp\/v2\/media?parent=317"}],"wp:term":[{"taxonomy":"category","embeddable":true,"href":"https:\/\/www.rassegnastampa-totustuus.it\/cattolica\/wp-json\/wp\/v2\/categories?post=317"},{"taxonomy":"post_tag","embeddable":true,"href":"https:\/\/www.rassegnastampa-totustuus.it\/cattolica\/wp-json\/wp\/v2\/tags?post=317"}],"curies":[{"name":"wp","href":"https:\/\/api.w.org\/{rel}","templated":true}]}}