{"id":3163,"date":"2009-04-24T12:34:16","date_gmt":"2009-04-24T10:34:16","guid":{"rendered":""},"modified":"2015-11-11T15:30:32","modified_gmt":"2015-11-11T14:30:32","slug":"la-droga-del-terrore","status":"publish","type":"post","link":"https:\/\/www.rassegnastampa-totustuus.it\/cattolica\/la-droga-del-terrore\/","title":{"rendered":"La droga del terrore"},"content":{"rendered":"<div style=\"text-align: center;\"><strong><a href=\"https:\/\/www.rassegnastampa-totustuus.it\/cattolica\/wp-content\/uploads\/2009\/04\/arresto.jpg\"><img loading=\"lazy\" decoding=\"async\" class=\"alignleft wp-image-27437\" src=\"https:\/\/www.rassegnastampa-totustuus.it\/cattolica\/wp-content\/uploads\/2009\/04\/arresto.jpg\" alt=\"arresto\" width=\"250\" height=\"166\" \/><\/a>Tempi,<\/strong> 29 maggio 2008<\/div>\n<p style=\"text-align: justify;\"><em>Dalle conversazioni intercettate tra una banda di spacciatori tunisini e una cellula jihadista emerge un mondo parallelo che vive per la guerra santa e sa come ottenere quel che vuole<\/em><\/p>\n<p style=\"text-align: center;\">di <strong>Luigi Amicone<\/strong><\/p>\n<p><!--more--><\/p>\n<div style=\"text-align: justify;\">A Clementina Forleo saranno fischiate di nuovo le orecchie. Una di quelle brave persone che aveva mandato assolte come \u201cguerriglieri\u201d dall\u2019accusa di terrorismo internazionale \u00e8 di nuovo nei guai. Fino al collo. La brava persona in questione si chiama Bouyahia Maher Ben Abdelaziz.<\/div>\n<p style=\"text-align: justify;\">Marted\u00ec 20 maggio \u00e8 stato raggiunto da un\u2019ennesima ordinanza di custodia cautelare. In carcere. Dove lui e sui fratello Hammadi stanno gi\u00e0 scontando sei anni di reclusione per partecipazione ad associazione con finalit\u00e0 di terrorismo e immigrazione illegale aggravata dalla finalit\u00e0 di terrorismo.<\/p>\n<p style=\"text-align: justify;\">Tra il 2006 e il 2007, avevano entrambi approfittato delle maglie larghe della giustizia italiana. E per una ragione o per l\u2019altra (attesa di sentenza definitiva o indulto) erano riusciti a sottrarsi al carcere. Poi, agli inizi di quest\u2019anno, erano finiti dietro le sbarre per associazione terroristica.<\/p>\n<p style=\"text-align: justify;\">Ora sono anche accusati di traffico e spaccio di stupefacenti (eroina, cocaina, hashish, marijuana). L\u2019indagine \u00e8 stata coordinata dal pm Maurizio Romanelli e dal dirigente Digos Bruno Megale. Mentre l\u2019ordinanza che, oltre ai Bouyahia gi\u00e0 detenuti, il 20 maggio ha portato all\u2019arresto di diciannove persone (altre quattro sono ricercate), per la maggior parte tunisini, \u00e8 stata firmata dal gip Giuseppe Gennari.<\/p>\n<p style=\"text-align: justify;\">E dire che l\u2019indagine \u00e8 nata per caso. Grazie all\u2019\u201cattenzione\u201d che la Digos non ha mai smesso di riservare ai Bouyahia e a un altro paio di loro soci che puntualmente entravano e uscivano dalle patrie galere. Cos\u00ec, come si legge nell\u2019ordinanza del gip, \u00e8 stata scoperta \u00abl\u2019esistenza di una parallela associazione criminale, finalizzata al traffico di stupefacenti, alla quale partecipano i fratelli Bouyahia e Hamraoui Kamal, con il dichiarato intento di recuperare capitali da investire, verosimilmente, nella \u201cmissione\u201d di fede\u00bb.<\/p>\n<p style=\"text-align: justify;\">Per il momento i magistrati hanno raccolto riscontri schiaccianti per il reato di traffico di droga. Ma non la pistola fumante dello spaccio finalizzato al jihad, la prova definitiva che le ingenti somme (uno degli arrestati aveva in casa 20 mila euro liquidi) servissero per finanziare le cellule internazionali del terrore islamico.<\/p>\n<p style=\"text-align: justify;\">\u00abTuttavia il peculiare fenomeno del saldarsi di criminalit\u00e0 tradizionale con criminalit\u00e0 di matrice estremistica islamica \u2013 scrive il gip \u2013 rappresenta un risultato di assoluto rilievo e denota la capacit\u00e0 (e volont\u00e0) di soggetti come i Bouyahia e Hamraoui Kamal di contaminare la loro azione, mescolandosi a delinquenti comuni, pur di raccogliere rilevanti fondi da utilizzare e investire\u00bb.<\/p>\n<p style=\"text-align: justify;\">Sono ragazzi tosti questi tunisini. Fanno proselitismo e si abbeverano dei sermoni di imam come Yusuf al Qaradawi. Sono informati di come vanno le cose ai \u201cfratelli\u201d in Iraq e propagandano ai compagni di prigionia che \u00abtutti i nostri fratelli che hanno abbracciato il jihad stanno vincendo\u00bb.<\/p>\n<p style=\"text-align: justify;\">Li consolano insegnando che \u00abse il carcere serve per imparare a memoria il Corano, ben venga\u00bb. E se mantengono dritta la barra della religione, il cuore della loro devozione sta nell\u2019ideologia dell\u2019odio e della guerra. Specie se l\u2019infedele \u00e8 il magistrato noto per le indagini antiterrorismo. \u00abDambruoso, Ramondini\u2026 sono proprio figli di cane\u2026 Dambruoso \u00e8 un nemico di Dio\u2026 sarebbe pi\u00f9 bello se uno gli tira di qua\u2026 Tak Tak\u00bb. Ovvero una pistolettata.<\/p>\n<p style=\"text-align: justify;\">Conoscono molto bene le leggi italiane e sanno sfruttare \u201cper il bene della causa\u201d tanto i rapporti di Amnesty International sul nostro paese quanto le procedure europee che consentono di bloccare le espulsioni dai paesi dell\u2019Unione. \u00abNoi non abbiamo nulla da perdere \u2013 si dicono senza sapere di essere intercettati \u2013 dobbiamo solo presentare una richiesta alla Corte europea\u00bb.<\/p>\n<p style=\"text-align: justify;\">Altrove Maher tranquillizza suo fratello sia per quanto riguarda l\u2019assistenza sanitaria italiana (\u00abPerch\u00e9 non vai dal nostro fratello egiziano?\u00bb. \u00abNo no, io vado all\u2019ospedale gratuitamente\u00bb), sia per i buoni uffici dell\u2019avvocatessa (\u00abGliela blocca subito la sua espulsione\u2026 Mi ha detto che lei gli ha preparato tutto il suo fascicolo per il Tribunale della comunit\u00e0 europea, ma bisogna che prima lo arrestino, cos\u00ec lei pu\u00f2 intervenire e mandare tutto alla Corte europea\u00bb).<\/p>\n<p style=\"text-align: justify;\">E i Bouyahia possono contare su una efficiente rete europea alla quale rivolgersi per promuovere azioni presso la Corte e ottenere consulenza legale. Male che vada, per restare tranquilli in Italia ci si pu\u00f2 sempre comprare una moglie. Magari pure con figlio a carico. \u00abE Lotfi?\u00bb, chiede l\u2019intercettato Maher ad Hammadi riferendo di un \u201cfratello\u201d che ha difficolt\u00e0 a rimanere legalmente nel nostro paese.<\/p>\n<p style=\"text-align: justify;\">\u00ab\u00c8 confuso, depresso \u2013 risponde Hammadi \u2013 tu non puoi trovargli una donna, magari con un figlio, che lui riconosce anche a pagamento? Anche se italiana va benissimo\u00bb. \u00abPosso vedere con una marocchina \u2013 dice Maher \u2013 ma anche a pagamento?\u00bb. \u00abS\u00ec, s\u00ec, paga\u00bb, conclude il fratello.<\/p>\n<p style=\"text-align: justify;\">\u00c8 sulla droga che ogni tanto cade anche l\u2019islamista fervente. Interessante, ad esempio, che in un\u2019intercettazione del 27 marzo 2007, quella in cui comincia a emergere lo strano connubio tra \u201cguerra santa\u201d e spaccio di eroina, uno dei fratelli, Hammadi, cerchi di convincere l\u2019altro a non schifare la compagnia dei delinquenti comuni: \u00abE non cominciare a dirmi che \u00e8 peccato, che non va bene, che Dio punisce\u2026 non fare il filosofo con me\u2026 e non fare il moralista\u2026 questa \u00e8 la regola, se c\u2019\u00e8 un progetto si fa con tutti ma ognuno ha il suo compito. Purtroppo \u00e8 un momento cos\u00ec. Per favore, non dirmi n\u00e9 no no no, n\u00e9 s\u00ec s\u00ec s\u00ec, mi basta solo un s\u00ec\u2026 s\u00ec e basta!\u00bb.<\/p>\n<p style=\"text-align: justify;\"><strong>\u00abCi conoscono perfettamente\u00bb<\/strong><\/p>\n<p style=\"text-align: justify;\">Si capisce che il brodo di coltura in cui queste cellule prolificano \u00e8 la strada, il carcere, la citt\u00e0 della notte. Si muovono a loro agio nelle pieghe di una societ\u00e0 di cui conoscono molto bene civilt\u00e0 e garanzie giuridiche, ma che \u00e8 stato loro insegnato a vivere con senso di frustrazione, separatezza, sguardo d\u2019odio.<\/p>\n<p style=\"text-align: justify;\">Dissimulano e si esercitano a rimanere freddi e tranquilli anche se presi come il gatto col topo in bocca. \u00abNon immaginiamoci chiss\u00e0 quali organizzazioni\u00bb, dice a Tempi il capo della Digos milanese Bruno Megale, uno dei numeri uno dell\u2019antiterrorismo italiano. \u00abSi tratta piuttosto di piccole cellule, organizzate artigianalmente, che vivono magari con quattro soldi, facendo non pochi sacrifici, quasi come asceti\u00bb.<\/p>\n<p style=\"text-align: justify;\">Il problema sono gli imam estremisti. Quelli che lavano il cervello ai giovani. \u00abLa pericolosit\u00e0 di questi piccoli nuclei sta nel fatto che hanno comunque reti e referenti in ogni parte del mondo. E si muovono con estrema facilit\u00e0 in Europa. Oggi in Italia, domani in Belgio, dopodomani a Parigi e poi di nuovo in Italia, tra Milano, Brescia, Pisa, come nel caso di questa banda, dimostrando un\u2019ottima conoscenza del territorio e, soprattutto, essendo molto avvertiti non solo rispetto alle forze dell\u2019ordine, ma anche sulle leggi, le abitudini e la mentalit\u00e0 degli italiani\u00bb.<\/p>\n<p style=\"text-align: justify;\">A proposito, cos\u2019\u00e8 l\u2019Italia agli occhi dei tunisini della banda Bouyahia? Lo dicono loro stessi in una delle conversazioni intercettate: \u00abL\u2019Italia \u00e8 il paese dei balocchi\u00bb.<\/p>\n<p style=\"text-align: justify;\">(A.C. Valdera)<\/p>\n","protected":false},"excerpt":{"rendered":"<p>Tempi, 29 maggio 2008 Dalle conversazioni intercettate tra una banda di spacciatori tunisini e una cellula jihadista emerge un mondo parallelo che vive per la guerra santa e sa come ottenere quel che vuole di Luigi Amicone<\/p><p><a class=\"more-link btn\" href=\"https:\/\/www.rassegnastampa-totustuus.it\/cattolica\/la-droga-del-terrore\/\">Continua a leggere<\/a><\/p>\n","protected":false},"author":6,"featured_media":27437,"comment_status":"closed","ping_status":"open","sticky":false,"template":"","format":"standard","meta":{"footnotes":""},"categories":[16,35],"tags":[2391],"class_list":["post-3163","post","type-post","status-publish","format-standard","has-post-thumbnail","hentry","category-islam","category-islam-in-italia","tag-islam-in-italia","item-wrap"],"yoast_head":"<!-- This site is optimized with the Yoast SEO plugin v27.5 - https:\/\/yoast.com\/product\/yoast-seo-wordpress\/ -->\n<title>La droga del terrore - Rassegna Stampa Cattolica<\/title>\n<meta name=\"description\" content=\"Rassegna Stampa Cattolica - Per una cultura che nasce dalla Rivelazione cristiana in conformit\u00e0 alla tradizione e al Magistero della Chiesa in opposizione ad ogni relativismo e totalitarismo\" \/>\n<meta name=\"robots\" content=\"index, follow, max-snippet:-1, max-image-preview:large, max-video-preview:-1\" \/>\n<link rel=\"canonical\" href=\"https:\/\/www.rassegnastampa-totustuus.it\/cattolica\/la-droga-del-terrore\/\" \/>\n<meta property=\"og:locale\" content=\"it_IT\" \/>\n<meta property=\"og:type\" content=\"article\" \/>\n<meta property=\"og:title\" content=\"La droga del terrore - Rassegna Stampa Cattolica\" \/>\n<meta property=\"og:description\" content=\"Rassegna Stampa Cattolica - Per una cultura che nasce dalla Rivelazione cristiana in conformit\u00e0 alla tradizione e al Magistero della Chiesa in opposizione ad ogni relativismo e totalitarismo\" \/>\n<meta property=\"og:url\" content=\"https:\/\/www.rassegnastampa-totustuus.it\/cattolica\/la-droga-del-terrore\/\" \/>\n<meta property=\"og:site_name\" content=\"Rassegna Stampa Cattolica\" \/>\n<meta property=\"article:publisher\" content=\"https:\/\/www.facebook.com\/rassegnastampacattolica\" \/>\n<meta property=\"article:published_time\" content=\"2009-04-24T10:34:16+00:00\" \/>\n<meta property=\"article:modified_time\" content=\"2015-11-11T14:30:32+00:00\" \/>\n<meta property=\"og:image\" content=\"https:\/\/www.rassegnastampa-totustuus.it\/cattolica\/wp-content\/uploads\/2009\/04\/arresto.jpg\" \/>\n\t<meta property=\"og:image:width\" content=\"275\" \/>\n\t<meta property=\"og:image:height\" content=\"183\" \/>\n\t<meta property=\"og:image:type\" content=\"image\/jpeg\" \/>\n<meta name=\"author\" content=\"Redazione\" \/>\n<meta name=\"twitter:card\" content=\"summary_large_image\" \/>\n<meta name=\"twitter:creator\" content=\"@rassegnastampa9\" \/>\n<meta name=\"twitter:site\" content=\"@rassegnastampa9\" \/>\n<meta name=\"twitter:label1\" content=\"Scritto da\" \/>\n\t<meta name=\"twitter:data1\" content=\"Redazione\" \/>\n\t<meta name=\"twitter:label2\" content=\"Tempo di lettura stimato\" \/>\n\t<meta name=\"twitter:data2\" content=\"6 minuti\" \/>\n<script type=\"application\/ld+json\" class=\"yoast-schema-graph\">{\"@context\":\"https:\\\/\\\/schema.org\",\"@graph\":[{\"@type\":\"Article\",\"@id\":\"https:\\\/\\\/www.rassegnastampa-totustuus.it\\\/cattolica\\\/la-droga-del-terrore\\\/#article\",\"isPartOf\":{\"@id\":\"https:\\\/\\\/www.rassegnastampa-totustuus.it\\\/cattolica\\\/la-droga-del-terrore\\\/\"},\"author\":{\"name\":\"Redazione\",\"@id\":\"https:\\\/\\\/www.rassegnastampa-totustuus.it\\\/cattolica\\\/#\\\/schema\\\/person\\\/08f319d2bd1a0904ad9e2bfb7b15e5c3\"},\"headline\":\"La droga del terrore\",\"datePublished\":\"2009-04-24T10:34:16+00:00\",\"dateModified\":\"2015-11-11T14:30:32+00:00\",\"mainEntityOfPage\":{\"@id\":\"https:\\\/\\\/www.rassegnastampa-totustuus.it\\\/cattolica\\\/la-droga-del-terrore\\\/\"},\"wordCount\":1144,\"publisher\":{\"@id\":\"https:\\\/\\\/www.rassegnastampa-totustuus.it\\\/cattolica\\\/#organization\"},\"image\":{\"@id\":\"https:\\\/\\\/www.rassegnastampa-totustuus.it\\\/cattolica\\\/la-droga-del-terrore\\\/#primaryimage\"},\"thumbnailUrl\":\"https:\\\/\\\/www.rassegnastampa-totustuus.it\\\/cattolica\\\/wp-content\\\/uploads\\\/2009\\\/04\\\/arresto.jpg\",\"keywords\":[\"Islam in Italia\"],\"articleSection\":[\"Islam\",\"Islam in Italia\"],\"inLanguage\":\"it-IT\"},{\"@type\":\"WebPage\",\"@id\":\"https:\\\/\\\/www.rassegnastampa-totustuus.it\\\/cattolica\\\/la-droga-del-terrore\\\/\",\"url\":\"https:\\\/\\\/www.rassegnastampa-totustuus.it\\\/cattolica\\\/la-droga-del-terrore\\\/\",\"name\":\"La droga del terrore - Rassegna Stampa Cattolica\",\"isPartOf\":{\"@id\":\"https:\\\/\\\/www.rassegnastampa-totustuus.it\\\/cattolica\\\/#website\"},\"primaryImageOfPage\":{\"@id\":\"https:\\\/\\\/www.rassegnastampa-totustuus.it\\\/cattolica\\\/la-droga-del-terrore\\\/#primaryimage\"},\"image\":{\"@id\":\"https:\\\/\\\/www.rassegnastampa-totustuus.it\\\/cattolica\\\/la-droga-del-terrore\\\/#primaryimage\"},\"thumbnailUrl\":\"https:\\\/\\\/www.rassegnastampa-totustuus.it\\\/cattolica\\\/wp-content\\\/uploads\\\/2009\\\/04\\\/arresto.jpg\",\"datePublished\":\"2009-04-24T10:34:16+00:00\",\"dateModified\":\"2015-11-11T14:30:32+00:00\",\"description\":\"Rassegna Stampa Cattolica - Per una cultura che nasce dalla Rivelazione cristiana in conformit\u00e0 alla tradizione e al Magistero della Chiesa in opposizione ad ogni relativismo e totalitarismo\",\"breadcrumb\":{\"@id\":\"https:\\\/\\\/www.rassegnastampa-totustuus.it\\\/cattolica\\\/la-droga-del-terrore\\\/#breadcrumb\"},\"inLanguage\":\"it-IT\",\"potentialAction\":[{\"@type\":\"ReadAction\",\"target\":[\"https:\\\/\\\/www.rassegnastampa-totustuus.it\\\/cattolica\\\/la-droga-del-terrore\\\/\"]}]},{\"@type\":\"ImageObject\",\"inLanguage\":\"it-IT\",\"@id\":\"https:\\\/\\\/www.rassegnastampa-totustuus.it\\\/cattolica\\\/la-droga-del-terrore\\\/#primaryimage\",\"url\":\"https:\\\/\\\/www.rassegnastampa-totustuus.it\\\/cattolica\\\/wp-content\\\/uploads\\\/2009\\\/04\\\/arresto.jpg\",\"contentUrl\":\"https:\\\/\\\/www.rassegnastampa-totustuus.it\\\/cattolica\\\/wp-content\\\/uploads\\\/2009\\\/04\\\/arresto.jpg\",\"width\":275,\"height\":183},{\"@type\":\"BreadcrumbList\",\"@id\":\"https:\\\/\\\/www.rassegnastampa-totustuus.it\\\/cattolica\\\/la-droga-del-terrore\\\/#breadcrumb\",\"itemListElement\":[{\"@type\":\"ListItem\",\"position\":1,\"name\":\"Home\",\"item\":\"https:\\\/\\\/www.rassegnastampa-totustuus.it\\\/cattolica\\\/\"},{\"@type\":\"ListItem\",\"position\":2,\"name\":\"La droga del terrore\"}]},{\"@type\":\"WebSite\",\"@id\":\"https:\\\/\\\/www.rassegnastampa-totustuus.it\\\/cattolica\\\/#website\",\"url\":\"https:\\\/\\\/www.rassegnastampa-totustuus.it\\\/cattolica\\\/\",\"name\":\"Rassegna Stampa Cattolica\",\"description\":\"Per una cultura che nasce dalla Rivelazione cristiana in conformit\u00e0 alla tradizione e al Magistero della Chiesa in opposizione ad ogni relativismo e totalitarismo\",\"publisher\":{\"@id\":\"https:\\\/\\\/www.rassegnastampa-totustuus.it\\\/cattolica\\\/#organization\"},\"alternateName\":\"Rass. Cattolica\",\"potentialAction\":[{\"@type\":\"SearchAction\",\"target\":{\"@type\":\"EntryPoint\",\"urlTemplate\":\"https:\\\/\\\/www.rassegnastampa-totustuus.it\\\/cattolica\\\/?s={search_term_string}\"},\"query-input\":{\"@type\":\"PropertyValueSpecification\",\"valueRequired\":true,\"valueName\":\"search_term_string\"}}],\"inLanguage\":\"it-IT\"},{\"@type\":\"Organization\",\"@id\":\"https:\\\/\\\/www.rassegnastampa-totustuus.it\\\/cattolica\\\/#organization\",\"name\":\"Rassegna Stampa Cattolica\",\"url\":\"https:\\\/\\\/www.rassegnastampa-totustuus.it\\\/cattolica\\\/\",\"logo\":{\"@type\":\"ImageObject\",\"inLanguage\":\"it-IT\",\"@id\":\"https:\\\/\\\/www.rassegnastampa-totustuus.it\\\/cattolica\\\/#\\\/schema\\\/logo\\\/image\\\/\",\"url\":\"https:\\\/\\\/www.rassegnastampa-totustuus.it\\\/cattolica\\\/wp-content\\\/uploads\\\/2014\\\/04\\\/logo-rassegna1.gif\",\"contentUrl\":\"https:\\\/\\\/www.rassegnastampa-totustuus.it\\\/cattolica\\\/wp-content\\\/uploads\\\/2014\\\/04\\\/logo-rassegna1.gif\",\"width\":600,\"height\":163,\"caption\":\"Rassegna Stampa Cattolica\"},\"image\":{\"@id\":\"https:\\\/\\\/www.rassegnastampa-totustuus.it\\\/cattolica\\\/#\\\/schema\\\/logo\\\/image\\\/\"},\"sameAs\":[\"https:\\\/\\\/www.facebook.com\\\/rassegnastampacattolica\",\"https:\\\/\\\/x.com\\\/rassegnastampa9\"]},{\"@type\":\"Person\",\"@id\":\"https:\\\/\\\/www.rassegnastampa-totustuus.it\\\/cattolica\\\/#\\\/schema\\\/person\\\/08f319d2bd1a0904ad9e2bfb7b15e5c3\",\"name\":\"Redazione\",\"image\":{\"@type\":\"ImageObject\",\"inLanguage\":\"it-IT\",\"@id\":\"https:\\\/\\\/secure.gravatar.com\\\/avatar\\\/2fcdf27c78ea025fbdb44e914cc63c72249ffec9dc8aafd5c82b26240ef3f346?s=96&d=mm&r=g\",\"url\":\"https:\\\/\\\/secure.gravatar.com\\\/avatar\\\/2fcdf27c78ea025fbdb44e914cc63c72249ffec9dc8aafd5c82b26240ef3f346?s=96&d=mm&r=g\",\"contentUrl\":\"https:\\\/\\\/secure.gravatar.com\\\/avatar\\\/2fcdf27c78ea025fbdb44e914cc63c72249ffec9dc8aafd5c82b26240ef3f346?s=96&d=mm&r=g\",\"caption\":\"Redazione\"},\"url\":\"https:\\\/\\\/www.rassegnastampa-totustuus.it\\\/cattolica\\\/author\\\/pietroelle\\\/\"}]}<\/script>\n<!-- \/ Yoast SEO plugin. -->","yoast_head_json":{"title":"La droga del terrore - Rassegna Stampa Cattolica","description":"Rassegna Stampa Cattolica - Per una cultura che nasce dalla Rivelazione cristiana in conformit\u00e0 alla tradizione e al Magistero della Chiesa in opposizione ad ogni relativismo e totalitarismo","robots":{"index":"index","follow":"follow","max-snippet":"max-snippet:-1","max-image-preview":"max-image-preview:large","max-video-preview":"max-video-preview:-1"},"canonical":"https:\/\/www.rassegnastampa-totustuus.it\/cattolica\/la-droga-del-terrore\/","og_locale":"it_IT","og_type":"article","og_title":"La droga del terrore - Rassegna Stampa Cattolica","og_description":"Rassegna Stampa Cattolica - Per una cultura che nasce dalla Rivelazione cristiana in conformit\u00e0 alla tradizione e al Magistero della Chiesa in opposizione ad ogni relativismo e totalitarismo","og_url":"https:\/\/www.rassegnastampa-totustuus.it\/cattolica\/la-droga-del-terrore\/","og_site_name":"Rassegna Stampa Cattolica","article_publisher":"https:\/\/www.facebook.com\/rassegnastampacattolica","article_published_time":"2009-04-24T10:34:16+00:00","article_modified_time":"2015-11-11T14:30:32+00:00","og_image":[{"width":275,"height":183,"url":"https:\/\/www.rassegnastampa-totustuus.it\/cattolica\/wp-content\/uploads\/2009\/04\/arresto.jpg","type":"image\/jpeg"}],"author":"Redazione","twitter_card":"summary_large_image","twitter_creator":"@rassegnastampa9","twitter_site":"@rassegnastampa9","twitter_misc":{"Scritto da":"Redazione","Tempo di lettura stimato":"6 minuti"},"schema":{"@context":"https:\/\/schema.org","@graph":[{"@type":"Article","@id":"https:\/\/www.rassegnastampa-totustuus.it\/cattolica\/la-droga-del-terrore\/#article","isPartOf":{"@id":"https:\/\/www.rassegnastampa-totustuus.it\/cattolica\/la-droga-del-terrore\/"},"author":{"name":"Redazione","@id":"https:\/\/www.rassegnastampa-totustuus.it\/cattolica\/#\/schema\/person\/08f319d2bd1a0904ad9e2bfb7b15e5c3"},"headline":"La droga del terrore","datePublished":"2009-04-24T10:34:16+00:00","dateModified":"2015-11-11T14:30:32+00:00","mainEntityOfPage":{"@id":"https:\/\/www.rassegnastampa-totustuus.it\/cattolica\/la-droga-del-terrore\/"},"wordCount":1144,"publisher":{"@id":"https:\/\/www.rassegnastampa-totustuus.it\/cattolica\/#organization"},"image":{"@id":"https:\/\/www.rassegnastampa-totustuus.it\/cattolica\/la-droga-del-terrore\/#primaryimage"},"thumbnailUrl":"https:\/\/www.rassegnastampa-totustuus.it\/cattolica\/wp-content\/uploads\/2009\/04\/arresto.jpg","keywords":["Islam in Italia"],"articleSection":["Islam","Islam in Italia"],"inLanguage":"it-IT"},{"@type":"WebPage","@id":"https:\/\/www.rassegnastampa-totustuus.it\/cattolica\/la-droga-del-terrore\/","url":"https:\/\/www.rassegnastampa-totustuus.it\/cattolica\/la-droga-del-terrore\/","name":"La droga del terrore - Rassegna Stampa Cattolica","isPartOf":{"@id":"https:\/\/www.rassegnastampa-totustuus.it\/cattolica\/#website"},"primaryImageOfPage":{"@id":"https:\/\/www.rassegnastampa-totustuus.it\/cattolica\/la-droga-del-terrore\/#primaryimage"},"image":{"@id":"https:\/\/www.rassegnastampa-totustuus.it\/cattolica\/la-droga-del-terrore\/#primaryimage"},"thumbnailUrl":"https:\/\/www.rassegnastampa-totustuus.it\/cattolica\/wp-content\/uploads\/2009\/04\/arresto.jpg","datePublished":"2009-04-24T10:34:16+00:00","dateModified":"2015-11-11T14:30:32+00:00","description":"Rassegna Stampa Cattolica - Per una cultura che nasce dalla Rivelazione cristiana in conformit\u00e0 alla tradizione e al Magistero della Chiesa in opposizione ad ogni relativismo e totalitarismo","breadcrumb":{"@id":"https:\/\/www.rassegnastampa-totustuus.it\/cattolica\/la-droga-del-terrore\/#breadcrumb"},"inLanguage":"it-IT","potentialAction":[{"@type":"ReadAction","target":["https:\/\/www.rassegnastampa-totustuus.it\/cattolica\/la-droga-del-terrore\/"]}]},{"@type":"ImageObject","inLanguage":"it-IT","@id":"https:\/\/www.rassegnastampa-totustuus.it\/cattolica\/la-droga-del-terrore\/#primaryimage","url":"https:\/\/www.rassegnastampa-totustuus.it\/cattolica\/wp-content\/uploads\/2009\/04\/arresto.jpg","contentUrl":"https:\/\/www.rassegnastampa-totustuus.it\/cattolica\/wp-content\/uploads\/2009\/04\/arresto.jpg","width":275,"height":183},{"@type":"BreadcrumbList","@id":"https:\/\/www.rassegnastampa-totustuus.it\/cattolica\/la-droga-del-terrore\/#breadcrumb","itemListElement":[{"@type":"ListItem","position":1,"name":"Home","item":"https:\/\/www.rassegnastampa-totustuus.it\/cattolica\/"},{"@type":"ListItem","position":2,"name":"La droga del terrore"}]},{"@type":"WebSite","@id":"https:\/\/www.rassegnastampa-totustuus.it\/cattolica\/#website","url":"https:\/\/www.rassegnastampa-totustuus.it\/cattolica\/","name":"Rassegna Stampa Cattolica","description":"Per una cultura che nasce dalla Rivelazione cristiana in conformit\u00e0 alla tradizione e al Magistero della Chiesa in opposizione ad ogni relativismo e totalitarismo","publisher":{"@id":"https:\/\/www.rassegnastampa-totustuus.it\/cattolica\/#organization"},"alternateName":"Rass. Cattolica","potentialAction":[{"@type":"SearchAction","target":{"@type":"EntryPoint","urlTemplate":"https:\/\/www.rassegnastampa-totustuus.it\/cattolica\/?s={search_term_string}"},"query-input":{"@type":"PropertyValueSpecification","valueRequired":true,"valueName":"search_term_string"}}],"inLanguage":"it-IT"},{"@type":"Organization","@id":"https:\/\/www.rassegnastampa-totustuus.it\/cattolica\/#organization","name":"Rassegna Stampa Cattolica","url":"https:\/\/www.rassegnastampa-totustuus.it\/cattolica\/","logo":{"@type":"ImageObject","inLanguage":"it-IT","@id":"https:\/\/www.rassegnastampa-totustuus.it\/cattolica\/#\/schema\/logo\/image\/","url":"https:\/\/www.rassegnastampa-totustuus.it\/cattolica\/wp-content\/uploads\/2014\/04\/logo-rassegna1.gif","contentUrl":"https:\/\/www.rassegnastampa-totustuus.it\/cattolica\/wp-content\/uploads\/2014\/04\/logo-rassegna1.gif","width":600,"height":163,"caption":"Rassegna Stampa Cattolica"},"image":{"@id":"https:\/\/www.rassegnastampa-totustuus.it\/cattolica\/#\/schema\/logo\/image\/"},"sameAs":["https:\/\/www.facebook.com\/rassegnastampacattolica","https:\/\/x.com\/rassegnastampa9"]},{"@type":"Person","@id":"https:\/\/www.rassegnastampa-totustuus.it\/cattolica\/#\/schema\/person\/08f319d2bd1a0904ad9e2bfb7b15e5c3","name":"Redazione","image":{"@type":"ImageObject","inLanguage":"it-IT","@id":"https:\/\/secure.gravatar.com\/avatar\/2fcdf27c78ea025fbdb44e914cc63c72249ffec9dc8aafd5c82b26240ef3f346?s=96&d=mm&r=g","url":"https:\/\/secure.gravatar.com\/avatar\/2fcdf27c78ea025fbdb44e914cc63c72249ffec9dc8aafd5c82b26240ef3f346?s=96&d=mm&r=g","contentUrl":"https:\/\/secure.gravatar.com\/avatar\/2fcdf27c78ea025fbdb44e914cc63c72249ffec9dc8aafd5c82b26240ef3f346?s=96&d=mm&r=g","caption":"Redazione"},"url":"https:\/\/www.rassegnastampa-totustuus.it\/cattolica\/author\/pietroelle\/"}]}},"_links":{"self":[{"href":"https:\/\/www.rassegnastampa-totustuus.it\/cattolica\/wp-json\/wp\/v2\/posts\/3163","targetHints":{"allow":["GET"]}}],"collection":[{"href":"https:\/\/www.rassegnastampa-totustuus.it\/cattolica\/wp-json\/wp\/v2\/posts"}],"about":[{"href":"https:\/\/www.rassegnastampa-totustuus.it\/cattolica\/wp-json\/wp\/v2\/types\/post"}],"author":[{"embeddable":true,"href":"https:\/\/www.rassegnastampa-totustuus.it\/cattolica\/wp-json\/wp\/v2\/users\/6"}],"replies":[{"embeddable":true,"href":"https:\/\/www.rassegnastampa-totustuus.it\/cattolica\/wp-json\/wp\/v2\/comments?post=3163"}],"version-history":[{"count":4,"href":"https:\/\/www.rassegnastampa-totustuus.it\/cattolica\/wp-json\/wp\/v2\/posts\/3163\/revisions"}],"predecessor-version":[{"id":27438,"href":"https:\/\/www.rassegnastampa-totustuus.it\/cattolica\/wp-json\/wp\/v2\/posts\/3163\/revisions\/27438"}],"wp:featuredmedia":[{"embeddable":true,"href":"https:\/\/www.rassegnastampa-totustuus.it\/cattolica\/wp-json\/wp\/v2\/media\/27437"}],"wp:attachment":[{"href":"https:\/\/www.rassegnastampa-totustuus.it\/cattolica\/wp-json\/wp\/v2\/media?parent=3163"}],"wp:term":[{"taxonomy":"category","embeddable":true,"href":"https:\/\/www.rassegnastampa-totustuus.it\/cattolica\/wp-json\/wp\/v2\/categories?post=3163"},{"taxonomy":"post_tag","embeddable":true,"href":"https:\/\/www.rassegnastampa-totustuus.it\/cattolica\/wp-json\/wp\/v2\/tags?post=3163"}],"curies":[{"name":"wp","href":"https:\/\/api.w.org\/{rel}","templated":true}]}}