{"id":3162,"date":"2009-04-24T12:25:44","date_gmt":"2009-04-24T10:25:44","guid":{"rendered":""},"modified":"2016-04-28T15:10:02","modified_gmt":"2016-04-28T13:10:02","slug":"la-crisi-del-matrimonio-segna-il-declino-di-un-paese","status":"publish","type":"post","link":"https:\/\/www.rassegnastampa-totustuus.it\/cattolica\/la-crisi-del-matrimonio-segna-il-declino-di-un-paese\/","title":{"rendered":"La crisi del matrimonio segna il declino di un paese"},"content":{"rendered":"<div style=\"text-align: center;\"><strong><img loading=\"lazy\" decoding=\"async\" class=\"alignleft wp-image-33697\" src=\"https:\/\/www.rassegnastampa-totustuus.it\/cattolica\/wp-content\/uploads\/2009\/04\/crisi_coppia.jpg\" alt=\"crisi_coppia\" width=\"200\" height=\"133\" \/>Avvenire,<\/strong> 11 febbraio 2008<\/div>\n<p style=\"text-align: justify;\"><em>Lieve flessione del numero medio di figli per donna, dall\u20191,35 del 2006 all\u20191,34 dello scorso anno Un po\u2019 meglio rispetto all\u20191,19 del \u201995, ma ancora lontano dal minimo demografico del 2,1%<\/em><\/p>\n<p style=\"text-align: center;\">di <strong>Pier Luigi Fornari <\/strong><\/p>\n<p><!--more--><\/p>\n<div style=\"text-align: justify;\">In calo il numero dei matrimoni in Italia nel 2007 secondo le stime anticipatorie elaborate dall\u2019Istat per tutto quell\u2019anno. Sarebbero stati 242mila contro i 270mila di cinque anni prima. Il tasso di nuzialit\u00e0 scende cos\u00ec dal 4,6 per mille al 4,1.<\/div>\n<p style=\"text-align: justify;\">In un periodo che ha registrato un incremento della fecondit\u00e0 (0,1 punti percentuali) aumenta anche il numero dei figli nati fuori del matrimonio, che secondo il dato 2006 rappresentano 18,6% del totale rispetto al 12,3% del 2002. Nel medesimo periodo le nascite &#8216;legittime&#8217; scendono dall\u201987,7% all\u201981,4%.<\/p>\n<p style=\"text-align: justify;\">Da questi dati l\u2019Istat desume un aumen\u00adto delle convivenze.<\/p>\n<p style=\"text-align: justify;\">Le dimensioni del fenomeno delle nascite fuori dal matrimonio, per\u00f2, sono ancora molto contenute rispetto ad altri Paesi europei (in Francia e Svezia, ad esempio, superano il 50%, nel Regno Unito il 44%).<\/p>\n<p style=\"text-align: justify;\">L\u2019andamento dei matrimoni, poi, \u00e8 molto diversificato passando dal Nord al Mezzogiorno, dove la nuzialit\u00e0 \u00e8 pi\u00f9 alta e la percentuale di nascite fuori del matrimonio \u00e8 nettamente inferiore. Delle regioni del Centro-nord, solo nel Lazio la nuzialit\u00e0 (4,2) \u00e8 un gradino sopra la media, mentre i valori minimi si rilevano nel Nordest. Al Sud, in sostanza, il matrimonio \u00e8 ancora un vincolo importante per avere dei figli.<\/p>\n<p style=\"text-align: justify;\">L\u2019apertura alla vita resta praticamente immutata nel 2007. Il numero medio di figli per donna \u00e8 stimato a 1,34 contro 1,35 del 2006. Un livello ben lontano da quello che garantisce la stabilit\u00e0 della popolazione (2,1 figli), ma comunque superiore all\u20191,19 del 1995, anno di minimo storico italiano.<\/p>\n<p style=\"text-align: justify;\">Comunque siamo sempre agli ultimi posti in Europa, sotto la media Ue (1,51 figli), e soprattutto molto lontano da Francia (1,98), Irlanda (1,93) e Svezia (1,85). La fecondit\u00e0 italiana \u00e8, invece, pi\u00f9 o meno uguale a quella tedesca (1,34), spagnola (1,36) e portoghese (1,36). Tra le meno feconde le piccole regioni del Mezzogiorno, Molise e Basilicata (1,12 entrambe), e la Sardegna (1,06).<\/p>\n<p style=\"text-align: justify;\">La popolazione continua ad invecchiare in quanto si \u00e8 ancora allungata la stima della speranza di vita alla nascita pari a 78,6 anni per gli uomini, e a 84,1 per le donne. Ma l\u2019effetto combinato con la bassa fecondit\u00e0 porta l\u2019Italia ad essere uno dei Paesi pi\u00f9 vecchi in Europa. Possiede infatti, insieme alla Germania (20% contro il 17% della media Ue), il primato di ultrasessantaquattrenni sul totale e quello, in negativo (14% contro il 16% della media Ue), di bambini fino a 14 anni, insieme a Germania e Grecia. Anche il peso degli over 65 sulla popolazione in et\u00e0 attiva \u00e8 da record, pari al 30% (24% nel 1997) contro una media europea del 25%.<\/p>\n<p style=\"text-align: justify;\">Nonostante la bassa fecondit\u00e0, il consistente flusso di immigrati produce quasi da solo una crescita totale della popolazione residente sul territorio nazionale che supera i 59 milioni e mezzo di abitanti, con un incremento di 395mila unit\u00e0, pari a 6,7 per mille abitanti. Questo totale risulta dal 6,6 per mille del saldo mi\u00adgratorio e dallo 0,1 di quello naturale.<\/p>\n<p style=\"text-align: justify;\">Anche nel 2007 \u00e8 infatti molto sostenuta la dinamica migratoria, sfiorando quota 390mila, per un tasso migratorio pari a 6,6 per mille. Ma dall\u2019apporto delle tre voci che la compongono emerge ancora una volta la preponderanza dell\u2019afflusso degli stranieri nel nostro Paese.<\/p>\n<p style=\"text-align: justify;\">Il tasso migratorio con l\u2019estero infatti \u00e8 del 6,6 per mille, il tasso migratorio per altri motivi dello 0,1, e quello interno del -0,1. Nello scorso anno il tasso migratorio con l\u2019estero \u00e8 risultato il pi\u00f9 elevato negli ultimi quattro anni (rispettivamente 6,5, 4,4 e 3,7 per mille nel trien\u00adnio 2004-2006). Questo risultato si determina considerando che a una stima di 64 mila cancellazioni per l\u2019estero se ne contrappone una di ben 454 mila iscrizioni.<\/p>\n<p style=\"text-align: justify;\">La portata considerevole delle iscrizioni \u00e8 dovuta, presumibilmente, all\u2019effetto dei due decreti 2006 (Dpcm 15 febbraio e 25 ottobre), che prevedevano 470 mila nuovi ingressi di lavoratori extracomunitari non stagionali, e dell\u2019allargamento dell\u2019Unione Europea a Romania e Bulgaria a partire dal 1\u00b0 gennaio 2007. Ma anche la dinamica naturale (la differenza tra le nascite e i decessi) sulla base delle stime per il 2007 registrerebbe un attivo di circa 6mila 500 cittadini.<\/p>\n<p style=\"text-align: justify;\">Se la stima sar\u00e0 confermata definitivamente, il 2007 costituirebbe il secondo anno consecutivo di crescita naturale (+2.118 nel 2006) dopo un periodo piuttosto prolungato, avviatosi dal 1992, durante il quale, tranne la parentesi eccezionale del 2004 i decessi avevano superato le nascite. Il dato provvisorio per le nascite si aggira intorno a 563mila, oltre 3 mila in pi\u00f9 rispetto al 2006, con un tasso di natalit\u00e0 pari a 9,5 per mille. I decessi, invece, sarebbero stati circa 557mila, un migliaio in meno rispetto al 2006, con un tasso di mortalit\u00e0 del 9,4 per mille.<\/p>\n<p style=\"text-align: justify;\">Crescono le nascite \u00abnaturali\u00bb Erano il 12,3% nel 2002 Sono diventate il 18,6 nell\u2019ultima rilevazione In Francia e Svezia si arriva al 50%.<\/p>\n<p style=\"text-align: justify;\">(A.C. Valdera)<\/p>\n","protected":false},"excerpt":{"rendered":"<p>Avvenire, 11 febbraio 2008 Lieve flessione del numero medio di figli per donna, dall\u20191,35 del 2006 all\u20191,34 dello scorso anno Un po\u2019 meglio rispetto all\u20191,19 del \u201995, ma ancora lontano dal minimo demografico del 2,1% di Pier Luigi Fornari<\/p><p><a class=\"more-link btn\" href=\"https:\/\/www.rassegnastampa-totustuus.it\/cattolica\/la-crisi-del-matrimonio-segna-il-declino-di-un-paese\/\">Continua a leggere<\/a><\/p>\n","protected":false},"author":6,"featured_media":33697,"comment_status":"closed","ping_status":"open","sticky":false,"template":"","format":"standard","meta":{"footnotes":""},"categories":[15],"tags":[314],"class_list":["post-3162","post","type-post","status-publish","format-standard","has-post-thumbnail","hentry","category-famiglia","tag-matrimonio","item-wrap"],"yoast_head":"<!-- This site is optimized with the Yoast SEO plugin v27.5 - https:\/\/yoast.com\/product\/yoast-seo-wordpress\/ -->\n<title>La crisi del matrimonio segna il declino di un paese - Rassegna Stampa Cattolica<\/title>\n<meta name=\"description\" content=\"Rassegna Stampa Cattolica - Per una cultura che nasce dalla Rivelazione cristiana in conformit\u00e0 alla tradizione e al Magistero della Chiesa in opposizione ad ogni relativismo e totalitarismo\" \/>\n<meta name=\"robots\" content=\"index, follow, max-snippet:-1, max-image-preview:large, max-video-preview:-1\" \/>\n<link rel=\"canonical\" href=\"https:\/\/www.rassegnastampa-totustuus.it\/cattolica\/la-crisi-del-matrimonio-segna-il-declino-di-un-paese\/\" \/>\n<meta property=\"og:locale\" content=\"it_IT\" \/>\n<meta property=\"og:type\" content=\"article\" \/>\n<meta property=\"og:title\" content=\"La crisi del matrimonio segna il declino di un paese - Rassegna Stampa Cattolica\" \/>\n<meta property=\"og:description\" content=\"Rassegna Stampa Cattolica - Per una cultura che nasce dalla Rivelazione cristiana in conformit\u00e0 alla tradizione e al Magistero della Chiesa in opposizione ad ogni relativismo e totalitarismo\" \/>\n<meta property=\"og:url\" content=\"https:\/\/www.rassegnastampa-totustuus.it\/cattolica\/la-crisi-del-matrimonio-segna-il-declino-di-un-paese\/\" \/>\n<meta property=\"og:site_name\" content=\"Rassegna Stampa Cattolica\" \/>\n<meta property=\"article:publisher\" content=\"https:\/\/www.facebook.com\/rassegnastampacattolica\" \/>\n<meta property=\"article:published_time\" content=\"2009-04-24T10:25:44+00:00\" \/>\n<meta property=\"article:modified_time\" content=\"2016-04-28T13:10:02+00:00\" \/>\n<meta property=\"og:image\" content=\"https:\/\/www.rassegnastampa-totustuus.it\/cattolica\/wp-content\/uploads\/2009\/04\/crisi_coppia.jpg\" \/>\n\t<meta property=\"og:image:width\" content=\"276\" \/>\n\t<meta property=\"og:image:height\" content=\"183\" \/>\n\t<meta property=\"og:image:type\" content=\"image\/jpeg\" \/>\n<meta name=\"author\" content=\"Redazione\" \/>\n<meta name=\"twitter:card\" content=\"summary_large_image\" \/>\n<meta name=\"twitter:creator\" content=\"@rassegnastampa9\" \/>\n<meta name=\"twitter:site\" content=\"@rassegnastampa9\" \/>\n<meta name=\"twitter:label1\" content=\"Scritto da\" \/>\n\t<meta name=\"twitter:data1\" content=\"Redazione\" \/>\n\t<meta name=\"twitter:label2\" content=\"Tempo di lettura stimato\" \/>\n\t<meta name=\"twitter:data2\" content=\"4 minuti\" \/>\n<script type=\"application\/ld+json\" class=\"yoast-schema-graph\">{\"@context\":\"https:\\\/\\\/schema.org\",\"@graph\":[{\"@type\":\"Article\",\"@id\":\"https:\\\/\\\/www.rassegnastampa-totustuus.it\\\/cattolica\\\/la-crisi-del-matrimonio-segna-il-declino-di-un-paese\\\/#article\",\"isPartOf\":{\"@id\":\"https:\\\/\\\/www.rassegnastampa-totustuus.it\\\/cattolica\\\/la-crisi-del-matrimonio-segna-il-declino-di-un-paese\\\/\"},\"author\":{\"name\":\"Redazione\",\"@id\":\"https:\\\/\\\/www.rassegnastampa-totustuus.it\\\/cattolica\\\/#\\\/schema\\\/person\\\/08f319d2bd1a0904ad9e2bfb7b15e5c3\"},\"headline\":\"La crisi del matrimonio segna il declino di un paese\",\"datePublished\":\"2009-04-24T10:25:44+00:00\",\"dateModified\":\"2016-04-28T13:10:02+00:00\",\"mainEntityOfPage\":{\"@id\":\"https:\\\/\\\/www.rassegnastampa-totustuus.it\\\/cattolica\\\/la-crisi-del-matrimonio-segna-il-declino-di-un-paese\\\/\"},\"wordCount\":768,\"publisher\":{\"@id\":\"https:\\\/\\\/www.rassegnastampa-totustuus.it\\\/cattolica\\\/#organization\"},\"image\":{\"@id\":\"https:\\\/\\\/www.rassegnastampa-totustuus.it\\\/cattolica\\\/la-crisi-del-matrimonio-segna-il-declino-di-un-paese\\\/#primaryimage\"},\"thumbnailUrl\":\"https:\\\/\\\/www.rassegnastampa-totustuus.it\\\/cattolica\\\/wp-content\\\/uploads\\\/2009\\\/04\\\/crisi_coppia.jpg\",\"keywords\":[\"matrimonio\"],\"articleSection\":[\"Famiglia\"],\"inLanguage\":\"it-IT\"},{\"@type\":\"WebPage\",\"@id\":\"https:\\\/\\\/www.rassegnastampa-totustuus.it\\\/cattolica\\\/la-crisi-del-matrimonio-segna-il-declino-di-un-paese\\\/\",\"url\":\"https:\\\/\\\/www.rassegnastampa-totustuus.it\\\/cattolica\\\/la-crisi-del-matrimonio-segna-il-declino-di-un-paese\\\/\",\"name\":\"La crisi del matrimonio segna il declino di un paese - Rassegna Stampa Cattolica\",\"isPartOf\":{\"@id\":\"https:\\\/\\\/www.rassegnastampa-totustuus.it\\\/cattolica\\\/#website\"},\"primaryImageOfPage\":{\"@id\":\"https:\\\/\\\/www.rassegnastampa-totustuus.it\\\/cattolica\\\/la-crisi-del-matrimonio-segna-il-declino-di-un-paese\\\/#primaryimage\"},\"image\":{\"@id\":\"https:\\\/\\\/www.rassegnastampa-totustuus.it\\\/cattolica\\\/la-crisi-del-matrimonio-segna-il-declino-di-un-paese\\\/#primaryimage\"},\"thumbnailUrl\":\"https:\\\/\\\/www.rassegnastampa-totustuus.it\\\/cattolica\\\/wp-content\\\/uploads\\\/2009\\\/04\\\/crisi_coppia.jpg\",\"datePublished\":\"2009-04-24T10:25:44+00:00\",\"dateModified\":\"2016-04-28T13:10:02+00:00\",\"description\":\"Rassegna Stampa Cattolica - Per una cultura che nasce dalla Rivelazione cristiana in conformit\u00e0 alla tradizione e al Magistero della Chiesa in opposizione ad ogni relativismo e totalitarismo\",\"breadcrumb\":{\"@id\":\"https:\\\/\\\/www.rassegnastampa-totustuus.it\\\/cattolica\\\/la-crisi-del-matrimonio-segna-il-declino-di-un-paese\\\/#breadcrumb\"},\"inLanguage\":\"it-IT\",\"potentialAction\":[{\"@type\":\"ReadAction\",\"target\":[\"https:\\\/\\\/www.rassegnastampa-totustuus.it\\\/cattolica\\\/la-crisi-del-matrimonio-segna-il-declino-di-un-paese\\\/\"]}]},{\"@type\":\"ImageObject\",\"inLanguage\":\"it-IT\",\"@id\":\"https:\\\/\\\/www.rassegnastampa-totustuus.it\\\/cattolica\\\/la-crisi-del-matrimonio-segna-il-declino-di-un-paese\\\/#primaryimage\",\"url\":\"https:\\\/\\\/www.rassegnastampa-totustuus.it\\\/cattolica\\\/wp-content\\\/uploads\\\/2009\\\/04\\\/crisi_coppia.jpg\",\"contentUrl\":\"https:\\\/\\\/www.rassegnastampa-totustuus.it\\\/cattolica\\\/wp-content\\\/uploads\\\/2009\\\/04\\\/crisi_coppia.jpg\",\"width\":276,\"height\":183},{\"@type\":\"BreadcrumbList\",\"@id\":\"https:\\\/\\\/www.rassegnastampa-totustuus.it\\\/cattolica\\\/la-crisi-del-matrimonio-segna-il-declino-di-un-paese\\\/#breadcrumb\",\"itemListElement\":[{\"@type\":\"ListItem\",\"position\":1,\"name\":\"Home\",\"item\":\"https:\\\/\\\/www.rassegnastampa-totustuus.it\\\/cattolica\\\/\"},{\"@type\":\"ListItem\",\"position\":2,\"name\":\"La crisi del matrimonio segna il declino di un paese\"}]},{\"@type\":\"WebSite\",\"@id\":\"https:\\\/\\\/www.rassegnastampa-totustuus.it\\\/cattolica\\\/#website\",\"url\":\"https:\\\/\\\/www.rassegnastampa-totustuus.it\\\/cattolica\\\/\",\"name\":\"Rassegna Stampa Cattolica\",\"description\":\"Per una cultura che nasce dalla Rivelazione cristiana in conformit\u00e0 alla tradizione e al Magistero della Chiesa in opposizione ad ogni relativismo e totalitarismo\",\"publisher\":{\"@id\":\"https:\\\/\\\/www.rassegnastampa-totustuus.it\\\/cattolica\\\/#organization\"},\"alternateName\":\"Rass. Cattolica\",\"potentialAction\":[{\"@type\":\"SearchAction\",\"target\":{\"@type\":\"EntryPoint\",\"urlTemplate\":\"https:\\\/\\\/www.rassegnastampa-totustuus.it\\\/cattolica\\\/?s={search_term_string}\"},\"query-input\":{\"@type\":\"PropertyValueSpecification\",\"valueRequired\":true,\"valueName\":\"search_term_string\"}}],\"inLanguage\":\"it-IT\"},{\"@type\":\"Organization\",\"@id\":\"https:\\\/\\\/www.rassegnastampa-totustuus.it\\\/cattolica\\\/#organization\",\"name\":\"Rassegna Stampa Cattolica\",\"url\":\"https:\\\/\\\/www.rassegnastampa-totustuus.it\\\/cattolica\\\/\",\"logo\":{\"@type\":\"ImageObject\",\"inLanguage\":\"it-IT\",\"@id\":\"https:\\\/\\\/www.rassegnastampa-totustuus.it\\\/cattolica\\\/#\\\/schema\\\/logo\\\/image\\\/\",\"url\":\"https:\\\/\\\/www.rassegnastampa-totustuus.it\\\/cattolica\\\/wp-content\\\/uploads\\\/2014\\\/04\\\/logo-rassegna1.gif\",\"contentUrl\":\"https:\\\/\\\/www.rassegnastampa-totustuus.it\\\/cattolica\\\/wp-content\\\/uploads\\\/2014\\\/04\\\/logo-rassegna1.gif\",\"width\":600,\"height\":163,\"caption\":\"Rassegna Stampa Cattolica\"},\"image\":{\"@id\":\"https:\\\/\\\/www.rassegnastampa-totustuus.it\\\/cattolica\\\/#\\\/schema\\\/logo\\\/image\\\/\"},\"sameAs\":[\"https:\\\/\\\/www.facebook.com\\\/rassegnastampacattolica\",\"https:\\\/\\\/x.com\\\/rassegnastampa9\"]},{\"@type\":\"Person\",\"@id\":\"https:\\\/\\\/www.rassegnastampa-totustuus.it\\\/cattolica\\\/#\\\/schema\\\/person\\\/08f319d2bd1a0904ad9e2bfb7b15e5c3\",\"name\":\"Redazione\",\"image\":{\"@type\":\"ImageObject\",\"inLanguage\":\"it-IT\",\"@id\":\"https:\\\/\\\/secure.gravatar.com\\\/avatar\\\/2fcdf27c78ea025fbdb44e914cc63c72249ffec9dc8aafd5c82b26240ef3f346?s=96&d=mm&r=g\",\"url\":\"https:\\\/\\\/secure.gravatar.com\\\/avatar\\\/2fcdf27c78ea025fbdb44e914cc63c72249ffec9dc8aafd5c82b26240ef3f346?s=96&d=mm&r=g\",\"contentUrl\":\"https:\\\/\\\/secure.gravatar.com\\\/avatar\\\/2fcdf27c78ea025fbdb44e914cc63c72249ffec9dc8aafd5c82b26240ef3f346?s=96&d=mm&r=g\",\"caption\":\"Redazione\"},\"url\":\"https:\\\/\\\/www.rassegnastampa-totustuus.it\\\/cattolica\\\/author\\\/pietroelle\\\/\"}]}<\/script>\n<!-- \/ Yoast SEO plugin. -->","yoast_head_json":{"title":"La crisi del matrimonio segna il declino di un paese - Rassegna Stampa Cattolica","description":"Rassegna Stampa Cattolica - Per una cultura che nasce dalla Rivelazione cristiana in conformit\u00e0 alla tradizione e al Magistero della Chiesa in opposizione ad ogni relativismo e totalitarismo","robots":{"index":"index","follow":"follow","max-snippet":"max-snippet:-1","max-image-preview":"max-image-preview:large","max-video-preview":"max-video-preview:-1"},"canonical":"https:\/\/www.rassegnastampa-totustuus.it\/cattolica\/la-crisi-del-matrimonio-segna-il-declino-di-un-paese\/","og_locale":"it_IT","og_type":"article","og_title":"La crisi del matrimonio segna il declino di un paese - Rassegna Stampa Cattolica","og_description":"Rassegna Stampa Cattolica - Per una cultura che nasce dalla Rivelazione cristiana in conformit\u00e0 alla tradizione e al Magistero della Chiesa in opposizione ad ogni relativismo e totalitarismo","og_url":"https:\/\/www.rassegnastampa-totustuus.it\/cattolica\/la-crisi-del-matrimonio-segna-il-declino-di-un-paese\/","og_site_name":"Rassegna Stampa Cattolica","article_publisher":"https:\/\/www.facebook.com\/rassegnastampacattolica","article_published_time":"2009-04-24T10:25:44+00:00","article_modified_time":"2016-04-28T13:10:02+00:00","og_image":[{"width":276,"height":183,"url":"https:\/\/www.rassegnastampa-totustuus.it\/cattolica\/wp-content\/uploads\/2009\/04\/crisi_coppia.jpg","type":"image\/jpeg"}],"author":"Redazione","twitter_card":"summary_large_image","twitter_creator":"@rassegnastampa9","twitter_site":"@rassegnastampa9","twitter_misc":{"Scritto da":"Redazione","Tempo di lettura stimato":"4 minuti"},"schema":{"@context":"https:\/\/schema.org","@graph":[{"@type":"Article","@id":"https:\/\/www.rassegnastampa-totustuus.it\/cattolica\/la-crisi-del-matrimonio-segna-il-declino-di-un-paese\/#article","isPartOf":{"@id":"https:\/\/www.rassegnastampa-totustuus.it\/cattolica\/la-crisi-del-matrimonio-segna-il-declino-di-un-paese\/"},"author":{"name":"Redazione","@id":"https:\/\/www.rassegnastampa-totustuus.it\/cattolica\/#\/schema\/person\/08f319d2bd1a0904ad9e2bfb7b15e5c3"},"headline":"La crisi del matrimonio segna il declino di un paese","datePublished":"2009-04-24T10:25:44+00:00","dateModified":"2016-04-28T13:10:02+00:00","mainEntityOfPage":{"@id":"https:\/\/www.rassegnastampa-totustuus.it\/cattolica\/la-crisi-del-matrimonio-segna-il-declino-di-un-paese\/"},"wordCount":768,"publisher":{"@id":"https:\/\/www.rassegnastampa-totustuus.it\/cattolica\/#organization"},"image":{"@id":"https:\/\/www.rassegnastampa-totustuus.it\/cattolica\/la-crisi-del-matrimonio-segna-il-declino-di-un-paese\/#primaryimage"},"thumbnailUrl":"https:\/\/www.rassegnastampa-totustuus.it\/cattolica\/wp-content\/uploads\/2009\/04\/crisi_coppia.jpg","keywords":["matrimonio"],"articleSection":["Famiglia"],"inLanguage":"it-IT"},{"@type":"WebPage","@id":"https:\/\/www.rassegnastampa-totustuus.it\/cattolica\/la-crisi-del-matrimonio-segna-il-declino-di-un-paese\/","url":"https:\/\/www.rassegnastampa-totustuus.it\/cattolica\/la-crisi-del-matrimonio-segna-il-declino-di-un-paese\/","name":"La crisi del matrimonio segna il declino di un paese - Rassegna Stampa Cattolica","isPartOf":{"@id":"https:\/\/www.rassegnastampa-totustuus.it\/cattolica\/#website"},"primaryImageOfPage":{"@id":"https:\/\/www.rassegnastampa-totustuus.it\/cattolica\/la-crisi-del-matrimonio-segna-il-declino-di-un-paese\/#primaryimage"},"image":{"@id":"https:\/\/www.rassegnastampa-totustuus.it\/cattolica\/la-crisi-del-matrimonio-segna-il-declino-di-un-paese\/#primaryimage"},"thumbnailUrl":"https:\/\/www.rassegnastampa-totustuus.it\/cattolica\/wp-content\/uploads\/2009\/04\/crisi_coppia.jpg","datePublished":"2009-04-24T10:25:44+00:00","dateModified":"2016-04-28T13:10:02+00:00","description":"Rassegna Stampa Cattolica - Per una cultura che nasce dalla Rivelazione cristiana in conformit\u00e0 alla tradizione e al Magistero della Chiesa in opposizione ad ogni relativismo e totalitarismo","breadcrumb":{"@id":"https:\/\/www.rassegnastampa-totustuus.it\/cattolica\/la-crisi-del-matrimonio-segna-il-declino-di-un-paese\/#breadcrumb"},"inLanguage":"it-IT","potentialAction":[{"@type":"ReadAction","target":["https:\/\/www.rassegnastampa-totustuus.it\/cattolica\/la-crisi-del-matrimonio-segna-il-declino-di-un-paese\/"]}]},{"@type":"ImageObject","inLanguage":"it-IT","@id":"https:\/\/www.rassegnastampa-totustuus.it\/cattolica\/la-crisi-del-matrimonio-segna-il-declino-di-un-paese\/#primaryimage","url":"https:\/\/www.rassegnastampa-totustuus.it\/cattolica\/wp-content\/uploads\/2009\/04\/crisi_coppia.jpg","contentUrl":"https:\/\/www.rassegnastampa-totustuus.it\/cattolica\/wp-content\/uploads\/2009\/04\/crisi_coppia.jpg","width":276,"height":183},{"@type":"BreadcrumbList","@id":"https:\/\/www.rassegnastampa-totustuus.it\/cattolica\/la-crisi-del-matrimonio-segna-il-declino-di-un-paese\/#breadcrumb","itemListElement":[{"@type":"ListItem","position":1,"name":"Home","item":"https:\/\/www.rassegnastampa-totustuus.it\/cattolica\/"},{"@type":"ListItem","position":2,"name":"La crisi del matrimonio segna il declino di un paese"}]},{"@type":"WebSite","@id":"https:\/\/www.rassegnastampa-totustuus.it\/cattolica\/#website","url":"https:\/\/www.rassegnastampa-totustuus.it\/cattolica\/","name":"Rassegna Stampa Cattolica","description":"Per una cultura che nasce dalla Rivelazione cristiana in conformit\u00e0 alla tradizione e al Magistero della Chiesa in opposizione ad ogni relativismo e totalitarismo","publisher":{"@id":"https:\/\/www.rassegnastampa-totustuus.it\/cattolica\/#organization"},"alternateName":"Rass. Cattolica","potentialAction":[{"@type":"SearchAction","target":{"@type":"EntryPoint","urlTemplate":"https:\/\/www.rassegnastampa-totustuus.it\/cattolica\/?s={search_term_string}"},"query-input":{"@type":"PropertyValueSpecification","valueRequired":true,"valueName":"search_term_string"}}],"inLanguage":"it-IT"},{"@type":"Organization","@id":"https:\/\/www.rassegnastampa-totustuus.it\/cattolica\/#organization","name":"Rassegna Stampa Cattolica","url":"https:\/\/www.rassegnastampa-totustuus.it\/cattolica\/","logo":{"@type":"ImageObject","inLanguage":"it-IT","@id":"https:\/\/www.rassegnastampa-totustuus.it\/cattolica\/#\/schema\/logo\/image\/","url":"https:\/\/www.rassegnastampa-totustuus.it\/cattolica\/wp-content\/uploads\/2014\/04\/logo-rassegna1.gif","contentUrl":"https:\/\/www.rassegnastampa-totustuus.it\/cattolica\/wp-content\/uploads\/2014\/04\/logo-rassegna1.gif","width":600,"height":163,"caption":"Rassegna Stampa Cattolica"},"image":{"@id":"https:\/\/www.rassegnastampa-totustuus.it\/cattolica\/#\/schema\/logo\/image\/"},"sameAs":["https:\/\/www.facebook.com\/rassegnastampacattolica","https:\/\/x.com\/rassegnastampa9"]},{"@type":"Person","@id":"https:\/\/www.rassegnastampa-totustuus.it\/cattolica\/#\/schema\/person\/08f319d2bd1a0904ad9e2bfb7b15e5c3","name":"Redazione","image":{"@type":"ImageObject","inLanguage":"it-IT","@id":"https:\/\/secure.gravatar.com\/avatar\/2fcdf27c78ea025fbdb44e914cc63c72249ffec9dc8aafd5c82b26240ef3f346?s=96&d=mm&r=g","url":"https:\/\/secure.gravatar.com\/avatar\/2fcdf27c78ea025fbdb44e914cc63c72249ffec9dc8aafd5c82b26240ef3f346?s=96&d=mm&r=g","contentUrl":"https:\/\/secure.gravatar.com\/avatar\/2fcdf27c78ea025fbdb44e914cc63c72249ffec9dc8aafd5c82b26240ef3f346?s=96&d=mm&r=g","caption":"Redazione"},"url":"https:\/\/www.rassegnastampa-totustuus.it\/cattolica\/author\/pietroelle\/"}]}},"_links":{"self":[{"href":"https:\/\/www.rassegnastampa-totustuus.it\/cattolica\/wp-json\/wp\/v2\/posts\/3162","targetHints":{"allow":["GET"]}}],"collection":[{"href":"https:\/\/www.rassegnastampa-totustuus.it\/cattolica\/wp-json\/wp\/v2\/posts"}],"about":[{"href":"https:\/\/www.rassegnastampa-totustuus.it\/cattolica\/wp-json\/wp\/v2\/types\/post"}],"author":[{"embeddable":true,"href":"https:\/\/www.rassegnastampa-totustuus.it\/cattolica\/wp-json\/wp\/v2\/users\/6"}],"replies":[{"embeddable":true,"href":"https:\/\/www.rassegnastampa-totustuus.it\/cattolica\/wp-json\/wp\/v2\/comments?post=3162"}],"version-history":[{"count":4,"href":"https:\/\/www.rassegnastampa-totustuus.it\/cattolica\/wp-json\/wp\/v2\/posts\/3162\/revisions"}],"predecessor-version":[{"id":33698,"href":"https:\/\/www.rassegnastampa-totustuus.it\/cattolica\/wp-json\/wp\/v2\/posts\/3162\/revisions\/33698"}],"wp:featuredmedia":[{"embeddable":true,"href":"https:\/\/www.rassegnastampa-totustuus.it\/cattolica\/wp-json\/wp\/v2\/media\/33697"}],"wp:attachment":[{"href":"https:\/\/www.rassegnastampa-totustuus.it\/cattolica\/wp-json\/wp\/v2\/media?parent=3162"}],"wp:term":[{"taxonomy":"category","embeddable":true,"href":"https:\/\/www.rassegnastampa-totustuus.it\/cattolica\/wp-json\/wp\/v2\/categories?post=3162"},{"taxonomy":"post_tag","embeddable":true,"href":"https:\/\/www.rassegnastampa-totustuus.it\/cattolica\/wp-json\/wp\/v2\/tags?post=3162"}],"curies":[{"name":"wp","href":"https:\/\/api.w.org\/{rel}","templated":true}]}}