{"id":31525,"date":"2016-03-10T08:56:45","date_gmt":"2016-03-10T07:56:45","guid":{"rendered":"http:\/\/www.rassegnastampa-totustuus.it\/cattolica\/?p=31525"},"modified":"2016-03-10T08:56:45","modified_gmt":"2016-03-10T07:56:45","slug":"la-nostra-societa-cancella-i-tabu-e-spariscono-i-limiti","status":"publish","type":"post","link":"https:\/\/www.rassegnastampa-totustuus.it\/cattolica\/la-nostra-societa-cancella-i-tabu-e-spariscono-i-limiti\/","title":{"rendered":"\u00abLa nostra societ\u00e0 cancella i tab\u00f9. E spariscono i limiti\u00bb"},"content":{"rendered":"<div id=\"attachment_31526\" style=\"width: 250px\" class=\"wp-caption alignleft\"><img loading=\"lazy\" decoding=\"async\" aria-describedby=\"caption-attachment-31526\" class=\"wp-image-31526\" src=\"https:\/\/www.rassegnastampa-totustuus.it\/cattolica\/wp-content\/uploads\/2016\/03\/omicidio-Varani.jpg\" alt=\"omicidio Varani\" width=\"250\" height=\"175\" \/><p id=\"caption-attachment-31526\" class=\"wp-caption-text\">Gli assassini di Luca Varani<\/p><\/div>\n<p style=\"text-align: center;\"><strong>Il Giornale<\/strong> 9 marzo 2016<\/p>\n<p style=\"text-align: justify;\"><strong>\u00a0<\/strong><em>Lo psicoterapeuta: \u00abMorale e doveri addio, si parla solo di diritti. Cos\u00ec c&#8217;\u00e8 chi pensa di poter fare qualunque cosa. Come fosse Dio\u00bb<\/em><\/p>\n<p style=\"text-align: center;\"><strong>Giuseppe Marino<\/strong><\/p>\n<p style=\"text-align: center;\"><!--more--><\/p>\n<p style=\"text-align: justify;\">\u00abSe Dio \u00e8 morto, allora tutto \u00e8 possibile, ciascuno di noi pu\u00f2 sentirsi Dio, pu\u00f2 pensare di esserlo. La storia di questi due ragazzi, per come emerge dalle loro stesse tremende parole, \u00e8 tutta qui\u00bb. Claudio Ris\u00e9, docente universitario ma anche psicoterapeuta con una vasta esperienza sul campo, parla della sanguinaria mattanza di Roma con la consapevolezza dello studioso che registra i sintomi di una malattia conosciuta, osservata, temuta.<\/p>\n<p style=\"text-align: justify;\"><strong>Ma professore, gli assassini ai carabinieri hanno detto che \u00abvolevano fare del male a qualcuno\u00bb. Se davvero si indentificavano con Dio, \u00e8 un Dio ben malvagio.<\/strong><\/p>\n<p style=\"text-align: justify;\">\u00abLa questione centrale non \u00e8 l&#8217;identificazione con il divino, ma la mancanza di confini. Dio \u00e8 rappresentazione dell&#8217; altro. Qualcuno con cui ci confrontiamo e di fronte alla quale riconosciamo noi stessi e i nostri confini. La sparizione di questi confini \u00e8 un tratto caratteristico della tarda modernit\u00e0\u00bb.<\/p>\n<p style=\"text-align: justify;\"><strong>Ma la morte di Dio \u00e8 un fenomeno pi\u00f9 antico, l&#8217; ateismo c&#8217;\u00e8 da sempre.<\/strong><\/p>\n<p style=\"text-align: justify;\">\u00abNo, non da sempre. La perdita di questo punto di riferimento e l&#8217;abbattimento di ogni confine, come nella procreazione, sono un processo legato alla modernit\u00e0, che passa dalla rivoluzione scientifica e tecnologica, il mito di Frankenstein, la morte di Dio, di cui parla Nietzsche, la morte della Natura e del vivente. Il primitivo vede una pianta e la rispetta, pensa magari se pu\u00f2 servirgli. Senza il senso dell&#8217;Altro e del limite anche l&#8217;altro essere umano si riduce a oggetto. \u00c8 la stessa dinamica del nazismo che costruisce le camere a gas, tu uccidi l&#8217;altro per verificare fino a che punto ti puoi spingere\u00bb.<\/p>\n<p style=\"text-align: justify;\"><strong>In effetti i due amici cercano \u00abqualcuno a cui far male\u00bb come una preda o un bene di consumo. Si capisce che negano l&#8217;umanit\u00e0 della vittima.<\/strong><\/p>\n<p style=\"text-align: justify;\">\u00abQuesto trasformare l&#8217;altro in oggetto \u00e8 un tema centrale della psicologia sadica che si svilupp\u00f2 alla fine del&#8217;700. Si cancella ogni relazione affettiva e si riduce l&#8217;altro a cosa\u00bb.<\/p>\n<p style=\"text-align: justify;\"><strong>C&#8217;\u00e8 un riscontro a questo fenomeno anche nella sua esperienza sul campo?<\/strong><\/p>\n<p style=\"text-align: justify;\">\u00abSta per uscire il mio libro <em>Sazi da morire<\/em>. Questa saziet\u00e0 mortale \u00e8 riconducibile proprio a questo contesto. L&#8217;eliminazione di Dio e la perdita dei propri confini che inducono ad avanzare in territori mortiferi. \u00c8 questo l&#8217;esito di un modello di cultura che non sottopone pi\u00f9 le azioni a una verifica morale. Ci\u00f2 che \u00e8 in nostro potere, si fa. Ci\u00f2 porta alla follia e alla morte\u00bb.<\/p>\n<p style=\"text-align: justify;\"><strong>Eppure questi ragazzi capiscono cos&#8217;\u00e8 bene e cos&#8217;\u00e8 male. Uno dei due ammette di aver provato vergogna, durante il massacro.<\/strong><\/p>\n<p style=\"text-align: justify;\">\u00ab\u00c8 la reazione, tardiva, di chi si rende conto di aver oltrepassato un limite, un confine che non si dovrebbe oltrepassare. Ma pensa di poterlo fare, perch\u00e9 si pu\u00f2 fare tutto. Una sensazione allevata anche dalla retorica dei diritti che ha cancellato la cultura dei doveri, come aveva osservato gi\u00e0 Simone Weil. L&#8217;assenza di Dio, dei confini che la sua esistenza ci suggerisce e dei doveri che ne conseguono ci spinge ad andare oltre, a varcare ogni limite. \u00c8 l&#8217;esito un po&#8217; infantile di uno sviluppo tecnologico non sottoposto al giudizio etico\u00bb.<\/p>\n<p style=\"text-align: justify;\"><strong>Intende che senza Dio non pu\u00f2 esserci etica?<\/strong><\/p>\n<p style=\"text-align: justify;\">\u00abAbbiamo preso questa strada. Ma non \u00e8 l&#8217;unica. Potremmo sviluppare scienza e tecnica senza eliminare l&#8217;\u00a0ethos. L&#8217; etica non \u00e8 retorica dell&#8217;essere tutti pi\u00f9 buoni, o confondere l&#8217;uguaglianza con l&#8217;eliminazione delle differenze, ma la coscienza che, anche senza Dio, siamo tutti sacri. Se non riconosci che la vita \u00e8 sacra, allora ammazzi, torturi\u00bb.<\/p>\n<p style=\"text-align: justify;\"><strong>Come influisce l&#8217;uso della droga?<\/strong><\/p>\n<p style=\"text-align: justify;\">\u00abDa un lato, per come te la procuri, \u00e8 un sintomo della sensazione di non avere confini. Dall&#8217;altra serve ad aumentare questa sensazione\u00bb.<\/p>\n<p style=\"text-align: justify;\"><strong>Manuel Foffo racconta di aver speso 1.500 euro in cocaina in poche ore. Marco Prato conduce una vita dorata.<\/strong><\/p>\n<p>\u00abSono il frutto di una classe agiata che ha cancellato il valore della morale e quindi non sa pi\u00f9 neanche insegnare il valore morale del denaro. Quando ho scritto che sperperare soldi per la cannabis oltre a far male al fisico, fa male moralmente ho suscitato indignazione dall&#8217;establishment\u00bb.<\/p>\n","protected":false},"excerpt":{"rendered":"<p>Il Giornale 9 marzo 2016 \u00a0Lo psicoterapeuta: \u00abMorale e doveri addio, si parla solo di diritti. Cos\u00ec c&#8217;\u00e8 chi pensa di poter fare qualunque cosa. Come fosse Dio\u00bb Giuseppe Marino<\/p><p><a class=\"more-link btn\" href=\"https:\/\/www.rassegnastampa-totustuus.it\/cattolica\/la-nostra-societa-cancella-i-tabu-e-spariscono-i-limiti\/\">Continua a leggere<\/a><\/p>\n","protected":false},"author":6,"featured_media":31526,"comment_status":"closed","ping_status":"closed","sticky":false,"template":"","format":"standard","meta":{"footnotes":""},"categories":[25],"tags":[278],"class_list":["post-31525","post","type-post","status-publish","format-standard","has-post-thumbnail","hentry","category-sguardo-sul-nostro-tempo","tag-droga-2","item-wrap"],"yoast_head":"<!-- This site is optimized with the Yoast SEO plugin v27.5 - https:\/\/yoast.com\/product\/yoast-seo-wordpress\/ -->\n<title>\u00abLa nostra societ\u00e0 cancella i tab\u00f9. E spariscono i limiti\u00bb - Rassegna Stampa Cattolica<\/title>\n<meta name=\"description\" content=\"Rassegna Stampa Cattolica - Per una cultura che nasce dalla Rivelazione cristiana in conformit\u00e0 alla tradizione e al Magistero della Chiesa in opposizione ad ogni relativismo e totalitarismo\" \/>\n<meta name=\"robots\" content=\"index, follow, max-snippet:-1, max-image-preview:large, max-video-preview:-1\" \/>\n<link rel=\"canonical\" href=\"https:\/\/www.rassegnastampa-totustuus.it\/cattolica\/la-nostra-societa-cancella-i-tabu-e-spariscono-i-limiti\/\" \/>\n<meta property=\"og:locale\" content=\"it_IT\" \/>\n<meta property=\"og:type\" content=\"article\" \/>\n<meta property=\"og:title\" content=\"\u00abLa nostra societ\u00e0 cancella i tab\u00f9. E spariscono i limiti\u00bb - Rassegna Stampa Cattolica\" \/>\n<meta property=\"og:description\" content=\"Rassegna Stampa Cattolica - Per una cultura che nasce dalla Rivelazione cristiana in conformit\u00e0 alla tradizione e al Magistero della Chiesa in opposizione ad ogni relativismo e totalitarismo\" \/>\n<meta property=\"og:url\" content=\"https:\/\/www.rassegnastampa-totustuus.it\/cattolica\/la-nostra-societa-cancella-i-tabu-e-spariscono-i-limiti\/\" \/>\n<meta property=\"og:site_name\" content=\"Rassegna Stampa Cattolica\" \/>\n<meta property=\"article:publisher\" content=\"https:\/\/www.facebook.com\/rassegnastampacattolica\" \/>\n<meta property=\"article:published_time\" content=\"2016-03-10T07:56:45+00:00\" \/>\n<meta property=\"og:image\" content=\"https:\/\/www.rassegnastampa-totustuus.it\/cattolica\/wp-content\/uploads\/2016\/03\/omicidio-Varani.jpg\" \/>\n\t<meta property=\"og:image:width\" content=\"268\" \/>\n\t<meta property=\"og:image:height\" content=\"188\" \/>\n\t<meta property=\"og:image:type\" content=\"image\/jpeg\" \/>\n<meta name=\"author\" content=\"Redazione\" \/>\n<meta name=\"twitter:card\" content=\"summary_large_image\" \/>\n<meta name=\"twitter:creator\" content=\"@rassegnastampa9\" \/>\n<meta name=\"twitter:site\" content=\"@rassegnastampa9\" \/>\n<meta name=\"twitter:label1\" content=\"Scritto da\" \/>\n\t<meta name=\"twitter:data1\" content=\"Redazione\" \/>\n\t<meta name=\"twitter:label2\" content=\"Tempo di lettura stimato\" \/>\n\t<meta name=\"twitter:data2\" content=\"3 minuti\" \/>\n<script type=\"application\/ld+json\" class=\"yoast-schema-graph\">{\"@context\":\"https:\\\/\\\/schema.org\",\"@graph\":[{\"@type\":\"Article\",\"@id\":\"https:\\\/\\\/www.rassegnastampa-totustuus.it\\\/cattolica\\\/la-nostra-societa-cancella-i-tabu-e-spariscono-i-limiti\\\/#article\",\"isPartOf\":{\"@id\":\"https:\\\/\\\/www.rassegnastampa-totustuus.it\\\/cattolica\\\/la-nostra-societa-cancella-i-tabu-e-spariscono-i-limiti\\\/\"},\"author\":{\"name\":\"Redazione\",\"@id\":\"https:\\\/\\\/www.rassegnastampa-totustuus.it\\\/cattolica\\\/#\\\/schema\\\/person\\\/08f319d2bd1a0904ad9e2bfb7b15e5c3\"},\"headline\":\"\u00abLa nostra societ\u00e0 cancella i tab\u00f9. E spariscono i limiti\u00bb\",\"datePublished\":\"2016-03-10T07:56:45+00:00\",\"mainEntityOfPage\":{\"@id\":\"https:\\\/\\\/www.rassegnastampa-totustuus.it\\\/cattolica\\\/la-nostra-societa-cancella-i-tabu-e-spariscono-i-limiti\\\/\"},\"wordCount\":713,\"publisher\":{\"@id\":\"https:\\\/\\\/www.rassegnastampa-totustuus.it\\\/cattolica\\\/#organization\"},\"image\":{\"@id\":\"https:\\\/\\\/www.rassegnastampa-totustuus.it\\\/cattolica\\\/la-nostra-societa-cancella-i-tabu-e-spariscono-i-limiti\\\/#primaryimage\"},\"thumbnailUrl\":\"https:\\\/\\\/www.rassegnastampa-totustuus.it\\\/cattolica\\\/wp-content\\\/uploads\\\/2016\\\/03\\\/omicidio-Varani.jpg\",\"keywords\":[\"droga\"],\"articleSection\":[\"Sguardo sul nostro tempo\"],\"inLanguage\":\"it-IT\"},{\"@type\":\"WebPage\",\"@id\":\"https:\\\/\\\/www.rassegnastampa-totustuus.it\\\/cattolica\\\/la-nostra-societa-cancella-i-tabu-e-spariscono-i-limiti\\\/\",\"url\":\"https:\\\/\\\/www.rassegnastampa-totustuus.it\\\/cattolica\\\/la-nostra-societa-cancella-i-tabu-e-spariscono-i-limiti\\\/\",\"name\":\"\u00abLa nostra societ\u00e0 cancella i tab\u00f9. E spariscono i limiti\u00bb - Rassegna Stampa Cattolica\",\"isPartOf\":{\"@id\":\"https:\\\/\\\/www.rassegnastampa-totustuus.it\\\/cattolica\\\/#website\"},\"primaryImageOfPage\":{\"@id\":\"https:\\\/\\\/www.rassegnastampa-totustuus.it\\\/cattolica\\\/la-nostra-societa-cancella-i-tabu-e-spariscono-i-limiti\\\/#primaryimage\"},\"image\":{\"@id\":\"https:\\\/\\\/www.rassegnastampa-totustuus.it\\\/cattolica\\\/la-nostra-societa-cancella-i-tabu-e-spariscono-i-limiti\\\/#primaryimage\"},\"thumbnailUrl\":\"https:\\\/\\\/www.rassegnastampa-totustuus.it\\\/cattolica\\\/wp-content\\\/uploads\\\/2016\\\/03\\\/omicidio-Varani.jpg\",\"datePublished\":\"2016-03-10T07:56:45+00:00\",\"description\":\"Rassegna Stampa Cattolica - Per una cultura che nasce dalla Rivelazione cristiana in conformit\u00e0 alla tradizione e al Magistero della Chiesa in opposizione ad ogni relativismo e totalitarismo\",\"breadcrumb\":{\"@id\":\"https:\\\/\\\/www.rassegnastampa-totustuus.it\\\/cattolica\\\/la-nostra-societa-cancella-i-tabu-e-spariscono-i-limiti\\\/#breadcrumb\"},\"inLanguage\":\"it-IT\",\"potentialAction\":[{\"@type\":\"ReadAction\",\"target\":[\"https:\\\/\\\/www.rassegnastampa-totustuus.it\\\/cattolica\\\/la-nostra-societa-cancella-i-tabu-e-spariscono-i-limiti\\\/\"]}]},{\"@type\":\"ImageObject\",\"inLanguage\":\"it-IT\",\"@id\":\"https:\\\/\\\/www.rassegnastampa-totustuus.it\\\/cattolica\\\/la-nostra-societa-cancella-i-tabu-e-spariscono-i-limiti\\\/#primaryimage\",\"url\":\"https:\\\/\\\/www.rassegnastampa-totustuus.it\\\/cattolica\\\/wp-content\\\/uploads\\\/2016\\\/03\\\/omicidio-Varani.jpg\",\"contentUrl\":\"https:\\\/\\\/www.rassegnastampa-totustuus.it\\\/cattolica\\\/wp-content\\\/uploads\\\/2016\\\/03\\\/omicidio-Varani.jpg\",\"width\":268,\"height\":188},{\"@type\":\"BreadcrumbList\",\"@id\":\"https:\\\/\\\/www.rassegnastampa-totustuus.it\\\/cattolica\\\/la-nostra-societa-cancella-i-tabu-e-spariscono-i-limiti\\\/#breadcrumb\",\"itemListElement\":[{\"@type\":\"ListItem\",\"position\":1,\"name\":\"Home\",\"item\":\"https:\\\/\\\/www.rassegnastampa-totustuus.it\\\/cattolica\\\/\"},{\"@type\":\"ListItem\",\"position\":2,\"name\":\"\u00abLa nostra societ\u00e0 cancella i tab\u00f9. E spariscono i limiti\u00bb\"}]},{\"@type\":\"WebSite\",\"@id\":\"https:\\\/\\\/www.rassegnastampa-totustuus.it\\\/cattolica\\\/#website\",\"url\":\"https:\\\/\\\/www.rassegnastampa-totustuus.it\\\/cattolica\\\/\",\"name\":\"Rassegna Stampa Cattolica\",\"description\":\"Per una cultura che nasce dalla Rivelazione cristiana in conformit\u00e0 alla tradizione e al Magistero della Chiesa in opposizione ad ogni relativismo e totalitarismo\",\"publisher\":{\"@id\":\"https:\\\/\\\/www.rassegnastampa-totustuus.it\\\/cattolica\\\/#organization\"},\"alternateName\":\"Rass. Cattolica\",\"potentialAction\":[{\"@type\":\"SearchAction\",\"target\":{\"@type\":\"EntryPoint\",\"urlTemplate\":\"https:\\\/\\\/www.rassegnastampa-totustuus.it\\\/cattolica\\\/?s={search_term_string}\"},\"query-input\":{\"@type\":\"PropertyValueSpecification\",\"valueRequired\":true,\"valueName\":\"search_term_string\"}}],\"inLanguage\":\"it-IT\"},{\"@type\":\"Organization\",\"@id\":\"https:\\\/\\\/www.rassegnastampa-totustuus.it\\\/cattolica\\\/#organization\",\"name\":\"Rassegna Stampa Cattolica\",\"url\":\"https:\\\/\\\/www.rassegnastampa-totustuus.it\\\/cattolica\\\/\",\"logo\":{\"@type\":\"ImageObject\",\"inLanguage\":\"it-IT\",\"@id\":\"https:\\\/\\\/www.rassegnastampa-totustuus.it\\\/cattolica\\\/#\\\/schema\\\/logo\\\/image\\\/\",\"url\":\"https:\\\/\\\/www.rassegnastampa-totustuus.it\\\/cattolica\\\/wp-content\\\/uploads\\\/2014\\\/04\\\/logo-rassegna1.gif\",\"contentUrl\":\"https:\\\/\\\/www.rassegnastampa-totustuus.it\\\/cattolica\\\/wp-content\\\/uploads\\\/2014\\\/04\\\/logo-rassegna1.gif\",\"width\":600,\"height\":163,\"caption\":\"Rassegna Stampa Cattolica\"},\"image\":{\"@id\":\"https:\\\/\\\/www.rassegnastampa-totustuus.it\\\/cattolica\\\/#\\\/schema\\\/logo\\\/image\\\/\"},\"sameAs\":[\"https:\\\/\\\/www.facebook.com\\\/rassegnastampacattolica\",\"https:\\\/\\\/x.com\\\/rassegnastampa9\"]},{\"@type\":\"Person\",\"@id\":\"https:\\\/\\\/www.rassegnastampa-totustuus.it\\\/cattolica\\\/#\\\/schema\\\/person\\\/08f319d2bd1a0904ad9e2bfb7b15e5c3\",\"name\":\"Redazione\",\"image\":{\"@type\":\"ImageObject\",\"inLanguage\":\"it-IT\",\"@id\":\"https:\\\/\\\/secure.gravatar.com\\\/avatar\\\/2fcdf27c78ea025fbdb44e914cc63c72249ffec9dc8aafd5c82b26240ef3f346?s=96&d=mm&r=g\",\"url\":\"https:\\\/\\\/secure.gravatar.com\\\/avatar\\\/2fcdf27c78ea025fbdb44e914cc63c72249ffec9dc8aafd5c82b26240ef3f346?s=96&d=mm&r=g\",\"contentUrl\":\"https:\\\/\\\/secure.gravatar.com\\\/avatar\\\/2fcdf27c78ea025fbdb44e914cc63c72249ffec9dc8aafd5c82b26240ef3f346?s=96&d=mm&r=g\",\"caption\":\"Redazione\"},\"url\":\"https:\\\/\\\/www.rassegnastampa-totustuus.it\\\/cattolica\\\/author\\\/pietroelle\\\/\"}]}<\/script>\n<!-- \/ Yoast SEO plugin. -->","yoast_head_json":{"title":"\u00abLa nostra societ\u00e0 cancella i tab\u00f9. E spariscono i limiti\u00bb - Rassegna Stampa Cattolica","description":"Rassegna Stampa Cattolica - Per una cultura che nasce dalla Rivelazione cristiana in conformit\u00e0 alla tradizione e al Magistero della Chiesa in opposizione ad ogni relativismo e totalitarismo","robots":{"index":"index","follow":"follow","max-snippet":"max-snippet:-1","max-image-preview":"max-image-preview:large","max-video-preview":"max-video-preview:-1"},"canonical":"https:\/\/www.rassegnastampa-totustuus.it\/cattolica\/la-nostra-societa-cancella-i-tabu-e-spariscono-i-limiti\/","og_locale":"it_IT","og_type":"article","og_title":"\u00abLa nostra societ\u00e0 cancella i tab\u00f9. E spariscono i limiti\u00bb - Rassegna Stampa Cattolica","og_description":"Rassegna Stampa Cattolica - Per una cultura che nasce dalla Rivelazione cristiana in conformit\u00e0 alla tradizione e al Magistero della Chiesa in opposizione ad ogni relativismo e totalitarismo","og_url":"https:\/\/www.rassegnastampa-totustuus.it\/cattolica\/la-nostra-societa-cancella-i-tabu-e-spariscono-i-limiti\/","og_site_name":"Rassegna Stampa Cattolica","article_publisher":"https:\/\/www.facebook.com\/rassegnastampacattolica","article_published_time":"2016-03-10T07:56:45+00:00","og_image":[{"width":268,"height":188,"url":"https:\/\/www.rassegnastampa-totustuus.it\/cattolica\/wp-content\/uploads\/2016\/03\/omicidio-Varani.jpg","type":"image\/jpeg"}],"author":"Redazione","twitter_card":"summary_large_image","twitter_creator":"@rassegnastampa9","twitter_site":"@rassegnastampa9","twitter_misc":{"Scritto da":"Redazione","Tempo di lettura stimato":"3 minuti"},"schema":{"@context":"https:\/\/schema.org","@graph":[{"@type":"Article","@id":"https:\/\/www.rassegnastampa-totustuus.it\/cattolica\/la-nostra-societa-cancella-i-tabu-e-spariscono-i-limiti\/#article","isPartOf":{"@id":"https:\/\/www.rassegnastampa-totustuus.it\/cattolica\/la-nostra-societa-cancella-i-tabu-e-spariscono-i-limiti\/"},"author":{"name":"Redazione","@id":"https:\/\/www.rassegnastampa-totustuus.it\/cattolica\/#\/schema\/person\/08f319d2bd1a0904ad9e2bfb7b15e5c3"},"headline":"\u00abLa nostra societ\u00e0 cancella i tab\u00f9. E spariscono i limiti\u00bb","datePublished":"2016-03-10T07:56:45+00:00","mainEntityOfPage":{"@id":"https:\/\/www.rassegnastampa-totustuus.it\/cattolica\/la-nostra-societa-cancella-i-tabu-e-spariscono-i-limiti\/"},"wordCount":713,"publisher":{"@id":"https:\/\/www.rassegnastampa-totustuus.it\/cattolica\/#organization"},"image":{"@id":"https:\/\/www.rassegnastampa-totustuus.it\/cattolica\/la-nostra-societa-cancella-i-tabu-e-spariscono-i-limiti\/#primaryimage"},"thumbnailUrl":"https:\/\/www.rassegnastampa-totustuus.it\/cattolica\/wp-content\/uploads\/2016\/03\/omicidio-Varani.jpg","keywords":["droga"],"articleSection":["Sguardo sul nostro tempo"],"inLanguage":"it-IT"},{"@type":"WebPage","@id":"https:\/\/www.rassegnastampa-totustuus.it\/cattolica\/la-nostra-societa-cancella-i-tabu-e-spariscono-i-limiti\/","url":"https:\/\/www.rassegnastampa-totustuus.it\/cattolica\/la-nostra-societa-cancella-i-tabu-e-spariscono-i-limiti\/","name":"\u00abLa nostra societ\u00e0 cancella i tab\u00f9. E spariscono i limiti\u00bb - Rassegna Stampa Cattolica","isPartOf":{"@id":"https:\/\/www.rassegnastampa-totustuus.it\/cattolica\/#website"},"primaryImageOfPage":{"@id":"https:\/\/www.rassegnastampa-totustuus.it\/cattolica\/la-nostra-societa-cancella-i-tabu-e-spariscono-i-limiti\/#primaryimage"},"image":{"@id":"https:\/\/www.rassegnastampa-totustuus.it\/cattolica\/la-nostra-societa-cancella-i-tabu-e-spariscono-i-limiti\/#primaryimage"},"thumbnailUrl":"https:\/\/www.rassegnastampa-totustuus.it\/cattolica\/wp-content\/uploads\/2016\/03\/omicidio-Varani.jpg","datePublished":"2016-03-10T07:56:45+00:00","description":"Rassegna Stampa Cattolica - Per una cultura che nasce dalla Rivelazione cristiana in conformit\u00e0 alla tradizione e al Magistero della Chiesa in opposizione ad ogni relativismo e totalitarismo","breadcrumb":{"@id":"https:\/\/www.rassegnastampa-totustuus.it\/cattolica\/la-nostra-societa-cancella-i-tabu-e-spariscono-i-limiti\/#breadcrumb"},"inLanguage":"it-IT","potentialAction":[{"@type":"ReadAction","target":["https:\/\/www.rassegnastampa-totustuus.it\/cattolica\/la-nostra-societa-cancella-i-tabu-e-spariscono-i-limiti\/"]}]},{"@type":"ImageObject","inLanguage":"it-IT","@id":"https:\/\/www.rassegnastampa-totustuus.it\/cattolica\/la-nostra-societa-cancella-i-tabu-e-spariscono-i-limiti\/#primaryimage","url":"https:\/\/www.rassegnastampa-totustuus.it\/cattolica\/wp-content\/uploads\/2016\/03\/omicidio-Varani.jpg","contentUrl":"https:\/\/www.rassegnastampa-totustuus.it\/cattolica\/wp-content\/uploads\/2016\/03\/omicidio-Varani.jpg","width":268,"height":188},{"@type":"BreadcrumbList","@id":"https:\/\/www.rassegnastampa-totustuus.it\/cattolica\/la-nostra-societa-cancella-i-tabu-e-spariscono-i-limiti\/#breadcrumb","itemListElement":[{"@type":"ListItem","position":1,"name":"Home","item":"https:\/\/www.rassegnastampa-totustuus.it\/cattolica\/"},{"@type":"ListItem","position":2,"name":"\u00abLa nostra societ\u00e0 cancella i tab\u00f9. E spariscono i limiti\u00bb"}]},{"@type":"WebSite","@id":"https:\/\/www.rassegnastampa-totustuus.it\/cattolica\/#website","url":"https:\/\/www.rassegnastampa-totustuus.it\/cattolica\/","name":"Rassegna Stampa Cattolica","description":"Per una cultura che nasce dalla Rivelazione cristiana in conformit\u00e0 alla tradizione e al Magistero della Chiesa in opposizione ad ogni relativismo e totalitarismo","publisher":{"@id":"https:\/\/www.rassegnastampa-totustuus.it\/cattolica\/#organization"},"alternateName":"Rass. Cattolica","potentialAction":[{"@type":"SearchAction","target":{"@type":"EntryPoint","urlTemplate":"https:\/\/www.rassegnastampa-totustuus.it\/cattolica\/?s={search_term_string}"},"query-input":{"@type":"PropertyValueSpecification","valueRequired":true,"valueName":"search_term_string"}}],"inLanguage":"it-IT"},{"@type":"Organization","@id":"https:\/\/www.rassegnastampa-totustuus.it\/cattolica\/#organization","name":"Rassegna Stampa Cattolica","url":"https:\/\/www.rassegnastampa-totustuus.it\/cattolica\/","logo":{"@type":"ImageObject","inLanguage":"it-IT","@id":"https:\/\/www.rassegnastampa-totustuus.it\/cattolica\/#\/schema\/logo\/image\/","url":"https:\/\/www.rassegnastampa-totustuus.it\/cattolica\/wp-content\/uploads\/2014\/04\/logo-rassegna1.gif","contentUrl":"https:\/\/www.rassegnastampa-totustuus.it\/cattolica\/wp-content\/uploads\/2014\/04\/logo-rassegna1.gif","width":600,"height":163,"caption":"Rassegna Stampa Cattolica"},"image":{"@id":"https:\/\/www.rassegnastampa-totustuus.it\/cattolica\/#\/schema\/logo\/image\/"},"sameAs":["https:\/\/www.facebook.com\/rassegnastampacattolica","https:\/\/x.com\/rassegnastampa9"]},{"@type":"Person","@id":"https:\/\/www.rassegnastampa-totustuus.it\/cattolica\/#\/schema\/person\/08f319d2bd1a0904ad9e2bfb7b15e5c3","name":"Redazione","image":{"@type":"ImageObject","inLanguage":"it-IT","@id":"https:\/\/secure.gravatar.com\/avatar\/2fcdf27c78ea025fbdb44e914cc63c72249ffec9dc8aafd5c82b26240ef3f346?s=96&d=mm&r=g","url":"https:\/\/secure.gravatar.com\/avatar\/2fcdf27c78ea025fbdb44e914cc63c72249ffec9dc8aafd5c82b26240ef3f346?s=96&d=mm&r=g","contentUrl":"https:\/\/secure.gravatar.com\/avatar\/2fcdf27c78ea025fbdb44e914cc63c72249ffec9dc8aafd5c82b26240ef3f346?s=96&d=mm&r=g","caption":"Redazione"},"url":"https:\/\/www.rassegnastampa-totustuus.it\/cattolica\/author\/pietroelle\/"}]}},"_links":{"self":[{"href":"https:\/\/www.rassegnastampa-totustuus.it\/cattolica\/wp-json\/wp\/v2\/posts\/31525","targetHints":{"allow":["GET"]}}],"collection":[{"href":"https:\/\/www.rassegnastampa-totustuus.it\/cattolica\/wp-json\/wp\/v2\/posts"}],"about":[{"href":"https:\/\/www.rassegnastampa-totustuus.it\/cattolica\/wp-json\/wp\/v2\/types\/post"}],"author":[{"embeddable":true,"href":"https:\/\/www.rassegnastampa-totustuus.it\/cattolica\/wp-json\/wp\/v2\/users\/6"}],"replies":[{"embeddable":true,"href":"https:\/\/www.rassegnastampa-totustuus.it\/cattolica\/wp-json\/wp\/v2\/comments?post=31525"}],"version-history":[{"count":1,"href":"https:\/\/www.rassegnastampa-totustuus.it\/cattolica\/wp-json\/wp\/v2\/posts\/31525\/revisions"}],"predecessor-version":[{"id":31527,"href":"https:\/\/www.rassegnastampa-totustuus.it\/cattolica\/wp-json\/wp\/v2\/posts\/31525\/revisions\/31527"}],"wp:featuredmedia":[{"embeddable":true,"href":"https:\/\/www.rassegnastampa-totustuus.it\/cattolica\/wp-json\/wp\/v2\/media\/31526"}],"wp:attachment":[{"href":"https:\/\/www.rassegnastampa-totustuus.it\/cattolica\/wp-json\/wp\/v2\/media?parent=31525"}],"wp:term":[{"taxonomy":"category","embeddable":true,"href":"https:\/\/www.rassegnastampa-totustuus.it\/cattolica\/wp-json\/wp\/v2\/categories?post=31525"},{"taxonomy":"post_tag","embeddable":true,"href":"https:\/\/www.rassegnastampa-totustuus.it\/cattolica\/wp-json\/wp\/v2\/tags?post=31525"}],"curies":[{"name":"wp","href":"https:\/\/api.w.org\/{rel}","templated":true}]}}